{"id":28219,"date":"2019-06-14T16:18:01","date_gmt":"2019-06-14T19:18:01","guid":{"rendered":"https:\/\/www.suno.com.br\/noticias\/?p=28219"},"modified":"2021-02-17T22:30:13","modified_gmt":"2021-02-18T01:30:13","slug":"michael-klein-via-varejo-leilao","status":"publish","type":"post","link":"https:\/\/www.suno.com.br\/noticias\/michael-klein-via-varejo-leilao\/","title":{"rendered":"Michael Klein passa a controlar Via Varejo ap\u00f3s leil\u00e3o do GPA"},"content":{"rendered":"<p>O empres\u00e1rio <a href=\"https:\/\/www.suno.com.br\/tudo-sobre\/michael-klein\/\">Michael Klein<\/a> comprou cerca de R$ 100 milh\u00f5es em <strong>a\u00e7\u00f5es<\/strong> da <strong>Via Varejo<\/strong> (VVAR3) no <strong>leil\u00e3o<\/strong> que ocorreu durante a manh\u00e3. A Via Varejo \u00e9 a controladora das marcas <strong>Casas Bahia<\/strong> e <strong>Pontofrio<\/strong>. As informa\u00e7\u00f5es s\u00e3o do &#8220;Valor Econ\u00f4mico&#8221;.<\/p>\t<div class=\"wrapper-featured-image\">\n\t\t<figure class=\"spotlightImg\">\n\n\t\t\t<picture>\n\t\t\t\t<source media=\"(max-width: 768px)\" srcset=\"https:\/\/files.sunoresearch.com.br\/n\/uploads\/2019\/05\/cb4d8bbb-via-varejo-400x200.webp\">\n\t\t\t\t<img loading=\"lazy\" decoding=\"async\" class=\"newsContent__article__imgCapa lazyloadDisabled newsContent__article__imgCapa--noCaption\" src=\"https:\/\/files.sunoresearch.com.br\/n\/uploads\/2019\/05\/cb4d8bbb-via-varejo-800x450.webp\" width=\"800\" height=\"450\" alt=\"Michael Klein passa a controlar Via Varejo ap\u00f3s leil\u00e3o do GPA\" fetchpriority=high \/>\n\t\t\t<\/picture>\n\n\t\t\t<figcaption class=\"wp-caption-text wp-caption-text--hide\">Via Varejo enfrenta volatilidade e desconfian\u00e7a ap\u00f3s fraudes<\/figcaption>\n\t\t<\/figure>\n\t<\/div>\n\n\n<p>E, por sua vez, a Via Varejo era controlada pelo <strong>Grupo P\u00e3o de A\u00e7\u00facar<\/strong> (GPA). O GPA vendeu sua participa\u00e7\u00e3o de 36,2% no leil\u00e3o na <strong><a href=\"https:\/\/www.suno.com.br\/artigos\/b3\/\">Bolsa de Valores de S\u00e3o Paulo<\/a><\/strong> (B3) nesta sexta-feira (14).<\/p>\n<p>As a\u00e7\u00f5es foram vendidas pelo valor de R$ 4,90 cada, e a movimenta\u00e7\u00e3o foi de R$ 2,3 bilh\u00f5es. De acordo com a <strong>B3<\/strong>, foram negociados 470.026.600 papeis.<\/p>\n\t<p>\n\t\t<a href=\"https:\/\/lp2.suno.com.br\/onde-investir-2026?utm_campaign=_SNC094D2575_rs.ein26&#038;utm_source=suno.com.br&#038;utm_medium=banner.noticias\" target=\"_blank\" data-element=\"shortcode-suno-banner\" title=\"Banner SUNO, clique e saiba mais\">\n\t\t\t<picture>\n\t\t\t\t<source media=\"(max-width: 500px)\" srcset=\"https:\/\/files.sunoresearch.com.br\/n\/uploads\/2026\/01\/Banner-Materias-01-Mbl_-400x300-1-png.webp\">\n\t\t\t\t<img class=\"newsContent__article__imgCapa newsContent__article__imgCapa--banner\"\n\t\t\t\t\tsrc=\"https:\/\/files.sunoresearch.com.br\/n\/uploads\/2026\/01\/Banner-Materias-01-Dkp_-1420x240-1-png.webp\"\n\t\t\t\t\tdata-promo-id=\"638391\"\t\t\t\t\t\t\t\t\t\twidth='1420' height='240'\t\t\t\t\talt=\"https:\/\/files.sunoresearch.com.br\/n\/uploads\/2026\/01\/Banner-Materias-01-Dkp_-1420x240-1-png.webp\"\n\t\t\t\t>\n\t\t\t<\/picture>\n\t\t<\/a>\n\t<\/p>\n\n\n<p>Conforme o &#8220;Valor Econ\u00f4mico&#8221;, esperava-se que <strong>Michael Klein<\/strong> colocasse ofertas na faixa de R$ 250 milh\u00f5es a R$ 500 milh\u00f5es. Contudo, como haviam <strong>muitos investidores<\/strong> interessados, e n\u00e3o foi preciso chegar nessa faixa.<\/p>\n<p>Dois dias atr\u00e1s, foi aprovada pelo <strong>Conselho de Administra\u00e7\u00e3o<\/strong> a venda das a\u00e7\u00f5es a um pre\u00e7o m\u00ednimo de R$ 4,75. A Via Varejo teria decidido pelo valor depois de receber carta do empres\u00e1rio.<\/p>\n<p>No documento, era informado que o pre\u00e7o m\u00e1ximo de oferta seria de R$ 4,75 por a\u00e7\u00e3o. Michael \u00e9 filho de <strong>Samuel Klein<\/strong>, o fundador da Casas Bahia.<\/p>\n<p>O novo controlador da <strong>Casas Bahia<\/strong> ainda n\u00e3o chegou a fatia de 30% na varejista. Antes do leil\u00e3o, detinha 25,4% de participa\u00e7\u00e3o na Via Varejo. Esta seria a meta de <strong>Michael Klein<\/strong>, que deve comprar gradualmente mais papeis da dona do Pontofrio.<\/p>\n<p>Al\u00e9m de Klein, os novos detentores das a\u00e7\u00f5es da Via Varejo devem ser divulgados pela <a href=\"https:\/\/www.suno.com.br\/artigos\/cvm\/\">Comiss\u00e3o de Valores Mobili\u00e1rios<\/a> (<strong>CVM<\/strong>), ap\u00f3s encerrado o preg\u00e3o desta sexta-feira.<\/p>\n<h2>Via Varejo retira &#8220;p\u00edlula do veneno&#8221; do estatuto<\/h2>\n<p>A <strong>Assembleia Geral Extraordin\u00e1ria<\/strong> (AGE) dos acionistas da Via Varejo aprovou no dia 3 de junho a retirada da <strong>cl\u00e1usula\u00a0<\/strong>do estatuto social, conhecida como &#8220;<strong><a href=\"https:\/\/www.suno.com.br\/artigos\/poison-pills\/\">poison pill<\/a><\/strong>&#8221; (&#8220;p\u00edlula do veneno&#8221;).<\/p>\n<p>De acordo com o economista da Suno Research, Tiago Reis, as <strong>&#8220;poison pills&#8221;<\/strong><b>\u00a0<\/b>s\u00e3o &#8220;t\u00e1ticas criadas pelas empresas para desencorajar ou at\u00e9 mesmo impedir aquisi\u00e7\u00f5es hostis de companhias no <a href=\"https:\/\/www.suno.com.br\/artigos\/mercado-de-capitais-conceito\/\">mercado de capitais<\/a>&#8220;.<\/p>\n<p>Desta forma, a empresa de com\u00e9rcio <strong>varejista <\/strong>removeu de seu estatuto a regra de que: se um acionista atingir a quantidade igual ou superior a 20% dos papeis, tal acionista ter\u00e1 que realizar uma <a href=\"https:\/\/www.suno.com.br\/artigos\/oferta-publica-aquisicao\/\">Oferta P\u00fablica de Aquisi\u00e7\u00e3o<\/a> (OPA).<\/p>\n<p><a href=\"https:\/\/www.suno.com.br\/noticias\/michael-klein-via-varejo-aquisicao\/\">Saiba mais &#8211; Via Varejo: Klein deseja controle sem OPA e a\u00e7\u00f5es caem, entenda o caso<\/a><\/p>\n<p>&#8220;Com\u00a0a dilui\u00e7\u00e3o do capital das empresas em v\u00e1rios <strong>acionistas minorit\u00e1rios<\/strong>\u00a0\u00e9 muito comum que ocorra uma disputa pelo poder de voto atrav\u00e9s de aquisi\u00e7\u00f5es de a\u00e7\u00f5es dispersas no mercado. Esse tipo de comportamento \u00e9 denominado no mercado como<strong> hostile takeovers<\/strong>&#8220;, explica Reis.<\/p>\n<p>A remo\u00e7\u00e3o da cl\u00e1usula no estatuto social foi essencial para o <strong>leil\u00e3o<\/strong> que ocorreu. Pois facilitou a venda da fatia do <strong>GPA<\/strong> na <strong>Via Varejo<\/strong>. E os investidores interessados n\u00e3o correram o risco de ter de realizar uma <strong>OPA<\/strong>.<\/p>\n","protected":false},"excerpt":{"rendered":"<p>O empres\u00e1rio Michael Klein comprou cerca de R$ 100 milh\u00f5es em a\u00e7\u00f5es da Via Varejo (VVAR3) no leil\u00e3o que ocorreu durante a manh\u00e3. A Via Varejo \u00e9 a controladora das marcas Casas Bahia e Pontofrio. As informa\u00e7\u00f5es s\u00e3o do &#8220;Valor Econ\u00f4mico&#8221;. Via Varejo enfrenta volatilidade e desconfian\u00e7a ap\u00f3s fraudes E, por sua vez, a Via [&hellip;]<\/p>\n","protected":false},"author":12,"featured_media":24614,"comment_status":"closed","ping_status":"closed","sticky":false,"template":"","format":"standard","meta":[],"categories":[64],"tags":[367,1964,106935],"suno_strategy":[],"class_list":["post-28219","post","type-post","status-publish","format-standard","has-post-thumbnail","hentry","category-negocios","tag-b3-b3sa3","tag-grupo-pao-de-acucar-pcar3-pcar4","tag-via-viia3"],"yoast_head":"<!-- This site is optimized with the Yoast SEO plugin v24.4 - https:\/\/yoast.com\/wordpress\/plugins\/seo\/ -->\n<title>Michael Klein passa a controlar Via Varejo ap\u00f3s leil\u00e3o do GPA<\/title>\n<meta name=\"description\" content=\"Mchael Klein \u00e9 o novo controlador da Via Varejo (VVAR3), ap\u00f3s leil\u00e3o do Grupo P\u00e3o de A\u00e7\u00facar (GPA) na Bolsa (B3). Clique para saber mais.\" \/>\n<meta name=\"robots\" content=\"index, follow, max-snippet:-1, max-image-preview:large, max-video-preview:-1\" \/>\n<link rel=\"canonical\" href=\"https:\/\/www.suno.com.br\/noticias\/michael-klein-via-varejo-leilao\/\" \/>\n<meta property=\"og:locale\" content=\"pt_BR\" \/>\n<meta property=\"og:type\" content=\"article\" \/>\n<meta property=\"og:title\" content=\"Michael Klein passa a controlar Via Varejo ap\u00f3s leil\u00e3o do GPA\" \/>\n<meta property=\"og:description\" content=\"Mchael Klein \u00e9 o novo controlador da Via Varejo (VVAR3), ap\u00f3s leil\u00e3o do Grupo P\u00e3o de A\u00e7\u00facar (GPA) na Bolsa (B3). Clique para saber mais.\" \/>\n<meta property=\"og:url\" content=\"https:\/\/www.suno.com.br\/noticias\/michael-klein-via-varejo-leilao\/\" \/>\n<meta property=\"og:site_name\" content=\"Suno Not\u00edcias\" \/>\n<meta property=\"article:publisher\" content=\"https:\/\/facebook.com\/sunoresearch\" \/>\n<meta property=\"og:image\" content=\"https:\/\/files.sunoresearch.com.br\/n\/uploads\/2019\/05\/cb4d8bbb-via-varejo.jpg\" \/>\n\t<meta property=\"og:image:width\" content=\"1600\" \/>\n\t<meta property=\"og:image:height\" content=\"1200\" \/>\n\t<meta property=\"og:image:type\" content=\"image\/jpeg\" \/>\n<meta name=\"author\" content=\"Amanda Gushiken\" \/>\n<meta name=\"twitter:card\" content=\"summary_large_image\" \/>\n<meta name=\"twitter:creator\" content=\"@sunoresearch\" \/>\n<meta name=\"twitter:site\" content=\"@sunoresearch\" \/>\n<meta name=\"twitter:label1\" content=\"Escrito por\" \/>\n\t<meta name=\"twitter:data1\" content=\"Amanda Gushiken\" \/>\n\t<meta name=\"twitter:label2\" content=\"Est. tempo de leitura\" \/>\n\t<meta name=\"twitter:data2\" content=\"3 minutos\" \/>\n<script type=\"application\/ld+json\" class=\"yoast-schema-graph\">{\"@context\":\"https:\/\/schema.org\",\"@graph\":[{\"@type\":\"NewsArticle\",\"@id\":\"https:\/\/www.suno.com.br\/noticias\/michael-klein-via-varejo-leilao\/#article\",\"isPartOf\":{\"@id\":\"https:\/\/www.suno.com.br\/noticias\/michael-klein-via-varejo-leilao\/\"},\"author\":{\"name\":\"Amanda Gushiken\",\"@id\":\"https:\/\/www.suno.com.br\/noticias\/#\/schema\/person\/a5b06fa4e879d8e8e119c6ed3cd630d1\"},\"headline\":\"Michael Klein passa a controlar Via Varejo ap\u00f3s leil\u00e3o do GPA\",\"datePublished\":\"2019-06-14T19:18:01+00:00\",\"dateModified\":\"2021-02-18T01:30:13+00:00\",\"mainEntityOfPage\":{\"@id\":\"https:\/\/www.suno.com.br\/noticias\/michael-klein-via-varejo-leilao\/\"},\"wordCount\":527,\"publisher\":{\"@id\":\"https:\/\/www.suno.com.br\/noticias\/#organization\"},\"image\":{\"@id\":\"https:\/\/www.suno.com.br\/noticias\/michael-klein-via-varejo-leilao\/#primaryimage\"},\"thumbnailUrl\":\"https:\/\/files.sunoresearch.com.br\/n\/uploads\/2019\/05\/cb4d8bbb-via-varejo-jpg.webp\",\"keywords\":[\"B3 (B3SA3)\",\"Grupo P\u00e3o de A\u00e7\u00facar (PCAR3\/PCAR4)\",\"Via (VIIA3)\"],\"articleSection\":[\"Neg\u00f3cios\"],\"inLanguage\":\"pt-BR\"},{\"@type\":\"WebPage\",\"@id\":\"https:\/\/www.suno.com.br\/noticias\/michael-klein-via-varejo-leilao\/\",\"url\":\"https:\/\/www.suno.com.br\/noticias\/michael-klein-via-varejo-leilao\/\",\"name\":\"Michael Klein passa a controlar Via Varejo ap\u00f3s leil\u00e3o do GPA\",\"isPartOf\":{\"@id\":\"https:\/\/www.suno.com.br\/noticias\/#website\"},\"primaryImageOfPage\":{\"@id\":\"https:\/\/www.suno.com.br\/noticias\/michael-klein-via-varejo-leilao\/#primaryimage\"},\"image\":{\"@id\":\"https:\/\/www.suno.com.br\/noticias\/michael-klein-via-varejo-leilao\/#primaryimage\"},\"thumbnailUrl\":\"https:\/\/files.sunoresearch.com.br\/n\/uploads\/2019\/05\/cb4d8bbb-via-varejo-jpg.webp\",\"datePublished\":\"2019-06-14T19:18:01+00:00\",\"dateModified\":\"2021-02-18T01:30:13+00:00\",\"description\":\"Mchael Klein \u00e9 o novo controlador da Via Varejo (VVAR3), ap\u00f3s leil\u00e3o do Grupo P\u00e3o de A\u00e7\u00facar (GPA) na Bolsa (B3). Clique para saber mais.\",\"breadcrumb\":{\"@id\":\"https:\/\/www.suno.com.br\/noticias\/michael-klein-via-varejo-leilao\/#breadcrumb\"},\"inLanguage\":\"pt-BR\",\"potentialAction\":[{\"@type\":\"ReadAction\",\"target\":[\"https:\/\/www.suno.com.br\/noticias\/michael-klein-via-varejo-leilao\/\"]}]},{\"@type\":\"ImageObject\",\"inLanguage\":\"pt-BR\",\"@id\":\"https:\/\/www.suno.com.br\/noticias\/michael-klein-via-varejo-leilao\/#primaryimage\",\"url\":\"https:\/\/files.sunoresearch.com.br\/n\/uploads\/2019\/05\/cb4d8bbb-via-varejo-jpg.webp\",\"contentUrl\":\"https:\/\/files.sunoresearch.com.br\/n\/uploads\/2019\/05\/cb4d8bbb-via-varejo-jpg.webp\",\"width\":1600,\"height\":1200,\"caption\":\"Via Varejo enfrenta volatilidade e desconfian\u00e7a ap\u00f3s fraudes\"},{\"@type\":\"BreadcrumbList\",\"@id\":\"https:\/\/www.suno.com.br\/noticias\/michael-klein-via-varejo-leilao\/#breadcrumb\",\"itemListElement\":[{\"@type\":\"ListItem\",\"position\":1,\"name\":\"Not\u00edcias\",\"item\":\"https:\/\/www.suno.com.br\/noticias\/\"},{\"@type\":\"ListItem\",\"position\":2,\"name\":\"Neg\u00f3cios\",\"item\":\"https:\/\/www.suno.com.br\/noticias\/negocios\/\"},{\"@type\":\"ListItem\",\"position\":3,\"name\":\"Michael Klein passa a controlar Via Varejo ap\u00f3s leil\u00e3o do GPA\"}]},{\"@type\":\"WebSite\",\"@id\":\"https:\/\/www.suno.com.br\/noticias\/#website\",\"url\":\"https:\/\/www.suno.com.br\/noticias\/\",\"name\":\"Suno Not\u00edcias\",\"description\":\"Seu portal de informa\u00e7\u00e3o sobre o mundo dos investimentos\",\"publisher\":{\"@id\":\"https:\/\/www.suno.com.br\/noticias\/#organization\"},\"potentialAction\":[{\"@type\":\"SearchAction\",\"target\":{\"@type\":\"EntryPoint\",\"urlTemplate\":\"https:\/\/www.suno.com.br\/noticias\/?s={search_term_string}\"},\"query-input\":{\"@type\":\"PropertyValueSpecification\",\"valueRequired\":true,\"valueName\":\"search_term_string\"}}],\"inLanguage\":\"pt-BR\"},{\"@type\":\"Organization\",\"@id\":\"https:\/\/www.suno.com.br\/noticias\/#organization\",\"name\":\"Suno Not\u00edcias\",\"url\":\"https:\/\/www.suno.com.br\/noticias\/\",\"logo\":{\"@type\":\"ImageObject\",\"inLanguage\":\"pt-BR\",\"@id\":\"https:\/\/www.suno.com.br\/noticias\/#\/schema\/logo\/image\/\",\"url\":\"https:\/\/files.sunoresearch.com.br\/n\/uploads\/2021\/09\/suno-logo.png\",\"contentUrl\":\"https:\/\/files.sunoresearch.com.br\/n\/uploads\/2021\/09\/suno-logo.png\",\"width\":180,\"height\":180,\"caption\":\"Suno Not\u00edcias\"},\"image\":{\"@id\":\"https:\/\/www.suno.com.br\/noticias\/#\/schema\/logo\/image\/\"},\"sameAs\":[\"https:\/\/facebook.com\/sunoresearch\",\"https:\/\/x.com\/sunoresearch\",\"https:\/\/www.instagram.com\/suno\",\"https:\/\/www.linkedin.com\/company\/suno-research\/\",\"https:\/\/www.youtube.com\/c\/sunoresearch\"]},{\"@type\":\"Person\",\"@id\":\"https:\/\/www.suno.com.br\/noticias\/#\/schema\/person\/a5b06fa4e879d8e8e119c6ed3cd630d1\",\"name\":\"Amanda Gushiken\",\"image\":{\"@type\":\"ImageObject\",\"inLanguage\":\"pt-BR\",\"@id\":\"https:\/\/www.suno.com.br\/noticias\/#\/schema\/person\/image\/\",\"url\":\"https:\/\/secure.gravatar.com\/avatar\/ecd84705e6b65e3685ae80d725501fbe?s=96&r=g\",\"contentUrl\":\"https:\/\/secure.gravatar.com\/avatar\/ecd84705e6b65e3685ae80d725501fbe?s=96&r=g\",\"caption\":\"Amanda Gushiken\"},\"description\":\"Amanda Sayuri Gushiken escreve sobre finan\u00e7as e neg\u00f3cios para o portal Suno Not\u00edcias. Antes, trabalhou selecionando not\u00edcias da imprensa para clientes do mercado financeiro. Tamb\u00e9m desenvolveu pesquisa acad\u00eamica pela Universidade Anhembi Morumbi na \u00e1rea de Teorias da Comunica\u00e7\u00e3o e \u00e9 fot\u00f3grafa nas horas vagas.\",\"url\":\"https:\/\/www.suno.com.br\/noticias\/author\/amanda\/\"}]}<\/script>\n<!-- \/ Yoast SEO plugin. -->","yoast_head_json":{"title":"Michael Klein passa a controlar Via Varejo ap\u00f3s leil\u00e3o do GPA","description":"Mchael Klein \u00e9 o novo controlador da Via Varejo (VVAR3), ap\u00f3s leil\u00e3o do Grupo P\u00e3o de A\u00e7\u00facar (GPA) na Bolsa (B3). Clique para saber mais.","robots":{"index":"index","follow":"follow","max-snippet":"max-snippet:-1","max-image-preview":"max-image-preview:large","max-video-preview":"max-video-preview:-1"},"canonical":"https:\/\/www.suno.com.br\/noticias\/michael-klein-via-varejo-leilao\/","og_locale":"pt_BR","og_type":"article","og_title":"Michael Klein passa a controlar Via Varejo ap\u00f3s leil\u00e3o do GPA","og_description":"Mchael Klein \u00e9 o novo controlador da Via Varejo (VVAR3), ap\u00f3s leil\u00e3o do Grupo P\u00e3o de A\u00e7\u00facar (GPA) na Bolsa (B3). Clique para saber mais.","og_url":"https:\/\/www.suno.com.br\/noticias\/michael-klein-via-varejo-leilao\/","og_site_name":"Suno Not\u00edcias","article_publisher":"https:\/\/facebook.com\/sunoresearch","og_image":[{"width":1600,"height":1200,"url":"https:\/\/files.sunoresearch.com.br\/n\/uploads\/2019\/05\/cb4d8bbb-via-varejo.jpg","type":"image\/jpeg"}],"author":"Amanda Gushiken","twitter_card":"summary_large_image","twitter_creator":"@sunoresearch","twitter_site":"@sunoresearch","twitter_misc":{"Escrito por":"Amanda Gushiken","Est. tempo de leitura":"3 minutos"},"schema":{"@context":"https:\/\/schema.org","@graph":[{"@type":"NewsArticle","@id":"https:\/\/www.suno.com.br\/noticias\/michael-klein-via-varejo-leilao\/#article","isPartOf":{"@id":"https:\/\/www.suno.com.br\/noticias\/michael-klein-via-varejo-leilao\/"},"author":{"name":"Amanda Gushiken","@id":"https:\/\/www.suno.com.br\/noticias\/#\/schema\/person\/a5b06fa4e879d8e8e119c6ed3cd630d1"},"headline":"Michael Klein passa a controlar Via Varejo ap\u00f3s leil\u00e3o do GPA","datePublished":"2019-06-14T19:18:01+00:00","dateModified":"2021-02-18T01:30:13+00:00","mainEntityOfPage":{"@id":"https:\/\/www.suno.com.br\/noticias\/michael-klein-via-varejo-leilao\/"},"wordCount":527,"publisher":{"@id":"https:\/\/www.suno.com.br\/noticias\/#organization"},"image":{"@id":"https:\/\/www.suno.com.br\/noticias\/michael-klein-via-varejo-leilao\/#primaryimage"},"thumbnailUrl":"https:\/\/files.sunoresearch.com.br\/n\/uploads\/2019\/05\/cb4d8bbb-via-varejo-jpg.webp","keywords":["B3 (B3SA3)","Grupo P\u00e3o de A\u00e7\u00facar (PCAR3\/PCAR4)","Via (VIIA3)"],"articleSection":["Neg\u00f3cios"],"inLanguage":"pt-BR"},{"@type":"WebPage","@id":"https:\/\/www.suno.com.br\/noticias\/michael-klein-via-varejo-leilao\/","url":"https:\/\/www.suno.com.br\/noticias\/michael-klein-via-varejo-leilao\/","name":"Michael Klein passa a controlar Via Varejo ap\u00f3s leil\u00e3o do GPA","isPartOf":{"@id":"https:\/\/www.suno.com.br\/noticias\/#website"},"primaryImageOfPage":{"@id":"https:\/\/www.suno.com.br\/noticias\/michael-klein-via-varejo-leilao\/#primaryimage"},"image":{"@id":"https:\/\/www.suno.com.br\/noticias\/michael-klein-via-varejo-leilao\/#primaryimage"},"thumbnailUrl":"https:\/\/files.sunoresearch.com.br\/n\/uploads\/2019\/05\/cb4d8bbb-via-varejo-jpg.webp","datePublished":"2019-06-14T19:18:01+00:00","dateModified":"2021-02-18T01:30:13+00:00","description":"Mchael Klein \u00e9 o novo controlador da Via Varejo (VVAR3), ap\u00f3s leil\u00e3o do Grupo P\u00e3o de A\u00e7\u00facar (GPA) na Bolsa (B3). Clique para saber mais.","breadcrumb":{"@id":"https:\/\/www.suno.com.br\/noticias\/michael-klein-via-varejo-leilao\/#breadcrumb"},"inLanguage":"pt-BR","potentialAction":[{"@type":"ReadAction","target":["https:\/\/www.suno.com.br\/noticias\/michael-klein-via-varejo-leilao\/"]}]},{"@type":"ImageObject","inLanguage":"pt-BR","@id":"https:\/\/www.suno.com.br\/noticias\/michael-klein-via-varejo-leilao\/#primaryimage","url":"https:\/\/files.sunoresearch.com.br\/n\/uploads\/2019\/05\/cb4d8bbb-via-varejo-jpg.webp","contentUrl":"https:\/\/files.sunoresearch.com.br\/n\/uploads\/2019\/05\/cb4d8bbb-via-varejo-jpg.webp","width":1600,"height":1200,"caption":"Via Varejo enfrenta volatilidade e desconfian\u00e7a ap\u00f3s fraudes"},{"@type":"BreadcrumbList","@id":"https:\/\/www.suno.com.br\/noticias\/michael-klein-via-varejo-leilao\/#breadcrumb","itemListElement":[{"@type":"ListItem","position":1,"name":"Not\u00edcias","item":"https:\/\/www.suno.com.br\/noticias\/"},{"@type":"ListItem","position":2,"name":"Neg\u00f3cios","item":"https:\/\/www.suno.com.br\/noticias\/negocios\/"},{"@type":"ListItem","position":3,"name":"Michael Klein passa a controlar Via Varejo ap\u00f3s leil\u00e3o do GPA"}]},{"@type":"WebSite","@id":"https:\/\/www.suno.com.br\/noticias\/#website","url":"https:\/\/www.suno.com.br\/noticias\/","name":"Suno Not\u00edcias","description":"Seu portal de informa\u00e7\u00e3o sobre o mundo dos investimentos","publisher":{"@id":"https:\/\/www.suno.com.br\/noticias\/#organization"},"potentialAction":[{"@type":"SearchAction","target":{"@type":"EntryPoint","urlTemplate":"https:\/\/www.suno.com.br\/noticias\/?s={search_term_string}"},"query-input":{"@type":"PropertyValueSpecification","valueRequired":true,"valueName":"search_term_string"}}],"inLanguage":"pt-BR"},{"@type":"Organization","@id":"https:\/\/www.suno.com.br\/noticias\/#organization","name":"Suno Not\u00edcias","url":"https:\/\/www.suno.com.br\/noticias\/","logo":{"@type":"ImageObject","inLanguage":"pt-BR","@id":"https:\/\/www.suno.com.br\/noticias\/#\/schema\/logo\/image\/","url":"https:\/\/files.sunoresearch.com.br\/n\/uploads\/2021\/09\/suno-logo.png","contentUrl":"https:\/\/files.sunoresearch.com.br\/n\/uploads\/2021\/09\/suno-logo.png","width":180,"height":180,"caption":"Suno Not\u00edcias"},"image":{"@id":"https:\/\/www.suno.com.br\/noticias\/#\/schema\/logo\/image\/"},"sameAs":["https:\/\/facebook.com\/sunoresearch","https:\/\/x.com\/sunoresearch","https:\/\/www.instagram.com\/suno","https:\/\/www.linkedin.com\/company\/suno-research\/","https:\/\/www.youtube.com\/c\/sunoresearch"]},{"@type":"Person","@id":"https:\/\/www.suno.com.br\/noticias\/#\/schema\/person\/a5b06fa4e879d8e8e119c6ed3cd630d1","name":"Amanda Gushiken","image":{"@type":"ImageObject","inLanguage":"pt-BR","@id":"https:\/\/www.suno.com.br\/noticias\/#\/schema\/person\/image\/","url":"https:\/\/secure.gravatar.com\/avatar\/ecd84705e6b65e3685ae80d725501fbe?s=96&r=g","contentUrl":"https:\/\/secure.gravatar.com\/avatar\/ecd84705e6b65e3685ae80d725501fbe?s=96&r=g","caption":"Amanda Gushiken"},"description":"Amanda Sayuri Gushiken escreve sobre finan\u00e7as e neg\u00f3cios para o portal Suno Not\u00edcias. Antes, trabalhou selecionando not\u00edcias da imprensa para clientes do mercado financeiro. Tamb\u00e9m desenvolveu pesquisa acad\u00eamica pela Universidade Anhembi Morumbi na \u00e1rea de Teorias da Comunica\u00e7\u00e3o e \u00e9 fot\u00f3grafa nas horas vagas.","url":"https:\/\/www.suno.com.br\/noticias\/author\/amanda\/"}]}},"default_loop_html":"<div class=\"cardsPage__listCard__boxs\"><div class=\"cardsPage__listCard__boxs__img\"><a href=\"https:\/\/www.suno.com.br\/noticias\/michael-klein-via-varejo-leilao\/\"><img class=\"mask\" src=\"https:\/\/www.suno.com.br\/noticias\/wp-content\/themes\/suno\/resources\/images\/spotlight\/spotlight1img\/bg-mask.png\" alt=\"Image Mask\"\/><img src=\"https:\/\/files.sunoresearch.com.br\/n\/uploads\/2019\/05\/cb4d8bbb-via-varejo-400x200.webp\" alt=\"Michael Klein passa a controlar Via Varejo ap\u00f3s leil\u00e3o do GPA\"\/><\/a><span class=\"spotlightCategory\"><a href=\"https:\/\/www.suno.com.br\/noticias\/negocios\/\">Neg\u00f3cios<\/a><\/span><\/div><div class=\"cardsPage__listCard__boxs__content\"><a href=\"https:\/\/www.suno.com.br\/noticias\/michael-klein-via-varejo-leilao\/\"><h2 class=\"content__title\">Michael Klein passa a controlar Via Varejo ap\u00f3s leil\u00e3o do GPA<\/h2><\/a><div class=\"newsContent__article__meta\"><div class=\"newsContent__article__meta__authorBox\"><a href=\"https:\/\/www.suno.com.br\/noticias\/author\/amanda\/\" class=\"authorBox__avatar noMobi\"><img src=\"https:\/\/files.sunoresearch.com.br\/n\/uploads\/2018\/11\/c6ad30be-amanda-150x150.webp\" alt=\"Amanda Gushiken\"><\/a><div class=\"authorBox__name\"><span>por\n\t\t\t<a href=\"https:\/\/www.suno.com.br\/noticias\/author\/amanda\/\"><span itemprop=\"author\">Amanda Gushiken<\/span><\/a><\/span><time datetime=\"2019-06-14T16:18:01-03:00\" itemprop=\"datePublished\">14\/06\/2019 16:18<\/time><\/div><\/div><\/div><\/div><\/div>","single_layout":"posts","amp_enabled":true,"_links":{"self":[{"href":"https:\/\/www.suno.com.br\/noticias\/wp-json\/wp\/v2\/posts\/28219"}],"collection":[{"href":"https:\/\/www.suno.com.br\/noticias\/wp-json\/wp\/v2\/posts"}],"about":[{"href":"https:\/\/www.suno.com.br\/noticias\/wp-json\/wp\/v2\/types\/post"}],"author":[{"embeddable":true,"href":"https:\/\/www.suno.com.br\/noticias\/wp-json\/wp\/v2\/users\/12"}],"replies":[{"embeddable":true,"href":"https:\/\/www.suno.com.br\/noticias\/wp-json\/wp\/v2\/comments?post=28219"}],"version-history":[{"count":0,"href":"https:\/\/www.suno.com.br\/noticias\/wp-json\/wp\/v2\/posts\/28219\/revisions"}],"wp:featuredmedia":[{"embeddable":true,"href":"https:\/\/www.suno.com.br\/noticias\/wp-json\/wp\/v2\/media\/24614"}],"wp:attachment":[{"href":"https:\/\/www.suno.com.br\/noticias\/wp-json\/wp\/v2\/media?parent=28219"}],"wp:term":[{"taxonomy":"category","embeddable":true,"href":"https:\/\/www.suno.com.br\/noticias\/wp-json\/wp\/v2\/categories?post=28219"},{"taxonomy":"post_tag","embeddable":true,"href":"https:\/\/www.suno.com.br\/noticias\/wp-json\/wp\/v2\/tags?post=28219"},{"taxonomy":"suno_strategy","embeddable":true,"href":"https:\/\/www.suno.com.br\/noticias\/wp-json\/wp\/v2\/suno_strategy?post=28219"}],"curies":[{"name":"wp","href":"https:\/\/api.w.org\/{rel}","templated":true}]}}