{"id":28201,"date":"2019-06-14T14:31:32","date_gmt":"2019-06-14T17:31:32","guid":{"rendered":"https:\/\/www.suno.com.br\/noticias\/?p=28201"},"modified":"2021-05-10T14:10:03","modified_gmt":"2021-05-10T17:10:03","slug":"mrv-setor-imobiliario-ibovespa-dolar","status":"publish","type":"post","link":"https:\/\/www.suno.com.br\/noticias\/mrv-setor-imobiliario-ibovespa-dolar\/","title":{"rendered":"MRV tem alta com otimismo no setor imobili\u00e1rio; Ibovespa cai e d\u00f3lar sobe"},"content":{"rendered":"<p>A MRV <strong>Engenharia<\/strong> (MRVE3) se destaca entre as empresas que tomam a frente nos ganhos do <strong><a href=\"https:\/\/www.suno.com.br\/artigos\/ibovespa\/\">Ibovespa<\/a><\/strong> nesta sexta-feira (14). \u00c0s 13h (hor\u00e1rio de Bras\u00edlia) a companhia subia 2,35% a R$ 17,39.<\/p>\t<div class=\"wrapper-featured-image\">\n\t\t<figure class=\"spotlightImg\">\n\n\t\t\t<picture>\n\t\t\t\t<source media=\"(max-width: 768px)\" srcset=\"https:\/\/files.sunoresearch.com.br\/n\/uploads\/2018\/09\/d80b4eda-16302_minha_casa_minha_vida_ribeira_130814_foto_a.baeta_229-1024x640-400x200.webp\">\n\t\t\t\t<img loading=\"lazy\" decoding=\"async\" class=\"newsContent__article__imgCapa lazyloadDisabled newsContent__article__imgCapa--noCaption\" src=\"https:\/\/files.sunoresearch.com.br\/n\/uploads\/2018\/09\/d80b4eda-16302_minha_casa_minha_vida_ribeira_130814_foto_a.baeta_229-1024x640-800x450.webp\" width=\"800\" height=\"450\" alt=\"MRV tem alta com otimismo no setor imobili\u00e1rio; Ibovespa cai e d\u00f3lar sobe\" fetchpriority=high \/>\n\t\t\t<\/picture>\n\n\t\t\t<figcaption class=\"wp-caption-text wp-caption-text--hide\">O substituto do Minha Casa Minha Vida (MCMV), o Casa Verde Amarela, deve ser lan\u00e7ado nessa ter\u00e7a-feira (25). <\/figcaption>\n\t\t<\/figure>\n\t<\/div>\n\n\n<p>A alta ocorre ap\u00f3s o presidente-executivo da <strong>Caixa Econ\u00f4mica Federal<\/strong> (CEF), <a href=\"https:\/\/www.suno.com.br\/tudo-sobre\/pedro-guimaraes\/\">Pedro Guimar\u00e3es<\/a>, indicar que o banco estaria buscando atrair o interesse do <strong>capital privado<\/strong>. A novidade da Caixa ocorre em paralelo \u00e0 amea\u00e7a \u00e0 continuidade do programa <strong>Minha Casa Minha Vida<\/strong>, do qual a <strong>MRV<\/strong> \u00e9 construtora. As informa\u00e7\u00f5es s\u00e3o da &#8220;Isto\u00c9 Dinheiro&#8221;.<\/p>\n\t<p>\n\t\t<a href=\"https:\/\/lp.suno.com.br\/ao\/servico-especializado-suno-tf\/?utm_source=adwords&#038;utm_medium=search&#038;utm_campaign=search.servico.funilconsultoria&#038;utm_content=1147_responsivo-a&#038;hsa_acc=2326072784&#038;hsa_cam=18022897917&#038;hsa_grp=141470255993&#038;hsa_ad=616145467912&#038;hsa_src=g&#038;hsa_tgt=kwd-303658942458&#038;hsa_kw=gestora+de+investimentos&#038;hsa_mt=b&#038;hsa_net=adwords&#038;hsa_ver=3&#038;gad_source=1&#038;gclid=CjwKCAjw1emzBhB8EiwAHwZZxQMvA3xJVRzLGZ70LmuSzR55X-KvxijSay8c5Hm88Sznnq97j8XbORoC-sMQAvD_BwE\" target=\"_blank\" data-element=\"shortcode-suno-banner\" title=\"Banner SUNO, clique e saiba mais\">\n\t\t\t<picture>\n\t\t\t\t<source media=\"(max-width: 500px)\" srcset=\"https:\/\/files.sunoresearch.com.br\/n\/uploads\/2024\/06\/400x300-Mobile-Artigos-4-1.png\">\n\t\t\t\t<img class=\"newsContent__article__imgCapa newsContent__article__imgCapa--banner\"\n\t\t\t\t\tsrc=\"https:\/\/files.sunoresearch.com.br\/n\/uploads\/2024\/06\/1420x240-Banner-Artigos-1-_-Banner-Materias-2-1.png\"\n\t\t\t\t\tdata-promo-id=\"563609\"\t\t\t\t\t\t\t\t\t\twidth='1420' height='240'\t\t\t\t\talt=\"https:\/\/files.sunoresearch.com.br\/n\/uploads\/2024\/06\/1420x240-Banner-Artigos-1-_-Banner-Materias-2-1.png\"\n\t\t\t\t>\n\t\t\t<\/picture>\n\t\t<\/a>\n\t<\/p>\n\n\n<p>Conforme audi\u00eancia p\u00fablica na <strong>C\u00e2mara dos Deputados<\/strong>, no \u00faltimo dia 24, o ministro do Desenvolvimento Regional, Gustavo Canuto, afirmou que os recursos para manter o <strong>Minha Casa Minha Vida<\/strong> apenas durariam at\u00e9 junho.<\/p>\n<p>Ap\u00f3s a audi\u00eancia, o ministro reuniu-se com o ministro-chefe da Casa Civil, <strong>Onyx Lorenzoni<\/strong>. E o programa habitacional recebeu suplementa\u00e7\u00e3o de R$ 800 milh\u00f5es. De acordo com os c\u00e1lculos de Canuto, seriam necess\u00e1rios outros R$ 1,5 bilh\u00e3o at\u00e9 o fim de 2019.<\/p>\n<p><a href=\"https:\/\/www.suno.com.br\/noticias\/caixa-economica-federal-divida-governo-federal\/\">Saiba mais &#8211; Caixa devolver\u00e1 R$ 3 bi dos R$ 42 bi ao governo federal<\/a><\/p>\n<h2>Caixa mira interesse do capital privado para alavancar setor imobili\u00e1rio<\/h2>\n<p>A <strong>Caixa<\/strong>, que \u00e9 l\u00edder na concess\u00e3o de empr\u00e9stimos imobili\u00e1rios, vem trabalhando para atrair o interesse do <strong>capital privado<\/strong>. Uma das medidas para alcan\u00e7ar o objetivo \u00e9 a tentativa de quitar a d\u00edvida com o <strong><a href=\"https:\/\/www.suno.com.br\/artigos\/tesouro-nacional\/\">Tesouro Nacional<\/a><\/strong>.<\/p>\n<ul>\n<li>deve pagar R$ 3 bilh\u00f5es nas pr\u00f3ximas semanas;<\/li>\n<li>mais R$ 17 bilh\u00f5es at\u00e9 o fim de 2019;<\/li>\n<li>deve arrecadar R$ 7 bilh\u00f5es com a venda de 241 milh\u00f5es de a\u00e7\u00f5es ordin\u00e1rias da <strong>Petrobras<\/strong> (PETR3).<\/li>\n<\/ul>\n<p>Como as medidas tem potencial limitado para estimular o crescimento dos empr\u00e9stimos, a Caixa busca uma aproxima\u00e7\u00e3o com o <a href=\"https:\/\/www.suno.com.br\/artigos\/mercado-de-capitais-conceito\/\"><strong>mercado de capitais<\/strong><\/a>. Portanto a Caixa, que capta recursos para a compra de im\u00f3veis com:<\/p>\n<ul>\n<li><a href=\"https:\/\/www.suno.com.br\/artigos\/poupanca\/\">Poupan\u00e7a<\/a>, nos financiamentos normais;<\/li>\n<li><a href=\"https:\/\/www.suno.com.br\/artigos\/fgts\/\">Fundo de Garantia do Tempo de Servi\u00e7o<\/a> (FGTS), nos financiamentos do <strong>Minha Casa Minha Vida<\/strong>.<\/li>\n<\/ul>\n<p><a href=\"https:\/\/www.suno.com.br\/noticias\/minha-casa-minha-vida-aluguel\/\">Saiba mais &#8211; Novo Minha Casa, Minha Vida prev\u00ea aluguel ao inv\u00e9s de financiamento<\/a><\/p>\n<p>Tamb\u00e9m deve conceder empr\u00e9stimos corrigidos pelo <a href=\"https:\/\/www.suno.com.br\/artigos\/ipca\/\">\u00cdndice Nacional de Pre\u00e7os ao Consumidor Amplo<\/a> (<strong>IPCA<\/strong>), o indicador oficial da <a href=\"https:\/\/www.suno.com.br\/artigos\/inflacao\/\"><strong>infla\u00e7\u00e3o<\/strong><\/a> no Brasil. A \u00fanica alternativa a esta \u00e9 a <a href=\"https:\/\/www.suno.com.br\/artigos\/taxa-referencial\/\">Taxa Referencial<\/a> (TR), que remunera a caderneta de poupan\u00e7a. \u00c9 definida pelo <a href=\"https:\/\/www.suno.com.br\/artigos\/bacen\/\">Banco Central<\/a> (BC) e tem valor pr\u00f3ximo de zero.<\/p>\n<p>Assim, tal mudan\u00e7a deve beneficiar as empresas do setor que dependem do <strong>financiamento imobili\u00e1rio<\/strong>.<\/p>\n<h2>Ibovespa cai 0,62% e d\u00f3lar valoriza1,154%<\/h2>\n<p>\u00c0s 14h, o principal \u00edndice acion\u00e1rio da <strong><a href=\"https:\/\/www.suno.com.br\/artigos\/b3\/\">B3<\/a><\/strong> (Brasil, Bolsa, Balc\u00e3o), o Ibovespa, tinha retra\u00e7\u00e3o de 0,62% com 98.157,85 pontos. Por sua vez, o <strong><a href=\"https:\/\/www.suno.com.br\/artigos\/dolar\/\">d\u00f3lar<\/a><\/strong> tinha ascens\u00e3o 1,154% sendo cotado a R$ 3,8991. O <strong>pessimismo<\/strong> interno e externo alavancaram as oscila\u00e7\u00f5es.<\/p>\n<p>Nesta data, o Brasil passa por uma greve geral dos servidores contra a <strong>reforma da Previd\u00eancia<\/strong>. A principal pauta do governo do presidente da Rep\u00fablica, Jair <strong>Bolsonaro<\/strong>.<\/p>\n<p><a href=\"https:\/\/www.suno.com.br\/noticias\/china-producao-industrial\/\">Saiba mais &#8211; Crescimento da produ\u00e7\u00e3o industrial da China desacelera em maio<\/a><\/p>\n<p>Atualmente, o texto tramita na C\u00e2mara. Na \u00faltima quinta-feira (13), o parecer do relator da <strong>comiss\u00e3o especial<\/strong> da Casa, Samuel Moreira (PSDB), foi apresentado. O <strong>parecer<\/strong> apresentou propostas de mudan\u00e7as, como a eleva\u00e7\u00e3o da <a href=\"https:\/\/www.suno.com.br\/artigos\/csll\/\">Contribui\u00e7\u00e3o Social sobre o Lucro L\u00edquido<\/a> (CSLL) paga pelos bancos.<\/p>\n<p>No exterior, as tens\u00f5es entre os <strong>Estados Unidos<\/strong> e o <strong>Ir\u00e3<\/strong> crescem. Os EUA acusam o Ir\u00e3 dos ataques a dois navios petroleiros que foram danificados no Golfo de Om\u00e3, na v\u00e9spera. <strong>Trump<\/strong> afirmou que os ataques &#8220;t\u00eam a assinatura&#8221; do Ir\u00e3, baseando-se num v\u00eddeo divulgado pelo Pent\u00e1gono.<\/p>\n<p>Ainda no cen\u00e1rio internacional, a <strong>China<\/strong> divulgou dados da <strong>produ\u00e7\u00e3o industrial<\/strong>. Em maio, houve alta de 5% ante o mesmo per\u00edodo de 2018. Este foi o mais baixo crescimento desde 2002 para o m\u00eas.<\/p>\n<p>No fechamento do preg\u00e3o, as a\u00e7\u00f5es da <strong>MRV<\/strong> Engenharia subiam 1,82% a R$ 17,30.<\/p>\n","protected":false},"excerpt":{"rendered":"<p>A MRV Engenharia (MRVE3) se destaca entre as empresas que tomam a frente nos ganhos do Ibovespa nesta sexta-feira (14). \u00c0s 13h (hor\u00e1rio de Bras\u00edlia) a companhia subia 2,35% a R$ 17,39. O substituto do Minha Casa Minha Vida (MCMV), o Casa Verde Amarela, deve ser lan\u00e7ado nessa ter\u00e7a-feira (25). A alta ocorre ap\u00f3s o [&hellip;]<\/p>\n","protected":false},"author":12,"featured_media":4105,"comment_status":"closed","ping_status":"closed","sticky":false,"template":"","format":"standard","meta":[],"categories":[60],"tags":[1199,326,721,2054],"suno_strategy":[],"class_list":["post-28201","post","type-post","status-publish","format-standard","has-post-thumbnail","hentry","category-mercado","tag-caixa-economica-federal-cef","tag-dolar","tag-ibovespa","tag-mrv-mrve3"],"yoast_head":"<!-- This site is optimized with the Yoast SEO plugin v24.4 - https:\/\/yoast.com\/wordpress\/plugins\/seo\/ -->\n<title>MRV tem alta com otimismo no setor imobili\u00e1rio; Ibovespa cai e d\u00f3lar sobe<\/title>\n<meta name=\"description\" content=\"A MRV Engenharia lidera os ganhos do Ibovespa na tarde desta sexta-feira (14); o \u00edndice cai e o d\u00f3lar sobe. Clique para saber mais.\" \/>\n<meta name=\"robots\" content=\"index, follow, max-snippet:-1, max-image-preview:large, max-video-preview:-1\" \/>\n<link rel=\"canonical\" href=\"https:\/\/www.suno.com.br\/noticias\/mrv-setor-imobiliario-ibovespa-dolar\/\" \/>\n<meta property=\"og:locale\" content=\"pt_BR\" \/>\n<meta property=\"og:type\" content=\"article\" \/>\n<meta property=\"og:title\" content=\"MRV tem alta com otimismo no setor imobili\u00e1rio; Ibovespa cai e d\u00f3lar sobe\" \/>\n<meta property=\"og:description\" content=\"A MRV Engenharia lidera os ganhos do Ibovespa na tarde desta sexta-feira (14); o \u00edndice cai e o d\u00f3lar sobe. Clique para saber mais.\" \/>\n<meta property=\"og:url\" content=\"https:\/\/www.suno.com.br\/noticias\/mrv-setor-imobiliario-ibovespa-dolar\/\" \/>\n<meta property=\"og:site_name\" content=\"Suno Not\u00edcias\" \/>\n<meta property=\"article:publisher\" content=\"https:\/\/facebook.com\/sunoresearch\" \/>\n<meta property=\"og:image\" content=\"https:\/\/files.sunoresearch.com.br\/n\/uploads\/2018\/09\/d80b4eda-16302_minha_casa_minha_vida_ribeira_130814_foto_a.baeta_229-1024x640.jpg\" \/>\n\t<meta property=\"og:image:width\" content=\"1024\" \/>\n\t<meta property=\"og:image:height\" content=\"640\" \/>\n\t<meta property=\"og:image:type\" content=\"image\/jpeg\" \/>\n<meta name=\"author\" content=\"Amanda Gushiken\" \/>\n<meta name=\"twitter:card\" content=\"summary_large_image\" \/>\n<meta name=\"twitter:creator\" content=\"@sunoresearch\" \/>\n<meta name=\"twitter:site\" content=\"@sunoresearch\" \/>\n<meta name=\"twitter:label1\" content=\"Escrito por\" \/>\n\t<meta name=\"twitter:data1\" content=\"Amanda Gushiken\" \/>\n\t<meta name=\"twitter:label2\" content=\"Est. tempo de leitura\" \/>\n\t<meta name=\"twitter:data2\" content=\"3 minutos\" \/>\n<script type=\"application\/ld+json\" class=\"yoast-schema-graph\">{\"@context\":\"https:\/\/schema.org\",\"@graph\":[{\"@type\":\"NewsArticle\",\"@id\":\"https:\/\/www.suno.com.br\/noticias\/mrv-setor-imobiliario-ibovespa-dolar\/#article\",\"isPartOf\":{\"@id\":\"https:\/\/www.suno.com.br\/noticias\/mrv-setor-imobiliario-ibovespa-dolar\/\"},\"author\":{\"name\":\"Amanda Gushiken\",\"@id\":\"https:\/\/www.suno.com.br\/noticias\/#\/schema\/person\/a5b06fa4e879d8e8e119c6ed3cd630d1\"},\"headline\":\"MRV tem alta com otimismo no setor imobili\u00e1rio; Ibovespa cai e d\u00f3lar sobe\",\"datePublished\":\"2019-06-14T17:31:32+00:00\",\"dateModified\":\"2021-05-10T17:10:03+00:00\",\"mainEntityOfPage\":{\"@id\":\"https:\/\/www.suno.com.br\/noticias\/mrv-setor-imobiliario-ibovespa-dolar\/\"},\"wordCount\":672,\"publisher\":{\"@id\":\"https:\/\/www.suno.com.br\/noticias\/#organization\"},\"image\":{\"@id\":\"https:\/\/www.suno.com.br\/noticias\/mrv-setor-imobiliario-ibovespa-dolar\/#primaryimage\"},\"thumbnailUrl\":\"https:\/\/files.sunoresearch.com.br\/n\/uploads\/2018\/09\/d80b4eda-16302_minha_casa_minha_vida_ribeira_130814_foto_a.baeta_229-1024x640-jpg.webp\",\"keywords\":[\"Caixa Econ\u00f4mica Federal (CEF)\",\"d\u00f3lar\",\"Ibovespa\",\"MRV (MRVE3)\"],\"articleSection\":[\"Mercado\"],\"inLanguage\":\"pt-BR\"},{\"@type\":\"WebPage\",\"@id\":\"https:\/\/www.suno.com.br\/noticias\/mrv-setor-imobiliario-ibovespa-dolar\/\",\"url\":\"https:\/\/www.suno.com.br\/noticias\/mrv-setor-imobiliario-ibovespa-dolar\/\",\"name\":\"MRV tem alta com otimismo no setor imobili\u00e1rio; Ibovespa cai e d\u00f3lar sobe\",\"isPartOf\":{\"@id\":\"https:\/\/www.suno.com.br\/noticias\/#website\"},\"primaryImageOfPage\":{\"@id\":\"https:\/\/www.suno.com.br\/noticias\/mrv-setor-imobiliario-ibovespa-dolar\/#primaryimage\"},\"image\":{\"@id\":\"https:\/\/www.suno.com.br\/noticias\/mrv-setor-imobiliario-ibovespa-dolar\/#primaryimage\"},\"thumbnailUrl\":\"https:\/\/files.sunoresearch.com.br\/n\/uploads\/2018\/09\/d80b4eda-16302_minha_casa_minha_vida_ribeira_130814_foto_a.baeta_229-1024x640-jpg.webp\",\"datePublished\":\"2019-06-14T17:31:32+00:00\",\"dateModified\":\"2021-05-10T17:10:03+00:00\",\"description\":\"A MRV Engenharia lidera os ganhos do Ibovespa na tarde desta sexta-feira (14); o \u00edndice cai e o d\u00f3lar sobe. Clique para saber mais.\",\"breadcrumb\":{\"@id\":\"https:\/\/www.suno.com.br\/noticias\/mrv-setor-imobiliario-ibovespa-dolar\/#breadcrumb\"},\"inLanguage\":\"pt-BR\",\"potentialAction\":[{\"@type\":\"ReadAction\",\"target\":[\"https:\/\/www.suno.com.br\/noticias\/mrv-setor-imobiliario-ibovespa-dolar\/\"]}]},{\"@type\":\"ImageObject\",\"inLanguage\":\"pt-BR\",\"@id\":\"https:\/\/www.suno.com.br\/noticias\/mrv-setor-imobiliario-ibovespa-dolar\/#primaryimage\",\"url\":\"https:\/\/files.sunoresearch.com.br\/n\/uploads\/2018\/09\/d80b4eda-16302_minha_casa_minha_vida_ribeira_130814_foto_a.baeta_229-1024x640-jpg.webp\",\"contentUrl\":\"https:\/\/files.sunoresearch.com.br\/n\/uploads\/2018\/09\/d80b4eda-16302_minha_casa_minha_vida_ribeira_130814_foto_a.baeta_229-1024x640-jpg.webp\",\"width\":1024,\"height\":640,\"caption\":\"O substituto do Minha Casa Minha Vida (MCMV), o Casa Verde Amarela, deve ser lan\u00e7ado nessa ter\u00e7a-feira (25).\"},{\"@type\":\"BreadcrumbList\",\"@id\":\"https:\/\/www.suno.com.br\/noticias\/mrv-setor-imobiliario-ibovespa-dolar\/#breadcrumb\",\"itemListElement\":[{\"@type\":\"ListItem\",\"position\":1,\"name\":\"Not\u00edcias\",\"item\":\"https:\/\/www.suno.com.br\/noticias\/\"},{\"@type\":\"ListItem\",\"position\":2,\"name\":\"Mercado\",\"item\":\"https:\/\/www.suno.com.br\/noticias\/mercado\/\"},{\"@type\":\"ListItem\",\"position\":3,\"name\":\"MRV tem alta com otimismo no setor imobili\u00e1rio; Ibovespa cai e d\u00f3lar sobe\"}]},{\"@type\":\"WebSite\",\"@id\":\"https:\/\/www.suno.com.br\/noticias\/#website\",\"url\":\"https:\/\/www.suno.com.br\/noticias\/\",\"name\":\"Suno Not\u00edcias\",\"description\":\"Seu portal de informa\u00e7\u00e3o sobre o mundo dos investimentos\",\"publisher\":{\"@id\":\"https:\/\/www.suno.com.br\/noticias\/#organization\"},\"potentialAction\":[{\"@type\":\"SearchAction\",\"target\":{\"@type\":\"EntryPoint\",\"urlTemplate\":\"https:\/\/www.suno.com.br\/noticias\/?s={search_term_string}\"},\"query-input\":{\"@type\":\"PropertyValueSpecification\",\"valueRequired\":true,\"valueName\":\"search_term_string\"}}],\"inLanguage\":\"pt-BR\"},{\"@type\":\"Organization\",\"@id\":\"https:\/\/www.suno.com.br\/noticias\/#organization\",\"name\":\"Suno Not\u00edcias\",\"url\":\"https:\/\/www.suno.com.br\/noticias\/\",\"logo\":{\"@type\":\"ImageObject\",\"inLanguage\":\"pt-BR\",\"@id\":\"https:\/\/www.suno.com.br\/noticias\/#\/schema\/logo\/image\/\",\"url\":\"https:\/\/files.sunoresearch.com.br\/n\/uploads\/2021\/09\/suno-logo.png\",\"contentUrl\":\"https:\/\/files.sunoresearch.com.br\/n\/uploads\/2021\/09\/suno-logo.png\",\"width\":180,\"height\":180,\"caption\":\"Suno Not\u00edcias\"},\"image\":{\"@id\":\"https:\/\/www.suno.com.br\/noticias\/#\/schema\/logo\/image\/\"},\"sameAs\":[\"https:\/\/facebook.com\/sunoresearch\",\"https:\/\/x.com\/sunoresearch\",\"https:\/\/www.instagram.com\/suno\",\"https:\/\/www.linkedin.com\/company\/suno-research\/\",\"https:\/\/www.youtube.com\/c\/sunoresearch\"]},{\"@type\":\"Person\",\"@id\":\"https:\/\/www.suno.com.br\/noticias\/#\/schema\/person\/a5b06fa4e879d8e8e119c6ed3cd630d1\",\"name\":\"Amanda Gushiken\",\"image\":{\"@type\":\"ImageObject\",\"inLanguage\":\"pt-BR\",\"@id\":\"https:\/\/www.suno.com.br\/noticias\/#\/schema\/person\/image\/\",\"url\":\"https:\/\/secure.gravatar.com\/avatar\/ecd84705e6b65e3685ae80d725501fbe?s=96&r=g\",\"contentUrl\":\"https:\/\/secure.gravatar.com\/avatar\/ecd84705e6b65e3685ae80d725501fbe?s=96&r=g\",\"caption\":\"Amanda Gushiken\"},\"description\":\"Amanda Sayuri Gushiken escreve sobre finan\u00e7as e neg\u00f3cios para o portal Suno Not\u00edcias. Antes, trabalhou selecionando not\u00edcias da imprensa para clientes do mercado financeiro. Tamb\u00e9m desenvolveu pesquisa acad\u00eamica pela Universidade Anhembi Morumbi na \u00e1rea de Teorias da Comunica\u00e7\u00e3o e \u00e9 fot\u00f3grafa nas horas vagas.\",\"url\":\"https:\/\/www.suno.com.br\/noticias\/author\/amanda\/\"}]}<\/script>\n<!-- \/ Yoast SEO plugin. -->","yoast_head_json":{"title":"MRV tem alta com otimismo no setor imobili\u00e1rio; Ibovespa cai e d\u00f3lar sobe","description":"A MRV Engenharia lidera os ganhos do Ibovespa na tarde desta sexta-feira (14); o \u00edndice cai e o d\u00f3lar sobe. Clique para saber mais.","robots":{"index":"index","follow":"follow","max-snippet":"max-snippet:-1","max-image-preview":"max-image-preview:large","max-video-preview":"max-video-preview:-1"},"canonical":"https:\/\/www.suno.com.br\/noticias\/mrv-setor-imobiliario-ibovespa-dolar\/","og_locale":"pt_BR","og_type":"article","og_title":"MRV tem alta com otimismo no setor imobili\u00e1rio; Ibovespa cai e d\u00f3lar sobe","og_description":"A MRV Engenharia lidera os ganhos do Ibovespa na tarde desta sexta-feira (14); o \u00edndice cai e o d\u00f3lar sobe. Clique para saber mais.","og_url":"https:\/\/www.suno.com.br\/noticias\/mrv-setor-imobiliario-ibovespa-dolar\/","og_site_name":"Suno Not\u00edcias","article_publisher":"https:\/\/facebook.com\/sunoresearch","og_image":[{"width":1024,"height":640,"url":"https:\/\/files.sunoresearch.com.br\/n\/uploads\/2018\/09\/d80b4eda-16302_minha_casa_minha_vida_ribeira_130814_foto_a.baeta_229-1024x640.jpg","type":"image\/jpeg"}],"author":"Amanda Gushiken","twitter_card":"summary_large_image","twitter_creator":"@sunoresearch","twitter_site":"@sunoresearch","twitter_misc":{"Escrito por":"Amanda Gushiken","Est. tempo de leitura":"3 minutos"},"schema":{"@context":"https:\/\/schema.org","@graph":[{"@type":"NewsArticle","@id":"https:\/\/www.suno.com.br\/noticias\/mrv-setor-imobiliario-ibovespa-dolar\/#article","isPartOf":{"@id":"https:\/\/www.suno.com.br\/noticias\/mrv-setor-imobiliario-ibovespa-dolar\/"},"author":{"name":"Amanda Gushiken","@id":"https:\/\/www.suno.com.br\/noticias\/#\/schema\/person\/a5b06fa4e879d8e8e119c6ed3cd630d1"},"headline":"MRV tem alta com otimismo no setor imobili\u00e1rio; Ibovespa cai e d\u00f3lar sobe","datePublished":"2019-06-14T17:31:32+00:00","dateModified":"2021-05-10T17:10:03+00:00","mainEntityOfPage":{"@id":"https:\/\/www.suno.com.br\/noticias\/mrv-setor-imobiliario-ibovespa-dolar\/"},"wordCount":672,"publisher":{"@id":"https:\/\/www.suno.com.br\/noticias\/#organization"},"image":{"@id":"https:\/\/www.suno.com.br\/noticias\/mrv-setor-imobiliario-ibovespa-dolar\/#primaryimage"},"thumbnailUrl":"https:\/\/files.sunoresearch.com.br\/n\/uploads\/2018\/09\/d80b4eda-16302_minha_casa_minha_vida_ribeira_130814_foto_a.baeta_229-1024x640-jpg.webp","keywords":["Caixa Econ\u00f4mica Federal (CEF)","d\u00f3lar","Ibovespa","MRV (MRVE3)"],"articleSection":["Mercado"],"inLanguage":"pt-BR"},{"@type":"WebPage","@id":"https:\/\/www.suno.com.br\/noticias\/mrv-setor-imobiliario-ibovespa-dolar\/","url":"https:\/\/www.suno.com.br\/noticias\/mrv-setor-imobiliario-ibovespa-dolar\/","name":"MRV tem alta com otimismo no setor imobili\u00e1rio; Ibovespa cai e d\u00f3lar sobe","isPartOf":{"@id":"https:\/\/www.suno.com.br\/noticias\/#website"},"primaryImageOfPage":{"@id":"https:\/\/www.suno.com.br\/noticias\/mrv-setor-imobiliario-ibovespa-dolar\/#primaryimage"},"image":{"@id":"https:\/\/www.suno.com.br\/noticias\/mrv-setor-imobiliario-ibovespa-dolar\/#primaryimage"},"thumbnailUrl":"https:\/\/files.sunoresearch.com.br\/n\/uploads\/2018\/09\/d80b4eda-16302_minha_casa_minha_vida_ribeira_130814_foto_a.baeta_229-1024x640-jpg.webp","datePublished":"2019-06-14T17:31:32+00:00","dateModified":"2021-05-10T17:10:03+00:00","description":"A MRV Engenharia lidera os ganhos do Ibovespa na tarde desta sexta-feira (14); o \u00edndice cai e o d\u00f3lar sobe. Clique para saber mais.","breadcrumb":{"@id":"https:\/\/www.suno.com.br\/noticias\/mrv-setor-imobiliario-ibovespa-dolar\/#breadcrumb"},"inLanguage":"pt-BR","potentialAction":[{"@type":"ReadAction","target":["https:\/\/www.suno.com.br\/noticias\/mrv-setor-imobiliario-ibovespa-dolar\/"]}]},{"@type":"ImageObject","inLanguage":"pt-BR","@id":"https:\/\/www.suno.com.br\/noticias\/mrv-setor-imobiliario-ibovespa-dolar\/#primaryimage","url":"https:\/\/files.sunoresearch.com.br\/n\/uploads\/2018\/09\/d80b4eda-16302_minha_casa_minha_vida_ribeira_130814_foto_a.baeta_229-1024x640-jpg.webp","contentUrl":"https:\/\/files.sunoresearch.com.br\/n\/uploads\/2018\/09\/d80b4eda-16302_minha_casa_minha_vida_ribeira_130814_foto_a.baeta_229-1024x640-jpg.webp","width":1024,"height":640,"caption":"O substituto do Minha Casa Minha Vida (MCMV), o Casa Verde Amarela, deve ser lan\u00e7ado nessa ter\u00e7a-feira (25)."},{"@type":"BreadcrumbList","@id":"https:\/\/www.suno.com.br\/noticias\/mrv-setor-imobiliario-ibovespa-dolar\/#breadcrumb","itemListElement":[{"@type":"ListItem","position":1,"name":"Not\u00edcias","item":"https:\/\/www.suno.com.br\/noticias\/"},{"@type":"ListItem","position":2,"name":"Mercado","item":"https:\/\/www.suno.com.br\/noticias\/mercado\/"},{"@type":"ListItem","position":3,"name":"MRV tem alta com otimismo no setor imobili\u00e1rio; Ibovespa cai e d\u00f3lar sobe"}]},{"@type":"WebSite","@id":"https:\/\/www.suno.com.br\/noticias\/#website","url":"https:\/\/www.suno.com.br\/noticias\/","name":"Suno Not\u00edcias","description":"Seu portal de informa\u00e7\u00e3o sobre o mundo dos investimentos","publisher":{"@id":"https:\/\/www.suno.com.br\/noticias\/#organization"},"potentialAction":[{"@type":"SearchAction","target":{"@type":"EntryPoint","urlTemplate":"https:\/\/www.suno.com.br\/noticias\/?s={search_term_string}"},"query-input":{"@type":"PropertyValueSpecification","valueRequired":true,"valueName":"search_term_string"}}],"inLanguage":"pt-BR"},{"@type":"Organization","@id":"https:\/\/www.suno.com.br\/noticias\/#organization","name":"Suno Not\u00edcias","url":"https:\/\/www.suno.com.br\/noticias\/","logo":{"@type":"ImageObject","inLanguage":"pt-BR","@id":"https:\/\/www.suno.com.br\/noticias\/#\/schema\/logo\/image\/","url":"https:\/\/files.sunoresearch.com.br\/n\/uploads\/2021\/09\/suno-logo.png","contentUrl":"https:\/\/files.sunoresearch.com.br\/n\/uploads\/2021\/09\/suno-logo.png","width":180,"height":180,"caption":"Suno Not\u00edcias"},"image":{"@id":"https:\/\/www.suno.com.br\/noticias\/#\/schema\/logo\/image\/"},"sameAs":["https:\/\/facebook.com\/sunoresearch","https:\/\/x.com\/sunoresearch","https:\/\/www.instagram.com\/suno","https:\/\/www.linkedin.com\/company\/suno-research\/","https:\/\/www.youtube.com\/c\/sunoresearch"]},{"@type":"Person","@id":"https:\/\/www.suno.com.br\/noticias\/#\/schema\/person\/a5b06fa4e879d8e8e119c6ed3cd630d1","name":"Amanda Gushiken","image":{"@type":"ImageObject","inLanguage":"pt-BR","@id":"https:\/\/www.suno.com.br\/noticias\/#\/schema\/person\/image\/","url":"https:\/\/secure.gravatar.com\/avatar\/ecd84705e6b65e3685ae80d725501fbe?s=96&r=g","contentUrl":"https:\/\/secure.gravatar.com\/avatar\/ecd84705e6b65e3685ae80d725501fbe?s=96&r=g","caption":"Amanda Gushiken"},"description":"Amanda Sayuri Gushiken escreve sobre finan\u00e7as e neg\u00f3cios para o portal Suno Not\u00edcias. Antes, trabalhou selecionando not\u00edcias da imprensa para clientes do mercado financeiro. Tamb\u00e9m desenvolveu pesquisa acad\u00eamica pela Universidade Anhembi Morumbi na \u00e1rea de Teorias da Comunica\u00e7\u00e3o e \u00e9 fot\u00f3grafa nas horas vagas.","url":"https:\/\/www.suno.com.br\/noticias\/author\/amanda\/"}]}},"default_loop_html":"<div class=\"cardsPage__listCard__boxs\"><div class=\"cardsPage__listCard__boxs__img\"><a href=\"https:\/\/www.suno.com.br\/noticias\/mrv-setor-imobiliario-ibovespa-dolar\/\"><img class=\"mask\" src=\"https:\/\/www.suno.com.br\/noticias\/wp-content\/themes\/suno\/resources\/images\/spotlight\/spotlight1img\/bg-mask.png\" alt=\"Image Mask\"\/><img src=\"https:\/\/files.sunoresearch.com.br\/n\/uploads\/2018\/09\/d80b4eda-16302_minha_casa_minha_vida_ribeira_130814_foto_a.baeta_229-1024x640-400x200.webp\" alt=\"MRV tem alta com otimismo no setor imobili\u00e1rio; Ibovespa cai e d\u00f3lar sobe\"\/><\/a><span class=\"spotlightCategory\"><a href=\"https:\/\/www.suno.com.br\/noticias\/mercado\/\">Mercado<\/a><\/span><\/div><div class=\"cardsPage__listCard__boxs__content\"><a href=\"https:\/\/www.suno.com.br\/noticias\/mrv-setor-imobiliario-ibovespa-dolar\/\"><h2 class=\"content__title\">MRV tem alta com otimismo no setor imobili\u00e1rio; Ibovespa cai e d\u00f3lar sobe<\/h2><\/a><div class=\"newsContent__article__meta\"><div class=\"newsContent__article__meta__authorBox\"><a href=\"https:\/\/www.suno.com.br\/noticias\/author\/amanda\/\" class=\"authorBox__avatar noMobi\"><img src=\"https:\/\/files.sunoresearch.com.br\/n\/uploads\/2018\/11\/c6ad30be-amanda-150x150.webp\" alt=\"Amanda Gushiken\"><\/a><div class=\"authorBox__name\"><span>por\n\t\t\t<a href=\"https:\/\/www.suno.com.br\/noticias\/author\/amanda\/\"><span itemprop=\"author\">Amanda Gushiken<\/span><\/a><\/span><time datetime=\"2019-06-14T14:31:32-03:00\" itemprop=\"datePublished\">14\/06\/2019 14:31<\/time><\/div><\/div><\/div><\/div><\/div>","single_layout":"posts","amp_enabled":true,"_links":{"self":[{"href":"https:\/\/www.suno.com.br\/noticias\/wp-json\/wp\/v2\/posts\/28201"}],"collection":[{"href":"https:\/\/www.suno.com.br\/noticias\/wp-json\/wp\/v2\/posts"}],"about":[{"href":"https:\/\/www.suno.com.br\/noticias\/wp-json\/wp\/v2\/types\/post"}],"author":[{"embeddable":true,"href":"https:\/\/www.suno.com.br\/noticias\/wp-json\/wp\/v2\/users\/12"}],"replies":[{"embeddable":true,"href":"https:\/\/www.suno.com.br\/noticias\/wp-json\/wp\/v2\/comments?post=28201"}],"version-history":[{"count":1,"href":"https:\/\/www.suno.com.br\/noticias\/wp-json\/wp\/v2\/posts\/28201\/revisions"}],"predecessor-version":[{"id":146397,"href":"https:\/\/www.suno.com.br\/noticias\/wp-json\/wp\/v2\/posts\/28201\/revisions\/146397"}],"wp:featuredmedia":[{"embeddable":true,"href":"https:\/\/www.suno.com.br\/noticias\/wp-json\/wp\/v2\/media\/4105"}],"wp:attachment":[{"href":"https:\/\/www.suno.com.br\/noticias\/wp-json\/wp\/v2\/media?parent=28201"}],"wp:term":[{"taxonomy":"category","embeddable":true,"href":"https:\/\/www.suno.com.br\/noticias\/wp-json\/wp\/v2\/categories?post=28201"},{"taxonomy":"post_tag","embeddable":true,"href":"https:\/\/www.suno.com.br\/noticias\/wp-json\/wp\/v2\/tags?post=28201"},{"taxonomy":"suno_strategy","embeddable":true,"href":"https:\/\/www.suno.com.br\/noticias\/wp-json\/wp\/v2\/suno_strategy?post=28201"}],"curies":[{"name":"wp","href":"https:\/\/api.w.org\/{rel}","templated":true}]}}