{"id":281341,"date":"2022-08-04T11:03:05","date_gmt":"2022-08-04T14:03:05","guid":{"rendered":"https:\/\/www.suno.com.br\/noticias\/?p=281341"},"modified":"2022-08-04T11:03:05","modified_gmt":"2022-08-04T14:03:05","slug":"5g-sao-paulo-quinta-feira","status":"publish","type":"post","link":"https:\/\/www.suno.com.br\/noticias\/5g-sao-paulo-quinta-feira\/","title":{"rendered":"5G estreia em S\u00e3o Paulo nesta quinta-feira (4)"},"content":{"rendered":"<p>Ap\u00f3s os tr\u00e2mites regulat\u00f3rios e o <a href=\"https:\/\/www.suno.com.br\/noticias\/huawei-leilao-5g\/\">leil\u00e3o<\/a>, o <strong>5G<\/strong> estreia nesta quinta-feira (4) na cidade de <a href=\"https:\/\/www.suno.com.br\/noticias\/governo-sp-reduz-icms-do-etanol-e-litro\/\">S\u00e3o Paulo<\/a>, sendo a quinta capital do pa\u00eds a receber a tecnologia.<\/p><div class=\"videoFull \">\n\t\t\t<div class=\"videoWrapper yt-lazyload center\"\n\t\t\t\tdata-width=\"960\"\n\t\t\t\tdata-height=\"540\"\n\t\t\t\tdata-id=\"lFcjPFBUpZc\"\n\t\t\t\tdata-alt=\"V\u00eddeo do YouTube - clique para reproduzir\"\n\t\t\t\tdata-logo=\"3\"\n\t\t\t\tdata-imagequality=\"maxres\">\n\t\t\t<\/div>\n\t\t<\/div><script type=\"application\/ld+json\">{\"@context\":\"https:\/\/schema.org\",\"@type\":\"VideoObject\",\"name\":\"Exterior negativo na volta de feriado nos EUA | Reuni\u00e3o ministerial no foco | Teles ativam 5G\",\"description\":\"\ud83d\udcca \ud835\udc00\ud835\udc29\ud835\udc2b\ud835\udc1e\ud835\udc27\ud835\udc1d\ud835\udc1a \ud835\udc1c\ud835\udc28\ud835\udc26\ud835\udc28 \ud835\udc1a\ud835\udc27\ud835\udc1a\ud835\udc25\ud835\udc22\ud835\udc2c\ud835\udc1a\ud835\udc2b \ud835\udc2e\ud835\udc26\ud835\udc1a \ud835\udc1a\u00e7\u00e3\ud835\udc28 [\ud835\udc04\ud835\udc01\ud835\udc0e\ud835\udc0e\ud835\udc0a \ud835\udc06\ud835\udc11\ud835\udc00\ud835\udc13\ud835\udc14\ud835\udc08\ud835\udc13\ud835\udc0e] \ud83d\udc49 https:\/\/lp.suno.com.br\/ebook-como-analisar-uma-acao\/?utm_source=youtube.noticias&utm_medium=video&utm_campaign=ebookcomoanalisarumaacao.20220307&utm_content= \ud83d\udcda [\ud835\udc04-\ud835\udc1b\ud835\udc28\ud835\udc28\ud835\udc24 \ud835\udc06\ud835\udc2b\ud835\udc1a\ud835\udc2d\ud835\udc2e\ud835\udc22\ud835\udc2d\ud835\udc28] \ud835\udc06\ud835\udc2e\ud835\udc22\ud835\udc1a \ud835\udc02\ud835\udc28\ud835\udc26\ud835\udc29\ud835\udc25\ud835\udc1e\ud835\udc2d\ud835\udc28: \ud835\udc03\ud835\udc22\ud835\udc2f\ud835\udc22\ud835\udc1d\ud835\udc1e\ud835\udc27\ud835\udc1d\ud835\udc28\ud835\udc2c: https:\/\/lp.suno.com.br\/lm\/ebook\/guia-completo-dividendos\/?utm_source=youtube.noticias&utm_medium=video&utm_campaign=ebook-guiacompleto:dividendos.20220315&utm_content= Exterior negativo na volta de feriado nos EUA | Reuni\u00e3o ministerial no foco | Teles ativam 5G | MORNING CALL | 05\/07 | Ter\u00e7a-feira #Ibovespa #Nasdaq #S&P500 #DowJones #5G #D\u00f3lar #sunonot\u00edcias #MorningCall Na manh\u00e3 desta ter\u00e7a-feira (5), os\u2026\",\"duration\":\"PT30M35S\",\"embedUrl\":\"https:\/\/www.youtube.com\/embed\/lFcjPFBUpZc\",\"regionsAllowed\":\"pt-BR\",\"interactionStatistic\":{\"@type\":\"InteractionCounter\",\"interactionType\":{\"@type\":\"WatchAction\"},\"userInteractionCount\":2457},\"thumbnailUrl\":\"https:\/\/i.ytimg.com\/vi\/lFcjPFBUpZc\/default.jpg\",\"uploadDate\":\"2022-07-05T12:35:06Z\"}<\/script>\n\n\t<p>\n\t\t<a href=\"\" target=\"_blank\" data-element=\"shortcode-suno-banner\" title=\"Banner SUNO, clique e saiba mais\">\n\t\t\t<picture>\n\t\t\t\t<source media=\"(max-width: 500px)\" srcset=\"\">\n\t\t\t\t<img class=\"newsContent__article__imgCapa newsContent__article__imgCapa--banner\"\n\t\t\t\t\tsrc=\"\"\n\t\t\t\t\tdata-promo-id=\"240038\"\t\t\t\t\t\t\t\t\t\t\t\t\t\t\talt=\"\"\n\t\t\t\t>\n\t\t\t<\/picture>\n\t\t<\/a>\n\t<\/p>\n\n\n<p>Anteriormente o 5G j\u00e1 estava dispon\u00edvel em Bras\u00edlia, Belo Horizonte, Jo\u00e3o Pessoa e Porto Alegre. A expectativa \u00e9 de que As pr\u00f3ximas cidades a receber o 5G devem ser Curitiba (PR), Rio de Janeiro (RJ), Goi\u00e2nia (GO) e Salvador (BA).<\/p>\n<p>Nessa primeira fase, a estimativa \u00e9 que o <strong>5G em SP<\/strong>,\u00a0cubra cerca de 25% da \u00e1rea urbana da cidade, com concentra\u00e7\u00e3o na regi\u00e3o da Avenida Paulista e do Itaim Bibi, ao passo que o Br\u00e1s e a Mooca ter\u00e3o uma cobertura menor neste primeiro momento.<\/p>\n<p>S\u00e3o Paulo s\u00f3 recebeu o 5G agora, apesar de ser a maior metr\u00f3pole do pa\u00eds, por conta de ter que ficar no aguardo de um aval da <a href=\"https:\/\/www.gov.br\/anatel\/pt-br\">Ag\u00eancia Nacional de Comunica\u00e7\u00f5es (Anatel)<\/a>.<\/p>\n<p>Segundo as regras do edital, seriam necess\u00e1rias, no m\u00ednimo, 462 esta\u00e7\u00f5es ativadas at\u00e9 o dia 29 de setembro.<\/p>\n<p>O \u00f3rg\u00e3o regulador avaliava o crescimento do espa\u00e7o por onde passam as ondas do 5G.<\/p>\n<p>Isso pois, em caso de erros de trajeto, o\u00a0<strong>sinal do 5G<\/strong> pode vir a atrapalhar TVs parab\u00f3licas, por exemplo &#8211; utilizadas por cerca de 10 milh\u00f5es de pessoas no Brasil.<\/p>\n\t<p>\n\t\t<a href=\"https:\/\/lp.suno.com.br\/planilha-controle-gastos\/\" target=\"_blank\" data-element=\"shortcode-suno-banner\" title=\"Banner SUNO, clique e saiba mais\">\n\t\t\t<picture>\n\t\t\t\t<source media=\"(max-width: 500px)\" srcset=\"https:\/\/files.sunoresearch.com.br\/n\/uploads\/2023\/03\/400x300-Planilha-controle-de-gastos.png\">\n\t\t\t\t<img class=\"newsContent__article__imgCapa newsContent__article__imgCapa--banner\"\n\t\t\t\t\tsrc=\"https:\/\/files.sunoresearch.com.br\/n\/uploads\/2023\/03\/1420x240-Planilha-controle-de-gastos.png\"\n\t\t\t\t\tdata-promo-id=\"101751\"\t\t\t\t\t\t\t\t\t\twidth='1420' height='240'\t\t\t\t\talt=\"https:\/\/files.sunoresearch.com.br\/n\/uploads\/2023\/03\/1420x240-Planilha-controle-de-gastos.png\"\n\t\t\t\t>\n\t\t\t<\/picture>\n\t\t<\/a>\n\t<\/p>\n\n\n<p>A expectativa \u00e9 de que, com a amplia\u00e7\u00e3o da tecnologia, os usu\u00e1rios possam ter maior velocidade de conex\u00e3o \u00e0 internet, menos lat\u00eancia e menor gasto de bateria dos aparelhos conectados.<\/p>\n<p>S\u00e3o cerca de 61 modelos de smartphones que podem receber a tecnologia, incluindo as marcas Apple (AAPL34), Samsung, Asus, Motorola, Nokia, TCL, Xiaomi e Positivo.<\/p>\n<h2>Entenda os tipos de 5G<\/h2>\n<p>Vale lembrar que o sinal do n\u00e3o \u00e9 equ\u00e2nime. Existem, atualmente, tr\u00eas tipos:<\/p>\n<ul>\n<li>DSS, que usa a infraestrutura e faixas de frequ\u00eancias do 4G para oferecer internet mais r\u00e1pida<\/li>\n<li>NSA, ou Non Standalone, que usa a frequ\u00eancia de 5G, por\u00e9m com n\u00facleo da rede 4G (nesse caso, a velocidade \u00e9 r\u00e1pida, por\u00e9m as redu\u00e7\u00f5es de lat\u00eancia n\u00e3o s\u00e3o verificadas)<\/li>\n<li>SA, ou Sandalone, que \u00e9 considerado a rede totalmente 5G, com as vantagens de velocidade e lat\u00eancia.<\/li>\n<\/ul>\n<p>A estimativa \u00e9 que todas as cidades brasileiras tenham redes h\u00edbridas, de mais de um tipo. A expectativa \u00e9 que sejam <strong>5G<\/strong> NSA e 5G SA (na frequ\u00eancia de 3,5 GHz).<\/p>\n\t<p>\n\t\t<a href=\"https:\/\/lp.suno.com.br\/planilha-da-vida-financeira\/\" target=\"_blank\" data-element=\"shortcode-suno-banner\" title=\"Banner SUNO, clique e saiba mais\">\n\t\t\t<picture>\n\t\t\t\t<source media=\"(max-width: 500px)\" srcset=\"https:\/\/files.sunoresearch.com.br\/n\/uploads\/2023\/04\/400x300-Planilha-vida-financeira-true.png\">\n\t\t\t\t<img class=\"newsContent__article__imgCapa newsContent__article__imgCapa--banner\"\n\t\t\t\t\tsrc=\"https:\/\/files.sunoresearch.com.br\/n\/uploads\/2023\/04\/1420x240-Planilha-vida-financeira-true.png\"\n\t\t\t\t\tdata-promo-id=\"106682\"\t\t\t\t\t\t\t\t\t\twidth='1420' height='240'\t\t\t\t\talt=\"https:\/\/files.sunoresearch.com.br\/n\/uploads\/2023\/04\/1420x240-Planilha-vida-financeira-true.png\"\n\t\t\t\t>\n\t\t\t<\/picture>\n\t\t<\/a>\n\t<\/p>\n\n\n","protected":false},"excerpt":{"rendered":"<p>Ap\u00f3s os tr\u00e2mites regulat\u00f3rios e o leil\u00e3o, o 5G estreia nesta quinta-feira (4) na cidade de S\u00e3o Paulo, sendo a quinta capital do pa\u00eds a receber a tecnologia. Anteriormente o 5G j\u00e1 estava dispon\u00edvel em Bras\u00edlia, Belo Horizonte, Jo\u00e3o Pessoa e Porto Alegre. A expectativa \u00e9 de que As pr\u00f3ximas cidades a receber o 5G [&hellip;]<\/p>\n","protected":false},"author":73,"featured_media":200821,"comment_status":"closed","ping_status":"closed","sticky":false,"template":"","format":"standard","meta":[],"categories":[62],"tags":[1236,843],"suno_strategy":[],"class_list":["post-281341","post","type-post","status-publish","format-standard","has-post-thumbnail","hentry","category-economia","tag-5g","tag-sao-paulo"],"yoast_head":"<!-- This site is optimized with the Yoast SEO plugin v24.4 - https:\/\/yoast.com\/wordpress\/plugins\/seo\/ -->\n<title>5G estreia em S\u00e3o Paulo nesta quinta-feira (4)<\/title>\n<meta name=\"description\" content=\"Anteriormente o 5G j\u00e1 estava dispon\u00edvel em Bras\u00edlia, Belo Horizonte, Jo\u00e3o Pessoa e Porto Alegre. Clique aqui e saiba mais sobre!\" \/>\n<meta name=\"robots\" content=\"index, follow, max-snippet:-1, max-image-preview:large, max-video-preview:-1\" \/>\n<link rel=\"canonical\" href=\"https:\/\/www.suno.com.br\/noticias\/5g-sao-paulo-quinta-feira\/\" \/>\n<meta property=\"og:locale\" content=\"pt_BR\" \/>\n<meta property=\"og:type\" content=\"article\" \/>\n<meta property=\"og:title\" content=\"5G estreia em S\u00e3o Paulo nesta quinta-feira (4)\" \/>\n<meta property=\"og:description\" content=\"Anteriormente o 5G j\u00e1 estava dispon\u00edvel em Bras\u00edlia, Belo Horizonte, Jo\u00e3o Pessoa e Porto Alegre. Clique aqui e saiba mais sobre!\" \/>\n<meta property=\"og:url\" content=\"https:\/\/www.suno.com.br\/noticias\/5g-sao-paulo-quinta-feira\/\" \/>\n<meta property=\"og:site_name\" content=\"Suno Not\u00edcias\" \/>\n<meta property=\"article:publisher\" content=\"https:\/\/facebook.com\/sunoresearch\" \/>\n<meta property=\"og:image\" content=\"https:\/\/files.sunoresearch.com.br\/n\/uploads\/2021\/11\/exposicao_de_tecnologia_5g_digita_day_fpzzb_abr_0405217795-scaled.jpg\" \/>\n\t<meta property=\"og:image:width\" content=\"2560\" \/>\n\t<meta property=\"og:image:height\" content=\"1707\" \/>\n\t<meta property=\"og:image:type\" content=\"image\/jpeg\" \/>\n<meta name=\"author\" content=\"Eduardo Vargas\" \/>\n<meta name=\"twitter:card\" content=\"summary_large_image\" \/>\n<meta name=\"twitter:creator\" content=\"@sunoresearch\" \/>\n<meta name=\"twitter:site\" content=\"@sunoresearch\" \/>\n<meta name=\"twitter:label1\" content=\"Escrito por\" \/>\n\t<meta name=\"twitter:data1\" content=\"Eduardo Vargas\" \/>\n\t<meta name=\"twitter:label2\" content=\"Est. tempo de leitura\" \/>\n\t<meta name=\"twitter:data2\" content=\"3 minutos\" \/>\n<script type=\"application\/ld+json\" class=\"yoast-schema-graph\">{\"@context\":\"https:\/\/schema.org\",\"@graph\":[{\"@type\":\"NewsArticle\",\"@id\":\"https:\/\/www.suno.com.br\/noticias\/5g-sao-paulo-quinta-feira\/#article\",\"isPartOf\":{\"@id\":\"https:\/\/www.suno.com.br\/noticias\/5g-sao-paulo-quinta-feira\/\"},\"author\":{\"name\":\"Eduardo Vargas\",\"@id\":\"https:\/\/www.suno.com.br\/noticias\/#\/schema\/person\/7f4d362bf3518e76090143ae77bb49a5\"},\"headline\":\"5G estreia em S\u00e3o Paulo nesta quinta-feira (4)\",\"datePublished\":\"2022-08-04T14:03:05+00:00\",\"mainEntityOfPage\":{\"@id\":\"https:\/\/www.suno.com.br\/noticias\/5g-sao-paulo-quinta-feira\/\"},\"wordCount\":427,\"publisher\":{\"@id\":\"https:\/\/www.suno.com.br\/noticias\/#organization\"},\"image\":{\"@id\":\"https:\/\/www.suno.com.br\/noticias\/5g-sao-paulo-quinta-feira\/#primaryimage\"},\"thumbnailUrl\":\"https:\/\/files.sunoresearch.com.br\/n\/uploads\/2021\/11\/exposicao_de_tecnologia_5g_digita_day_fpzzb_abr_0405217795-scaled.jpg\",\"keywords\":[\"5G\",\"S\u00e3o Paulo\"],\"articleSection\":[\"Economia\"],\"inLanguage\":\"pt-BR\"},{\"@type\":\"WebPage\",\"@id\":\"https:\/\/www.suno.com.br\/noticias\/5g-sao-paulo-quinta-feira\/\",\"url\":\"https:\/\/www.suno.com.br\/noticias\/5g-sao-paulo-quinta-feira\/\",\"name\":\"5G estreia em S\u00e3o Paulo nesta quinta-feira (4)\",\"isPartOf\":{\"@id\":\"https:\/\/www.suno.com.br\/noticias\/#website\"},\"primaryImageOfPage\":{\"@id\":\"https:\/\/www.suno.com.br\/noticias\/5g-sao-paulo-quinta-feira\/#primaryimage\"},\"image\":{\"@id\":\"https:\/\/www.suno.com.br\/noticias\/5g-sao-paulo-quinta-feira\/#primaryimage\"},\"thumbnailUrl\":\"https:\/\/files.sunoresearch.com.br\/n\/uploads\/2021\/11\/exposicao_de_tecnologia_5g_digita_day_fpzzb_abr_0405217795-scaled.jpg\",\"datePublished\":\"2022-08-04T14:03:05+00:00\",\"description\":\"Anteriormente o 5G j\u00e1 estava dispon\u00edvel em Bras\u00edlia, Belo Horizonte, Jo\u00e3o Pessoa e Porto Alegre. Clique aqui e saiba mais sobre!\",\"breadcrumb\":{\"@id\":\"https:\/\/www.suno.com.br\/noticias\/5g-sao-paulo-quinta-feira\/#breadcrumb\"},\"inLanguage\":\"pt-BR\",\"potentialAction\":[{\"@type\":\"ReadAction\",\"target\":[\"https:\/\/www.suno.com.br\/noticias\/5g-sao-paulo-quinta-feira\/\"]}]},{\"@type\":\"ImageObject\",\"inLanguage\":\"pt-BR\",\"@id\":\"https:\/\/www.suno.com.br\/noticias\/5g-sao-paulo-quinta-feira\/#primaryimage\",\"url\":\"https:\/\/files.sunoresearch.com.br\/n\/uploads\/2021\/11\/exposicao_de_tecnologia_5g_digita_day_fpzzb_abr_0405217795-scaled.jpg\",\"contentUrl\":\"https:\/\/files.sunoresearch.com.br\/n\/uploads\/2021\/11\/exposicao_de_tecnologia_5g_digita_day_fpzzb_abr_0405217795-scaled.jpg\",\"width\":2560,\"height\":1707,\"caption\":\"Anatel libera 5G em mais sete capitais a partir desta\u00a0segunda\"},{\"@type\":\"BreadcrumbList\",\"@id\":\"https:\/\/www.suno.com.br\/noticias\/5g-sao-paulo-quinta-feira\/#breadcrumb\",\"itemListElement\":[{\"@type\":\"ListItem\",\"position\":1,\"name\":\"Not\u00edcias\",\"item\":\"https:\/\/www.suno.com.br\/noticias\/\"},{\"@type\":\"ListItem\",\"position\":2,\"name\":\"Economia\",\"item\":\"https:\/\/www.suno.com.br\/noticias\/economia\/\"},{\"@type\":\"ListItem\",\"position\":3,\"name\":\"5G estreia em S\u00e3o Paulo nesta quinta-feira (4)\"}]},{\"@type\":\"WebSite\",\"@id\":\"https:\/\/www.suno.com.br\/noticias\/#website\",\"url\":\"https:\/\/www.suno.com.br\/noticias\/\",\"name\":\"Suno Not\u00edcias\",\"description\":\"Seu portal de informa\u00e7\u00e3o sobre o mundo dos investimentos\",\"publisher\":{\"@id\":\"https:\/\/www.suno.com.br\/noticias\/#organization\"},\"potentialAction\":[{\"@type\":\"SearchAction\",\"target\":{\"@type\":\"EntryPoint\",\"urlTemplate\":\"https:\/\/www.suno.com.br\/noticias\/?s={search_term_string}\"},\"query-input\":{\"@type\":\"PropertyValueSpecification\",\"valueRequired\":true,\"valueName\":\"search_term_string\"}}],\"inLanguage\":\"pt-BR\"},{\"@type\":\"Organization\",\"@id\":\"https:\/\/www.suno.com.br\/noticias\/#organization\",\"name\":\"Suno Not\u00edcias\",\"url\":\"https:\/\/www.suno.com.br\/noticias\/\",\"logo\":{\"@type\":\"ImageObject\",\"inLanguage\":\"pt-BR\",\"@id\":\"https:\/\/www.suno.com.br\/noticias\/#\/schema\/logo\/image\/\",\"url\":\"https:\/\/files.sunoresearch.com.br\/n\/uploads\/2021\/09\/suno-logo.png\",\"contentUrl\":\"https:\/\/files.sunoresearch.com.br\/n\/uploads\/2021\/09\/suno-logo.png\",\"width\":180,\"height\":180,\"caption\":\"Suno Not\u00edcias\"},\"image\":{\"@id\":\"https:\/\/www.suno.com.br\/noticias\/#\/schema\/logo\/image\/\"},\"sameAs\":[\"https:\/\/facebook.com\/sunoresearch\",\"https:\/\/x.com\/sunoresearch\",\"https:\/\/www.instagram.com\/suno\",\"https:\/\/www.linkedin.com\/company\/suno-research\/\",\"https:\/\/www.youtube.com\/c\/sunoresearch\"]},{\"@type\":\"Person\",\"@id\":\"https:\/\/www.suno.com.br\/noticias\/#\/schema\/person\/7f4d362bf3518e76090143ae77bb49a5\",\"name\":\"Eduardo Vargas\",\"image\":{\"@type\":\"ImageObject\",\"inLanguage\":\"pt-BR\",\"@id\":\"https:\/\/www.suno.com.br\/noticias\/#\/schema\/person\/image\/\",\"url\":\"https:\/\/secure.gravatar.com\/avatar\/dac340933427a22924c9f99d1eb2e3f2?s=96&r=g\",\"contentUrl\":\"https:\/\/secure.gravatar.com\/avatar\/dac340933427a22924c9f99d1eb2e3f2?s=96&r=g\",\"caption\":\"Eduardo Vargas\"},\"description\":\"Jornalista formado pela UFSC, cobre macroeconomia, neg\u00f3cios e startups para o Suno Not\u00edcias, escrevendo principalmente not\u00edcias sobre o mercado financeiro e a bolsa de valores. No YouTube e no Instagram, \u00e9 respons\u00e1vel pela produ\u00e7\u00e3o de Reels e Shorts do Suno Not\u00edcias. Anteriormente, trabalhou cobrindo economia e cotidiano no ND+ e para o ND, maior jornal impresso de Santa Catarina. Cursou um semestre letivo de Estudos de M\u00eddia na Universidad de Buenos Aires.\",\"url\":\"https:\/\/www.suno.com.br\/noticias\/author\/eduardo-vargas\/\"}]}<\/script>\n<!-- \/ Yoast SEO plugin. -->","yoast_head_json":{"title":"5G estreia em S\u00e3o Paulo nesta quinta-feira (4)","description":"Anteriormente o 5G j\u00e1 estava dispon\u00edvel em Bras\u00edlia, Belo Horizonte, Jo\u00e3o Pessoa e Porto Alegre. Clique aqui e saiba mais sobre!","robots":{"index":"index","follow":"follow","max-snippet":"max-snippet:-1","max-image-preview":"max-image-preview:large","max-video-preview":"max-video-preview:-1"},"canonical":"https:\/\/www.suno.com.br\/noticias\/5g-sao-paulo-quinta-feira\/","og_locale":"pt_BR","og_type":"article","og_title":"5G estreia em S\u00e3o Paulo nesta quinta-feira (4)","og_description":"Anteriormente o 5G j\u00e1 estava dispon\u00edvel em Bras\u00edlia, Belo Horizonte, Jo\u00e3o Pessoa e Porto Alegre. Clique aqui e saiba mais sobre!","og_url":"https:\/\/www.suno.com.br\/noticias\/5g-sao-paulo-quinta-feira\/","og_site_name":"Suno Not\u00edcias","article_publisher":"https:\/\/facebook.com\/sunoresearch","og_image":[{"width":2560,"height":1707,"url":"https:\/\/files.sunoresearch.com.br\/n\/uploads\/2021\/11\/exposicao_de_tecnologia_5g_digita_day_fpzzb_abr_0405217795-scaled.jpg","type":"image\/jpeg"}],"author":"Eduardo Vargas","twitter_card":"summary_large_image","twitter_creator":"@sunoresearch","twitter_site":"@sunoresearch","twitter_misc":{"Escrito por":"Eduardo Vargas","Est. tempo de leitura":"3 minutos"},"schema":{"@context":"https:\/\/schema.org","@graph":[{"@type":"NewsArticle","@id":"https:\/\/www.suno.com.br\/noticias\/5g-sao-paulo-quinta-feira\/#article","isPartOf":{"@id":"https:\/\/www.suno.com.br\/noticias\/5g-sao-paulo-quinta-feira\/"},"author":{"name":"Eduardo Vargas","@id":"https:\/\/www.suno.com.br\/noticias\/#\/schema\/person\/7f4d362bf3518e76090143ae77bb49a5"},"headline":"5G estreia em S\u00e3o Paulo nesta quinta-feira (4)","datePublished":"2022-08-04T14:03:05+00:00","mainEntityOfPage":{"@id":"https:\/\/www.suno.com.br\/noticias\/5g-sao-paulo-quinta-feira\/"},"wordCount":427,"publisher":{"@id":"https:\/\/www.suno.com.br\/noticias\/#organization"},"image":{"@id":"https:\/\/www.suno.com.br\/noticias\/5g-sao-paulo-quinta-feira\/#primaryimage"},"thumbnailUrl":"https:\/\/files.sunoresearch.com.br\/n\/uploads\/2021\/11\/exposicao_de_tecnologia_5g_digita_day_fpzzb_abr_0405217795-scaled.jpg","keywords":["5G","S\u00e3o Paulo"],"articleSection":["Economia"],"inLanguage":"pt-BR"},{"@type":"WebPage","@id":"https:\/\/www.suno.com.br\/noticias\/5g-sao-paulo-quinta-feira\/","url":"https:\/\/www.suno.com.br\/noticias\/5g-sao-paulo-quinta-feira\/","name":"5G estreia em S\u00e3o Paulo nesta quinta-feira (4)","isPartOf":{"@id":"https:\/\/www.suno.com.br\/noticias\/#website"},"primaryImageOfPage":{"@id":"https:\/\/www.suno.com.br\/noticias\/5g-sao-paulo-quinta-feira\/#primaryimage"},"image":{"@id":"https:\/\/www.suno.com.br\/noticias\/5g-sao-paulo-quinta-feira\/#primaryimage"},"thumbnailUrl":"https:\/\/files.sunoresearch.com.br\/n\/uploads\/2021\/11\/exposicao_de_tecnologia_5g_digita_day_fpzzb_abr_0405217795-scaled.jpg","datePublished":"2022-08-04T14:03:05+00:00","description":"Anteriormente o 5G j\u00e1 estava dispon\u00edvel em Bras\u00edlia, Belo Horizonte, Jo\u00e3o Pessoa e Porto Alegre. Clique aqui e saiba mais sobre!","breadcrumb":{"@id":"https:\/\/www.suno.com.br\/noticias\/5g-sao-paulo-quinta-feira\/#breadcrumb"},"inLanguage":"pt-BR","potentialAction":[{"@type":"ReadAction","target":["https:\/\/www.suno.com.br\/noticias\/5g-sao-paulo-quinta-feira\/"]}]},{"@type":"ImageObject","inLanguage":"pt-BR","@id":"https:\/\/www.suno.com.br\/noticias\/5g-sao-paulo-quinta-feira\/#primaryimage","url":"https:\/\/files.sunoresearch.com.br\/n\/uploads\/2021\/11\/exposicao_de_tecnologia_5g_digita_day_fpzzb_abr_0405217795-scaled.jpg","contentUrl":"https:\/\/files.sunoresearch.com.br\/n\/uploads\/2021\/11\/exposicao_de_tecnologia_5g_digita_day_fpzzb_abr_0405217795-scaled.jpg","width":2560,"height":1707,"caption":"Anatel libera 5G em mais sete capitais a partir desta\u00a0segunda"},{"@type":"BreadcrumbList","@id":"https:\/\/www.suno.com.br\/noticias\/5g-sao-paulo-quinta-feira\/#breadcrumb","itemListElement":[{"@type":"ListItem","position":1,"name":"Not\u00edcias","item":"https:\/\/www.suno.com.br\/noticias\/"},{"@type":"ListItem","position":2,"name":"Economia","item":"https:\/\/www.suno.com.br\/noticias\/economia\/"},{"@type":"ListItem","position":3,"name":"5G estreia em S\u00e3o Paulo nesta quinta-feira (4)"}]},{"@type":"WebSite","@id":"https:\/\/www.suno.com.br\/noticias\/#website","url":"https:\/\/www.suno.com.br\/noticias\/","name":"Suno Not\u00edcias","description":"Seu portal de informa\u00e7\u00e3o sobre o mundo dos investimentos","publisher":{"@id":"https:\/\/www.suno.com.br\/noticias\/#organization"},"potentialAction":[{"@type":"SearchAction","target":{"@type":"EntryPoint","urlTemplate":"https:\/\/www.suno.com.br\/noticias\/?s={search_term_string}"},"query-input":{"@type":"PropertyValueSpecification","valueRequired":true,"valueName":"search_term_string"}}],"inLanguage":"pt-BR"},{"@type":"Organization","@id":"https:\/\/www.suno.com.br\/noticias\/#organization","name":"Suno Not\u00edcias","url":"https:\/\/www.suno.com.br\/noticias\/","logo":{"@type":"ImageObject","inLanguage":"pt-BR","@id":"https:\/\/www.suno.com.br\/noticias\/#\/schema\/logo\/image\/","url":"https:\/\/files.sunoresearch.com.br\/n\/uploads\/2021\/09\/suno-logo.png","contentUrl":"https:\/\/files.sunoresearch.com.br\/n\/uploads\/2021\/09\/suno-logo.png","width":180,"height":180,"caption":"Suno Not\u00edcias"},"image":{"@id":"https:\/\/www.suno.com.br\/noticias\/#\/schema\/logo\/image\/"},"sameAs":["https:\/\/facebook.com\/sunoresearch","https:\/\/x.com\/sunoresearch","https:\/\/www.instagram.com\/suno","https:\/\/www.linkedin.com\/company\/suno-research\/","https:\/\/www.youtube.com\/c\/sunoresearch"]},{"@type":"Person","@id":"https:\/\/www.suno.com.br\/noticias\/#\/schema\/person\/7f4d362bf3518e76090143ae77bb49a5","name":"Eduardo Vargas","image":{"@type":"ImageObject","inLanguage":"pt-BR","@id":"https:\/\/www.suno.com.br\/noticias\/#\/schema\/person\/image\/","url":"https:\/\/secure.gravatar.com\/avatar\/dac340933427a22924c9f99d1eb2e3f2?s=96&r=g","contentUrl":"https:\/\/secure.gravatar.com\/avatar\/dac340933427a22924c9f99d1eb2e3f2?s=96&r=g","caption":"Eduardo Vargas"},"description":"Jornalista formado pela UFSC, cobre macroeconomia, neg\u00f3cios e startups para o Suno Not\u00edcias, escrevendo principalmente not\u00edcias sobre o mercado financeiro e a bolsa de valores. No YouTube e no Instagram, \u00e9 respons\u00e1vel pela produ\u00e7\u00e3o de Reels e Shorts do Suno Not\u00edcias. Anteriormente, trabalhou cobrindo economia e cotidiano no ND+ e para o ND, maior jornal impresso de Santa Catarina. Cursou um semestre letivo de Estudos de M\u00eddia na Universidad de Buenos Aires.","url":"https:\/\/www.suno.com.br\/noticias\/author\/eduardo-vargas\/"}]}},"default_loop_html":"<div class=\"cardsPage__listCard__boxs\"><div class=\"cardsPage__listCard__boxs__img\"><a href=\"https:\/\/www.suno.com.br\/noticias\/5g-sao-paulo-quinta-feira\/\"><img class=\"mask\" src=\"https:\/\/www.suno.com.br\/noticias\/wp-content\/themes\/suno\/resources\/images\/spotlight\/spotlight1img\/bg-mask.png\" alt=\"Image Mask\"\/><img src=\"https:\/\/files.sunoresearch.com.br\/n\/uploads\/2021\/11\/exposicao_de_tecnologia_5g_digita_day_fpzzb_abr_0405217795-400x200.jpg\" alt=\"5G estreia em S\u00e3o Paulo nesta quinta-feira (4)\"\/><\/a><span class=\"spotlightCategory\"><a href=\"https:\/\/www.suno.com.br\/noticias\/economia\/\">Economia<\/a><\/span><\/div><div class=\"cardsPage__listCard__boxs__content\"><a href=\"https:\/\/www.suno.com.br\/noticias\/5g-sao-paulo-quinta-feira\/\"><h2 class=\"content__title\">5G estreia em S\u00e3o Paulo nesta quinta-feira (4)<\/h2><\/a><div class=\"newsContent__article__meta\"><div class=\"newsContent__article__meta__authorBox\"><a href=\"https:\/\/www.suno.com.br\/noticias\/author\/eduardo-vargas\/\" class=\"authorBox__avatar noMobi\"><img src=\"https:\/\/secure.gravatar.com\/avatar\/dac340933427a22924c9f99d1eb2e3f2?s=96&#038;r=g\" alt=\"Eduardo Vargas\"><\/a><div class=\"authorBox__name\"><span>por\n\t\t\t<a href=\"https:\/\/www.suno.com.br\/noticias\/author\/eduardo-vargas\/\"><span itemprop=\"author\">Eduardo Vargas<\/span><\/a><\/span><time datetime=\"2022-08-04T11:03:05-03:00\" itemprop=\"datePublished\">04\/08\/2022 11:03<\/time><\/div><\/div><\/div><\/div><\/div>","single_layout":"posts","amp_enabled":true,"_links":{"self":[{"href":"https:\/\/www.suno.com.br\/noticias\/wp-json\/wp\/v2\/posts\/281341"}],"collection":[{"href":"https:\/\/www.suno.com.br\/noticias\/wp-json\/wp\/v2\/posts"}],"about":[{"href":"https:\/\/www.suno.com.br\/noticias\/wp-json\/wp\/v2\/types\/post"}],"author":[{"embeddable":true,"href":"https:\/\/www.suno.com.br\/noticias\/wp-json\/wp\/v2\/users\/73"}],"replies":[{"embeddable":true,"href":"https:\/\/www.suno.com.br\/noticias\/wp-json\/wp\/v2\/comments?post=281341"}],"version-history":[{"count":3,"href":"https:\/\/www.suno.com.br\/noticias\/wp-json\/wp\/v2\/posts\/281341\/revisions"}],"predecessor-version":[{"id":281355,"href":"https:\/\/www.suno.com.br\/noticias\/wp-json\/wp\/v2\/posts\/281341\/revisions\/281355"}],"wp:featuredmedia":[{"embeddable":true,"href":"https:\/\/www.suno.com.br\/noticias\/wp-json\/wp\/v2\/media\/200821"}],"wp:attachment":[{"href":"https:\/\/www.suno.com.br\/noticias\/wp-json\/wp\/v2\/media?parent=281341"}],"wp:term":[{"taxonomy":"category","embeddable":true,"href":"https:\/\/www.suno.com.br\/noticias\/wp-json\/wp\/v2\/categories?post=281341"},{"taxonomy":"post_tag","embeddable":true,"href":"https:\/\/www.suno.com.br\/noticias\/wp-json\/wp\/v2\/tags?post=281341"},{"taxonomy":"suno_strategy","embeddable":true,"href":"https:\/\/www.suno.com.br\/noticias\/wp-json\/wp\/v2\/suno_strategy?post=281341"}],"curies":[{"name":"wp","href":"https:\/\/api.w.org\/{rel}","templated":true}]}}