{"id":28096,"date":"2019-06-13T17:29:20","date_gmt":"2019-06-13T20:29:20","guid":{"rendered":"https:\/\/www.suno.com.br\/noticias\/?p=28096"},"modified":"2019-06-13T17:29:20","modified_gmt":"2019-06-13T20:29:20","slug":"ibovespa-fechamento-13062019","status":"publish","type":"post","link":"https:\/\/www.suno.com.br\/noticias\/ibovespa-fechamento-13062019\/","title":{"rendered":"Ibovespa fecha em alta ap\u00f3s apresenta\u00e7\u00e3o do parecer da Previd\u00eancia"},"content":{"rendered":"<p>O Ibovespa encerrou em alta de\u00a00,46% com<strong>\u00a098.773,70 pontos<\/strong> nesta quinta-feira (13). A alta ocorre na data de apresenta\u00e7\u00e3o do <strong>parecer<\/strong> da reforma da Previd\u00eancia na <strong>comiss\u00e3o especial<\/strong> da C\u00e2mara.<\/p>\t<div class=\"wrapper-featured-image\">\n\t\t<figure class=\"spotlightImg\">\n\n\t\t\t<picture>\n\t\t\t\t<source media=\"(max-width: 768px)\" srcset=\"https:\/\/files.sunoresearch.com.br\/n\/uploads\/2019\/04\/1e88003e-ibovespa-400x200.webp\">\n\t\t\t\t<img loading=\"lazy\" decoding=\"async\" class=\"newsContent__article__imgCapa lazyloadDisabled newsContent__article__imgCapa--noCaption\" src=\"https:\/\/files.sunoresearch.com.br\/n\/uploads\/2019\/04\/1e88003e-ibovespa-jpg.webp\" width=\"800\" height=\"450\" alt=\"Ibovespa fecha em alta ap\u00f3s apresenta\u00e7\u00e3o do parecer da Previd\u00eancia\" fetchpriority=high \/>\n\t\t\t<\/picture>\n\n\t\t\t<figcaption class=\"wp-caption-text wp-caption-text--hide\">\u00cdndices futuros de NY operam em alta \u00e0 espera de uma vacina<\/figcaption>\n\t\t<\/figure>\n\t<\/div>\n\n\n<p>Para elevar a economia da aprova\u00e7\u00e3o da <strong>reforma da Previd\u00eancia<\/strong> foi proposto o aumento da <strong>al\u00edquota<\/strong> da CSLL paga por <strong>bancos<\/strong>. A not\u00edcia agradou aos investidores, e o <strong>Ibovespa<\/strong> obteve alta.<\/p>\n<p>Paralelamente, o minist\u00e9rio da Agricultura informou que a exporta\u00e7\u00e3o de <strong>carne bovina<\/strong> para a <strong>China<\/strong> voltou a ser autorizada.<\/p>\n<p>A pontua\u00e7\u00e3o m\u00ednima do <strong>Ibovespa<\/strong> foi de\u00a098.321,11 pontos, e a m\u00e1xima de\u00a099.364,48 pontos.<\/p>\n\t<p>\n\t\t<a href=\"https:\/\/lp.suno.com.br\/ao\/sessao-estrategica-consultoria-c\/?utm_source=suno-noticias&#038;utm_medium=banner&#038;utm_campaing=dividendos-taxacao-pl\" target=\"_blank\" data-element=\"shortcode-suno-banner\" title=\"Banner SUNO, clique e saiba mais\">\n\t\t\t<picture>\n\t\t\t\t<source media=\"(max-width: 500px)\" srcset=\"https:\/\/files.sunoresearch.com.br\/n\/uploads\/2025\/09\/300x400.webp\">\n\t\t\t\t<img class=\"newsContent__article__imgCapa newsContent__article__imgCapa--banner\"\n\t\t\t\t\tsrc=\"https:\/\/files.sunoresearch.com.br\/n\/uploads\/2025\/09\/SN-DT-1420x240-1.webp\"\n\t\t\t\t\tdata-promo-id=\"628283\"\t\t\t\t\t\t\t\t\t\twidth='1420' height='240'\t\t\t\t\talt=\"https:\/\/files.sunoresearch.com.br\/n\/uploads\/2025\/09\/SN-DT-1420x240-1.webp\"\n\t\t\t\t>\n\t\t\t<\/picture>\n\t\t<\/a>\n\t<\/p>\n\n\n<h2>Parecer da comiss\u00e3o especial da reforma da Previd\u00eancia \u00e9 apresentado<\/h2>\n<p>Dentre os principais pontos de mudan\u00e7as do parecer da comiss\u00e3o especial da C\u00e2mara, propostos no texto da reforma da Previd\u00eancia, que repercutiram no mercado financeiro, est\u00e3o:<\/p>\n<ul>\n<li>aumento de contribui\u00e7\u00e3o da\u00a0<a href=\"https:\/\/www.suno.com.br\/artigos\/csll\/\">Contribui\u00e7\u00e3o Social sobre o Lucro L\u00edquido<\/a> (<strong>CSLL<\/strong>) dos <strong>bancos<\/strong>, de 15% para 20%;<\/li>\n<li>economia prevista de\u00a0R$ 913,4 bilh\u00f5es em dez anos, contra\u00a0R$ 1,2 trilh\u00e3o em dez anos previstos anteriormente pelo <strong>minist\u00e9rio da Economia<\/strong>.<\/li>\n<\/ul>\n<p><a href=\"https:\/\/www.suno.com.br\/noticias\/reforma-previdencia-economia-9134\/\">Saiba mais &#8211;\u00a0Reforma da previd\u00eancia ter\u00e1 economia de R$ 913,4 bi em dez anos<\/a><\/p>\n<h2>Bancos t\u00eam perdas no Ibovespa<\/h2>\n<p>Com a possibilidade de maior pagamento de <strong>tributos<\/strong> ao governo, os bancos figuraram entre os destaques negativos do <strong>Ibovespa<\/strong> durante a tarde:<\/p>\n<ul>\n<li>o <strong>Ita\u00fa Unibanco<\/strong> (ITUB4);<\/li>\n<li>o <strong>Banco do Brasil<\/strong> (BBAS3);<\/li>\n<li>o <strong>Bradesco<\/strong> (BBDC3);<\/li>\n<li>e o <strong>Santander<\/strong> (SANB3).<\/li>\n<\/ul>\n<p><a href=\"https:\/\/www.suno.com.br\/noticias\/bancos-acoes-csll-reforma-previdencia\/\">Saiba mais &#8211;\u00a0Bancos caem com aumento da CSLL proposto no parecer da Previd\u00eancia<\/a><\/p>\n<h2>BRF e Marfrig sobem, enquanto JBS cai<\/h2>\n<p>Confira abaixo os principais acontecimentos que criaram o contraste nas cota\u00e7\u00f5es das gigantes dos alimentos:<\/p>\n<ul>\n<li>Presidente-executivo da <strong>BRF<\/strong> (BRFS3), <a href=\"https:\/\/www.suno.com.br\/tudo-sobre\/pedro-parente\/\">Pedro Parente<\/a>, mencionou\u00a0\u201calternativas de crescimento <strong>n\u00e3o org\u00e2nicas<\/strong>\u201d, referindo-se ao mercado de carne<strong> halal<\/strong>, como um novo foco da companhia.<\/li>\n<li>Maior acionista da <strong>Marfrig<\/strong> (MRFG3), Marcos Molina, est\u00e1 confiante de que a poss\u00edvel fus\u00e3o com a BRF n\u00e3o acionar\u00e1 a cl\u00e1usula de <a href=\"https:\/\/www.suno.com.br\/artigos\/mercado-de-opcoes\/\">op\u00e7\u00e3o<\/a> de venda de a\u00e7\u00f5es (&#8220;<a href=\"https:\/\/www.suno.com.br\/artigos\/put\/\">put<\/a>&#8220;) detida pelos <a href=\"https:\/\/www.suno.com.br\/artigos\/minoritario\/\">acionistas minorit\u00e1rios<\/a> da subsidi\u00e1ria norte-americana <strong>National Beef<\/strong> (NB).<\/li>\n<li><strong>J.P. Morgan<\/strong> cortou recomenda\u00e7\u00e3o da <strong>JBS<\/strong> (JBSS3) de &#8220;overweight&#8221; para &#8220;neutro&#8221;; contudo, elevou as recomenda\u00e7\u00f5es das concorrentes que devem se fundir para &#8220;<strong>overweight<\/strong>&#8220;;<\/li>\n<li>O minist\u00e9rio da Agricultura anunciou que a exporta\u00e7\u00e3o de <strong>carne bovina<\/strong> para a <strong>China<\/strong> voltou a ter aval; o pa\u00eds enfrenta uma crise de peste su\u00edna africana.<\/li>\n<\/ul>\n<p><a href=\"https:\/\/www.suno.com.br\/noticias\/acoes-brf-marfrig-jbs-ibovespa\/\">Saiba mais &#8211;\u00a0A\u00e7\u00f5es da BRF e da Marfrig t\u00eam alta de 5% enquanto JBS cai no Ibovespa\u00a0<\/a><\/p>\n<h2>Justi\u00e7a libera dividendos da Braskem<\/h2>\n<p>O <strong>Superior Tribunal de Justi\u00e7a <\/strong>(STJ) liberou a distribui\u00e7\u00e3o de R$ 2,6 bilh\u00f5es de <a href=\"https:\/\/www.suno.com.br\/dividendos\/\">dividendos<\/a> da Braskem (BRKM3) para seus acionistas.\u00a0O presidente tribunal, ministro Jo\u00e3o Ot\u00e1vio de Noronha, decidiu pela libera\u00e7\u00e3o na \u00faltima quarta-feira (12).<\/p>\n<p>O pagamento dos <strong>dividendos<\/strong> extraordin\u00e1rios da <strong>Braskem<\/strong> havia sido bloqueado em abril.<\/p>\n<p><a href=\"https:\/\/www.suno.com.br\/noticias\/braskem-superior-tribunal-de-justica-libera-r-26-bi-de-dividendos\/\">Saiba mais &#8211;\u00a0Braskem: Superior Tribunal de Justi\u00e7a libera R$ 2,6 bi de dividendos<\/a><\/p>\n<h2>Bolsas internacionais<\/h2>\n<ul>\n<li>Nasdaq (Estados Unidos): alta de\u00a00,57%<\/li>\n<li>FTSE 100 (Reino Unido): alta de 0,01%<\/li>\n<li>Nikkei (Jap\u00e3o): baixa de 0,46%<\/li>\n<li>CAC40 (Fran\u00e7a): alta de 0,01%<\/li>\n<\/ul>\n<h2>Maiores altas do Ibovespa<\/h2>\n<ul>\n<li>BRFS3 alta de 5,81% (R$ 28,57)<\/li>\n<li>SUZB3 alta de 5,52% (R$ 31,93)<\/li>\n<li>UGPA3 alta de 4,74% (R$ 21,65)<\/li>\n<li>IGTA3 alta de 4,62% (R$ 43,50)<\/li>\n<li>MRFG3 alta de 4,45% (R$ 6,80)<\/li>\n<\/ul>\n<h2>Maiores quedas do Ibovespa<\/h2>\n<ul>\n<li>JBSS3 queda de 2,62% (R$ 21,55)<\/li>\n<li>ELET6 queda de 2,14% (R$ 36,06)<\/li>\n<li>ELET3 queda de 2,08% (R$ 35,31)<\/li>\n<li>ITUB4 queda de 1,79% (R$ 33,98)<\/li>\n<li>BBAS3 queda de 1,59% (R$ 51,43)<\/li>\n<\/ul>\n","protected":false},"excerpt":{"rendered":"<p>O Ibovespa encerrou em alta de\u00a00,46% com\u00a098.773,70 pontos nesta quinta-feira (13). A alta ocorre na data de apresenta\u00e7\u00e3o do parecer da reforma da Previd\u00eancia na comiss\u00e3o especial da C\u00e2mara. \u00cdndices futuros de NY operam em alta \u00e0 espera de uma vacina Para elevar a economia da aprova\u00e7\u00e3o da reforma da Previd\u00eancia foi proposto o aumento [&hellip;]<\/p>\n","protected":false},"author":12,"featured_media":20657,"comment_status":"closed","ping_status":"closed","sticky":false,"template":"","format":"standard","meta":[],"categories":[60],"tags":[286,289,395,397,938,721,521,552,1122,940],"suno_strategy":[],"class_list":["post-28096","post","type-post","status-publish","format-standard","has-post-thumbnail","hentry","category-mercado","tag-acoes","tag-bancos","tag-braskem-brkm3-brkm5-brkm6","tag-brf-brfs3","tag-camara-dos-deputados","tag-ibovespa","tag-jbs-jbss3","tag-marfrig-mrfg3","tag-ministerio-da-agricultura","tag-reforma-da-previdencia"],"yoast_head":"<!-- This site is optimized with the Yoast SEO plugin v24.4 - https:\/\/yoast.com\/wordpress\/plugins\/seo\/ -->\n<title>Ibovespa fecha em alta ap\u00f3s apresenta\u00e7\u00e3o do parecer da Previd\u00eancia<\/title>\n<meta name=\"description\" content=\"O Ibovespa fechou em ascens\u00e3o ap\u00f3s o relator, Samuel Moreira, apresentar o parecer Previd\u00eancia na comiss\u00e3o especial. Clique para saber mais.\" \/>\n<meta name=\"robots\" content=\"index, follow, max-snippet:-1, max-image-preview:large, max-video-preview:-1\" \/>\n<link rel=\"canonical\" href=\"https:\/\/www.suno.com.br\/noticias\/ibovespa-fechamento-13062019\/\" \/>\n<meta property=\"og:locale\" content=\"pt_BR\" \/>\n<meta property=\"og:type\" content=\"article\" \/>\n<meta property=\"og:title\" content=\"Ibovespa fecha em alta ap\u00f3s apresenta\u00e7\u00e3o do parecer da Previd\u00eancia\" \/>\n<meta property=\"og:description\" content=\"O Ibovespa fechou em ascens\u00e3o ap\u00f3s o relator, Samuel Moreira, apresentar o parecer Previd\u00eancia na comiss\u00e3o especial. Clique para saber mais.\" \/>\n<meta property=\"og:url\" content=\"https:\/\/www.suno.com.br\/noticias\/ibovespa-fechamento-13062019\/\" \/>\n<meta property=\"og:site_name\" content=\"Suno Not\u00edcias\" \/>\n<meta property=\"article:publisher\" content=\"https:\/\/facebook.com\/sunoresearch\" \/>\n<meta property=\"og:image\" content=\"https:\/\/files.sunoresearch.com.br\/n\/uploads\/2019\/04\/1e88003e-ibovespa.jpg\" \/>\n\t<meta property=\"og:image:width\" content=\"1100\" \/>\n\t<meta property=\"og:image:height\" content=\"370\" \/>\n\t<meta property=\"og:image:type\" content=\"image\/jpeg\" \/>\n<meta name=\"author\" content=\"Amanda Gushiken\" \/>\n<meta name=\"twitter:card\" content=\"summary_large_image\" \/>\n<meta name=\"twitter:creator\" content=\"@sunoresearch\" \/>\n<meta name=\"twitter:site\" content=\"@sunoresearch\" \/>\n<meta name=\"twitter:label1\" content=\"Escrito por\" \/>\n\t<meta name=\"twitter:data1\" content=\"Amanda Gushiken\" \/>\n\t<meta name=\"twitter:label2\" content=\"Est. tempo de leitura\" \/>\n\t<meta name=\"twitter:data2\" content=\"3 minutos\" \/>\n<script type=\"application\/ld+json\" class=\"yoast-schema-graph\">{\"@context\":\"https:\/\/schema.org\",\"@graph\":[{\"@type\":\"NewsArticle\",\"@id\":\"https:\/\/www.suno.com.br\/noticias\/ibovespa-fechamento-13062019\/#article\",\"isPartOf\":{\"@id\":\"https:\/\/www.suno.com.br\/noticias\/ibovespa-fechamento-13062019\/\"},\"author\":{\"name\":\"Amanda Gushiken\",\"@id\":\"https:\/\/www.suno.com.br\/noticias\/#\/schema\/person\/a5b06fa4e879d8e8e119c6ed3cd630d1\"},\"headline\":\"Ibovespa fecha em alta ap\u00f3s apresenta\u00e7\u00e3o do parecer da Previd\u00eancia\",\"datePublished\":\"2019-06-13T20:29:20+00:00\",\"mainEntityOfPage\":{\"@id\":\"https:\/\/www.suno.com.br\/noticias\/ibovespa-fechamento-13062019\/\"},\"wordCount\":591,\"publisher\":{\"@id\":\"https:\/\/www.suno.com.br\/noticias\/#organization\"},\"image\":{\"@id\":\"https:\/\/www.suno.com.br\/noticias\/ibovespa-fechamento-13062019\/#primaryimage\"},\"thumbnailUrl\":\"https:\/\/files.sunoresearch.com.br\/n\/uploads\/2019\/04\/1e88003e-ibovespa-jpg.webp\",\"keywords\":[\"A\u00e7\u00f5es\",\"bancos\",\"Braskem (BRKM3\/BRKM5\/BRKM6)\",\"BRF (BRFS3)\",\"C\u00e2mara dos Deputados\",\"Ibovespa\",\"JBS (JBSS3)\",\"Marfrig (MRFG3)\",\"Minist\u00e9rio da Agricultura\",\"Reforma da Previd\u00eancia\"],\"articleSection\":[\"Mercado\"],\"inLanguage\":\"pt-BR\"},{\"@type\":\"WebPage\",\"@id\":\"https:\/\/www.suno.com.br\/noticias\/ibovespa-fechamento-13062019\/\",\"url\":\"https:\/\/www.suno.com.br\/noticias\/ibovespa-fechamento-13062019\/\",\"name\":\"Ibovespa fecha em alta ap\u00f3s apresenta\u00e7\u00e3o do parecer da Previd\u00eancia\",\"isPartOf\":{\"@id\":\"https:\/\/www.suno.com.br\/noticias\/#website\"},\"primaryImageOfPage\":{\"@id\":\"https:\/\/www.suno.com.br\/noticias\/ibovespa-fechamento-13062019\/#primaryimage\"},\"image\":{\"@id\":\"https:\/\/www.suno.com.br\/noticias\/ibovespa-fechamento-13062019\/#primaryimage\"},\"thumbnailUrl\":\"https:\/\/files.sunoresearch.com.br\/n\/uploads\/2019\/04\/1e88003e-ibovespa-jpg.webp\",\"datePublished\":\"2019-06-13T20:29:20+00:00\",\"description\":\"O Ibovespa fechou em ascens\u00e3o ap\u00f3s o relator, Samuel Moreira, apresentar o parecer Previd\u00eancia na comiss\u00e3o especial. Clique para saber mais.\",\"breadcrumb\":{\"@id\":\"https:\/\/www.suno.com.br\/noticias\/ibovespa-fechamento-13062019\/#breadcrumb\"},\"inLanguage\":\"pt-BR\",\"potentialAction\":[{\"@type\":\"ReadAction\",\"target\":[\"https:\/\/www.suno.com.br\/noticias\/ibovespa-fechamento-13062019\/\"]}]},{\"@type\":\"ImageObject\",\"inLanguage\":\"pt-BR\",\"@id\":\"https:\/\/www.suno.com.br\/noticias\/ibovespa-fechamento-13062019\/#primaryimage\",\"url\":\"https:\/\/files.sunoresearch.com.br\/n\/uploads\/2019\/04\/1e88003e-ibovespa-jpg.webp\",\"contentUrl\":\"https:\/\/files.sunoresearch.com.br\/n\/uploads\/2019\/04\/1e88003e-ibovespa-jpg.webp\",\"width\":1100,\"height\":370,\"caption\":\"\u00cdndices futuros de NY operam em alta \u00e0 espera de uma vacina\"},{\"@type\":\"BreadcrumbList\",\"@id\":\"https:\/\/www.suno.com.br\/noticias\/ibovespa-fechamento-13062019\/#breadcrumb\",\"itemListElement\":[{\"@type\":\"ListItem\",\"position\":1,\"name\":\"Not\u00edcias\",\"item\":\"https:\/\/www.suno.com.br\/noticias\/\"},{\"@type\":\"ListItem\",\"position\":2,\"name\":\"Mercado\",\"item\":\"https:\/\/www.suno.com.br\/noticias\/mercado\/\"},{\"@type\":\"ListItem\",\"position\":3,\"name\":\"Ibovespa fecha em alta ap\u00f3s apresenta\u00e7\u00e3o do parecer da Previd\u00eancia\"}]},{\"@type\":\"WebSite\",\"@id\":\"https:\/\/www.suno.com.br\/noticias\/#website\",\"url\":\"https:\/\/www.suno.com.br\/noticias\/\",\"name\":\"Suno Not\u00edcias\",\"description\":\"Seu portal de informa\u00e7\u00e3o sobre o mundo dos investimentos\",\"publisher\":{\"@id\":\"https:\/\/www.suno.com.br\/noticias\/#organization\"},\"potentialAction\":[{\"@type\":\"SearchAction\",\"target\":{\"@type\":\"EntryPoint\",\"urlTemplate\":\"https:\/\/www.suno.com.br\/noticias\/?s={search_term_string}\"},\"query-input\":{\"@type\":\"PropertyValueSpecification\",\"valueRequired\":true,\"valueName\":\"search_term_string\"}}],\"inLanguage\":\"pt-BR\"},{\"@type\":\"Organization\",\"@id\":\"https:\/\/www.suno.com.br\/noticias\/#organization\",\"name\":\"Suno Not\u00edcias\",\"url\":\"https:\/\/www.suno.com.br\/noticias\/\",\"logo\":{\"@type\":\"ImageObject\",\"inLanguage\":\"pt-BR\",\"@id\":\"https:\/\/www.suno.com.br\/noticias\/#\/schema\/logo\/image\/\",\"url\":\"https:\/\/files.sunoresearch.com.br\/n\/uploads\/2021\/09\/suno-logo.png\",\"contentUrl\":\"https:\/\/files.sunoresearch.com.br\/n\/uploads\/2021\/09\/suno-logo.png\",\"width\":180,\"height\":180,\"caption\":\"Suno Not\u00edcias\"},\"image\":{\"@id\":\"https:\/\/www.suno.com.br\/noticias\/#\/schema\/logo\/image\/\"},\"sameAs\":[\"https:\/\/facebook.com\/sunoresearch\",\"https:\/\/x.com\/sunoresearch\",\"https:\/\/www.instagram.com\/suno\",\"https:\/\/www.linkedin.com\/company\/suno-research\/\",\"https:\/\/www.youtube.com\/c\/sunoresearch\"]},{\"@type\":\"Person\",\"@id\":\"https:\/\/www.suno.com.br\/noticias\/#\/schema\/person\/a5b06fa4e879d8e8e119c6ed3cd630d1\",\"name\":\"Amanda Gushiken\",\"image\":{\"@type\":\"ImageObject\",\"inLanguage\":\"pt-BR\",\"@id\":\"https:\/\/www.suno.com.br\/noticias\/#\/schema\/person\/image\/\",\"url\":\"https:\/\/secure.gravatar.com\/avatar\/ecd84705e6b65e3685ae80d725501fbe?s=96&r=g\",\"contentUrl\":\"https:\/\/secure.gravatar.com\/avatar\/ecd84705e6b65e3685ae80d725501fbe?s=96&r=g\",\"caption\":\"Amanda Gushiken\"},\"description\":\"Amanda Sayuri Gushiken escreve sobre finan\u00e7as e neg\u00f3cios para o portal Suno Not\u00edcias. Antes, trabalhou selecionando not\u00edcias da imprensa para clientes do mercado financeiro. Tamb\u00e9m desenvolveu pesquisa acad\u00eamica pela Universidade Anhembi Morumbi na \u00e1rea de Teorias da Comunica\u00e7\u00e3o e \u00e9 fot\u00f3grafa nas horas vagas.\",\"url\":\"https:\/\/www.suno.com.br\/noticias\/author\/amanda\/\"}]}<\/script>\n<!-- \/ Yoast SEO plugin. -->","yoast_head_json":{"title":"Ibovespa fecha em alta ap\u00f3s apresenta\u00e7\u00e3o do parecer da Previd\u00eancia","description":"O Ibovespa fechou em ascens\u00e3o ap\u00f3s o relator, Samuel Moreira, apresentar o parecer Previd\u00eancia na comiss\u00e3o especial. Clique para saber mais.","robots":{"index":"index","follow":"follow","max-snippet":"max-snippet:-1","max-image-preview":"max-image-preview:large","max-video-preview":"max-video-preview:-1"},"canonical":"https:\/\/www.suno.com.br\/noticias\/ibovespa-fechamento-13062019\/","og_locale":"pt_BR","og_type":"article","og_title":"Ibovespa fecha em alta ap\u00f3s apresenta\u00e7\u00e3o do parecer da Previd\u00eancia","og_description":"O Ibovespa fechou em ascens\u00e3o ap\u00f3s o relator, Samuel Moreira, apresentar o parecer Previd\u00eancia na comiss\u00e3o especial. Clique para saber mais.","og_url":"https:\/\/www.suno.com.br\/noticias\/ibovespa-fechamento-13062019\/","og_site_name":"Suno Not\u00edcias","article_publisher":"https:\/\/facebook.com\/sunoresearch","og_image":[{"width":1100,"height":370,"url":"https:\/\/files.sunoresearch.com.br\/n\/uploads\/2019\/04\/1e88003e-ibovespa.jpg","type":"image\/jpeg"}],"author":"Amanda Gushiken","twitter_card":"summary_large_image","twitter_creator":"@sunoresearch","twitter_site":"@sunoresearch","twitter_misc":{"Escrito por":"Amanda Gushiken","Est. tempo de leitura":"3 minutos"},"schema":{"@context":"https:\/\/schema.org","@graph":[{"@type":"NewsArticle","@id":"https:\/\/www.suno.com.br\/noticias\/ibovespa-fechamento-13062019\/#article","isPartOf":{"@id":"https:\/\/www.suno.com.br\/noticias\/ibovespa-fechamento-13062019\/"},"author":{"name":"Amanda Gushiken","@id":"https:\/\/www.suno.com.br\/noticias\/#\/schema\/person\/a5b06fa4e879d8e8e119c6ed3cd630d1"},"headline":"Ibovespa fecha em alta ap\u00f3s apresenta\u00e7\u00e3o do parecer da Previd\u00eancia","datePublished":"2019-06-13T20:29:20+00:00","mainEntityOfPage":{"@id":"https:\/\/www.suno.com.br\/noticias\/ibovespa-fechamento-13062019\/"},"wordCount":591,"publisher":{"@id":"https:\/\/www.suno.com.br\/noticias\/#organization"},"image":{"@id":"https:\/\/www.suno.com.br\/noticias\/ibovespa-fechamento-13062019\/#primaryimage"},"thumbnailUrl":"https:\/\/files.sunoresearch.com.br\/n\/uploads\/2019\/04\/1e88003e-ibovespa-jpg.webp","keywords":["A\u00e7\u00f5es","bancos","Braskem (BRKM3\/BRKM5\/BRKM6)","BRF (BRFS3)","C\u00e2mara dos Deputados","Ibovespa","JBS (JBSS3)","Marfrig (MRFG3)","Minist\u00e9rio da Agricultura","Reforma da Previd\u00eancia"],"articleSection":["Mercado"],"inLanguage":"pt-BR"},{"@type":"WebPage","@id":"https:\/\/www.suno.com.br\/noticias\/ibovespa-fechamento-13062019\/","url":"https:\/\/www.suno.com.br\/noticias\/ibovespa-fechamento-13062019\/","name":"Ibovespa fecha em alta ap\u00f3s apresenta\u00e7\u00e3o do parecer da Previd\u00eancia","isPartOf":{"@id":"https:\/\/www.suno.com.br\/noticias\/#website"},"primaryImageOfPage":{"@id":"https:\/\/www.suno.com.br\/noticias\/ibovespa-fechamento-13062019\/#primaryimage"},"image":{"@id":"https:\/\/www.suno.com.br\/noticias\/ibovespa-fechamento-13062019\/#primaryimage"},"thumbnailUrl":"https:\/\/files.sunoresearch.com.br\/n\/uploads\/2019\/04\/1e88003e-ibovespa-jpg.webp","datePublished":"2019-06-13T20:29:20+00:00","description":"O Ibovespa fechou em ascens\u00e3o ap\u00f3s o relator, Samuel Moreira, apresentar o parecer Previd\u00eancia na comiss\u00e3o especial. Clique para saber mais.","breadcrumb":{"@id":"https:\/\/www.suno.com.br\/noticias\/ibovespa-fechamento-13062019\/#breadcrumb"},"inLanguage":"pt-BR","potentialAction":[{"@type":"ReadAction","target":["https:\/\/www.suno.com.br\/noticias\/ibovespa-fechamento-13062019\/"]}]},{"@type":"ImageObject","inLanguage":"pt-BR","@id":"https:\/\/www.suno.com.br\/noticias\/ibovespa-fechamento-13062019\/#primaryimage","url":"https:\/\/files.sunoresearch.com.br\/n\/uploads\/2019\/04\/1e88003e-ibovespa-jpg.webp","contentUrl":"https:\/\/files.sunoresearch.com.br\/n\/uploads\/2019\/04\/1e88003e-ibovespa-jpg.webp","width":1100,"height":370,"caption":"\u00cdndices futuros de NY operam em alta \u00e0 espera de uma vacina"},{"@type":"BreadcrumbList","@id":"https:\/\/www.suno.com.br\/noticias\/ibovespa-fechamento-13062019\/#breadcrumb","itemListElement":[{"@type":"ListItem","position":1,"name":"Not\u00edcias","item":"https:\/\/www.suno.com.br\/noticias\/"},{"@type":"ListItem","position":2,"name":"Mercado","item":"https:\/\/www.suno.com.br\/noticias\/mercado\/"},{"@type":"ListItem","position":3,"name":"Ibovespa fecha em alta ap\u00f3s apresenta\u00e7\u00e3o do parecer da Previd\u00eancia"}]},{"@type":"WebSite","@id":"https:\/\/www.suno.com.br\/noticias\/#website","url":"https:\/\/www.suno.com.br\/noticias\/","name":"Suno Not\u00edcias","description":"Seu portal de informa\u00e7\u00e3o sobre o mundo dos investimentos","publisher":{"@id":"https:\/\/www.suno.com.br\/noticias\/#organization"},"potentialAction":[{"@type":"SearchAction","target":{"@type":"EntryPoint","urlTemplate":"https:\/\/www.suno.com.br\/noticias\/?s={search_term_string}"},"query-input":{"@type":"PropertyValueSpecification","valueRequired":true,"valueName":"search_term_string"}}],"inLanguage":"pt-BR"},{"@type":"Organization","@id":"https:\/\/www.suno.com.br\/noticias\/#organization","name":"Suno Not\u00edcias","url":"https:\/\/www.suno.com.br\/noticias\/","logo":{"@type":"ImageObject","inLanguage":"pt-BR","@id":"https:\/\/www.suno.com.br\/noticias\/#\/schema\/logo\/image\/","url":"https:\/\/files.sunoresearch.com.br\/n\/uploads\/2021\/09\/suno-logo.png","contentUrl":"https:\/\/files.sunoresearch.com.br\/n\/uploads\/2021\/09\/suno-logo.png","width":180,"height":180,"caption":"Suno Not\u00edcias"},"image":{"@id":"https:\/\/www.suno.com.br\/noticias\/#\/schema\/logo\/image\/"},"sameAs":["https:\/\/facebook.com\/sunoresearch","https:\/\/x.com\/sunoresearch","https:\/\/www.instagram.com\/suno","https:\/\/www.linkedin.com\/company\/suno-research\/","https:\/\/www.youtube.com\/c\/sunoresearch"]},{"@type":"Person","@id":"https:\/\/www.suno.com.br\/noticias\/#\/schema\/person\/a5b06fa4e879d8e8e119c6ed3cd630d1","name":"Amanda Gushiken","image":{"@type":"ImageObject","inLanguage":"pt-BR","@id":"https:\/\/www.suno.com.br\/noticias\/#\/schema\/person\/image\/","url":"https:\/\/secure.gravatar.com\/avatar\/ecd84705e6b65e3685ae80d725501fbe?s=96&r=g","contentUrl":"https:\/\/secure.gravatar.com\/avatar\/ecd84705e6b65e3685ae80d725501fbe?s=96&r=g","caption":"Amanda Gushiken"},"description":"Amanda Sayuri Gushiken escreve sobre finan\u00e7as e neg\u00f3cios para o portal Suno Not\u00edcias. Antes, trabalhou selecionando not\u00edcias da imprensa para clientes do mercado financeiro. Tamb\u00e9m desenvolveu pesquisa acad\u00eamica pela Universidade Anhembi Morumbi na \u00e1rea de Teorias da Comunica\u00e7\u00e3o e \u00e9 fot\u00f3grafa nas horas vagas.","url":"https:\/\/www.suno.com.br\/noticias\/author\/amanda\/"}]}},"default_loop_html":"<div class=\"cardsPage__listCard__boxs\"><div class=\"cardsPage__listCard__boxs__img\"><a href=\"https:\/\/www.suno.com.br\/noticias\/ibovespa-fechamento-13062019\/\"><img class=\"mask\" src=\"https:\/\/www.suno.com.br\/noticias\/wp-content\/themes\/suno\/resources\/images\/spotlight\/spotlight1img\/bg-mask.png\" alt=\"Image Mask\"\/><img src=\"https:\/\/files.sunoresearch.com.br\/n\/uploads\/2019\/04\/1e88003e-ibovespa-400x200.webp\" alt=\"Ibovespa fecha em alta ap\u00f3s apresenta\u00e7\u00e3o do parecer da Previd\u00eancia\"\/><\/a><span class=\"spotlightCategory\"><a href=\"https:\/\/www.suno.com.br\/noticias\/mercado\/\">Mercado<\/a><\/span><\/div><div class=\"cardsPage__listCard__boxs__content\"><a href=\"https:\/\/www.suno.com.br\/noticias\/ibovespa-fechamento-13062019\/\"><h2 class=\"content__title\">Ibovespa fecha em alta ap\u00f3s apresenta\u00e7\u00e3o do parecer da Previd\u00eancia<\/h2><\/a><div class=\"newsContent__article__meta\"><div class=\"newsContent__article__meta__authorBox\"><a href=\"https:\/\/www.suno.com.br\/noticias\/author\/amanda\/\" class=\"authorBox__avatar noMobi\"><img src=\"https:\/\/files.sunoresearch.com.br\/n\/uploads\/2018\/11\/c6ad30be-amanda-150x150.webp\" alt=\"Amanda Gushiken\"><\/a><div class=\"authorBox__name\"><span>por\n\t\t\t<a href=\"https:\/\/www.suno.com.br\/noticias\/author\/amanda\/\"><span itemprop=\"author\">Amanda Gushiken<\/span><\/a><\/span><time datetime=\"2019-06-13T17:29:20-03:00\" itemprop=\"datePublished\">13\/06\/2019 17:29<\/time><\/div><\/div><\/div><\/div><\/div>","single_layout":"posts","amp_enabled":true,"_links":{"self":[{"href":"https:\/\/www.suno.com.br\/noticias\/wp-json\/wp\/v2\/posts\/28096"}],"collection":[{"href":"https:\/\/www.suno.com.br\/noticias\/wp-json\/wp\/v2\/posts"}],"about":[{"href":"https:\/\/www.suno.com.br\/noticias\/wp-json\/wp\/v2\/types\/post"}],"author":[{"embeddable":true,"href":"https:\/\/www.suno.com.br\/noticias\/wp-json\/wp\/v2\/users\/12"}],"replies":[{"embeddable":true,"href":"https:\/\/www.suno.com.br\/noticias\/wp-json\/wp\/v2\/comments?post=28096"}],"version-history":[{"count":0,"href":"https:\/\/www.suno.com.br\/noticias\/wp-json\/wp\/v2\/posts\/28096\/revisions"}],"wp:featuredmedia":[{"embeddable":true,"href":"https:\/\/www.suno.com.br\/noticias\/wp-json\/wp\/v2\/media\/20657"}],"wp:attachment":[{"href":"https:\/\/www.suno.com.br\/noticias\/wp-json\/wp\/v2\/media?parent=28096"}],"wp:term":[{"taxonomy":"category","embeddable":true,"href":"https:\/\/www.suno.com.br\/noticias\/wp-json\/wp\/v2\/categories?post=28096"},{"taxonomy":"post_tag","embeddable":true,"href":"https:\/\/www.suno.com.br\/noticias\/wp-json\/wp\/v2\/tags?post=28096"},{"taxonomy":"suno_strategy","embeddable":true,"href":"https:\/\/www.suno.com.br\/noticias\/wp-json\/wp\/v2\/suno_strategy?post=28096"}],"curies":[{"name":"wp","href":"https:\/\/api.w.org\/{rel}","templated":true}]}}