{"id":280859,"date":"2022-08-02T22:37:45","date_gmt":"2022-08-03T01:37:45","guid":{"rendered":"https:\/\/www.suno.com.br\/noticias\/?p=280859"},"modified":"2022-08-02T22:37:45","modified_gmt":"2022-08-03T01:37:45","slug":"radar-cielo-ciel3-engie-egie3-ambipar-ambp3","status":"publish","type":"post","link":"https:\/\/www.suno.com.br\/noticias\/radar-cielo-ciel3-engie-egie3-ambipar-ambp3\/","title":{"rendered":"Radar: Cielo (CIEL3) dobra lucro do 2T22, Engie (EGIE3) vai pagar R$ 577,8 milh\u00f5es em dividendos, Ambipar (AMBP3) compra empresa no Canad\u00e1"},"content":{"rendered":"<p>A\u00a0<a class=\"suno-keyword\" href=\"https:\/\/www.suno.com.br\/acoes\/CIEL3\/\" target=\"_blank\" rel=\"noopener\" data-force=\"yes\" data-priority=\"2\"><strong>Cielo<\/strong>\u00a0(CIEL3)<\/a>\u00a0reportou nesta ter\u00e7a-feira (2) seus resultados do segundo trimestre de 2022 (2T22). A empresa destaca que o\u00a0<strong>lucro recorrente<\/strong>\u00a0foi de R$ 383 milh\u00f5es, alta de 112,5% quando comparado ao lucro recorrente do 2T21 \u2013 per\u00edodo em que registrou R$ 180,4 milh\u00f5es.<\/p>\t<div class=\"wrapper-featured-image\">\n\t\t<figure class=\"spotlightImg\">\n\n\t\t\t<picture>\n\t\t\t\t<source media=\"(max-width: 768px)\" srcset=\"https:\/\/files.sunoresearch.com.br\/n\/uploads\/2021\/03\/747ff087-cielo-3-400x200.webp\">\n\t\t\t\t<img loading=\"lazy\" decoding=\"async\" class=\"newsContent__article__imgCapa lazyloadDisabled \" src=\"https:\/\/files.sunoresearch.com.br\/n\/uploads\/2021\/03\/747ff087-cielo-3-800x450.webp\" width=\"800\" height=\"450\" alt=\"Radar: Cielo (CIEL3) dobra lucro do 2T22, Engie (EGIE3) vai pagar R$ 577,8 milh\u00f5es em dividendos, Ambipar (AMBP3) compra empresa no Canad\u00e1\" fetchpriority=high \/>\n\t\t\t<\/picture>\n\n\t\t\t<figcaption class=\"wp-caption-text wp-caption-text--show\">Cielo (CIEL3) - Foto: Divulga\u00e7\u00e3o<\/figcaption>\n\t\t<\/figure>\n\t<\/div>\n\n\n\t<p>\n\t\t<a href=\"\" target=\"_blank\" data-element=\"shortcode-suno-banner\" title=\"Banner SUNO, clique e saiba mais\">\n\t\t\t<picture>\n\t\t\t\t<source media=\"(max-width: 500px)\" srcset=\"\">\n\t\t\t\t<img class=\"newsContent__article__imgCapa newsContent__article__imgCapa--banner\"\n\t\t\t\t\tsrc=\"\"\n\t\t\t\t\tdata-promo-id=\"138420\"\t\t\t\t\t\t\t\t\t\t\t\t\t\t\talt=\"\"\n\t\t\t\t>\n\t\t\t<\/picture>\n\t\t<\/a>\n\t<\/p>\n\n\n<p>De acordo com o\u00a0<strong>balan\u00e7o da Cielo do 2T22<\/strong>, esse \u00e9 o maior valor de\u00a0<a class=\"suno-keyword\" href=\"https:\/\/www.suno.com.br\/artigos\/lucro-liquido\/\" target=\"_blank\" rel=\"noopener\" data-force=\"no\" data-priority=\"1\">lucro l\u00edquido<\/a>\u00a0recorrente desde o quarto trimestre de 2018. \u201cO trimestre foi marcado por forte desempenho operacional em adquir\u00eancia e na Cateno\u201d, diz o relat\u00f3rio financeiro.<\/p>\n<p>Ao desconsiderar o resultado recorrente, o\u00a0<strong>lucro l\u00edquido<\/strong>\u00a0teria um salto de 252,2% em rela\u00e7\u00e3o ao 2T21, totalizando R$ 635,5 milh\u00f5es. A companhia afirma que a queda se d\u00e1 pela influ\u00eancia de efeitos extraordin\u00e1rios sobre o resultado de janeiro a mar\u00e7o do ano anterior.<\/p>\n<p>\u201cHouve expans\u00e3o do resultado em todas as unidades de neg\u00f3cios. Em outras controladas, o resultado se beneficiou dos impactos positivos relacionados \u00e0 venda da subsidi\u00e1ria MerchantE. Tanto na Cielo, como na Cateno, os resultados foram impulsionados pela s\u00f3lida melhora nos fundamentos operacionais, com crescimento das receitas e gastos sob controle\u201d, aponta a empresa.<\/p>\n<p>O\u00a0<strong>resultado operacional da Cielo<\/strong>\u00a0se beneficiou do crescimento do volume capturado, recupera\u00e7\u00e3o do\u00a0<em>yield<\/em>\u00a0de receita, cont\u00ednuo controle de gastos, expans\u00e3o do neg\u00f3cio de\u00a0<a class=\"suno-keyword\" href=\"https:\/\/www.suno.com.br\/artigos\/antecipacao-recebiveis\/\" target=\"_blank\" rel=\"noopener\" data-force=\"no\" data-priority=\"1\">antecipa\u00e7\u00e3o de receb\u00edveis<\/a>\u00a0e desempenho recorde da Cateno.<\/p>\n<p>O lucro antes de juros, impostos,\u00a0<a class=\"suno-keyword\" href=\"https:\/\/www.suno.com.br\/artigos\/depreciacao-amortizacao\/\" target=\"_blank\" rel=\"noopener\" data-force=\"no\" data-priority=\"1\">deprecia\u00e7\u00e3o e amortiza\u00e7\u00e3o<\/a>, o\u00a0<strong>Ebitda da Cielo<\/strong>, foi de R$ 1,183 bilh\u00e3o no 2T22, um avan\u00e7o de 103,7% sobre o mesmo per\u00edodo de 2021, impulsionado, al\u00e9m do desempenho operacional de Cielo e Cateno, pelos impactos relacionados \u00e0 venda da MerchantE.<\/p>\n<p>J\u00e1 no quesito recorrente, o Ebitda ficou em R$ 914,7 milh\u00f5es, registrando aumento de 57,5% sobre o 2T21, com margem Ebida de 36,0% no 2T22, contra 20,7% no 2T21.<\/p>\n<p>Al\u00e9m da <strong>Cielo<\/strong>, confira outros destaques desta ter\u00e7a-feira:<\/p>\n<h2 class=\"newsContent__article__title\">Movida (MOVI3): BTG e XP reiteram compra e veem valoriza\u00e7\u00e3o ap\u00f3s resultados do 2T22<\/h2>\n\t<p>\n\t\t<a href=\"https:\/\/lp.suno.com.br\/planilha-da-vida-financeira\/\" target=\"_blank\" data-element=\"shortcode-suno-banner\" title=\"Banner SUNO, clique e saiba mais\">\n\t\t\t<picture>\n\t\t\t\t<source media=\"(max-width: 500px)\" srcset=\"https:\/\/files.sunoresearch.com.br\/n\/uploads\/2023\/04\/400x300-Planilha-vida-financeira-true.png\">\n\t\t\t\t<img class=\"newsContent__article__imgCapa newsContent__article__imgCapa--banner\"\n\t\t\t\t\tsrc=\"https:\/\/files.sunoresearch.com.br\/n\/uploads\/2023\/04\/1420x240-Planilha-vida-financeira-true.png\"\n\t\t\t\t\tdata-promo-id=\"106682\"\t\t\t\t\t\t\t\t\t\twidth='1420' height='240'\t\t\t\t\talt=\"https:\/\/files.sunoresearch.com.br\/n\/uploads\/2023\/04\/1420x240-Planilha-vida-financeira-true.png\"\n\t\t\t\t>\n\t\t\t<\/picture>\n\t\t<\/a>\n\t<\/p>\n\n\n<ul>\n<li>O BTG Pactual e a XP Investimentos divulgaram suas impress\u00f5es sobre a\u00a0<strong><a class=\"suno-keyword\" href=\"https:\/\/www.suno.com.br\/acoes\/MOVI3\/\" target=\"_blank\" rel=\"noopener\" data-force=\"yes\" data-priority=\"2\">Movida (MOVI3)<\/a><\/strong>\u00a0nesta ter\u00e7a-feira, ap\u00f3s a empresa ter divulgado seus resultados operacionais do 2T22.<\/li>\n<li>O\u00a0<strong>balan\u00e7o do 2T22<\/strong>\u00a0agradou as duas institui\u00e7\u00f5es, que deram recomenda\u00e7\u00e3o de compra dos\u00a0<strong>pap\u00e9is da Movida<\/strong>, com o BTG estipulando\u00a0<a class=\"suno-keyword\" href=\"https:\/\/www.suno.com.br\/artigos\/preco-alvo\/\" target=\"_blank\" rel=\"noopener\" data-force=\"no\" data-priority=\"1\">pre\u00e7o alvo<\/a>\u00a0de R$ 28.<\/li>\n<li>A companhia reportou resultados em linha com as\u00a0<strong>expectativas da XP e do BTG<\/strong>, com uma\u00a0<a class=\"suno-keyword\" href=\"https:\/\/www.suno.com.br\/artigos\/o-que-receita-liquida\/\" target=\"_blank\" rel=\"noopener\" data-force=\"no\" data-priority=\"1\">receita l\u00edquida<\/a>\u00a0de R$ 2,3 bilh\u00f5es (alta de 91%\u00a0 em rela\u00e7\u00e3o ao mesmo per\u00edodo; avan\u00e7o de 17% na compara\u00e7\u00e3o com o trimestre anterior), Ebitda de R$ 905 milh\u00f5es (+133% a\/a; +5% t\/t) e\u00a0<strong><a class=\"suno-keyword\" href=\"https:\/\/www.suno.com.br\/artigos\/lucro-liquido\/\" target=\"_blank\" rel=\"noopener\" data-force=\"no\" data-priority=\"1\">lucro l\u00edquido<\/a><\/strong>\u00a0de R$ 187 milh\u00f5es (incremento de 7% a\/a e queda de 27% t\/t).<\/li>\n<li>Al\u00e9m da queda trimestral no lucro l\u00edquido, uma maior despesa financeira l\u00edquida (+492% a\/a; +39% t\/t) reflete aumento da posi\u00e7\u00e3o de\u00a0<a class=\"suno-keyword\" href=\"https:\/\/www.suno.com.br\/artigos\/divida-liquida\/\" target=\"_blank\" rel=\"noopener\" data-force=\"no\" data-priority=\"1\">d\u00edvida l\u00edquida<\/a>\u00a0da empresa e taxas de juros significativamente mais altas.<\/li>\n<li>A divis\u00e3o de seminovos da Movida registrou receita l\u00edquida de R$ 1,2 bilh\u00e3o (+82% a\/a), refletindo a estrat\u00e9gia de renova\u00e7\u00e3o da frota e a maior participa\u00e7\u00e3o do canal de atacado, tendo vendido 18,5 mil ve\u00edculos (+48% a\/a) com\u00a0<a class=\"suno-keyword\" href=\"https:\/\/www.suno.com.br\/artigos\/ticket-medio\/\" target=\"_blank\" rel=\"noopener\" data-force=\"no\" data-priority=\"1\">ticket m\u00e9dio<\/a>\u00a0de R$ 66,6 mil (+22% a\/a) \u2014 o que \u00e9 encarado como forte ponto positivo para a XP.<\/li>\n<li>A estrat\u00e9gia de renova\u00e7\u00e3o da frota adicionou cerca de 15 mil ve\u00edculos, atingindo uma frota total de 207 mil. Para a XP, a press\u00e3o na\u00a0<a class=\"suno-keyword\" href=\"https:\/\/www.suno.com.br\/artigos\/margem-ebitda\/\" target=\"_blank\" rel=\"noopener\" data-force=\"no\" data-priority=\"1\">margem Ebitda<\/a>\u00a0dos seminovos de -4,3p.p. na base trimestral, refleteo cen\u00e1rio de mercado ainda n\u00e3o normalizado e quest\u00f5es da cadeia de suprimentos.<\/li>\n<li>A XP pontua que Movida aumentou suas taxas de deprecia\u00e7\u00e3o anualizadas no segmento de \u201cRent-a-Car\u201d (RAC) para R$ 5 mil por ve\u00edculo (vs. 4,1 mil\/ve\u00edculo no 1T22), o que deve ser motivo de aten\u00e7\u00e3o.<\/li>\n<li>Em contrapartida, a companhia reduziu a mesma taxa para o segmento de Gest\u00e3o e Terceiriza\u00e7\u00e3o de Frotas (GTF) para R$ 3,9 mil por ve\u00edculo (vs. R$ 4,1 mil\/ve\u00edculo no 1T) devido a perspectivas de venda dos ve\u00edculos no\u00a0<a class=\"suno-keyword\" href=\"https:\/\/www.suno.com.br\/artigos\/curto-prazo\/\" target=\"_blank\" rel=\"noopener\" data-force=\"no\" data-priority=\"1\">curto prazo<\/a>.<\/li>\n<li>No segmento de RAC, o volume de tarifas di\u00e1rias foi de 5,7 mil (+23% a\/a), com aumento de 50% a\/a nas tarifas que comprava a capacidade de repasse de pre\u00e7os da Movida, segundo o BTG.<\/li>\n<li>A surpresa positiva para ambas as institui\u00e7\u00f5es veio da divis\u00e3o de GTF, com receita l\u00edquida de R$ 441 milh\u00f5es (+125% a\/a; +11% t\/t), impulsionada pela expans\u00e3o da frota e aumento do ticket m\u00e9dio mensal (+30% a\/a) e margem Ebitda praticamente est\u00e1vel na base trimestral, de 71,5%.<\/li>\n<li>Observando um desempenho operacional \u201crobusto\u201d e margens est\u00e1veis, os analistas Lucas Marquiori, Fernanda Recchia e Marcel Zambello, do BTG, v\u00eaem os pap\u00e9is da Movida sendo negociados a um valuation \u201catraente\u201d, de 4,0x P\/L em 2023, reiterando sua recomenda\u00e7\u00e3o de compra.<\/li>\n<li>\u201cOs investidores provavelmente monitorar\u00e3o o aumento das tarifas (para refletir o maior\u00a0<a class=\"suno-keyword\" href=\"https:\/\/www.suno.com.br\/artigos\/custo-de-capital\/\" target=\"_blank\" rel=\"noopener\" data-force=\"no\" data-priority=\"1\">custo de capital<\/a>), a\u00a0<a class=\"suno-keyword\" href=\"https:\/\/www.suno.com.br\/artigos\/alavancagem-financeira\/\" target=\"_blank\" rel=\"noopener\" data-force=\"no\" data-priority=\"1\">alavancagem financeira<\/a>, com a normaliza\u00e7\u00e3o da oferta de ve\u00edculos prevista para o final do ano e as margens do segmento de seminovos\u201d, afirmaram os analistas do BTG.<\/li>\n<li>Os pap\u00e9is da\u00a0<strong>Movida<\/strong>\u00a0fecharam em alta de 0,38% nesta ter\u00e7a-feira, sendo negociados a R$ 13,06 \u2014 o que, com o pre\u00e7o alvo estipulado pelo BTG, d\u00e1 \u00e0 a\u00e7\u00e3o um potencial de valoriza\u00e7\u00e3o de cerca de 115%.<\/li>\n<\/ul>\n<p><a href=\"https:\/\/lp.suno.com.br\/ebook-como-analisar-uma-acao\/\" target=\"_blank\" rel=\"noopener\" data-element=\"shortcode-suno-banner\" data-parameter=\"banner-mat-2-https:\/\/lp.suno.com.br\/ebook-como-analisar-uma-acao\/\"><picture><source srcset=\"https:\/\/files.sunoresearch.com.br\/n\/uploads\/2022\/07\/ebook-analisar-acoes-mobile-400x300-1-400x300.jpg\" media=\"(max-width: 500px)\" \/><\/picture><\/a><\/p>\n<h2 class=\"newsContent__article__title\">Totvs (TOTS3) compra a Tallos Tecnologia por R$ 6,7 milh\u00f5es<\/h2>\n<ul>\n<li>A\u00a0<a class=\"suno-keyword\" href=\"https:\/\/www.suno.com.br\/acoes\/TOTS3\/\" target=\"_blank\" rel=\"noopener\" data-force=\"yes\" data-priority=\"2\"><strong>Totvs<\/strong>\u00a0(TOTS3)<\/a> anunciou nesta ter\u00e7a-feira (2) que sua controlada, a RD Gest\u00e3o e Sistemas (RD Station), celebrou contrato para aquisi\u00e7\u00e3o total do capital social da Tallos Tecnologia Integrada e Assessoria em Neg\u00f3cios R$ 6,7 milh\u00f5es \u00e0 vista.<\/li>\n<li>Adicionalmente, o contrato prev\u00ea pagamento de\u00a0<strong>pre\u00e7o de compra complementar<\/strong>, sujeito ao cumprimento de determinadas condi\u00e7\u00f5es.<\/li>\n<li>De acordo com o comunicado enviado \u00e0 Comiss\u00e3o de Valores Mobili\u00e1rios (<strong>CVM<\/strong>), a empresa detalha que a\u00a0<strong>Tallos<\/strong>\u00a0foi a primeira startup acelerada do Cear\u00e1 pelo Porto Digital de Recife, fundada em 2017 para oferecer solu\u00e7\u00f5es inovadoras e descomplicar o atendimento digital.<\/li>\n<li>Com atua\u00e7\u00e3o em todos o pa\u00eds, a startup conta com mais de 600 clientes B2B, 12 mil usu\u00e1rios conectados diariamente e vem se consolidando como uma das principais desenvolvedoras de solu\u00e7\u00f5es para \u201cconversational commerce\u201d no Pa\u00eds, permitindo a otimiza\u00e7\u00e3o no atendimento e potencializando a for\u00e7a de vendas das empresas.<\/li>\n<li>\u201cCom esta aquisi\u00e7\u00e3o a\u00a0<strong>RD Station<\/strong>\u00a0refor\u00e7a a sua autonomia e capacidade de gest\u00e3o, e d\u00e1 um passo importante em \u2018conversational commerce\u2019 aumentando sua capacidade de prover solu\u00e7\u00f5es de relacionamento aos clientes, em tempo real, de maneira automatizada ou humana\u201d, afirma a empresa.<\/li>\n<li>Essas solu\u00e7\u00f5es, acrescenta o comunicado, visam atender uma demanda atual de mercado, incluindo o mercado B2B. \u201cEste movimento fortalece a estrat\u00e9gia de cross-selling da RD Station, por meio da amplia\u00e7\u00e3o do portf\u00f3lio que j\u00e1 contempla o bem sucedido produto CRM\u201d, diz.<\/li>\n<\/ul>\n<p><a href=\"https:\/\/lp.suno.com.br\/suno-one\/\" target=\"_blank\" rel=\"noopener\" data-element=\"shortcode-suno-banner\" data-parameter=\"banner-mat-1-https:\/\/lp.suno.com.br\/suno-one\/\"><picture><source srcset=\"https:\/\/files.sunoresearch.com.br\/n\/uploads\/2022\/06\/Banner-Noticias-400x300suno-one-banner-mobile-400x300.png\" media=\"(max-width: 500px)\" \/><\/picture><\/a><\/p>\n<p><a href=\"https:\/\/lp.suno.com.br\/5-amostras-suno-research\/\" target=\"_blank\" rel=\"noopener\" data-element=\"shortcode-suno-banner\" data-parameter=\"banner-mat-1-https:\/\/lp.suno.com.br\/5-amostras-suno-research\/\"><picture><source srcset=\"https:\/\/files.sunoresearch.com.br\/n\/uploads\/2022\/06\/Banner-Noticias-400x3005-amostras-400x300.jpg\" media=\"(max-width: 500px)\" \/><\/picture><\/a><\/p>\n\t<p>\n\t\t<a href=\"https:\/\/lp.suno.com.br\/ebook-como-analisar-uma-acao\/\" target=\"_blank\" data-element=\"shortcode-suno-banner\" title=\"Banner SUNO, clique e saiba mais\">\n\t\t\t<picture>\n\t\t\t\t<source media=\"(max-width: 500px)\" srcset=\"https:\/\/files.sunoresearch.com.br\/n\/uploads\/2023\/03\/Ebook-Acoes-Mobile-1.jpg\">\n\t\t\t\t<img class=\"newsContent__article__imgCapa newsContent__article__imgCapa--banner\"\n\t\t\t\t\tsrc=\"https:\/\/files.sunoresearch.com.br\/n\/uploads\/2023\/03\/Ebook-Acoes-Desktop-1.jpg\"\n\t\t\t\t\tdata-promo-id=\"171998\"\t\t\t\t\t\t\t\t\t\twidth='1420' height='286'\t\t\t\t\talt=\"https:\/\/files.sunoresearch.com.br\/n\/uploads\/2023\/03\/Ebook-Acoes-Desktop-1.jpg\"\n\t\t\t\t>\n\t\t\t<\/picture>\n\t\t<\/a>\n\t<\/p>\n\n\n<h2 class=\"newsContent__article__title\">Ambipar (AMBP3) adquire sexta empresa no Canad\u00e1<\/h2>\n<ul>\n<li>A\u00a0<a class=\"suno-keyword\" href=\"https:\/\/www.suno.com.br\/acoes\/AMBP3\/\" target=\"_blank\" rel=\"noopener\" data-force=\"yes\" data-priority=\"2\"><strong>Ambipar<\/strong>\u00a0(AMBP3)<\/a>\u00a0divulgou em\u00a0<a class=\"suno-keyword\" href=\"https:\/\/www.suno.com.br\/artigos\/fato-relevante\/\" target=\"_blank\" rel=\"noopener\" data-force=\"no\" data-priority=\"1\">fato relevante<\/a> para o mercado, nesta ter\u00e7a-feira (2), que adquiriu a empresa canadense Ridgeline, por meio de sua controlada indireta Ambipar Holding Canad\u00e1 Inc.<\/li>\n<li>O valor da aquisi\u00e7\u00e3o n\u00e3o foi informado. Por enquanto, a Ridgeline ir\u00e1 se tornar parte da Ambipar Response e, segundo a companhia, ajudar\u00e1 a impulsionar o crescimento da\u00a0<strong>Ambipar na\u00a0Am\u00e9rica do Norte<\/strong>. Essa j\u00e1 \u00e9 a sexta\u00a0<strong>aquisi\u00e7\u00e3o canadense<\/strong> da Ambipar no pa\u00eds e a d\u00e9cima terceira na Am\u00e9rica do Norte.<\/li>\n<li>Com a compra, a Ambipar passa a contar com 48 bases no subcontinente.<\/li>\n<li>Al\u00e9m disso, segundo a empresa, a aquisi\u00e7\u00e3o aumenta o portf\u00f3lio de servi\u00e7os ambientais oferecidos na Am\u00e9rica do Norte e gera sinergias operacionais, administrativas e oportunidades de cross selling, em linha com o seu plano estrat\u00e9gico de crescimento, com captura de sinergias e potencial maximiza\u00e7\u00e3o das margens e retorno.<\/li>\n<li>A Ambipar esclareceu que a aquisi\u00e7\u00e3o n\u00e3o ser\u00e1 submetida \u00e0 aprova\u00e7\u00e3o de seus acionistas e n\u00e3o ensejar\u00e1 direito de recesso, por ser realizada pela sua subsidi\u00e1ria, de capital fechado, e porque o pre\u00e7o pago n\u00e3o ultrapassa uma vez e meia o maior dos tr\u00eas valores previstos no artigo 256, II da Lei no6.404\/76.<\/li>\n<li>Em fato relevante, a Ambipar descreveu a <strong>Ridgeline<\/strong> como especialista em atendimento a emerg\u00eancias e servi\u00e7os ambientais para empresas dos setores de \u00f3leo e g\u00e1s, utilities, minera\u00e7\u00e3o e constru\u00e7\u00e3o. A companhia, fundada em 1999, conta com 16 bases localizadas nas prov\u00edncias de British Columbia, Alberta e Saskatchewan.<\/li>\n<li>Em 2021, a Ridgeline faturou 34,1 milh\u00f5es de d\u00f3lares canadenses, equivalentes a R$ 150 milh\u00f5es, e obteve um Ebitda (lucros antes de juros, impostos,\u00a0<a class=\"suno-keyword\" href=\"https:\/\/www.suno.com.br\/artigos\/depreciacao-amortizacao\/\" target=\"_blank\" rel=\"noopener\" data-force=\"no\" data-priority=\"1\">deprecia\u00e7\u00e3o e amortiza\u00e7\u00e3o<\/a>) de 4,2 milh\u00f5es de d\u00f3lares canadenses, cerca de R$ 18,5 milh\u00f5es.<\/li>\n<\/ul>\n<h2 class=\"newsContent__article__title\">Engie (EGIE3) vai pagar R$ 577,8 milh\u00f5es em dividendos; confira valor por a\u00e7\u00e3o<\/h2>\n<ul>\n<li>A\u00a0<a class=\"suno-keyword\" href=\"https:\/\/www.suno.com.br\/acoes\/EGIE3\/\" target=\"_blank\" rel=\"noopener\" data-force=\"yes\" data-priority=\"2\"><strong>Engie<\/strong>\u00a0(EGIE3)<\/a>\u00a0informou nesta ter\u00e7a-feira (2) que vai pagar R$ 577,8 milh\u00f5es em\u00a0<a class=\"suno-keyword\" href=\"https:\/\/www.suno.com.br\/guias\/dividendos\/\" target=\"_blank\" rel=\"noopener\" data-force=\"no\" data-priority=\"1\">dividendos<\/a>\u00a0intercalares aos seus acionistas.<\/li>\n<li>O valor dos proventos por a\u00e7\u00e3o ser\u00e1 de R$ 0,70. A data de pagamento ser\u00e1 posterior ao dia 16 de agosto, ainda a ser decidira pelo\u00a0<a class=\"suno-keyword\" href=\"https:\/\/www.suno.com.br\/artigos\/conselho-administracao\/\" target=\"_blank\" rel=\"noopener\" data-force=\"no\" data-priority=\"1\">conselho de administra\u00e7\u00e3o<\/a>\u00a0da Engie.<\/li>\n<li>Apenas os investidores com\u00a0<strong>a\u00e7\u00f5es da Engie<\/strong>\u00a0no dia 16 de agosto poder\u00e3o receber os rendimentos. A partir do dia 17 de agosto, as a\u00e7\u00f5es ser\u00e3o negociadas sem direito aos dividendos.<\/li>\n<li>Segundo documento arquivado na Comiss\u00e3o de Valores Mobili\u00e1rios (CVM), esses proventos equivalem a 55% do\u00a0<a class=\"suno-keyword\" href=\"https:\/\/www.suno.com.br\/artigos\/lucro-liquido\/\" target=\"_blank\" rel=\"noopener\" data-force=\"no\" data-priority=\"1\">lucro l\u00edquido<\/a>\u00a0distribu\u00edvel no primeiro semestre de 2022.<\/li>\n<\/ul>\n<h2>Dividendos da Engie<\/h2>\n<ul>\n<li style=\"list-style-type: none;\">\n<ul>\n<li>Valor total: R$ 577.884.268,33<\/li>\n<li>Valor por a\u00e7\u00e3o: R$ 0,7082542240<\/li>\n<li>Data de corte: 16 de agosto<\/li>\n<li>Data do pagamento: a ser definida<\/li>\n<li>Rendimento (dividend yield): 5,65%<\/li>\n<\/ul>\n<\/li>\n<\/ul>\n<p>Da\u00a0<strong>Cielo<\/strong><b>\u00a0<\/b>\u00e0 Engie, essas foram as empresas que se destacaram hoje. Para ler todas as mat\u00e9rias <a href=\"https:\/\/www.suno.com.br\/noticias\/\">clique aqui<\/a>.<\/p>\n","protected":false},"excerpt":{"rendered":"<p>A\u00a0Cielo\u00a0(CIEL3)\u00a0reportou nesta ter\u00e7a-feira (2) seus resultados do segundo trimestre de 2022 (2T22). A empresa destaca que o\u00a0lucro recorrente\u00a0foi de R$ 383 milh\u00f5es, alta de 112,5% quando comparado ao lucro recorrente do 2T21 \u2013 per\u00edodo em que registrou R$ 180,4 milh\u00f5es. Cielo (CIEL3) &#8211; Foto: Divulga\u00e7\u00e3o De acordo com o\u00a0balan\u00e7o da Cielo do 2T22, esse \u00e9 [&hellip;]<\/p>\n","protected":false},"author":174,"featured_media":130223,"comment_status":"closed","ping_status":"closed","sticky":false,"template":"","format":"standard","meta":[],"categories":[64],"tags":[66864,423,465,567,665],"suno_strategy":[],"class_list":["post-280859","post","type-post","status-publish","format-standard","has-post-thumbnail","hentry","category-negocios","tag-ambipar-ambp3","tag-cielo-ciel3","tag-engie-egie3","tag-movida-movi3","tag-totvs-tots3"],"yoast_head":"<!-- This site is optimized with the Yoast SEO plugin v24.4 - https:\/\/yoast.com\/wordpress\/plugins\/seo\/ -->\n<title>Radar: Cielo (CIEL3) dobra lucro do 2T22, Engie (EGIE3) vai pagar R$ 577,8 mi em dividendos, Ambipar (AMBP3) compra empresa no Canad\u00e1<\/title>\n<meta name=\"description\" content=\"Nesta ter\u00e7a-feira, Cielo registrou uma alta de 112,5% no lucro e a Engie comunicou que vai pagar dividendos milion\u00e1rios. Confira mais aqui!\" \/>\n<meta name=\"robots\" content=\"index, follow, max-snippet:-1, max-image-preview:large, max-video-preview:-1\" \/>\n<link rel=\"canonical\" href=\"https:\/\/www.suno.com.br\/noticias\/radar-cielo-ciel3-engie-egie3-ambipar-ambp3\/\" \/>\n<meta property=\"og:locale\" content=\"pt_BR\" \/>\n<meta property=\"og:type\" content=\"article\" \/>\n<meta property=\"og:title\" content=\"Radar: Cielo (CIEL3) dobra lucro do 2T22, Engie (EGIE3) vai pagar R$ 577,8 mi em dividendos, Ambipar (AMBP3) compra empresa no Canad\u00e1\" \/>\n<meta property=\"og:description\" content=\"Nesta ter\u00e7a-feira, Cielo registrou uma alta de 112,5% no lucro e a Engie comunicou que vai pagar dividendos milion\u00e1rios. Confira mais aqui!\" \/>\n<meta property=\"og:url\" content=\"https:\/\/www.suno.com.br\/noticias\/radar-cielo-ciel3-engie-egie3-ambipar-ambp3\/\" \/>\n<meta property=\"og:site_name\" content=\"Suno Not\u00edcias\" \/>\n<meta property=\"article:publisher\" content=\"https:\/\/facebook.com\/sunoresearch\" \/>\n<meta property=\"og:image\" content=\"https:\/\/files.sunoresearch.com.br\/n\/uploads\/2021\/03\/747ff087-cielo-3.jpg\" \/>\n\t<meta property=\"og:image:width\" content=\"1200\" \/>\n\t<meta property=\"og:image:height\" content=\"675\" \/>\n\t<meta property=\"og:image:type\" content=\"image\/jpeg\" \/>\n<meta name=\"author\" content=\"Jorge C. Carrasco\" \/>\n<meta name=\"twitter:card\" content=\"summary_large_image\" \/>\n<meta name=\"twitter:creator\" content=\"@sunoresearch\" \/>\n<meta name=\"twitter:site\" content=\"@sunoresearch\" \/>\n<meta name=\"twitter:label1\" content=\"Escrito por\" \/>\n\t<meta name=\"twitter:data1\" content=\"Jorge C. Carrasco\" \/>\n\t<meta name=\"twitter:label2\" content=\"Est. tempo de leitura\" \/>\n\t<meta name=\"twitter:data2\" content=\"9 minutos\" \/>\n<script type=\"application\/ld+json\" class=\"yoast-schema-graph\">{\"@context\":\"https:\/\/schema.org\",\"@graph\":[{\"@type\":\"NewsArticle\",\"@id\":\"https:\/\/www.suno.com.br\/noticias\/radar-cielo-ciel3-engie-egie3-ambipar-ambp3\/#article\",\"isPartOf\":{\"@id\":\"https:\/\/www.suno.com.br\/noticias\/radar-cielo-ciel3-engie-egie3-ambipar-ambp3\/\"},\"author\":{\"name\":\"Jorge C. Carrasco\",\"@id\":\"https:\/\/www.suno.com.br\/noticias\/#\/schema\/person\/5e3d16fbfcfd3307a21fee0ba2e51dce\"},\"headline\":\"Radar: Cielo (CIEL3) dobra lucro do 2T22, Engie (EGIE3) vai pagar R$ 577,8 milh\u00f5es em dividendos, Ambipar (AMBP3) compra empresa no Canad\u00e1\",\"datePublished\":\"2022-08-03T01:37:45+00:00\",\"mainEntityOfPage\":{\"@id\":\"https:\/\/www.suno.com.br\/noticias\/radar-cielo-ciel3-engie-egie3-ambipar-ambp3\/\"},\"wordCount\":1672,\"publisher\":{\"@id\":\"https:\/\/www.suno.com.br\/noticias\/#organization\"},\"image\":{\"@id\":\"https:\/\/www.suno.com.br\/noticias\/radar-cielo-ciel3-engie-egie3-ambipar-ambp3\/#primaryimage\"},\"thumbnailUrl\":\"https:\/\/files.sunoresearch.com.br\/n\/uploads\/2021\/03\/747ff087-cielo-3-jpg.webp\",\"keywords\":[\"Ambipar (AMBP3)\",\"Cielo (CIEL3)\",\"Engie (EGIE3)\",\"Movida (MOVI3)\",\"Totvs (TOTS3)\"],\"articleSection\":[\"Neg\u00f3cios\"],\"inLanguage\":\"pt-BR\"},{\"@type\":\"WebPage\",\"@id\":\"https:\/\/www.suno.com.br\/noticias\/radar-cielo-ciel3-engie-egie3-ambipar-ambp3\/\",\"url\":\"https:\/\/www.suno.com.br\/noticias\/radar-cielo-ciel3-engie-egie3-ambipar-ambp3\/\",\"name\":\"Radar: Cielo (CIEL3) dobra lucro do 2T22, Engie (EGIE3) vai pagar R$ 577,8 mi em dividendos, Ambipar (AMBP3) compra empresa no Canad\u00e1\",\"isPartOf\":{\"@id\":\"https:\/\/www.suno.com.br\/noticias\/#website\"},\"primaryImageOfPage\":{\"@id\":\"https:\/\/www.suno.com.br\/noticias\/radar-cielo-ciel3-engie-egie3-ambipar-ambp3\/#primaryimage\"},\"image\":{\"@id\":\"https:\/\/www.suno.com.br\/noticias\/radar-cielo-ciel3-engie-egie3-ambipar-ambp3\/#primaryimage\"},\"thumbnailUrl\":\"https:\/\/files.sunoresearch.com.br\/n\/uploads\/2021\/03\/747ff087-cielo-3-jpg.webp\",\"datePublished\":\"2022-08-03T01:37:45+00:00\",\"description\":\"Nesta ter\u00e7a-feira, Cielo registrou uma alta de 112,5% no lucro e a Engie comunicou que vai pagar dividendos milion\u00e1rios. Confira mais aqui!\",\"breadcrumb\":{\"@id\":\"https:\/\/www.suno.com.br\/noticias\/radar-cielo-ciel3-engie-egie3-ambipar-ambp3\/#breadcrumb\"},\"inLanguage\":\"pt-BR\",\"potentialAction\":[{\"@type\":\"ReadAction\",\"target\":[\"https:\/\/www.suno.com.br\/noticias\/radar-cielo-ciel3-engie-egie3-ambipar-ambp3\/\"]}]},{\"@type\":\"ImageObject\",\"inLanguage\":\"pt-BR\",\"@id\":\"https:\/\/www.suno.com.br\/noticias\/radar-cielo-ciel3-engie-egie3-ambipar-ambp3\/#primaryimage\",\"url\":\"https:\/\/files.sunoresearch.com.br\/n\/uploads\/2021\/03\/747ff087-cielo-3-jpg.webp\",\"contentUrl\":\"https:\/\/files.sunoresearch.com.br\/n\/uploads\/2021\/03\/747ff087-cielo-3-jpg.webp\",\"width\":1200,\"height\":675,\"caption\":\"Cielo (CIEL3) - Foto: Divulga\u00e7\u00e3o\"},{\"@type\":\"BreadcrumbList\",\"@id\":\"https:\/\/www.suno.com.br\/noticias\/radar-cielo-ciel3-engie-egie3-ambipar-ambp3\/#breadcrumb\",\"itemListElement\":[{\"@type\":\"ListItem\",\"position\":1,\"name\":\"Not\u00edcias\",\"item\":\"https:\/\/www.suno.com.br\/noticias\/\"},{\"@type\":\"ListItem\",\"position\":2,\"name\":\"Neg\u00f3cios\",\"item\":\"https:\/\/www.suno.com.br\/noticias\/negocios\/\"},{\"@type\":\"ListItem\",\"position\":3,\"name\":\"Radar: Cielo (CIEL3) dobra lucro do 2T22, Engie (EGIE3) vai pagar R$ 577,8 milh\u00f5es em dividendos, Ambipar (AMBP3) compra empresa no Canad\u00e1\"}]},{\"@type\":\"WebSite\",\"@id\":\"https:\/\/www.suno.com.br\/noticias\/#website\",\"url\":\"https:\/\/www.suno.com.br\/noticias\/\",\"name\":\"Suno Not\u00edcias\",\"description\":\"Seu portal de informa\u00e7\u00e3o sobre o mundo dos investimentos\",\"publisher\":{\"@id\":\"https:\/\/www.suno.com.br\/noticias\/#organization\"},\"potentialAction\":[{\"@type\":\"SearchAction\",\"target\":{\"@type\":\"EntryPoint\",\"urlTemplate\":\"https:\/\/www.suno.com.br\/noticias\/?s={search_term_string}\"},\"query-input\":{\"@type\":\"PropertyValueSpecification\",\"valueRequired\":true,\"valueName\":\"search_term_string\"}}],\"inLanguage\":\"pt-BR\"},{\"@type\":\"Organization\",\"@id\":\"https:\/\/www.suno.com.br\/noticias\/#organization\",\"name\":\"Suno Not\u00edcias\",\"url\":\"https:\/\/www.suno.com.br\/noticias\/\",\"logo\":{\"@type\":\"ImageObject\",\"inLanguage\":\"pt-BR\",\"@id\":\"https:\/\/www.suno.com.br\/noticias\/#\/schema\/logo\/image\/\",\"url\":\"https:\/\/files.sunoresearch.com.br\/n\/uploads\/2021\/09\/suno-logo.png\",\"contentUrl\":\"https:\/\/files.sunoresearch.com.br\/n\/uploads\/2021\/09\/suno-logo.png\",\"width\":180,\"height\":180,\"caption\":\"Suno Not\u00edcias\"},\"image\":{\"@id\":\"https:\/\/www.suno.com.br\/noticias\/#\/schema\/logo\/image\/\"},\"sameAs\":[\"https:\/\/facebook.com\/sunoresearch\",\"https:\/\/x.com\/sunoresearch\",\"https:\/\/www.instagram.com\/suno\",\"https:\/\/www.linkedin.com\/company\/suno-research\/\",\"https:\/\/www.youtube.com\/c\/sunoresearch\"]},{\"@type\":\"Person\",\"@id\":\"https:\/\/www.suno.com.br\/noticias\/#\/schema\/person\/5e3d16fbfcfd3307a21fee0ba2e51dce\",\"name\":\"Jorge C. Carrasco\",\"image\":{\"@type\":\"ImageObject\",\"inLanguage\":\"pt-BR\",\"@id\":\"https:\/\/www.suno.com.br\/noticias\/#\/schema\/person\/image\/\",\"url\":\"https:\/\/secure.gravatar.com\/avatar\/eba2cc7d7174b6b346ad398772f904f2?s=96&r=g\",\"contentUrl\":\"https:\/\/secure.gravatar.com\/avatar\/eba2cc7d7174b6b346ad398772f904f2?s=96&r=g\",\"caption\":\"Jorge C. Carrasco\"},\"description\":\"Jornalista e escritor com experi\u00eancia na cobertura de economia, empreendedorismo, mercado financeiro, pol\u00edtica e assuntos internacionais. J\u00e1 colaborou com diversos jornais e revistas do Brasil e do exterior, como Estad\u00e3o, \u00c9poca, Foreign Policy, The Spectator Aus, Washington Examiner e Quillette.\",\"sameAs\":[\"felipe.areia@sunoresearch.com.br\"],\"url\":\"https:\/\/www.suno.com.br\/noticias\/author\/jorge-carrasco\/\"}]}<\/script>\n<!-- \/ Yoast SEO plugin. -->","yoast_head_json":{"title":"Radar: Cielo (CIEL3) dobra lucro do 2T22, Engie (EGIE3) vai pagar R$ 577,8 mi em dividendos, Ambipar (AMBP3) compra empresa no Canad\u00e1","description":"Nesta ter\u00e7a-feira, Cielo registrou uma alta de 112,5% no lucro e a Engie comunicou que vai pagar dividendos milion\u00e1rios. Confira mais aqui!","robots":{"index":"index","follow":"follow","max-snippet":"max-snippet:-1","max-image-preview":"max-image-preview:large","max-video-preview":"max-video-preview:-1"},"canonical":"https:\/\/www.suno.com.br\/noticias\/radar-cielo-ciel3-engie-egie3-ambipar-ambp3\/","og_locale":"pt_BR","og_type":"article","og_title":"Radar: Cielo (CIEL3) dobra lucro do 2T22, Engie (EGIE3) vai pagar R$ 577,8 mi em dividendos, Ambipar (AMBP3) compra empresa no Canad\u00e1","og_description":"Nesta ter\u00e7a-feira, Cielo registrou uma alta de 112,5% no lucro e a Engie comunicou que vai pagar dividendos milion\u00e1rios. Confira mais aqui!","og_url":"https:\/\/www.suno.com.br\/noticias\/radar-cielo-ciel3-engie-egie3-ambipar-ambp3\/","og_site_name":"Suno Not\u00edcias","article_publisher":"https:\/\/facebook.com\/sunoresearch","og_image":[{"width":1200,"height":675,"url":"https:\/\/files.sunoresearch.com.br\/n\/uploads\/2021\/03\/747ff087-cielo-3.jpg","type":"image\/jpeg"}],"author":"Jorge C. Carrasco","twitter_card":"summary_large_image","twitter_creator":"@sunoresearch","twitter_site":"@sunoresearch","twitter_misc":{"Escrito por":"Jorge C. Carrasco","Est. tempo de leitura":"9 minutos"},"schema":{"@context":"https:\/\/schema.org","@graph":[{"@type":"NewsArticle","@id":"https:\/\/www.suno.com.br\/noticias\/radar-cielo-ciel3-engie-egie3-ambipar-ambp3\/#article","isPartOf":{"@id":"https:\/\/www.suno.com.br\/noticias\/radar-cielo-ciel3-engie-egie3-ambipar-ambp3\/"},"author":{"name":"Jorge C. Carrasco","@id":"https:\/\/www.suno.com.br\/noticias\/#\/schema\/person\/5e3d16fbfcfd3307a21fee0ba2e51dce"},"headline":"Radar: Cielo (CIEL3) dobra lucro do 2T22, Engie (EGIE3) vai pagar R$ 577,8 milh\u00f5es em dividendos, Ambipar (AMBP3) compra empresa no Canad\u00e1","datePublished":"2022-08-03T01:37:45+00:00","mainEntityOfPage":{"@id":"https:\/\/www.suno.com.br\/noticias\/radar-cielo-ciel3-engie-egie3-ambipar-ambp3\/"},"wordCount":1672,"publisher":{"@id":"https:\/\/www.suno.com.br\/noticias\/#organization"},"image":{"@id":"https:\/\/www.suno.com.br\/noticias\/radar-cielo-ciel3-engie-egie3-ambipar-ambp3\/#primaryimage"},"thumbnailUrl":"https:\/\/files.sunoresearch.com.br\/n\/uploads\/2021\/03\/747ff087-cielo-3-jpg.webp","keywords":["Ambipar (AMBP3)","Cielo (CIEL3)","Engie (EGIE3)","Movida (MOVI3)","Totvs (TOTS3)"],"articleSection":["Neg\u00f3cios"],"inLanguage":"pt-BR"},{"@type":"WebPage","@id":"https:\/\/www.suno.com.br\/noticias\/radar-cielo-ciel3-engie-egie3-ambipar-ambp3\/","url":"https:\/\/www.suno.com.br\/noticias\/radar-cielo-ciel3-engie-egie3-ambipar-ambp3\/","name":"Radar: Cielo (CIEL3) dobra lucro do 2T22, Engie (EGIE3) vai pagar R$ 577,8 mi em dividendos, Ambipar (AMBP3) compra empresa no Canad\u00e1","isPartOf":{"@id":"https:\/\/www.suno.com.br\/noticias\/#website"},"primaryImageOfPage":{"@id":"https:\/\/www.suno.com.br\/noticias\/radar-cielo-ciel3-engie-egie3-ambipar-ambp3\/#primaryimage"},"image":{"@id":"https:\/\/www.suno.com.br\/noticias\/radar-cielo-ciel3-engie-egie3-ambipar-ambp3\/#primaryimage"},"thumbnailUrl":"https:\/\/files.sunoresearch.com.br\/n\/uploads\/2021\/03\/747ff087-cielo-3-jpg.webp","datePublished":"2022-08-03T01:37:45+00:00","description":"Nesta ter\u00e7a-feira, Cielo registrou uma alta de 112,5% no lucro e a Engie comunicou que vai pagar dividendos milion\u00e1rios. Confira mais aqui!","breadcrumb":{"@id":"https:\/\/www.suno.com.br\/noticias\/radar-cielo-ciel3-engie-egie3-ambipar-ambp3\/#breadcrumb"},"inLanguage":"pt-BR","potentialAction":[{"@type":"ReadAction","target":["https:\/\/www.suno.com.br\/noticias\/radar-cielo-ciel3-engie-egie3-ambipar-ambp3\/"]}]},{"@type":"ImageObject","inLanguage":"pt-BR","@id":"https:\/\/www.suno.com.br\/noticias\/radar-cielo-ciel3-engie-egie3-ambipar-ambp3\/#primaryimage","url":"https:\/\/files.sunoresearch.com.br\/n\/uploads\/2021\/03\/747ff087-cielo-3-jpg.webp","contentUrl":"https:\/\/files.sunoresearch.com.br\/n\/uploads\/2021\/03\/747ff087-cielo-3-jpg.webp","width":1200,"height":675,"caption":"Cielo (CIEL3) - Foto: Divulga\u00e7\u00e3o"},{"@type":"BreadcrumbList","@id":"https:\/\/www.suno.com.br\/noticias\/radar-cielo-ciel3-engie-egie3-ambipar-ambp3\/#breadcrumb","itemListElement":[{"@type":"ListItem","position":1,"name":"Not\u00edcias","item":"https:\/\/www.suno.com.br\/noticias\/"},{"@type":"ListItem","position":2,"name":"Neg\u00f3cios","item":"https:\/\/www.suno.com.br\/noticias\/negocios\/"},{"@type":"ListItem","position":3,"name":"Radar: Cielo (CIEL3) dobra lucro do 2T22, Engie (EGIE3) vai pagar R$ 577,8 milh\u00f5es em dividendos, Ambipar (AMBP3) compra empresa no Canad\u00e1"}]},{"@type":"WebSite","@id":"https:\/\/www.suno.com.br\/noticias\/#website","url":"https:\/\/www.suno.com.br\/noticias\/","name":"Suno Not\u00edcias","description":"Seu portal de informa\u00e7\u00e3o sobre o mundo dos investimentos","publisher":{"@id":"https:\/\/www.suno.com.br\/noticias\/#organization"},"potentialAction":[{"@type":"SearchAction","target":{"@type":"EntryPoint","urlTemplate":"https:\/\/www.suno.com.br\/noticias\/?s={search_term_string}"},"query-input":{"@type":"PropertyValueSpecification","valueRequired":true,"valueName":"search_term_string"}}],"inLanguage":"pt-BR"},{"@type":"Organization","@id":"https:\/\/www.suno.com.br\/noticias\/#organization","name":"Suno Not\u00edcias","url":"https:\/\/www.suno.com.br\/noticias\/","logo":{"@type":"ImageObject","inLanguage":"pt-BR","@id":"https:\/\/www.suno.com.br\/noticias\/#\/schema\/logo\/image\/","url":"https:\/\/files.sunoresearch.com.br\/n\/uploads\/2021\/09\/suno-logo.png","contentUrl":"https:\/\/files.sunoresearch.com.br\/n\/uploads\/2021\/09\/suno-logo.png","width":180,"height":180,"caption":"Suno Not\u00edcias"},"image":{"@id":"https:\/\/www.suno.com.br\/noticias\/#\/schema\/logo\/image\/"},"sameAs":["https:\/\/facebook.com\/sunoresearch","https:\/\/x.com\/sunoresearch","https:\/\/www.instagram.com\/suno","https:\/\/www.linkedin.com\/company\/suno-research\/","https:\/\/www.youtube.com\/c\/sunoresearch"]},{"@type":"Person","@id":"https:\/\/www.suno.com.br\/noticias\/#\/schema\/person\/5e3d16fbfcfd3307a21fee0ba2e51dce","name":"Jorge C. Carrasco","image":{"@type":"ImageObject","inLanguage":"pt-BR","@id":"https:\/\/www.suno.com.br\/noticias\/#\/schema\/person\/image\/","url":"https:\/\/secure.gravatar.com\/avatar\/eba2cc7d7174b6b346ad398772f904f2?s=96&r=g","contentUrl":"https:\/\/secure.gravatar.com\/avatar\/eba2cc7d7174b6b346ad398772f904f2?s=96&r=g","caption":"Jorge C. Carrasco"},"description":"Jornalista e escritor com experi\u00eancia na cobertura de economia, empreendedorismo, mercado financeiro, pol\u00edtica e assuntos internacionais. J\u00e1 colaborou com diversos jornais e revistas do Brasil e do exterior, como Estad\u00e3o, \u00c9poca, Foreign Policy, The Spectator Aus, Washington Examiner e Quillette.","sameAs":["felipe.areia@sunoresearch.com.br"],"url":"https:\/\/www.suno.com.br\/noticias\/author\/jorge-carrasco\/"}]}},"default_loop_html":"<div class=\"cardsPage__listCard__boxs\"><div class=\"cardsPage__listCard__boxs__img\"><a href=\"https:\/\/www.suno.com.br\/noticias\/radar-cielo-ciel3-engie-egie3-ambipar-ambp3\/\"><img class=\"mask\" src=\"https:\/\/www.suno.com.br\/noticias\/wp-content\/themes\/suno\/resources\/images\/spotlight\/spotlight1img\/bg-mask.png\" alt=\"Image Mask\"\/><img src=\"https:\/\/files.sunoresearch.com.br\/n\/uploads\/2021\/03\/747ff087-cielo-3-400x200.webp\" alt=\"Radar: Cielo (CIEL3) dobra lucro do 2T22, Engie (EGIE3) vai pagar R$ 577,8 milh\u00f5es em dividendos, Ambipar (AMBP3) compra empresa no Canad\u00e1\"\/><\/a><span class=\"spotlightCategory\"><a href=\"https:\/\/www.suno.com.br\/noticias\/negocios\/\">Neg\u00f3cios<\/a><\/span><\/div><div class=\"cardsPage__listCard__boxs__content\"><a href=\"https:\/\/www.suno.com.br\/noticias\/radar-cielo-ciel3-engie-egie3-ambipar-ambp3\/\"><h2 class=\"content__title\">Radar: Cielo (CIEL3) dobra lucro do 2T22, Engie (EGIE3) vai pagar R$ 577,8 milh\u00f5es em dividendos, Ambipar (AMBP3) compra empresa no Canad\u00e1<\/h2><\/a><div class=\"newsContent__article__meta\"><div class=\"newsContent__article__meta__authorBox\"><a href=\"https:\/\/www.suno.com.br\/noticias\/author\/jorge-carrasco\/\" class=\"authorBox__avatar noMobi\"><img src=\"https:\/\/secure.gravatar.com\/avatar\/eba2cc7d7174b6b346ad398772f904f2?s=96&#038;r=g\" alt=\"Jorge C. Carrasco\"><\/a><div class=\"authorBox__name\"><span>por\n\t\t\t<a href=\"https:\/\/www.suno.com.br\/noticias\/author\/jorge-carrasco\/\"><span itemprop=\"author\">Jorge C. Carrasco<\/span><\/a><\/span><time datetime=\"2022-08-02T22:37:45-03:00\" itemprop=\"datePublished\">02\/08\/2022 22:37<\/time><\/div><\/div><\/div><\/div><\/div>","single_layout":"posts","amp_enabled":true,"_links":{"self":[{"href":"https:\/\/www.suno.com.br\/noticias\/wp-json\/wp\/v2\/posts\/280859"}],"collection":[{"href":"https:\/\/www.suno.com.br\/noticias\/wp-json\/wp\/v2\/posts"}],"about":[{"href":"https:\/\/www.suno.com.br\/noticias\/wp-json\/wp\/v2\/types\/post"}],"author":[{"embeddable":true,"href":"https:\/\/www.suno.com.br\/noticias\/wp-json\/wp\/v2\/users\/174"}],"replies":[{"embeddable":true,"href":"https:\/\/www.suno.com.br\/noticias\/wp-json\/wp\/v2\/comments?post=280859"}],"version-history":[{"count":3,"href":"https:\/\/www.suno.com.br\/noticias\/wp-json\/wp\/v2\/posts\/280859\/revisions"}],"predecessor-version":[{"id":280875,"href":"https:\/\/www.suno.com.br\/noticias\/wp-json\/wp\/v2\/posts\/280859\/revisions\/280875"}],"wp:featuredmedia":[{"embeddable":true,"href":"https:\/\/www.suno.com.br\/noticias\/wp-json\/wp\/v2\/media\/130223"}],"wp:attachment":[{"href":"https:\/\/www.suno.com.br\/noticias\/wp-json\/wp\/v2\/media?parent=280859"}],"wp:term":[{"taxonomy":"category","embeddable":true,"href":"https:\/\/www.suno.com.br\/noticias\/wp-json\/wp\/v2\/categories?post=280859"},{"taxonomy":"post_tag","embeddable":true,"href":"https:\/\/www.suno.com.br\/noticias\/wp-json\/wp\/v2\/tags?post=280859"},{"taxonomy":"suno_strategy","embeddable":true,"href":"https:\/\/www.suno.com.br\/noticias\/wp-json\/wp\/v2\/suno_strategy?post=280859"}],"curies":[{"name":"wp","href":"https:\/\/api.w.org\/{rel}","templated":true}]}}