{"id":280852,"date":"2022-08-02T21:34:52","date_gmt":"2022-08-03T00:34:52","guid":{"rendered":"https:\/\/www.suno.com.br\/noticias\/?p=280852"},"modified":"2022-08-02T21:34:52","modified_gmt":"2022-08-03T00:34:52","slug":"braskem-brkm5-compra-fatia-wise-plasticos-121-mi","status":"publish","type":"post","link":"https:\/\/www.suno.com.br\/noticias\/braskem-brkm5-compra-fatia-wise-plasticos-121-mi\/","title":{"rendered":"Braskem (BRKM5) compra fatia de 61% da Wise Pl\u00e1sticos por R$ 121 milh\u00f5es"},"content":{"rendered":"<p>A <a class=\"suno-keyword\" href=\"https:\/\/www.suno.com.br\/acoes\/BRKM5\/\" target=\"_blank\" rel=\"noopener\" data-force=\"yes\" data-priority=\"2\"><strong>Braskem<\/strong> (BRKM5)<\/a> anunciou nesta ter\u00e7a-feira (2) que assinou um contrato para a aquisi\u00e7\u00e3o de a\u00e7\u00f5es e subscri\u00e7\u00e3o de novas a\u00e7\u00f5es de emiss\u00e3o da Wise Pl\u00e1sticos.<\/p>\t<div class=\"wrapper-featured-image\">\n\t\t<figure class=\"spotlightImg\">\n\n\t\t\t<picture>\n\t\t\t\t<source media=\"(max-width: 768px)\" srcset=\"https:\/\/files.sunoresearch.com.br\/n\/uploads\/2021\/03\/173c29b5-braskem-1-e1683728328426-400x200.jpg\">\n\t\t\t\t<img loading=\"lazy\" decoding=\"async\" class=\"newsContent__article__imgCapa lazyloadDisabled \" src=\"https:\/\/files.sunoresearch.com.br\/n\/uploads\/2021\/03\/173c29b5-braskem-1-e1683728328426-800x450.jpg\" width=\"800\" height=\"450\" alt=\"Braskem (BRKM5) compra fatia de 61% da Wise Pl\u00e1sticos por R$ 121 milh\u00f5es\" fetchpriority=high \/>\n\t\t\t<\/picture>\n\n\t\t\t<figcaption class=\"wp-caption-text wp-caption-text--show\">Braskem (BRKM5) - Foto: Divulga\u00e7\u00e3o<\/figcaption>\n\t\t<\/figure>\n\t<\/div>\n\n\n\t<p>\n\t\t<a href=\"\" target=\"_blank\" data-element=\"shortcode-suno-banner\" title=\"Banner SUNO, clique e saiba mais\">\n\t\t\t<picture>\n\t\t\t\t<source media=\"(max-width: 500px)\" srcset=\"\">\n\t\t\t\t<img class=\"newsContent__article__imgCapa newsContent__article__imgCapa--banner\"\n\t\t\t\t\tsrc=\"\"\n\t\t\t\t\tdata-promo-id=\"138420\"\t\t\t\t\t\t\t\t\t\t\t\t\t\t\talt=\"\"\n\t\t\t\t>\n\t\t\t<\/picture>\n\t\t<\/a>\n\t<\/p>\n\n\n<p>De acordo com <a class=\"suno-keyword\" href=\"https:\/\/www.suno.com.br\/artigos\/fato-relevante\/\" target=\"_blank\" rel=\"noopener\" data-force=\"no\" data-priority=\"1\">fato relevante<\/a> enviado \u00e0 Comiss\u00e3o de Valores Mobili\u00e1rios (CVM), agora a Braskem possui uma fatia de 61,1% do capital social da empresa.<\/p>\n<p>O valor do neg\u00f3cio foi de R$ 121 milh\u00f5es, desconsiderando ajustes usuais deste tipo de transa\u00e7\u00e3o. A Braskem destacou que parte relevante do montante ser\u00e1 aportada diretamente na Wise, de forma que a companhia duplique a <a class=\"suno-keyword\" href=\"https:\/\/www.suno.com.br\/artigos\/capacidade-produtiva\/\" target=\"_blank\" rel=\"noopener\" data-force=\"no\" data-priority=\"1\">capacidade produtiva<\/a> atual para aproximadamente 50 mil toneladas at\u00e9 2026.<\/p>\n<p>A Wise \u00e9 uma empresa brasileira sediada no munic\u00edpio de Itatiba, em S\u00e3o Paulo, que opera no setor de reciclagem mec\u00e2nica h\u00e1 15 anos, com capacidade para reciclar aproximadamente 25 mil toneladas de res\u00edduos pl\u00e1sticos por ano.<\/p>\n<p>\u201cEsta transa\u00e7\u00e3o tem como objetivos acelerar o desenvolvimento da cadeia e alavancar a reciclagem no Brasil e se insere no Macro Objetivo da companhia de Elimina\u00e7\u00e3o de Res\u00edduos Pl\u00e1sticos, que inclui projetos voltados para educa\u00e7\u00e3o, infraestrutura de reciclagem, reciclagem mec\u00e2nica e reciclagem avan\u00e7ada\u201d, afirmou a companhia petroqu\u00edmica, em comunicado enviado ao mercado.<\/p>\n<p>A transa\u00e7\u00e3o est\u00e1 sujeita \u00e0 aprova\u00e7\u00e3o por autoridades competentes e demais condi\u00e7\u00f5es precedentes estabelecidas entre as partes.<\/p>\n<p><em>Leia tamb\u00e9m<\/em><\/p>\n\t<p>\n\t\t<a href=\"https:\/\/lp.suno.com.br\/planilha-controle-gastos\/\" target=\"_blank\" data-element=\"shortcode-suno-banner\" title=\"Banner SUNO, clique e saiba mais\">\n\t\t\t<picture>\n\t\t\t\t<source media=\"(max-width: 500px)\" srcset=\"https:\/\/files.sunoresearch.com.br\/n\/uploads\/2023\/03\/400x300-Planilha-controle-de-gastos.png\">\n\t\t\t\t<img class=\"newsContent__article__imgCapa newsContent__article__imgCapa--banner\"\n\t\t\t\t\tsrc=\"https:\/\/files.sunoresearch.com.br\/n\/uploads\/2023\/03\/1420x240-Planilha-controle-de-gastos.png\"\n\t\t\t\t\tdata-promo-id=\"101751\"\t\t\t\t\t\t\t\t\t\twidth='1420' height='240'\t\t\t\t\talt=\"https:\/\/files.sunoresearch.com.br\/n\/uploads\/2023\/03\/1420x240-Planilha-controle-de-gastos.png\"\n\t\t\t\t>\n\t\t\t<\/picture>\n\t\t<\/a>\n\t<\/p>\n\n\n<h2>Braskem (BRKM5): lucro deve cair 98% no 2T22, mas BTG recomenda \u201ccompra\u201d; entenda<\/h2>\n<p>A\u00a0<a href=\"https:\/\/www.suno.com.br\/acoes\/brkm5\/\"><strong>Braskem<\/strong>\u00a0(BRKM5)<\/a>\u00a0divulgou recentemente seu relat\u00f3rio de Produ\u00e7\u00e3o e Vendas do segundo trimestre. Nesta segunda-feira (25), o BTG Pactual publicou um relat\u00f3rio falando sobre as perspectivas da companhia a partir dos novos dados.<\/p>\n<p>A petroqu\u00edmica divulgar\u00e1 seu resultado completo do segundo trimestre dia 10 de agosto. Os analistas do BTG recomendam \u201ccompra\u201d para as\u00a0<strong>a\u00e7\u00f5es da Braskem<\/strong>, embora ainda esperem uma deteriora\u00e7\u00e3o na lucratividade com o ambiente mais fraco para spreads e o real mais forte.<\/p>\n<p>Entretanto, o\u00a0<strong>BTG<\/strong>\u00a0afirma que os\u00a0<strong>resultados da Braskem<\/strong>\u00a0est\u00e3o se mostrando mais resilientes do que a maioria dos analistas do mercado esperava, apesar da dificuldade em combater a din\u00e2mica de pre\u00e7os.<\/p>\n<p>\u201cOs spreads est\u00e3o se normalizando em um ritmo relativamente gradual, refletindo melhores desempenhos no Brasil\u201d, afirmam em relat\u00f3rio. \u201cDependendo da evolu\u00e7\u00e3o dos pre\u00e7os, a empresa pode anunciar\u00a0<a class=\"suno-keyword\" href=\"https:\/\/www.suno.com.br\/guias\/dividendos\/\" target=\"_blank\" rel=\"noopener\" data-force=\"no\" data-priority=\"1\">dividendos<\/a>\u00a0de cerca de 10% at\u00e9 o final do ano.\u201d<\/p>\n<p>O BTG prev\u00ea uma queda de 40% no\u00a0<strong>EBITDA da Braskem<\/strong>\u00a0(lucros antes de juros, impostos,\u00a0<a class=\"suno-keyword\" href=\"https:\/\/www.suno.com.br\/artigos\/depreciacao-amortizacao\/\" target=\"_blank\" rel=\"noopener\" data-force=\"no\" data-priority=\"1\">deprecia\u00e7\u00e3o e amortiza\u00e7\u00e3o<\/a>) em 2022 ante 2021.<\/p>\n<p>Mas o BTG acredita que a alta volatilidade impl\u00edcita no neg\u00f3cio da Braskem, aliada \u00e0 falta de gatilhos de\u00a0<a class=\"suno-keyword\" href=\"https:\/\/www.suno.com.br\/artigos\/curto-prazo\/\" target=\"_blank\" rel=\"noopener\" data-force=\"no\" data-priority=\"1\">curto prazo<\/a>, citando o desinvestimento da Novonor e migra\u00e7\u00e3o do\u00a0<a class=\"suno-keyword\" href=\"https:\/\/www.suno.com.br\/artigos\/novo-mercado\/\" target=\"_blank\" rel=\"noopener\" data-force=\"no\" data-priority=\"1\">Novo Mercado<\/a>, pode continuar pesando no desempenho da a\u00e7\u00e3o. Assim, o valuation da Braskem j\u00e1 parece estar precificando em um ciclo de baixa, dizem os analistas.<\/p>\n<p>O BTG atualizou suas proje\u00e7\u00f5es para o segundo trimestre da Braskem com vendas de R$ 26,6 bilh\u00f5es, aumento de 5,5% ante o 2T21, EBITDA de R$ 3,97 bilh\u00f5es, queda de 60% na mesma compara\u00e7\u00e3o e\u00a0<a class=\"suno-keyword\" href=\"https:\/\/www.suno.com.br\/artigos\/lucro-liquido\/\" target=\"_blank\" rel=\"noopener\" data-force=\"no\" data-priority=\"1\">lucro l\u00edquido<\/a>\u00a0de R$ 135 milh\u00f5es, queda de 98%, devido a\u00a0<a class=\"suno-keyword\" href=\"https:\/\/www.suno.com.br\/artigos\/despesas-financeiras\/\" target=\"_blank\" rel=\"noopener\" data-force=\"no\" data-priority=\"1\">despesas financeiras<\/a>\u00a0n\u00e3o relacionadas ao caixa.<\/p>\n<h2>Cota\u00e7\u00e3o<\/h2>\n<p>A a\u00e7\u00e3o da\u00a0<strong>Braskem<\/strong> encerrou a ter\u00e7a em queda de 0,11%, a R$ 34,62. No ano, acumula perdas de 39,09%.<\/p>\n\t<p>\n\t\t<a href=\"https:\/\/lp.suno.com.br\/planilha-da-vida-financeira\/\" target=\"_blank\" data-element=\"shortcode-suno-banner\" title=\"Banner SUNO, clique e saiba mais\">\n\t\t\t<picture>\n\t\t\t\t<source media=\"(max-width: 500px)\" srcset=\"https:\/\/files.sunoresearch.com.br\/n\/uploads\/2023\/04\/400x300-Planilha-vida-financeira-true.png\">\n\t\t\t\t<img class=\"newsContent__article__imgCapa newsContent__article__imgCapa--banner\"\n\t\t\t\t\tsrc=\"https:\/\/files.sunoresearch.com.br\/n\/uploads\/2023\/04\/1420x240-Planilha-vida-financeira-true.png\"\n\t\t\t\t\tdata-promo-id=\"106682\"\t\t\t\t\t\t\t\t\t\twidth='1420' height='240'\t\t\t\t\talt=\"https:\/\/files.sunoresearch.com.br\/n\/uploads\/2023\/04\/1420x240-Planilha-vida-financeira-true.png\"\n\t\t\t\t>\n\t\t\t<\/picture>\n\t\t<\/a>\n\t<\/p>\n\n\n","protected":false},"excerpt":{"rendered":"<p>A Braskem (BRKM5) anunciou nesta ter\u00e7a-feira (2) que assinou um contrato para a aquisi\u00e7\u00e3o de a\u00e7\u00f5es e subscri\u00e7\u00e3o de novas a\u00e7\u00f5es de emiss\u00e3o da Wise Pl\u00e1sticos. Braskem (BRKM5) &#8211; Foto: Divulga\u00e7\u00e3o De acordo com fato relevante enviado \u00e0 Comiss\u00e3o de Valores Mobili\u00e1rios (CVM), agora a Braskem possui uma fatia de 61,1% do capital social da [&hellip;]<\/p>\n","protected":false},"author":146,"featured_media":130186,"comment_status":"closed","ping_status":"closed","sticky":false,"template":"","format":"standard","meta":[],"categories":[64],"tags":[395],"suno_strategy":[],"class_list":["post-280852","post","type-post","status-publish","format-standard","has-post-thumbnail","hentry","category-negocios","tag-braskem-brkm3-brkm5-brkm6"],"yoast_head":"<!-- This site is optimized with the Yoast SEO plugin v24.4 - https:\/\/yoast.com\/wordpress\/plugins\/seo\/ -->\n<title>Braskem (BRKM5) compra fatia de 61% da Wise Pl\u00e1sticos por R$ 121 mi<\/title>\n<meta name=\"description\" content=\"A Braskem (BRKM5) anunciou nesta ter\u00e7a (2) que comprou uma fatia de 61,1% na Wise Pl\u00e1sticos, totalizando R$ 121 milh\u00f5es.\" \/>\n<meta name=\"robots\" content=\"index, follow, max-snippet:-1, max-image-preview:large, max-video-preview:-1\" \/>\n<link rel=\"canonical\" href=\"https:\/\/www.suno.com.br\/noticias\/braskem-brkm5-compra-fatia-wise-plasticos-121-mi\/\" \/>\n<meta property=\"og:locale\" content=\"pt_BR\" \/>\n<meta property=\"og:type\" content=\"article\" \/>\n<meta property=\"og:title\" content=\"Braskem (BRKM5) compra fatia de 61% da Wise Pl\u00e1sticos por R$ 121 mi\" \/>\n<meta property=\"og:description\" content=\"A Braskem (BRKM5) anunciou nesta ter\u00e7a (2) que comprou uma fatia de 61,1% na Wise Pl\u00e1sticos, totalizando R$ 121 milh\u00f5es.\" \/>\n<meta property=\"og:url\" content=\"https:\/\/www.suno.com.br\/noticias\/braskem-brkm5-compra-fatia-wise-plasticos-121-mi\/\" \/>\n<meta property=\"og:site_name\" content=\"Suno Not\u00edcias\" \/>\n<meta property=\"article:publisher\" content=\"https:\/\/facebook.com\/sunoresearch\" \/>\n<meta property=\"og:image\" content=\"https:\/\/files.sunoresearch.com.br\/n\/uploads\/2021\/03\/173c29b5-braskem-1-e1683728328426.jpg\" \/>\n\t<meta property=\"og:image:width\" content=\"1200\" \/>\n\t<meta property=\"og:image:height\" content=\"652\" \/>\n\t<meta property=\"og:image:type\" content=\"image\/jpeg\" \/>\n<meta name=\"author\" content=\"Vict\u00f3ria Anhesini\" \/>\n<meta name=\"twitter:card\" content=\"summary_large_image\" \/>\n<meta name=\"twitter:creator\" content=\"@sunoresearch\" \/>\n<meta name=\"twitter:site\" content=\"@sunoresearch\" \/>\n<meta name=\"twitter:label1\" content=\"Escrito por\" \/>\n\t<meta name=\"twitter:data1\" content=\"Vict\u00f3ria Anhesini\" \/>\n\t<meta name=\"twitter:label2\" content=\"Est. tempo de leitura\" \/>\n\t<meta name=\"twitter:data2\" content=\"3 minutos\" \/>\n<script type=\"application\/ld+json\" class=\"yoast-schema-graph\">{\"@context\":\"https:\/\/schema.org\",\"@graph\":[{\"@type\":\"NewsArticle\",\"@id\":\"https:\/\/www.suno.com.br\/noticias\/braskem-brkm5-compra-fatia-wise-plasticos-121-mi\/#article\",\"isPartOf\":{\"@id\":\"https:\/\/www.suno.com.br\/noticias\/braskem-brkm5-compra-fatia-wise-plasticos-121-mi\/\"},\"author\":{\"name\":\"Vict\u00f3ria Anhesini\",\"@id\":\"https:\/\/www.suno.com.br\/noticias\/#\/schema\/person\/46d847cb19ad53fde0857adca989c23f\"},\"headline\":\"Braskem (BRKM5) compra fatia de 61% da Wise Pl\u00e1sticos por R$ 121 milh\u00f5es\",\"datePublished\":\"2022-08-03T00:34:52+00:00\",\"mainEntityOfPage\":{\"@id\":\"https:\/\/www.suno.com.br\/noticias\/braskem-brkm5-compra-fatia-wise-plasticos-121-mi\/\"},\"wordCount\":568,\"publisher\":{\"@id\":\"https:\/\/www.suno.com.br\/noticias\/#organization\"},\"image\":{\"@id\":\"https:\/\/www.suno.com.br\/noticias\/braskem-brkm5-compra-fatia-wise-plasticos-121-mi\/#primaryimage\"},\"thumbnailUrl\":\"https:\/\/files.sunoresearch.com.br\/n\/uploads\/2021\/03\/173c29b5-braskem-1-e1683728328426.jpg\",\"keywords\":[\"Braskem (BRKM3\/BRKM5\/BRKM6)\"],\"articleSection\":[\"Neg\u00f3cios\"],\"inLanguage\":\"pt-BR\"},{\"@type\":\"WebPage\",\"@id\":\"https:\/\/www.suno.com.br\/noticias\/braskem-brkm5-compra-fatia-wise-plasticos-121-mi\/\",\"url\":\"https:\/\/www.suno.com.br\/noticias\/braskem-brkm5-compra-fatia-wise-plasticos-121-mi\/\",\"name\":\"Braskem (BRKM5) compra fatia de 61% da Wise Pl\u00e1sticos por R$ 121 mi\",\"isPartOf\":{\"@id\":\"https:\/\/www.suno.com.br\/noticias\/#website\"},\"primaryImageOfPage\":{\"@id\":\"https:\/\/www.suno.com.br\/noticias\/braskem-brkm5-compra-fatia-wise-plasticos-121-mi\/#primaryimage\"},\"image\":{\"@id\":\"https:\/\/www.suno.com.br\/noticias\/braskem-brkm5-compra-fatia-wise-plasticos-121-mi\/#primaryimage\"},\"thumbnailUrl\":\"https:\/\/files.sunoresearch.com.br\/n\/uploads\/2021\/03\/173c29b5-braskem-1-e1683728328426.jpg\",\"datePublished\":\"2022-08-03T00:34:52+00:00\",\"description\":\"A Braskem (BRKM5) anunciou nesta ter\u00e7a (2) que comprou uma fatia de 61,1% na Wise Pl\u00e1sticos, totalizando R$ 121 milh\u00f5es.\",\"breadcrumb\":{\"@id\":\"https:\/\/www.suno.com.br\/noticias\/braskem-brkm5-compra-fatia-wise-plasticos-121-mi\/#breadcrumb\"},\"inLanguage\":\"pt-BR\",\"potentialAction\":[{\"@type\":\"ReadAction\",\"target\":[\"https:\/\/www.suno.com.br\/noticias\/braskem-brkm5-compra-fatia-wise-plasticos-121-mi\/\"]}]},{\"@type\":\"ImageObject\",\"inLanguage\":\"pt-BR\",\"@id\":\"https:\/\/www.suno.com.br\/noticias\/braskem-brkm5-compra-fatia-wise-plasticos-121-mi\/#primaryimage\",\"url\":\"https:\/\/files.sunoresearch.com.br\/n\/uploads\/2021\/03\/173c29b5-braskem-1-e1683728328426.jpg\",\"contentUrl\":\"https:\/\/files.sunoresearch.com.br\/n\/uploads\/2021\/03\/173c29b5-braskem-1-e1683728328426.jpg\",\"width\":1200,\"height\":652,\"caption\":\"Braskem (BRKM5) - Foto: Divulga\u00e7\u00e3o\"},{\"@type\":\"BreadcrumbList\",\"@id\":\"https:\/\/www.suno.com.br\/noticias\/braskem-brkm5-compra-fatia-wise-plasticos-121-mi\/#breadcrumb\",\"itemListElement\":[{\"@type\":\"ListItem\",\"position\":1,\"name\":\"Not\u00edcias\",\"item\":\"https:\/\/www.suno.com.br\/noticias\/\"},{\"@type\":\"ListItem\",\"position\":2,\"name\":\"Neg\u00f3cios\",\"item\":\"https:\/\/www.suno.com.br\/noticias\/negocios\/\"},{\"@type\":\"ListItem\",\"position\":3,\"name\":\"Braskem (BRKM5) compra fatia de 61% da Wise Pl\u00e1sticos por R$ 121 milh\u00f5es\"}]},{\"@type\":\"WebSite\",\"@id\":\"https:\/\/www.suno.com.br\/noticias\/#website\",\"url\":\"https:\/\/www.suno.com.br\/noticias\/\",\"name\":\"Suno Not\u00edcias\",\"description\":\"Seu portal de informa\u00e7\u00e3o sobre o mundo dos investimentos\",\"publisher\":{\"@id\":\"https:\/\/www.suno.com.br\/noticias\/#organization\"},\"potentialAction\":[{\"@type\":\"SearchAction\",\"target\":{\"@type\":\"EntryPoint\",\"urlTemplate\":\"https:\/\/www.suno.com.br\/noticias\/?s={search_term_string}\"},\"query-input\":{\"@type\":\"PropertyValueSpecification\",\"valueRequired\":true,\"valueName\":\"search_term_string\"}}],\"inLanguage\":\"pt-BR\"},{\"@type\":\"Organization\",\"@id\":\"https:\/\/www.suno.com.br\/noticias\/#organization\",\"name\":\"Suno Not\u00edcias\",\"url\":\"https:\/\/www.suno.com.br\/noticias\/\",\"logo\":{\"@type\":\"ImageObject\",\"inLanguage\":\"pt-BR\",\"@id\":\"https:\/\/www.suno.com.br\/noticias\/#\/schema\/logo\/image\/\",\"url\":\"https:\/\/files.sunoresearch.com.br\/n\/uploads\/2021\/09\/suno-logo.png\",\"contentUrl\":\"https:\/\/files.sunoresearch.com.br\/n\/uploads\/2021\/09\/suno-logo.png\",\"width\":180,\"height\":180,\"caption\":\"Suno Not\u00edcias\"},\"image\":{\"@id\":\"https:\/\/www.suno.com.br\/noticias\/#\/schema\/logo\/image\/\"},\"sameAs\":[\"https:\/\/facebook.com\/sunoresearch\",\"https:\/\/x.com\/sunoresearch\",\"https:\/\/www.instagram.com\/suno\",\"https:\/\/www.linkedin.com\/company\/suno-research\/\",\"https:\/\/www.youtube.com\/c\/sunoresearch\"]},{\"@type\":\"Person\",\"@id\":\"https:\/\/www.suno.com.br\/noticias\/#\/schema\/person\/46d847cb19ad53fde0857adca989c23f\",\"name\":\"Vict\u00f3ria Anhesini\",\"image\":{\"@type\":\"ImageObject\",\"inLanguage\":\"pt-BR\",\"@id\":\"https:\/\/www.suno.com.br\/noticias\/#\/schema\/person\/image\/\",\"url\":\"https:\/\/secure.gravatar.com\/avatar\/0172bdfcd9129dd9dd68794804304e6e?s=96&r=g\",\"contentUrl\":\"https:\/\/secure.gravatar.com\/avatar\/0172bdfcd9129dd9dd68794804304e6e?s=96&r=g\",\"caption\":\"Vict\u00f3ria Anhesini\"},\"description\":\"Rep\u00f3rter no Suno Not\u00edcias, cobre mercados, neg\u00f3cios e economia, escrevendo majoritariamente sobre movimentos das empresas, cobertura de balan\u00e7os trimestrais e Bolsa de Valores. Formada em jornalismo pela Universidade Presbiteriana Mackenzie em 2019, passou pelo portal de economia e finan\u00e7as EuQueroInvestir como rep\u00f3rter e anteriormente, trabalhou na assessoria de imprensa PinePR, onde liderou com startups de inova\u00e7\u00e3o, tecnologia e finan\u00e7as. Em seu tempo livre, fala sobre m\u00fasica para ambos os sites do selo ForMusic, Wikimetal e Mad Sound, e faz trabalho volunt\u00e1rio no programa Escreve Cartas do Poupatempo.\",\"sameAs\":[\"https:\/\/www.linkedin.com\/in\/victoria-anhesini\/\"],\"url\":\"https:\/\/www.suno.com.br\/noticias\/author\/victoria\/\"}]}<\/script>\n<!-- \/ Yoast SEO plugin. -->","yoast_head_json":{"title":"Braskem (BRKM5) compra fatia de 61% da Wise Pl\u00e1sticos por R$ 121 mi","description":"A Braskem (BRKM5) anunciou nesta ter\u00e7a (2) que comprou uma fatia de 61,1% na Wise Pl\u00e1sticos, totalizando R$ 121 milh\u00f5es.","robots":{"index":"index","follow":"follow","max-snippet":"max-snippet:-1","max-image-preview":"max-image-preview:large","max-video-preview":"max-video-preview:-1"},"canonical":"https:\/\/www.suno.com.br\/noticias\/braskem-brkm5-compra-fatia-wise-plasticos-121-mi\/","og_locale":"pt_BR","og_type":"article","og_title":"Braskem (BRKM5) compra fatia de 61% da Wise Pl\u00e1sticos por R$ 121 mi","og_description":"A Braskem (BRKM5) anunciou nesta ter\u00e7a (2) que comprou uma fatia de 61,1% na Wise Pl\u00e1sticos, totalizando R$ 121 milh\u00f5es.","og_url":"https:\/\/www.suno.com.br\/noticias\/braskem-brkm5-compra-fatia-wise-plasticos-121-mi\/","og_site_name":"Suno Not\u00edcias","article_publisher":"https:\/\/facebook.com\/sunoresearch","og_image":[{"width":1200,"height":652,"url":"https:\/\/files.sunoresearch.com.br\/n\/uploads\/2021\/03\/173c29b5-braskem-1-e1683728328426.jpg","type":"image\/jpeg"}],"author":"Vict\u00f3ria Anhesini","twitter_card":"summary_large_image","twitter_creator":"@sunoresearch","twitter_site":"@sunoresearch","twitter_misc":{"Escrito por":"Vict\u00f3ria Anhesini","Est. tempo de leitura":"3 minutos"},"schema":{"@context":"https:\/\/schema.org","@graph":[{"@type":"NewsArticle","@id":"https:\/\/www.suno.com.br\/noticias\/braskem-brkm5-compra-fatia-wise-plasticos-121-mi\/#article","isPartOf":{"@id":"https:\/\/www.suno.com.br\/noticias\/braskem-brkm5-compra-fatia-wise-plasticos-121-mi\/"},"author":{"name":"Vict\u00f3ria Anhesini","@id":"https:\/\/www.suno.com.br\/noticias\/#\/schema\/person\/46d847cb19ad53fde0857adca989c23f"},"headline":"Braskem (BRKM5) compra fatia de 61% da Wise Pl\u00e1sticos por R$ 121 milh\u00f5es","datePublished":"2022-08-03T00:34:52+00:00","mainEntityOfPage":{"@id":"https:\/\/www.suno.com.br\/noticias\/braskem-brkm5-compra-fatia-wise-plasticos-121-mi\/"},"wordCount":568,"publisher":{"@id":"https:\/\/www.suno.com.br\/noticias\/#organization"},"image":{"@id":"https:\/\/www.suno.com.br\/noticias\/braskem-brkm5-compra-fatia-wise-plasticos-121-mi\/#primaryimage"},"thumbnailUrl":"https:\/\/files.sunoresearch.com.br\/n\/uploads\/2021\/03\/173c29b5-braskem-1-e1683728328426.jpg","keywords":["Braskem (BRKM3\/BRKM5\/BRKM6)"],"articleSection":["Neg\u00f3cios"],"inLanguage":"pt-BR"},{"@type":"WebPage","@id":"https:\/\/www.suno.com.br\/noticias\/braskem-brkm5-compra-fatia-wise-plasticos-121-mi\/","url":"https:\/\/www.suno.com.br\/noticias\/braskem-brkm5-compra-fatia-wise-plasticos-121-mi\/","name":"Braskem (BRKM5) compra fatia de 61% da Wise Pl\u00e1sticos por R$ 121 mi","isPartOf":{"@id":"https:\/\/www.suno.com.br\/noticias\/#website"},"primaryImageOfPage":{"@id":"https:\/\/www.suno.com.br\/noticias\/braskem-brkm5-compra-fatia-wise-plasticos-121-mi\/#primaryimage"},"image":{"@id":"https:\/\/www.suno.com.br\/noticias\/braskem-brkm5-compra-fatia-wise-plasticos-121-mi\/#primaryimage"},"thumbnailUrl":"https:\/\/files.sunoresearch.com.br\/n\/uploads\/2021\/03\/173c29b5-braskem-1-e1683728328426.jpg","datePublished":"2022-08-03T00:34:52+00:00","description":"A Braskem (BRKM5) anunciou nesta ter\u00e7a (2) que comprou uma fatia de 61,1% na Wise Pl\u00e1sticos, totalizando R$ 121 milh\u00f5es.","breadcrumb":{"@id":"https:\/\/www.suno.com.br\/noticias\/braskem-brkm5-compra-fatia-wise-plasticos-121-mi\/#breadcrumb"},"inLanguage":"pt-BR","potentialAction":[{"@type":"ReadAction","target":["https:\/\/www.suno.com.br\/noticias\/braskem-brkm5-compra-fatia-wise-plasticos-121-mi\/"]}]},{"@type":"ImageObject","inLanguage":"pt-BR","@id":"https:\/\/www.suno.com.br\/noticias\/braskem-brkm5-compra-fatia-wise-plasticos-121-mi\/#primaryimage","url":"https:\/\/files.sunoresearch.com.br\/n\/uploads\/2021\/03\/173c29b5-braskem-1-e1683728328426.jpg","contentUrl":"https:\/\/files.sunoresearch.com.br\/n\/uploads\/2021\/03\/173c29b5-braskem-1-e1683728328426.jpg","width":1200,"height":652,"caption":"Braskem (BRKM5) - Foto: Divulga\u00e7\u00e3o"},{"@type":"BreadcrumbList","@id":"https:\/\/www.suno.com.br\/noticias\/braskem-brkm5-compra-fatia-wise-plasticos-121-mi\/#breadcrumb","itemListElement":[{"@type":"ListItem","position":1,"name":"Not\u00edcias","item":"https:\/\/www.suno.com.br\/noticias\/"},{"@type":"ListItem","position":2,"name":"Neg\u00f3cios","item":"https:\/\/www.suno.com.br\/noticias\/negocios\/"},{"@type":"ListItem","position":3,"name":"Braskem (BRKM5) compra fatia de 61% da Wise Pl\u00e1sticos por R$ 121 milh\u00f5es"}]},{"@type":"WebSite","@id":"https:\/\/www.suno.com.br\/noticias\/#website","url":"https:\/\/www.suno.com.br\/noticias\/","name":"Suno Not\u00edcias","description":"Seu portal de informa\u00e7\u00e3o sobre o mundo dos investimentos","publisher":{"@id":"https:\/\/www.suno.com.br\/noticias\/#organization"},"potentialAction":[{"@type":"SearchAction","target":{"@type":"EntryPoint","urlTemplate":"https:\/\/www.suno.com.br\/noticias\/?s={search_term_string}"},"query-input":{"@type":"PropertyValueSpecification","valueRequired":true,"valueName":"search_term_string"}}],"inLanguage":"pt-BR"},{"@type":"Organization","@id":"https:\/\/www.suno.com.br\/noticias\/#organization","name":"Suno Not\u00edcias","url":"https:\/\/www.suno.com.br\/noticias\/","logo":{"@type":"ImageObject","inLanguage":"pt-BR","@id":"https:\/\/www.suno.com.br\/noticias\/#\/schema\/logo\/image\/","url":"https:\/\/files.sunoresearch.com.br\/n\/uploads\/2021\/09\/suno-logo.png","contentUrl":"https:\/\/files.sunoresearch.com.br\/n\/uploads\/2021\/09\/suno-logo.png","width":180,"height":180,"caption":"Suno Not\u00edcias"},"image":{"@id":"https:\/\/www.suno.com.br\/noticias\/#\/schema\/logo\/image\/"},"sameAs":["https:\/\/facebook.com\/sunoresearch","https:\/\/x.com\/sunoresearch","https:\/\/www.instagram.com\/suno","https:\/\/www.linkedin.com\/company\/suno-research\/","https:\/\/www.youtube.com\/c\/sunoresearch"]},{"@type":"Person","@id":"https:\/\/www.suno.com.br\/noticias\/#\/schema\/person\/46d847cb19ad53fde0857adca989c23f","name":"Vict\u00f3ria Anhesini","image":{"@type":"ImageObject","inLanguage":"pt-BR","@id":"https:\/\/www.suno.com.br\/noticias\/#\/schema\/person\/image\/","url":"https:\/\/secure.gravatar.com\/avatar\/0172bdfcd9129dd9dd68794804304e6e?s=96&r=g","contentUrl":"https:\/\/secure.gravatar.com\/avatar\/0172bdfcd9129dd9dd68794804304e6e?s=96&r=g","caption":"Vict\u00f3ria Anhesini"},"description":"Rep\u00f3rter no Suno Not\u00edcias, cobre mercados, neg\u00f3cios e economia, escrevendo majoritariamente sobre movimentos das empresas, cobertura de balan\u00e7os trimestrais e Bolsa de Valores. Formada em jornalismo pela Universidade Presbiteriana Mackenzie em 2019, passou pelo portal de economia e finan\u00e7as EuQueroInvestir como rep\u00f3rter e anteriormente, trabalhou na assessoria de imprensa PinePR, onde liderou com startups de inova\u00e7\u00e3o, tecnologia e finan\u00e7as. Em seu tempo livre, fala sobre m\u00fasica para ambos os sites do selo ForMusic, Wikimetal e Mad Sound, e faz trabalho volunt\u00e1rio no programa Escreve Cartas do Poupatempo.","sameAs":["https:\/\/www.linkedin.com\/in\/victoria-anhesini\/"],"url":"https:\/\/www.suno.com.br\/noticias\/author\/victoria\/"}]}},"default_loop_html":"<div class=\"cardsPage__listCard__boxs\"><div class=\"cardsPage__listCard__boxs__img\"><a href=\"https:\/\/www.suno.com.br\/noticias\/braskem-brkm5-compra-fatia-wise-plasticos-121-mi\/\"><img class=\"mask\" src=\"https:\/\/www.suno.com.br\/noticias\/wp-content\/themes\/suno\/resources\/images\/spotlight\/spotlight1img\/bg-mask.png\" alt=\"Image Mask\"\/><img src=\"https:\/\/files.sunoresearch.com.br\/n\/uploads\/2021\/03\/173c29b5-braskem-1-e1683728328426-400x200.jpg\" alt=\"Braskem (BRKM5) compra fatia de 61% da Wise Pl\u00e1sticos por R$ 121 milh\u00f5es\"\/><\/a><span class=\"spotlightCategory\"><a href=\"https:\/\/www.suno.com.br\/noticias\/negocios\/\">Neg\u00f3cios<\/a><\/span><\/div><div class=\"cardsPage__listCard__boxs__content\"><a href=\"https:\/\/www.suno.com.br\/noticias\/braskem-brkm5-compra-fatia-wise-plasticos-121-mi\/\"><h2 class=\"content__title\">Braskem (BRKM5) compra fatia de 61% da Wise Pl\u00e1sticos por R$ 121 milh\u00f5es<\/h2><\/a><div class=\"newsContent__article__meta\"><div class=\"newsContent__article__meta__authorBox\"><a href=\"https:\/\/www.suno.com.br\/noticias\/author\/victoria\/\" class=\"authorBox__avatar noMobi\"><img src=\"https:\/\/files.sunoresearch.com.br\/n\/uploads\/2021\/12\/20190129VickyPINEAPPLE01-1-150x150.jpg\" alt=\"Vict\u00f3ria Anhesini\"><\/a><div class=\"authorBox__name\"><span>por\n\t\t\t<a href=\"https:\/\/www.suno.com.br\/noticias\/author\/victoria\/\"><span itemprop=\"author\">Vict\u00f3ria Anhesini<\/span><\/a><\/span><time datetime=\"2022-08-02T21:34:52-03:00\" itemprop=\"datePublished\">02\/08\/2022 21:34<\/time><\/div><\/div><\/div><\/div><\/div>","single_layout":"posts","amp_enabled":true,"_links":{"self":[{"href":"https:\/\/www.suno.com.br\/noticias\/wp-json\/wp\/v2\/posts\/280852"}],"collection":[{"href":"https:\/\/www.suno.com.br\/noticias\/wp-json\/wp\/v2\/posts"}],"about":[{"href":"https:\/\/www.suno.com.br\/noticias\/wp-json\/wp\/v2\/types\/post"}],"author":[{"embeddable":true,"href":"https:\/\/www.suno.com.br\/noticias\/wp-json\/wp\/v2\/users\/146"}],"replies":[{"embeddable":true,"href":"https:\/\/www.suno.com.br\/noticias\/wp-json\/wp\/v2\/comments?post=280852"}],"version-history":[{"count":1,"href":"https:\/\/www.suno.com.br\/noticias\/wp-json\/wp\/v2\/posts\/280852\/revisions"}],"predecessor-version":[{"id":280855,"href":"https:\/\/www.suno.com.br\/noticias\/wp-json\/wp\/v2\/posts\/280852\/revisions\/280855"}],"wp:featuredmedia":[{"embeddable":true,"href":"https:\/\/www.suno.com.br\/noticias\/wp-json\/wp\/v2\/media\/130186"}],"wp:attachment":[{"href":"https:\/\/www.suno.com.br\/noticias\/wp-json\/wp\/v2\/media?parent=280852"}],"wp:term":[{"taxonomy":"category","embeddable":true,"href":"https:\/\/www.suno.com.br\/noticias\/wp-json\/wp\/v2\/categories?post=280852"},{"taxonomy":"post_tag","embeddable":true,"href":"https:\/\/www.suno.com.br\/noticias\/wp-json\/wp\/v2\/tags?post=280852"},{"taxonomy":"suno_strategy","embeddable":true,"href":"https:\/\/www.suno.com.br\/noticias\/wp-json\/wp\/v2\/suno_strategy?post=280852"}],"curies":[{"name":"wp","href":"https:\/\/api.w.org\/{rel}","templated":true}]}}