{"id":28082,"date":"2019-06-13T15:58:37","date_gmt":"2019-06-13T18:58:37","guid":{"rendered":"https:\/\/www.suno.com.br\/noticias\/?p=28082"},"modified":"2019-06-13T17:33:09","modified_gmt":"2019-06-13T20:33:09","slug":"bancos-acoes-csll-reforma-previdencia","status":"publish","type":"post","link":"https:\/\/www.suno.com.br\/noticias\/bancos-acoes-csll-reforma-previdencia\/","title":{"rendered":"Bancos caem com aumento da CSLL proposto no parecer da Previd\u00eancia"},"content":{"rendered":"<p>O relator da comiss\u00e3o especial da <strong>reforma da Previd\u00eancia<\/strong>, Samuel Moreira (PSDB-SP), incluiu no parecer a proposta de elevar a <strong>al\u00edquota<\/strong> da\u00a0<a href=\"https:\/\/www.suno.com.br\/artigos\/csll\/\">Contribui\u00e7\u00e3o Social Sobre Lucro L\u00edquido<\/a> (<strong>CSLL<\/strong>) dos bancos de 15% para 20%.<\/p>\t<div class=\"wrapper-featured-image\">\n\t\t<figure class=\"spotlightImg\">\n\n\t\t\t<picture>\n\t\t\t\t<source media=\"(max-width: 768px)\" srcset=\"https:\/\/files.sunoresearch.com.br\/n\/uploads\/2019\/04\/ded04be1-santander-400x200.webp\">\n\t\t\t\t<img loading=\"lazy\" decoding=\"async\" class=\"newsContent__article__imgCapa lazyloadDisabled newsContent__article__imgCapa--noCaption\" src=\"https:\/\/files.sunoresearch.com.br\/n\/uploads\/2019\/04\/ded04be1-santander-800x450.webp\" width=\"800\" height=\"450\" alt=\"Bancos caem com aumento da CSLL proposto no parecer da Previd\u00eancia\" fetchpriority=high \/>\n\t\t\t<\/picture>\n\n\t\t\t<figcaption class=\"wp-caption-text wp-caption-text--hide\">Santander (SANB11) pretende cortar 20% do quadro de trabalho no Brasil<\/figcaption>\n\t\t<\/figure>\n\t<\/div>\n\n\n<p>Com a poss\u00edvel altera\u00e7\u00e3o no texto da reforma da Previd\u00eancia, os <strong>bancos<\/strong> apresentaram significativas perdas da <a href=\"https:\/\/www.suno.com.br\/artigos\/b3\/\">B3<\/a> (Brasil, Bolsa Balc\u00e3o) no fechamento. Confira abaixo:<\/p>\n<ul>\n<li><a href=\"https:\/\/www.suno.com.br\/artigos\/acoes-ordinarias\/\">a\u00e7\u00f5es ordin\u00e1rias<\/a> do <strong>Santander<\/strong> (SANB3): queda de 4,35% a R$ 21,99.<\/li>\n<li><a href=\"https:\/\/www.suno.com.br\/artigos\/acoes-preferenciais\/\">a\u00e7\u00f5es preferenciais<\/a> do Santander (SANB4): queda de 0,87% a R$ 21,57.<\/li>\n<li>a\u00e7\u00f5es ordin\u00e1rias do <strong>Bradesco<\/strong> (BBDC3): queda de 1,07% a R$ 32,44.<\/li>\n<li>a\u00e7\u00f5es preferenciais do Bradesco (BBDC4): queda de 1,09% a R$ 36,19.<\/li>\n<li>a\u00e7\u00f5es ordin\u00e1rias do <strong>Ita\u00fa Unibanco<\/strong> (ITUB3): queda de 1,27% a R$ 29,48.<\/li>\n<li>a\u00e7\u00f5es preferenciais do Ita\u00fa Unibanco (ITUB4): queda de 1,79% a R$ 33,98.<\/li>\n<li>a\u00e7\u00f5es ordin\u00e1rias do <strong>Banco do Brasil<\/strong> (BBAS3): queda de 1,59% a R$ 51,43.<\/li>\n<\/ul>\n\t<p>\n\t\t<a href=\"https:\/\/lp.suno.com.br\/cl\/impacto-tarifas-trump\/?utm_source=sunoresearch&#038;utm_medium=banner.noticias&#038;utm_campaign=_SNC903E88AA_\" target=\"_blank\" data-element=\"shortcode-suno-banner\" title=\"Banner SUNO, clique e saiba mais\">\n\t\t\t<picture>\n\t\t\t\t<source media=\"(max-width: 500px)\" srcset=\"https:\/\/files.sunoresearch.com.br\/n\/uploads\/2025\/07\/trump-mobile.webp\">\n\t\t\t\t<img class=\"newsContent__article__imgCapa newsContent__article__imgCapa--banner\"\n\t\t\t\t\tsrc=\"https:\/\/files.sunoresearch.com.br\/n\/uploads\/2025\/07\/trump-banner-desktop.webp\"\n\t\t\t\t\tdata-promo-id=\"613126\"\t\t\t\t\t\t\t\t\t\twidth='1000' height='325'\t\t\t\t\talt=\"https:\/\/files.sunoresearch.com.br\/n\/uploads\/2025\/07\/trump-banner-desktop.webp\"\n\t\t\t\t>\n\t\t\t<\/picture>\n\t\t<\/a>\n\t<\/p>\n\n\n<h2>Medida do governo Dilma<\/h2>\n<p>A ideia resgata a medida econ\u00f4mica aplicada pela gest\u00e3o da ex-presidenta, <strong>Dilma Rousseff<\/strong> (PT). Idealizada em 2015, a medida vigorou entre 2016 e 2018.<\/p>\n<p>Na \u00e9poca, a petista aumentou a al\u00edquota da\u00a0<strong>CSLL<\/strong>\u00a0dos <strong>bancos<\/strong>, de 15% para 20%, de igual modo. Contudo, a taxa perdeu a validade em 31 de dezembro do ano passado, devido ao vencimento da <strong>Medida Provis\u00f3ria<\/strong> (MP).<\/p>\n<p>O relator da <strong>reforma da Previd\u00eancia<\/strong> da comiss\u00e3o especial argumentou que com o fim de tal cobran\u00e7a de al\u00edquota adicional o governo deve perder receita de R$ 5 bilh\u00f5es em 2019.<\/p>\n<h2>Relat\u00f3rio prop\u00f5em aumento de CSLL para bancos<\/h2>\n<p>De acordo com c\u00e1lculos de Moreira, o aumento teria\u00a0&#8220;<strong>potencial arrecadat\u00f3rio<\/strong> de aproximadamente R$ 50 bilh\u00f5es, em valores atuais, nos pr\u00f3ximos 10 anos&#8221;.<\/p>\n<p>Deste modo, tal arrecada\u00e7\u00e3o de <strong>tributos<\/strong> sobre bancos deve compensar a menor economia com a aprova\u00e7\u00e3o da <strong>Proposta de Emenda Constitucional<\/strong> (PEC).<\/p>\n<p>Isto, pois, conforme o <strong>minist\u00e9rio da Economia<\/strong>, inicialmente previa-se cerca de R$ 1,2 trilh\u00e3o aos cofres p\u00fablicos com a aprova\u00e7\u00e3o da reforma da Previd\u00eancia. Contudo, na apresenta\u00e7\u00e3o do parecer na <strong>comiss\u00e3o especial<\/strong>, antes mesmo de passar pelo plen\u00e1rio da <strong>C\u00e2mara<\/strong>, a economia j\u00e1 foi reduzida a cerca de\u00a0R$ 913,4 bi.<\/p>\n<p><a href=\"https:\/\/www.suno.com.br\/noticias\/bolsonaro-reforma-menos-desidratada\/\">Saiba mais &#8211;\u00a0Bolsonaro: quero reforma \u201cmenos desidratada poss\u00edvel\u201d\u00a0<\/a><\/p>\n<p>No documento apresentado aos parlamentares, o deputado redigiu que o governo tem &#8220;necessidade imediata de recursos adicionais&#8221;. Em adendo, Moreira afirmou que \u00e9 preciso adequar a tributa\u00e7\u00e3o\u00a0&#8220;<strong>capacidade contributiva<\/strong> das institui\u00e7\u00f5es financeiras&#8221;.<\/p>\n<p>Por fim, o relat\u00f3rio apontou que o <strong><a href=\"https:\/\/www.suno.com.br\/artigos\/lucro-liquido\/\">lucro<\/a><\/strong> dos bancos no Brasil cresceu 17%, chegando a R$ 100 bilh\u00f5es entre 2017 e 2018.<\/p>\n<p>A <strong>CSLL<\/strong> \u00e9 um imposto de renda das empresas. O <strong>tributo<\/strong> \u00e9 pago trimestralmente, e incide sobre o lucro da companhia. A <strong>al\u00edquota<\/strong> varia entre 9% a 15% para empresas de diversos segmentos. Contudo, para as <strong>institui\u00e7\u00f5es financeiras<\/strong>, de seguros privados e de capitaliza\u00e7\u00e3o, a al\u00edquota m\u00ednima \u00e9 de 15%.<\/p>\n<p><a href=\"https:\/\/www.suno.com.br\/noticias\/reforma-previdencia-economia-9134\/\">Saiba mais &#8211;\u00a0Reforma da previd\u00eancia ter\u00e1 economia de R$ 913,4 bi em dez anos<\/a><\/p>\n<h2>Oposi\u00e7\u00e3o ao aumento de tributa\u00e7\u00e3o aos bancos<\/h2>\n<p>A possibilidade da maior cobran\u00e7a aos bancos, proposta no parecer da <strong>reforma da Previd\u00eancia<\/strong> da comiss\u00e3o especial, j\u00e1 havia sido adiantada no \u00faltimo s\u00e1bado (7) pelo &#8220;Estado de S. Paulo&#8221;.<\/p>\n<p>Conforme o jornal, dentre os deputados que n\u00e3o concordam com o aumento de tributa\u00e7\u00e3o aos <strong>bancos<\/strong>, h\u00e1 o entendimento de que esta estrat\u00e9gia possa atrasar a <strong>tramita\u00e7\u00e3o<\/strong> da reforma da Previd\u00eancia.<\/p>\n","protected":false},"excerpt":{"rendered":"<p>O relator da comiss\u00e3o especial da reforma da Previd\u00eancia, Samuel Moreira (PSDB-SP), incluiu no parecer a proposta de elevar a al\u00edquota da\u00a0Contribui\u00e7\u00e3o Social Sobre Lucro L\u00edquido (CSLL) dos bancos de 15% para 20%. Santander (SANB11) pretende cortar 20% do quadro de trabalho no Brasil Com a poss\u00edvel altera\u00e7\u00e3o no texto da reforma da Previd\u00eancia, os [&hellip;]<\/p>\n","protected":false},"author":12,"featured_media":22730,"comment_status":"closed","ping_status":"closed","sticky":false,"template":"","format":"standard","meta":[],"categories":[60],"tags":[289,940],"suno_strategy":[],"class_list":["post-28082","post","type-post","status-publish","format-standard","has-post-thumbnail","hentry","category-mercado","tag-bancos","tag-reforma-da-previdencia"],"yoast_head":"<!-- This site is optimized with the Yoast SEO plugin v24.4 - https:\/\/yoast.com\/wordpress\/plugins\/seo\/ -->\n<title>Bancos caem com aumento da CSLL proposto no parecer da Previd\u00eancia<\/title>\n<meta name=\"description\" content=\"A\u00e7\u00f5es de bancos caem com proposta no parecer da reforma da Previd\u00eancia de aumento de al\u00edquota da CSLL. Clique para saber mais.\" \/>\n<meta name=\"robots\" content=\"index, follow, max-snippet:-1, max-image-preview:large, max-video-preview:-1\" \/>\n<link rel=\"canonical\" href=\"https:\/\/www.suno.com.br\/noticias\/bancos-acoes-csll-reforma-previdencia\/\" \/>\n<meta property=\"og:locale\" content=\"pt_BR\" \/>\n<meta property=\"og:type\" content=\"article\" \/>\n<meta property=\"og:title\" content=\"Bancos caem com aumento da CSLL proposto no parecer da Previd\u00eancia\" \/>\n<meta property=\"og:description\" content=\"A\u00e7\u00f5es de bancos caem com proposta no parecer da reforma da Previd\u00eancia de aumento de al\u00edquota da CSLL. Clique para saber mais.\" \/>\n<meta property=\"og:url\" content=\"https:\/\/www.suno.com.br\/noticias\/bancos-acoes-csll-reforma-previdencia\/\" \/>\n<meta property=\"og:site_name\" content=\"Suno Not\u00edcias\" \/>\n<meta property=\"article:publisher\" content=\"https:\/\/facebook.com\/sunoresearch\" \/>\n<meta property=\"og:image\" content=\"https:\/\/files.sunoresearch.com.br\/n\/uploads\/2019\/04\/ded04be1-santander.jpg\" \/>\n\t<meta property=\"og:image:width\" content=\"1024\" \/>\n\t<meta property=\"og:image:height\" content=\"688\" \/>\n\t<meta property=\"og:image:type\" content=\"image\/jpeg\" \/>\n<meta name=\"author\" content=\"Amanda Gushiken\" \/>\n<meta name=\"twitter:card\" content=\"summary_large_image\" \/>\n<meta name=\"twitter:creator\" content=\"@sunoresearch\" \/>\n<meta name=\"twitter:site\" content=\"@sunoresearch\" \/>\n<meta name=\"twitter:label1\" content=\"Escrito por\" \/>\n\t<meta name=\"twitter:data1\" content=\"Amanda Gushiken\" \/>\n\t<meta name=\"twitter:label2\" content=\"Est. tempo de leitura\" \/>\n\t<meta name=\"twitter:data2\" content=\"3 minutos\" \/>\n<script type=\"application\/ld+json\" class=\"yoast-schema-graph\">{\"@context\":\"https:\/\/schema.org\",\"@graph\":[{\"@type\":\"NewsArticle\",\"@id\":\"https:\/\/www.suno.com.br\/noticias\/bancos-acoes-csll-reforma-previdencia\/#article\",\"isPartOf\":{\"@id\":\"https:\/\/www.suno.com.br\/noticias\/bancos-acoes-csll-reforma-previdencia\/\"},\"author\":{\"name\":\"Amanda Gushiken\",\"@id\":\"https:\/\/www.suno.com.br\/noticias\/#\/schema\/person\/a5b06fa4e879d8e8e119c6ed3cd630d1\"},\"headline\":\"Bancos caem com aumento da CSLL proposto no parecer da Previd\u00eancia\",\"datePublished\":\"2019-06-13T18:58:37+00:00\",\"dateModified\":\"2019-06-13T20:33:09+00:00\",\"mainEntityOfPage\":{\"@id\":\"https:\/\/www.suno.com.br\/noticias\/bancos-acoes-csll-reforma-previdencia\/\"},\"wordCount\":578,\"publisher\":{\"@id\":\"https:\/\/www.suno.com.br\/noticias\/#organization\"},\"image\":{\"@id\":\"https:\/\/www.suno.com.br\/noticias\/bancos-acoes-csll-reforma-previdencia\/#primaryimage\"},\"thumbnailUrl\":\"https:\/\/files.sunoresearch.com.br\/n\/uploads\/2019\/04\/ded04be1-santander-jpg.webp\",\"keywords\":[\"bancos\",\"Reforma da Previd\u00eancia\"],\"articleSection\":[\"Mercado\"],\"inLanguage\":\"pt-BR\"},{\"@type\":\"WebPage\",\"@id\":\"https:\/\/www.suno.com.br\/noticias\/bancos-acoes-csll-reforma-previdencia\/\",\"url\":\"https:\/\/www.suno.com.br\/noticias\/bancos-acoes-csll-reforma-previdencia\/\",\"name\":\"Bancos caem com aumento da CSLL proposto no parecer da Previd\u00eancia\",\"isPartOf\":{\"@id\":\"https:\/\/www.suno.com.br\/noticias\/#website\"},\"primaryImageOfPage\":{\"@id\":\"https:\/\/www.suno.com.br\/noticias\/bancos-acoes-csll-reforma-previdencia\/#primaryimage\"},\"image\":{\"@id\":\"https:\/\/www.suno.com.br\/noticias\/bancos-acoes-csll-reforma-previdencia\/#primaryimage\"},\"thumbnailUrl\":\"https:\/\/files.sunoresearch.com.br\/n\/uploads\/2019\/04\/ded04be1-santander-jpg.webp\",\"datePublished\":\"2019-06-13T18:58:37+00:00\",\"dateModified\":\"2019-06-13T20:33:09+00:00\",\"description\":\"A\u00e7\u00f5es de bancos caem com proposta no parecer da reforma da Previd\u00eancia de aumento de al\u00edquota da CSLL. Clique para saber mais.\",\"breadcrumb\":{\"@id\":\"https:\/\/www.suno.com.br\/noticias\/bancos-acoes-csll-reforma-previdencia\/#breadcrumb\"},\"inLanguage\":\"pt-BR\",\"potentialAction\":[{\"@type\":\"ReadAction\",\"target\":[\"https:\/\/www.suno.com.br\/noticias\/bancos-acoes-csll-reforma-previdencia\/\"]}]},{\"@type\":\"ImageObject\",\"inLanguage\":\"pt-BR\",\"@id\":\"https:\/\/www.suno.com.br\/noticias\/bancos-acoes-csll-reforma-previdencia\/#primaryimage\",\"url\":\"https:\/\/files.sunoresearch.com.br\/n\/uploads\/2019\/04\/ded04be1-santander-jpg.webp\",\"contentUrl\":\"https:\/\/files.sunoresearch.com.br\/n\/uploads\/2019\/04\/ded04be1-santander-jpg.webp\",\"width\":1024,\"height\":688,\"caption\":\"Santander (SANB11) pretende cortar 20% do quadro de trabalho no Brasil\"},{\"@type\":\"BreadcrumbList\",\"@id\":\"https:\/\/www.suno.com.br\/noticias\/bancos-acoes-csll-reforma-previdencia\/#breadcrumb\",\"itemListElement\":[{\"@type\":\"ListItem\",\"position\":1,\"name\":\"Not\u00edcias\",\"item\":\"https:\/\/www.suno.com.br\/noticias\/\"},{\"@type\":\"ListItem\",\"position\":2,\"name\":\"Mercado\",\"item\":\"https:\/\/www.suno.com.br\/noticias\/mercado\/\"},{\"@type\":\"ListItem\",\"position\":3,\"name\":\"Bancos caem com aumento da CSLL proposto no parecer da Previd\u00eancia\"}]},{\"@type\":\"WebSite\",\"@id\":\"https:\/\/www.suno.com.br\/noticias\/#website\",\"url\":\"https:\/\/www.suno.com.br\/noticias\/\",\"name\":\"Suno Not\u00edcias\",\"description\":\"Seu portal de informa\u00e7\u00e3o sobre o mundo dos investimentos\",\"publisher\":{\"@id\":\"https:\/\/www.suno.com.br\/noticias\/#organization\"},\"potentialAction\":[{\"@type\":\"SearchAction\",\"target\":{\"@type\":\"EntryPoint\",\"urlTemplate\":\"https:\/\/www.suno.com.br\/noticias\/?s={search_term_string}\"},\"query-input\":{\"@type\":\"PropertyValueSpecification\",\"valueRequired\":true,\"valueName\":\"search_term_string\"}}],\"inLanguage\":\"pt-BR\"},{\"@type\":\"Organization\",\"@id\":\"https:\/\/www.suno.com.br\/noticias\/#organization\",\"name\":\"Suno Not\u00edcias\",\"url\":\"https:\/\/www.suno.com.br\/noticias\/\",\"logo\":{\"@type\":\"ImageObject\",\"inLanguage\":\"pt-BR\",\"@id\":\"https:\/\/www.suno.com.br\/noticias\/#\/schema\/logo\/image\/\",\"url\":\"https:\/\/files.sunoresearch.com.br\/n\/uploads\/2021\/09\/suno-logo.png\",\"contentUrl\":\"https:\/\/files.sunoresearch.com.br\/n\/uploads\/2021\/09\/suno-logo.png\",\"width\":180,\"height\":180,\"caption\":\"Suno Not\u00edcias\"},\"image\":{\"@id\":\"https:\/\/www.suno.com.br\/noticias\/#\/schema\/logo\/image\/\"},\"sameAs\":[\"https:\/\/facebook.com\/sunoresearch\",\"https:\/\/x.com\/sunoresearch\",\"https:\/\/www.instagram.com\/suno\",\"https:\/\/www.linkedin.com\/company\/suno-research\/\",\"https:\/\/www.youtube.com\/c\/sunoresearch\"]},{\"@type\":\"Person\",\"@id\":\"https:\/\/www.suno.com.br\/noticias\/#\/schema\/person\/a5b06fa4e879d8e8e119c6ed3cd630d1\",\"name\":\"Amanda Gushiken\",\"image\":{\"@type\":\"ImageObject\",\"inLanguage\":\"pt-BR\",\"@id\":\"https:\/\/www.suno.com.br\/noticias\/#\/schema\/person\/image\/\",\"url\":\"https:\/\/secure.gravatar.com\/avatar\/ecd84705e6b65e3685ae80d725501fbe?s=96&r=g\",\"contentUrl\":\"https:\/\/secure.gravatar.com\/avatar\/ecd84705e6b65e3685ae80d725501fbe?s=96&r=g\",\"caption\":\"Amanda Gushiken\"},\"description\":\"Amanda Sayuri Gushiken escreve sobre finan\u00e7as e neg\u00f3cios para o portal Suno Not\u00edcias. Antes, trabalhou selecionando not\u00edcias da imprensa para clientes do mercado financeiro. Tamb\u00e9m desenvolveu pesquisa acad\u00eamica pela Universidade Anhembi Morumbi na \u00e1rea de Teorias da Comunica\u00e7\u00e3o e \u00e9 fot\u00f3grafa nas horas vagas.\",\"url\":\"https:\/\/www.suno.com.br\/noticias\/author\/amanda\/\"}]}<\/script>\n<!-- \/ Yoast SEO plugin. -->","yoast_head_json":{"title":"Bancos caem com aumento da CSLL proposto no parecer da Previd\u00eancia","description":"A\u00e7\u00f5es de bancos caem com proposta no parecer da reforma da Previd\u00eancia de aumento de al\u00edquota da CSLL. Clique para saber mais.","robots":{"index":"index","follow":"follow","max-snippet":"max-snippet:-1","max-image-preview":"max-image-preview:large","max-video-preview":"max-video-preview:-1"},"canonical":"https:\/\/www.suno.com.br\/noticias\/bancos-acoes-csll-reforma-previdencia\/","og_locale":"pt_BR","og_type":"article","og_title":"Bancos caem com aumento da CSLL proposto no parecer da Previd\u00eancia","og_description":"A\u00e7\u00f5es de bancos caem com proposta no parecer da reforma da Previd\u00eancia de aumento de al\u00edquota da CSLL. Clique para saber mais.","og_url":"https:\/\/www.suno.com.br\/noticias\/bancos-acoes-csll-reforma-previdencia\/","og_site_name":"Suno Not\u00edcias","article_publisher":"https:\/\/facebook.com\/sunoresearch","og_image":[{"width":1024,"height":688,"url":"https:\/\/files.sunoresearch.com.br\/n\/uploads\/2019\/04\/ded04be1-santander.jpg","type":"image\/jpeg"}],"author":"Amanda Gushiken","twitter_card":"summary_large_image","twitter_creator":"@sunoresearch","twitter_site":"@sunoresearch","twitter_misc":{"Escrito por":"Amanda Gushiken","Est. tempo de leitura":"3 minutos"},"schema":{"@context":"https:\/\/schema.org","@graph":[{"@type":"NewsArticle","@id":"https:\/\/www.suno.com.br\/noticias\/bancos-acoes-csll-reforma-previdencia\/#article","isPartOf":{"@id":"https:\/\/www.suno.com.br\/noticias\/bancos-acoes-csll-reforma-previdencia\/"},"author":{"name":"Amanda Gushiken","@id":"https:\/\/www.suno.com.br\/noticias\/#\/schema\/person\/a5b06fa4e879d8e8e119c6ed3cd630d1"},"headline":"Bancos caem com aumento da CSLL proposto no parecer da Previd\u00eancia","datePublished":"2019-06-13T18:58:37+00:00","dateModified":"2019-06-13T20:33:09+00:00","mainEntityOfPage":{"@id":"https:\/\/www.suno.com.br\/noticias\/bancos-acoes-csll-reforma-previdencia\/"},"wordCount":578,"publisher":{"@id":"https:\/\/www.suno.com.br\/noticias\/#organization"},"image":{"@id":"https:\/\/www.suno.com.br\/noticias\/bancos-acoes-csll-reforma-previdencia\/#primaryimage"},"thumbnailUrl":"https:\/\/files.sunoresearch.com.br\/n\/uploads\/2019\/04\/ded04be1-santander-jpg.webp","keywords":["bancos","Reforma da Previd\u00eancia"],"articleSection":["Mercado"],"inLanguage":"pt-BR"},{"@type":"WebPage","@id":"https:\/\/www.suno.com.br\/noticias\/bancos-acoes-csll-reforma-previdencia\/","url":"https:\/\/www.suno.com.br\/noticias\/bancos-acoes-csll-reforma-previdencia\/","name":"Bancos caem com aumento da CSLL proposto no parecer da Previd\u00eancia","isPartOf":{"@id":"https:\/\/www.suno.com.br\/noticias\/#website"},"primaryImageOfPage":{"@id":"https:\/\/www.suno.com.br\/noticias\/bancos-acoes-csll-reforma-previdencia\/#primaryimage"},"image":{"@id":"https:\/\/www.suno.com.br\/noticias\/bancos-acoes-csll-reforma-previdencia\/#primaryimage"},"thumbnailUrl":"https:\/\/files.sunoresearch.com.br\/n\/uploads\/2019\/04\/ded04be1-santander-jpg.webp","datePublished":"2019-06-13T18:58:37+00:00","dateModified":"2019-06-13T20:33:09+00:00","description":"A\u00e7\u00f5es de bancos caem com proposta no parecer da reforma da Previd\u00eancia de aumento de al\u00edquota da CSLL. Clique para saber mais.","breadcrumb":{"@id":"https:\/\/www.suno.com.br\/noticias\/bancos-acoes-csll-reforma-previdencia\/#breadcrumb"},"inLanguage":"pt-BR","potentialAction":[{"@type":"ReadAction","target":["https:\/\/www.suno.com.br\/noticias\/bancos-acoes-csll-reforma-previdencia\/"]}]},{"@type":"ImageObject","inLanguage":"pt-BR","@id":"https:\/\/www.suno.com.br\/noticias\/bancos-acoes-csll-reforma-previdencia\/#primaryimage","url":"https:\/\/files.sunoresearch.com.br\/n\/uploads\/2019\/04\/ded04be1-santander-jpg.webp","contentUrl":"https:\/\/files.sunoresearch.com.br\/n\/uploads\/2019\/04\/ded04be1-santander-jpg.webp","width":1024,"height":688,"caption":"Santander (SANB11) pretende cortar 20% do quadro de trabalho no Brasil"},{"@type":"BreadcrumbList","@id":"https:\/\/www.suno.com.br\/noticias\/bancos-acoes-csll-reforma-previdencia\/#breadcrumb","itemListElement":[{"@type":"ListItem","position":1,"name":"Not\u00edcias","item":"https:\/\/www.suno.com.br\/noticias\/"},{"@type":"ListItem","position":2,"name":"Mercado","item":"https:\/\/www.suno.com.br\/noticias\/mercado\/"},{"@type":"ListItem","position":3,"name":"Bancos caem com aumento da CSLL proposto no parecer da Previd\u00eancia"}]},{"@type":"WebSite","@id":"https:\/\/www.suno.com.br\/noticias\/#website","url":"https:\/\/www.suno.com.br\/noticias\/","name":"Suno Not\u00edcias","description":"Seu portal de informa\u00e7\u00e3o sobre o mundo dos investimentos","publisher":{"@id":"https:\/\/www.suno.com.br\/noticias\/#organization"},"potentialAction":[{"@type":"SearchAction","target":{"@type":"EntryPoint","urlTemplate":"https:\/\/www.suno.com.br\/noticias\/?s={search_term_string}"},"query-input":{"@type":"PropertyValueSpecification","valueRequired":true,"valueName":"search_term_string"}}],"inLanguage":"pt-BR"},{"@type":"Organization","@id":"https:\/\/www.suno.com.br\/noticias\/#organization","name":"Suno Not\u00edcias","url":"https:\/\/www.suno.com.br\/noticias\/","logo":{"@type":"ImageObject","inLanguage":"pt-BR","@id":"https:\/\/www.suno.com.br\/noticias\/#\/schema\/logo\/image\/","url":"https:\/\/files.sunoresearch.com.br\/n\/uploads\/2021\/09\/suno-logo.png","contentUrl":"https:\/\/files.sunoresearch.com.br\/n\/uploads\/2021\/09\/suno-logo.png","width":180,"height":180,"caption":"Suno Not\u00edcias"},"image":{"@id":"https:\/\/www.suno.com.br\/noticias\/#\/schema\/logo\/image\/"},"sameAs":["https:\/\/facebook.com\/sunoresearch","https:\/\/x.com\/sunoresearch","https:\/\/www.instagram.com\/suno","https:\/\/www.linkedin.com\/company\/suno-research\/","https:\/\/www.youtube.com\/c\/sunoresearch"]},{"@type":"Person","@id":"https:\/\/www.suno.com.br\/noticias\/#\/schema\/person\/a5b06fa4e879d8e8e119c6ed3cd630d1","name":"Amanda Gushiken","image":{"@type":"ImageObject","inLanguage":"pt-BR","@id":"https:\/\/www.suno.com.br\/noticias\/#\/schema\/person\/image\/","url":"https:\/\/secure.gravatar.com\/avatar\/ecd84705e6b65e3685ae80d725501fbe?s=96&r=g","contentUrl":"https:\/\/secure.gravatar.com\/avatar\/ecd84705e6b65e3685ae80d725501fbe?s=96&r=g","caption":"Amanda Gushiken"},"description":"Amanda Sayuri Gushiken escreve sobre finan\u00e7as e neg\u00f3cios para o portal Suno Not\u00edcias. Antes, trabalhou selecionando not\u00edcias da imprensa para clientes do mercado financeiro. Tamb\u00e9m desenvolveu pesquisa acad\u00eamica pela Universidade Anhembi Morumbi na \u00e1rea de Teorias da Comunica\u00e7\u00e3o e \u00e9 fot\u00f3grafa nas horas vagas.","url":"https:\/\/www.suno.com.br\/noticias\/author\/amanda\/"}]}},"default_loop_html":"<div class=\"cardsPage__listCard__boxs\"><div class=\"cardsPage__listCard__boxs__img\"><a href=\"https:\/\/www.suno.com.br\/noticias\/bancos-acoes-csll-reforma-previdencia\/\"><img class=\"mask\" src=\"https:\/\/www.suno.com.br\/noticias\/wp-content\/themes\/suno\/resources\/images\/spotlight\/spotlight1img\/bg-mask.png\" alt=\"Image Mask\"\/><img src=\"https:\/\/files.sunoresearch.com.br\/n\/uploads\/2019\/04\/ded04be1-santander-400x200.webp\" alt=\"Bancos caem com aumento da CSLL proposto no parecer da Previd\u00eancia\"\/><\/a><span class=\"spotlightCategory\"><a href=\"https:\/\/www.suno.com.br\/noticias\/mercado\/\">Mercado<\/a><\/span><\/div><div class=\"cardsPage__listCard__boxs__content\"><a href=\"https:\/\/www.suno.com.br\/noticias\/bancos-acoes-csll-reforma-previdencia\/\"><h2 class=\"content__title\">Bancos caem com aumento da CSLL proposto no parecer da Previd\u00eancia<\/h2><\/a><div class=\"newsContent__article__meta\"><div class=\"newsContent__article__meta__authorBox\"><a href=\"https:\/\/www.suno.com.br\/noticias\/author\/amanda\/\" class=\"authorBox__avatar noMobi\"><img src=\"https:\/\/files.sunoresearch.com.br\/n\/uploads\/2018\/11\/c6ad30be-amanda-150x150.webp\" alt=\"Amanda Gushiken\"><\/a><div class=\"authorBox__name\"><span>por\n\t\t\t<a href=\"https:\/\/www.suno.com.br\/noticias\/author\/amanda\/\"><span itemprop=\"author\">Amanda Gushiken<\/span><\/a><\/span><time datetime=\"2019-06-13T15:58:37-03:00\" itemprop=\"datePublished\">13\/06\/2019 15:58<\/time><\/div><\/div><\/div><\/div><\/div>","single_layout":"posts","amp_enabled":true,"_links":{"self":[{"href":"https:\/\/www.suno.com.br\/noticias\/wp-json\/wp\/v2\/posts\/28082"}],"collection":[{"href":"https:\/\/www.suno.com.br\/noticias\/wp-json\/wp\/v2\/posts"}],"about":[{"href":"https:\/\/www.suno.com.br\/noticias\/wp-json\/wp\/v2\/types\/post"}],"author":[{"embeddable":true,"href":"https:\/\/www.suno.com.br\/noticias\/wp-json\/wp\/v2\/users\/12"}],"replies":[{"embeddable":true,"href":"https:\/\/www.suno.com.br\/noticias\/wp-json\/wp\/v2\/comments?post=28082"}],"version-history":[{"count":0,"href":"https:\/\/www.suno.com.br\/noticias\/wp-json\/wp\/v2\/posts\/28082\/revisions"}],"wp:featuredmedia":[{"embeddable":true,"href":"https:\/\/www.suno.com.br\/noticias\/wp-json\/wp\/v2\/media\/22730"}],"wp:attachment":[{"href":"https:\/\/www.suno.com.br\/noticias\/wp-json\/wp\/v2\/media?parent=28082"}],"wp:term":[{"taxonomy":"category","embeddable":true,"href":"https:\/\/www.suno.com.br\/noticias\/wp-json\/wp\/v2\/categories?post=28082"},{"taxonomy":"post_tag","embeddable":true,"href":"https:\/\/www.suno.com.br\/noticias\/wp-json\/wp\/v2\/tags?post=28082"},{"taxonomy":"suno_strategy","embeddable":true,"href":"https:\/\/www.suno.com.br\/noticias\/wp-json\/wp\/v2\/suno_strategy?post=28082"}],"curies":[{"name":"wp","href":"https:\/\/api.w.org\/{rel}","templated":true}]}}