{"id":28079,"date":"2019-06-13T16:44:55","date_gmt":"2019-06-13T19:44:55","guid":{"rendered":"https:\/\/www.suno.com.br\/noticias\/?p=28079"},"modified":"2019-06-14T06:55:11","modified_gmt":"2019-06-14T09:55:11","slug":"acoes-brf-marfrig-jbs-ibovespa","status":"publish","type":"post","link":"https:\/\/www.suno.com.br\/noticias\/acoes-brf-marfrig-jbs-ibovespa\/","title":{"rendered":"A\u00e7\u00f5es da BRF e da Marfrig t\u00eam alta de 5% enquanto JBS cai no Ibovespa"},"content":{"rendered":"<p>As <a href=\"https:\/\/www.suno.com.br\/artigos\/acoes-ordinarias\/\">a\u00e7\u00f5es ordin\u00e1rias<\/a> ON das empresas de alimentos, todas componentes do \u00edndice acion\u00e1rio da <a href=\"https:\/\/www.suno.com.br\/artigos\/b3\/\">Bolsa de Valores de S\u00e3o Paulo<\/a>, o <strong><a href=\"https:\/\/www.suno.com.br\/artigos\/ibovespa\/\">Ibovespa<\/a><\/strong>, est\u00e3o entre os destaques desta quinta-feira (13). Enquanto a BRF e a Marfrig tinham valoriza\u00e7\u00e3o, a JBS ca\u00eda no fechamento:<\/p>\t<div class=\"wrapper-featured-image\">\n\t\t<figure class=\"spotlightImg\">\n\n\t\t\t<picture>\n\t\t\t\t<source media=\"(max-width: 768px)\" srcset=\"https:\/\/files.sunoresearch.com.br\/n\/uploads\/2018\/12\/c9dcbdf9-brf-400x200.webp\">\n\t\t\t\t<img loading=\"lazy\" decoding=\"async\" class=\"newsContent__article__imgCapa lazyloadDisabled newsContent__article__imgCapa--noCaption\" src=\"https:\/\/files.sunoresearch.com.br\/n\/uploads\/2018\/12\/c9dcbdf9-brf-jpg.webp\" width=\"800\" height=\"450\" alt=\"A\u00e7\u00f5es da BRF e da Marfrig t\u00eam alta de 5% enquanto JBS cai no Ibovespa\" fetchpriority=high \/>\n\t\t\t<\/picture>\n\n\t\t\t<figcaption class=\"wp-caption-text wp-caption-text--hide\">BRF (BRFS3)<\/figcaption>\n\t\t<\/figure>\n\t<\/div>\n\n\n<ul>\n<li><strong>BRF<\/strong> (BRFS3): alta de para 5,81% para R$ 28,57.<\/li>\n<li><strong>Marfrig<\/strong> (MRFG3): alta de para 4,45% para R$ 6,80.<\/li>\n<li><strong>JBS<\/strong> (JBSS3): queda de 2,62% para R$ 21,55.<\/li>\n<\/ul>\n<p>Confira abaixo as poss\u00edveis causas.<\/p>\n\t<p>\n\t\t<a href=\"https:\/\/lp.suno.com.br\/asset\/fundos\/suno-fic-fia\/\" target=\"_blank\" data-element=\"shortcode-suno-banner\" title=\"Banner SUNO, clique e saiba mais\">\n\t\t\t<picture>\n\t\t\t\t<source media=\"(max-width: 500px)\" srcset=\"https:\/\/files.sunoresearch.com.br\/n\/uploads\/2023\/10\/SUNO-FIC-FIA-400x300-Mobile-Artigos-5.png\">\n\t\t\t\t<img class=\"newsContent__article__imgCapa newsContent__article__imgCapa--banner\"\n\t\t\t\t\tsrc=\"https:\/\/files.sunoresearch.com.br\/n\/uploads\/2023\/10\/SUNO-FIC-FIA-1420x240-Banner-Artigos-1-_-Banner-Materias-4.png\"\n\t\t\t\t\tdata-promo-id=\"478742\"\t\t\t\t\t\t\t\t\t\twidth='2840' height='480'\t\t\t\t\talt=\"https:\/\/files.sunoresearch.com.br\/n\/uploads\/2023\/10\/SUNO-FIC-FIA-1420x240-Banner-Artigos-1-_-Banner-Materias-4.png\"\n\t\t\t\t>\n\t\t\t<\/picture>\n\t\t<\/a>\n\t<\/p>\n\n\n<h2>BRF e o mercado de carne halal<\/h2>\n<p>Conforme o &#8220;Valor Econ\u00f4mico&#8221;, o presidente-executivo da BRF, <a href=\"https:\/\/www.suno.com.br\/tudo-sobre\/pedro-parente\/\">Pedro Parente<\/a>, n\u00e3o quis falar com a Imprensa enquanto palestrava no\u00a0World Chambers Congress. Contudo, teria mencionado\u00a0\u201c<strong>alternativas de crescimento n\u00e3o org\u00e2nicas<\/strong>\u201d da empresa de alimentos.<\/p>\n<p>Segundo a assessoria de comunica\u00e7\u00e3o do empres\u00e1rio, Parente referiu-se especificamente a parcerias futuras no mercado de carne <strong>halal<\/strong>. O aumento de produ\u00e7\u00e3o para este mercado n\u00e3o deve ser feito por meio de aquisi\u00e7\u00f5es. Pois isto elevaria o endividamento da companhia.<\/p>\n<p>O consumo do <strong>mercado halal<\/strong> \u00e9 feito por <strong>mu\u00e7ulmanos<\/strong>, que assim como crist\u00e3os e judeus, tamb\u00e9m seguem regras na alimenta\u00e7\u00e3o. Deste modo, para que o alimento seja considerado halal \u00e9 necess\u00e1rio que siga determinadas normas de fabrica\u00e7\u00e3o.\u00a0No caso de <strong>carnes<\/strong>, as regras dizem respeito \u00e0 forma de <strong>abate<\/strong>.<\/p>\n<p>\u201cPara 2020, vamos combinar lideran\u00e7a, inova\u00e7\u00e3o e for\u00e7a financeira para voltar aos n\u00edveis hist\u00f3ricos de margem do grupo em 2020. E, depois de 2021, a ideia \u00e9 superar essas margens, trazendo alternativas de crescimento n\u00e3o org\u00e2nicas\u201d, declarou Parente no evento.<\/p>\n<p><a href=\"https:\/\/www.suno.com.br\/noticias\/china-carne-bovina-exportacao-brasil\/\">Saiba mais &#8211;\u00a0Brasil retornar\u00e1 a exportar carne bovina para China<\/a><\/p>\n<h2>Marfrig n\u00e3o deve exercer &#8220;put&#8221;<\/h2>\n<p>Ainda conforme o &#8220;Valor Econ\u00f4mico&#8221;, o maior acionista da Marfrig, Marcos Molina, demonstra confian\u00e7a de que a <a href=\"https:\/\/www.suno.com.br\/artigos\/mercado-de-opcoes\/\">op\u00e7\u00e3o<\/a> de venda de a\u00e7\u00f5es detida pelos <a href=\"https:\/\/www.suno.com.br\/artigos\/minoritario\/\">acionistas minorit\u00e1rios<\/a> da subsidi\u00e1ria norte-americana <strong>National Beef<\/strong> (NB) n\u00e3o ser\u00e1 exercida, caso a <strong>Marfrig<\/strong> complete a <strong>fus\u00e3o<\/strong> com a BRF.<\/p>\n<p>Tal op\u00e7\u00e3o de venda de a\u00e7\u00f5es \u00e9 conhecida como &#8220;<a href=\"https:\/\/www.suno.com.br\/artigos\/put\/\">put<\/a>&#8220;. De acordo com o economista da Suno Research, Tiago Reis, o <strong>put<\/strong> &#8220;confere ao seu titular o direito de vender a um determinado pre\u00e7o, um ativo espec\u00edfico que foi discriminado no ato do contrato. Esse contrato possui um tempo pr\u00e9-determinado para o seu vencimento&#8221;.<\/p>\n<p>No caso da empresa de alimentos, a cl\u00e1usula faz parte do contrato firmado com os <strong>minorit\u00e1rios<\/strong> da NB em 2018. Quando a <strong>Marfrig<\/strong> adquiriu o controle da subsidi\u00e1ria norte-americana.<\/p>\n\t<p>\n\t\t<a href=\"https:\/\/lp.suno.com.br\/ebook-como-analisar-uma-acao\/\" target=\"_blank\" data-element=\"shortcode-suno-banner\" title=\"Banner SUNO, clique e saiba mais\">\n\t\t\t<picture>\n\t\t\t\t<source media=\"(max-width: 500px)\" srcset=\"https:\/\/files.sunoresearch.com.br\/n\/uploads\/2023\/03\/Ebook-Acoes-Mobile-1.jpg\">\n\t\t\t\t<img class=\"newsContent__article__imgCapa newsContent__article__imgCapa--banner\"\n\t\t\t\t\tsrc=\"https:\/\/files.sunoresearch.com.br\/n\/uploads\/2023\/03\/Ebook-Acoes-Desktop-1.jpg\"\n\t\t\t\t\tdata-promo-id=\"171998\"\t\t\t\t\t\t\t\t\t\twidth='1420' height='286'\t\t\t\t\talt=\"https:\/\/files.sunoresearch.com.br\/n\/uploads\/2023\/03\/Ebook-Acoes-Desktop-1.jpg\"\n\t\t\t\t>\n\t\t\t<\/picture>\n\t\t<\/a>\n\t<\/p>\n\n\n<p>A cl\u00e1usula estabelece que o <strong>put<\/strong> ser\u00e1 acionado quando qualquer indiv\u00edduo, que n\u00e3o seja Marcos Molina, sua esposa Maria Aparecida, seus filhos ou suas empresas afiliadas, tornar-se dono da maior parte do <strong>capital votante<\/strong> da <strong>National Beef<\/strong> ou da <strong>Marfrig<\/strong>. O put tamb\u00e9m \u00e9 acionado caso Molina fique seis meses afastado do Conselho de Administra\u00e7\u00e3o.<\/p>\n<p>De acordo com fato relevante divulgado pela companhia quando anunciada a discuss\u00e3o de <strong>fus\u00e3o<\/strong> das empresas, que se daria por meio da <strong>cria\u00e7\u00e3o<\/strong> de uma <a href=\"https:\/\/www.suno.com.br\/artigos\/joint-venture\/\">joint-venture<\/a>, as participa\u00e7\u00f5es ficariam conforme:<\/p>\n<ul>\n<li>85% da BRF;<\/li>\n<li>15% da Marfrig.<\/li>\n<\/ul>\n<p>Destes 15%, Molina seria respons\u00e1vel por 5,5%. No total, sua <strong>participa\u00e7\u00e3o<\/strong> soma 36,43% na Marfrig.<\/p>\n<p>Caso a nova empresa seja composta conforme estas condi\u00e7\u00f5es, a <strong>joint-venture<\/strong> tornaria-se uma <strong>corpora\u00e7\u00e3o<\/strong>. Ou seja, sem controlador.<\/p>\n<p>Desta forma, Molina acredita que n\u00e3o haver\u00e1 raz\u00e3o para a <strong>cl\u00e1usula<\/strong> ser disparada, visto que a nova companhia n\u00e3o ter\u00e1 controlador. E n\u00e3o haver\u00e1 troca de controle da <strong>Marfrig<\/strong>.<\/p>\n<p><a href=\"https:\/\/www.suno.com.br\/noticias\/brf-marfrig-fusao-gigantes\/\">Saiba mais &#8211;\u00a0BRF e Marfrig, gigantes dos alimentos, anunciam negocia\u00e7\u00e3o de fus\u00e3o\u00a0<\/a><\/p>\n<h2>J.P. Morgan corta recomenda\u00e7\u00e3o da JBS e aumenta da BRF e da Marfrig<\/h2>\n<p>Analistas do <strong>J.P. Morgan<\/strong> cortaram a recomenda\u00e7\u00e3o da <strong>JBS<\/strong> para neutra. Anteriormente, a recomenda\u00e7\u00e3o era &#8220;overweight&#8221;. No caso das concorrentes, <strong>Marfrig<\/strong> e <strong>BRF<\/strong>, a recomenda\u00e7\u00e3o foi elevada para &#8220;overweight&#8221;.<\/p>\n<h2>Brasil volta a exportar carne bovina para a China<\/h2>\n<p>A ministra da Agricultura, Tereza Cristina, publicou em sua conta do Twitter nesta data que as exporta\u00e7\u00f5es de <strong>carne bovina<\/strong> para a <strong>China<\/strong> retornaram a ter aval.<\/p>\n<p class=\"twitter-tweet\">\n<p dir=\"ltr\" lang=\"pt\">Boa not\u00edcia: o embargo tempor\u00e1rio da carne bovina brasileira para a China terminou.<br \/>\nVoltaremos a emitir os<br \/>\ncertificados sanit\u00e1rios normalmente e continuar com nossas exporta\u00e7\u00f5es para o pa\u00eds asi\u00e1tico.<\/p>\n<p>\u2014 Tereza Cristina (@TerezaCrisMS) <a href=\"https:\/\/twitter.com\/TerezaCrisMS\/status\/1139150530394169345?ref_src=twsrc%5Etfw\">June 13, 2019<\/a><\/p>\n<p><script async src=\"https:\/\/platform.twitter.com\/widgets.js\" charset=\"utf-8\"><\/script><\/p>\n<p>O Minist\u00e9rio da Agricultura suspendeu as exporta\u00e7\u00f5es de carne bovina do Brasil para a China no \u00faltimo dia 3. A decis\u00e3o foi tomada devido \u00e0 confirma\u00e7\u00e3o de um caso at\u00edpico do \u201c<strong>mal da vaca louca<\/strong>\u201d em Mato Grosso. Na referida data, as a\u00e7\u00f5es da\u00a0<strong>Minerva Foods<\/strong> (BEEF3), da <strong>Marfrig<\/strong>, da <strong>JBS<\/strong> e da <strong>BRF<\/strong> apresentaram baixa.<\/p>\n","protected":false},"excerpt":{"rendered":"<p>As a\u00e7\u00f5es ordin\u00e1rias ON das empresas de alimentos, todas componentes do \u00edndice acion\u00e1rio da Bolsa de Valores de S\u00e3o Paulo, o Ibovespa, est\u00e3o entre os destaques desta quinta-feira (13). Enquanto a BRF e a Marfrig tinham valoriza\u00e7\u00e3o, a JBS ca\u00eda no fechamento: BRF (BRFS3) BRF (BRFS3): alta de para 5,81% para R$ 28,57. Marfrig (MRFG3): [&hellip;]<\/p>\n","protected":false},"author":12,"featured_media":9411,"comment_status":"closed","ping_status":"closed","sticky":false,"template":"","format":"standard","meta":[],"categories":[60],"tags":[397,521,552],"suno_strategy":[],"class_list":["post-28079","post","type-post","status-publish","format-standard","has-post-thumbnail","hentry","category-mercado","tag-brf-brfs3","tag-jbs-jbss3","tag-marfrig-mrfg3"],"yoast_head":"<!-- This site is optimized with the Yoast SEO plugin v24.4 - https:\/\/yoast.com\/wordpress\/plugins\/seo\/ -->\n<title>A\u00e7\u00f5es da BRF e da Marfrig t\u00eam alta de 5% enquanto JBS cai no Ibovespa<\/title>\n<meta name=\"description\" content=\"As a\u00e7\u00f5es da BRF e da Marfrig t\u00eam valoriza\u00e7\u00e3o no \u00edndice acion\u00e1rio da B3, enquanto a JBS \u00e9 destaque negativo. Clique para saber mais.\" \/>\n<meta name=\"robots\" content=\"index, follow, max-snippet:-1, max-image-preview:large, max-video-preview:-1\" \/>\n<link rel=\"canonical\" href=\"https:\/\/www.suno.com.br\/noticias\/acoes-brf-marfrig-jbs-ibovespa\/\" \/>\n<meta property=\"og:locale\" content=\"pt_BR\" \/>\n<meta property=\"og:type\" content=\"article\" \/>\n<meta property=\"og:title\" content=\"A\u00e7\u00f5es da BRF e da Marfrig t\u00eam alta de 5% enquanto JBS cai no Ibovespa\" \/>\n<meta property=\"og:description\" content=\"As a\u00e7\u00f5es da BRF e da Marfrig t\u00eam valoriza\u00e7\u00e3o no \u00edndice acion\u00e1rio da B3, enquanto a JBS \u00e9 destaque negativo. Clique para saber mais.\" \/>\n<meta property=\"og:url\" content=\"https:\/\/www.suno.com.br\/noticias\/acoes-brf-marfrig-jbs-ibovespa\/\" \/>\n<meta property=\"og:site_name\" content=\"Suno Not\u00edcias\" \/>\n<meta property=\"article:publisher\" content=\"https:\/\/facebook.com\/sunoresearch\" \/>\n<meta property=\"og:image\" content=\"https:\/\/files.sunoresearch.com.br\/n\/uploads\/2018\/12\/c9dcbdf9-brf.jpg\" \/>\n\t<meta property=\"og:image:width\" content=\"640\" \/>\n\t<meta property=\"og:image:height\" content=\"340\" \/>\n\t<meta property=\"og:image:type\" content=\"image\/jpeg\" \/>\n<meta name=\"author\" content=\"Amanda Gushiken\" \/>\n<meta name=\"twitter:card\" content=\"summary_large_image\" \/>\n<meta name=\"twitter:creator\" content=\"@sunoresearch\" \/>\n<meta name=\"twitter:site\" content=\"@sunoresearch\" \/>\n<meta name=\"twitter:label1\" content=\"Escrito por\" \/>\n\t<meta name=\"twitter:data1\" content=\"Amanda Gushiken\" \/>\n\t<meta name=\"twitter:label2\" content=\"Est. tempo de leitura\" \/>\n\t<meta name=\"twitter:data2\" content=\"4 minutos\" \/>\n<script type=\"application\/ld+json\" class=\"yoast-schema-graph\">{\"@context\":\"https:\/\/schema.org\",\"@graph\":[{\"@type\":\"NewsArticle\",\"@id\":\"https:\/\/www.suno.com.br\/noticias\/acoes-brf-marfrig-jbs-ibovespa\/#article\",\"isPartOf\":{\"@id\":\"https:\/\/www.suno.com.br\/noticias\/acoes-brf-marfrig-jbs-ibovespa\/\"},\"author\":{\"name\":\"Amanda Gushiken\",\"@id\":\"https:\/\/www.suno.com.br\/noticias\/#\/schema\/person\/a5b06fa4e879d8e8e119c6ed3cd630d1\"},\"headline\":\"A\u00e7\u00f5es da BRF e da Marfrig t\u00eam alta de 5% enquanto JBS cai no Ibovespa\",\"datePublished\":\"2019-06-13T19:44:55+00:00\",\"dateModified\":\"2019-06-14T09:55:11+00:00\",\"mainEntityOfPage\":{\"@id\":\"https:\/\/www.suno.com.br\/noticias\/acoes-brf-marfrig-jbs-ibovespa\/\"},\"wordCount\":803,\"publisher\":{\"@id\":\"https:\/\/www.suno.com.br\/noticias\/#organization\"},\"image\":{\"@id\":\"https:\/\/www.suno.com.br\/noticias\/acoes-brf-marfrig-jbs-ibovespa\/#primaryimage\"},\"thumbnailUrl\":\"https:\/\/files.sunoresearch.com.br\/n\/uploads\/2018\/12\/c9dcbdf9-brf-jpg.webp\",\"keywords\":[\"BRF (BRFS3)\",\"JBS (JBSS3)\",\"Marfrig (MRFG3)\"],\"articleSection\":[\"Mercado\"],\"inLanguage\":\"pt-BR\"},{\"@type\":\"WebPage\",\"@id\":\"https:\/\/www.suno.com.br\/noticias\/acoes-brf-marfrig-jbs-ibovespa\/\",\"url\":\"https:\/\/www.suno.com.br\/noticias\/acoes-brf-marfrig-jbs-ibovespa\/\",\"name\":\"A\u00e7\u00f5es da BRF e da Marfrig t\u00eam alta de 5% enquanto JBS cai no Ibovespa\",\"isPartOf\":{\"@id\":\"https:\/\/www.suno.com.br\/noticias\/#website\"},\"primaryImageOfPage\":{\"@id\":\"https:\/\/www.suno.com.br\/noticias\/acoes-brf-marfrig-jbs-ibovespa\/#primaryimage\"},\"image\":{\"@id\":\"https:\/\/www.suno.com.br\/noticias\/acoes-brf-marfrig-jbs-ibovespa\/#primaryimage\"},\"thumbnailUrl\":\"https:\/\/files.sunoresearch.com.br\/n\/uploads\/2018\/12\/c9dcbdf9-brf-jpg.webp\",\"datePublished\":\"2019-06-13T19:44:55+00:00\",\"dateModified\":\"2019-06-14T09:55:11+00:00\",\"description\":\"As a\u00e7\u00f5es da BRF e da Marfrig t\u00eam valoriza\u00e7\u00e3o no \u00edndice acion\u00e1rio da B3, enquanto a JBS \u00e9 destaque negativo. Clique para saber mais.\",\"breadcrumb\":{\"@id\":\"https:\/\/www.suno.com.br\/noticias\/acoes-brf-marfrig-jbs-ibovespa\/#breadcrumb\"},\"inLanguage\":\"pt-BR\",\"potentialAction\":[{\"@type\":\"ReadAction\",\"target\":[\"https:\/\/www.suno.com.br\/noticias\/acoes-brf-marfrig-jbs-ibovespa\/\"]}]},{\"@type\":\"ImageObject\",\"inLanguage\":\"pt-BR\",\"@id\":\"https:\/\/www.suno.com.br\/noticias\/acoes-brf-marfrig-jbs-ibovespa\/#primaryimage\",\"url\":\"https:\/\/files.sunoresearch.com.br\/n\/uploads\/2018\/12\/c9dcbdf9-brf-jpg.webp\",\"contentUrl\":\"https:\/\/files.sunoresearch.com.br\/n\/uploads\/2018\/12\/c9dcbdf9-brf-jpg.webp\",\"width\":640,\"height\":340,\"caption\":\"BRF (BRFS3)\"},{\"@type\":\"BreadcrumbList\",\"@id\":\"https:\/\/www.suno.com.br\/noticias\/acoes-brf-marfrig-jbs-ibovespa\/#breadcrumb\",\"itemListElement\":[{\"@type\":\"ListItem\",\"position\":1,\"name\":\"Not\u00edcias\",\"item\":\"https:\/\/www.suno.com.br\/noticias\/\"},{\"@type\":\"ListItem\",\"position\":2,\"name\":\"Mercado\",\"item\":\"https:\/\/www.suno.com.br\/noticias\/mercado\/\"},{\"@type\":\"ListItem\",\"position\":3,\"name\":\"A\u00e7\u00f5es da BRF e da Marfrig t\u00eam alta de 5% enquanto JBS cai no Ibovespa\"}]},{\"@type\":\"WebSite\",\"@id\":\"https:\/\/www.suno.com.br\/noticias\/#website\",\"url\":\"https:\/\/www.suno.com.br\/noticias\/\",\"name\":\"Suno Not\u00edcias\",\"description\":\"Seu portal de informa\u00e7\u00e3o sobre o mundo dos investimentos\",\"publisher\":{\"@id\":\"https:\/\/www.suno.com.br\/noticias\/#organization\"},\"potentialAction\":[{\"@type\":\"SearchAction\",\"target\":{\"@type\":\"EntryPoint\",\"urlTemplate\":\"https:\/\/www.suno.com.br\/noticias\/?s={search_term_string}\"},\"query-input\":{\"@type\":\"PropertyValueSpecification\",\"valueRequired\":true,\"valueName\":\"search_term_string\"}}],\"inLanguage\":\"pt-BR\"},{\"@type\":\"Organization\",\"@id\":\"https:\/\/www.suno.com.br\/noticias\/#organization\",\"name\":\"Suno Not\u00edcias\",\"url\":\"https:\/\/www.suno.com.br\/noticias\/\",\"logo\":{\"@type\":\"ImageObject\",\"inLanguage\":\"pt-BR\",\"@id\":\"https:\/\/www.suno.com.br\/noticias\/#\/schema\/logo\/image\/\",\"url\":\"https:\/\/files.sunoresearch.com.br\/n\/uploads\/2021\/09\/suno-logo.png\",\"contentUrl\":\"https:\/\/files.sunoresearch.com.br\/n\/uploads\/2021\/09\/suno-logo.png\",\"width\":180,\"height\":180,\"caption\":\"Suno Not\u00edcias\"},\"image\":{\"@id\":\"https:\/\/www.suno.com.br\/noticias\/#\/schema\/logo\/image\/\"},\"sameAs\":[\"https:\/\/facebook.com\/sunoresearch\",\"https:\/\/x.com\/sunoresearch\",\"https:\/\/www.instagram.com\/suno\",\"https:\/\/www.linkedin.com\/company\/suno-research\/\",\"https:\/\/www.youtube.com\/c\/sunoresearch\"]},{\"@type\":\"Person\",\"@id\":\"https:\/\/www.suno.com.br\/noticias\/#\/schema\/person\/a5b06fa4e879d8e8e119c6ed3cd630d1\",\"name\":\"Amanda Gushiken\",\"image\":{\"@type\":\"ImageObject\",\"inLanguage\":\"pt-BR\",\"@id\":\"https:\/\/www.suno.com.br\/noticias\/#\/schema\/person\/image\/\",\"url\":\"https:\/\/secure.gravatar.com\/avatar\/ecd84705e6b65e3685ae80d725501fbe?s=96&r=g\",\"contentUrl\":\"https:\/\/secure.gravatar.com\/avatar\/ecd84705e6b65e3685ae80d725501fbe?s=96&r=g\",\"caption\":\"Amanda Gushiken\"},\"description\":\"Amanda Sayuri Gushiken escreve sobre finan\u00e7as e neg\u00f3cios para o portal Suno Not\u00edcias. Antes, trabalhou selecionando not\u00edcias da imprensa para clientes do mercado financeiro. Tamb\u00e9m desenvolveu pesquisa acad\u00eamica pela Universidade Anhembi Morumbi na \u00e1rea de Teorias da Comunica\u00e7\u00e3o e \u00e9 fot\u00f3grafa nas horas vagas.\",\"url\":\"https:\/\/www.suno.com.br\/noticias\/author\/amanda\/\"}]}<\/script>\n<!-- \/ Yoast SEO plugin. -->","yoast_head_json":{"title":"A\u00e7\u00f5es da BRF e da Marfrig t\u00eam alta de 5% enquanto JBS cai no Ibovespa","description":"As a\u00e7\u00f5es da BRF e da Marfrig t\u00eam valoriza\u00e7\u00e3o no \u00edndice acion\u00e1rio da B3, enquanto a JBS \u00e9 destaque negativo. Clique para saber mais.","robots":{"index":"index","follow":"follow","max-snippet":"max-snippet:-1","max-image-preview":"max-image-preview:large","max-video-preview":"max-video-preview:-1"},"canonical":"https:\/\/www.suno.com.br\/noticias\/acoes-brf-marfrig-jbs-ibovespa\/","og_locale":"pt_BR","og_type":"article","og_title":"A\u00e7\u00f5es da BRF e da Marfrig t\u00eam alta de 5% enquanto JBS cai no Ibovespa","og_description":"As a\u00e7\u00f5es da BRF e da Marfrig t\u00eam valoriza\u00e7\u00e3o no \u00edndice acion\u00e1rio da B3, enquanto a JBS \u00e9 destaque negativo. Clique para saber mais.","og_url":"https:\/\/www.suno.com.br\/noticias\/acoes-brf-marfrig-jbs-ibovespa\/","og_site_name":"Suno Not\u00edcias","article_publisher":"https:\/\/facebook.com\/sunoresearch","og_image":[{"width":640,"height":340,"url":"https:\/\/files.sunoresearch.com.br\/n\/uploads\/2018\/12\/c9dcbdf9-brf.jpg","type":"image\/jpeg"}],"author":"Amanda Gushiken","twitter_card":"summary_large_image","twitter_creator":"@sunoresearch","twitter_site":"@sunoresearch","twitter_misc":{"Escrito por":"Amanda Gushiken","Est. tempo de leitura":"4 minutos"},"schema":{"@context":"https:\/\/schema.org","@graph":[{"@type":"NewsArticle","@id":"https:\/\/www.suno.com.br\/noticias\/acoes-brf-marfrig-jbs-ibovespa\/#article","isPartOf":{"@id":"https:\/\/www.suno.com.br\/noticias\/acoes-brf-marfrig-jbs-ibovespa\/"},"author":{"name":"Amanda Gushiken","@id":"https:\/\/www.suno.com.br\/noticias\/#\/schema\/person\/a5b06fa4e879d8e8e119c6ed3cd630d1"},"headline":"A\u00e7\u00f5es da BRF e da Marfrig t\u00eam alta de 5% enquanto JBS cai no Ibovespa","datePublished":"2019-06-13T19:44:55+00:00","dateModified":"2019-06-14T09:55:11+00:00","mainEntityOfPage":{"@id":"https:\/\/www.suno.com.br\/noticias\/acoes-brf-marfrig-jbs-ibovespa\/"},"wordCount":803,"publisher":{"@id":"https:\/\/www.suno.com.br\/noticias\/#organization"},"image":{"@id":"https:\/\/www.suno.com.br\/noticias\/acoes-brf-marfrig-jbs-ibovespa\/#primaryimage"},"thumbnailUrl":"https:\/\/files.sunoresearch.com.br\/n\/uploads\/2018\/12\/c9dcbdf9-brf-jpg.webp","keywords":["BRF (BRFS3)","JBS (JBSS3)","Marfrig (MRFG3)"],"articleSection":["Mercado"],"inLanguage":"pt-BR"},{"@type":"WebPage","@id":"https:\/\/www.suno.com.br\/noticias\/acoes-brf-marfrig-jbs-ibovespa\/","url":"https:\/\/www.suno.com.br\/noticias\/acoes-brf-marfrig-jbs-ibovespa\/","name":"A\u00e7\u00f5es da BRF e da Marfrig t\u00eam alta de 5% enquanto JBS cai no Ibovespa","isPartOf":{"@id":"https:\/\/www.suno.com.br\/noticias\/#website"},"primaryImageOfPage":{"@id":"https:\/\/www.suno.com.br\/noticias\/acoes-brf-marfrig-jbs-ibovespa\/#primaryimage"},"image":{"@id":"https:\/\/www.suno.com.br\/noticias\/acoes-brf-marfrig-jbs-ibovespa\/#primaryimage"},"thumbnailUrl":"https:\/\/files.sunoresearch.com.br\/n\/uploads\/2018\/12\/c9dcbdf9-brf-jpg.webp","datePublished":"2019-06-13T19:44:55+00:00","dateModified":"2019-06-14T09:55:11+00:00","description":"As a\u00e7\u00f5es da BRF e da Marfrig t\u00eam valoriza\u00e7\u00e3o no \u00edndice acion\u00e1rio da B3, enquanto a JBS \u00e9 destaque negativo. Clique para saber mais.","breadcrumb":{"@id":"https:\/\/www.suno.com.br\/noticias\/acoes-brf-marfrig-jbs-ibovespa\/#breadcrumb"},"inLanguage":"pt-BR","potentialAction":[{"@type":"ReadAction","target":["https:\/\/www.suno.com.br\/noticias\/acoes-brf-marfrig-jbs-ibovespa\/"]}]},{"@type":"ImageObject","inLanguage":"pt-BR","@id":"https:\/\/www.suno.com.br\/noticias\/acoes-brf-marfrig-jbs-ibovespa\/#primaryimage","url":"https:\/\/files.sunoresearch.com.br\/n\/uploads\/2018\/12\/c9dcbdf9-brf-jpg.webp","contentUrl":"https:\/\/files.sunoresearch.com.br\/n\/uploads\/2018\/12\/c9dcbdf9-brf-jpg.webp","width":640,"height":340,"caption":"BRF (BRFS3)"},{"@type":"BreadcrumbList","@id":"https:\/\/www.suno.com.br\/noticias\/acoes-brf-marfrig-jbs-ibovespa\/#breadcrumb","itemListElement":[{"@type":"ListItem","position":1,"name":"Not\u00edcias","item":"https:\/\/www.suno.com.br\/noticias\/"},{"@type":"ListItem","position":2,"name":"Mercado","item":"https:\/\/www.suno.com.br\/noticias\/mercado\/"},{"@type":"ListItem","position":3,"name":"A\u00e7\u00f5es da BRF e da Marfrig t\u00eam alta de 5% enquanto JBS cai no Ibovespa"}]},{"@type":"WebSite","@id":"https:\/\/www.suno.com.br\/noticias\/#website","url":"https:\/\/www.suno.com.br\/noticias\/","name":"Suno Not\u00edcias","description":"Seu portal de informa\u00e7\u00e3o sobre o mundo dos investimentos","publisher":{"@id":"https:\/\/www.suno.com.br\/noticias\/#organization"},"potentialAction":[{"@type":"SearchAction","target":{"@type":"EntryPoint","urlTemplate":"https:\/\/www.suno.com.br\/noticias\/?s={search_term_string}"},"query-input":{"@type":"PropertyValueSpecification","valueRequired":true,"valueName":"search_term_string"}}],"inLanguage":"pt-BR"},{"@type":"Organization","@id":"https:\/\/www.suno.com.br\/noticias\/#organization","name":"Suno Not\u00edcias","url":"https:\/\/www.suno.com.br\/noticias\/","logo":{"@type":"ImageObject","inLanguage":"pt-BR","@id":"https:\/\/www.suno.com.br\/noticias\/#\/schema\/logo\/image\/","url":"https:\/\/files.sunoresearch.com.br\/n\/uploads\/2021\/09\/suno-logo.png","contentUrl":"https:\/\/files.sunoresearch.com.br\/n\/uploads\/2021\/09\/suno-logo.png","width":180,"height":180,"caption":"Suno Not\u00edcias"},"image":{"@id":"https:\/\/www.suno.com.br\/noticias\/#\/schema\/logo\/image\/"},"sameAs":["https:\/\/facebook.com\/sunoresearch","https:\/\/x.com\/sunoresearch","https:\/\/www.instagram.com\/suno","https:\/\/www.linkedin.com\/company\/suno-research\/","https:\/\/www.youtube.com\/c\/sunoresearch"]},{"@type":"Person","@id":"https:\/\/www.suno.com.br\/noticias\/#\/schema\/person\/a5b06fa4e879d8e8e119c6ed3cd630d1","name":"Amanda Gushiken","image":{"@type":"ImageObject","inLanguage":"pt-BR","@id":"https:\/\/www.suno.com.br\/noticias\/#\/schema\/person\/image\/","url":"https:\/\/secure.gravatar.com\/avatar\/ecd84705e6b65e3685ae80d725501fbe?s=96&r=g","contentUrl":"https:\/\/secure.gravatar.com\/avatar\/ecd84705e6b65e3685ae80d725501fbe?s=96&r=g","caption":"Amanda Gushiken"},"description":"Amanda Sayuri Gushiken escreve sobre finan\u00e7as e neg\u00f3cios para o portal Suno Not\u00edcias. Antes, trabalhou selecionando not\u00edcias da imprensa para clientes do mercado financeiro. Tamb\u00e9m desenvolveu pesquisa acad\u00eamica pela Universidade Anhembi Morumbi na \u00e1rea de Teorias da Comunica\u00e7\u00e3o e \u00e9 fot\u00f3grafa nas horas vagas.","url":"https:\/\/www.suno.com.br\/noticias\/author\/amanda\/"}]}},"default_loop_html":"<div class=\"cardsPage__listCard__boxs\"><div class=\"cardsPage__listCard__boxs__img\"><a href=\"https:\/\/www.suno.com.br\/noticias\/acoes-brf-marfrig-jbs-ibovespa\/\"><img class=\"mask\" src=\"https:\/\/www.suno.com.br\/noticias\/wp-content\/themes\/suno\/resources\/images\/spotlight\/spotlight1img\/bg-mask.png\" alt=\"Image Mask\"\/><img src=\"https:\/\/files.sunoresearch.com.br\/n\/uploads\/2018\/12\/c9dcbdf9-brf-400x200.webp\" alt=\"A\u00e7\u00f5es da BRF e da Marfrig t\u00eam alta de 5% enquanto JBS cai no Ibovespa\"\/><\/a><span class=\"spotlightCategory\"><a href=\"https:\/\/www.suno.com.br\/noticias\/mercado\/\">Mercado<\/a><\/span><\/div><div class=\"cardsPage__listCard__boxs__content\"><a href=\"https:\/\/www.suno.com.br\/noticias\/acoes-brf-marfrig-jbs-ibovespa\/\"><h2 class=\"content__title\">A\u00e7\u00f5es da BRF e da Marfrig t\u00eam alta de 5% enquanto JBS cai no Ibovespa<\/h2><\/a><div class=\"newsContent__article__meta\"><div class=\"newsContent__article__meta__authorBox\"><a href=\"https:\/\/www.suno.com.br\/noticias\/author\/amanda\/\" class=\"authorBox__avatar noMobi\"><img src=\"https:\/\/files.sunoresearch.com.br\/n\/uploads\/2018\/11\/c6ad30be-amanda-150x150.webp\" alt=\"Amanda Gushiken\"><\/a><div class=\"authorBox__name\"><span>por\n\t\t\t<a href=\"https:\/\/www.suno.com.br\/noticias\/author\/amanda\/\"><span itemprop=\"author\">Amanda Gushiken<\/span><\/a><\/span><time datetime=\"2019-06-13T16:44:55-03:00\" itemprop=\"datePublished\">13\/06\/2019 16:44<\/time><\/div><\/div><\/div><\/div><\/div>","single_layout":"posts","amp_enabled":true,"_links":{"self":[{"href":"https:\/\/www.suno.com.br\/noticias\/wp-json\/wp\/v2\/posts\/28079"}],"collection":[{"href":"https:\/\/www.suno.com.br\/noticias\/wp-json\/wp\/v2\/posts"}],"about":[{"href":"https:\/\/www.suno.com.br\/noticias\/wp-json\/wp\/v2\/types\/post"}],"author":[{"embeddable":true,"href":"https:\/\/www.suno.com.br\/noticias\/wp-json\/wp\/v2\/users\/12"}],"replies":[{"embeddable":true,"href":"https:\/\/www.suno.com.br\/noticias\/wp-json\/wp\/v2\/comments?post=28079"}],"version-history":[{"count":0,"href":"https:\/\/www.suno.com.br\/noticias\/wp-json\/wp\/v2\/posts\/28079\/revisions"}],"wp:featuredmedia":[{"embeddable":true,"href":"https:\/\/www.suno.com.br\/noticias\/wp-json\/wp\/v2\/media\/9411"}],"wp:attachment":[{"href":"https:\/\/www.suno.com.br\/noticias\/wp-json\/wp\/v2\/media?parent=28079"}],"wp:term":[{"taxonomy":"category","embeddable":true,"href":"https:\/\/www.suno.com.br\/noticias\/wp-json\/wp\/v2\/categories?post=28079"},{"taxonomy":"post_tag","embeddable":true,"href":"https:\/\/www.suno.com.br\/noticias\/wp-json\/wp\/v2\/tags?post=28079"},{"taxonomy":"suno_strategy","embeddable":true,"href":"https:\/\/www.suno.com.br\/noticias\/wp-json\/wp\/v2\/suno_strategy?post=28079"}],"curies":[{"name":"wp","href":"https:\/\/api.w.org\/{rel}","templated":true}]}}