{"id":28074,"date":"2019-06-13T15:43:28","date_gmt":"2019-06-13T18:43:28","guid":{"rendered":"https:\/\/www.suno.com.br\/noticias\/?p=28074"},"modified":"2019-06-13T15:45:36","modified_gmt":"2019-06-13T18:45:36","slug":"inss-idade-minima","status":"publish","type":"post","link":"https:\/\/www.suno.com.br\/noticias\/inss-idade-minima\/","title":{"rendered":"INSS prev\u00ea escada de idades m\u00ednimas em nova transi\u00e7\u00e3o"},"content":{"rendered":"<p>O relat\u00f3rio da <strong>reforma da Previd\u00eancia\u00a0<\/strong>apresentou uma nova regra aos trabalhadores que contribuem com o INSS. A informa\u00e7\u00e3o foi divulgada na manh\u00e3 desta quinta-feira (13) pelo relator da proposta, deputado <strong>Samuel Moreira <\/strong>(PSDB-SP).<\/p>\t<div class=\"wrapper-featured-image\">\n\t\t<figure class=\"spotlightImg\">\n\n\t\t\t<picture>\n\t\t\t\t<source media=\"(max-width: 768px)\" srcset=\"https:\/\/files.sunoresearch.com.br\/n\/uploads\/2019\/06\/0520dba6-previdencia-social-400x200.webp\">\n\t\t\t\t<img loading=\"lazy\" decoding=\"async\" class=\"newsContent__article__imgCapa lazyloadDisabled newsContent__article__imgCapa--noCaption\" src=\"https:\/\/files.sunoresearch.com.br\/n\/uploads\/2019\/06\/0520dba6-previdencia-social-jpg.webp\" width=\"800\" height=\"450\" alt=\"INSS prev\u00ea escada de idades m\u00ednimas em nova transi\u00e7\u00e3o\" fetchpriority=high \/>\n\t\t\t<\/picture>\n\n\t\t\t<figcaption class=\"wp-caption-text wp-caption-text--hide\">Mulher recebe mais de R$ 50 mil do INSS por engano. Foto: divulga\u00e7\u00e3o<\/figcaption>\n\t\t<\/figure>\n\t<\/div>\n\n\n<p>A nova regra de transi\u00e7\u00e3o funciona como uma escada para a idade m\u00ednima ao longo do tempo. Para os contribuintes do <strong>INSS<\/strong>, a transi\u00e7\u00e3o come\u00e7a em 56 anos para as mulheres e 61 anos para os homens. A cada ano, a idade m\u00ednima subir\u00e1 seis meses.<\/p>\n<p>Em 12 anos de transi\u00e7\u00e3o, as idades m\u00ednimas ser\u00e3o de 62 anos para as mulheres e 65 anos para os homens.<\/p>\n\t<p>\n\t\t<a href=\"https:\/\/lp.suno.com.br\/cl\/webinario-suno-black-2024\/\" target=\"_blank\" data-element=\"shortcode-suno-banner\" title=\"Banner SUNO, clique e saiba mais\">\n\t\t\t<picture>\n\t\t\t\t<source media=\"(max-width: 500px)\" srcset=\"https:\/\/files.sunoresearch.com.br\/n\/uploads\/2024\/04\/400x300-Banner-Home-1.png\">\n\t\t\t\t<img class=\"newsContent__article__imgCapa newsContent__article__imgCapa--banner\"\n\t\t\t\t\tsrc=\"https:\/\/files.sunoresearch.com.br\/n\/uploads\/2024\/04\/400x300-Banner-Home-1.png\"\n\t\t\t\t\tdata-promo-id=\"102411\"\t\t\t\t\t\t\t\t\t\twidth='401' height='300'\t\t\t\t\talt=\"https:\/\/files.sunoresearch.com.br\/n\/uploads\/2024\/04\/400x300-Banner-Home-1.png\"\n\t\t\t\t>\n\t\t\t<\/picture>\n\t\t<\/a>\n\t<\/p>\n\n\n<p>A transi\u00e7\u00e3o prev\u00ea cinco anos a menos para os professores que contribuem com o <strong>INSS<\/strong>. Portanto, a idade m\u00ednima para os trabalhadores deste setor \u00e9 de\u00a0 51 a 57 anos para as mulheres e de 56 a 60 para os homens.<\/p>\n<h2>D\u00e9ficit na Previd\u00eancia Social<\/h2>\n<p>O relator da reforma da Previd\u00eancia, Samuel Moreira (PSDB-SP),\u00a0informou que a <strong>Previd\u00eancia Social<\/strong> no <strong>Brasil<\/strong> apresentou um d\u00e9ficit de R$ 290 bilh\u00f5es em 2018.\u00a0Isso apenas no \u00e2mbito da <strong>Uni\u00e3o.<\/strong><\/p>\n<p><a href=\"https:\/\/www.suno.com.br\/noticias\/reforma-previdencia-economia-9134\/\">Saiba mais: Reforma da previd\u00eancia ter\u00e1 economia de R$ 913,4 bi em dez anos<\/a><\/p>\n<p>Moreira indicou como causas desse resultado negativo o aumento da expectativa de vida e a deteriora\u00e7\u00e3o da rela\u00e7\u00e3o entre o n\u00famero de contribuintes e de benefici\u00e1rios de aposentadorias e pens\u00f5es.<\/p>\n\t<p>\n\t\t<a href=\"https:\/\/lp.suno.com.br\/ao\/sessao-estrategica-consultoria-c\/?utm_source=suno-noticias&#038;utm_medium=banner&#038;utm_campaing=dividendos-taxacao-pl\" target=\"_blank\" data-element=\"shortcode-suno-banner\" title=\"Banner SUNO, clique e saiba mais\">\n\t\t\t<picture>\n\t\t\t\t<source media=\"(max-width: 500px)\" srcset=\"https:\/\/files.sunoresearch.com.br\/n\/uploads\/2025\/09\/300x400.webp\">\n\t\t\t\t<img class=\"newsContent__article__imgCapa newsContent__article__imgCapa--banner\"\n\t\t\t\t\tsrc=\"https:\/\/files.sunoresearch.com.br\/n\/uploads\/2025\/09\/SN-DT-1420x240-1.webp\"\n\t\t\t\t\tdata-promo-id=\"628283\"\t\t\t\t\t\t\t\t\t\twidth='1420' height='240'\t\t\t\t\talt=\"https:\/\/files.sunoresearch.com.br\/n\/uploads\/2025\/09\/SN-DT-1420x240-1.webp\"\n\t\t\t\t>\n\t\t\t<\/picture>\n\t\t<\/a>\n\t<\/p>\n\n\n<h2>Plano financeiro dos brasileiros<\/h2>\n<p>Um levantamento realizado pelo<strong>\u00a0Servi\u00e7o de Prote\u00e7\u00e3o ao Cr\u00e9dito<\/strong> (SPC Brasil), em parceria com a<strong> Confedera\u00e7\u00e3o Nacional de Dirigentes Lojistas<\/strong> (CNDL) e <strong><a href=\"https:\/\/www.suno.com.br\/artigos\/bacen\/\">Banco Central<\/a><\/strong> (BC) aponta que<strong> 58,8%<\/strong> dos brasileiros n\u00e3o est\u00e3o se preparando com a <strong>aposentadoria<\/strong>. Apenas 41,2% da popula\u00e7\u00e3o possui <strong>plano financeiro<\/strong> para a terceira idade.<\/p>\n<p><a href=\"https:\/\/www.suno.com.br\/noticias\/aposentadoria-60-brasileiros-nao-possui-plano-financeiro\/\">Saiba mais: Aposentadoria: 60% dos brasileiros n\u00e3o possui plano financeiro<\/a><\/p>\n<p>Dentre os entrevistados que est\u00e3o se preparando para a <strong>aposentadoria<\/strong>,\u00a0 somente 19,8% investem em previd\u00eancia privada\u00a0e 13,5% investem em\u00a0ativos n\u00e3o financeiros (como um carro, casa\/apartamento, arte, j\u00f3ias etc).<\/p>\n<p>34,9% dos trabalhadores entrevistados usar\u00e3o o benef\u00edcio do <strong>INSS<\/strong> como fonte de renda.<\/p>\n","protected":false},"excerpt":{"rendered":"<p>O relat\u00f3rio da reforma da Previd\u00eancia\u00a0apresentou uma nova regra aos trabalhadores que contribuem com o INSS. A informa\u00e7\u00e3o foi divulgada na manh\u00e3 desta quinta-feira (13) pelo relator da proposta, deputado Samuel Moreira (PSDB-SP). Mulher recebe mais de R$ 50 mil do INSS por engano. Foto: divulga\u00e7\u00e3o A nova regra de transi\u00e7\u00e3o funciona como uma escada [&hellip;]<\/p>\n","protected":false},"author":18,"featured_media":28084,"comment_status":"closed","ping_status":"closed","sticky":false,"template":"","format":"standard","meta":[],"categories":[62],"tags":[997,940],"suno_strategy":[],"class_list":["post-28074","post","type-post","status-publish","format-standard","has-post-thumbnail","hentry","category-economia","tag-inss","tag-reforma-da-previdencia"],"yoast_head":"<!-- This site is optimized with the Yoast SEO plugin v24.4 - https:\/\/yoast.com\/wordpress\/plugins\/seo\/ -->\n<title>INSS prev\u00ea escada de idades m\u00ednimas em nova transi\u00e7\u00e3o<\/title>\n<meta name=\"description\" content=\"O relat\u00f3rio da reforma da Previd\u00eancia\u00a0apresentou uma nova regra aos trabalhadores que contribuem com o INSS. Clique para saber mais.\" \/>\n<meta name=\"robots\" content=\"index, follow, max-snippet:-1, max-image-preview:large, max-video-preview:-1\" \/>\n<link rel=\"canonical\" href=\"https:\/\/www.suno.com.br\/noticias\/inss-idade-minima\/\" \/>\n<meta property=\"og:locale\" content=\"pt_BR\" \/>\n<meta property=\"og:type\" content=\"article\" \/>\n<meta property=\"og:title\" content=\"INSS prev\u00ea escada de idades m\u00ednimas em nova transi\u00e7\u00e3o\" \/>\n<meta property=\"og:description\" content=\"O relat\u00f3rio da reforma da Previd\u00eancia\u00a0apresentou uma nova regra aos trabalhadores que contribuem com o INSS. Clique para saber mais.\" \/>\n<meta property=\"og:url\" content=\"https:\/\/www.suno.com.br\/noticias\/inss-idade-minima\/\" \/>\n<meta property=\"og:site_name\" content=\"Suno Not\u00edcias\" \/>\n<meta property=\"article:publisher\" content=\"https:\/\/facebook.com\/sunoresearch\" \/>\n<meta property=\"og:image\" content=\"https:\/\/files.sunoresearch.com.br\/n\/uploads\/2019\/06\/0520dba6-previdencia-social.jpg\" \/>\n\t<meta property=\"og:image:width\" content=\"660\" \/>\n\t<meta property=\"og:image:height\" content=\"371\" \/>\n\t<meta property=\"og:image:type\" content=\"image\/jpeg\" \/>\n<meta name=\"author\" content=\"Giovanna Oliveira\" \/>\n<meta name=\"twitter:card\" content=\"summary_large_image\" \/>\n<meta name=\"twitter:creator\" content=\"@sunoresearch\" \/>\n<meta name=\"twitter:site\" content=\"@sunoresearch\" \/>\n<meta name=\"twitter:label1\" content=\"Escrito por\" \/>\n\t<meta name=\"twitter:data1\" content=\"Giovanna Oliveira\" \/>\n\t<meta name=\"twitter:label2\" content=\"Est. tempo de leitura\" \/>\n\t<meta name=\"twitter:data2\" content=\"2 minutos\" \/>\n<script type=\"application\/ld+json\" class=\"yoast-schema-graph\">{\"@context\":\"https:\/\/schema.org\",\"@graph\":[{\"@type\":\"NewsArticle\",\"@id\":\"https:\/\/www.suno.com.br\/noticias\/inss-idade-minima\/#article\",\"isPartOf\":{\"@id\":\"https:\/\/www.suno.com.br\/noticias\/inss-idade-minima\/\"},\"author\":{\"name\":\"Giovanna Oliveira\",\"@id\":\"https:\/\/www.suno.com.br\/noticias\/#\/schema\/person\/4e19e3d2575736e5283d58eb3199d120\"},\"headline\":\"INSS prev\u00ea escada de idades m\u00ednimas em nova transi\u00e7\u00e3o\",\"datePublished\":\"2019-06-13T18:43:28+00:00\",\"dateModified\":\"2019-06-13T18:45:36+00:00\",\"mainEntityOfPage\":{\"@id\":\"https:\/\/www.suno.com.br\/noticias\/inss-idade-minima\/\"},\"wordCount\":364,\"publisher\":{\"@id\":\"https:\/\/www.suno.com.br\/noticias\/#organization\"},\"image\":{\"@id\":\"https:\/\/www.suno.com.br\/noticias\/inss-idade-minima\/#primaryimage\"},\"thumbnailUrl\":\"https:\/\/files.sunoresearch.com.br\/n\/uploads\/2019\/06\/0520dba6-previdencia-social-jpg.webp\",\"keywords\":[\"INSS\",\"Reforma da Previd\u00eancia\"],\"articleSection\":[\"Economia\"],\"inLanguage\":\"pt-BR\"},{\"@type\":\"WebPage\",\"@id\":\"https:\/\/www.suno.com.br\/noticias\/inss-idade-minima\/\",\"url\":\"https:\/\/www.suno.com.br\/noticias\/inss-idade-minima\/\",\"name\":\"INSS prev\u00ea escada de idades m\u00ednimas em nova transi\u00e7\u00e3o\",\"isPartOf\":{\"@id\":\"https:\/\/www.suno.com.br\/noticias\/#website\"},\"primaryImageOfPage\":{\"@id\":\"https:\/\/www.suno.com.br\/noticias\/inss-idade-minima\/#primaryimage\"},\"image\":{\"@id\":\"https:\/\/www.suno.com.br\/noticias\/inss-idade-minima\/#primaryimage\"},\"thumbnailUrl\":\"https:\/\/files.sunoresearch.com.br\/n\/uploads\/2019\/06\/0520dba6-previdencia-social-jpg.webp\",\"datePublished\":\"2019-06-13T18:43:28+00:00\",\"dateModified\":\"2019-06-13T18:45:36+00:00\",\"description\":\"O relat\u00f3rio da reforma da Previd\u00eancia\u00a0apresentou uma nova regra aos trabalhadores que contribuem com o INSS. Clique para saber mais.\",\"breadcrumb\":{\"@id\":\"https:\/\/www.suno.com.br\/noticias\/inss-idade-minima\/#breadcrumb\"},\"inLanguage\":\"pt-BR\",\"potentialAction\":[{\"@type\":\"ReadAction\",\"target\":[\"https:\/\/www.suno.com.br\/noticias\/inss-idade-minima\/\"]}]},{\"@type\":\"ImageObject\",\"inLanguage\":\"pt-BR\",\"@id\":\"https:\/\/www.suno.com.br\/noticias\/inss-idade-minima\/#primaryimage\",\"url\":\"https:\/\/files.sunoresearch.com.br\/n\/uploads\/2019\/06\/0520dba6-previdencia-social-jpg.webp\",\"contentUrl\":\"https:\/\/files.sunoresearch.com.br\/n\/uploads\/2019\/06\/0520dba6-previdencia-social-jpg.webp\",\"width\":660,\"height\":371,\"caption\":\"Mulher recebe mais de R$ 50 mil do INSS por engano. Foto: divulga\u00e7\u00e3o\"},{\"@type\":\"BreadcrumbList\",\"@id\":\"https:\/\/www.suno.com.br\/noticias\/inss-idade-minima\/#breadcrumb\",\"itemListElement\":[{\"@type\":\"ListItem\",\"position\":1,\"name\":\"Not\u00edcias\",\"item\":\"https:\/\/www.suno.com.br\/noticias\/\"},{\"@type\":\"ListItem\",\"position\":2,\"name\":\"Economia\",\"item\":\"https:\/\/www.suno.com.br\/noticias\/economia\/\"},{\"@type\":\"ListItem\",\"position\":3,\"name\":\"INSS prev\u00ea escada de idades m\u00ednimas em nova transi\u00e7\u00e3o\"}]},{\"@type\":\"WebSite\",\"@id\":\"https:\/\/www.suno.com.br\/noticias\/#website\",\"url\":\"https:\/\/www.suno.com.br\/noticias\/\",\"name\":\"Suno Not\u00edcias\",\"description\":\"Seu portal de informa\u00e7\u00e3o sobre o mundo dos investimentos\",\"publisher\":{\"@id\":\"https:\/\/www.suno.com.br\/noticias\/#organization\"},\"potentialAction\":[{\"@type\":\"SearchAction\",\"target\":{\"@type\":\"EntryPoint\",\"urlTemplate\":\"https:\/\/www.suno.com.br\/noticias\/?s={search_term_string}\"},\"query-input\":{\"@type\":\"PropertyValueSpecification\",\"valueRequired\":true,\"valueName\":\"search_term_string\"}}],\"inLanguage\":\"pt-BR\"},{\"@type\":\"Organization\",\"@id\":\"https:\/\/www.suno.com.br\/noticias\/#organization\",\"name\":\"Suno Not\u00edcias\",\"url\":\"https:\/\/www.suno.com.br\/noticias\/\",\"logo\":{\"@type\":\"ImageObject\",\"inLanguage\":\"pt-BR\",\"@id\":\"https:\/\/www.suno.com.br\/noticias\/#\/schema\/logo\/image\/\",\"url\":\"https:\/\/files.sunoresearch.com.br\/n\/uploads\/2021\/09\/suno-logo.png\",\"contentUrl\":\"https:\/\/files.sunoresearch.com.br\/n\/uploads\/2021\/09\/suno-logo.png\",\"width\":180,\"height\":180,\"caption\":\"Suno Not\u00edcias\"},\"image\":{\"@id\":\"https:\/\/www.suno.com.br\/noticias\/#\/schema\/logo\/image\/\"},\"sameAs\":[\"https:\/\/facebook.com\/sunoresearch\",\"https:\/\/x.com\/sunoresearch\",\"https:\/\/www.instagram.com\/suno\",\"https:\/\/www.linkedin.com\/company\/suno-research\/\",\"https:\/\/www.youtube.com\/c\/sunoresearch\"]},{\"@type\":\"Person\",\"@id\":\"https:\/\/www.suno.com.br\/noticias\/#\/schema\/person\/4e19e3d2575736e5283d58eb3199d120\",\"name\":\"Giovanna Oliveira\",\"image\":{\"@type\":\"ImageObject\",\"inLanguage\":\"pt-BR\",\"@id\":\"https:\/\/www.suno.com.br\/noticias\/#\/schema\/person\/image\/\",\"url\":\"https:\/\/secure.gravatar.com\/avatar\/9a37b3ae208962ac568992d0ffdbc2eb?s=96&r=g\",\"contentUrl\":\"https:\/\/secure.gravatar.com\/avatar\/9a37b3ae208962ac568992d0ffdbc2eb?s=96&r=g\",\"caption\":\"Giovanna Oliveira\"},\"description\":\"Giovanna Oliveira escreve sobre economia e pol\u00edtica. Foi rep\u00f3rter do portal de jornalismo da ESPM-SP e produziu conte\u00fado para a Corinthians TV. \u00c9 estudante da ESPM.\",\"url\":\"https:\/\/www.suno.com.br\/noticias\/author\/giovanna\/\"}]}<\/script>\n<!-- \/ Yoast SEO plugin. -->","yoast_head_json":{"title":"INSS prev\u00ea escada de idades m\u00ednimas em nova transi\u00e7\u00e3o","description":"O relat\u00f3rio da reforma da Previd\u00eancia\u00a0apresentou uma nova regra aos trabalhadores que contribuem com o INSS. Clique para saber mais.","robots":{"index":"index","follow":"follow","max-snippet":"max-snippet:-1","max-image-preview":"max-image-preview:large","max-video-preview":"max-video-preview:-1"},"canonical":"https:\/\/www.suno.com.br\/noticias\/inss-idade-minima\/","og_locale":"pt_BR","og_type":"article","og_title":"INSS prev\u00ea escada de idades m\u00ednimas em nova transi\u00e7\u00e3o","og_description":"O relat\u00f3rio da reforma da Previd\u00eancia\u00a0apresentou uma nova regra aos trabalhadores que contribuem com o INSS. Clique para saber mais.","og_url":"https:\/\/www.suno.com.br\/noticias\/inss-idade-minima\/","og_site_name":"Suno Not\u00edcias","article_publisher":"https:\/\/facebook.com\/sunoresearch","og_image":[{"width":660,"height":371,"url":"https:\/\/files.sunoresearch.com.br\/n\/uploads\/2019\/06\/0520dba6-previdencia-social.jpg","type":"image\/jpeg"}],"author":"Giovanna Oliveira","twitter_card":"summary_large_image","twitter_creator":"@sunoresearch","twitter_site":"@sunoresearch","twitter_misc":{"Escrito por":"Giovanna Oliveira","Est. tempo de leitura":"2 minutos"},"schema":{"@context":"https:\/\/schema.org","@graph":[{"@type":"NewsArticle","@id":"https:\/\/www.suno.com.br\/noticias\/inss-idade-minima\/#article","isPartOf":{"@id":"https:\/\/www.suno.com.br\/noticias\/inss-idade-minima\/"},"author":{"name":"Giovanna Oliveira","@id":"https:\/\/www.suno.com.br\/noticias\/#\/schema\/person\/4e19e3d2575736e5283d58eb3199d120"},"headline":"INSS prev\u00ea escada de idades m\u00ednimas em nova transi\u00e7\u00e3o","datePublished":"2019-06-13T18:43:28+00:00","dateModified":"2019-06-13T18:45:36+00:00","mainEntityOfPage":{"@id":"https:\/\/www.suno.com.br\/noticias\/inss-idade-minima\/"},"wordCount":364,"publisher":{"@id":"https:\/\/www.suno.com.br\/noticias\/#organization"},"image":{"@id":"https:\/\/www.suno.com.br\/noticias\/inss-idade-minima\/#primaryimage"},"thumbnailUrl":"https:\/\/files.sunoresearch.com.br\/n\/uploads\/2019\/06\/0520dba6-previdencia-social-jpg.webp","keywords":["INSS","Reforma da Previd\u00eancia"],"articleSection":["Economia"],"inLanguage":"pt-BR"},{"@type":"WebPage","@id":"https:\/\/www.suno.com.br\/noticias\/inss-idade-minima\/","url":"https:\/\/www.suno.com.br\/noticias\/inss-idade-minima\/","name":"INSS prev\u00ea escada de idades m\u00ednimas em nova transi\u00e7\u00e3o","isPartOf":{"@id":"https:\/\/www.suno.com.br\/noticias\/#website"},"primaryImageOfPage":{"@id":"https:\/\/www.suno.com.br\/noticias\/inss-idade-minima\/#primaryimage"},"image":{"@id":"https:\/\/www.suno.com.br\/noticias\/inss-idade-minima\/#primaryimage"},"thumbnailUrl":"https:\/\/files.sunoresearch.com.br\/n\/uploads\/2019\/06\/0520dba6-previdencia-social-jpg.webp","datePublished":"2019-06-13T18:43:28+00:00","dateModified":"2019-06-13T18:45:36+00:00","description":"O relat\u00f3rio da reforma da Previd\u00eancia\u00a0apresentou uma nova regra aos trabalhadores que contribuem com o INSS. Clique para saber mais.","breadcrumb":{"@id":"https:\/\/www.suno.com.br\/noticias\/inss-idade-minima\/#breadcrumb"},"inLanguage":"pt-BR","potentialAction":[{"@type":"ReadAction","target":["https:\/\/www.suno.com.br\/noticias\/inss-idade-minima\/"]}]},{"@type":"ImageObject","inLanguage":"pt-BR","@id":"https:\/\/www.suno.com.br\/noticias\/inss-idade-minima\/#primaryimage","url":"https:\/\/files.sunoresearch.com.br\/n\/uploads\/2019\/06\/0520dba6-previdencia-social-jpg.webp","contentUrl":"https:\/\/files.sunoresearch.com.br\/n\/uploads\/2019\/06\/0520dba6-previdencia-social-jpg.webp","width":660,"height":371,"caption":"Mulher recebe mais de R$ 50 mil do INSS por engano. Foto: divulga\u00e7\u00e3o"},{"@type":"BreadcrumbList","@id":"https:\/\/www.suno.com.br\/noticias\/inss-idade-minima\/#breadcrumb","itemListElement":[{"@type":"ListItem","position":1,"name":"Not\u00edcias","item":"https:\/\/www.suno.com.br\/noticias\/"},{"@type":"ListItem","position":2,"name":"Economia","item":"https:\/\/www.suno.com.br\/noticias\/economia\/"},{"@type":"ListItem","position":3,"name":"INSS prev\u00ea escada de idades m\u00ednimas em nova transi\u00e7\u00e3o"}]},{"@type":"WebSite","@id":"https:\/\/www.suno.com.br\/noticias\/#website","url":"https:\/\/www.suno.com.br\/noticias\/","name":"Suno Not\u00edcias","description":"Seu portal de informa\u00e7\u00e3o sobre o mundo dos investimentos","publisher":{"@id":"https:\/\/www.suno.com.br\/noticias\/#organization"},"potentialAction":[{"@type":"SearchAction","target":{"@type":"EntryPoint","urlTemplate":"https:\/\/www.suno.com.br\/noticias\/?s={search_term_string}"},"query-input":{"@type":"PropertyValueSpecification","valueRequired":true,"valueName":"search_term_string"}}],"inLanguage":"pt-BR"},{"@type":"Organization","@id":"https:\/\/www.suno.com.br\/noticias\/#organization","name":"Suno Not\u00edcias","url":"https:\/\/www.suno.com.br\/noticias\/","logo":{"@type":"ImageObject","inLanguage":"pt-BR","@id":"https:\/\/www.suno.com.br\/noticias\/#\/schema\/logo\/image\/","url":"https:\/\/files.sunoresearch.com.br\/n\/uploads\/2021\/09\/suno-logo.png","contentUrl":"https:\/\/files.sunoresearch.com.br\/n\/uploads\/2021\/09\/suno-logo.png","width":180,"height":180,"caption":"Suno Not\u00edcias"},"image":{"@id":"https:\/\/www.suno.com.br\/noticias\/#\/schema\/logo\/image\/"},"sameAs":["https:\/\/facebook.com\/sunoresearch","https:\/\/x.com\/sunoresearch","https:\/\/www.instagram.com\/suno","https:\/\/www.linkedin.com\/company\/suno-research\/","https:\/\/www.youtube.com\/c\/sunoresearch"]},{"@type":"Person","@id":"https:\/\/www.suno.com.br\/noticias\/#\/schema\/person\/4e19e3d2575736e5283d58eb3199d120","name":"Giovanna Oliveira","image":{"@type":"ImageObject","inLanguage":"pt-BR","@id":"https:\/\/www.suno.com.br\/noticias\/#\/schema\/person\/image\/","url":"https:\/\/secure.gravatar.com\/avatar\/9a37b3ae208962ac568992d0ffdbc2eb?s=96&r=g","contentUrl":"https:\/\/secure.gravatar.com\/avatar\/9a37b3ae208962ac568992d0ffdbc2eb?s=96&r=g","caption":"Giovanna Oliveira"},"description":"Giovanna Oliveira escreve sobre economia e pol\u00edtica. Foi rep\u00f3rter do portal de jornalismo da ESPM-SP e produziu conte\u00fado para a Corinthians TV. \u00c9 estudante da ESPM.","url":"https:\/\/www.suno.com.br\/noticias\/author\/giovanna\/"}]}},"default_loop_html":"<div class=\"cardsPage__listCard__boxs\"><div class=\"cardsPage__listCard__boxs__img\"><a href=\"https:\/\/www.suno.com.br\/noticias\/inss-idade-minima\/\"><img class=\"mask\" src=\"https:\/\/www.suno.com.br\/noticias\/wp-content\/themes\/suno\/resources\/images\/spotlight\/spotlight1img\/bg-mask.png\" alt=\"Image Mask\"\/><img src=\"https:\/\/files.sunoresearch.com.br\/n\/uploads\/2019\/06\/0520dba6-previdencia-social-400x200.webp\" alt=\"INSS prev\u00ea escada de idades m\u00ednimas em nova transi\u00e7\u00e3o\"\/><\/a><span class=\"spotlightCategory\"><a href=\"https:\/\/www.suno.com.br\/noticias\/economia\/\">Economia<\/a><\/span><\/div><div class=\"cardsPage__listCard__boxs__content\"><a href=\"https:\/\/www.suno.com.br\/noticias\/inss-idade-minima\/\"><h2 class=\"content__title\">INSS prev\u00ea escada de idades m\u00ednimas em nova transi\u00e7\u00e3o<\/h2><\/a><div class=\"newsContent__article__meta\"><div class=\"newsContent__article__meta__authorBox\"><a href=\"https:\/\/www.suno.com.br\/noticias\/author\/giovanna\/\" class=\"authorBox__avatar noMobi\"><img src=\"https:\/\/files.sunoresearch.com.br\/n\/uploads\/2019\/06\/952a89ca-screenshot_20190608-171507-150x150.webp\" alt=\"Giovanna Oliveira\"><\/a><div class=\"authorBox__name\"><span>por\n\t\t\t<a href=\"https:\/\/www.suno.com.br\/noticias\/author\/giovanna\/\"><span itemprop=\"author\">Giovanna Oliveira<\/span><\/a><\/span><time datetime=\"2019-06-13T15:43:28-03:00\" itemprop=\"datePublished\">13\/06\/2019 15:43<\/time><\/div><\/div><\/div><\/div><\/div>","single_layout":"posts","amp_enabled":true,"_links":{"self":[{"href":"https:\/\/www.suno.com.br\/noticias\/wp-json\/wp\/v2\/posts\/28074"}],"collection":[{"href":"https:\/\/www.suno.com.br\/noticias\/wp-json\/wp\/v2\/posts"}],"about":[{"href":"https:\/\/www.suno.com.br\/noticias\/wp-json\/wp\/v2\/types\/post"}],"author":[{"embeddable":true,"href":"https:\/\/www.suno.com.br\/noticias\/wp-json\/wp\/v2\/users\/18"}],"replies":[{"embeddable":true,"href":"https:\/\/www.suno.com.br\/noticias\/wp-json\/wp\/v2\/comments?post=28074"}],"version-history":[{"count":0,"href":"https:\/\/www.suno.com.br\/noticias\/wp-json\/wp\/v2\/posts\/28074\/revisions"}],"wp:featuredmedia":[{"embeddable":true,"href":"https:\/\/www.suno.com.br\/noticias\/wp-json\/wp\/v2\/media\/28084"}],"wp:attachment":[{"href":"https:\/\/www.suno.com.br\/noticias\/wp-json\/wp\/v2\/media?parent=28074"}],"wp:term":[{"taxonomy":"category","embeddable":true,"href":"https:\/\/www.suno.com.br\/noticias\/wp-json\/wp\/v2\/categories?post=28074"},{"taxonomy":"post_tag","embeddable":true,"href":"https:\/\/www.suno.com.br\/noticias\/wp-json\/wp\/v2\/tags?post=28074"},{"taxonomy":"suno_strategy","embeddable":true,"href":"https:\/\/www.suno.com.br\/noticias\/wp-json\/wp\/v2\/suno_strategy?post=28074"}],"curies":[{"name":"wp","href":"https:\/\/api.w.org\/{rel}","templated":true}]}}