{"id":28066,"date":"2019-06-13T13:39:24","date_gmt":"2019-06-13T16:39:24","guid":{"rendered":"https:\/\/www.suno.com.br\/noticias\/?p=28066"},"modified":"2019-06-13T13:39:24","modified_gmt":"2019-06-13T16:39:24","slug":"reforma-previdencia-economia-9134","status":"publish","type":"post","link":"https:\/\/www.suno.com.br\/noticias\/reforma-previdencia-economia-9134\/","title":{"rendered":"Reforma da previd\u00eancia ter\u00e1 economia de R$ 913,4 bi em dez anos"},"content":{"rendered":"<p>A reforma da Previd\u00eancia ter\u00e1 uma economia de\u00a0R$ 913,4 bilh\u00f5es em dez anos. A informa\u00e7\u00e3o foi divulgada nesta quinta-feira (13) pelo relator da proposta,\u00a0<strong>Samuel Moreira<\/strong> (PSDB-SP). O pol\u00edtico apresentou a proposta de reforma na comiss\u00e3o especial da C\u00e2mara dos Deputados.<\/p>\t<div class=\"wrapper-featured-image\">\n\t\t<figure class=\"spotlightImg\">\n\n\t\t\t<picture>\n\t\t\t\t<source media=\"(max-width: 768px)\" srcset=\"https:\/\/files.sunoresearch.com.br\/n\/uploads\/2018\/12\/27d0f078-previd\u00eancia-social-400x200.webp\">\n\t\t\t\t<img loading=\"lazy\" decoding=\"async\" class=\"newsContent__article__imgCapa lazyloadDisabled newsContent__article__imgCapa--noCaption\" src=\"https:\/\/files.sunoresearch.com.br\/n\/uploads\/2018\/12\/27d0f078-previd\u00eancia-social-800x450.webp\" width=\"800\" height=\"450\" alt=\"Reforma da previd\u00eancia ter\u00e1 economia de R$ 913,4 bi em dez anos\" fetchpriority=high \/>\n\t\t\t<\/picture>\n\n\t\t\t<figcaption class=\"wp-caption-text wp-caption-text--hide\">Reforma da previd\u00eancia ter\u00e1 economia de R$ 913,4 bi em dez anos<\/figcaption>\n\t\t<\/figure>\n\t<\/div>\n\n\n<p>A vers\u00e3o original da <strong>reforma da Previd\u00eancia,<\/strong> enviada ao <strong>Congresso<\/strong> pelo governo do presidente <strong>Jair Bolsonaro<\/strong> em fevereiro, previa uma economia de R$ 1,2 trilh\u00e3o em dez anos.<\/p>\n<p><a href=\"https:\/\/www.suno.com.br\/noticias\/reforma-previdencia-bpc-estados-municipios\/\">Saiba mais &#8211;\u00a0Reforma da Previd\u00eancia: sem BPC, capitaliza\u00e7\u00e3o, estados e munic\u00edpios<\/a><\/p>\n<p>Segundo o relator,\u00a0ser\u00e1 realizada\u00a0uma receita extra de R$ 217 bilh\u00f5es em dez anos gra\u00e7as ao fim da transfer\u00eancia de recursos do Fundo de Amparo ao Trabalhador (FAT) para o<strong> <a href=\"https:\/\/www.suno.com.br\/artigos\/bndespar\/\">Banco Nacional de Desenvolvimento Econ\u00f4mico e Social (BNDES)<\/a>.<\/strong><\/p>\n\t<p>\n\t\t<a href=\"https:\/\/lp.suno.com.br\/planilha-controle-gastos\/\" target=\"_blank\" data-element=\"shortcode-suno-banner\" title=\"Banner SUNO, clique e saiba mais\">\n\t\t\t<picture>\n\t\t\t\t<source media=\"(max-width: 500px)\" srcset=\"https:\/\/files.sunoresearch.com.br\/n\/uploads\/2023\/03\/400x300-Planilha-controle-de-gastos.png\">\n\t\t\t\t<img class=\"newsContent__article__imgCapa newsContent__article__imgCapa--banner\"\n\t\t\t\t\tsrc=\"https:\/\/files.sunoresearch.com.br\/n\/uploads\/2023\/03\/1420x240-Planilha-controle-de-gastos.png\"\n\t\t\t\t\tdata-promo-id=\"102417\"\t\t\t\t\t\t\t\t\t\twidth='1420' height='240'\t\t\t\t\talt=\"https:\/\/files.sunoresearch.com.br\/n\/uploads\/2023\/03\/1420x240-Planilha-controle-de-gastos.png\"\n\t\t\t\t>\n\t\t\t<\/picture>\n\t\t<\/a>\n\t<\/p>\n\n\n<p>O FAT \u00e9 um fundo destinado ao custeio do programa do seguro-desemprego, do abono salarial e ao financiamento de programas de desenvolvimento econ\u00f4mico.<\/p>\n<p>Gra\u00e7as a essa economia adicional, segundo Moreira, a <strong>Proposta de Emenda Constitucional (PEC)<\/strong> poder\u00e1 alcan\u00e7ar R$ 1,13 trilh\u00e3o.<\/p>\n<h2>Rombo de R$ 290 bilh\u00f5es<\/h2>\n<p>O relator da reforma informou que a <strong>Previd\u00eancia Social<\/strong> no <strong>Brasil<\/strong> apresentou um d\u00e9ficit de R$ 290 bilh\u00f5es em 2018. Isso apenas no \u00e2mbito da <strong>Uni\u00e3o.<\/strong>\u00a0Moreira indicou como causas desse resultado negativo o aumento da expectativa de vida e a deteriora\u00e7\u00e3o da rela\u00e7\u00e3o entre o n\u00famero de contribuintes e de benefici\u00e1rios de aposentadorias e pens\u00f5es. Um quadro que foi agravado pela crise econ\u00f4mica vivida pelo Brasil.<\/p>\n<p><a href=\"https:\/\/www.suno.com.br\/noticias\/maia-previdencia-reincluir-estados-municipios\/\">Saiba mais: Maia diz que pode reincluir estados e munic\u00edpios na Previd\u00eancia\u00a0<\/a><\/p>\n<p>\u201cA <strong>Previd\u00eancia<\/strong> tornou-se o principal fator de desajuste das contas p\u00fablicas do pa\u00eds. Por isso, reform\u00e1-la \u00e9 um passo fundamental para fazer o Estado brasileiro voltar a caber em si. Antigamente fal\u00e1vamos no drag\u00e3o da <strong>infla\u00e7\u00e3o.<\/strong> Hoje o gasto p\u00fablico tamb\u00e9m \u00e9 um drag\u00e3o descontrolado, amea\u00e7ando o nosso futuro\u201d, informou <strong>Moreira<\/strong> em seu texto.<\/p>\n\t<p>\n\t\t<a href=\"https:\/\/lp.suno.com.br\/suno-one\/?utm_campaign=_SNC6964518A_\" target=\"_blank\" data-element=\"shortcode-suno-banner\" title=\"Banner SUNO, clique e saiba mais\">\n\t\t\t<picture>\n\t\t\t\t<source media=\"(max-width: 500px)\" srcset=\"https:\/\/files.sunoresearch.com.br\/n\/uploads\/2025\/09\/400x300-Suno-One-png.webp\">\n\t\t\t\t<img class=\"newsContent__article__imgCapa newsContent__article__imgCapa--banner\"\n\t\t\t\t\tsrc=\"https:\/\/files.sunoresearch.com.br\/n\/uploads\/2025\/09\/1420x240-Suno-One-png.webp\"\n\t\t\t\t\tdata-promo-id=\"383121\"\t\t\t\t\t\t\t\t\t\twidth='1420' height='240'\t\t\t\t\talt=\"https:\/\/files.sunoresearch.com.br\/n\/uploads\/2025\/09\/1420x240-Suno-One-png.webp\"\n\t\t\t\t>\n\t\t\t<\/picture>\n\t\t<\/a>\n\t<\/p>\n\n\n<p>Entre as principais mudan\u00e7as, o texto da reforma prev\u00ea a cria\u00e7\u00e3o de uma idade m\u00ednima\u00a0de 65 anos para homens e 62 para mulheres para se aposentar. Entretanto, as regras valer\u00e3o para quem ainda n\u00e3o come\u00e7ou a trabalhar. Quem j\u00e1 est\u00e1 trabalhando e contribuindo para o <strong>INSS<\/strong> ou \u00e9 funcion\u00e1rio p\u00fablico poder\u00e1 utilizar regras de transi\u00e7\u00e3o. Exce\u00e7\u00f5es tamb\u00e9m valer\u00e3o para professores e outras categorias especiais.<\/p>\n<p>Ao final da apresenta\u00e7\u00e3o do relat\u00f3rio, ser\u00e1 concedida a chamada &#8220;vista coletiva&#8221;. Os integrantes da comiss\u00e3o ter\u00e3o duas sess\u00f5es para analisar o conte\u00fado do parecer.<\/p>\n\t<p>\n\t\t<a href=\"https:\/\/www.suno.com.br\/asset\/fundos\/suno-acoes-xp-seg-prev\/\" target=\"_blank\" data-element=\"shortcode-suno-banner\" title=\"Banner SUNO, clique e saiba mais\">\n\t\t\t<picture>\n\t\t\t\t<source media=\"(max-width: 500px)\" srcset=\"https:\/\/files.sunoresearch.com.br\/n\/uploads\/2023\/10\/SUNOPREV-v2-400x300-Mobile-Artigos-3.png\">\n\t\t\t\t<img class=\"newsContent__article__imgCapa newsContent__article__imgCapa--banner\"\n\t\t\t\t\tsrc=\"https:\/\/files.sunoresearch.com.br\/n\/uploads\/2023\/10\/SUNOPREV-v2-1420x240-Banner-Artigos-1-_-Banner-Materias-1.png\"\n\t\t\t\t\tdata-promo-id=\"476311\"\t\t\t\t\t\t\t\t\t\twidth='1420' height='240'\t\t\t\t\talt=\"https:\/\/files.sunoresearch.com.br\/n\/uploads\/2023\/10\/SUNOPREV-v2-1420x240-Banner-Artigos-1-_-Banner-Materias-1.png\"\n\t\t\t\t>\n\t\t\t<\/picture>\n\t\t<\/a>\n\t<\/p>\n\n\n<p>A <strong>reforma da Previd\u00eancia<\/strong> \u00e9 uma proposta de mudan\u00e7a na <strong>Constitui\u00e7\u00e3o.<\/strong> Por isso, para ser aprovada no plen\u00e1rio principal da <strong>C\u00e2mara,<\/strong> a reforma precisar\u00e1 de, pelo menos, 308 votos dos 513 deputados, em dois turnos de vota\u00e7\u00e3o. Em seguida, a <strong>PEC<\/strong> ter\u00e1 que ser aprovada em outras duas vota\u00e7\u00f5es no <strong>Senado.<\/strong> E, somente ent\u00e3o, poder\u00e1 ser promulgada pelo presidente da <strong>Rep\u00fablica.<\/strong><\/p>\n","protected":false},"excerpt":{"rendered":"<p>A reforma da Previd\u00eancia ter\u00e1 uma economia de\u00a0R$ 913,4 bilh\u00f5es em dez anos. A informa\u00e7\u00e3o foi divulgada nesta quinta-feira (13) pelo relator da proposta,\u00a0Samuel Moreira (PSDB-SP). O pol\u00edtico apresentou a proposta de reforma na comiss\u00e3o especial da C\u00e2mara dos Deputados. Reforma da previd\u00eancia ter\u00e1 economia de R$ 913,4 bi em dez anos A vers\u00e3o original [&hellip;]<\/p>\n","protected":false},"author":9,"featured_media":9833,"comment_status":"closed","ping_status":"closed","sticky":false,"template":"","format":"standard","meta":[],"categories":[61],"tags":[901,940],"suno_strategy":[],"class_list":["post-28066","post","type-post","status-publish","format-standard","has-post-thumbnail","hentry","category-politica","tag-congresso-nacional","tag-reforma-da-previdencia"],"yoast_head":"<!-- This site is optimized with the Yoast SEO plugin v24.4 - https:\/\/yoast.com\/wordpress\/plugins\/seo\/ -->\n<title>Reforma da previd\u00eancia ter\u00e1 economia de R$ 915 bi em dez anos<\/title>\n<meta name=\"description\" content=\"O relator da reforma da Previd\u00eancia informou que ser\u00e1 realizada uma economia de\u00a0R$ 913,4 bilh\u00f5es em dez anos. Clique aqui para saber mais.\" \/>\n<meta name=\"robots\" content=\"index, follow, max-snippet:-1, max-image-preview:large, max-video-preview:-1\" \/>\n<link rel=\"canonical\" href=\"https:\/\/www.suno.com.br\/noticias\/reforma-previdencia-economia-9134\/\" \/>\n<meta property=\"og:locale\" content=\"pt_BR\" \/>\n<meta property=\"og:type\" content=\"article\" \/>\n<meta property=\"og:title\" content=\"Reforma da previd\u00eancia ter\u00e1 economia de R$ 915 bi em dez anos\" \/>\n<meta property=\"og:description\" content=\"O relator da reforma da Previd\u00eancia informou que ser\u00e1 realizada uma economia de\u00a0R$ 913,4 bilh\u00f5es em dez anos. Clique aqui para saber mais.\" \/>\n<meta property=\"og:url\" content=\"https:\/\/www.suno.com.br\/noticias\/reforma-previdencia-economia-9134\/\" \/>\n<meta property=\"og:site_name\" content=\"Suno Not\u00edcias\" \/>\n<meta property=\"article:publisher\" content=\"https:\/\/facebook.com\/sunoresearch\" \/>\n<meta property=\"og:image\" content=\"https:\/\/files.sunoresearch.com.br\/n\/uploads\/2018\/12\/27d0f078-previd\u00eancia-social.jpg\" \/>\n\t<meta property=\"og:image:width\" content=\"1280\" \/>\n\t<meta property=\"og:image:height\" content=\"720\" \/>\n\t<meta property=\"og:image:type\" content=\"image\/jpeg\" \/>\n<meta name=\"author\" content=\"Carlo Cauti\" \/>\n<meta name=\"twitter:card\" content=\"summary_large_image\" \/>\n<meta name=\"twitter:creator\" content=\"@sunoresearch\" \/>\n<meta name=\"twitter:site\" content=\"@sunoresearch\" \/>\n<meta name=\"twitter:label1\" content=\"Escrito por\" \/>\n\t<meta name=\"twitter:data1\" content=\"Carlo Cauti\" \/>\n\t<meta name=\"twitter:label2\" content=\"Est. tempo de leitura\" \/>\n\t<meta name=\"twitter:data2\" content=\"3 minutos\" \/>\n<script type=\"application\/ld+json\" class=\"yoast-schema-graph\">{\"@context\":\"https:\/\/schema.org\",\"@graph\":[{\"@type\":\"NewsArticle\",\"@id\":\"https:\/\/www.suno.com.br\/noticias\/reforma-previdencia-economia-9134\/#article\",\"isPartOf\":{\"@id\":\"https:\/\/www.suno.com.br\/noticias\/reforma-previdencia-economia-9134\/\"},\"author\":{\"name\":\"Carlo Cauti\",\"@id\":\"https:\/\/www.suno.com.br\/noticias\/#\/schema\/person\/e6e0f723cc177805027f4566c1d5e0c8\"},\"headline\":\"Reforma da previd\u00eancia ter\u00e1 economia de R$ 913,4 bi em dez anos\",\"datePublished\":\"2019-06-13T16:39:24+00:00\",\"mainEntityOfPage\":{\"@id\":\"https:\/\/www.suno.com.br\/noticias\/reforma-previdencia-economia-9134\/\"},\"wordCount\":526,\"publisher\":{\"@id\":\"https:\/\/www.suno.com.br\/noticias\/#organization\"},\"image\":{\"@id\":\"https:\/\/www.suno.com.br\/noticias\/reforma-previdencia-economia-9134\/#primaryimage\"},\"thumbnailUrl\":\"https:\/\/files.sunoresearch.com.br\/n\/uploads\/2018\/12\/27d0f078-previd\u00eancia-social-jpg.webp\",\"keywords\":[\"Congresso Nacional\",\"Reforma da Previd\u00eancia\"],\"articleSection\":[\"Pol\u00edtica\"],\"inLanguage\":\"pt-BR\"},{\"@type\":\"WebPage\",\"@id\":\"https:\/\/www.suno.com.br\/noticias\/reforma-previdencia-economia-9134\/\",\"url\":\"https:\/\/www.suno.com.br\/noticias\/reforma-previdencia-economia-9134\/\",\"name\":\"Reforma da previd\u00eancia ter\u00e1 economia de R$ 915 bi em dez anos\",\"isPartOf\":{\"@id\":\"https:\/\/www.suno.com.br\/noticias\/#website\"},\"primaryImageOfPage\":{\"@id\":\"https:\/\/www.suno.com.br\/noticias\/reforma-previdencia-economia-9134\/#primaryimage\"},\"image\":{\"@id\":\"https:\/\/www.suno.com.br\/noticias\/reforma-previdencia-economia-9134\/#primaryimage\"},\"thumbnailUrl\":\"https:\/\/files.sunoresearch.com.br\/n\/uploads\/2018\/12\/27d0f078-previd\u00eancia-social-jpg.webp\",\"datePublished\":\"2019-06-13T16:39:24+00:00\",\"description\":\"O relator da reforma da Previd\u00eancia informou que ser\u00e1 realizada uma economia de\u00a0R$ 913,4 bilh\u00f5es em dez anos. Clique aqui para saber mais.\",\"breadcrumb\":{\"@id\":\"https:\/\/www.suno.com.br\/noticias\/reforma-previdencia-economia-9134\/#breadcrumb\"},\"inLanguage\":\"pt-BR\",\"potentialAction\":[{\"@type\":\"ReadAction\",\"target\":[\"https:\/\/www.suno.com.br\/noticias\/reforma-previdencia-economia-9134\/\"]}]},{\"@type\":\"ImageObject\",\"inLanguage\":\"pt-BR\",\"@id\":\"https:\/\/www.suno.com.br\/noticias\/reforma-previdencia-economia-9134\/#primaryimage\",\"url\":\"https:\/\/files.sunoresearch.com.br\/n\/uploads\/2018\/12\/27d0f078-previd\u00eancia-social-jpg.webp\",\"contentUrl\":\"https:\/\/files.sunoresearch.com.br\/n\/uploads\/2018\/12\/27d0f078-previd\u00eancia-social-jpg.webp\",\"width\":1280,\"height\":720,\"caption\":\"Reforma da previd\u00eancia ter\u00e1 economia de R$ 913,4 bi em dez anos\"},{\"@type\":\"BreadcrumbList\",\"@id\":\"https:\/\/www.suno.com.br\/noticias\/reforma-previdencia-economia-9134\/#breadcrumb\",\"itemListElement\":[{\"@type\":\"ListItem\",\"position\":1,\"name\":\"Not\u00edcias\",\"item\":\"https:\/\/www.suno.com.br\/noticias\/\"},{\"@type\":\"ListItem\",\"position\":2,\"name\":\"Pol\u00edtica\",\"item\":\"https:\/\/www.suno.com.br\/noticias\/politica\/\"},{\"@type\":\"ListItem\",\"position\":3,\"name\":\"Reforma da previd\u00eancia ter\u00e1 economia de R$ 913,4 bi em dez anos\"}]},{\"@type\":\"WebSite\",\"@id\":\"https:\/\/www.suno.com.br\/noticias\/#website\",\"url\":\"https:\/\/www.suno.com.br\/noticias\/\",\"name\":\"Suno Not\u00edcias\",\"description\":\"Seu portal de informa\u00e7\u00e3o sobre o mundo dos investimentos\",\"publisher\":{\"@id\":\"https:\/\/www.suno.com.br\/noticias\/#organization\"},\"potentialAction\":[{\"@type\":\"SearchAction\",\"target\":{\"@type\":\"EntryPoint\",\"urlTemplate\":\"https:\/\/www.suno.com.br\/noticias\/?s={search_term_string}\"},\"query-input\":{\"@type\":\"PropertyValueSpecification\",\"valueRequired\":true,\"valueName\":\"search_term_string\"}}],\"inLanguage\":\"pt-BR\"},{\"@type\":\"Organization\",\"@id\":\"https:\/\/www.suno.com.br\/noticias\/#organization\",\"name\":\"Suno Not\u00edcias\",\"url\":\"https:\/\/www.suno.com.br\/noticias\/\",\"logo\":{\"@type\":\"ImageObject\",\"inLanguage\":\"pt-BR\",\"@id\":\"https:\/\/www.suno.com.br\/noticias\/#\/schema\/logo\/image\/\",\"url\":\"https:\/\/files.sunoresearch.com.br\/n\/uploads\/2021\/09\/suno-logo.png\",\"contentUrl\":\"https:\/\/files.sunoresearch.com.br\/n\/uploads\/2021\/09\/suno-logo.png\",\"width\":180,\"height\":180,\"caption\":\"Suno Not\u00edcias\"},\"image\":{\"@id\":\"https:\/\/www.suno.com.br\/noticias\/#\/schema\/logo\/image\/\"},\"sameAs\":[\"https:\/\/facebook.com\/sunoresearch\",\"https:\/\/x.com\/sunoresearch\",\"https:\/\/www.instagram.com\/suno\",\"https:\/\/www.linkedin.com\/company\/suno-research\/\",\"https:\/\/www.youtube.com\/c\/sunoresearch\"]},{\"@type\":\"Person\",\"@id\":\"https:\/\/www.suno.com.br\/noticias\/#\/schema\/person\/e6e0f723cc177805027f4566c1d5e0c8\",\"name\":\"Carlo Cauti\",\"image\":{\"@type\":\"ImageObject\",\"inLanguage\":\"pt-BR\",\"@id\":\"https:\/\/www.suno.com.br\/noticias\/#\/schema\/person\/image\/\",\"url\":\"https:\/\/secure.gravatar.com\/avatar\/3ada9e0bd164c23abd4792a9606d583c?s=96&r=g\",\"contentUrl\":\"https:\/\/secure.gravatar.com\/avatar\/3ada9e0bd164c23abd4792a9606d583c?s=96&r=g\",\"caption\":\"Carlo Cauti\"},\"description\":\"Editor multim\u00eddia do SUNO Not\u00edcias. Italiano, formado em Ci\u00eancias Pol\u00edticas pela universidade LUISS G. Carli de Roma e mestre cum laude em Rela\u00e7\u00f5es Internacionais, Jornalismo Internacional e de Guerra e em Economia Internacional. Concluiu tamb\u00e9m um MBA em Finan\u00e7as na B3. No Brasil, teve passagem por ve\u00edculos como Estad\u00e3o, Globo, Veja e EXAME. e nas ag\u00eancias de not\u00edcias italianas ANSA e NOVA.\",\"url\":\"https:\/\/www.suno.com.br\/noticias\/author\/carlo-cauti\/\"}]}<\/script>\n<!-- \/ Yoast SEO plugin. -->","yoast_head_json":{"title":"Reforma da previd\u00eancia ter\u00e1 economia de R$ 915 bi em dez anos","description":"O relator da reforma da Previd\u00eancia informou que ser\u00e1 realizada uma economia de\u00a0R$ 913,4 bilh\u00f5es em dez anos. Clique aqui para saber mais.","robots":{"index":"index","follow":"follow","max-snippet":"max-snippet:-1","max-image-preview":"max-image-preview:large","max-video-preview":"max-video-preview:-1"},"canonical":"https:\/\/www.suno.com.br\/noticias\/reforma-previdencia-economia-9134\/","og_locale":"pt_BR","og_type":"article","og_title":"Reforma da previd\u00eancia ter\u00e1 economia de R$ 915 bi em dez anos","og_description":"O relator da reforma da Previd\u00eancia informou que ser\u00e1 realizada uma economia de\u00a0R$ 913,4 bilh\u00f5es em dez anos. Clique aqui para saber mais.","og_url":"https:\/\/www.suno.com.br\/noticias\/reforma-previdencia-economia-9134\/","og_site_name":"Suno Not\u00edcias","article_publisher":"https:\/\/facebook.com\/sunoresearch","og_image":[{"width":1280,"height":720,"url":"https:\/\/files.sunoresearch.com.br\/n\/uploads\/2018\/12\/27d0f078-previd\u00eancia-social.jpg","type":"image\/jpeg"}],"author":"Carlo Cauti","twitter_card":"summary_large_image","twitter_creator":"@sunoresearch","twitter_site":"@sunoresearch","twitter_misc":{"Escrito por":"Carlo Cauti","Est. tempo de leitura":"3 minutos"},"schema":{"@context":"https:\/\/schema.org","@graph":[{"@type":"NewsArticle","@id":"https:\/\/www.suno.com.br\/noticias\/reforma-previdencia-economia-9134\/#article","isPartOf":{"@id":"https:\/\/www.suno.com.br\/noticias\/reforma-previdencia-economia-9134\/"},"author":{"name":"Carlo Cauti","@id":"https:\/\/www.suno.com.br\/noticias\/#\/schema\/person\/e6e0f723cc177805027f4566c1d5e0c8"},"headline":"Reforma da previd\u00eancia ter\u00e1 economia de R$ 913,4 bi em dez anos","datePublished":"2019-06-13T16:39:24+00:00","mainEntityOfPage":{"@id":"https:\/\/www.suno.com.br\/noticias\/reforma-previdencia-economia-9134\/"},"wordCount":526,"publisher":{"@id":"https:\/\/www.suno.com.br\/noticias\/#organization"},"image":{"@id":"https:\/\/www.suno.com.br\/noticias\/reforma-previdencia-economia-9134\/#primaryimage"},"thumbnailUrl":"https:\/\/files.sunoresearch.com.br\/n\/uploads\/2018\/12\/27d0f078-previd\u00eancia-social-jpg.webp","keywords":["Congresso Nacional","Reforma da Previd\u00eancia"],"articleSection":["Pol\u00edtica"],"inLanguage":"pt-BR"},{"@type":"WebPage","@id":"https:\/\/www.suno.com.br\/noticias\/reforma-previdencia-economia-9134\/","url":"https:\/\/www.suno.com.br\/noticias\/reforma-previdencia-economia-9134\/","name":"Reforma da previd\u00eancia ter\u00e1 economia de R$ 915 bi em dez anos","isPartOf":{"@id":"https:\/\/www.suno.com.br\/noticias\/#website"},"primaryImageOfPage":{"@id":"https:\/\/www.suno.com.br\/noticias\/reforma-previdencia-economia-9134\/#primaryimage"},"image":{"@id":"https:\/\/www.suno.com.br\/noticias\/reforma-previdencia-economia-9134\/#primaryimage"},"thumbnailUrl":"https:\/\/files.sunoresearch.com.br\/n\/uploads\/2018\/12\/27d0f078-previd\u00eancia-social-jpg.webp","datePublished":"2019-06-13T16:39:24+00:00","description":"O relator da reforma da Previd\u00eancia informou que ser\u00e1 realizada uma economia de\u00a0R$ 913,4 bilh\u00f5es em dez anos. Clique aqui para saber mais.","breadcrumb":{"@id":"https:\/\/www.suno.com.br\/noticias\/reforma-previdencia-economia-9134\/#breadcrumb"},"inLanguage":"pt-BR","potentialAction":[{"@type":"ReadAction","target":["https:\/\/www.suno.com.br\/noticias\/reforma-previdencia-economia-9134\/"]}]},{"@type":"ImageObject","inLanguage":"pt-BR","@id":"https:\/\/www.suno.com.br\/noticias\/reforma-previdencia-economia-9134\/#primaryimage","url":"https:\/\/files.sunoresearch.com.br\/n\/uploads\/2018\/12\/27d0f078-previd\u00eancia-social-jpg.webp","contentUrl":"https:\/\/files.sunoresearch.com.br\/n\/uploads\/2018\/12\/27d0f078-previd\u00eancia-social-jpg.webp","width":1280,"height":720,"caption":"Reforma da previd\u00eancia ter\u00e1 economia de R$ 913,4 bi em dez anos"},{"@type":"BreadcrumbList","@id":"https:\/\/www.suno.com.br\/noticias\/reforma-previdencia-economia-9134\/#breadcrumb","itemListElement":[{"@type":"ListItem","position":1,"name":"Not\u00edcias","item":"https:\/\/www.suno.com.br\/noticias\/"},{"@type":"ListItem","position":2,"name":"Pol\u00edtica","item":"https:\/\/www.suno.com.br\/noticias\/politica\/"},{"@type":"ListItem","position":3,"name":"Reforma da previd\u00eancia ter\u00e1 economia de R$ 913,4 bi em dez anos"}]},{"@type":"WebSite","@id":"https:\/\/www.suno.com.br\/noticias\/#website","url":"https:\/\/www.suno.com.br\/noticias\/","name":"Suno Not\u00edcias","description":"Seu portal de informa\u00e7\u00e3o sobre o mundo dos investimentos","publisher":{"@id":"https:\/\/www.suno.com.br\/noticias\/#organization"},"potentialAction":[{"@type":"SearchAction","target":{"@type":"EntryPoint","urlTemplate":"https:\/\/www.suno.com.br\/noticias\/?s={search_term_string}"},"query-input":{"@type":"PropertyValueSpecification","valueRequired":true,"valueName":"search_term_string"}}],"inLanguage":"pt-BR"},{"@type":"Organization","@id":"https:\/\/www.suno.com.br\/noticias\/#organization","name":"Suno Not\u00edcias","url":"https:\/\/www.suno.com.br\/noticias\/","logo":{"@type":"ImageObject","inLanguage":"pt-BR","@id":"https:\/\/www.suno.com.br\/noticias\/#\/schema\/logo\/image\/","url":"https:\/\/files.sunoresearch.com.br\/n\/uploads\/2021\/09\/suno-logo.png","contentUrl":"https:\/\/files.sunoresearch.com.br\/n\/uploads\/2021\/09\/suno-logo.png","width":180,"height":180,"caption":"Suno Not\u00edcias"},"image":{"@id":"https:\/\/www.suno.com.br\/noticias\/#\/schema\/logo\/image\/"},"sameAs":["https:\/\/facebook.com\/sunoresearch","https:\/\/x.com\/sunoresearch","https:\/\/www.instagram.com\/suno","https:\/\/www.linkedin.com\/company\/suno-research\/","https:\/\/www.youtube.com\/c\/sunoresearch"]},{"@type":"Person","@id":"https:\/\/www.suno.com.br\/noticias\/#\/schema\/person\/e6e0f723cc177805027f4566c1d5e0c8","name":"Carlo Cauti","image":{"@type":"ImageObject","inLanguage":"pt-BR","@id":"https:\/\/www.suno.com.br\/noticias\/#\/schema\/person\/image\/","url":"https:\/\/secure.gravatar.com\/avatar\/3ada9e0bd164c23abd4792a9606d583c?s=96&r=g","contentUrl":"https:\/\/secure.gravatar.com\/avatar\/3ada9e0bd164c23abd4792a9606d583c?s=96&r=g","caption":"Carlo Cauti"},"description":"Editor multim\u00eddia do SUNO Not\u00edcias. Italiano, formado em Ci\u00eancias Pol\u00edticas pela universidade LUISS G. Carli de Roma e mestre cum laude em Rela\u00e7\u00f5es Internacionais, Jornalismo Internacional e de Guerra e em Economia Internacional. Concluiu tamb\u00e9m um MBA em Finan\u00e7as na B3. No Brasil, teve passagem por ve\u00edculos como Estad\u00e3o, Globo, Veja e EXAME. e nas ag\u00eancias de not\u00edcias italianas ANSA e NOVA.","url":"https:\/\/www.suno.com.br\/noticias\/author\/carlo-cauti\/"}]}},"default_loop_html":"<div class=\"cardsPage__listCard__boxs\"><div class=\"cardsPage__listCard__boxs__img\"><a href=\"https:\/\/www.suno.com.br\/noticias\/reforma-previdencia-economia-9134\/\"><img class=\"mask\" src=\"https:\/\/www.suno.com.br\/noticias\/wp-content\/themes\/suno\/resources\/images\/spotlight\/spotlight1img\/bg-mask.png\" alt=\"Image Mask\"\/><img src=\"https:\/\/files.sunoresearch.com.br\/n\/uploads\/2018\/12\/27d0f078-previd\u00eancia-social-400x200.webp\" alt=\"Reforma da previd\u00eancia ter\u00e1 economia de R$ 913,4 bi em dez anos\"\/><\/a><span class=\"spotlightCategory\"><a href=\"https:\/\/www.suno.com.br\/noticias\/politica\/\">Pol\u00edtica<\/a><\/span><\/div><div class=\"cardsPage__listCard__boxs__content\"><a href=\"https:\/\/www.suno.com.br\/noticias\/reforma-previdencia-economia-9134\/\"><h2 class=\"content__title\">Reforma da previd\u00eancia ter\u00e1 economia de R$ 913,4 bi em dez anos<\/h2><\/a><div class=\"newsContent__article__meta\"><div class=\"newsContent__article__meta__authorBox\"><a href=\"https:\/\/www.suno.com.br\/noticias\/author\/carlo-cauti\/\" class=\"authorBox__avatar noMobi\"><img src=\"https:\/\/files.sunoresearch.com.br\/n\/uploads\/2020\/08\/e3745f9a-perfil-carlo-cauti-150x150.webp\" alt=\"Carlo Cauti\"><\/a><div class=\"authorBox__name\"><span>por\n\t\t\t<a href=\"https:\/\/www.suno.com.br\/noticias\/author\/carlo-cauti\/\"><span itemprop=\"author\">Carlo Cauti<\/span><\/a><\/span><time datetime=\"2019-06-13T13:39:24-03:00\" itemprop=\"datePublished\">13\/06\/2019 13:39<\/time><\/div><\/div><\/div><\/div><\/div>","single_layout":"posts","amp_enabled":true,"_links":{"self":[{"href":"https:\/\/www.suno.com.br\/noticias\/wp-json\/wp\/v2\/posts\/28066"}],"collection":[{"href":"https:\/\/www.suno.com.br\/noticias\/wp-json\/wp\/v2\/posts"}],"about":[{"href":"https:\/\/www.suno.com.br\/noticias\/wp-json\/wp\/v2\/types\/post"}],"author":[{"embeddable":true,"href":"https:\/\/www.suno.com.br\/noticias\/wp-json\/wp\/v2\/users\/9"}],"replies":[{"embeddable":true,"href":"https:\/\/www.suno.com.br\/noticias\/wp-json\/wp\/v2\/comments?post=28066"}],"version-history":[{"count":0,"href":"https:\/\/www.suno.com.br\/noticias\/wp-json\/wp\/v2\/posts\/28066\/revisions"}],"wp:featuredmedia":[{"embeddable":true,"href":"https:\/\/www.suno.com.br\/noticias\/wp-json\/wp\/v2\/media\/9833"}],"wp:attachment":[{"href":"https:\/\/www.suno.com.br\/noticias\/wp-json\/wp\/v2\/media?parent=28066"}],"wp:term":[{"taxonomy":"category","embeddable":true,"href":"https:\/\/www.suno.com.br\/noticias\/wp-json\/wp\/v2\/categories?post=28066"},{"taxonomy":"post_tag","embeddable":true,"href":"https:\/\/www.suno.com.br\/noticias\/wp-json\/wp\/v2\/tags?post=28066"},{"taxonomy":"suno_strategy","embeddable":true,"href":"https:\/\/www.suno.com.br\/noticias\/wp-json\/wp\/v2\/suno_strategy?post=28066"}],"curies":[{"name":"wp","href":"https:\/\/api.w.org\/{rel}","templated":true}]}}