{"id":280533,"date":"2022-08-09T08:00:38","date_gmt":"2022-08-09T11:00:38","guid":{"rendered":"https:\/\/www.suno.com.br\/noticias\/?p=280533"},"modified":"2022-09-27T19:05:38","modified_gmt":"2022-09-27T22:05:38","slug":"investir-em-esg-no-brasil","status":"publish","type":"post","link":"https:\/\/www.suno.com.br\/noticias\/investir-em-esg-no-brasil\/","title":{"rendered":"Investidores querem ESG e mercado financeiro faz li\u00e7\u00e3o de casa"},"content":{"rendered":"<p>Um n\u00famero crescente de empresas vem abrindo seus relat\u00f3rios e divulgando suas pr\u00e1ticas sustent\u00e1veis, tanto no aspecto ambiental, social ou de governan\u00e7a, e um dos grandes propulsores desta tend\u00eancia \u00e9 o interesse dos investidores no tema <strong>ESG<\/strong>.<\/p>\t<div class=\"wrapper-featured-image\">\n\t\t<figure class=\"spotlightImg\">\n\n\t\t\t<picture>\n\t\t\t\t<source media=\"(max-width: 768px)\" srcset=\"https:\/\/files.sunoresearch.com.br\/n\/uploads\/2022\/08\/investir-em-esg-no-brasil-400x200.jpg\">\n\t\t\t\t<img loading=\"lazy\" decoding=\"async\" class=\"newsContent__article__imgCapa lazyloadDisabled \" src=\"https:\/\/files.sunoresearch.com.br\/n\/uploads\/2022\/08\/investir-em-esg-no-brasil-800x450.jpg\" width=\"800\" height=\"450\" alt=\"Investidores querem ESG e mercado financeiro faz li\u00e7\u00e3o de casa\" fetchpriority=high \/>\n\t\t\t<\/picture>\n\n\t\t\t<figcaption class=\"wp-caption-text wp-caption-text--show\">ESG. Fonte: Canva<\/figcaption>\n\t\t<\/figure>\n\t<\/div>\n\n\n\t<p>\n\t\t<a href=\"\" target=\"_blank\" data-element=\"shortcode-suno-banner\" title=\"Banner SUNO, clique e saiba mais\">\n\t\t\t<picture>\n\t\t\t\t<source media=\"(max-width: 500px)\" srcset=\"\">\n\t\t\t\t<img class=\"newsContent__article__imgCapa newsContent__article__imgCapa--banner\"\n\t\t\t\t\tsrc=\"\"\n\t\t\t\t\tdata-promo-id=\"281794\"\t\t\t\t\t\t\t\t\t\t\t\t\t\t\talt=\"\"\n\t\t\t\t>\n\t\t\t<\/picture>\n\t\t<\/a>\n\t<\/p>\n\n\n<p>No Brasil, segundo dados da Anbima, o patrim\u00f4nio dos fundos com essa tem\u00e1tica passou de R$ 1,03 bilh\u00e3o em 2008 para R$ 2,01 bilh\u00f5es em mar\u00e7o de 2022. A Anbima reconhece que ainda \u00e9 dif\u00edcil quantificar no mercado o exato volume aplicado em fundos ligados \u00e0 sustentabilidade, mas o interesse dos players do mercado est\u00e1 crescendo.<\/p>\n<p>Se voc\u00ea est\u00e1 por fora e ainda n\u00e3o sabe<strong> o que s\u00e3o investimentos ESG<\/strong>, acompanhe esta <strong>&#8220;Semana do ESG: Investindo no Futuro&#8221;<\/strong>, realizada com apoio da CBA e da Rio Bravo. Entre 8 e 12 de agosto, o Suno Not\u00edcias vai trazer uma s\u00e9rie de conte\u00fados especiais sobre investimentos ESG para voc\u00ea ficar por dentro do tema e entender como isso impacta o seu bolso. <a href=\"https:\/\/www.suno.com.br\/noticias\/tags\/esg\/\">Voc\u00ea acompanha todo o conte\u00fado neste link.<\/a><\/p>\n<p>Voc\u00ea tamb\u00e9m n\u00e3o pode perder o<a href=\"https:\/\/lp.suno.com.br\/pv\/encontro-esg-investindo-no-futuro\/\"> evento presencial do Suno Not\u00edcias sobre ESG, com vagas limitadas<\/a>, que ocorrer\u00e1 no dia 17 de agosto, em S\u00e3o Paulo.<\/p>\n<h2>O interesse do mercado financeiro pelo ESG est\u00e1 em alta<\/h2>\n<p>Em 2021, a Anbima realizou sua 3\u00aa Pesquisa de Sustentabilidade, com mais 250 participantes, incluindo gestoras de recursos, bancos e corretoras. De acordo com a entidade, 86% dos entrevistados reconheceram a import\u00e2ncia da<strong> tem\u00e1tica ESG<\/strong> no mundo dos investimentos, sendo que 90% dos participantes afirmaram que essa agenda deve ganhar ainda mais relev\u00e2ncia no futuro pr\u00f3ximo.<\/p>\n<p>Na pesquisa anterior, que \u00e9 de 2018, os n\u00fameros foram diferentes da atual, mostrando melhora no pensamento do mercado sobre a import\u00e2ncia da sustentabilidade para os neg\u00f3cios. Em 2021, 49% das gestoras afirmaram considerar o ESG na gest\u00e3o dos seus recursos para mais de 50% dos ativos sob gest\u00e3o. Em 2018 esse percentual era de 27%.<\/p>\n<p>A evolu\u00e7\u00e3o n\u00e3o para por a\u00ed. Em 2018, apenas 34% das gestoras disseram ter alguma estrutura para se dedicar ao ESG. Em 2021, 71% afirmaram ter funcion\u00e1rios diretamente envolvidos com o tema.<\/p>\n<p>Al\u00e9m disso, em 2021, 80% das gestoras disseram ter uma pol\u00edtica de investimento respons\u00e1vel ou um documento que formalize o tratamento ao tema. Em 2018, esse n\u00famero chegou a 69%.<\/p>\n\t<p>\n\t\t<a href=\"\" target=\"_blank\" data-element=\"shortcode-suno-banner\" title=\"Banner SUNO, clique e saiba mais\">\n\t\t\t<picture>\n\t\t\t\t<source media=\"(max-width: 500px)\" srcset=\"\">\n\t\t\t\t<img class=\"newsContent__article__imgCapa newsContent__article__imgCapa--banner\"\n\t\t\t\t\tsrc=\"\"\n\t\t\t\t\tdata-promo-id=\"281788\"\t\t\t\t\t\t\t\t\t\t\t\t\t\t\talt=\"\"\n\t\t\t\t>\n\t\t\t<\/picture>\n\t\t<\/a>\n\t<\/p>\n\n\n<h2>Por que as empresas est\u00e3o olhando mais para ESG?<\/h2>\n<p>Apesar do atual cen\u00e1rio macroecon\u00f4mico, a tend\u00eancia \u00e9 de que os investimentos em ESG continuem sendo uma prioridade, segundo o s\u00f3cio de Audit &amp; Assurance da Deloitte, Reinaldo Oliari. Em uma recente entrevista ao Estad\u00e3o, ele disse que a mudan\u00e7a de mercado est\u00e1 sendo\u00a0promovida pelos pr\u00f3prios investidores, que est\u00e3o buscando alocar seu capital em<strong> empresas mais conscientes<\/strong>.<\/p>\n<p>&#8220;Os investidores querem ver se o <strong>neg\u00f3cio \u00e9 sustent\u00e1vel<\/strong>, se os produtos ou servi\u00e7os que vendem s\u00e3o sustent\u00e1veis e qual bem trazem para a sociedade. E essa conta chega, seja por empr\u00e9stimo mais caro, dificuldade de contratar profissionais ou de manter os profissionais dentro da companhia. E se reflete em seus produtos e na imagem da empresa&#8221;, comenta Oliari.<\/p>\n<p>&#8220;N\u00e3o d\u00e1 mais para separar o mercado financeiro da sociedade em que ele est\u00e1 inserido. Determinados compromissos e informa\u00e7\u00f5es ser\u00e3o cobrados das companhias, independente de movimentos macroecon\u00f4micos de alta infla\u00e7\u00e3o e desemprego, por exemplo&#8221;, pondera ele.<\/p>\n<h2>O cen\u00e1rio ainda est\u00e1 distante do ideal<\/h2>\n<p>\u00c9 certo que houve evolu\u00e7\u00e3o no mercado quando o assunto \u00e9 &#8220;<strong>investimento sustent\u00e1vel<\/strong>&#8220;, mas ainda n\u00e3o experimentamos um<strong> onda ESG<\/strong> no Brasil. Apenas 17% das empresas listadas possuem metas espec\u00edficas relacionadas \u00e0 redu\u00e7\u00e3o de impactos clim\u00e1ticos.<\/p>\n<p>Em rela\u00e7\u00e3o \u00e0s metas mais gen\u00e9ricas sobre o tema, o n\u00famero de companhias da B3 sobe para 37%, de acordo com dados da consultoria Luvi One.<\/p>\n<p>O mesmo levantamento tamb\u00e9m mostra que 59% das empresas n\u00e3o informam quaisquer metas definidas quando o tema \u00e9 a diversidade social, sendo que somente 16% das empresas apresentam metas claras de inclus\u00e3o.<\/p>\n<p>Ou seja, o mercado expandiu em n\u00famero de empresas e fundos dentro do universo das boas pr\u00e1ticas sustent\u00e1veis, mas a transpar\u00eancia nas informa\u00e7\u00f5es ainda \u00e9 insuficiente.<\/p>\n<p>No restante do mundo, os <strong>investimentos ESG<\/strong> tamb\u00e9m cresceram nos \u00faltimos anos, chegando \u00e0 marca de US$ 35,3 trilh\u00f5es. O <strong>Global Sustainable Investment Alliance<\/strong> afirma que esses fundos anotam um crescimento de 15% em dois anos e 55% nos \u00faltimos quatro anos (2016- 2020).<\/p>\n<p>Na Europa, s\u00e3o mais de US$ 14,1 trilh\u00f5es em ativos sob gest\u00e3o, todos sob a perspectiva de investimentos respons\u00e1veis. Segundo relat\u00f3rio da XP, al\u00e9m dos pa\u00edses europeus, Estados Unidos, Jap\u00e3o, Canad\u00e1 e Austr\u00e1lia assumem respectivamente a lideran\u00e7a em quantidade de fundos de investimentos dedicada \u00e0 agenda ESG.<\/p>\n\t<p>\n\t\t<a href=\"\" target=\"_blank\" data-element=\"shortcode-suno-banner\" title=\"Banner SUNO, clique e saiba mais\">\n\t\t\t<picture>\n\t\t\t\t<source media=\"(max-width: 500px)\" srcset=\"\">\n\t\t\t\t<img class=\"newsContent__article__imgCapa newsContent__article__imgCapa--banner\"\n\t\t\t\t\tsrc=\"\"\n\t\t\t\t\tdata-promo-id=\"281791\"\t\t\t\t\t\t\t\t\t\t\t\t\t\t\talt=\"\"\n\t\t\t\t>\n\t\t\t<\/picture>\n\t\t<\/a>\n\t<\/p>\n\n\n<h2>A pol\u00edtica brasileira hoje \u00e9 um &#8220;vento contr\u00e1rio&#8221; contra o ESG<\/h2>\n<p>O Brasil ainda est\u00e1 aqu\u00e9m das grandes pot\u00eancias econ\u00f4micas quando o assunto \u00e9 <strong>investir em ESG<\/strong>. Por\u00e9m, o crescimento dos ativos e oportunidades de investimentos podem ser uma ponta de esperan\u00e7a para quem investe.<\/p>\n<p>Pensando em pa\u00edses em desenvolvimento, o Brasil \u00e9 relativamente avan\u00e7ado, tanto no que tange a temas de ESG quanto no tocante aos atores do mercado que incorporam a agenda da sustentabilidade. Quem faz esta afirma\u00e7\u00e3o \u00e9 <strong>Gustavo Pimentel<\/strong>, o CEO da NINT, uma das empresas que s\u00e3o refer\u00eancias do <strong>mercado ESG<\/strong>.<\/p>\n<p>Ainda estamos a \u201canos luz\u201d da Europa, mas n\u00e3o t\u00e3o longe dos EUA, afirma Pimentel. Em sua opini\u00e3o, os norte-americanos t\u00eam um mercado muito grande, mas, na m\u00e9dia, o pa\u00eds conta com alguns bols\u00f5es de excel\u00eancia em ESG.<\/p>\n<p>O que estamos vivendo hoje \u00e9 um \u201cvelejar com o vento contra\u201d. Na vis\u00e3o de Pimentel, esse vento seria a conduta do<strong> governo federal,<\/strong> que n\u00e3o \u00e9 muito propenso a essa agenda e tem realizado &#8220;a\u00e7\u00f5es para enfraquecer a legisla\u00e7\u00e3o ambiental, licenciamentos, fragilizar algumas prote\u00e7\u00f5es sociais\u201d, destaca.<\/p>\n<p>Pimentel acredita que existe um discurso anti-fiscaliza\u00e7\u00e3o que se torna mais um \u201cvento contra o ESG\u201d.<\/p>\n<p>No setor privado, Pimentel acredita que tem muita gente querendo avan\u00e7ar <strong>ESG investing<\/strong>, \u201cmas n\u00e3o consegue ir na velocidade que gostaria. &#8220;\u00c9 claro que isso \u00e9 um ciclo pol\u00edtico. Pode ser que no pr\u00f3ximo ano o vento vire a favor&#8221;, finalizou o CEO da NINT.<\/p>\n<p>Quer aprender muito mais sobre investimentos <strong>ESG<\/strong>? Ent\u00e3o garanta sua vaga no evento presencial do Suno Not\u00edcias que vai rolar em S\u00e3o Paulo, com os grandes nomes do ESG. Clique abaixo e garanta seu ingresso!<\/p>\n\t<p>\n\t\t<a href=\"\" target=\"_blank\" data-element=\"shortcode-suno-banner\" title=\"Banner SUNO, clique e saiba mais\">\n\t\t\t<picture>\n\t\t\t\t<source media=\"(max-width: 500px)\" srcset=\"\">\n\t\t\t\t<img class=\"newsContent__article__imgCapa newsContent__article__imgCapa--banner\"\n\t\t\t\t\tsrc=\"\"\n\t\t\t\t\tdata-promo-id=\"281794\"\t\t\t\t\t\t\t\t\t\t\t\t\t\t\talt=\"\"\n\t\t\t\t>\n\t\t\t<\/picture>\n\t\t<\/a>\n\t<\/p>\n\n\n<p>(Colaborou Jorge Carrasco)<\/p>\n","protected":false},"excerpt":{"rendered":"<p>Um n\u00famero crescente de empresas vem abrindo seus relat\u00f3rios e divulgando suas pr\u00e1ticas sustent\u00e1veis, tanto no aspecto ambiental, social ou de governan\u00e7a, e um dos grandes propulsores desta tend\u00eancia \u00e9 o interesse dos investidores no tema ESG. ESG. Fonte: Canva No Brasil, segundo dados da Anbima, o patrim\u00f4nio dos fundos com essa tem\u00e1tica passou de [&hellip;]<\/p>\n","protected":false},"author":172,"featured_media":280673,"comment_status":"closed","ping_status":"closed","sticky":false,"template":"","format":"standard","meta":[],"categories":[64],"tags":[75364,1117],"suno_strategy":[],"class_list":["post-280533","post","type-post","status-publish","format-standard","has-post-thumbnail","hentry","category-negocios","tag-esg","tag-sustentabilidade"],"yoast_head":"<!-- This site is optimized with the Yoast SEO plugin v24.4 - https:\/\/yoast.com\/wordpress\/plugins\/seo\/ -->\n<title>Investidores querem ESG e mercado financeiro faz li\u00e7\u00e3o de casa<\/title>\n<meta name=\"description\" content=\"Conhe\u00e7a os avan\u00e7os e desafios de investir em ESG no Brasil, um mercado que cresce mas encontra in\u00fameros obst\u00e1culos. Leia aqui!\" \/>\n<meta name=\"robots\" content=\"index, follow, max-snippet:-1, max-image-preview:large, max-video-preview:-1\" \/>\n<link rel=\"canonical\" href=\"https:\/\/www.suno.com.br\/noticias\/investir-em-esg-no-brasil\/\" \/>\n<meta property=\"og:locale\" content=\"pt_BR\" \/>\n<meta property=\"og:type\" content=\"article\" \/>\n<meta property=\"og:title\" content=\"Investidores querem ESG e mercado financeiro faz li\u00e7\u00e3o de casa\" \/>\n<meta property=\"og:description\" content=\"Conhe\u00e7a os avan\u00e7os e desafios de investir em ESG no Brasil, um mercado que cresce mas encontra in\u00fameros obst\u00e1culos. Leia aqui!\" \/>\n<meta property=\"og:url\" content=\"https:\/\/www.suno.com.br\/noticias\/investir-em-esg-no-brasil\/\" \/>\n<meta property=\"og:site_name\" content=\"Suno Not\u00edcias\" \/>\n<meta property=\"article:publisher\" content=\"https:\/\/facebook.com\/sunoresearch\" \/>\n<meta property=\"og:image\" content=\"https:\/\/files.sunoresearch.com.br\/n\/uploads\/2022\/08\/investir-em-esg-no-brasil.jpg\" \/>\n\t<meta property=\"og:image:width\" content=\"1200\" \/>\n\t<meta property=\"og:image:height\" content=\"800\" \/>\n\t<meta property=\"og:image:type\" content=\"image\/jpeg\" \/>\n<meta name=\"author\" content=\"Gustavo Bianch\" \/>\n<meta name=\"twitter:card\" content=\"summary_large_image\" \/>\n<meta name=\"twitter:creator\" content=\"@sunoresearch\" \/>\n<meta name=\"twitter:site\" content=\"@sunoresearch\" \/>\n<meta name=\"twitter:label1\" content=\"Escrito por\" \/>\n\t<meta name=\"twitter:data1\" content=\"Gustavo Bianch\" \/>\n\t<meta name=\"twitter:label2\" content=\"Est. tempo de leitura\" \/>\n\t<meta name=\"twitter:data2\" content=\"6 minutos\" \/>\n<script type=\"application\/ld+json\" class=\"yoast-schema-graph\">{\"@context\":\"https:\/\/schema.org\",\"@graph\":[{\"@type\":\"NewsArticle\",\"@id\":\"https:\/\/www.suno.com.br\/noticias\/investir-em-esg-no-brasil\/#article\",\"isPartOf\":{\"@id\":\"https:\/\/www.suno.com.br\/noticias\/investir-em-esg-no-brasil\/\"},\"author\":{\"name\":\"Gustavo Bianch\",\"@id\":\"https:\/\/www.suno.com.br\/noticias\/#\/schema\/person\/a72c0794bc524e8100a01ae3d3b6becb\"},\"headline\":\"Investidores querem ESG e mercado financeiro faz li\u00e7\u00e3o de casa\",\"datePublished\":\"2022-08-09T11:00:38+00:00\",\"dateModified\":\"2022-09-27T22:05:38+00:00\",\"mainEntityOfPage\":{\"@id\":\"https:\/\/www.suno.com.br\/noticias\/investir-em-esg-no-brasil\/\"},\"wordCount\":1123,\"publisher\":{\"@id\":\"https:\/\/www.suno.com.br\/noticias\/#organization\"},\"image\":{\"@id\":\"https:\/\/www.suno.com.br\/noticias\/investir-em-esg-no-brasil\/#primaryimage\"},\"thumbnailUrl\":\"https:\/\/files.sunoresearch.com.br\/n\/uploads\/2022\/08\/investir-em-esg-no-brasil.jpg\",\"keywords\":[\"ESG\",\"Sustentabilidade\"],\"articleSection\":[\"Neg\u00f3cios\"],\"inLanguage\":\"pt-BR\"},{\"@type\":\"WebPage\",\"@id\":\"https:\/\/www.suno.com.br\/noticias\/investir-em-esg-no-brasil\/\",\"url\":\"https:\/\/www.suno.com.br\/noticias\/investir-em-esg-no-brasil\/\",\"name\":\"Investidores querem ESG e mercado financeiro faz li\u00e7\u00e3o de casa\",\"isPartOf\":{\"@id\":\"https:\/\/www.suno.com.br\/noticias\/#website\"},\"primaryImageOfPage\":{\"@id\":\"https:\/\/www.suno.com.br\/noticias\/investir-em-esg-no-brasil\/#primaryimage\"},\"image\":{\"@id\":\"https:\/\/www.suno.com.br\/noticias\/investir-em-esg-no-brasil\/#primaryimage\"},\"thumbnailUrl\":\"https:\/\/files.sunoresearch.com.br\/n\/uploads\/2022\/08\/investir-em-esg-no-brasil.jpg\",\"datePublished\":\"2022-08-09T11:00:38+00:00\",\"dateModified\":\"2022-09-27T22:05:38+00:00\",\"description\":\"Conhe\u00e7a os avan\u00e7os e desafios de investir em ESG no Brasil, um mercado que cresce mas encontra in\u00fameros obst\u00e1culos. Leia aqui!\",\"breadcrumb\":{\"@id\":\"https:\/\/www.suno.com.br\/noticias\/investir-em-esg-no-brasil\/#breadcrumb\"},\"inLanguage\":\"pt-BR\",\"potentialAction\":[{\"@type\":\"ReadAction\",\"target\":[\"https:\/\/www.suno.com.br\/noticias\/investir-em-esg-no-brasil\/\"]}]},{\"@type\":\"ImageObject\",\"inLanguage\":\"pt-BR\",\"@id\":\"https:\/\/www.suno.com.br\/noticias\/investir-em-esg-no-brasil\/#primaryimage\",\"url\":\"https:\/\/files.sunoresearch.com.br\/n\/uploads\/2022\/08\/investir-em-esg-no-brasil.jpg\",\"contentUrl\":\"https:\/\/files.sunoresearch.com.br\/n\/uploads\/2022\/08\/investir-em-esg-no-brasil.jpg\",\"width\":1200,\"height\":800,\"caption\":\"ESG. Fonte: Canva\"},{\"@type\":\"BreadcrumbList\",\"@id\":\"https:\/\/www.suno.com.br\/noticias\/investir-em-esg-no-brasil\/#breadcrumb\",\"itemListElement\":[{\"@type\":\"ListItem\",\"position\":1,\"name\":\"Not\u00edcias\",\"item\":\"https:\/\/www.suno.com.br\/noticias\/\"},{\"@type\":\"ListItem\",\"position\":2,\"name\":\"Neg\u00f3cios\",\"item\":\"https:\/\/www.suno.com.br\/noticias\/negocios\/\"},{\"@type\":\"ListItem\",\"position\":3,\"name\":\"Investidores querem ESG e mercado financeiro faz li\u00e7\u00e3o de casa\"}]},{\"@type\":\"WebSite\",\"@id\":\"https:\/\/www.suno.com.br\/noticias\/#website\",\"url\":\"https:\/\/www.suno.com.br\/noticias\/\",\"name\":\"Suno Not\u00edcias\",\"description\":\"Seu portal de informa\u00e7\u00e3o sobre o mundo dos investimentos\",\"publisher\":{\"@id\":\"https:\/\/www.suno.com.br\/noticias\/#organization\"},\"potentialAction\":[{\"@type\":\"SearchAction\",\"target\":{\"@type\":\"EntryPoint\",\"urlTemplate\":\"https:\/\/www.suno.com.br\/noticias\/?s={search_term_string}\"},\"query-input\":{\"@type\":\"PropertyValueSpecification\",\"valueRequired\":true,\"valueName\":\"search_term_string\"}}],\"inLanguage\":\"pt-BR\"},{\"@type\":\"Organization\",\"@id\":\"https:\/\/www.suno.com.br\/noticias\/#organization\",\"name\":\"Suno Not\u00edcias\",\"url\":\"https:\/\/www.suno.com.br\/noticias\/\",\"logo\":{\"@type\":\"ImageObject\",\"inLanguage\":\"pt-BR\",\"@id\":\"https:\/\/www.suno.com.br\/noticias\/#\/schema\/logo\/image\/\",\"url\":\"https:\/\/files.sunoresearch.com.br\/n\/uploads\/2021\/09\/suno-logo.png\",\"contentUrl\":\"https:\/\/files.sunoresearch.com.br\/n\/uploads\/2021\/09\/suno-logo.png\",\"width\":180,\"height\":180,\"caption\":\"Suno Not\u00edcias\"},\"image\":{\"@id\":\"https:\/\/www.suno.com.br\/noticias\/#\/schema\/logo\/image\/\"},\"sameAs\":[\"https:\/\/facebook.com\/sunoresearch\",\"https:\/\/x.com\/sunoresearch\",\"https:\/\/www.instagram.com\/suno\",\"https:\/\/www.linkedin.com\/company\/suno-research\/\",\"https:\/\/www.youtube.com\/c\/sunoresearch\"]},{\"@type\":\"Person\",\"@id\":\"https:\/\/www.suno.com.br\/noticias\/#\/schema\/person\/a72c0794bc524e8100a01ae3d3b6becb\",\"name\":\"Gustavo Bianch\",\"image\":{\"@type\":\"ImageObject\",\"inLanguage\":\"pt-BR\",\"@id\":\"https:\/\/www.suno.com.br\/noticias\/#\/schema\/person\/image\/\",\"url\":\"https:\/\/secure.gravatar.com\/avatar\/a8da2835aade1ac6c1eede0339ead827?s=96&r=g\",\"contentUrl\":\"https:\/\/secure.gravatar.com\/avatar\/a8da2835aade1ac6c1eede0339ead827?s=96&r=g\",\"caption\":\"Gustavo Bianch\"},\"description\":\"Jornalista com doutorado pela UFMG e produtor de conte\u00fado da unidade de m\u00eddias da Suno. Tamb\u00e9m trabalha no FIIs.com.br e Funds Explorer, fazendo a cobertura sobre FIIs, Fiagro e FI-Infra.\",\"url\":\"https:\/\/www.suno.com.br\/noticias\/author\/gustavo-silva\/\"}]}<\/script>\n<!-- \/ Yoast SEO plugin. -->","yoast_head_json":{"title":"Investidores querem ESG e mercado financeiro faz li\u00e7\u00e3o de casa","description":"Conhe\u00e7a os avan\u00e7os e desafios de investir em ESG no Brasil, um mercado que cresce mas encontra in\u00fameros obst\u00e1culos. Leia aqui!","robots":{"index":"index","follow":"follow","max-snippet":"max-snippet:-1","max-image-preview":"max-image-preview:large","max-video-preview":"max-video-preview:-1"},"canonical":"https:\/\/www.suno.com.br\/noticias\/investir-em-esg-no-brasil\/","og_locale":"pt_BR","og_type":"article","og_title":"Investidores querem ESG e mercado financeiro faz li\u00e7\u00e3o de casa","og_description":"Conhe\u00e7a os avan\u00e7os e desafios de investir em ESG no Brasil, um mercado que cresce mas encontra in\u00fameros obst\u00e1culos. Leia aqui!","og_url":"https:\/\/www.suno.com.br\/noticias\/investir-em-esg-no-brasil\/","og_site_name":"Suno Not\u00edcias","article_publisher":"https:\/\/facebook.com\/sunoresearch","og_image":[{"width":1200,"height":800,"url":"https:\/\/files.sunoresearch.com.br\/n\/uploads\/2022\/08\/investir-em-esg-no-brasil.jpg","type":"image\/jpeg"}],"author":"Gustavo Bianch","twitter_card":"summary_large_image","twitter_creator":"@sunoresearch","twitter_site":"@sunoresearch","twitter_misc":{"Escrito por":"Gustavo Bianch","Est. tempo de leitura":"6 minutos"},"schema":{"@context":"https:\/\/schema.org","@graph":[{"@type":"NewsArticle","@id":"https:\/\/www.suno.com.br\/noticias\/investir-em-esg-no-brasil\/#article","isPartOf":{"@id":"https:\/\/www.suno.com.br\/noticias\/investir-em-esg-no-brasil\/"},"author":{"name":"Gustavo Bianch","@id":"https:\/\/www.suno.com.br\/noticias\/#\/schema\/person\/a72c0794bc524e8100a01ae3d3b6becb"},"headline":"Investidores querem ESG e mercado financeiro faz li\u00e7\u00e3o de casa","datePublished":"2022-08-09T11:00:38+00:00","dateModified":"2022-09-27T22:05:38+00:00","mainEntityOfPage":{"@id":"https:\/\/www.suno.com.br\/noticias\/investir-em-esg-no-brasil\/"},"wordCount":1123,"publisher":{"@id":"https:\/\/www.suno.com.br\/noticias\/#organization"},"image":{"@id":"https:\/\/www.suno.com.br\/noticias\/investir-em-esg-no-brasil\/#primaryimage"},"thumbnailUrl":"https:\/\/files.sunoresearch.com.br\/n\/uploads\/2022\/08\/investir-em-esg-no-brasil.jpg","keywords":["ESG","Sustentabilidade"],"articleSection":["Neg\u00f3cios"],"inLanguage":"pt-BR"},{"@type":"WebPage","@id":"https:\/\/www.suno.com.br\/noticias\/investir-em-esg-no-brasil\/","url":"https:\/\/www.suno.com.br\/noticias\/investir-em-esg-no-brasil\/","name":"Investidores querem ESG e mercado financeiro faz li\u00e7\u00e3o de casa","isPartOf":{"@id":"https:\/\/www.suno.com.br\/noticias\/#website"},"primaryImageOfPage":{"@id":"https:\/\/www.suno.com.br\/noticias\/investir-em-esg-no-brasil\/#primaryimage"},"image":{"@id":"https:\/\/www.suno.com.br\/noticias\/investir-em-esg-no-brasil\/#primaryimage"},"thumbnailUrl":"https:\/\/files.sunoresearch.com.br\/n\/uploads\/2022\/08\/investir-em-esg-no-brasil.jpg","datePublished":"2022-08-09T11:00:38+00:00","dateModified":"2022-09-27T22:05:38+00:00","description":"Conhe\u00e7a os avan\u00e7os e desafios de investir em ESG no Brasil, um mercado que cresce mas encontra in\u00fameros obst\u00e1culos. Leia aqui!","breadcrumb":{"@id":"https:\/\/www.suno.com.br\/noticias\/investir-em-esg-no-brasil\/#breadcrumb"},"inLanguage":"pt-BR","potentialAction":[{"@type":"ReadAction","target":["https:\/\/www.suno.com.br\/noticias\/investir-em-esg-no-brasil\/"]}]},{"@type":"ImageObject","inLanguage":"pt-BR","@id":"https:\/\/www.suno.com.br\/noticias\/investir-em-esg-no-brasil\/#primaryimage","url":"https:\/\/files.sunoresearch.com.br\/n\/uploads\/2022\/08\/investir-em-esg-no-brasil.jpg","contentUrl":"https:\/\/files.sunoresearch.com.br\/n\/uploads\/2022\/08\/investir-em-esg-no-brasil.jpg","width":1200,"height":800,"caption":"ESG. Fonte: Canva"},{"@type":"BreadcrumbList","@id":"https:\/\/www.suno.com.br\/noticias\/investir-em-esg-no-brasil\/#breadcrumb","itemListElement":[{"@type":"ListItem","position":1,"name":"Not\u00edcias","item":"https:\/\/www.suno.com.br\/noticias\/"},{"@type":"ListItem","position":2,"name":"Neg\u00f3cios","item":"https:\/\/www.suno.com.br\/noticias\/negocios\/"},{"@type":"ListItem","position":3,"name":"Investidores querem ESG e mercado financeiro faz li\u00e7\u00e3o de casa"}]},{"@type":"WebSite","@id":"https:\/\/www.suno.com.br\/noticias\/#website","url":"https:\/\/www.suno.com.br\/noticias\/","name":"Suno Not\u00edcias","description":"Seu portal de informa\u00e7\u00e3o sobre o mundo dos investimentos","publisher":{"@id":"https:\/\/www.suno.com.br\/noticias\/#organization"},"potentialAction":[{"@type":"SearchAction","target":{"@type":"EntryPoint","urlTemplate":"https:\/\/www.suno.com.br\/noticias\/?s={search_term_string}"},"query-input":{"@type":"PropertyValueSpecification","valueRequired":true,"valueName":"search_term_string"}}],"inLanguage":"pt-BR"},{"@type":"Organization","@id":"https:\/\/www.suno.com.br\/noticias\/#organization","name":"Suno Not\u00edcias","url":"https:\/\/www.suno.com.br\/noticias\/","logo":{"@type":"ImageObject","inLanguage":"pt-BR","@id":"https:\/\/www.suno.com.br\/noticias\/#\/schema\/logo\/image\/","url":"https:\/\/files.sunoresearch.com.br\/n\/uploads\/2021\/09\/suno-logo.png","contentUrl":"https:\/\/files.sunoresearch.com.br\/n\/uploads\/2021\/09\/suno-logo.png","width":180,"height":180,"caption":"Suno Not\u00edcias"},"image":{"@id":"https:\/\/www.suno.com.br\/noticias\/#\/schema\/logo\/image\/"},"sameAs":["https:\/\/facebook.com\/sunoresearch","https:\/\/x.com\/sunoresearch","https:\/\/www.instagram.com\/suno","https:\/\/www.linkedin.com\/company\/suno-research\/","https:\/\/www.youtube.com\/c\/sunoresearch"]},{"@type":"Person","@id":"https:\/\/www.suno.com.br\/noticias\/#\/schema\/person\/a72c0794bc524e8100a01ae3d3b6becb","name":"Gustavo Bianch","image":{"@type":"ImageObject","inLanguage":"pt-BR","@id":"https:\/\/www.suno.com.br\/noticias\/#\/schema\/person\/image\/","url":"https:\/\/secure.gravatar.com\/avatar\/a8da2835aade1ac6c1eede0339ead827?s=96&r=g","contentUrl":"https:\/\/secure.gravatar.com\/avatar\/a8da2835aade1ac6c1eede0339ead827?s=96&r=g","caption":"Gustavo Bianch"},"description":"Jornalista com doutorado pela UFMG e produtor de conte\u00fado da unidade de m\u00eddias da Suno. Tamb\u00e9m trabalha no FIIs.com.br e Funds Explorer, fazendo a cobertura sobre FIIs, Fiagro e FI-Infra.","url":"https:\/\/www.suno.com.br\/noticias\/author\/gustavo-silva\/"}]}},"default_loop_html":"<div class=\"cardsPage__listCard__boxs\"><div class=\"cardsPage__listCard__boxs__img\"><a href=\"https:\/\/www.suno.com.br\/noticias\/investir-em-esg-no-brasil\/\"><img class=\"mask\" src=\"https:\/\/www.suno.com.br\/noticias\/wp-content\/themes\/suno\/resources\/images\/spotlight\/spotlight1img\/bg-mask.png\" alt=\"Image Mask\"\/><img src=\"https:\/\/files.sunoresearch.com.br\/n\/uploads\/2022\/08\/investir-em-esg-no-brasil-400x200.jpg\" alt=\"Investidores querem ESG e mercado financeiro faz li\u00e7\u00e3o de casa\"\/><\/a><span class=\"spotlightCategory\"><a href=\"https:\/\/www.suno.com.br\/noticias\/negocios\/\">Neg\u00f3cios<\/a><\/span><\/div><div class=\"cardsPage__listCard__boxs__content\"><a href=\"https:\/\/www.suno.com.br\/noticias\/investir-em-esg-no-brasil\/\"><h2 class=\"content__title\">Investidores querem ESG e mercado financeiro faz li\u00e7\u00e3o de casa<\/h2><\/a><div class=\"newsContent__article__meta\"><div class=\"newsContent__article__meta__authorBox\"><a href=\"https:\/\/www.suno.com.br\/noticias\/author\/gustavo-silva\/\" class=\"authorBox__avatar noMobi\"><img src=\"https:\/\/files.sunoresearch.com.br\/n\/uploads\/2024\/06\/41337ec3172142e15d749bd3a95a5216.jpeg\" alt=\"Gustavo Bianch\"><\/a><div class=\"authorBox__name\"><span>por\n\t\t\t<a href=\"https:\/\/www.suno.com.br\/noticias\/author\/gustavo-silva\/\"><span itemprop=\"author\">Gustavo Bianch<\/span><\/a><\/span><time datetime=\"2022-08-09T08:00:38-03:00\" itemprop=\"datePublished\">09\/08\/2022 08:00<\/time><\/div><\/div><\/div><\/div><\/div>","single_layout":"posts","amp_enabled":true,"_links":{"self":[{"href":"https:\/\/www.suno.com.br\/noticias\/wp-json\/wp\/v2\/posts\/280533"}],"collection":[{"href":"https:\/\/www.suno.com.br\/noticias\/wp-json\/wp\/v2\/posts"}],"about":[{"href":"https:\/\/www.suno.com.br\/noticias\/wp-json\/wp\/v2\/types\/post"}],"author":[{"embeddable":true,"href":"https:\/\/www.suno.com.br\/noticias\/wp-json\/wp\/v2\/users\/172"}],"replies":[{"embeddable":true,"href":"https:\/\/www.suno.com.br\/noticias\/wp-json\/wp\/v2\/comments?post=280533"}],"version-history":[{"count":4,"href":"https:\/\/www.suno.com.br\/noticias\/wp-json\/wp\/v2\/posts\/280533\/revisions"}],"predecessor-version":[{"id":281817,"href":"https:\/\/www.suno.com.br\/noticias\/wp-json\/wp\/v2\/posts\/280533\/revisions\/281817"}],"wp:featuredmedia":[{"embeddable":true,"href":"https:\/\/www.suno.com.br\/noticias\/wp-json\/wp\/v2\/media\/280673"}],"wp:attachment":[{"href":"https:\/\/www.suno.com.br\/noticias\/wp-json\/wp\/v2\/media?parent=280533"}],"wp:term":[{"taxonomy":"category","embeddable":true,"href":"https:\/\/www.suno.com.br\/noticias\/wp-json\/wp\/v2\/categories?post=280533"},{"taxonomy":"post_tag","embeddable":true,"href":"https:\/\/www.suno.com.br\/noticias\/wp-json\/wp\/v2\/tags?post=280533"},{"taxonomy":"suno_strategy","embeddable":true,"href":"https:\/\/www.suno.com.br\/noticias\/wp-json\/wp\/v2\/suno_strategy?post=280533"}],"curies":[{"name":"wp","href":"https:\/\/api.w.org\/{rel}","templated":true}]}}