{"id":28052,"date":"2019-06-13T12:57:00","date_gmt":"2019-06-13T15:57:00","guid":{"rendered":"https:\/\/www.suno.com.br\/noticias\/?p=28052"},"modified":"2019-06-13T12:59:19","modified_gmt":"2019-06-13T15:59:19","slug":"braskem-superior-tribunal-de-justica-libera-r-26-bi-de-dividendos","status":"publish","type":"post","link":"https:\/\/www.suno.com.br\/noticias\/braskem-superior-tribunal-de-justica-libera-r-26-bi-de-dividendos\/","title":{"rendered":"Braskem: Superior Tribunal de Justi\u00e7a libera R$ 2,6 bi de dividendos"},"content":{"rendered":"<p>O <strong>Superior Tribunal de Justi\u00e7a (STJ)<\/strong> liberou a distribui\u00e7\u00e3o de R$ 2,6 bilh\u00f5es de dividendos da Braskem para seus acionistas.\u00a0O presidente tribunal, ministro Jo\u00e3o Ot\u00e1vio de Noronha, decidiu pela libera\u00e7\u00e3o na \u00faltima quarta-feira (12).<\/p>\t<div class=\"wrapper-featured-image\">\n\t\t<figure class=\"spotlightImg\">\n\n\t\t\t<picture>\n\t\t\t\t<source media=\"(max-width: 768px)\" srcset=\"https:\/\/files.sunoresearch.com.br\/n\/uploads\/2019\/06\/647b7fd9-braskem-400x200.webp\">\n\t\t\t\t<img loading=\"lazy\" decoding=\"async\" class=\"newsContent__article__imgCapa lazyloadDisabled newsContent__article__imgCapa--noCaption\" src=\"https:\/\/files.sunoresearch.com.br\/n\/uploads\/2019\/06\/647b7fd9-braskem-800x450.webp\" width=\"800\" height=\"450\" alt=\"Braskem: Superior Tribunal de Justi\u00e7a libera R$ 2,6 bi de dividendos\" fetchpriority=high \/>\n\t\t\t<\/picture>\n\n\t\t\t<figcaption class=\"wp-caption-text wp-caption-text--hide\">Braskem: Superior Tribunal de Justi\u00e7a libera R$ 2,6 bi de dividendos<\/figcaption>\n\t\t<\/figure>\n\t<\/div>\n\n\n<p>O pagamento dos dividendos extraordin\u00e1rios da <strong>Braskem<\/strong> havia sido bloqueado em abril. Naquela ocasi\u00e3o o <strong>Minist\u00e9rio P\u00fablico <\/strong>e da <strong>Defensoria P\u00fablica<\/strong> do Estado de <strong>Alagoas<\/strong> tinha assinado uma liminar para suspender a realiza\u00e7\u00e3o de assembleia que definiria sobre a distribui\u00e7\u00e3o dos recursos. Segundo o magistrado, esse bloqueio era motivado pelos estragos causados pela\u00a0petroqu\u00edmica em bairros de Macei\u00f3 por causa da extra\u00e7\u00e3o de sal-gema na regi\u00e3o.<\/p>\n\t<p>\n\t\t<a href=\"https:\/\/lp.suno.com.br\/minicurso-investindo-fiis\/\" target=\"_blank\" data-element=\"shortcode-suno-banner\" title=\"Banner SUNO, clique e saiba mais\">\n\t\t\t<picture>\n\t\t\t\t<source media=\"(max-width: 500px)\" srcset=\"https:\/\/files.sunoresearch.com.br\/n\/uploads\/2023\/03\/400x300-Minicurso-FIIS.png\">\n\t\t\t\t<img class=\"newsContent__article__imgCapa newsContent__article__imgCapa--banner\"\n\t\t\t\t\tsrc=\"https:\/\/files.sunoresearch.com.br\/n\/uploads\/2023\/03\/1420x240-Minicurso-FIIS.png\"\n\t\t\t\t\tdata-promo-id=\"383125\"\t\t\t\t\t\t\t\t\t\twidth='1420' height='240'\t\t\t\t\talt=\"https:\/\/files.sunoresearch.com.br\/n\/uploads\/2023\/03\/1420x240-Minicurso-FIIS.png\"\n\t\t\t\t>\n\t\t\t<\/picture>\n\t\t<\/a>\n\t<\/p>\n\n\n<p>&#8220;Apesar do minucioso exame do Desembargador relator, entendo que, ao determinar a suspens\u00e3o da referida assembleia e, em termos pr\u00e1ticos, suspender a distribui\u00e7\u00e3o de dividendos, cujo montante \u00e9 expressivo, o Ju\u00edzo afetou, direta e indiretamente, a economia local e nacional&#8221;, informou o presidente do <strong>STJ<\/strong> em sua decis\u00e3o.<\/p>\n<p><a href=\"https:\/\/www.suno.com.br\/noticias\/lyondelbasell-desiste-comprar-braskem\/\">Saiba mais:\u00a0Grupo holand\u00eas LyondelBasell desiste de comprar a Braskem<\/a><\/p>\n<p>A <strong>Braskem<\/strong> tinha pedido para substituir o bloqueio \u00e0 distribui\u00e7\u00e3o de seus dividendos por um seguro-garantia do mesmo valor. O <strong>STJ<\/strong> acatou o pedido. Gra\u00e7as a essa decis\u00e3o, a petroqu\u00edmica poder\u00e1 agendar a assembleia para aprovar os pagamentos.<\/p>\n<h2>Odebrecht beneficiada<\/h2>\n<p>A decis\u00e3o judicial favorece a <strong>Odebrecht,<\/strong> controladora da <strong>Braskem.<\/strong> A empreiteira est\u00e1 vivendo uma grave crise financeira, podendo chegar at\u00e9 a um processo de recupera\u00e7\u00e3o judicial. E gra\u00e7as a essa determina\u00e7\u00e3o do <strong>STJ<\/strong> vai obter cerca de R$ 1 bilh\u00e3o em dividendos.<\/p>\n<p><a href=\"https:\/\/www.suno.com.br\/noticias\/braskem-devolver-bilhoes-uniao-petrobras\/\">Saiba mais:\u00a0Braskem dever\u00e1 devolver R$ 2,87 bilh\u00f5es \u00e0 Uni\u00e3o e \u00e0 Petrobras<\/a><\/p>\n<p>Al\u00e9m da <strong>Odebrecht,<\/strong> a <strong>Petrobr\u00e1s,<\/strong> tamb\u00e9m controladora da empresa, vai receber dividendos.<\/p>\n\t<p>\n\t\t<a href=\"https:\/\/lp.suno.com.br\/minicurso-valuation\/\" target=\"_blank\" data-element=\"shortcode-suno-banner\" title=\"Banner SUNO, clique e saiba mais\">\n\t\t\t<picture>\n\t\t\t\t<source media=\"(max-width: 500px)\" srcset=\"https:\/\/files.sunoresearch.com.br\/n\/uploads\/2023\/03\/400x300-Minicurso-Valuation.png\">\n\t\t\t\t<img class=\"newsContent__article__imgCapa newsContent__article__imgCapa--banner\"\n\t\t\t\t\tsrc=\"https:\/\/files.sunoresearch.com.br\/n\/uploads\/2023\/03\/1420x240-Minicurso-Valuation.png\"\n\t\t\t\t\tdata-promo-id=\"383160\"\t\t\t\t\t\t\t\t\t\twidth='1420' height='240'\t\t\t\t\talt=\"https:\/\/files.sunoresearch.com.br\/n\/uploads\/2023\/03\/1420x240-Minicurso-Valuation.png\"\n\t\t\t\t>\n\t\t\t<\/picture>\n\t\t<\/a>\n\t<\/p>\n\n\n<h2>Braskem devolveu\u00a0R$ 2,87 bilh\u00f5es \u00e0 <strong>Uni\u00e3o<\/strong> e \u00e0 <strong>Petrobras<\/strong><\/h2>\n<p>A <strong>Braskem<\/strong>\u00a0ter\u00e1 que pagar R$ 2,87 bilh\u00f5es \u00e0 <strong>Uni\u00e3o<\/strong> e \u00e0 <strong>Petrobras.<\/strong> A empresa petroqu\u00edmica assinou no final de maio um <a href=\"https:\/\/www.suno.com.br\/artigos\/acordo-de-leniencia\/\"><strong>acordo de leni\u00eancia<\/strong><\/a> com a\u00a0<strong>Controladoria-Geral da Uni\u00e3o (CGU)<\/strong> e <strong>Advocacia-Geral da Uni\u00e3o (AGU).<\/strong><\/p>\n<p><a href=\"https:\/\/www.suno.com.br\/noticias\/braskem-fecha-acordo-leniencia-cgu-agu\/\">Saiba mais: Braskem fecha acordo de leni\u00eancia com CGU e AGU\u00a0<\/a><\/p>\n<p>No acordo, a <strong>Braskem,<\/strong> investigada na <strong>Opera\u00e7\u00e3o Lava Jato<\/strong>, aceitou pagar o montante at\u00e9 janeiro de 2025. Os termos do documento mostram que a\u00a0empresa reconheceu os danos causados \u00e0 administra\u00e7\u00e3o federal atrav\u00e9s dos atos de corrup\u00e7\u00e3o nos quais se envolveu. Por isso, se comprometeu a reparar os danos causados e colaborar com as investiga\u00e7\u00f5es.<\/p>\n\t<p>\n\t\t<a href=\"https:\/\/www.suno.com.br\/asset\/fundos\/suno-acoes-xp-seg-prev\/\" target=\"_blank\" data-element=\"shortcode-suno-banner\" title=\"Banner SUNO, clique e saiba mais\">\n\t\t\t<picture>\n\t\t\t\t<source media=\"(max-width: 500px)\" srcset=\"https:\/\/files.sunoresearch.com.br\/n\/uploads\/2023\/10\/SUNOPREV-400x300-Mobile-Artigos-3.png\">\n\t\t\t\t<img class=\"newsContent__article__imgCapa newsContent__article__imgCapa--banner\"\n\t\t\t\t\tsrc=\"https:\/\/files.sunoresearch.com.br\/n\/uploads\/2023\/10\/SUNOPREV-1420x240-Banner-Artigos-1-_-Banner-Materias-1.png\"\n\t\t\t\t\tdata-promo-id=\"476310\"\t\t\t\t\t\t\t\t\t\twidth='1420' height='240'\t\t\t\t\talt=\"https:\/\/files.sunoresearch.com.br\/n\/uploads\/2023\/10\/SUNOPREV-1420x240-Banner-Artigos-1-_-Banner-Materias-1.png\"\n\t\t\t\t>\n\t\t\t<\/picture>\n\t\t<\/a>\n\t<\/p>\n\n\n<p>A <strong>Braskem<\/strong> pagar\u00e1 para a <strong>Uni\u00e3o<\/strong> cerca de R$ 2 bilh\u00f5es, al\u00e9m de R$ 800 milh\u00f5es para a <strong>Petrobras.<\/strong> A empresa j\u00e1 chegou a depositar R$ 1,33 bilh\u00e3o, com o restante do valor, ou R$ 1,54 bilh\u00e3o, que ser\u00e1 dividido em seis parcelas anuais entre 2020 e 2025.<\/p>\n<p><a href=\"https:\/\/www.suno.com.br\/noticias\/braskem-fim-alagoas-acoes-sobem\/\">Saiba mais: Braskem pode deixar opera\u00e7\u00f5es no Alagoas; cota\u00e7\u00e3o das a\u00e7\u00f5es sobe 10%\u00a0<\/a><\/p>\n<p>Gra\u00e7as a esse acordo, a <strong>Braskem<\/strong> poder\u00e1 ter benef\u00edcios, como por exemplo uma redu\u00e7\u00e3o da multa em at\u00e9 66%. Al\u00e9m disso, a empresa poder\u00e1 voltar a receber subs\u00eddios e empr\u00e9stimos do governo federal. E, enfim, poder\u00e1 fechar novos contratos com a administra\u00e7\u00e3o p\u00fablica.<\/p>\n","protected":false},"excerpt":{"rendered":"<p>O Superior Tribunal de Justi\u00e7a (STJ) liberou a distribui\u00e7\u00e3o de R$ 2,6 bilh\u00f5es de dividendos da Braskem para seus acionistas.\u00a0O presidente tribunal, ministro Jo\u00e3o Ot\u00e1vio de Noronha, decidiu pela libera\u00e7\u00e3o na \u00faltima quarta-feira (12). Braskem: Superior Tribunal de Justi\u00e7a libera R$ 2,6 bi de dividendos O pagamento dos dividendos extraordin\u00e1rios da Braskem havia sido bloqueado [&hellip;]<\/p>\n","protected":false},"author":9,"featured_media":27141,"comment_status":"closed","ping_status":"closed","sticky":false,"template":"","format":"standard","meta":[],"categories":[64],"tags":[395,783,763],"suno_strategy":[],"class_list":["post-28052","post","type-post","status-publish","format-standard","has-post-thumbnail","hentry","category-negocios","tag-braskem-brkm3-brkm5-brkm6","tag-odebrecht","tag-superior-tribunal-justica-stj"],"yoast_head":"<!-- This site is optimized with the Yoast SEO plugin v24.4 - https:\/\/yoast.com\/wordpress\/plugins\/seo\/ -->\n<title>Braskem: Superior Tribunal de Justi\u00e7a libera R$ 2,6 bi de dividendos<\/title>\n<meta name=\"description\" content=\"O STJ liberou a distribui\u00e7\u00e3o de R$ 2,6 bilh\u00f5es de dividendos da Braskem para seus acionistas.Clique aqui para saber mais.\" \/>\n<meta name=\"robots\" content=\"index, follow, max-snippet:-1, max-image-preview:large, max-video-preview:-1\" \/>\n<link rel=\"canonical\" href=\"https:\/\/www.suno.com.br\/noticias\/braskem-superior-tribunal-de-justica-libera-r-26-bi-de-dividendos\/\" \/>\n<meta property=\"og:locale\" content=\"pt_BR\" \/>\n<meta property=\"og:type\" content=\"article\" \/>\n<meta property=\"og:title\" content=\"Braskem: Superior Tribunal de Justi\u00e7a libera R$ 2,6 bi de dividendos\" \/>\n<meta property=\"og:description\" content=\"O STJ liberou a distribui\u00e7\u00e3o de R$ 2,6 bilh\u00f5es de dividendos da Braskem para seus acionistas.Clique aqui para saber mais.\" \/>\n<meta property=\"og:url\" content=\"https:\/\/www.suno.com.br\/noticias\/braskem-superior-tribunal-de-justica-libera-r-26-bi-de-dividendos\/\" \/>\n<meta property=\"og:site_name\" content=\"Suno Not\u00edcias\" \/>\n<meta property=\"article:publisher\" content=\"https:\/\/facebook.com\/sunoresearch\" \/>\n<meta property=\"og:image\" content=\"https:\/\/files.sunoresearch.com.br\/n\/uploads\/2019\/06\/647b7fd9-braskem.jpg\" \/>\n\t<meta property=\"og:image:width\" content=\"890\" \/>\n\t<meta property=\"og:image:height\" content=\"500\" \/>\n\t<meta property=\"og:image:type\" content=\"image\/jpeg\" \/>\n<meta name=\"author\" content=\"Carlo Cauti\" \/>\n<meta name=\"twitter:card\" content=\"summary_large_image\" \/>\n<meta name=\"twitter:creator\" content=\"@sunoresearch\" \/>\n<meta name=\"twitter:site\" content=\"@sunoresearch\" \/>\n<meta name=\"twitter:label1\" content=\"Escrito por\" \/>\n\t<meta name=\"twitter:data1\" content=\"Carlo Cauti\" \/>\n\t<meta name=\"twitter:label2\" content=\"Est. tempo de leitura\" \/>\n\t<meta name=\"twitter:data2\" content=\"3 minutos\" \/>\n<script type=\"application\/ld+json\" class=\"yoast-schema-graph\">{\"@context\":\"https:\/\/schema.org\",\"@graph\":[{\"@type\":\"NewsArticle\",\"@id\":\"https:\/\/www.suno.com.br\/noticias\/braskem-superior-tribunal-de-justica-libera-r-26-bi-de-dividendos\/#article\",\"isPartOf\":{\"@id\":\"https:\/\/www.suno.com.br\/noticias\/braskem-superior-tribunal-de-justica-libera-r-26-bi-de-dividendos\/\"},\"author\":{\"name\":\"Carlo Cauti\",\"@id\":\"https:\/\/www.suno.com.br\/noticias\/#\/schema\/person\/e6e0f723cc177805027f4566c1d5e0c8\"},\"headline\":\"Braskem: Superior Tribunal de Justi\u00e7a libera R$ 2,6 bi de dividendos\",\"datePublished\":\"2019-06-13T15:57:00+00:00\",\"dateModified\":\"2019-06-13T15:59:19+00:00\",\"mainEntityOfPage\":{\"@id\":\"https:\/\/www.suno.com.br\/noticias\/braskem-superior-tribunal-de-justica-libera-r-26-bi-de-dividendos\/\"},\"wordCount\":545,\"publisher\":{\"@id\":\"https:\/\/www.suno.com.br\/noticias\/#organization\"},\"image\":{\"@id\":\"https:\/\/www.suno.com.br\/noticias\/braskem-superior-tribunal-de-justica-libera-r-26-bi-de-dividendos\/#primaryimage\"},\"thumbnailUrl\":\"https:\/\/files.sunoresearch.com.br\/n\/uploads\/2019\/06\/647b7fd9-braskem-jpg.webp\",\"keywords\":[\"Braskem (BRKM3\/BRKM5\/BRKM6)\",\"Odebrecht\",\"Superior Tribunal de Justi\u00e7a (STJ)\"],\"articleSection\":[\"Neg\u00f3cios\"],\"inLanguage\":\"pt-BR\"},{\"@type\":\"WebPage\",\"@id\":\"https:\/\/www.suno.com.br\/noticias\/braskem-superior-tribunal-de-justica-libera-r-26-bi-de-dividendos\/\",\"url\":\"https:\/\/www.suno.com.br\/noticias\/braskem-superior-tribunal-de-justica-libera-r-26-bi-de-dividendos\/\",\"name\":\"Braskem: Superior Tribunal de Justi\u00e7a libera R$ 2,6 bi de dividendos\",\"isPartOf\":{\"@id\":\"https:\/\/www.suno.com.br\/noticias\/#website\"},\"primaryImageOfPage\":{\"@id\":\"https:\/\/www.suno.com.br\/noticias\/braskem-superior-tribunal-de-justica-libera-r-26-bi-de-dividendos\/#primaryimage\"},\"image\":{\"@id\":\"https:\/\/www.suno.com.br\/noticias\/braskem-superior-tribunal-de-justica-libera-r-26-bi-de-dividendos\/#primaryimage\"},\"thumbnailUrl\":\"https:\/\/files.sunoresearch.com.br\/n\/uploads\/2019\/06\/647b7fd9-braskem-jpg.webp\",\"datePublished\":\"2019-06-13T15:57:00+00:00\",\"dateModified\":\"2019-06-13T15:59:19+00:00\",\"description\":\"O STJ liberou a distribui\u00e7\u00e3o de R$ 2,6 bilh\u00f5es de dividendos da Braskem para seus acionistas.Clique aqui para saber mais.\",\"breadcrumb\":{\"@id\":\"https:\/\/www.suno.com.br\/noticias\/braskem-superior-tribunal-de-justica-libera-r-26-bi-de-dividendos\/#breadcrumb\"},\"inLanguage\":\"pt-BR\",\"potentialAction\":[{\"@type\":\"ReadAction\",\"target\":[\"https:\/\/www.suno.com.br\/noticias\/braskem-superior-tribunal-de-justica-libera-r-26-bi-de-dividendos\/\"]}]},{\"@type\":\"ImageObject\",\"inLanguage\":\"pt-BR\",\"@id\":\"https:\/\/www.suno.com.br\/noticias\/braskem-superior-tribunal-de-justica-libera-r-26-bi-de-dividendos\/#primaryimage\",\"url\":\"https:\/\/files.sunoresearch.com.br\/n\/uploads\/2019\/06\/647b7fd9-braskem-jpg.webp\",\"contentUrl\":\"https:\/\/files.sunoresearch.com.br\/n\/uploads\/2019\/06\/647b7fd9-braskem-jpg.webp\",\"width\":890,\"height\":500,\"caption\":\"Braskem: Superior Tribunal de Justi\u00e7a libera R$ 2,6 bi de dividendos\"},{\"@type\":\"BreadcrumbList\",\"@id\":\"https:\/\/www.suno.com.br\/noticias\/braskem-superior-tribunal-de-justica-libera-r-26-bi-de-dividendos\/#breadcrumb\",\"itemListElement\":[{\"@type\":\"ListItem\",\"position\":1,\"name\":\"Not\u00edcias\",\"item\":\"https:\/\/www.suno.com.br\/noticias\/\"},{\"@type\":\"ListItem\",\"position\":2,\"name\":\"Neg\u00f3cios\",\"item\":\"https:\/\/www.suno.com.br\/noticias\/negocios\/\"},{\"@type\":\"ListItem\",\"position\":3,\"name\":\"Braskem: Superior Tribunal de Justi\u00e7a libera R$ 2,6 bi de dividendos\"}]},{\"@type\":\"WebSite\",\"@id\":\"https:\/\/www.suno.com.br\/noticias\/#website\",\"url\":\"https:\/\/www.suno.com.br\/noticias\/\",\"name\":\"Suno Not\u00edcias\",\"description\":\"Seu portal de informa\u00e7\u00e3o sobre o mundo dos investimentos\",\"publisher\":{\"@id\":\"https:\/\/www.suno.com.br\/noticias\/#organization\"},\"potentialAction\":[{\"@type\":\"SearchAction\",\"target\":{\"@type\":\"EntryPoint\",\"urlTemplate\":\"https:\/\/www.suno.com.br\/noticias\/?s={search_term_string}\"},\"query-input\":{\"@type\":\"PropertyValueSpecification\",\"valueRequired\":true,\"valueName\":\"search_term_string\"}}],\"inLanguage\":\"pt-BR\"},{\"@type\":\"Organization\",\"@id\":\"https:\/\/www.suno.com.br\/noticias\/#organization\",\"name\":\"Suno Not\u00edcias\",\"url\":\"https:\/\/www.suno.com.br\/noticias\/\",\"logo\":{\"@type\":\"ImageObject\",\"inLanguage\":\"pt-BR\",\"@id\":\"https:\/\/www.suno.com.br\/noticias\/#\/schema\/logo\/image\/\",\"url\":\"https:\/\/files.sunoresearch.com.br\/n\/uploads\/2021\/09\/suno-logo.png\",\"contentUrl\":\"https:\/\/files.sunoresearch.com.br\/n\/uploads\/2021\/09\/suno-logo.png\",\"width\":180,\"height\":180,\"caption\":\"Suno Not\u00edcias\"},\"image\":{\"@id\":\"https:\/\/www.suno.com.br\/noticias\/#\/schema\/logo\/image\/\"},\"sameAs\":[\"https:\/\/facebook.com\/sunoresearch\",\"https:\/\/x.com\/sunoresearch\",\"https:\/\/www.instagram.com\/suno\",\"https:\/\/www.linkedin.com\/company\/suno-research\/\",\"https:\/\/www.youtube.com\/c\/sunoresearch\"]},{\"@type\":\"Person\",\"@id\":\"https:\/\/www.suno.com.br\/noticias\/#\/schema\/person\/e6e0f723cc177805027f4566c1d5e0c8\",\"name\":\"Carlo Cauti\",\"image\":{\"@type\":\"ImageObject\",\"inLanguage\":\"pt-BR\",\"@id\":\"https:\/\/www.suno.com.br\/noticias\/#\/schema\/person\/image\/\",\"url\":\"https:\/\/secure.gravatar.com\/avatar\/3ada9e0bd164c23abd4792a9606d583c?s=96&r=g\",\"contentUrl\":\"https:\/\/secure.gravatar.com\/avatar\/3ada9e0bd164c23abd4792a9606d583c?s=96&r=g\",\"caption\":\"Carlo Cauti\"},\"description\":\"Editor multim\u00eddia do SUNO Not\u00edcias. Italiano, formado em Ci\u00eancias Pol\u00edticas pela universidade LUISS G. Carli de Roma e mestre cum laude em Rela\u00e7\u00f5es Internacionais, Jornalismo Internacional e de Guerra e em Economia Internacional. Concluiu tamb\u00e9m um MBA em Finan\u00e7as na B3. No Brasil, teve passagem por ve\u00edculos como Estad\u00e3o, Globo, Veja e EXAME. e nas ag\u00eancias de not\u00edcias italianas ANSA e NOVA.\",\"url\":\"https:\/\/www.suno.com.br\/noticias\/author\/carlo-cauti\/\"}]}<\/script>\n<!-- \/ Yoast SEO plugin. -->","yoast_head_json":{"title":"Braskem: Superior Tribunal de Justi\u00e7a libera R$ 2,6 bi de dividendos","description":"O STJ liberou a distribui\u00e7\u00e3o de R$ 2,6 bilh\u00f5es de dividendos da Braskem para seus acionistas.Clique aqui para saber mais.","robots":{"index":"index","follow":"follow","max-snippet":"max-snippet:-1","max-image-preview":"max-image-preview:large","max-video-preview":"max-video-preview:-1"},"canonical":"https:\/\/www.suno.com.br\/noticias\/braskem-superior-tribunal-de-justica-libera-r-26-bi-de-dividendos\/","og_locale":"pt_BR","og_type":"article","og_title":"Braskem: Superior Tribunal de Justi\u00e7a libera R$ 2,6 bi de dividendos","og_description":"O STJ liberou a distribui\u00e7\u00e3o de R$ 2,6 bilh\u00f5es de dividendos da Braskem para seus acionistas.Clique aqui para saber mais.","og_url":"https:\/\/www.suno.com.br\/noticias\/braskem-superior-tribunal-de-justica-libera-r-26-bi-de-dividendos\/","og_site_name":"Suno Not\u00edcias","article_publisher":"https:\/\/facebook.com\/sunoresearch","og_image":[{"width":890,"height":500,"url":"https:\/\/files.sunoresearch.com.br\/n\/uploads\/2019\/06\/647b7fd9-braskem.jpg","type":"image\/jpeg"}],"author":"Carlo Cauti","twitter_card":"summary_large_image","twitter_creator":"@sunoresearch","twitter_site":"@sunoresearch","twitter_misc":{"Escrito por":"Carlo Cauti","Est. tempo de leitura":"3 minutos"},"schema":{"@context":"https:\/\/schema.org","@graph":[{"@type":"NewsArticle","@id":"https:\/\/www.suno.com.br\/noticias\/braskem-superior-tribunal-de-justica-libera-r-26-bi-de-dividendos\/#article","isPartOf":{"@id":"https:\/\/www.suno.com.br\/noticias\/braskem-superior-tribunal-de-justica-libera-r-26-bi-de-dividendos\/"},"author":{"name":"Carlo Cauti","@id":"https:\/\/www.suno.com.br\/noticias\/#\/schema\/person\/e6e0f723cc177805027f4566c1d5e0c8"},"headline":"Braskem: Superior Tribunal de Justi\u00e7a libera R$ 2,6 bi de dividendos","datePublished":"2019-06-13T15:57:00+00:00","dateModified":"2019-06-13T15:59:19+00:00","mainEntityOfPage":{"@id":"https:\/\/www.suno.com.br\/noticias\/braskem-superior-tribunal-de-justica-libera-r-26-bi-de-dividendos\/"},"wordCount":545,"publisher":{"@id":"https:\/\/www.suno.com.br\/noticias\/#organization"},"image":{"@id":"https:\/\/www.suno.com.br\/noticias\/braskem-superior-tribunal-de-justica-libera-r-26-bi-de-dividendos\/#primaryimage"},"thumbnailUrl":"https:\/\/files.sunoresearch.com.br\/n\/uploads\/2019\/06\/647b7fd9-braskem-jpg.webp","keywords":["Braskem (BRKM3\/BRKM5\/BRKM6)","Odebrecht","Superior Tribunal de Justi\u00e7a (STJ)"],"articleSection":["Neg\u00f3cios"],"inLanguage":"pt-BR"},{"@type":"WebPage","@id":"https:\/\/www.suno.com.br\/noticias\/braskem-superior-tribunal-de-justica-libera-r-26-bi-de-dividendos\/","url":"https:\/\/www.suno.com.br\/noticias\/braskem-superior-tribunal-de-justica-libera-r-26-bi-de-dividendos\/","name":"Braskem: Superior Tribunal de Justi\u00e7a libera R$ 2,6 bi de dividendos","isPartOf":{"@id":"https:\/\/www.suno.com.br\/noticias\/#website"},"primaryImageOfPage":{"@id":"https:\/\/www.suno.com.br\/noticias\/braskem-superior-tribunal-de-justica-libera-r-26-bi-de-dividendos\/#primaryimage"},"image":{"@id":"https:\/\/www.suno.com.br\/noticias\/braskem-superior-tribunal-de-justica-libera-r-26-bi-de-dividendos\/#primaryimage"},"thumbnailUrl":"https:\/\/files.sunoresearch.com.br\/n\/uploads\/2019\/06\/647b7fd9-braskem-jpg.webp","datePublished":"2019-06-13T15:57:00+00:00","dateModified":"2019-06-13T15:59:19+00:00","description":"O STJ liberou a distribui\u00e7\u00e3o de R$ 2,6 bilh\u00f5es de dividendos da Braskem para seus acionistas.Clique aqui para saber mais.","breadcrumb":{"@id":"https:\/\/www.suno.com.br\/noticias\/braskem-superior-tribunal-de-justica-libera-r-26-bi-de-dividendos\/#breadcrumb"},"inLanguage":"pt-BR","potentialAction":[{"@type":"ReadAction","target":["https:\/\/www.suno.com.br\/noticias\/braskem-superior-tribunal-de-justica-libera-r-26-bi-de-dividendos\/"]}]},{"@type":"ImageObject","inLanguage":"pt-BR","@id":"https:\/\/www.suno.com.br\/noticias\/braskem-superior-tribunal-de-justica-libera-r-26-bi-de-dividendos\/#primaryimage","url":"https:\/\/files.sunoresearch.com.br\/n\/uploads\/2019\/06\/647b7fd9-braskem-jpg.webp","contentUrl":"https:\/\/files.sunoresearch.com.br\/n\/uploads\/2019\/06\/647b7fd9-braskem-jpg.webp","width":890,"height":500,"caption":"Braskem: Superior Tribunal de Justi\u00e7a libera R$ 2,6 bi de dividendos"},{"@type":"BreadcrumbList","@id":"https:\/\/www.suno.com.br\/noticias\/braskem-superior-tribunal-de-justica-libera-r-26-bi-de-dividendos\/#breadcrumb","itemListElement":[{"@type":"ListItem","position":1,"name":"Not\u00edcias","item":"https:\/\/www.suno.com.br\/noticias\/"},{"@type":"ListItem","position":2,"name":"Neg\u00f3cios","item":"https:\/\/www.suno.com.br\/noticias\/negocios\/"},{"@type":"ListItem","position":3,"name":"Braskem: Superior Tribunal de Justi\u00e7a libera R$ 2,6 bi de dividendos"}]},{"@type":"WebSite","@id":"https:\/\/www.suno.com.br\/noticias\/#website","url":"https:\/\/www.suno.com.br\/noticias\/","name":"Suno Not\u00edcias","description":"Seu portal de informa\u00e7\u00e3o sobre o mundo dos investimentos","publisher":{"@id":"https:\/\/www.suno.com.br\/noticias\/#organization"},"potentialAction":[{"@type":"SearchAction","target":{"@type":"EntryPoint","urlTemplate":"https:\/\/www.suno.com.br\/noticias\/?s={search_term_string}"},"query-input":{"@type":"PropertyValueSpecification","valueRequired":true,"valueName":"search_term_string"}}],"inLanguage":"pt-BR"},{"@type":"Organization","@id":"https:\/\/www.suno.com.br\/noticias\/#organization","name":"Suno Not\u00edcias","url":"https:\/\/www.suno.com.br\/noticias\/","logo":{"@type":"ImageObject","inLanguage":"pt-BR","@id":"https:\/\/www.suno.com.br\/noticias\/#\/schema\/logo\/image\/","url":"https:\/\/files.sunoresearch.com.br\/n\/uploads\/2021\/09\/suno-logo.png","contentUrl":"https:\/\/files.sunoresearch.com.br\/n\/uploads\/2021\/09\/suno-logo.png","width":180,"height":180,"caption":"Suno Not\u00edcias"},"image":{"@id":"https:\/\/www.suno.com.br\/noticias\/#\/schema\/logo\/image\/"},"sameAs":["https:\/\/facebook.com\/sunoresearch","https:\/\/x.com\/sunoresearch","https:\/\/www.instagram.com\/suno","https:\/\/www.linkedin.com\/company\/suno-research\/","https:\/\/www.youtube.com\/c\/sunoresearch"]},{"@type":"Person","@id":"https:\/\/www.suno.com.br\/noticias\/#\/schema\/person\/e6e0f723cc177805027f4566c1d5e0c8","name":"Carlo Cauti","image":{"@type":"ImageObject","inLanguage":"pt-BR","@id":"https:\/\/www.suno.com.br\/noticias\/#\/schema\/person\/image\/","url":"https:\/\/secure.gravatar.com\/avatar\/3ada9e0bd164c23abd4792a9606d583c?s=96&r=g","contentUrl":"https:\/\/secure.gravatar.com\/avatar\/3ada9e0bd164c23abd4792a9606d583c?s=96&r=g","caption":"Carlo Cauti"},"description":"Editor multim\u00eddia do SUNO Not\u00edcias. Italiano, formado em Ci\u00eancias Pol\u00edticas pela universidade LUISS G. Carli de Roma e mestre cum laude em Rela\u00e7\u00f5es Internacionais, Jornalismo Internacional e de Guerra e em Economia Internacional. Concluiu tamb\u00e9m um MBA em Finan\u00e7as na B3. No Brasil, teve passagem por ve\u00edculos como Estad\u00e3o, Globo, Veja e EXAME. e nas ag\u00eancias de not\u00edcias italianas ANSA e NOVA.","url":"https:\/\/www.suno.com.br\/noticias\/author\/carlo-cauti\/"}]}},"default_loop_html":"<div class=\"cardsPage__listCard__boxs\"><div class=\"cardsPage__listCard__boxs__img\"><a href=\"https:\/\/www.suno.com.br\/noticias\/braskem-superior-tribunal-de-justica-libera-r-26-bi-de-dividendos\/\"><img class=\"mask\" src=\"https:\/\/www.suno.com.br\/noticias\/wp-content\/themes\/suno\/resources\/images\/spotlight\/spotlight1img\/bg-mask.png\" alt=\"Image Mask\"\/><img src=\"https:\/\/files.sunoresearch.com.br\/n\/uploads\/2019\/06\/647b7fd9-braskem-400x200.webp\" alt=\"Braskem: Superior Tribunal de Justi\u00e7a libera R$ 2,6 bi de dividendos\"\/><\/a><span class=\"spotlightCategory\"><a href=\"https:\/\/www.suno.com.br\/noticias\/negocios\/\">Neg\u00f3cios<\/a><\/span><\/div><div class=\"cardsPage__listCard__boxs__content\"><a href=\"https:\/\/www.suno.com.br\/noticias\/braskem-superior-tribunal-de-justica-libera-r-26-bi-de-dividendos\/\"><h2 class=\"content__title\">Braskem: Superior Tribunal de Justi\u00e7a libera R$ 2,6 bi de dividendos<\/h2><\/a><div class=\"newsContent__article__meta\"><div class=\"newsContent__article__meta__authorBox\"><a href=\"https:\/\/www.suno.com.br\/noticias\/author\/carlo-cauti\/\" class=\"authorBox__avatar noMobi\"><img src=\"https:\/\/files.sunoresearch.com.br\/n\/uploads\/2020\/08\/e3745f9a-perfil-carlo-cauti-150x150.webp\" alt=\"Carlo Cauti\"><\/a><div class=\"authorBox__name\"><span>por\n\t\t\t<a href=\"https:\/\/www.suno.com.br\/noticias\/author\/carlo-cauti\/\"><span itemprop=\"author\">Carlo Cauti<\/span><\/a><\/span><time datetime=\"2019-06-13T12:57:00-03:00\" itemprop=\"datePublished\">13\/06\/2019 12:57<\/time><\/div><\/div><\/div><\/div><\/div>","single_layout":"posts","amp_enabled":true,"_links":{"self":[{"href":"https:\/\/www.suno.com.br\/noticias\/wp-json\/wp\/v2\/posts\/28052"}],"collection":[{"href":"https:\/\/www.suno.com.br\/noticias\/wp-json\/wp\/v2\/posts"}],"about":[{"href":"https:\/\/www.suno.com.br\/noticias\/wp-json\/wp\/v2\/types\/post"}],"author":[{"embeddable":true,"href":"https:\/\/www.suno.com.br\/noticias\/wp-json\/wp\/v2\/users\/9"}],"replies":[{"embeddable":true,"href":"https:\/\/www.suno.com.br\/noticias\/wp-json\/wp\/v2\/comments?post=28052"}],"version-history":[{"count":0,"href":"https:\/\/www.suno.com.br\/noticias\/wp-json\/wp\/v2\/posts\/28052\/revisions"}],"wp:featuredmedia":[{"embeddable":true,"href":"https:\/\/www.suno.com.br\/noticias\/wp-json\/wp\/v2\/media\/27141"}],"wp:attachment":[{"href":"https:\/\/www.suno.com.br\/noticias\/wp-json\/wp\/v2\/media?parent=28052"}],"wp:term":[{"taxonomy":"category","embeddable":true,"href":"https:\/\/www.suno.com.br\/noticias\/wp-json\/wp\/v2\/categories?post=28052"},{"taxonomy":"post_tag","embeddable":true,"href":"https:\/\/www.suno.com.br\/noticias\/wp-json\/wp\/v2\/tags?post=28052"},{"taxonomy":"suno_strategy","embeddable":true,"href":"https:\/\/www.suno.com.br\/noticias\/wp-json\/wp\/v2\/suno_strategy?post=28052"}],"curies":[{"name":"wp","href":"https:\/\/api.w.org\/{rel}","templated":true}]}}