{"id":280511,"date":"2022-08-01T22:29:19","date_gmt":"2022-08-02T01:29:19","guid":{"rendered":"https:\/\/www.suno.com.br\/noticias\/?p=280511"},"modified":"2022-08-01T23:05:17","modified_gmt":"2022-08-02T02:05:17","slug":"weg-wege3-btg-avalia-aquisicao-italia","status":"publish","type":"post","link":"https:\/\/www.suno.com.br\/noticias\/weg-wege3-btg-avalia-aquisicao-italia\/","title":{"rendered":"Weg (WEGE3) vai \u00e0 Europa com compra na It\u00e1lia; BTG v\u00ea bom potencial de valoriza\u00e7\u00e3o"},"content":{"rendered":"<p>O BTG Pactual manteve a recomenda\u00e7\u00e3o de compra para as a\u00e7\u00f5es da<strong> <a class=\"suno-keyword\" href=\"https:\/\/www.suno.com.br\/acoes\/WEGE3\/\" target=\"_blank\" rel=\"noopener\" data-force=\"yes\" data-priority=\"2\">Weg (WEGE3)<\/a><\/strong>, ap\u00f3s o an\u00fancio, nesta segunda-feira (1\u00ba), da aquisi\u00e7\u00e3o da Gefran, fabricante italiana de sensores, componentes e equipamentos para automa\u00e7\u00e3o industrial.<\/p>\t<div class=\"wrapper-featured-image\">\n\t\t<figure class=\"spotlightImg\">\n\n\t\t\t<picture>\n\t\t\t\t<source media=\"(max-width: 768px)\" srcset=\"https:\/\/files.sunoresearch.com.br\/n\/uploads\/2022\/01\/CD-Solar-Itajai-44-400x200.jpg\">\n\t\t\t\t<img loading=\"lazy\" decoding=\"async\" class=\"newsContent__article__imgCapa lazyloadDisabled \" src=\"https:\/\/files.sunoresearch.com.br\/n\/uploads\/2022\/01\/CD-Solar-Itajai-44-800x450.jpg\" width=\"800\" height=\"450\" alt=\"Weg (WEGE3) vai \u00e0 Europa com compra na It\u00e1lia; BTG v\u00ea bom potencial de valoriza\u00e7\u00e3o\" fetchpriority=high \/>\n\t\t\t<\/picture>\n\n\t\t\t<figcaption class=\"wp-caption-text wp-caption-text--show\">Weg (WEGE3). Foto: Divulga\u00e7\u00e3o<\/figcaption>\n\t\t<\/figure>\n\t<\/div>\n\n\n\t<p>\n\t\t<a href=\"\" target=\"_blank\" data-element=\"shortcode-suno-banner\" title=\"Banner SUNO, clique e saiba mais\">\n\t\t\t<picture>\n\t\t\t\t<source media=\"(max-width: 500px)\" srcset=\"\">\n\t\t\t\t<img class=\"newsContent__article__imgCapa newsContent__article__imgCapa--banner\"\n\t\t\t\t\tsrc=\"\"\n\t\t\t\t\tdata-promo-id=\"138420\"\t\t\t\t\t\t\t\t\t\t\t\t\t\t\talt=\"\"\n\t\t\t\t>\n\t\t\t<\/picture>\n\t\t<\/a>\n\t<\/p>\n\n\n<p>A compra ocorreu com o valor estimado de R$ 122 milh\u00f5es, ou 23 milh\u00f5es de euros, respectivo a 0,1% do <a class=\"suno-keyword\" href=\"https:\/\/www.suno.com.br\/artigos\/valor-de-mercado\/\" target=\"_blank\" rel=\"noopener\" data-force=\"no\" data-priority=\"1\">valor de mercado<\/a> da Weg. Apesar do tamanho pequeno, comparado com a Weg, o BTG v\u00ea \u201calguns \u00e2ngulos estrat\u00e9gicos interessantes com a implementa\u00e7\u00e3o\u201d e projeta valoriza\u00e7\u00e3o para os <strong>pap\u00e9is da Weg<\/strong>.<\/p>\n<p>Fundada em 1960, a Gefran \u00e9 uma empresa tradicional do setor de automa\u00e7\u00e3o e est\u00e1 listada na bolsa de valores italiana sob o c\u00f3digo de GE, com um valor de mercado de aproximadamente 142 milh\u00f5es de euros.<\/p>\n<p>Em 2021, a companhia obteve uma <a class=\"suno-keyword\" href=\"https:\/\/www.suno.com.br\/artigos\/o-que-receita-liquida\/\" target=\"_blank\" rel=\"noopener\" data-force=\"no\" data-priority=\"1\">receita l\u00edquida<\/a> de 44,8 milh\u00f5es de euros e um Ebitda pr\u00f3ximo a zero. No mesmo per\u00edodo, a unidade de controle de movimentos da Gefran teve uma <strong><a class=\"suno-keyword\" href=\"https:\/\/www.suno.com.br\/artigos\/margem-ebitda\/\" target=\"_blank\" rel=\"noopener\" data-force=\"no\" data-priority=\"1\">margem Ebitda<\/a><\/strong> (lucros antes de juros, impostos, <a class=\"suno-keyword\" href=\"https:\/\/www.suno.com.br\/artigos\/depreciacao-amortizacao\/\" target=\"_blank\" rel=\"noopener\" data-force=\"no\" data-priority=\"1\">deprecia\u00e7\u00e3o e amortiza\u00e7\u00e3o<\/a>) de aproximadamente 0,6%, estando presente em mais de 70 pa\u00edses.<\/p>\n<p>\u201cDe acordo com as informa\u00e7\u00f5es financeiras da Gefran, o EBITDA de 2021 ficou pr\u00f3ximo de zero. Se assumirmos uma margem de 2% (pico do \u00faltimo ciclo de 5 anos), o m\u00faltiplo EV\/EBITDA da transa\u00e7\u00e3o impl\u00edcito seria ~25x, ainda positivo em compara\u00e7\u00e3o com o m\u00faltiplo da Weg de 35x. Mais importante, o pre\u00e7o de aquisi\u00e7\u00e3o \u00e9 ~3x o investimento acumulado da Gefran no neg\u00f3cio de controle de movimentos nos \u00faltimos 5 anos (EUR 2,6 milh\u00f5es em renova\u00e7\u00e3o de plantas, EUR 2 milh\u00f5es em melhorias de efici\u00eancia e EUR 3,5 milh\u00f5es em P&amp;D)\u201d, disse o <strong>relat\u00f3rio do BTG<\/strong>.<\/p>\n\t<p>\n\t\t<a href=\"https:\/\/lp.suno.com.br\/ebook-como-analisar-uma-acao\/\" target=\"_blank\" data-element=\"shortcode-suno-banner\" title=\"Banner SUNO, clique e saiba mais\">\n\t\t\t<picture>\n\t\t\t\t<source media=\"(max-width: 500px)\" srcset=\"https:\/\/files.sunoresearch.com.br\/n\/uploads\/2023\/03\/Ebook-Acoes-Mobile-1.jpg\">\n\t\t\t\t<img class=\"newsContent__article__imgCapa newsContent__article__imgCapa--banner\"\n\t\t\t\t\tsrc=\"https:\/\/files.sunoresearch.com.br\/n\/uploads\/2023\/03\/Ebook-Acoes-Desktop-1.jpg\"\n\t\t\t\t\tdata-promo-id=\"171998\"\t\t\t\t\t\t\t\t\t\twidth='1420' height='286'\t\t\t\t\talt=\"https:\/\/files.sunoresearch.com.br\/n\/uploads\/2023\/03\/Ebook-Acoes-Desktop-1.jpg\"\n\t\t\t\t>\n\t\t\t<\/picture>\n\t\t<\/a>\n\t<\/p>\n\n\n<h2>Como a aquisi\u00e7\u00e3o deve impactar a Weg?<\/h2>\n<p>Para come\u00e7ar, a Gefran deve ampliar a presen\u00e7a fabril da Weg na Europa, em um cen\u00e1rio em que a companhia ganha participa\u00e7\u00e3o na regi\u00e3o e atua com um modelo menos verticalizado do que seus pares, na vis\u00e3o do BTG. Al\u00e9m disso, a aquisi\u00e7\u00e3o de uma opera\u00e7\u00e3o de controle, com a qual a Gefran atua, \u00e9 complementar para os motores el\u00e9tricos da Weg.<\/p>\n<p>\u201cO mercado endere\u00e7\u00e1vel para controle de movimentos \u00e9 t\u00e3o grande quanto para motores, pois os controles de movimentos aumentam a efici\u00eancia e o desempenho dos motores\u201d, explica. Apenas 20% da frota mundial de motores el\u00e9tricos \u00e9 manuseada por aparelhos de controle de movimentos, segundo a ABB, ou seja, h\u00e1 um potencial crescimento neste \u201cgap\u201d no mercado.<\/p>\n<p>O BTG tamb\u00e9m observa que com a Gefran investindo cerca de 5% do faturamento em pesquisa e desenvolvimento, a Weg est\u00e1 buscando acelerar seus investimentos em tecnologia.<\/p>\n<p>Por fim, o BTG acredita que a Weg pode usar de sua estrat\u00e9gia inorg\u00e2nica para \u201cmanter a expans\u00e3o da receita em um cen\u00e1rio de menor crescimento global, reduzindo o risco de execu\u00e7\u00e3o do crescimento.\u201d<\/p>\n<p>Essa \u00e9 a segunda aquisi\u00e7\u00e3o do ano da Weg. A companhia anunciou anteriormente em julho uma parceria na Arg\u00e9lia, para produzir motores para eletrodom\u00e9sticos.<\/p>\n<p>O BTG v\u00ea valoriza\u00e7\u00e3o nos pap\u00e9is da Weg, com pre\u00e7o-alvo de R$ 40 em doze meses.<\/p>\n<h2>Cota\u00e7\u00e3o da Weg<\/h2>\n<p>As a\u00e7\u00f5es da Weg ca\u00edram 1% nesta segunda-feira, cotadas a R$ 27,72.<\/p>\n\t<p>\n\t\t<a href=\"https:\/\/lp.suno.com.br\/planilha-de-controle-de-investimentos\/\" target=\"_blank\" data-element=\"shortcode-suno-banner\" title=\"Banner SUNO, clique e saiba mais\">\n\t\t\t<picture>\n\t\t\t\t<source media=\"(max-width: 500px)\" srcset=\"https:\/\/files.sunoresearch.com.br\/n\/uploads\/2023\/03\/400x300-Controle-de-Investimentos.png\">\n\t\t\t\t<img class=\"newsContent__article__imgCapa newsContent__article__imgCapa--banner\"\n\t\t\t\t\tsrc=\"https:\/\/files.sunoresearch.com.br\/n\/uploads\/2023\/03\/1420x240-Controle-de-Investimentos.png\"\n\t\t\t\t\tdata-promo-id=\"75934\"\t\t\t\t\t\t\t\t\t\twidth='1420' height='240'\t\t\t\t\talt=\"https:\/\/files.sunoresearch.com.br\/n\/uploads\/2023\/03\/1420x240-Controle-de-Investimentos.png\"\n\t\t\t\t>\n\t\t\t<\/picture>\n\t\t<\/a>\n\t<\/p>\n\n\n","protected":false},"excerpt":{"rendered":"<p>O BTG Pactual manteve a recomenda\u00e7\u00e3o de compra para as a\u00e7\u00f5es da Weg (WEGE3), ap\u00f3s o an\u00fancio, nesta segunda-feira (1\u00ba), da aquisi\u00e7\u00e3o da Gefran, fabricante italiana de sensores, componentes e equipamentos para automa\u00e7\u00e3o industrial. Weg (WEGE3). Foto: Divulga\u00e7\u00e3o A compra ocorreu com o valor estimado de R$ 122 milh\u00f5es, ou 23 milh\u00f5es de euros, respectivo [&hellip;]<\/p>\n","protected":false},"author":43,"featured_media":223985,"comment_status":"closed","ping_status":"closed","sticky":false,"template":"","format":"standard","meta":[],"categories":[64],"tags":[681],"suno_strategy":[],"class_list":["post-280511","post","type-post","status-publish","format-standard","has-post-thumbnail","hentry","category-negocios","tag-weg-wege3"],"yoast_head":"<!-- This site is optimized with the Yoast SEO plugin v24.4 - https:\/\/yoast.com\/wordpress\/plugins\/seo\/ -->\n<title>Weg (WEGE3) faz aquisi\u00e7\u00e3o na It\u00e1lia; BTG v\u00ea potencial de valoriza\u00e7\u00e3o<\/title>\n<meta name=\"description\" content=\"O BTG manteve a recomenda\u00e7\u00e3o de compra para as a\u00e7\u00f5es da Weg (WEGE3), ap\u00f3s o an\u00fancio, nesta segunda-feira (1\u00ba), da aquisi\u00e7\u00e3o da Gefran\" \/>\n<meta name=\"robots\" content=\"index, follow, max-snippet:-1, max-image-preview:large, max-video-preview:-1\" \/>\n<link rel=\"canonical\" href=\"https:\/\/www.suno.com.br\/noticias\/weg-wege3-btg-avalia-aquisicao-italia\/\" \/>\n<meta property=\"og:locale\" content=\"pt_BR\" \/>\n<meta property=\"og:type\" content=\"article\" \/>\n<meta property=\"og:title\" content=\"Weg (WEGE3) faz aquisi\u00e7\u00e3o na It\u00e1lia; BTG v\u00ea potencial de valoriza\u00e7\u00e3o\" \/>\n<meta property=\"og:description\" content=\"O BTG manteve a recomenda\u00e7\u00e3o de compra para as a\u00e7\u00f5es da Weg (WEGE3), ap\u00f3s o an\u00fancio, nesta segunda-feira (1\u00ba), da aquisi\u00e7\u00e3o da Gefran\" \/>\n<meta property=\"og:url\" content=\"https:\/\/www.suno.com.br\/noticias\/weg-wege3-btg-avalia-aquisicao-italia\/\" \/>\n<meta property=\"og:site_name\" content=\"Suno Not\u00edcias\" \/>\n<meta property=\"article:publisher\" content=\"https:\/\/facebook.com\/sunoresearch\" \/>\n<meta property=\"article:author\" content=\"https:\/\/www.facebook.com\/sunonoticias\/\" \/>\n<meta property=\"og:image\" content=\"https:\/\/files.sunoresearch.com.br\/n\/uploads\/2022\/01\/CD-Solar-Itajai-44-scaled.jpg\" \/>\n\t<meta property=\"og:image:width\" content=\"2560\" \/>\n\t<meta property=\"og:image:height\" content=\"1705\" \/>\n\t<meta property=\"og:image:type\" content=\"image\/jpeg\" \/>\n<meta name=\"author\" content=\"Reda\u00e7\u00e3o Suno Not\u00edcias\" \/>\n<meta name=\"twitter:card\" content=\"summary_large_image\" \/>\n<meta name=\"twitter:creator\" content=\"@https:\/\/twitter.com\/sunoresearch\" \/>\n<meta name=\"twitter:site\" content=\"@sunoresearch\" \/>\n<meta name=\"twitter:label1\" content=\"Escrito por\" \/>\n\t<meta name=\"twitter:data1\" content=\"Reda\u00e7\u00e3o Suno Not\u00edcias\" \/>\n\t<meta name=\"twitter:label2\" content=\"Est. tempo de leitura\" \/>\n\t<meta name=\"twitter:data2\" content=\"3 minutos\" \/>\n<script type=\"application\/ld+json\" class=\"yoast-schema-graph\">{\"@context\":\"https:\/\/schema.org\",\"@graph\":[{\"@type\":\"NewsArticle\",\"@id\":\"https:\/\/www.suno.com.br\/noticias\/weg-wege3-btg-avalia-aquisicao-italia\/#article\",\"isPartOf\":{\"@id\":\"https:\/\/www.suno.com.br\/noticias\/weg-wege3-btg-avalia-aquisicao-italia\/\"},\"author\":{\"name\":\"Reda\u00e7\u00e3o Suno Not\u00edcias\",\"@id\":\"https:\/\/www.suno.com.br\/noticias\/#\/schema\/person\/c1b1bd3727fa852bd045e9dbff3673ea\"},\"headline\":\"Weg (WEGE3) vai \u00e0 Europa com compra na It\u00e1lia; BTG v\u00ea bom potencial de valoriza\u00e7\u00e3o\",\"datePublished\":\"2022-08-02T01:29:19+00:00\",\"dateModified\":\"2022-08-02T02:05:17+00:00\",\"mainEntityOfPage\":{\"@id\":\"https:\/\/www.suno.com.br\/noticias\/weg-wege3-btg-avalia-aquisicao-italia\/\"},\"wordCount\":579,\"publisher\":{\"@id\":\"https:\/\/www.suno.com.br\/noticias\/#organization\"},\"image\":{\"@id\":\"https:\/\/www.suno.com.br\/noticias\/weg-wege3-btg-avalia-aquisicao-italia\/#primaryimage\"},\"thumbnailUrl\":\"https:\/\/files.sunoresearch.com.br\/n\/uploads\/2022\/01\/CD-Solar-Itajai-44-scaled.jpg\",\"keywords\":[\"Weg (WEGE3)\"],\"articleSection\":[\"Neg\u00f3cios\"],\"inLanguage\":\"pt-BR\"},{\"@type\":\"WebPage\",\"@id\":\"https:\/\/www.suno.com.br\/noticias\/weg-wege3-btg-avalia-aquisicao-italia\/\",\"url\":\"https:\/\/www.suno.com.br\/noticias\/weg-wege3-btg-avalia-aquisicao-italia\/\",\"name\":\"Weg (WEGE3) faz aquisi\u00e7\u00e3o na It\u00e1lia; BTG v\u00ea potencial de valoriza\u00e7\u00e3o\",\"isPartOf\":{\"@id\":\"https:\/\/www.suno.com.br\/noticias\/#website\"},\"primaryImageOfPage\":{\"@id\":\"https:\/\/www.suno.com.br\/noticias\/weg-wege3-btg-avalia-aquisicao-italia\/#primaryimage\"},\"image\":{\"@id\":\"https:\/\/www.suno.com.br\/noticias\/weg-wege3-btg-avalia-aquisicao-italia\/#primaryimage\"},\"thumbnailUrl\":\"https:\/\/files.sunoresearch.com.br\/n\/uploads\/2022\/01\/CD-Solar-Itajai-44-scaled.jpg\",\"datePublished\":\"2022-08-02T01:29:19+00:00\",\"dateModified\":\"2022-08-02T02:05:17+00:00\",\"description\":\"O BTG manteve a recomenda\u00e7\u00e3o de compra para as a\u00e7\u00f5es da Weg (WEGE3), ap\u00f3s o an\u00fancio, nesta segunda-feira (1\u00ba), da aquisi\u00e7\u00e3o da Gefran\",\"breadcrumb\":{\"@id\":\"https:\/\/www.suno.com.br\/noticias\/weg-wege3-btg-avalia-aquisicao-italia\/#breadcrumb\"},\"inLanguage\":\"pt-BR\",\"potentialAction\":[{\"@type\":\"ReadAction\",\"target\":[\"https:\/\/www.suno.com.br\/noticias\/weg-wege3-btg-avalia-aquisicao-italia\/\"]}]},{\"@type\":\"ImageObject\",\"inLanguage\":\"pt-BR\",\"@id\":\"https:\/\/www.suno.com.br\/noticias\/weg-wege3-btg-avalia-aquisicao-italia\/#primaryimage\",\"url\":\"https:\/\/files.sunoresearch.com.br\/n\/uploads\/2022\/01\/CD-Solar-Itajai-44-scaled.jpg\",\"contentUrl\":\"https:\/\/files.sunoresearch.com.br\/n\/uploads\/2022\/01\/CD-Solar-Itajai-44-scaled.jpg\",\"width\":2560,\"height\":1705,\"caption\":\"Weg (WEGE3). Foto: Divulga\u00e7\u00e3o\"},{\"@type\":\"BreadcrumbList\",\"@id\":\"https:\/\/www.suno.com.br\/noticias\/weg-wege3-btg-avalia-aquisicao-italia\/#breadcrumb\",\"itemListElement\":[{\"@type\":\"ListItem\",\"position\":1,\"name\":\"Not\u00edcias\",\"item\":\"https:\/\/www.suno.com.br\/noticias\/\"},{\"@type\":\"ListItem\",\"position\":2,\"name\":\"Neg\u00f3cios\",\"item\":\"https:\/\/www.suno.com.br\/noticias\/negocios\/\"},{\"@type\":\"ListItem\",\"position\":3,\"name\":\"Weg (WEGE3) vai \u00e0 Europa com compra na It\u00e1lia; BTG v\u00ea bom potencial de valoriza\u00e7\u00e3o\"}]},{\"@type\":\"WebSite\",\"@id\":\"https:\/\/www.suno.com.br\/noticias\/#website\",\"url\":\"https:\/\/www.suno.com.br\/noticias\/\",\"name\":\"Suno Not\u00edcias\",\"description\":\"Seu portal de informa\u00e7\u00e3o sobre o mundo dos investimentos\",\"publisher\":{\"@id\":\"https:\/\/www.suno.com.br\/noticias\/#organization\"},\"potentialAction\":[{\"@type\":\"SearchAction\",\"target\":{\"@type\":\"EntryPoint\",\"urlTemplate\":\"https:\/\/www.suno.com.br\/noticias\/?s={search_term_string}\"},\"query-input\":{\"@type\":\"PropertyValueSpecification\",\"valueRequired\":true,\"valueName\":\"search_term_string\"}}],\"inLanguage\":\"pt-BR\"},{\"@type\":\"Organization\",\"@id\":\"https:\/\/www.suno.com.br\/noticias\/#organization\",\"name\":\"Suno Not\u00edcias\",\"url\":\"https:\/\/www.suno.com.br\/noticias\/\",\"logo\":{\"@type\":\"ImageObject\",\"inLanguage\":\"pt-BR\",\"@id\":\"https:\/\/www.suno.com.br\/noticias\/#\/schema\/logo\/image\/\",\"url\":\"https:\/\/files.sunoresearch.com.br\/n\/uploads\/2021\/09\/suno-logo.png\",\"contentUrl\":\"https:\/\/files.sunoresearch.com.br\/n\/uploads\/2021\/09\/suno-logo.png\",\"width\":180,\"height\":180,\"caption\":\"Suno Not\u00edcias\"},\"image\":{\"@id\":\"https:\/\/www.suno.com.br\/noticias\/#\/schema\/logo\/image\/\"},\"sameAs\":[\"https:\/\/facebook.com\/sunoresearch\",\"https:\/\/x.com\/sunoresearch\",\"https:\/\/www.instagram.com\/suno\",\"https:\/\/www.linkedin.com\/company\/suno-research\/\",\"https:\/\/www.youtube.com\/c\/sunoresearch\"]},{\"@type\":\"Person\",\"@id\":\"https:\/\/www.suno.com.br\/noticias\/#\/schema\/person\/c1b1bd3727fa852bd045e9dbff3673ea\",\"name\":\"Reda\u00e7\u00e3o Suno Not\u00edcias\",\"image\":{\"@type\":\"ImageObject\",\"inLanguage\":\"pt-BR\",\"@id\":\"https:\/\/www.suno.com.br\/noticias\/#\/schema\/person\/image\/\",\"url\":\"https:\/\/secure.gravatar.com\/avatar\/b8104b9b5a71985d5238ee59fbe418af?s=96&r=g\",\"contentUrl\":\"https:\/\/secure.gravatar.com\/avatar\/b8104b9b5a71985d5238ee59fbe418af?s=96&r=g\",\"caption\":\"Reda\u00e7\u00e3o Suno Not\u00edcias\"},\"description\":\"O Suno Not\u00edcias \u00e9 um portal de informa\u00e7\u00f5es sobre Mercado Financeiro, Pol\u00edtica, Neg\u00f3cios, Economia e Finan\u00e7as Pessoais.\",\"sameAs\":[\"https:\/\/www.suno.com.br\/noticias\",\"https:\/\/www.facebook.com\/sunonoticias\/\",\"https:\/\/www.instagram.com\/sunonoticias\/\",\"https:\/\/x.com\/https:\/\/twitter.com\/sunoresearch\",\"https:\/\/www.youtube.com\/sunonoticias\"],\"url\":\"https:\/\/www.suno.com.br\/noticias\/author\/redacao-suno\/\"}]}<\/script>\n<!-- \/ Yoast SEO plugin. -->","yoast_head_json":{"title":"Weg (WEGE3) faz aquisi\u00e7\u00e3o na It\u00e1lia; BTG v\u00ea potencial de valoriza\u00e7\u00e3o","description":"O BTG manteve a recomenda\u00e7\u00e3o de compra para as a\u00e7\u00f5es da Weg (WEGE3), ap\u00f3s o an\u00fancio, nesta segunda-feira (1\u00ba), da aquisi\u00e7\u00e3o da Gefran","robots":{"index":"index","follow":"follow","max-snippet":"max-snippet:-1","max-image-preview":"max-image-preview:large","max-video-preview":"max-video-preview:-1"},"canonical":"https:\/\/www.suno.com.br\/noticias\/weg-wege3-btg-avalia-aquisicao-italia\/","og_locale":"pt_BR","og_type":"article","og_title":"Weg (WEGE3) faz aquisi\u00e7\u00e3o na It\u00e1lia; BTG v\u00ea potencial de valoriza\u00e7\u00e3o","og_description":"O BTG manteve a recomenda\u00e7\u00e3o de compra para as a\u00e7\u00f5es da Weg (WEGE3), ap\u00f3s o an\u00fancio, nesta segunda-feira (1\u00ba), da aquisi\u00e7\u00e3o da Gefran","og_url":"https:\/\/www.suno.com.br\/noticias\/weg-wege3-btg-avalia-aquisicao-italia\/","og_site_name":"Suno Not\u00edcias","article_publisher":"https:\/\/facebook.com\/sunoresearch","article_author":"https:\/\/www.facebook.com\/sunonoticias\/","og_image":[{"width":2560,"height":1705,"url":"https:\/\/files.sunoresearch.com.br\/n\/uploads\/2022\/01\/CD-Solar-Itajai-44-scaled.jpg","type":"image\/jpeg"}],"author":"Reda\u00e7\u00e3o Suno Not\u00edcias","twitter_card":"summary_large_image","twitter_creator":"@https:\/\/twitter.com\/sunoresearch","twitter_site":"@sunoresearch","twitter_misc":{"Escrito por":"Reda\u00e7\u00e3o Suno Not\u00edcias","Est. tempo de leitura":"3 minutos"},"schema":{"@context":"https:\/\/schema.org","@graph":[{"@type":"NewsArticle","@id":"https:\/\/www.suno.com.br\/noticias\/weg-wege3-btg-avalia-aquisicao-italia\/#article","isPartOf":{"@id":"https:\/\/www.suno.com.br\/noticias\/weg-wege3-btg-avalia-aquisicao-italia\/"},"author":{"name":"Reda\u00e7\u00e3o Suno Not\u00edcias","@id":"https:\/\/www.suno.com.br\/noticias\/#\/schema\/person\/c1b1bd3727fa852bd045e9dbff3673ea"},"headline":"Weg (WEGE3) vai \u00e0 Europa com compra na It\u00e1lia; BTG v\u00ea bom potencial de valoriza\u00e7\u00e3o","datePublished":"2022-08-02T01:29:19+00:00","dateModified":"2022-08-02T02:05:17+00:00","mainEntityOfPage":{"@id":"https:\/\/www.suno.com.br\/noticias\/weg-wege3-btg-avalia-aquisicao-italia\/"},"wordCount":579,"publisher":{"@id":"https:\/\/www.suno.com.br\/noticias\/#organization"},"image":{"@id":"https:\/\/www.suno.com.br\/noticias\/weg-wege3-btg-avalia-aquisicao-italia\/#primaryimage"},"thumbnailUrl":"https:\/\/files.sunoresearch.com.br\/n\/uploads\/2022\/01\/CD-Solar-Itajai-44-scaled.jpg","keywords":["Weg (WEGE3)"],"articleSection":["Neg\u00f3cios"],"inLanguage":"pt-BR"},{"@type":"WebPage","@id":"https:\/\/www.suno.com.br\/noticias\/weg-wege3-btg-avalia-aquisicao-italia\/","url":"https:\/\/www.suno.com.br\/noticias\/weg-wege3-btg-avalia-aquisicao-italia\/","name":"Weg (WEGE3) faz aquisi\u00e7\u00e3o na It\u00e1lia; BTG v\u00ea potencial de valoriza\u00e7\u00e3o","isPartOf":{"@id":"https:\/\/www.suno.com.br\/noticias\/#website"},"primaryImageOfPage":{"@id":"https:\/\/www.suno.com.br\/noticias\/weg-wege3-btg-avalia-aquisicao-italia\/#primaryimage"},"image":{"@id":"https:\/\/www.suno.com.br\/noticias\/weg-wege3-btg-avalia-aquisicao-italia\/#primaryimage"},"thumbnailUrl":"https:\/\/files.sunoresearch.com.br\/n\/uploads\/2022\/01\/CD-Solar-Itajai-44-scaled.jpg","datePublished":"2022-08-02T01:29:19+00:00","dateModified":"2022-08-02T02:05:17+00:00","description":"O BTG manteve a recomenda\u00e7\u00e3o de compra para as a\u00e7\u00f5es da Weg (WEGE3), ap\u00f3s o an\u00fancio, nesta segunda-feira (1\u00ba), da aquisi\u00e7\u00e3o da Gefran","breadcrumb":{"@id":"https:\/\/www.suno.com.br\/noticias\/weg-wege3-btg-avalia-aquisicao-italia\/#breadcrumb"},"inLanguage":"pt-BR","potentialAction":[{"@type":"ReadAction","target":["https:\/\/www.suno.com.br\/noticias\/weg-wege3-btg-avalia-aquisicao-italia\/"]}]},{"@type":"ImageObject","inLanguage":"pt-BR","@id":"https:\/\/www.suno.com.br\/noticias\/weg-wege3-btg-avalia-aquisicao-italia\/#primaryimage","url":"https:\/\/files.sunoresearch.com.br\/n\/uploads\/2022\/01\/CD-Solar-Itajai-44-scaled.jpg","contentUrl":"https:\/\/files.sunoresearch.com.br\/n\/uploads\/2022\/01\/CD-Solar-Itajai-44-scaled.jpg","width":2560,"height":1705,"caption":"Weg (WEGE3). Foto: Divulga\u00e7\u00e3o"},{"@type":"BreadcrumbList","@id":"https:\/\/www.suno.com.br\/noticias\/weg-wege3-btg-avalia-aquisicao-italia\/#breadcrumb","itemListElement":[{"@type":"ListItem","position":1,"name":"Not\u00edcias","item":"https:\/\/www.suno.com.br\/noticias\/"},{"@type":"ListItem","position":2,"name":"Neg\u00f3cios","item":"https:\/\/www.suno.com.br\/noticias\/negocios\/"},{"@type":"ListItem","position":3,"name":"Weg (WEGE3) vai \u00e0 Europa com compra na It\u00e1lia; BTG v\u00ea bom potencial de valoriza\u00e7\u00e3o"}]},{"@type":"WebSite","@id":"https:\/\/www.suno.com.br\/noticias\/#website","url":"https:\/\/www.suno.com.br\/noticias\/","name":"Suno Not\u00edcias","description":"Seu portal de informa\u00e7\u00e3o sobre o mundo dos investimentos","publisher":{"@id":"https:\/\/www.suno.com.br\/noticias\/#organization"},"potentialAction":[{"@type":"SearchAction","target":{"@type":"EntryPoint","urlTemplate":"https:\/\/www.suno.com.br\/noticias\/?s={search_term_string}"},"query-input":{"@type":"PropertyValueSpecification","valueRequired":true,"valueName":"search_term_string"}}],"inLanguage":"pt-BR"},{"@type":"Organization","@id":"https:\/\/www.suno.com.br\/noticias\/#organization","name":"Suno Not\u00edcias","url":"https:\/\/www.suno.com.br\/noticias\/","logo":{"@type":"ImageObject","inLanguage":"pt-BR","@id":"https:\/\/www.suno.com.br\/noticias\/#\/schema\/logo\/image\/","url":"https:\/\/files.sunoresearch.com.br\/n\/uploads\/2021\/09\/suno-logo.png","contentUrl":"https:\/\/files.sunoresearch.com.br\/n\/uploads\/2021\/09\/suno-logo.png","width":180,"height":180,"caption":"Suno Not\u00edcias"},"image":{"@id":"https:\/\/www.suno.com.br\/noticias\/#\/schema\/logo\/image\/"},"sameAs":["https:\/\/facebook.com\/sunoresearch","https:\/\/x.com\/sunoresearch","https:\/\/www.instagram.com\/suno","https:\/\/www.linkedin.com\/company\/suno-research\/","https:\/\/www.youtube.com\/c\/sunoresearch"]},{"@type":"Person","@id":"https:\/\/www.suno.com.br\/noticias\/#\/schema\/person\/c1b1bd3727fa852bd045e9dbff3673ea","name":"Reda\u00e7\u00e3o Suno Not\u00edcias","image":{"@type":"ImageObject","inLanguage":"pt-BR","@id":"https:\/\/www.suno.com.br\/noticias\/#\/schema\/person\/image\/","url":"https:\/\/secure.gravatar.com\/avatar\/b8104b9b5a71985d5238ee59fbe418af?s=96&r=g","contentUrl":"https:\/\/secure.gravatar.com\/avatar\/b8104b9b5a71985d5238ee59fbe418af?s=96&r=g","caption":"Reda\u00e7\u00e3o Suno Not\u00edcias"},"description":"O Suno Not\u00edcias \u00e9 um portal de informa\u00e7\u00f5es sobre Mercado Financeiro, Pol\u00edtica, Neg\u00f3cios, Economia e Finan\u00e7as Pessoais.","sameAs":["https:\/\/www.suno.com.br\/noticias","https:\/\/www.facebook.com\/sunonoticias\/","https:\/\/www.instagram.com\/sunonoticias\/","https:\/\/x.com\/https:\/\/twitter.com\/sunoresearch","https:\/\/www.youtube.com\/sunonoticias"],"url":"https:\/\/www.suno.com.br\/noticias\/author\/redacao-suno\/"}]}},"default_loop_html":"<div class=\"cardsPage__listCard__boxs\"><div class=\"cardsPage__listCard__boxs__img\"><a href=\"https:\/\/www.suno.com.br\/noticias\/weg-wege3-btg-avalia-aquisicao-italia\/\"><img class=\"mask\" src=\"https:\/\/www.suno.com.br\/noticias\/wp-content\/themes\/suno\/resources\/images\/spotlight\/spotlight1img\/bg-mask.png\" alt=\"Image Mask\"\/><img src=\"https:\/\/files.sunoresearch.com.br\/n\/uploads\/2022\/01\/CD-Solar-Itajai-44-400x200.jpg\" alt=\"Weg (WEGE3) vai \u00e0 Europa com compra na It\u00e1lia; BTG v\u00ea bom potencial de valoriza\u00e7\u00e3o\"\/><\/a><span class=\"spotlightCategory\"><a href=\"https:\/\/www.suno.com.br\/noticias\/negocios\/\">Neg\u00f3cios<\/a><\/span><\/div><div class=\"cardsPage__listCard__boxs__content\"><a href=\"https:\/\/www.suno.com.br\/noticias\/weg-wege3-btg-avalia-aquisicao-italia\/\"><h2 class=\"content__title\">Weg (WEGE3) vai \u00e0 Europa com compra na It\u00e1lia; BTG v\u00ea bom potencial de valoriza\u00e7\u00e3o<\/h2><\/a><div class=\"newsContent__article__meta\"><div class=\"newsContent__article__meta__authorBox\"><a href=\"https:\/\/www.suno.com.br\/noticias\/author\/redacao-suno\/\" class=\"authorBox__avatar noMobi\"><img src=\"https:\/\/files.sunoresearch.com.br\/n\/uploads\/2020\/08\/0ace682d-redacao-1-150x150.webp\" alt=\"Reda\u00e7\u00e3o Suno Not\u00edcias\"><\/a><div class=\"authorBox__name\"><span>por\n\t\t\t<a href=\"https:\/\/www.suno.com.br\/noticias\/author\/redacao-suno\/\"><span itemprop=\"author\">Reda\u00e7\u00e3o Suno Not\u00edcias<\/span><\/a><\/span><time datetime=\"2022-08-01T22:29:19-03:00\" itemprop=\"datePublished\">01\/08\/2022 22:29<\/time><\/div><\/div><\/div><\/div><\/div>","single_layout":"posts","amp_enabled":true,"_links":{"self":[{"href":"https:\/\/www.suno.com.br\/noticias\/wp-json\/wp\/v2\/posts\/280511"}],"collection":[{"href":"https:\/\/www.suno.com.br\/noticias\/wp-json\/wp\/v2\/posts"}],"about":[{"href":"https:\/\/www.suno.com.br\/noticias\/wp-json\/wp\/v2\/types\/post"}],"author":[{"embeddable":true,"href":"https:\/\/www.suno.com.br\/noticias\/wp-json\/wp\/v2\/users\/43"}],"replies":[{"embeddable":true,"href":"https:\/\/www.suno.com.br\/noticias\/wp-json\/wp\/v2\/comments?post=280511"}],"version-history":[{"count":1,"href":"https:\/\/www.suno.com.br\/noticias\/wp-json\/wp\/v2\/posts\/280511\/revisions"}],"predecessor-version":[{"id":280512,"href":"https:\/\/www.suno.com.br\/noticias\/wp-json\/wp\/v2\/posts\/280511\/revisions\/280512"}],"wp:featuredmedia":[{"embeddable":true,"href":"https:\/\/www.suno.com.br\/noticias\/wp-json\/wp\/v2\/media\/223985"}],"wp:attachment":[{"href":"https:\/\/www.suno.com.br\/noticias\/wp-json\/wp\/v2\/media?parent=280511"}],"wp:term":[{"taxonomy":"category","embeddable":true,"href":"https:\/\/www.suno.com.br\/noticias\/wp-json\/wp\/v2\/categories?post=280511"},{"taxonomy":"post_tag","embeddable":true,"href":"https:\/\/www.suno.com.br\/noticias\/wp-json\/wp\/v2\/tags?post=280511"},{"taxonomy":"suno_strategy","embeddable":true,"href":"https:\/\/www.suno.com.br\/noticias\/wp-json\/wp\/v2\/suno_strategy?post=280511"}],"curies":[{"name":"wp","href":"https:\/\/api.w.org\/{rel}","templated":true}]}}