{"id":280502,"date":"2022-08-02T09:36:22","date_gmt":"2022-08-02T12:36:22","guid":{"rendered":"https:\/\/www.suno.com.br\/noticias\/?p=280502"},"modified":"2022-08-02T09:36:22","modified_gmt":"2022-08-02T12:36:22","slug":"bolsonaro-combustiveis-lobby","status":"publish","type":"post","link":"https:\/\/www.suno.com.br\/noticias\/bolsonaro-combustiveis-lobby\/","title":{"rendered":"Bolsonaro diz que &#8216;n\u00e3o foi f\u00e1cil lutar contra lobby dos combust\u00edveis&#8217;"},"content":{"rendered":"<p>O presidente Jair <strong>Bolsonaro<\/strong> (PL) disse que &#8220;n\u00e3o foi f\u00e1cil&#8221; <a href=\"https:\/\/www.suno.com.br\/noticias\/pec-dos-combustiveis-retira-trecho-estado-de-emergencia\/\">lutar contra o que ele chamou de lobby dos combust\u00edveis<\/a>.<\/p><div class=\"videoFull videoFull--noRadius\">\n\t\t\t<div class=\"videoWrapper yt-lazyload center\"\n\t\t\t\tdata-width=\"960\"\n\t\t\t\tdata-height=\"540\"\n\t\t\t\tdata-id=\"oWeHZHnwNz0\"\n\t\t\t\tdata-alt=\"Veja o Morning Call desta ter\u00e7a (02\/08)\"\n\t\t\t\tdata-logo=\"3\"\n\t\t\t\tdata-imagequality=\"maxres\">\n\t\t\t<\/div>\n\t\t<\/div><span class=\"videoFull__caption videoFull__caption--show\">Veja o Morning Call desta ter\u00e7a (02\/08)<p><\/p><\/span><script type=\"application\/ld+json\">{\"@context\":\"https:\/\/schema.org\",\"@type\":\"VideoObject\",\"name\":\"EUA X China: Bolsas mundiais recuam | Vale (VALE3) e Petrobras (PETR4) no radar | Petr\u00f3leo cai\",\"description\":\"\ud83d\uddde\ufe0f \ud835\udc12\ud835\udc14\ud835\udc0d\ud835\udc0e \ud835\udc02\ud835\udc00\ud835\udc0b\ud835\udc0b: \ud835\udc13\ud835\udc2e\ud835\udc1d\ud835\udc28 \ud835\udc2a\ud835\udc2e\ud835\udc1e \ud835\udc2f\ud835\udc28\ud835\udc1c\u00ea \ud835\udc29\ud835\udc2b\ud835\udc1e\ud835\udc1c\ud835\udc22\ud835\udc2c\ud835\udc1a \ud835\udc2c\ud835\udc1a\ud835\udc1b\ud835\udc1e\ud835\udc2b \ud835\udc29\ud835\udc1a\ud835\udc2b\ud835\udc1a \ud835\udc1c\ud835\udc28\ud835\udc26\ud835\udc1e\u00e7\ud835\udc1a\ud835\udc2b \ud835\udc28 \ud835\udc1d\ud835\udc22\ud835\udc1a \ud835\udc2e\ud835\udc26 \ud835\udc29\ud835\udc1a\ud835\udc2c\ud835\udc2c\ud835\udc28 \u00e0 \ud835\udc1f\ud835\udc2b\ud835\udc1e\ud835\udc27\ud835\udc2d\ud835\udc1e \ud83d\udc49 https:\/\/lp.suno.com.br\/suno-call\/?utm_source=youtube.noticias&utm_medium=video&utm_campaign=cadastro-newslettersunocall.20220110&utm_content= EUA X China: Bolsas mundiais recuam | Vale (VALE3) e Petrobras (PETR4) no radar | Petr\u00f3leo cai | MORNING CALL | 02\/08 | Ter\u00e7a-feira Nesta ter\u00e7a-feira (2), o sentimento do mercado em rela\u00e7\u00e3o \u00e0s tens\u00f5es geopol\u00edticas decorrentes\u2026\",\"duration\":\"PT19M7S\",\"embedUrl\":\"https:\/\/www.youtube.com\/embed\/oWeHZHnwNz0\",\"regionsAllowed\":\"pt-BR\",\"interactionStatistic\":{\"@type\":\"InteractionCounter\",\"interactionType\":{\"@type\":\"WatchAction\"},\"userInteractionCount\":3059},\"thumbnailUrl\":\"https:\/\/i.ytimg.com\/vi\/oWeHZHnwNz0\/default.jpg\",\"uploadDate\":\"2022-08-02T12:22:00Z\"}<\/script>\n\n\t<p>\n\t\t<a href=\"\" target=\"_blank\" data-element=\"shortcode-suno-banner\" title=\"Banner SUNO, clique e saiba mais\">\n\t\t\t<picture>\n\t\t\t\t<source media=\"(max-width: 500px)\" srcset=\"\">\n\t\t\t\t<img class=\"newsContent__article__imgCapa newsContent__article__imgCapa--banner\"\n\t\t\t\t\tsrc=\"\"\n\t\t\t\t\tdata-promo-id=\"240038\"\t\t\t\t\t\t\t\t\t\t\t\t\t\t\talt=\"\"\n\t\t\t\t>\n\t\t\t<\/picture>\n\t\t<\/a>\n\t<\/p>\n\n\n<p>A <strong>fala de Bolsonaro<\/strong> se d\u00e1 ap\u00f3s, \u00e0s v\u00e9speras das elei\u00e7\u00f5es, o governo patrocinar uma s\u00e9rie de medidas, aprovadas no Congresso, para tentar alavancar a popularidade do chefe do Executivo, candidato \u00e0 reelei\u00e7\u00e3o.<\/p>\n<p>Alguns exemplos s\u00e3o o teto para o <strong><a href=\"https:\/\/www.suno.com.br\/artigos\/icms\/\">ICMS<\/a><\/strong>, a venda direta de etanol e a emenda constitucional que decretou estado de emerg\u00eancia no Pa\u00eds para permitir o aumento do Aux\u00edlio Brasil a R$ 600 e a concess\u00e3o de benef\u00edcios a taxistas e caminhoneiros.<\/p>\n<p>&#8220;N\u00e3o foi f\u00e1cil lutar contra o <strong>lobby dos combust\u00edveis<\/strong>. \u00c9 o mais organizado. Uma das coisas que ajudaram a baixar o pre\u00e7o do etanol foi a venda direta&#8221;, disse Bolsonaro a apoiadores, ao retornar ao Pal\u00e1cio da Alvorada nesta segunda, 1\u00ba.<\/p>\n\t<p>\n\t\t<a href=\"https:\/\/lp.suno.com.br\/planilha-controle-gastos\/\" target=\"_blank\" data-element=\"shortcode-suno-banner\" title=\"Banner SUNO, clique e saiba mais\">\n\t\t\t<picture>\n\t\t\t\t<source media=\"(max-width: 500px)\" srcset=\"https:\/\/files.sunoresearch.com.br\/n\/uploads\/2023\/03\/400x300-Planilha-controle-de-gastos.png\">\n\t\t\t\t<img class=\"newsContent__article__imgCapa newsContent__article__imgCapa--banner\"\n\t\t\t\t\tsrc=\"https:\/\/files.sunoresearch.com.br\/n\/uploads\/2023\/03\/1420x240-Planilha-controle-de-gastos.png\"\n\t\t\t\t\tdata-promo-id=\"101751\"\t\t\t\t\t\t\t\t\t\twidth='1420' height='240'\t\t\t\t\talt=\"https:\/\/files.sunoresearch.com.br\/n\/uploads\/2023\/03\/1420x240-Planilha-controle-de-gastos.png\"\n\t\t\t\t>\n\t\t\t<\/picture>\n\t\t<\/a>\n\t<\/p>\n\n\n<p>&#8220;O usineiro viajava 200, 300, 400, 500 quil\u00f4metros at\u00e9 uma distribuidora e depois voltava para casa. N\u00e3o foi f\u00e1cil a gente botar um ponto final no lobby das distribuidoras&#8221;, emendou o presidente.<\/p>\n<h2>Bolsonaro aposta em &#8216;teto do ICMS&#8217; para reelei\u00e7\u00e3o<\/h2>\n<p>Com apoio da base governista e tamb\u00e9m da oposi\u00e7\u00e3o, o <a href=\"https:\/\/www.suno.com.br\/noticias\/mais-estados-reduzem-icms-gasolina-confira\/\">Congresso aprovou em junho a cria\u00e7\u00e3o de um teto de 17% para o ICMS<\/a> &#8211; imposto cobrado nos Estados &#8211; sobre combust\u00edveis, energia el\u00e9trica, transporte coletivo e telecomunica\u00e7\u00f5es. Com a lei em vigor, o pre\u00e7o da gasolina, por exemplo, caiu nos postos.<\/p>\n<p>Essa \u00e9 uma das apostas da campanha de Bolsonaro \u00e0 reelei\u00e7\u00e3o, em meio ao desconforto da popula\u00e7\u00e3o com o aumento da infla\u00e7\u00e3o.<\/p>\n<p>Alguns Estados, como S\u00e3o Paulo e Piau\u00ed, conseguiram neste domingo, 3, uma liminar no <a href=\"https:\/\/portal.stf.jus.br\/\">Supremo Tribunal Federal (STF)<\/a> que permite a compensa\u00e7\u00e3o imediata das perdas de arrecada\u00e7\u00e3o com o corte nas al\u00edquotas do ICMS, por meio do abatimento da d\u00edvida com a Uni\u00e3o.<\/p>\n<p>A perspectiva de queda nas receitas com o tributo fez com que os governos estaduais tentassem, sem sucesso, impedir no Congresso a aprova\u00e7\u00e3o do teto.<\/p>\n\t<p>\n\t\t<a href=\"https:\/\/lp.suno.com.br\/planilha-da-vida-financeira\/\" target=\"_blank\" data-element=\"shortcode-suno-banner\" title=\"Banner SUNO, clique e saiba mais\">\n\t\t\t<picture>\n\t\t\t\t<source media=\"(max-width: 500px)\" srcset=\"https:\/\/files.sunoresearch.com.br\/n\/uploads\/2023\/04\/400x300-Planilha-vida-financeira-true.png\">\n\t\t\t\t<img class=\"newsContent__article__imgCapa newsContent__article__imgCapa--banner\"\n\t\t\t\t\tsrc=\"https:\/\/files.sunoresearch.com.br\/n\/uploads\/2023\/04\/1420x240-Planilha-vida-financeira-true.png\"\n\t\t\t\t\tdata-promo-id=\"106682\"\t\t\t\t\t\t\t\t\t\twidth='1420' height='240'\t\t\t\t\talt=\"https:\/\/files.sunoresearch.com.br\/n\/uploads\/2023\/04\/1420x240-Planilha-vida-financeira-true.png\"\n\t\t\t\t>\n\t\t\t<\/picture>\n\t\t<\/a>\n\t<\/p>\n\n\n<p>Tamb\u00e9m em junho, o Legislativo aprovou a autoriza\u00e7\u00e3o para produtores e importadores de etanol venderem diretamente aos postos de combust\u00edveis.<\/p>\n<p>Al\u00e9m de liberar a venda direta de etanol, a lei tamb\u00e9m fez ajustes na tributa\u00e7\u00e3o de PIS\/Pasep sobre a cadeia de produ\u00e7\u00e3o e de comercializa\u00e7\u00e3o de etanol hidratado combust\u00edvel.<\/p>\n<p class=\"newsProviderSignature\">Com Estad\u00e3o Conte\u00fado<\/p>\n\t<p>\n\t\t<a href=\"https:\/\/lp.suno.com.br\/ebook-como-analisar-uma-acao\/\" target=\"_blank\" data-element=\"shortcode-suno-banner\" title=\"Banner SUNO, clique e saiba mais\">\n\t\t\t<picture>\n\t\t\t\t<source media=\"(max-width: 500px)\" srcset=\"https:\/\/files.sunoresearch.com.br\/n\/uploads\/2023\/03\/Ebook-Acoes-Mobile-1.jpg\">\n\t\t\t\t<img class=\"newsContent__article__imgCapa newsContent__article__imgCapa--banner\"\n\t\t\t\t\tsrc=\"https:\/\/files.sunoresearch.com.br\/n\/uploads\/2023\/03\/Ebook-Acoes-Desktop-1.jpg\"\n\t\t\t\t\tdata-promo-id=\"171998\"\t\t\t\t\t\t\t\t\t\twidth='1420' height='286'\t\t\t\t\talt=\"https:\/\/files.sunoresearch.com.br\/n\/uploads\/2023\/03\/Ebook-Acoes-Desktop-1.jpg\"\n\t\t\t\t>\n\t\t\t<\/picture>\n\t\t<\/a>\n\t<\/p>\n\n\n","protected":false},"excerpt":{"rendered":"<p>O presidente Jair Bolsonaro (PL) disse que &#8220;n\u00e3o foi f\u00e1cil&#8221; lutar contra o que ele chamou de lobby dos combust\u00edveis. Veja o Morning Call desta ter\u00e7a (02\/08) A fala de Bolsonaro se d\u00e1 ap\u00f3s, \u00e0s v\u00e9speras das elei\u00e7\u00f5es, o governo patrocinar uma s\u00e9rie de medidas, aprovadas no Congresso, para tentar alavancar a popularidade do chefe [&hellip;]<\/p>\n","protected":false},"author":73,"featured_media":265457,"comment_status":"closed","ping_status":"closed","sticky":false,"template":"","format":"standard","meta":[],"categories":[61],"tags":[106444,719],"suno_strategy":[],"class_list":["post-280502","post","type-post","status-publish","format-standard","has-post-thumbnail","hentry","category-politica","tag-agencias","tag-jair-bolsonaro"],"yoast_head":"<!-- This site is optimized with the Yoast SEO plugin v24.4 - https:\/\/yoast.com\/wordpress\/plugins\/seo\/ -->\n<title>Bolsonaro diz que &#039;n\u00e3o foi f\u00e1cil lutar contra lobby dos combust\u00edveis&#039;<\/title>\n<meta name=\"description\" content=\"A fala de Bolsonaro se d\u00e1 ap\u00f3s o governo patrocinar uma s\u00e9rie de medidas para tentar alavancar a sua reelei\u00e7\u00e3o. Clique aqui e confira!\" \/>\n<meta name=\"robots\" content=\"index, follow, max-snippet:-1, max-image-preview:large, max-video-preview:-1\" \/>\n<link rel=\"canonical\" href=\"https:\/\/www.suno.com.br\/noticias\/bolsonaro-combustiveis-lobby\/\" \/>\n<meta property=\"og:locale\" content=\"pt_BR\" \/>\n<meta property=\"og:type\" content=\"article\" \/>\n<meta property=\"og:title\" content=\"Bolsonaro diz que &#039;n\u00e3o foi f\u00e1cil lutar contra lobby dos combust\u00edveis&#039;\" \/>\n<meta property=\"og:description\" content=\"A fala de Bolsonaro se d\u00e1 ap\u00f3s o governo patrocinar uma s\u00e9rie de medidas para tentar alavancar a sua reelei\u00e7\u00e3o. Clique aqui e confira!\" \/>\n<meta property=\"og:url\" content=\"https:\/\/www.suno.com.br\/noticias\/bolsonaro-combustiveis-lobby\/\" \/>\n<meta property=\"og:site_name\" content=\"Suno Not\u00edcias\" \/>\n<meta property=\"article:publisher\" content=\"https:\/\/facebook.com\/sunoresearch\" \/>\n<meta property=\"og:image\" content=\"https:\/\/files.sunoresearch.com.br\/n\/uploads\/2022\/06\/jair-bolsonaro.jpg\" \/>\n\t<meta property=\"og:image:width\" content=\"1280\" \/>\n\t<meta property=\"og:image:height\" content=\"853\" \/>\n\t<meta property=\"og:image:type\" content=\"image\/jpeg\" \/>\n<meta name=\"author\" content=\"Eduardo Vargas\" \/>\n<meta name=\"twitter:card\" content=\"summary_large_image\" \/>\n<meta name=\"twitter:creator\" content=\"@sunoresearch\" \/>\n<meta name=\"twitter:site\" content=\"@sunoresearch\" \/>\n<meta name=\"twitter:label1\" content=\"Escrito por\" \/>\n\t<meta name=\"twitter:data1\" content=\"Eduardo Vargas\" \/>\n\t<meta name=\"twitter:label2\" content=\"Est. tempo de leitura\" \/>\n\t<meta name=\"twitter:data2\" content=\"3 minutos\" \/>\n<script type=\"application\/ld+json\" class=\"yoast-schema-graph\">{\"@context\":\"https:\/\/schema.org\",\"@graph\":[{\"@type\":\"NewsArticle\",\"@id\":\"https:\/\/www.suno.com.br\/noticias\/bolsonaro-combustiveis-lobby\/#article\",\"isPartOf\":{\"@id\":\"https:\/\/www.suno.com.br\/noticias\/bolsonaro-combustiveis-lobby\/\"},\"author\":{\"name\":\"Eduardo Vargas\",\"@id\":\"https:\/\/www.suno.com.br\/noticias\/#\/schema\/person\/7f4d362bf3518e76090143ae77bb49a5\"},\"headline\":\"Bolsonaro diz que &#8216;n\u00e3o foi f\u00e1cil lutar contra lobby dos combust\u00edveis&#8217;\",\"datePublished\":\"2022-08-02T12:36:22+00:00\",\"mainEntityOfPage\":{\"@id\":\"https:\/\/www.suno.com.br\/noticias\/bolsonaro-combustiveis-lobby\/\"},\"wordCount\":437,\"publisher\":{\"@id\":\"https:\/\/www.suno.com.br\/noticias\/#organization\"},\"image\":{\"@id\":\"https:\/\/www.suno.com.br\/noticias\/bolsonaro-combustiveis-lobby\/#primaryimage\"},\"thumbnailUrl\":\"https:\/\/files.sunoresearch.com.br\/n\/uploads\/2022\/06\/jair-bolsonaro.jpg\",\"keywords\":[\"Ag\u00eancias\",\"Jair Bolsonaro\"],\"articleSection\":[\"Pol\u00edtica\"],\"inLanguage\":\"pt-BR\"},{\"@type\":\"WebPage\",\"@id\":\"https:\/\/www.suno.com.br\/noticias\/bolsonaro-combustiveis-lobby\/\",\"url\":\"https:\/\/www.suno.com.br\/noticias\/bolsonaro-combustiveis-lobby\/\",\"name\":\"Bolsonaro diz que 'n\u00e3o foi f\u00e1cil lutar contra lobby dos combust\u00edveis'\",\"isPartOf\":{\"@id\":\"https:\/\/www.suno.com.br\/noticias\/#website\"},\"primaryImageOfPage\":{\"@id\":\"https:\/\/www.suno.com.br\/noticias\/bolsonaro-combustiveis-lobby\/#primaryimage\"},\"image\":{\"@id\":\"https:\/\/www.suno.com.br\/noticias\/bolsonaro-combustiveis-lobby\/#primaryimage\"},\"thumbnailUrl\":\"https:\/\/files.sunoresearch.com.br\/n\/uploads\/2022\/06\/jair-bolsonaro.jpg\",\"datePublished\":\"2022-08-02T12:36:22+00:00\",\"description\":\"A fala de Bolsonaro se d\u00e1 ap\u00f3s o governo patrocinar uma s\u00e9rie de medidas para tentar alavancar a sua reelei\u00e7\u00e3o. Clique aqui e confira!\",\"breadcrumb\":{\"@id\":\"https:\/\/www.suno.com.br\/noticias\/bolsonaro-combustiveis-lobby\/#breadcrumb\"},\"inLanguage\":\"pt-BR\",\"potentialAction\":[{\"@type\":\"ReadAction\",\"target\":[\"https:\/\/www.suno.com.br\/noticias\/bolsonaro-combustiveis-lobby\/\"]}]},{\"@type\":\"ImageObject\",\"inLanguage\":\"pt-BR\",\"@id\":\"https:\/\/www.suno.com.br\/noticias\/bolsonaro-combustiveis-lobby\/#primaryimage\",\"url\":\"https:\/\/files.sunoresearch.com.br\/n\/uploads\/2022\/06\/jair-bolsonaro.jpg\",\"contentUrl\":\"https:\/\/files.sunoresearch.com.br\/n\/uploads\/2022\/06\/jair-bolsonaro.jpg\",\"width\":1280,\"height\":853,\"caption\":\"Ex-presidente Jair Bolsonaro. Foto: Fabio Rodrigues-Pozzebom\/Ag\u00eancia Brasil\"},{\"@type\":\"BreadcrumbList\",\"@id\":\"https:\/\/www.suno.com.br\/noticias\/bolsonaro-combustiveis-lobby\/#breadcrumb\",\"itemListElement\":[{\"@type\":\"ListItem\",\"position\":1,\"name\":\"Not\u00edcias\",\"item\":\"https:\/\/www.suno.com.br\/noticias\/\"},{\"@type\":\"ListItem\",\"position\":2,\"name\":\"Pol\u00edtica\",\"item\":\"https:\/\/www.suno.com.br\/noticias\/politica\/\"},{\"@type\":\"ListItem\",\"position\":3,\"name\":\"Bolsonaro diz que &#8216;n\u00e3o foi f\u00e1cil lutar contra lobby dos combust\u00edveis&#8217;\"}]},{\"@type\":\"WebSite\",\"@id\":\"https:\/\/www.suno.com.br\/noticias\/#website\",\"url\":\"https:\/\/www.suno.com.br\/noticias\/\",\"name\":\"Suno Not\u00edcias\",\"description\":\"Seu portal de informa\u00e7\u00e3o sobre o mundo dos investimentos\",\"publisher\":{\"@id\":\"https:\/\/www.suno.com.br\/noticias\/#organization\"},\"potentialAction\":[{\"@type\":\"SearchAction\",\"target\":{\"@type\":\"EntryPoint\",\"urlTemplate\":\"https:\/\/www.suno.com.br\/noticias\/?s={search_term_string}\"},\"query-input\":{\"@type\":\"PropertyValueSpecification\",\"valueRequired\":true,\"valueName\":\"search_term_string\"}}],\"inLanguage\":\"pt-BR\"},{\"@type\":\"Organization\",\"@id\":\"https:\/\/www.suno.com.br\/noticias\/#organization\",\"name\":\"Suno Not\u00edcias\",\"url\":\"https:\/\/www.suno.com.br\/noticias\/\",\"logo\":{\"@type\":\"ImageObject\",\"inLanguage\":\"pt-BR\",\"@id\":\"https:\/\/www.suno.com.br\/noticias\/#\/schema\/logo\/image\/\",\"url\":\"https:\/\/files.sunoresearch.com.br\/n\/uploads\/2021\/09\/suno-logo.png\",\"contentUrl\":\"https:\/\/files.sunoresearch.com.br\/n\/uploads\/2021\/09\/suno-logo.png\",\"width\":180,\"height\":180,\"caption\":\"Suno Not\u00edcias\"},\"image\":{\"@id\":\"https:\/\/www.suno.com.br\/noticias\/#\/schema\/logo\/image\/\"},\"sameAs\":[\"https:\/\/facebook.com\/sunoresearch\",\"https:\/\/x.com\/sunoresearch\",\"https:\/\/www.instagram.com\/suno\",\"https:\/\/www.linkedin.com\/company\/suno-research\/\",\"https:\/\/www.youtube.com\/c\/sunoresearch\"]},{\"@type\":\"Person\",\"@id\":\"https:\/\/www.suno.com.br\/noticias\/#\/schema\/person\/7f4d362bf3518e76090143ae77bb49a5\",\"name\":\"Eduardo Vargas\",\"image\":{\"@type\":\"ImageObject\",\"inLanguage\":\"pt-BR\",\"@id\":\"https:\/\/www.suno.com.br\/noticias\/#\/schema\/person\/image\/\",\"url\":\"https:\/\/secure.gravatar.com\/avatar\/dac340933427a22924c9f99d1eb2e3f2?s=96&r=g\",\"contentUrl\":\"https:\/\/secure.gravatar.com\/avatar\/dac340933427a22924c9f99d1eb2e3f2?s=96&r=g\",\"caption\":\"Eduardo Vargas\"},\"description\":\"Jornalista formado pela UFSC, cobre macroeconomia, neg\u00f3cios e startups para o Suno Not\u00edcias, escrevendo principalmente not\u00edcias sobre o mercado financeiro e a bolsa de valores. No YouTube e no Instagram, \u00e9 respons\u00e1vel pela produ\u00e7\u00e3o de Reels e Shorts do Suno Not\u00edcias. Anteriormente, trabalhou cobrindo economia e cotidiano no ND+ e para o ND, maior jornal impresso de Santa Catarina. Cursou um semestre letivo de Estudos de M\u00eddia na Universidad de Buenos Aires.\",\"url\":\"https:\/\/www.suno.com.br\/noticias\/author\/eduardo-vargas\/\"}]}<\/script>\n<!-- \/ Yoast SEO plugin. -->","yoast_head_json":{"title":"Bolsonaro diz que 'n\u00e3o foi f\u00e1cil lutar contra lobby dos combust\u00edveis'","description":"A fala de Bolsonaro se d\u00e1 ap\u00f3s o governo patrocinar uma s\u00e9rie de medidas para tentar alavancar a sua reelei\u00e7\u00e3o. Clique aqui e confira!","robots":{"index":"index","follow":"follow","max-snippet":"max-snippet:-1","max-image-preview":"max-image-preview:large","max-video-preview":"max-video-preview:-1"},"canonical":"https:\/\/www.suno.com.br\/noticias\/bolsonaro-combustiveis-lobby\/","og_locale":"pt_BR","og_type":"article","og_title":"Bolsonaro diz que 'n\u00e3o foi f\u00e1cil lutar contra lobby dos combust\u00edveis'","og_description":"A fala de Bolsonaro se d\u00e1 ap\u00f3s o governo patrocinar uma s\u00e9rie de medidas para tentar alavancar a sua reelei\u00e7\u00e3o. Clique aqui e confira!","og_url":"https:\/\/www.suno.com.br\/noticias\/bolsonaro-combustiveis-lobby\/","og_site_name":"Suno Not\u00edcias","article_publisher":"https:\/\/facebook.com\/sunoresearch","og_image":[{"width":1280,"height":853,"url":"https:\/\/files.sunoresearch.com.br\/n\/uploads\/2022\/06\/jair-bolsonaro.jpg","type":"image\/jpeg"}],"author":"Eduardo Vargas","twitter_card":"summary_large_image","twitter_creator":"@sunoresearch","twitter_site":"@sunoresearch","twitter_misc":{"Escrito por":"Eduardo Vargas","Est. tempo de leitura":"3 minutos"},"schema":{"@context":"https:\/\/schema.org","@graph":[{"@type":"NewsArticle","@id":"https:\/\/www.suno.com.br\/noticias\/bolsonaro-combustiveis-lobby\/#article","isPartOf":{"@id":"https:\/\/www.suno.com.br\/noticias\/bolsonaro-combustiveis-lobby\/"},"author":{"name":"Eduardo Vargas","@id":"https:\/\/www.suno.com.br\/noticias\/#\/schema\/person\/7f4d362bf3518e76090143ae77bb49a5"},"headline":"Bolsonaro diz que &#8216;n\u00e3o foi f\u00e1cil lutar contra lobby dos combust\u00edveis&#8217;","datePublished":"2022-08-02T12:36:22+00:00","mainEntityOfPage":{"@id":"https:\/\/www.suno.com.br\/noticias\/bolsonaro-combustiveis-lobby\/"},"wordCount":437,"publisher":{"@id":"https:\/\/www.suno.com.br\/noticias\/#organization"},"image":{"@id":"https:\/\/www.suno.com.br\/noticias\/bolsonaro-combustiveis-lobby\/#primaryimage"},"thumbnailUrl":"https:\/\/files.sunoresearch.com.br\/n\/uploads\/2022\/06\/jair-bolsonaro.jpg","keywords":["Ag\u00eancias","Jair Bolsonaro"],"articleSection":["Pol\u00edtica"],"inLanguage":"pt-BR"},{"@type":"WebPage","@id":"https:\/\/www.suno.com.br\/noticias\/bolsonaro-combustiveis-lobby\/","url":"https:\/\/www.suno.com.br\/noticias\/bolsonaro-combustiveis-lobby\/","name":"Bolsonaro diz que 'n\u00e3o foi f\u00e1cil lutar contra lobby dos combust\u00edveis'","isPartOf":{"@id":"https:\/\/www.suno.com.br\/noticias\/#website"},"primaryImageOfPage":{"@id":"https:\/\/www.suno.com.br\/noticias\/bolsonaro-combustiveis-lobby\/#primaryimage"},"image":{"@id":"https:\/\/www.suno.com.br\/noticias\/bolsonaro-combustiveis-lobby\/#primaryimage"},"thumbnailUrl":"https:\/\/files.sunoresearch.com.br\/n\/uploads\/2022\/06\/jair-bolsonaro.jpg","datePublished":"2022-08-02T12:36:22+00:00","description":"A fala de Bolsonaro se d\u00e1 ap\u00f3s o governo patrocinar uma s\u00e9rie de medidas para tentar alavancar a sua reelei\u00e7\u00e3o. Clique aqui e confira!","breadcrumb":{"@id":"https:\/\/www.suno.com.br\/noticias\/bolsonaro-combustiveis-lobby\/#breadcrumb"},"inLanguage":"pt-BR","potentialAction":[{"@type":"ReadAction","target":["https:\/\/www.suno.com.br\/noticias\/bolsonaro-combustiveis-lobby\/"]}]},{"@type":"ImageObject","inLanguage":"pt-BR","@id":"https:\/\/www.suno.com.br\/noticias\/bolsonaro-combustiveis-lobby\/#primaryimage","url":"https:\/\/files.sunoresearch.com.br\/n\/uploads\/2022\/06\/jair-bolsonaro.jpg","contentUrl":"https:\/\/files.sunoresearch.com.br\/n\/uploads\/2022\/06\/jair-bolsonaro.jpg","width":1280,"height":853,"caption":"Ex-presidente Jair Bolsonaro. Foto: Fabio Rodrigues-Pozzebom\/Ag\u00eancia Brasil"},{"@type":"BreadcrumbList","@id":"https:\/\/www.suno.com.br\/noticias\/bolsonaro-combustiveis-lobby\/#breadcrumb","itemListElement":[{"@type":"ListItem","position":1,"name":"Not\u00edcias","item":"https:\/\/www.suno.com.br\/noticias\/"},{"@type":"ListItem","position":2,"name":"Pol\u00edtica","item":"https:\/\/www.suno.com.br\/noticias\/politica\/"},{"@type":"ListItem","position":3,"name":"Bolsonaro diz que &#8216;n\u00e3o foi f\u00e1cil lutar contra lobby dos combust\u00edveis&#8217;"}]},{"@type":"WebSite","@id":"https:\/\/www.suno.com.br\/noticias\/#website","url":"https:\/\/www.suno.com.br\/noticias\/","name":"Suno Not\u00edcias","description":"Seu portal de informa\u00e7\u00e3o sobre o mundo dos investimentos","publisher":{"@id":"https:\/\/www.suno.com.br\/noticias\/#organization"},"potentialAction":[{"@type":"SearchAction","target":{"@type":"EntryPoint","urlTemplate":"https:\/\/www.suno.com.br\/noticias\/?s={search_term_string}"},"query-input":{"@type":"PropertyValueSpecification","valueRequired":true,"valueName":"search_term_string"}}],"inLanguage":"pt-BR"},{"@type":"Organization","@id":"https:\/\/www.suno.com.br\/noticias\/#organization","name":"Suno Not\u00edcias","url":"https:\/\/www.suno.com.br\/noticias\/","logo":{"@type":"ImageObject","inLanguage":"pt-BR","@id":"https:\/\/www.suno.com.br\/noticias\/#\/schema\/logo\/image\/","url":"https:\/\/files.sunoresearch.com.br\/n\/uploads\/2021\/09\/suno-logo.png","contentUrl":"https:\/\/files.sunoresearch.com.br\/n\/uploads\/2021\/09\/suno-logo.png","width":180,"height":180,"caption":"Suno Not\u00edcias"},"image":{"@id":"https:\/\/www.suno.com.br\/noticias\/#\/schema\/logo\/image\/"},"sameAs":["https:\/\/facebook.com\/sunoresearch","https:\/\/x.com\/sunoresearch","https:\/\/www.instagram.com\/suno","https:\/\/www.linkedin.com\/company\/suno-research\/","https:\/\/www.youtube.com\/c\/sunoresearch"]},{"@type":"Person","@id":"https:\/\/www.suno.com.br\/noticias\/#\/schema\/person\/7f4d362bf3518e76090143ae77bb49a5","name":"Eduardo Vargas","image":{"@type":"ImageObject","inLanguage":"pt-BR","@id":"https:\/\/www.suno.com.br\/noticias\/#\/schema\/person\/image\/","url":"https:\/\/secure.gravatar.com\/avatar\/dac340933427a22924c9f99d1eb2e3f2?s=96&r=g","contentUrl":"https:\/\/secure.gravatar.com\/avatar\/dac340933427a22924c9f99d1eb2e3f2?s=96&r=g","caption":"Eduardo Vargas"},"description":"Jornalista formado pela UFSC, cobre macroeconomia, neg\u00f3cios e startups para o Suno Not\u00edcias, escrevendo principalmente not\u00edcias sobre o mercado financeiro e a bolsa de valores. No YouTube e no Instagram, \u00e9 respons\u00e1vel pela produ\u00e7\u00e3o de Reels e Shorts do Suno Not\u00edcias. Anteriormente, trabalhou cobrindo economia e cotidiano no ND+ e para o ND, maior jornal impresso de Santa Catarina. Cursou um semestre letivo de Estudos de M\u00eddia na Universidad de Buenos Aires.","url":"https:\/\/www.suno.com.br\/noticias\/author\/eduardo-vargas\/"}]}},"default_loop_html":"<div class=\"cardsPage__listCard__boxs\"><div class=\"cardsPage__listCard__boxs__img\"><a href=\"https:\/\/www.suno.com.br\/noticias\/bolsonaro-combustiveis-lobby\/\"><img class=\"mask\" src=\"https:\/\/www.suno.com.br\/noticias\/wp-content\/themes\/suno\/resources\/images\/spotlight\/spotlight1img\/bg-mask.png\" alt=\"Image Mask\"\/><img src=\"https:\/\/files.sunoresearch.com.br\/n\/uploads\/2022\/06\/jair-bolsonaro-400x200.jpg\" alt=\"Bolsonaro diz que &#8216;n\u00e3o foi f\u00e1cil lutar contra lobby dos combust\u00edveis&#8217;\"\/><\/a><span class=\"spotlightCategory\"><a href=\"https:\/\/www.suno.com.br\/noticias\/politica\/\">Pol\u00edtica<\/a><\/span><\/div><div class=\"cardsPage__listCard__boxs__content\"><a href=\"https:\/\/www.suno.com.br\/noticias\/bolsonaro-combustiveis-lobby\/\"><h2 class=\"content__title\">Bolsonaro diz que &#8216;n\u00e3o foi f\u00e1cil lutar contra lobby dos combust\u00edveis&#8217;<\/h2><\/a><div class=\"newsContent__article__meta\"><div class=\"newsContent__article__meta__authorBox\"><a href=\"https:\/\/www.suno.com.br\/noticias\/author\/eduardo-vargas\/\" class=\"authorBox__avatar noMobi\"><img src=\"https:\/\/secure.gravatar.com\/avatar\/dac340933427a22924c9f99d1eb2e3f2?s=96&#038;r=g\" alt=\"Eduardo Vargas\"><\/a><div class=\"authorBox__name\"><span>por\n\t\t\t<a href=\"https:\/\/www.suno.com.br\/noticias\/author\/eduardo-vargas\/\"><span itemprop=\"author\">Eduardo Vargas<\/span><\/a><\/span><time datetime=\"2022-08-02T09:36:22-03:00\" itemprop=\"datePublished\">02\/08\/2022 09:36<\/time><\/div><\/div><\/div><\/div><\/div>","single_layout":"posts","amp_enabled":true,"_links":{"self":[{"href":"https:\/\/www.suno.com.br\/noticias\/wp-json\/wp\/v2\/posts\/280502"}],"collection":[{"href":"https:\/\/www.suno.com.br\/noticias\/wp-json\/wp\/v2\/posts"}],"about":[{"href":"https:\/\/www.suno.com.br\/noticias\/wp-json\/wp\/v2\/types\/post"}],"author":[{"embeddable":true,"href":"https:\/\/www.suno.com.br\/noticias\/wp-json\/wp\/v2\/users\/73"}],"replies":[{"embeddable":true,"href":"https:\/\/www.suno.com.br\/noticias\/wp-json\/wp\/v2\/comments?post=280502"}],"version-history":[{"count":2,"href":"https:\/\/www.suno.com.br\/noticias\/wp-json\/wp\/v2\/posts\/280502\/revisions"}],"predecessor-version":[{"id":280563,"href":"https:\/\/www.suno.com.br\/noticias\/wp-json\/wp\/v2\/posts\/280502\/revisions\/280563"}],"wp:featuredmedia":[{"embeddable":true,"href":"https:\/\/www.suno.com.br\/noticias\/wp-json\/wp\/v2\/media\/265457"}],"wp:attachment":[{"href":"https:\/\/www.suno.com.br\/noticias\/wp-json\/wp\/v2\/media?parent=280502"}],"wp:term":[{"taxonomy":"category","embeddable":true,"href":"https:\/\/www.suno.com.br\/noticias\/wp-json\/wp\/v2\/categories?post=280502"},{"taxonomy":"post_tag","embeddable":true,"href":"https:\/\/www.suno.com.br\/noticias\/wp-json\/wp\/v2\/tags?post=280502"},{"taxonomy":"suno_strategy","embeddable":true,"href":"https:\/\/www.suno.com.br\/noticias\/wp-json\/wp\/v2\/suno_strategy?post=280502"}],"curies":[{"name":"wp","href":"https:\/\/api.w.org\/{rel}","templated":true}]}}