{"id":28039,"date":"2019-06-13T11:59:11","date_gmt":"2019-06-13T14:59:11","guid":{"rendered":"https:\/\/www.suno.com.br\/noticias\/?p=28039"},"modified":"2019-06-13T11:59:41","modified_gmt":"2019-06-13T14:59:41","slug":"oi-recebe-propostas-unitel","status":"publish","type":"post","link":"https:\/\/www.suno.com.br\/noticias\/oi-recebe-propostas-unitel\/","title":{"rendered":"Oi recebe duas propostas para vender a\u00e7\u00e3o em tele angolana Unitel"},"content":{"rendered":"<p>A Oi (OIBR3) recebeu duas propostas para vender sua participa\u00e7\u00e3o de 25% no capital na empresa angolana <strong>Unitel.<\/strong> As propostas de compra da participa\u00e7\u00e3o na maior operadora de telefonia m\u00f3vel de Angola\u00a0vieram dos demais acionistas da empresa.<\/p>\t<div class=\"wrapper-featured-image\">\n\t\t<figure class=\"spotlightImg\">\n\n\t\t\t<picture>\n\t\t\t\t<source media=\"(max-width: 768px)\" srcset=\"https:\/\/files.sunoresearch.com.br\/n\/uploads\/2019\/06\/57f275e2-oi-400x200.webp\">\n\t\t\t\t<img loading=\"lazy\" decoding=\"async\" class=\"newsContent__article__imgCapa lazyloadDisabled newsContent__article__imgCapa--noCaption\" src=\"https:\/\/files.sunoresearch.com.br\/n\/uploads\/2019\/06\/57f275e2-oi-jpg.webp\" width=\"800\" height=\"450\" alt=\"Oi recebe duas propostas para vender a\u00e7\u00e3o em tele angolana Unitel\" fetchpriority=high \/>\n\t\t\t<\/picture>\n\n\t\t\t<figcaption class=\"wp-caption-text wp-caption-text--hide\">A Oi recebeu da AGU um desconto de quase 50% em sua d\u00edvida de R$ 14,3 bilh\u00f5es com a Anatel<\/figcaption>\n\t\t<\/figure>\n\t<\/div>\n\n\n\t<p>\n\t\t<a href=\"https:\/\/lp.suno.com.br\/minicurso-valuation\/\" target=\"_blank\" data-element=\"shortcode-suno-banner\" title=\"Banner SUNO, clique e saiba mais\">\n\t\t\t<picture>\n\t\t\t\t<source media=\"(max-width: 500px)\" srcset=\"https:\/\/files.sunoresearch.com.br\/n\/uploads\/2023\/03\/400x300-Minicurso-Valuation.png\">\n\t\t\t\t<img class=\"newsContent__article__imgCapa newsContent__article__imgCapa--banner\"\n\t\t\t\t\tsrc=\"https:\/\/files.sunoresearch.com.br\/n\/uploads\/2023\/03\/1420x240-Minicurso-Valuation.png\"\n\t\t\t\t\tdata-promo-id=\"383160\"\t\t\t\t\t\t\t\t\t\twidth='1420' height='240'\t\t\t\t\talt=\"https:\/\/files.sunoresearch.com.br\/n\/uploads\/2023\/03\/1420x240-Minicurso-Valuation.png\"\n\t\t\t\t>\n\t\t\t<\/picture>\n\t\t<\/a>\n\t<\/p>\n\n\n<p>A venda de ativos \u00e9 considerada um passos fundamental no processo de <a href=\"https:\/\/www.suno.com.br\/artigos\/recuperacao-judicial\/\"><strong>recupera\u00e7\u00e3o judicial<\/strong><\/a> da <strong>Oi.<\/strong> A operadora brasileira entrou com um pedido de recupera\u00e7\u00e3o judicial em 2016.<\/p>\n<p><a href=\"https:\/\/www.suno.com.br\/noticias\/oi-receita-prejudicada-1t19\/\">Saiba mais &#8211; Oi: Queda no tr\u00e1fego de voz afetou a receita e o lucro da empresa no 1T19<\/a><\/p>\n<p>A <strong>Unitel<\/strong> foi adquirida gra\u00e7as ao suporte financeiro do <a href=\"https:\/\/www.suno.com.br\/artigos\/bndespar\/\"><strong>Banco Nacional de Desenvolvimento Econ\u00f4mico e Social (BNDES)<\/strong> <\/a>durante o governo do <strong>Partido dos Trabalhadores (PT)<\/strong>.<\/p>\n<h2>Duas propostas<\/h2>\n<p>Uma das propostas de venda na <strong>Unitel<\/strong> teria sido apresentada por\u00a0Isabel dos Santos. A filha do ex-presidente de <strong>Angola,<\/strong> Jos\u00e9 Eduardo dos Santos, \u00e9 uma das mulheres mais ricas da <strong>\u00c1frica,<\/strong> possuindo 25% da operadora telef\u00f4nica angolana. A proposta de dos Santos seria de\u00a0US$ 850 milh\u00f5es.<\/p>\n\t<p>\n\t\t<a href=\"https:\/\/lp.suno.com.br\/ao\/sessao-estrategica-consultoria-c\/?utm_source=suno-noticias&#038;utm_medium=banner&#038;utm_campaing=dividendos-taxacao-pl\" target=\"_blank\" data-element=\"shortcode-suno-banner\" title=\"Banner SUNO, clique e saiba mais\">\n\t\t\t<picture>\n\t\t\t\t<source media=\"(max-width: 500px)\" srcset=\"https:\/\/files.sunoresearch.com.br\/n\/uploads\/2025\/09\/300x400.webp\">\n\t\t\t\t<img class=\"newsContent__article__imgCapa newsContent__article__imgCapa--banner\"\n\t\t\t\t\tsrc=\"https:\/\/files.sunoresearch.com.br\/n\/uploads\/2025\/09\/SN-DT-1420x240-1.webp\"\n\t\t\t\t\tdata-promo-id=\"628283\"\t\t\t\t\t\t\t\t\t\twidth='1420' height='240'\t\t\t\t\talt=\"https:\/\/files.sunoresearch.com.br\/n\/uploads\/2025\/09\/SN-DT-1420x240-1.webp\"\n\t\t\t\t>\n\t\t\t<\/picture>\n\t\t<\/a>\n\t<\/p>\n\n\n<p>A segunda oferta foi da\u00a0<strong>Sonangol,<\/strong>\u00a0 estatal petrol\u00edfera angolana, tamb\u00e9m dona de 25% da operadora. A empresa teria proposto US$ 1 bilh\u00e3o \u00e0 vista para a participa\u00e7\u00e3o da <strong>Oi<\/strong> na telef\u00f4nica.<\/p>\n<p><a href=\"https:\/\/www.suno.com.br\/noticias\/oi-ira-investir-aumentara-rede-fibra-otica\/\">Saiba mais: Oi vai investir R$ 7 bilh\u00f5es para aumentar rede de fibra \u00f3tica\u00a0<\/a><\/p>\n<p>As duas propostas foram teriam sido apresentadas ao conselho de administra\u00e7\u00e3o da <strong>Oi<\/strong> no dia 29 de maio. O respons\u00e1vel por veicular as ofertas foi o diretor financeiro e de rela\u00e7\u00f5es com investidores, Carlos Brand\u00e3o.<\/p>\n\t<p>\n\t\t<a href=\"https:\/\/lp.suno.com.br\/ebook-guia-ir\/\" target=\"_blank\" data-element=\"shortcode-suno-banner\" title=\"Banner SUNO, clique e saiba mais\">\n\t\t\t<picture>\n\t\t\t\t<source media=\"(max-width: 500px)\" srcset=\"https:\/\/files.sunoresearch.com.br\/n\/uploads\/2023\/03\/400x300-Ebook-IR.png\">\n\t\t\t\t<img class=\"newsContent__article__imgCapa newsContent__article__imgCapa--banner\"\n\t\t\t\t\tsrc=\"https:\/\/files.sunoresearch.com.br\/n\/uploads\/2023\/03\/1420x240-Ebook-IR.png\"\n\t\t\t\t\tdata-promo-id=\"383124\"\t\t\t\t\t\t\t\t\t\twidth='1420' height='240'\t\t\t\t\talt=\"https:\/\/files.sunoresearch.com.br\/n\/uploads\/2023\/03\/1420x240-Ebook-IR.png\"\n\t\t\t\t>\n\t\t\t<\/picture>\n\t\t<\/a>\n\t<\/p>\n\n\n<p>No dia 14 de maio, em uma confer\u00eancia com investidores, Brand\u00e3o chegou a mencionar que a operadora estava progredindo nas negocia\u00e7\u00f5es. Al\u00e9m disso, segundo o executivo, os ativos n\u00e3o estrat\u00e9gicos teriam um potencial de gerar cerca de R$ 7 bilh\u00f5es. Entretanto, o diretor n\u00e3o informou sobre um prazo definido de conclus\u00e3o.<\/p>\n<h2>Questionamento da B3<\/h2>\n<p>A B3 questionou a Oi sobre as duas ofertas. A telef\u00f4nica respondeu informando que n\u00e3o recebeu nenhuma proposta da Sonangol. Em nota, a empresa tamb\u00e9m explicou que tem conversado com potenciais interessados.<\/p>\n<p><a href=\"https:\/\/www.suno.com.br\/noticias\/oi-lucro-2018-apesar-prejuizo-trimestre\/\">Saiba mais:\u00a0Oi tem lucro de R$ 24,6 bi em 2018, apesar do preju\u00edzo trimestral<\/a><\/p>\n<p>\u201cA Oi esclarece, contudo, que n\u00e3o recebeu nenhuma proposta da <strong>Sonangol<\/strong> e que n\u00e3o h\u00e1 qualquer negocia\u00e7\u00e3o conclu\u00edda\u201d, informou a telef\u00f4nica no documento,\u00a0\u201cA <strong>Oi<\/strong> informa (&#8230;) que qualquer aliena\u00e7\u00e3o estar\u00e1 condicionada (&#8230;) \u00e0 aprova\u00e7\u00e3o pelo conselho de administra\u00e7\u00e3o e pelo ju\u00edzo da 7.\u00aa Vara Empresarial do <strong>Rio de Janeiro<\/strong>, al\u00e9m da decis\u00e3o judicial proferida pelo referido ju\u00edzo, que determinou a necess\u00e1ria submiss\u00e3o pr\u00e9via e aprova\u00e7\u00e3o da opera\u00e7\u00e3o pelo mesmo ju\u00edzo e pelo <strong>Minist\u00e9rio P\u00fablico\u201d.<\/strong><\/p>\n","protected":false},"excerpt":{"rendered":"<p>A Oi (OIBR3) recebeu duas propostas para vender sua participa\u00e7\u00e3o de 25% no capital na empresa angolana Unitel. As propostas de compra da participa\u00e7\u00e3o na maior operadora de telefonia m\u00f3vel de Angola\u00a0vieram dos demais acionistas da empresa. A Oi recebeu da AGU um desconto de quase 50% em sua d\u00edvida de R$ 14,3 bilh\u00f5es com [&hellip;]<\/p>\n","protected":false},"author":9,"featured_media":28040,"comment_status":"closed","ping_status":"closed","sticky":false,"template":"","format":"standard","meta":[],"categories":[64],"tags":[584,314],"suno_strategy":[],"class_list":["post-28039","post","type-post","status-publish","format-standard","has-post-thumbnail","hentry","category-negocios","tag-oi-oibr3-oibr4","tag-recuperacao-judicial"],"yoast_head":"<!-- This site is optimized with the Yoast SEO plugin v24.4 - https:\/\/yoast.com\/wordpress\/plugins\/seo\/ -->\n<title>Oi recebe duas propostas para vender a\u00e7\u00e3o em tele angolana Unitel<\/title>\n<meta name=\"description\" content=\"A Oi recebeu duas propostas para vender sua participa\u00e7\u00e3o de 25% no capital na empresa angolana Unitel. Clique aqui para saber mais.\" \/>\n<meta name=\"robots\" content=\"index, follow, max-snippet:-1, max-image-preview:large, max-video-preview:-1\" \/>\n<link rel=\"canonical\" href=\"https:\/\/www.suno.com.br\/noticias\/oi-recebe-propostas-unitel\/\" \/>\n<meta property=\"og:locale\" content=\"pt_BR\" \/>\n<meta property=\"og:type\" content=\"article\" \/>\n<meta property=\"og:title\" content=\"Oi recebe duas propostas para vender a\u00e7\u00e3o em tele angolana Unitel\" \/>\n<meta property=\"og:description\" content=\"A Oi recebeu duas propostas para vender sua participa\u00e7\u00e3o de 25% no capital na empresa angolana Unitel. Clique aqui para saber mais.\" \/>\n<meta property=\"og:url\" content=\"https:\/\/www.suno.com.br\/noticias\/oi-recebe-propostas-unitel\/\" \/>\n<meta property=\"og:site_name\" content=\"Suno Not\u00edcias\" \/>\n<meta property=\"article:publisher\" content=\"https:\/\/facebook.com\/sunoresearch\" \/>\n<meta property=\"og:image\" content=\"https:\/\/files.sunoresearch.com.br\/n\/uploads\/2019\/06\/57f275e2-oi.jpg\" \/>\n\t<meta property=\"og:image:width\" content=\"640\" \/>\n\t<meta property=\"og:image:height\" content=\"360\" \/>\n\t<meta property=\"og:image:type\" content=\"image\/jpeg\" \/>\n<meta name=\"author\" content=\"Carlo Cauti\" \/>\n<meta name=\"twitter:card\" content=\"summary_large_image\" \/>\n<meta name=\"twitter:creator\" content=\"@sunoresearch\" \/>\n<meta name=\"twitter:site\" content=\"@sunoresearch\" \/>\n<meta name=\"twitter:label1\" content=\"Escrito por\" \/>\n\t<meta name=\"twitter:data1\" content=\"Carlo Cauti\" \/>\n\t<meta name=\"twitter:label2\" content=\"Est. tempo de leitura\" \/>\n\t<meta name=\"twitter:data2\" content=\"2 minutos\" \/>\n<script type=\"application\/ld+json\" class=\"yoast-schema-graph\">{\"@context\":\"https:\/\/schema.org\",\"@graph\":[{\"@type\":\"NewsArticle\",\"@id\":\"https:\/\/www.suno.com.br\/noticias\/oi-recebe-propostas-unitel\/#article\",\"isPartOf\":{\"@id\":\"https:\/\/www.suno.com.br\/noticias\/oi-recebe-propostas-unitel\/\"},\"author\":{\"name\":\"Carlo Cauti\",\"@id\":\"https:\/\/www.suno.com.br\/noticias\/#\/schema\/person\/e6e0f723cc177805027f4566c1d5e0c8\"},\"headline\":\"Oi recebe duas propostas para vender a\u00e7\u00e3o em tele angolana Unitel\",\"datePublished\":\"2019-06-13T14:59:11+00:00\",\"dateModified\":\"2019-06-13T14:59:41+00:00\",\"mainEntityOfPage\":{\"@id\":\"https:\/\/www.suno.com.br\/noticias\/oi-recebe-propostas-unitel\/\"},\"wordCount\":471,\"publisher\":{\"@id\":\"https:\/\/www.suno.com.br\/noticias\/#organization\"},\"image\":{\"@id\":\"https:\/\/www.suno.com.br\/noticias\/oi-recebe-propostas-unitel\/#primaryimage\"},\"thumbnailUrl\":\"https:\/\/files.sunoresearch.com.br\/n\/uploads\/2019\/06\/57f275e2-oi-jpg.webp\",\"keywords\":[\"Oi (OIBR3\/OIBR4)\",\"recupera\u00e7\u00e3o judicial\"],\"articleSection\":[\"Neg\u00f3cios\"],\"inLanguage\":\"pt-BR\"},{\"@type\":\"WebPage\",\"@id\":\"https:\/\/www.suno.com.br\/noticias\/oi-recebe-propostas-unitel\/\",\"url\":\"https:\/\/www.suno.com.br\/noticias\/oi-recebe-propostas-unitel\/\",\"name\":\"Oi recebe duas propostas para vender a\u00e7\u00e3o em tele angolana Unitel\",\"isPartOf\":{\"@id\":\"https:\/\/www.suno.com.br\/noticias\/#website\"},\"primaryImageOfPage\":{\"@id\":\"https:\/\/www.suno.com.br\/noticias\/oi-recebe-propostas-unitel\/#primaryimage\"},\"image\":{\"@id\":\"https:\/\/www.suno.com.br\/noticias\/oi-recebe-propostas-unitel\/#primaryimage\"},\"thumbnailUrl\":\"https:\/\/files.sunoresearch.com.br\/n\/uploads\/2019\/06\/57f275e2-oi-jpg.webp\",\"datePublished\":\"2019-06-13T14:59:11+00:00\",\"dateModified\":\"2019-06-13T14:59:41+00:00\",\"description\":\"A Oi recebeu duas propostas para vender sua participa\u00e7\u00e3o de 25% no capital na empresa angolana Unitel. Clique aqui para saber mais.\",\"breadcrumb\":{\"@id\":\"https:\/\/www.suno.com.br\/noticias\/oi-recebe-propostas-unitel\/#breadcrumb\"},\"inLanguage\":\"pt-BR\",\"potentialAction\":[{\"@type\":\"ReadAction\",\"target\":[\"https:\/\/www.suno.com.br\/noticias\/oi-recebe-propostas-unitel\/\"]}]},{\"@type\":\"ImageObject\",\"inLanguage\":\"pt-BR\",\"@id\":\"https:\/\/www.suno.com.br\/noticias\/oi-recebe-propostas-unitel\/#primaryimage\",\"url\":\"https:\/\/files.sunoresearch.com.br\/n\/uploads\/2019\/06\/57f275e2-oi-jpg.webp\",\"contentUrl\":\"https:\/\/files.sunoresearch.com.br\/n\/uploads\/2019\/06\/57f275e2-oi-jpg.webp\",\"width\":640,\"height\":360,\"caption\":\"A Oi recebeu da AGU um desconto de quase 50% em sua d\u00edvida de R$ 14,3 bilh\u00f5es com a Anatel\"},{\"@type\":\"BreadcrumbList\",\"@id\":\"https:\/\/www.suno.com.br\/noticias\/oi-recebe-propostas-unitel\/#breadcrumb\",\"itemListElement\":[{\"@type\":\"ListItem\",\"position\":1,\"name\":\"Not\u00edcias\",\"item\":\"https:\/\/www.suno.com.br\/noticias\/\"},{\"@type\":\"ListItem\",\"position\":2,\"name\":\"Neg\u00f3cios\",\"item\":\"https:\/\/www.suno.com.br\/noticias\/negocios\/\"},{\"@type\":\"ListItem\",\"position\":3,\"name\":\"Oi recebe duas propostas para vender a\u00e7\u00e3o em tele angolana Unitel\"}]},{\"@type\":\"WebSite\",\"@id\":\"https:\/\/www.suno.com.br\/noticias\/#website\",\"url\":\"https:\/\/www.suno.com.br\/noticias\/\",\"name\":\"Suno Not\u00edcias\",\"description\":\"Seu portal de informa\u00e7\u00e3o sobre o mundo dos investimentos\",\"publisher\":{\"@id\":\"https:\/\/www.suno.com.br\/noticias\/#organization\"},\"potentialAction\":[{\"@type\":\"SearchAction\",\"target\":{\"@type\":\"EntryPoint\",\"urlTemplate\":\"https:\/\/www.suno.com.br\/noticias\/?s={search_term_string}\"},\"query-input\":{\"@type\":\"PropertyValueSpecification\",\"valueRequired\":true,\"valueName\":\"search_term_string\"}}],\"inLanguage\":\"pt-BR\"},{\"@type\":\"Organization\",\"@id\":\"https:\/\/www.suno.com.br\/noticias\/#organization\",\"name\":\"Suno Not\u00edcias\",\"url\":\"https:\/\/www.suno.com.br\/noticias\/\",\"logo\":{\"@type\":\"ImageObject\",\"inLanguage\":\"pt-BR\",\"@id\":\"https:\/\/www.suno.com.br\/noticias\/#\/schema\/logo\/image\/\",\"url\":\"https:\/\/files.sunoresearch.com.br\/n\/uploads\/2021\/09\/suno-logo.png\",\"contentUrl\":\"https:\/\/files.sunoresearch.com.br\/n\/uploads\/2021\/09\/suno-logo.png\",\"width\":180,\"height\":180,\"caption\":\"Suno Not\u00edcias\"},\"image\":{\"@id\":\"https:\/\/www.suno.com.br\/noticias\/#\/schema\/logo\/image\/\"},\"sameAs\":[\"https:\/\/facebook.com\/sunoresearch\",\"https:\/\/x.com\/sunoresearch\",\"https:\/\/www.instagram.com\/suno\",\"https:\/\/www.linkedin.com\/company\/suno-research\/\",\"https:\/\/www.youtube.com\/c\/sunoresearch\"]},{\"@type\":\"Person\",\"@id\":\"https:\/\/www.suno.com.br\/noticias\/#\/schema\/person\/e6e0f723cc177805027f4566c1d5e0c8\",\"name\":\"Carlo Cauti\",\"image\":{\"@type\":\"ImageObject\",\"inLanguage\":\"pt-BR\",\"@id\":\"https:\/\/www.suno.com.br\/noticias\/#\/schema\/person\/image\/\",\"url\":\"https:\/\/secure.gravatar.com\/avatar\/3ada9e0bd164c23abd4792a9606d583c?s=96&r=g\",\"contentUrl\":\"https:\/\/secure.gravatar.com\/avatar\/3ada9e0bd164c23abd4792a9606d583c?s=96&r=g\",\"caption\":\"Carlo Cauti\"},\"description\":\"Editor multim\u00eddia do SUNO Not\u00edcias. Italiano, formado em Ci\u00eancias Pol\u00edticas pela universidade LUISS G. Carli de Roma e mestre cum laude em Rela\u00e7\u00f5es Internacionais, Jornalismo Internacional e de Guerra e em Economia Internacional. Concluiu tamb\u00e9m um MBA em Finan\u00e7as na B3. No Brasil, teve passagem por ve\u00edculos como Estad\u00e3o, Globo, Veja e EXAME. e nas ag\u00eancias de not\u00edcias italianas ANSA e NOVA.\",\"url\":\"https:\/\/www.suno.com.br\/noticias\/author\/carlo-cauti\/\"}]}<\/script>\n<!-- \/ Yoast SEO plugin. -->","yoast_head_json":{"title":"Oi recebe duas propostas para vender a\u00e7\u00e3o em tele angolana Unitel","description":"A Oi recebeu duas propostas para vender sua participa\u00e7\u00e3o de 25% no capital na empresa angolana Unitel. Clique aqui para saber mais.","robots":{"index":"index","follow":"follow","max-snippet":"max-snippet:-1","max-image-preview":"max-image-preview:large","max-video-preview":"max-video-preview:-1"},"canonical":"https:\/\/www.suno.com.br\/noticias\/oi-recebe-propostas-unitel\/","og_locale":"pt_BR","og_type":"article","og_title":"Oi recebe duas propostas para vender a\u00e7\u00e3o em tele angolana Unitel","og_description":"A Oi recebeu duas propostas para vender sua participa\u00e7\u00e3o de 25% no capital na empresa angolana Unitel. Clique aqui para saber mais.","og_url":"https:\/\/www.suno.com.br\/noticias\/oi-recebe-propostas-unitel\/","og_site_name":"Suno Not\u00edcias","article_publisher":"https:\/\/facebook.com\/sunoresearch","og_image":[{"width":640,"height":360,"url":"https:\/\/files.sunoresearch.com.br\/n\/uploads\/2019\/06\/57f275e2-oi.jpg","type":"image\/jpeg"}],"author":"Carlo Cauti","twitter_card":"summary_large_image","twitter_creator":"@sunoresearch","twitter_site":"@sunoresearch","twitter_misc":{"Escrito por":"Carlo Cauti","Est. tempo de leitura":"2 minutos"},"schema":{"@context":"https:\/\/schema.org","@graph":[{"@type":"NewsArticle","@id":"https:\/\/www.suno.com.br\/noticias\/oi-recebe-propostas-unitel\/#article","isPartOf":{"@id":"https:\/\/www.suno.com.br\/noticias\/oi-recebe-propostas-unitel\/"},"author":{"name":"Carlo Cauti","@id":"https:\/\/www.suno.com.br\/noticias\/#\/schema\/person\/e6e0f723cc177805027f4566c1d5e0c8"},"headline":"Oi recebe duas propostas para vender a\u00e7\u00e3o em tele angolana Unitel","datePublished":"2019-06-13T14:59:11+00:00","dateModified":"2019-06-13T14:59:41+00:00","mainEntityOfPage":{"@id":"https:\/\/www.suno.com.br\/noticias\/oi-recebe-propostas-unitel\/"},"wordCount":471,"publisher":{"@id":"https:\/\/www.suno.com.br\/noticias\/#organization"},"image":{"@id":"https:\/\/www.suno.com.br\/noticias\/oi-recebe-propostas-unitel\/#primaryimage"},"thumbnailUrl":"https:\/\/files.sunoresearch.com.br\/n\/uploads\/2019\/06\/57f275e2-oi-jpg.webp","keywords":["Oi (OIBR3\/OIBR4)","recupera\u00e7\u00e3o judicial"],"articleSection":["Neg\u00f3cios"],"inLanguage":"pt-BR"},{"@type":"WebPage","@id":"https:\/\/www.suno.com.br\/noticias\/oi-recebe-propostas-unitel\/","url":"https:\/\/www.suno.com.br\/noticias\/oi-recebe-propostas-unitel\/","name":"Oi recebe duas propostas para vender a\u00e7\u00e3o em tele angolana Unitel","isPartOf":{"@id":"https:\/\/www.suno.com.br\/noticias\/#website"},"primaryImageOfPage":{"@id":"https:\/\/www.suno.com.br\/noticias\/oi-recebe-propostas-unitel\/#primaryimage"},"image":{"@id":"https:\/\/www.suno.com.br\/noticias\/oi-recebe-propostas-unitel\/#primaryimage"},"thumbnailUrl":"https:\/\/files.sunoresearch.com.br\/n\/uploads\/2019\/06\/57f275e2-oi-jpg.webp","datePublished":"2019-06-13T14:59:11+00:00","dateModified":"2019-06-13T14:59:41+00:00","description":"A Oi recebeu duas propostas para vender sua participa\u00e7\u00e3o de 25% no capital na empresa angolana Unitel. Clique aqui para saber mais.","breadcrumb":{"@id":"https:\/\/www.suno.com.br\/noticias\/oi-recebe-propostas-unitel\/#breadcrumb"},"inLanguage":"pt-BR","potentialAction":[{"@type":"ReadAction","target":["https:\/\/www.suno.com.br\/noticias\/oi-recebe-propostas-unitel\/"]}]},{"@type":"ImageObject","inLanguage":"pt-BR","@id":"https:\/\/www.suno.com.br\/noticias\/oi-recebe-propostas-unitel\/#primaryimage","url":"https:\/\/files.sunoresearch.com.br\/n\/uploads\/2019\/06\/57f275e2-oi-jpg.webp","contentUrl":"https:\/\/files.sunoresearch.com.br\/n\/uploads\/2019\/06\/57f275e2-oi-jpg.webp","width":640,"height":360,"caption":"A Oi recebeu da AGU um desconto de quase 50% em sua d\u00edvida de R$ 14,3 bilh\u00f5es com a Anatel"},{"@type":"BreadcrumbList","@id":"https:\/\/www.suno.com.br\/noticias\/oi-recebe-propostas-unitel\/#breadcrumb","itemListElement":[{"@type":"ListItem","position":1,"name":"Not\u00edcias","item":"https:\/\/www.suno.com.br\/noticias\/"},{"@type":"ListItem","position":2,"name":"Neg\u00f3cios","item":"https:\/\/www.suno.com.br\/noticias\/negocios\/"},{"@type":"ListItem","position":3,"name":"Oi recebe duas propostas para vender a\u00e7\u00e3o em tele angolana Unitel"}]},{"@type":"WebSite","@id":"https:\/\/www.suno.com.br\/noticias\/#website","url":"https:\/\/www.suno.com.br\/noticias\/","name":"Suno Not\u00edcias","description":"Seu portal de informa\u00e7\u00e3o sobre o mundo dos investimentos","publisher":{"@id":"https:\/\/www.suno.com.br\/noticias\/#organization"},"potentialAction":[{"@type":"SearchAction","target":{"@type":"EntryPoint","urlTemplate":"https:\/\/www.suno.com.br\/noticias\/?s={search_term_string}"},"query-input":{"@type":"PropertyValueSpecification","valueRequired":true,"valueName":"search_term_string"}}],"inLanguage":"pt-BR"},{"@type":"Organization","@id":"https:\/\/www.suno.com.br\/noticias\/#organization","name":"Suno Not\u00edcias","url":"https:\/\/www.suno.com.br\/noticias\/","logo":{"@type":"ImageObject","inLanguage":"pt-BR","@id":"https:\/\/www.suno.com.br\/noticias\/#\/schema\/logo\/image\/","url":"https:\/\/files.sunoresearch.com.br\/n\/uploads\/2021\/09\/suno-logo.png","contentUrl":"https:\/\/files.sunoresearch.com.br\/n\/uploads\/2021\/09\/suno-logo.png","width":180,"height":180,"caption":"Suno Not\u00edcias"},"image":{"@id":"https:\/\/www.suno.com.br\/noticias\/#\/schema\/logo\/image\/"},"sameAs":["https:\/\/facebook.com\/sunoresearch","https:\/\/x.com\/sunoresearch","https:\/\/www.instagram.com\/suno","https:\/\/www.linkedin.com\/company\/suno-research\/","https:\/\/www.youtube.com\/c\/sunoresearch"]},{"@type":"Person","@id":"https:\/\/www.suno.com.br\/noticias\/#\/schema\/person\/e6e0f723cc177805027f4566c1d5e0c8","name":"Carlo Cauti","image":{"@type":"ImageObject","inLanguage":"pt-BR","@id":"https:\/\/www.suno.com.br\/noticias\/#\/schema\/person\/image\/","url":"https:\/\/secure.gravatar.com\/avatar\/3ada9e0bd164c23abd4792a9606d583c?s=96&r=g","contentUrl":"https:\/\/secure.gravatar.com\/avatar\/3ada9e0bd164c23abd4792a9606d583c?s=96&r=g","caption":"Carlo Cauti"},"description":"Editor multim\u00eddia do SUNO Not\u00edcias. Italiano, formado em Ci\u00eancias Pol\u00edticas pela universidade LUISS G. Carli de Roma e mestre cum laude em Rela\u00e7\u00f5es Internacionais, Jornalismo Internacional e de Guerra e em Economia Internacional. Concluiu tamb\u00e9m um MBA em Finan\u00e7as na B3. No Brasil, teve passagem por ve\u00edculos como Estad\u00e3o, Globo, Veja e EXAME. e nas ag\u00eancias de not\u00edcias italianas ANSA e NOVA.","url":"https:\/\/www.suno.com.br\/noticias\/author\/carlo-cauti\/"}]}},"default_loop_html":"<div class=\"cardsPage__listCard__boxs\"><div class=\"cardsPage__listCard__boxs__img\"><a href=\"https:\/\/www.suno.com.br\/noticias\/oi-recebe-propostas-unitel\/\"><img class=\"mask\" src=\"https:\/\/www.suno.com.br\/noticias\/wp-content\/themes\/suno\/resources\/images\/spotlight\/spotlight1img\/bg-mask.png\" alt=\"Image Mask\"\/><img src=\"https:\/\/files.sunoresearch.com.br\/n\/uploads\/2019\/06\/57f275e2-oi-400x200.webp\" alt=\"Oi recebe duas propostas para vender a\u00e7\u00e3o em tele angolana Unitel\"\/><\/a><span class=\"spotlightCategory\"><a href=\"https:\/\/www.suno.com.br\/noticias\/negocios\/\">Neg\u00f3cios<\/a><\/span><\/div><div class=\"cardsPage__listCard__boxs__content\"><a href=\"https:\/\/www.suno.com.br\/noticias\/oi-recebe-propostas-unitel\/\"><h2 class=\"content__title\">Oi recebe duas propostas para vender a\u00e7\u00e3o em tele angolana Unitel<\/h2><\/a><div class=\"newsContent__article__meta\"><div class=\"newsContent__article__meta__authorBox\"><a href=\"https:\/\/www.suno.com.br\/noticias\/author\/carlo-cauti\/\" class=\"authorBox__avatar noMobi\"><img src=\"https:\/\/files.sunoresearch.com.br\/n\/uploads\/2020\/08\/e3745f9a-perfil-carlo-cauti-150x150.webp\" alt=\"Carlo Cauti\"><\/a><div class=\"authorBox__name\"><span>por\n\t\t\t<a href=\"https:\/\/www.suno.com.br\/noticias\/author\/carlo-cauti\/\"><span itemprop=\"author\">Carlo Cauti<\/span><\/a><\/span><time datetime=\"2019-06-13T11:59:11-03:00\" itemprop=\"datePublished\">13\/06\/2019 11:59<\/time><\/div><\/div><\/div><\/div><\/div>","single_layout":"posts","amp_enabled":true,"_links":{"self":[{"href":"https:\/\/www.suno.com.br\/noticias\/wp-json\/wp\/v2\/posts\/28039"}],"collection":[{"href":"https:\/\/www.suno.com.br\/noticias\/wp-json\/wp\/v2\/posts"}],"about":[{"href":"https:\/\/www.suno.com.br\/noticias\/wp-json\/wp\/v2\/types\/post"}],"author":[{"embeddable":true,"href":"https:\/\/www.suno.com.br\/noticias\/wp-json\/wp\/v2\/users\/9"}],"replies":[{"embeddable":true,"href":"https:\/\/www.suno.com.br\/noticias\/wp-json\/wp\/v2\/comments?post=28039"}],"version-history":[{"count":0,"href":"https:\/\/www.suno.com.br\/noticias\/wp-json\/wp\/v2\/posts\/28039\/revisions"}],"wp:featuredmedia":[{"embeddable":true,"href":"https:\/\/www.suno.com.br\/noticias\/wp-json\/wp\/v2\/media\/28040"}],"wp:attachment":[{"href":"https:\/\/www.suno.com.br\/noticias\/wp-json\/wp\/v2\/media?parent=28039"}],"wp:term":[{"taxonomy":"category","embeddable":true,"href":"https:\/\/www.suno.com.br\/noticias\/wp-json\/wp\/v2\/categories?post=28039"},{"taxonomy":"post_tag","embeddable":true,"href":"https:\/\/www.suno.com.br\/noticias\/wp-json\/wp\/v2\/tags?post=28039"},{"taxonomy":"suno_strategy","embeddable":true,"href":"https:\/\/www.suno.com.br\/noticias\/wp-json\/wp\/v2\/suno_strategy?post=28039"}],"curies":[{"name":"wp","href":"https:\/\/api.w.org\/{rel}","templated":true}]}}