{"id":280204,"date":"2022-08-01T10:24:38","date_gmt":"2022-08-01T13:24:38","guid":{"rendered":"https:\/\/www.suno.com.br\/noticias\/?p=280204"},"modified":"2022-11-17T13:30:55","modified_gmt":"2022-11-17T16:30:55","slug":"ifix-maiores-altas-baixas-dos-fiis-em-julho-2022","status":"publish","type":"post","link":"https:\/\/www.suno.com.br\/noticias\/ifix-maiores-altas-baixas-dos-fiis-em-julho-2022\/","title":{"rendered":"CARE11, RBRP11: Veja as 5 maiores altas e baixas do IFIX em julho"},"content":{"rendered":"<p>Em julho, o <strong>IFIX<\/strong>, principal <a href=\"https:\/\/www.suno.com.br\/artigos\/ifix\/\"><strong>\u00edndice de Fundos Imobili\u00e1rios<\/strong><\/a> da B3, fechou o m\u00eas em alta de 0,66%. Com este desempenho, o \u00edndice agora est\u00e1 positivo no ano, com varia\u00e7\u00e3o positiva de 0,33%. Os maiores respons\u00e1veis pela alta do \u00edndice foram os FIIs <strong>CARE11<\/strong> e <strong>FIIB11<\/strong>, enquanto os fundos <strong>RBRP11<\/strong> e <strong>BRCR11<\/strong> puxaram a fila dos FIIs que mais ca\u00edram.<\/p>\t<div class=\"wrapper-featured-image\">\n\t\t<figure class=\"spotlightImg\">\n\n\t\t\t<picture>\n\t\t\t\t<source media=\"(max-width: 768px)\" srcset=\"https:\/\/files.sunoresearch.com.br\/n\/uploads\/2022\/08\/ifix-400x200.jpg\">\n\t\t\t\t<img loading=\"lazy\" decoding=\"async\" class=\"newsContent__article__imgCapa lazyloadDisabled \" src=\"https:\/\/files.sunoresearch.com.br\/n\/uploads\/2022\/08\/ifix-800x450.jpg\" width=\"800\" height=\"450\" alt=\"CARE11, RBRP11: Veja as 5 maiores altas e baixas do IFIX em julho\" fetchpriority=high \/>\n\t\t\t<\/picture>\n\n\t\t\t<figcaption class=\"wp-caption-text wp-caption-text--show\">IFIX - Fonte: Pixabay <\/figcaption>\n\t\t<\/figure>\n\t<\/div>\n\n\n\t<p>\n\t\t<a href=\"\" target=\"_blank\" data-element=\"shortcode-suno-banner\" title=\"Banner SUNO, clique e saiba mais\">\n\t\t\t<picture>\n\t\t\t\t<source media=\"(max-width: 500px)\" srcset=\"\">\n\t\t\t\t<img class=\"newsContent__article__imgCapa newsContent__article__imgCapa--banner\"\n\t\t\t\t\tsrc=\"\"\n\t\t\t\t\tdata-promo-id=\"77050\"\t\t\t\t\t\t\t\t\t\t\t\t\t\t\talt=\"\"\n\t\t\t\t>\n\t\t\t<\/picture>\n\t\t<\/a>\n\t<\/p>\n\n\n<p>Segundo levantamento feito pelo Infomoney, no m\u00eas de julho 67 fundos imobili\u00e1rios dos 106 que comp\u00f5em a carteira te\u00f3rica terminaram positivos. Os<strong> fundos de shoppings centers<\/strong> ficaram no topo como melhor segmento no m\u00eas, com alta de 2,62%. Quem se deu melhor entre seus pares foi o <strong>HGBS11<\/strong>, com alta de 7,48% no m\u00eas e a terceira coloca\u00e7\u00e3o.<\/p>\n<p>Os fundos de fundos (FOFs) tiveram dois representantes na lista das maiores altas do IFIX, com <strong>RBFF11<\/strong> e <strong>KISU11<\/strong> na quarta e quinta coloca\u00e7\u00e3o, com altas de 7,47% e 6,72%, respectivamente.<\/p>\n<p>Por outro lado, os fundos de <strong>lajes corporativas<\/strong> impediram que o IFIX subisse mais, performando com uma queda de 0,56%. O <strong>BTRA11<\/strong>, que puxou a maior baixa no m\u00eas passado, chegou na terceira coloca\u00e7\u00e3o com 6,57%, seguido de<strong> XPPR11 <\/strong>e<strong> VCJR11<\/strong>, com baixas de 6,41% e 5,47%, respectivamente.<\/p>\n<h2>Maiores altas do IFIX em julho<\/h2>\n<table>\n<tbody>\n<tr>\n<td><b>Ticker<\/b><\/td>\n<td><b>Nome do fundo<\/b><\/td>\n<td><b>Segmento<\/b><\/td>\n<td><b>Varia\u00e7\u00e3o(%<\/b><span style=\"font-weight: 400;\">)<\/span><\/td>\n<\/tr>\n<tr>\n<td><strong>CARE11<\/strong><\/td>\n<td><span style=\"font-weight: 400;\">Brazilian Graveyard and Death Care<\/span><\/td>\n<td>Outros<\/td>\n<td><span style=\"font-weight: 400;\">8,77<\/span><\/td>\n<\/tr>\n<tr>\n<td><strong>FIIB11<\/strong><\/td>\n<td><span style=\"font-weight: 400;\">Industrial do Brasil<\/span><\/td>\n<td>H\u00edbrido<\/td>\n<td><span style=\"font-weight: 400;\">7,90<\/span><\/td>\n<\/tr>\n<tr>\n<td><strong>HGBS11<\/strong><\/td>\n<td>Hedge Brasil Shopping<\/td>\n<td><span style=\"font-weight: 400;\">Shoppings<\/span><\/td>\n<td><span style=\"font-weight: 400;\">7,48<\/span><\/td>\n<\/tr>\n<tr>\n<td><strong>RBFF11<\/strong><\/td>\n<td><span style=\"font-weight: 400;\">Rio Bravo Ifix<\/span><\/td>\n<td><span style=\"font-weight: 400;\">FoF<\/span><\/td>\n<td><span style=\"font-weight: 400;\">7,47<\/span><\/td>\n<\/tr>\n<tr>\n<td><strong>KISU11<\/strong><\/td>\n<td><span style=\"font-weight: 400;\">Kilima<\/span><\/td>\n<td><span style=\"font-weight: 400;\">FoF<\/span><\/td>\n<td><span style=\"font-weight: 400;\">6,72<\/span><\/td>\n<\/tr>\n<\/tbody>\n<\/table>\n<p>Fonte: Infomoney<\/p>\n<h3>CARE11<\/h3>\n<p>O destaque de julho foi o fundo imobili\u00e1rio<a href=\"https:\/\/www.suno.com.br\/fundos-imobiliarios\/care11\/\"><strong> Brazilian Graveyard And Death Care (CARE11)<\/strong><\/a>, que fechou m\u00eas com valoriza\u00e7\u00e3o de 8,77%.<\/p>\n<p>O FII de cemit\u00e9rios teve uma valoriza\u00e7\u00e3o de 72,34% no primeiro semestre, o CARE11 \u00e9 negociado com grande desconto em suas cotas. O valor patrimonial por cota do fundo imobili\u00e1rio em quest\u00e3o \u00e9 de R$ 8,20, enquanto a \u00faltima cota\u00e7\u00e3o do CARE11 foi de R$ 4,54.<\/p>\n<p>Mesmo com a valoriza\u00e7\u00e3o das suas cotas, os dividendos do CARE11 s\u00e3o baixos e com pouca frequ\u00eancia. O \u00faltimo rendimento pago foi em setembro de 2021, no valor de R$ 0,0008, com cota\u00e7\u00e3o base de R$ 3,70 (DY de 0,23%).<\/p>\n<h3>FIIB11<\/h3>\n<p>O <strong>FII Industrial do Brasil (FIIB11)<\/strong> tamb\u00e9m fechou o m\u00eas entre as maiores rentabilidades do IFIX, com valoriza\u00e7\u00e3o de 7,90%. O FIIB11 \u00e9 um fundo h\u00edbrido de gest\u00e3o passiva, que investe prioritariamente em galp\u00f5es log\u00edsticos.<\/p>\n<p>O fundo divulgou na \u00faltima sexta-feira seus rendimentos no valor de R$ 3,50 por cota, o equivalente a um dividend yield de 0,77%.<\/p>\n\t<p>\n\t\t<a href=\"https:\/\/lp.suno.com.br\/planilha-controle-gastos\/\" target=\"_blank\" data-element=\"shortcode-suno-banner\" title=\"Banner SUNO, clique e saiba mais\">\n\t\t\t<picture>\n\t\t\t\t<source media=\"(max-width: 500px)\" srcset=\"https:\/\/files.sunoresearch.com.br\/n\/uploads\/2023\/03\/400x300-Planilha-controle-de-gastos.png\">\n\t\t\t\t<img class=\"newsContent__article__imgCapa newsContent__article__imgCapa--banner\"\n\t\t\t\t\tsrc=\"https:\/\/files.sunoresearch.com.br\/n\/uploads\/2023\/03\/1420x240-Planilha-controle-de-gastos.png\"\n\t\t\t\t\tdata-promo-id=\"101751\"\t\t\t\t\t\t\t\t\t\twidth='1420' height='240'\t\t\t\t\talt=\"https:\/\/files.sunoresearch.com.br\/n\/uploads\/2023\/03\/1420x240-Planilha-controle-de-gastos.png\"\n\t\t\t\t>\n\t\t\t<\/picture>\n\t\t<\/a>\n\t<\/p>\n\n\n<h2>Maiores quedas do IFIX em julho<\/h2>\n<table>\n<tbody>\n<tr>\n<td><b>Ticker<\/b><\/td>\n<td><b>Nome do fundo<\/b><\/td>\n<td><b>Segmento<\/b><\/td>\n<td><b>Varia\u00e7\u00e3o(%<\/b><span style=\"font-weight: 400;\">)<\/span><\/td>\n<\/tr>\n<tr>\n<td><strong>RBRP11<\/strong><\/td>\n<td><span style=\"font-weight: 400;\">RBR Properties\u00a0<\/span><\/td>\n<td><span style=\"font-weight: 400;\">Outros<\/span><\/td>\n<td><span style=\"font-weight: 400;\">&#8211;<\/span><span style=\"font-weight: 400;\">10,81<\/span><\/td>\n<\/tr>\n<tr>\n<td><strong>BRCR11<\/strong><\/td>\n<td><span style=\"font-weight: 400;\">BC FUND<\/span><\/td>\n<td><span style=\"font-weight: 400;\">H\u00edbrido<\/span><\/td>\n<td><span style=\"font-weight: 400;\">&#8211;<\/span><span style=\"font-weight: 400;\">7,58<\/span><\/td>\n<\/tr>\n<tr>\n<td><strong>BTRA11<\/strong><\/td>\n<td>BTG Pactual Terras Agr\u00edcolas<\/td>\n<td><span style=\"font-weight: 400;\">Agro<\/span><\/td>\n<td><span style=\"font-weight: 400;\">&#8211;<\/span><span style=\"font-weight: 400;\">6,57<\/span><\/td>\n<\/tr>\n<tr>\n<td><strong>XPPR11<\/strong><\/td>\n<td>XP Properties<\/td>\n<td><span style=\"font-weight: 400;\">Outros<\/span><\/td>\n<td><span style=\"font-weight: 400;\">&#8211;<\/span><span style=\"font-weight: 400;\">6,41<\/span><\/td>\n<\/tr>\n<tr>\n<td><strong>VCJR11<\/strong><\/td>\n<td>Vectis Juros Real<\/td>\n<td><span style=\"font-weight: 400;\">Receb\u00edveis<\/span><\/td>\n<td><span style=\"font-weight: 400;\">&#8211;<\/span><span style=\"font-weight: 400;\">5,97<\/span><\/td>\n<\/tr>\n<\/tbody>\n<\/table>\n<p><em>Fonte: Infomoney<\/em><\/p>\n<h3>RBRP11<\/h3>\n<p>O <a href=\"https:\/\/www.suno.com.br\/fundos-imobiliarios\/rbrp11\/\"><strong>RBR Properties (RBRP11)<\/strong><\/a> segue 2022 com uma queda acumulada de 31,57%. Em seu \u00faltimo relat\u00f3rio gerencial publicado na sexta-feira (29), a gestora questiona o fundamento da desvaloriza\u00e7\u00e3o das cotas do FII, sendo que o FII possui um portf\u00f3lio com muito valor agregado. O posicionamento faz parte do relat\u00f3rio gerencial da carteira divulgado nesta sexta-feira (29).<\/p>\n<p>Por\u00e9m, o RBRP11 possui um ativo com taxa de <a href=\"https:\/\/www.suno.com.br\/artigos\/taxa-de-vacancia\/\"><strong>vac\u00e2ncia<\/strong><\/a> de 93%, representando 41% do portf\u00f3lio do fundo. Com o fim da renda m\u00ednima garantida em outubro de 2022, os rendimentos do FII poder\u00e3o sofrer grande impacto caso n\u00e3o haja loca\u00e7\u00f5es no im\u00f3vel neste segundo semestre.<\/p>\n\t<p>\n\t\t<a href=\"https:\/\/lp.suno.com.br\/planilha-da-vida-financeira\/\" target=\"_blank\" data-element=\"shortcode-suno-banner\" title=\"Banner SUNO, clique e saiba mais\">\n\t\t\t<picture>\n\t\t\t\t<source media=\"(max-width: 500px)\" srcset=\"https:\/\/files.sunoresearch.com.br\/n\/uploads\/2023\/04\/400x300-Planilha-vida-financeira-true.png\">\n\t\t\t\t<img class=\"newsContent__article__imgCapa newsContent__article__imgCapa--banner\"\n\t\t\t\t\tsrc=\"https:\/\/files.sunoresearch.com.br\/n\/uploads\/2023\/04\/1420x240-Planilha-vida-financeira-true.png\"\n\t\t\t\t\tdata-promo-id=\"106682\"\t\t\t\t\t\t\t\t\t\twidth='1420' height='240'\t\t\t\t\talt=\"https:\/\/files.sunoresearch.com.br\/n\/uploads\/2023\/04\/1420x240-Planilha-vida-financeira-true.png\"\n\t\t\t\t>\n\t\t\t<\/picture>\n\t\t<\/a>\n\t<\/p>\n\n\n<h3>BRCR11<\/h3>\n<p>O <a href=\"https:\/\/www.suno.com.br\/fundos-imobiliarios\/brcr11\/\"><strong>BC Fund (BRCR11)<\/strong><\/a> \u00e9 um fundo h\u00edbrido com investimentos em lajes corporativas. A vac\u00e2ncia financeira do portf\u00f3lio representava 24,6% sobre o total de ABL em m\u00b2, segundo relat\u00f3rio gerencial do fundo. Em julho, o fundo fechou a segunda coloca\u00e7\u00e3o entre as menores rentabilidades do IFIX, com 7,58%.<\/p>\n<p>Em rela\u00e7\u00e3o ao m\u00eas de julho, o fundo gerido pelo BTG Pactual distribuiu rendimentos de R$ 0,470 por cota, o equivalente a um <a href=\"https:\/\/www.suno.com.br\/artigos\/dividend-yield-como-calcular\/\"><strong>dividend yield<\/strong><\/a> de 0,79%.<\/p>\n<h2>Investir com cuidado em fundos imobili\u00e1rios<\/h2>\n<p>Antes de qualquer investimento em a\u00e7\u00f5es ou fundos imobili\u00e1rios \u00e9 importante ressaltar que quitar as d\u00edvidas e fazer uma reserva de emerg\u00eancia deve sempre ser a prioridade.<\/p>\n<p>Os analistas da Suno Research sempre salientam que \u00e9 necess\u00e1rio antes poupar dinheiro para depois investir, e nunca se endividar para investir ou investir endividado. Esta mat\u00e9ria n\u00e3o \u00e9 uma recomenda\u00e7\u00e3o de investimento.<\/p>\n\t<p>\n\t\t<a href=\"https:\/\/lp.suno.com.br\/ebook-como-analisar-uma-acao\/\" target=\"_blank\" data-element=\"shortcode-suno-banner\" title=\"Banner SUNO, clique e saiba mais\">\n\t\t\t<picture>\n\t\t\t\t<source media=\"(max-width: 500px)\" srcset=\"https:\/\/files.sunoresearch.com.br\/n\/uploads\/2023\/03\/Ebook-Acoes-Mobile-1.jpg\">\n\t\t\t\t<img class=\"newsContent__article__imgCapa newsContent__article__imgCapa--banner\"\n\t\t\t\t\tsrc=\"https:\/\/files.sunoresearch.com.br\/n\/uploads\/2023\/03\/Ebook-Acoes-Desktop-1.jpg\"\n\t\t\t\t\tdata-promo-id=\"171998\"\t\t\t\t\t\t\t\t\t\twidth='1420' height='286'\t\t\t\t\talt=\"https:\/\/files.sunoresearch.com.br\/n\/uploads\/2023\/03\/Ebook-Acoes-Desktop-1.jpg\"\n\t\t\t\t>\n\t\t\t<\/picture>\n\t\t<\/a>\n\t<\/p>\n\n\n","protected":false},"excerpt":{"rendered":"<p>Em julho, o IFIX, principal \u00edndice de Fundos Imobili\u00e1rios da B3, fechou o m\u00eas em alta de 0,66%. Com este desempenho, o \u00edndice agora est\u00e1 positivo no ano, com varia\u00e7\u00e3o positiva de 0,33%. Os maiores respons\u00e1veis pela alta do \u00edndice foram os FIIs CARE11 e FIIB11, enquanto os fundos RBRP11 e BRCR11 puxaram a fila [&hellip;]<\/p>\n","protected":false},"author":172,"featured_media":280262,"comment_status":"closed","ping_status":"closed","sticky":false,"template":"","format":"standard","meta":[],"categories":[66],"tags":[105942,106944,2689,105604,105440],"suno_strategy":[],"class_list":["post-280204","post","type-post","status-publish","format-standard","has-post-thumbnail","hentry","category-fiis","tag-care11","tag-fiis-baixa","tag-ifix","tag-kisu11","tag-rbrp11"],"yoast_head":"<!-- This site is optimized with the Yoast SEO plugin v24.4 - https:\/\/yoast.com\/wordpress\/plugins\/seo\/ -->\n<title>CARE11, RBRP11: Veja as 5 maiores altas e baixas do IFIX em julho<\/title>\n<meta name=\"description\" content=\"Conhe\u00e7a as maiores altas e maiores quedas dos fundos do IFIX no m\u00eas de junho de 2022. CARE11 e RBRP11 s\u00e3o os destaques. Leia!\" \/>\n<meta name=\"robots\" content=\"index, follow, max-snippet:-1, max-image-preview:large, max-video-preview:-1\" \/>\n<link rel=\"canonical\" href=\"https:\/\/www.suno.com.br\/noticias\/ifix-maiores-altas-baixas-dos-fiis-em-julho-2022\/\" \/>\n<meta property=\"og:locale\" content=\"pt_BR\" \/>\n<meta property=\"og:type\" content=\"article\" \/>\n<meta property=\"og:title\" content=\"CARE11, RBRP11: Veja as 5 maiores altas e baixas do IFIX em julho\" \/>\n<meta property=\"og:description\" content=\"Conhe\u00e7a as maiores altas e maiores quedas dos fundos do IFIX no m\u00eas de junho de 2022. CARE11 e RBRP11 s\u00e3o os destaques. Leia!\" \/>\n<meta property=\"og:url\" content=\"https:\/\/www.suno.com.br\/noticias\/ifix-maiores-altas-baixas-dos-fiis-em-julho-2022\/\" \/>\n<meta property=\"og:site_name\" content=\"Suno Not\u00edcias\" \/>\n<meta property=\"article:publisher\" content=\"https:\/\/facebook.com\/sunoresearch\" \/>\n<meta property=\"og:image\" content=\"https:\/\/files.sunoresearch.com.br\/n\/uploads\/2022\/08\/ifix.jpg\" \/>\n\t<meta property=\"og:image:width\" content=\"1280\" \/>\n\t<meta property=\"og:image:height\" content=\"905\" \/>\n\t<meta property=\"og:image:type\" content=\"image\/jpeg\" \/>\n<meta name=\"author\" content=\"Gustavo Bianch\" \/>\n<meta name=\"twitter:card\" content=\"summary_large_image\" \/>\n<meta name=\"twitter:creator\" content=\"@sunoresearch\" \/>\n<meta name=\"twitter:site\" content=\"@sunoresearch\" \/>\n<meta name=\"twitter:label1\" content=\"Escrito por\" \/>\n\t<meta name=\"twitter:data1\" content=\"Gustavo Bianch\" \/>\n\t<meta name=\"twitter:label2\" content=\"Est. tempo de leitura\" \/>\n\t<meta name=\"twitter:data2\" content=\"4 minutos\" \/>\n<script type=\"application\/ld+json\" class=\"yoast-schema-graph\">{\"@context\":\"https:\/\/schema.org\",\"@graph\":[{\"@type\":\"NewsArticle\",\"@id\":\"https:\/\/www.suno.com.br\/noticias\/ifix-maiores-altas-baixas-dos-fiis-em-julho-2022\/#article\",\"isPartOf\":{\"@id\":\"https:\/\/www.suno.com.br\/noticias\/ifix-maiores-altas-baixas-dos-fiis-em-julho-2022\/\"},\"author\":{\"name\":\"Gustavo Bianch\",\"@id\":\"https:\/\/www.suno.com.br\/noticias\/#\/schema\/person\/a72c0794bc524e8100a01ae3d3b6becb\"},\"headline\":\"CARE11, RBRP11: Veja as 5 maiores altas e baixas do IFIX em julho\",\"datePublished\":\"2022-08-01T13:24:38+00:00\",\"dateModified\":\"2022-11-17T16:30:55+00:00\",\"mainEntityOfPage\":{\"@id\":\"https:\/\/www.suno.com.br\/noticias\/ifix-maiores-altas-baixas-dos-fiis-em-julho-2022\/\"},\"wordCount\":741,\"publisher\":{\"@id\":\"https:\/\/www.suno.com.br\/noticias\/#organization\"},\"image\":{\"@id\":\"https:\/\/www.suno.com.br\/noticias\/ifix-maiores-altas-baixas-dos-fiis-em-julho-2022\/#primaryimage\"},\"thumbnailUrl\":\"https:\/\/files.sunoresearch.com.br\/n\/uploads\/2022\/08\/ifix.jpg\",\"keywords\":[\"CARE11\",\"FIIs baixa\",\"IFIX\",\"KISU11\",\"RBRP11\"],\"articleSection\":[\"FIIs\"],\"inLanguage\":\"pt-BR\"},{\"@type\":\"WebPage\",\"@id\":\"https:\/\/www.suno.com.br\/noticias\/ifix-maiores-altas-baixas-dos-fiis-em-julho-2022\/\",\"url\":\"https:\/\/www.suno.com.br\/noticias\/ifix-maiores-altas-baixas-dos-fiis-em-julho-2022\/\",\"name\":\"CARE11, RBRP11: Veja as 5 maiores altas e baixas do IFIX em julho\",\"isPartOf\":{\"@id\":\"https:\/\/www.suno.com.br\/noticias\/#website\"},\"primaryImageOfPage\":{\"@id\":\"https:\/\/www.suno.com.br\/noticias\/ifix-maiores-altas-baixas-dos-fiis-em-julho-2022\/#primaryimage\"},\"image\":{\"@id\":\"https:\/\/www.suno.com.br\/noticias\/ifix-maiores-altas-baixas-dos-fiis-em-julho-2022\/#primaryimage\"},\"thumbnailUrl\":\"https:\/\/files.sunoresearch.com.br\/n\/uploads\/2022\/08\/ifix.jpg\",\"datePublished\":\"2022-08-01T13:24:38+00:00\",\"dateModified\":\"2022-11-17T16:30:55+00:00\",\"description\":\"Conhe\u00e7a as maiores altas e maiores quedas dos fundos do IFIX no m\u00eas de junho de 2022. CARE11 e RBRP11 s\u00e3o os destaques. Leia!\",\"breadcrumb\":{\"@id\":\"https:\/\/www.suno.com.br\/noticias\/ifix-maiores-altas-baixas-dos-fiis-em-julho-2022\/#breadcrumb\"},\"inLanguage\":\"pt-BR\",\"potentialAction\":[{\"@type\":\"ReadAction\",\"target\":[\"https:\/\/www.suno.com.br\/noticias\/ifix-maiores-altas-baixas-dos-fiis-em-julho-2022\/\"]}]},{\"@type\":\"ImageObject\",\"inLanguage\":\"pt-BR\",\"@id\":\"https:\/\/www.suno.com.br\/noticias\/ifix-maiores-altas-baixas-dos-fiis-em-julho-2022\/#primaryimage\",\"url\":\"https:\/\/files.sunoresearch.com.br\/n\/uploads\/2022\/08\/ifix.jpg\",\"contentUrl\":\"https:\/\/files.sunoresearch.com.br\/n\/uploads\/2022\/08\/ifix.jpg\",\"width\":1280,\"height\":905,\"caption\":\"IFIX - Fonte: Pixabay\"},{\"@type\":\"BreadcrumbList\",\"@id\":\"https:\/\/www.suno.com.br\/noticias\/ifix-maiores-altas-baixas-dos-fiis-em-julho-2022\/#breadcrumb\",\"itemListElement\":[{\"@type\":\"ListItem\",\"position\":1,\"name\":\"Not\u00edcias\",\"item\":\"https:\/\/www.suno.com.br\/noticias\/\"},{\"@type\":\"ListItem\",\"position\":2,\"name\":\"FIIs\",\"item\":\"https:\/\/www.suno.com.br\/noticias\/fiis\/\"},{\"@type\":\"ListItem\",\"position\":3,\"name\":\"CARE11, RBRP11: Veja as 5 maiores altas e baixas do IFIX em julho\"}]},{\"@type\":\"WebSite\",\"@id\":\"https:\/\/www.suno.com.br\/noticias\/#website\",\"url\":\"https:\/\/www.suno.com.br\/noticias\/\",\"name\":\"Suno Not\u00edcias\",\"description\":\"Seu portal de informa\u00e7\u00e3o sobre o mundo dos investimentos\",\"publisher\":{\"@id\":\"https:\/\/www.suno.com.br\/noticias\/#organization\"},\"potentialAction\":[{\"@type\":\"SearchAction\",\"target\":{\"@type\":\"EntryPoint\",\"urlTemplate\":\"https:\/\/www.suno.com.br\/noticias\/?s={search_term_string}\"},\"query-input\":{\"@type\":\"PropertyValueSpecification\",\"valueRequired\":true,\"valueName\":\"search_term_string\"}}],\"inLanguage\":\"pt-BR\"},{\"@type\":\"Organization\",\"@id\":\"https:\/\/www.suno.com.br\/noticias\/#organization\",\"name\":\"Suno Not\u00edcias\",\"url\":\"https:\/\/www.suno.com.br\/noticias\/\",\"logo\":{\"@type\":\"ImageObject\",\"inLanguage\":\"pt-BR\",\"@id\":\"https:\/\/www.suno.com.br\/noticias\/#\/schema\/logo\/image\/\",\"url\":\"https:\/\/files.sunoresearch.com.br\/n\/uploads\/2021\/09\/suno-logo.png\",\"contentUrl\":\"https:\/\/files.sunoresearch.com.br\/n\/uploads\/2021\/09\/suno-logo.png\",\"width\":180,\"height\":180,\"caption\":\"Suno Not\u00edcias\"},\"image\":{\"@id\":\"https:\/\/www.suno.com.br\/noticias\/#\/schema\/logo\/image\/\"},\"sameAs\":[\"https:\/\/facebook.com\/sunoresearch\",\"https:\/\/x.com\/sunoresearch\",\"https:\/\/www.instagram.com\/suno\",\"https:\/\/www.linkedin.com\/company\/suno-research\/\",\"https:\/\/www.youtube.com\/c\/sunoresearch\"]},{\"@type\":\"Person\",\"@id\":\"https:\/\/www.suno.com.br\/noticias\/#\/schema\/person\/a72c0794bc524e8100a01ae3d3b6becb\",\"name\":\"Gustavo Bianch\",\"image\":{\"@type\":\"ImageObject\",\"inLanguage\":\"pt-BR\",\"@id\":\"https:\/\/www.suno.com.br\/noticias\/#\/schema\/person\/image\/\",\"url\":\"https:\/\/secure.gravatar.com\/avatar\/a8da2835aade1ac6c1eede0339ead827?s=96&r=g\",\"contentUrl\":\"https:\/\/secure.gravatar.com\/avatar\/a8da2835aade1ac6c1eede0339ead827?s=96&r=g\",\"caption\":\"Gustavo Bianch\"},\"description\":\"Jornalista com doutorado pela UFMG e produtor de conte\u00fado da unidade de m\u00eddias da Suno. Tamb\u00e9m trabalha no FIIs.com.br e Funds Explorer, fazendo a cobertura sobre FIIs, Fiagro e FI-Infra.\",\"url\":\"https:\/\/www.suno.com.br\/noticias\/author\/gustavo-silva\/\"}]}<\/script>\n<!-- \/ Yoast SEO plugin. -->","yoast_head_json":{"title":"CARE11, RBRP11: Veja as 5 maiores altas e baixas do IFIX em julho","description":"Conhe\u00e7a as maiores altas e maiores quedas dos fundos do IFIX no m\u00eas de junho de 2022. CARE11 e RBRP11 s\u00e3o os destaques. Leia!","robots":{"index":"index","follow":"follow","max-snippet":"max-snippet:-1","max-image-preview":"max-image-preview:large","max-video-preview":"max-video-preview:-1"},"canonical":"https:\/\/www.suno.com.br\/noticias\/ifix-maiores-altas-baixas-dos-fiis-em-julho-2022\/","og_locale":"pt_BR","og_type":"article","og_title":"CARE11, RBRP11: Veja as 5 maiores altas e baixas do IFIX em julho","og_description":"Conhe\u00e7a as maiores altas e maiores quedas dos fundos do IFIX no m\u00eas de junho de 2022. CARE11 e RBRP11 s\u00e3o os destaques. Leia!","og_url":"https:\/\/www.suno.com.br\/noticias\/ifix-maiores-altas-baixas-dos-fiis-em-julho-2022\/","og_site_name":"Suno Not\u00edcias","article_publisher":"https:\/\/facebook.com\/sunoresearch","og_image":[{"width":1280,"height":905,"url":"https:\/\/files.sunoresearch.com.br\/n\/uploads\/2022\/08\/ifix.jpg","type":"image\/jpeg"}],"author":"Gustavo Bianch","twitter_card":"summary_large_image","twitter_creator":"@sunoresearch","twitter_site":"@sunoresearch","twitter_misc":{"Escrito por":"Gustavo Bianch","Est. tempo de leitura":"4 minutos"},"schema":{"@context":"https:\/\/schema.org","@graph":[{"@type":"NewsArticle","@id":"https:\/\/www.suno.com.br\/noticias\/ifix-maiores-altas-baixas-dos-fiis-em-julho-2022\/#article","isPartOf":{"@id":"https:\/\/www.suno.com.br\/noticias\/ifix-maiores-altas-baixas-dos-fiis-em-julho-2022\/"},"author":{"name":"Gustavo Bianch","@id":"https:\/\/www.suno.com.br\/noticias\/#\/schema\/person\/a72c0794bc524e8100a01ae3d3b6becb"},"headline":"CARE11, RBRP11: Veja as 5 maiores altas e baixas do IFIX em julho","datePublished":"2022-08-01T13:24:38+00:00","dateModified":"2022-11-17T16:30:55+00:00","mainEntityOfPage":{"@id":"https:\/\/www.suno.com.br\/noticias\/ifix-maiores-altas-baixas-dos-fiis-em-julho-2022\/"},"wordCount":741,"publisher":{"@id":"https:\/\/www.suno.com.br\/noticias\/#organization"},"image":{"@id":"https:\/\/www.suno.com.br\/noticias\/ifix-maiores-altas-baixas-dos-fiis-em-julho-2022\/#primaryimage"},"thumbnailUrl":"https:\/\/files.sunoresearch.com.br\/n\/uploads\/2022\/08\/ifix.jpg","keywords":["CARE11","FIIs baixa","IFIX","KISU11","RBRP11"],"articleSection":["FIIs"],"inLanguage":"pt-BR"},{"@type":"WebPage","@id":"https:\/\/www.suno.com.br\/noticias\/ifix-maiores-altas-baixas-dos-fiis-em-julho-2022\/","url":"https:\/\/www.suno.com.br\/noticias\/ifix-maiores-altas-baixas-dos-fiis-em-julho-2022\/","name":"CARE11, RBRP11: Veja as 5 maiores altas e baixas do IFIX em julho","isPartOf":{"@id":"https:\/\/www.suno.com.br\/noticias\/#website"},"primaryImageOfPage":{"@id":"https:\/\/www.suno.com.br\/noticias\/ifix-maiores-altas-baixas-dos-fiis-em-julho-2022\/#primaryimage"},"image":{"@id":"https:\/\/www.suno.com.br\/noticias\/ifix-maiores-altas-baixas-dos-fiis-em-julho-2022\/#primaryimage"},"thumbnailUrl":"https:\/\/files.sunoresearch.com.br\/n\/uploads\/2022\/08\/ifix.jpg","datePublished":"2022-08-01T13:24:38+00:00","dateModified":"2022-11-17T16:30:55+00:00","description":"Conhe\u00e7a as maiores altas e maiores quedas dos fundos do IFIX no m\u00eas de junho de 2022. CARE11 e RBRP11 s\u00e3o os destaques. Leia!","breadcrumb":{"@id":"https:\/\/www.suno.com.br\/noticias\/ifix-maiores-altas-baixas-dos-fiis-em-julho-2022\/#breadcrumb"},"inLanguage":"pt-BR","potentialAction":[{"@type":"ReadAction","target":["https:\/\/www.suno.com.br\/noticias\/ifix-maiores-altas-baixas-dos-fiis-em-julho-2022\/"]}]},{"@type":"ImageObject","inLanguage":"pt-BR","@id":"https:\/\/www.suno.com.br\/noticias\/ifix-maiores-altas-baixas-dos-fiis-em-julho-2022\/#primaryimage","url":"https:\/\/files.sunoresearch.com.br\/n\/uploads\/2022\/08\/ifix.jpg","contentUrl":"https:\/\/files.sunoresearch.com.br\/n\/uploads\/2022\/08\/ifix.jpg","width":1280,"height":905,"caption":"IFIX - Fonte: Pixabay"},{"@type":"BreadcrumbList","@id":"https:\/\/www.suno.com.br\/noticias\/ifix-maiores-altas-baixas-dos-fiis-em-julho-2022\/#breadcrumb","itemListElement":[{"@type":"ListItem","position":1,"name":"Not\u00edcias","item":"https:\/\/www.suno.com.br\/noticias\/"},{"@type":"ListItem","position":2,"name":"FIIs","item":"https:\/\/www.suno.com.br\/noticias\/fiis\/"},{"@type":"ListItem","position":3,"name":"CARE11, RBRP11: Veja as 5 maiores altas e baixas do IFIX em julho"}]},{"@type":"WebSite","@id":"https:\/\/www.suno.com.br\/noticias\/#website","url":"https:\/\/www.suno.com.br\/noticias\/","name":"Suno Not\u00edcias","description":"Seu portal de informa\u00e7\u00e3o sobre o mundo dos investimentos","publisher":{"@id":"https:\/\/www.suno.com.br\/noticias\/#organization"},"potentialAction":[{"@type":"SearchAction","target":{"@type":"EntryPoint","urlTemplate":"https:\/\/www.suno.com.br\/noticias\/?s={search_term_string}"},"query-input":{"@type":"PropertyValueSpecification","valueRequired":true,"valueName":"search_term_string"}}],"inLanguage":"pt-BR"},{"@type":"Organization","@id":"https:\/\/www.suno.com.br\/noticias\/#organization","name":"Suno Not\u00edcias","url":"https:\/\/www.suno.com.br\/noticias\/","logo":{"@type":"ImageObject","inLanguage":"pt-BR","@id":"https:\/\/www.suno.com.br\/noticias\/#\/schema\/logo\/image\/","url":"https:\/\/files.sunoresearch.com.br\/n\/uploads\/2021\/09\/suno-logo.png","contentUrl":"https:\/\/files.sunoresearch.com.br\/n\/uploads\/2021\/09\/suno-logo.png","width":180,"height":180,"caption":"Suno Not\u00edcias"},"image":{"@id":"https:\/\/www.suno.com.br\/noticias\/#\/schema\/logo\/image\/"},"sameAs":["https:\/\/facebook.com\/sunoresearch","https:\/\/x.com\/sunoresearch","https:\/\/www.instagram.com\/suno","https:\/\/www.linkedin.com\/company\/suno-research\/","https:\/\/www.youtube.com\/c\/sunoresearch"]},{"@type":"Person","@id":"https:\/\/www.suno.com.br\/noticias\/#\/schema\/person\/a72c0794bc524e8100a01ae3d3b6becb","name":"Gustavo Bianch","image":{"@type":"ImageObject","inLanguage":"pt-BR","@id":"https:\/\/www.suno.com.br\/noticias\/#\/schema\/person\/image\/","url":"https:\/\/secure.gravatar.com\/avatar\/a8da2835aade1ac6c1eede0339ead827?s=96&r=g","contentUrl":"https:\/\/secure.gravatar.com\/avatar\/a8da2835aade1ac6c1eede0339ead827?s=96&r=g","caption":"Gustavo Bianch"},"description":"Jornalista com doutorado pela UFMG e produtor de conte\u00fado da unidade de m\u00eddias da Suno. Tamb\u00e9m trabalha no FIIs.com.br e Funds Explorer, fazendo a cobertura sobre FIIs, Fiagro e FI-Infra.","url":"https:\/\/www.suno.com.br\/noticias\/author\/gustavo-silva\/"}]}},"default_loop_html":"<div class=\"cardsPage__listCard__boxs\"><div class=\"cardsPage__listCard__boxs__img\"><a href=\"https:\/\/www.suno.com.br\/noticias\/ifix-maiores-altas-baixas-dos-fiis-em-julho-2022\/\"><img class=\"mask\" src=\"https:\/\/www.suno.com.br\/noticias\/wp-content\/themes\/suno\/resources\/images\/spotlight\/spotlight1img\/bg-mask.png\" alt=\"Image Mask\"\/><img src=\"https:\/\/files.sunoresearch.com.br\/n\/uploads\/2022\/08\/ifix-400x200.jpg\" alt=\"CARE11, RBRP11: Veja as 5 maiores altas e baixas do IFIX em julho\"\/><\/a><span class=\"spotlightCategory\"><a href=\"https:\/\/www.suno.com.br\/noticias\/fiis\/\">FIIs<\/a><\/span><\/div><div class=\"cardsPage__listCard__boxs__content\"><a href=\"https:\/\/www.suno.com.br\/noticias\/ifix-maiores-altas-baixas-dos-fiis-em-julho-2022\/\"><h2 class=\"content__title\">CARE11, RBRP11: Veja as 5 maiores altas e baixas do IFIX em julho<\/h2><\/a><div class=\"newsContent__article__meta\"><div class=\"newsContent__article__meta__authorBox\"><a href=\"https:\/\/www.suno.com.br\/noticias\/author\/gustavo-silva\/\" class=\"authorBox__avatar noMobi\"><img src=\"https:\/\/files.sunoresearch.com.br\/n\/uploads\/2024\/06\/41337ec3172142e15d749bd3a95a5216.jpeg\" alt=\"Gustavo Bianch\"><\/a><div class=\"authorBox__name\"><span>por\n\t\t\t<a href=\"https:\/\/www.suno.com.br\/noticias\/author\/gustavo-silva\/\"><span itemprop=\"author\">Gustavo Bianch<\/span><\/a><\/span><time datetime=\"2022-08-01T10:24:38-03:00\" itemprop=\"datePublished\">01\/08\/2022 10:24<\/time><\/div><\/div><\/div><\/div><\/div>","single_layout":"posts","amp_enabled":true,"_links":{"self":[{"href":"https:\/\/www.suno.com.br\/noticias\/wp-json\/wp\/v2\/posts\/280204"}],"collection":[{"href":"https:\/\/www.suno.com.br\/noticias\/wp-json\/wp\/v2\/posts"}],"about":[{"href":"https:\/\/www.suno.com.br\/noticias\/wp-json\/wp\/v2\/types\/post"}],"author":[{"embeddable":true,"href":"https:\/\/www.suno.com.br\/noticias\/wp-json\/wp\/v2\/users\/172"}],"replies":[{"embeddable":true,"href":"https:\/\/www.suno.com.br\/noticias\/wp-json\/wp\/v2\/comments?post=280204"}],"version-history":[{"count":4,"href":"https:\/\/www.suno.com.br\/noticias\/wp-json\/wp\/v2\/posts\/280204\/revisions"}],"predecessor-version":[{"id":292446,"href":"https:\/\/www.suno.com.br\/noticias\/wp-json\/wp\/v2\/posts\/280204\/revisions\/292446"}],"wp:featuredmedia":[{"embeddable":true,"href":"https:\/\/www.suno.com.br\/noticias\/wp-json\/wp\/v2\/media\/280262"}],"wp:attachment":[{"href":"https:\/\/www.suno.com.br\/noticias\/wp-json\/wp\/v2\/media?parent=280204"}],"wp:term":[{"taxonomy":"category","embeddable":true,"href":"https:\/\/www.suno.com.br\/noticias\/wp-json\/wp\/v2\/categories?post=280204"},{"taxonomy":"post_tag","embeddable":true,"href":"https:\/\/www.suno.com.br\/noticias\/wp-json\/wp\/v2\/tags?post=280204"},{"taxonomy":"suno_strategy","embeddable":true,"href":"https:\/\/www.suno.com.br\/noticias\/wp-json\/wp\/v2\/suno_strategy?post=280204"}],"curies":[{"name":"wp","href":"https:\/\/api.w.org\/{rel}","templated":true}]}}