{"id":27987,"date":"2019-06-12T18:26:42","date_gmt":"2019-06-12T21:26:42","guid":{"rendered":"https:\/\/www.suno.com.br\/noticias\/?p=27987"},"modified":"2019-06-12T18:26:43","modified_gmt":"2019-06-12T21:26:43","slug":"maia-previdencia-reincluir-estados-municipios","status":"publish","type":"post","link":"https:\/\/www.suno.com.br\/noticias\/maia-previdencia-reincluir-estados-municipios\/","title":{"rendered":"Maia diz que pode reincluir estados e munic\u00edpios na Previd\u00eancia"},"content":{"rendered":"<p>O presidente da C\u00e2mara Federal, <strong>Rodrigo Maia<\/strong> (DEM-RJ), afirmou nesta quarta-feira (12) que os <strong>estados<\/strong> e <strong>munic\u00edpios<\/strong> podem ser reinclu\u00eddos no parecer da reforma da Previd\u00eancia. Contudo, tal retorno s\u00f3 ocorrer\u00e1 se houver acordo entre os <strong>governadores<\/strong> para apoiar a Proposta de Emenda Constitucional (PEC).<\/p>\t<div class=\"wrapper-featured-image\">\n\t\t<figure class=\"spotlightImg\">\n\n\t\t\t<picture>\n\t\t\t\t<source media=\"(max-width: 768px)\" srcset=\"https:\/\/files.sunoresearch.com.br\/n\/uploads\/2019\/04\/6544c46d-rodrigo-maia-400x200.webp\">\n\t\t\t\t<img loading=\"lazy\" decoding=\"async\" class=\"newsContent__article__imgCapa lazyloadDisabled newsContent__article__imgCapa--noCaption\" src=\"https:\/\/files.sunoresearch.com.br\/n\/uploads\/2019\/04\/6544c46d-rodrigo-maia-800x450.webp\" width=\"800\" height=\"450\" alt=\"Maia diz que pode reincluir estados e munic\u00edpios na Previd\u00eancia\" fetchpriority=high \/>\n\t\t\t<\/picture>\n\n\t\t\t<figcaption class=\"wp-caption-text wp-caption-text--hide\">Rodrigo Maia \u00e9 acusado de tr\u00eas crimes pela PF em Opera\u00e7\u00e3o Lava Jato<\/figcaption>\n\t\t<\/figure>\n\t<\/div>\n\n\n<p>&#8220;O relat\u00f3rio [da reforma da <strong>Previd\u00eancia<\/strong>] vir\u00e1 sem os governadores. E se apresenta uma emenda reincluindo&#8221;, afirmou. &#8220;N\u00f3s queremos incluir [estados e munic\u00edpios], mas \u00e9 uma quest\u00e3o pol\u00edtica&#8221;.<\/p>\n\t<p>\n\t\t<a href=\"https:\/\/lp2.suno.com.br\/pv\/curso-zero-ao-primeiro-rendimento\/?utm_source=suno-noticias&#038;utm_medium=banner&#038;utm_campaign=_SNC4CCF8112_\" target=\"_blank\" data-element=\"shortcode-suno-banner\" title=\"Banner SUNO, clique e saiba mais\">\n\t\t\t<picture>\n\t\t\t\t<source media=\"(max-width: 500px)\" srcset=\"https:\/\/files.sunoresearch.com.br\/n\/uploads\/2025\/12\/Artigos-e-Noticias-Banner-Materias-02-Mobile_-400x300-1-png.webp\">\n\t\t\t\t<img class=\"newsContent__article__imgCapa newsContent__article__imgCapa--banner\"\n\t\t\t\t\tsrc=\"https:\/\/files.sunoresearch.com.br\/n\/uploads\/2025\/12\/Artigos-e-Noticias-Banner-Materias-01-Desktop_-1420x240-1-png.webp\"\n\t\t\t\t\tdata-promo-id=\"635313\"\t\t\t\t\t\t\t\t\t\twidth='1420' height='240'\t\t\t\t\talt=\"https:\/\/files.sunoresearch.com.br\/n\/uploads\/2025\/12\/Artigos-e-Noticias-Banner-Materias-01-Desktop_-1420x240-1-png.webp\"\n\t\t\t\t>\n\t\t\t<\/picture>\n\t\t<\/a>\n\t<\/p>\n\n\n<p>A fala de Maia ocorre ap\u00f3s ser divulgada a possibilidade do\u00a0parecer retirar os<strong> estados<\/strong> e <strong>munic\u00edpios<\/strong>. Al\u00e9m disso, tamb\u00e9m deve retirar:<\/p>\n<ul>\n<li>o sistema de <strong>capitaliza\u00e7\u00e3o;<\/strong><\/li>\n<li>as mudan\u00e7as na aposentadoria rural;<\/li>\n<li>e as mudan\u00e7as e no <strong>Benef\u00edcio de Presta\u00e7\u00e3o Continuada<\/strong> (BPC).<\/li>\n<\/ul>\n<p>O parecer da <strong>reforma da Previd\u00eancia<\/strong> \u00e9 de responsabilidade do relator da <strong>comiss\u00e3o especial<\/strong> da C\u00e2mara, o deputado Samuel Moreira (PSDB-SP). E deve ser apresentado na pr\u00f3xima quinta-feira (12).<\/p>\n<p>Segundo o jornal &#8220;O Globo&#8221;, a decis\u00e3o foi tomada em reuni\u00e3o na qual participavam lideran\u00e7as do grupo de partidos conhecido como &#8220;<strong>Centr\u00e3o<\/strong>&#8220;: DEM; MDB;\u00a0PP;\u00a0e PR.<\/p>\n<p>Com a nova estrutura da <strong>Proposta de Emenda Constitucional<\/strong> (PEC), que consta no parecer da comiss\u00e3o especial da C\u00e2mara, a economia prevista pelos l\u00edderes fica entre\u00a0<strong>R$ 800 bilh\u00f5es <\/strong>e\u00a0<strong>R$ 900 bilh\u00f5es<\/strong> em 10 anos. Valor inferior ao m\u00ednimo de R$ 1 trilh\u00e3o divulgado pelo Minist\u00e9rio da Economia.<\/p>\n<p>As novidades referentes \u00e1 reforma da Previd\u00eancia, e o <strong><a href=\"https:\/\/www.suno.com.br\/artigos\/ibovespa\/\">Ibovespa<\/a><\/strong> encerrou em queda de 0,65%, com 98.320,88 pontos.<\/p>\n<p><a href=\"https:\/\/www.suno.com.br\/noticias\/reforma-previdencia-bpc-estados-municipios\/\">Saiba mais &#8211;\u00a0Reforma da Previd\u00eancia: sem BPC, capitaliza\u00e7\u00e3o, estados e munic\u00edpios<\/a><\/p>\n<h2>Vota\u00e7\u00e3o da Previd\u00eancia na comiss\u00e3o deve ocorrer dia 25<\/h2>\n<p>O presidente da C\u00e2mara dos Deputados, <strong>Rodrigo Maia<\/strong> (DEM-RJ), afirmou tamb\u00e9m nesta data, que em articula\u00e7\u00e3o da reforma da Previd\u00eancia, tem discutido com <strong>l\u00edderes partid\u00e1rios<\/strong> a possibilidade de votar o parecer na <strong>comiss\u00e3o especial<\/strong> no pr\u00f3ximo dia 25 de junho.<\/p>\n<p>Maia informou a data de poss\u00edvel vota\u00e7\u00e3o ap\u00f3s o adiamento da apresenta\u00e7\u00e3o do parecer da <strong>reforma da Previd\u00eancia<\/strong> da comiss\u00e3o especial. Prevista para a \u00faltima segunda-feira (10), a nova data de apresenta\u00e7\u00e3o \u00e9 a quinta-feira (13).<\/p>\n","protected":false},"excerpt":{"rendered":"<p>O presidente da C\u00e2mara Federal, Rodrigo Maia (DEM-RJ), afirmou nesta quarta-feira (12) que os estados e munic\u00edpios podem ser reinclu\u00eddos no parecer da reforma da Previd\u00eancia. Contudo, tal retorno s\u00f3 ocorrer\u00e1 se houver acordo entre os governadores para apoiar a Proposta de Emenda Constitucional (PEC). Rodrigo Maia \u00e9 acusado de tr\u00eas crimes pela PF em [&hellip;]<\/p>\n","protected":false},"author":12,"featured_media":22666,"comment_status":"closed","ping_status":"closed","sticky":false,"template":"","format":"standard","meta":[],"categories":[61],"tags":[940,892],"suno_strategy":[],"class_list":["post-27987","post","type-post","status-publish","format-standard","has-post-thumbnail","hentry","category-politica","tag-reforma-da-previdencia","tag-rodrigo-maia"],"yoast_head":"<!-- This site is optimized with the Yoast SEO plugin v24.4 - https:\/\/yoast.com\/wordpress\/plugins\/seo\/ -->\n<title>Maia diz que pode reincluir estados e munic\u00edpios na Previd\u00eancia<\/title>\n<meta name=\"description\" content=\"O presidente da C\u00e2mara, Rodrigo Maia, afirmou que pode haver reinclus\u00e3o dos estados e munic\u00edpios na Previd\u00eancia. Clique para saber mais.\" \/>\n<meta name=\"robots\" content=\"index, follow, max-snippet:-1, max-image-preview:large, max-video-preview:-1\" \/>\n<link rel=\"canonical\" href=\"https:\/\/www.suno.com.br\/noticias\/maia-previdencia-reincluir-estados-municipios\/\" \/>\n<meta property=\"og:locale\" content=\"pt_BR\" \/>\n<meta property=\"og:type\" content=\"article\" \/>\n<meta property=\"og:title\" content=\"Maia diz que pode reincluir estados e munic\u00edpios na Previd\u00eancia\" \/>\n<meta property=\"og:description\" content=\"O presidente da C\u00e2mara, Rodrigo Maia, afirmou que pode haver reinclus\u00e3o dos estados e munic\u00edpios na Previd\u00eancia. Clique para saber mais.\" \/>\n<meta property=\"og:url\" content=\"https:\/\/www.suno.com.br\/noticias\/maia-previdencia-reincluir-estados-municipios\/\" \/>\n<meta property=\"og:site_name\" content=\"Suno Not\u00edcias\" \/>\n<meta property=\"article:publisher\" content=\"https:\/\/facebook.com\/sunoresearch\" \/>\n<meta property=\"og:image\" content=\"https:\/\/files.sunoresearch.com.br\/n\/uploads\/2019\/04\/6544c46d-rodrigo-maia.jpg\" \/>\n\t<meta property=\"og:image:width\" content=\"1024\" \/>\n\t<meta property=\"og:image:height\" content=\"683\" \/>\n\t<meta property=\"og:image:type\" content=\"image\/jpeg\" \/>\n<meta name=\"author\" content=\"Amanda Gushiken\" \/>\n<meta name=\"twitter:card\" content=\"summary_large_image\" \/>\n<meta name=\"twitter:creator\" content=\"@sunoresearch\" \/>\n<meta name=\"twitter:site\" content=\"@sunoresearch\" \/>\n<meta name=\"twitter:label1\" content=\"Escrito por\" \/>\n\t<meta name=\"twitter:data1\" content=\"Amanda Gushiken\" \/>\n\t<meta name=\"twitter:label2\" content=\"Est. tempo de leitura\" \/>\n\t<meta name=\"twitter:data2\" content=\"2 minutos\" \/>\n<script type=\"application\/ld+json\" class=\"yoast-schema-graph\">{\"@context\":\"https:\/\/schema.org\",\"@graph\":[{\"@type\":\"NewsArticle\",\"@id\":\"https:\/\/www.suno.com.br\/noticias\/maia-previdencia-reincluir-estados-municipios\/#article\",\"isPartOf\":{\"@id\":\"https:\/\/www.suno.com.br\/noticias\/maia-previdencia-reincluir-estados-municipios\/\"},\"author\":{\"name\":\"Amanda Gushiken\",\"@id\":\"https:\/\/www.suno.com.br\/noticias\/#\/schema\/person\/a5b06fa4e879d8e8e119c6ed3cd630d1\"},\"headline\":\"Maia diz que pode reincluir estados e munic\u00edpios na Previd\u00eancia\",\"datePublished\":\"2019-06-12T21:26:42+00:00\",\"dateModified\":\"2019-06-12T21:26:43+00:00\",\"mainEntityOfPage\":{\"@id\":\"https:\/\/www.suno.com.br\/noticias\/maia-previdencia-reincluir-estados-municipios\/\"},\"wordCount\":390,\"publisher\":{\"@id\":\"https:\/\/www.suno.com.br\/noticias\/#organization\"},\"image\":{\"@id\":\"https:\/\/www.suno.com.br\/noticias\/maia-previdencia-reincluir-estados-municipios\/#primaryimage\"},\"thumbnailUrl\":\"https:\/\/files.sunoresearch.com.br\/n\/uploads\/2019\/04\/6544c46d-rodrigo-maia-jpg.webp\",\"keywords\":[\"Reforma da Previd\u00eancia\",\"Rodrigo Maia\"],\"articleSection\":[\"Pol\u00edtica\"],\"inLanguage\":\"pt-BR\"},{\"@type\":\"WebPage\",\"@id\":\"https:\/\/www.suno.com.br\/noticias\/maia-previdencia-reincluir-estados-municipios\/\",\"url\":\"https:\/\/www.suno.com.br\/noticias\/maia-previdencia-reincluir-estados-municipios\/\",\"name\":\"Maia diz que pode reincluir estados e munic\u00edpios na Previd\u00eancia\",\"isPartOf\":{\"@id\":\"https:\/\/www.suno.com.br\/noticias\/#website\"},\"primaryImageOfPage\":{\"@id\":\"https:\/\/www.suno.com.br\/noticias\/maia-previdencia-reincluir-estados-municipios\/#primaryimage\"},\"image\":{\"@id\":\"https:\/\/www.suno.com.br\/noticias\/maia-previdencia-reincluir-estados-municipios\/#primaryimage\"},\"thumbnailUrl\":\"https:\/\/files.sunoresearch.com.br\/n\/uploads\/2019\/04\/6544c46d-rodrigo-maia-jpg.webp\",\"datePublished\":\"2019-06-12T21:26:42+00:00\",\"dateModified\":\"2019-06-12T21:26:43+00:00\",\"description\":\"O presidente da C\u00e2mara, Rodrigo Maia, afirmou que pode haver reinclus\u00e3o dos estados e munic\u00edpios na Previd\u00eancia. Clique para saber mais.\",\"breadcrumb\":{\"@id\":\"https:\/\/www.suno.com.br\/noticias\/maia-previdencia-reincluir-estados-municipios\/#breadcrumb\"},\"inLanguage\":\"pt-BR\",\"potentialAction\":[{\"@type\":\"ReadAction\",\"target\":[\"https:\/\/www.suno.com.br\/noticias\/maia-previdencia-reincluir-estados-municipios\/\"]}]},{\"@type\":\"ImageObject\",\"inLanguage\":\"pt-BR\",\"@id\":\"https:\/\/www.suno.com.br\/noticias\/maia-previdencia-reincluir-estados-municipios\/#primaryimage\",\"url\":\"https:\/\/files.sunoresearch.com.br\/n\/uploads\/2019\/04\/6544c46d-rodrigo-maia-jpg.webp\",\"contentUrl\":\"https:\/\/files.sunoresearch.com.br\/n\/uploads\/2019\/04\/6544c46d-rodrigo-maia-jpg.webp\",\"width\":1024,\"height\":683,\"caption\":\"Rodrigo Maia \u00e9 acusado de tr\u00eas crimes pela PF em Opera\u00e7\u00e3o Lava Jato\"},{\"@type\":\"BreadcrumbList\",\"@id\":\"https:\/\/www.suno.com.br\/noticias\/maia-previdencia-reincluir-estados-municipios\/#breadcrumb\",\"itemListElement\":[{\"@type\":\"ListItem\",\"position\":1,\"name\":\"Not\u00edcias\",\"item\":\"https:\/\/www.suno.com.br\/noticias\/\"},{\"@type\":\"ListItem\",\"position\":2,\"name\":\"Pol\u00edtica\",\"item\":\"https:\/\/www.suno.com.br\/noticias\/politica\/\"},{\"@type\":\"ListItem\",\"position\":3,\"name\":\"Maia diz que pode reincluir estados e munic\u00edpios na Previd\u00eancia\"}]},{\"@type\":\"WebSite\",\"@id\":\"https:\/\/www.suno.com.br\/noticias\/#website\",\"url\":\"https:\/\/www.suno.com.br\/noticias\/\",\"name\":\"Suno Not\u00edcias\",\"description\":\"Seu portal de informa\u00e7\u00e3o sobre o mundo dos investimentos\",\"publisher\":{\"@id\":\"https:\/\/www.suno.com.br\/noticias\/#organization\"},\"potentialAction\":[{\"@type\":\"SearchAction\",\"target\":{\"@type\":\"EntryPoint\",\"urlTemplate\":\"https:\/\/www.suno.com.br\/noticias\/?s={search_term_string}\"},\"query-input\":{\"@type\":\"PropertyValueSpecification\",\"valueRequired\":true,\"valueName\":\"search_term_string\"}}],\"inLanguage\":\"pt-BR\"},{\"@type\":\"Organization\",\"@id\":\"https:\/\/www.suno.com.br\/noticias\/#organization\",\"name\":\"Suno Not\u00edcias\",\"url\":\"https:\/\/www.suno.com.br\/noticias\/\",\"logo\":{\"@type\":\"ImageObject\",\"inLanguage\":\"pt-BR\",\"@id\":\"https:\/\/www.suno.com.br\/noticias\/#\/schema\/logo\/image\/\",\"url\":\"https:\/\/files.sunoresearch.com.br\/n\/uploads\/2021\/09\/suno-logo.png\",\"contentUrl\":\"https:\/\/files.sunoresearch.com.br\/n\/uploads\/2021\/09\/suno-logo.png\",\"width\":180,\"height\":180,\"caption\":\"Suno Not\u00edcias\"},\"image\":{\"@id\":\"https:\/\/www.suno.com.br\/noticias\/#\/schema\/logo\/image\/\"},\"sameAs\":[\"https:\/\/facebook.com\/sunoresearch\",\"https:\/\/x.com\/sunoresearch\",\"https:\/\/www.instagram.com\/suno\",\"https:\/\/www.linkedin.com\/company\/suno-research\/\",\"https:\/\/www.youtube.com\/c\/sunoresearch\"]},{\"@type\":\"Person\",\"@id\":\"https:\/\/www.suno.com.br\/noticias\/#\/schema\/person\/a5b06fa4e879d8e8e119c6ed3cd630d1\",\"name\":\"Amanda Gushiken\",\"image\":{\"@type\":\"ImageObject\",\"inLanguage\":\"pt-BR\",\"@id\":\"https:\/\/www.suno.com.br\/noticias\/#\/schema\/person\/image\/\",\"url\":\"https:\/\/secure.gravatar.com\/avatar\/ecd84705e6b65e3685ae80d725501fbe?s=96&r=g\",\"contentUrl\":\"https:\/\/secure.gravatar.com\/avatar\/ecd84705e6b65e3685ae80d725501fbe?s=96&r=g\",\"caption\":\"Amanda Gushiken\"},\"description\":\"Amanda Sayuri Gushiken escreve sobre finan\u00e7as e neg\u00f3cios para o portal Suno Not\u00edcias. Antes, trabalhou selecionando not\u00edcias da imprensa para clientes do mercado financeiro. Tamb\u00e9m desenvolveu pesquisa acad\u00eamica pela Universidade Anhembi Morumbi na \u00e1rea de Teorias da Comunica\u00e7\u00e3o e \u00e9 fot\u00f3grafa nas horas vagas.\",\"url\":\"https:\/\/www.suno.com.br\/noticias\/author\/amanda\/\"}]}<\/script>\n<!-- \/ Yoast SEO plugin. -->","yoast_head_json":{"title":"Maia diz que pode reincluir estados e munic\u00edpios na Previd\u00eancia","description":"O presidente da C\u00e2mara, Rodrigo Maia, afirmou que pode haver reinclus\u00e3o dos estados e munic\u00edpios na Previd\u00eancia. Clique para saber mais.","robots":{"index":"index","follow":"follow","max-snippet":"max-snippet:-1","max-image-preview":"max-image-preview:large","max-video-preview":"max-video-preview:-1"},"canonical":"https:\/\/www.suno.com.br\/noticias\/maia-previdencia-reincluir-estados-municipios\/","og_locale":"pt_BR","og_type":"article","og_title":"Maia diz que pode reincluir estados e munic\u00edpios na Previd\u00eancia","og_description":"O presidente da C\u00e2mara, Rodrigo Maia, afirmou que pode haver reinclus\u00e3o dos estados e munic\u00edpios na Previd\u00eancia. Clique para saber mais.","og_url":"https:\/\/www.suno.com.br\/noticias\/maia-previdencia-reincluir-estados-municipios\/","og_site_name":"Suno Not\u00edcias","article_publisher":"https:\/\/facebook.com\/sunoresearch","og_image":[{"width":1024,"height":683,"url":"https:\/\/files.sunoresearch.com.br\/n\/uploads\/2019\/04\/6544c46d-rodrigo-maia.jpg","type":"image\/jpeg"}],"author":"Amanda Gushiken","twitter_card":"summary_large_image","twitter_creator":"@sunoresearch","twitter_site":"@sunoresearch","twitter_misc":{"Escrito por":"Amanda Gushiken","Est. tempo de leitura":"2 minutos"},"schema":{"@context":"https:\/\/schema.org","@graph":[{"@type":"NewsArticle","@id":"https:\/\/www.suno.com.br\/noticias\/maia-previdencia-reincluir-estados-municipios\/#article","isPartOf":{"@id":"https:\/\/www.suno.com.br\/noticias\/maia-previdencia-reincluir-estados-municipios\/"},"author":{"name":"Amanda Gushiken","@id":"https:\/\/www.suno.com.br\/noticias\/#\/schema\/person\/a5b06fa4e879d8e8e119c6ed3cd630d1"},"headline":"Maia diz que pode reincluir estados e munic\u00edpios na Previd\u00eancia","datePublished":"2019-06-12T21:26:42+00:00","dateModified":"2019-06-12T21:26:43+00:00","mainEntityOfPage":{"@id":"https:\/\/www.suno.com.br\/noticias\/maia-previdencia-reincluir-estados-municipios\/"},"wordCount":390,"publisher":{"@id":"https:\/\/www.suno.com.br\/noticias\/#organization"},"image":{"@id":"https:\/\/www.suno.com.br\/noticias\/maia-previdencia-reincluir-estados-municipios\/#primaryimage"},"thumbnailUrl":"https:\/\/files.sunoresearch.com.br\/n\/uploads\/2019\/04\/6544c46d-rodrigo-maia-jpg.webp","keywords":["Reforma da Previd\u00eancia","Rodrigo Maia"],"articleSection":["Pol\u00edtica"],"inLanguage":"pt-BR"},{"@type":"WebPage","@id":"https:\/\/www.suno.com.br\/noticias\/maia-previdencia-reincluir-estados-municipios\/","url":"https:\/\/www.suno.com.br\/noticias\/maia-previdencia-reincluir-estados-municipios\/","name":"Maia diz que pode reincluir estados e munic\u00edpios na Previd\u00eancia","isPartOf":{"@id":"https:\/\/www.suno.com.br\/noticias\/#website"},"primaryImageOfPage":{"@id":"https:\/\/www.suno.com.br\/noticias\/maia-previdencia-reincluir-estados-municipios\/#primaryimage"},"image":{"@id":"https:\/\/www.suno.com.br\/noticias\/maia-previdencia-reincluir-estados-municipios\/#primaryimage"},"thumbnailUrl":"https:\/\/files.sunoresearch.com.br\/n\/uploads\/2019\/04\/6544c46d-rodrigo-maia-jpg.webp","datePublished":"2019-06-12T21:26:42+00:00","dateModified":"2019-06-12T21:26:43+00:00","description":"O presidente da C\u00e2mara, Rodrigo Maia, afirmou que pode haver reinclus\u00e3o dos estados e munic\u00edpios na Previd\u00eancia. Clique para saber mais.","breadcrumb":{"@id":"https:\/\/www.suno.com.br\/noticias\/maia-previdencia-reincluir-estados-municipios\/#breadcrumb"},"inLanguage":"pt-BR","potentialAction":[{"@type":"ReadAction","target":["https:\/\/www.suno.com.br\/noticias\/maia-previdencia-reincluir-estados-municipios\/"]}]},{"@type":"ImageObject","inLanguage":"pt-BR","@id":"https:\/\/www.suno.com.br\/noticias\/maia-previdencia-reincluir-estados-municipios\/#primaryimage","url":"https:\/\/files.sunoresearch.com.br\/n\/uploads\/2019\/04\/6544c46d-rodrigo-maia-jpg.webp","contentUrl":"https:\/\/files.sunoresearch.com.br\/n\/uploads\/2019\/04\/6544c46d-rodrigo-maia-jpg.webp","width":1024,"height":683,"caption":"Rodrigo Maia \u00e9 acusado de tr\u00eas crimes pela PF em Opera\u00e7\u00e3o Lava Jato"},{"@type":"BreadcrumbList","@id":"https:\/\/www.suno.com.br\/noticias\/maia-previdencia-reincluir-estados-municipios\/#breadcrumb","itemListElement":[{"@type":"ListItem","position":1,"name":"Not\u00edcias","item":"https:\/\/www.suno.com.br\/noticias\/"},{"@type":"ListItem","position":2,"name":"Pol\u00edtica","item":"https:\/\/www.suno.com.br\/noticias\/politica\/"},{"@type":"ListItem","position":3,"name":"Maia diz que pode reincluir estados e munic\u00edpios na Previd\u00eancia"}]},{"@type":"WebSite","@id":"https:\/\/www.suno.com.br\/noticias\/#website","url":"https:\/\/www.suno.com.br\/noticias\/","name":"Suno Not\u00edcias","description":"Seu portal de informa\u00e7\u00e3o sobre o mundo dos investimentos","publisher":{"@id":"https:\/\/www.suno.com.br\/noticias\/#organization"},"potentialAction":[{"@type":"SearchAction","target":{"@type":"EntryPoint","urlTemplate":"https:\/\/www.suno.com.br\/noticias\/?s={search_term_string}"},"query-input":{"@type":"PropertyValueSpecification","valueRequired":true,"valueName":"search_term_string"}}],"inLanguage":"pt-BR"},{"@type":"Organization","@id":"https:\/\/www.suno.com.br\/noticias\/#organization","name":"Suno Not\u00edcias","url":"https:\/\/www.suno.com.br\/noticias\/","logo":{"@type":"ImageObject","inLanguage":"pt-BR","@id":"https:\/\/www.suno.com.br\/noticias\/#\/schema\/logo\/image\/","url":"https:\/\/files.sunoresearch.com.br\/n\/uploads\/2021\/09\/suno-logo.png","contentUrl":"https:\/\/files.sunoresearch.com.br\/n\/uploads\/2021\/09\/suno-logo.png","width":180,"height":180,"caption":"Suno Not\u00edcias"},"image":{"@id":"https:\/\/www.suno.com.br\/noticias\/#\/schema\/logo\/image\/"},"sameAs":["https:\/\/facebook.com\/sunoresearch","https:\/\/x.com\/sunoresearch","https:\/\/www.instagram.com\/suno","https:\/\/www.linkedin.com\/company\/suno-research\/","https:\/\/www.youtube.com\/c\/sunoresearch"]},{"@type":"Person","@id":"https:\/\/www.suno.com.br\/noticias\/#\/schema\/person\/a5b06fa4e879d8e8e119c6ed3cd630d1","name":"Amanda Gushiken","image":{"@type":"ImageObject","inLanguage":"pt-BR","@id":"https:\/\/www.suno.com.br\/noticias\/#\/schema\/person\/image\/","url":"https:\/\/secure.gravatar.com\/avatar\/ecd84705e6b65e3685ae80d725501fbe?s=96&r=g","contentUrl":"https:\/\/secure.gravatar.com\/avatar\/ecd84705e6b65e3685ae80d725501fbe?s=96&r=g","caption":"Amanda Gushiken"},"description":"Amanda Sayuri Gushiken escreve sobre finan\u00e7as e neg\u00f3cios para o portal Suno Not\u00edcias. Antes, trabalhou selecionando not\u00edcias da imprensa para clientes do mercado financeiro. Tamb\u00e9m desenvolveu pesquisa acad\u00eamica pela Universidade Anhembi Morumbi na \u00e1rea de Teorias da Comunica\u00e7\u00e3o e \u00e9 fot\u00f3grafa nas horas vagas.","url":"https:\/\/www.suno.com.br\/noticias\/author\/amanda\/"}]}},"default_loop_html":"<div class=\"cardsPage__listCard__boxs\"><div class=\"cardsPage__listCard__boxs__img\"><a href=\"https:\/\/www.suno.com.br\/noticias\/maia-previdencia-reincluir-estados-municipios\/\"><img class=\"mask\" src=\"https:\/\/www.suno.com.br\/noticias\/wp-content\/themes\/suno\/resources\/images\/spotlight\/spotlight1img\/bg-mask.png\" alt=\"Image Mask\"\/><img src=\"https:\/\/files.sunoresearch.com.br\/n\/uploads\/2019\/04\/6544c46d-rodrigo-maia-400x200.webp\" alt=\"Maia diz que pode reincluir estados e munic\u00edpios na Previd\u00eancia\"\/><\/a><span class=\"spotlightCategory\"><a href=\"https:\/\/www.suno.com.br\/noticias\/politica\/\">Pol\u00edtica<\/a><\/span><\/div><div class=\"cardsPage__listCard__boxs__content\"><a href=\"https:\/\/www.suno.com.br\/noticias\/maia-previdencia-reincluir-estados-municipios\/\"><h2 class=\"content__title\">Maia diz que pode reincluir estados e munic\u00edpios na Previd\u00eancia<\/h2><\/a><div class=\"newsContent__article__meta\"><div class=\"newsContent__article__meta__authorBox\"><a href=\"https:\/\/www.suno.com.br\/noticias\/author\/amanda\/\" class=\"authorBox__avatar noMobi\"><img src=\"https:\/\/files.sunoresearch.com.br\/n\/uploads\/2018\/11\/c6ad30be-amanda-150x150.webp\" alt=\"Amanda Gushiken\"><\/a><div class=\"authorBox__name\"><span>por\n\t\t\t<a href=\"https:\/\/www.suno.com.br\/noticias\/author\/amanda\/\"><span itemprop=\"author\">Amanda Gushiken<\/span><\/a><\/span><time datetime=\"2019-06-12T18:26:42-03:00\" itemprop=\"datePublished\">12\/06\/2019 18:26<\/time><\/div><\/div><\/div><\/div><\/div>","single_layout":"posts","amp_enabled":true,"_links":{"self":[{"href":"https:\/\/www.suno.com.br\/noticias\/wp-json\/wp\/v2\/posts\/27987"}],"collection":[{"href":"https:\/\/www.suno.com.br\/noticias\/wp-json\/wp\/v2\/posts"}],"about":[{"href":"https:\/\/www.suno.com.br\/noticias\/wp-json\/wp\/v2\/types\/post"}],"author":[{"embeddable":true,"href":"https:\/\/www.suno.com.br\/noticias\/wp-json\/wp\/v2\/users\/12"}],"replies":[{"embeddable":true,"href":"https:\/\/www.suno.com.br\/noticias\/wp-json\/wp\/v2\/comments?post=27987"}],"version-history":[{"count":0,"href":"https:\/\/www.suno.com.br\/noticias\/wp-json\/wp\/v2\/posts\/27987\/revisions"}],"wp:featuredmedia":[{"embeddable":true,"href":"https:\/\/www.suno.com.br\/noticias\/wp-json\/wp\/v2\/media\/22666"}],"wp:attachment":[{"href":"https:\/\/www.suno.com.br\/noticias\/wp-json\/wp\/v2\/media?parent=27987"}],"wp:term":[{"taxonomy":"category","embeddable":true,"href":"https:\/\/www.suno.com.br\/noticias\/wp-json\/wp\/v2\/categories?post=27987"},{"taxonomy":"post_tag","embeddable":true,"href":"https:\/\/www.suno.com.br\/noticias\/wp-json\/wp\/v2\/tags?post=27987"},{"taxonomy":"suno_strategy","embeddable":true,"href":"https:\/\/www.suno.com.br\/noticias\/wp-json\/wp\/v2\/suno_strategy?post=27987"}],"curies":[{"name":"wp","href":"https:\/\/api.w.org\/{rel}","templated":true}]}}