{"id":279851,"date":"2022-08-11T09:30:48","date_gmt":"2022-08-11T12:30:48","guid":{"rendered":"https:\/\/www.suno.com.br\/noticias\/?p=279851"},"modified":"2022-08-11T17:15:07","modified_gmt":"2022-08-11T20:15:07","slug":"semana-esg-divida-verde-renda-fixa-esg","status":"publish","type":"post","link":"https:\/\/www.suno.com.br\/noticias\/semana-esg-divida-verde-renda-fixa-esg\/","title":{"rendered":"D\u00edvida verde: Conhe\u00e7a o mercado de renda fixa sustent\u00e1vel ligado ao ESG"},"content":{"rendered":"<p>Na hora de captar recursos no mercado, as empresas t\u00eam usado cada vez mais d\u00edvidas atreladas a objetivos sociais e ambientais presentes na sociedade civil. Do ingl\u00eas \u201cenvironmental, social, and corporate governance\u201d, a sigla\u00a0<strong>ESG<\/strong> praticamente substituiu a palavra \u201csustentabilidade\u201d nas mais diversas abordagens do mundo corporativo e ganhou at\u00e9 a tradu\u00e7\u00e3o \u201cASG\u201d para o portugu\u00eas &#8212; de ambiental, social e governan\u00e7a.<\/p>\t<div class=\"wrapper-featured-image\">\n\t\t<figure class=\"spotlightImg\">\n\n\t\t\t<picture>\n\t\t\t\t<source media=\"(max-width: 768px)\" srcset=\"https:\/\/files.sunoresearch.com.br\/n\/uploads\/2022\/08\/divida-verde-esg-400x200.jpg\">\n\t\t\t\t<img loading=\"lazy\" decoding=\"async\" class=\"newsContent__article__imgCapa lazyloadDisabled \" src=\"https:\/\/files.sunoresearch.com.br\/n\/uploads\/2022\/08\/divida-verde-esg-800x450.jpg\" width=\"800\" height=\"450\" alt=\"D\u00edvida verde: Conhe\u00e7a o mercado de renda fixa sustent\u00e1vel ligado ao ESG\" fetchpriority=high \/>\n\t\t\t<\/picture>\n\n\t\t\t<figcaption class=\"wp-caption-text wp-caption-text--show\">Brasil ainda tem o que avan\u00e7ar em regula\u00e7\u00e3o de pr\u00e1ticas ESG<\/figcaption>\n\t\t<\/figure>\n\t<\/div>\n\n\n\t<p>\n\t\t<a href=\"\" target=\"_blank\" data-element=\"shortcode-suno-banner\" title=\"Banner SUNO, clique e saiba mais\">\n\t\t\t<picture>\n\t\t\t\t<source media=\"(max-width: 500px)\" srcset=\"\">\n\t\t\t\t<img class=\"newsContent__article__imgCapa newsContent__article__imgCapa--banner\"\n\t\t\t\t\tsrc=\"\"\n\t\t\t\t\tdata-promo-id=\"281794\"\t\t\t\t\t\t\t\t\t\t\t\t\t\t\talt=\"\"\n\t\t\t\t>\n\t\t\t<\/picture>\n\t\t<\/a>\n\t<\/p>\n\n\n<p>A <strong>International Capital Markets Association (ICMA)<\/strong> divide modalidades de investimentos ESG em cinco categorias: t\u00edtulos verdes, t\u00edtulos sociais, t\u00edtulos sustent\u00e1veis (verdes e sociais), t\u00edtulos atrelados \u00e0 <strong>sustentabilidade<\/strong> (ou SLB&#8217;s, do ingl\u00eas sustainable-linked bonds) e t\u00edtulos de transi\u00e7\u00e3o.<\/p>\n<p>Enquanto os t\u00edtulos sociais, verdes e sustent\u00e1veis apresentam controle de desempenho por meio de um uso de recursos definido, como que um caminho carimbado do dinheiro levantado pelo financiamento, os SLBs possuem controle pelo atingimento de metas sustent\u00e1veis da empresa, sem uso de recursos previamente definido.<\/p>\n<p>Os t\u00edtulos de transi\u00e7\u00e3o, por sua vez, dizem respeito a empresas que ainda n\u00e3o s\u00e3o 100% sustent\u00e1veis, mas que est\u00e3o dando in\u00edcio a sua jornada ESG por meio de pr\u00e1ticas mais sustent\u00e1veis.<\/p>\n<p>Para saber tudo sobre ESG,\u00a0nos acompanhe nesta &#8220;<strong>Semana do ESG: Investindo no Futuro<\/strong>&#8220;, realizada com apoio da CBA e da Rio Bravo.\u00a0Entre 8 e 12 de agosto, o Suno Not\u00edcias vai trazer uma s\u00e9rie de conte\u00fados especiais sobre investimentos ESG para voc\u00ea ficar por dentro do tema e entender como isso impacta o seu bolso. <a href=\"https:\/\/www.suno.com.br\/noticias\/tags\/esg\/\">Voc\u00ea acompanha todo o conte\u00fado neste link.<\/a><\/p>\n<p>Voc\u00ea tamb\u00e9m n\u00e3o pode perder o <a href=\"https:\/\/lp.suno.com.br\/pv\/encontro-esg-investindo-no-futuro\/\">evento presencial do SUNO Not\u00edcias sobre ESG que ocorrer\u00e1 no dia 17 de agosto<\/a>, em S\u00e3o Paulo.<\/p>\n\t<p>\n\t\t<a href=\"\" target=\"_blank\" data-element=\"shortcode-suno-banner\" title=\"Banner SUNO, clique e saiba mais\">\n\t\t\t<picture>\n\t\t\t\t<source media=\"(max-width: 500px)\" srcset=\"\">\n\t\t\t\t<img class=\"newsContent__article__imgCapa newsContent__article__imgCapa--banner\"\n\t\t\t\t\tsrc=\"\"\n\t\t\t\t\tdata-promo-id=\"281791\"\t\t\t\t\t\t\t\t\t\t\t\t\t\t\talt=\"\"\n\t\t\t\t>\n\t\t\t<\/picture>\n\t\t<\/a>\n\t<\/p>\n\n\n<h2>Entenda o mercado<\/h2>\n<p>As chamadas &#8220;<strong>d\u00edvidas verdes&#8221; <\/strong>(ou, do ingl\u00eas, &#8220;<strong>green bonds&#8221;<\/strong>) s\u00e3o uma modalidade de t\u00edtulos que t\u00eam atra\u00eddo cada vez mais aten\u00e7\u00f5es de gestores e investidores, sendo comumente ligados a temas como o manejo sustent\u00e1vel de florestas, matriz energ\u00e9tica e controle do efeito estufa.<\/p>\n<p>O <strong>primeiro t\u00edtulo verde<\/strong> foi emitido em 2007 para financiar projetos de a\u00e7\u00e3o clim\u00e1tica, pelo Banco Mundial e Banco de Investimento Europeu (European Investment Bank). Desde ent\u00e3o, o mercado tem crescido exponencialmente, ultrapassando US$ 1 trilh\u00e3o em emiss\u00f5es acumuladas desde o in\u00edcio em 2020, segundo o <strong>BNP Paribas.<\/strong><\/p>\n<p>Tanto os\u00a0 t\u00edtulos verdes quanto os outros tipos de t\u00edtulos ESG podem ser adquiridos e geridos por investidores institucionais, como fundos e bancos, ou diretamente por pessoas f\u00edsicas, por meio de pap\u00e9is como as <strong>deb\u00eantures<\/strong>.<\/p>\n<p>Atualmente, a maior parte das d\u00edvidas verdes s\u00e3o formadas por <strong><a class=\"suno-keyword\" href=\"https:\/\/www.suno.com.br\/artigos\/debentures-incentivadas\/\" target=\"_blank\" rel=\"noopener\" data-force=\"no\" data-priority=\"1\">deb\u00eantures incentivadas<\/a>. <\/strong>Assim como nos CRIs e CRAs, as deb\u00eantures incentivadas oferecem isen\u00e7\u00e3o de IR para pessoas f\u00edsicas, que acabam sendo mais numerosas entre os que aderem ao investimento, j\u00e1 que, para pessoas jur\u00eddicas, a al\u00edquota \u00e9 de 15%.<\/p>\n<p>Somente em 2022, a NINT, certificadora de t\u00edtulos verdes com market share de mais de 50% do mercado nacional, lista mais de 10 emiss\u00f5es de deb\u00eantures verdes no mercado dom\u00e9stico por empresas como S\u00e3o Martinho (SMTO3), BRK Ambiental e Omega Desenvolvimento que, somadas, se aproximam dos R$ 18 bilh\u00f5es.<\/p>\n<p>Recentemente, a<strong><a href=\"https:\/\/www.suno.com.br\/acoes\/RAIZ4\"> Raizen (RAIZ4)<\/a><\/strong> realizou uma capta\u00e7\u00e3o de mais de R$ 1,2 bilh\u00f5es em SLBs por meio de deb\u00eantures. Os pap\u00e9is, em duas s\u00e9ries com prazo de vencimento de sete e 10 anos, ter\u00e3o metas ambientais e sociais a serem cumpridas at\u00e9 mar\u00e7o de 2026 &#8212; e, como \u00e9 caracter\u00edstico nos SLBs, o n\u00e3o atingimento de metas e compromissos estipulados pelo acordo traz um pagamento de uma penalidade sobre a taxa de juros aplicada.<\/p>\n<p>Mas as d\u00edvidas verdes ou alinhadas a princ\u00edpios sustent\u00e1veis n\u00e3o se restringem somente ao financiamento pela pessoa f\u00edsica.<\/p>\n<p>A <strong><a href=\"https:\/\/www.suno.com.br\/acoes\/PETR4\">Petrobras (PETR4)<\/a> <\/strong>recentemente deu in\u00edcio a sua jornada de alinhamento a princ\u00edpios ESG ao levantar, em empr\u00e9stimo com bancos internacionais, cerca de US$ 1,25 bilh\u00e3o atrelados a metas sustent\u00e1veis elaboradas pela empresa.<\/p>\n<p>Embora n\u00e3o tenha o uso de recursos definido nem revele metas espec\u00edficas da opera\u00e7\u00e3o, a empresa se comprometeu a adotar taxas vari\u00e1veis de acordo com a emiss\u00e3o de gases de efeito (GEE) estufa e metano da produ\u00e7\u00e3o e explora\u00e7\u00e3o de petr\u00f3leo e da intensidade de GEE do refino.<\/p>\n<p>A certifica\u00e7\u00e3o ser\u00e1 feita por uma terceira parte, o Instituto de Servi\u00e7os aos Acionistas.<\/p>\n<p>Segundo a Petrobras, a escolha pela opera\u00e7\u00e3o direta com bancos, ao inv\u00e9s de uma oferta p\u00fablica de t\u00edtulos verdes, ocorreu devido \u00e0 maior instabilidade no mercado financeiro.<\/p>\n\t<p>\n\t\t<a href=\"\" target=\"_blank\" data-element=\"shortcode-suno-banner\" title=\"Banner SUNO, clique e saiba mais\">\n\t\t\t<picture>\n\t\t\t\t<source media=\"(max-width: 500px)\" srcset=\"\">\n\t\t\t\t<img class=\"newsContent__article__imgCapa newsContent__article__imgCapa--banner\"\n\t\t\t\t\tsrc=\"\"\n\t\t\t\t\tdata-promo-id=\"281788\"\t\t\t\t\t\t\t\t\t\t\t\t\t\t\talt=\"\"\n\t\t\t\t>\n\t\t\t<\/picture>\n\t\t<\/a>\n\t<\/p>\n\n\n<h2>Investimentos sustent\u00e1veis vieram para ficar? Se depender dos clientes, sim<\/h2>\n<p>Segundo o <strong>Bank of America (BofA)<\/strong>, em relat\u00f3rio produzido ap\u00f3s entrevistas com investidores de diversos pa\u00edses, uma grande propor\u00e7\u00e3o de agentes de mercado direciona aten\u00e7\u00e3o aos princ\u00edpios ESG na hora de tomar decis\u00f5es de investimento.<\/p>\n<p>Enquanto a Europa lidera, com cerca de 40% dos investidores entrevistados respondendo que suas decis\u00f5es de investimento devem seguir fortes <strong>diretrizes ESG<\/strong>, mercados emergentes tamb\u00e9m marcam presen\u00e7a, com 30%.<\/p>\n<p>As maiores raz\u00f5es para a ades\u00e3o ao ESG por parte das empresas, segundo o BofA, s\u00e3o a mitiga\u00e7\u00e3o de riscos e o suprimento de demandas dos pr\u00f3prios clientes, que est\u00e3o mais atentos aos problemas da sociedade civil que princ\u00edpios ESG buscam mitigar.<\/p>\n<p>Al\u00e9m disso, cerca de 40% das companhias em mercados emergentes disseram ao banco que integraram o ESG em suas an\u00e1lises fundamentalistas.<\/p>\n<p>Para Luiza Vasconcellos, Head de produtos ESG do <strong>Ita\u00fa BBA<\/strong>, a ado\u00e7\u00e3o de <strong>pr\u00e1ticas ESG<\/strong> \u00e9 muito mais do que uma fase ou moda e tende a se tornar um quesito b\u00e1sico.<\/p>\n<p>\u201cA gente fala que parece aprender a falar ingl\u00eas. No come\u00e7o, quem falava tinha um diferencial. Depois, quem n\u00e3o falava ficou para tr\u00e1s\u201d, disse.<\/p>\n<h2>Guerra da Ucr\u00e2nia impactou mercado este ano<\/h2>\n<p>Comumente com recursos destinados a projetos alinhados aos objetivos de desenvolvimento sustent\u00e1vel estabelecidos pela ONU ou o Acordo de Paris, os<strong> t\u00edtulos ESG<\/strong> tiveram uma emiss\u00e3o pr\u00f3xima dos US$ 414 8 bilh\u00f5es nos primeiros seis meses do ano, queda de 22% em rela\u00e7\u00e3o ao mesmo per\u00edodo do ano anterior, segundo dados do BofA.<\/p>\n<p>A\u00a0queda vista neste mercado no primeiro semestre em 2022 foi causada por menores emiss\u00f5es de ag\u00eancias governamentais, enquanto os bancos e empresas ca\u00edram menos (recuaram 5,6%).<\/p>\n<p>J\u00e1 a XP Investimentos divulgou em relat\u00f3rio dizendo que a queda mais forte nas d\u00edvidas verdes foi causada pela guerra na Ucr\u00e2nia e pelo aumento nas taxas de juros.<\/p>\n<p>Para o resto do ano, o banco Bank of America prev\u00ea cerca de US$ 1,1 trilh\u00e3o em <strong>emiss\u00f5es ESG<\/strong> com grande protagonismo do setor privado, j\u00e1 que a previs\u00e3o de US$ 1,7 trilh\u00e3o foi revista devido a uma queda de emiss\u00f5es por parte de ag\u00eancias governamentais.<\/p>\n<p>Quer aprender muito mais sobre investimentos <strong>ESG<\/strong>? Ent\u00e3o garanta sua vaga no evento presencial do Suno Not\u00edcias que vai rolar em S\u00e3o Paulo, com os grandes nomes do ESG. Clique abaixo e garanta seu ingresso!<\/p>\n\t<p>\n\t\t<a href=\"\" target=\"_blank\" data-element=\"shortcode-suno-banner\" title=\"Banner SUNO, clique e saiba mais\">\n\t\t\t<picture>\n\t\t\t\t<source media=\"(max-width: 500px)\" srcset=\"\">\n\t\t\t\t<img class=\"newsContent__article__imgCapa newsContent__article__imgCapa--banner\"\n\t\t\t\t\tsrc=\"\"\n\t\t\t\t\tdata-promo-id=\"281794\"\t\t\t\t\t\t\t\t\t\t\t\t\t\t\talt=\"\"\n\t\t\t\t>\n\t\t\t<\/picture>\n\t\t<\/a>\n\t<\/p>\n\n\n","protected":false},"excerpt":{"rendered":"<p>Na hora de captar recursos no mercado, as empresas t\u00eam usado cada vez mais d\u00edvidas atreladas a objetivos sociais e ambientais presentes na sociedade civil. Do ingl\u00eas \u201cenvironmental, social, and corporate governance\u201d, a sigla\u00a0ESG praticamente substituiu a palavra \u201csustentabilidade\u201d nas mais diversas abordagens do mundo corporativo e ganhou at\u00e9 a tradu\u00e7\u00e3o \u201cASG\u201d para o portugu\u00eas [&hellip;]<\/p>\n","protected":false},"author":192,"featured_media":281414,"comment_status":"closed","ping_status":"closed","sticky":false,"template":"","format":"standard","meta":[],"categories":[64],"tags":[75364,308],"suno_strategy":[],"class_list":["post-279851","post","type-post","status-publish","format-standard","has-post-thumbnail","hentry","category-negocios","tag-esg","tag-renda-fixa"],"yoast_head":"<!-- This site is optimized with the Yoast SEO plugin v24.4 - https:\/\/yoast.com\/wordpress\/plugins\/seo\/ -->\n<title>D\u00edvida verde: Conhe\u00e7a o mercado de renda fixa sustent\u00e1vel<\/title>\n<meta name=\"description\" content=\"T\u00edtulos de d\u00edvida ligados a temas ESG - chamados de &#039;d\u00edvida verde&#039;- t\u00eam ganhado crescente espa\u00e7o no mercado dom\u00e9stico. Leia mais.\" \/>\n<meta name=\"robots\" content=\"index, follow, max-snippet:-1, max-image-preview:large, max-video-preview:-1\" \/>\n<link rel=\"canonical\" href=\"https:\/\/www.suno.com.br\/noticias\/semana-esg-divida-verde-renda-fixa-esg\/\" \/>\n<meta property=\"og:locale\" content=\"pt_BR\" \/>\n<meta property=\"og:type\" content=\"article\" \/>\n<meta property=\"og:title\" content=\"D\u00edvida verde: Conhe\u00e7a o mercado de renda fixa sustent\u00e1vel\" \/>\n<meta property=\"og:description\" content=\"T\u00edtulos de d\u00edvida ligados a temas ESG - chamados de &#039;d\u00edvida verde&#039;- t\u00eam ganhado crescente espa\u00e7o no mercado dom\u00e9stico. Leia mais.\" \/>\n<meta property=\"og:url\" content=\"https:\/\/www.suno.com.br\/noticias\/semana-esg-divida-verde-renda-fixa-esg\/\" \/>\n<meta property=\"og:site_name\" content=\"Suno Not\u00edcias\" \/>\n<meta property=\"article:publisher\" content=\"https:\/\/facebook.com\/sunoresearch\" \/>\n<meta property=\"og:image\" content=\"https:\/\/files.sunoresearch.com.br\/n\/uploads\/2022\/08\/divida-verde-esg-scaled.jpg\" \/>\n\t<meta property=\"og:image:width\" content=\"2560\" \/>\n\t<meta property=\"og:image:height\" content=\"1706\" \/>\n\t<meta property=\"og:image:type\" content=\"image\/jpeg\" \/>\n<meta name=\"author\" content=\"Laura Intrieri\" \/>\n<meta name=\"twitter:card\" content=\"summary_large_image\" \/>\n<meta name=\"twitter:creator\" content=\"@sunoresearch\" \/>\n<meta name=\"twitter:site\" content=\"@sunoresearch\" \/>\n<meta name=\"twitter:label1\" content=\"Escrito por\" \/>\n\t<meta name=\"twitter:data1\" content=\"Laura Intrieri\" \/>\n\t<meta name=\"twitter:label2\" content=\"Est. tempo de leitura\" \/>\n\t<meta name=\"twitter:data2\" content=\"7 minutos\" \/>\n<script type=\"application\/ld+json\" class=\"yoast-schema-graph\">{\"@context\":\"https:\/\/schema.org\",\"@graph\":[{\"@type\":\"NewsArticle\",\"@id\":\"https:\/\/www.suno.com.br\/noticias\/semana-esg-divida-verde-renda-fixa-esg\/#article\",\"isPartOf\":{\"@id\":\"https:\/\/www.suno.com.br\/noticias\/semana-esg-divida-verde-renda-fixa-esg\/\"},\"author\":{\"name\":\"Laura Intrieri\",\"@id\":\"https:\/\/www.suno.com.br\/noticias\/#\/schema\/person\/653a8428016d45b19031651c57b94f82\"},\"headline\":\"D\u00edvida verde: Conhe\u00e7a o mercado de renda fixa sustent\u00e1vel ligado ao ESG\",\"datePublished\":\"2022-08-11T12:30:48+00:00\",\"dateModified\":\"2022-08-11T20:15:07+00:00\",\"mainEntityOfPage\":{\"@id\":\"https:\/\/www.suno.com.br\/noticias\/semana-esg-divida-verde-renda-fixa-esg\/\"},\"wordCount\":1244,\"publisher\":{\"@id\":\"https:\/\/www.suno.com.br\/noticias\/#organization\"},\"image\":{\"@id\":\"https:\/\/www.suno.com.br\/noticias\/semana-esg-divida-verde-renda-fixa-esg\/#primaryimage\"},\"thumbnailUrl\":\"https:\/\/files.sunoresearch.com.br\/n\/uploads\/2022\/08\/divida-verde-esg-scaled.jpg\",\"keywords\":[\"ESG\",\"Renda Fixa\"],\"articleSection\":[\"Neg\u00f3cios\"],\"inLanguage\":\"pt-BR\"},{\"@type\":\"WebPage\",\"@id\":\"https:\/\/www.suno.com.br\/noticias\/semana-esg-divida-verde-renda-fixa-esg\/\",\"url\":\"https:\/\/www.suno.com.br\/noticias\/semana-esg-divida-verde-renda-fixa-esg\/\",\"name\":\"D\u00edvida verde: Conhe\u00e7a o mercado de renda fixa sustent\u00e1vel\",\"isPartOf\":{\"@id\":\"https:\/\/www.suno.com.br\/noticias\/#website\"},\"primaryImageOfPage\":{\"@id\":\"https:\/\/www.suno.com.br\/noticias\/semana-esg-divida-verde-renda-fixa-esg\/#primaryimage\"},\"image\":{\"@id\":\"https:\/\/www.suno.com.br\/noticias\/semana-esg-divida-verde-renda-fixa-esg\/#primaryimage\"},\"thumbnailUrl\":\"https:\/\/files.sunoresearch.com.br\/n\/uploads\/2022\/08\/divida-verde-esg-scaled.jpg\",\"datePublished\":\"2022-08-11T12:30:48+00:00\",\"dateModified\":\"2022-08-11T20:15:07+00:00\",\"description\":\"T\u00edtulos de d\u00edvida ligados a temas ESG - chamados de 'd\u00edvida verde'- t\u00eam ganhado crescente espa\u00e7o no mercado dom\u00e9stico. Leia mais.\",\"breadcrumb\":{\"@id\":\"https:\/\/www.suno.com.br\/noticias\/semana-esg-divida-verde-renda-fixa-esg\/#breadcrumb\"},\"inLanguage\":\"pt-BR\",\"potentialAction\":[{\"@type\":\"ReadAction\",\"target\":[\"https:\/\/www.suno.com.br\/noticias\/semana-esg-divida-verde-renda-fixa-esg\/\"]}]},{\"@type\":\"ImageObject\",\"inLanguage\":\"pt-BR\",\"@id\":\"https:\/\/www.suno.com.br\/noticias\/semana-esg-divida-verde-renda-fixa-esg\/#primaryimage\",\"url\":\"https:\/\/files.sunoresearch.com.br\/n\/uploads\/2022\/08\/divida-verde-esg-scaled.jpg\",\"contentUrl\":\"https:\/\/files.sunoresearch.com.br\/n\/uploads\/2022\/08\/divida-verde-esg-scaled.jpg\",\"width\":2560,\"height\":1706,\"caption\":\"Brasil ainda tem o que avan\u00e7ar em regula\u00e7\u00e3o de pr\u00e1ticas ESG\"},{\"@type\":\"BreadcrumbList\",\"@id\":\"https:\/\/www.suno.com.br\/noticias\/semana-esg-divida-verde-renda-fixa-esg\/#breadcrumb\",\"itemListElement\":[{\"@type\":\"ListItem\",\"position\":1,\"name\":\"Not\u00edcias\",\"item\":\"https:\/\/www.suno.com.br\/noticias\/\"},{\"@type\":\"ListItem\",\"position\":2,\"name\":\"Neg\u00f3cios\",\"item\":\"https:\/\/www.suno.com.br\/noticias\/negocios\/\"},{\"@type\":\"ListItem\",\"position\":3,\"name\":\"D\u00edvida verde: Conhe\u00e7a o mercado de renda fixa sustent\u00e1vel ligado ao ESG\"}]},{\"@type\":\"WebSite\",\"@id\":\"https:\/\/www.suno.com.br\/noticias\/#website\",\"url\":\"https:\/\/www.suno.com.br\/noticias\/\",\"name\":\"Suno Not\u00edcias\",\"description\":\"Seu portal de informa\u00e7\u00e3o sobre o mundo dos investimentos\",\"publisher\":{\"@id\":\"https:\/\/www.suno.com.br\/noticias\/#organization\"},\"potentialAction\":[{\"@type\":\"SearchAction\",\"target\":{\"@type\":\"EntryPoint\",\"urlTemplate\":\"https:\/\/www.suno.com.br\/noticias\/?s={search_term_string}\"},\"query-input\":{\"@type\":\"PropertyValueSpecification\",\"valueRequired\":true,\"valueName\":\"search_term_string\"}}],\"inLanguage\":\"pt-BR\"},{\"@type\":\"Organization\",\"@id\":\"https:\/\/www.suno.com.br\/noticias\/#organization\",\"name\":\"Suno Not\u00edcias\",\"url\":\"https:\/\/www.suno.com.br\/noticias\/\",\"logo\":{\"@type\":\"ImageObject\",\"inLanguage\":\"pt-BR\",\"@id\":\"https:\/\/www.suno.com.br\/noticias\/#\/schema\/logo\/image\/\",\"url\":\"https:\/\/files.sunoresearch.com.br\/n\/uploads\/2021\/09\/suno-logo.png\",\"contentUrl\":\"https:\/\/files.sunoresearch.com.br\/n\/uploads\/2021\/09\/suno-logo.png\",\"width\":180,\"height\":180,\"caption\":\"Suno Not\u00edcias\"},\"image\":{\"@id\":\"https:\/\/www.suno.com.br\/noticias\/#\/schema\/logo\/image\/\"},\"sameAs\":[\"https:\/\/facebook.com\/sunoresearch\",\"https:\/\/x.com\/sunoresearch\",\"https:\/\/www.instagram.com\/suno\",\"https:\/\/www.linkedin.com\/company\/suno-research\/\",\"https:\/\/www.youtube.com\/c\/sunoresearch\"]},{\"@type\":\"Person\",\"@id\":\"https:\/\/www.suno.com.br\/noticias\/#\/schema\/person\/653a8428016d45b19031651c57b94f82\",\"name\":\"Laura Intrieri\",\"image\":{\"@type\":\"ImageObject\",\"inLanguage\":\"pt-BR\",\"@id\":\"https:\/\/www.suno.com.br\/noticias\/#\/schema\/person\/image\/\",\"url\":\"https:\/\/secure.gravatar.com\/avatar\/27e3058d15d09a0a778c3d387c062d71?s=96&r=g\",\"contentUrl\":\"https:\/\/secure.gravatar.com\/avatar\/27e3058d15d09a0a778c3d387c062d71?s=96&r=g\",\"caption\":\"Laura Intrieri\"},\"description\":\"Rep\u00f3rter no Suno Not\u00edcias, cobre mercados, pol\u00edtica e economia. Escreve sobre Bolsa de Valores. Formada em Administra\u00e7\u00e3o P\u00fablica pela Funda\u00e7\u00e3o Get\u00falio Vargas, j\u00e1 passou pelo portal Money Times, escrevendo sobre pol\u00edtica e economia para a editoria \\\"Brasil\\\". Tamb\u00e9m j\u00e1 contribuiu para Ag\u00eancia Estado, cobrindo balan\u00e7os trimestrais e relat\u00f3rios de casas de an\u00e1lise. J\u00e1 produziu podcasts educativos e corporativos para a FGV EAESP. Durante a gradua\u00e7\u00e3o, desempenhou atividades acad\u00eamicas com enfoque em Finan\u00e7as P\u00fablicas.\",\"url\":\"https:\/\/www.suno.com.br\/noticias\/author\/laura-intrieri\/\"}]}<\/script>\n<!-- \/ Yoast SEO plugin. -->","yoast_head_json":{"title":"D\u00edvida verde: Conhe\u00e7a o mercado de renda fixa sustent\u00e1vel","description":"T\u00edtulos de d\u00edvida ligados a temas ESG - chamados de 'd\u00edvida verde'- t\u00eam ganhado crescente espa\u00e7o no mercado dom\u00e9stico. Leia mais.","robots":{"index":"index","follow":"follow","max-snippet":"max-snippet:-1","max-image-preview":"max-image-preview:large","max-video-preview":"max-video-preview:-1"},"canonical":"https:\/\/www.suno.com.br\/noticias\/semana-esg-divida-verde-renda-fixa-esg\/","og_locale":"pt_BR","og_type":"article","og_title":"D\u00edvida verde: Conhe\u00e7a o mercado de renda fixa sustent\u00e1vel","og_description":"T\u00edtulos de d\u00edvida ligados a temas ESG - chamados de 'd\u00edvida verde'- t\u00eam ganhado crescente espa\u00e7o no mercado dom\u00e9stico. Leia mais.","og_url":"https:\/\/www.suno.com.br\/noticias\/semana-esg-divida-verde-renda-fixa-esg\/","og_site_name":"Suno Not\u00edcias","article_publisher":"https:\/\/facebook.com\/sunoresearch","og_image":[{"width":2560,"height":1706,"url":"https:\/\/files.sunoresearch.com.br\/n\/uploads\/2022\/08\/divida-verde-esg-scaled.jpg","type":"image\/jpeg"}],"author":"Laura Intrieri","twitter_card":"summary_large_image","twitter_creator":"@sunoresearch","twitter_site":"@sunoresearch","twitter_misc":{"Escrito por":"Laura Intrieri","Est. tempo de leitura":"7 minutos"},"schema":{"@context":"https:\/\/schema.org","@graph":[{"@type":"NewsArticle","@id":"https:\/\/www.suno.com.br\/noticias\/semana-esg-divida-verde-renda-fixa-esg\/#article","isPartOf":{"@id":"https:\/\/www.suno.com.br\/noticias\/semana-esg-divida-verde-renda-fixa-esg\/"},"author":{"name":"Laura Intrieri","@id":"https:\/\/www.suno.com.br\/noticias\/#\/schema\/person\/653a8428016d45b19031651c57b94f82"},"headline":"D\u00edvida verde: Conhe\u00e7a o mercado de renda fixa sustent\u00e1vel ligado ao ESG","datePublished":"2022-08-11T12:30:48+00:00","dateModified":"2022-08-11T20:15:07+00:00","mainEntityOfPage":{"@id":"https:\/\/www.suno.com.br\/noticias\/semana-esg-divida-verde-renda-fixa-esg\/"},"wordCount":1244,"publisher":{"@id":"https:\/\/www.suno.com.br\/noticias\/#organization"},"image":{"@id":"https:\/\/www.suno.com.br\/noticias\/semana-esg-divida-verde-renda-fixa-esg\/#primaryimage"},"thumbnailUrl":"https:\/\/files.sunoresearch.com.br\/n\/uploads\/2022\/08\/divida-verde-esg-scaled.jpg","keywords":["ESG","Renda Fixa"],"articleSection":["Neg\u00f3cios"],"inLanguage":"pt-BR"},{"@type":"WebPage","@id":"https:\/\/www.suno.com.br\/noticias\/semana-esg-divida-verde-renda-fixa-esg\/","url":"https:\/\/www.suno.com.br\/noticias\/semana-esg-divida-verde-renda-fixa-esg\/","name":"D\u00edvida verde: Conhe\u00e7a o mercado de renda fixa sustent\u00e1vel","isPartOf":{"@id":"https:\/\/www.suno.com.br\/noticias\/#website"},"primaryImageOfPage":{"@id":"https:\/\/www.suno.com.br\/noticias\/semana-esg-divida-verde-renda-fixa-esg\/#primaryimage"},"image":{"@id":"https:\/\/www.suno.com.br\/noticias\/semana-esg-divida-verde-renda-fixa-esg\/#primaryimage"},"thumbnailUrl":"https:\/\/files.sunoresearch.com.br\/n\/uploads\/2022\/08\/divida-verde-esg-scaled.jpg","datePublished":"2022-08-11T12:30:48+00:00","dateModified":"2022-08-11T20:15:07+00:00","description":"T\u00edtulos de d\u00edvida ligados a temas ESG - chamados de 'd\u00edvida verde'- t\u00eam ganhado crescente espa\u00e7o no mercado dom\u00e9stico. Leia mais.","breadcrumb":{"@id":"https:\/\/www.suno.com.br\/noticias\/semana-esg-divida-verde-renda-fixa-esg\/#breadcrumb"},"inLanguage":"pt-BR","potentialAction":[{"@type":"ReadAction","target":["https:\/\/www.suno.com.br\/noticias\/semana-esg-divida-verde-renda-fixa-esg\/"]}]},{"@type":"ImageObject","inLanguage":"pt-BR","@id":"https:\/\/www.suno.com.br\/noticias\/semana-esg-divida-verde-renda-fixa-esg\/#primaryimage","url":"https:\/\/files.sunoresearch.com.br\/n\/uploads\/2022\/08\/divida-verde-esg-scaled.jpg","contentUrl":"https:\/\/files.sunoresearch.com.br\/n\/uploads\/2022\/08\/divida-verde-esg-scaled.jpg","width":2560,"height":1706,"caption":"Brasil ainda tem o que avan\u00e7ar em regula\u00e7\u00e3o de pr\u00e1ticas ESG"},{"@type":"BreadcrumbList","@id":"https:\/\/www.suno.com.br\/noticias\/semana-esg-divida-verde-renda-fixa-esg\/#breadcrumb","itemListElement":[{"@type":"ListItem","position":1,"name":"Not\u00edcias","item":"https:\/\/www.suno.com.br\/noticias\/"},{"@type":"ListItem","position":2,"name":"Neg\u00f3cios","item":"https:\/\/www.suno.com.br\/noticias\/negocios\/"},{"@type":"ListItem","position":3,"name":"D\u00edvida verde: Conhe\u00e7a o mercado de renda fixa sustent\u00e1vel ligado ao ESG"}]},{"@type":"WebSite","@id":"https:\/\/www.suno.com.br\/noticias\/#website","url":"https:\/\/www.suno.com.br\/noticias\/","name":"Suno Not\u00edcias","description":"Seu portal de informa\u00e7\u00e3o sobre o mundo dos investimentos","publisher":{"@id":"https:\/\/www.suno.com.br\/noticias\/#organization"},"potentialAction":[{"@type":"SearchAction","target":{"@type":"EntryPoint","urlTemplate":"https:\/\/www.suno.com.br\/noticias\/?s={search_term_string}"},"query-input":{"@type":"PropertyValueSpecification","valueRequired":true,"valueName":"search_term_string"}}],"inLanguage":"pt-BR"},{"@type":"Organization","@id":"https:\/\/www.suno.com.br\/noticias\/#organization","name":"Suno Not\u00edcias","url":"https:\/\/www.suno.com.br\/noticias\/","logo":{"@type":"ImageObject","inLanguage":"pt-BR","@id":"https:\/\/www.suno.com.br\/noticias\/#\/schema\/logo\/image\/","url":"https:\/\/files.sunoresearch.com.br\/n\/uploads\/2021\/09\/suno-logo.png","contentUrl":"https:\/\/files.sunoresearch.com.br\/n\/uploads\/2021\/09\/suno-logo.png","width":180,"height":180,"caption":"Suno Not\u00edcias"},"image":{"@id":"https:\/\/www.suno.com.br\/noticias\/#\/schema\/logo\/image\/"},"sameAs":["https:\/\/facebook.com\/sunoresearch","https:\/\/x.com\/sunoresearch","https:\/\/www.instagram.com\/suno","https:\/\/www.linkedin.com\/company\/suno-research\/","https:\/\/www.youtube.com\/c\/sunoresearch"]},{"@type":"Person","@id":"https:\/\/www.suno.com.br\/noticias\/#\/schema\/person\/653a8428016d45b19031651c57b94f82","name":"Laura Intrieri","image":{"@type":"ImageObject","inLanguage":"pt-BR","@id":"https:\/\/www.suno.com.br\/noticias\/#\/schema\/person\/image\/","url":"https:\/\/secure.gravatar.com\/avatar\/27e3058d15d09a0a778c3d387c062d71?s=96&r=g","contentUrl":"https:\/\/secure.gravatar.com\/avatar\/27e3058d15d09a0a778c3d387c062d71?s=96&r=g","caption":"Laura Intrieri"},"description":"Rep\u00f3rter no Suno Not\u00edcias, cobre mercados, pol\u00edtica e economia. Escreve sobre Bolsa de Valores. Formada em Administra\u00e7\u00e3o P\u00fablica pela Funda\u00e7\u00e3o Get\u00falio Vargas, j\u00e1 passou pelo portal Money Times, escrevendo sobre pol\u00edtica e economia para a editoria \"Brasil\". Tamb\u00e9m j\u00e1 contribuiu para Ag\u00eancia Estado, cobrindo balan\u00e7os trimestrais e relat\u00f3rios de casas de an\u00e1lise. J\u00e1 produziu podcasts educativos e corporativos para a FGV EAESP. Durante a gradua\u00e7\u00e3o, desempenhou atividades acad\u00eamicas com enfoque em Finan\u00e7as P\u00fablicas.","url":"https:\/\/www.suno.com.br\/noticias\/author\/laura-intrieri\/"}]}},"default_loop_html":"<div class=\"cardsPage__listCard__boxs\"><div class=\"cardsPage__listCard__boxs__img\"><a href=\"https:\/\/www.suno.com.br\/noticias\/semana-esg-divida-verde-renda-fixa-esg\/\"><img class=\"mask\" src=\"https:\/\/www.suno.com.br\/noticias\/wp-content\/themes\/suno\/resources\/images\/spotlight\/spotlight1img\/bg-mask.png\" alt=\"Image Mask\"\/><img src=\"https:\/\/files.sunoresearch.com.br\/n\/uploads\/2022\/08\/divida-verde-esg-400x200.jpg\" alt=\"D\u00edvida verde: Conhe\u00e7a o mercado de renda fixa sustent\u00e1vel ligado ao ESG\"\/><\/a><span class=\"spotlightCategory\"><a href=\"https:\/\/www.suno.com.br\/noticias\/negocios\/\">Neg\u00f3cios<\/a><\/span><\/div><div class=\"cardsPage__listCard__boxs__content\"><a href=\"https:\/\/www.suno.com.br\/noticias\/semana-esg-divida-verde-renda-fixa-esg\/\"><h2 class=\"content__title\">D\u00edvida verde: Conhe\u00e7a o mercado de renda fixa sustent\u00e1vel ligado ao ESG<\/h2><\/a><div class=\"newsContent__article__meta\"><div class=\"newsContent__article__meta__authorBox\"><a href=\"https:\/\/www.suno.com.br\/noticias\/author\/laura-intrieri\/\" class=\"authorBox__avatar noMobi\"><img src=\"https:\/\/files.sunoresearch.com.br\/n\/uploads\/2022\/10\/WhatsApp-Image-2022-10-05-at-17.31.14-150x150.jpeg\" alt=\"Laura Intrieri\"><\/a><div class=\"authorBox__name\"><span>por\n\t\t\t<a href=\"https:\/\/www.suno.com.br\/noticias\/author\/laura-intrieri\/\"><span itemprop=\"author\">Laura Intrieri<\/span><\/a><\/span><time datetime=\"2022-08-11T09:30:48-03:00\" itemprop=\"datePublished\">11\/08\/2022 09:30<\/time><\/div><\/div><\/div><\/div><\/div>","single_layout":"posts","amp_enabled":true,"_links":{"self":[{"href":"https:\/\/www.suno.com.br\/noticias\/wp-json\/wp\/v2\/posts\/279851"}],"collection":[{"href":"https:\/\/www.suno.com.br\/noticias\/wp-json\/wp\/v2\/posts"}],"about":[{"href":"https:\/\/www.suno.com.br\/noticias\/wp-json\/wp\/v2\/types\/post"}],"author":[{"embeddable":true,"href":"https:\/\/www.suno.com.br\/noticias\/wp-json\/wp\/v2\/users\/192"}],"replies":[{"embeddable":true,"href":"https:\/\/www.suno.com.br\/noticias\/wp-json\/wp\/v2\/comments?post=279851"}],"version-history":[{"count":5,"href":"https:\/\/www.suno.com.br\/noticias\/wp-json\/wp\/v2\/posts\/279851\/revisions"}],"predecessor-version":[{"id":284201,"href":"https:\/\/www.suno.com.br\/noticias\/wp-json\/wp\/v2\/posts\/279851\/revisions\/284201"}],"wp:featuredmedia":[{"embeddable":true,"href":"https:\/\/www.suno.com.br\/noticias\/wp-json\/wp\/v2\/media\/281414"}],"wp:attachment":[{"href":"https:\/\/www.suno.com.br\/noticias\/wp-json\/wp\/v2\/media?parent=279851"}],"wp:term":[{"taxonomy":"category","embeddable":true,"href":"https:\/\/www.suno.com.br\/noticias\/wp-json\/wp\/v2\/categories?post=279851"},{"taxonomy":"post_tag","embeddable":true,"href":"https:\/\/www.suno.com.br\/noticias\/wp-json\/wp\/v2\/tags?post=279851"},{"taxonomy":"suno_strategy","embeddable":true,"href":"https:\/\/www.suno.com.br\/noticias\/wp-json\/wp\/v2\/suno_strategy?post=279851"}],"curies":[{"name":"wp","href":"https:\/\/api.w.org\/{rel}","templated":true}]}}