{"id":279849,"date":"2022-07-29T19:38:18","date_gmt":"2022-07-29T22:38:18","guid":{"rendered":"https:\/\/www.suno.com.br\/noticias\/?p=279849"},"modified":"2022-07-29T19:39:49","modified_gmt":"2022-07-29T22:39:49","slug":"grupo-suno-empresa-carbono-neutro","status":"publish","type":"post","link":"https:\/\/www.suno.com.br\/noticias\/grupo-suno-empresa-carbono-neutro\/","title":{"rendered":"Grupo Suno \u00e9 agora uma empresa Carbono Neutro"},"content":{"rendered":"<p>O grupo <strong>Suno <\/strong>deu mais um grande passo rumo \u00e0 sustentabilidade e passa a ser uma empresa <strong>Carbono Neutro<\/strong> certificada pela Carbonext, maior desenvolvedora de projetos para gera\u00e7\u00e3o de cr\u00e9dito de carbono REDD+ (Redu\u00e7\u00e3o de Emiss\u00f5es por Desmatamento e Degrada\u00e7\u00e3o).<\/p>\t<div class=\"wrapper-featured-image\">\n\t\t<figure class=\"spotlightImg\">\n\n\t\t\t<picture>\n\t\t\t\t<source media=\"(max-width: 768px)\" srcset=\"https:\/\/files.sunoresearch.com.br\/n\/uploads\/2022\/05\/SNCI11-FOTO-IPO-400x200.jpg\">\n\t\t\t\t<img loading=\"lazy\" decoding=\"async\" class=\"newsContent__article__imgCapa lazyloadDisabled \" src=\"https:\/\/files.sunoresearch.com.br\/n\/uploads\/2022\/05\/SNCI11-FOTO-IPO-800x450.jpg\" width=\"800\" height=\"450\" alt=\"Grupo Suno \u00e9 agora uma empresa Carbono Neutro\" fetchpriority=high \/>\n\t\t\t<\/picture>\n\n\t\t\t<figcaption class=\"wp-caption-text wp-caption-text--show\">SNCI11 mais que dobra de tamanho em 2022; Veja as perspectivas do FII para 2023. Foto: Divulga\u00e7\u00e3o<\/figcaption>\n\t\t<\/figure>\n\t<\/div>\n\n\n\t<p>\n\t\t<a href=\"\" target=\"_blank\" data-element=\"shortcode-suno-banner\" title=\"Banner SUNO, clique e saiba mais\">\n\t\t\t<picture>\n\t\t\t\t<source media=\"(max-width: 500px)\" srcset=\"\">\n\t\t\t\t<img class=\"newsContent__article__imgCapa newsContent__article__imgCapa--banner\"\n\t\t\t\t\tsrc=\"\"\n\t\t\t\t\tdata-promo-id=\"138420\"\t\t\t\t\t\t\t\t\t\t\t\t\t\t\talt=\"\"\n\t\t\t\t>\n\t\t\t<\/picture>\n\t\t<\/a>\n\t<\/p>\n\n\n<p>O selo conquistado refor\u00e7a o compromisso da holding com a preserva\u00e7\u00e3o do meio ambiente e endossa a filosofia de <a class=\"suno-keyword\" href=\"https:\/\/www.suno.com.br\/artigos\/longo-prazo\/\" target=\"_blank\" rel=\"noopener\" data-force=\"no\" data-priority=\"1\">longo prazo<\/a> da empresa, que se aplicam n\u00e3o apenas aos investimentos, mas \u00e0 constru\u00e7\u00e3o de um mundo melhor para as pr\u00f3ximas gera\u00e7\u00f5es.<\/p>\n<p>Como empresa Carbono Neutro, a Suno tem como responsabilidade compensar ou absorver o mesmo volume de CO2 que emite e contribui para a conserva\u00e7\u00e3o da Floresta Amaz\u00f4nica, em especial da \u00e1rea mais vulner\u00e1vel: o Arco do Desmatamento, que vai do Acre ao sul do Par\u00e1, passando pelo Amazonas, Rond\u00f4nia e Mato Grosso.<\/p>\n<p>Com a iniciativa, mais de 2 milh\u00f5es de hectares s\u00e3o protegidos diariamente, al\u00e9m da preserva\u00e7\u00e3o de mais de 980 animais e 290 esp\u00e9cies arb\u00f3reas. O CMO da Suno, <strong>Gian Kojikovski<\/strong>, ressalta a import\u00e2ncia da certifica\u00e7\u00e3o para consolida\u00e7\u00e3o da <a class=\"suno-keyword\" href=\"https:\/\/www.suno.com.br\/artigos\/responsabilidade-social\/\" target=\"_blank\" rel=\"noopener\" data-force=\"no\" data-priority=\"2\">responsabilidade social<\/a> da empresa.<\/p>\n<p>\u201cDesde sua chegada ao mercado, a Suno se prop\u00f5e a contribuir com o melhor para a sociedade, seja ajudando as pessoas a investirem melhor ou de qualquer outra forma que esteja ao nosso alcance&#8221;, disse o CMO. &#8220;Ainda em 2019, fizemos a maior distribui\u00e7\u00e3o gratuita de livros sobre investimentos do Brasil. Tornando-se uma empresa Carbono Neutro, a Suno segue fazendo sua parte em a\u00e7\u00f5es com benef\u00edcios consider\u00e1veis para toda a sociedade.&#8221;<\/p>\n<p>A Carbonext \u00e9 uma companhia que apoia a descarboniza\u00e7\u00e3o de empresas, entidades e pessoas f\u00edsicas, por meio de sua plataforma digital.<\/p>\n<p>Recentemente, passou a comercializar cr\u00e9ditos inclusive para o BNDES, o que vai permitir a preserva\u00e7\u00e3o de 20,5 mil hectares de floresta na regi\u00e3o de Bujari, no Acre.<\/p>\n\t<p>\n\t\t<a href=\"https:\/\/lp.suno.com.br\/ebook-como-analisar-uma-acao\/\" target=\"_blank\" data-element=\"shortcode-suno-banner\" title=\"Banner SUNO, clique e saiba mais\">\n\t\t\t<picture>\n\t\t\t\t<source media=\"(max-width: 500px)\" srcset=\"https:\/\/files.sunoresearch.com.br\/n\/uploads\/2023\/03\/Ebook-Acoes-Mobile-1.jpg\">\n\t\t\t\t<img class=\"newsContent__article__imgCapa newsContent__article__imgCapa--banner\"\n\t\t\t\t\tsrc=\"https:\/\/files.sunoresearch.com.br\/n\/uploads\/2023\/03\/Ebook-Acoes-Desktop-1.jpg\"\n\t\t\t\t\tdata-promo-id=\"171998\"\t\t\t\t\t\t\t\t\t\twidth='1420' height='286'\t\t\t\t\talt=\"https:\/\/files.sunoresearch.com.br\/n\/uploads\/2023\/03\/Ebook-Acoes-Desktop-1.jpg\"\n\t\t\t\t>\n\t\t\t<\/picture>\n\t\t<\/a>\n\t<\/p>\n\n\n<p>Possui outros clientes conhecidos do mercado, como <a class=\"suno-keyword\" href=\"https:\/\/www.suno.com.br\/acoes\/TIMS3\/\" target=\"_blank\" rel=\"noopener\" data-force=\"yes\" data-priority=\"2\"><strong>TIM<\/strong> (TIMS3)<\/a>, <a class=\"suno-keyword\" href=\"https:\/\/www.suno.com.br\/acoes\/LCAM3\/\" target=\"_blank\" rel=\"noopener\" data-force=\"yes\" data-priority=\"2\">Unidas (LCAM3)<\/a> e <a class=\"suno-keyword\" href=\"https:\/\/www.suno.com.br\/acoes\/TRPL4\/\" target=\"_blank\" rel=\"noopener\" data-force=\"yes\" data-priority=\"2\"><strong>Isa<\/strong> <strong>CTEEP<\/strong> (TRPL4)<\/a>, entre outras companhias.<\/p>\n<p>Por meio da Carbonext, a <strong>Suno<\/strong> contribuir\u00e1 na luta contra as mudan\u00e7as clim\u00e1ticas, igualmente em colabora\u00e7\u00e3o com as comunidades locais. Ou seja, a empresa tamb\u00e9m vai garantir que haja benef\u00edcios sociais para \u00e1reas de preserva\u00e7\u00e3o, incluindo campanhas de vacina\u00e7\u00e3o, ensino de atividades econ\u00f4micas de baixo carbono e oficinas educativas sobre temas ambientais.<\/p>\n\t<p>\n\t\t<a href=\"https:\/\/lp.suno.com.br\/planilha-de-controle-de-investimentos\/\" target=\"_blank\" data-element=\"shortcode-suno-banner\" title=\"Banner SUNO, clique e saiba mais\">\n\t\t\t<picture>\n\t\t\t\t<source media=\"(max-width: 500px)\" srcset=\"https:\/\/files.sunoresearch.com.br\/n\/uploads\/2023\/03\/400x300-Controle-de-Investimentos.png\">\n\t\t\t\t<img class=\"newsContent__article__imgCapa newsContent__article__imgCapa--banner\"\n\t\t\t\t\tsrc=\"https:\/\/files.sunoresearch.com.br\/n\/uploads\/2023\/03\/1420x240-Controle-de-Investimentos.png\"\n\t\t\t\t\tdata-promo-id=\"75934\"\t\t\t\t\t\t\t\t\t\twidth='1420' height='240'\t\t\t\t\talt=\"https:\/\/files.sunoresearch.com.br\/n\/uploads\/2023\/03\/1420x240-Controle-de-Investimentos.png\"\n\t\t\t\t>\n\t\t\t<\/picture>\n\t\t<\/a>\n\t<\/p>\n\n\n","protected":false},"excerpt":{"rendered":"<p>O grupo Suno deu mais um grande passo rumo \u00e0 sustentabilidade e passa a ser uma empresa Carbono Neutro certificada pela Carbonext, maior desenvolvedora de projetos para gera\u00e7\u00e3o de cr\u00e9dito de carbono REDD+ (Redu\u00e7\u00e3o de Emiss\u00f5es por Desmatamento e Degrada\u00e7\u00e3o). SNCI11 mais que dobra de tamanho em 2022; Veja as perspectivas do FII para 2023. [&hellip;]<\/p>\n","protected":false},"author":146,"featured_media":257733,"comment_status":"closed","ping_status":"closed","sticky":false,"template":"","format":"standard","meta":[],"categories":[64],"tags":[1292],"suno_strategy":[],"class_list":["post-279849","post","type-post","status-publish","format-standard","has-post-thumbnail","hentry","category-negocios","tag-suno-research"],"yoast_head":"<!-- This site is optimized with the Yoast SEO plugin v24.4 - https:\/\/yoast.com\/wordpress\/plugins\/seo\/ -->\n<title>Grupo Suno \u00e9 agora uma empresa Carbono Neutro<\/title>\n<meta name=\"description\" content=\"O Grupo Suno, em colabora\u00e7\u00e3o com a Carbonext, se tornou uma empresa de emiss\u00e3o de carbono neutro. Confira os detalhes aqui.\" \/>\n<meta name=\"robots\" content=\"index, follow, max-snippet:-1, max-image-preview:large, max-video-preview:-1\" \/>\n<link rel=\"canonical\" href=\"https:\/\/www.suno.com.br\/noticias\/grupo-suno-empresa-carbono-neutro\/\" \/>\n<meta property=\"og:locale\" content=\"pt_BR\" \/>\n<meta property=\"og:type\" content=\"article\" \/>\n<meta property=\"og:title\" content=\"Grupo Suno \u00e9 agora uma empresa Carbono Neutro\" \/>\n<meta property=\"og:description\" content=\"O Grupo Suno, em colabora\u00e7\u00e3o com a Carbonext, se tornou uma empresa de emiss\u00e3o de carbono neutro. Confira os detalhes aqui.\" \/>\n<meta property=\"og:url\" content=\"https:\/\/www.suno.com.br\/noticias\/grupo-suno-empresa-carbono-neutro\/\" \/>\n<meta property=\"og:site_name\" content=\"Suno Not\u00edcias\" \/>\n<meta property=\"article:publisher\" content=\"https:\/\/facebook.com\/sunoresearch\" \/>\n<meta property=\"og:image\" content=\"https:\/\/files.sunoresearch.com.br\/n\/uploads\/2022\/05\/SNCI11-FOTO-IPO.jpg\" \/>\n\t<meta property=\"og:image:width\" content=\"2560\" \/>\n\t<meta property=\"og:image:height\" content=\"1920\" \/>\n\t<meta property=\"og:image:type\" content=\"image\/jpeg\" \/>\n<meta name=\"author\" content=\"Vict\u00f3ria Anhesini\" \/>\n<meta name=\"twitter:card\" content=\"summary_large_image\" \/>\n<meta name=\"twitter:creator\" content=\"@sunoresearch\" \/>\n<meta name=\"twitter:site\" content=\"@sunoresearch\" \/>\n<meta name=\"twitter:label1\" content=\"Escrito por\" \/>\n\t<meta name=\"twitter:data1\" content=\"Vict\u00f3ria Anhesini\" \/>\n\t<meta name=\"twitter:label2\" content=\"Est. tempo de leitura\" \/>\n\t<meta name=\"twitter:data2\" content=\"3 minutos\" \/>\n<script type=\"application\/ld+json\" class=\"yoast-schema-graph\">{\"@context\":\"https:\/\/schema.org\",\"@graph\":[{\"@type\":\"NewsArticle\",\"@id\":\"https:\/\/www.suno.com.br\/noticias\/grupo-suno-empresa-carbono-neutro\/#article\",\"isPartOf\":{\"@id\":\"https:\/\/www.suno.com.br\/noticias\/grupo-suno-empresa-carbono-neutro\/\"},\"author\":{\"name\":\"Vict\u00f3ria Anhesini\",\"@id\":\"https:\/\/www.suno.com.br\/noticias\/#\/schema\/person\/46d847cb19ad53fde0857adca989c23f\"},\"headline\":\"Grupo Suno \u00e9 agora uma empresa Carbono Neutro\",\"datePublished\":\"2022-07-29T22:38:18+00:00\",\"dateModified\":\"2022-07-29T22:39:49+00:00\",\"mainEntityOfPage\":{\"@id\":\"https:\/\/www.suno.com.br\/noticias\/grupo-suno-empresa-carbono-neutro\/\"},\"wordCount\":414,\"publisher\":{\"@id\":\"https:\/\/www.suno.com.br\/noticias\/#organization\"},\"image\":{\"@id\":\"https:\/\/www.suno.com.br\/noticias\/grupo-suno-empresa-carbono-neutro\/#primaryimage\"},\"thumbnailUrl\":\"https:\/\/files.sunoresearch.com.br\/n\/uploads\/2022\/05\/SNCI11-FOTO-IPO.jpg\",\"keywords\":[\"Suno Research\"],\"articleSection\":[\"Neg\u00f3cios\"],\"inLanguage\":\"pt-BR\"},{\"@type\":\"WebPage\",\"@id\":\"https:\/\/www.suno.com.br\/noticias\/grupo-suno-empresa-carbono-neutro\/\",\"url\":\"https:\/\/www.suno.com.br\/noticias\/grupo-suno-empresa-carbono-neutro\/\",\"name\":\"Grupo Suno \u00e9 agora uma empresa Carbono Neutro\",\"isPartOf\":{\"@id\":\"https:\/\/www.suno.com.br\/noticias\/#website\"},\"primaryImageOfPage\":{\"@id\":\"https:\/\/www.suno.com.br\/noticias\/grupo-suno-empresa-carbono-neutro\/#primaryimage\"},\"image\":{\"@id\":\"https:\/\/www.suno.com.br\/noticias\/grupo-suno-empresa-carbono-neutro\/#primaryimage\"},\"thumbnailUrl\":\"https:\/\/files.sunoresearch.com.br\/n\/uploads\/2022\/05\/SNCI11-FOTO-IPO.jpg\",\"datePublished\":\"2022-07-29T22:38:18+00:00\",\"dateModified\":\"2022-07-29T22:39:49+00:00\",\"description\":\"O Grupo Suno, em colabora\u00e7\u00e3o com a Carbonext, se tornou uma empresa de emiss\u00e3o de carbono neutro. Confira os detalhes aqui.\",\"breadcrumb\":{\"@id\":\"https:\/\/www.suno.com.br\/noticias\/grupo-suno-empresa-carbono-neutro\/#breadcrumb\"},\"inLanguage\":\"pt-BR\",\"potentialAction\":[{\"@type\":\"ReadAction\",\"target\":[\"https:\/\/www.suno.com.br\/noticias\/grupo-suno-empresa-carbono-neutro\/\"]}]},{\"@type\":\"ImageObject\",\"inLanguage\":\"pt-BR\",\"@id\":\"https:\/\/www.suno.com.br\/noticias\/grupo-suno-empresa-carbono-neutro\/#primaryimage\",\"url\":\"https:\/\/files.sunoresearch.com.br\/n\/uploads\/2022\/05\/SNCI11-FOTO-IPO.jpg\",\"contentUrl\":\"https:\/\/files.sunoresearch.com.br\/n\/uploads\/2022\/05\/SNCI11-FOTO-IPO.jpg\",\"width\":2560,\"height\":1920,\"caption\":\"SNCI11 mais que dobra de tamanho em 2022; Veja as perspectivas do FII para 2023. Foto: Divulga\u00e7\u00e3o\"},{\"@type\":\"BreadcrumbList\",\"@id\":\"https:\/\/www.suno.com.br\/noticias\/grupo-suno-empresa-carbono-neutro\/#breadcrumb\",\"itemListElement\":[{\"@type\":\"ListItem\",\"position\":1,\"name\":\"Not\u00edcias\",\"item\":\"https:\/\/www.suno.com.br\/noticias\/\"},{\"@type\":\"ListItem\",\"position\":2,\"name\":\"Neg\u00f3cios\",\"item\":\"https:\/\/www.suno.com.br\/noticias\/negocios\/\"},{\"@type\":\"ListItem\",\"position\":3,\"name\":\"Grupo Suno \u00e9 agora uma empresa Carbono Neutro\"}]},{\"@type\":\"WebSite\",\"@id\":\"https:\/\/www.suno.com.br\/noticias\/#website\",\"url\":\"https:\/\/www.suno.com.br\/noticias\/\",\"name\":\"Suno Not\u00edcias\",\"description\":\"Seu portal de informa\u00e7\u00e3o sobre o mundo dos investimentos\",\"publisher\":{\"@id\":\"https:\/\/www.suno.com.br\/noticias\/#organization\"},\"potentialAction\":[{\"@type\":\"SearchAction\",\"target\":{\"@type\":\"EntryPoint\",\"urlTemplate\":\"https:\/\/www.suno.com.br\/noticias\/?s={search_term_string}\"},\"query-input\":{\"@type\":\"PropertyValueSpecification\",\"valueRequired\":true,\"valueName\":\"search_term_string\"}}],\"inLanguage\":\"pt-BR\"},{\"@type\":\"Organization\",\"@id\":\"https:\/\/www.suno.com.br\/noticias\/#organization\",\"name\":\"Suno Not\u00edcias\",\"url\":\"https:\/\/www.suno.com.br\/noticias\/\",\"logo\":{\"@type\":\"ImageObject\",\"inLanguage\":\"pt-BR\",\"@id\":\"https:\/\/www.suno.com.br\/noticias\/#\/schema\/logo\/image\/\",\"url\":\"https:\/\/files.sunoresearch.com.br\/n\/uploads\/2021\/09\/suno-logo.png\",\"contentUrl\":\"https:\/\/files.sunoresearch.com.br\/n\/uploads\/2021\/09\/suno-logo.png\",\"width\":180,\"height\":180,\"caption\":\"Suno Not\u00edcias\"},\"image\":{\"@id\":\"https:\/\/www.suno.com.br\/noticias\/#\/schema\/logo\/image\/\"},\"sameAs\":[\"https:\/\/facebook.com\/sunoresearch\",\"https:\/\/x.com\/sunoresearch\",\"https:\/\/www.instagram.com\/suno\",\"https:\/\/www.linkedin.com\/company\/suno-research\/\",\"https:\/\/www.youtube.com\/c\/sunoresearch\"]},{\"@type\":\"Person\",\"@id\":\"https:\/\/www.suno.com.br\/noticias\/#\/schema\/person\/46d847cb19ad53fde0857adca989c23f\",\"name\":\"Vict\u00f3ria Anhesini\",\"image\":{\"@type\":\"ImageObject\",\"inLanguage\":\"pt-BR\",\"@id\":\"https:\/\/www.suno.com.br\/noticias\/#\/schema\/person\/image\/\",\"url\":\"https:\/\/secure.gravatar.com\/avatar\/0172bdfcd9129dd9dd68794804304e6e?s=96&r=g\",\"contentUrl\":\"https:\/\/secure.gravatar.com\/avatar\/0172bdfcd9129dd9dd68794804304e6e?s=96&r=g\",\"caption\":\"Vict\u00f3ria Anhesini\"},\"description\":\"Rep\u00f3rter no Suno Not\u00edcias, cobre mercados, neg\u00f3cios e economia, escrevendo majoritariamente sobre movimentos das empresas, cobertura de balan\u00e7os trimestrais e Bolsa de Valores. Formada em jornalismo pela Universidade Presbiteriana Mackenzie em 2019, passou pelo portal de economia e finan\u00e7as EuQueroInvestir como rep\u00f3rter e anteriormente, trabalhou na assessoria de imprensa PinePR, onde liderou com startups de inova\u00e7\u00e3o, tecnologia e finan\u00e7as. Em seu tempo livre, fala sobre m\u00fasica para ambos os sites do selo ForMusic, Wikimetal e Mad Sound, e faz trabalho volunt\u00e1rio no programa Escreve Cartas do Poupatempo.\",\"sameAs\":[\"https:\/\/www.linkedin.com\/in\/victoria-anhesini\/\"],\"url\":\"https:\/\/www.suno.com.br\/noticias\/author\/victoria\/\"}]}<\/script>\n<!-- \/ Yoast SEO plugin. -->","yoast_head_json":{"title":"Grupo Suno \u00e9 agora uma empresa Carbono Neutro","description":"O Grupo Suno, em colabora\u00e7\u00e3o com a Carbonext, se tornou uma empresa de emiss\u00e3o de carbono neutro. Confira os detalhes aqui.","robots":{"index":"index","follow":"follow","max-snippet":"max-snippet:-1","max-image-preview":"max-image-preview:large","max-video-preview":"max-video-preview:-1"},"canonical":"https:\/\/www.suno.com.br\/noticias\/grupo-suno-empresa-carbono-neutro\/","og_locale":"pt_BR","og_type":"article","og_title":"Grupo Suno \u00e9 agora uma empresa Carbono Neutro","og_description":"O Grupo Suno, em colabora\u00e7\u00e3o com a Carbonext, se tornou uma empresa de emiss\u00e3o de carbono neutro. Confira os detalhes aqui.","og_url":"https:\/\/www.suno.com.br\/noticias\/grupo-suno-empresa-carbono-neutro\/","og_site_name":"Suno Not\u00edcias","article_publisher":"https:\/\/facebook.com\/sunoresearch","og_image":[{"width":2560,"height":1920,"url":"https:\/\/files.sunoresearch.com.br\/n\/uploads\/2022\/05\/SNCI11-FOTO-IPO.jpg","type":"image\/jpeg"}],"author":"Vict\u00f3ria Anhesini","twitter_card":"summary_large_image","twitter_creator":"@sunoresearch","twitter_site":"@sunoresearch","twitter_misc":{"Escrito por":"Vict\u00f3ria Anhesini","Est. tempo de leitura":"3 minutos"},"schema":{"@context":"https:\/\/schema.org","@graph":[{"@type":"NewsArticle","@id":"https:\/\/www.suno.com.br\/noticias\/grupo-suno-empresa-carbono-neutro\/#article","isPartOf":{"@id":"https:\/\/www.suno.com.br\/noticias\/grupo-suno-empresa-carbono-neutro\/"},"author":{"name":"Vict\u00f3ria Anhesini","@id":"https:\/\/www.suno.com.br\/noticias\/#\/schema\/person\/46d847cb19ad53fde0857adca989c23f"},"headline":"Grupo Suno \u00e9 agora uma empresa Carbono Neutro","datePublished":"2022-07-29T22:38:18+00:00","dateModified":"2022-07-29T22:39:49+00:00","mainEntityOfPage":{"@id":"https:\/\/www.suno.com.br\/noticias\/grupo-suno-empresa-carbono-neutro\/"},"wordCount":414,"publisher":{"@id":"https:\/\/www.suno.com.br\/noticias\/#organization"},"image":{"@id":"https:\/\/www.suno.com.br\/noticias\/grupo-suno-empresa-carbono-neutro\/#primaryimage"},"thumbnailUrl":"https:\/\/files.sunoresearch.com.br\/n\/uploads\/2022\/05\/SNCI11-FOTO-IPO.jpg","keywords":["Suno Research"],"articleSection":["Neg\u00f3cios"],"inLanguage":"pt-BR"},{"@type":"WebPage","@id":"https:\/\/www.suno.com.br\/noticias\/grupo-suno-empresa-carbono-neutro\/","url":"https:\/\/www.suno.com.br\/noticias\/grupo-suno-empresa-carbono-neutro\/","name":"Grupo Suno \u00e9 agora uma empresa Carbono Neutro","isPartOf":{"@id":"https:\/\/www.suno.com.br\/noticias\/#website"},"primaryImageOfPage":{"@id":"https:\/\/www.suno.com.br\/noticias\/grupo-suno-empresa-carbono-neutro\/#primaryimage"},"image":{"@id":"https:\/\/www.suno.com.br\/noticias\/grupo-suno-empresa-carbono-neutro\/#primaryimage"},"thumbnailUrl":"https:\/\/files.sunoresearch.com.br\/n\/uploads\/2022\/05\/SNCI11-FOTO-IPO.jpg","datePublished":"2022-07-29T22:38:18+00:00","dateModified":"2022-07-29T22:39:49+00:00","description":"O Grupo Suno, em colabora\u00e7\u00e3o com a Carbonext, se tornou uma empresa de emiss\u00e3o de carbono neutro. Confira os detalhes aqui.","breadcrumb":{"@id":"https:\/\/www.suno.com.br\/noticias\/grupo-suno-empresa-carbono-neutro\/#breadcrumb"},"inLanguage":"pt-BR","potentialAction":[{"@type":"ReadAction","target":["https:\/\/www.suno.com.br\/noticias\/grupo-suno-empresa-carbono-neutro\/"]}]},{"@type":"ImageObject","inLanguage":"pt-BR","@id":"https:\/\/www.suno.com.br\/noticias\/grupo-suno-empresa-carbono-neutro\/#primaryimage","url":"https:\/\/files.sunoresearch.com.br\/n\/uploads\/2022\/05\/SNCI11-FOTO-IPO.jpg","contentUrl":"https:\/\/files.sunoresearch.com.br\/n\/uploads\/2022\/05\/SNCI11-FOTO-IPO.jpg","width":2560,"height":1920,"caption":"SNCI11 mais que dobra de tamanho em 2022; Veja as perspectivas do FII para 2023. Foto: Divulga\u00e7\u00e3o"},{"@type":"BreadcrumbList","@id":"https:\/\/www.suno.com.br\/noticias\/grupo-suno-empresa-carbono-neutro\/#breadcrumb","itemListElement":[{"@type":"ListItem","position":1,"name":"Not\u00edcias","item":"https:\/\/www.suno.com.br\/noticias\/"},{"@type":"ListItem","position":2,"name":"Neg\u00f3cios","item":"https:\/\/www.suno.com.br\/noticias\/negocios\/"},{"@type":"ListItem","position":3,"name":"Grupo Suno \u00e9 agora uma empresa Carbono Neutro"}]},{"@type":"WebSite","@id":"https:\/\/www.suno.com.br\/noticias\/#website","url":"https:\/\/www.suno.com.br\/noticias\/","name":"Suno Not\u00edcias","description":"Seu portal de informa\u00e7\u00e3o sobre o mundo dos investimentos","publisher":{"@id":"https:\/\/www.suno.com.br\/noticias\/#organization"},"potentialAction":[{"@type":"SearchAction","target":{"@type":"EntryPoint","urlTemplate":"https:\/\/www.suno.com.br\/noticias\/?s={search_term_string}"},"query-input":{"@type":"PropertyValueSpecification","valueRequired":true,"valueName":"search_term_string"}}],"inLanguage":"pt-BR"},{"@type":"Organization","@id":"https:\/\/www.suno.com.br\/noticias\/#organization","name":"Suno Not\u00edcias","url":"https:\/\/www.suno.com.br\/noticias\/","logo":{"@type":"ImageObject","inLanguage":"pt-BR","@id":"https:\/\/www.suno.com.br\/noticias\/#\/schema\/logo\/image\/","url":"https:\/\/files.sunoresearch.com.br\/n\/uploads\/2021\/09\/suno-logo.png","contentUrl":"https:\/\/files.sunoresearch.com.br\/n\/uploads\/2021\/09\/suno-logo.png","width":180,"height":180,"caption":"Suno Not\u00edcias"},"image":{"@id":"https:\/\/www.suno.com.br\/noticias\/#\/schema\/logo\/image\/"},"sameAs":["https:\/\/facebook.com\/sunoresearch","https:\/\/x.com\/sunoresearch","https:\/\/www.instagram.com\/suno","https:\/\/www.linkedin.com\/company\/suno-research\/","https:\/\/www.youtube.com\/c\/sunoresearch"]},{"@type":"Person","@id":"https:\/\/www.suno.com.br\/noticias\/#\/schema\/person\/46d847cb19ad53fde0857adca989c23f","name":"Vict\u00f3ria Anhesini","image":{"@type":"ImageObject","inLanguage":"pt-BR","@id":"https:\/\/www.suno.com.br\/noticias\/#\/schema\/person\/image\/","url":"https:\/\/secure.gravatar.com\/avatar\/0172bdfcd9129dd9dd68794804304e6e?s=96&r=g","contentUrl":"https:\/\/secure.gravatar.com\/avatar\/0172bdfcd9129dd9dd68794804304e6e?s=96&r=g","caption":"Vict\u00f3ria Anhesini"},"description":"Rep\u00f3rter no Suno Not\u00edcias, cobre mercados, neg\u00f3cios e economia, escrevendo majoritariamente sobre movimentos das empresas, cobertura de balan\u00e7os trimestrais e Bolsa de Valores. Formada em jornalismo pela Universidade Presbiteriana Mackenzie em 2019, passou pelo portal de economia e finan\u00e7as EuQueroInvestir como rep\u00f3rter e anteriormente, trabalhou na assessoria de imprensa PinePR, onde liderou com startups de inova\u00e7\u00e3o, tecnologia e finan\u00e7as. Em seu tempo livre, fala sobre m\u00fasica para ambos os sites do selo ForMusic, Wikimetal e Mad Sound, e faz trabalho volunt\u00e1rio no programa Escreve Cartas do Poupatempo.","sameAs":["https:\/\/www.linkedin.com\/in\/victoria-anhesini\/"],"url":"https:\/\/www.suno.com.br\/noticias\/author\/victoria\/"}]}},"default_loop_html":"<div class=\"cardsPage__listCard__boxs\"><div class=\"cardsPage__listCard__boxs__img\"><a href=\"https:\/\/www.suno.com.br\/noticias\/grupo-suno-empresa-carbono-neutro\/\"><img class=\"mask\" src=\"https:\/\/www.suno.com.br\/noticias\/wp-content\/themes\/suno\/resources\/images\/spotlight\/spotlight1img\/bg-mask.png\" alt=\"Image Mask\"\/><img src=\"https:\/\/files.sunoresearch.com.br\/n\/uploads\/2022\/05\/SNCI11-FOTO-IPO-400x200.jpg\" alt=\"Grupo Suno \u00e9 agora uma empresa Carbono Neutro\"\/><\/a><span class=\"spotlightCategory\"><a href=\"https:\/\/www.suno.com.br\/noticias\/negocios\/\">Neg\u00f3cios<\/a><\/span><\/div><div class=\"cardsPage__listCard__boxs__content\"><a href=\"https:\/\/www.suno.com.br\/noticias\/grupo-suno-empresa-carbono-neutro\/\"><h2 class=\"content__title\">Grupo Suno \u00e9 agora uma empresa Carbono Neutro<\/h2><\/a><div class=\"newsContent__article__meta\"><div class=\"newsContent__article__meta__authorBox\"><a href=\"https:\/\/www.suno.com.br\/noticias\/author\/victoria\/\" class=\"authorBox__avatar noMobi\"><img src=\"https:\/\/files.sunoresearch.com.br\/n\/uploads\/2021\/12\/20190129VickyPINEAPPLE01-1-150x150.jpg\" alt=\"Vict\u00f3ria Anhesini\"><\/a><div class=\"authorBox__name\"><span>por\n\t\t\t<a href=\"https:\/\/www.suno.com.br\/noticias\/author\/victoria\/\"><span itemprop=\"author\">Vict\u00f3ria Anhesini<\/span><\/a><\/span><time datetime=\"2022-07-29T19:38:18-03:00\" itemprop=\"datePublished\">29\/07\/2022 19:38<\/time><\/div><\/div><\/div><\/div><\/div>","single_layout":"posts","amp_enabled":true,"_links":{"self":[{"href":"https:\/\/www.suno.com.br\/noticias\/wp-json\/wp\/v2\/posts\/279849"}],"collection":[{"href":"https:\/\/www.suno.com.br\/noticias\/wp-json\/wp\/v2\/posts"}],"about":[{"href":"https:\/\/www.suno.com.br\/noticias\/wp-json\/wp\/v2\/types\/post"}],"author":[{"embeddable":true,"href":"https:\/\/www.suno.com.br\/noticias\/wp-json\/wp\/v2\/users\/146"}],"replies":[{"embeddable":true,"href":"https:\/\/www.suno.com.br\/noticias\/wp-json\/wp\/v2\/comments?post=279849"}],"version-history":[{"count":4,"href":"https:\/\/www.suno.com.br\/noticias\/wp-json\/wp\/v2\/posts\/279849\/revisions"}],"predecessor-version":[{"id":279946,"href":"https:\/\/www.suno.com.br\/noticias\/wp-json\/wp\/v2\/posts\/279849\/revisions\/279946"}],"wp:featuredmedia":[{"embeddable":true,"href":"https:\/\/www.suno.com.br\/noticias\/wp-json\/wp\/v2\/media\/257733"}],"wp:attachment":[{"href":"https:\/\/www.suno.com.br\/noticias\/wp-json\/wp\/v2\/media?parent=279849"}],"wp:term":[{"taxonomy":"category","embeddable":true,"href":"https:\/\/www.suno.com.br\/noticias\/wp-json\/wp\/v2\/categories?post=279849"},{"taxonomy":"post_tag","embeddable":true,"href":"https:\/\/www.suno.com.br\/noticias\/wp-json\/wp\/v2\/tags?post=279849"},{"taxonomy":"suno_strategy","embeddable":true,"href":"https:\/\/www.suno.com.br\/noticias\/wp-json\/wp\/v2\/suno_strategy?post=279849"}],"curies":[{"name":"wp","href":"https:\/\/api.w.org\/{rel}","templated":true}]}}