{"id":279304,"date":"2022-07-28T07:26:06","date_gmt":"2022-07-28T10:26:06","guid":{"rendered":"https:\/\/www.suno.com.br\/noticias\/?p=279304"},"modified":"2022-07-28T07:26:06","modified_gmt":"2022-07-28T10:26:06","slug":"evergrande-credores-fundos-apreendidos","status":"publish","type":"post","link":"https:\/\/www.suno.com.br\/noticias\/evergrande-credores-fundos-apreendidos\/","title":{"rendered":"Evergrande enfrenta credores ap\u00f3s ter US$ 2 bilh\u00f5es em fundos apreendidos"},"content":{"rendered":"<p>Um grupo de credores da incorporadora chinesa <strong>Evergrande<\/strong> est\u00e1 exigindo informa\u00e7\u00f5es adicionais sobre uma apreens\u00e3o de quase US$ 2 bilh\u00f5es <a href=\"https:\/\/www.suno.com.br\/noticias\/web-stories\/china-protestos-congelamento-dinheiro\/\">em fundos por bancos locais<\/a>. As informa\u00e7\u00f5es visam explica\u00e7\u00f5es sobre como a incorporadora prometeu os fundos sem o conhecimento dos investidores, segundo fontes a par do assunto.<\/p><div class=\"videoFull videoFull--noRadius\">\n\t\t\t<div class=\"videoWrapper yt-lazyload center\"\n\t\t\t\tdata-width=\"960\"\n\t\t\t\tdata-height=\"540\"\n\t\t\t\tdata-id=\"Wq1cur4vRp0\"\n\t\t\t\tdata-alt=\"Entenda o caso Evergrande, que assustou o mercado em 2021\"\n\t\t\t\tdata-logo=\"3\"\n\t\t\t\tdata-imagequality=\"maxres\">\n\t\t\t<\/div>\n\t\t<\/div><span class=\"videoFull__caption videoFull__caption--show\">Entenda o caso Evergrande, que assustou o mercado em 2021<p><\/p><\/span><script type=\"application\/ld+json\">{\"@context\":\"https:\/\/schema.org\",\"@type\":\"VideoObject\",\"name\":\"Entenda o poss\u00edvel calote da chinesa Evergrande em 5 pontos\",\"description\":\"\ud835\udc0f\ud835\udc25\ud835\udc1a\ud835\udc2d\ud835\udc1a\ud835\udc1f\ud835\udc28\ud835\udc2b\ud835\udc26\ud835\udc1a \ud835\udc06\ud835\udc11\ud835\udc00\ud835\udc13\ud835\udc14\ud835\udc08\ud835\udc13\ud835\udc00 \ud835\udc1d\ud835\udc1e \ud835\udc02\ud835\udc28\ud835\udc27\ud835\udc2d\ud835\udc2b\ud835\udc28\ud835\udc25\ud835\udc1e \ud835\udc1d\ud835\udc1e \ud835\udc08\ud835\udc27\ud835\udc2f\ud835\udc1e\ud835\udc2c\ud835\udc2d\ud835\udc22\ud835\udc26\ud835\udc1e\ud835\udc27\ud835\udc2d\ud835\udc28\ud835\udc2c: https:\/\/lp.suno.com.br\/plataforma-de-controle-de-investimentos\/?utm_source=youtube.noticias&utm_medium=grupo&utm_campaign=plataformadecontroledeinvestimentos.20210923&utm_content= Entenda o poss\u00edvel calote da chinesa Evergrande em 5 pontos: Novamente, a Evergrande, a segunda maior incorporadora imobili\u00e1ria da China, veio \u00e0 p\u00fablico nesta ter\u00e7a-feira (14) afirmar que h\u00e1 uma possibilidade de calote, j\u00e1 que a companhia pode n\u00e3o conseguir honrar suas d\u00edvidas. Atualmente, a companhia possui um\u2026\",\"duration\":\"PT10M30S\",\"embedUrl\":\"https:\/\/www.youtube.com\/embed\/Wq1cur4vRp0\",\"regionsAllowed\":\"pt-BR\",\"interactionStatistic\":{\"@type\":\"InteractionCounter\",\"interactionType\":{\"@type\":\"WatchAction\"},\"userInteractionCount\":16201},\"thumbnailUrl\":\"https:\/\/i.ytimg.com\/vi\/Wq1cur4vRp0\/default.jpg\",\"uploadDate\":\"2021-09-19T13:00:22Z\"}<\/script>\n\n\t<p>\n\t\t<a href=\"\" target=\"_blank\" data-element=\"shortcode-suno-banner\" title=\"Banner SUNO, clique e saiba mais\">\n\t\t\t<picture>\n\t\t\t\t<source media=\"(max-width: 500px)\" srcset=\"\">\n\t\t\t\t<img class=\"newsContent__article__imgCapa newsContent__article__imgCapa--banner\"\n\t\t\t\t\tsrc=\"\"\n\t\t\t\t\tdata-promo-id=\"240038\"\t\t\t\t\t\t\t\t\t\t\t\t\t\t\talt=\"\"\n\t\t\t\t>\n\t\t\t<\/picture>\n\t\t<\/a>\n\t<\/p>\n\n\n<p>Na sexta-feira passada, dia 22, a Evergrande &#8211; que \u00e9 a incorporadora imobili\u00e1ria da <strong>China <\/strong>&#8211; divulgou os<strong> resultados preliminares de uma investiga\u00e7\u00e3o<\/strong> sobre os fundos prometidos como garantia de empr\u00e9stimos por uma subsidi\u00e1ria <a href=\"https:\/\/statusinvest.com.br\/termos\/o\/offshore\">offshore<\/a> que administra propriedades constru\u00eddas.<\/p>\n<p>A Evergrande tamb\u00e9m anunciou na semana passada <a href=\"https:\/\/www.suno.com.br\/artigos\/ceo\/\">que demitiu seu CEO de longa data<\/a>, Xia Haijun, e seu diretor financeiro, Pan Darong, por seu envolvimento nos acordos, bem como quatro executivos da Evergrande e sua subsidi\u00e1ria.<\/p>\n<p>No entanto, alguns <strong>credores<\/strong> n\u00e3o acreditam que a empresa tenha explicado suficientemente como os fundos foram garantidos aos bancos sem qualquer forma de divulga\u00e7\u00e3o aos <strong>investidores<\/strong>, e eles n\u00e3o receberam nenhuma explica\u00e7\u00e3o al\u00e9m do que a empresa disse publicamente sobre o dinheiro apreendido.<\/p>\n\t<p>\n\t\t<a href=\"\" target=\"_blank\" data-element=\"shortcode-suno-banner\" title=\"Banner SUNO, clique e saiba mais\">\n\t\t\t<picture>\n\t\t\t\t<source media=\"(max-width: 500px)\" srcset=\"\">\n\t\t\t\t<img class=\"newsContent__article__imgCapa newsContent__article__imgCapa--banner\"\n\t\t\t\t\tsrc=\"\"\n\t\t\t\t\tdata-promo-id=\"274968\"\t\t\t\t\t\t\t\t\t\t\t\t\t\t\talt=\"\"\n\t\t\t\t>\n\t\t\t<\/picture>\n\t\t<\/a>\n\t<\/p>\n\n\n<p>Nesta semana, um grupo dos maiores credores offshore da Evergrande, que possuem d\u00edvida garantida lastreada em ativos da subsidi\u00e1ria, escreveu \u00e0 empresa solicitando informa\u00e7\u00f5es adicionais sobre quais executivos eram os respons\u00e1veis diretos pelos penhores, quais bancos reivindicavam seus direitos sobre os ativos e como a empresa planeja especificamente compens\u00e1-los pelos fundos perdidos, que representam a maior parte <a href=\"https:\/\/www.suno.com.br\/artigos\/gestao-de-caixa\/\">do caixa da subsidi\u00e1ria<\/a>, disseram as fontes.<\/p>\n<p>A tens\u00e3o cont\u00ednua entre a Evergrande e seus credores estrangeiros destaca como a empresa tem lutado para atender \u00e0s demandas dos investidores por transpar\u00eancia quase oito meses desde que deixou de pagar suas d\u00edvidas externas e poucos dias antes do lan\u00e7amento antecipado de um plano de reestrutura\u00e7\u00e3o que a empresa prometeu entregar at\u00e9 o final deste m\u00eas.<\/p>\n\t<p>\n\t\t<a href=\"https:\/\/lp.suno.com.br\/planilha-controle-gastos\/\" target=\"_blank\" data-element=\"shortcode-suno-banner\" title=\"Banner SUNO, clique e saiba mais\">\n\t\t\t<picture>\n\t\t\t\t<source media=\"(max-width: 500px)\" srcset=\"https:\/\/files.sunoresearch.com.br\/n\/uploads\/2023\/03\/400x300-Planilha-controle-de-gastos.png\">\n\t\t\t\t<img class=\"newsContent__article__imgCapa newsContent__article__imgCapa--banner\"\n\t\t\t\t\tsrc=\"https:\/\/files.sunoresearch.com.br\/n\/uploads\/2023\/03\/1420x240-Planilha-controle-de-gastos.png\"\n\t\t\t\t\tdata-promo-id=\"101751\"\t\t\t\t\t\t\t\t\t\twidth='1420' height='240'\t\t\t\t\talt=\"https:\/\/files.sunoresearch.com.br\/n\/uploads\/2023\/03\/1420x240-Planilha-controle-de-gastos.png\"\n\t\t\t\t>\n\t\t\t<\/picture>\n\t\t<\/a>\n\t<\/p>\n\n\n<h2>Relembre o in\u00edcio do caso Evergrande<\/h2>\n<p>Ainda em setembro de 2021, a empresa\u00a0<a href=\"https:\/\/www.suno.com.br\/noticias\/evergrande-pressao-calote-300-bilhoes-china\/\">veio a p\u00fablico afirmar que h\u00e1 uma possibilidade de <strong>calote<\/strong><\/a>, j\u00e1 que a companhia pode n\u00e3o conseguir honrar suas d\u00edvidas. \u00c0 \u00e9poca, a companhia possu\u00eda um compromisso que passa dos US$ 300 bilh\u00f5es.<\/p>\n<p>O caso desencadeou uma s\u00e9rie de an\u00e1lises negativas sobre a <strong>economia chinesa<\/strong>, projetando poss\u00edveis problemas dr\u00e1sticos por conta do <a href=\"https:\/\/www.suno.com.br\/artigos\/risco-de-credito\/\">risco de cr\u00e9dito<\/a>.<\/p>\n\t<p>\n\t\t<a href=\"https:\/\/lp.suno.com.br\/planilha-da-vida-financeira\/\" target=\"_blank\" data-element=\"shortcode-suno-banner\" title=\"Banner SUNO, clique e saiba mais\">\n\t\t\t<picture>\n\t\t\t\t<source media=\"(max-width: 500px)\" srcset=\"https:\/\/files.sunoresearch.com.br\/n\/uploads\/2023\/04\/400x300-Planilha-vida-financeira-true.png\">\n\t\t\t\t<img class=\"newsContent__article__imgCapa newsContent__article__imgCapa--banner\"\n\t\t\t\t\tsrc=\"https:\/\/files.sunoresearch.com.br\/n\/uploads\/2023\/04\/1420x240-Planilha-vida-financeira-true.png\"\n\t\t\t\t\tdata-promo-id=\"106682\"\t\t\t\t\t\t\t\t\t\twidth='1420' height='240'\t\t\t\t\talt=\"https:\/\/files.sunoresearch.com.br\/n\/uploads\/2023\/04\/1420x240-Planilha-vida-financeira-true.png\"\n\t\t\t\t>\n\t\t\t<\/picture>\n\t\t<\/a>\n\t<\/p>\n\n\n<p>Apesar disso, o sistema financeiro n\u00e3o foi contaminado e o caso n\u00e3o tornou-se um novo &#8216;Lehman Brothers&#8217;, como alguns analistas apontavam.<\/p>\n<p>O risco era elevado por conta de que, al\u00e9m do volume da d\u00edvida, a <strong>Evergrande<\/strong> tamb\u00e9m havia tomado empr\u00e9stimos em diversos outros pa\u00edses, ainda que a maior parte dos credores tenham sido chineses.<\/p>\n<p class=\"newsProviderSignature\">Com informa\u00e7\u00f5es do Estad\u00e3o Conte\u00fado<\/p>\n\t<p>\n\t\t<a href=\"https:\/\/lp.suno.com.br\/ebook-como-analisar-uma-acao\/\" target=\"_blank\" data-element=\"shortcode-suno-banner\" title=\"Banner SUNO, clique e saiba mais\">\n\t\t\t<picture>\n\t\t\t\t<source media=\"(max-width: 500px)\" srcset=\"https:\/\/files.sunoresearch.com.br\/n\/uploads\/2023\/03\/Ebook-Acoes-Mobile-1.jpg\">\n\t\t\t\t<img class=\"newsContent__article__imgCapa newsContent__article__imgCapa--banner\"\n\t\t\t\t\tsrc=\"https:\/\/files.sunoresearch.com.br\/n\/uploads\/2023\/03\/Ebook-Acoes-Desktop-1.jpg\"\n\t\t\t\t\tdata-promo-id=\"171998\"\t\t\t\t\t\t\t\t\t\twidth='1420' height='286'\t\t\t\t\talt=\"https:\/\/files.sunoresearch.com.br\/n\/uploads\/2023\/03\/Ebook-Acoes-Desktop-1.jpg\"\n\t\t\t\t>\n\t\t\t<\/picture>\n\t\t<\/a>\n\t<\/p>\n\n\n","protected":false},"excerpt":{"rendered":"<p>Um grupo de credores da incorporadora chinesa Evergrande est\u00e1 exigindo informa\u00e7\u00f5es adicionais sobre uma apreens\u00e3o de quase US$ 2 bilh\u00f5es em fundos por bancos locais. As informa\u00e7\u00f5es visam explica\u00e7\u00f5es sobre como a incorporadora prometeu os fundos sem o conhecimento dos investidores, segundo fontes a par do assunto. Entenda o caso Evergrande, que assustou o mercado [&hellip;]<\/p>\n","protected":false},"author":73,"featured_media":184099,"comment_status":"closed","ping_status":"closed","sticky":false,"template":"","format":"standard","meta":[],"categories":[63],"tags":[106444,711,1904],"suno_strategy":[],"class_list":["post-279304","post","type-post","status-publish","format-standard","has-post-thumbnail","hentry","category-internacional","tag-agencias","tag-china","tag-mercado-imobiliario"],"yoast_head":"<!-- This site is optimized with the Yoast SEO plugin v24.4 - https:\/\/yoast.com\/wordpress\/plugins\/seo\/ -->\n<title>Evergrande enfrenta credores ap\u00f3s ter US$ 2 bilh\u00f5es apreendidos<\/title>\n<meta name=\"description\" content=\"Evergrande, que \u00e9 a incorporadora imobili\u00e1ria da China, divulgou os resultados preliminares de uma investiga\u00e7\u00e3o sobre os fundos. Confira!\" \/>\n<meta name=\"robots\" content=\"index, follow, max-snippet:-1, max-image-preview:large, max-video-preview:-1\" \/>\n<link rel=\"canonical\" href=\"https:\/\/www.suno.com.br\/noticias\/evergrande-credores-fundos-apreendidos\/\" \/>\n<meta property=\"og:locale\" content=\"pt_BR\" \/>\n<meta property=\"og:type\" content=\"article\" \/>\n<meta property=\"og:title\" content=\"Evergrande enfrenta credores ap\u00f3s ter US$ 2 bilh\u00f5es apreendidos\" \/>\n<meta property=\"og:description\" content=\"Evergrande, que \u00e9 a incorporadora imobili\u00e1ria da China, divulgou os resultados preliminares de uma investiga\u00e7\u00e3o sobre os fundos. Confira!\" \/>\n<meta property=\"og:url\" content=\"https:\/\/www.suno.com.br\/noticias\/evergrande-credores-fundos-apreendidos\/\" \/>\n<meta property=\"og:site_name\" content=\"Suno Not\u00edcias\" \/>\n<meta property=\"article:publisher\" content=\"https:\/\/facebook.com\/sunoresearch\" \/>\n<meta property=\"og:image\" content=\"https:\/\/files.sunoresearch.com.br\/n\/uploads\/2021\/09\/aaa.jpg\" \/>\n\t<meta property=\"og:image:width\" content=\"1536\" \/>\n\t<meta property=\"og:image:height\" content=\"799\" \/>\n\t<meta property=\"og:image:type\" content=\"image\/jpeg\" \/>\n<meta name=\"author\" content=\"Eduardo Vargas\" \/>\n<meta name=\"twitter:card\" content=\"summary_large_image\" \/>\n<meta name=\"twitter:creator\" content=\"@sunoresearch\" \/>\n<meta name=\"twitter:site\" content=\"@sunoresearch\" \/>\n<meta name=\"twitter:label1\" content=\"Escrito por\" \/>\n\t<meta name=\"twitter:data1\" content=\"Eduardo Vargas\" \/>\n\t<meta name=\"twitter:label2\" content=\"Est. tempo de leitura\" \/>\n\t<meta name=\"twitter:data2\" content=\"3 minutos\" \/>\n<script type=\"application\/ld+json\" class=\"yoast-schema-graph\">{\"@context\":\"https:\/\/schema.org\",\"@graph\":[{\"@type\":\"NewsArticle\",\"@id\":\"https:\/\/www.suno.com.br\/noticias\/evergrande-credores-fundos-apreendidos\/#article\",\"isPartOf\":{\"@id\":\"https:\/\/www.suno.com.br\/noticias\/evergrande-credores-fundos-apreendidos\/\"},\"author\":{\"name\":\"Eduardo Vargas\",\"@id\":\"https:\/\/www.suno.com.br\/noticias\/#\/schema\/person\/7f4d362bf3518e76090143ae77bb49a5\"},\"headline\":\"Evergrande enfrenta credores ap\u00f3s ter US$ 2 bilh\u00f5es em fundos apreendidos\",\"datePublished\":\"2022-07-28T10:26:06+00:00\",\"mainEntityOfPage\":{\"@id\":\"https:\/\/www.suno.com.br\/noticias\/evergrande-credores-fundos-apreendidos\/\"},\"wordCount\":484,\"publisher\":{\"@id\":\"https:\/\/www.suno.com.br\/noticias\/#organization\"},\"image\":{\"@id\":\"https:\/\/www.suno.com.br\/noticias\/evergrande-credores-fundos-apreendidos\/#primaryimage\"},\"thumbnailUrl\":\"https:\/\/files.sunoresearch.com.br\/n\/uploads\/2021\/09\/aaa.jpg\",\"keywords\":[\"Ag\u00eancias\",\"China\",\"mercado imobili\u00e1rio\"],\"articleSection\":[\"Internacional\"],\"inLanguage\":\"pt-BR\"},{\"@type\":\"WebPage\",\"@id\":\"https:\/\/www.suno.com.br\/noticias\/evergrande-credores-fundos-apreendidos\/\",\"url\":\"https:\/\/www.suno.com.br\/noticias\/evergrande-credores-fundos-apreendidos\/\",\"name\":\"Evergrande enfrenta credores ap\u00f3s ter US$ 2 bilh\u00f5es apreendidos\",\"isPartOf\":{\"@id\":\"https:\/\/www.suno.com.br\/noticias\/#website\"},\"primaryImageOfPage\":{\"@id\":\"https:\/\/www.suno.com.br\/noticias\/evergrande-credores-fundos-apreendidos\/#primaryimage\"},\"image\":{\"@id\":\"https:\/\/www.suno.com.br\/noticias\/evergrande-credores-fundos-apreendidos\/#primaryimage\"},\"thumbnailUrl\":\"https:\/\/files.sunoresearch.com.br\/n\/uploads\/2021\/09\/aaa.jpg\",\"datePublished\":\"2022-07-28T10:26:06+00:00\",\"description\":\"Evergrande, que \u00e9 a incorporadora imobili\u00e1ria da China, divulgou os resultados preliminares de uma investiga\u00e7\u00e3o sobre os fundos. Confira!\",\"breadcrumb\":{\"@id\":\"https:\/\/www.suno.com.br\/noticias\/evergrande-credores-fundos-apreendidos\/#breadcrumb\"},\"inLanguage\":\"pt-BR\",\"potentialAction\":[{\"@type\":\"ReadAction\",\"target\":[\"https:\/\/www.suno.com.br\/noticias\/evergrande-credores-fundos-apreendidos\/\"]}]},{\"@type\":\"ImageObject\",\"inLanguage\":\"pt-BR\",\"@id\":\"https:\/\/www.suno.com.br\/noticias\/evergrande-credores-fundos-apreendidos\/#primaryimage\",\"url\":\"https:\/\/files.sunoresearch.com.br\/n\/uploads\/2021\/09\/aaa.jpg\",\"contentUrl\":\"https:\/\/files.sunoresearch.com.br\/n\/uploads\/2021\/09\/aaa.jpg\",\"width\":1536,\"height\":799,\"caption\":\"Evergrande - Foto: Reprodu\u00e7\u00e3o\/Site Evergrande\"},{\"@type\":\"BreadcrumbList\",\"@id\":\"https:\/\/www.suno.com.br\/noticias\/evergrande-credores-fundos-apreendidos\/#breadcrumb\",\"itemListElement\":[{\"@type\":\"ListItem\",\"position\":1,\"name\":\"Not\u00edcias\",\"item\":\"https:\/\/www.suno.com.br\/noticias\/\"},{\"@type\":\"ListItem\",\"position\":2,\"name\":\"Internacional\",\"item\":\"https:\/\/www.suno.com.br\/noticias\/internacional\/\"},{\"@type\":\"ListItem\",\"position\":3,\"name\":\"Evergrande enfrenta credores ap\u00f3s ter US$ 2 bilh\u00f5es em fundos apreendidos\"}]},{\"@type\":\"WebSite\",\"@id\":\"https:\/\/www.suno.com.br\/noticias\/#website\",\"url\":\"https:\/\/www.suno.com.br\/noticias\/\",\"name\":\"Suno Not\u00edcias\",\"description\":\"Seu portal de informa\u00e7\u00e3o sobre o mundo dos investimentos\",\"publisher\":{\"@id\":\"https:\/\/www.suno.com.br\/noticias\/#organization\"},\"potentialAction\":[{\"@type\":\"SearchAction\",\"target\":{\"@type\":\"EntryPoint\",\"urlTemplate\":\"https:\/\/www.suno.com.br\/noticias\/?s={search_term_string}\"},\"query-input\":{\"@type\":\"PropertyValueSpecification\",\"valueRequired\":true,\"valueName\":\"search_term_string\"}}],\"inLanguage\":\"pt-BR\"},{\"@type\":\"Organization\",\"@id\":\"https:\/\/www.suno.com.br\/noticias\/#organization\",\"name\":\"Suno Not\u00edcias\",\"url\":\"https:\/\/www.suno.com.br\/noticias\/\",\"logo\":{\"@type\":\"ImageObject\",\"inLanguage\":\"pt-BR\",\"@id\":\"https:\/\/www.suno.com.br\/noticias\/#\/schema\/logo\/image\/\",\"url\":\"https:\/\/files.sunoresearch.com.br\/n\/uploads\/2021\/09\/suno-logo.png\",\"contentUrl\":\"https:\/\/files.sunoresearch.com.br\/n\/uploads\/2021\/09\/suno-logo.png\",\"width\":180,\"height\":180,\"caption\":\"Suno Not\u00edcias\"},\"image\":{\"@id\":\"https:\/\/www.suno.com.br\/noticias\/#\/schema\/logo\/image\/\"},\"sameAs\":[\"https:\/\/facebook.com\/sunoresearch\",\"https:\/\/x.com\/sunoresearch\",\"https:\/\/www.instagram.com\/suno\",\"https:\/\/www.linkedin.com\/company\/suno-research\/\",\"https:\/\/www.youtube.com\/c\/sunoresearch\"]},{\"@type\":\"Person\",\"@id\":\"https:\/\/www.suno.com.br\/noticias\/#\/schema\/person\/7f4d362bf3518e76090143ae77bb49a5\",\"name\":\"Eduardo Vargas\",\"image\":{\"@type\":\"ImageObject\",\"inLanguage\":\"pt-BR\",\"@id\":\"https:\/\/www.suno.com.br\/noticias\/#\/schema\/person\/image\/\",\"url\":\"https:\/\/secure.gravatar.com\/avatar\/dac340933427a22924c9f99d1eb2e3f2?s=96&r=g\",\"contentUrl\":\"https:\/\/secure.gravatar.com\/avatar\/dac340933427a22924c9f99d1eb2e3f2?s=96&r=g\",\"caption\":\"Eduardo Vargas\"},\"description\":\"Jornalista formado pela UFSC, cobre macroeconomia, neg\u00f3cios e startups para o Suno Not\u00edcias, escrevendo principalmente not\u00edcias sobre o mercado financeiro e a bolsa de valores. No YouTube e no Instagram, \u00e9 respons\u00e1vel pela produ\u00e7\u00e3o de Reels e Shorts do Suno Not\u00edcias. Anteriormente, trabalhou cobrindo economia e cotidiano no ND+ e para o ND, maior jornal impresso de Santa Catarina. Cursou um semestre letivo de Estudos de M\u00eddia na Universidad de Buenos Aires.\",\"url\":\"https:\/\/www.suno.com.br\/noticias\/author\/eduardo-vargas\/\"}]}<\/script>\n<!-- \/ Yoast SEO plugin. -->","yoast_head_json":{"title":"Evergrande enfrenta credores ap\u00f3s ter US$ 2 bilh\u00f5es apreendidos","description":"Evergrande, que \u00e9 a incorporadora imobili\u00e1ria da China, divulgou os resultados preliminares de uma investiga\u00e7\u00e3o sobre os fundos. Confira!","robots":{"index":"index","follow":"follow","max-snippet":"max-snippet:-1","max-image-preview":"max-image-preview:large","max-video-preview":"max-video-preview:-1"},"canonical":"https:\/\/www.suno.com.br\/noticias\/evergrande-credores-fundos-apreendidos\/","og_locale":"pt_BR","og_type":"article","og_title":"Evergrande enfrenta credores ap\u00f3s ter US$ 2 bilh\u00f5es apreendidos","og_description":"Evergrande, que \u00e9 a incorporadora imobili\u00e1ria da China, divulgou os resultados preliminares de uma investiga\u00e7\u00e3o sobre os fundos. Confira!","og_url":"https:\/\/www.suno.com.br\/noticias\/evergrande-credores-fundos-apreendidos\/","og_site_name":"Suno Not\u00edcias","article_publisher":"https:\/\/facebook.com\/sunoresearch","og_image":[{"width":1536,"height":799,"url":"https:\/\/files.sunoresearch.com.br\/n\/uploads\/2021\/09\/aaa.jpg","type":"image\/jpeg"}],"author":"Eduardo Vargas","twitter_card":"summary_large_image","twitter_creator":"@sunoresearch","twitter_site":"@sunoresearch","twitter_misc":{"Escrito por":"Eduardo Vargas","Est. tempo de leitura":"3 minutos"},"schema":{"@context":"https:\/\/schema.org","@graph":[{"@type":"NewsArticle","@id":"https:\/\/www.suno.com.br\/noticias\/evergrande-credores-fundos-apreendidos\/#article","isPartOf":{"@id":"https:\/\/www.suno.com.br\/noticias\/evergrande-credores-fundos-apreendidos\/"},"author":{"name":"Eduardo Vargas","@id":"https:\/\/www.suno.com.br\/noticias\/#\/schema\/person\/7f4d362bf3518e76090143ae77bb49a5"},"headline":"Evergrande enfrenta credores ap\u00f3s ter US$ 2 bilh\u00f5es em fundos apreendidos","datePublished":"2022-07-28T10:26:06+00:00","mainEntityOfPage":{"@id":"https:\/\/www.suno.com.br\/noticias\/evergrande-credores-fundos-apreendidos\/"},"wordCount":484,"publisher":{"@id":"https:\/\/www.suno.com.br\/noticias\/#organization"},"image":{"@id":"https:\/\/www.suno.com.br\/noticias\/evergrande-credores-fundos-apreendidos\/#primaryimage"},"thumbnailUrl":"https:\/\/files.sunoresearch.com.br\/n\/uploads\/2021\/09\/aaa.jpg","keywords":["Ag\u00eancias","China","mercado imobili\u00e1rio"],"articleSection":["Internacional"],"inLanguage":"pt-BR"},{"@type":"WebPage","@id":"https:\/\/www.suno.com.br\/noticias\/evergrande-credores-fundos-apreendidos\/","url":"https:\/\/www.suno.com.br\/noticias\/evergrande-credores-fundos-apreendidos\/","name":"Evergrande enfrenta credores ap\u00f3s ter US$ 2 bilh\u00f5es apreendidos","isPartOf":{"@id":"https:\/\/www.suno.com.br\/noticias\/#website"},"primaryImageOfPage":{"@id":"https:\/\/www.suno.com.br\/noticias\/evergrande-credores-fundos-apreendidos\/#primaryimage"},"image":{"@id":"https:\/\/www.suno.com.br\/noticias\/evergrande-credores-fundos-apreendidos\/#primaryimage"},"thumbnailUrl":"https:\/\/files.sunoresearch.com.br\/n\/uploads\/2021\/09\/aaa.jpg","datePublished":"2022-07-28T10:26:06+00:00","description":"Evergrande, que \u00e9 a incorporadora imobili\u00e1ria da China, divulgou os resultados preliminares de uma investiga\u00e7\u00e3o sobre os fundos. Confira!","breadcrumb":{"@id":"https:\/\/www.suno.com.br\/noticias\/evergrande-credores-fundos-apreendidos\/#breadcrumb"},"inLanguage":"pt-BR","potentialAction":[{"@type":"ReadAction","target":["https:\/\/www.suno.com.br\/noticias\/evergrande-credores-fundos-apreendidos\/"]}]},{"@type":"ImageObject","inLanguage":"pt-BR","@id":"https:\/\/www.suno.com.br\/noticias\/evergrande-credores-fundos-apreendidos\/#primaryimage","url":"https:\/\/files.sunoresearch.com.br\/n\/uploads\/2021\/09\/aaa.jpg","contentUrl":"https:\/\/files.sunoresearch.com.br\/n\/uploads\/2021\/09\/aaa.jpg","width":1536,"height":799,"caption":"Evergrande - Foto: Reprodu\u00e7\u00e3o\/Site Evergrande"},{"@type":"BreadcrumbList","@id":"https:\/\/www.suno.com.br\/noticias\/evergrande-credores-fundos-apreendidos\/#breadcrumb","itemListElement":[{"@type":"ListItem","position":1,"name":"Not\u00edcias","item":"https:\/\/www.suno.com.br\/noticias\/"},{"@type":"ListItem","position":2,"name":"Internacional","item":"https:\/\/www.suno.com.br\/noticias\/internacional\/"},{"@type":"ListItem","position":3,"name":"Evergrande enfrenta credores ap\u00f3s ter US$ 2 bilh\u00f5es em fundos apreendidos"}]},{"@type":"WebSite","@id":"https:\/\/www.suno.com.br\/noticias\/#website","url":"https:\/\/www.suno.com.br\/noticias\/","name":"Suno Not\u00edcias","description":"Seu portal de informa\u00e7\u00e3o sobre o mundo dos investimentos","publisher":{"@id":"https:\/\/www.suno.com.br\/noticias\/#organization"},"potentialAction":[{"@type":"SearchAction","target":{"@type":"EntryPoint","urlTemplate":"https:\/\/www.suno.com.br\/noticias\/?s={search_term_string}"},"query-input":{"@type":"PropertyValueSpecification","valueRequired":true,"valueName":"search_term_string"}}],"inLanguage":"pt-BR"},{"@type":"Organization","@id":"https:\/\/www.suno.com.br\/noticias\/#organization","name":"Suno Not\u00edcias","url":"https:\/\/www.suno.com.br\/noticias\/","logo":{"@type":"ImageObject","inLanguage":"pt-BR","@id":"https:\/\/www.suno.com.br\/noticias\/#\/schema\/logo\/image\/","url":"https:\/\/files.sunoresearch.com.br\/n\/uploads\/2021\/09\/suno-logo.png","contentUrl":"https:\/\/files.sunoresearch.com.br\/n\/uploads\/2021\/09\/suno-logo.png","width":180,"height":180,"caption":"Suno Not\u00edcias"},"image":{"@id":"https:\/\/www.suno.com.br\/noticias\/#\/schema\/logo\/image\/"},"sameAs":["https:\/\/facebook.com\/sunoresearch","https:\/\/x.com\/sunoresearch","https:\/\/www.instagram.com\/suno","https:\/\/www.linkedin.com\/company\/suno-research\/","https:\/\/www.youtube.com\/c\/sunoresearch"]},{"@type":"Person","@id":"https:\/\/www.suno.com.br\/noticias\/#\/schema\/person\/7f4d362bf3518e76090143ae77bb49a5","name":"Eduardo Vargas","image":{"@type":"ImageObject","inLanguage":"pt-BR","@id":"https:\/\/www.suno.com.br\/noticias\/#\/schema\/person\/image\/","url":"https:\/\/secure.gravatar.com\/avatar\/dac340933427a22924c9f99d1eb2e3f2?s=96&r=g","contentUrl":"https:\/\/secure.gravatar.com\/avatar\/dac340933427a22924c9f99d1eb2e3f2?s=96&r=g","caption":"Eduardo Vargas"},"description":"Jornalista formado pela UFSC, cobre macroeconomia, neg\u00f3cios e startups para o Suno Not\u00edcias, escrevendo principalmente not\u00edcias sobre o mercado financeiro e a bolsa de valores. No YouTube e no Instagram, \u00e9 respons\u00e1vel pela produ\u00e7\u00e3o de Reels e Shorts do Suno Not\u00edcias. Anteriormente, trabalhou cobrindo economia e cotidiano no ND+ e para o ND, maior jornal impresso de Santa Catarina. Cursou um semestre letivo de Estudos de M\u00eddia na Universidad de Buenos Aires.","url":"https:\/\/www.suno.com.br\/noticias\/author\/eduardo-vargas\/"}]}},"default_loop_html":"<div class=\"cardsPage__listCard__boxs\"><div class=\"cardsPage__listCard__boxs__img\"><a href=\"https:\/\/www.suno.com.br\/noticias\/evergrande-credores-fundos-apreendidos\/\"><img class=\"mask\" src=\"https:\/\/www.suno.com.br\/noticias\/wp-content\/themes\/suno\/resources\/images\/spotlight\/spotlight1img\/bg-mask.png\" alt=\"Image Mask\"\/><img src=\"https:\/\/files.sunoresearch.com.br\/n\/uploads\/2021\/09\/aaa-400x200.jpg\" alt=\"Evergrande enfrenta credores ap\u00f3s ter US$ 2 bilh\u00f5es em fundos apreendidos\"\/><\/a><span class=\"spotlightCategory\"><a href=\"https:\/\/www.suno.com.br\/noticias\/internacional\/\">Internacional<\/a><\/span><\/div><div class=\"cardsPage__listCard__boxs__content\"><a href=\"https:\/\/www.suno.com.br\/noticias\/evergrande-credores-fundos-apreendidos\/\"><h2 class=\"content__title\">Evergrande enfrenta credores ap\u00f3s ter US$ 2 bilh\u00f5es em fundos apreendidos<\/h2><\/a><div class=\"newsContent__article__meta\"><div class=\"newsContent__article__meta__authorBox\"><a href=\"https:\/\/www.suno.com.br\/noticias\/author\/eduardo-vargas\/\" class=\"authorBox__avatar noMobi\"><img src=\"https:\/\/secure.gravatar.com\/avatar\/dac340933427a22924c9f99d1eb2e3f2?s=96&#038;r=g\" alt=\"Eduardo Vargas\"><\/a><div class=\"authorBox__name\"><span>por\n\t\t\t<a href=\"https:\/\/www.suno.com.br\/noticias\/author\/eduardo-vargas\/\"><span itemprop=\"author\">Eduardo Vargas<\/span><\/a><\/span><time datetime=\"2022-07-28T07:26:06-03:00\" itemprop=\"datePublished\">28\/07\/2022 07:26<\/time><\/div><\/div><\/div><\/div><\/div>","single_layout":"posts","amp_enabled":true,"_links":{"self":[{"href":"https:\/\/www.suno.com.br\/noticias\/wp-json\/wp\/v2\/posts\/279304"}],"collection":[{"href":"https:\/\/www.suno.com.br\/noticias\/wp-json\/wp\/v2\/posts"}],"about":[{"href":"https:\/\/www.suno.com.br\/noticias\/wp-json\/wp\/v2\/types\/post"}],"author":[{"embeddable":true,"href":"https:\/\/www.suno.com.br\/noticias\/wp-json\/wp\/v2\/users\/73"}],"replies":[{"embeddable":true,"href":"https:\/\/www.suno.com.br\/noticias\/wp-json\/wp\/v2\/comments?post=279304"}],"version-history":[{"count":3,"href":"https:\/\/www.suno.com.br\/noticias\/wp-json\/wp\/v2\/posts\/279304\/revisions"}],"predecessor-version":[{"id":279329,"href":"https:\/\/www.suno.com.br\/noticias\/wp-json\/wp\/v2\/posts\/279304\/revisions\/279329"}],"wp:featuredmedia":[{"embeddable":true,"href":"https:\/\/www.suno.com.br\/noticias\/wp-json\/wp\/v2\/media\/184099"}],"wp:attachment":[{"href":"https:\/\/www.suno.com.br\/noticias\/wp-json\/wp\/v2\/media?parent=279304"}],"wp:term":[{"taxonomy":"category","embeddable":true,"href":"https:\/\/www.suno.com.br\/noticias\/wp-json\/wp\/v2\/categories?post=279304"},{"taxonomy":"post_tag","embeddable":true,"href":"https:\/\/www.suno.com.br\/noticias\/wp-json\/wp\/v2\/tags?post=279304"},{"taxonomy":"suno_strategy","embeddable":true,"href":"https:\/\/www.suno.com.br\/noticias\/wp-json\/wp\/v2\/suno_strategy?post=279304"}],"curies":[{"name":"wp","href":"https:\/\/api.w.org\/{rel}","templated":true}]}}