{"id":27929,"date":"2019-06-12T12:07:07","date_gmt":"2019-06-12T15:07:07","guid":{"rendered":"https:\/\/www.suno.com.br\/noticias\/?p=27929"},"modified":"2019-06-12T12:07:07","modified_gmt":"2019-06-12T15:07:07","slug":"vendas-varejo-comercio-abril-hipermercados","status":"publish","type":"post","link":"https:\/\/www.suno.com.br\/noticias\/vendas-varejo-comercio-abril-hipermercados\/","title":{"rendered":"Vendas do varejo em abril t\u00eam recuo de 0,6% em rela\u00e7\u00e3o a mar\u00e7o"},"content":{"rendered":"<p>Ap\u00f3s dois meses marcados pela estabilidade, o volume de vendas do varejo caiu 0,6% em abril. Conforme o<strong><a href=\"https:\/\/www.ibge.gov.br\/institucional\/o-ibge.html\"> Instituto Brasileiro de Geografia e Estat\u00edstica<\/a> <\/strong>(IBGE) esse \u00e9 o pior resultado para o m\u00eas desde 2015, quando registrou -1%.<\/p>\t<div class=\"wrapper-featured-image\">\n\t\t<figure class=\"spotlightImg\">\n\n\t\t\t<picture>\n\t\t\t\t<source media=\"(max-width: 768px)\" srcset=\"https:\/\/files.sunoresearch.com.br\/n\/uploads\/2019\/06\/99c32092-vendas-varejo-abril-ibge-comercio-400x200.webp\">\n\t\t\t\t<img loading=\"lazy\" decoding=\"async\" class=\"newsContent__article__imgCapa lazyloadDisabled newsContent__article__imgCapa--noCaption\" src=\"https:\/\/files.sunoresearch.com.br\/n\/uploads\/2019\/06\/99c32092-vendas-varejo-abril-ibge-comercio-800x450.webp\" width=\"800\" height=\"450\" alt=\"Vendas do varejo em abril t\u00eam recuo de 0,6% em rela\u00e7\u00e3o a mar\u00e7o\" fetchpriority=high \/>\n\t\t\t<\/picture>\n\n\t\t\t<figcaption class=\"wp-caption-text wp-caption-text--hide\">varejo<\/figcaption>\n\t\t<\/figure>\n\t<\/div>\n\n\n<p>De acordo com a <strong>gerente da pesquisa<\/strong> de <strong>vendas do varejo<\/strong>, <strong>Isabella Nunes<\/strong>, esse resultado demonstra a <strong>estagna\u00e7\u00e3o da economia brasileira<\/strong>. &#8220;S\u00f3 essa observa\u00e7\u00e3o j\u00e1 nos mostra uma perda de ritmo no ano de 2019&#8221;, disse Nunes.<\/p>\n<p>Al\u00e9m disso, a gerente completa que &#8220;de janeiro a abril n\u00e3o acumulou nada. \u00c9 como se o ano de 2019 n\u00e3o tivesse dado nenhuma contribui\u00e7\u00e3o para a <strong>recupera\u00e7\u00e3o<\/strong> da trajet\u00f3ria de queda iniciada em 2014&#8243;.<\/p>\n\t<p>\n\t\t<a href=\"https:\/\/lp.suno.com.br\/cl\/webinario-suno-black-2024\/\" target=\"_blank\" data-element=\"shortcode-suno-banner\" title=\"Banner SUNO, clique e saiba mais\">\n\t\t\t<picture>\n\t\t\t\t<source media=\"(max-width: 500px)\" srcset=\"https:\/\/files.sunoresearch.com.br\/n\/uploads\/2024\/04\/400x300-Banner-Home-1.png\">\n\t\t\t\t<img class=\"newsContent__article__imgCapa newsContent__article__imgCapa--banner\"\n\t\t\t\t\tsrc=\"https:\/\/files.sunoresearch.com.br\/n\/uploads\/2024\/04\/400x300-Banner-Home-1.png\"\n\t\t\t\t\tdata-promo-id=\"102411\"\t\t\t\t\t\t\t\t\t\twidth='401' height='300'\t\t\t\t\talt=\"https:\/\/files.sunoresearch.com.br\/n\/uploads\/2024\/04\/400x300-Banner-Home-1.png\"\n\t\t\t\t>\n\t\t\t<\/picture>\n\t\t<\/a>\n\t<\/p>\n\n\n<h2>Resultados<\/h2>\n<p>Em mar\u00e7o foi registrado uma alta de 0,1%, por sua vez, fevereiro registrou queda de 0,1%. Em compara\u00e7\u00e3o com abril de 2018, houve alta de 1,7%. Confira os resultados dos outros meses:<\/p>\n<p><img loading=\"lazy\" decoding=\"async\" class=\"alignnone wp-image-27932 size-full\" src=\"https:\/\/storage.googleapis.com\/wp-noticias\/2019\/06\/7eb16ebc-venda-varejo-ibge.png\" alt=\"Fonte: IBGE - Pesquisa Mensal de Com\u00e9rcio\" width=\"874\" height=\"524\" \/><\/p>\n<p>Conforme o <strong>IBGE<\/strong>, das oito atividades do setor varejista cinco demonstraram queda em abril. Al\u00e9m disso, dois setores registraram quedas consecutivas, o setor de <strong>hipermercado<\/strong> e de <strong>vestu\u00e1rio<\/strong>.<\/p>\n<p>&#8220;S\u00e3o atividades que j\u00e1 v\u00eam mostrando perda de ritmo. O hipermercado, que responde pelo maior peso na pesquisa, j\u00e1 acumula uma queda de 3,4% de fevereiro a abril&#8221;, disse Isabella.<\/p>\n<p>Outro setor destacado pela gerente foi a venda de <strong>artigos farmac\u00eauticos<\/strong> que vinha em um progresso cont\u00ednuo mas registrou queda de 0,7%. &#8220;Provavelmente houve antecipa\u00e7\u00e3o das compras em mar\u00e7o, j\u00e1 que foi amplamente divulgado que haveria o aumento oficial determinado pelo <strong>governo<\/strong>&#8220;, disse Nunes.<\/p>\n<p><a href=\"\/\/www.suno.com.br\/noticias\/vendas-do-varejo-janeiro-alta\/\">Saiba Mais: Vendas do varejo em janeiro t\u00eam alta de 0,4% em rela\u00e7\u00e3o a dezembro<\/a><\/p>\n<p>De todos os 27 <strong>estados brasileiros<\/strong>, apenas sete n\u00e3o demonstraram recuo nas vendas. A redu\u00e7\u00e3o mais intensa foi na<strong> Para\u00edba<\/strong> com -3,5%, no <strong>Rio de Janeiro<\/strong> com -2,8% e no<strong> Par\u00e1<\/strong> com -2,6%.<\/p>\n\t<p>\n\t\t<a href=\"https:\/\/lp.suno.com.br\/ebook-como-analisar-uma-acao\/\" target=\"_blank\" data-element=\"shortcode-suno-banner\" title=\"Banner SUNO, clique e saiba mais\">\n\t\t\t<picture>\n\t\t\t\t<source media=\"(max-width: 500px)\" srcset=\"https:\/\/files.sunoresearch.com.br\/n\/uploads\/2023\/12\/Ebook-Acoes-Mobile.jpg\">\n\t\t\t\t<img class=\"newsContent__article__imgCapa newsContent__article__imgCapa--banner\"\n\t\t\t\t\tsrc=\"https:\/\/files.sunoresearch.com.br\/n\/uploads\/2023\/12\/Ebook-Acoes-Mobile.jpg\"\n\t\t\t\t\tdata-promo-id=\"101750\"\t\t\t\t\t\t\t\t\t\twidth='400' height='300'\t\t\t\t\talt=\"https:\/\/files.sunoresearch.com.br\/n\/uploads\/2023\/12\/Ebook-Acoes-Mobile.jpg\"\n\t\t\t\t>\n\t\t\t<\/picture>\n\t\t<\/a>\n\t<\/p>\n\n\n<p>Em uma vis\u00e3o panor\u00e2mica da situa\u00e7\u00e3o das <strong>vendas do varejo<\/strong> no m\u00eas de abril, Isabella diz que &#8220;essa situa\u00e7\u00e3o dificulta o<strong> crescimento<\/strong> da massa de rendimentos, que \u00e9 o que<strong> impulsiona<\/strong> o <strong>consumo<\/strong>&#8220;.<\/p>\n","protected":false},"excerpt":{"rendered":"<p>Ap\u00f3s dois meses marcados pela estabilidade, o volume de vendas do varejo caiu 0,6% em abril. Conforme o Instituto Brasileiro de Geografia e Estat\u00edstica (IBGE) esse \u00e9 o pior resultado para o m\u00eas desde 2015, quando registrou -1%. varejo De acordo com a gerente da pesquisa de vendas do varejo, Isabella Nunes, esse resultado demonstra [&hellip;]<\/p>\n","protected":false},"author":15,"featured_media":27933,"comment_status":"closed","ping_status":"closed","sticky":false,"template":"","format":"standard","meta":[],"categories":[62],"tags":[803],"suno_strategy":[],"class_list":["post-27929","post","type-post","status-publish","format-standard","has-post-thumbnail","hentry","category-economia","tag-varejo"],"yoast_head":"<!-- This site is optimized with the Yoast SEO plugin v24.4 - https:\/\/yoast.com\/wordpress\/plugins\/seo\/ -->\n<title>Vendas do varejo em abril t\u00eam recuo de 0,6% em rela\u00e7\u00e3o a mar\u00e7o<\/title>\n<meta name=\"description\" content=\"Ap\u00f3s dois meses marcados pela estabilidade, o volume de vendas do varejo caiu 0,6% em abril. sse \u00e9 o pior resultado desde 2015. Clique aqui\" \/>\n<meta name=\"robots\" content=\"index, follow, max-snippet:-1, max-image-preview:large, max-video-preview:-1\" \/>\n<link rel=\"canonical\" href=\"https:\/\/www.suno.com.br\/noticias\/vendas-varejo-comercio-abril-hipermercados\/\" \/>\n<meta property=\"og:locale\" content=\"pt_BR\" \/>\n<meta property=\"og:type\" content=\"article\" \/>\n<meta property=\"og:title\" content=\"Vendas do varejo em abril t\u00eam recuo de 0,6% em rela\u00e7\u00e3o a mar\u00e7o\" \/>\n<meta property=\"og:description\" content=\"Ap\u00f3s dois meses marcados pela estabilidade, o volume de vendas do varejo caiu 0,6% em abril. sse \u00e9 o pior resultado desde 2015. Clique aqui\" \/>\n<meta property=\"og:url\" content=\"https:\/\/www.suno.com.br\/noticias\/vendas-varejo-comercio-abril-hipermercados\/\" \/>\n<meta property=\"og:site_name\" content=\"Suno Not\u00edcias\" \/>\n<meta property=\"article:publisher\" content=\"https:\/\/facebook.com\/sunoresearch\" \/>\n<meta property=\"og:image\" content=\"https:\/\/files.sunoresearch.com.br\/n\/uploads\/2019\/06\/99c32092-vendas-varejo-abril-ibge-comercio.jpg\" \/>\n\t<meta property=\"og:image:width\" content=\"800\" \/>\n\t<meta property=\"og:image:height\" content=\"530\" \/>\n\t<meta property=\"og:image:type\" content=\"image\/jpeg\" \/>\n<meta name=\"author\" content=\"Poliana Santos\" \/>\n<meta name=\"twitter:card\" content=\"summary_large_image\" \/>\n<meta name=\"twitter:creator\" content=\"@sunoresearch\" \/>\n<meta name=\"twitter:site\" content=\"@sunoresearch\" \/>\n<meta name=\"twitter:label1\" content=\"Escrito por\" \/>\n\t<meta name=\"twitter:data1\" content=\"Poliana Santos\" \/>\n\t<meta name=\"twitter:label2\" content=\"Est. tempo de leitura\" \/>\n\t<meta name=\"twitter:data2\" content=\"2 minutos\" \/>\n<script type=\"application\/ld+json\" class=\"yoast-schema-graph\">{\"@context\":\"https:\/\/schema.org\",\"@graph\":[{\"@type\":\"NewsArticle\",\"@id\":\"https:\/\/www.suno.com.br\/noticias\/vendas-varejo-comercio-abril-hipermercados\/#article\",\"isPartOf\":{\"@id\":\"https:\/\/www.suno.com.br\/noticias\/vendas-varejo-comercio-abril-hipermercados\/\"},\"author\":{\"name\":\"Poliana Santos\",\"@id\":\"https:\/\/www.suno.com.br\/noticias\/#\/schema\/person\/02ec1f752758247878a2bf4abee1aeda\"},\"headline\":\"Vendas do varejo em abril t\u00eam recuo de 0,6% em rela\u00e7\u00e3o a mar\u00e7o\",\"datePublished\":\"2019-06-12T15:07:07+00:00\",\"mainEntityOfPage\":{\"@id\":\"https:\/\/www.suno.com.br\/noticias\/vendas-varejo-comercio-abril-hipermercados\/\"},\"wordCount\":362,\"publisher\":{\"@id\":\"https:\/\/www.suno.com.br\/noticias\/#organization\"},\"image\":{\"@id\":\"https:\/\/www.suno.com.br\/noticias\/vendas-varejo-comercio-abril-hipermercados\/#primaryimage\"},\"thumbnailUrl\":\"https:\/\/files.sunoresearch.com.br\/n\/uploads\/2019\/06\/99c32092-vendas-varejo-abril-ibge-comercio-jpg.webp\",\"keywords\":[\"varejo\"],\"articleSection\":[\"Economia\"],\"inLanguage\":\"pt-BR\"},{\"@type\":\"WebPage\",\"@id\":\"https:\/\/www.suno.com.br\/noticias\/vendas-varejo-comercio-abril-hipermercados\/\",\"url\":\"https:\/\/www.suno.com.br\/noticias\/vendas-varejo-comercio-abril-hipermercados\/\",\"name\":\"Vendas do varejo em abril t\u00eam recuo de 0,6% em rela\u00e7\u00e3o a mar\u00e7o\",\"isPartOf\":{\"@id\":\"https:\/\/www.suno.com.br\/noticias\/#website\"},\"primaryImageOfPage\":{\"@id\":\"https:\/\/www.suno.com.br\/noticias\/vendas-varejo-comercio-abril-hipermercados\/#primaryimage\"},\"image\":{\"@id\":\"https:\/\/www.suno.com.br\/noticias\/vendas-varejo-comercio-abril-hipermercados\/#primaryimage\"},\"thumbnailUrl\":\"https:\/\/files.sunoresearch.com.br\/n\/uploads\/2019\/06\/99c32092-vendas-varejo-abril-ibge-comercio-jpg.webp\",\"datePublished\":\"2019-06-12T15:07:07+00:00\",\"description\":\"Ap\u00f3s dois meses marcados pela estabilidade, o volume de vendas do varejo caiu 0,6% em abril. sse \u00e9 o pior resultado desde 2015. Clique aqui\",\"breadcrumb\":{\"@id\":\"https:\/\/www.suno.com.br\/noticias\/vendas-varejo-comercio-abril-hipermercados\/#breadcrumb\"},\"inLanguage\":\"pt-BR\",\"potentialAction\":[{\"@type\":\"ReadAction\",\"target\":[\"https:\/\/www.suno.com.br\/noticias\/vendas-varejo-comercio-abril-hipermercados\/\"]}]},{\"@type\":\"ImageObject\",\"inLanguage\":\"pt-BR\",\"@id\":\"https:\/\/www.suno.com.br\/noticias\/vendas-varejo-comercio-abril-hipermercados\/#primaryimage\",\"url\":\"https:\/\/files.sunoresearch.com.br\/n\/uploads\/2019\/06\/99c32092-vendas-varejo-abril-ibge-comercio-jpg.webp\",\"contentUrl\":\"https:\/\/files.sunoresearch.com.br\/n\/uploads\/2019\/06\/99c32092-vendas-varejo-abril-ibge-comercio-jpg.webp\",\"width\":800,\"height\":530,\"caption\":\"varejo\"},{\"@type\":\"BreadcrumbList\",\"@id\":\"https:\/\/www.suno.com.br\/noticias\/vendas-varejo-comercio-abril-hipermercados\/#breadcrumb\",\"itemListElement\":[{\"@type\":\"ListItem\",\"position\":1,\"name\":\"Not\u00edcias\",\"item\":\"https:\/\/www.suno.com.br\/noticias\/\"},{\"@type\":\"ListItem\",\"position\":2,\"name\":\"Economia\",\"item\":\"https:\/\/www.suno.com.br\/noticias\/economia\/\"},{\"@type\":\"ListItem\",\"position\":3,\"name\":\"Vendas do varejo em abril t\u00eam recuo de 0,6% em rela\u00e7\u00e3o a mar\u00e7o\"}]},{\"@type\":\"WebSite\",\"@id\":\"https:\/\/www.suno.com.br\/noticias\/#website\",\"url\":\"https:\/\/www.suno.com.br\/noticias\/\",\"name\":\"Suno Not\u00edcias\",\"description\":\"Seu portal de informa\u00e7\u00e3o sobre o mundo dos investimentos\",\"publisher\":{\"@id\":\"https:\/\/www.suno.com.br\/noticias\/#organization\"},\"potentialAction\":[{\"@type\":\"SearchAction\",\"target\":{\"@type\":\"EntryPoint\",\"urlTemplate\":\"https:\/\/www.suno.com.br\/noticias\/?s={search_term_string}\"},\"query-input\":{\"@type\":\"PropertyValueSpecification\",\"valueRequired\":true,\"valueName\":\"search_term_string\"}}],\"inLanguage\":\"pt-BR\"},{\"@type\":\"Organization\",\"@id\":\"https:\/\/www.suno.com.br\/noticias\/#organization\",\"name\":\"Suno Not\u00edcias\",\"url\":\"https:\/\/www.suno.com.br\/noticias\/\",\"logo\":{\"@type\":\"ImageObject\",\"inLanguage\":\"pt-BR\",\"@id\":\"https:\/\/www.suno.com.br\/noticias\/#\/schema\/logo\/image\/\",\"url\":\"https:\/\/files.sunoresearch.com.br\/n\/uploads\/2021\/09\/suno-logo.png\",\"contentUrl\":\"https:\/\/files.sunoresearch.com.br\/n\/uploads\/2021\/09\/suno-logo.png\",\"width\":180,\"height\":180,\"caption\":\"Suno Not\u00edcias\"},\"image\":{\"@id\":\"https:\/\/www.suno.com.br\/noticias\/#\/schema\/logo\/image\/\"},\"sameAs\":[\"https:\/\/facebook.com\/sunoresearch\",\"https:\/\/x.com\/sunoresearch\",\"https:\/\/www.instagram.com\/suno\",\"https:\/\/www.linkedin.com\/company\/suno-research\/\",\"https:\/\/www.youtube.com\/c\/sunoresearch\"]},{\"@type\":\"Person\",\"@id\":\"https:\/\/www.suno.com.br\/noticias\/#\/schema\/person\/02ec1f752758247878a2bf4abee1aeda\",\"name\":\"Poliana Santos\",\"image\":{\"@type\":\"ImageObject\",\"inLanguage\":\"pt-BR\",\"@id\":\"https:\/\/www.suno.com.br\/noticias\/#\/schema\/person\/image\/\",\"url\":\"https:\/\/secure.gravatar.com\/avatar\/0645bd32f23d87b2130f2b2dff1d3f8d?s=96&r=g\",\"contentUrl\":\"https:\/\/secure.gravatar.com\/avatar\/0645bd32f23d87b2130f2b2dff1d3f8d?s=96&r=g\",\"caption\":\"Poliana Santos\"},\"description\":\"Rep\u00f3rter no Suno Not\u00edcias, com cobertura em mercado financeiro, economia, finan\u00e7as pessoais, renda fixa e varejo. Jornalista formada pela Faculdade C\u00e1sper L\u00edbero e possui passagem na R\u00e1dio Gazeta AM com a produ\u00e7\u00e3o de conte\u00fado sobre economia, pol\u00edtica, sa\u00fade, moda e m\u00fasica. Possui certificado de conclus\u00e3o do curso de An\u00e1lise de Balan\u00e7os pela Funda\u00e7\u00e3o Bradesco, Agenda Brasil pela FAAP, Educa\u00e7\u00e3o Pol\u00edtica por Alexandre Garcia e do Tesouro Direto e Mercado de A\u00e7\u00f5es pela B3.\",\"url\":\"https:\/\/www.suno.com.br\/noticias\/author\/poliana-santos\/\"}]}<\/script>\n<!-- \/ Yoast SEO plugin. -->","yoast_head_json":{"title":"Vendas do varejo em abril t\u00eam recuo de 0,6% em rela\u00e7\u00e3o a mar\u00e7o","description":"Ap\u00f3s dois meses marcados pela estabilidade, o volume de vendas do varejo caiu 0,6% em abril. sse \u00e9 o pior resultado desde 2015. Clique aqui","robots":{"index":"index","follow":"follow","max-snippet":"max-snippet:-1","max-image-preview":"max-image-preview:large","max-video-preview":"max-video-preview:-1"},"canonical":"https:\/\/www.suno.com.br\/noticias\/vendas-varejo-comercio-abril-hipermercados\/","og_locale":"pt_BR","og_type":"article","og_title":"Vendas do varejo em abril t\u00eam recuo de 0,6% em rela\u00e7\u00e3o a mar\u00e7o","og_description":"Ap\u00f3s dois meses marcados pela estabilidade, o volume de vendas do varejo caiu 0,6% em abril. sse \u00e9 o pior resultado desde 2015. Clique aqui","og_url":"https:\/\/www.suno.com.br\/noticias\/vendas-varejo-comercio-abril-hipermercados\/","og_site_name":"Suno Not\u00edcias","article_publisher":"https:\/\/facebook.com\/sunoresearch","og_image":[{"width":800,"height":530,"url":"https:\/\/files.sunoresearch.com.br\/n\/uploads\/2019\/06\/99c32092-vendas-varejo-abril-ibge-comercio.jpg","type":"image\/jpeg"}],"author":"Poliana Santos","twitter_card":"summary_large_image","twitter_creator":"@sunoresearch","twitter_site":"@sunoresearch","twitter_misc":{"Escrito por":"Poliana Santos","Est. tempo de leitura":"2 minutos"},"schema":{"@context":"https:\/\/schema.org","@graph":[{"@type":"NewsArticle","@id":"https:\/\/www.suno.com.br\/noticias\/vendas-varejo-comercio-abril-hipermercados\/#article","isPartOf":{"@id":"https:\/\/www.suno.com.br\/noticias\/vendas-varejo-comercio-abril-hipermercados\/"},"author":{"name":"Poliana Santos","@id":"https:\/\/www.suno.com.br\/noticias\/#\/schema\/person\/02ec1f752758247878a2bf4abee1aeda"},"headline":"Vendas do varejo em abril t\u00eam recuo de 0,6% em rela\u00e7\u00e3o a mar\u00e7o","datePublished":"2019-06-12T15:07:07+00:00","mainEntityOfPage":{"@id":"https:\/\/www.suno.com.br\/noticias\/vendas-varejo-comercio-abril-hipermercados\/"},"wordCount":362,"publisher":{"@id":"https:\/\/www.suno.com.br\/noticias\/#organization"},"image":{"@id":"https:\/\/www.suno.com.br\/noticias\/vendas-varejo-comercio-abril-hipermercados\/#primaryimage"},"thumbnailUrl":"https:\/\/files.sunoresearch.com.br\/n\/uploads\/2019\/06\/99c32092-vendas-varejo-abril-ibge-comercio-jpg.webp","keywords":["varejo"],"articleSection":["Economia"],"inLanguage":"pt-BR"},{"@type":"WebPage","@id":"https:\/\/www.suno.com.br\/noticias\/vendas-varejo-comercio-abril-hipermercados\/","url":"https:\/\/www.suno.com.br\/noticias\/vendas-varejo-comercio-abril-hipermercados\/","name":"Vendas do varejo em abril t\u00eam recuo de 0,6% em rela\u00e7\u00e3o a mar\u00e7o","isPartOf":{"@id":"https:\/\/www.suno.com.br\/noticias\/#website"},"primaryImageOfPage":{"@id":"https:\/\/www.suno.com.br\/noticias\/vendas-varejo-comercio-abril-hipermercados\/#primaryimage"},"image":{"@id":"https:\/\/www.suno.com.br\/noticias\/vendas-varejo-comercio-abril-hipermercados\/#primaryimage"},"thumbnailUrl":"https:\/\/files.sunoresearch.com.br\/n\/uploads\/2019\/06\/99c32092-vendas-varejo-abril-ibge-comercio-jpg.webp","datePublished":"2019-06-12T15:07:07+00:00","description":"Ap\u00f3s dois meses marcados pela estabilidade, o volume de vendas do varejo caiu 0,6% em abril. sse \u00e9 o pior resultado desde 2015. Clique aqui","breadcrumb":{"@id":"https:\/\/www.suno.com.br\/noticias\/vendas-varejo-comercio-abril-hipermercados\/#breadcrumb"},"inLanguage":"pt-BR","potentialAction":[{"@type":"ReadAction","target":["https:\/\/www.suno.com.br\/noticias\/vendas-varejo-comercio-abril-hipermercados\/"]}]},{"@type":"ImageObject","inLanguage":"pt-BR","@id":"https:\/\/www.suno.com.br\/noticias\/vendas-varejo-comercio-abril-hipermercados\/#primaryimage","url":"https:\/\/files.sunoresearch.com.br\/n\/uploads\/2019\/06\/99c32092-vendas-varejo-abril-ibge-comercio-jpg.webp","contentUrl":"https:\/\/files.sunoresearch.com.br\/n\/uploads\/2019\/06\/99c32092-vendas-varejo-abril-ibge-comercio-jpg.webp","width":800,"height":530,"caption":"varejo"},{"@type":"BreadcrumbList","@id":"https:\/\/www.suno.com.br\/noticias\/vendas-varejo-comercio-abril-hipermercados\/#breadcrumb","itemListElement":[{"@type":"ListItem","position":1,"name":"Not\u00edcias","item":"https:\/\/www.suno.com.br\/noticias\/"},{"@type":"ListItem","position":2,"name":"Economia","item":"https:\/\/www.suno.com.br\/noticias\/economia\/"},{"@type":"ListItem","position":3,"name":"Vendas do varejo em abril t\u00eam recuo de 0,6% em rela\u00e7\u00e3o a mar\u00e7o"}]},{"@type":"WebSite","@id":"https:\/\/www.suno.com.br\/noticias\/#website","url":"https:\/\/www.suno.com.br\/noticias\/","name":"Suno Not\u00edcias","description":"Seu portal de informa\u00e7\u00e3o sobre o mundo dos investimentos","publisher":{"@id":"https:\/\/www.suno.com.br\/noticias\/#organization"},"potentialAction":[{"@type":"SearchAction","target":{"@type":"EntryPoint","urlTemplate":"https:\/\/www.suno.com.br\/noticias\/?s={search_term_string}"},"query-input":{"@type":"PropertyValueSpecification","valueRequired":true,"valueName":"search_term_string"}}],"inLanguage":"pt-BR"},{"@type":"Organization","@id":"https:\/\/www.suno.com.br\/noticias\/#organization","name":"Suno Not\u00edcias","url":"https:\/\/www.suno.com.br\/noticias\/","logo":{"@type":"ImageObject","inLanguage":"pt-BR","@id":"https:\/\/www.suno.com.br\/noticias\/#\/schema\/logo\/image\/","url":"https:\/\/files.sunoresearch.com.br\/n\/uploads\/2021\/09\/suno-logo.png","contentUrl":"https:\/\/files.sunoresearch.com.br\/n\/uploads\/2021\/09\/suno-logo.png","width":180,"height":180,"caption":"Suno Not\u00edcias"},"image":{"@id":"https:\/\/www.suno.com.br\/noticias\/#\/schema\/logo\/image\/"},"sameAs":["https:\/\/facebook.com\/sunoresearch","https:\/\/x.com\/sunoresearch","https:\/\/www.instagram.com\/suno","https:\/\/www.linkedin.com\/company\/suno-research\/","https:\/\/www.youtube.com\/c\/sunoresearch"]},{"@type":"Person","@id":"https:\/\/www.suno.com.br\/noticias\/#\/schema\/person\/02ec1f752758247878a2bf4abee1aeda","name":"Poliana Santos","image":{"@type":"ImageObject","inLanguage":"pt-BR","@id":"https:\/\/www.suno.com.br\/noticias\/#\/schema\/person\/image\/","url":"https:\/\/secure.gravatar.com\/avatar\/0645bd32f23d87b2130f2b2dff1d3f8d?s=96&r=g","contentUrl":"https:\/\/secure.gravatar.com\/avatar\/0645bd32f23d87b2130f2b2dff1d3f8d?s=96&r=g","caption":"Poliana Santos"},"description":"Rep\u00f3rter no Suno Not\u00edcias, com cobertura em mercado financeiro, economia, finan\u00e7as pessoais, renda fixa e varejo. Jornalista formada pela Faculdade C\u00e1sper L\u00edbero e possui passagem na R\u00e1dio Gazeta AM com a produ\u00e7\u00e3o de conte\u00fado sobre economia, pol\u00edtica, sa\u00fade, moda e m\u00fasica. Possui certificado de conclus\u00e3o do curso de An\u00e1lise de Balan\u00e7os pela Funda\u00e7\u00e3o Bradesco, Agenda Brasil pela FAAP, Educa\u00e7\u00e3o Pol\u00edtica por Alexandre Garcia e do Tesouro Direto e Mercado de A\u00e7\u00f5es pela B3.","url":"https:\/\/www.suno.com.br\/noticias\/author\/poliana-santos\/"}]}},"default_loop_html":"<div class=\"cardsPage__listCard__boxs\"><div class=\"cardsPage__listCard__boxs__img\"><a href=\"https:\/\/www.suno.com.br\/noticias\/vendas-varejo-comercio-abril-hipermercados\/\"><img class=\"mask\" src=\"https:\/\/www.suno.com.br\/noticias\/wp-content\/themes\/suno\/resources\/images\/spotlight\/spotlight1img\/bg-mask.png\" alt=\"Image Mask\"\/><img src=\"https:\/\/files.sunoresearch.com.br\/n\/uploads\/2019\/06\/99c32092-vendas-varejo-abril-ibge-comercio-400x200.webp\" alt=\"Vendas do varejo em abril t\u00eam recuo de 0,6% em rela\u00e7\u00e3o a mar\u00e7o\"\/><\/a><span class=\"spotlightCategory\"><a href=\"https:\/\/www.suno.com.br\/noticias\/economia\/\">Economia<\/a><\/span><\/div><div class=\"cardsPage__listCard__boxs__content\"><a href=\"https:\/\/www.suno.com.br\/noticias\/vendas-varejo-comercio-abril-hipermercados\/\"><h2 class=\"content__title\">Vendas do varejo em abril t\u00eam recuo de 0,6% em rela\u00e7\u00e3o a mar\u00e7o<\/h2><\/a><div class=\"newsContent__article__meta\"><div class=\"newsContent__article__meta__authorBox\"><a href=\"https:\/\/www.suno.com.br\/noticias\/author\/poliana-santos\/\" class=\"authorBox__avatar noMobi\"><img src=\"https:\/\/files.sunoresearch.com.br\/n\/uploads\/2020\/08\/7ef34026-whatsapp-image-2020-08-03-at-12.37.57-150x150.webp\" alt=\"Poliana Santos\"><\/a><div class=\"authorBox__name\"><span>por\n\t\t\t<a href=\"https:\/\/www.suno.com.br\/noticias\/author\/poliana-santos\/\"><span itemprop=\"author\">Poliana Santos<\/span><\/a><\/span><time datetime=\"2019-06-12T12:07:07-03:00\" itemprop=\"datePublished\">12\/06\/2019 12:07<\/time><\/div><\/div><\/div><\/div><\/div>","single_layout":"posts","amp_enabled":true,"_links":{"self":[{"href":"https:\/\/www.suno.com.br\/noticias\/wp-json\/wp\/v2\/posts\/27929"}],"collection":[{"href":"https:\/\/www.suno.com.br\/noticias\/wp-json\/wp\/v2\/posts"}],"about":[{"href":"https:\/\/www.suno.com.br\/noticias\/wp-json\/wp\/v2\/types\/post"}],"author":[{"embeddable":true,"href":"https:\/\/www.suno.com.br\/noticias\/wp-json\/wp\/v2\/users\/15"}],"replies":[{"embeddable":true,"href":"https:\/\/www.suno.com.br\/noticias\/wp-json\/wp\/v2\/comments?post=27929"}],"version-history":[{"count":0,"href":"https:\/\/www.suno.com.br\/noticias\/wp-json\/wp\/v2\/posts\/27929\/revisions"}],"wp:featuredmedia":[{"embeddable":true,"href":"https:\/\/www.suno.com.br\/noticias\/wp-json\/wp\/v2\/media\/27933"}],"wp:attachment":[{"href":"https:\/\/www.suno.com.br\/noticias\/wp-json\/wp\/v2\/media?parent=27929"}],"wp:term":[{"taxonomy":"category","embeddable":true,"href":"https:\/\/www.suno.com.br\/noticias\/wp-json\/wp\/v2\/categories?post=27929"},{"taxonomy":"post_tag","embeddable":true,"href":"https:\/\/www.suno.com.br\/noticias\/wp-json\/wp\/v2\/tags?post=27929"},{"taxonomy":"suno_strategy","embeddable":true,"href":"https:\/\/www.suno.com.br\/noticias\/wp-json\/wp\/v2\/suno_strategy?post=27929"}],"curies":[{"name":"wp","href":"https:\/\/api.w.org\/{rel}","templated":true}]}}