{"id":27916,"date":"2019-06-12T09:18:41","date_gmt":"2019-06-12T12:18:41","guid":{"rendered":"https:\/\/www.suno.com.br\/noticias\/?p=27916"},"modified":"2021-02-17T22:30:14","modified_gmt":"2021-02-18T01:30:14","slug":"gpa-aprova-venda-via-varejo","status":"publish","type":"post","link":"https:\/\/www.suno.com.br\/noticias\/gpa-aprova-venda-via-varejo\/","title":{"rendered":"GPA aprova venda de fatia na Via Varejo para Michael Klein"},"content":{"rendered":"<p>O <strong>Grupo P\u00e3o de A\u00e7\u00facar (GPA)<\/strong> (PCAR4) informou na manh\u00e3 desta quarta-feira (12) que vender\u00e1 sua participa\u00e7\u00e3o na Via Varejo (VVAR3) para <a href=\"https:\/\/www.suno.com.br\/tudo-sobre\/michael-klein\/\">Michael Klein<\/a>. O <strong>Conselho de Administra\u00e7\u00e3o<\/strong> do GPA aceitou um pre\u00e7o de venda de\u00a0 R$ 4,75 por a\u00e7\u00e3o.<\/p>\t<div class=\"wrapper-featured-image\">\n\t\t<figure class=\"spotlightImg\">\n\n\t\t\t<picture>\n\t\t\t\t<source media=\"(max-width: 768px)\" srcset=\"https:\/\/files.sunoresearch.com.br\/n\/uploads\/2019\/02\/828c4c15-via-varejo-400x200.webp\">\n\t\t\t\t<img loading=\"lazy\" decoding=\"async\" class=\"newsContent__article__imgCapa lazyloadDisabled newsContent__article__imgCapa--noCaption\" src=\"https:\/\/files.sunoresearch.com.br\/n\/uploads\/2019\/02\/828c4c15-via-varejo-png.webp\" width=\"800\" height=\"450\" alt=\"GPA aprova venda de fatia na Via Varejo para Michael Klein\" fetchpriority=high \/>\n\t\t\t<\/picture>\n\n\t\t\t<figcaption class=\"wp-caption-text wp-caption-text--hide\">Via Varejo<\/figcaption>\n\t\t<\/figure>\n\t<\/div>\n\n\n<p>A venda da <strong>Via Varejo,<\/strong>\u00a0dona das marcas <strong>Casas Bahia<\/strong> e <strong>Ponto Frio,<\/strong> ocorrer\u00e1 em leil\u00e3o na <strong>Bolsa de Valores de S\u00e3o Paulo (B3)<\/strong>. O <strong>GPA<\/strong> possui atualmente 36,27% do capital da Via Varejo, enquanto a fam\u00edlia Klein tem uma participa\u00e7\u00e3o de 25,24%;<\/p>\n<p><iframe loading=\"lazy\" title=\"?GPA aceita vender Via Varejo, Banco Inter quer aumentar o capital, Nubank chega na Argentina,\" width=\"1080\" height=\"608\" src=\"https:\/\/www.youtube.com\/embed\/JDQeU6THdnk?feature=oembed\" frameborder=\"0\" allow=\"accelerometer; autoplay; encrypted-media; gyroscope; picture-in-picture\" allowfullscreen><\/iframe><\/p>\n<p>O <strong>GPA<\/strong> divulgou o seguinte comunicado:<\/p>\n<p><em>A Companhia Brasileira de Distribui\u00e7\u00e3o comunica a seus acionistas e ao mercado em geral que, no dia 11 de junho de 2019, o Conselho de Administra\u00e7\u00e3o da Companhia recebeu carta do Sr. Michael Klein comunicando que, caso a Companhia realize a venda de todas as a\u00e7\u00f5es que det\u00e9m no capital social da Via Varejo S.A, representativas de 36,27% do capital social da Via Varejo, em leil\u00e3o de venda de a\u00e7\u00f5es em preg\u00e3o da B3 S.A. &#8211; Brasil, Bolsa, Balc\u00e3o (&#8220;Leil\u00e3o&#8221; e &#8220;B3&#8221; ), o Sr. Michael Klein apresentar\u00e1, individualmente (direta ou indiretamente) e em conjunto com outros investidores, uma ou mais ordens de compra para aquisi\u00e7\u00e3o de todas as a\u00e7\u00f5es da Via Varejo detidas pela Companhia pelo pre\u00e7o m\u00e1ximo de R$4,75 (quatro reais e setenta e cinco centavos) por a\u00e7\u00e3o.<\/em><\/p>\n<p><em>Em vista disso, o Conselho de Administra\u00e7\u00e3o aprovou, em reuni\u00e3o realizada nesta data, a venda de todas as a\u00e7\u00f5es detidas pela Companhia na Via Varejo em Leil\u00e3o na B3, pelo pre\u00e7o m\u00ednimo de R$ 4,75 (quatro reais e setenta e cinco centavos) por a\u00e7\u00e3o.<\/em><\/p>\n<p><em>A Companhia manter\u00e1 o mercado e seus acionistas informados sobre quaisquer novos fatos relevantes relacionados a esse assunto.<\/em><\/p>\n\t<p>\n\t\t<a href=\"https:\/\/www.seculus.com.br\/blackfriday\" target=\"_blank\" data-element=\"shortcode-suno-banner\" title=\"Banner SUNO, clique e saiba mais\">\n\t\t\t<picture>\n\t\t\t\t<source media=\"(max-width: 500px)\" srcset=\"https:\/\/files.sunoresearch.com.br\/n\/uploads\/2023\/11\/seculus_suno_mobile_1.jpg\">\n\t\t\t\t<img class=\"newsContent__article__imgCapa newsContent__article__imgCapa--banner\"\n\t\t\t\t\tsrc=\"https:\/\/files.sunoresearch.com.br\/n\/uploads\/2023\/11\/seculus_suno_desktop_1.jpg\"\n\t\t\t\t\tdata-promo-id=\"474122\"\t\t\t\t\t\t\t\t\t\twidth='1420' height='240'\t\t\t\t\talt=\"https:\/\/files.sunoresearch.com.br\/n\/uploads\/2023\/11\/seculus_suno_desktop_1.jpg\"\n\t\t\t\t>\n\t\t\t<\/picture>\n\t\t<\/a>\n\t<\/p>\n\n\n<h2>Michael Klein interessado<\/h2>\n<p>Em meados de maio, foi noticiado o interesse de Michael Klein em comprar a participa\u00e7\u00e3o na Via Varejo.\u00a0A ideia do empres\u00e1rio para adquirir o controle da <strong>Via Varejo<\/strong> foi, no come\u00e7o, encorajar investidores a se juntarem a opera\u00e7\u00e3o. O objetivo definido foi afastar do controle a <strong>Casino Guichard-Perrachon<\/strong><strong>, <\/strong>que possui os\u00a036,27% da Via Varejo\u00a0atrav\u00e9s do GPA.<\/p>\n<p><a href=\"https:\/\/www.suno.com.br\/noticias\/via-varejo-michael-klein-xp-compra-acoes\/\">Saiba mais: Via Varejo confirma inten\u00e7\u00e3o de Michael Klein e XP em compra de a\u00e7\u00f5es\u00a0<\/a><\/p>\n<p>O controlador franc\u00eas est\u00e1 tentando vender sua participa\u00e7\u00e3o no varejista brasileiro, que vale\u00a0cerca de R$ 2 bilh\u00f5es, desde 2017.<\/p>\n\t<p>\n\t\t<a href=\"https:\/\/lp.suno.com.br\/ebook-como-analisar-uma-acao\/\" target=\"_blank\" data-element=\"shortcode-suno-banner\" title=\"Banner SUNO, clique e saiba mais\">\n\t\t\t<picture>\n\t\t\t\t<source media=\"(max-width: 500px)\" srcset=\"https:\/\/files.sunoresearch.com.br\/n\/uploads\/2023\/03\/Ebook-Acoes-Mobile.jpg\">\n\t\t\t\t<img class=\"newsContent__article__imgCapa newsContent__article__imgCapa--banner\"\n\t\t\t\t\tsrc=\"https:\/\/files.sunoresearch.com.br\/n\/uploads\/2023\/03\/Ebook-Acoes-Desktop.jpg\"\n\t\t\t\t\tdata-promo-id=\"311946\"\t\t\t\t\t\t\t\t\t\twidth='1420' height='286'\t\t\t\t\talt=\"https:\/\/files.sunoresearch.com.br\/n\/uploads\/2023\/03\/Ebook-Acoes-Desktop.jpg\"\n\t\t\t\t>\n\t\t\t<\/picture>\n\t\t<\/a>\n\t<\/p>\n\n\n<p>A <strong>Amazon<\/strong> apareceu na m\u00eddia internacional algumas vezes como potencial interessada. Assim como a <strong>Lojas Americanas.<\/strong> Entretanto, seja o gigante varejista norte-americano que o grupo brasileiro desmentiram essa hip\u00f3tese. A empresas de <strong>Jeff Bezos<\/strong> preferiu ampliar suas opera\u00e7\u00f5es no Brasil ao inv\u00e9s de adquirir uma concorrente local.<\/p>\n<h2>Retirada da &#8220;p\u00edlula do veneno&#8221; do estatuto<\/h2>\n<p>No come\u00e7o de junho, a\u00a0<strong>Assembleia Geral Extraordin\u00e1ria<\/strong> (AGE) dos acionistas da varejista aprovou a retirada da <strong>cl\u00e1usula\u00a0<\/strong>do estatuto social, conhecida como &#8220;<strong><a href=\"https:\/\/www.suno.com.br\/artigos\/poison-pills\/\">poison pill<\/a><\/strong>&#8221; (&#8220;p\u00edlula do veneno&#8221;).<\/p>\n<p>As <strong>&#8220;poison pills&#8221;<\/strong><b>\u00a0<\/b>s\u00e3o t\u00e1ticas criadas pelas empresas para desencorajar ou at\u00e9 mesmo impedir aquisi\u00e7\u00f5es hostis de companhias no <a href=\"https:\/\/www.suno.com.br\/artigos\/mercado-de-capitais-conceito\/\">mercado de capitais<\/a>.<\/p>\n<p><a href=\"https:\/\/www.suno.com.br\/noticias\/lojas-americanas-nega-negociacao-via-varejo\/\">Saiba mais: Lojas Americanas nega negocia\u00e7\u00e3o para comprar Via Varejo\u00a0<\/a><\/p>\n<p>Desta forma, a empresa de com\u00e9rcio <strong>varejista <\/strong>removeu de seu estatuto a regra de que: se um acionista atingir a quantidade igual ou superior a 20% dos papeis, tal acionista ter\u00e1 que realizar uma <a href=\"https:\/\/www.suno.com.br\/artigos\/oferta-publica-aquisicao\/\">Oferta P\u00fablica de Aquisi\u00e7\u00e3o<\/a> (OPA).<\/p>\n\t<p>\n\t\t<a href=\"https:\/\/lp.suno.com.br\/4-emissao-snel11\/\" target=\"_blank\" data-element=\"shortcode-suno-banner\" title=\"Banner SUNO, clique e saiba mais\">\n\t\t\t<picture>\n\t\t\t\t<source media=\"(max-width: 500px)\" srcset=\"https:\/\/files.sunoresearch.com.br\/n\/uploads\/2025\/07\/400x300-Mobile-Artigos-7.webp\">\n\t\t\t\t<img class=\"newsContent__article__imgCapa newsContent__article__imgCapa--banner\"\n\t\t\t\t\tsrc=\"https:\/\/files.sunoresearch.com.br\/n\/uploads\/2025\/07\/1420x240-Banner-Artigos-1-_-Banner-Materias-5.webp\"\n\t\t\t\t\tdata-promo-id=\"364417\"\t\t\t\t\t\t\t\t\t\twidth='1420' height='240'\t\t\t\t\talt=\"https:\/\/files.sunoresearch.com.br\/n\/uploads\/2025\/07\/1420x240-Banner-Artigos-1-_-Banner-Materias-5.webp\"\n\t\t\t\t>\n\t\t\t<\/picture>\n\t\t<\/a>\n\t<\/p>\n\n\n<p>A remo\u00e7\u00e3o da cl\u00e1usula no estatuto social, por um lado, desprotege os minorit\u00e1rios. Por outro, aumenta a <strong><a href=\"https:\/\/www.suno.com.br\/artigos\/liquidez\/\">liquidez<\/a><\/strong> da companhia, e torna mais f\u00e1cil para que os controladores da varejista possam se desfazer da participa\u00e7\u00e3o na empresa varejista.<\/p>\n<h2>Resultados negativos<\/h2>\n<p>A <strong>Via Varejo<\/strong> registrou um preju\u00edzo total de R$ 49 milh\u00f5es no primeiro trimestre de 2019. Essa \u00e9 a terceira vez consecutiva de <strong>preju\u00edzos trimestrais<\/strong>. Os analistas estimavam um saldo negativo de R$ 5,2 milh\u00f5es.\u00a0No quarto trimestre de 2018 o preju\u00edzo l\u00edquido foi de R$ 279 milh\u00f5es.<\/p>\n<p><a href=\"https:\/\/www.suno.com.br\/noticias\/via-varejo-perde-ibovespa-gpa-vender-acoes\/\">Saiba Mais: Via Varejo perde 7% na B3 ap\u00f3s GPA decidir vender a\u00e7\u00f5es<\/a><\/p>\n<p>O <strong>EBITDA<\/strong> (<a href=\"https:\/\/www.suno.com.br\/artigos\/ebitda\/\">Earnings Before Interest, Taxes, Depreciation and Amortization<\/a>) ajustado do quarto trimestre de 2018 somou\u00a0R$ 275 milh\u00f5es. O <strong>recuo<\/strong> ante o mesmo per\u00edodo de 2017 foi de\u00a055,3%.<\/p>\n<p>No total, em 2018 a empresa registrou um preju\u00edzo l\u00edquido de R$ 267 milh\u00f5es. No ano anterior, o saldo foi positivo e o <a href=\"https:\/\/www.suno.com.br\/artigos\/lucro-liquido\/\">lucro l\u00edquido<\/a> havia sido de R$ 168 milh\u00f5es.<\/p>\n<p>No acumulado do ano passado, o <strong>EBITDA<\/strong> ajustado <strong>caiu<\/strong> 26,3% na compara\u00e7\u00e3o anual, a R$ 1,236 bilh\u00e3o.<\/p>\n\t<p>\n\t\t<a href=\"https:\/\/lp.suno.com.br\/ao\/servico-especializado-suno-tf\/?utm_source=adwords&#038;utm_medium=search&#038;utm_campaign=search.servico.funilconsultoria&#038;utm_content=1147_responsivo-a&#038;hsa_acc=2326072784&#038;hsa_cam=18022897917&#038;hsa_grp=141470255993&#038;hsa_ad=616145467912&#038;hsa_src=g&#038;hsa_tgt=kwd-303658942458&#038;hsa_kw=gestora+de+investimentos&#038;hsa_mt=b&#038;hsa_net=adwords&#038;hsa_ver=3&#038;gad_source=1&#038;gclid=CjwKCAjw1emzBhB8EiwAHwZZxQMvA3xJVRzLGZ70LmuSzR55X-KvxijSay8c5Hm88Sznnq97j8XbORoC-sMQAvD_BwE\" target=\"_blank\" data-element=\"shortcode-suno-banner\" title=\"Banner SUNO, clique e saiba mais\">\n\t\t\t<picture>\n\t\t\t\t<source media=\"(max-width: 500px)\" srcset=\"https:\/\/files.sunoresearch.com.br\/n\/uploads\/2024\/06\/400x300-Mobile-Artigos-5.png\">\n\t\t\t\t<img class=\"newsContent__article__imgCapa newsContent__article__imgCapa--banner\"\n\t\t\t\t\tsrc=\"https:\/\/files.sunoresearch.com.br\/n\/uploads\/2024\/06\/1420x240-Banner-Artigos-1-_-Banner-Materias-3.png\"\n\t\t\t\t\tdata-promo-id=\"563605\"\t\t\t\t\t\t\t\t\t\twidth='1420' height='240'\t\t\t\t\talt=\"https:\/\/files.sunoresearch.com.br\/n\/uploads\/2024\/06\/1420x240-Banner-Artigos-1-_-Banner-Materias-3.png\"\n\t\t\t\t>\n\t\t\t<\/picture>\n\t\t<\/a>\n\t<\/p>\n\n\n<p>De acordo com a <strong>Via Varejo<\/strong>, o preju\u00edzo do \u00faltimo trimestre de 2018 foi puxado pela menor <a href=\"https:\/\/www.suno.com.br\/artigos\/margem-bruta\/\">margem bruta<\/a> no per\u00edodo. E por outras <strong>despesas operacionais<\/strong>, resultantes da <strong>reestrutura\u00e7\u00e3o<\/strong> realizada na companhia.<\/p>\n<p>&nbsp;<\/p>\n","protected":false},"excerpt":{"rendered":"<p>O Grupo P\u00e3o de A\u00e7\u00facar (GPA) (PCAR4) informou na manh\u00e3 desta quarta-feira (12) que vender\u00e1 sua participa\u00e7\u00e3o na Via Varejo (VVAR3) para Michael Klein. O Conselho de Administra\u00e7\u00e3o do GPA aceitou um pre\u00e7o de venda de\u00a0 R$ 4,75 por a\u00e7\u00e3o. Via Varejo A venda da Via Varejo,\u00a0dona das marcas Casas Bahia e Ponto Frio, ocorrer\u00e1 [&hellip;]<\/p>\n","protected":false},"author":9,"featured_media":16175,"comment_status":"closed","ping_status":"closed","sticky":false,"template":"","format":"standard","meta":[],"categories":[64],"tags":[286,1964,106935],"suno_strategy":[],"class_list":["post-27916","post","type-post","status-publish","format-standard","has-post-thumbnail","hentry","category-negocios","tag-acoes","tag-grupo-pao-de-acucar-pcar3-pcar4","tag-via-viia3"],"yoast_head":"<!-- This site is optimized with the Yoast SEO plugin v24.4 - https:\/\/yoast.com\/wordpress\/plugins\/seo\/ -->\n<title>GPA aprova venda de fatia na Via Varejo para Michael Klein<\/title>\n<meta name=\"description\" content=\"O Grupo P\u00e3o de A\u00e7\u00facar (GPA) vender\u00e1 sua participa\u00e7\u00e3o na Via Varejo para\u00a0Michael Klein. Clique aqui para saber mais.\" \/>\n<meta name=\"robots\" content=\"index, follow, max-snippet:-1, max-image-preview:large, max-video-preview:-1\" \/>\n<link rel=\"canonical\" href=\"https:\/\/www.suno.com.br\/noticias\/gpa-aprova-venda-via-varejo\/\" \/>\n<meta property=\"og:locale\" content=\"pt_BR\" \/>\n<meta property=\"og:type\" content=\"article\" \/>\n<meta property=\"og:title\" content=\"GPA aprova venda de fatia na Via Varejo para Michael Klein\" \/>\n<meta property=\"og:description\" content=\"O Grupo P\u00e3o de A\u00e7\u00facar (GPA) vender\u00e1 sua participa\u00e7\u00e3o na Via Varejo para\u00a0Michael Klein. Clique aqui para saber mais.\" \/>\n<meta property=\"og:url\" content=\"https:\/\/www.suno.com.br\/noticias\/gpa-aprova-venda-via-varejo\/\" \/>\n<meta property=\"og:site_name\" content=\"Suno Not\u00edcias\" \/>\n<meta property=\"article:publisher\" content=\"https:\/\/facebook.com\/sunoresearch\" \/>\n<meta property=\"og:image\" content=\"https:\/\/files.sunoresearch.com.br\/n\/uploads\/2019\/02\/828c4c15-via-varejo.png\" \/>\n\t<meta property=\"og:image:width\" content=\"646\" \/>\n\t<meta property=\"og:image:height\" content=\"220\" \/>\n\t<meta property=\"og:image:type\" content=\"image\/png\" \/>\n<meta name=\"author\" content=\"Carlo Cauti\" \/>\n<meta name=\"twitter:card\" content=\"summary_large_image\" \/>\n<meta name=\"twitter:creator\" content=\"@sunoresearch\" \/>\n<meta name=\"twitter:site\" content=\"@sunoresearch\" \/>\n<meta name=\"twitter:label1\" content=\"Escrito por\" \/>\n\t<meta name=\"twitter:data1\" content=\"Carlo Cauti\" \/>\n\t<meta name=\"twitter:label2\" content=\"Est. tempo de leitura\" \/>\n\t<meta name=\"twitter:data2\" content=\"4 minutos\" \/>\n<script type=\"application\/ld+json\" class=\"yoast-schema-graph\">{\"@context\":\"https:\/\/schema.org\",\"@graph\":[{\"@type\":\"NewsArticle\",\"@id\":\"https:\/\/www.suno.com.br\/noticias\/gpa-aprova-venda-via-varejo\/#article\",\"isPartOf\":{\"@id\":\"https:\/\/www.suno.com.br\/noticias\/gpa-aprova-venda-via-varejo\/\"},\"author\":{\"name\":\"Carlo Cauti\",\"@id\":\"https:\/\/www.suno.com.br\/noticias\/#\/schema\/person\/e6e0f723cc177805027f4566c1d5e0c8\"},\"headline\":\"GPA aprova venda de fatia na Via Varejo para Michael Klein\",\"datePublished\":\"2019-06-12T12:18:41+00:00\",\"dateModified\":\"2021-02-18T01:30:14+00:00\",\"mainEntityOfPage\":{\"@id\":\"https:\/\/www.suno.com.br\/noticias\/gpa-aprova-venda-via-varejo\/\"},\"wordCount\":831,\"publisher\":{\"@id\":\"https:\/\/www.suno.com.br\/noticias\/#organization\"},\"image\":{\"@id\":\"https:\/\/www.suno.com.br\/noticias\/gpa-aprova-venda-via-varejo\/#primaryimage\"},\"thumbnailUrl\":\"https:\/\/files.sunoresearch.com.br\/n\/uploads\/2019\/02\/828c4c15-via-varejo-png.webp\",\"keywords\":[\"A\u00e7\u00f5es\",\"Grupo P\u00e3o de A\u00e7\u00facar (PCAR3\/PCAR4)\",\"Via (VIIA3)\"],\"articleSection\":[\"Neg\u00f3cios\"],\"inLanguage\":\"pt-BR\"},{\"@type\":\"WebPage\",\"@id\":\"https:\/\/www.suno.com.br\/noticias\/gpa-aprova-venda-via-varejo\/\",\"url\":\"https:\/\/www.suno.com.br\/noticias\/gpa-aprova-venda-via-varejo\/\",\"name\":\"GPA aprova venda de fatia na Via Varejo para Michael Klein\",\"isPartOf\":{\"@id\":\"https:\/\/www.suno.com.br\/noticias\/#website\"},\"primaryImageOfPage\":{\"@id\":\"https:\/\/www.suno.com.br\/noticias\/gpa-aprova-venda-via-varejo\/#primaryimage\"},\"image\":{\"@id\":\"https:\/\/www.suno.com.br\/noticias\/gpa-aprova-venda-via-varejo\/#primaryimage\"},\"thumbnailUrl\":\"https:\/\/files.sunoresearch.com.br\/n\/uploads\/2019\/02\/828c4c15-via-varejo-png.webp\",\"datePublished\":\"2019-06-12T12:18:41+00:00\",\"dateModified\":\"2021-02-18T01:30:14+00:00\",\"description\":\"O Grupo P\u00e3o de A\u00e7\u00facar (GPA) vender\u00e1 sua participa\u00e7\u00e3o na Via Varejo para\u00a0Michael Klein. Clique aqui para saber mais.\",\"breadcrumb\":{\"@id\":\"https:\/\/www.suno.com.br\/noticias\/gpa-aprova-venda-via-varejo\/#breadcrumb\"},\"inLanguage\":\"pt-BR\",\"potentialAction\":[{\"@type\":\"ReadAction\",\"target\":[\"https:\/\/www.suno.com.br\/noticias\/gpa-aprova-venda-via-varejo\/\"]}]},{\"@type\":\"ImageObject\",\"inLanguage\":\"pt-BR\",\"@id\":\"https:\/\/www.suno.com.br\/noticias\/gpa-aprova-venda-via-varejo\/#primaryimage\",\"url\":\"https:\/\/files.sunoresearch.com.br\/n\/uploads\/2019\/02\/828c4c15-via-varejo-png.webp\",\"contentUrl\":\"https:\/\/files.sunoresearch.com.br\/n\/uploads\/2019\/02\/828c4c15-via-varejo-png.webp\",\"width\":646,\"height\":220,\"caption\":\"Via Varejo\"},{\"@type\":\"BreadcrumbList\",\"@id\":\"https:\/\/www.suno.com.br\/noticias\/gpa-aprova-venda-via-varejo\/#breadcrumb\",\"itemListElement\":[{\"@type\":\"ListItem\",\"position\":1,\"name\":\"Not\u00edcias\",\"item\":\"https:\/\/www.suno.com.br\/noticias\/\"},{\"@type\":\"ListItem\",\"position\":2,\"name\":\"Neg\u00f3cios\",\"item\":\"https:\/\/www.suno.com.br\/noticias\/negocios\/\"},{\"@type\":\"ListItem\",\"position\":3,\"name\":\"GPA aprova venda de fatia na Via Varejo para Michael Klein\"}]},{\"@type\":\"WebSite\",\"@id\":\"https:\/\/www.suno.com.br\/noticias\/#website\",\"url\":\"https:\/\/www.suno.com.br\/noticias\/\",\"name\":\"Suno Not\u00edcias\",\"description\":\"Seu portal de informa\u00e7\u00e3o sobre o mundo dos investimentos\",\"publisher\":{\"@id\":\"https:\/\/www.suno.com.br\/noticias\/#organization\"},\"potentialAction\":[{\"@type\":\"SearchAction\",\"target\":{\"@type\":\"EntryPoint\",\"urlTemplate\":\"https:\/\/www.suno.com.br\/noticias\/?s={search_term_string}\"},\"query-input\":{\"@type\":\"PropertyValueSpecification\",\"valueRequired\":true,\"valueName\":\"search_term_string\"}}],\"inLanguage\":\"pt-BR\"},{\"@type\":\"Organization\",\"@id\":\"https:\/\/www.suno.com.br\/noticias\/#organization\",\"name\":\"Suno Not\u00edcias\",\"url\":\"https:\/\/www.suno.com.br\/noticias\/\",\"logo\":{\"@type\":\"ImageObject\",\"inLanguage\":\"pt-BR\",\"@id\":\"https:\/\/www.suno.com.br\/noticias\/#\/schema\/logo\/image\/\",\"url\":\"https:\/\/files.sunoresearch.com.br\/n\/uploads\/2021\/09\/suno-logo.png\",\"contentUrl\":\"https:\/\/files.sunoresearch.com.br\/n\/uploads\/2021\/09\/suno-logo.png\",\"width\":180,\"height\":180,\"caption\":\"Suno Not\u00edcias\"},\"image\":{\"@id\":\"https:\/\/www.suno.com.br\/noticias\/#\/schema\/logo\/image\/\"},\"sameAs\":[\"https:\/\/facebook.com\/sunoresearch\",\"https:\/\/x.com\/sunoresearch\",\"https:\/\/www.instagram.com\/suno\",\"https:\/\/www.linkedin.com\/company\/suno-research\/\",\"https:\/\/www.youtube.com\/c\/sunoresearch\"]},{\"@type\":\"Person\",\"@id\":\"https:\/\/www.suno.com.br\/noticias\/#\/schema\/person\/e6e0f723cc177805027f4566c1d5e0c8\",\"name\":\"Carlo Cauti\",\"image\":{\"@type\":\"ImageObject\",\"inLanguage\":\"pt-BR\",\"@id\":\"https:\/\/www.suno.com.br\/noticias\/#\/schema\/person\/image\/\",\"url\":\"https:\/\/secure.gravatar.com\/avatar\/3ada9e0bd164c23abd4792a9606d583c?s=96&r=g\",\"contentUrl\":\"https:\/\/secure.gravatar.com\/avatar\/3ada9e0bd164c23abd4792a9606d583c?s=96&r=g\",\"caption\":\"Carlo Cauti\"},\"description\":\"Editor multim\u00eddia do SUNO Not\u00edcias. Italiano, formado em Ci\u00eancias Pol\u00edticas pela universidade LUISS G. Carli de Roma e mestre cum laude em Rela\u00e7\u00f5es Internacionais, Jornalismo Internacional e de Guerra e em Economia Internacional. Concluiu tamb\u00e9m um MBA em Finan\u00e7as na B3. No Brasil, teve passagem por ve\u00edculos como Estad\u00e3o, Globo, Veja e EXAME. e nas ag\u00eancias de not\u00edcias italianas ANSA e NOVA.\",\"url\":\"https:\/\/www.suno.com.br\/noticias\/author\/carlo-cauti\/\"}]}<\/script>\n<!-- \/ Yoast SEO plugin. -->","yoast_head_json":{"title":"GPA aprova venda de fatia na Via Varejo para Michael Klein","description":"O Grupo P\u00e3o de A\u00e7\u00facar (GPA) vender\u00e1 sua participa\u00e7\u00e3o na Via Varejo para\u00a0Michael Klein. Clique aqui para saber mais.","robots":{"index":"index","follow":"follow","max-snippet":"max-snippet:-1","max-image-preview":"max-image-preview:large","max-video-preview":"max-video-preview:-1"},"canonical":"https:\/\/www.suno.com.br\/noticias\/gpa-aprova-venda-via-varejo\/","og_locale":"pt_BR","og_type":"article","og_title":"GPA aprova venda de fatia na Via Varejo para Michael Klein","og_description":"O Grupo P\u00e3o de A\u00e7\u00facar (GPA) vender\u00e1 sua participa\u00e7\u00e3o na Via Varejo para\u00a0Michael Klein. Clique aqui para saber mais.","og_url":"https:\/\/www.suno.com.br\/noticias\/gpa-aprova-venda-via-varejo\/","og_site_name":"Suno Not\u00edcias","article_publisher":"https:\/\/facebook.com\/sunoresearch","og_image":[{"width":646,"height":220,"url":"https:\/\/files.sunoresearch.com.br\/n\/uploads\/2019\/02\/828c4c15-via-varejo.png","type":"image\/png"}],"author":"Carlo Cauti","twitter_card":"summary_large_image","twitter_creator":"@sunoresearch","twitter_site":"@sunoresearch","twitter_misc":{"Escrito por":"Carlo Cauti","Est. tempo de leitura":"4 minutos"},"schema":{"@context":"https:\/\/schema.org","@graph":[{"@type":"NewsArticle","@id":"https:\/\/www.suno.com.br\/noticias\/gpa-aprova-venda-via-varejo\/#article","isPartOf":{"@id":"https:\/\/www.suno.com.br\/noticias\/gpa-aprova-venda-via-varejo\/"},"author":{"name":"Carlo Cauti","@id":"https:\/\/www.suno.com.br\/noticias\/#\/schema\/person\/e6e0f723cc177805027f4566c1d5e0c8"},"headline":"GPA aprova venda de fatia na Via Varejo para Michael Klein","datePublished":"2019-06-12T12:18:41+00:00","dateModified":"2021-02-18T01:30:14+00:00","mainEntityOfPage":{"@id":"https:\/\/www.suno.com.br\/noticias\/gpa-aprova-venda-via-varejo\/"},"wordCount":831,"publisher":{"@id":"https:\/\/www.suno.com.br\/noticias\/#organization"},"image":{"@id":"https:\/\/www.suno.com.br\/noticias\/gpa-aprova-venda-via-varejo\/#primaryimage"},"thumbnailUrl":"https:\/\/files.sunoresearch.com.br\/n\/uploads\/2019\/02\/828c4c15-via-varejo-png.webp","keywords":["A\u00e7\u00f5es","Grupo P\u00e3o de A\u00e7\u00facar (PCAR3\/PCAR4)","Via (VIIA3)"],"articleSection":["Neg\u00f3cios"],"inLanguage":"pt-BR"},{"@type":"WebPage","@id":"https:\/\/www.suno.com.br\/noticias\/gpa-aprova-venda-via-varejo\/","url":"https:\/\/www.suno.com.br\/noticias\/gpa-aprova-venda-via-varejo\/","name":"GPA aprova venda de fatia na Via Varejo para Michael Klein","isPartOf":{"@id":"https:\/\/www.suno.com.br\/noticias\/#website"},"primaryImageOfPage":{"@id":"https:\/\/www.suno.com.br\/noticias\/gpa-aprova-venda-via-varejo\/#primaryimage"},"image":{"@id":"https:\/\/www.suno.com.br\/noticias\/gpa-aprova-venda-via-varejo\/#primaryimage"},"thumbnailUrl":"https:\/\/files.sunoresearch.com.br\/n\/uploads\/2019\/02\/828c4c15-via-varejo-png.webp","datePublished":"2019-06-12T12:18:41+00:00","dateModified":"2021-02-18T01:30:14+00:00","description":"O Grupo P\u00e3o de A\u00e7\u00facar (GPA) vender\u00e1 sua participa\u00e7\u00e3o na Via Varejo para\u00a0Michael Klein. Clique aqui para saber mais.","breadcrumb":{"@id":"https:\/\/www.suno.com.br\/noticias\/gpa-aprova-venda-via-varejo\/#breadcrumb"},"inLanguage":"pt-BR","potentialAction":[{"@type":"ReadAction","target":["https:\/\/www.suno.com.br\/noticias\/gpa-aprova-venda-via-varejo\/"]}]},{"@type":"ImageObject","inLanguage":"pt-BR","@id":"https:\/\/www.suno.com.br\/noticias\/gpa-aprova-venda-via-varejo\/#primaryimage","url":"https:\/\/files.sunoresearch.com.br\/n\/uploads\/2019\/02\/828c4c15-via-varejo-png.webp","contentUrl":"https:\/\/files.sunoresearch.com.br\/n\/uploads\/2019\/02\/828c4c15-via-varejo-png.webp","width":646,"height":220,"caption":"Via Varejo"},{"@type":"BreadcrumbList","@id":"https:\/\/www.suno.com.br\/noticias\/gpa-aprova-venda-via-varejo\/#breadcrumb","itemListElement":[{"@type":"ListItem","position":1,"name":"Not\u00edcias","item":"https:\/\/www.suno.com.br\/noticias\/"},{"@type":"ListItem","position":2,"name":"Neg\u00f3cios","item":"https:\/\/www.suno.com.br\/noticias\/negocios\/"},{"@type":"ListItem","position":3,"name":"GPA aprova venda de fatia na Via Varejo para Michael Klein"}]},{"@type":"WebSite","@id":"https:\/\/www.suno.com.br\/noticias\/#website","url":"https:\/\/www.suno.com.br\/noticias\/","name":"Suno Not\u00edcias","description":"Seu portal de informa\u00e7\u00e3o sobre o mundo dos investimentos","publisher":{"@id":"https:\/\/www.suno.com.br\/noticias\/#organization"},"potentialAction":[{"@type":"SearchAction","target":{"@type":"EntryPoint","urlTemplate":"https:\/\/www.suno.com.br\/noticias\/?s={search_term_string}"},"query-input":{"@type":"PropertyValueSpecification","valueRequired":true,"valueName":"search_term_string"}}],"inLanguage":"pt-BR"},{"@type":"Organization","@id":"https:\/\/www.suno.com.br\/noticias\/#organization","name":"Suno Not\u00edcias","url":"https:\/\/www.suno.com.br\/noticias\/","logo":{"@type":"ImageObject","inLanguage":"pt-BR","@id":"https:\/\/www.suno.com.br\/noticias\/#\/schema\/logo\/image\/","url":"https:\/\/files.sunoresearch.com.br\/n\/uploads\/2021\/09\/suno-logo.png","contentUrl":"https:\/\/files.sunoresearch.com.br\/n\/uploads\/2021\/09\/suno-logo.png","width":180,"height":180,"caption":"Suno Not\u00edcias"},"image":{"@id":"https:\/\/www.suno.com.br\/noticias\/#\/schema\/logo\/image\/"},"sameAs":["https:\/\/facebook.com\/sunoresearch","https:\/\/x.com\/sunoresearch","https:\/\/www.instagram.com\/suno","https:\/\/www.linkedin.com\/company\/suno-research\/","https:\/\/www.youtube.com\/c\/sunoresearch"]},{"@type":"Person","@id":"https:\/\/www.suno.com.br\/noticias\/#\/schema\/person\/e6e0f723cc177805027f4566c1d5e0c8","name":"Carlo Cauti","image":{"@type":"ImageObject","inLanguage":"pt-BR","@id":"https:\/\/www.suno.com.br\/noticias\/#\/schema\/person\/image\/","url":"https:\/\/secure.gravatar.com\/avatar\/3ada9e0bd164c23abd4792a9606d583c?s=96&r=g","contentUrl":"https:\/\/secure.gravatar.com\/avatar\/3ada9e0bd164c23abd4792a9606d583c?s=96&r=g","caption":"Carlo Cauti"},"description":"Editor multim\u00eddia do SUNO Not\u00edcias. Italiano, formado em Ci\u00eancias Pol\u00edticas pela universidade LUISS G. Carli de Roma e mestre cum laude em Rela\u00e7\u00f5es Internacionais, Jornalismo Internacional e de Guerra e em Economia Internacional. Concluiu tamb\u00e9m um MBA em Finan\u00e7as na B3. No Brasil, teve passagem por ve\u00edculos como Estad\u00e3o, Globo, Veja e EXAME. e nas ag\u00eancias de not\u00edcias italianas ANSA e NOVA.","url":"https:\/\/www.suno.com.br\/noticias\/author\/carlo-cauti\/"}]}},"default_loop_html":"<div class=\"cardsPage__listCard__boxs\"><div class=\"cardsPage__listCard__boxs__img\"><a href=\"https:\/\/www.suno.com.br\/noticias\/gpa-aprova-venda-via-varejo\/\"><img class=\"mask\" src=\"https:\/\/www.suno.com.br\/noticias\/wp-content\/themes\/suno\/resources\/images\/spotlight\/spotlight1img\/bg-mask.png\" alt=\"Image Mask\"\/><img src=\"https:\/\/files.sunoresearch.com.br\/n\/uploads\/2019\/02\/828c4c15-via-varejo-400x200.webp\" alt=\"GPA aprova venda de fatia na Via Varejo para Michael Klein\"\/><\/a><span class=\"spotlightCategory\"><a href=\"https:\/\/www.suno.com.br\/noticias\/negocios\/\">Neg\u00f3cios<\/a><\/span><\/div><div class=\"cardsPage__listCard__boxs__content\"><a href=\"https:\/\/www.suno.com.br\/noticias\/gpa-aprova-venda-via-varejo\/\"><h2 class=\"content__title\">GPA aprova venda de fatia na Via Varejo para Michael Klein<\/h2><\/a><div class=\"newsContent__article__meta\"><div class=\"newsContent__article__meta__authorBox\"><a href=\"https:\/\/www.suno.com.br\/noticias\/author\/carlo-cauti\/\" class=\"authorBox__avatar noMobi\"><img src=\"https:\/\/files.sunoresearch.com.br\/n\/uploads\/2020\/08\/e3745f9a-perfil-carlo-cauti-150x150.webp\" alt=\"Carlo Cauti\"><\/a><div class=\"authorBox__name\"><span>por\n\t\t\t<a href=\"https:\/\/www.suno.com.br\/noticias\/author\/carlo-cauti\/\"><span itemprop=\"author\">Carlo Cauti<\/span><\/a><\/span><time datetime=\"2019-06-12T09:18:41-03:00\" itemprop=\"datePublished\">12\/06\/2019 09:18<\/time><\/div><\/div><\/div><\/div><\/div>","single_layout":"posts","amp_enabled":true,"_links":{"self":[{"href":"https:\/\/www.suno.com.br\/noticias\/wp-json\/wp\/v2\/posts\/27916"}],"collection":[{"href":"https:\/\/www.suno.com.br\/noticias\/wp-json\/wp\/v2\/posts"}],"about":[{"href":"https:\/\/www.suno.com.br\/noticias\/wp-json\/wp\/v2\/types\/post"}],"author":[{"embeddable":true,"href":"https:\/\/www.suno.com.br\/noticias\/wp-json\/wp\/v2\/users\/9"}],"replies":[{"embeddable":true,"href":"https:\/\/www.suno.com.br\/noticias\/wp-json\/wp\/v2\/comments?post=27916"}],"version-history":[{"count":0,"href":"https:\/\/www.suno.com.br\/noticias\/wp-json\/wp\/v2\/posts\/27916\/revisions"}],"wp:featuredmedia":[{"embeddable":true,"href":"https:\/\/www.suno.com.br\/noticias\/wp-json\/wp\/v2\/media\/16175"}],"wp:attachment":[{"href":"https:\/\/www.suno.com.br\/noticias\/wp-json\/wp\/v2\/media?parent=27916"}],"wp:term":[{"taxonomy":"category","embeddable":true,"href":"https:\/\/www.suno.com.br\/noticias\/wp-json\/wp\/v2\/categories?post=27916"},{"taxonomy":"post_tag","embeddable":true,"href":"https:\/\/www.suno.com.br\/noticias\/wp-json\/wp\/v2\/tags?post=27916"},{"taxonomy":"suno_strategy","embeddable":true,"href":"https:\/\/www.suno.com.br\/noticias\/wp-json\/wp\/v2\/suno_strategy?post=27916"}],"curies":[{"name":"wp","href":"https:\/\/api.w.org\/{rel}","templated":true}]}}