{"id":27888,"date":"2019-06-11T19:49:21","date_gmt":"2019-06-11T22:49:21","guid":{"rendered":"https:\/\/www.suno.com.br\/noticias\/?p=27888"},"modified":"2019-08-08T18:02:43","modified_gmt":"2019-08-08T21:02:43","slug":"state-grid-reduzir-preco-acao-cpfl","status":"publish","type":"post","link":"https:\/\/www.suno.com.br\/noticias\/state-grid-reduzir-preco-acao-cpfl\/","title":{"rendered":"State Grid teria aceitado reduzir pre\u00e7o da a\u00e7\u00e3o em follow on da CPFL"},"content":{"rendered":"<div>A\u00a0<strong>State Grid<\/strong> teria concordado com a redu\u00e7\u00e3o da faixa de pre\u00e7o das a\u00e7\u00f5es da CPFL Energia (CPFE3). A informa\u00e7\u00e3o foi divulgada nesta ter\u00e7a-feira (11) pelo jornal &#8220;Valor Econ\u00f4mico&#8221;.<\/div>\n<div><\/div>\n<div>Segundo o ve\u00edculo, a State Grid teria aceito um valor entre R$ 27 e R$ 29 na oferta subsequente de a\u00e7\u00f5es da <strong>CPFL.<\/strong>\u00a0 O\u00a0processo de coleta de inten\u00e7\u00f5es de investimentos junto a investidores (\u201cbookbuilding\u201d) termina na quarta-feira (12).<\/div>\n<div><\/div>\n<p><div><a href=\"https:\/\/www.suno.com.br\/noticias\/follow-on-cpfl-preco\/\">Saiba mais: Follow on da CPFL tem demanda abaixo da faixa indicativa de pre\u00e7o\u00a0<\/a><\/div>\n<\/p>\t<div class=\"wrapper-featured-image\">\n\t\t<figure class=\"spotlightImg\">\n\n\t\t\t<picture>\n\t\t\t\t<source media=\"(max-width: 768px)\" srcset=\"https:\/\/files.sunoresearch.com.br\/n\/uploads\/2019\/06\/492a4c33-cpfl-400x200.webp\">\n\t\t\t\t<img loading=\"lazy\" decoding=\"async\" class=\"newsContent__article__imgCapa lazyloadDisabled newsContent__article__imgCapa--noCaption\" src=\"https:\/\/files.sunoresearch.com.br\/n\/uploads\/2019\/06\/492a4c33-cpfl-jpg.webp\" width=\"800\" height=\"450\" alt=\"State Grid teria aceitado reduzir pre\u00e7o da a\u00e7\u00e3o em follow on da CPFL\" fetchpriority=high \/>\n\t\t\t<\/picture>\n\n\t\t\t<figcaption class=\"wp-caption-text wp-caption-text--hide\">CPFL (CPFE3) ir\u00e1 pagar R$ 2 bilh\u00f5es em dividendo no dia 30 deste m\u00eas<\/figcaption>\n\t\t<\/figure>\n\t<\/div>\n\n<div>A\u00a0<strong>State Grid<\/strong> teria concordado com a redu\u00e7\u00e3o da faixa de pre\u00e7o das a\u00e7\u00f5es da CPFL Energia (CPFE3). A informa\u00e7\u00e3o foi divulgada nesta ter\u00e7a-feira (11) pelo jornal &#8220;Valor Econ\u00f4mico&#8221;.<\/div>\n<div><\/div>\n<div>Segundo o ve\u00edculo, a State Grid teria aceito um valor entre R$ 27 e R$ 29 na oferta subsequente de a\u00e7\u00f5es da <strong>CPFL.<\/strong>\u00a0 O\u00a0processo de coleta de inten\u00e7\u00f5es de investimentos junto a investidores (\u201cbookbuilding\u201d) termina na quarta-feira (12).<\/div>\n<div><\/div>\n<p><div><a href=\"https:\/\/www.suno.com.br\/noticias\/follow-on-cpfl-preco\/\">Saiba mais: Follow on da CPFL tem demanda abaixo da faixa indicativa de pre\u00e7o\u00a0<\/a><\/div>\n<\/p>\n<div><\/div>\n<div>Cerca de 116,8 milh\u00f5es de <strong>a\u00e7\u00f5es<\/strong> da subsidi\u00e1ria da<strong> State Grid<\/strong> no Brasil est\u00e3o sendo vendidas nesse follow on. A faixa de pre\u00e7o anterior, apresentada no dia 30 de maio, estava entre R$ 29,30 a R$ 35,30 por a\u00e7\u00e3o.<\/div>\n<div><\/div>\n<div>Na nova faixa de pre\u00e7o, a emiss\u00e3o de 116,8 milh\u00f5es de a\u00e7\u00f5es da <strong>CPFL<\/strong> deve fazer com que a <b>State Grid\u00a0<\/b>arrecade um valor entre R$ 3,15 bilh\u00f5es a R$ 3,4 bilh\u00f5es. A quantia levantada pode subir para R$ 4,25 bilh\u00f5es a R$ 4,5 bilh\u00f5es, ao considerar\u00a0os lotes adicional e suplementar.<\/div>\n<div><\/div>\n<div>\t<p>\n\t\t<a href=\"https:\/\/lp.suno.com.br\/pv\/sr-premium\/trial-1-real\/\" target=\"_blank\" data-element=\"shortcode-suno-banner\" title=\"Banner SUNO, clique e saiba mais\">\n\t\t\t<picture>\n\t\t\t\t<source media=\"(max-width: 500px)\" srcset=\"https:\/\/files.sunoresearch.com.br\/n\/uploads\/2024\/04\/400x300-Banner-Home-2.png\">\n\t\t\t\t<img class=\"newsContent__article__imgCapa newsContent__article__imgCapa--banner\"\n\t\t\t\t\tsrc=\"https:\/\/files.sunoresearch.com.br\/n\/uploads\/2024\/04\/1420x240-Banner-Home-2.png\"\n\t\t\t\t\tdata-promo-id=\"541556\"\t\t\t\t\t\t\t\t\t\twidth='1420' height='240'\t\t\t\t\talt=\"https:\/\/files.sunoresearch.com.br\/n\/uploads\/2024\/04\/1420x240-Banner-Home-2.png\"\n\t\t\t\t>\n\t\t\t<\/picture>\n\t\t<\/a>\n\t<\/p>\n\n<\/div>\n<div><\/div>\n<div>O montante ser\u00e1 utilizado para comprar a participa\u00e7\u00e3o que a <strong>State Grid<\/strong> hoje possui na <strong>CPFL Renov\u00e1veis.<\/strong> A parcela da empresa chinesa na\u00a0el\u00e9trica paulistana \u00e9 de 48,3%, com pre\u00e7o fixado de R$ 16,85, somando cerca de R$ 4,1 bilh\u00f5es.<\/div>\n<div><\/div>\n<div>As a\u00e7\u00f5es da <strong>CPFL<\/strong> terminaram a ter\u00e7a-feira em alta de 0,85%, cotadas em R$ 28,54.<\/div>\n<h2>Investidores pediram mais desconto<\/h2>\n\n<p><a href=\"https:\/\/www.suno.com.br\/noticias\/cpfl-energia-dividendos-lucro-50\/\">Saiba mais: CPFL Energia aprova distribui\u00e7\u00e3o de dividendos de 50% do lucro anual\u00a0<\/a><\/p>\n<p>O mercado estava precificando R$ 27 por cada <strong>a\u00e7\u00e3o<\/strong> da <strong>CPFL.<\/strong> Um valor abaixo da faixa indicativa de pre\u00e7o estabelecida pela empresa. Considerando a corre\u00e7\u00e3o do valor do neg\u00f3cio pelo juro do per\u00edodo, os chineses pagaram mais do que esse valor no momento da compra da companhia de Campinas (SP), h\u00e1 mais de dois anos.<\/p>\n\t<p>\n\t\t<a href=\"https:\/\/lp.suno.com.br\/planilha-da-vida-financeira\/\" target=\"_blank\" data-element=\"shortcode-suno-banner\" title=\"Banner SUNO, clique e saiba mais\">\n\t\t\t<picture>\n\t\t\t\t<source media=\"(max-width: 500px)\" srcset=\"https:\/\/files.sunoresearch.com.br\/n\/uploads\/2023\/04\/400x300-Planilha-vida-financeira-true.png\">\n\t\t\t\t<img class=\"newsContent__article__imgCapa newsContent__article__imgCapa--banner\"\n\t\t\t\t\tsrc=\"https:\/\/files.sunoresearch.com.br\/n\/uploads\/2023\/04\/1420x240-Planilha-vida-financeira-true.png\"\n\t\t\t\t\tdata-promo-id=\"106682\"\t\t\t\t\t\t\t\t\t\twidth='1420' height='240'\t\t\t\t\talt=\"https:\/\/files.sunoresearch.com.br\/n\/uploads\/2023\/04\/1420x240-Planilha-vida-financeira-true.png\"\n\t\t\t\t>\n\t\t\t<\/picture>\n\t\t<\/a>\n\t<\/p>\n\n\n<p>A el\u00e9trica possui um\u00a0<a href=\"https:\/\/www.suno.com.br\/artigos\/valor-de-mercado\/\"><strong>valor de mercado<\/strong><\/a> estimado em R$ 30 bilh\u00f5es.<\/p>\n<h2>Empresa apresenta lucro l\u00edquido em alta<\/h2>\n<p>A <strong>CPFL<\/strong> Energia apresentou<strong> <a href=\"https:\/\/www.suno.com.br\/artigos\/lucro-liquido\/\">lucro l\u00edquido<\/a> <\/strong>de R$ 570 milh\u00f5es no primeiro trimestre de 2019. Sobre o mesmo per\u00edodo de 2018, quando o lucro tinha sido de R$ 419 milh\u00f5es, a alta foi de <strong>36%<\/strong>. O\u00a0<a href=\"https:\/\/www.suno.com.br\/artigos\/ebitda\/\">Earnings Before Interest, Taxes, Depreciation and Amortization<\/a> (<strong>Ebitda<\/strong>) dos tr\u00eas primeiros meses deste ano foi de R$ 1,531 bilh\u00e3o, alta de 12,1% na compara\u00e7\u00e3o entre janeiro e mar\u00e7o do ano passado, quando o Ebitda foi de R$ 1,366 bilh\u00e3o.<\/p>\n\t<p>\n\t\t<a href=\"https:\/\/www.seculus.com.br\/blackfriday\" target=\"_blank\" data-element=\"shortcode-suno-banner\" title=\"Banner SUNO, clique e saiba mais\">\n\t\t\t<picture>\n\t\t\t\t<source media=\"(max-width: 500px)\" srcset=\"https:\/\/files.sunoresearch.com.br\/n\/uploads\/2023\/11\/seculus_suno_mobile_1.jpg\">\n\t\t\t\t<img class=\"newsContent__article__imgCapa newsContent__article__imgCapa--banner\"\n\t\t\t\t\tsrc=\"https:\/\/files.sunoresearch.com.br\/n\/uploads\/2023\/11\/seculus_suno_desktop_1.jpg\"\n\t\t\t\t\tdata-promo-id=\"474122\"\t\t\t\t\t\t\t\t\t\twidth='1420' height='240'\t\t\t\t\talt=\"https:\/\/files.sunoresearch.com.br\/n\/uploads\/2023\/11\/seculus_suno_desktop_1.jpg\"\n\t\t\t\t>\n\t\t\t<\/picture>\n\t\t<\/a>\n\t<\/p>\n\n\n<p>A<strong> <a href=\"https:\/\/www.suno.com.br\/artigos\/receita-bruta\/\">receita operacional bruta<\/a> <\/strong>da companhia foi de R$ 10,788 bilh\u00f5es no primeiro trimestre de 2019. Ao passo que a<strong> <a href=\"https:\/\/www.suno.com.br\/artigos\/receita-liquida\/\">receita operacional l\u00edquida<\/a><\/strong> foi de R$\u00a07,127 bilh\u00f5es em igual per\u00edodo.<\/p>\n<p><a href=\"https:\/\/www.suno.com.br\/noticias\/cpfl-energia-lucro-36-maior\/\">Saiba mais: CPFL Energia tem lucro l\u00edquido 36% maior e Ebitda de R$ 1,531 bilh\u00e3o\u00a0<\/a><\/p>\n<p>Ante o mesmo trimestre de 2018 a alta foi de:<\/p>\n<ul>\n<li>11,9% sobre R$ 9,637 bilh\u00f5es\u00a0na <strong>receita operacional bruta<\/strong>;<\/li>\n<li>e 11,8% sobre 6,375 bilh\u00f5es, na\u00a0<strong>receitas operacional<\/strong>\u00a0<strong>l\u00edquida<\/strong>.<\/li>\n<\/ul>\n<p>&#8220;Seguimos trabalhando em iniciativas de valor e em nosso plano de investimentos (cerca de R$ 11,9 bilh\u00f5es para os pr\u00f3ximos cinco anos, sendo R$ 2,2 bilh\u00f5es para 2019), com disciplina financeira, empenho e comprometimento de nossas equipes. Investimos R$ 445 milh\u00f5es no 1T19&#8221;, afirmou em comunicado o CEO da <strong>CPFL Energia<\/strong>, Gustavo Estrella.<\/p>\n\t<p>\n\t\t<a href=\"https:\/\/lp.suno.com.br\/pv\/sr-premium\/trial-1-real\/\" target=\"_blank\" data-element=\"shortcode-suno-banner\" title=\"Banner SUNO, clique e saiba mais\">\n\t\t\t<picture>\n\t\t\t\t<source media=\"(max-width: 500px)\" srcset=\"https:\/\/files.sunoresearch.com.br\/n\/uploads\/2024\/04\/400x300-Banner-Home-2.png\">\n\t\t\t\t<img class=\"newsContent__article__imgCapa newsContent__article__imgCapa--banner\"\n\t\t\t\t\tsrc=\"https:\/\/files.sunoresearch.com.br\/n\/uploads\/2024\/04\/1420x240-Banner-Home-2.png\"\n\t\t\t\t\tdata-promo-id=\"541556\"\t\t\t\t\t\t\t\t\t\twidth='1420' height='240'\t\t\t\t\talt=\"https:\/\/files.sunoresearch.com.br\/n\/uploads\/2024\/04\/1420x240-Banner-Home-2.png\"\n\t\t\t\t>\n\t\t\t<\/picture>\n\t\t<\/a>\n\t<\/p>\n\n\n<p>&#8220;A administra\u00e7\u00e3o da CPFL segue otimista em rela\u00e7\u00e3o aos avan\u00e7os do <strong>setor el\u00e9trico brasileiro<\/strong>. E continua confiante em sua plataforma de neg\u00f3cios, cada vez mais preparada e bem posicionada para enfrentar os desafios e oportunidades no pa\u00eds&#8221;, completou o presidente da companhia afirmando as expectativas da <strong>CPFL<\/strong> Energia para 2019.<\/p>\n<h2>CPFL Energia deve distribuir dividendos<\/h2>\n<p>No final de maio, o Conselho de Administra\u00e7\u00e3o da <strong>CPFL<\/strong> Energia anunciou a aprova\u00e7\u00e3o da ado\u00e7\u00e3o de uma pol\u00edtica de distribui\u00e7\u00e3o de<strong>\u00a0<a href=\"https:\/\/www.suno.com.br\/dividendos\/\">dividendos<\/a><\/strong>.<\/p>\n<p><a href=\"https:\/\/www.suno.com.br\/noticias\/cpfl-energia-renovaveis-compra\/\">Saiba mais: CPFL Energia negocia com a State Grid a compra da CPFL Renov\u00e1veis\u00a0<\/a><\/p>\n<p>De acordo com a empresa, no m\u00ednimo 50% do<strong> <a href=\"https:\/\/www.suno.com.br\/artigos\/lucro-liquido\/\">lucro l\u00edquido<\/a> ajustado<\/strong> deve ser repassado aos acionistas na forma de <strong><a href=\"https:\/\/www.suno.com.br\/artigos\/dividendos\/\">dividendos<\/a><\/strong> anualmente.<\/p>\n<p>A companhia de energia tamb\u00e9m informou que a pol\u00edtica de <strong>dividendos<\/strong> &#8220;estabelece os fatores que influenciar\u00e3o nos valores das distribui\u00e7\u00f5es, dentre os quais destacam-se:<\/p>\n<ul>\n<li>a condi\u00e7\u00e3o financeira da <a href=\"https:\/\/www.suno.com.br\/artigos\/sociedade-anonima\/\">sociedade an\u00f4nima<\/a>;<\/li>\n<li>suas perspectivas futuras;<\/li>\n<li>as condi\u00e7\u00f5es macroecon\u00f4micas;<\/li>\n<li>revis\u00f5es e reajustes tarif\u00e1rios;<\/li>\n<li>mudan\u00e7as regulat\u00f3rias;<\/li>\n<li>e a estrat\u00e9gia de crescimento da <strong>CPFL<\/strong> Energia&#8221;.<\/li>\n<\/ul>\n","protected":false},"excerpt":{"rendered":"<p>A\u00a0State Grid teria concordado com a redu\u00e7\u00e3o da faixa de pre\u00e7o das a\u00e7\u00f5es da CPFL Energia (CPFE3). A informa\u00e7\u00e3o foi divulgada nesta ter\u00e7a-feira (11) pelo jornal &#8220;Valor Econ\u00f4mico&#8221;. Segundo o ve\u00edculo, a State Grid teria aceito um valor entre R$ 27 e R$ 29 na oferta subsequente de a\u00e7\u00f5es da CPFL.\u00a0 O\u00a0processo de coleta de [&hellip;]<\/p>\n","protected":false},"author":9,"featured_media":27894,"comment_status":"closed","ping_status":"closed","sticky":false,"template":"","format":"standard","meta":[],"categories":[64],"tags":[436,1269,1401],"suno_strategy":[],"class_list":["post-27888","post","type-post","status-publish","format-standard","has-post-thumbnail","hentry","category-negocios","tag-cpfl-cpfe3","tag-cpfl-renovaveis-cpre3","tag-state-grid"],"yoast_head":"<!-- This site is optimized with the Yoast SEO plugin v24.4 - https:\/\/yoast.com\/wordpress\/plugins\/seo\/ -->\n<title>State Grid teria aceitado reduzir pre\u00e7o da a\u00e7\u00e3o em follow on da CPFL<\/title>\n<meta name=\"description\" content=\"A\u00a0State Grid teria concordado com a redu\u00e7\u00e3o da faixa de pre\u00e7o das a\u00e7\u00f5es da CPFL Energia em seu follow on. Clique aqui para saber mais.\" \/>\n<meta name=\"robots\" content=\"index, follow, max-snippet:-1, max-image-preview:large, max-video-preview:-1\" \/>\n<link rel=\"canonical\" href=\"https:\/\/www.suno.com.br\/noticias\/state-grid-reduzir-preco-acao-cpfl\/\" \/>\n<meta property=\"og:locale\" content=\"pt_BR\" \/>\n<meta property=\"og:type\" content=\"article\" \/>\n<meta property=\"og:title\" content=\"State Grid teria aceitado reduzir pre\u00e7o da a\u00e7\u00e3o em follow on da CPFL\" \/>\n<meta property=\"og:description\" content=\"A\u00a0State Grid teria concordado com a redu\u00e7\u00e3o da faixa de pre\u00e7o das a\u00e7\u00f5es da CPFL Energia em seu follow on. Clique aqui para saber mais.\" \/>\n<meta property=\"og:url\" content=\"https:\/\/www.suno.com.br\/noticias\/state-grid-reduzir-preco-acao-cpfl\/\" \/>\n<meta property=\"og:site_name\" content=\"Suno Not\u00edcias\" \/>\n<meta property=\"article:publisher\" content=\"https:\/\/facebook.com\/sunoresearch\" \/>\n<meta property=\"og:image\" content=\"https:\/\/files.sunoresearch.com.br\/n\/uploads\/2019\/06\/492a4c33-cpfl.jpg\" \/>\n\t<meta property=\"og:image:width\" content=\"750\" \/>\n\t<meta property=\"og:image:height\" content=\"536\" \/>\n\t<meta property=\"og:image:type\" content=\"image\/jpeg\" \/>\n<meta name=\"author\" content=\"Carlo Cauti\" \/>\n<meta name=\"twitter:card\" content=\"summary_large_image\" \/>\n<meta name=\"twitter:creator\" content=\"@sunoresearch\" \/>\n<meta name=\"twitter:site\" content=\"@sunoresearch\" \/>\n<meta name=\"twitter:label1\" content=\"Escrito por\" \/>\n\t<meta name=\"twitter:data1\" content=\"Carlo Cauti\" \/>\n\t<meta name=\"twitter:label2\" content=\"Est. tempo de leitura\" \/>\n\t<meta name=\"twitter:data2\" content=\"4 minutos\" \/>\n<script type=\"application\/ld+json\" class=\"yoast-schema-graph\">{\"@context\":\"https:\/\/schema.org\",\"@graph\":[{\"@type\":\"NewsArticle\",\"@id\":\"https:\/\/www.suno.com.br\/noticias\/state-grid-reduzir-preco-acao-cpfl\/#article\",\"isPartOf\":{\"@id\":\"https:\/\/www.suno.com.br\/noticias\/state-grid-reduzir-preco-acao-cpfl\/\"},\"author\":{\"name\":\"Carlo Cauti\",\"@id\":\"https:\/\/www.suno.com.br\/noticias\/#\/schema\/person\/e6e0f723cc177805027f4566c1d5e0c8\"},\"headline\":\"State Grid teria aceitado reduzir pre\u00e7o da a\u00e7\u00e3o em follow on da CPFL\",\"datePublished\":\"2019-06-11T22:49:21+00:00\",\"dateModified\":\"2019-08-08T21:02:43+00:00\",\"mainEntityOfPage\":{\"@id\":\"https:\/\/www.suno.com.br\/noticias\/state-grid-reduzir-preco-acao-cpfl\/\"},\"wordCount\":791,\"publisher\":{\"@id\":\"https:\/\/www.suno.com.br\/noticias\/#organization\"},\"image\":{\"@id\":\"https:\/\/www.suno.com.br\/noticias\/state-grid-reduzir-preco-acao-cpfl\/#primaryimage\"},\"thumbnailUrl\":\"https:\/\/files.sunoresearch.com.br\/n\/uploads\/2019\/06\/492a4c33-cpfl-jpg.webp\",\"keywords\":[\"CPFL (CPFE3)\",\"CPFL Renov\u00e1veis (CPRE3)\",\"State Grid\"],\"articleSection\":[\"Neg\u00f3cios\"],\"inLanguage\":\"pt-BR\"},{\"@type\":\"WebPage\",\"@id\":\"https:\/\/www.suno.com.br\/noticias\/state-grid-reduzir-preco-acao-cpfl\/\",\"url\":\"https:\/\/www.suno.com.br\/noticias\/state-grid-reduzir-preco-acao-cpfl\/\",\"name\":\"State Grid teria aceitado reduzir pre\u00e7o da a\u00e7\u00e3o em follow on da CPFL\",\"isPartOf\":{\"@id\":\"https:\/\/www.suno.com.br\/noticias\/#website\"},\"primaryImageOfPage\":{\"@id\":\"https:\/\/www.suno.com.br\/noticias\/state-grid-reduzir-preco-acao-cpfl\/#primaryimage\"},\"image\":{\"@id\":\"https:\/\/www.suno.com.br\/noticias\/state-grid-reduzir-preco-acao-cpfl\/#primaryimage\"},\"thumbnailUrl\":\"https:\/\/files.sunoresearch.com.br\/n\/uploads\/2019\/06\/492a4c33-cpfl-jpg.webp\",\"datePublished\":\"2019-06-11T22:49:21+00:00\",\"dateModified\":\"2019-08-08T21:02:43+00:00\",\"description\":\"A\u00a0State Grid teria concordado com a redu\u00e7\u00e3o da faixa de pre\u00e7o das a\u00e7\u00f5es da CPFL Energia em seu follow on. Clique aqui para saber mais.\",\"breadcrumb\":{\"@id\":\"https:\/\/www.suno.com.br\/noticias\/state-grid-reduzir-preco-acao-cpfl\/#breadcrumb\"},\"inLanguage\":\"pt-BR\",\"potentialAction\":[{\"@type\":\"ReadAction\",\"target\":[\"https:\/\/www.suno.com.br\/noticias\/state-grid-reduzir-preco-acao-cpfl\/\"]}]},{\"@type\":\"ImageObject\",\"inLanguage\":\"pt-BR\",\"@id\":\"https:\/\/www.suno.com.br\/noticias\/state-grid-reduzir-preco-acao-cpfl\/#primaryimage\",\"url\":\"https:\/\/files.sunoresearch.com.br\/n\/uploads\/2019\/06\/492a4c33-cpfl-jpg.webp\",\"contentUrl\":\"https:\/\/files.sunoresearch.com.br\/n\/uploads\/2019\/06\/492a4c33-cpfl-jpg.webp\",\"width\":750,\"height\":536,\"caption\":\"CPFL (CPFE3) ir\u00e1 pagar R$ 2 bilh\u00f5es em dividendo no dia 30 deste m\u00eas\"},{\"@type\":\"BreadcrumbList\",\"@id\":\"https:\/\/www.suno.com.br\/noticias\/state-grid-reduzir-preco-acao-cpfl\/#breadcrumb\",\"itemListElement\":[{\"@type\":\"ListItem\",\"position\":1,\"name\":\"Not\u00edcias\",\"item\":\"https:\/\/www.suno.com.br\/noticias\/\"},{\"@type\":\"ListItem\",\"position\":2,\"name\":\"Mercado Financeiro\",\"item\":\"https:\/\/www.suno.com.br\/noticias\/uncategorized\/\"},{\"@type\":\"ListItem\",\"position\":3,\"name\":\"State Grid teria aceitado reduzir pre\u00e7o da a\u00e7\u00e3o em follow on da CPFL\"}]},{\"@type\":\"WebSite\",\"@id\":\"https:\/\/www.suno.com.br\/noticias\/#website\",\"url\":\"https:\/\/www.suno.com.br\/noticias\/\",\"name\":\"Suno Not\u00edcias\",\"description\":\"Seu portal de informa\u00e7\u00e3o sobre o mundo dos investimentos\",\"publisher\":{\"@id\":\"https:\/\/www.suno.com.br\/noticias\/#organization\"},\"potentialAction\":[{\"@type\":\"SearchAction\",\"target\":{\"@type\":\"EntryPoint\",\"urlTemplate\":\"https:\/\/www.suno.com.br\/noticias\/?s={search_term_string}\"},\"query-input\":{\"@type\":\"PropertyValueSpecification\",\"valueRequired\":true,\"valueName\":\"search_term_string\"}}],\"inLanguage\":\"pt-BR\"},{\"@type\":\"Organization\",\"@id\":\"https:\/\/www.suno.com.br\/noticias\/#organization\",\"name\":\"Suno Not\u00edcias\",\"url\":\"https:\/\/www.suno.com.br\/noticias\/\",\"logo\":{\"@type\":\"ImageObject\",\"inLanguage\":\"pt-BR\",\"@id\":\"https:\/\/www.suno.com.br\/noticias\/#\/schema\/logo\/image\/\",\"url\":\"https:\/\/files.sunoresearch.com.br\/n\/uploads\/2021\/09\/suno-logo.png\",\"contentUrl\":\"https:\/\/files.sunoresearch.com.br\/n\/uploads\/2021\/09\/suno-logo.png\",\"width\":180,\"height\":180,\"caption\":\"Suno Not\u00edcias\"},\"image\":{\"@id\":\"https:\/\/www.suno.com.br\/noticias\/#\/schema\/logo\/image\/\"},\"sameAs\":[\"https:\/\/facebook.com\/sunoresearch\",\"https:\/\/x.com\/sunoresearch\",\"https:\/\/www.instagram.com\/suno\",\"https:\/\/www.linkedin.com\/company\/suno-research\/\",\"https:\/\/www.youtube.com\/c\/sunoresearch\"]},{\"@type\":\"Person\",\"@id\":\"https:\/\/www.suno.com.br\/noticias\/#\/schema\/person\/e6e0f723cc177805027f4566c1d5e0c8\",\"name\":\"Carlo Cauti\",\"image\":{\"@type\":\"ImageObject\",\"inLanguage\":\"pt-BR\",\"@id\":\"https:\/\/www.suno.com.br\/noticias\/#\/schema\/person\/image\/\",\"url\":\"https:\/\/secure.gravatar.com\/avatar\/3ada9e0bd164c23abd4792a9606d583c?s=96&r=g\",\"contentUrl\":\"https:\/\/secure.gravatar.com\/avatar\/3ada9e0bd164c23abd4792a9606d583c?s=96&r=g\",\"caption\":\"Carlo Cauti\"},\"description\":\"Editor multim\u00eddia do SUNO Not\u00edcias. Italiano, formado em Ci\u00eancias Pol\u00edticas pela universidade LUISS G. Carli de Roma e mestre cum laude em Rela\u00e7\u00f5es Internacionais, Jornalismo Internacional e de Guerra e em Economia Internacional. Concluiu tamb\u00e9m um MBA em Finan\u00e7as na B3. No Brasil, teve passagem por ve\u00edculos como Estad\u00e3o, Globo, Veja e EXAME. e nas ag\u00eancias de not\u00edcias italianas ANSA e NOVA.\",\"url\":\"https:\/\/www.suno.com.br\/noticias\/author\/carlo-cauti\/\"}]}<\/script>\n<!-- \/ Yoast SEO plugin. -->","yoast_head_json":{"title":"State Grid teria aceitado reduzir pre\u00e7o da a\u00e7\u00e3o em follow on da CPFL","description":"A\u00a0State Grid teria concordado com a redu\u00e7\u00e3o da faixa de pre\u00e7o das a\u00e7\u00f5es da CPFL Energia em seu follow on. Clique aqui para saber mais.","robots":{"index":"index","follow":"follow","max-snippet":"max-snippet:-1","max-image-preview":"max-image-preview:large","max-video-preview":"max-video-preview:-1"},"canonical":"https:\/\/www.suno.com.br\/noticias\/state-grid-reduzir-preco-acao-cpfl\/","og_locale":"pt_BR","og_type":"article","og_title":"State Grid teria aceitado reduzir pre\u00e7o da a\u00e7\u00e3o em follow on da CPFL","og_description":"A\u00a0State Grid teria concordado com a redu\u00e7\u00e3o da faixa de pre\u00e7o das a\u00e7\u00f5es da CPFL Energia em seu follow on. Clique aqui para saber mais.","og_url":"https:\/\/www.suno.com.br\/noticias\/state-grid-reduzir-preco-acao-cpfl\/","og_site_name":"Suno Not\u00edcias","article_publisher":"https:\/\/facebook.com\/sunoresearch","og_image":[{"width":750,"height":536,"url":"https:\/\/files.sunoresearch.com.br\/n\/uploads\/2019\/06\/492a4c33-cpfl.jpg","type":"image\/jpeg"}],"author":"Carlo Cauti","twitter_card":"summary_large_image","twitter_creator":"@sunoresearch","twitter_site":"@sunoresearch","twitter_misc":{"Escrito por":"Carlo Cauti","Est. tempo de leitura":"4 minutos"},"schema":{"@context":"https:\/\/schema.org","@graph":[{"@type":"NewsArticle","@id":"https:\/\/www.suno.com.br\/noticias\/state-grid-reduzir-preco-acao-cpfl\/#article","isPartOf":{"@id":"https:\/\/www.suno.com.br\/noticias\/state-grid-reduzir-preco-acao-cpfl\/"},"author":{"name":"Carlo Cauti","@id":"https:\/\/www.suno.com.br\/noticias\/#\/schema\/person\/e6e0f723cc177805027f4566c1d5e0c8"},"headline":"State Grid teria aceitado reduzir pre\u00e7o da a\u00e7\u00e3o em follow on da CPFL","datePublished":"2019-06-11T22:49:21+00:00","dateModified":"2019-08-08T21:02:43+00:00","mainEntityOfPage":{"@id":"https:\/\/www.suno.com.br\/noticias\/state-grid-reduzir-preco-acao-cpfl\/"},"wordCount":791,"publisher":{"@id":"https:\/\/www.suno.com.br\/noticias\/#organization"},"image":{"@id":"https:\/\/www.suno.com.br\/noticias\/state-grid-reduzir-preco-acao-cpfl\/#primaryimage"},"thumbnailUrl":"https:\/\/files.sunoresearch.com.br\/n\/uploads\/2019\/06\/492a4c33-cpfl-jpg.webp","keywords":["CPFL (CPFE3)","CPFL Renov\u00e1veis (CPRE3)","State Grid"],"articleSection":["Neg\u00f3cios"],"inLanguage":"pt-BR"},{"@type":"WebPage","@id":"https:\/\/www.suno.com.br\/noticias\/state-grid-reduzir-preco-acao-cpfl\/","url":"https:\/\/www.suno.com.br\/noticias\/state-grid-reduzir-preco-acao-cpfl\/","name":"State Grid teria aceitado reduzir pre\u00e7o da a\u00e7\u00e3o em follow on da CPFL","isPartOf":{"@id":"https:\/\/www.suno.com.br\/noticias\/#website"},"primaryImageOfPage":{"@id":"https:\/\/www.suno.com.br\/noticias\/state-grid-reduzir-preco-acao-cpfl\/#primaryimage"},"image":{"@id":"https:\/\/www.suno.com.br\/noticias\/state-grid-reduzir-preco-acao-cpfl\/#primaryimage"},"thumbnailUrl":"https:\/\/files.sunoresearch.com.br\/n\/uploads\/2019\/06\/492a4c33-cpfl-jpg.webp","datePublished":"2019-06-11T22:49:21+00:00","dateModified":"2019-08-08T21:02:43+00:00","description":"A\u00a0State Grid teria concordado com a redu\u00e7\u00e3o da faixa de pre\u00e7o das a\u00e7\u00f5es da CPFL Energia em seu follow on. Clique aqui para saber mais.","breadcrumb":{"@id":"https:\/\/www.suno.com.br\/noticias\/state-grid-reduzir-preco-acao-cpfl\/#breadcrumb"},"inLanguage":"pt-BR","potentialAction":[{"@type":"ReadAction","target":["https:\/\/www.suno.com.br\/noticias\/state-grid-reduzir-preco-acao-cpfl\/"]}]},{"@type":"ImageObject","inLanguage":"pt-BR","@id":"https:\/\/www.suno.com.br\/noticias\/state-grid-reduzir-preco-acao-cpfl\/#primaryimage","url":"https:\/\/files.sunoresearch.com.br\/n\/uploads\/2019\/06\/492a4c33-cpfl-jpg.webp","contentUrl":"https:\/\/files.sunoresearch.com.br\/n\/uploads\/2019\/06\/492a4c33-cpfl-jpg.webp","width":750,"height":536,"caption":"CPFL (CPFE3) ir\u00e1 pagar R$ 2 bilh\u00f5es em dividendo no dia 30 deste m\u00eas"},{"@type":"BreadcrumbList","@id":"https:\/\/www.suno.com.br\/noticias\/state-grid-reduzir-preco-acao-cpfl\/#breadcrumb","itemListElement":[{"@type":"ListItem","position":1,"name":"Not\u00edcias","item":"https:\/\/www.suno.com.br\/noticias\/"},{"@type":"ListItem","position":2,"name":"Mercado Financeiro","item":"https:\/\/www.suno.com.br\/noticias\/uncategorized\/"},{"@type":"ListItem","position":3,"name":"State Grid teria aceitado reduzir pre\u00e7o da a\u00e7\u00e3o em follow on da CPFL"}]},{"@type":"WebSite","@id":"https:\/\/www.suno.com.br\/noticias\/#website","url":"https:\/\/www.suno.com.br\/noticias\/","name":"Suno Not\u00edcias","description":"Seu portal de informa\u00e7\u00e3o sobre o mundo dos investimentos","publisher":{"@id":"https:\/\/www.suno.com.br\/noticias\/#organization"},"potentialAction":[{"@type":"SearchAction","target":{"@type":"EntryPoint","urlTemplate":"https:\/\/www.suno.com.br\/noticias\/?s={search_term_string}"},"query-input":{"@type":"PropertyValueSpecification","valueRequired":true,"valueName":"search_term_string"}}],"inLanguage":"pt-BR"},{"@type":"Organization","@id":"https:\/\/www.suno.com.br\/noticias\/#organization","name":"Suno Not\u00edcias","url":"https:\/\/www.suno.com.br\/noticias\/","logo":{"@type":"ImageObject","inLanguage":"pt-BR","@id":"https:\/\/www.suno.com.br\/noticias\/#\/schema\/logo\/image\/","url":"https:\/\/files.sunoresearch.com.br\/n\/uploads\/2021\/09\/suno-logo.png","contentUrl":"https:\/\/files.sunoresearch.com.br\/n\/uploads\/2021\/09\/suno-logo.png","width":180,"height":180,"caption":"Suno Not\u00edcias"},"image":{"@id":"https:\/\/www.suno.com.br\/noticias\/#\/schema\/logo\/image\/"},"sameAs":["https:\/\/facebook.com\/sunoresearch","https:\/\/x.com\/sunoresearch","https:\/\/www.instagram.com\/suno","https:\/\/www.linkedin.com\/company\/suno-research\/","https:\/\/www.youtube.com\/c\/sunoresearch"]},{"@type":"Person","@id":"https:\/\/www.suno.com.br\/noticias\/#\/schema\/person\/e6e0f723cc177805027f4566c1d5e0c8","name":"Carlo Cauti","image":{"@type":"ImageObject","inLanguage":"pt-BR","@id":"https:\/\/www.suno.com.br\/noticias\/#\/schema\/person\/image\/","url":"https:\/\/secure.gravatar.com\/avatar\/3ada9e0bd164c23abd4792a9606d583c?s=96&r=g","contentUrl":"https:\/\/secure.gravatar.com\/avatar\/3ada9e0bd164c23abd4792a9606d583c?s=96&r=g","caption":"Carlo Cauti"},"description":"Editor multim\u00eddia do SUNO Not\u00edcias. Italiano, formado em Ci\u00eancias Pol\u00edticas pela universidade LUISS G. Carli de Roma e mestre cum laude em Rela\u00e7\u00f5es Internacionais, Jornalismo Internacional e de Guerra e em Economia Internacional. Concluiu tamb\u00e9m um MBA em Finan\u00e7as na B3. No Brasil, teve passagem por ve\u00edculos como Estad\u00e3o, Globo, Veja e EXAME. e nas ag\u00eancias de not\u00edcias italianas ANSA e NOVA.","url":"https:\/\/www.suno.com.br\/noticias\/author\/carlo-cauti\/"}]}},"default_loop_html":"<div class=\"cardsPage__listCard__boxs\"><div class=\"cardsPage__listCard__boxs__img\"><a href=\"https:\/\/www.suno.com.br\/noticias\/state-grid-reduzir-preco-acao-cpfl\/\"><img class=\"mask\" src=\"https:\/\/www.suno.com.br\/noticias\/wp-content\/themes\/suno\/resources\/images\/spotlight\/spotlight1img\/bg-mask.png\" alt=\"Image Mask\"\/><img src=\"https:\/\/files.sunoresearch.com.br\/n\/uploads\/2019\/06\/492a4c33-cpfl-400x200.webp\" alt=\"State Grid teria aceitado reduzir pre\u00e7o da a\u00e7\u00e3o em follow on da CPFL\"\/><\/a><span class=\"spotlightCategory\"><a href=\"https:\/\/www.suno.com.br\/noticias\/negocios\/\">Neg\u00f3cios<\/a><\/span><\/div><div class=\"cardsPage__listCard__boxs__content\"><a href=\"https:\/\/www.suno.com.br\/noticias\/state-grid-reduzir-preco-acao-cpfl\/\"><h2 class=\"content__title\">State Grid teria aceitado reduzir pre\u00e7o da a\u00e7\u00e3o em follow on da CPFL<\/h2><\/a><div class=\"newsContent__article__meta\"><div class=\"newsContent__article__meta__authorBox\"><a href=\"https:\/\/www.suno.com.br\/noticias\/author\/carlo-cauti\/\" class=\"authorBox__avatar noMobi\"><img src=\"https:\/\/files.sunoresearch.com.br\/n\/uploads\/2020\/08\/e3745f9a-perfil-carlo-cauti-150x150.webp\" alt=\"Carlo Cauti\"><\/a><div class=\"authorBox__name\"><span>por\n\t\t\t<a href=\"https:\/\/www.suno.com.br\/noticias\/author\/carlo-cauti\/\"><span itemprop=\"author\">Carlo Cauti<\/span><\/a><\/span><time datetime=\"2019-06-11T19:49:21-03:00\" itemprop=\"datePublished\">11\/06\/2019 19:49<\/time><\/div><\/div><\/div><\/div><\/div>","single_layout":"posts","amp_enabled":true,"_links":{"self":[{"href":"https:\/\/www.suno.com.br\/noticias\/wp-json\/wp\/v2\/posts\/27888"}],"collection":[{"href":"https:\/\/www.suno.com.br\/noticias\/wp-json\/wp\/v2\/posts"}],"about":[{"href":"https:\/\/www.suno.com.br\/noticias\/wp-json\/wp\/v2\/types\/post"}],"author":[{"embeddable":true,"href":"https:\/\/www.suno.com.br\/noticias\/wp-json\/wp\/v2\/users\/9"}],"replies":[{"embeddable":true,"href":"https:\/\/www.suno.com.br\/noticias\/wp-json\/wp\/v2\/comments?post=27888"}],"version-history":[{"count":0,"href":"https:\/\/www.suno.com.br\/noticias\/wp-json\/wp\/v2\/posts\/27888\/revisions"}],"wp:featuredmedia":[{"embeddable":true,"href":"https:\/\/www.suno.com.br\/noticias\/wp-json\/wp\/v2\/media\/27894"}],"wp:attachment":[{"href":"https:\/\/www.suno.com.br\/noticias\/wp-json\/wp\/v2\/media?parent=27888"}],"wp:term":[{"taxonomy":"category","embeddable":true,"href":"https:\/\/www.suno.com.br\/noticias\/wp-json\/wp\/v2\/categories?post=27888"},{"taxonomy":"post_tag","embeddable":true,"href":"https:\/\/www.suno.com.br\/noticias\/wp-json\/wp\/v2\/tags?post=27888"},{"taxonomy":"suno_strategy","embeddable":true,"href":"https:\/\/www.suno.com.br\/noticias\/wp-json\/wp\/v2\/suno_strategy?post=27888"}],"curies":[{"name":"wp","href":"https:\/\/api.w.org\/{rel}","templated":true}]}}