{"id":278864,"date":"2022-07-26T21:03:11","date_gmt":"2022-07-27T00:03:11","guid":{"rendered":"https:\/\/www.suno.com.br\/noticias\/?p=278864"},"modified":"2022-07-26T21:03:11","modified_gmt":"2022-07-27T00:03:11","slug":"qualicorp-qual3-cai-setor-saude-acompanha-entenda","status":"publish","type":"post","link":"https:\/\/www.suno.com.br\/noticias\/qualicorp-qual3-cai-setor-saude-acompanha-entenda\/","title":{"rendered":"Qualicorp (QUAL3) cai 8,1% e setor de sa\u00fade segue; entenda por qu\u00ea"},"content":{"rendered":"<p>A <a class=\"suno-keyword\" href=\"https:\/\/www.suno.com.br\/acoes\/QUAL3\/\" target=\"_blank\" rel=\"noopener\" data-force=\"yes\" data-priority=\"2\"><strong>Qualicorp<\/strong> (QUAL3)<\/a> liderou as maiores quedas do Ibovespa nesta ter\u00e7a-feira (26), com -8,10%, cotada a R$ 9,19. Os ativos da companhia foram afetados principalmente pelo rebaixamento de recomenda\u00e7\u00e3o de compra da Citi, indo de &#8220;neutro&#8221; para &#8220;venda&#8221;.<\/p>\t<div class=\"wrapper-featured-image\">\n\t\t<figure class=\"spotlightImg\">\n\n\t\t\t<picture>\n\t\t\t\t<source media=\"(max-width: 768px)\" srcset=\"https:\/\/files.sunoresearch.com.br\/n\/uploads\/2021\/03\/206fd80a-qualicorp-400x200.webp\">\n\t\t\t\t<img loading=\"lazy\" decoding=\"async\" class=\"newsContent__article__imgCapa lazyloadDisabled \" src=\"https:\/\/files.sunoresearch.com.br\/n\/uploads\/2021\/03\/206fd80a-qualicorp-800x450.webp\" width=\"800\" height=\"450\" alt=\"Qualicorp (QUAL3) cai 8,1% e setor de sa\u00fade segue; entenda por qu\u00ea\" fetchpriority=high \/>\n\t\t\t<\/picture>\n\n\t\t\t<figcaption class=\"wp-caption-text wp-caption-text--show\">A\u00e7\u00f5es da Qualicorp (QUAL3) disparam Foto: Divulga\u00e7\u00e3o.<\/figcaption>\n\t\t<\/figure>\n\t<\/div>\n\n\n\t<p>\n\t\t<a href=\"\" target=\"_blank\" data-element=\"shortcode-suno-banner\" title=\"Banner SUNO, clique e saiba mais\">\n\t\t\t<picture>\n\t\t\t\t<source media=\"(max-width: 500px)\" srcset=\"\">\n\t\t\t\t<img class=\"newsContent__article__imgCapa newsContent__article__imgCapa--banner\"\n\t\t\t\t\tsrc=\"\"\n\t\t\t\t\tdata-promo-id=\"138420\"\t\t\t\t\t\t\t\t\t\t\t\t\t\t\talt=\"\"\n\t\t\t\t>\n\t\t\t<\/picture>\n\t\t<\/a>\n\t<\/p>\n\n\n<p>Al\u00e9m disso, o Citi cortou o <a class=\"suno-keyword\" href=\"https:\/\/www.suno.com.br\/artigos\/preco-alvo\/\" target=\"_blank\" rel=\"noopener\" data-force=\"no\" data-priority=\"1\">pre\u00e7o alvo<\/a> das <strong>a\u00e7\u00f5es da Qualicorp<\/strong>, de R$ 15 para R$ 9, afirmando que as tend\u00eancias operacionais devem permanecer fracas, sem nenhum gatilho \u00e0 vista no <a class=\"suno-keyword\" href=\"https:\/\/www.suno.com.br\/artigos\/curto-prazo\/\" target=\"_blank\" rel=\"noopener\" data-force=\"no\" data-priority=\"1\">curto prazo<\/a> para elevar o pre\u00e7o do papel.<\/p>\n<p>Outras empresas do <strong>setor de sa\u00fade<\/strong> tamb\u00e9m sofreram no <strong>Ibovespa hoje<\/strong>, como <a class=\"suno-keyword\" href=\"https:\/\/www.suno.com.br\/acoes\/HAPV3\/\" target=\"_blank\" rel=\"noopener\" data-force=\"yes\" data-priority=\"2\"><strong>Hapvida<\/strong> (HAPV3)<\/a>, que caiu 5,17%, a R$ 5,50, <a class=\"suno-keyword\" href=\"https:\/\/www.suno.com.br\/acoes\/RDOR3\/\" target=\"_blank\" rel=\"noopener\" data-force=\"yes\" data-priority=\"2\"><strong>Rede D&#8217;Or<\/strong> (RDOR3)<\/a>, com desvaloriza\u00e7\u00e3o de 2,66%, a R$ 30,06, e <a class=\"suno-keyword\" href=\"https:\/\/www.suno.com.br\/acoes\/SULA11\/\" target=\"_blank\" rel=\"noopener\" data-force=\"yes\" data-priority=\"2\"><strong>SulAm\u00e9rica<\/strong> (SULA11)<\/a>, com -2,72%, a R$ 21,84.<\/p>\n\t<p>\n\t\t<a href=\"https:\/\/lp.suno.com.br\/planilha-controle-gastos\/\" target=\"_blank\" data-element=\"shortcode-suno-banner\" title=\"Banner SUNO, clique e saiba mais\">\n\t\t\t<picture>\n\t\t\t\t<source media=\"(max-width: 500px)\" srcset=\"https:\/\/files.sunoresearch.com.br\/n\/uploads\/2023\/03\/400x300-Planilha-controle-de-gastos.png\">\n\t\t\t\t<img class=\"newsContent__article__imgCapa newsContent__article__imgCapa--banner\"\n\t\t\t\t\tsrc=\"https:\/\/files.sunoresearch.com.br\/n\/uploads\/2023\/03\/1420x240-Planilha-controle-de-gastos.png\"\n\t\t\t\t\tdata-promo-id=\"101751\"\t\t\t\t\t\t\t\t\t\twidth='1420' height='240'\t\t\t\t\talt=\"https:\/\/files.sunoresearch.com.br\/n\/uploads\/2023\/03\/1420x240-Planilha-controle-de-gastos.png\"\n\t\t\t\t>\n\t\t\t<\/picture>\n\t\t<\/a>\n\t<\/p>\n\n\n<p>Todas essas companhias mencionadas tomaram cortes em relat\u00f3rio do Citi que explicava as estimativas do setor. Os analistas esperam resultados fracos das empresas de sa\u00fade no segundo trimestre de 2022, ressaltando principalmente o impacto da infla\u00e7\u00e3o e do <a class=\"suno-keyword\" href=\"https:\/\/www.suno.com.br\/artigos\/custo-de-capital\/\" target=\"_blank\" rel=\"noopener\" data-force=\"no\" data-priority=\"1\">custo de capital<\/a> nas companhias.<\/p>\n<p>Os analistas estimam ainda que as operadoras de planos de sa\u00fade estejam com a sinistralidade pressionada, com a volta dos procedimentos eletivos e uma piora em casos de s\u00edndrome respirat\u00f3ria durante o per\u00edodo, apesar de tend\u00eancias comerciais positivas.<\/p>\n\t<p>\n\t\t<a href=\"https:\/\/lp.suno.com.br\/planilha-da-vida-financeira\/\" target=\"_blank\" data-element=\"shortcode-suno-banner\" title=\"Banner SUNO, clique e saiba mais\">\n\t\t\t<picture>\n\t\t\t\t<source media=\"(max-width: 500px)\" srcset=\"https:\/\/files.sunoresearch.com.br\/n\/uploads\/2023\/04\/400x300-Planilha-vida-financeira-true.png\">\n\t\t\t\t<img class=\"newsContent__article__imgCapa newsContent__article__imgCapa--banner\"\n\t\t\t\t\tsrc=\"https:\/\/files.sunoresearch.com.br\/n\/uploads\/2023\/04\/1420x240-Planilha-vida-financeira-true.png\"\n\t\t\t\t\tdata-promo-id=\"106682\"\t\t\t\t\t\t\t\t\t\twidth='1420' height='240'\t\t\t\t\talt=\"https:\/\/files.sunoresearch.com.br\/n\/uploads\/2023\/04\/1420x240-Planilha-vida-financeira-true.png\"\n\t\t\t\t>\n\t\t\t<\/picture>\n\t\t<\/a>\n\t<\/p>\n\n\n<p>Os pre\u00e7os alvos das companhias ficaram em:<\/p>\n<ul>\n<li>Hapvida, de R$ 10 para R$ 9;<\/li>\n<li>Rede D\u2019Or, de R$ 48 para R$ 42;<\/li>\n<li>SulAm\u00e9rica, de R$ 37 para R$ 32;<\/li>\n<li><a class=\"suno-keyword\" href=\"https:\/\/www.suno.com.br\/acoes\/blau3\/\" target=\"_blank\" rel=\"noopener\" data-force=\"yes\" data-priority=\"2\"><strong>Blau Farmac\u00eautica<\/strong> (BLAU3)<\/a>, de R$ 33 para R$ 30; e<\/li>\n<li><strong>Oncoclinicas<\/strong> (ONCO3), de R$ 13 para R$ 10.<\/li>\n<\/ul>\n<p>A \u00fanica que teve eleva\u00e7\u00e3o de pre\u00e7o-alvo foi <a class=\"suno-keyword\" href=\"https:\/\/www.suno.com.br\/acoes\/HYPE3\/\" target=\"_blank\" rel=\"noopener\" data-force=\"yes\" data-priority=\"2\"><strong>Hypera<\/strong> (HYPE3)<\/a>, de R$ 40 para R$ 46, com a avalia\u00e7\u00e3o por parte dos analistas de que a empresa pode surpreender positivamente no balan\u00e7o com os reajustes nos pre\u00e7os de medicamentos sustentando as margens operacionais.<\/p>\n\t<p>\n\t\t<a href=\"https:\/\/lp.suno.com.br\/ebook-como-analisar-uma-acao\/\" target=\"_blank\" data-element=\"shortcode-suno-banner\" title=\"Banner SUNO, clique e saiba mais\">\n\t\t\t<picture>\n\t\t\t\t<source media=\"(max-width: 500px)\" srcset=\"https:\/\/files.sunoresearch.com.br\/n\/uploads\/2023\/03\/Ebook-Acoes-Mobile-1.jpg\">\n\t\t\t\t<img class=\"newsContent__article__imgCapa newsContent__article__imgCapa--banner\"\n\t\t\t\t\tsrc=\"https:\/\/files.sunoresearch.com.br\/n\/uploads\/2023\/03\/Ebook-Acoes-Desktop-1.jpg\"\n\t\t\t\t\tdata-promo-id=\"171998\"\t\t\t\t\t\t\t\t\t\twidth='1420' height='286'\t\t\t\t\talt=\"https:\/\/files.sunoresearch.com.br\/n\/uploads\/2023\/03\/Ebook-Acoes-Desktop-1.jpg\"\n\t\t\t\t>\n\t\t\t<\/picture>\n\t\t<\/a>\n\t<\/p>\n\n\n<p>Outro banco de investimentos que j\u00e1 havia feito sua previs\u00e3o sobre resultados ruins do setor para o 2T22 foi o Ita\u00fa BBA, que rebaixou suas perspectivas para a Qualicorp no \u00faltimo m\u00eas, com a recomenda\u00e7\u00e3o indo de \u201ccompra\u201d para \u201cneutra\u201d.<\/p>\n<p>Os analistas do Citi reiteram que a estimativa dos m\u00faltiplos da <strong>Qualicorp<\/strong> fique em 10,2 vezes o P\/L de 2023, o que \u00e9 considerado alto em rela\u00e7\u00e3o aos pares do setor, o que leva a justificativa de venda da a\u00e7\u00e3o.<\/p>\n\t<p>\n\t\t<a href=\"https:\/\/lp.suno.com.br\/planilha-de-controle-de-investimentos\/\" target=\"_blank\" data-element=\"shortcode-suno-banner\" title=\"Banner SUNO, clique e saiba mais\">\n\t\t\t<picture>\n\t\t\t\t<source media=\"(max-width: 500px)\" srcset=\"https:\/\/files.sunoresearch.com.br\/n\/uploads\/2023\/03\/400x300-Controle-de-Investimentos.png\">\n\t\t\t\t<img class=\"newsContent__article__imgCapa newsContent__article__imgCapa--banner\"\n\t\t\t\t\tsrc=\"https:\/\/files.sunoresearch.com.br\/n\/uploads\/2023\/03\/1420x240-Controle-de-Investimentos.png\"\n\t\t\t\t\tdata-promo-id=\"75934\"\t\t\t\t\t\t\t\t\t\twidth='1420' height='240'\t\t\t\t\talt=\"https:\/\/files.sunoresearch.com.br\/n\/uploads\/2023\/03\/1420x240-Controle-de-Investimentos.png\"\n\t\t\t\t>\n\t\t\t<\/picture>\n\t\t<\/a>\n\t<\/p>\n\n\n","protected":false},"excerpt":{"rendered":"<p>A Qualicorp (QUAL3) liderou as maiores quedas do Ibovespa nesta ter\u00e7a-feira (26), com -8,10%, cotada a R$ 9,19. Os ativos da companhia foram afetados principalmente pelo rebaixamento de recomenda\u00e7\u00e3o de compra da Citi, indo de &#8220;neutro&#8221; para &#8220;venda&#8221;. A\u00e7\u00f5es da Qualicorp (QUAL3) disparam Foto: Divulga\u00e7\u00e3o. Al\u00e9m disso, o Citi cortou o pre\u00e7o alvo das a\u00e7\u00f5es [&hellip;]<\/p>\n","protected":false},"author":146,"featured_media":130432,"comment_status":"closed","ping_status":"closed","sticky":false,"template":"","format":"standard","meta":[],"categories":[64],"tags":[105816,497,611,2312,647],"suno_strategy":[],"class_list":["post-278864","post","type-post","status-publish","format-standard","has-post-thumbnail","hentry","category-negocios","tag-especialistas","tag-hapvida-hapv3","tag-qualicorp-qual3","tag-rede-dor-rdor3","tag-sulamerica-sula11-sula3-sula4"],"yoast_head":"<!-- This site is optimized with the Yoast SEO plugin v24.4 - https:\/\/yoast.com\/wordpress\/plugins\/seo\/ -->\n<title>Qualicorp (QUAL3) cai 8,1% e setor de sa\u00fade segue; entenda por qu\u00ea<\/title>\n<meta name=\"description\" content=\"A Qualicorp (QUAL3) e diversas outras empresas do segmento de sa\u00fade ca\u00edram nesta ter\u00e7a (26). Veja o que os analistas t\u00eam a dizer.\" \/>\n<meta name=\"robots\" content=\"index, follow, max-snippet:-1, max-image-preview:large, max-video-preview:-1\" \/>\n<link rel=\"canonical\" href=\"https:\/\/www.suno.com.br\/noticias\/qualicorp-qual3-cai-setor-saude-acompanha-entenda\/\" \/>\n<meta property=\"og:locale\" content=\"pt_BR\" \/>\n<meta property=\"og:type\" content=\"article\" \/>\n<meta property=\"og:title\" content=\"Qualicorp (QUAL3) cai 8,1% e setor de sa\u00fade segue; entenda por qu\u00ea\" \/>\n<meta property=\"og:description\" content=\"A Qualicorp (QUAL3) e diversas outras empresas do segmento de sa\u00fade ca\u00edram nesta ter\u00e7a (26). Veja o que os analistas t\u00eam a dizer.\" \/>\n<meta property=\"og:url\" content=\"https:\/\/www.suno.com.br\/noticias\/qualicorp-qual3-cai-setor-saude-acompanha-entenda\/\" \/>\n<meta property=\"og:site_name\" content=\"Suno Not\u00edcias\" \/>\n<meta property=\"article:publisher\" content=\"https:\/\/facebook.com\/sunoresearch\" \/>\n<meta property=\"og:image\" content=\"https:\/\/files.sunoresearch.com.br\/n\/uploads\/2021\/03\/206fd80a-qualicorp.jpg\" \/>\n\t<meta property=\"og:image:width\" content=\"1200\" \/>\n\t<meta property=\"og:image:height\" content=\"675\" \/>\n\t<meta property=\"og:image:type\" content=\"image\/jpeg\" \/>\n<meta name=\"author\" content=\"Vict\u00f3ria Anhesini\" \/>\n<meta name=\"twitter:card\" content=\"summary_large_image\" \/>\n<meta name=\"twitter:creator\" content=\"@sunoresearch\" \/>\n<meta name=\"twitter:site\" content=\"@sunoresearch\" \/>\n<meta name=\"twitter:label1\" content=\"Escrito por\" \/>\n\t<meta name=\"twitter:data1\" content=\"Vict\u00f3ria Anhesini\" \/>\n\t<meta name=\"twitter:label2\" content=\"Est. tempo de leitura\" \/>\n\t<meta name=\"twitter:data2\" content=\"3 minutos\" \/>\n<script type=\"application\/ld+json\" class=\"yoast-schema-graph\">{\"@context\":\"https:\/\/schema.org\",\"@graph\":[{\"@type\":\"NewsArticle\",\"@id\":\"https:\/\/www.suno.com.br\/noticias\/qualicorp-qual3-cai-setor-saude-acompanha-entenda\/#article\",\"isPartOf\":{\"@id\":\"https:\/\/www.suno.com.br\/noticias\/qualicorp-qual3-cai-setor-saude-acompanha-entenda\/\"},\"author\":{\"name\":\"Vict\u00f3ria Anhesini\",\"@id\":\"https:\/\/www.suno.com.br\/noticias\/#\/schema\/person\/46d847cb19ad53fde0857adca989c23f\"},\"headline\":\"Qualicorp (QUAL3) cai 8,1% e setor de sa\u00fade segue; entenda por qu\u00ea\",\"datePublished\":\"2022-07-27T00:03:11+00:00\",\"mainEntityOfPage\":{\"@id\":\"https:\/\/www.suno.com.br\/noticias\/qualicorp-qual3-cai-setor-saude-acompanha-entenda\/\"},\"wordCount\":404,\"publisher\":{\"@id\":\"https:\/\/www.suno.com.br\/noticias\/#organization\"},\"image\":{\"@id\":\"https:\/\/www.suno.com.br\/noticias\/qualicorp-qual3-cai-setor-saude-acompanha-entenda\/#primaryimage\"},\"thumbnailUrl\":\"https:\/\/files.sunoresearch.com.br\/n\/uploads\/2021\/03\/206fd80a-qualicorp-jpg.webp\",\"keywords\":[\"Especialistas\",\"Hapvida (HAPV3)\",\"Qualicorp (QUAL3)\",\"Rede D'or (RDOR3)\",\"SulAm\u00e9rica (SULA11\/SULA3\/SULA4)\"],\"articleSection\":[\"Neg\u00f3cios\"],\"inLanguage\":\"pt-BR\"},{\"@type\":\"WebPage\",\"@id\":\"https:\/\/www.suno.com.br\/noticias\/qualicorp-qual3-cai-setor-saude-acompanha-entenda\/\",\"url\":\"https:\/\/www.suno.com.br\/noticias\/qualicorp-qual3-cai-setor-saude-acompanha-entenda\/\",\"name\":\"Qualicorp (QUAL3) cai 8,1% e setor de sa\u00fade segue; entenda por qu\u00ea\",\"isPartOf\":{\"@id\":\"https:\/\/www.suno.com.br\/noticias\/#website\"},\"primaryImageOfPage\":{\"@id\":\"https:\/\/www.suno.com.br\/noticias\/qualicorp-qual3-cai-setor-saude-acompanha-entenda\/#primaryimage\"},\"image\":{\"@id\":\"https:\/\/www.suno.com.br\/noticias\/qualicorp-qual3-cai-setor-saude-acompanha-entenda\/#primaryimage\"},\"thumbnailUrl\":\"https:\/\/files.sunoresearch.com.br\/n\/uploads\/2021\/03\/206fd80a-qualicorp-jpg.webp\",\"datePublished\":\"2022-07-27T00:03:11+00:00\",\"description\":\"A Qualicorp (QUAL3) e diversas outras empresas do segmento de sa\u00fade ca\u00edram nesta ter\u00e7a (26). Veja o que os analistas t\u00eam a dizer.\",\"breadcrumb\":{\"@id\":\"https:\/\/www.suno.com.br\/noticias\/qualicorp-qual3-cai-setor-saude-acompanha-entenda\/#breadcrumb\"},\"inLanguage\":\"pt-BR\",\"potentialAction\":[{\"@type\":\"ReadAction\",\"target\":[\"https:\/\/www.suno.com.br\/noticias\/qualicorp-qual3-cai-setor-saude-acompanha-entenda\/\"]}]},{\"@type\":\"ImageObject\",\"inLanguage\":\"pt-BR\",\"@id\":\"https:\/\/www.suno.com.br\/noticias\/qualicorp-qual3-cai-setor-saude-acompanha-entenda\/#primaryimage\",\"url\":\"https:\/\/files.sunoresearch.com.br\/n\/uploads\/2021\/03\/206fd80a-qualicorp-jpg.webp\",\"contentUrl\":\"https:\/\/files.sunoresearch.com.br\/n\/uploads\/2021\/03\/206fd80a-qualicorp-jpg.webp\",\"width\":1200,\"height\":675,\"caption\":\"A\u00e7\u00f5es da Qualicorp (QUAL3) disparam Foto: Divulga\u00e7\u00e3o.\"},{\"@type\":\"BreadcrumbList\",\"@id\":\"https:\/\/www.suno.com.br\/noticias\/qualicorp-qual3-cai-setor-saude-acompanha-entenda\/#breadcrumb\",\"itemListElement\":[{\"@type\":\"ListItem\",\"position\":1,\"name\":\"Not\u00edcias\",\"item\":\"https:\/\/www.suno.com.br\/noticias\/\"},{\"@type\":\"ListItem\",\"position\":2,\"name\":\"Neg\u00f3cios\",\"item\":\"https:\/\/www.suno.com.br\/noticias\/negocios\/\"},{\"@type\":\"ListItem\",\"position\":3,\"name\":\"Qualicorp (QUAL3) cai 8,1% e setor de sa\u00fade segue; entenda por qu\u00ea\"}]},{\"@type\":\"WebSite\",\"@id\":\"https:\/\/www.suno.com.br\/noticias\/#website\",\"url\":\"https:\/\/www.suno.com.br\/noticias\/\",\"name\":\"Suno Not\u00edcias\",\"description\":\"Seu portal de informa\u00e7\u00e3o sobre o mundo dos investimentos\",\"publisher\":{\"@id\":\"https:\/\/www.suno.com.br\/noticias\/#organization\"},\"potentialAction\":[{\"@type\":\"SearchAction\",\"target\":{\"@type\":\"EntryPoint\",\"urlTemplate\":\"https:\/\/www.suno.com.br\/noticias\/?s={search_term_string}\"},\"query-input\":{\"@type\":\"PropertyValueSpecification\",\"valueRequired\":true,\"valueName\":\"search_term_string\"}}],\"inLanguage\":\"pt-BR\"},{\"@type\":\"Organization\",\"@id\":\"https:\/\/www.suno.com.br\/noticias\/#organization\",\"name\":\"Suno Not\u00edcias\",\"url\":\"https:\/\/www.suno.com.br\/noticias\/\",\"logo\":{\"@type\":\"ImageObject\",\"inLanguage\":\"pt-BR\",\"@id\":\"https:\/\/www.suno.com.br\/noticias\/#\/schema\/logo\/image\/\",\"url\":\"https:\/\/files.sunoresearch.com.br\/n\/uploads\/2021\/09\/suno-logo.png\",\"contentUrl\":\"https:\/\/files.sunoresearch.com.br\/n\/uploads\/2021\/09\/suno-logo.png\",\"width\":180,\"height\":180,\"caption\":\"Suno Not\u00edcias\"},\"image\":{\"@id\":\"https:\/\/www.suno.com.br\/noticias\/#\/schema\/logo\/image\/\"},\"sameAs\":[\"https:\/\/facebook.com\/sunoresearch\",\"https:\/\/x.com\/sunoresearch\",\"https:\/\/www.instagram.com\/suno\",\"https:\/\/www.linkedin.com\/company\/suno-research\/\",\"https:\/\/www.youtube.com\/c\/sunoresearch\"]},{\"@type\":\"Person\",\"@id\":\"https:\/\/www.suno.com.br\/noticias\/#\/schema\/person\/46d847cb19ad53fde0857adca989c23f\",\"name\":\"Vict\u00f3ria Anhesini\",\"image\":{\"@type\":\"ImageObject\",\"inLanguage\":\"pt-BR\",\"@id\":\"https:\/\/www.suno.com.br\/noticias\/#\/schema\/person\/image\/\",\"url\":\"https:\/\/secure.gravatar.com\/avatar\/0172bdfcd9129dd9dd68794804304e6e?s=96&r=g\",\"contentUrl\":\"https:\/\/secure.gravatar.com\/avatar\/0172bdfcd9129dd9dd68794804304e6e?s=96&r=g\",\"caption\":\"Vict\u00f3ria Anhesini\"},\"description\":\"Rep\u00f3rter no Suno Not\u00edcias, cobre mercados, neg\u00f3cios e economia, escrevendo majoritariamente sobre movimentos das empresas, cobertura de balan\u00e7os trimestrais e Bolsa de Valores. Formada em jornalismo pela Universidade Presbiteriana Mackenzie em 2019, passou pelo portal de economia e finan\u00e7as EuQueroInvestir como rep\u00f3rter e anteriormente, trabalhou na assessoria de imprensa PinePR, onde liderou com startups de inova\u00e7\u00e3o, tecnologia e finan\u00e7as. Em seu tempo livre, fala sobre m\u00fasica para ambos os sites do selo ForMusic, Wikimetal e Mad Sound, e faz trabalho volunt\u00e1rio no programa Escreve Cartas do Poupatempo.\",\"sameAs\":[\"https:\/\/www.linkedin.com\/in\/victoria-anhesini\/\"],\"url\":\"https:\/\/www.suno.com.br\/noticias\/author\/victoria\/\"}]}<\/script>\n<!-- \/ Yoast SEO plugin. -->","yoast_head_json":{"title":"Qualicorp (QUAL3) cai 8,1% e setor de sa\u00fade segue; entenda por qu\u00ea","description":"A Qualicorp (QUAL3) e diversas outras empresas do segmento de sa\u00fade ca\u00edram nesta ter\u00e7a (26). Veja o que os analistas t\u00eam a dizer.","robots":{"index":"index","follow":"follow","max-snippet":"max-snippet:-1","max-image-preview":"max-image-preview:large","max-video-preview":"max-video-preview:-1"},"canonical":"https:\/\/www.suno.com.br\/noticias\/qualicorp-qual3-cai-setor-saude-acompanha-entenda\/","og_locale":"pt_BR","og_type":"article","og_title":"Qualicorp (QUAL3) cai 8,1% e setor de sa\u00fade segue; entenda por qu\u00ea","og_description":"A Qualicorp (QUAL3) e diversas outras empresas do segmento de sa\u00fade ca\u00edram nesta ter\u00e7a (26). Veja o que os analistas t\u00eam a dizer.","og_url":"https:\/\/www.suno.com.br\/noticias\/qualicorp-qual3-cai-setor-saude-acompanha-entenda\/","og_site_name":"Suno Not\u00edcias","article_publisher":"https:\/\/facebook.com\/sunoresearch","og_image":[{"width":1200,"height":675,"url":"https:\/\/files.sunoresearch.com.br\/n\/uploads\/2021\/03\/206fd80a-qualicorp.jpg","type":"image\/jpeg"}],"author":"Vict\u00f3ria Anhesini","twitter_card":"summary_large_image","twitter_creator":"@sunoresearch","twitter_site":"@sunoresearch","twitter_misc":{"Escrito por":"Vict\u00f3ria Anhesini","Est. tempo de leitura":"3 minutos"},"schema":{"@context":"https:\/\/schema.org","@graph":[{"@type":"NewsArticle","@id":"https:\/\/www.suno.com.br\/noticias\/qualicorp-qual3-cai-setor-saude-acompanha-entenda\/#article","isPartOf":{"@id":"https:\/\/www.suno.com.br\/noticias\/qualicorp-qual3-cai-setor-saude-acompanha-entenda\/"},"author":{"name":"Vict\u00f3ria Anhesini","@id":"https:\/\/www.suno.com.br\/noticias\/#\/schema\/person\/46d847cb19ad53fde0857adca989c23f"},"headline":"Qualicorp (QUAL3) cai 8,1% e setor de sa\u00fade segue; entenda por qu\u00ea","datePublished":"2022-07-27T00:03:11+00:00","mainEntityOfPage":{"@id":"https:\/\/www.suno.com.br\/noticias\/qualicorp-qual3-cai-setor-saude-acompanha-entenda\/"},"wordCount":404,"publisher":{"@id":"https:\/\/www.suno.com.br\/noticias\/#organization"},"image":{"@id":"https:\/\/www.suno.com.br\/noticias\/qualicorp-qual3-cai-setor-saude-acompanha-entenda\/#primaryimage"},"thumbnailUrl":"https:\/\/files.sunoresearch.com.br\/n\/uploads\/2021\/03\/206fd80a-qualicorp-jpg.webp","keywords":["Especialistas","Hapvida (HAPV3)","Qualicorp (QUAL3)","Rede D'or (RDOR3)","SulAm\u00e9rica (SULA11\/SULA3\/SULA4)"],"articleSection":["Neg\u00f3cios"],"inLanguage":"pt-BR"},{"@type":"WebPage","@id":"https:\/\/www.suno.com.br\/noticias\/qualicorp-qual3-cai-setor-saude-acompanha-entenda\/","url":"https:\/\/www.suno.com.br\/noticias\/qualicorp-qual3-cai-setor-saude-acompanha-entenda\/","name":"Qualicorp (QUAL3) cai 8,1% e setor de sa\u00fade segue; entenda por qu\u00ea","isPartOf":{"@id":"https:\/\/www.suno.com.br\/noticias\/#website"},"primaryImageOfPage":{"@id":"https:\/\/www.suno.com.br\/noticias\/qualicorp-qual3-cai-setor-saude-acompanha-entenda\/#primaryimage"},"image":{"@id":"https:\/\/www.suno.com.br\/noticias\/qualicorp-qual3-cai-setor-saude-acompanha-entenda\/#primaryimage"},"thumbnailUrl":"https:\/\/files.sunoresearch.com.br\/n\/uploads\/2021\/03\/206fd80a-qualicorp-jpg.webp","datePublished":"2022-07-27T00:03:11+00:00","description":"A Qualicorp (QUAL3) e diversas outras empresas do segmento de sa\u00fade ca\u00edram nesta ter\u00e7a (26). Veja o que os analistas t\u00eam a dizer.","breadcrumb":{"@id":"https:\/\/www.suno.com.br\/noticias\/qualicorp-qual3-cai-setor-saude-acompanha-entenda\/#breadcrumb"},"inLanguage":"pt-BR","potentialAction":[{"@type":"ReadAction","target":["https:\/\/www.suno.com.br\/noticias\/qualicorp-qual3-cai-setor-saude-acompanha-entenda\/"]}]},{"@type":"ImageObject","inLanguage":"pt-BR","@id":"https:\/\/www.suno.com.br\/noticias\/qualicorp-qual3-cai-setor-saude-acompanha-entenda\/#primaryimage","url":"https:\/\/files.sunoresearch.com.br\/n\/uploads\/2021\/03\/206fd80a-qualicorp-jpg.webp","contentUrl":"https:\/\/files.sunoresearch.com.br\/n\/uploads\/2021\/03\/206fd80a-qualicorp-jpg.webp","width":1200,"height":675,"caption":"A\u00e7\u00f5es da Qualicorp (QUAL3) disparam Foto: Divulga\u00e7\u00e3o."},{"@type":"BreadcrumbList","@id":"https:\/\/www.suno.com.br\/noticias\/qualicorp-qual3-cai-setor-saude-acompanha-entenda\/#breadcrumb","itemListElement":[{"@type":"ListItem","position":1,"name":"Not\u00edcias","item":"https:\/\/www.suno.com.br\/noticias\/"},{"@type":"ListItem","position":2,"name":"Neg\u00f3cios","item":"https:\/\/www.suno.com.br\/noticias\/negocios\/"},{"@type":"ListItem","position":3,"name":"Qualicorp (QUAL3) cai 8,1% e setor de sa\u00fade segue; entenda por qu\u00ea"}]},{"@type":"WebSite","@id":"https:\/\/www.suno.com.br\/noticias\/#website","url":"https:\/\/www.suno.com.br\/noticias\/","name":"Suno Not\u00edcias","description":"Seu portal de informa\u00e7\u00e3o sobre o mundo dos investimentos","publisher":{"@id":"https:\/\/www.suno.com.br\/noticias\/#organization"},"potentialAction":[{"@type":"SearchAction","target":{"@type":"EntryPoint","urlTemplate":"https:\/\/www.suno.com.br\/noticias\/?s={search_term_string}"},"query-input":{"@type":"PropertyValueSpecification","valueRequired":true,"valueName":"search_term_string"}}],"inLanguage":"pt-BR"},{"@type":"Organization","@id":"https:\/\/www.suno.com.br\/noticias\/#organization","name":"Suno Not\u00edcias","url":"https:\/\/www.suno.com.br\/noticias\/","logo":{"@type":"ImageObject","inLanguage":"pt-BR","@id":"https:\/\/www.suno.com.br\/noticias\/#\/schema\/logo\/image\/","url":"https:\/\/files.sunoresearch.com.br\/n\/uploads\/2021\/09\/suno-logo.png","contentUrl":"https:\/\/files.sunoresearch.com.br\/n\/uploads\/2021\/09\/suno-logo.png","width":180,"height":180,"caption":"Suno Not\u00edcias"},"image":{"@id":"https:\/\/www.suno.com.br\/noticias\/#\/schema\/logo\/image\/"},"sameAs":["https:\/\/facebook.com\/sunoresearch","https:\/\/x.com\/sunoresearch","https:\/\/www.instagram.com\/suno","https:\/\/www.linkedin.com\/company\/suno-research\/","https:\/\/www.youtube.com\/c\/sunoresearch"]},{"@type":"Person","@id":"https:\/\/www.suno.com.br\/noticias\/#\/schema\/person\/46d847cb19ad53fde0857adca989c23f","name":"Vict\u00f3ria Anhesini","image":{"@type":"ImageObject","inLanguage":"pt-BR","@id":"https:\/\/www.suno.com.br\/noticias\/#\/schema\/person\/image\/","url":"https:\/\/secure.gravatar.com\/avatar\/0172bdfcd9129dd9dd68794804304e6e?s=96&r=g","contentUrl":"https:\/\/secure.gravatar.com\/avatar\/0172bdfcd9129dd9dd68794804304e6e?s=96&r=g","caption":"Vict\u00f3ria Anhesini"},"description":"Rep\u00f3rter no Suno Not\u00edcias, cobre mercados, neg\u00f3cios e economia, escrevendo majoritariamente sobre movimentos das empresas, cobertura de balan\u00e7os trimestrais e Bolsa de Valores. Formada em jornalismo pela Universidade Presbiteriana Mackenzie em 2019, passou pelo portal de economia e finan\u00e7as EuQueroInvestir como rep\u00f3rter e anteriormente, trabalhou na assessoria de imprensa PinePR, onde liderou com startups de inova\u00e7\u00e3o, tecnologia e finan\u00e7as. Em seu tempo livre, fala sobre m\u00fasica para ambos os sites do selo ForMusic, Wikimetal e Mad Sound, e faz trabalho volunt\u00e1rio no programa Escreve Cartas do Poupatempo.","sameAs":["https:\/\/www.linkedin.com\/in\/victoria-anhesini\/"],"url":"https:\/\/www.suno.com.br\/noticias\/author\/victoria\/"}]}},"default_loop_html":"<div class=\"cardsPage__listCard__boxs\"><div class=\"cardsPage__listCard__boxs__img\"><a href=\"https:\/\/www.suno.com.br\/noticias\/qualicorp-qual3-cai-setor-saude-acompanha-entenda\/\"><img class=\"mask\" src=\"https:\/\/www.suno.com.br\/noticias\/wp-content\/themes\/suno\/resources\/images\/spotlight\/spotlight1img\/bg-mask.png\" alt=\"Image Mask\"\/><img src=\"https:\/\/files.sunoresearch.com.br\/n\/uploads\/2021\/03\/206fd80a-qualicorp-400x200.webp\" alt=\"Qualicorp (QUAL3) cai 8,1% e setor de sa\u00fade segue; entenda por qu\u00ea\"\/><\/a><span class=\"spotlightCategory\"><a href=\"https:\/\/www.suno.com.br\/noticias\/negocios\/\">Neg\u00f3cios<\/a><\/span><\/div><div class=\"cardsPage__listCard__boxs__content\"><a href=\"https:\/\/www.suno.com.br\/noticias\/qualicorp-qual3-cai-setor-saude-acompanha-entenda\/\"><h2 class=\"content__title\">Qualicorp (QUAL3) cai 8,1% e setor de sa\u00fade segue; entenda por qu\u00ea<\/h2><\/a><div class=\"newsContent__article__meta\"><div class=\"newsContent__article__meta__authorBox\"><a href=\"https:\/\/www.suno.com.br\/noticias\/author\/victoria\/\" class=\"authorBox__avatar noMobi\"><img src=\"https:\/\/files.sunoresearch.com.br\/n\/uploads\/2021\/12\/20190129VickyPINEAPPLE01-1-150x150.jpg\" alt=\"Vict\u00f3ria Anhesini\"><\/a><div class=\"authorBox__name\"><span>por\n\t\t\t<a href=\"https:\/\/www.suno.com.br\/noticias\/author\/victoria\/\"><span itemprop=\"author\">Vict\u00f3ria Anhesini<\/span><\/a><\/span><time datetime=\"2022-07-26T21:03:11-03:00\" itemprop=\"datePublished\">26\/07\/2022 21:03<\/time><\/div><\/div><\/div><\/div><\/div>","single_layout":"posts","amp_enabled":true,"_links":{"self":[{"href":"https:\/\/www.suno.com.br\/noticias\/wp-json\/wp\/v2\/posts\/278864"}],"collection":[{"href":"https:\/\/www.suno.com.br\/noticias\/wp-json\/wp\/v2\/posts"}],"about":[{"href":"https:\/\/www.suno.com.br\/noticias\/wp-json\/wp\/v2\/types\/post"}],"author":[{"embeddable":true,"href":"https:\/\/www.suno.com.br\/noticias\/wp-json\/wp\/v2\/users\/146"}],"replies":[{"embeddable":true,"href":"https:\/\/www.suno.com.br\/noticias\/wp-json\/wp\/v2\/comments?post=278864"}],"version-history":[{"count":3,"href":"https:\/\/www.suno.com.br\/noticias\/wp-json\/wp\/v2\/posts\/278864\/revisions"}],"predecessor-version":[{"id":278874,"href":"https:\/\/www.suno.com.br\/noticias\/wp-json\/wp\/v2\/posts\/278864\/revisions\/278874"}],"wp:featuredmedia":[{"embeddable":true,"href":"https:\/\/www.suno.com.br\/noticias\/wp-json\/wp\/v2\/media\/130432"}],"wp:attachment":[{"href":"https:\/\/www.suno.com.br\/noticias\/wp-json\/wp\/v2\/media?parent=278864"}],"wp:term":[{"taxonomy":"category","embeddable":true,"href":"https:\/\/www.suno.com.br\/noticias\/wp-json\/wp\/v2\/categories?post=278864"},{"taxonomy":"post_tag","embeddable":true,"href":"https:\/\/www.suno.com.br\/noticias\/wp-json\/wp\/v2\/tags?post=278864"},{"taxonomy":"suno_strategy","embeddable":true,"href":"https:\/\/www.suno.com.br\/noticias\/wp-json\/wp\/v2\/suno_strategy?post=278864"}],"curies":[{"name":"wp","href":"https:\/\/api.w.org\/{rel}","templated":true}]}}