{"id":27878,"date":"2019-06-11T17:44:24","date_gmt":"2019-06-11T20:44:24","guid":{"rendered":"https:\/\/www.suno.com.br\/noticias\/?p=27878"},"modified":"2019-06-11T17:44:24","modified_gmt":"2019-06-11T20:44:24","slug":"ibovespa-alta-investidores-11062019","status":"publish","type":"post","link":"https:\/\/www.suno.com.br\/noticias\/ibovespa-alta-investidores-11062019\/","title":{"rendered":"Ibovespa fecha em alta com investidores de olho nas contas p\u00fablicas"},"content":{"rendered":"<p>O Ibovespa fechou em alta de 1,53% nesta ter\u00e7a-feira (11), em 98.960 pontos. O andamento positivo foi impulsionado principalmente pela alta das commodities, com o <strong>min\u00e9rio de ferro<\/strong> que disparou 6%. Um crescimento expressivo gerado pela decis\u00e3o do governo da <strong>China<\/strong> de financiar grandes projetos infraestruturais para estimular a economia.<\/p>\t<div class=\"wrapper-featured-image\">\n\t\t<figure class=\"spotlightImg\">\n\n\t\t\t<picture>\n\t\t\t\t<source media=\"(max-width: 768px)\" srcset=\"https:\/\/files.sunoresearch.com.br\/n\/uploads\/2018\/09\/6b3a6ec0-ibovespa-400x200.webp\">\n\t\t\t\t<img loading=\"lazy\" decoding=\"async\" class=\"newsContent__article__imgCapa lazyloadDisabled newsContent__article__imgCapa--noCaption\" src=\"https:\/\/files.sunoresearch.com.br\/n\/uploads\/2018\/09\/6b3a6ec0-ibovespa-800x450.webp\" width=\"800\" height=\"450\" alt=\"Ibovespa fecha em alta com investidores de olho nas contas p\u00fablicas\" fetchpriority=high \/>\n\t\t\t<\/picture>\n\n\t\t\t<figcaption class=\"wp-caption-text wp-caption-text--hide\">a\u00e7\u00f5es<\/figcaption>\n\t\t<\/figure>\n\t<\/div>\n\n\n\t<p>\n\t\t<a href=\"https:\/\/lp.suno.com.br\/asset\/fundos\/suno-fic-fia\/\" target=\"_blank\" data-element=\"shortcode-suno-banner\" title=\"Banner SUNO, clique e saiba mais\">\n\t\t\t<picture>\n\t\t\t\t<source media=\"(max-width: 500px)\" srcset=\"https:\/\/files.sunoresearch.com.br\/n\/uploads\/2023\/10\/SUNO-FIC-FIA-400x300-Mobile-Artigos-5-v3.png\">\n\t\t\t\t<img class=\"newsContent__article__imgCapa newsContent__article__imgCapa--banner\"\n\t\t\t\t\tsrc=\"https:\/\/files.sunoresearch.com.br\/n\/uploads\/2023\/10\/SUNO-FIC-FIA-1420x240-Banner-Artigos-1-_-Banner-Materias-4-v3-png.webp\"\n\t\t\t\t\tdata-promo-id=\"478744\"\t\t\t\t\t\t\t\t\t\twidth='2560' height='433'\t\t\t\t\talt=\"https:\/\/files.sunoresearch.com.br\/n\/uploads\/2023\/10\/SUNO-FIC-FIA-1420x240-Banner-Artigos-1-_-Banner-Materias-4-v3-png.webp\"\n\t\t\t\t>\n\t\t\t<\/picture>\n\t\t<\/a>\n\t<\/p>\n\n\n<p>O <strong>Ibovespa<\/strong> tamb\u00e9m reagiu positivamente a calendariza\u00e7\u00e3o da apresenta\u00e7\u00e3o do parecer sobre a <strong>reforma da Previd\u00eancia<\/strong>\u00a0e a autoriza\u00e7\u00e3o do <strong>Congresso Nacional<\/strong> de um\u00a0<strong>cr\u00e9dito adicional<\/strong> para o governo<\/p>\n<h2>Cr\u00e9dito adicional<\/h2>\n<p>A <strong>Comiss\u00e3o Mista de Or\u00e7amento (CMO)<\/strong> do Congresso Nacional aprovou nesta ter\u00e7a o cr\u00e9dito extra de R$ 248,9 bilh\u00f5es. A libera\u00e7\u00e3o desses valores adicionais para o <strong>governo<\/strong> estava prevista em um projeto de lei que autoriza a emiss\u00e3o de t\u00edtulos do <strong>Tesouro Nacional.<\/strong><\/p>\n<p>A aprova\u00e7\u00e3o ocorreu ap\u00f3s um acordo entre os partidos pol\u00edticos do <strong>Congresso Nacional<\/strong> alcan\u00e7ado ap\u00f3s duas horas de negocia\u00e7\u00e3o.\u00a0A vota\u00e7\u00e3o na <strong>CMO<\/strong> ocorreu ap\u00f3s o governo ceder a algumas demandas de diferentes partidos, incluindo de oposi\u00e7\u00e3o. Em contrapartida, os parlamentares concordaram em n\u00e3o obstruir os trabalhos da comiss\u00e3o.<\/p>\n<p><a href=\"https:\/\/www.suno.com.br\/noticias\/congresso-aprova-credito-extra-governo\/\">Saiba mais: Congresso aprova cr\u00e9dito extra para o governo de R$ 248,9 bilh\u00f5es\u00a0<\/a><\/p>\n<p>A previs\u00e3o \u00e9 de que o projeto de lei seja analisado ainda nesta tarde em uma sess\u00e3o conjunta do <strong>Congresso Nacional.<\/strong><\/p>\n\t<p>\n\t\t<a href=\"https:\/\/lp2.suno.com.br\/cl\/black-friday-2025\/?utm_campaign=_SNCDF0E4858_\" target=\"_blank\" data-element=\"shortcode-suno-banner\" title=\"Banner SUNO, clique e saiba mais\">\n\t\t\t<picture>\n\t\t\t\t<source media=\"(max-width: 500px)\" srcset=\"https:\/\/files.sunoresearch.com.br\/n\/uploads\/2025\/10\/Artigos-e-Noticias-Banner-Home-artigos-01-Mobile_-400x300-1-png.webp\">\n\t\t\t\t<img class=\"newsContent__article__imgCapa newsContent__article__imgCapa--banner\"\n\t\t\t\t\tsrc=\"https:\/\/files.sunoresearch.com.br\/n\/uploads\/2025\/10\/Artigos-e-Noticias-Banner-Home-artigos-01-Desktop_-1420x240-1-png.webp\"\n\t\t\t\t\tdata-promo-id=\"311259\"\t\t\t\t\t\t\t\t\t\twidth='1420' height='240'\t\t\t\t\talt=\"https:\/\/files.sunoresearch.com.br\/n\/uploads\/2025\/10\/Artigos-e-Noticias-Banner-Home-artigos-01-Desktop_-1420x240-1-png.webp\"\n\t\t\t\t>\n\t\t\t<\/picture>\n\t\t<\/a>\n\t<\/p>\n\n\n<p><span style=\"font-size: 1.21429rem;\">Segundo o projeto aprovado, o governo do presidente <strong>Jair Bolsonaro<\/strong> poder\u00e1 contrair d\u00edvidas para pagar despesas correntes, como sal\u00e1rios e benef\u00edcios sociais. Despesas que poder\u00e3o ser realizadas sem descumprir a chamada &#8220;<a href=\"https:\/\/www.suno.com.br\/artigos\/regra-de-ouro\/\">regra de ouro<\/a>&#8220;.<\/span><\/p>\n<h2>Reforma da Previd\u00eancia<\/h2>\n<p>O mercado tamb\u00e9m reagiu positivamente a apresenta\u00e7\u00e3o do parecer do relator\u00a0da <strong>reforma da Previd\u00eancia<\/strong> da <strong>C\u00e2mara<\/strong>, <strong>Samuel Moreira, <\/strong>na comiss\u00e3o especial na pr\u00f3xima quinta-feira.<\/p>\n<p><a href=\"https:\/\/www.suno.com.br\/noticias\/parecer-reforma-previdencia-relator\/\">Saiba Mais:\u00a0Parecer da reforma da Previd\u00eancia \u00e9 adiado para quinta-feira<\/a><\/p>\n<p>&#8220;A ideia \u00e9 essa [apresentar o parecer na quinta-feira]. Vamos conversar com os <strong>governadores<\/strong> na ter\u00e7a-feira (11), vamos procurar ouvi-los. \u00c9 importante ouvi-los, fazer esfor\u00e7o para isso. Isso amplia o n\u00famero de deputados em torno do relat\u00f3rio em torno da reforma, isso vai melhorar bastante [o apoio]&#8221;, disse <strong>Moreira<\/strong>.<\/p>\n\t<p>\n\t\t<a href=\"https:\/\/lp.suno.com.br\/planilha-controle-gastos\/\" target=\"_blank\" data-element=\"shortcode-suno-banner\" title=\"Banner SUNO, clique e saiba mais\">\n\t\t\t<picture>\n\t\t\t\t<source media=\"(max-width: 500px)\" srcset=\"https:\/\/files.sunoresearch.com.br\/n\/uploads\/2023\/03\/400x300-Planilha-controle-de-gastos.png\">\n\t\t\t\t<img class=\"newsContent__article__imgCapa newsContent__article__imgCapa--banner\"\n\t\t\t\t\tsrc=\"https:\/\/files.sunoresearch.com.br\/n\/uploads\/2023\/03\/1420x240-Planilha-controle-de-gastos.png\"\n\t\t\t\t\tdata-promo-id=\"383122\"\t\t\t\t\t\t\t\t\t\twidth='1420' height='240'\t\t\t\t\talt=\"https:\/\/files.sunoresearch.com.br\/n\/uploads\/2023\/03\/1420x240-Planilha-controle-de-gastos.png\"\n\t\t\t\t>\n\t\t\t<\/picture>\n\t\t<\/a>\n\t<\/p>\n\n\n<h2>Castello Branco critica monop\u00f3lio da Petrobras<\/h2>\n<p>O presidente da <strong>Petrobras<\/strong>, <a href=\"https:\/\/www.suno.com.br\/tudo-sobre\/roberto-castello-branco\/\"><strong>Roberto Castello Branco<\/strong><\/a><strong>,<\/strong> declarou nesta ter\u00e7aque o monop\u00f3lio da estatal petrol\u00edfera \u00e9 inaceit\u00e1vel. O executivo indicou a venda de refinarias da estatal como forma de aumentar a concorr\u00eancia no mercado.<\/p>\n<p><a href=\"https:\/\/www.suno.com.br\/noticias\/petrobras-recebe-braskem-acordo\/\"><span style=\"font-size: 29.143px;\">Saiba mais: Petrobras recebe R$ 265 milh\u00f5es da Braskem em acordo de leni\u00eancia<\/span><\/a><\/p>\n<p>Segundo<strong> Castello Branco<\/strong>, a <strong>Petrobras<\/strong> det\u00e9m 98% do mercado de refino brasileiro. Ele declarou que, em consequ\u00eancia disso, o Pa\u00eds vive situa\u00e7\u00f5es absurdas.\u00a0O presidente da estatal discursou durante uma audi\u00eancia p\u00fablica na <strong>C\u00e2mara dos Deputados<\/strong>.<\/p>\n<h2>Bolsa chega a 1,1 milh\u00e3o de pessoas f\u00edsicas<\/h2>\n<p>A <a href=\"https:\/\/www.suno.com.br\/artigos\/bovespa-precedente-b3\/\">Bolsa de Valores de S\u00e3o Paulo<\/a> informou que o n\u00famero de investidores pessoas f\u00edsicas em maio superou 1,1 milh\u00e3o.<\/p>\n<p>Em abril, a\u00a0<strong>Bolsa de Valores<\/strong> de S\u00e3o Paulo <strong>(B3)<\/strong> tinha superado a marca hist\u00f3rica de 1 milh\u00e3o de <strong>investidores pessoas f\u00edsicas<\/strong>.\u00a0Em mar\u00e7o a\u00a0<a href=\"https:\/\/www.suno.com.br\/artigos\/b3\/\"><strong>B3<\/strong> <\/a>contava com 982 mil investidores desse tipo, enquanto em abril, passou para\u00a01.046.244 cadastros de pessoas f\u00edsicas. J\u00e1 em maio, o n\u00famero de <strong>investidores<\/strong> foi de\u00a01.122.476, uma varia\u00e7\u00e3o de 4,8% em rela\u00e7\u00e3o ao m\u00eas anterior.<\/p>\n\t<p>\n\t\t<a href=\"https:\/\/lp2.suno.com.br\/cl\/black-friday-2025\/?utm_campaign=_SNCDF0E4858_\" target=\"_blank\" data-element=\"shortcode-suno-banner\" title=\"Banner SUNO, clique e saiba mais\">\n\t\t\t<picture>\n\t\t\t\t<source media=\"(max-width: 500px)\" srcset=\"https:\/\/files.sunoresearch.com.br\/n\/uploads\/2025\/10\/Artigos-e-Noticias-Banner-Home-artigos-01-Mobile_-400x300-1-png.webp\">\n\t\t\t\t<img class=\"newsContent__article__imgCapa newsContent__article__imgCapa--banner\"\n\t\t\t\t\tsrc=\"https:\/\/files.sunoresearch.com.br\/n\/uploads\/2025\/10\/Artigos-e-Noticias-Banner-Home-artigos-01-Desktop_-1420x240-1-png.webp\"\n\t\t\t\t\tdata-promo-id=\"311259\"\t\t\t\t\t\t\t\t\t\twidth='1420' height='240'\t\t\t\t\talt=\"https:\/\/files.sunoresearch.com.br\/n\/uploads\/2025\/10\/Artigos-e-Noticias-Banner-Home-artigos-01-Desktop_-1420x240-1-png.webp\"\n\t\t\t\t>\n\t\t\t<\/picture>\n\t\t<\/a>\n\t<\/p>\n\n\n<p>No entanto, mesmo com a nova alta registrada no m\u00eas de abril, o n\u00famero de cadastros f\u00edsicos feitos por investidores na <strong>Bolsa de Valores de S\u00e3o Paulo<\/strong> segue bem abaixo do espero pelo presidente da <strong>Bovespa<\/strong>, Edemir Pinto, que estimava 5 milh\u00f5es de investidores neste ano.<\/p>\n<p>Al\u00e9m disso, durante o m\u00eas de maio, o giro de <strong>mercado<\/strong> <strong>acion\u00e1rio<\/strong> <strong>dom\u00e9stico<\/strong> atingiu R$ 15 bilh\u00f5es, uma alta de 5,8% na compara\u00e7\u00e3o anual, dando a <strong>B3<\/strong> uma receita 26% maior por contrato.<\/p>\n<h2>\u00daltima cota\u00e7\u00e3o<\/h2>\n<p>Na \u00faltima sess\u00e3o, que ocorreu na segunda-feira (10), o<strong> Ibovespa<\/strong> encerrou em queda de 0,36% com 97.466,69 pontos.<\/p>\n","protected":false},"excerpt":{"rendered":"<p>O Ibovespa fechou em alta de 1,53% nesta ter\u00e7a-feira (11), em 98.960 pontos. O andamento positivo foi impulsionado principalmente pela alta das commodities, com o min\u00e9rio de ferro que disparou 6%. Um crescimento expressivo gerado pela decis\u00e3o do governo da China de financiar grandes projetos infraestruturais para estimular a economia. a\u00e7\u00f5es O Ibovespa tamb\u00e9m reagiu [&hellip;]<\/p>\n","protected":false},"author":9,"featured_media":3429,"comment_status":"closed","ping_status":"closed","sticky":false,"template":"","format":"standard","meta":[],"categories":[60],"tags":[367,309,721,1128],"suno_strategy":[],"class_list":["post-27878","post","type-post","status-publish","format-standard","has-post-thumbnail","hentry","category-mercado","tag-b3-b3sa3","tag-bolsa-de-valores","tag-ibovespa","tag-orcamento-publico"],"yoast_head":"<!-- This site is optimized with the Yoast SEO plugin v24.4 - https:\/\/yoast.com\/wordpress\/plugins\/seo\/ -->\n<title>Ibovespa fecha em alta com investidores de olho nas contas p\u00fablicas<\/title>\n<meta name=\"description\" content=\"O Ibovespa fechou em alta de 1,53% em 98.960 pontos com os investidores de olho nas contas p\u00fablicas. Clique aqui para saber mais.\" \/>\n<meta name=\"robots\" content=\"index, follow, max-snippet:-1, max-image-preview:large, max-video-preview:-1\" \/>\n<link rel=\"canonical\" href=\"https:\/\/www.suno.com.br\/noticias\/ibovespa-alta-investidores-11062019\/\" \/>\n<meta property=\"og:locale\" content=\"pt_BR\" \/>\n<meta property=\"og:type\" content=\"article\" \/>\n<meta property=\"og:title\" content=\"Ibovespa fecha em alta com investidores de olho nas contas p\u00fablicas\" \/>\n<meta property=\"og:description\" content=\"O Ibovespa fechou em alta de 1,53% em 98.960 pontos com os investidores de olho nas contas p\u00fablicas. Clique aqui para saber mais.\" \/>\n<meta property=\"og:url\" content=\"https:\/\/www.suno.com.br\/noticias\/ibovespa-alta-investidores-11062019\/\" \/>\n<meta property=\"og:site_name\" content=\"Suno Not\u00edcias\" \/>\n<meta property=\"article:publisher\" content=\"https:\/\/facebook.com\/sunoresearch\" \/>\n<meta property=\"og:image\" content=\"https:\/\/files.sunoresearch.com.br\/n\/uploads\/2018\/09\/6b3a6ec0-ibovespa.jpg\" \/>\n\t<meta property=\"og:image:width\" content=\"1280\" \/>\n\t<meta property=\"og:image:height\" content=\"853\" \/>\n\t<meta property=\"og:image:type\" content=\"image\/jpeg\" \/>\n<meta name=\"author\" content=\"Carlo Cauti\" \/>\n<meta name=\"twitter:card\" content=\"summary_large_image\" \/>\n<meta name=\"twitter:creator\" content=\"@sunoresearch\" \/>\n<meta name=\"twitter:site\" content=\"@sunoresearch\" \/>\n<meta name=\"twitter:label1\" content=\"Escrito por\" \/>\n\t<meta name=\"twitter:data1\" content=\"Carlo Cauti\" \/>\n\t<meta name=\"twitter:label2\" content=\"Est. tempo de leitura\" \/>\n\t<meta name=\"twitter:data2\" content=\"3 minutos\" \/>\n<script type=\"application\/ld+json\" class=\"yoast-schema-graph\">{\"@context\":\"https:\/\/schema.org\",\"@graph\":[{\"@type\":\"NewsArticle\",\"@id\":\"https:\/\/www.suno.com.br\/noticias\/ibovespa-alta-investidores-11062019\/#article\",\"isPartOf\":{\"@id\":\"https:\/\/www.suno.com.br\/noticias\/ibovespa-alta-investidores-11062019\/\"},\"author\":{\"name\":\"Carlo Cauti\",\"@id\":\"https:\/\/www.suno.com.br\/noticias\/#\/schema\/person\/e6e0f723cc177805027f4566c1d5e0c8\"},\"headline\":\"Ibovespa fecha em alta com investidores de olho nas contas p\u00fablicas\",\"datePublished\":\"2019-06-11T20:44:24+00:00\",\"mainEntityOfPage\":{\"@id\":\"https:\/\/www.suno.com.br\/noticias\/ibovespa-alta-investidores-11062019\/\"},\"wordCount\":696,\"publisher\":{\"@id\":\"https:\/\/www.suno.com.br\/noticias\/#organization\"},\"image\":{\"@id\":\"https:\/\/www.suno.com.br\/noticias\/ibovespa-alta-investidores-11062019\/#primaryimage\"},\"thumbnailUrl\":\"https:\/\/files.sunoresearch.com.br\/n\/uploads\/2018\/09\/6b3a6ec0-ibovespa-jpg.webp\",\"keywords\":[\"B3 (B3SA3)\",\"Bolsa de Valores\",\"Ibovespa\",\"Or\u00e7amento P\u00fablico\"],\"articleSection\":[\"Mercado\"],\"inLanguage\":\"pt-BR\"},{\"@type\":\"WebPage\",\"@id\":\"https:\/\/www.suno.com.br\/noticias\/ibovespa-alta-investidores-11062019\/\",\"url\":\"https:\/\/www.suno.com.br\/noticias\/ibovespa-alta-investidores-11062019\/\",\"name\":\"Ibovespa fecha em alta com investidores de olho nas contas p\u00fablicas\",\"isPartOf\":{\"@id\":\"https:\/\/www.suno.com.br\/noticias\/#website\"},\"primaryImageOfPage\":{\"@id\":\"https:\/\/www.suno.com.br\/noticias\/ibovespa-alta-investidores-11062019\/#primaryimage\"},\"image\":{\"@id\":\"https:\/\/www.suno.com.br\/noticias\/ibovespa-alta-investidores-11062019\/#primaryimage\"},\"thumbnailUrl\":\"https:\/\/files.sunoresearch.com.br\/n\/uploads\/2018\/09\/6b3a6ec0-ibovespa-jpg.webp\",\"datePublished\":\"2019-06-11T20:44:24+00:00\",\"description\":\"O Ibovespa fechou em alta de 1,53% em 98.960 pontos com os investidores de olho nas contas p\u00fablicas. Clique aqui para saber mais.\",\"breadcrumb\":{\"@id\":\"https:\/\/www.suno.com.br\/noticias\/ibovespa-alta-investidores-11062019\/#breadcrumb\"},\"inLanguage\":\"pt-BR\",\"potentialAction\":[{\"@type\":\"ReadAction\",\"target\":[\"https:\/\/www.suno.com.br\/noticias\/ibovespa-alta-investidores-11062019\/\"]}]},{\"@type\":\"ImageObject\",\"inLanguage\":\"pt-BR\",\"@id\":\"https:\/\/www.suno.com.br\/noticias\/ibovespa-alta-investidores-11062019\/#primaryimage\",\"url\":\"https:\/\/files.sunoresearch.com.br\/n\/uploads\/2018\/09\/6b3a6ec0-ibovespa-jpg.webp\",\"contentUrl\":\"https:\/\/files.sunoresearch.com.br\/n\/uploads\/2018\/09\/6b3a6ec0-ibovespa-jpg.webp\",\"width\":1280,\"height\":853,\"caption\":\"a\u00e7\u00f5es\"},{\"@type\":\"BreadcrumbList\",\"@id\":\"https:\/\/www.suno.com.br\/noticias\/ibovespa-alta-investidores-11062019\/#breadcrumb\",\"itemListElement\":[{\"@type\":\"ListItem\",\"position\":1,\"name\":\"Not\u00edcias\",\"item\":\"https:\/\/www.suno.com.br\/noticias\/\"},{\"@type\":\"ListItem\",\"position\":2,\"name\":\"Mercado\",\"item\":\"https:\/\/www.suno.com.br\/noticias\/mercado\/\"},{\"@type\":\"ListItem\",\"position\":3,\"name\":\"Ibovespa fecha em alta com investidores de olho nas contas p\u00fablicas\"}]},{\"@type\":\"WebSite\",\"@id\":\"https:\/\/www.suno.com.br\/noticias\/#website\",\"url\":\"https:\/\/www.suno.com.br\/noticias\/\",\"name\":\"Suno Not\u00edcias\",\"description\":\"Seu portal de informa\u00e7\u00e3o sobre o mundo dos investimentos\",\"publisher\":{\"@id\":\"https:\/\/www.suno.com.br\/noticias\/#organization\"},\"potentialAction\":[{\"@type\":\"SearchAction\",\"target\":{\"@type\":\"EntryPoint\",\"urlTemplate\":\"https:\/\/www.suno.com.br\/noticias\/?s={search_term_string}\"},\"query-input\":{\"@type\":\"PropertyValueSpecification\",\"valueRequired\":true,\"valueName\":\"search_term_string\"}}],\"inLanguage\":\"pt-BR\"},{\"@type\":\"Organization\",\"@id\":\"https:\/\/www.suno.com.br\/noticias\/#organization\",\"name\":\"Suno Not\u00edcias\",\"url\":\"https:\/\/www.suno.com.br\/noticias\/\",\"logo\":{\"@type\":\"ImageObject\",\"inLanguage\":\"pt-BR\",\"@id\":\"https:\/\/www.suno.com.br\/noticias\/#\/schema\/logo\/image\/\",\"url\":\"https:\/\/files.sunoresearch.com.br\/n\/uploads\/2021\/09\/suno-logo.png\",\"contentUrl\":\"https:\/\/files.sunoresearch.com.br\/n\/uploads\/2021\/09\/suno-logo.png\",\"width\":180,\"height\":180,\"caption\":\"Suno Not\u00edcias\"},\"image\":{\"@id\":\"https:\/\/www.suno.com.br\/noticias\/#\/schema\/logo\/image\/\"},\"sameAs\":[\"https:\/\/facebook.com\/sunoresearch\",\"https:\/\/x.com\/sunoresearch\",\"https:\/\/www.instagram.com\/suno\",\"https:\/\/www.linkedin.com\/company\/suno-research\/\",\"https:\/\/www.youtube.com\/c\/sunoresearch\"]},{\"@type\":\"Person\",\"@id\":\"https:\/\/www.suno.com.br\/noticias\/#\/schema\/person\/e6e0f723cc177805027f4566c1d5e0c8\",\"name\":\"Carlo Cauti\",\"image\":{\"@type\":\"ImageObject\",\"inLanguage\":\"pt-BR\",\"@id\":\"https:\/\/www.suno.com.br\/noticias\/#\/schema\/person\/image\/\",\"url\":\"https:\/\/secure.gravatar.com\/avatar\/3ada9e0bd164c23abd4792a9606d583c?s=96&r=g\",\"contentUrl\":\"https:\/\/secure.gravatar.com\/avatar\/3ada9e0bd164c23abd4792a9606d583c?s=96&r=g\",\"caption\":\"Carlo Cauti\"},\"description\":\"Editor multim\u00eddia do SUNO Not\u00edcias. Italiano, formado em Ci\u00eancias Pol\u00edticas pela universidade LUISS G. Carli de Roma e mestre cum laude em Rela\u00e7\u00f5es Internacionais, Jornalismo Internacional e de Guerra e em Economia Internacional. Concluiu tamb\u00e9m um MBA em Finan\u00e7as na B3. No Brasil, teve passagem por ve\u00edculos como Estad\u00e3o, Globo, Veja e EXAME. e nas ag\u00eancias de not\u00edcias italianas ANSA e NOVA.\",\"url\":\"https:\/\/www.suno.com.br\/noticias\/author\/carlo-cauti\/\"}]}<\/script>\n<!-- \/ Yoast SEO plugin. -->","yoast_head_json":{"title":"Ibovespa fecha em alta com investidores de olho nas contas p\u00fablicas","description":"O Ibovespa fechou em alta de 1,53% em 98.960 pontos com os investidores de olho nas contas p\u00fablicas. Clique aqui para saber mais.","robots":{"index":"index","follow":"follow","max-snippet":"max-snippet:-1","max-image-preview":"max-image-preview:large","max-video-preview":"max-video-preview:-1"},"canonical":"https:\/\/www.suno.com.br\/noticias\/ibovespa-alta-investidores-11062019\/","og_locale":"pt_BR","og_type":"article","og_title":"Ibovespa fecha em alta com investidores de olho nas contas p\u00fablicas","og_description":"O Ibovespa fechou em alta de 1,53% em 98.960 pontos com os investidores de olho nas contas p\u00fablicas. Clique aqui para saber mais.","og_url":"https:\/\/www.suno.com.br\/noticias\/ibovespa-alta-investidores-11062019\/","og_site_name":"Suno Not\u00edcias","article_publisher":"https:\/\/facebook.com\/sunoresearch","og_image":[{"width":1280,"height":853,"url":"https:\/\/files.sunoresearch.com.br\/n\/uploads\/2018\/09\/6b3a6ec0-ibovespa.jpg","type":"image\/jpeg"}],"author":"Carlo Cauti","twitter_card":"summary_large_image","twitter_creator":"@sunoresearch","twitter_site":"@sunoresearch","twitter_misc":{"Escrito por":"Carlo Cauti","Est. tempo de leitura":"3 minutos"},"schema":{"@context":"https:\/\/schema.org","@graph":[{"@type":"NewsArticle","@id":"https:\/\/www.suno.com.br\/noticias\/ibovespa-alta-investidores-11062019\/#article","isPartOf":{"@id":"https:\/\/www.suno.com.br\/noticias\/ibovespa-alta-investidores-11062019\/"},"author":{"name":"Carlo Cauti","@id":"https:\/\/www.suno.com.br\/noticias\/#\/schema\/person\/e6e0f723cc177805027f4566c1d5e0c8"},"headline":"Ibovespa fecha em alta com investidores de olho nas contas p\u00fablicas","datePublished":"2019-06-11T20:44:24+00:00","mainEntityOfPage":{"@id":"https:\/\/www.suno.com.br\/noticias\/ibovespa-alta-investidores-11062019\/"},"wordCount":696,"publisher":{"@id":"https:\/\/www.suno.com.br\/noticias\/#organization"},"image":{"@id":"https:\/\/www.suno.com.br\/noticias\/ibovespa-alta-investidores-11062019\/#primaryimage"},"thumbnailUrl":"https:\/\/files.sunoresearch.com.br\/n\/uploads\/2018\/09\/6b3a6ec0-ibovespa-jpg.webp","keywords":["B3 (B3SA3)","Bolsa de Valores","Ibovespa","Or\u00e7amento P\u00fablico"],"articleSection":["Mercado"],"inLanguage":"pt-BR"},{"@type":"WebPage","@id":"https:\/\/www.suno.com.br\/noticias\/ibovespa-alta-investidores-11062019\/","url":"https:\/\/www.suno.com.br\/noticias\/ibovespa-alta-investidores-11062019\/","name":"Ibovespa fecha em alta com investidores de olho nas contas p\u00fablicas","isPartOf":{"@id":"https:\/\/www.suno.com.br\/noticias\/#website"},"primaryImageOfPage":{"@id":"https:\/\/www.suno.com.br\/noticias\/ibovespa-alta-investidores-11062019\/#primaryimage"},"image":{"@id":"https:\/\/www.suno.com.br\/noticias\/ibovespa-alta-investidores-11062019\/#primaryimage"},"thumbnailUrl":"https:\/\/files.sunoresearch.com.br\/n\/uploads\/2018\/09\/6b3a6ec0-ibovespa-jpg.webp","datePublished":"2019-06-11T20:44:24+00:00","description":"O Ibovespa fechou em alta de 1,53% em 98.960 pontos com os investidores de olho nas contas p\u00fablicas. Clique aqui para saber mais.","breadcrumb":{"@id":"https:\/\/www.suno.com.br\/noticias\/ibovespa-alta-investidores-11062019\/#breadcrumb"},"inLanguage":"pt-BR","potentialAction":[{"@type":"ReadAction","target":["https:\/\/www.suno.com.br\/noticias\/ibovespa-alta-investidores-11062019\/"]}]},{"@type":"ImageObject","inLanguage":"pt-BR","@id":"https:\/\/www.suno.com.br\/noticias\/ibovespa-alta-investidores-11062019\/#primaryimage","url":"https:\/\/files.sunoresearch.com.br\/n\/uploads\/2018\/09\/6b3a6ec0-ibovespa-jpg.webp","contentUrl":"https:\/\/files.sunoresearch.com.br\/n\/uploads\/2018\/09\/6b3a6ec0-ibovespa-jpg.webp","width":1280,"height":853,"caption":"a\u00e7\u00f5es"},{"@type":"BreadcrumbList","@id":"https:\/\/www.suno.com.br\/noticias\/ibovespa-alta-investidores-11062019\/#breadcrumb","itemListElement":[{"@type":"ListItem","position":1,"name":"Not\u00edcias","item":"https:\/\/www.suno.com.br\/noticias\/"},{"@type":"ListItem","position":2,"name":"Mercado","item":"https:\/\/www.suno.com.br\/noticias\/mercado\/"},{"@type":"ListItem","position":3,"name":"Ibovespa fecha em alta com investidores de olho nas contas p\u00fablicas"}]},{"@type":"WebSite","@id":"https:\/\/www.suno.com.br\/noticias\/#website","url":"https:\/\/www.suno.com.br\/noticias\/","name":"Suno Not\u00edcias","description":"Seu portal de informa\u00e7\u00e3o sobre o mundo dos investimentos","publisher":{"@id":"https:\/\/www.suno.com.br\/noticias\/#organization"},"potentialAction":[{"@type":"SearchAction","target":{"@type":"EntryPoint","urlTemplate":"https:\/\/www.suno.com.br\/noticias\/?s={search_term_string}"},"query-input":{"@type":"PropertyValueSpecification","valueRequired":true,"valueName":"search_term_string"}}],"inLanguage":"pt-BR"},{"@type":"Organization","@id":"https:\/\/www.suno.com.br\/noticias\/#organization","name":"Suno Not\u00edcias","url":"https:\/\/www.suno.com.br\/noticias\/","logo":{"@type":"ImageObject","inLanguage":"pt-BR","@id":"https:\/\/www.suno.com.br\/noticias\/#\/schema\/logo\/image\/","url":"https:\/\/files.sunoresearch.com.br\/n\/uploads\/2021\/09\/suno-logo.png","contentUrl":"https:\/\/files.sunoresearch.com.br\/n\/uploads\/2021\/09\/suno-logo.png","width":180,"height":180,"caption":"Suno Not\u00edcias"},"image":{"@id":"https:\/\/www.suno.com.br\/noticias\/#\/schema\/logo\/image\/"},"sameAs":["https:\/\/facebook.com\/sunoresearch","https:\/\/x.com\/sunoresearch","https:\/\/www.instagram.com\/suno","https:\/\/www.linkedin.com\/company\/suno-research\/","https:\/\/www.youtube.com\/c\/sunoresearch"]},{"@type":"Person","@id":"https:\/\/www.suno.com.br\/noticias\/#\/schema\/person\/e6e0f723cc177805027f4566c1d5e0c8","name":"Carlo Cauti","image":{"@type":"ImageObject","inLanguage":"pt-BR","@id":"https:\/\/www.suno.com.br\/noticias\/#\/schema\/person\/image\/","url":"https:\/\/secure.gravatar.com\/avatar\/3ada9e0bd164c23abd4792a9606d583c?s=96&r=g","contentUrl":"https:\/\/secure.gravatar.com\/avatar\/3ada9e0bd164c23abd4792a9606d583c?s=96&r=g","caption":"Carlo Cauti"},"description":"Editor multim\u00eddia do SUNO Not\u00edcias. Italiano, formado em Ci\u00eancias Pol\u00edticas pela universidade LUISS G. Carli de Roma e mestre cum laude em Rela\u00e7\u00f5es Internacionais, Jornalismo Internacional e de Guerra e em Economia Internacional. Concluiu tamb\u00e9m um MBA em Finan\u00e7as na B3. No Brasil, teve passagem por ve\u00edculos como Estad\u00e3o, Globo, Veja e EXAME. e nas ag\u00eancias de not\u00edcias italianas ANSA e NOVA.","url":"https:\/\/www.suno.com.br\/noticias\/author\/carlo-cauti\/"}]}},"default_loop_html":"<div class=\"cardsPage__listCard__boxs\"><div class=\"cardsPage__listCard__boxs__img\"><a href=\"https:\/\/www.suno.com.br\/noticias\/ibovespa-alta-investidores-11062019\/\"><img class=\"mask\" src=\"https:\/\/www.suno.com.br\/noticias\/wp-content\/themes\/suno\/resources\/images\/spotlight\/spotlight1img\/bg-mask.png\" alt=\"Image Mask\"\/><img src=\"https:\/\/files.sunoresearch.com.br\/n\/uploads\/2018\/09\/6b3a6ec0-ibovespa-400x200.webp\" alt=\"Ibovespa fecha em alta com investidores de olho nas contas p\u00fablicas\"\/><\/a><span class=\"spotlightCategory\"><a href=\"https:\/\/www.suno.com.br\/noticias\/mercado\/\">Mercado<\/a><\/span><\/div><div class=\"cardsPage__listCard__boxs__content\"><a href=\"https:\/\/www.suno.com.br\/noticias\/ibovespa-alta-investidores-11062019\/\"><h2 class=\"content__title\">Ibovespa fecha em alta com investidores de olho nas contas p\u00fablicas<\/h2><\/a><div class=\"newsContent__article__meta\"><div class=\"newsContent__article__meta__authorBox\"><a href=\"https:\/\/www.suno.com.br\/noticias\/author\/carlo-cauti\/\" class=\"authorBox__avatar noMobi\"><img src=\"https:\/\/files.sunoresearch.com.br\/n\/uploads\/2020\/08\/e3745f9a-perfil-carlo-cauti-150x150.webp\" alt=\"Carlo Cauti\"><\/a><div class=\"authorBox__name\"><span>por\n\t\t\t<a href=\"https:\/\/www.suno.com.br\/noticias\/author\/carlo-cauti\/\"><span itemprop=\"author\">Carlo Cauti<\/span><\/a><\/span><time datetime=\"2019-06-11T17:44:24-03:00\" itemprop=\"datePublished\">11\/06\/2019 17:44<\/time><\/div><\/div><\/div><\/div><\/div>","single_layout":"posts","amp_enabled":true,"_links":{"self":[{"href":"https:\/\/www.suno.com.br\/noticias\/wp-json\/wp\/v2\/posts\/27878"}],"collection":[{"href":"https:\/\/www.suno.com.br\/noticias\/wp-json\/wp\/v2\/posts"}],"about":[{"href":"https:\/\/www.suno.com.br\/noticias\/wp-json\/wp\/v2\/types\/post"}],"author":[{"embeddable":true,"href":"https:\/\/www.suno.com.br\/noticias\/wp-json\/wp\/v2\/users\/9"}],"replies":[{"embeddable":true,"href":"https:\/\/www.suno.com.br\/noticias\/wp-json\/wp\/v2\/comments?post=27878"}],"version-history":[{"count":0,"href":"https:\/\/www.suno.com.br\/noticias\/wp-json\/wp\/v2\/posts\/27878\/revisions"}],"wp:featuredmedia":[{"embeddable":true,"href":"https:\/\/www.suno.com.br\/noticias\/wp-json\/wp\/v2\/media\/3429"}],"wp:attachment":[{"href":"https:\/\/www.suno.com.br\/noticias\/wp-json\/wp\/v2\/media?parent=27878"}],"wp:term":[{"taxonomy":"category","embeddable":true,"href":"https:\/\/www.suno.com.br\/noticias\/wp-json\/wp\/v2\/categories?post=27878"},{"taxonomy":"post_tag","embeddable":true,"href":"https:\/\/www.suno.com.br\/noticias\/wp-json\/wp\/v2\/tags?post=27878"},{"taxonomy":"suno_strategy","embeddable":true,"href":"https:\/\/www.suno.com.br\/noticias\/wp-json\/wp\/v2\/suno_strategy?post=27878"}],"curies":[{"name":"wp","href":"https:\/\/api.w.org\/{rel}","templated":true}]}}