{"id":278685,"date":"2022-07-26T17:51:26","date_gmt":"2022-07-26T20:51:26","guid":{"rendered":"https:\/\/www.suno.com.br\/noticias\/?p=278685"},"modified":"2022-07-26T17:51:26","modified_gmt":"2022-07-26T20:51:26","slug":"copel-cple6-2t22-btg-compra-previa","status":"publish","type":"post","link":"https:\/\/www.suno.com.br\/noticias\/copel-cple6-2t22-btg-compra-previa\/","title":{"rendered":"Copel (CPLE6): BTG recomenda compra ap\u00f3s pr\u00e9via operacional do 2T22"},"content":{"rendered":"<p>Ap\u00f3s a divulga\u00e7\u00e3o da pr\u00e9via operacional da <strong>Copel<\/strong> (<a href=\"https:\/\/www.suno.com.br\/acoes\/CPLE6\/\">CPLE6<\/a>), os analistas do <a class=\"suno-keyword\" href=\"https:\/\/www.suno.com.br\/acoes\/BPAC11\/\" target=\"_blank\" rel=\"noopener\" data-force=\"yes\" data-priority=\"2\">BTG Pactual (BPAC11)<\/a> reiteraram recomenda\u00e7\u00e3o de compra para os pap\u00e9is mirando R$ 7,30 como <a href=\"https:\/\/www.suno.com.br\/artigos\/preco-alvo\/\">pre\u00e7o-alvo<\/a>.<\/p><div class=\"videoFull \">\n\t\t\t<div class=\"videoWrapper yt-lazyload center\"\n\t\t\t\tdata-width=\"960\"\n\t\t\t\tdata-height=\"540\"\n\t\t\t\tdata-id=\"KvczVt6o38g\"\n\t\t\t\tdata-alt=\"V\u00eddeo do YouTube - clique para reproduzir\"\n\t\t\t\tdata-logo=\"3\"\n\t\t\t\tdata-imagequality=\"maxres\">\n\t\t\t<\/div>\n\t\t<\/div><script type=\"application\/ld+json\">{\"@context\":\"https:\/\/schema.org\",\"@type\":\"VideoObject\",\"name\":\"Copel (CPLE6): RI revela dividendos de 2022! #Shorts\",\"description\":\"#COPEL #CPLE6 #DIVIDENDOS #Shorts - Copel (CPLE6): RI revela dividendos de 2022! \ud83d\udc47 \ud835\udc12\ud835\udc22\ud835\udc20\ud835\udc1a \ud835\udc27\ud835\udc28\ud835\udc2c\ud835\udc2c\ud835\udc1a\ud835\udc2c \ud835\udc2b\ud835\udc1e\ud835\udc1d\ud835\udc1e\ud835\udc2c \ud835\udc2c\ud835\udc28\ud835\udc1c\ud835\udc22\ud835\udc1a\ud835\udc22\ud835\udc2c: Portal Suno Not\u00edcias: https:\/\/www.suno.com.br\/noticias\/ Twitter: https:\/\/twitter.com\/sunonoticias Instagram: https:\/\/www.instagram.com\/sunonoticias\/ Telegram: https:\/\/t.me\/sunonoticias\",\"duration\":\"PT37S\",\"embedUrl\":\"https:\/\/www.youtube.com\/embed\/KvczVt6o38g\",\"regionsAllowed\":\"pt-BR\",\"interactionStatistic\":{\"@type\":\"InteractionCounter\",\"interactionType\":{\"@type\":\"WatchAction\"},\"userInteractionCount\":1983},\"thumbnailUrl\":\"https:\/\/i.ytimg.com\/vi\/KvczVt6o38g\/default.jpg\",\"uploadDate\":\"2022-05-25T10:00:20Z\"}<\/script>\n\n\t<p>\n\t\t<a href=\"\" target=\"_blank\" data-element=\"shortcode-suno-banner\" title=\"Banner SUNO, clique e saiba mais\">\n\t\t\t<picture>\n\t\t\t\t<source media=\"(max-width: 500px)\" srcset=\"\">\n\t\t\t\t<img class=\"newsContent__article__imgCapa newsContent__article__imgCapa--banner\"\n\t\t\t\t\tsrc=\"\"\n\t\t\t\t\tdata-promo-id=\"138420\"\t\t\t\t\t\t\t\t\t\t\t\t\t\t\talt=\"\"\n\t\t\t\t>\n\t\t\t<\/picture>\n\t\t<\/a>\n\t<\/p>\n\n\n<p>A casa ressalta o aumento de 1,7% em termos de volume faturado no comparativo anual. Esse n\u00famero da <strong><a href=\"https:\/\/www.suno.com.br\/artigos\/eficiencia-operacional\/\">pr\u00e9via operacional<\/a> da Copel<\/strong> mostra, que quando ajustado para gera\u00e7\u00e3o distribu\u00edda, o consumo teria aumentado 0,5% no comparativo anual, ante estimativa de 1% dos analistas do BTG.<\/p>\n<p>As a\u00e7\u00f5es <a href=\"https:\/\/statusinvest.com.br\/acoes\/cple6\"><strong>CPLE6<\/strong> <\/a>fecharam em queda de 2,28% nesta ter\u00e7a (26) ap\u00f3s a divulga\u00e7\u00e3o da pr\u00e9via operacional.<\/p>\n<p>&#8220;Por segmento, os principais destaques foram comerciais, industriais e \u2018outros\u2019 (aumento de 6,9%, 2,9% e 2,6%, respectivamente), como resultado de uma atividade econ\u00f4mica mais forte e maior consumo por clientes de alimentos e bebidas e celulose e papel&#8221;, dizem os <strong>analistas<\/strong> da casa.<\/p>\n<p>Por outro lado, os especialistas do BTG Pactual destacam uma <a href=\"https:\/\/www.suno.com.br\/artigos\/demanda-agregada\/\">queda de demanda nas \u00e1reas residenciais e rurais<\/a>, com magnitude de 1,5% e 4,9%, respectivamente.<\/p>\n\t<p>\n\t\t<a href=\"https:\/\/lp.suno.com.br\/planilha-controle-gastos\/\" target=\"_blank\" data-element=\"shortcode-suno-banner\" title=\"Banner SUNO, clique e saiba mais\">\n\t\t\t<picture>\n\t\t\t\t<source media=\"(max-width: 500px)\" srcset=\"https:\/\/files.sunoresearch.com.br\/n\/uploads\/2023\/03\/400x300-Planilha-controle-de-gastos.png\">\n\t\t\t\t<img class=\"newsContent__article__imgCapa newsContent__article__imgCapa--banner\"\n\t\t\t\t\tsrc=\"https:\/\/files.sunoresearch.com.br\/n\/uploads\/2023\/03\/1420x240-Planilha-controle-de-gastos.png\"\n\t\t\t\t\tdata-promo-id=\"101751\"\t\t\t\t\t\t\t\t\t\twidth='1420' height='240'\t\t\t\t\talt=\"https:\/\/files.sunoresearch.com.br\/n\/uploads\/2023\/03\/1420x240-Planilha-controle-de-gastos.png\"\n\t\t\t\t>\n\t\t\t<\/picture>\n\t\t<\/a>\n\t<\/p>\n\n\n<p>&#8220;Isso ocorre devido \u00e0 flexibiliza\u00e7\u00e3o das medidas de distanciamento e temperaturas mais amenas&#8221;, explica o BTG.<\/p>\n<p>Al\u00e9m disso, em termos de <a href=\"https:\/\/www.suno.com.br\/noticias\/copel-tres-leiloes-compra-energia-eolica-solar-2020\/\">gera\u00e7\u00e3o e\u00f3lica e h\u00eddrica<\/a>, a casa destaca os dados mais fortes por conta das condi\u00e7\u00f5es clim\u00e1ticas.<\/p>\n<p>&#8220;Do lado da gera\u00e7\u00e3o, os volumes vendidos ca\u00edram 3% no comparativo anual com o aumento de 27% na energia e\u00f3lica gera\u00e7\u00e3o devido \u00e0 aquisi\u00e7\u00e3o do parque e\u00f3lico Vilas em dezembro do ano de 2021 e crescimento de 5% nos volumes h\u00eddricos vendidos com as chuvas mais fortes foram mais do que compensados \u200b\u200bpelo despacho zero na t\u00e9rmica de Arauc\u00e1ria ao longo do trimestre&#8221;, destaca o BTG.<\/p>\n<h2>Veja mais n\u00fameros da pr\u00e9via operacional da Copel<\/h2>\n<p>No acumulado do ano, a <strong>distribui\u00e7\u00e3o de energia<\/strong> apresentou alta de 3,8%.<\/p>\n<p>A companhia mostra que, considerando os efeitos da energia compensada no consumo de Mini e Micro Gera\u00e7\u00e3o Distribu\u00edda, que passou de 152 GWh no 2T21 para 255 GWh no <strong>2T22<\/strong>, com aumento de 67,1%, o crescimento do mercado faturado registrou varia\u00e7\u00e3o de 0,5% entre os per\u00edodos e 2,3% no acumulado do ano.<\/p>\n\t<p>\n\t\t<a href=\"https:\/\/lp.suno.com.br\/planilha-da-vida-financeira\/\" target=\"_blank\" data-element=\"shortcode-suno-banner\" title=\"Banner SUNO, clique e saiba mais\">\n\t\t\t<picture>\n\t\t\t\t<source media=\"(max-width: 500px)\" srcset=\"https:\/\/files.sunoresearch.com.br\/n\/uploads\/2023\/04\/400x300-Planilha-vida-financeira-true.png\">\n\t\t\t\t<img class=\"newsContent__article__imgCapa newsContent__article__imgCapa--banner\"\n\t\t\t\t\tsrc=\"https:\/\/files.sunoresearch.com.br\/n\/uploads\/2023\/04\/1420x240-Planilha-vida-financeira-true.png\"\n\t\t\t\t\tdata-promo-id=\"106682\"\t\t\t\t\t\t\t\t\t\twidth='1420' height='240'\t\t\t\t\talt=\"https:\/\/files.sunoresearch.com.br\/n\/uploads\/2023\/04\/1420x240-Planilha-vida-financeira-true.png\"\n\t\t\t\t>\n\t\t\t<\/picture>\n\t\t<\/a>\n\t<\/p>\n\n\n<p>O consumo comercial subiu 6,9% ante uma alta de 2,9% no consumo industrial.<\/p>\n<p>&#8220;O volume de energia vendida da<strong> Copel Gera\u00e7\u00e3o e Transmiss\u00e3o<\/strong> (incluindo a energia oriunda de UHE Foz do Areia \u2013 FDA e PCH Bela Vista \u2013 BVE, mas excluindo UTE Arauc\u00e1ria) atingiu 4.257 GWh no 2T22, um aumento de 5,2% em compara\u00e7\u00e3o com o mesmo per\u00edodo do ano anterior&#8221;, destaca a Copel, em comunicado.<\/p>\n<p>Em termos de comercializa\u00e7\u00e3o, a companhia mostra que no trimestre o volume de energia vendida pela Copel Mercado Livre apresentou um aumento de 6,3% em rela\u00e7\u00e3o ao 2T21, em virtude do crescimento 41,9% na energia vendida para consumidores livres e de 12,4% da energia vendida em contratos bilaterais.<\/p>\n<p>Al\u00e9m disso, o total de energia vendida pela <strong>Copel<\/strong>\u00a0atingiu 16.607 GWh no 2T22, representando um crescimento de 5,3% em rela\u00e7\u00e3o ao mesmo per\u00edodo do exerc\u00edcio anterior.<\/p>\n\t<p>\n\t\t<a href=\"https:\/\/lp.suno.com.br\/ebook-como-analisar-uma-acao\/\" target=\"_blank\" data-element=\"shortcode-suno-banner\" title=\"Banner SUNO, clique e saiba mais\">\n\t\t\t<picture>\n\t\t\t\t<source media=\"(max-width: 500px)\" srcset=\"https:\/\/files.sunoresearch.com.br\/n\/uploads\/2023\/03\/Ebook-Acoes-Mobile-1.jpg\">\n\t\t\t\t<img class=\"newsContent__article__imgCapa newsContent__article__imgCapa--banner\"\n\t\t\t\t\tsrc=\"https:\/\/files.sunoresearch.com.br\/n\/uploads\/2023\/03\/Ebook-Acoes-Desktop-1.jpg\"\n\t\t\t\t\tdata-promo-id=\"171998\"\t\t\t\t\t\t\t\t\t\twidth='1420' height='286'\t\t\t\t\talt=\"https:\/\/files.sunoresearch.com.br\/n\/uploads\/2023\/03\/Ebook-Acoes-Desktop-1.jpg\"\n\t\t\t\t>\n\t\t\t<\/picture>\n\t\t<\/a>\n\t<\/p>\n\n\n","protected":false},"excerpt":{"rendered":"<p>Ap\u00f3s a divulga\u00e7\u00e3o da pr\u00e9via operacional da Copel (CPLE6), os analistas do BTG Pactual (BPAC11) reiteraram recomenda\u00e7\u00e3o de compra para os pap\u00e9is mirando R$ 7,30 como pre\u00e7o-alvo. A casa ressalta o aumento de 1,7% em termos de volume faturado no comparativo anual. Esse n\u00famero da pr\u00e9via operacional da Copel mostra, que quando ajustado para gera\u00e7\u00e3o [&hellip;]<\/p>\n","protected":false},"author":73,"featured_media":149229,"comment_status":"closed","ping_status":"closed","sticky":false,"template":"","format":"standard","meta":[],"categories":[64],"tags":[431,105816],"suno_strategy":[],"class_list":["post-278685","post","type-post","status-publish","format-standard","has-post-thumbnail","hentry","category-negocios","tag-copel-cple3-cple5-cple6","tag-especialistas"],"yoast_head":"<!-- This site is optimized with the Yoast SEO plugin v24.4 - https:\/\/yoast.com\/wordpress\/plugins\/seo\/ -->\n<title>Copel (CPLE6): BTG recomenda compra ap\u00f3s pr\u00e9via do 2T22<\/title>\n<meta name=\"description\" content=\"A casa ressalta o aumento de 1,7% em termos de volume faturado no comparativo anual pela Copel. Clique e confira!\" \/>\n<meta name=\"robots\" content=\"index, follow, max-snippet:-1, max-image-preview:large, max-video-preview:-1\" \/>\n<link rel=\"canonical\" href=\"https:\/\/www.suno.com.br\/noticias\/copel-cple6-2t22-btg-compra-previa\/\" \/>\n<meta property=\"og:locale\" content=\"pt_BR\" \/>\n<meta property=\"og:type\" content=\"article\" \/>\n<meta property=\"og:title\" content=\"Copel (CPLE6): BTG recomenda compra ap\u00f3s pr\u00e9via do 2T22\" \/>\n<meta property=\"og:description\" content=\"A casa ressalta o aumento de 1,7% em termos de volume faturado no comparativo anual pela Copel. Clique e confira!\" \/>\n<meta property=\"og:url\" content=\"https:\/\/www.suno.com.br\/noticias\/copel-cple6-2t22-btg-compra-previa\/\" \/>\n<meta property=\"og:site_name\" content=\"Suno Not\u00edcias\" \/>\n<meta property=\"article:publisher\" content=\"https:\/\/facebook.com\/sunoresearch\" \/>\n<meta property=\"og:image\" content=\"https:\/\/files.sunoresearch.com.br\/n\/uploads\/2021\/05\/afeb4329-copel.jpg\" \/>\n\t<meta property=\"og:image:width\" content=\"1200\" \/>\n\t<meta property=\"og:image:height\" content=\"800\" \/>\n\t<meta property=\"og:image:type\" content=\"image\/jpeg\" \/>\n<meta name=\"author\" content=\"Eduardo Vargas\" \/>\n<meta name=\"twitter:card\" content=\"summary_large_image\" \/>\n<meta name=\"twitter:creator\" content=\"@sunoresearch\" \/>\n<meta name=\"twitter:site\" content=\"@sunoresearch\" \/>\n<meta name=\"twitter:label1\" content=\"Escrito por\" \/>\n\t<meta name=\"twitter:data1\" content=\"Eduardo Vargas\" \/>\n\t<meta name=\"twitter:label2\" content=\"Est. tempo de leitura\" \/>\n\t<meta name=\"twitter:data2\" content=\"3 minutos\" \/>\n<script type=\"application\/ld+json\" class=\"yoast-schema-graph\">{\"@context\":\"https:\/\/schema.org\",\"@graph\":[{\"@type\":\"NewsArticle\",\"@id\":\"https:\/\/www.suno.com.br\/noticias\/copel-cple6-2t22-btg-compra-previa\/#article\",\"isPartOf\":{\"@id\":\"https:\/\/www.suno.com.br\/noticias\/copel-cple6-2t22-btg-compra-previa\/\"},\"author\":{\"name\":\"Eduardo Vargas\",\"@id\":\"https:\/\/www.suno.com.br\/noticias\/#\/schema\/person\/7f4d362bf3518e76090143ae77bb49a5\"},\"headline\":\"Copel (CPLE6): BTG recomenda compra ap\u00f3s pr\u00e9via operacional do 2T22\",\"datePublished\":\"2022-07-26T20:51:26+00:00\",\"mainEntityOfPage\":{\"@id\":\"https:\/\/www.suno.com.br\/noticias\/copel-cple6-2t22-btg-compra-previa\/\"},\"wordCount\":514,\"publisher\":{\"@id\":\"https:\/\/www.suno.com.br\/noticias\/#organization\"},\"image\":{\"@id\":\"https:\/\/www.suno.com.br\/noticias\/copel-cple6-2t22-btg-compra-previa\/#primaryimage\"},\"thumbnailUrl\":\"https:\/\/files.sunoresearch.com.br\/n\/uploads\/2021\/05\/afeb4329-copel-jpg.webp\",\"keywords\":[\"Copel (CPLE3\/CPLE5\/CPLE6)\",\"Especialistas\"],\"articleSection\":[\"Neg\u00f3cios\"],\"inLanguage\":\"pt-BR\"},{\"@type\":\"WebPage\",\"@id\":\"https:\/\/www.suno.com.br\/noticias\/copel-cple6-2t22-btg-compra-previa\/\",\"url\":\"https:\/\/www.suno.com.br\/noticias\/copel-cple6-2t22-btg-compra-previa\/\",\"name\":\"Copel (CPLE6): BTG recomenda compra ap\u00f3s pr\u00e9via do 2T22\",\"isPartOf\":{\"@id\":\"https:\/\/www.suno.com.br\/noticias\/#website\"},\"primaryImageOfPage\":{\"@id\":\"https:\/\/www.suno.com.br\/noticias\/copel-cple6-2t22-btg-compra-previa\/#primaryimage\"},\"image\":{\"@id\":\"https:\/\/www.suno.com.br\/noticias\/copel-cple6-2t22-btg-compra-previa\/#primaryimage\"},\"thumbnailUrl\":\"https:\/\/files.sunoresearch.com.br\/n\/uploads\/2021\/05\/afeb4329-copel-jpg.webp\",\"datePublished\":\"2022-07-26T20:51:26+00:00\",\"description\":\"A casa ressalta o aumento de 1,7% em termos de volume faturado no comparativo anual pela Copel. Clique e confira!\",\"breadcrumb\":{\"@id\":\"https:\/\/www.suno.com.br\/noticias\/copel-cple6-2t22-btg-compra-previa\/#breadcrumb\"},\"inLanguage\":\"pt-BR\",\"potentialAction\":[{\"@type\":\"ReadAction\",\"target\":[\"https:\/\/www.suno.com.br\/noticias\/copel-cple6-2t22-btg-compra-previa\/\"]}]},{\"@type\":\"ImageObject\",\"inLanguage\":\"pt-BR\",\"@id\":\"https:\/\/www.suno.com.br\/noticias\/copel-cple6-2t22-btg-compra-previa\/#primaryimage\",\"url\":\"https:\/\/files.sunoresearch.com.br\/n\/uploads\/2021\/05\/afeb4329-copel-jpg.webp\",\"contentUrl\":\"https:\/\/files.sunoresearch.com.br\/n\/uploads\/2021\/05\/afeb4329-copel-jpg.webp\",\"width\":1200,\"height\":800,\"caption\":\"Copel (CPLE6). Foto: Divulga\u00e7\u00e3o.\"},{\"@type\":\"BreadcrumbList\",\"@id\":\"https:\/\/www.suno.com.br\/noticias\/copel-cple6-2t22-btg-compra-previa\/#breadcrumb\",\"itemListElement\":[{\"@type\":\"ListItem\",\"position\":1,\"name\":\"Not\u00edcias\",\"item\":\"https:\/\/www.suno.com.br\/noticias\/\"},{\"@type\":\"ListItem\",\"position\":2,\"name\":\"Neg\u00f3cios\",\"item\":\"https:\/\/www.suno.com.br\/noticias\/negocios\/\"},{\"@type\":\"ListItem\",\"position\":3,\"name\":\"Copel (CPLE6): BTG recomenda compra ap\u00f3s pr\u00e9via operacional do 2T22\"}]},{\"@type\":\"WebSite\",\"@id\":\"https:\/\/www.suno.com.br\/noticias\/#website\",\"url\":\"https:\/\/www.suno.com.br\/noticias\/\",\"name\":\"Suno Not\u00edcias\",\"description\":\"Seu portal de informa\u00e7\u00e3o sobre o mundo dos investimentos\",\"publisher\":{\"@id\":\"https:\/\/www.suno.com.br\/noticias\/#organization\"},\"potentialAction\":[{\"@type\":\"SearchAction\",\"target\":{\"@type\":\"EntryPoint\",\"urlTemplate\":\"https:\/\/www.suno.com.br\/noticias\/?s={search_term_string}\"},\"query-input\":{\"@type\":\"PropertyValueSpecification\",\"valueRequired\":true,\"valueName\":\"search_term_string\"}}],\"inLanguage\":\"pt-BR\"},{\"@type\":\"Organization\",\"@id\":\"https:\/\/www.suno.com.br\/noticias\/#organization\",\"name\":\"Suno Not\u00edcias\",\"url\":\"https:\/\/www.suno.com.br\/noticias\/\",\"logo\":{\"@type\":\"ImageObject\",\"inLanguage\":\"pt-BR\",\"@id\":\"https:\/\/www.suno.com.br\/noticias\/#\/schema\/logo\/image\/\",\"url\":\"https:\/\/files.sunoresearch.com.br\/n\/uploads\/2021\/09\/suno-logo.png\",\"contentUrl\":\"https:\/\/files.sunoresearch.com.br\/n\/uploads\/2021\/09\/suno-logo.png\",\"width\":180,\"height\":180,\"caption\":\"Suno Not\u00edcias\"},\"image\":{\"@id\":\"https:\/\/www.suno.com.br\/noticias\/#\/schema\/logo\/image\/\"},\"sameAs\":[\"https:\/\/facebook.com\/sunoresearch\",\"https:\/\/x.com\/sunoresearch\",\"https:\/\/www.instagram.com\/suno\",\"https:\/\/www.linkedin.com\/company\/suno-research\/\",\"https:\/\/www.youtube.com\/c\/sunoresearch\"]},{\"@type\":\"Person\",\"@id\":\"https:\/\/www.suno.com.br\/noticias\/#\/schema\/person\/7f4d362bf3518e76090143ae77bb49a5\",\"name\":\"Eduardo Vargas\",\"image\":{\"@type\":\"ImageObject\",\"inLanguage\":\"pt-BR\",\"@id\":\"https:\/\/www.suno.com.br\/noticias\/#\/schema\/person\/image\/\",\"url\":\"https:\/\/secure.gravatar.com\/avatar\/dac340933427a22924c9f99d1eb2e3f2?s=96&r=g\",\"contentUrl\":\"https:\/\/secure.gravatar.com\/avatar\/dac340933427a22924c9f99d1eb2e3f2?s=96&r=g\",\"caption\":\"Eduardo Vargas\"},\"description\":\"Jornalista formado pela UFSC, cobre macroeconomia, neg\u00f3cios e startups para o Suno Not\u00edcias, escrevendo principalmente not\u00edcias sobre o mercado financeiro e a bolsa de valores. No YouTube e no Instagram, \u00e9 respons\u00e1vel pela produ\u00e7\u00e3o de Reels e Shorts do Suno Not\u00edcias. Anteriormente, trabalhou cobrindo economia e cotidiano no ND+ e para o ND, maior jornal impresso de Santa Catarina. Cursou um semestre letivo de Estudos de M\u00eddia na Universidad de Buenos Aires.\",\"url\":\"https:\/\/www.suno.com.br\/noticias\/author\/eduardo-vargas\/\"}]}<\/script>\n<!-- \/ Yoast SEO plugin. -->","yoast_head_json":{"title":"Copel (CPLE6): BTG recomenda compra ap\u00f3s pr\u00e9via do 2T22","description":"A casa ressalta o aumento de 1,7% em termos de volume faturado no comparativo anual pela Copel. Clique e confira!","robots":{"index":"index","follow":"follow","max-snippet":"max-snippet:-1","max-image-preview":"max-image-preview:large","max-video-preview":"max-video-preview:-1"},"canonical":"https:\/\/www.suno.com.br\/noticias\/copel-cple6-2t22-btg-compra-previa\/","og_locale":"pt_BR","og_type":"article","og_title":"Copel (CPLE6): BTG recomenda compra ap\u00f3s pr\u00e9via do 2T22","og_description":"A casa ressalta o aumento de 1,7% em termos de volume faturado no comparativo anual pela Copel. Clique e confira!","og_url":"https:\/\/www.suno.com.br\/noticias\/copel-cple6-2t22-btg-compra-previa\/","og_site_name":"Suno Not\u00edcias","article_publisher":"https:\/\/facebook.com\/sunoresearch","og_image":[{"width":1200,"height":800,"url":"https:\/\/files.sunoresearch.com.br\/n\/uploads\/2021\/05\/afeb4329-copel.jpg","type":"image\/jpeg"}],"author":"Eduardo Vargas","twitter_card":"summary_large_image","twitter_creator":"@sunoresearch","twitter_site":"@sunoresearch","twitter_misc":{"Escrito por":"Eduardo Vargas","Est. tempo de leitura":"3 minutos"},"schema":{"@context":"https:\/\/schema.org","@graph":[{"@type":"NewsArticle","@id":"https:\/\/www.suno.com.br\/noticias\/copel-cple6-2t22-btg-compra-previa\/#article","isPartOf":{"@id":"https:\/\/www.suno.com.br\/noticias\/copel-cple6-2t22-btg-compra-previa\/"},"author":{"name":"Eduardo Vargas","@id":"https:\/\/www.suno.com.br\/noticias\/#\/schema\/person\/7f4d362bf3518e76090143ae77bb49a5"},"headline":"Copel (CPLE6): BTG recomenda compra ap\u00f3s pr\u00e9via operacional do 2T22","datePublished":"2022-07-26T20:51:26+00:00","mainEntityOfPage":{"@id":"https:\/\/www.suno.com.br\/noticias\/copel-cple6-2t22-btg-compra-previa\/"},"wordCount":514,"publisher":{"@id":"https:\/\/www.suno.com.br\/noticias\/#organization"},"image":{"@id":"https:\/\/www.suno.com.br\/noticias\/copel-cple6-2t22-btg-compra-previa\/#primaryimage"},"thumbnailUrl":"https:\/\/files.sunoresearch.com.br\/n\/uploads\/2021\/05\/afeb4329-copel-jpg.webp","keywords":["Copel (CPLE3\/CPLE5\/CPLE6)","Especialistas"],"articleSection":["Neg\u00f3cios"],"inLanguage":"pt-BR"},{"@type":"WebPage","@id":"https:\/\/www.suno.com.br\/noticias\/copel-cple6-2t22-btg-compra-previa\/","url":"https:\/\/www.suno.com.br\/noticias\/copel-cple6-2t22-btg-compra-previa\/","name":"Copel (CPLE6): BTG recomenda compra ap\u00f3s pr\u00e9via do 2T22","isPartOf":{"@id":"https:\/\/www.suno.com.br\/noticias\/#website"},"primaryImageOfPage":{"@id":"https:\/\/www.suno.com.br\/noticias\/copel-cple6-2t22-btg-compra-previa\/#primaryimage"},"image":{"@id":"https:\/\/www.suno.com.br\/noticias\/copel-cple6-2t22-btg-compra-previa\/#primaryimage"},"thumbnailUrl":"https:\/\/files.sunoresearch.com.br\/n\/uploads\/2021\/05\/afeb4329-copel-jpg.webp","datePublished":"2022-07-26T20:51:26+00:00","description":"A casa ressalta o aumento de 1,7% em termos de volume faturado no comparativo anual pela Copel. Clique e confira!","breadcrumb":{"@id":"https:\/\/www.suno.com.br\/noticias\/copel-cple6-2t22-btg-compra-previa\/#breadcrumb"},"inLanguage":"pt-BR","potentialAction":[{"@type":"ReadAction","target":["https:\/\/www.suno.com.br\/noticias\/copel-cple6-2t22-btg-compra-previa\/"]}]},{"@type":"ImageObject","inLanguage":"pt-BR","@id":"https:\/\/www.suno.com.br\/noticias\/copel-cple6-2t22-btg-compra-previa\/#primaryimage","url":"https:\/\/files.sunoresearch.com.br\/n\/uploads\/2021\/05\/afeb4329-copel-jpg.webp","contentUrl":"https:\/\/files.sunoresearch.com.br\/n\/uploads\/2021\/05\/afeb4329-copel-jpg.webp","width":1200,"height":800,"caption":"Copel (CPLE6). Foto: Divulga\u00e7\u00e3o."},{"@type":"BreadcrumbList","@id":"https:\/\/www.suno.com.br\/noticias\/copel-cple6-2t22-btg-compra-previa\/#breadcrumb","itemListElement":[{"@type":"ListItem","position":1,"name":"Not\u00edcias","item":"https:\/\/www.suno.com.br\/noticias\/"},{"@type":"ListItem","position":2,"name":"Neg\u00f3cios","item":"https:\/\/www.suno.com.br\/noticias\/negocios\/"},{"@type":"ListItem","position":3,"name":"Copel (CPLE6): BTG recomenda compra ap\u00f3s pr\u00e9via operacional do 2T22"}]},{"@type":"WebSite","@id":"https:\/\/www.suno.com.br\/noticias\/#website","url":"https:\/\/www.suno.com.br\/noticias\/","name":"Suno Not\u00edcias","description":"Seu portal de informa\u00e7\u00e3o sobre o mundo dos investimentos","publisher":{"@id":"https:\/\/www.suno.com.br\/noticias\/#organization"},"potentialAction":[{"@type":"SearchAction","target":{"@type":"EntryPoint","urlTemplate":"https:\/\/www.suno.com.br\/noticias\/?s={search_term_string}"},"query-input":{"@type":"PropertyValueSpecification","valueRequired":true,"valueName":"search_term_string"}}],"inLanguage":"pt-BR"},{"@type":"Organization","@id":"https:\/\/www.suno.com.br\/noticias\/#organization","name":"Suno Not\u00edcias","url":"https:\/\/www.suno.com.br\/noticias\/","logo":{"@type":"ImageObject","inLanguage":"pt-BR","@id":"https:\/\/www.suno.com.br\/noticias\/#\/schema\/logo\/image\/","url":"https:\/\/files.sunoresearch.com.br\/n\/uploads\/2021\/09\/suno-logo.png","contentUrl":"https:\/\/files.sunoresearch.com.br\/n\/uploads\/2021\/09\/suno-logo.png","width":180,"height":180,"caption":"Suno Not\u00edcias"},"image":{"@id":"https:\/\/www.suno.com.br\/noticias\/#\/schema\/logo\/image\/"},"sameAs":["https:\/\/facebook.com\/sunoresearch","https:\/\/x.com\/sunoresearch","https:\/\/www.instagram.com\/suno","https:\/\/www.linkedin.com\/company\/suno-research\/","https:\/\/www.youtube.com\/c\/sunoresearch"]},{"@type":"Person","@id":"https:\/\/www.suno.com.br\/noticias\/#\/schema\/person\/7f4d362bf3518e76090143ae77bb49a5","name":"Eduardo Vargas","image":{"@type":"ImageObject","inLanguage":"pt-BR","@id":"https:\/\/www.suno.com.br\/noticias\/#\/schema\/person\/image\/","url":"https:\/\/secure.gravatar.com\/avatar\/dac340933427a22924c9f99d1eb2e3f2?s=96&r=g","contentUrl":"https:\/\/secure.gravatar.com\/avatar\/dac340933427a22924c9f99d1eb2e3f2?s=96&r=g","caption":"Eduardo Vargas"},"description":"Jornalista formado pela UFSC, cobre macroeconomia, neg\u00f3cios e startups para o Suno Not\u00edcias, escrevendo principalmente not\u00edcias sobre o mercado financeiro e a bolsa de valores. No YouTube e no Instagram, \u00e9 respons\u00e1vel pela produ\u00e7\u00e3o de Reels e Shorts do Suno Not\u00edcias. Anteriormente, trabalhou cobrindo economia e cotidiano no ND+ e para o ND, maior jornal impresso de Santa Catarina. Cursou um semestre letivo de Estudos de M\u00eddia na Universidad de Buenos Aires.","url":"https:\/\/www.suno.com.br\/noticias\/author\/eduardo-vargas\/"}]}},"default_loop_html":"<div class=\"cardsPage__listCard__boxs\"><div class=\"cardsPage__listCard__boxs__img\"><a href=\"https:\/\/www.suno.com.br\/noticias\/copel-cple6-2t22-btg-compra-previa\/\"><img class=\"mask\" src=\"https:\/\/www.suno.com.br\/noticias\/wp-content\/themes\/suno\/resources\/images\/spotlight\/spotlight1img\/bg-mask.png\" alt=\"Image Mask\"\/><img src=\"https:\/\/files.sunoresearch.com.br\/n\/uploads\/2021\/05\/afeb4329-copel-400x200.webp\" alt=\"Copel (CPLE6): BTG recomenda compra ap\u00f3s pr\u00e9via operacional do 2T22\"\/><\/a><span class=\"spotlightCategory\"><a href=\"https:\/\/www.suno.com.br\/noticias\/negocios\/\">Neg\u00f3cios<\/a><\/span><\/div><div class=\"cardsPage__listCard__boxs__content\"><a href=\"https:\/\/www.suno.com.br\/noticias\/copel-cple6-2t22-btg-compra-previa\/\"><h2 class=\"content__title\">Copel (CPLE6): BTG recomenda compra ap\u00f3s pr\u00e9via operacional do 2T22<\/h2><\/a><div class=\"newsContent__article__meta\"><div class=\"newsContent__article__meta__authorBox\"><a href=\"https:\/\/www.suno.com.br\/noticias\/author\/eduardo-vargas\/\" class=\"authorBox__avatar noMobi\"><img src=\"https:\/\/secure.gravatar.com\/avatar\/dac340933427a22924c9f99d1eb2e3f2?s=96&#038;r=g\" alt=\"Eduardo Vargas\"><\/a><div class=\"authorBox__name\"><span>por\n\t\t\t<a href=\"https:\/\/www.suno.com.br\/noticias\/author\/eduardo-vargas\/\"><span itemprop=\"author\">Eduardo Vargas<\/span><\/a><\/span><time datetime=\"2022-07-26T17:51:26-03:00\" itemprop=\"datePublished\">26\/07\/2022 17:51<\/time><\/div><\/div><\/div><\/div><\/div>","single_layout":"posts","amp_enabled":true,"_links":{"self":[{"href":"https:\/\/www.suno.com.br\/noticias\/wp-json\/wp\/v2\/posts\/278685"}],"collection":[{"href":"https:\/\/www.suno.com.br\/noticias\/wp-json\/wp\/v2\/posts"}],"about":[{"href":"https:\/\/www.suno.com.br\/noticias\/wp-json\/wp\/v2\/types\/post"}],"author":[{"embeddable":true,"href":"https:\/\/www.suno.com.br\/noticias\/wp-json\/wp\/v2\/users\/73"}],"replies":[{"embeddable":true,"href":"https:\/\/www.suno.com.br\/noticias\/wp-json\/wp\/v2\/comments?post=278685"}],"version-history":[{"count":3,"href":"https:\/\/www.suno.com.br\/noticias\/wp-json\/wp\/v2\/posts\/278685\/revisions"}],"predecessor-version":[{"id":278756,"href":"https:\/\/www.suno.com.br\/noticias\/wp-json\/wp\/v2\/posts\/278685\/revisions\/278756"}],"wp:featuredmedia":[{"embeddable":true,"href":"https:\/\/www.suno.com.br\/noticias\/wp-json\/wp\/v2\/media\/149229"}],"wp:attachment":[{"href":"https:\/\/www.suno.com.br\/noticias\/wp-json\/wp\/v2\/media?parent=278685"}],"wp:term":[{"taxonomy":"category","embeddable":true,"href":"https:\/\/www.suno.com.br\/noticias\/wp-json\/wp\/v2\/categories?post=278685"},{"taxonomy":"post_tag","embeddable":true,"href":"https:\/\/www.suno.com.br\/noticias\/wp-json\/wp\/v2\/tags?post=278685"},{"taxonomy":"suno_strategy","embeddable":true,"href":"https:\/\/www.suno.com.br\/noticias\/wp-json\/wp\/v2\/suno_strategy?post=278685"}],"curies":[{"name":"wp","href":"https:\/\/api.w.org\/{rel}","templated":true}]}}