{"id":278605,"date":"2022-07-26T13:29:50","date_gmt":"2022-07-26T16:29:50","guid":{"rendered":"https:\/\/www.suno.com.br\/noticias\/?p=278605"},"modified":"2022-07-26T13:29:50","modified_gmt":"2022-07-26T16:29:50","slug":"oi-oibr3-compra-movel-cancelada-genial","status":"publish","type":"post","link":"https:\/\/www.suno.com.br\/noticias\/oi-oibr3-compra-movel-cancelada-genial\/","title":{"rendered":"Oi (OIBR3): venda da Oi M\u00f3vel pode ser cancelada? Genial analisa"},"content":{"rendered":"<p>Parecer da <a href=\"https:\/\/www.suno.com.br\/noticias\/anatel-implementacao-5g-brasil-adiada-setembro\/\">Anatel<\/a> mostra que TIM (TIMS3), Vivo (VIVT3) e Claro, as empresas que compraram a Oi M\u00f3vel &#8211; ativos de telefonia m\u00f3vel, no processo de <a class=\"suno-keyword\" href=\"https:\/\/www.suno.com.br\/artigos\/recuperacao-judicial\/\" target=\"_blank\" rel=\"noopener\" data-force=\"no\" data-priority=\"2\">recupera\u00e7\u00e3o judicial<\/a> da\u00a0<strong>Oi<\/strong> (<a href=\"https:\/\/www.suno.com.br\/acoes\/oibr3\/\">OIBR3<\/a>) &#8211; n\u00e3o est\u00e3o cumprindo com um dos rem\u00e9dios estabelecidos durante o neg\u00f3cio.<\/p><div class=\"videoFull \">\n\t\t\t<div class=\"videoWrapper yt-lazyload center\"\n\t\t\t\tdata-width=\"960\"\n\t\t\t\tdata-height=\"540\"\n\t\t\t\tdata-id=\"ycUX3kLiJ6g\"\n\t\t\t\tdata-alt=\"V\u00eddeo do YouTube - clique para reproduzir\"\n\t\t\t\tdata-logo=\"3\"\n\t\t\t\tdata-imagequality=\"maxres\">\n\t\t\t<\/div>\n\t\t<\/div><script type=\"application\/ld+json\">{\"@context\":\"https:\/\/schema.org\",\"@type\":\"VideoObject\",\"name\":\"Produ\u00e7\u00e3o da Petrobras (PETR4) cai| Venda da Oi M\u00f3vel (OIBR3) sob risco | IRB (IRBR3) registra perdas\",\"description\":\"\u2728\ud83d\udd8b\ufe0f\u2728 \ud835\udde6\ud835\ude02\ud835\uddfb\ud835\uddfc \ud835\udde3\ud835\uddff\ud835\uddf2\ud835\uddfa\ud835\uddf6\ud835\ude02\ud835\uddfa \ud835\uddf0\ud835\uddfc\ud835\uddfa \ud835\udfee\ud835\udfec% \ud835\uddf1\ud835\uddf2 \ud835\uddf1\ud835\uddf2\ud835\ude00\ud835\uddf0\ud835\uddfc\ud835\uddfb\ud835\ude01\ud835\uddfc! \ud835\uddd4\ud835\uddfd\ud835\uddff\ud835\uddfc\ud835\ude03\ud835\uddf2\ud835\uddf6\ud835\ude01\ud835\uddf2!\ud83d\udc49https:\/\/lp.suno.com.br\/pv\/caminhos-para-investir-melhor\/suno-premium\/?utm_source=youtube.noticias&utm_medium=video&utm_campaign=RS.RTP22.ns.20220718 \u2728\ud83d\udd8b\ufe0f\u2728 \ud835\udde6\ud835\ude02\ud835\uddfb\ud835\uddfc \ud835\udde6\ud835\ude01\ud835\uddee\ud835\uddff\ud835\ude01 \ud835\uddf0\ud835\uddfc\ud835\uddfa \ud835\udff0\ud835\udfec% \ud835\uddf1\ud835\uddf2 \ud835\uddf1\ud835\uddf2\ud835\ude00\ud835\uddf0\ud835\uddfc\ud835\uddfb\ud835\ude01\ud835\uddfc! \u00c9 \ud835\uddee \ud835\uddf5\ud835\uddfc\ud835\uddff\ud835\uddee \ud835\uddf1\ud835\uddf2 \ud835\uddf0\ud835\uddfc\ud835\uddfa\ud835\uddf2\u00e7\ud835\uddee\ud835\uddff \ud835\uddee \ud835\uddf6\ud835\uddfb\ud835\ude03\ud835\uddf2\ud835\ude00\ud835\ude01\ud835\uddf6\ud835\uddff!\ud83d\udc49 https:\/\/lp.suno.com.br\/pv\/caminhos-para-investir-melhor\/suno-start\/?utm_source=youtube.noticias&utm_medium=video&utm_campaign=RS.RTP22.ns.20220718 \ud83d\udcca \ud835\udc00\ud835\udc29\ud835\udc2b\ud835\udc1e\ud835\udc27\ud835\udc1d\ud835\udc1a \ud835\udc1c\ud835\udc28\ud835\udc26\ud835\udc28 \ud835\udc1a\ud835\udc27\ud835\udc1a\ud835\udc25\ud835\udc22\ud835\udc2c\ud835\udc1a\ud835\udc2b \ud835\udc2e\ud835\udc26\ud835\udc1a \ud835\udc1a\u00e7\u00e3\ud835\udc28 [\ud835\udc04\ud835\udc01\ud835\udc0e\ud835\udc0e\ud835\udc0a \ud835\udc06\ud835\udc11\ud835\udc00\ud835\udc13\ud835\udc14\ud835\udc08\ud835\udc13\ud835\udc0e] \ud83d\udc49 https:\/\/lp.suno.com.br\/ebook-como-analisar-uma-acao\/?utm_source=youtube.noticias&utm_medium=video&utm_campaign=ebookcomoanalisarumaacao.20220307&utm_content= \ud83d\udcda [\ud835\udc04-\ud835\udc1b\ud835\udc28\ud835\udc28\ud835\udc24 \ud835\udc06\ud835\udc2b\ud835\udc1a\ud835\udc2d\ud835\udc2e\ud835\udc22\ud835\udc2d\ud835\udc28] \ud835\udc06\ud835\udc2e\ud835\udc22\ud835\udc1a \ud835\udc02\ud835\udc28\ud835\udc26\ud835\udc29\ud835\udc25\ud835\udc1e\ud835\udc2d\ud835\udc28: \ud835\udc03\ud835\udc22\ud835\udc2f\ud835\udc22\ud835\udc1d\ud835\udc1e\ud835\udc27\ud835\udc1d\ud835\udc28\ud835\udc2c: https:\/\/lp.suno.com.br\/lm\/ebook\/guia-completo-dividendos\/?utm_source=youtube.noticias&utm_medium=video&utm_campaign=ebook-guiacompleto:dividendos.20220315&utm_content= Produ\u00e7\u00e3o da Petrobras (PETR4) cai| Venda da Oi M\u00f3vel (OIBR3) sob risco | IRB (IRBR3)\u2026\",\"duration\":\"PT24M31S\",\"embedUrl\":\"https:\/\/www.youtube.com\/embed\/ycUX3kLiJ6g\",\"regionsAllowed\":\"pt-BR\",\"interactionStatistic\":{\"@type\":\"InteractionCounter\",\"interactionType\":{\"@type\":\"WatchAction\"},\"userInteractionCount\":4208},\"thumbnailUrl\":\"https:\/\/i.ytimg.com\/vi\/ycUX3kLiJ6g\/default.jpg\",\"uploadDate\":\"2022-07-22T12:28:21Z\"}<\/script>\n\n\t<p>\n\t\t<a href=\"\" target=\"_blank\" data-element=\"shortcode-suno-banner\" title=\"Banner SUNO, clique e saiba mais\">\n\t\t\t<picture>\n\t\t\t\t<source media=\"(max-width: 500px)\" srcset=\"\">\n\t\t\t\t<img class=\"newsContent__article__imgCapa newsContent__article__imgCapa--banner\"\n\t\t\t\t\tsrc=\"\"\n\t\t\t\t\tdata-promo-id=\"250705\"\t\t\t\t\t\t\t\t\t\t\t\t\t\t\talt=\"\"\n\t\t\t\t>\n\t\t\t<\/picture>\n\t\t<\/a>\n\t<\/p>\n\n\n<p>Assim, segundo relat\u00f3rio da Genial Investimentos, esse imbr\u00f3glio com a <strong>compra da Oi M\u00f3vel<\/strong> <a href=\"https:\/\/www.suno.com.br\/noticias\/oi-oibr3-movel-venda-desfeita-operadoras-roaming-anatel\/\">pode &#8216;culminar com a anula\u00e7\u00e3o da transa\u00e7\u00e3o&#8217;<\/a>.<\/p>\n<p>&#8220;Com a justificativa de que as empresas n\u00e3o estariam cumprindo os <a href=\"https:\/\/www.suno.com.br\/artigos\/agencias-reguladoras\"><strong>rem\u00e9dios impostos<\/strong><\/a>, a Anatel analisa a possibilidade de revisar a anu\u00eancia pr\u00e9via da venda dos ativos m\u00f3veis da Oi, al\u00e9m de outras san\u00e7\u00f5es que demonstrem o descontentamento do \u00f3rg\u00e3o com rela\u00e7\u00e3o aos desdobramentos do caso&#8221;, diz a Genial.<\/p>\n<p>&#8220;Enquanto isso, TIM, Vivo e Claro buscam na Justi\u00e7a uma forma de evitarem qualquer preju\u00edzo em decorr\u00eancia da decis\u00e3o, para colocar em pr\u00e1tica os valores que acreditam ser justos para a continuidade de suas opera\u00e7\u00f5es relacionadas aos servi\u00e7os de roaming nacional. Mais informa\u00e7\u00f5es sobre o caso devem ser divulgadas ao longo desta semana&#8221;, seguem os analistas da casa.<\/p>\n<p>Apesar disso, a hip\u00f3tese de <strong>cancelamento da compra da Oi m\u00f3vel<\/strong>\u00a0\u00e9 considerada improv\u00e1vel.<\/p>\n\t<p>\n\t\t<a href=\"https:\/\/lp.suno.com.br\/planilha-controle-gastos\/\" target=\"_blank\" data-element=\"shortcode-suno-banner\" title=\"Banner SUNO, clique e saiba mais\">\n\t\t\t<picture>\n\t\t\t\t<source media=\"(max-width: 500px)\" srcset=\"https:\/\/files.sunoresearch.com.br\/n\/uploads\/2023\/03\/400x300-Planilha-controle-de-gastos.png\">\n\t\t\t\t<img class=\"newsContent__article__imgCapa newsContent__article__imgCapa--banner\"\n\t\t\t\t\tsrc=\"https:\/\/files.sunoresearch.com.br\/n\/uploads\/2023\/03\/1420x240-Planilha-controle-de-gastos.png\"\n\t\t\t\t\tdata-promo-id=\"101751\"\t\t\t\t\t\t\t\t\t\twidth='1420' height='240'\t\t\t\t\talt=\"https:\/\/files.sunoresearch.com.br\/n\/uploads\/2023\/03\/1420x240-Planilha-controle-de-gastos.png\"\n\t\t\t\t>\n\t\t\t<\/picture>\n\t\t<\/a>\n\t<\/p>\n\n\n<p>Os analistas afirmam que como o fechamento do neg\u00f3cio j\u00e1 foi realizado: &#8220;A anula\u00e7\u00e3o da anu\u00eancia pr\u00e9via e consequente cancelamento da compra t\u00eam chances remotas de ocorrer em fun\u00e7\u00e3o dos in\u00fameros efeitos negativos que essa decis\u00e3o iria gerar&#8221;.<\/p>\n<p>Segundo a casa, nesse cen\u00e1rio a Oi n\u00e3o conseguiria sair da <a href=\"https:\/\/www.suno.com.br\/noticias\/oi-oibr3-administrador-recuperacao-judicial-honorarios\/\">recupera\u00e7\u00e3o judicial<\/a>.<\/p>\n<p>&#8220;Parte das suas d\u00edvidas j\u00e1 foram pagas para os respectivos credores e a migra\u00e7\u00e3o da base de clientes j\u00e1 est\u00e1 em andamento. Assim, acreditamos que o caminho poss\u00edvel seja um meio termo entre as partes, sem a necessidade de revoga\u00e7\u00e3o da decis\u00e3o da venda da Oi M\u00f3vel&#8221;, concluem.<\/p>\n\t<p>\n\t\t<a href=\"https:\/\/lp.suno.com.br\/planilha-da-vida-financeira\/\" target=\"_blank\" data-element=\"shortcode-suno-banner\" title=\"Banner SUNO, clique e saiba mais\">\n\t\t\t<picture>\n\t\t\t\t<source media=\"(max-width: 500px)\" srcset=\"https:\/\/files.sunoresearch.com.br\/n\/uploads\/2023\/04\/400x300-Planilha-vida-financeira-true.png\">\n\t\t\t\t<img class=\"newsContent__article__imgCapa newsContent__article__imgCapa--banner\"\n\t\t\t\t\tsrc=\"https:\/\/files.sunoresearch.com.br\/n\/uploads\/2023\/04\/1420x240-Planilha-vida-financeira-true.png\"\n\t\t\t\t\tdata-promo-id=\"106682\"\t\t\t\t\t\t\t\t\t\twidth='1420' height='240'\t\t\t\t\talt=\"https:\/\/files.sunoresearch.com.br\/n\/uploads\/2023\/04\/1420x240-Planilha-vida-financeira-true.png\"\n\t\t\t\t>\n\t\t\t<\/picture>\n\t\t<\/a>\n\t<\/p>\n\n\n<h3>Veja os rem\u00e9dios da compra da Oi M\u00f3vel:<\/h3>\n<ul>\n<li>Contratos de RAN Sharing (Radio Access Network Sharing), que consistem no compartilhamento de recursos entre duas empresas<\/li>\n<li>Aluguel de espectro, viabilizando que empresas menores possam oferecer servi\u00e7os m\u00f3veis (em munic\u00edpios com menos de 100 mil habitantes na antiga \u00e1rea da Oi M\u00f3vel)<\/li>\n<li>Acordo de Roaming Nacional, permitindo o funcionamento dos servi\u00e7os m\u00f3veis fora da \u00e1rea de cobertura da sua operadora em todo territ\u00f3rio brasileiro<\/li>\n<li>Acordo para MVNO (Mobile Virtual Network Operator), onde uma operadora compra o direito de utilizar parte da infraestrutura oferecida por uma ou mais operadoras m\u00f3veis que possuem torres e antenas para fornecer acesso \u00e0s redes m\u00f3veis em atacado<\/li>\n<\/ul>\n<p>A recomenda\u00e7\u00e3o da casa \u00e9 de compra para os pap\u00e9is da <strong>Oi<\/strong>, da <a class=\"suno-keyword\" href=\"https:\/\/www.suno.com.br\/acoes\/TIMS3\/\" target=\"_blank\" rel=\"noopener\" data-force=\"yes\" data-priority=\"2\">Tim (TIMS3)<\/a> e da <a class=\"suno-keyword\" href=\"https:\/\/www.suno.com.br\/acoes\/VIVT3\/\" target=\"_blank\" rel=\"noopener\" data-force=\"yes\" data-priority=\"2\">Telef\u00f4nica (VIVT3)<\/a>, com pre\u00e7os-alvo de R$ 1,10, R$ 18 e R$ 60, respectivamente. Para os pap\u00e9is da Oi, o upside previsto \u00e9 de mais de 115% &#8211; ou seja, se concretizado, a cota\u00e7\u00e3o dobraria.<\/p>\n\t<p>\n\t\t<a href=\"https:\/\/lp.suno.com.br\/ebook-como-analisar-uma-acao\/\" target=\"_blank\" data-element=\"shortcode-suno-banner\" title=\"Banner SUNO, clique e saiba mais\">\n\t\t\t<picture>\n\t\t\t\t<source media=\"(max-width: 500px)\" srcset=\"https:\/\/files.sunoresearch.com.br\/n\/uploads\/2023\/03\/Ebook-Acoes-Mobile-1.jpg\">\n\t\t\t\t<img class=\"newsContent__article__imgCapa newsContent__article__imgCapa--banner\"\n\t\t\t\t\tsrc=\"https:\/\/files.sunoresearch.com.br\/n\/uploads\/2023\/03\/Ebook-Acoes-Desktop-1.jpg\"\n\t\t\t\t\tdata-promo-id=\"171998\"\t\t\t\t\t\t\t\t\t\twidth='1420' height='286'\t\t\t\t\talt=\"https:\/\/files.sunoresearch.com.br\/n\/uploads\/2023\/03\/Ebook-Acoes-Desktop-1.jpg\"\n\t\t\t\t>\n\t\t\t<\/picture>\n\t\t<\/a>\n\t<\/p>\n\n\n","protected":false},"excerpt":{"rendered":"<p>Parecer da Anatel mostra que TIM (TIMS3), Vivo (VIVT3) e Claro, as empresas que compraram a Oi M\u00f3vel &#8211; ativos de telefonia m\u00f3vel, no processo de recupera\u00e7\u00e3o judicial da\u00a0Oi (OIBR3) &#8211; n\u00e3o est\u00e3o cumprindo com um dos rem\u00e9dios estabelecidos durante o neg\u00f3cio. Assim, segundo relat\u00f3rio da Genial Investimentos, esse imbr\u00f3glio com a compra da Oi [&hellip;]<\/p>\n","protected":false},"author":73,"featured_media":141238,"comment_status":"closed","ping_status":"closed","sticky":false,"template":"","format":"standard","meta":[],"categories":[64],"tags":[105816,105130,584,3544,659,663],"suno_strategy":[],"class_list":["post-278605","post","type-post","status-publish","format-standard","has-post-thumbnail","hentry","category-negocios","tag-especialistas","tag-genial-investimentos","tag-oi-oibr3-oibr4","tag-oi-movel","tag-telefonica-vivt3","tag-tim-tims3"],"yoast_head":"<!-- This site is optimized with the Yoast SEO plugin v24.4 - https:\/\/yoast.com\/wordpress\/plugins\/seo\/ -->\n<title>Oi (OIBR3): venda da Oi M\u00f3vel pode ser cancelada? Genial analisa<\/title>\n<meta name=\"description\" content=\"Apesar disso, a hip\u00f3tese de cancelamento da compra da Oi m\u00f3vel, apesar de ser uma possibilidade, \u00e9 considerada improv\u00e1vel. Confira!\" \/>\n<meta name=\"robots\" content=\"index, follow, max-snippet:-1, max-image-preview:large, max-video-preview:-1\" \/>\n<link rel=\"canonical\" href=\"https:\/\/www.suno.com.br\/noticias\/oi-oibr3-compra-movel-cancelada-genial\/\" \/>\n<meta property=\"og:locale\" content=\"pt_BR\" \/>\n<meta property=\"og:type\" content=\"article\" \/>\n<meta property=\"og:title\" content=\"Oi (OIBR3): venda da Oi M\u00f3vel pode ser cancelada? Genial analisa\" \/>\n<meta property=\"og:description\" content=\"Apesar disso, a hip\u00f3tese de cancelamento da compra da Oi m\u00f3vel, apesar de ser uma possibilidade, \u00e9 considerada improv\u00e1vel. Confira!\" \/>\n<meta property=\"og:url\" content=\"https:\/\/www.suno.com.br\/noticias\/oi-oibr3-compra-movel-cancelada-genial\/\" \/>\n<meta property=\"og:site_name\" content=\"Suno Not\u00edcias\" \/>\n<meta property=\"article:publisher\" content=\"https:\/\/facebook.com\/sunoresearch\" \/>\n<meta property=\"og:image\" content=\"https:\/\/files.sunoresearch.com.br\/n\/uploads\/2021\/04\/a692467b-lut_6296-scaled.jpg\" \/>\n\t<meta property=\"og:image:width\" content=\"2560\" \/>\n\t<meta property=\"og:image:height\" content=\"1709\" \/>\n\t<meta property=\"og:image:type\" content=\"image\/jpeg\" \/>\n<meta name=\"author\" content=\"Eduardo Vargas\" \/>\n<meta name=\"twitter:card\" content=\"summary_large_image\" \/>\n<meta name=\"twitter:creator\" content=\"@sunoresearch\" \/>\n<meta name=\"twitter:site\" content=\"@sunoresearch\" \/>\n<meta name=\"twitter:label1\" content=\"Escrito por\" \/>\n\t<meta name=\"twitter:data1\" content=\"Eduardo Vargas\" \/>\n\t<meta name=\"twitter:label2\" content=\"Est. tempo de leitura\" \/>\n\t<meta name=\"twitter:data2\" content=\"3 minutos\" \/>\n<script type=\"application\/ld+json\" class=\"yoast-schema-graph\">{\"@context\":\"https:\/\/schema.org\",\"@graph\":[{\"@type\":\"NewsArticle\",\"@id\":\"https:\/\/www.suno.com.br\/noticias\/oi-oibr3-compra-movel-cancelada-genial\/#article\",\"isPartOf\":{\"@id\":\"https:\/\/www.suno.com.br\/noticias\/oi-oibr3-compra-movel-cancelada-genial\/\"},\"author\":{\"name\":\"Eduardo Vargas\",\"@id\":\"https:\/\/www.suno.com.br\/noticias\/#\/schema\/person\/7f4d362bf3518e76090143ae77bb49a5\"},\"headline\":\"Oi (OIBR3): venda da Oi M\u00f3vel pode ser cancelada? Genial analisa\",\"datePublished\":\"2022-07-26T16:29:50+00:00\",\"mainEntityOfPage\":{\"@id\":\"https:\/\/www.suno.com.br\/noticias\/oi-oibr3-compra-movel-cancelada-genial\/\"},\"wordCount\":527,\"publisher\":{\"@id\":\"https:\/\/www.suno.com.br\/noticias\/#organization\"},\"image\":{\"@id\":\"https:\/\/www.suno.com.br\/noticias\/oi-oibr3-compra-movel-cancelada-genial\/#primaryimage\"},\"thumbnailUrl\":\"https:\/\/files.sunoresearch.com.br\/n\/uploads\/2021\/04\/a692467b-lut_6296-scaled.jpg\",\"keywords\":[\"Especialistas\",\"Genial Investimentos\",\"Oi (OIBR3\/OIBR4)\",\"Oi M\u00f3vel\",\"Telef\u00f4nica (VIVT3)\",\"TIM (TIMS3)\"],\"articleSection\":[\"Neg\u00f3cios\"],\"inLanguage\":\"pt-BR\"},{\"@type\":\"WebPage\",\"@id\":\"https:\/\/www.suno.com.br\/noticias\/oi-oibr3-compra-movel-cancelada-genial\/\",\"url\":\"https:\/\/www.suno.com.br\/noticias\/oi-oibr3-compra-movel-cancelada-genial\/\",\"name\":\"Oi (OIBR3): venda da Oi M\u00f3vel pode ser cancelada? Genial analisa\",\"isPartOf\":{\"@id\":\"https:\/\/www.suno.com.br\/noticias\/#website\"},\"primaryImageOfPage\":{\"@id\":\"https:\/\/www.suno.com.br\/noticias\/oi-oibr3-compra-movel-cancelada-genial\/#primaryimage\"},\"image\":{\"@id\":\"https:\/\/www.suno.com.br\/noticias\/oi-oibr3-compra-movel-cancelada-genial\/#primaryimage\"},\"thumbnailUrl\":\"https:\/\/files.sunoresearch.com.br\/n\/uploads\/2021\/04\/a692467b-lut_6296-scaled.jpg\",\"datePublished\":\"2022-07-26T16:29:50+00:00\",\"description\":\"Apesar disso, a hip\u00f3tese de cancelamento da compra da Oi m\u00f3vel, apesar de ser uma possibilidade, \u00e9 considerada improv\u00e1vel. Confira!\",\"breadcrumb\":{\"@id\":\"https:\/\/www.suno.com.br\/noticias\/oi-oibr3-compra-movel-cancelada-genial\/#breadcrumb\"},\"inLanguage\":\"pt-BR\",\"potentialAction\":[{\"@type\":\"ReadAction\",\"target\":[\"https:\/\/www.suno.com.br\/noticias\/oi-oibr3-compra-movel-cancelada-genial\/\"]}]},{\"@type\":\"ImageObject\",\"inLanguage\":\"pt-BR\",\"@id\":\"https:\/\/www.suno.com.br\/noticias\/oi-oibr3-compra-movel-cancelada-genial\/#primaryimage\",\"url\":\"https:\/\/files.sunoresearch.com.br\/n\/uploads\/2021\/04\/a692467b-lut_6296-scaled.jpg\",\"contentUrl\":\"https:\/\/files.sunoresearch.com.br\/n\/uploads\/2021\/04\/a692467b-lut_6296-scaled.jpg\",\"width\":2560,\"height\":1709,\"caption\":\"Oi (OIBR3) - Foto: Divulga\u00e7\u00e3o\"},{\"@type\":\"BreadcrumbList\",\"@id\":\"https:\/\/www.suno.com.br\/noticias\/oi-oibr3-compra-movel-cancelada-genial\/#breadcrumb\",\"itemListElement\":[{\"@type\":\"ListItem\",\"position\":1,\"name\":\"Not\u00edcias\",\"item\":\"https:\/\/www.suno.com.br\/noticias\/\"},{\"@type\":\"ListItem\",\"position\":2,\"name\":\"Neg\u00f3cios\",\"item\":\"https:\/\/www.suno.com.br\/noticias\/negocios\/\"},{\"@type\":\"ListItem\",\"position\":3,\"name\":\"Oi (OIBR3): venda da Oi M\u00f3vel pode ser cancelada? Genial analisa\"}]},{\"@type\":\"WebSite\",\"@id\":\"https:\/\/www.suno.com.br\/noticias\/#website\",\"url\":\"https:\/\/www.suno.com.br\/noticias\/\",\"name\":\"Suno Not\u00edcias\",\"description\":\"Seu portal de informa\u00e7\u00e3o sobre o mundo dos investimentos\",\"publisher\":{\"@id\":\"https:\/\/www.suno.com.br\/noticias\/#organization\"},\"potentialAction\":[{\"@type\":\"SearchAction\",\"target\":{\"@type\":\"EntryPoint\",\"urlTemplate\":\"https:\/\/www.suno.com.br\/noticias\/?s={search_term_string}\"},\"query-input\":{\"@type\":\"PropertyValueSpecification\",\"valueRequired\":true,\"valueName\":\"search_term_string\"}}],\"inLanguage\":\"pt-BR\"},{\"@type\":\"Organization\",\"@id\":\"https:\/\/www.suno.com.br\/noticias\/#organization\",\"name\":\"Suno Not\u00edcias\",\"url\":\"https:\/\/www.suno.com.br\/noticias\/\",\"logo\":{\"@type\":\"ImageObject\",\"inLanguage\":\"pt-BR\",\"@id\":\"https:\/\/www.suno.com.br\/noticias\/#\/schema\/logo\/image\/\",\"url\":\"https:\/\/files.sunoresearch.com.br\/n\/uploads\/2021\/09\/suno-logo.png\",\"contentUrl\":\"https:\/\/files.sunoresearch.com.br\/n\/uploads\/2021\/09\/suno-logo.png\",\"width\":180,\"height\":180,\"caption\":\"Suno Not\u00edcias\"},\"image\":{\"@id\":\"https:\/\/www.suno.com.br\/noticias\/#\/schema\/logo\/image\/\"},\"sameAs\":[\"https:\/\/facebook.com\/sunoresearch\",\"https:\/\/x.com\/sunoresearch\",\"https:\/\/www.instagram.com\/suno\",\"https:\/\/www.linkedin.com\/company\/suno-research\/\",\"https:\/\/www.youtube.com\/c\/sunoresearch\"]},{\"@type\":\"Person\",\"@id\":\"https:\/\/www.suno.com.br\/noticias\/#\/schema\/person\/7f4d362bf3518e76090143ae77bb49a5\",\"name\":\"Eduardo Vargas\",\"image\":{\"@type\":\"ImageObject\",\"inLanguage\":\"pt-BR\",\"@id\":\"https:\/\/www.suno.com.br\/noticias\/#\/schema\/person\/image\/\",\"url\":\"https:\/\/secure.gravatar.com\/avatar\/dac340933427a22924c9f99d1eb2e3f2?s=96&r=g\",\"contentUrl\":\"https:\/\/secure.gravatar.com\/avatar\/dac340933427a22924c9f99d1eb2e3f2?s=96&r=g\",\"caption\":\"Eduardo Vargas\"},\"description\":\"Jornalista formado pela UFSC, cobre macroeconomia, neg\u00f3cios e startups para o Suno Not\u00edcias, escrevendo principalmente not\u00edcias sobre o mercado financeiro e a bolsa de valores. No YouTube e no Instagram, \u00e9 respons\u00e1vel pela produ\u00e7\u00e3o de Reels e Shorts do Suno Not\u00edcias. Anteriormente, trabalhou cobrindo economia e cotidiano no ND+ e para o ND, maior jornal impresso de Santa Catarina. Cursou um semestre letivo de Estudos de M\u00eddia na Universidad de Buenos Aires.\",\"url\":\"https:\/\/www.suno.com.br\/noticias\/author\/eduardo-vargas\/\"}]}<\/script>\n<!-- \/ Yoast SEO plugin. -->","yoast_head_json":{"title":"Oi (OIBR3): venda da Oi M\u00f3vel pode ser cancelada? Genial analisa","description":"Apesar disso, a hip\u00f3tese de cancelamento da compra da Oi m\u00f3vel, apesar de ser uma possibilidade, \u00e9 considerada improv\u00e1vel. Confira!","robots":{"index":"index","follow":"follow","max-snippet":"max-snippet:-1","max-image-preview":"max-image-preview:large","max-video-preview":"max-video-preview:-1"},"canonical":"https:\/\/www.suno.com.br\/noticias\/oi-oibr3-compra-movel-cancelada-genial\/","og_locale":"pt_BR","og_type":"article","og_title":"Oi (OIBR3): venda da Oi M\u00f3vel pode ser cancelada? Genial analisa","og_description":"Apesar disso, a hip\u00f3tese de cancelamento da compra da Oi m\u00f3vel, apesar de ser uma possibilidade, \u00e9 considerada improv\u00e1vel. Confira!","og_url":"https:\/\/www.suno.com.br\/noticias\/oi-oibr3-compra-movel-cancelada-genial\/","og_site_name":"Suno Not\u00edcias","article_publisher":"https:\/\/facebook.com\/sunoresearch","og_image":[{"width":2560,"height":1709,"url":"https:\/\/files.sunoresearch.com.br\/n\/uploads\/2021\/04\/a692467b-lut_6296-scaled.jpg","type":"image\/jpeg"}],"author":"Eduardo Vargas","twitter_card":"summary_large_image","twitter_creator":"@sunoresearch","twitter_site":"@sunoresearch","twitter_misc":{"Escrito por":"Eduardo Vargas","Est. tempo de leitura":"3 minutos"},"schema":{"@context":"https:\/\/schema.org","@graph":[{"@type":"NewsArticle","@id":"https:\/\/www.suno.com.br\/noticias\/oi-oibr3-compra-movel-cancelada-genial\/#article","isPartOf":{"@id":"https:\/\/www.suno.com.br\/noticias\/oi-oibr3-compra-movel-cancelada-genial\/"},"author":{"name":"Eduardo Vargas","@id":"https:\/\/www.suno.com.br\/noticias\/#\/schema\/person\/7f4d362bf3518e76090143ae77bb49a5"},"headline":"Oi (OIBR3): venda da Oi M\u00f3vel pode ser cancelada? Genial analisa","datePublished":"2022-07-26T16:29:50+00:00","mainEntityOfPage":{"@id":"https:\/\/www.suno.com.br\/noticias\/oi-oibr3-compra-movel-cancelada-genial\/"},"wordCount":527,"publisher":{"@id":"https:\/\/www.suno.com.br\/noticias\/#organization"},"image":{"@id":"https:\/\/www.suno.com.br\/noticias\/oi-oibr3-compra-movel-cancelada-genial\/#primaryimage"},"thumbnailUrl":"https:\/\/files.sunoresearch.com.br\/n\/uploads\/2021\/04\/a692467b-lut_6296-scaled.jpg","keywords":["Especialistas","Genial Investimentos","Oi (OIBR3\/OIBR4)","Oi M\u00f3vel","Telef\u00f4nica (VIVT3)","TIM (TIMS3)"],"articleSection":["Neg\u00f3cios"],"inLanguage":"pt-BR"},{"@type":"WebPage","@id":"https:\/\/www.suno.com.br\/noticias\/oi-oibr3-compra-movel-cancelada-genial\/","url":"https:\/\/www.suno.com.br\/noticias\/oi-oibr3-compra-movel-cancelada-genial\/","name":"Oi (OIBR3): venda da Oi M\u00f3vel pode ser cancelada? Genial analisa","isPartOf":{"@id":"https:\/\/www.suno.com.br\/noticias\/#website"},"primaryImageOfPage":{"@id":"https:\/\/www.suno.com.br\/noticias\/oi-oibr3-compra-movel-cancelada-genial\/#primaryimage"},"image":{"@id":"https:\/\/www.suno.com.br\/noticias\/oi-oibr3-compra-movel-cancelada-genial\/#primaryimage"},"thumbnailUrl":"https:\/\/files.sunoresearch.com.br\/n\/uploads\/2021\/04\/a692467b-lut_6296-scaled.jpg","datePublished":"2022-07-26T16:29:50+00:00","description":"Apesar disso, a hip\u00f3tese de cancelamento da compra da Oi m\u00f3vel, apesar de ser uma possibilidade, \u00e9 considerada improv\u00e1vel. Confira!","breadcrumb":{"@id":"https:\/\/www.suno.com.br\/noticias\/oi-oibr3-compra-movel-cancelada-genial\/#breadcrumb"},"inLanguage":"pt-BR","potentialAction":[{"@type":"ReadAction","target":["https:\/\/www.suno.com.br\/noticias\/oi-oibr3-compra-movel-cancelada-genial\/"]}]},{"@type":"ImageObject","inLanguage":"pt-BR","@id":"https:\/\/www.suno.com.br\/noticias\/oi-oibr3-compra-movel-cancelada-genial\/#primaryimage","url":"https:\/\/files.sunoresearch.com.br\/n\/uploads\/2021\/04\/a692467b-lut_6296-scaled.jpg","contentUrl":"https:\/\/files.sunoresearch.com.br\/n\/uploads\/2021\/04\/a692467b-lut_6296-scaled.jpg","width":2560,"height":1709,"caption":"Oi (OIBR3) - Foto: Divulga\u00e7\u00e3o"},{"@type":"BreadcrumbList","@id":"https:\/\/www.suno.com.br\/noticias\/oi-oibr3-compra-movel-cancelada-genial\/#breadcrumb","itemListElement":[{"@type":"ListItem","position":1,"name":"Not\u00edcias","item":"https:\/\/www.suno.com.br\/noticias\/"},{"@type":"ListItem","position":2,"name":"Neg\u00f3cios","item":"https:\/\/www.suno.com.br\/noticias\/negocios\/"},{"@type":"ListItem","position":3,"name":"Oi (OIBR3): venda da Oi M\u00f3vel pode ser cancelada? Genial analisa"}]},{"@type":"WebSite","@id":"https:\/\/www.suno.com.br\/noticias\/#website","url":"https:\/\/www.suno.com.br\/noticias\/","name":"Suno Not\u00edcias","description":"Seu portal de informa\u00e7\u00e3o sobre o mundo dos investimentos","publisher":{"@id":"https:\/\/www.suno.com.br\/noticias\/#organization"},"potentialAction":[{"@type":"SearchAction","target":{"@type":"EntryPoint","urlTemplate":"https:\/\/www.suno.com.br\/noticias\/?s={search_term_string}"},"query-input":{"@type":"PropertyValueSpecification","valueRequired":true,"valueName":"search_term_string"}}],"inLanguage":"pt-BR"},{"@type":"Organization","@id":"https:\/\/www.suno.com.br\/noticias\/#organization","name":"Suno Not\u00edcias","url":"https:\/\/www.suno.com.br\/noticias\/","logo":{"@type":"ImageObject","inLanguage":"pt-BR","@id":"https:\/\/www.suno.com.br\/noticias\/#\/schema\/logo\/image\/","url":"https:\/\/files.sunoresearch.com.br\/n\/uploads\/2021\/09\/suno-logo.png","contentUrl":"https:\/\/files.sunoresearch.com.br\/n\/uploads\/2021\/09\/suno-logo.png","width":180,"height":180,"caption":"Suno Not\u00edcias"},"image":{"@id":"https:\/\/www.suno.com.br\/noticias\/#\/schema\/logo\/image\/"},"sameAs":["https:\/\/facebook.com\/sunoresearch","https:\/\/x.com\/sunoresearch","https:\/\/www.instagram.com\/suno","https:\/\/www.linkedin.com\/company\/suno-research\/","https:\/\/www.youtube.com\/c\/sunoresearch"]},{"@type":"Person","@id":"https:\/\/www.suno.com.br\/noticias\/#\/schema\/person\/7f4d362bf3518e76090143ae77bb49a5","name":"Eduardo Vargas","image":{"@type":"ImageObject","inLanguage":"pt-BR","@id":"https:\/\/www.suno.com.br\/noticias\/#\/schema\/person\/image\/","url":"https:\/\/secure.gravatar.com\/avatar\/dac340933427a22924c9f99d1eb2e3f2?s=96&r=g","contentUrl":"https:\/\/secure.gravatar.com\/avatar\/dac340933427a22924c9f99d1eb2e3f2?s=96&r=g","caption":"Eduardo Vargas"},"description":"Jornalista formado pela UFSC, cobre macroeconomia, neg\u00f3cios e startups para o Suno Not\u00edcias, escrevendo principalmente not\u00edcias sobre o mercado financeiro e a bolsa de valores. No YouTube e no Instagram, \u00e9 respons\u00e1vel pela produ\u00e7\u00e3o de Reels e Shorts do Suno Not\u00edcias. Anteriormente, trabalhou cobrindo economia e cotidiano no ND+ e para o ND, maior jornal impresso de Santa Catarina. Cursou um semestre letivo de Estudos de M\u00eddia na Universidad de Buenos Aires.","url":"https:\/\/www.suno.com.br\/noticias\/author\/eduardo-vargas\/"}]}},"default_loop_html":"<div class=\"cardsPage__listCard__boxs\"><div class=\"cardsPage__listCard__boxs__img\"><a href=\"https:\/\/www.suno.com.br\/noticias\/oi-oibr3-compra-movel-cancelada-genial\/\"><img class=\"mask\" src=\"https:\/\/www.suno.com.br\/noticias\/wp-content\/themes\/suno\/resources\/images\/spotlight\/spotlight1img\/bg-mask.png\" alt=\"Image Mask\"\/><img src=\"https:\/\/files.sunoresearch.com.br\/n\/uploads\/2021\/04\/a692467b-lut_6296-400x200.jpg\" alt=\"Oi (OIBR3): venda da Oi M\u00f3vel pode ser cancelada? Genial analisa\"\/><\/a><span class=\"spotlightCategory\"><a href=\"https:\/\/www.suno.com.br\/noticias\/negocios\/\">Neg\u00f3cios<\/a><\/span><\/div><div class=\"cardsPage__listCard__boxs__content\"><a href=\"https:\/\/www.suno.com.br\/noticias\/oi-oibr3-compra-movel-cancelada-genial\/\"><h2 class=\"content__title\">Oi (OIBR3): venda da Oi M\u00f3vel pode ser cancelada? Genial analisa<\/h2><\/a><div class=\"newsContent__article__meta\"><div class=\"newsContent__article__meta__authorBox\"><a href=\"https:\/\/www.suno.com.br\/noticias\/author\/eduardo-vargas\/\" class=\"authorBox__avatar noMobi\"><img src=\"https:\/\/secure.gravatar.com\/avatar\/dac340933427a22924c9f99d1eb2e3f2?s=96&#038;r=g\" alt=\"Eduardo Vargas\"><\/a><div class=\"authorBox__name\"><span>por\n\t\t\t<a href=\"https:\/\/www.suno.com.br\/noticias\/author\/eduardo-vargas\/\"><span itemprop=\"author\">Eduardo Vargas<\/span><\/a><\/span><time datetime=\"2022-07-26T13:29:50-03:00\" itemprop=\"datePublished\">26\/07\/2022 13:29<\/time><\/div><\/div><\/div><\/div><\/div>","single_layout":"posts","amp_enabled":true,"_links":{"self":[{"href":"https:\/\/www.suno.com.br\/noticias\/wp-json\/wp\/v2\/posts\/278605"}],"collection":[{"href":"https:\/\/www.suno.com.br\/noticias\/wp-json\/wp\/v2\/posts"}],"about":[{"href":"https:\/\/www.suno.com.br\/noticias\/wp-json\/wp\/v2\/types\/post"}],"author":[{"embeddable":true,"href":"https:\/\/www.suno.com.br\/noticias\/wp-json\/wp\/v2\/users\/73"}],"replies":[{"embeddable":true,"href":"https:\/\/www.suno.com.br\/noticias\/wp-json\/wp\/v2\/comments?post=278605"}],"version-history":[{"count":3,"href":"https:\/\/www.suno.com.br\/noticias\/wp-json\/wp\/v2\/posts\/278605\/revisions"}],"predecessor-version":[{"id":278660,"href":"https:\/\/www.suno.com.br\/noticias\/wp-json\/wp\/v2\/posts\/278605\/revisions\/278660"}],"wp:featuredmedia":[{"embeddable":true,"href":"https:\/\/www.suno.com.br\/noticias\/wp-json\/wp\/v2\/media\/141238"}],"wp:attachment":[{"href":"https:\/\/www.suno.com.br\/noticias\/wp-json\/wp\/v2\/media?parent=278605"}],"wp:term":[{"taxonomy":"category","embeddable":true,"href":"https:\/\/www.suno.com.br\/noticias\/wp-json\/wp\/v2\/categories?post=278605"},{"taxonomy":"post_tag","embeddable":true,"href":"https:\/\/www.suno.com.br\/noticias\/wp-json\/wp\/v2\/tags?post=278605"},{"taxonomy":"suno_strategy","embeddable":true,"href":"https:\/\/www.suno.com.br\/noticias\/wp-json\/wp\/v2\/suno_strategy?post=278605"}],"curies":[{"name":"wp","href":"https:\/\/api.w.org\/{rel}","templated":true}]}}