{"id":27860,"date":"2019-06-11T15:30:21","date_gmt":"2019-06-11T18:30:21","guid":{"rendered":"https:\/\/www.suno.com.br\/noticias\/?p=27860"},"modified":"2019-06-11T15:30:21","modified_gmt":"2019-06-11T18:30:21","slug":"congresso-aprova-credito-extra-governo","status":"publish","type":"post","link":"https:\/\/www.suno.com.br\/noticias\/congresso-aprova-credito-extra-governo\/","title":{"rendered":"Congresso aprova cr\u00e9dito extra para o governo de R$ 248,9 bilh\u00f5es"},"content":{"rendered":"<p>A <strong>Comiss\u00e3o Mista de Or\u00e7amento (CMO)<\/strong> do Congresso Nacional aprovou nesta ter\u00e7a-feira (11) o cr\u00e9dito extra de R$ 248,9 bilh\u00f5es. A libera\u00e7\u00e3o desses valores adicionais para o <strong>governo<\/strong> estava prevista em um projeto de lei que autoriza a emiss\u00e3o de t\u00edtulos do <strong>Tesouro Nacional.<\/strong><\/p>\t<div class=\"wrapper-featured-image\">\n\t\t<figure class=\"spotlightImg\">\n\n\t\t\t<picture>\n\t\t\t\t<source media=\"(max-width: 768px)\" srcset=\"https:\/\/files.sunoresearch.com.br\/n\/uploads\/2019\/06\/bd91826d-congresso-nacional-400x200.webp\">\n\t\t\t\t<img loading=\"lazy\" decoding=\"async\" class=\"newsContent__article__imgCapa lazyloadDisabled newsContent__article__imgCapa--noCaption\" src=\"https:\/\/files.sunoresearch.com.br\/n\/uploads\/2019\/06\/bd91826d-congresso-nacional-800x450.webp\" width=\"800\" height=\"450\" alt=\"Congresso aprova cr\u00e9dito extra para o governo de R$ 248,9 bilh\u00f5es\" fetchpriority=high \/>\n\t\t\t<\/picture>\n\n\t\t\t<figcaption class=\"wp-caption-text wp-caption-text--hide\">Coronav\u00edrus: Brasil confirma 98 casos e transmiss\u00e3o comunit\u00e1ria<\/figcaption>\n\t\t<\/figure>\n\t<\/div>\n\n\n<p>A aprova\u00e7\u00e3o ocorreu ap\u00f3s um acordo entre os partidos pol\u00edticos do <strong>Congresso Nacional<\/strong> alcan\u00e7ado ap\u00f3s duas horas de negocia\u00e7\u00e3o.\u00a0A vota\u00e7\u00e3o na <strong>CMO<\/strong> ocorreu ap\u00f3s o governo ceder a algumas demandas de diferentes partidos, incluindo de oposi\u00e7\u00e3o. Em contrapartida, os parlamentares concordaram em n\u00e3o obstruir os trabalhos da comiss\u00e3o.<\/p>\n<p><a href=\"https:\/\/www.suno.com.br\/noticias\/congresso-credito-adicional-comissao-mista\/\">Saiba mais: Congresso deve votar nesta ter\u00e7a cr\u00e9dito adicional de R$ 249 bi\u00a0<\/a><\/p>\n<p>A previs\u00e3o \u00e9 de que o projeto de lei seja analisado ainda nesta tarde em uma sess\u00e3o conjunta do <strong>Congresso Nacional.<\/strong><\/p>\n\t<p>\n\t\t<a href=\"https:\/\/www.seculus.com.br\/blackfriday\" target=\"_blank\" data-element=\"shortcode-suno-banner\" title=\"Banner SUNO, clique e saiba mais\">\n\t\t\t<picture>\n\t\t\t\t<source media=\"(max-width: 500px)\" srcset=\"https:\/\/files.sunoresearch.com.br\/n\/uploads\/2023\/11\/seculus_suno_mobile_2.jpg\">\n\t\t\t\t<img class=\"newsContent__article__imgCapa newsContent__article__imgCapa--banner\"\n\t\t\t\t\tsrc=\"https:\/\/files.sunoresearch.com.br\/n\/uploads\/2023\/11\/seculus_suno_desktop_2.jpg\"\n\t\t\t\t\tdata-promo-id=\"474123\"\t\t\t\t\t\t\t\t\t\twidth='1420' height='240'\t\t\t\t\talt=\"https:\/\/files.sunoresearch.com.br\/n\/uploads\/2023\/11\/seculus_suno_desktop_2.jpg\"\n\t\t\t\t>\n\t\t\t<\/picture>\n\t\t<\/a>\n\t<\/p>\n\n\n<p><span style=\"font-size: 1.21429rem;\">Segundo o projeto aprovado, o governo do presidente <strong>Jair Bolsonaro<\/strong> poder\u00e1 contrair d\u00edvidas para pagar despesas correntes, como sal\u00e1rios e benef\u00edcios sociais. Despesas que poder\u00e3o ser realizadas sem descumprir a chamada &#8220;<a href=\"https:\/\/www.suno.com.br\/artigos\/regra-de-ouro\/\">regra de ouro<\/a>&#8220;.<\/span><\/p>\n<h2>O que \u00e9 a regra de ouro<\/h2>\n<p>A chamada &#8220;<strong>regra de ouro<\/strong>&#8221; pro\u00edbe ao governo de contrair d\u00edvidas com a emiss\u00e3o de t\u00edtulos do <strong>Tesouro Nacional<\/strong> para pagar despesa correntes (como sal\u00e1rios, benef\u00edcios sociais ou aposentadorias). Essa regras est\u00e1 prevista na Constitui\u00e7\u00e3o federal e, caso seja violada, configura <strong>crime de responsabilidade fiscal<\/strong>. ,<\/p>\n\t<p>\n\t\t<a href=\"https:\/\/lp.suno.com.br\/planilha-controle-gastos\/\" target=\"_blank\" data-element=\"shortcode-suno-banner\" title=\"Banner SUNO, clique e saiba mais\">\n\t\t\t<picture>\n\t\t\t\t<source media=\"(max-width: 500px)\" srcset=\"https:\/\/files.sunoresearch.com.br\/n\/uploads\/2023\/03\/400x300-Planilha-controle-de-gastos.png\">\n\t\t\t\t<img class=\"newsContent__article__imgCapa newsContent__article__imgCapa--banner\"\n\t\t\t\t\tsrc=\"https:\/\/files.sunoresearch.com.br\/n\/uploads\/2023\/03\/1420x240-Planilha-controle-de-gastos.png\"\n\t\t\t\t\tdata-promo-id=\"311945\"\t\t\t\t\t\t\t\t\t\twidth='1420' height='240'\t\t\t\t\talt=\"https:\/\/files.sunoresearch.com.br\/n\/uploads\/2023\/03\/1420x240-Planilha-controle-de-gastos.png\"\n\t\t\t\t>\n\t\t\t<\/picture>\n\t\t<\/a>\n\t<\/p>\n\n\n<p>O governo pode evitar de cumprir a regra somente pedindo formalmente a autoriza\u00e7\u00e3o ao <strong>Congresso Nacional<\/strong>.<\/p>\n<h2>Bolsonaro prev\u00ea suspens\u00e3o de benef\u00edcios<\/h2>\n<p>No \u00faltimo s\u00e1bado (8), o presidente <strong>Bolsonaro<\/strong> tinha salientando que, caso o cr\u00e9dito adicional n\u00e3o fosse aprovado, ele teria que suspender o pagamento de benef\u00edcios a idosos e pessoas com defici\u00eancia a partir do dia 25 de junho.<\/p>\n\t<p>\n\t\t<a href=\"https:\/\/lp.suno.com.br\/ebook-investindo-em-fiis\/\" target=\"_blank\" data-element=\"shortcode-suno-banner\" title=\"Banner SUNO, clique e saiba mais\">\n\t\t\t<picture>\n\t\t\t\t<source media=\"(max-width: 500px)\" srcset=\"https:\/\/files.sunoresearch.com.br\/n\/uploads\/2023\/07\/Ebook-Fundos-Imobiliarios-Mobile.jpg\">\n\t\t\t\t<img class=\"newsContent__article__imgCapa newsContent__article__imgCapa--banner\"\n\t\t\t\t\tsrc=\"https:\/\/files.sunoresearch.com.br\/n\/uploads\/2023\/07\/Ebook-Fundos-Imobiliarios-Desktop.jpg\"\n\t\t\t\t\tdata-promo-id=\"378301\"\t\t\t\t\t\t\t\t\t\twidth='1420' height='286'\t\t\t\t\talt=\"https:\/\/files.sunoresearch.com.br\/n\/uploads\/2023\/07\/Ebook-Fundos-Imobiliarios-Desktop.jpg\"\n\t\t\t\t>\n\t\t\t<\/picture>\n\t\t<\/a>\n\t<\/p>\n\n\n<p>Al\u00e9m disso, segundo o presidente outros programas tamb\u00e9m poderiam ficar sem recursos nos pr\u00f3ximos meses. Entre eles est\u00e3o:<\/p>\n<ul>\n<li><strong>Bolsa Fam\u00edlia<\/strong><\/li>\n<li>Programa Nacional de Fortalecimento da Agricultura Familiar (Pronaf)<\/li>\n<li>Plano Safra<\/li>\n<\/ul>\n<p>&#8220;Acredito na costumeira responsabilidade e patriotismo dos deputados e senadores na aprova\u00e7\u00e3o urgente da mat\u00e9ria&#8221;, escreveu <strong>Bolsonaro<\/strong> em seu perfil no Twitter.<\/p>\n<p><a href=\"https:\/\/www.suno.com.br\/noticias\/governo-simplificacao-tributaria-imposto-unico-guedes\/\">Saiba Mais: Governo quer simplifica\u00e7\u00e3o tribut\u00e1ria e pensa em imposto \u00fanico, diz Guedes<\/a><\/p>\n<h2>Proposta alternativa<\/h2>\n<p>O relator do projeto na <strong>Comiss\u00e3o Mista de Or\u00e7amento (CMO),<\/strong> o deputado Hildo Rocha (MDB-MA), informou na \u00faltima segunda-feira (10) que estuda apresentar um parecer alternativo. Segundo o deputado, a nova proposta prev\u00ea autorizar um valor menor atrav\u00e9s da emiss\u00e3o de t\u00edtulos do <strong>Tesouro Nacional<\/strong>. No total, seriam apenas R$ 146,7 bilh\u00f5es em vez dos R$ 248,9 bilh\u00f5es requeridos pelo governo.<\/p>\n<p>Rocha salientou como a diferen\u00e7a de R$ 102 bilh\u00f5es deveria ser obtida utilizando um eventual lucro do <a href=\"https:\/\/www.suno.com.br\/artigos\/bacen\/\"><strong>Banco Central<\/strong> <\/a><strong>(BC).<\/strong><\/p>\n<p><a href=\"https:\/\/www.suno.com.br\/noticias\/governo-congresso-projeto-estados\/\">Saiba Mais: Governo envia ao Congresso projeto para ajudar estados em crise financeira<\/a><\/p>\n<p>O <strong>Banco Central<\/strong> registrou um lucro operacional de R$ 45,2 bilh\u00f5es em 2018 e um resultado positivo de R$ 127,1 bilh\u00f5es com as opera\u00e7\u00f5es cambiais.\u00a0 No total, a institui\u00e7\u00e3o monet\u00e1ria central obteve um lucro de R$ 172,3 bilh\u00f5es no ano passado.<\/p>\n\t<p>\n\t\t<a href=\"https:\/\/lp.suno.com.br\/planilha-da-vida-financeira\/\" target=\"_blank\" data-element=\"shortcode-suno-banner\" title=\"Banner SUNO, clique e saiba mais\">\n\t\t\t<picture>\n\t\t\t\t<source media=\"(max-width: 500px)\" srcset=\"https:\/\/files.sunoresearch.com.br\/n\/uploads\/2023\/04\/400x300-Planilha-vida-financeira-true.png\">\n\t\t\t\t<img class=\"newsContent__article__imgCapa newsContent__article__imgCapa--banner\"\n\t\t\t\t\tsrc=\"https:\/\/files.sunoresearch.com.br\/n\/uploads\/2023\/04\/1420x240-Planilha-vida-financeira-true.png\"\n\t\t\t\t\tdata-promo-id=\"106682\"\t\t\t\t\t\t\t\t\t\twidth='1420' height='240'\t\t\t\t\talt=\"https:\/\/files.sunoresearch.com.br\/n\/uploads\/2023\/04\/1420x240-Planilha-vida-financeira-true.png\"\n\t\t\t\t>\n\t\t\t<\/picture>\n\t\t<\/a>\n\t<\/p>\n\n\n<p>Segundo o relator, essa mudan\u00e7a, que ser\u00e1 apresentada ao <strong>Congresso Nacional,<\/strong> permitir\u00e1 que o <strong>governo<\/strong> tenha &#8220;autoriza\u00e7\u00e3o para fazer o imediato&#8221; e ganhe tempo para, mais adiante, trabalhar como ficar\u00e3o \u201ca quest\u00e3o do incentivo \u00e0s exporta\u00e7\u00f5es e da previd\u00eancia urbana\u201d.<\/p>\n","protected":false},"excerpt":{"rendered":"<p>A Comiss\u00e3o Mista de Or\u00e7amento (CMO) do Congresso Nacional aprovou nesta ter\u00e7a-feira (11) o cr\u00e9dito extra de R$ 248,9 bilh\u00f5es. A libera\u00e7\u00e3o desses valores adicionais para o governo estava prevista em um projeto de lei que autoriza a emiss\u00e3o de t\u00edtulos do Tesouro Nacional. Coronav\u00edrus: Brasil confirma 98 casos e transmiss\u00e3o comunit\u00e1ria A aprova\u00e7\u00e3o ocorreu [&hellip;]<\/p>\n","protected":false},"author":9,"featured_media":27864,"comment_status":"closed","ping_status":"closed","sticky":false,"template":"","format":"standard","meta":[],"categories":[61],"tags":[901,1128],"suno_strategy":[],"class_list":["post-27860","post","type-post","status-publish","format-standard","has-post-thumbnail","hentry","category-politica","tag-congresso-nacional","tag-orcamento-publico"],"yoast_head":"<!-- This site is optimized with the Yoast SEO plugin v24.4 - https:\/\/yoast.com\/wordpress\/plugins\/seo\/ -->\n<title>Congresso aprova cr\u00e9dito extra para o governo de R$ 248,9 bilh\u00f5es<\/title>\n<meta name=\"description\" content=\"A Comiss\u00e3o Mista de Or\u00e7amento (CMO) do Congresso Nacional aprovou o cr\u00e9dito extra de R$ 248,9 bilh\u00f5es. Clique aqui para saber mais.\" \/>\n<meta name=\"robots\" content=\"index, follow, max-snippet:-1, max-image-preview:large, max-video-preview:-1\" \/>\n<link rel=\"canonical\" href=\"https:\/\/www.suno.com.br\/noticias\/congresso-aprova-credito-extra-governo\/\" \/>\n<meta property=\"og:locale\" content=\"pt_BR\" \/>\n<meta property=\"og:type\" content=\"article\" \/>\n<meta property=\"og:title\" content=\"Congresso aprova cr\u00e9dito extra para o governo de R$ 248,9 bilh\u00f5es\" \/>\n<meta property=\"og:description\" content=\"A Comiss\u00e3o Mista de Or\u00e7amento (CMO) do Congresso Nacional aprovou o cr\u00e9dito extra de R$ 248,9 bilh\u00f5es. Clique aqui para saber mais.\" \/>\n<meta property=\"og:url\" content=\"https:\/\/www.suno.com.br\/noticias\/congresso-aprova-credito-extra-governo\/\" \/>\n<meta property=\"og:site_name\" content=\"Suno Not\u00edcias\" \/>\n<meta property=\"article:publisher\" content=\"https:\/\/facebook.com\/sunoresearch\" \/>\n<meta property=\"og:image\" content=\"https:\/\/files.sunoresearch.com.br\/n\/uploads\/2019\/06\/bd91826d-congresso-nacional.jpg\" \/>\n\t<meta property=\"og:image:width\" content=\"860\" \/>\n\t<meta property=\"og:image:height\" content=\"570\" \/>\n\t<meta property=\"og:image:type\" content=\"image\/jpeg\" \/>\n<meta name=\"author\" content=\"Carlo Cauti\" \/>\n<meta name=\"twitter:card\" content=\"summary_large_image\" \/>\n<meta name=\"twitter:creator\" content=\"@sunoresearch\" \/>\n<meta name=\"twitter:site\" content=\"@sunoresearch\" \/>\n<meta name=\"twitter:label1\" content=\"Escrito por\" \/>\n\t<meta name=\"twitter:data1\" content=\"Carlo Cauti\" \/>\n\t<meta name=\"twitter:label2\" content=\"Est. tempo de leitura\" \/>\n\t<meta name=\"twitter:data2\" content=\"3 minutos\" \/>\n<script type=\"application\/ld+json\" class=\"yoast-schema-graph\">{\"@context\":\"https:\/\/schema.org\",\"@graph\":[{\"@type\":\"NewsArticle\",\"@id\":\"https:\/\/www.suno.com.br\/noticias\/congresso-aprova-credito-extra-governo\/#article\",\"isPartOf\":{\"@id\":\"https:\/\/www.suno.com.br\/noticias\/congresso-aprova-credito-extra-governo\/\"},\"author\":{\"name\":\"Carlo Cauti\",\"@id\":\"https:\/\/www.suno.com.br\/noticias\/#\/schema\/person\/e6e0f723cc177805027f4566c1d5e0c8\"},\"headline\":\"Congresso aprova cr\u00e9dito extra para o governo de R$ 248,9 bilh\u00f5es\",\"datePublished\":\"2019-06-11T18:30:21+00:00\",\"mainEntityOfPage\":{\"@id\":\"https:\/\/www.suno.com.br\/noticias\/congresso-aprova-credito-extra-governo\/\"},\"wordCount\":595,\"publisher\":{\"@id\":\"https:\/\/www.suno.com.br\/noticias\/#organization\"},\"image\":{\"@id\":\"https:\/\/www.suno.com.br\/noticias\/congresso-aprova-credito-extra-governo\/#primaryimage\"},\"thumbnailUrl\":\"https:\/\/files.sunoresearch.com.br\/n\/uploads\/2019\/06\/bd91826d-congresso-nacional-jpg.webp\",\"keywords\":[\"Congresso Nacional\",\"Or\u00e7amento P\u00fablico\"],\"articleSection\":[\"Pol\u00edtica\"],\"inLanguage\":\"pt-BR\"},{\"@type\":\"WebPage\",\"@id\":\"https:\/\/www.suno.com.br\/noticias\/congresso-aprova-credito-extra-governo\/\",\"url\":\"https:\/\/www.suno.com.br\/noticias\/congresso-aprova-credito-extra-governo\/\",\"name\":\"Congresso aprova cr\u00e9dito extra para o governo de R$ 248,9 bilh\u00f5es\",\"isPartOf\":{\"@id\":\"https:\/\/www.suno.com.br\/noticias\/#website\"},\"primaryImageOfPage\":{\"@id\":\"https:\/\/www.suno.com.br\/noticias\/congresso-aprova-credito-extra-governo\/#primaryimage\"},\"image\":{\"@id\":\"https:\/\/www.suno.com.br\/noticias\/congresso-aprova-credito-extra-governo\/#primaryimage\"},\"thumbnailUrl\":\"https:\/\/files.sunoresearch.com.br\/n\/uploads\/2019\/06\/bd91826d-congresso-nacional-jpg.webp\",\"datePublished\":\"2019-06-11T18:30:21+00:00\",\"description\":\"A Comiss\u00e3o Mista de Or\u00e7amento (CMO) do Congresso Nacional aprovou o cr\u00e9dito extra de R$ 248,9 bilh\u00f5es. Clique aqui para saber mais.\",\"breadcrumb\":{\"@id\":\"https:\/\/www.suno.com.br\/noticias\/congresso-aprova-credito-extra-governo\/#breadcrumb\"},\"inLanguage\":\"pt-BR\",\"potentialAction\":[{\"@type\":\"ReadAction\",\"target\":[\"https:\/\/www.suno.com.br\/noticias\/congresso-aprova-credito-extra-governo\/\"]}]},{\"@type\":\"ImageObject\",\"inLanguage\":\"pt-BR\",\"@id\":\"https:\/\/www.suno.com.br\/noticias\/congresso-aprova-credito-extra-governo\/#primaryimage\",\"url\":\"https:\/\/files.sunoresearch.com.br\/n\/uploads\/2019\/06\/bd91826d-congresso-nacional-jpg.webp\",\"contentUrl\":\"https:\/\/files.sunoresearch.com.br\/n\/uploads\/2019\/06\/bd91826d-congresso-nacional-jpg.webp\",\"width\":860,\"height\":570,\"caption\":\"Coronav\u00edrus: Brasil confirma 98 casos e transmiss\u00e3o comunit\u00e1ria\"},{\"@type\":\"BreadcrumbList\",\"@id\":\"https:\/\/www.suno.com.br\/noticias\/congresso-aprova-credito-extra-governo\/#breadcrumb\",\"itemListElement\":[{\"@type\":\"ListItem\",\"position\":1,\"name\":\"Not\u00edcias\",\"item\":\"https:\/\/www.suno.com.br\/noticias\/\"},{\"@type\":\"ListItem\",\"position\":2,\"name\":\"Pol\u00edtica\",\"item\":\"https:\/\/www.suno.com.br\/noticias\/politica\/\"},{\"@type\":\"ListItem\",\"position\":3,\"name\":\"Congresso aprova cr\u00e9dito extra para o governo de R$ 248,9 bilh\u00f5es\"}]},{\"@type\":\"WebSite\",\"@id\":\"https:\/\/www.suno.com.br\/noticias\/#website\",\"url\":\"https:\/\/www.suno.com.br\/noticias\/\",\"name\":\"Suno Not\u00edcias\",\"description\":\"Seu portal de informa\u00e7\u00e3o sobre o mundo dos investimentos\",\"publisher\":{\"@id\":\"https:\/\/www.suno.com.br\/noticias\/#organization\"},\"potentialAction\":[{\"@type\":\"SearchAction\",\"target\":{\"@type\":\"EntryPoint\",\"urlTemplate\":\"https:\/\/www.suno.com.br\/noticias\/?s={search_term_string}\"},\"query-input\":{\"@type\":\"PropertyValueSpecification\",\"valueRequired\":true,\"valueName\":\"search_term_string\"}}],\"inLanguage\":\"pt-BR\"},{\"@type\":\"Organization\",\"@id\":\"https:\/\/www.suno.com.br\/noticias\/#organization\",\"name\":\"Suno Not\u00edcias\",\"url\":\"https:\/\/www.suno.com.br\/noticias\/\",\"logo\":{\"@type\":\"ImageObject\",\"inLanguage\":\"pt-BR\",\"@id\":\"https:\/\/www.suno.com.br\/noticias\/#\/schema\/logo\/image\/\",\"url\":\"https:\/\/files.sunoresearch.com.br\/n\/uploads\/2021\/09\/suno-logo.png\",\"contentUrl\":\"https:\/\/files.sunoresearch.com.br\/n\/uploads\/2021\/09\/suno-logo.png\",\"width\":180,\"height\":180,\"caption\":\"Suno Not\u00edcias\"},\"image\":{\"@id\":\"https:\/\/www.suno.com.br\/noticias\/#\/schema\/logo\/image\/\"},\"sameAs\":[\"https:\/\/facebook.com\/sunoresearch\",\"https:\/\/x.com\/sunoresearch\",\"https:\/\/www.instagram.com\/suno\",\"https:\/\/www.linkedin.com\/company\/suno-research\/\",\"https:\/\/www.youtube.com\/c\/sunoresearch\"]},{\"@type\":\"Person\",\"@id\":\"https:\/\/www.suno.com.br\/noticias\/#\/schema\/person\/e6e0f723cc177805027f4566c1d5e0c8\",\"name\":\"Carlo Cauti\",\"image\":{\"@type\":\"ImageObject\",\"inLanguage\":\"pt-BR\",\"@id\":\"https:\/\/www.suno.com.br\/noticias\/#\/schema\/person\/image\/\",\"url\":\"https:\/\/secure.gravatar.com\/avatar\/3ada9e0bd164c23abd4792a9606d583c?s=96&r=g\",\"contentUrl\":\"https:\/\/secure.gravatar.com\/avatar\/3ada9e0bd164c23abd4792a9606d583c?s=96&r=g\",\"caption\":\"Carlo Cauti\"},\"description\":\"Editor multim\u00eddia do SUNO Not\u00edcias. Italiano, formado em Ci\u00eancias Pol\u00edticas pela universidade LUISS G. Carli de Roma e mestre cum laude em Rela\u00e7\u00f5es Internacionais, Jornalismo Internacional e de Guerra e em Economia Internacional. Concluiu tamb\u00e9m um MBA em Finan\u00e7as na B3. No Brasil, teve passagem por ve\u00edculos como Estad\u00e3o, Globo, Veja e EXAME. e nas ag\u00eancias de not\u00edcias italianas ANSA e NOVA.\",\"url\":\"https:\/\/www.suno.com.br\/noticias\/author\/carlo-cauti\/\"}]}<\/script>\n<!-- \/ Yoast SEO plugin. -->","yoast_head_json":{"title":"Congresso aprova cr\u00e9dito extra para o governo de R$ 248,9 bilh\u00f5es","description":"A Comiss\u00e3o Mista de Or\u00e7amento (CMO) do Congresso Nacional aprovou o cr\u00e9dito extra de R$ 248,9 bilh\u00f5es. Clique aqui para saber mais.","robots":{"index":"index","follow":"follow","max-snippet":"max-snippet:-1","max-image-preview":"max-image-preview:large","max-video-preview":"max-video-preview:-1"},"canonical":"https:\/\/www.suno.com.br\/noticias\/congresso-aprova-credito-extra-governo\/","og_locale":"pt_BR","og_type":"article","og_title":"Congresso aprova cr\u00e9dito extra para o governo de R$ 248,9 bilh\u00f5es","og_description":"A Comiss\u00e3o Mista de Or\u00e7amento (CMO) do Congresso Nacional aprovou o cr\u00e9dito extra de R$ 248,9 bilh\u00f5es. Clique aqui para saber mais.","og_url":"https:\/\/www.suno.com.br\/noticias\/congresso-aprova-credito-extra-governo\/","og_site_name":"Suno Not\u00edcias","article_publisher":"https:\/\/facebook.com\/sunoresearch","og_image":[{"width":860,"height":570,"url":"https:\/\/files.sunoresearch.com.br\/n\/uploads\/2019\/06\/bd91826d-congresso-nacional.jpg","type":"image\/jpeg"}],"author":"Carlo Cauti","twitter_card":"summary_large_image","twitter_creator":"@sunoresearch","twitter_site":"@sunoresearch","twitter_misc":{"Escrito por":"Carlo Cauti","Est. tempo de leitura":"3 minutos"},"schema":{"@context":"https:\/\/schema.org","@graph":[{"@type":"NewsArticle","@id":"https:\/\/www.suno.com.br\/noticias\/congresso-aprova-credito-extra-governo\/#article","isPartOf":{"@id":"https:\/\/www.suno.com.br\/noticias\/congresso-aprova-credito-extra-governo\/"},"author":{"name":"Carlo Cauti","@id":"https:\/\/www.suno.com.br\/noticias\/#\/schema\/person\/e6e0f723cc177805027f4566c1d5e0c8"},"headline":"Congresso aprova cr\u00e9dito extra para o governo de R$ 248,9 bilh\u00f5es","datePublished":"2019-06-11T18:30:21+00:00","mainEntityOfPage":{"@id":"https:\/\/www.suno.com.br\/noticias\/congresso-aprova-credito-extra-governo\/"},"wordCount":595,"publisher":{"@id":"https:\/\/www.suno.com.br\/noticias\/#organization"},"image":{"@id":"https:\/\/www.suno.com.br\/noticias\/congresso-aprova-credito-extra-governo\/#primaryimage"},"thumbnailUrl":"https:\/\/files.sunoresearch.com.br\/n\/uploads\/2019\/06\/bd91826d-congresso-nacional-jpg.webp","keywords":["Congresso Nacional","Or\u00e7amento P\u00fablico"],"articleSection":["Pol\u00edtica"],"inLanguage":"pt-BR"},{"@type":"WebPage","@id":"https:\/\/www.suno.com.br\/noticias\/congresso-aprova-credito-extra-governo\/","url":"https:\/\/www.suno.com.br\/noticias\/congresso-aprova-credito-extra-governo\/","name":"Congresso aprova cr\u00e9dito extra para o governo de R$ 248,9 bilh\u00f5es","isPartOf":{"@id":"https:\/\/www.suno.com.br\/noticias\/#website"},"primaryImageOfPage":{"@id":"https:\/\/www.suno.com.br\/noticias\/congresso-aprova-credito-extra-governo\/#primaryimage"},"image":{"@id":"https:\/\/www.suno.com.br\/noticias\/congresso-aprova-credito-extra-governo\/#primaryimage"},"thumbnailUrl":"https:\/\/files.sunoresearch.com.br\/n\/uploads\/2019\/06\/bd91826d-congresso-nacional-jpg.webp","datePublished":"2019-06-11T18:30:21+00:00","description":"A Comiss\u00e3o Mista de Or\u00e7amento (CMO) do Congresso Nacional aprovou o cr\u00e9dito extra de R$ 248,9 bilh\u00f5es. Clique aqui para saber mais.","breadcrumb":{"@id":"https:\/\/www.suno.com.br\/noticias\/congresso-aprova-credito-extra-governo\/#breadcrumb"},"inLanguage":"pt-BR","potentialAction":[{"@type":"ReadAction","target":["https:\/\/www.suno.com.br\/noticias\/congresso-aprova-credito-extra-governo\/"]}]},{"@type":"ImageObject","inLanguage":"pt-BR","@id":"https:\/\/www.suno.com.br\/noticias\/congresso-aprova-credito-extra-governo\/#primaryimage","url":"https:\/\/files.sunoresearch.com.br\/n\/uploads\/2019\/06\/bd91826d-congresso-nacional-jpg.webp","contentUrl":"https:\/\/files.sunoresearch.com.br\/n\/uploads\/2019\/06\/bd91826d-congresso-nacional-jpg.webp","width":860,"height":570,"caption":"Coronav\u00edrus: Brasil confirma 98 casos e transmiss\u00e3o comunit\u00e1ria"},{"@type":"BreadcrumbList","@id":"https:\/\/www.suno.com.br\/noticias\/congresso-aprova-credito-extra-governo\/#breadcrumb","itemListElement":[{"@type":"ListItem","position":1,"name":"Not\u00edcias","item":"https:\/\/www.suno.com.br\/noticias\/"},{"@type":"ListItem","position":2,"name":"Pol\u00edtica","item":"https:\/\/www.suno.com.br\/noticias\/politica\/"},{"@type":"ListItem","position":3,"name":"Congresso aprova cr\u00e9dito extra para o governo de R$ 248,9 bilh\u00f5es"}]},{"@type":"WebSite","@id":"https:\/\/www.suno.com.br\/noticias\/#website","url":"https:\/\/www.suno.com.br\/noticias\/","name":"Suno Not\u00edcias","description":"Seu portal de informa\u00e7\u00e3o sobre o mundo dos investimentos","publisher":{"@id":"https:\/\/www.suno.com.br\/noticias\/#organization"},"potentialAction":[{"@type":"SearchAction","target":{"@type":"EntryPoint","urlTemplate":"https:\/\/www.suno.com.br\/noticias\/?s={search_term_string}"},"query-input":{"@type":"PropertyValueSpecification","valueRequired":true,"valueName":"search_term_string"}}],"inLanguage":"pt-BR"},{"@type":"Organization","@id":"https:\/\/www.suno.com.br\/noticias\/#organization","name":"Suno Not\u00edcias","url":"https:\/\/www.suno.com.br\/noticias\/","logo":{"@type":"ImageObject","inLanguage":"pt-BR","@id":"https:\/\/www.suno.com.br\/noticias\/#\/schema\/logo\/image\/","url":"https:\/\/files.sunoresearch.com.br\/n\/uploads\/2021\/09\/suno-logo.png","contentUrl":"https:\/\/files.sunoresearch.com.br\/n\/uploads\/2021\/09\/suno-logo.png","width":180,"height":180,"caption":"Suno Not\u00edcias"},"image":{"@id":"https:\/\/www.suno.com.br\/noticias\/#\/schema\/logo\/image\/"},"sameAs":["https:\/\/facebook.com\/sunoresearch","https:\/\/x.com\/sunoresearch","https:\/\/www.instagram.com\/suno","https:\/\/www.linkedin.com\/company\/suno-research\/","https:\/\/www.youtube.com\/c\/sunoresearch"]},{"@type":"Person","@id":"https:\/\/www.suno.com.br\/noticias\/#\/schema\/person\/e6e0f723cc177805027f4566c1d5e0c8","name":"Carlo Cauti","image":{"@type":"ImageObject","inLanguage":"pt-BR","@id":"https:\/\/www.suno.com.br\/noticias\/#\/schema\/person\/image\/","url":"https:\/\/secure.gravatar.com\/avatar\/3ada9e0bd164c23abd4792a9606d583c?s=96&r=g","contentUrl":"https:\/\/secure.gravatar.com\/avatar\/3ada9e0bd164c23abd4792a9606d583c?s=96&r=g","caption":"Carlo Cauti"},"description":"Editor multim\u00eddia do SUNO Not\u00edcias. Italiano, formado em Ci\u00eancias Pol\u00edticas pela universidade LUISS G. Carli de Roma e mestre cum laude em Rela\u00e7\u00f5es Internacionais, Jornalismo Internacional e de Guerra e em Economia Internacional. Concluiu tamb\u00e9m um MBA em Finan\u00e7as na B3. No Brasil, teve passagem por ve\u00edculos como Estad\u00e3o, Globo, Veja e EXAME. e nas ag\u00eancias de not\u00edcias italianas ANSA e NOVA.","url":"https:\/\/www.suno.com.br\/noticias\/author\/carlo-cauti\/"}]}},"default_loop_html":"<div class=\"cardsPage__listCard__boxs\"><div class=\"cardsPage__listCard__boxs__img\"><a href=\"https:\/\/www.suno.com.br\/noticias\/congresso-aprova-credito-extra-governo\/\"><img class=\"mask\" src=\"https:\/\/www.suno.com.br\/noticias\/wp-content\/themes\/suno\/resources\/images\/spotlight\/spotlight1img\/bg-mask.png\" alt=\"Image Mask\"\/><img src=\"https:\/\/files.sunoresearch.com.br\/n\/uploads\/2019\/06\/bd91826d-congresso-nacional-400x200.webp\" alt=\"Congresso aprova cr\u00e9dito extra para o governo de R$ 248,9 bilh\u00f5es\"\/><\/a><span class=\"spotlightCategory\"><a href=\"https:\/\/www.suno.com.br\/noticias\/politica\/\">Pol\u00edtica<\/a><\/span><\/div><div class=\"cardsPage__listCard__boxs__content\"><a href=\"https:\/\/www.suno.com.br\/noticias\/congresso-aprova-credito-extra-governo\/\"><h2 class=\"content__title\">Congresso aprova cr\u00e9dito extra para o governo de R$ 248,9 bilh\u00f5es<\/h2><\/a><div class=\"newsContent__article__meta\"><div class=\"newsContent__article__meta__authorBox\"><a href=\"https:\/\/www.suno.com.br\/noticias\/author\/carlo-cauti\/\" class=\"authorBox__avatar noMobi\"><img src=\"https:\/\/files.sunoresearch.com.br\/n\/uploads\/2020\/08\/e3745f9a-perfil-carlo-cauti-150x150.webp\" alt=\"Carlo Cauti\"><\/a><div class=\"authorBox__name\"><span>por\n\t\t\t<a href=\"https:\/\/www.suno.com.br\/noticias\/author\/carlo-cauti\/\"><span itemprop=\"author\">Carlo Cauti<\/span><\/a><\/span><time datetime=\"2019-06-11T15:30:21-03:00\" itemprop=\"datePublished\">11\/06\/2019 15:30<\/time><\/div><\/div><\/div><\/div><\/div>","single_layout":"posts","amp_enabled":true,"_links":{"self":[{"href":"https:\/\/www.suno.com.br\/noticias\/wp-json\/wp\/v2\/posts\/27860"}],"collection":[{"href":"https:\/\/www.suno.com.br\/noticias\/wp-json\/wp\/v2\/posts"}],"about":[{"href":"https:\/\/www.suno.com.br\/noticias\/wp-json\/wp\/v2\/types\/post"}],"author":[{"embeddable":true,"href":"https:\/\/www.suno.com.br\/noticias\/wp-json\/wp\/v2\/users\/9"}],"replies":[{"embeddable":true,"href":"https:\/\/www.suno.com.br\/noticias\/wp-json\/wp\/v2\/comments?post=27860"}],"version-history":[{"count":0,"href":"https:\/\/www.suno.com.br\/noticias\/wp-json\/wp\/v2\/posts\/27860\/revisions"}],"wp:featuredmedia":[{"embeddable":true,"href":"https:\/\/www.suno.com.br\/noticias\/wp-json\/wp\/v2\/media\/27864"}],"wp:attachment":[{"href":"https:\/\/www.suno.com.br\/noticias\/wp-json\/wp\/v2\/media?parent=27860"}],"wp:term":[{"taxonomy":"category","embeddable":true,"href":"https:\/\/www.suno.com.br\/noticias\/wp-json\/wp\/v2\/categories?post=27860"},{"taxonomy":"post_tag","embeddable":true,"href":"https:\/\/www.suno.com.br\/noticias\/wp-json\/wp\/v2\/tags?post=27860"},{"taxonomy":"suno_strategy","embeddable":true,"href":"https:\/\/www.suno.com.br\/noticias\/wp-json\/wp\/v2\/suno_strategy?post=27860"}],"curies":[{"name":"wp","href":"https:\/\/api.w.org\/{rel}","templated":true}]}}