{"id":278414,"date":"2022-07-25T17:23:14","date_gmt":"2022-07-25T20:23:14","guid":{"rendered":"https:\/\/www.suno.com.br\/noticias\/?p=278414"},"modified":"2022-07-25T17:42:19","modified_gmt":"2022-07-25T20:42:19","slug":"app-do-santander-sanb11-fora-do-ar-clientes-reclamam","status":"publish","type":"post","link":"https:\/\/www.suno.com.br\/noticias\/app-do-santander-sanb11-fora-do-ar-clientes-reclamam\/","title":{"rendered":"App do Santander (SANB11) fica fora do ar; clientes reclamam em redes"},"content":{"rendered":"<p>O aplicativo do banco <a class=\"suno-keyword\" href=\"https:\/\/www.suno.com.br\/acoes\/SANB11\/\" target=\"_blank\" rel=\"noopener\" data-force=\"yes\" data-priority=\"2\"><strong>Santander<\/strong> (SANB11)<\/a> ficou fora do ar no final da manh\u00e3 desta segunda-feira (25), de acordo com relatos de clientes nas redes sociais.<\/p>\t<div class=\"wrapper-featured-image\">\n\t\t<figure class=\"spotlightImg\">\n\n\t\t\t<picture>\n\t\t\t\t<source media=\"(max-width: 768px)\" srcset=\"https:\/\/files.sunoresearch.com.br\/n\/uploads\/2021\/02\/270885dc-15803008685e317a44e8d42_1580300868_3x2_rt-400x200.webp\">\n\t\t\t\t<img loading=\"lazy\" decoding=\"async\" class=\"newsContent__article__imgCapa lazyloadDisabled \" src=\"https:\/\/files.sunoresearch.com.br\/n\/uploads\/2021\/02\/270885dc-15803008685e317a44e8d42_1580300868_3x2_rt-800x450.webp\" width=\"800\" height=\"450\" alt=\"App do Santander (SANB11) fica fora do ar; clientes reclamam em redes\" fetchpriority=high \/>\n\t\t\t<\/picture>\n\n\t\t\t<figcaption class=\"wp-caption-text wp-caption-text--show\">Santander (SANB11). Foto: Divulga\u00e7\u00e3o<\/figcaption>\n\t\t<\/figure>\n\t<\/div>\n\n\n\t<p>\n\t\t<a href=\"\" target=\"_blank\" data-element=\"shortcode-suno-banner\" title=\"Banner SUNO, clique e saiba mais\">\n\t\t\t<picture>\n\t\t\t\t<source media=\"(max-width: 500px)\" srcset=\"\">\n\t\t\t\t<img class=\"newsContent__article__imgCapa newsContent__article__imgCapa--banner\"\n\t\t\t\t\tsrc=\"\"\n\t\t\t\t\tdata-promo-id=\"138420\"\t\t\t\t\t\t\t\t\t\t\t\t\t\t\talt=\"\"\n\t\t\t\t>\n\t\t\t<\/picture>\n\t\t<\/a>\n\t<\/p>\n\n\n<p>Usu\u00e1rios fizeram diversas reclama\u00e7\u00f5es via canais de atendimento do Santander. Segundo o site DownDetector, especializado em acompanhar esse tipo de reclama\u00e7\u00e3o, o pico de reclama\u00e7\u00f5es, ao meio dia, alcan\u00e7ou mais de 1.130 queixas, sendo 75% sobre o aplicativo para <a class=\"suno-keyword\" href=\"https:\/\/www.suno.com.br\/artigos\/pessoa-fisica\/\" target=\"_blank\" rel=\"noopener\" data-force=\"no\" data-priority=\"1\">pessoa f\u00edsica<\/a>, 18% sobre o internet banking para PJ e 7% sobre o PIX.<\/p>\n<p>O banco afirmou em redes sociais que identificou uma intermit\u00eancia em seus canais e j\u00e1 est\u00e1 trabalhando para regulariza\u00e7\u00e3o. \u201cNo momento nossos atendimentos est\u00e3o temporariamente suspensos, mas estamos trabalhando para que tudo seja normalizado o quanto antes\u201d, diz uma mensagem no app do banco.<\/p>\n<blockquote class=\"twitter-tweet\" data-width=\"550\" data-dnt=\"true\">\n<p lang=\"pt\" dir=\"ltr\">O dia inteiro sem funcionar NADA e o <a href=\"https:\/\/twitter.com\/santander_br?ref_src=twsrc%5Etfw\">@santander_br<\/a> nem pra dar uma explica\u00e7\u00e3o. &quot;Tente mais tarde&quot; \u00e9 de um descaramento e uma certeza da vulnerabilidade impotente de quem depende dessa bosta. <a href=\"https:\/\/t.co\/0DWd7DutVB\">https:\/\/t.co\/0DWd7DutVB<\/a><\/p>\n<p>&mdash; BorboletasnosOlhos (@Lucianahn) <a href=\"https:\/\/twitter.com\/Lucianahn\/status\/1551647548867239936?ref_src=twsrc%5Etfw\">July 25, 2022<\/a><\/p><\/blockquote>\n<p><script async src=\"https:\/\/platform.twitter.com\/widgets.js\" charset=\"utf-8\"><\/script><\/p>\n<p>A central de atendimento do Santander tamb\u00e9m n\u00e3o fornece qualquer tipo de suporte, apenas a mesma mensagem acima.<\/p>\n\t<p>\n\t\t<a href=\"https:\/\/lp.suno.com.br\/planilha-controle-gastos\/\" target=\"_blank\" data-element=\"shortcode-suno-banner\" title=\"Banner SUNO, clique e saiba mais\">\n\t\t\t<picture>\n\t\t\t\t<source media=\"(max-width: 500px)\" srcset=\"https:\/\/files.sunoresearch.com.br\/n\/uploads\/2023\/03\/400x300-Planilha-controle-de-gastos.png\">\n\t\t\t\t<img class=\"newsContent__article__imgCapa newsContent__article__imgCapa--banner\"\n\t\t\t\t\tsrc=\"https:\/\/files.sunoresearch.com.br\/n\/uploads\/2023\/03\/1420x240-Planilha-controle-de-gastos.png\"\n\t\t\t\t\tdata-promo-id=\"101751\"\t\t\t\t\t\t\t\t\t\twidth='1420' height='240'\t\t\t\t\talt=\"https:\/\/files.sunoresearch.com.br\/n\/uploads\/2023\/03\/1420x240-Planilha-controle-de-gastos.png\"\n\t\t\t\t>\n\t\t\t<\/picture>\n\t\t<\/a>\n\t<\/p>\n\n\n<p>O aplicativo do Santander continua fora do ar at\u00e9 o fechamento desta reportagem.<\/p>\n<p>Veja algumas reclama\u00e7\u00f5es de clientes no Twitter:<\/p>\n<blockquote class=\"twitter-tweet\" data-width=\"550\" data-dnt=\"true\">\n<p lang=\"en\" dir=\"ltr\">Setor de T.I. do Santander <a href=\"https:\/\/t.co\/TKcXjrFcM0\">pic.twitter.com\/TKcXjrFcM0<\/a><\/p>\n<p>&mdash; Eduardo Silva W\/ (@silva11_eduardo) <a href=\"https:\/\/twitter.com\/silva11_eduardo\/status\/1551588671446466561?ref_src=twsrc%5Etfw\">July 25, 2022<\/a><\/p><\/blockquote>\n<p><script async src=\"https:\/\/platform.twitter.com\/widgets.js\" charset=\"utf-8\"><\/script><\/p>\n<blockquote class=\"twitter-tweet\" data-width=\"550\" data-dnt=\"true\">\n<p lang=\"pt\" dir=\"ltr\">mais de 5h que o santander t\u00e1 fora, s\u00e9rio isso??? <a href=\"https:\/\/twitter.com\/santander_br?ref_src=twsrc%5Etfw\">@santander_br<\/a><\/p>\n<p>&mdash; thiago (@_diasthiago_) <a href=\"https:\/\/twitter.com\/_diasthiago_\/status\/1551658672589250566?ref_src=twsrc%5Etfw\">July 25, 2022<\/a><\/p><\/blockquote>\n<p><script async src=\"https:\/\/platform.twitter.com\/widgets.js\" charset=\"utf-8\"><\/script><\/p>\n<blockquote class=\"twitter-tweet\" data-width=\"550\" data-dnt=\"true\">\n<p lang=\"pt\" dir=\"ltr\">Estou desde cedo tentando acessar minha conta, preciso fazer um pagamento que vence hoje, e est\u00e1 tudo fora do ar. Isso \u00e9 uma grande falta de respeito com os clientes! E agora, o que fa\u00e7o? Vou ter que pagar multa por causa do n\u00e3o funcionamento do sistema de voc\u00eas?<\/p>\n<p>&mdash; Ederson Ramalho (@edersonlz) <a href=\"https:\/\/twitter.com\/edersonlz\/status\/1551658590246666240?ref_src=twsrc%5Etfw\">July 25, 2022<\/a><\/p><\/blockquote>\n<p><script async src=\"https:\/\/platform.twitter.com\/widgets.js\" charset=\"utf-8\"><\/script><\/p>\n<p><em>Leia mais<\/em><\/p>\n<h2>Santander (SANB11): Genial prev\u00ea 2T22 morno e pressionado; lucro deve rondar os R$ 4,4 bilh\u00f5es<\/h2>\n<p>A divulga\u00e7\u00e3o de resultados do segundo trimestre de 2022 do\u00a0<a href=\"https:\/\/www.suno.com.br\/acoes\/sanb11\/\"><strong>Santander<\/strong>\u00a0(SANB11)<\/a>\u00a0n\u00e3o anima os analistas da Genial Investimentos, conforme divulgou a institui\u00e7\u00e3o nesta sexta-feira (22) em relat\u00f3rio sobre o banco.<\/p>\n\t<p>\n\t\t<a href=\"https:\/\/lp.suno.com.br\/planilha-da-vida-financeira\/\" target=\"_blank\" data-element=\"shortcode-suno-banner\" title=\"Banner SUNO, clique e saiba mais\">\n\t\t\t<picture>\n\t\t\t\t<source media=\"(max-width: 500px)\" srcset=\"https:\/\/files.sunoresearch.com.br\/n\/uploads\/2023\/04\/400x300-Planilha-vida-financeira-true.png\">\n\t\t\t\t<img class=\"newsContent__article__imgCapa newsContent__article__imgCapa--banner\"\n\t\t\t\t\tsrc=\"https:\/\/files.sunoresearch.com.br\/n\/uploads\/2023\/04\/1420x240-Planilha-vida-financeira-true.png\"\n\t\t\t\t\tdata-promo-id=\"106682\"\t\t\t\t\t\t\t\t\t\twidth='1420' height='240'\t\t\t\t\talt=\"https:\/\/files.sunoresearch.com.br\/n\/uploads\/2023\/04\/1420x240-Planilha-vida-financeira-true.png\"\n\t\t\t\t>\n\t\t\t<\/picture>\n\t\t<\/a>\n\t<\/p>\n\n\n<p>A Genial prev\u00ea um lucro de cerca de R$ 4,4 bilh\u00f5es para o<strong>\u00a0Santander no 2T22<\/strong>, valor acima do consenso do mercado, de R$ 3,9 bilh\u00f5es. Esse n\u00famero \u00e9 pouco acima do\u00a0<a class=\"suno-keyword\" href=\"https:\/\/www.suno.com.br\/artigos\/lucro-liquido\/\" target=\"_blank\" rel=\"noopener noreferrer\" data-force=\"no\" data-priority=\"1\">lucro l\u00edquido<\/a>\u00a0do 2T21, de R$ 4,17 bilh\u00f5es, ent\u00e3o o maior patamar hist\u00f3rico do banco. O<a href=\"https:\/\/www.suno.com.br\/noticias\/santander-sanb11-lucro-resultado-balanco-1t22\/\">\u00a0lucro do 1t22<\/a>\u00a0ficou nos R$ 4 bi.<\/p>\n<p>O Santander, que apresentar\u00e1 seu balan\u00e7o trimestral ao mercado no pr\u00f3ximo dia 28, deve ter, segundo a\u00a0<strong>Genial<\/strong>, aumento da inadimpl\u00eancia e uma baixa cobertura \u2013 a menor entre os grandes bancos \u2014 como fatores de press\u00e3o nas opera\u00e7\u00f5es e lucros no per\u00edodo.<\/p>\n<p>Para a Genial, uma tend\u00eancia mais fraca nas receitas e uma eleva\u00e7\u00e3o nas provis\u00f5es devem resultar para o Santander um crescimento de lucro \u201cmodesto\u201d no ano, rondando os 5%.<\/p>\n\t<p>\n\t\t<a href=\"https:\/\/lp.suno.com.br\/ebook-como-analisar-uma-acao\/\" target=\"_blank\" data-element=\"shortcode-suno-banner\" title=\"Banner SUNO, clique e saiba mais\">\n\t\t\t<picture>\n\t\t\t\t<source media=\"(max-width: 500px)\" srcset=\"https:\/\/files.sunoresearch.com.br\/n\/uploads\/2023\/03\/Ebook-Acoes-Mobile-1.jpg\">\n\t\t\t\t<img class=\"newsContent__article__imgCapa newsContent__article__imgCapa--banner\"\n\t\t\t\t\tsrc=\"https:\/\/files.sunoresearch.com.br\/n\/uploads\/2023\/03\/Ebook-Acoes-Desktop-1.jpg\"\n\t\t\t\t\tdata-promo-id=\"171998\"\t\t\t\t\t\t\t\t\t\twidth='1420' height='286'\t\t\t\t\talt=\"https:\/\/files.sunoresearch.com.br\/n\/uploads\/2023\/03\/Ebook-Acoes-Desktop-1.jpg\"\n\t\t\t\t>\n\t\t\t<\/picture>\n\t\t<\/a>\n\t<\/p>\n\n\n<p>\u201cReconhecemos que a\u00a0<strong>a\u00e7\u00e3o do Santander<\/strong>\u00a0n\u00e3o est\u00e1 cara ao valuation de 1,21x P\/BV 22 e 6,2x P\/E 22. Entretanto, com o valuation atrativo em todo o setor e melhor din\u00e2mica de crescimento de lucro para os pr\u00f3ximos anos nos compar\u00e1veis, seguimos preferindo outros pap\u00e9is desse segmento\u201d, afirmou a institui\u00e7\u00e3o.<\/p>\n<h2>Cota\u00e7\u00e3o<\/h2>\n<p>A unit do <strong>Santander<\/strong> fechou em alta de 1,78%, a R$ 28,02.<\/p>\n\t<p>\n\t\t<a href=\"https:\/\/lp.suno.com.br\/planilha-de-controle-de-investimentos\/\" target=\"_blank\" data-element=\"shortcode-suno-banner\" title=\"Banner SUNO, clique e saiba mais\">\n\t\t\t<picture>\n\t\t\t\t<source media=\"(max-width: 500px)\" srcset=\"https:\/\/files.sunoresearch.com.br\/n\/uploads\/2023\/03\/400x300-Controle-de-Investimentos.png\">\n\t\t\t\t<img class=\"newsContent__article__imgCapa newsContent__article__imgCapa--banner\"\n\t\t\t\t\tsrc=\"https:\/\/files.sunoresearch.com.br\/n\/uploads\/2023\/03\/1420x240-Controle-de-Investimentos.png\"\n\t\t\t\t\tdata-promo-id=\"75934\"\t\t\t\t\t\t\t\t\t\twidth='1420' height='240'\t\t\t\t\talt=\"https:\/\/files.sunoresearch.com.br\/n\/uploads\/2023\/03\/1420x240-Controle-de-Investimentos.png\"\n\t\t\t\t>\n\t\t\t<\/picture>\n\t\t<\/a>\n\t<\/p>\n\n\n","protected":false},"excerpt":{"rendered":"<p>O aplicativo do banco Santander (SANB11) ficou fora do ar no final da manh\u00e3 desta segunda-feira (25), de acordo com relatos de clientes nas redes sociais. Santander (SANB11). Foto: Divulga\u00e7\u00e3o Usu\u00e1rios fizeram diversas reclama\u00e7\u00f5es via canais de atendimento do Santander. Segundo o site DownDetector, especializado em acompanhar esse tipo de reclama\u00e7\u00e3o, o pico de reclama\u00e7\u00f5es, [&hellip;]<\/p>\n","protected":false},"author":146,"featured_media":118404,"comment_status":"closed","ping_status":"closed","sticky":false,"template":"","format":"standard","meta":[],"categories":[64],"tags":[624],"suno_strategy":[],"class_list":["post-278414","post","type-post","status-publish","format-standard","has-post-thumbnail","hentry","category-negocios","tag-santander-sanb11-sanb3-sanb4"],"yoast_head":"<!-- This site is optimized with the Yoast SEO plugin v24.4 - https:\/\/yoast.com\/wordpress\/plugins\/seo\/ -->\n<title>App do Santander (SANB11) fica fora do ar; clientes reclamam em redes<\/title>\n<meta name=\"description\" content=\"Diversas reclama\u00e7\u00f5es dominaram as redes sociais nesta segunda (25), ap\u00f3s o aplicativo do Santander (SANB11) sair do ar.\" \/>\n<meta name=\"robots\" content=\"index, follow, max-snippet:-1, max-image-preview:large, max-video-preview:-1\" \/>\n<link rel=\"canonical\" href=\"https:\/\/www.suno.com.br\/noticias\/app-do-santander-sanb11-fora-do-ar-clientes-reclamam\/\" \/>\n<meta property=\"og:locale\" content=\"pt_BR\" \/>\n<meta property=\"og:type\" content=\"article\" \/>\n<meta property=\"og:title\" content=\"App do Santander (SANB11) fica fora do ar; clientes reclamam em redes\" \/>\n<meta property=\"og:description\" content=\"Diversas reclama\u00e7\u00f5es dominaram as redes sociais nesta segunda (25), ap\u00f3s o aplicativo do Santander (SANB11) sair do ar.\" \/>\n<meta property=\"og:url\" content=\"https:\/\/www.suno.com.br\/noticias\/app-do-santander-sanb11-fora-do-ar-clientes-reclamam\/\" \/>\n<meta property=\"og:site_name\" content=\"Suno Not\u00edcias\" \/>\n<meta property=\"article:publisher\" content=\"https:\/\/facebook.com\/sunoresearch\" \/>\n<meta property=\"og:image\" content=\"https:\/\/files.sunoresearch.com.br\/n\/uploads\/2021\/02\/270885dc-15803008685e317a44e8d42_1580300868_3x2_rt.jpg\" \/>\n\t<meta property=\"og:image:width\" content=\"2400\" \/>\n\t<meta property=\"og:image:height\" content=\"1600\" \/>\n\t<meta property=\"og:image:type\" content=\"image\/jpeg\" \/>\n<meta name=\"author\" content=\"Vict\u00f3ria Anhesini\" \/>\n<meta name=\"twitter:card\" content=\"summary_large_image\" \/>\n<meta name=\"twitter:creator\" content=\"@sunoresearch\" \/>\n<meta name=\"twitter:site\" content=\"@sunoresearch\" \/>\n<meta name=\"twitter:label1\" content=\"Escrito por\" \/>\n\t<meta name=\"twitter:data1\" content=\"Vict\u00f3ria Anhesini\" \/>\n\t<meta name=\"twitter:label2\" content=\"Est. tempo de leitura\" \/>\n\t<meta name=\"twitter:data2\" content=\"3 minutos\" \/>\n<script type=\"application\/ld+json\" class=\"yoast-schema-graph\">{\"@context\":\"https:\/\/schema.org\",\"@graph\":[{\"@type\":\"NewsArticle\",\"@id\":\"https:\/\/www.suno.com.br\/noticias\/app-do-santander-sanb11-fora-do-ar-clientes-reclamam\/#article\",\"isPartOf\":{\"@id\":\"https:\/\/www.suno.com.br\/noticias\/app-do-santander-sanb11-fora-do-ar-clientes-reclamam\/\"},\"author\":{\"name\":\"Vict\u00f3ria Anhesini\",\"@id\":\"https:\/\/www.suno.com.br\/noticias\/#\/schema\/person\/46d847cb19ad53fde0857adca989c23f\"},\"headline\":\"App do Santander (SANB11) fica fora do ar; clientes reclamam em redes\",\"datePublished\":\"2022-07-25T20:23:14+00:00\",\"dateModified\":\"2022-07-25T20:42:19+00:00\",\"mainEntityOfPage\":{\"@id\":\"https:\/\/www.suno.com.br\/noticias\/app-do-santander-sanb11-fora-do-ar-clientes-reclamam\/\"},\"wordCount\":478,\"publisher\":{\"@id\":\"https:\/\/www.suno.com.br\/noticias\/#organization\"},\"image\":{\"@id\":\"https:\/\/www.suno.com.br\/noticias\/app-do-santander-sanb11-fora-do-ar-clientes-reclamam\/#primaryimage\"},\"thumbnailUrl\":\"https:\/\/files.sunoresearch.com.br\/n\/uploads\/2021\/02\/270885dc-15803008685e317a44e8d42_1580300868_3x2_rt-jpg.webp\",\"keywords\":[\"Santander (SANB11\/SANB3\/SANB4)\"],\"articleSection\":[\"Neg\u00f3cios\"],\"inLanguage\":\"pt-BR\"},{\"@type\":\"WebPage\",\"@id\":\"https:\/\/www.suno.com.br\/noticias\/app-do-santander-sanb11-fora-do-ar-clientes-reclamam\/\",\"url\":\"https:\/\/www.suno.com.br\/noticias\/app-do-santander-sanb11-fora-do-ar-clientes-reclamam\/\",\"name\":\"App do Santander (SANB11) fica fora do ar; clientes reclamam em redes\",\"isPartOf\":{\"@id\":\"https:\/\/www.suno.com.br\/noticias\/#website\"},\"primaryImageOfPage\":{\"@id\":\"https:\/\/www.suno.com.br\/noticias\/app-do-santander-sanb11-fora-do-ar-clientes-reclamam\/#primaryimage\"},\"image\":{\"@id\":\"https:\/\/www.suno.com.br\/noticias\/app-do-santander-sanb11-fora-do-ar-clientes-reclamam\/#primaryimage\"},\"thumbnailUrl\":\"https:\/\/files.sunoresearch.com.br\/n\/uploads\/2021\/02\/270885dc-15803008685e317a44e8d42_1580300868_3x2_rt-jpg.webp\",\"datePublished\":\"2022-07-25T20:23:14+00:00\",\"dateModified\":\"2022-07-25T20:42:19+00:00\",\"description\":\"Diversas reclama\u00e7\u00f5es dominaram as redes sociais nesta segunda (25), ap\u00f3s o aplicativo do Santander (SANB11) sair do ar.\",\"breadcrumb\":{\"@id\":\"https:\/\/www.suno.com.br\/noticias\/app-do-santander-sanb11-fora-do-ar-clientes-reclamam\/#breadcrumb\"},\"inLanguage\":\"pt-BR\",\"potentialAction\":[{\"@type\":\"ReadAction\",\"target\":[\"https:\/\/www.suno.com.br\/noticias\/app-do-santander-sanb11-fora-do-ar-clientes-reclamam\/\"]}]},{\"@type\":\"ImageObject\",\"inLanguage\":\"pt-BR\",\"@id\":\"https:\/\/www.suno.com.br\/noticias\/app-do-santander-sanb11-fora-do-ar-clientes-reclamam\/#primaryimage\",\"url\":\"https:\/\/files.sunoresearch.com.br\/n\/uploads\/2021\/02\/270885dc-15803008685e317a44e8d42_1580300868_3x2_rt-jpg.webp\",\"contentUrl\":\"https:\/\/files.sunoresearch.com.br\/n\/uploads\/2021\/02\/270885dc-15803008685e317a44e8d42_1580300868_3x2_rt-jpg.webp\",\"width\":2400,\"height\":1600,\"caption\":\"Santander (SANB11). Foto: Divulga\u00e7\u00e3o\"},{\"@type\":\"BreadcrumbList\",\"@id\":\"https:\/\/www.suno.com.br\/noticias\/app-do-santander-sanb11-fora-do-ar-clientes-reclamam\/#breadcrumb\",\"itemListElement\":[{\"@type\":\"ListItem\",\"position\":1,\"name\":\"Not\u00edcias\",\"item\":\"https:\/\/www.suno.com.br\/noticias\/\"},{\"@type\":\"ListItem\",\"position\":2,\"name\":\"Neg\u00f3cios\",\"item\":\"https:\/\/www.suno.com.br\/noticias\/negocios\/\"},{\"@type\":\"ListItem\",\"position\":3,\"name\":\"App do Santander (SANB11) fica fora do ar; clientes reclamam em redes\"}]},{\"@type\":\"WebSite\",\"@id\":\"https:\/\/www.suno.com.br\/noticias\/#website\",\"url\":\"https:\/\/www.suno.com.br\/noticias\/\",\"name\":\"Suno Not\u00edcias\",\"description\":\"Seu portal de informa\u00e7\u00e3o sobre o mundo dos investimentos\",\"publisher\":{\"@id\":\"https:\/\/www.suno.com.br\/noticias\/#organization\"},\"potentialAction\":[{\"@type\":\"SearchAction\",\"target\":{\"@type\":\"EntryPoint\",\"urlTemplate\":\"https:\/\/www.suno.com.br\/noticias\/?s={search_term_string}\"},\"query-input\":{\"@type\":\"PropertyValueSpecification\",\"valueRequired\":true,\"valueName\":\"search_term_string\"}}],\"inLanguage\":\"pt-BR\"},{\"@type\":\"Organization\",\"@id\":\"https:\/\/www.suno.com.br\/noticias\/#organization\",\"name\":\"Suno Not\u00edcias\",\"url\":\"https:\/\/www.suno.com.br\/noticias\/\",\"logo\":{\"@type\":\"ImageObject\",\"inLanguage\":\"pt-BR\",\"@id\":\"https:\/\/www.suno.com.br\/noticias\/#\/schema\/logo\/image\/\",\"url\":\"https:\/\/files.sunoresearch.com.br\/n\/uploads\/2021\/09\/suno-logo.png\",\"contentUrl\":\"https:\/\/files.sunoresearch.com.br\/n\/uploads\/2021\/09\/suno-logo.png\",\"width\":180,\"height\":180,\"caption\":\"Suno Not\u00edcias\"},\"image\":{\"@id\":\"https:\/\/www.suno.com.br\/noticias\/#\/schema\/logo\/image\/\"},\"sameAs\":[\"https:\/\/facebook.com\/sunoresearch\",\"https:\/\/x.com\/sunoresearch\",\"https:\/\/www.instagram.com\/suno\",\"https:\/\/www.linkedin.com\/company\/suno-research\/\",\"https:\/\/www.youtube.com\/c\/sunoresearch\"]},{\"@type\":\"Person\",\"@id\":\"https:\/\/www.suno.com.br\/noticias\/#\/schema\/person\/46d847cb19ad53fde0857adca989c23f\",\"name\":\"Vict\u00f3ria Anhesini\",\"image\":{\"@type\":\"ImageObject\",\"inLanguage\":\"pt-BR\",\"@id\":\"https:\/\/www.suno.com.br\/noticias\/#\/schema\/person\/image\/\",\"url\":\"https:\/\/secure.gravatar.com\/avatar\/0172bdfcd9129dd9dd68794804304e6e?s=96&r=g\",\"contentUrl\":\"https:\/\/secure.gravatar.com\/avatar\/0172bdfcd9129dd9dd68794804304e6e?s=96&r=g\",\"caption\":\"Vict\u00f3ria Anhesini\"},\"description\":\"Rep\u00f3rter no Suno Not\u00edcias, cobre mercados, neg\u00f3cios e economia, escrevendo majoritariamente sobre movimentos das empresas, cobertura de balan\u00e7os trimestrais e Bolsa de Valores. Formada em jornalismo pela Universidade Presbiteriana Mackenzie em 2019, passou pelo portal de economia e finan\u00e7as EuQueroInvestir como rep\u00f3rter e anteriormente, trabalhou na assessoria de imprensa PinePR, onde liderou com startups de inova\u00e7\u00e3o, tecnologia e finan\u00e7as. Em seu tempo livre, fala sobre m\u00fasica para ambos os sites do selo ForMusic, Wikimetal e Mad Sound, e faz trabalho volunt\u00e1rio no programa Escreve Cartas do Poupatempo.\",\"sameAs\":[\"https:\/\/www.linkedin.com\/in\/victoria-anhesini\/\"],\"url\":\"https:\/\/www.suno.com.br\/noticias\/author\/victoria\/\"}]}<\/script>\n<!-- \/ Yoast SEO plugin. -->","yoast_head_json":{"title":"App do Santander (SANB11) fica fora do ar; clientes reclamam em redes","description":"Diversas reclama\u00e7\u00f5es dominaram as redes sociais nesta segunda (25), ap\u00f3s o aplicativo do Santander (SANB11) sair do ar.","robots":{"index":"index","follow":"follow","max-snippet":"max-snippet:-1","max-image-preview":"max-image-preview:large","max-video-preview":"max-video-preview:-1"},"canonical":"https:\/\/www.suno.com.br\/noticias\/app-do-santander-sanb11-fora-do-ar-clientes-reclamam\/","og_locale":"pt_BR","og_type":"article","og_title":"App do Santander (SANB11) fica fora do ar; clientes reclamam em redes","og_description":"Diversas reclama\u00e7\u00f5es dominaram as redes sociais nesta segunda (25), ap\u00f3s o aplicativo do Santander (SANB11) sair do ar.","og_url":"https:\/\/www.suno.com.br\/noticias\/app-do-santander-sanb11-fora-do-ar-clientes-reclamam\/","og_site_name":"Suno Not\u00edcias","article_publisher":"https:\/\/facebook.com\/sunoresearch","og_image":[{"width":2400,"height":1600,"url":"https:\/\/files.sunoresearch.com.br\/n\/uploads\/2021\/02\/270885dc-15803008685e317a44e8d42_1580300868_3x2_rt.jpg","type":"image\/jpeg"}],"author":"Vict\u00f3ria Anhesini","twitter_card":"summary_large_image","twitter_creator":"@sunoresearch","twitter_site":"@sunoresearch","twitter_misc":{"Escrito por":"Vict\u00f3ria Anhesini","Est. tempo de leitura":"3 minutos"},"schema":{"@context":"https:\/\/schema.org","@graph":[{"@type":"NewsArticle","@id":"https:\/\/www.suno.com.br\/noticias\/app-do-santander-sanb11-fora-do-ar-clientes-reclamam\/#article","isPartOf":{"@id":"https:\/\/www.suno.com.br\/noticias\/app-do-santander-sanb11-fora-do-ar-clientes-reclamam\/"},"author":{"name":"Vict\u00f3ria Anhesini","@id":"https:\/\/www.suno.com.br\/noticias\/#\/schema\/person\/46d847cb19ad53fde0857adca989c23f"},"headline":"App do Santander (SANB11) fica fora do ar; clientes reclamam em redes","datePublished":"2022-07-25T20:23:14+00:00","dateModified":"2022-07-25T20:42:19+00:00","mainEntityOfPage":{"@id":"https:\/\/www.suno.com.br\/noticias\/app-do-santander-sanb11-fora-do-ar-clientes-reclamam\/"},"wordCount":478,"publisher":{"@id":"https:\/\/www.suno.com.br\/noticias\/#organization"},"image":{"@id":"https:\/\/www.suno.com.br\/noticias\/app-do-santander-sanb11-fora-do-ar-clientes-reclamam\/#primaryimage"},"thumbnailUrl":"https:\/\/files.sunoresearch.com.br\/n\/uploads\/2021\/02\/270885dc-15803008685e317a44e8d42_1580300868_3x2_rt-jpg.webp","keywords":["Santander (SANB11\/SANB3\/SANB4)"],"articleSection":["Neg\u00f3cios"],"inLanguage":"pt-BR"},{"@type":"WebPage","@id":"https:\/\/www.suno.com.br\/noticias\/app-do-santander-sanb11-fora-do-ar-clientes-reclamam\/","url":"https:\/\/www.suno.com.br\/noticias\/app-do-santander-sanb11-fora-do-ar-clientes-reclamam\/","name":"App do Santander (SANB11) fica fora do ar; clientes reclamam em redes","isPartOf":{"@id":"https:\/\/www.suno.com.br\/noticias\/#website"},"primaryImageOfPage":{"@id":"https:\/\/www.suno.com.br\/noticias\/app-do-santander-sanb11-fora-do-ar-clientes-reclamam\/#primaryimage"},"image":{"@id":"https:\/\/www.suno.com.br\/noticias\/app-do-santander-sanb11-fora-do-ar-clientes-reclamam\/#primaryimage"},"thumbnailUrl":"https:\/\/files.sunoresearch.com.br\/n\/uploads\/2021\/02\/270885dc-15803008685e317a44e8d42_1580300868_3x2_rt-jpg.webp","datePublished":"2022-07-25T20:23:14+00:00","dateModified":"2022-07-25T20:42:19+00:00","description":"Diversas reclama\u00e7\u00f5es dominaram as redes sociais nesta segunda (25), ap\u00f3s o aplicativo do Santander (SANB11) sair do ar.","breadcrumb":{"@id":"https:\/\/www.suno.com.br\/noticias\/app-do-santander-sanb11-fora-do-ar-clientes-reclamam\/#breadcrumb"},"inLanguage":"pt-BR","potentialAction":[{"@type":"ReadAction","target":["https:\/\/www.suno.com.br\/noticias\/app-do-santander-sanb11-fora-do-ar-clientes-reclamam\/"]}]},{"@type":"ImageObject","inLanguage":"pt-BR","@id":"https:\/\/www.suno.com.br\/noticias\/app-do-santander-sanb11-fora-do-ar-clientes-reclamam\/#primaryimage","url":"https:\/\/files.sunoresearch.com.br\/n\/uploads\/2021\/02\/270885dc-15803008685e317a44e8d42_1580300868_3x2_rt-jpg.webp","contentUrl":"https:\/\/files.sunoresearch.com.br\/n\/uploads\/2021\/02\/270885dc-15803008685e317a44e8d42_1580300868_3x2_rt-jpg.webp","width":2400,"height":1600,"caption":"Santander (SANB11). Foto: Divulga\u00e7\u00e3o"},{"@type":"BreadcrumbList","@id":"https:\/\/www.suno.com.br\/noticias\/app-do-santander-sanb11-fora-do-ar-clientes-reclamam\/#breadcrumb","itemListElement":[{"@type":"ListItem","position":1,"name":"Not\u00edcias","item":"https:\/\/www.suno.com.br\/noticias\/"},{"@type":"ListItem","position":2,"name":"Neg\u00f3cios","item":"https:\/\/www.suno.com.br\/noticias\/negocios\/"},{"@type":"ListItem","position":3,"name":"App do Santander (SANB11) fica fora do ar; clientes reclamam em redes"}]},{"@type":"WebSite","@id":"https:\/\/www.suno.com.br\/noticias\/#website","url":"https:\/\/www.suno.com.br\/noticias\/","name":"Suno Not\u00edcias","description":"Seu portal de informa\u00e7\u00e3o sobre o mundo dos investimentos","publisher":{"@id":"https:\/\/www.suno.com.br\/noticias\/#organization"},"potentialAction":[{"@type":"SearchAction","target":{"@type":"EntryPoint","urlTemplate":"https:\/\/www.suno.com.br\/noticias\/?s={search_term_string}"},"query-input":{"@type":"PropertyValueSpecification","valueRequired":true,"valueName":"search_term_string"}}],"inLanguage":"pt-BR"},{"@type":"Organization","@id":"https:\/\/www.suno.com.br\/noticias\/#organization","name":"Suno Not\u00edcias","url":"https:\/\/www.suno.com.br\/noticias\/","logo":{"@type":"ImageObject","inLanguage":"pt-BR","@id":"https:\/\/www.suno.com.br\/noticias\/#\/schema\/logo\/image\/","url":"https:\/\/files.sunoresearch.com.br\/n\/uploads\/2021\/09\/suno-logo.png","contentUrl":"https:\/\/files.sunoresearch.com.br\/n\/uploads\/2021\/09\/suno-logo.png","width":180,"height":180,"caption":"Suno Not\u00edcias"},"image":{"@id":"https:\/\/www.suno.com.br\/noticias\/#\/schema\/logo\/image\/"},"sameAs":["https:\/\/facebook.com\/sunoresearch","https:\/\/x.com\/sunoresearch","https:\/\/www.instagram.com\/suno","https:\/\/www.linkedin.com\/company\/suno-research\/","https:\/\/www.youtube.com\/c\/sunoresearch"]},{"@type":"Person","@id":"https:\/\/www.suno.com.br\/noticias\/#\/schema\/person\/46d847cb19ad53fde0857adca989c23f","name":"Vict\u00f3ria Anhesini","image":{"@type":"ImageObject","inLanguage":"pt-BR","@id":"https:\/\/www.suno.com.br\/noticias\/#\/schema\/person\/image\/","url":"https:\/\/secure.gravatar.com\/avatar\/0172bdfcd9129dd9dd68794804304e6e?s=96&r=g","contentUrl":"https:\/\/secure.gravatar.com\/avatar\/0172bdfcd9129dd9dd68794804304e6e?s=96&r=g","caption":"Vict\u00f3ria Anhesini"},"description":"Rep\u00f3rter no Suno Not\u00edcias, cobre mercados, neg\u00f3cios e economia, escrevendo majoritariamente sobre movimentos das empresas, cobertura de balan\u00e7os trimestrais e Bolsa de Valores. Formada em jornalismo pela Universidade Presbiteriana Mackenzie em 2019, passou pelo portal de economia e finan\u00e7as EuQueroInvestir como rep\u00f3rter e anteriormente, trabalhou na assessoria de imprensa PinePR, onde liderou com startups de inova\u00e7\u00e3o, tecnologia e finan\u00e7as. Em seu tempo livre, fala sobre m\u00fasica para ambos os sites do selo ForMusic, Wikimetal e Mad Sound, e faz trabalho volunt\u00e1rio no programa Escreve Cartas do Poupatempo.","sameAs":["https:\/\/www.linkedin.com\/in\/victoria-anhesini\/"],"url":"https:\/\/www.suno.com.br\/noticias\/author\/victoria\/"}]}},"default_loop_html":"<div class=\"cardsPage__listCard__boxs\"><div class=\"cardsPage__listCard__boxs__img\"><a href=\"https:\/\/www.suno.com.br\/noticias\/app-do-santander-sanb11-fora-do-ar-clientes-reclamam\/\"><img class=\"mask\" src=\"https:\/\/www.suno.com.br\/noticias\/wp-content\/themes\/suno\/resources\/images\/spotlight\/spotlight1img\/bg-mask.png\" alt=\"Image Mask\"\/><img src=\"https:\/\/files.sunoresearch.com.br\/n\/uploads\/2021\/02\/270885dc-15803008685e317a44e8d42_1580300868_3x2_rt-400x200.webp\" alt=\"App do Santander (SANB11) fica fora do ar; clientes reclamam em redes\"\/><\/a><span class=\"spotlightCategory\"><a href=\"https:\/\/www.suno.com.br\/noticias\/negocios\/\">Neg\u00f3cios<\/a><\/span><\/div><div class=\"cardsPage__listCard__boxs__content\"><a href=\"https:\/\/www.suno.com.br\/noticias\/app-do-santander-sanb11-fora-do-ar-clientes-reclamam\/\"><h2 class=\"content__title\">App do Santander (SANB11) fica fora do ar; clientes reclamam em redes<\/h2><\/a><div class=\"newsContent__article__meta\"><div class=\"newsContent__article__meta__authorBox\"><a href=\"https:\/\/www.suno.com.br\/noticias\/author\/victoria\/\" class=\"authorBox__avatar noMobi\"><img src=\"https:\/\/files.sunoresearch.com.br\/n\/uploads\/2021\/12\/20190129VickyPINEAPPLE01-1-150x150.jpg\" alt=\"Vict\u00f3ria Anhesini\"><\/a><div class=\"authorBox__name\"><span>por\n\t\t\t<a href=\"https:\/\/www.suno.com.br\/noticias\/author\/victoria\/\"><span itemprop=\"author\">Vict\u00f3ria Anhesini<\/span><\/a><\/span><time datetime=\"2022-07-25T17:23:14-03:00\" itemprop=\"datePublished\">25\/07\/2022 17:23<\/time><\/div><\/div><\/div><\/div><\/div>","single_layout":"posts","amp_enabled":true,"_links":{"self":[{"href":"https:\/\/www.suno.com.br\/noticias\/wp-json\/wp\/v2\/posts\/278414"}],"collection":[{"href":"https:\/\/www.suno.com.br\/noticias\/wp-json\/wp\/v2\/posts"}],"about":[{"href":"https:\/\/www.suno.com.br\/noticias\/wp-json\/wp\/v2\/types\/post"}],"author":[{"embeddable":true,"href":"https:\/\/www.suno.com.br\/noticias\/wp-json\/wp\/v2\/users\/146"}],"replies":[{"embeddable":true,"href":"https:\/\/www.suno.com.br\/noticias\/wp-json\/wp\/v2\/comments?post=278414"}],"version-history":[{"count":3,"href":"https:\/\/www.suno.com.br\/noticias\/wp-json\/wp\/v2\/posts\/278414\/revisions"}],"predecessor-version":[{"id":278437,"href":"https:\/\/www.suno.com.br\/noticias\/wp-json\/wp\/v2\/posts\/278414\/revisions\/278437"}],"wp:featuredmedia":[{"embeddable":true,"href":"https:\/\/www.suno.com.br\/noticias\/wp-json\/wp\/v2\/media\/118404"}],"wp:attachment":[{"href":"https:\/\/www.suno.com.br\/noticias\/wp-json\/wp\/v2\/media?parent=278414"}],"wp:term":[{"taxonomy":"category","embeddable":true,"href":"https:\/\/www.suno.com.br\/noticias\/wp-json\/wp\/v2\/categories?post=278414"},{"taxonomy":"post_tag","embeddable":true,"href":"https:\/\/www.suno.com.br\/noticias\/wp-json\/wp\/v2\/tags?post=278414"},{"taxonomy":"suno_strategy","embeddable":true,"href":"https:\/\/www.suno.com.br\/noticias\/wp-json\/wp\/v2\/suno_strategy?post=278414"}],"curies":[{"name":"wp","href":"https:\/\/api.w.org\/{rel}","templated":true}]}}