{"id":278285,"date":"2022-07-25T12:59:28","date_gmt":"2022-07-25T15:59:28","guid":{"rendered":"https:\/\/www.suno.com.br\/noticias\/?p=278285"},"modified":"2022-07-25T13:57:27","modified_gmt":"2022-07-25T16:57:27","slug":"banco-inter-inbr31-nasdaq-queda","status":"publish","type":"post","link":"https:\/\/www.suno.com.br\/noticias\/banco-inter-inbr31-nasdaq-queda\/","title":{"rendered":"Com &#8216;timing ruim&#8217;, Banco Inter (INBR31) cai 14,69% no primeiro m\u00eas na Nasdaq"},"content":{"rendered":"<p>No acumulado de um m\u00eas, o <strong>Banco Inter<\/strong> (<a href=\"https:\/\/www.suno.com.br\/bdrs\/\">INBR31<\/a>) soma baixa de 14,60% na Nasdaq, marcando seus primeiros preg\u00f5es em <a class=\"suno-keyword\" href=\"https:\/\/www.suno.com.br\/artigos\/wall-street\/\" target=\"_blank\" rel=\"noopener\" data-force=\"no\" data-priority=\"2\">Wall Street<\/a> ap\u00f3s a migra\u00e7\u00e3o societ\u00e1ria.<\/p><div class=\"videoFull \">\n\t\t\t<div class=\"videoWrapper yt-lazyload center\"\n\t\t\t\tdata-width=\"960\"\n\t\t\t\tdata-height=\"540\"\n\t\t\t\tdata-id=\"NC7g0h_Dteo\"\n\t\t\t\tdata-alt=\"V\u00eddeo do YouTube - clique para reproduzir\"\n\t\t\t\tdata-logo=\"3\"\n\t\t\t\tdata-imagequality=\"maxres\">\n\t\t\t<\/div>\n\t\t<\/div><script type=\"application\/ld+json\">{\"@context\":\"https:\/\/schema.org\",\"@type\":\"VideoObject\",\"name\":\"Banco Inter vai para os EUA: tudo o que voc\u00ea precisa saber (BIDI11, BIDI3, BIDI4)\",\"description\":\"#BIDI11 #BIDI4 #BIDI3 #BANCOINTER \ud835\uddd5\ud835\uddee\ud835\uddfb\ud835\uddf0\ud835\uddfc \ud835\udddc\ud835\uddfb\ud835\ude01\ud835\uddf2\ud835\uddff (\ud835\uddd5\ud835\udddc\ud835\uddd7\ud835\udddc\ud835\udff0) \ud835\ude03\ud835\uddee\ud835\uddf6 \u00e0 \ud835\udde1\ud835\uddfc\ud835\ude03\ud835\uddee \ud835\uddec\ud835\uddfc\ud835\uddff\ud835\uddf8: \ud835\ude01\ud835\ude02\ud835\uddf1\ud835\uddfc \ud835\uddfc \ud835\uddfe\ud835\ude02\ud835\uddf2 \ud835\uddfc \ud835\uddee\ud835\uddf0\ud835\uddf6\ud835\uddfc\ud835\uddfb\ud835\uddf6\ud835\ude00\ud835\ude01\ud835\uddee \ud835\uddfd\ud835\uddff\ud835\uddf2\ud835\uddf0\ud835\uddf6\ud835\ude00\ud835\uddee \ud835\ude00\ud835\uddee\ud835\uddef\ud835\uddf2\ud835\uddff \ud835\ude00\ud835\uddfc\ud835\uddef\ud835\uddff\ud835\uddf2 \ud835\uddee \ud835\uddfa\ud835\ude02\ud835\uddf1\ud835\uddee\ud835\uddfb\u00e7\ud835\uddee: https:\/\/www.suno.com.br\/noticias\/banco-inter-bidi4-migracao-nasdaq-conversao-acoes-bdr\/ #Macroeconomia #Investimentos \ud83d\udcca \ud835\udc00\ud835\udc29\ud835\udc2b\ud835\udc1e\ud835\udc27\ud835\udc1d\ud835\udc1a \ud835\udc1c\ud835\udc28\ud835\udc26\ud835\udc28 \ud835\udc1a\ud835\udc27\ud835\udc1a\ud835\udc25\ud835\udc22\ud835\udc2c\ud835\udc1a\ud835\udc2b \ud835\udc2e\ud835\udc26\ud835\udc1a \ud835\udc1a\u00e7\u00e3\ud835\udc28 [\ud835\udc04\ud835\udc01\ud835\udc0e\ud835\udc0e\ud835\udc0a \ud835\udc06\ud835\udc11\ud835\udc00\ud835\udc13\ud835\udc14\ud835\udc08\ud835\udc13\ud835\udc0e] \ud83d\udc49 https:\/\/lp.suno.com.br\/ebook-como-analisar-uma-acao\/?utm_source=youtube.noticias&utm_medium=video&utm_campaign=ebookcomoanalisarumaacao.20220307&utm_content= \ud83d\udcda [\ud835\udc04-\ud835\udc1b\ud835\udc28\ud835\udc28\ud835\udc24 \ud835\udc06\ud835\udc2b\ud835\udc1a\ud835\udc2d\ud835\udc2e\ud835\udc22\ud835\udc2d\ud835\udc28] \ud835\udc06\ud835\udc2e\ud835\udc22\ud835\udc1a \ud835\udc02\ud835\udc28\ud835\udc26\ud835\udc29\ud835\udc25\ud835\udc1e\ud835\udc2d\ud835\udc28: \ud835\udc03\ud835\udc22\ud835\udc2f\ud835\udc22\ud835\udc1d\ud835\udc1e\ud835\udc27\ud835\udc1d\ud835\udc28\ud835\udc2c: https:\/\/lp.suno.com.br\/lm\/ebook\/guia-completo-dividendos\/?utm_source=youtube.noticias&utm_medium=video&utm_campaign=ebook-guiacompleto:dividendos.20220315&utm_content= \ud83d\udcda [\ud835\udc04-\ud835\udc1b\ud835\udc28\ud835\udc28\ud835\udc24 \ud835\udc06\ud835\udc2b\ud835\udc1a\ud835\udc2d\ud835\udc2e\ud835\udc22\ud835\udc2d\ud835\udc28] \ud835\udde7\ud835\udde8\ud835\uddd7\ud835\udde2 \ud835\udde6\ud835\udde2\ud835\uddd5\ud835\udde5\ud835\uddd8 \ud835\udde5\ud835\uddd8\ud835\udde1\ud835\uddd7\ud835\uddd4 \ud835\uddd9\ud835\udddc\ud835\uddeb\ud835\uddd4 \ud83d\udc49 https:\/\/lp.suno.com.br\/lm\/ebook\/renda-fixa\/?utm_source=youtube.noticias&utm_medium=video&utm_campaign=ebook:rendafixa.20220411 \ud83d\udc47 \ud835\udc12\ud835\udc22\ud835\udc20\ud835\udc1a \ud835\udc27\ud835\udc28\ud835\udc2c\ud835\udc2c\ud835\udc1a\ud835\udc2c \ud835\udc2b\ud835\udc1e\ud835\udc1d\ud835\udc1e\ud835\udc2c \ud835\udc2c\ud835\udc28\ud835\udc1c\ud835\udc22\ud835\udc1a\ud835\udc22\ud835\udc2c:\u2026\",\"duration\":\"PT4M33S\",\"embedUrl\":\"https:\/\/www.youtube.com\/embed\/NC7g0h_Dteo\",\"regionsAllowed\":\"pt-BR\",\"interactionStatistic\":{\"@type\":\"InteractionCounter\",\"interactionType\":{\"@type\":\"WatchAction\"},\"userInteractionCount\":2300},\"thumbnailUrl\":\"https:\/\/i.ytimg.com\/vi\/NC7g0h_Dteo\/default.jpg\",\"uploadDate\":\"2022-05-29T14:00:18Z\"}<\/script>\n\n\t<p>\n\t\t<a href=\"\" target=\"_blank\" data-element=\"shortcode-suno-banner\" title=\"Banner SUNO, clique e saiba mais\">\n\t\t\t<picture>\n\t\t\t\t<source media=\"(max-width: 500px)\" srcset=\"\">\n\t\t\t\t<img class=\"newsContent__article__imgCapa newsContent__article__imgCapa--banner\"\n\t\t\t\t\tsrc=\"\"\n\t\t\t\t\tdata-promo-id=\"240038\"\t\t\t\t\t\t\t\t\t\t\t\t\t\t\talt=\"\"\n\t\t\t\t>\n\t\t\t<\/picture>\n\t\t<\/a>\n\t<\/p>\n\n\n<p>A queda nas <strong>a\u00e7\u00f5es do Banco Inter na Nasdaq<\/strong> ocorre em meio a uma retra\u00e7\u00e3o generalizada das companhias de tecnologia &#8211; que incluem os bancos digitais.<\/p>\n<p>Com o cen\u00e1rio da escalada de juros em fun\u00e7\u00e3o dos ajustes do Federal Reserve (Fed) as companhias que s\u00e3o precificadas com base em um crescimento futuro ou s\u00e3o alavancadas tendem a sofrer mais.<\/p>\n<p>Nesse cen\u00e1rio, no acumulado de 2022, a <strong>Nasdaq<\/strong> cai 25%, em uma baixa mais intensa do que os demais \u00edndices acion\u00e1rios dos Estados Unidos &#8211; como o S&amp;P 500 (-17,3%) ou o Dow Jones (-12,5%).<\/p>\n<p>Al\u00e9m disso, no momento da migra\u00e7\u00e3o, que se desenrola desde 2021, o <strong><a class=\"suno-keyword\" href=\"https:\/\/www.suno.com.br\/artigos\/banco-digital\/\" target=\"_blank\" rel=\"noopener\" data-force=\"no\" data-priority=\"2\">banco digital<\/a><\/strong> j\u00e1 sofria na bolsa brasileira, com suas units j\u00e1 descontadas.<\/p>\n\t<p>\n\t\t<a href=\"\" target=\"_blank\" data-element=\"shortcode-suno-banner\" title=\"Banner SUNO, clique e saiba mais\">\n\t\t\t<picture>\n\t\t\t\t<source media=\"(max-width: 500px)\" srcset=\"\">\n\t\t\t\t<img class=\"newsContent__article__imgCapa newsContent__article__imgCapa--banner\"\n\t\t\t\t\tsrc=\"\"\n\t\t\t\t\tdata-promo-id=\"274968\"\t\t\t\t\t\t\t\t\t\t\t\t\t\t\talt=\"\"\n\t\t\t\t>\n\t\t\t<\/picture>\n\t\t<\/a>\n\t<\/p>\n\n\n<p>Os pap\u00e9is <a href=\"https:\/\/statusinvest.com.br\/acoes\/bidi11\">BIDI11<\/a>, por exemplo, ca\u00edram 86% no acumulado dos 12 \u00faltimos meses que passaram na <a class=\"suno-keyword\" href=\"https:\/\/www.suno.com.br\/acoes\/B3SA3\/\" target=\"_blank\" rel=\"noopener\" data-force=\"yes\" data-priority=\"2\">B3 (B3SA3)<\/a>.<\/p>\n<p>Para efeito de compara\u00e7\u00e3o, o Nubank (<a class=\"suno-keyword\" href=\"https:\/\/www.suno.com.br\/bdrs\/nubr33\/\" target=\"_blank\" rel=\"noopener\" data-force=\"yes\" data-priority=\"2\">NUBR33<\/a>), concorrente que estreou diretamente na NYSE, subiu 14% somente no IPO, mas caiu 3% nos primeiros cinco preg\u00f5es. De l\u00e1 para c\u00e1, as a\u00e7\u00f5es da fintech seguem a mesma tend\u00eancia, em queda de 64%.<\/p>\n<p>Nesta segunda, por volta das 13h, as a\u00e7\u00f5es do Banco Inter em Nova York caem 1,68%, cotadas a US$ 2,92%, e o BDR cede 2,18%, a R$ 15,71%.<\/p>\n<h2>A\u00e7\u00f5es do Banco Inter devem mais do que dobrar, diz BBA<\/h2>\n<p>Em novo parecer &#8211; retomando a cobertura das a\u00e7\u00f5es &#8211; os analistas do Ita\u00fa BBA recomendaram compra para as <strong>a\u00e7\u00f5es do Inter<\/strong> om pre\u00e7o-alvo de US$ 8.<\/p>\n<p>Caso essa cota\u00e7\u00e3o seja concretizada, as <strong>a\u00e7\u00f5es do Banco Inter<\/strong> saltariam cerca de 160% em rela\u00e7\u00e3o ao pre\u00e7o atual dos pap\u00e9is na Nasdaq, de US$ 2,97.<\/p>\n<figure id=\"attachment_278005\" aria-describedby=\"caption-attachment-278005\" style=\"width: 1489px\" class=\"wp-caption aligncenter\"><img loading=\"lazy\" decoding=\"async\" class=\"size-full wp-image-278005\" src=\"https:\/\/files.sunoresearch.com.br\/n\/uploads\/2022\/07\/bba.jpg\" alt=\"Estimativas de crescimento dos indicadores financeiros do Banco Inter - Gr\u00e1fico: Reprodu\u00e7\u00e3o\/Ita\u00fa BBA\" width=\"1489\" height=\"741\" srcset=\"https:\/\/files.sunoresearch.com.br\/n\/uploads\/2022\/07\/bba.jpg 1489w, https:\/\/files.sunoresearch.com.br\/n\/uploads\/2022\/07\/bba-300x149.jpg 300w, https:\/\/files.sunoresearch.com.br\/n\/uploads\/2022\/07\/bba-1024x510.jpg 1024w, https:\/\/files.sunoresearch.com.br\/n\/uploads\/2022\/07\/bba-768x382.jpg 768w, https:\/\/files.sunoresearch.com.br\/n\/uploads\/2022\/07\/bba-400x200.jpg 400w, https:\/\/files.sunoresearch.com.br\/n\/uploads\/2022\/07\/bba-600x300.jpg 600w, https:\/\/files.sunoresearch.com.br\/n\/uploads\/2022\/07\/bba-150x75.jpg 150w\" sizes=\"(max-width: 1489px) 100vw, 1489px\" \/><figcaption id=\"caption-attachment-278005\" class=\"wp-caption-text\">Estimativas de crescimento dos indicadores financeiros do Banco Inter &#8211; Gr\u00e1fico: Reprodu\u00e7\u00e3o\/Ita\u00fa BBA<\/figcaption><\/figure>\n<p>\u201cEstimamos que os resultados, no <a class=\"suno-keyword\" href=\"https:\/\/www.suno.com.br\/artigos\/curto-prazo\/\" target=\"_blank\" rel=\"noopener\" data-force=\"no\" data-priority=\"1\">curto prazo<\/a>, n\u00e3o sejam bons. As tend\u00eancias macroecon\u00f4micas n\u00e3o favorecerem teses de crescimento. Contudo, o Banco Inter est\u00e1 com seus valuations claramente descolados, mostrando um bom ativo estrat\u00e9gico de <a class=\"suno-keyword\" href=\"https:\/\/www.suno.com.br\/artigos\/longo-prazo\/\" target=\"_blank\" rel=\"noopener\" data-force=\"no\" data-priority=\"1\">longo prazo<\/a>\u201d, afirma o BBA, em relat\u00f3rio assinado por Pedro Leduc.<\/p>\n<p>No parecer, os analistas refor\u00e7am que a <strong><a href=\"https:\/\/www.suno.com.br\/artigos\/fintechs\/\">fintech<\/a> <\/strong>j\u00e1 tem uma marca bem estabelecida e uma base significativa de aproximadamente 19 milh\u00f5es de clientes.<\/p>\n<p>\u201cOs grandes bancos globais de varejo e os locais fora do segmento adquiriram recentemente fatias em bancos digitais brasileiros para impulsionar o crescimento\u201d, lembram os especialistas do BBA.<\/p>\n\t<p>\n\t\t<a href=\"https:\/\/lp.suno.com.br\/planilha-controle-gastos\/\" target=\"_blank\" data-element=\"shortcode-suno-banner\" title=\"Banner SUNO, clique e saiba mais\">\n\t\t\t<picture>\n\t\t\t\t<source media=\"(max-width: 500px)\" srcset=\"https:\/\/files.sunoresearch.com.br\/n\/uploads\/2023\/03\/400x300-Planilha-controle-de-gastos.png\">\n\t\t\t\t<img class=\"newsContent__article__imgCapa newsContent__article__imgCapa--banner\"\n\t\t\t\t\tsrc=\"https:\/\/files.sunoresearch.com.br\/n\/uploads\/2023\/03\/1420x240-Planilha-controle-de-gastos.png\"\n\t\t\t\t\tdata-promo-id=\"101751\"\t\t\t\t\t\t\t\t\t\twidth='1420' height='240'\t\t\t\t\talt=\"https:\/\/files.sunoresearch.com.br\/n\/uploads\/2023\/03\/1420x240-Planilha-controle-de-gastos.png\"\n\t\t\t\t>\n\t\t\t<\/picture>\n\t\t<\/a>\n\t<\/p>\n\n\n<p>A expectativa da casa \u00e9 de que os pr\u00f3ximos <strong>resultados do Banco Inter<\/strong>, em um horizonte de m\u00e9dio e longo prazo, mostrem um crescimento expressivo em termos de receita e lucro.<\/p>\n<p>Da mesma forma, o <a class=\"suno-keyword\" href=\"https:\/\/www.suno.com.br\/artigos\/indice-de-basileia\/\" target=\"_blank\" rel=\"noopener\" data-force=\"no\" data-priority=\"1\">\u00cdndice de Basileia<\/a> na casa dos 30% \u00e9 considerado atrativo, assim como a &#8220;base de ativos altamente l\u00edquida&#8221;.<\/p>\n<p>O <a class=\"suno-keyword\" href=\"https:\/\/www.suno.com.br\/artigos\/risco-de-credito\/\" target=\"_blank\" rel=\"noopener\" data-force=\"no\" data-priority=\"1\">risco de cr\u00e9dito<\/a> \u00e9 um dos principais motivos em revis\u00f5es negativas para concorrentes como o Nubank (<a class=\"suno-keyword\" href=\"https:\/\/www.suno.com.br\/bdrs\/nubr33\/\" target=\"_blank\" rel=\"noopener\" data-force=\"yes\" data-priority=\"2\">NUBR33<\/a>). Mas a an\u00e1lise observa que a carteira de cr\u00e9dito do <strong>Banco Inter<\/strong> est\u00e1 &#8216;relativamente protegida&#8217; no ciclo atual, com pouca depend\u00eancia de produtos como o cart\u00e3o de cr\u00e9dito.<\/p>\n\t<p>\n\t\t<a href=\"https:\/\/lp.suno.com.br\/planilha-da-vida-financeira\/\" target=\"_blank\" data-element=\"shortcode-suno-banner\" title=\"Banner SUNO, clique e saiba mais\">\n\t\t\t<picture>\n\t\t\t\t<source media=\"(max-width: 500px)\" srcset=\"https:\/\/files.sunoresearch.com.br\/n\/uploads\/2023\/04\/400x300-Planilha-vida-financeira-true.png\">\n\t\t\t\t<img class=\"newsContent__article__imgCapa newsContent__article__imgCapa--banner\"\n\t\t\t\t\tsrc=\"https:\/\/files.sunoresearch.com.br\/n\/uploads\/2023\/04\/1420x240-Planilha-vida-financeira-true.png\"\n\t\t\t\t\tdata-promo-id=\"106682\"\t\t\t\t\t\t\t\t\t\twidth='1420' height='240'\t\t\t\t\talt=\"https:\/\/files.sunoresearch.com.br\/n\/uploads\/2023\/04\/1420x240-Planilha-vida-financeira-true.png\"\n\t\t\t\t>\n\t\t\t<\/picture>\n\t\t<\/a>\n\t<\/p>\n\n\n","protected":false},"excerpt":{"rendered":"<p>No acumulado de um m\u00eas, o Banco Inter (INBR31) soma baixa de 14,60% na Nasdaq, marcando seus primeiros preg\u00f5es em Wall Street ap\u00f3s a migra\u00e7\u00e3o societ\u00e1ria. A queda nas a\u00e7\u00f5es do Banco Inter na Nasdaq ocorre em meio a uma retra\u00e7\u00e3o generalizada das companhias de tecnologia &#8211; que incluem os bancos digitais. Com o cen\u00e1rio [&hellip;]<\/p>\n","protected":false},"author":73,"featured_media":77795,"comment_status":"closed","ping_status":"closed","sticky":false,"template":"","format":"standard","meta":[],"categories":[64],"tags":[106764,369,317,105816],"suno_strategy":[],"class_list":["post-278285","post","type-post","status-publish","format-standard","has-post-thumbnail","hentry","category-negocios","tag-banco-inter-bidi11","tag-banco-inter-bidi11-bidi4-bidi3","tag-bdrs","tag-especialistas"],"yoast_head":"<!-- This site is optimized with the Yoast SEO plugin v24.4 - https:\/\/yoast.com\/wordpress\/plugins\/seo\/ -->\n<title>Com &#039;timing ruim&#039;, Banco Inter (INBR31) cai 14% na Nasdaq<\/title>\n<meta name=\"description\" content=\"Migra\u00e7\u00e3o societ\u00e1ria em meio aos ajustes do Fed ocasionaram retra\u00e7\u00e3o nos pap\u00e9is do Banco Inter na primeira semana. Clique e confira!\" \/>\n<meta name=\"robots\" content=\"index, follow, max-snippet:-1, max-image-preview:large, max-video-preview:-1\" \/>\n<link rel=\"canonical\" href=\"https:\/\/www.suno.com.br\/noticias\/banco-inter-inbr31-nasdaq-queda\/\" \/>\n<meta property=\"og:locale\" content=\"pt_BR\" \/>\n<meta property=\"og:type\" content=\"article\" \/>\n<meta property=\"og:title\" content=\"Com &#039;timing ruim&#039;, Banco Inter (INBR31) cai 14% na Nasdaq\" \/>\n<meta property=\"og:description\" content=\"Migra\u00e7\u00e3o societ\u00e1ria em meio aos ajustes do Fed ocasionaram retra\u00e7\u00e3o nos pap\u00e9is do Banco Inter na primeira semana. Clique e confira!\" \/>\n<meta property=\"og:url\" content=\"https:\/\/www.suno.com.br\/noticias\/banco-inter-inbr31-nasdaq-queda\/\" \/>\n<meta property=\"og:site_name\" content=\"Suno Not\u00edcias\" \/>\n<meta property=\"article:publisher\" content=\"https:\/\/facebook.com\/sunoresearch\" \/>\n<meta property=\"og:image\" content=\"https:\/\/files.sunoresearch.com.br\/n\/uploads\/2020\/08\/e839eb06-banco-inter.jpg\" \/>\n\t<meta property=\"og:image:width\" content=\"1280\" \/>\n\t<meta property=\"og:image:height\" content=\"720\" \/>\n\t<meta property=\"og:image:type\" content=\"image\/jpeg\" \/>\n<meta name=\"author\" content=\"Eduardo Vargas\" \/>\n<meta name=\"twitter:card\" content=\"summary_large_image\" \/>\n<meta name=\"twitter:creator\" content=\"@sunoresearch\" \/>\n<meta name=\"twitter:site\" content=\"@sunoresearch\" \/>\n<meta name=\"twitter:label1\" content=\"Escrito por\" \/>\n\t<meta name=\"twitter:data1\" content=\"Eduardo Vargas\" \/>\n\t<meta name=\"twitter:label2\" content=\"Est. tempo de leitura\" \/>\n\t<meta name=\"twitter:data2\" content=\"4 minutos\" \/>\n<script type=\"application\/ld+json\" class=\"yoast-schema-graph\">{\"@context\":\"https:\/\/schema.org\",\"@graph\":[{\"@type\":\"NewsArticle\",\"@id\":\"https:\/\/www.suno.com.br\/noticias\/banco-inter-inbr31-nasdaq-queda\/#article\",\"isPartOf\":{\"@id\":\"https:\/\/www.suno.com.br\/noticias\/banco-inter-inbr31-nasdaq-queda\/\"},\"author\":{\"name\":\"Eduardo Vargas\",\"@id\":\"https:\/\/www.suno.com.br\/noticias\/#\/schema\/person\/7f4d362bf3518e76090143ae77bb49a5\"},\"headline\":\"Com &#8216;timing ruim&#8217;, Banco Inter (INBR31) cai 14,69% no primeiro m\u00eas na Nasdaq\",\"datePublished\":\"2022-07-25T15:59:28+00:00\",\"dateModified\":\"2022-07-25T16:57:27+00:00\",\"mainEntityOfPage\":{\"@id\":\"https:\/\/www.suno.com.br\/noticias\/banco-inter-inbr31-nasdaq-queda\/\"},\"wordCount\":569,\"publisher\":{\"@id\":\"https:\/\/www.suno.com.br\/noticias\/#organization\"},\"image\":{\"@id\":\"https:\/\/www.suno.com.br\/noticias\/banco-inter-inbr31-nasdaq-queda\/#primaryimage\"},\"thumbnailUrl\":\"https:\/\/files.sunoresearch.com.br\/n\/uploads\/2020\/08\/e839eb06-banco-inter-jpg.webp\",\"keywords\":[\"Banco Inter (BIDI11)\",\"Banco Inter (BIDI11\/BIDI4\/BIDI3)\",\"BDRs\",\"Especialistas\"],\"articleSection\":[\"Neg\u00f3cios\"],\"inLanguage\":\"pt-BR\"},{\"@type\":\"WebPage\",\"@id\":\"https:\/\/www.suno.com.br\/noticias\/banco-inter-inbr31-nasdaq-queda\/\",\"url\":\"https:\/\/www.suno.com.br\/noticias\/banco-inter-inbr31-nasdaq-queda\/\",\"name\":\"Com 'timing ruim', Banco Inter (INBR31) cai 14% na Nasdaq\",\"isPartOf\":{\"@id\":\"https:\/\/www.suno.com.br\/noticias\/#website\"},\"primaryImageOfPage\":{\"@id\":\"https:\/\/www.suno.com.br\/noticias\/banco-inter-inbr31-nasdaq-queda\/#primaryimage\"},\"image\":{\"@id\":\"https:\/\/www.suno.com.br\/noticias\/banco-inter-inbr31-nasdaq-queda\/#primaryimage\"},\"thumbnailUrl\":\"https:\/\/files.sunoresearch.com.br\/n\/uploads\/2020\/08\/e839eb06-banco-inter-jpg.webp\",\"datePublished\":\"2022-07-25T15:59:28+00:00\",\"dateModified\":\"2022-07-25T16:57:27+00:00\",\"description\":\"Migra\u00e7\u00e3o societ\u00e1ria em meio aos ajustes do Fed ocasionaram retra\u00e7\u00e3o nos pap\u00e9is do Banco Inter na primeira semana. Clique e confira!\",\"breadcrumb\":{\"@id\":\"https:\/\/www.suno.com.br\/noticias\/banco-inter-inbr31-nasdaq-queda\/#breadcrumb\"},\"inLanguage\":\"pt-BR\",\"potentialAction\":[{\"@type\":\"ReadAction\",\"target\":[\"https:\/\/www.suno.com.br\/noticias\/banco-inter-inbr31-nasdaq-queda\/\"]}]},{\"@type\":\"ImageObject\",\"inLanguage\":\"pt-BR\",\"@id\":\"https:\/\/www.suno.com.br\/noticias\/banco-inter-inbr31-nasdaq-queda\/#primaryimage\",\"url\":\"https:\/\/files.sunoresearch.com.br\/n\/uploads\/2020\/08\/e839eb06-banco-inter-jpg.webp\",\"contentUrl\":\"https:\/\/files.sunoresearch.com.br\/n\/uploads\/2020\/08\/e839eb06-banco-inter-jpg.webp\",\"width\":1280,\"height\":720,\"caption\":\"Com mudan\u00e7a, investidor do Banco Inter (BIDI4) p\u00f4de escolher entre cash-out e BDRs\u00a0- Foto: Divulga\u00e7\u00e3o\"},{\"@type\":\"BreadcrumbList\",\"@id\":\"https:\/\/www.suno.com.br\/noticias\/banco-inter-inbr31-nasdaq-queda\/#breadcrumb\",\"itemListElement\":[{\"@type\":\"ListItem\",\"position\":1,\"name\":\"Not\u00edcias\",\"item\":\"https:\/\/www.suno.com.br\/noticias\/\"},{\"@type\":\"ListItem\",\"position\":2,\"name\":\"Neg\u00f3cios\",\"item\":\"https:\/\/www.suno.com.br\/noticias\/negocios\/\"},{\"@type\":\"ListItem\",\"position\":3,\"name\":\"Com &#8216;timing ruim&#8217;, Banco Inter (INBR31) cai 14,69% no primeiro m\u00eas na Nasdaq\"}]},{\"@type\":\"WebSite\",\"@id\":\"https:\/\/www.suno.com.br\/noticias\/#website\",\"url\":\"https:\/\/www.suno.com.br\/noticias\/\",\"name\":\"Suno Not\u00edcias\",\"description\":\"Seu portal de informa\u00e7\u00e3o sobre o mundo dos investimentos\",\"publisher\":{\"@id\":\"https:\/\/www.suno.com.br\/noticias\/#organization\"},\"potentialAction\":[{\"@type\":\"SearchAction\",\"target\":{\"@type\":\"EntryPoint\",\"urlTemplate\":\"https:\/\/www.suno.com.br\/noticias\/?s={search_term_string}\"},\"query-input\":{\"@type\":\"PropertyValueSpecification\",\"valueRequired\":true,\"valueName\":\"search_term_string\"}}],\"inLanguage\":\"pt-BR\"},{\"@type\":\"Organization\",\"@id\":\"https:\/\/www.suno.com.br\/noticias\/#organization\",\"name\":\"Suno Not\u00edcias\",\"url\":\"https:\/\/www.suno.com.br\/noticias\/\",\"logo\":{\"@type\":\"ImageObject\",\"inLanguage\":\"pt-BR\",\"@id\":\"https:\/\/www.suno.com.br\/noticias\/#\/schema\/logo\/image\/\",\"url\":\"https:\/\/files.sunoresearch.com.br\/n\/uploads\/2021\/09\/suno-logo.png\",\"contentUrl\":\"https:\/\/files.sunoresearch.com.br\/n\/uploads\/2021\/09\/suno-logo.png\",\"width\":180,\"height\":180,\"caption\":\"Suno Not\u00edcias\"},\"image\":{\"@id\":\"https:\/\/www.suno.com.br\/noticias\/#\/schema\/logo\/image\/\"},\"sameAs\":[\"https:\/\/facebook.com\/sunoresearch\",\"https:\/\/x.com\/sunoresearch\",\"https:\/\/www.instagram.com\/suno\",\"https:\/\/www.linkedin.com\/company\/suno-research\/\",\"https:\/\/www.youtube.com\/c\/sunoresearch\"]},{\"@type\":\"Person\",\"@id\":\"https:\/\/www.suno.com.br\/noticias\/#\/schema\/person\/7f4d362bf3518e76090143ae77bb49a5\",\"name\":\"Eduardo Vargas\",\"image\":{\"@type\":\"ImageObject\",\"inLanguage\":\"pt-BR\",\"@id\":\"https:\/\/www.suno.com.br\/noticias\/#\/schema\/person\/image\/\",\"url\":\"https:\/\/secure.gravatar.com\/avatar\/dac340933427a22924c9f99d1eb2e3f2?s=96&r=g\",\"contentUrl\":\"https:\/\/secure.gravatar.com\/avatar\/dac340933427a22924c9f99d1eb2e3f2?s=96&r=g\",\"caption\":\"Eduardo Vargas\"},\"description\":\"Jornalista formado pela UFSC, cobre macroeconomia, neg\u00f3cios e startups para o Suno Not\u00edcias, escrevendo principalmente not\u00edcias sobre o mercado financeiro e a bolsa de valores. No YouTube e no Instagram, \u00e9 respons\u00e1vel pela produ\u00e7\u00e3o de Reels e Shorts do Suno Not\u00edcias. Anteriormente, trabalhou cobrindo economia e cotidiano no ND+ e para o ND, maior jornal impresso de Santa Catarina. Cursou um semestre letivo de Estudos de M\u00eddia na Universidad de Buenos Aires.\",\"url\":\"https:\/\/www.suno.com.br\/noticias\/author\/eduardo-vargas\/\"}]}<\/script>\n<!-- \/ Yoast SEO plugin. -->","yoast_head_json":{"title":"Com 'timing ruim', Banco Inter (INBR31) cai 14% na Nasdaq","description":"Migra\u00e7\u00e3o societ\u00e1ria em meio aos ajustes do Fed ocasionaram retra\u00e7\u00e3o nos pap\u00e9is do Banco Inter na primeira semana. Clique e confira!","robots":{"index":"index","follow":"follow","max-snippet":"max-snippet:-1","max-image-preview":"max-image-preview:large","max-video-preview":"max-video-preview:-1"},"canonical":"https:\/\/www.suno.com.br\/noticias\/banco-inter-inbr31-nasdaq-queda\/","og_locale":"pt_BR","og_type":"article","og_title":"Com 'timing ruim', Banco Inter (INBR31) cai 14% na Nasdaq","og_description":"Migra\u00e7\u00e3o societ\u00e1ria em meio aos ajustes do Fed ocasionaram retra\u00e7\u00e3o nos pap\u00e9is do Banco Inter na primeira semana. Clique e confira!","og_url":"https:\/\/www.suno.com.br\/noticias\/banco-inter-inbr31-nasdaq-queda\/","og_site_name":"Suno Not\u00edcias","article_publisher":"https:\/\/facebook.com\/sunoresearch","og_image":[{"width":1280,"height":720,"url":"https:\/\/files.sunoresearch.com.br\/n\/uploads\/2020\/08\/e839eb06-banco-inter.jpg","type":"image\/jpeg"}],"author":"Eduardo Vargas","twitter_card":"summary_large_image","twitter_creator":"@sunoresearch","twitter_site":"@sunoresearch","twitter_misc":{"Escrito por":"Eduardo Vargas","Est. tempo de leitura":"4 minutos"},"schema":{"@context":"https:\/\/schema.org","@graph":[{"@type":"NewsArticle","@id":"https:\/\/www.suno.com.br\/noticias\/banco-inter-inbr31-nasdaq-queda\/#article","isPartOf":{"@id":"https:\/\/www.suno.com.br\/noticias\/banco-inter-inbr31-nasdaq-queda\/"},"author":{"name":"Eduardo Vargas","@id":"https:\/\/www.suno.com.br\/noticias\/#\/schema\/person\/7f4d362bf3518e76090143ae77bb49a5"},"headline":"Com &#8216;timing ruim&#8217;, Banco Inter (INBR31) cai 14,69% no primeiro m\u00eas na Nasdaq","datePublished":"2022-07-25T15:59:28+00:00","dateModified":"2022-07-25T16:57:27+00:00","mainEntityOfPage":{"@id":"https:\/\/www.suno.com.br\/noticias\/banco-inter-inbr31-nasdaq-queda\/"},"wordCount":569,"publisher":{"@id":"https:\/\/www.suno.com.br\/noticias\/#organization"},"image":{"@id":"https:\/\/www.suno.com.br\/noticias\/banco-inter-inbr31-nasdaq-queda\/#primaryimage"},"thumbnailUrl":"https:\/\/files.sunoresearch.com.br\/n\/uploads\/2020\/08\/e839eb06-banco-inter-jpg.webp","keywords":["Banco Inter (BIDI11)","Banco Inter (BIDI11\/BIDI4\/BIDI3)","BDRs","Especialistas"],"articleSection":["Neg\u00f3cios"],"inLanguage":"pt-BR"},{"@type":"WebPage","@id":"https:\/\/www.suno.com.br\/noticias\/banco-inter-inbr31-nasdaq-queda\/","url":"https:\/\/www.suno.com.br\/noticias\/banco-inter-inbr31-nasdaq-queda\/","name":"Com 'timing ruim', Banco Inter (INBR31) cai 14% na Nasdaq","isPartOf":{"@id":"https:\/\/www.suno.com.br\/noticias\/#website"},"primaryImageOfPage":{"@id":"https:\/\/www.suno.com.br\/noticias\/banco-inter-inbr31-nasdaq-queda\/#primaryimage"},"image":{"@id":"https:\/\/www.suno.com.br\/noticias\/banco-inter-inbr31-nasdaq-queda\/#primaryimage"},"thumbnailUrl":"https:\/\/files.sunoresearch.com.br\/n\/uploads\/2020\/08\/e839eb06-banco-inter-jpg.webp","datePublished":"2022-07-25T15:59:28+00:00","dateModified":"2022-07-25T16:57:27+00:00","description":"Migra\u00e7\u00e3o societ\u00e1ria em meio aos ajustes do Fed ocasionaram retra\u00e7\u00e3o nos pap\u00e9is do Banco Inter na primeira semana. Clique e confira!","breadcrumb":{"@id":"https:\/\/www.suno.com.br\/noticias\/banco-inter-inbr31-nasdaq-queda\/#breadcrumb"},"inLanguage":"pt-BR","potentialAction":[{"@type":"ReadAction","target":["https:\/\/www.suno.com.br\/noticias\/banco-inter-inbr31-nasdaq-queda\/"]}]},{"@type":"ImageObject","inLanguage":"pt-BR","@id":"https:\/\/www.suno.com.br\/noticias\/banco-inter-inbr31-nasdaq-queda\/#primaryimage","url":"https:\/\/files.sunoresearch.com.br\/n\/uploads\/2020\/08\/e839eb06-banco-inter-jpg.webp","contentUrl":"https:\/\/files.sunoresearch.com.br\/n\/uploads\/2020\/08\/e839eb06-banco-inter-jpg.webp","width":1280,"height":720,"caption":"Com mudan\u00e7a, investidor do Banco Inter (BIDI4) p\u00f4de escolher entre cash-out e BDRs\u00a0- Foto: Divulga\u00e7\u00e3o"},{"@type":"BreadcrumbList","@id":"https:\/\/www.suno.com.br\/noticias\/banco-inter-inbr31-nasdaq-queda\/#breadcrumb","itemListElement":[{"@type":"ListItem","position":1,"name":"Not\u00edcias","item":"https:\/\/www.suno.com.br\/noticias\/"},{"@type":"ListItem","position":2,"name":"Neg\u00f3cios","item":"https:\/\/www.suno.com.br\/noticias\/negocios\/"},{"@type":"ListItem","position":3,"name":"Com &#8216;timing ruim&#8217;, Banco Inter (INBR31) cai 14,69% no primeiro m\u00eas na Nasdaq"}]},{"@type":"WebSite","@id":"https:\/\/www.suno.com.br\/noticias\/#website","url":"https:\/\/www.suno.com.br\/noticias\/","name":"Suno Not\u00edcias","description":"Seu portal de informa\u00e7\u00e3o sobre o mundo dos investimentos","publisher":{"@id":"https:\/\/www.suno.com.br\/noticias\/#organization"},"potentialAction":[{"@type":"SearchAction","target":{"@type":"EntryPoint","urlTemplate":"https:\/\/www.suno.com.br\/noticias\/?s={search_term_string}"},"query-input":{"@type":"PropertyValueSpecification","valueRequired":true,"valueName":"search_term_string"}}],"inLanguage":"pt-BR"},{"@type":"Organization","@id":"https:\/\/www.suno.com.br\/noticias\/#organization","name":"Suno Not\u00edcias","url":"https:\/\/www.suno.com.br\/noticias\/","logo":{"@type":"ImageObject","inLanguage":"pt-BR","@id":"https:\/\/www.suno.com.br\/noticias\/#\/schema\/logo\/image\/","url":"https:\/\/files.sunoresearch.com.br\/n\/uploads\/2021\/09\/suno-logo.png","contentUrl":"https:\/\/files.sunoresearch.com.br\/n\/uploads\/2021\/09\/suno-logo.png","width":180,"height":180,"caption":"Suno Not\u00edcias"},"image":{"@id":"https:\/\/www.suno.com.br\/noticias\/#\/schema\/logo\/image\/"},"sameAs":["https:\/\/facebook.com\/sunoresearch","https:\/\/x.com\/sunoresearch","https:\/\/www.instagram.com\/suno","https:\/\/www.linkedin.com\/company\/suno-research\/","https:\/\/www.youtube.com\/c\/sunoresearch"]},{"@type":"Person","@id":"https:\/\/www.suno.com.br\/noticias\/#\/schema\/person\/7f4d362bf3518e76090143ae77bb49a5","name":"Eduardo Vargas","image":{"@type":"ImageObject","inLanguage":"pt-BR","@id":"https:\/\/www.suno.com.br\/noticias\/#\/schema\/person\/image\/","url":"https:\/\/secure.gravatar.com\/avatar\/dac340933427a22924c9f99d1eb2e3f2?s=96&r=g","contentUrl":"https:\/\/secure.gravatar.com\/avatar\/dac340933427a22924c9f99d1eb2e3f2?s=96&r=g","caption":"Eduardo Vargas"},"description":"Jornalista formado pela UFSC, cobre macroeconomia, neg\u00f3cios e startups para o Suno Not\u00edcias, escrevendo principalmente not\u00edcias sobre o mercado financeiro e a bolsa de valores. No YouTube e no Instagram, \u00e9 respons\u00e1vel pela produ\u00e7\u00e3o de Reels e Shorts do Suno Not\u00edcias. Anteriormente, trabalhou cobrindo economia e cotidiano no ND+ e para o ND, maior jornal impresso de Santa Catarina. Cursou um semestre letivo de Estudos de M\u00eddia na Universidad de Buenos Aires.","url":"https:\/\/www.suno.com.br\/noticias\/author\/eduardo-vargas\/"}]}},"default_loop_html":"<div class=\"cardsPage__listCard__boxs\"><div class=\"cardsPage__listCard__boxs__img\"><a href=\"https:\/\/www.suno.com.br\/noticias\/banco-inter-inbr31-nasdaq-queda\/\"><img class=\"mask\" src=\"https:\/\/www.suno.com.br\/noticias\/wp-content\/themes\/suno\/resources\/images\/spotlight\/spotlight1img\/bg-mask.png\" alt=\"Image Mask\"\/><img src=\"https:\/\/files.sunoresearch.com.br\/n\/uploads\/2020\/08\/e839eb06-banco-inter-400x200.webp\" alt=\"Com &#8216;timing ruim&#8217;, Banco Inter (INBR31) cai 14,69% no primeiro m\u00eas na Nasdaq\"\/><\/a><span class=\"spotlightCategory\"><a href=\"https:\/\/www.suno.com.br\/noticias\/negocios\/\">Neg\u00f3cios<\/a><\/span><\/div><div class=\"cardsPage__listCard__boxs__content\"><a href=\"https:\/\/www.suno.com.br\/noticias\/banco-inter-inbr31-nasdaq-queda\/\"><h2 class=\"content__title\">Com &#8216;timing ruim&#8217;, Banco Inter (INBR31) cai 14,69% no primeiro m\u00eas na Nasdaq<\/h2><\/a><div class=\"newsContent__article__meta\"><div class=\"newsContent__article__meta__authorBox\"><a href=\"https:\/\/www.suno.com.br\/noticias\/author\/eduardo-vargas\/\" class=\"authorBox__avatar noMobi\"><img src=\"https:\/\/secure.gravatar.com\/avatar\/dac340933427a22924c9f99d1eb2e3f2?s=96&#038;r=g\" alt=\"Eduardo Vargas\"><\/a><div class=\"authorBox__name\"><span>por\n\t\t\t<a href=\"https:\/\/www.suno.com.br\/noticias\/author\/eduardo-vargas\/\"><span itemprop=\"author\">Eduardo Vargas<\/span><\/a><\/span><time datetime=\"2022-07-25T12:59:28-03:00\" itemprop=\"datePublished\">25\/07\/2022 12:59<\/time><\/div><\/div><\/div><\/div><\/div>","single_layout":"posts","amp_enabled":true,"_links":{"self":[{"href":"https:\/\/www.suno.com.br\/noticias\/wp-json\/wp\/v2\/posts\/278285"}],"collection":[{"href":"https:\/\/www.suno.com.br\/noticias\/wp-json\/wp\/v2\/posts"}],"about":[{"href":"https:\/\/www.suno.com.br\/noticias\/wp-json\/wp\/v2\/types\/post"}],"author":[{"embeddable":true,"href":"https:\/\/www.suno.com.br\/noticias\/wp-json\/wp\/v2\/users\/73"}],"replies":[{"embeddable":true,"href":"https:\/\/www.suno.com.br\/noticias\/wp-json\/wp\/v2\/comments?post=278285"}],"version-history":[{"count":3,"href":"https:\/\/www.suno.com.br\/noticias\/wp-json\/wp\/v2\/posts\/278285\/revisions"}],"predecessor-version":[{"id":278371,"href":"https:\/\/www.suno.com.br\/noticias\/wp-json\/wp\/v2\/posts\/278285\/revisions\/278371"}],"wp:featuredmedia":[{"embeddable":true,"href":"https:\/\/www.suno.com.br\/noticias\/wp-json\/wp\/v2\/media\/77795"}],"wp:attachment":[{"href":"https:\/\/www.suno.com.br\/noticias\/wp-json\/wp\/v2\/media?parent=278285"}],"wp:term":[{"taxonomy":"category","embeddable":true,"href":"https:\/\/www.suno.com.br\/noticias\/wp-json\/wp\/v2\/categories?post=278285"},{"taxonomy":"post_tag","embeddable":true,"href":"https:\/\/www.suno.com.br\/noticias\/wp-json\/wp\/v2\/tags?post=278285"},{"taxonomy":"suno_strategy","embeddable":true,"href":"https:\/\/www.suno.com.br\/noticias\/wp-json\/wp\/v2\/suno_strategy?post=278285"}],"curies":[{"name":"wp","href":"https:\/\/api.w.org\/{rel}","templated":true}]}}