{"id":278197,"date":"2022-07-24T16:20:53","date_gmt":"2022-07-24T19:20:53","guid":{"rendered":"https:\/\/www.suno.com.br\/noticias\/?p=278197"},"modified":"2022-07-24T17:05:42","modified_gmt":"2022-07-24T20:05:42","slug":"bolsonaro-oficializa-candidatura-reeleicao-pl","status":"publish","type":"post","link":"https:\/\/www.suno.com.br\/noticias\/bolsonaro-oficializa-candidatura-reeleicao-pl\/","title":{"rendered":"Bolsonaro oficializa candidatura \u00e0 reelei\u00e7\u00e3o pelo PL, com Braga Neto como vice"},"content":{"rendered":"<p>Em evento organizado pelo PL (Partido Liberal) para a conven\u00e7\u00e3o nacional do partido no Maracan\u00e3zinho, no Rio de Janeiro, o presidente Jair <strong>Bolsonaro<\/strong> oficializou sua candidatura neste domingo (24) \u00e0 reelei\u00e7\u00e3o. O vice da chapa ser\u00e1 o ministro da Defesa o general Walter Braga Netto.<\/p>\t<div class=\"wrapper-featured-image\">\n\t\t<figure class=\"spotlightImg\">\n\n\t\t\t<picture>\n\t\t\t\t<source media=\"(max-width: 768px)\" srcset=\"https:\/\/files.sunoresearch.com.br\/n\/uploads\/2022\/07\/Bolsonaro-400x200.jpg\">\n\t\t\t\t<img loading=\"lazy\" decoding=\"async\" class=\"newsContent__article__imgCapa lazyloadDisabled \" src=\"https:\/\/files.sunoresearch.com.br\/n\/uploads\/2022\/07\/Bolsonaro-800x450.jpg\" width=\"800\" height=\"450\" alt=\"Bolsonaro oficializa candidatura \u00e0 reelei\u00e7\u00e3o pelo PL, com Braga Neto como vice\" fetchpriority=high \/>\n\t\t\t<\/picture>\n\n\t\t\t<figcaption class=\"wp-caption-text wp-caption-text--show\">Bolsonaro voltou a defender a taxa\u00e7\u00e3o de dividendos. Foto: Tomaz Silva\/Ag\u00eancia Brasil<\/figcaption>\n\t\t<\/figure>\n\t<\/div>\n\n\n\t<p>\n\t\t<a href=\"\" target=\"_blank\" data-element=\"shortcode-suno-banner\" title=\"Banner SUNO, clique e saiba mais\">\n\t\t\t<picture>\n\t\t\t\t<source media=\"(max-width: 500px)\" srcset=\"\">\n\t\t\t\t<img class=\"newsContent__article__imgCapa newsContent__article__imgCapa--banner\"\n\t\t\t\t\tsrc=\"\"\n\t\t\t\t\tdata-promo-id=\"240038\"\t\t\t\t\t\t\t\t\t\t\t\t\t\t\talt=\"\"\n\t\t\t\t>\n\t\t\t<\/picture>\n\t\t<\/a>\n\t<\/p>\n\n\n<p>Na <strong>conven\u00e7\u00e3o do PL<\/strong> foi utilizado sistema de vota\u00e7\u00e3o virtual para confirmar a chapa pura (sem ades\u00e3o de outros partidos) na elei\u00e7\u00e3o majorit\u00e1ria, informa o Broadcast. Os dirigentes da sigla votaram em uma plataforma online, com monitoramento da Justi\u00e7a Eleitoral.<\/p>\n<p>O PL aprovou Bolsonaro como <strong>candidato \u00e0 reelei\u00e7\u00e3o<\/strong> com 204 votos, resultado por unanimidade. No discurso o presidente voltou a atacar ministros do Supremo Tribunal Federal, ao cham\u00e1-los de &#8220;surdos de capa preta&#8221;, segundo reportagem do Valor Econ\u00f4mico. Convocou atos para o 7 de Setembro, diante de 12 mil pessoas: &#8220;Vamos \u00e0s ruas pela \u00faltima vez. O ex\u00e9rcito do povo, que est\u00e1 no nosso lado, n\u00e3o admite corrup\u00e7\u00e3o, n\u00e3o admite fraude. Esse \u00e9 o ex\u00e9rcito que quer transpar\u00eancia. Quer, n\u00e3o. Vai ter&#8221;, questionando as urnas eletr\u00f4nicas. Em 2021, Bolsonaro convocou apoiadores para atos antidemocr\u00e1ticos que pediam o fechamento do STF.<\/p>\n\t<p>\n\t\t<a href=\"https:\/\/lp.suno.com.br\/ebook-como-analisar-uma-acao\/\" target=\"_blank\" data-element=\"shortcode-suno-banner\" title=\"Banner SUNO, clique e saiba mais\">\n\t\t\t<picture>\n\t\t\t\t<source media=\"(max-width: 500px)\" srcset=\"https:\/\/files.sunoresearch.com.br\/n\/uploads\/2023\/03\/Ebook-Acoes-Mobile-1.jpg\">\n\t\t\t\t<img class=\"newsContent__article__imgCapa newsContent__article__imgCapa--banner\"\n\t\t\t\t\tsrc=\"https:\/\/files.sunoresearch.com.br\/n\/uploads\/2023\/03\/Ebook-Acoes-Desktop-1.jpg\"\n\t\t\t\t\tdata-promo-id=\"171998\"\t\t\t\t\t\t\t\t\t\twidth='1420' height='286'\t\t\t\t\talt=\"https:\/\/files.sunoresearch.com.br\/n\/uploads\/2023\/03\/Ebook-Acoes-Desktop-1.jpg\"\n\t\t\t\t>\n\t\t\t<\/picture>\n\t\t<\/a>\n\t<\/p>\n\n\n<p>Bolsonaro \u00e9 o quarto <strong>candidato <\/strong>oficializado para concorrer \u00e0s elei\u00e7\u00f5es em outubro, depois de Ciro Gomes (PDT), na quarta-feira (10), Luiz In\u00e1cio Lula da Silva (PT), na quinta-feira (21), e Andr\u00e9 Janones (Avante), ontem (23).<\/p>\n<figure id=\"attachment_278201\" aria-describedby=\"caption-attachment-278201\" style=\"width: 700px\" class=\"wp-caption alignnone\"><img loading=\"lazy\" decoding=\"async\" class=\"wp-image-278201 size-full\" src=\"https:\/\/files.sunoresearch.com.br\/n\/uploads\/2022\/07\/Bolonsaro-convencao-PL.jpg\" alt=\"Bolsonaro na conven\u00e7\u00e3o nacional do PL. Foto: Reprodu\u00e7\u00e3o\" width=\"700\" height=\"336\" srcset=\"https:\/\/files.sunoresearch.com.br\/n\/uploads\/2022\/07\/Bolonsaro-convencao-PL.jpg 700w, https:\/\/files.sunoresearch.com.br\/n\/uploads\/2022\/07\/Bolonsaro-convencao-PL-300x144.jpg 300w, https:\/\/files.sunoresearch.com.br\/n\/uploads\/2022\/07\/Bolonsaro-convencao-PL-150x72.jpg 150w\" sizes=\"(max-width: 700px) 100vw, 700px\" \/><figcaption id=\"caption-attachment-278201\" class=\"wp-caption-text\">Bolsonaro na conven\u00e7\u00e3o nacional do PL. Foto: Reprodu\u00e7\u00e3o<\/figcaption><\/figure>\n<p>Estiveram na conven\u00e7\u00e3o aliados como o presidente da C\u00e2mara dos Deputados, Arthur Lira (PP-AL), o governador do Rio de Janeiro, Cl\u00e1udio Castro (PL), o deputado Marco Feliciano (PL-SP), a ex-ministra da Agricultura Tereza Cristina e presidente nacional do partido Valdemar Costa Neto. Dos filhos do presidente, o senador Fl\u00e1vio Bolsonaro (PL-RJ) foi o \u00fanico que apareceu e subiu ao palco com o pai.<\/p>\n\t<p>\n\t\t<a href=\"https:\/\/lp.suno.com.br\/planilha-controle-gastos\/\" target=\"_blank\" data-element=\"shortcode-suno-banner\" title=\"Banner SUNO, clique e saiba mais\">\n\t\t\t<picture>\n\t\t\t\t<source media=\"(max-width: 500px)\" srcset=\"https:\/\/files.sunoresearch.com.br\/n\/uploads\/2023\/03\/400x300-Planilha-controle-de-gastos.png\">\n\t\t\t\t<img class=\"newsContent__article__imgCapa newsContent__article__imgCapa--banner\"\n\t\t\t\t\tsrc=\"https:\/\/files.sunoresearch.com.br\/n\/uploads\/2023\/03\/1420x240-Planilha-controle-de-gastos.png\"\n\t\t\t\t\tdata-promo-id=\"101751\"\t\t\t\t\t\t\t\t\t\twidth='1420' height='240'\t\t\t\t\talt=\"https:\/\/files.sunoresearch.com.br\/n\/uploads\/2023\/03\/1420x240-Planilha-controle-de-gastos.png\"\n\t\t\t\t>\n\t\t\t<\/picture>\n\t\t<\/a>\n\t<\/p>\n\n\n<p>Ao lado da primeira-dama, Michele, que falou por 10 minutos, Bolsonaro discursou por quase uma hora. Atacou a corrup\u00e7\u00e3o, em fala contra o advers\u00e1rio na corrida presidencial, Luiz In\u00e1cio Lula da Silva, primeiro nas pesquisas eleitorais, \u00e0 frente dele, e citou o &#8220;fantasma do comunismo&#8221;. Chamou o advers\u00e1rio de &#8220;ladr\u00e3o&#8221; e &#8220;cachaceiro&#8221;.<\/p>\n\t<p>\n\t\t<a href=\"https:\/\/lp.suno.com.br\/planilha-da-vida-financeira\/\" target=\"_blank\" data-element=\"shortcode-suno-banner\" title=\"Banner SUNO, clique e saiba mais\">\n\t\t\t<picture>\n\t\t\t\t<source media=\"(max-width: 500px)\" srcset=\"https:\/\/files.sunoresearch.com.br\/n\/uploads\/2023\/04\/400x300-Planilha-vida-financeira-true.png\">\n\t\t\t\t<img class=\"newsContent__article__imgCapa newsContent__article__imgCapa--banner\"\n\t\t\t\t\tsrc=\"https:\/\/files.sunoresearch.com.br\/n\/uploads\/2023\/04\/1420x240-Planilha-vida-financeira-true.png\"\n\t\t\t\t\tdata-promo-id=\"106682\"\t\t\t\t\t\t\t\t\t\twidth='1420' height='240'\t\t\t\t\talt=\"https:\/\/files.sunoresearch.com.br\/n\/uploads\/2023\/04\/1420x240-Planilha-vida-financeira-true.png\"\n\t\t\t\t>\n\t\t\t<\/picture>\n\t\t<\/a>\n\t<\/p>\n\n\n<p>Bolsonaro disse que vai manter os R$ 600 do Aux\u00edlio Brasil em 2023. Elogiou Tereza Cristina, &#8220;pequena grande mulher&#8221;, ao falar do agroneg\u00f3cio. O presidente disse ainda que seu vice foi escolhido para ser um &#8220;general para estar ao lado, porque n\u00e3o pode ser uma pessoa que conspire contra voc\u00ea&#8221;. E completou: &#8220;Braga Netto \u00e9 o Ex\u00e9rcito ao nosso lado&#8221;. Acenou ainda com a possibilidade de uma disputa com Lula em debate, \u201ccaso ele esteja presente\u201d.<\/p>\n<blockquote class=\"twitter-tweet\" data-width=\"550\" data-dnt=\"true\">\n<p lang=\"pt\" dir=\"ltr\">Conven\u00e7\u00e3o do Partido Liberal, que oficializou o Presidente Jair Messias Bolsonaro na disputa \u00e0 reelei\u00e7\u00e3o. Emocionante demais \ud83d\udc4f\ud83d\ude0d\ud83e\udd70\ud83d\udc4f! \ud83c\udde7\ud83c\uddf7<a href=\"https:\/\/twitter.com\/hashtag\/BolsonaroReeleito2022?src=hash&amp;ref_src=twsrc%5Etfw\">#BolsonaroReeleito2022<\/a> <br \/>24\/07\/2022<br \/>Presidente Bolsonaro e Primeira Dama Michelle Bolsonaro \u2764\ufe0f \u2764\ufe0f <a href=\"https:\/\/t.co\/Ijr3EAWZIx\">pic.twitter.com\/Ijr3EAWZIx<\/a><\/p>\n<p>&mdash; Tv_Bolsonaro \ud83c\udde7\ud83c\uddf7\ud83c\udde7\ud83c\uddf7\ud83c\udde7\ud83c\uddf7 (@TvBolsonaro_22) <a href=\"https:\/\/twitter.com\/TvBolsonaro_22\/status\/1551274943941427201?ref_src=twsrc%5Etfw\">July 24, 2022<\/a><\/p><\/blockquote>\n<p><script async src=\"https:\/\/platform.twitter.com\/widgets.js\" charset=\"utf-8\"><\/script><\/p>\n\t<p>\n\t\t<a href=\"https:\/\/lp.suno.com.br\/planilha-de-controle-de-investimentos\/\" target=\"_blank\" data-element=\"shortcode-suno-banner\" title=\"Banner SUNO, clique e saiba mais\">\n\t\t\t<picture>\n\t\t\t\t<source media=\"(max-width: 500px)\" srcset=\"https:\/\/files.sunoresearch.com.br\/n\/uploads\/2023\/03\/400x300-Controle-de-Investimentos.png\">\n\t\t\t\t<img class=\"newsContent__article__imgCapa newsContent__article__imgCapa--banner\"\n\t\t\t\t\tsrc=\"https:\/\/files.sunoresearch.com.br\/n\/uploads\/2023\/03\/1420x240-Controle-de-Investimentos.png\"\n\t\t\t\t\tdata-promo-id=\"75934\"\t\t\t\t\t\t\t\t\t\twidth='1420' height='240'\t\t\t\t\talt=\"https:\/\/files.sunoresearch.com.br\/n\/uploads\/2023\/03\/1420x240-Controle-de-Investimentos.png\"\n\t\t\t\t>\n\t\t\t<\/picture>\n\t\t<\/a>\n\t<\/p>\n\n\n<p>&nbsp;<\/p>\n","protected":false},"excerpt":{"rendered":"<p>Em evento organizado pelo PL (Partido Liberal) para a conven\u00e7\u00e3o nacional do partido no Maracan\u00e3zinho, no Rio de Janeiro, o presidente Jair Bolsonaro oficializou sua candidatura neste domingo (24) \u00e0 reelei\u00e7\u00e3o. O vice da chapa ser\u00e1 o ministro da Defesa o general Walter Braga Netto. Bolsonaro voltou a defender a taxa\u00e7\u00e3o de dividendos. Foto: Tomaz [&hellip;]<\/p>\n","protected":false},"author":98,"featured_media":278202,"comment_status":"closed","ping_status":"closed","sticky":false,"template":"","format":"standard","meta":[],"categories":[61],"tags":[697,719],"suno_strategy":[],"class_list":["post-278197","post","type-post","status-publish","format-standard","has-post-thumbnail","hentry","category-politica","tag-eleicoes","tag-jair-bolsonaro"],"yoast_head":"<!-- This site is optimized with the Yoast SEO plugin v24.4 - https:\/\/yoast.com\/wordpress\/plugins\/seo\/ -->\n<title>Bolsonaro oficializa candidatura \u00e0 reelei\u00e7\u00e3o pelo PL<\/title>\n<meta name=\"description\" content=\"Em evento organizado pelo PL (Partido Liberal) no Maracan\u00e3zinho, no Rio de Janeiro, o presidente Jair Bolsonaro oficializou sua candidatura\" \/>\n<meta name=\"robots\" content=\"index, follow, max-snippet:-1, max-image-preview:large, max-video-preview:-1\" \/>\n<link rel=\"canonical\" href=\"https:\/\/www.suno.com.br\/noticias\/bolsonaro-oficializa-candidatura-reeleicao-pl\/\" \/>\n<meta property=\"og:locale\" content=\"pt_BR\" \/>\n<meta property=\"og:type\" content=\"article\" \/>\n<meta property=\"og:title\" content=\"Bolsonaro oficializa candidatura \u00e0 reelei\u00e7\u00e3o pelo PL\" \/>\n<meta property=\"og:description\" content=\"Em evento organizado pelo PL (Partido Liberal) no Maracan\u00e3zinho, no Rio de Janeiro, o presidente Jair Bolsonaro oficializou sua candidatura\" \/>\n<meta property=\"og:url\" content=\"https:\/\/www.suno.com.br\/noticias\/bolsonaro-oficializa-candidatura-reeleicao-pl\/\" \/>\n<meta property=\"og:site_name\" content=\"Suno Not\u00edcias\" \/>\n<meta property=\"article:publisher\" content=\"https:\/\/facebook.com\/sunoresearch\" \/>\n<meta property=\"og:image\" content=\"https:\/\/files.sunoresearch.com.br\/n\/uploads\/2022\/07\/Bolsonaro.jpg\" \/>\n\t<meta property=\"og:image:width\" content=\"1350\" \/>\n\t<meta property=\"og:image:height\" content=\"808\" \/>\n\t<meta property=\"og:image:type\" content=\"image\/jpeg\" \/>\n<meta name=\"author\" content=\"Marco Ant\u00f4nio Lopes\" \/>\n<meta name=\"twitter:card\" content=\"summary_large_image\" \/>\n<meta name=\"twitter:creator\" content=\"@sunoresearch\" \/>\n<meta name=\"twitter:site\" content=\"@sunoresearch\" \/>\n<meta name=\"twitter:label1\" content=\"Escrito por\" \/>\n\t<meta name=\"twitter:data1\" content=\"Marco Ant\u00f4nio Lopes\" \/>\n\t<meta name=\"twitter:label2\" content=\"Est. tempo de leitura\" \/>\n\t<meta name=\"twitter:data2\" content=\"3 minutos\" \/>\n<script type=\"application\/ld+json\" class=\"yoast-schema-graph\">{\"@context\":\"https:\/\/schema.org\",\"@graph\":[{\"@type\":\"NewsArticle\",\"@id\":\"https:\/\/www.suno.com.br\/noticias\/bolsonaro-oficializa-candidatura-reeleicao-pl\/#article\",\"isPartOf\":{\"@id\":\"https:\/\/www.suno.com.br\/noticias\/bolsonaro-oficializa-candidatura-reeleicao-pl\/\"},\"author\":{\"name\":\"Marco Ant\u00f4nio Lopes\",\"@id\":\"https:\/\/www.suno.com.br\/noticias\/#\/schema\/person\/829bbe8d57f84333b966b96229c6bf5f\"},\"headline\":\"Bolsonaro oficializa candidatura \u00e0 reelei\u00e7\u00e3o pelo PL, com Braga Neto como vice\",\"datePublished\":\"2022-07-24T19:20:53+00:00\",\"dateModified\":\"2022-07-24T20:05:42+00:00\",\"mainEntityOfPage\":{\"@id\":\"https:\/\/www.suno.com.br\/noticias\/bolsonaro-oficializa-candidatura-reeleicao-pl\/\"},\"wordCount\":489,\"publisher\":{\"@id\":\"https:\/\/www.suno.com.br\/noticias\/#organization\"},\"image\":{\"@id\":\"https:\/\/www.suno.com.br\/noticias\/bolsonaro-oficializa-candidatura-reeleicao-pl\/#primaryimage\"},\"thumbnailUrl\":\"https:\/\/files.sunoresearch.com.br\/n\/uploads\/2022\/07\/Bolsonaro.jpg\",\"keywords\":[\"Elei\u00e7\u00f5es\",\"Jair Bolsonaro\"],\"articleSection\":[\"Pol\u00edtica\"],\"inLanguage\":\"pt-BR\"},{\"@type\":\"WebPage\",\"@id\":\"https:\/\/www.suno.com.br\/noticias\/bolsonaro-oficializa-candidatura-reeleicao-pl\/\",\"url\":\"https:\/\/www.suno.com.br\/noticias\/bolsonaro-oficializa-candidatura-reeleicao-pl\/\",\"name\":\"Bolsonaro oficializa candidatura \u00e0 reelei\u00e7\u00e3o pelo PL\",\"isPartOf\":{\"@id\":\"https:\/\/www.suno.com.br\/noticias\/#website\"},\"primaryImageOfPage\":{\"@id\":\"https:\/\/www.suno.com.br\/noticias\/bolsonaro-oficializa-candidatura-reeleicao-pl\/#primaryimage\"},\"image\":{\"@id\":\"https:\/\/www.suno.com.br\/noticias\/bolsonaro-oficializa-candidatura-reeleicao-pl\/#primaryimage\"},\"thumbnailUrl\":\"https:\/\/files.sunoresearch.com.br\/n\/uploads\/2022\/07\/Bolsonaro.jpg\",\"datePublished\":\"2022-07-24T19:20:53+00:00\",\"dateModified\":\"2022-07-24T20:05:42+00:00\",\"description\":\"Em evento organizado pelo PL (Partido Liberal) no Maracan\u00e3zinho, no Rio de Janeiro, o presidente Jair Bolsonaro oficializou sua candidatura\",\"breadcrumb\":{\"@id\":\"https:\/\/www.suno.com.br\/noticias\/bolsonaro-oficializa-candidatura-reeleicao-pl\/#breadcrumb\"},\"inLanguage\":\"pt-BR\",\"potentialAction\":[{\"@type\":\"ReadAction\",\"target\":[\"https:\/\/www.suno.com.br\/noticias\/bolsonaro-oficializa-candidatura-reeleicao-pl\/\"]}]},{\"@type\":\"ImageObject\",\"inLanguage\":\"pt-BR\",\"@id\":\"https:\/\/www.suno.com.br\/noticias\/bolsonaro-oficializa-candidatura-reeleicao-pl\/#primaryimage\",\"url\":\"https:\/\/files.sunoresearch.com.br\/n\/uploads\/2022\/07\/Bolsonaro.jpg\",\"contentUrl\":\"https:\/\/files.sunoresearch.com.br\/n\/uploads\/2022\/07\/Bolsonaro.jpg\",\"width\":1350,\"height\":808,\"caption\":\"Bolsonaro voltou a defender a taxa\u00e7\u00e3o de dividendos. Foto: Tomaz Silva\/Ag\u00eancia Brasil\"},{\"@type\":\"BreadcrumbList\",\"@id\":\"https:\/\/www.suno.com.br\/noticias\/bolsonaro-oficializa-candidatura-reeleicao-pl\/#breadcrumb\",\"itemListElement\":[{\"@type\":\"ListItem\",\"position\":1,\"name\":\"Not\u00edcias\",\"item\":\"https:\/\/www.suno.com.br\/noticias\/\"},{\"@type\":\"ListItem\",\"position\":2,\"name\":\"Pol\u00edtica\",\"item\":\"https:\/\/www.suno.com.br\/noticias\/politica\/\"},{\"@type\":\"ListItem\",\"position\":3,\"name\":\"Bolsonaro oficializa candidatura \u00e0 reelei\u00e7\u00e3o pelo PL, com Braga Neto como vice\"}]},{\"@type\":\"WebSite\",\"@id\":\"https:\/\/www.suno.com.br\/noticias\/#website\",\"url\":\"https:\/\/www.suno.com.br\/noticias\/\",\"name\":\"Suno Not\u00edcias\",\"description\":\"Seu portal de informa\u00e7\u00e3o sobre o mundo dos investimentos\",\"publisher\":{\"@id\":\"https:\/\/www.suno.com.br\/noticias\/#organization\"},\"potentialAction\":[{\"@type\":\"SearchAction\",\"target\":{\"@type\":\"EntryPoint\",\"urlTemplate\":\"https:\/\/www.suno.com.br\/noticias\/?s={search_term_string}\"},\"query-input\":{\"@type\":\"PropertyValueSpecification\",\"valueRequired\":true,\"valueName\":\"search_term_string\"}}],\"inLanguage\":\"pt-BR\"},{\"@type\":\"Organization\",\"@id\":\"https:\/\/www.suno.com.br\/noticias\/#organization\",\"name\":\"Suno Not\u00edcias\",\"url\":\"https:\/\/www.suno.com.br\/noticias\/\",\"logo\":{\"@type\":\"ImageObject\",\"inLanguage\":\"pt-BR\",\"@id\":\"https:\/\/www.suno.com.br\/noticias\/#\/schema\/logo\/image\/\",\"url\":\"https:\/\/files.sunoresearch.com.br\/n\/uploads\/2021\/09\/suno-logo.png\",\"contentUrl\":\"https:\/\/files.sunoresearch.com.br\/n\/uploads\/2021\/09\/suno-logo.png\",\"width\":180,\"height\":180,\"caption\":\"Suno Not\u00edcias\"},\"image\":{\"@id\":\"https:\/\/www.suno.com.br\/noticias\/#\/schema\/logo\/image\/\"},\"sameAs\":[\"https:\/\/facebook.com\/sunoresearch\",\"https:\/\/x.com\/sunoresearch\",\"https:\/\/www.instagram.com\/suno\",\"https:\/\/www.linkedin.com\/company\/suno-research\/\",\"https:\/\/www.youtube.com\/c\/sunoresearch\"]},{\"@type\":\"Person\",\"@id\":\"https:\/\/www.suno.com.br\/noticias\/#\/schema\/person\/829bbe8d57f84333b966b96229c6bf5f\",\"name\":\"Marco Ant\u00f4nio Lopes\",\"image\":{\"@type\":\"ImageObject\",\"inLanguage\":\"pt-BR\",\"@id\":\"https:\/\/www.suno.com.br\/noticias\/#\/schema\/person\/image\/\",\"url\":\"https:\/\/secure.gravatar.com\/avatar\/385167b012fbc1cde32c5446ee253313?s=96&r=g\",\"contentUrl\":\"https:\/\/secure.gravatar.com\/avatar\/385167b012fbc1cde32c5446ee253313?s=96&r=g\",\"caption\":\"Marco Ant\u00f4nio Lopes\"},\"description\":\"Jornalista, \u00e9 editor no Suno Not\u00edcias. Trabalhou nas revistas Playboy, Super, Veja Comer &amp; Beber, Homem Vogue e Universo Masculino, al\u00e9m dos portais Abril.com, R7, nas editorias de Home, Esportes, Hora 7, Entretenimento e Geral, e Eu Quero Investir. Autor do livro Bruce Lee: Definitivo (Editora Conrad). Colaborou nas revistas Nova, Veja SP, Grandes Guerras, Placar, Bizz, Casa Claudia e Quatro Rodas.\",\"url\":\"https:\/\/www.suno.com.br\/noticias\/author\/marco-lopes\/\"}]}<\/script>\n<!-- \/ Yoast SEO plugin. -->","yoast_head_json":{"title":"Bolsonaro oficializa candidatura \u00e0 reelei\u00e7\u00e3o pelo PL","description":"Em evento organizado pelo PL (Partido Liberal) no Maracan\u00e3zinho, no Rio de Janeiro, o presidente Jair Bolsonaro oficializou sua candidatura","robots":{"index":"index","follow":"follow","max-snippet":"max-snippet:-1","max-image-preview":"max-image-preview:large","max-video-preview":"max-video-preview:-1"},"canonical":"https:\/\/www.suno.com.br\/noticias\/bolsonaro-oficializa-candidatura-reeleicao-pl\/","og_locale":"pt_BR","og_type":"article","og_title":"Bolsonaro oficializa candidatura \u00e0 reelei\u00e7\u00e3o pelo PL","og_description":"Em evento organizado pelo PL (Partido Liberal) no Maracan\u00e3zinho, no Rio de Janeiro, o presidente Jair Bolsonaro oficializou sua candidatura","og_url":"https:\/\/www.suno.com.br\/noticias\/bolsonaro-oficializa-candidatura-reeleicao-pl\/","og_site_name":"Suno Not\u00edcias","article_publisher":"https:\/\/facebook.com\/sunoresearch","og_image":[{"width":1350,"height":808,"url":"https:\/\/files.sunoresearch.com.br\/n\/uploads\/2022\/07\/Bolsonaro.jpg","type":"image\/jpeg"}],"author":"Marco Ant\u00f4nio Lopes","twitter_card":"summary_large_image","twitter_creator":"@sunoresearch","twitter_site":"@sunoresearch","twitter_misc":{"Escrito por":"Marco Ant\u00f4nio Lopes","Est. tempo de leitura":"3 minutos"},"schema":{"@context":"https:\/\/schema.org","@graph":[{"@type":"NewsArticle","@id":"https:\/\/www.suno.com.br\/noticias\/bolsonaro-oficializa-candidatura-reeleicao-pl\/#article","isPartOf":{"@id":"https:\/\/www.suno.com.br\/noticias\/bolsonaro-oficializa-candidatura-reeleicao-pl\/"},"author":{"name":"Marco Ant\u00f4nio Lopes","@id":"https:\/\/www.suno.com.br\/noticias\/#\/schema\/person\/829bbe8d57f84333b966b96229c6bf5f"},"headline":"Bolsonaro oficializa candidatura \u00e0 reelei\u00e7\u00e3o pelo PL, com Braga Neto como vice","datePublished":"2022-07-24T19:20:53+00:00","dateModified":"2022-07-24T20:05:42+00:00","mainEntityOfPage":{"@id":"https:\/\/www.suno.com.br\/noticias\/bolsonaro-oficializa-candidatura-reeleicao-pl\/"},"wordCount":489,"publisher":{"@id":"https:\/\/www.suno.com.br\/noticias\/#organization"},"image":{"@id":"https:\/\/www.suno.com.br\/noticias\/bolsonaro-oficializa-candidatura-reeleicao-pl\/#primaryimage"},"thumbnailUrl":"https:\/\/files.sunoresearch.com.br\/n\/uploads\/2022\/07\/Bolsonaro.jpg","keywords":["Elei\u00e7\u00f5es","Jair Bolsonaro"],"articleSection":["Pol\u00edtica"],"inLanguage":"pt-BR"},{"@type":"WebPage","@id":"https:\/\/www.suno.com.br\/noticias\/bolsonaro-oficializa-candidatura-reeleicao-pl\/","url":"https:\/\/www.suno.com.br\/noticias\/bolsonaro-oficializa-candidatura-reeleicao-pl\/","name":"Bolsonaro oficializa candidatura \u00e0 reelei\u00e7\u00e3o pelo PL","isPartOf":{"@id":"https:\/\/www.suno.com.br\/noticias\/#website"},"primaryImageOfPage":{"@id":"https:\/\/www.suno.com.br\/noticias\/bolsonaro-oficializa-candidatura-reeleicao-pl\/#primaryimage"},"image":{"@id":"https:\/\/www.suno.com.br\/noticias\/bolsonaro-oficializa-candidatura-reeleicao-pl\/#primaryimage"},"thumbnailUrl":"https:\/\/files.sunoresearch.com.br\/n\/uploads\/2022\/07\/Bolsonaro.jpg","datePublished":"2022-07-24T19:20:53+00:00","dateModified":"2022-07-24T20:05:42+00:00","description":"Em evento organizado pelo PL (Partido Liberal) no Maracan\u00e3zinho, no Rio de Janeiro, o presidente Jair Bolsonaro oficializou sua candidatura","breadcrumb":{"@id":"https:\/\/www.suno.com.br\/noticias\/bolsonaro-oficializa-candidatura-reeleicao-pl\/#breadcrumb"},"inLanguage":"pt-BR","potentialAction":[{"@type":"ReadAction","target":["https:\/\/www.suno.com.br\/noticias\/bolsonaro-oficializa-candidatura-reeleicao-pl\/"]}]},{"@type":"ImageObject","inLanguage":"pt-BR","@id":"https:\/\/www.suno.com.br\/noticias\/bolsonaro-oficializa-candidatura-reeleicao-pl\/#primaryimage","url":"https:\/\/files.sunoresearch.com.br\/n\/uploads\/2022\/07\/Bolsonaro.jpg","contentUrl":"https:\/\/files.sunoresearch.com.br\/n\/uploads\/2022\/07\/Bolsonaro.jpg","width":1350,"height":808,"caption":"Bolsonaro voltou a defender a taxa\u00e7\u00e3o de dividendos. Foto: Tomaz Silva\/Ag\u00eancia Brasil"},{"@type":"BreadcrumbList","@id":"https:\/\/www.suno.com.br\/noticias\/bolsonaro-oficializa-candidatura-reeleicao-pl\/#breadcrumb","itemListElement":[{"@type":"ListItem","position":1,"name":"Not\u00edcias","item":"https:\/\/www.suno.com.br\/noticias\/"},{"@type":"ListItem","position":2,"name":"Pol\u00edtica","item":"https:\/\/www.suno.com.br\/noticias\/politica\/"},{"@type":"ListItem","position":3,"name":"Bolsonaro oficializa candidatura \u00e0 reelei\u00e7\u00e3o pelo PL, com Braga Neto como vice"}]},{"@type":"WebSite","@id":"https:\/\/www.suno.com.br\/noticias\/#website","url":"https:\/\/www.suno.com.br\/noticias\/","name":"Suno Not\u00edcias","description":"Seu portal de informa\u00e7\u00e3o sobre o mundo dos investimentos","publisher":{"@id":"https:\/\/www.suno.com.br\/noticias\/#organization"},"potentialAction":[{"@type":"SearchAction","target":{"@type":"EntryPoint","urlTemplate":"https:\/\/www.suno.com.br\/noticias\/?s={search_term_string}"},"query-input":{"@type":"PropertyValueSpecification","valueRequired":true,"valueName":"search_term_string"}}],"inLanguage":"pt-BR"},{"@type":"Organization","@id":"https:\/\/www.suno.com.br\/noticias\/#organization","name":"Suno Not\u00edcias","url":"https:\/\/www.suno.com.br\/noticias\/","logo":{"@type":"ImageObject","inLanguage":"pt-BR","@id":"https:\/\/www.suno.com.br\/noticias\/#\/schema\/logo\/image\/","url":"https:\/\/files.sunoresearch.com.br\/n\/uploads\/2021\/09\/suno-logo.png","contentUrl":"https:\/\/files.sunoresearch.com.br\/n\/uploads\/2021\/09\/suno-logo.png","width":180,"height":180,"caption":"Suno Not\u00edcias"},"image":{"@id":"https:\/\/www.suno.com.br\/noticias\/#\/schema\/logo\/image\/"},"sameAs":["https:\/\/facebook.com\/sunoresearch","https:\/\/x.com\/sunoresearch","https:\/\/www.instagram.com\/suno","https:\/\/www.linkedin.com\/company\/suno-research\/","https:\/\/www.youtube.com\/c\/sunoresearch"]},{"@type":"Person","@id":"https:\/\/www.suno.com.br\/noticias\/#\/schema\/person\/829bbe8d57f84333b966b96229c6bf5f","name":"Marco Ant\u00f4nio Lopes","image":{"@type":"ImageObject","inLanguage":"pt-BR","@id":"https:\/\/www.suno.com.br\/noticias\/#\/schema\/person\/image\/","url":"https:\/\/secure.gravatar.com\/avatar\/385167b012fbc1cde32c5446ee253313?s=96&r=g","contentUrl":"https:\/\/secure.gravatar.com\/avatar\/385167b012fbc1cde32c5446ee253313?s=96&r=g","caption":"Marco Ant\u00f4nio Lopes"},"description":"Jornalista, \u00e9 editor no Suno Not\u00edcias. Trabalhou nas revistas Playboy, Super, Veja Comer &amp; Beber, Homem Vogue e Universo Masculino, al\u00e9m dos portais Abril.com, R7, nas editorias de Home, Esportes, Hora 7, Entretenimento e Geral, e Eu Quero Investir. Autor do livro Bruce Lee: Definitivo (Editora Conrad). Colaborou nas revistas Nova, Veja SP, Grandes Guerras, Placar, Bizz, Casa Claudia e Quatro Rodas.","url":"https:\/\/www.suno.com.br\/noticias\/author\/marco-lopes\/"}]}},"default_loop_html":"<div class=\"cardsPage__listCard__boxs\"><div class=\"cardsPage__listCard__boxs__img\"><a href=\"https:\/\/www.suno.com.br\/noticias\/bolsonaro-oficializa-candidatura-reeleicao-pl\/\"><img class=\"mask\" src=\"https:\/\/www.suno.com.br\/noticias\/wp-content\/themes\/suno\/resources\/images\/spotlight\/spotlight1img\/bg-mask.png\" alt=\"Image Mask\"\/><img src=\"https:\/\/files.sunoresearch.com.br\/n\/uploads\/2022\/07\/Bolsonaro-400x200.jpg\" alt=\"Bolsonaro oficializa candidatura \u00e0 reelei\u00e7\u00e3o pelo PL, com Braga Neto como vice\"\/><\/a><span class=\"spotlightCategory\"><a href=\"https:\/\/www.suno.com.br\/noticias\/politica\/\">Pol\u00edtica<\/a><\/span><\/div><div class=\"cardsPage__listCard__boxs__content\"><a href=\"https:\/\/www.suno.com.br\/noticias\/bolsonaro-oficializa-candidatura-reeleicao-pl\/\"><h2 class=\"content__title\">Bolsonaro oficializa candidatura \u00e0 reelei\u00e7\u00e3o pelo PL, com Braga Neto como vice<\/h2><\/a><div class=\"newsContent__article__meta\"><div class=\"newsContent__article__meta__authorBox\"><a href=\"https:\/\/www.suno.com.br\/noticias\/author\/marco-lopes\/\" class=\"authorBox__avatar noMobi\"><img src=\"https:\/\/secure.gravatar.com\/avatar\/385167b012fbc1cde32c5446ee253313?s=96&#038;r=g\" alt=\"Marco Ant\u00f4nio Lopes\"><\/a><div class=\"authorBox__name\"><span>por\n\t\t\t<a href=\"https:\/\/www.suno.com.br\/noticias\/author\/marco-lopes\/\"><span itemprop=\"author\">Marco Ant\u00f4nio Lopes<\/span><\/a><\/span><time datetime=\"2022-07-24T16:20:53-03:00\" itemprop=\"datePublished\">24\/07\/2022 16:20<\/time><\/div><\/div><\/div><\/div><\/div>","single_layout":"posts","amp_enabled":true,"_links":{"self":[{"href":"https:\/\/www.suno.com.br\/noticias\/wp-json\/wp\/v2\/posts\/278197"}],"collection":[{"href":"https:\/\/www.suno.com.br\/noticias\/wp-json\/wp\/v2\/posts"}],"about":[{"href":"https:\/\/www.suno.com.br\/noticias\/wp-json\/wp\/v2\/types\/post"}],"author":[{"embeddable":true,"href":"https:\/\/www.suno.com.br\/noticias\/wp-json\/wp\/v2\/users\/98"}],"replies":[{"embeddable":true,"href":"https:\/\/www.suno.com.br\/noticias\/wp-json\/wp\/v2\/comments?post=278197"}],"version-history":[{"count":2,"href":"https:\/\/www.suno.com.br\/noticias\/wp-json\/wp\/v2\/posts\/278197\/revisions"}],"predecessor-version":[{"id":278203,"href":"https:\/\/www.suno.com.br\/noticias\/wp-json\/wp\/v2\/posts\/278197\/revisions\/278203"}],"wp:featuredmedia":[{"embeddable":true,"href":"https:\/\/www.suno.com.br\/noticias\/wp-json\/wp\/v2\/media\/278202"}],"wp:attachment":[{"href":"https:\/\/www.suno.com.br\/noticias\/wp-json\/wp\/v2\/media?parent=278197"}],"wp:term":[{"taxonomy":"category","embeddable":true,"href":"https:\/\/www.suno.com.br\/noticias\/wp-json\/wp\/v2\/categories?post=278197"},{"taxonomy":"post_tag","embeddable":true,"href":"https:\/\/www.suno.com.br\/noticias\/wp-json\/wp\/v2\/tags?post=278197"},{"taxonomy":"suno_strategy","embeddable":true,"href":"https:\/\/www.suno.com.br\/noticias\/wp-json\/wp\/v2\/suno_strategy?post=278197"}],"curies":[{"name":"wp","href":"https:\/\/api.w.org\/{rel}","templated":true}]}}