{"id":27796,"date":"2019-06-11T09:10:55","date_gmt":"2019-06-11T12:10:55","guid":{"rendered":"https:\/\/www.suno.com.br\/noticias\/?p=27796"},"modified":"2021-02-17T20:08:26","modified_gmt":"2021-02-17T23:08:26","slug":"lula-stf-liberdade-julgamento","status":"publish","type":"post","link":"https:\/\/www.suno.com.br\/noticias\/lula-stf-liberdade-julgamento\/","title":{"rendered":"STF julga nesta ter\u00e7a-feira pedido de liberdade do ex-presidente Lula"},"content":{"rendered":"<p>A Segunda Turma do<strong> Supremo Tribunal Federal<\/strong> (<strong>STF<\/strong>) dever\u00e1 julgar, nesta ter\u00e7a-feira (11), um pedido\u00a0de<strong> liberdade<\/strong> do ex-presidente Luiz In\u00e1cio Lula da Silva. No recurso, a defesa do l\u00edder do Partido dos Trabalhadores (PT) contesta a decis\u00e3o do <strong>ministro <\/strong>do<strong> Superior Tribunal de Justi\u00e7a (STJ), Felix Fischer<\/strong>.<\/p>\t<div class=\"wrapper-featured-image\">\n\t\t<figure class=\"spotlightImg\">\n\n\t\t\t<picture>\n\t\t\t\t<source media=\"(max-width: 768px)\" srcset=\"https:\/\/files.sunoresearch.com.br\/n\/uploads\/2019\/06\/ffa57300-lula-stf-julgamento-liberdade-400x200.webp\">\n\t\t\t\t<img loading=\"lazy\" decoding=\"async\" class=\"newsContent__article__imgCapa lazyloadDisabled newsContent__article__imgCapa--noCaption\" src=\"https:\/\/files.sunoresearch.com.br\/n\/uploads\/2019\/06\/ffa57300-lula-stf-julgamento-liberdade-800x450.webp\" width=\"800\" height=\"450\" alt=\"STF julga nesta ter\u00e7a-feira pedido de liberdade do ex-presidente Lula\" fetchpriority=high \/>\n\t\t\t<\/picture>\n\n\t\t\t<figcaption class=\"wp-caption-text wp-caption-text--hide\">Lula<\/figcaption>\n\t\t<\/figure>\n\t<\/div>\n\n\n<p>Segundo os advogados de <strong>Lula,<\/strong> o magistrado\u00a0n\u00e3o deveria ter negado sozinho o pedido de absolvi\u00e7\u00e3o sobre o caso do <strong>triplex <\/strong>do<strong> Guaruj\u00e1<\/strong>. Eles apresentaram um habeas corpus que aponta a suspei\u00e7\u00e3o do ex-juiz federal e atual <strong>ministro da<\/strong> <strong>Justi\u00e7a, S\u00e9rgio Moro,<\/strong>\u00a0na atua\u00e7\u00e3o no processo no qual Lula foi condenado.<\/p>\n\t<p>\n\t\t<a href=\"https:\/\/lp.suno.com.br\/minicurso-contabilidade\/\" target=\"_blank\" data-element=\"shortcode-suno-banner\" title=\"Banner SUNO, clique e saiba mais\">\n\t\t\t<picture>\n\t\t\t\t<source media=\"(max-width: 500px)\" srcset=\"https:\/\/files.sunoresearch.com.br\/n\/uploads\/2023\/03\/400x300-Minicurso-Contabilidade.png\">\n\t\t\t\t<img class=\"newsContent__article__imgCapa newsContent__article__imgCapa--banner\"\n\t\t\t\t\tsrc=\"https:\/\/files.sunoresearch.com.br\/n\/uploads\/2023\/03\/1420x240-Minicurso-Contabilidade.png\"\n\t\t\t\t\tdata-promo-id=\"383158\"\t\t\t\t\t\t\t\t\t\twidth='1420' height='240'\t\t\t\t\talt=\"https:\/\/files.sunoresearch.com.br\/n\/uploads\/2023\/03\/1420x240-Minicurso-Contabilidade.png\"\n\t\t\t\t>\n\t\t\t<\/picture>\n\t\t<\/a>\n\t<\/p>\n\n\n<p>O caso estava em julgamento em abril no sistema digital do <strong>STF,<\/strong> o chamado &#8220;plen\u00e1rio virtual&#8221;.\u00a0 Um mecanismo em que os ministros votam virtualmente. No entanto, a pedido do ministro<strong> Gilmar Mendes,<\/strong> o caso ser\u00e1 transferido para julgamento no plen\u00e1rio f\u00edsico da Segunda Turma.<\/p>\n<p>Na noite da \u00faltima segunda-feira (10) o processo foi inclu\u00eddo na pauta de julgamentos pelo relator da Lava-Jato no <strong>STF,<\/strong> ministro Edson Fachin.<\/p>\n<p><a href=\"https:\/\/www.suno.com.br\/noticias\/defesa-lula-pena-regime-aberto-stj\/\">Saiba Mais:\u00a0Defesa de Lula pede ao STJ que ex-presidente cumpra pena em casa<\/a><\/p>\n<p>A <strong>Segunda Turma do STF<\/strong> \u00e9 composta pelos ministros <strong>Gilmar Mendes<\/strong>, <strong>Celso Mello<\/strong>, <strong>Ricardo Lewandowski<\/strong>, <strong>C\u00e1rmen L\u00facia<\/strong> e <strong>Edson Fachin<\/strong>.<\/p>\n<h2>Defesa cita mensagens de Moro com Dallagnol<\/h2>\n<p>A defesa de Lula utilizou como argumento as conversas divulgadas pelo site &#8220;The Intercept Brasil&#8221; entre o <strong>ministro S\u00e9rgio Moro<\/strong> e o <strong>procurador federal Deltan Dallagnol.<\/strong><\/p>\n\t<p>\n\t\t<a href=\"https:\/\/lp.suno.com.br\/ao\/sessao-estrategica-consultoria-c\/?utm_source=suno-noticias&#038;utm_medium=banner&#038;utm_campaign=_SNC36CE4E9F_&#038;utm_content=fundos-imobiliarios-ou-imoveis-onde-investir-500-mil-go\" target=\"_blank\" data-element=\"shortcode-suno-banner\" title=\"Banner SUNO, clique e saiba mais\">\n\t\t\t<picture>\n\t\t\t\t<source media=\"(max-width: 500px)\" srcset=\"https:\/\/files.sunoresearch.com.br\/n\/uploads\/2025\/09\/300x400.webp\">\n\t\t\t\t<img class=\"newsContent__article__imgCapa newsContent__article__imgCapa--banner\"\n\t\t\t\t\tsrc=\"https:\/\/files.sunoresearch.com.br\/n\/uploads\/2025\/09\/SN-DT-1420x240-1.webp\"\n\t\t\t\t\tdata-promo-id=\"635171\"\t\t\t\t\t\t\t\t\t\twidth='1420' height='240'\t\t\t\t\talt=\"https:\/\/files.sunoresearch.com.br\/n\/uploads\/2025\/09\/SN-DT-1420x240-1.webp\"\n\t\t\t\t>\n\t\t\t<\/picture>\n\t\t<\/a>\n\t<\/p>\n\n\n<p>O site publicou neste domingo (9) mensagens demonstraram uma colabora\u00e7\u00e3o entre ambos durante a <strong>opera\u00e7\u00e3o Lava-Jato<\/strong>. Os especialistas em direito afirmam que n\u00e3o h\u00e1 nenhuma<strong> ilegalidade<\/strong>, no entanto, o comportamento poderia configurar um <strong>desvio anti\u00e9tico<\/strong>.<\/p>\n<p><a href=\"https:\/\/www.suno.com.br\/noticias\/mensagens-colaboracao-dallagnol-moro\/\">Saiba Mais: Mensagens mostrariam colabora\u00e7\u00e3o entre Dallagnol e Moro, diz site<\/a><\/p>\n<p>Al\u00e9m de colabora\u00e7\u00e3o em quest\u00f5es ligadas a opera\u00e7\u00f5es policiais e casos em andamento, as conversas revelam a indigna\u00e7\u00e3o de <strong>Moro<\/strong> e <strong>Dallagnol<\/strong> sobre uma entrevista com o ex-presidente<strong> Lula<\/strong> solicitado pelo jornal &#8220;Folha de S.Paulo&#8221;.\u00a0 O <strong>STF<\/strong> havia autorizado a entrevista em outubro de 2018. Entretanto, essa autoriza\u00e7\u00e3o foi derrubada no mesmo dia pela pr\u00f3pria corte.<\/p>\n","protected":false},"excerpt":{"rendered":"<p>A Segunda Turma do Supremo Tribunal Federal (STF) dever\u00e1 julgar, nesta ter\u00e7a-feira (11), um pedido\u00a0de liberdade do ex-presidente Luiz In\u00e1cio Lula da Silva. No recurso, a defesa do l\u00edder do Partido dos Trabalhadores (PT) contesta a decis\u00e3o do ministro do Superior Tribunal de Justi\u00e7a (STJ), Felix Fischer. Lula Segundo os advogados de Lula, o magistrado\u00a0n\u00e3o [&hellip;]<\/p>\n","protected":false},"author":15,"featured_media":27800,"comment_status":"closed","ping_status":"closed","sticky":false,"template":"","format":"standard","meta":[],"categories":[61],"tags":[709,1914,1018,785],"suno_strategy":[],"class_list":["post-27796","post","type-post","status-publish","format-standard","has-post-thumbnail","hentry","category-politica","tag-lula","tag-operacao-lava-jato","tag-sergio-moro","tag-supremo-tribunal-federal-stf"],"yoast_head":"<!-- This site is optimized with the Yoast SEO plugin v24.4 - https:\/\/yoast.com\/wordpress\/plugins\/seo\/ -->\n<title>STF julga nesta ter\u00e7a-feira recurso de liberdade do ex-presidente Lula<\/title>\n<meta name=\"description\" content=\"A Segunda Turma do STF dever\u00e1 julgar, nesta ter\u00e7a-feira (11), um recurso de liberdade do ex-presidente Lula. Clique aqui e saiba mais.\" \/>\n<meta name=\"robots\" content=\"index, follow, max-snippet:-1, max-image-preview:large, max-video-preview:-1\" \/>\n<link rel=\"canonical\" href=\"https:\/\/www.suno.com.br\/noticias\/lula-stf-liberdade-julgamento\/\" \/>\n<meta property=\"og:locale\" content=\"pt_BR\" \/>\n<meta property=\"og:type\" content=\"article\" \/>\n<meta property=\"og:title\" content=\"STF julga nesta ter\u00e7a-feira recurso de liberdade do ex-presidente Lula\" \/>\n<meta property=\"og:description\" content=\"A Segunda Turma do STF dever\u00e1 julgar, nesta ter\u00e7a-feira (11), um recurso de liberdade do ex-presidente Lula. Clique aqui e saiba mais.\" \/>\n<meta property=\"og:url\" content=\"https:\/\/www.suno.com.br\/noticias\/lula-stf-liberdade-julgamento\/\" \/>\n<meta property=\"og:site_name\" content=\"Suno Not\u00edcias\" \/>\n<meta property=\"article:publisher\" content=\"https:\/\/facebook.com\/sunoresearch\" \/>\n<meta property=\"og:image\" content=\"https:\/\/files.sunoresearch.com.br\/n\/uploads\/2019\/06\/ffa57300-lula-stf-julgamento-liberdade.jpg\" \/>\n\t<meta property=\"og:image:width\" content=\"1140\" \/>\n\t<meta property=\"og:image:height\" content=\"760\" \/>\n\t<meta property=\"og:image:type\" content=\"image\/jpeg\" \/>\n<meta name=\"author\" content=\"Poliana Santos\" \/>\n<meta name=\"twitter:card\" content=\"summary_large_image\" \/>\n<meta name=\"twitter:creator\" content=\"@sunoresearch\" \/>\n<meta name=\"twitter:site\" content=\"@sunoresearch\" \/>\n<meta name=\"twitter:label1\" content=\"Escrito por\" \/>\n\t<meta name=\"twitter:data1\" content=\"Poliana Santos\" \/>\n\t<meta name=\"twitter:label2\" content=\"Est. tempo de leitura\" \/>\n\t<meta name=\"twitter:data2\" content=\"2 minutos\" \/>\n<script type=\"application\/ld+json\" class=\"yoast-schema-graph\">{\"@context\":\"https:\/\/schema.org\",\"@graph\":[{\"@type\":\"NewsArticle\",\"@id\":\"https:\/\/www.suno.com.br\/noticias\/lula-stf-liberdade-julgamento\/#article\",\"isPartOf\":{\"@id\":\"https:\/\/www.suno.com.br\/noticias\/lula-stf-liberdade-julgamento\/\"},\"author\":{\"name\":\"Poliana Santos\",\"@id\":\"https:\/\/www.suno.com.br\/noticias\/#\/schema\/person\/02ec1f752758247878a2bf4abee1aeda\"},\"headline\":\"STF julga nesta ter\u00e7a-feira pedido de liberdade do ex-presidente Lula\",\"datePublished\":\"2019-06-11T12:10:55+00:00\",\"dateModified\":\"2021-02-17T23:08:26+00:00\",\"mainEntityOfPage\":{\"@id\":\"https:\/\/www.suno.com.br\/noticias\/lula-stf-liberdade-julgamento\/\"},\"wordCount\":378,\"publisher\":{\"@id\":\"https:\/\/www.suno.com.br\/noticias\/#organization\"},\"image\":{\"@id\":\"https:\/\/www.suno.com.br\/noticias\/lula-stf-liberdade-julgamento\/#primaryimage\"},\"thumbnailUrl\":\"https:\/\/files.sunoresearch.com.br\/n\/uploads\/2019\/06\/ffa57300-lula-stf-julgamento-liberdade-jpg.webp\",\"keywords\":[\"Lula\",\"Opera\u00e7\u00e3o Lava Jato\",\"Sergio Moro\",\"Supremo Tribunal Federal (STF)\"],\"articleSection\":[\"Pol\u00edtica\"],\"inLanguage\":\"pt-BR\"},{\"@type\":\"WebPage\",\"@id\":\"https:\/\/www.suno.com.br\/noticias\/lula-stf-liberdade-julgamento\/\",\"url\":\"https:\/\/www.suno.com.br\/noticias\/lula-stf-liberdade-julgamento\/\",\"name\":\"STF julga nesta ter\u00e7a-feira recurso de liberdade do ex-presidente Lula\",\"isPartOf\":{\"@id\":\"https:\/\/www.suno.com.br\/noticias\/#website\"},\"primaryImageOfPage\":{\"@id\":\"https:\/\/www.suno.com.br\/noticias\/lula-stf-liberdade-julgamento\/#primaryimage\"},\"image\":{\"@id\":\"https:\/\/www.suno.com.br\/noticias\/lula-stf-liberdade-julgamento\/#primaryimage\"},\"thumbnailUrl\":\"https:\/\/files.sunoresearch.com.br\/n\/uploads\/2019\/06\/ffa57300-lula-stf-julgamento-liberdade-jpg.webp\",\"datePublished\":\"2019-06-11T12:10:55+00:00\",\"dateModified\":\"2021-02-17T23:08:26+00:00\",\"description\":\"A Segunda Turma do STF dever\u00e1 julgar, nesta ter\u00e7a-feira (11), um recurso de liberdade do ex-presidente Lula. Clique aqui e saiba mais.\",\"breadcrumb\":{\"@id\":\"https:\/\/www.suno.com.br\/noticias\/lula-stf-liberdade-julgamento\/#breadcrumb\"},\"inLanguage\":\"pt-BR\",\"potentialAction\":[{\"@type\":\"ReadAction\",\"target\":[\"https:\/\/www.suno.com.br\/noticias\/lula-stf-liberdade-julgamento\/\"]}]},{\"@type\":\"ImageObject\",\"inLanguage\":\"pt-BR\",\"@id\":\"https:\/\/www.suno.com.br\/noticias\/lula-stf-liberdade-julgamento\/#primaryimage\",\"url\":\"https:\/\/files.sunoresearch.com.br\/n\/uploads\/2019\/06\/ffa57300-lula-stf-julgamento-liberdade-jpg.webp\",\"contentUrl\":\"https:\/\/files.sunoresearch.com.br\/n\/uploads\/2019\/06\/ffa57300-lula-stf-julgamento-liberdade-jpg.webp\",\"width\":1140,\"height\":760,\"caption\":\"Lula\"},{\"@type\":\"BreadcrumbList\",\"@id\":\"https:\/\/www.suno.com.br\/noticias\/lula-stf-liberdade-julgamento\/#breadcrumb\",\"itemListElement\":[{\"@type\":\"ListItem\",\"position\":1,\"name\":\"Not\u00edcias\",\"item\":\"https:\/\/www.suno.com.br\/noticias\/\"},{\"@type\":\"ListItem\",\"position\":2,\"name\":\"Pol\u00edtica\",\"item\":\"https:\/\/www.suno.com.br\/noticias\/politica\/\"},{\"@type\":\"ListItem\",\"position\":3,\"name\":\"STF julga nesta ter\u00e7a-feira pedido de liberdade do ex-presidente Lula\"}]},{\"@type\":\"WebSite\",\"@id\":\"https:\/\/www.suno.com.br\/noticias\/#website\",\"url\":\"https:\/\/www.suno.com.br\/noticias\/\",\"name\":\"Suno Not\u00edcias\",\"description\":\"Seu portal de informa\u00e7\u00e3o sobre o mundo dos investimentos\",\"publisher\":{\"@id\":\"https:\/\/www.suno.com.br\/noticias\/#organization\"},\"potentialAction\":[{\"@type\":\"SearchAction\",\"target\":{\"@type\":\"EntryPoint\",\"urlTemplate\":\"https:\/\/www.suno.com.br\/noticias\/?s={search_term_string}\"},\"query-input\":{\"@type\":\"PropertyValueSpecification\",\"valueRequired\":true,\"valueName\":\"search_term_string\"}}],\"inLanguage\":\"pt-BR\"},{\"@type\":\"Organization\",\"@id\":\"https:\/\/www.suno.com.br\/noticias\/#organization\",\"name\":\"Suno Not\u00edcias\",\"url\":\"https:\/\/www.suno.com.br\/noticias\/\",\"logo\":{\"@type\":\"ImageObject\",\"inLanguage\":\"pt-BR\",\"@id\":\"https:\/\/www.suno.com.br\/noticias\/#\/schema\/logo\/image\/\",\"url\":\"https:\/\/files.sunoresearch.com.br\/n\/uploads\/2021\/09\/suno-logo.png\",\"contentUrl\":\"https:\/\/files.sunoresearch.com.br\/n\/uploads\/2021\/09\/suno-logo.png\",\"width\":180,\"height\":180,\"caption\":\"Suno Not\u00edcias\"},\"image\":{\"@id\":\"https:\/\/www.suno.com.br\/noticias\/#\/schema\/logo\/image\/\"},\"sameAs\":[\"https:\/\/facebook.com\/sunoresearch\",\"https:\/\/x.com\/sunoresearch\",\"https:\/\/www.instagram.com\/suno\",\"https:\/\/www.linkedin.com\/company\/suno-research\/\",\"https:\/\/www.youtube.com\/c\/sunoresearch\"]},{\"@type\":\"Person\",\"@id\":\"https:\/\/www.suno.com.br\/noticias\/#\/schema\/person\/02ec1f752758247878a2bf4abee1aeda\",\"name\":\"Poliana Santos\",\"image\":{\"@type\":\"ImageObject\",\"inLanguage\":\"pt-BR\",\"@id\":\"https:\/\/www.suno.com.br\/noticias\/#\/schema\/person\/image\/\",\"url\":\"https:\/\/secure.gravatar.com\/avatar\/0645bd32f23d87b2130f2b2dff1d3f8d?s=96&r=g\",\"contentUrl\":\"https:\/\/secure.gravatar.com\/avatar\/0645bd32f23d87b2130f2b2dff1d3f8d?s=96&r=g\",\"caption\":\"Poliana Santos\"},\"description\":\"Rep\u00f3rter no Suno Not\u00edcias, com cobertura em mercado financeiro, economia, finan\u00e7as pessoais, renda fixa e varejo. Jornalista formada pela Faculdade C\u00e1sper L\u00edbero e possui passagem na R\u00e1dio Gazeta AM com a produ\u00e7\u00e3o de conte\u00fado sobre economia, pol\u00edtica, sa\u00fade, moda e m\u00fasica. Possui certificado de conclus\u00e3o do curso de An\u00e1lise de Balan\u00e7os pela Funda\u00e7\u00e3o Bradesco, Agenda Brasil pela FAAP, Educa\u00e7\u00e3o Pol\u00edtica por Alexandre Garcia e do Tesouro Direto e Mercado de A\u00e7\u00f5es pela B3.\",\"url\":\"https:\/\/www.suno.com.br\/noticias\/author\/poliana-santos\/\"}]}<\/script>\n<!-- \/ Yoast SEO plugin. -->","yoast_head_json":{"title":"STF julga nesta ter\u00e7a-feira recurso de liberdade do ex-presidente Lula","description":"A Segunda Turma do STF dever\u00e1 julgar, nesta ter\u00e7a-feira (11), um recurso de liberdade do ex-presidente Lula. Clique aqui e saiba mais.","robots":{"index":"index","follow":"follow","max-snippet":"max-snippet:-1","max-image-preview":"max-image-preview:large","max-video-preview":"max-video-preview:-1"},"canonical":"https:\/\/www.suno.com.br\/noticias\/lula-stf-liberdade-julgamento\/","og_locale":"pt_BR","og_type":"article","og_title":"STF julga nesta ter\u00e7a-feira recurso de liberdade do ex-presidente Lula","og_description":"A Segunda Turma do STF dever\u00e1 julgar, nesta ter\u00e7a-feira (11), um recurso de liberdade do ex-presidente Lula. Clique aqui e saiba mais.","og_url":"https:\/\/www.suno.com.br\/noticias\/lula-stf-liberdade-julgamento\/","og_site_name":"Suno Not\u00edcias","article_publisher":"https:\/\/facebook.com\/sunoresearch","og_image":[{"width":1140,"height":760,"url":"https:\/\/files.sunoresearch.com.br\/n\/uploads\/2019\/06\/ffa57300-lula-stf-julgamento-liberdade.jpg","type":"image\/jpeg"}],"author":"Poliana Santos","twitter_card":"summary_large_image","twitter_creator":"@sunoresearch","twitter_site":"@sunoresearch","twitter_misc":{"Escrito por":"Poliana Santos","Est. tempo de leitura":"2 minutos"},"schema":{"@context":"https:\/\/schema.org","@graph":[{"@type":"NewsArticle","@id":"https:\/\/www.suno.com.br\/noticias\/lula-stf-liberdade-julgamento\/#article","isPartOf":{"@id":"https:\/\/www.suno.com.br\/noticias\/lula-stf-liberdade-julgamento\/"},"author":{"name":"Poliana Santos","@id":"https:\/\/www.suno.com.br\/noticias\/#\/schema\/person\/02ec1f752758247878a2bf4abee1aeda"},"headline":"STF julga nesta ter\u00e7a-feira pedido de liberdade do ex-presidente Lula","datePublished":"2019-06-11T12:10:55+00:00","dateModified":"2021-02-17T23:08:26+00:00","mainEntityOfPage":{"@id":"https:\/\/www.suno.com.br\/noticias\/lula-stf-liberdade-julgamento\/"},"wordCount":378,"publisher":{"@id":"https:\/\/www.suno.com.br\/noticias\/#organization"},"image":{"@id":"https:\/\/www.suno.com.br\/noticias\/lula-stf-liberdade-julgamento\/#primaryimage"},"thumbnailUrl":"https:\/\/files.sunoresearch.com.br\/n\/uploads\/2019\/06\/ffa57300-lula-stf-julgamento-liberdade-jpg.webp","keywords":["Lula","Opera\u00e7\u00e3o Lava Jato","Sergio Moro","Supremo Tribunal Federal (STF)"],"articleSection":["Pol\u00edtica"],"inLanguage":"pt-BR"},{"@type":"WebPage","@id":"https:\/\/www.suno.com.br\/noticias\/lula-stf-liberdade-julgamento\/","url":"https:\/\/www.suno.com.br\/noticias\/lula-stf-liberdade-julgamento\/","name":"STF julga nesta ter\u00e7a-feira recurso de liberdade do ex-presidente Lula","isPartOf":{"@id":"https:\/\/www.suno.com.br\/noticias\/#website"},"primaryImageOfPage":{"@id":"https:\/\/www.suno.com.br\/noticias\/lula-stf-liberdade-julgamento\/#primaryimage"},"image":{"@id":"https:\/\/www.suno.com.br\/noticias\/lula-stf-liberdade-julgamento\/#primaryimage"},"thumbnailUrl":"https:\/\/files.sunoresearch.com.br\/n\/uploads\/2019\/06\/ffa57300-lula-stf-julgamento-liberdade-jpg.webp","datePublished":"2019-06-11T12:10:55+00:00","dateModified":"2021-02-17T23:08:26+00:00","description":"A Segunda Turma do STF dever\u00e1 julgar, nesta ter\u00e7a-feira (11), um recurso de liberdade do ex-presidente Lula. Clique aqui e saiba mais.","breadcrumb":{"@id":"https:\/\/www.suno.com.br\/noticias\/lula-stf-liberdade-julgamento\/#breadcrumb"},"inLanguage":"pt-BR","potentialAction":[{"@type":"ReadAction","target":["https:\/\/www.suno.com.br\/noticias\/lula-stf-liberdade-julgamento\/"]}]},{"@type":"ImageObject","inLanguage":"pt-BR","@id":"https:\/\/www.suno.com.br\/noticias\/lula-stf-liberdade-julgamento\/#primaryimage","url":"https:\/\/files.sunoresearch.com.br\/n\/uploads\/2019\/06\/ffa57300-lula-stf-julgamento-liberdade-jpg.webp","contentUrl":"https:\/\/files.sunoresearch.com.br\/n\/uploads\/2019\/06\/ffa57300-lula-stf-julgamento-liberdade-jpg.webp","width":1140,"height":760,"caption":"Lula"},{"@type":"BreadcrumbList","@id":"https:\/\/www.suno.com.br\/noticias\/lula-stf-liberdade-julgamento\/#breadcrumb","itemListElement":[{"@type":"ListItem","position":1,"name":"Not\u00edcias","item":"https:\/\/www.suno.com.br\/noticias\/"},{"@type":"ListItem","position":2,"name":"Pol\u00edtica","item":"https:\/\/www.suno.com.br\/noticias\/politica\/"},{"@type":"ListItem","position":3,"name":"STF julga nesta ter\u00e7a-feira pedido de liberdade do ex-presidente Lula"}]},{"@type":"WebSite","@id":"https:\/\/www.suno.com.br\/noticias\/#website","url":"https:\/\/www.suno.com.br\/noticias\/","name":"Suno Not\u00edcias","description":"Seu portal de informa\u00e7\u00e3o sobre o mundo dos investimentos","publisher":{"@id":"https:\/\/www.suno.com.br\/noticias\/#organization"},"potentialAction":[{"@type":"SearchAction","target":{"@type":"EntryPoint","urlTemplate":"https:\/\/www.suno.com.br\/noticias\/?s={search_term_string}"},"query-input":{"@type":"PropertyValueSpecification","valueRequired":true,"valueName":"search_term_string"}}],"inLanguage":"pt-BR"},{"@type":"Organization","@id":"https:\/\/www.suno.com.br\/noticias\/#organization","name":"Suno Not\u00edcias","url":"https:\/\/www.suno.com.br\/noticias\/","logo":{"@type":"ImageObject","inLanguage":"pt-BR","@id":"https:\/\/www.suno.com.br\/noticias\/#\/schema\/logo\/image\/","url":"https:\/\/files.sunoresearch.com.br\/n\/uploads\/2021\/09\/suno-logo.png","contentUrl":"https:\/\/files.sunoresearch.com.br\/n\/uploads\/2021\/09\/suno-logo.png","width":180,"height":180,"caption":"Suno Not\u00edcias"},"image":{"@id":"https:\/\/www.suno.com.br\/noticias\/#\/schema\/logo\/image\/"},"sameAs":["https:\/\/facebook.com\/sunoresearch","https:\/\/x.com\/sunoresearch","https:\/\/www.instagram.com\/suno","https:\/\/www.linkedin.com\/company\/suno-research\/","https:\/\/www.youtube.com\/c\/sunoresearch"]},{"@type":"Person","@id":"https:\/\/www.suno.com.br\/noticias\/#\/schema\/person\/02ec1f752758247878a2bf4abee1aeda","name":"Poliana Santos","image":{"@type":"ImageObject","inLanguage":"pt-BR","@id":"https:\/\/www.suno.com.br\/noticias\/#\/schema\/person\/image\/","url":"https:\/\/secure.gravatar.com\/avatar\/0645bd32f23d87b2130f2b2dff1d3f8d?s=96&r=g","contentUrl":"https:\/\/secure.gravatar.com\/avatar\/0645bd32f23d87b2130f2b2dff1d3f8d?s=96&r=g","caption":"Poliana Santos"},"description":"Rep\u00f3rter no Suno Not\u00edcias, com cobertura em mercado financeiro, economia, finan\u00e7as pessoais, renda fixa e varejo. Jornalista formada pela Faculdade C\u00e1sper L\u00edbero e possui passagem na R\u00e1dio Gazeta AM com a produ\u00e7\u00e3o de conte\u00fado sobre economia, pol\u00edtica, sa\u00fade, moda e m\u00fasica. Possui certificado de conclus\u00e3o do curso de An\u00e1lise de Balan\u00e7os pela Funda\u00e7\u00e3o Bradesco, Agenda Brasil pela FAAP, Educa\u00e7\u00e3o Pol\u00edtica por Alexandre Garcia e do Tesouro Direto e Mercado de A\u00e7\u00f5es pela B3.","url":"https:\/\/www.suno.com.br\/noticias\/author\/poliana-santos\/"}]}},"default_loop_html":"<div class=\"cardsPage__listCard__boxs\"><div class=\"cardsPage__listCard__boxs__img\"><a href=\"https:\/\/www.suno.com.br\/noticias\/lula-stf-liberdade-julgamento\/\"><img class=\"mask\" src=\"https:\/\/www.suno.com.br\/noticias\/wp-content\/themes\/suno\/resources\/images\/spotlight\/spotlight1img\/bg-mask.png\" alt=\"Image Mask\"\/><img src=\"https:\/\/files.sunoresearch.com.br\/n\/uploads\/2019\/06\/ffa57300-lula-stf-julgamento-liberdade-400x200.webp\" alt=\"STF julga nesta ter\u00e7a-feira pedido de liberdade do ex-presidente Lula\"\/><\/a><span class=\"spotlightCategory\"><a href=\"https:\/\/www.suno.com.br\/noticias\/politica\/\">Pol\u00edtica<\/a><\/span><\/div><div class=\"cardsPage__listCard__boxs__content\"><a href=\"https:\/\/www.suno.com.br\/noticias\/lula-stf-liberdade-julgamento\/\"><h2 class=\"content__title\">STF julga nesta ter\u00e7a-feira pedido de liberdade do ex-presidente Lula<\/h2><\/a><div class=\"newsContent__article__meta\"><div class=\"newsContent__article__meta__authorBox\"><a href=\"https:\/\/www.suno.com.br\/noticias\/author\/poliana-santos\/\" class=\"authorBox__avatar noMobi\"><img src=\"https:\/\/files.sunoresearch.com.br\/n\/uploads\/2020\/08\/7ef34026-whatsapp-image-2020-08-03-at-12.37.57-150x150.webp\" alt=\"Poliana Santos\"><\/a><div class=\"authorBox__name\"><span>por\n\t\t\t<a href=\"https:\/\/www.suno.com.br\/noticias\/author\/poliana-santos\/\"><span itemprop=\"author\">Poliana Santos<\/span><\/a><\/span><time datetime=\"2019-06-11T09:10:55-03:00\" itemprop=\"datePublished\">11\/06\/2019 09:10<\/time><\/div><\/div><\/div><\/div><\/div>","single_layout":"posts","amp_enabled":true,"_links":{"self":[{"href":"https:\/\/www.suno.com.br\/noticias\/wp-json\/wp\/v2\/posts\/27796"}],"collection":[{"href":"https:\/\/www.suno.com.br\/noticias\/wp-json\/wp\/v2\/posts"}],"about":[{"href":"https:\/\/www.suno.com.br\/noticias\/wp-json\/wp\/v2\/types\/post"}],"author":[{"embeddable":true,"href":"https:\/\/www.suno.com.br\/noticias\/wp-json\/wp\/v2\/users\/15"}],"replies":[{"embeddable":true,"href":"https:\/\/www.suno.com.br\/noticias\/wp-json\/wp\/v2\/comments?post=27796"}],"version-history":[{"count":0,"href":"https:\/\/www.suno.com.br\/noticias\/wp-json\/wp\/v2\/posts\/27796\/revisions"}],"wp:featuredmedia":[{"embeddable":true,"href":"https:\/\/www.suno.com.br\/noticias\/wp-json\/wp\/v2\/media\/27800"}],"wp:attachment":[{"href":"https:\/\/www.suno.com.br\/noticias\/wp-json\/wp\/v2\/media?parent=27796"}],"wp:term":[{"taxonomy":"category","embeddable":true,"href":"https:\/\/www.suno.com.br\/noticias\/wp-json\/wp\/v2\/categories?post=27796"},{"taxonomy":"post_tag","embeddable":true,"href":"https:\/\/www.suno.com.br\/noticias\/wp-json\/wp\/v2\/tags?post=27796"},{"taxonomy":"suno_strategy","embeddable":true,"href":"https:\/\/www.suno.com.br\/noticias\/wp-json\/wp\/v2\/suno_strategy?post=27796"}],"curies":[{"name":"wp","href":"https:\/\/api.w.org\/{rel}","templated":true}]}}