{"id":27767,"date":"2019-06-10T16:55:28","date_gmt":"2019-06-10T19:55:28","guid":{"rendered":"https:\/\/www.suno.com.br\/noticias\/?p=27767"},"modified":"2019-06-10T18:43:08","modified_gmt":"2019-06-10T21:43:08","slug":"parecer-reforma-previdencia-relator","status":"publish","type":"post","link":"https:\/\/www.suno.com.br\/noticias\/parecer-reforma-previdencia-relator\/","title":{"rendered":"Parecer da reforma da Previd\u00eancia \u00e9 adiado para quinta-feira"},"content":{"rendered":"<p>O relator da <strong>comiss\u00e3o especial<\/strong> da reforma da Previd\u00eancia da <strong>C\u00e2mara<\/strong>, Samuel Moreira (PSDB-SP), afirmou no \u00faltimo domingo (9) que deve apresentar seu <strong>parecer<\/strong> na pr\u00f3xima <strong>quinta-feira<\/strong> (13). A informa\u00e7\u00e3o foi passada \u00e0 Imprensa ap\u00f3s encontro com o presidente da C\u00e2mara, Rodrigo Maia (DEM-RJ).<\/p>\t<div class=\"wrapper-featured-image\">\n\t\t<figure class=\"spotlightImg\">\n\n\t\t\t<picture>\n\t\t\t\t<source media=\"(max-width: 768px)\" srcset=\"https:\/\/files.sunoresearch.com.br\/n\/uploads\/2019\/04\/8daa98eb-samuel-moreira-400x200.webp\">\n\t\t\t\t<img loading=\"lazy\" decoding=\"async\" class=\"newsContent__article__imgCapa lazyloadDisabled newsContent__article__imgCapa--noCaption\" src=\"https:\/\/files.sunoresearch.com.br\/n\/uploads\/2019\/04\/8daa98eb-samuel-moreira-jpg.webp\" width=\"800\" height=\"450\" alt=\"Parecer da reforma da Previd\u00eancia \u00e9 adiado para quinta-feira\" fetchpriority=high \/>\n\t\t\t<\/picture>\n\n\t\t\t<figcaption class=\"wp-caption-text wp-caption-text--hide\">Relator da reforma da Previd\u00eancia estuda retirar aumento de CSLL da Bolsa<\/figcaption>\n\t\t<\/figure>\n\t<\/div>\n\n\n<p>&#8220;Ideia \u00e9 essa [apresentar o parecer na quinta-feira]. Vamos conversar com os <strong>governadores<\/strong> na ter\u00e7a-feira (11), vamos procurar ouvi-los. \u00c9 importante ouvi-los, fazer esfor\u00e7o pra isso. Isso amplia o n\u00famero de deputados em torno do relat\u00f3rio, em torno da reforma, isso vai melhorar bastante (o apoio)&#8221;, afirmou o relator da <strong>reforma da Previd\u00eancia<\/strong>.<\/p>\n\t<p>\n\t\t<a href=\"https:\/\/lp.suno.com.br\/minicurso-investindo-fiis\/\" target=\"_blank\" data-element=\"shortcode-suno-banner\" title=\"Banner SUNO, clique e saiba mais\">\n\t\t\t<picture>\n\t\t\t\t<source media=\"(max-width: 500px)\" srcset=\"https:\/\/files.sunoresearch.com.br\/n\/uploads\/2023\/03\/400x300-Minicurso-FIIS.png\">\n\t\t\t\t<img class=\"newsContent__article__imgCapa newsContent__article__imgCapa--banner\"\n\t\t\t\t\tsrc=\"https:\/\/files.sunoresearch.com.br\/n\/uploads\/2023\/03\/1420x240-Minicurso-FIIS.png\"\n\t\t\t\t\tdata-promo-id=\"383125\"\t\t\t\t\t\t\t\t\t\twidth='1420' height='240'\t\t\t\t\talt=\"https:\/\/files.sunoresearch.com.br\/n\/uploads\/2023\/03\/1420x240-Minicurso-FIIS.png\"\n\t\t\t\t>\n\t\t\t<\/picture>\n\t\t<\/a>\n\t<\/p>\n\n\n<p>&#8220;Quanto ao calend\u00e1rio, sempre trabalhamos com o dia 15 [de junho, na comiss\u00e3o especial]. Estamos dentro do prazo que o presidente [Rodrigo Maia] pediu para que possa ser votada em julho a <strong>reforma da Previd\u00eancia<\/strong>. O presidente est\u00e1 confiante na forma\u00e7\u00e3o de uma maioria para votar em julho. N\u00e3o altera nada [o calend\u00e1rio] a leitura [do parecer] na quinta-feira&#8221;, completou Moreira.<\/p>\n<p>&#8220;\u00c9 importante ter\u00e7a e quarta para construir ainda mais <strong>votos<\/strong>, para consolidar ainda mais com a ades\u00e3o dos <strong>governadores<\/strong> que ainda est\u00e3o contra&#8221;, argumentou o peessedebista.<\/p>\n<p>Deste modo, o adiamento da apresenta\u00e7\u00e3o do <strong>parecer<\/strong> n\u00e3o deve atrapalhar o cronograma por Maia, conforme Moreira. Assim, a <strong>Proposta de Emenda Constitucional\u00a0<\/strong>(PEC) previdenci\u00e1ria\u00a0deve ser votada em plen\u00e1rio da Casa at\u00e9 o fim de julho, de acordo com a expectativa de Maia.<\/p>\n<p><a href=\"https:\/\/www.suno.com.br\/noticias\/reforma-da-previdencia-lider-bolsonaro\/\">Saiba mais &#8211;\u00a0Reforma da Previd\u00eancia: L\u00edder de governo do PSL e Bolsonaro se re\u00fanem\u00a0<\/a><\/p>\n<h2>Acr\u00e9scimo no texto da reforma da Previd\u00eancia<\/h2>\n<p>&#8220;H\u00e1 uma possibilidade de se <strong>incluir<\/strong> mais uma regra al\u00e9m das que t\u00eam. E tudo o que for feito tem que ser para todos, especialmente para os do regime geral. A ideia \u00e9 mais uma alternativa para o trabalhador&#8221;, informou Samuel Moreira.<\/p>\n<p>O relator da <strong>comiss\u00e3o especial<\/strong> da reforma da Previd\u00eancia contou que h\u00e1 a discuss\u00e3o referente \u00e0 inclus\u00e3o de uma quarta <strong>regra de transi\u00e7\u00e3o<\/strong>. Tal regra valeria tanto para o <strong>regime geral<\/strong>, quanto para os <strong>servidores p\u00fablicos<\/strong>.<\/p>\n<p>&#8220;Se houver regra de transi\u00e7\u00e3o, \u00e9 mais uma al\u00e9m do que o governo apresentou. Se for para construir apoio, ser\u00e1 mais uma alternativa para os trabalhadores&#8221;, explicou o relator da <strong>reforma da Previd\u00eancia<\/strong>, sem detalhar.<\/p>\n","protected":false},"excerpt":{"rendered":"<p>O relator da comiss\u00e3o especial da reforma da Previd\u00eancia da C\u00e2mara, Samuel Moreira (PSDB-SP), afirmou no \u00faltimo domingo (9) que deve apresentar seu parecer na pr\u00f3xima quinta-feira (13). A informa\u00e7\u00e3o foi passada \u00e0 Imprensa ap\u00f3s encontro com o presidente da C\u00e2mara, Rodrigo Maia (DEM-RJ). Relator da reforma da Previd\u00eancia estuda retirar aumento de CSLL da [&hellip;]<\/p>\n","protected":false},"author":12,"featured_media":22450,"comment_status":"closed","ping_status":"closed","sticky":false,"template":"","format":"standard","meta":[],"categories":[61],"tags":[938,940],"suno_strategy":[],"class_list":["post-27767","post","type-post","status-publish","format-standard","has-post-thumbnail","hentry","category-politica","tag-camara-dos-deputados","tag-reforma-da-previdencia"],"yoast_head":"<!-- This site is optimized with the Yoast SEO plugin v24.4 - https:\/\/yoast.com\/wordpress\/plugins\/seo\/ -->\n<title>Parecer da reforma da Previd\u00eancia \u00e9 adiado para quinta-feira<\/title>\n<meta name=\"description\" content=\"O parecer da reforma da Previd\u00eancia deve ser apresentado na pr\u00f3xima quinta-feira (13), de acordo com o relator. Clique para saber mais.\" \/>\n<meta name=\"robots\" content=\"index, follow, max-snippet:-1, max-image-preview:large, max-video-preview:-1\" \/>\n<link rel=\"canonical\" href=\"https:\/\/www.suno.com.br\/noticias\/parecer-reforma-previdencia-relator\/\" \/>\n<meta property=\"og:locale\" content=\"pt_BR\" \/>\n<meta property=\"og:type\" content=\"article\" \/>\n<meta property=\"og:title\" content=\"Parecer da reforma da Previd\u00eancia \u00e9 adiado para quinta-feira\" \/>\n<meta property=\"og:description\" content=\"O parecer da reforma da Previd\u00eancia deve ser apresentado na pr\u00f3xima quinta-feira (13), de acordo com o relator. Clique para saber mais.\" \/>\n<meta property=\"og:url\" content=\"https:\/\/www.suno.com.br\/noticias\/parecer-reforma-previdencia-relator\/\" \/>\n<meta property=\"og:site_name\" content=\"Suno Not\u00edcias\" \/>\n<meta property=\"article:publisher\" content=\"https:\/\/facebook.com\/sunoresearch\" \/>\n<meta property=\"og:image\" content=\"https:\/\/files.sunoresearch.com.br\/n\/uploads\/2019\/04\/8daa98eb-samuel-moreira.jpg\" \/>\n\t<meta property=\"og:image:width\" content=\"680\" \/>\n\t<meta property=\"og:image:height\" content=\"453\" \/>\n\t<meta property=\"og:image:type\" content=\"image\/jpeg\" \/>\n<meta name=\"author\" content=\"Amanda Gushiken\" \/>\n<meta name=\"twitter:card\" content=\"summary_large_image\" \/>\n<meta name=\"twitter:creator\" content=\"@sunoresearch\" \/>\n<meta name=\"twitter:site\" content=\"@sunoresearch\" \/>\n<meta name=\"twitter:label1\" content=\"Escrito por\" \/>\n\t<meta name=\"twitter:data1\" content=\"Amanda Gushiken\" \/>\n\t<meta name=\"twitter:label2\" content=\"Est. tempo de leitura\" \/>\n\t<meta name=\"twitter:data2\" content=\"2 minutos\" \/>\n<script type=\"application\/ld+json\" class=\"yoast-schema-graph\">{\"@context\":\"https:\/\/schema.org\",\"@graph\":[{\"@type\":\"NewsArticle\",\"@id\":\"https:\/\/www.suno.com.br\/noticias\/parecer-reforma-previdencia-relator\/#article\",\"isPartOf\":{\"@id\":\"https:\/\/www.suno.com.br\/noticias\/parecer-reforma-previdencia-relator\/\"},\"author\":{\"name\":\"Amanda Gushiken\",\"@id\":\"https:\/\/www.suno.com.br\/noticias\/#\/schema\/person\/a5b06fa4e879d8e8e119c6ed3cd630d1\"},\"headline\":\"Parecer da reforma da Previd\u00eancia \u00e9 adiado para quinta-feira\",\"datePublished\":\"2019-06-10T19:55:28+00:00\",\"dateModified\":\"2019-06-10T21:43:08+00:00\",\"mainEntityOfPage\":{\"@id\":\"https:\/\/www.suno.com.br\/noticias\/parecer-reforma-previdencia-relator\/\"},\"wordCount\":405,\"publisher\":{\"@id\":\"https:\/\/www.suno.com.br\/noticias\/#organization\"},\"image\":{\"@id\":\"https:\/\/www.suno.com.br\/noticias\/parecer-reforma-previdencia-relator\/#primaryimage\"},\"thumbnailUrl\":\"https:\/\/files.sunoresearch.com.br\/n\/uploads\/2019\/04\/8daa98eb-samuel-moreira-jpg.webp\",\"keywords\":[\"C\u00e2mara dos Deputados\",\"Reforma da Previd\u00eancia\"],\"articleSection\":[\"Pol\u00edtica\"],\"inLanguage\":\"pt-BR\"},{\"@type\":\"WebPage\",\"@id\":\"https:\/\/www.suno.com.br\/noticias\/parecer-reforma-previdencia-relator\/\",\"url\":\"https:\/\/www.suno.com.br\/noticias\/parecer-reforma-previdencia-relator\/\",\"name\":\"Parecer da reforma da Previd\u00eancia \u00e9 adiado para quinta-feira\",\"isPartOf\":{\"@id\":\"https:\/\/www.suno.com.br\/noticias\/#website\"},\"primaryImageOfPage\":{\"@id\":\"https:\/\/www.suno.com.br\/noticias\/parecer-reforma-previdencia-relator\/#primaryimage\"},\"image\":{\"@id\":\"https:\/\/www.suno.com.br\/noticias\/parecer-reforma-previdencia-relator\/#primaryimage\"},\"thumbnailUrl\":\"https:\/\/files.sunoresearch.com.br\/n\/uploads\/2019\/04\/8daa98eb-samuel-moreira-jpg.webp\",\"datePublished\":\"2019-06-10T19:55:28+00:00\",\"dateModified\":\"2019-06-10T21:43:08+00:00\",\"description\":\"O parecer da reforma da Previd\u00eancia deve ser apresentado na pr\u00f3xima quinta-feira (13), de acordo com o relator. Clique para saber mais.\",\"breadcrumb\":{\"@id\":\"https:\/\/www.suno.com.br\/noticias\/parecer-reforma-previdencia-relator\/#breadcrumb\"},\"inLanguage\":\"pt-BR\",\"potentialAction\":[{\"@type\":\"ReadAction\",\"target\":[\"https:\/\/www.suno.com.br\/noticias\/parecer-reforma-previdencia-relator\/\"]}]},{\"@type\":\"ImageObject\",\"inLanguage\":\"pt-BR\",\"@id\":\"https:\/\/www.suno.com.br\/noticias\/parecer-reforma-previdencia-relator\/#primaryimage\",\"url\":\"https:\/\/files.sunoresearch.com.br\/n\/uploads\/2019\/04\/8daa98eb-samuel-moreira-jpg.webp\",\"contentUrl\":\"https:\/\/files.sunoresearch.com.br\/n\/uploads\/2019\/04\/8daa98eb-samuel-moreira-jpg.webp\",\"width\":680,\"height\":453,\"caption\":\"Relator da reforma da Previd\u00eancia estuda retirar aumento de CSLL da Bolsa\"},{\"@type\":\"BreadcrumbList\",\"@id\":\"https:\/\/www.suno.com.br\/noticias\/parecer-reforma-previdencia-relator\/#breadcrumb\",\"itemListElement\":[{\"@type\":\"ListItem\",\"position\":1,\"name\":\"Not\u00edcias\",\"item\":\"https:\/\/www.suno.com.br\/noticias\/\"},{\"@type\":\"ListItem\",\"position\":2,\"name\":\"Pol\u00edtica\",\"item\":\"https:\/\/www.suno.com.br\/noticias\/politica\/\"},{\"@type\":\"ListItem\",\"position\":3,\"name\":\"Parecer da reforma da Previd\u00eancia \u00e9 adiado para quinta-feira\"}]},{\"@type\":\"WebSite\",\"@id\":\"https:\/\/www.suno.com.br\/noticias\/#website\",\"url\":\"https:\/\/www.suno.com.br\/noticias\/\",\"name\":\"Suno Not\u00edcias\",\"description\":\"Seu portal de informa\u00e7\u00e3o sobre o mundo dos investimentos\",\"publisher\":{\"@id\":\"https:\/\/www.suno.com.br\/noticias\/#organization\"},\"potentialAction\":[{\"@type\":\"SearchAction\",\"target\":{\"@type\":\"EntryPoint\",\"urlTemplate\":\"https:\/\/www.suno.com.br\/noticias\/?s={search_term_string}\"},\"query-input\":{\"@type\":\"PropertyValueSpecification\",\"valueRequired\":true,\"valueName\":\"search_term_string\"}}],\"inLanguage\":\"pt-BR\"},{\"@type\":\"Organization\",\"@id\":\"https:\/\/www.suno.com.br\/noticias\/#organization\",\"name\":\"Suno Not\u00edcias\",\"url\":\"https:\/\/www.suno.com.br\/noticias\/\",\"logo\":{\"@type\":\"ImageObject\",\"inLanguage\":\"pt-BR\",\"@id\":\"https:\/\/www.suno.com.br\/noticias\/#\/schema\/logo\/image\/\",\"url\":\"https:\/\/files.sunoresearch.com.br\/n\/uploads\/2021\/09\/suno-logo.png\",\"contentUrl\":\"https:\/\/files.sunoresearch.com.br\/n\/uploads\/2021\/09\/suno-logo.png\",\"width\":180,\"height\":180,\"caption\":\"Suno Not\u00edcias\"},\"image\":{\"@id\":\"https:\/\/www.suno.com.br\/noticias\/#\/schema\/logo\/image\/\"},\"sameAs\":[\"https:\/\/facebook.com\/sunoresearch\",\"https:\/\/x.com\/sunoresearch\",\"https:\/\/www.instagram.com\/suno\",\"https:\/\/www.linkedin.com\/company\/suno-research\/\",\"https:\/\/www.youtube.com\/c\/sunoresearch\"]},{\"@type\":\"Person\",\"@id\":\"https:\/\/www.suno.com.br\/noticias\/#\/schema\/person\/a5b06fa4e879d8e8e119c6ed3cd630d1\",\"name\":\"Amanda Gushiken\",\"image\":{\"@type\":\"ImageObject\",\"inLanguage\":\"pt-BR\",\"@id\":\"https:\/\/www.suno.com.br\/noticias\/#\/schema\/person\/image\/\",\"url\":\"https:\/\/secure.gravatar.com\/avatar\/ecd84705e6b65e3685ae80d725501fbe?s=96&r=g\",\"contentUrl\":\"https:\/\/secure.gravatar.com\/avatar\/ecd84705e6b65e3685ae80d725501fbe?s=96&r=g\",\"caption\":\"Amanda Gushiken\"},\"description\":\"Amanda Sayuri Gushiken escreve sobre finan\u00e7as e neg\u00f3cios para o portal Suno Not\u00edcias. Antes, trabalhou selecionando not\u00edcias da imprensa para clientes do mercado financeiro. Tamb\u00e9m desenvolveu pesquisa acad\u00eamica pela Universidade Anhembi Morumbi na \u00e1rea de Teorias da Comunica\u00e7\u00e3o e \u00e9 fot\u00f3grafa nas horas vagas.\",\"url\":\"https:\/\/www.suno.com.br\/noticias\/author\/amanda\/\"}]}<\/script>\n<!-- \/ Yoast SEO plugin. -->","yoast_head_json":{"title":"Parecer da reforma da Previd\u00eancia \u00e9 adiado para quinta-feira","description":"O parecer da reforma da Previd\u00eancia deve ser apresentado na pr\u00f3xima quinta-feira (13), de acordo com o relator. Clique para saber mais.","robots":{"index":"index","follow":"follow","max-snippet":"max-snippet:-1","max-image-preview":"max-image-preview:large","max-video-preview":"max-video-preview:-1"},"canonical":"https:\/\/www.suno.com.br\/noticias\/parecer-reforma-previdencia-relator\/","og_locale":"pt_BR","og_type":"article","og_title":"Parecer da reforma da Previd\u00eancia \u00e9 adiado para quinta-feira","og_description":"O parecer da reforma da Previd\u00eancia deve ser apresentado na pr\u00f3xima quinta-feira (13), de acordo com o relator. Clique para saber mais.","og_url":"https:\/\/www.suno.com.br\/noticias\/parecer-reforma-previdencia-relator\/","og_site_name":"Suno Not\u00edcias","article_publisher":"https:\/\/facebook.com\/sunoresearch","og_image":[{"width":680,"height":453,"url":"https:\/\/files.sunoresearch.com.br\/n\/uploads\/2019\/04\/8daa98eb-samuel-moreira.jpg","type":"image\/jpeg"}],"author":"Amanda Gushiken","twitter_card":"summary_large_image","twitter_creator":"@sunoresearch","twitter_site":"@sunoresearch","twitter_misc":{"Escrito por":"Amanda Gushiken","Est. tempo de leitura":"2 minutos"},"schema":{"@context":"https:\/\/schema.org","@graph":[{"@type":"NewsArticle","@id":"https:\/\/www.suno.com.br\/noticias\/parecer-reforma-previdencia-relator\/#article","isPartOf":{"@id":"https:\/\/www.suno.com.br\/noticias\/parecer-reforma-previdencia-relator\/"},"author":{"name":"Amanda Gushiken","@id":"https:\/\/www.suno.com.br\/noticias\/#\/schema\/person\/a5b06fa4e879d8e8e119c6ed3cd630d1"},"headline":"Parecer da reforma da Previd\u00eancia \u00e9 adiado para quinta-feira","datePublished":"2019-06-10T19:55:28+00:00","dateModified":"2019-06-10T21:43:08+00:00","mainEntityOfPage":{"@id":"https:\/\/www.suno.com.br\/noticias\/parecer-reforma-previdencia-relator\/"},"wordCount":405,"publisher":{"@id":"https:\/\/www.suno.com.br\/noticias\/#organization"},"image":{"@id":"https:\/\/www.suno.com.br\/noticias\/parecer-reforma-previdencia-relator\/#primaryimage"},"thumbnailUrl":"https:\/\/files.sunoresearch.com.br\/n\/uploads\/2019\/04\/8daa98eb-samuel-moreira-jpg.webp","keywords":["C\u00e2mara dos Deputados","Reforma da Previd\u00eancia"],"articleSection":["Pol\u00edtica"],"inLanguage":"pt-BR"},{"@type":"WebPage","@id":"https:\/\/www.suno.com.br\/noticias\/parecer-reforma-previdencia-relator\/","url":"https:\/\/www.suno.com.br\/noticias\/parecer-reforma-previdencia-relator\/","name":"Parecer da reforma da Previd\u00eancia \u00e9 adiado para quinta-feira","isPartOf":{"@id":"https:\/\/www.suno.com.br\/noticias\/#website"},"primaryImageOfPage":{"@id":"https:\/\/www.suno.com.br\/noticias\/parecer-reforma-previdencia-relator\/#primaryimage"},"image":{"@id":"https:\/\/www.suno.com.br\/noticias\/parecer-reforma-previdencia-relator\/#primaryimage"},"thumbnailUrl":"https:\/\/files.sunoresearch.com.br\/n\/uploads\/2019\/04\/8daa98eb-samuel-moreira-jpg.webp","datePublished":"2019-06-10T19:55:28+00:00","dateModified":"2019-06-10T21:43:08+00:00","description":"O parecer da reforma da Previd\u00eancia deve ser apresentado na pr\u00f3xima quinta-feira (13), de acordo com o relator. Clique para saber mais.","breadcrumb":{"@id":"https:\/\/www.suno.com.br\/noticias\/parecer-reforma-previdencia-relator\/#breadcrumb"},"inLanguage":"pt-BR","potentialAction":[{"@type":"ReadAction","target":["https:\/\/www.suno.com.br\/noticias\/parecer-reforma-previdencia-relator\/"]}]},{"@type":"ImageObject","inLanguage":"pt-BR","@id":"https:\/\/www.suno.com.br\/noticias\/parecer-reforma-previdencia-relator\/#primaryimage","url":"https:\/\/files.sunoresearch.com.br\/n\/uploads\/2019\/04\/8daa98eb-samuel-moreira-jpg.webp","contentUrl":"https:\/\/files.sunoresearch.com.br\/n\/uploads\/2019\/04\/8daa98eb-samuel-moreira-jpg.webp","width":680,"height":453,"caption":"Relator da reforma da Previd\u00eancia estuda retirar aumento de CSLL da Bolsa"},{"@type":"BreadcrumbList","@id":"https:\/\/www.suno.com.br\/noticias\/parecer-reforma-previdencia-relator\/#breadcrumb","itemListElement":[{"@type":"ListItem","position":1,"name":"Not\u00edcias","item":"https:\/\/www.suno.com.br\/noticias\/"},{"@type":"ListItem","position":2,"name":"Pol\u00edtica","item":"https:\/\/www.suno.com.br\/noticias\/politica\/"},{"@type":"ListItem","position":3,"name":"Parecer da reforma da Previd\u00eancia \u00e9 adiado para quinta-feira"}]},{"@type":"WebSite","@id":"https:\/\/www.suno.com.br\/noticias\/#website","url":"https:\/\/www.suno.com.br\/noticias\/","name":"Suno Not\u00edcias","description":"Seu portal de informa\u00e7\u00e3o sobre o mundo dos investimentos","publisher":{"@id":"https:\/\/www.suno.com.br\/noticias\/#organization"},"potentialAction":[{"@type":"SearchAction","target":{"@type":"EntryPoint","urlTemplate":"https:\/\/www.suno.com.br\/noticias\/?s={search_term_string}"},"query-input":{"@type":"PropertyValueSpecification","valueRequired":true,"valueName":"search_term_string"}}],"inLanguage":"pt-BR"},{"@type":"Organization","@id":"https:\/\/www.suno.com.br\/noticias\/#organization","name":"Suno Not\u00edcias","url":"https:\/\/www.suno.com.br\/noticias\/","logo":{"@type":"ImageObject","inLanguage":"pt-BR","@id":"https:\/\/www.suno.com.br\/noticias\/#\/schema\/logo\/image\/","url":"https:\/\/files.sunoresearch.com.br\/n\/uploads\/2021\/09\/suno-logo.png","contentUrl":"https:\/\/files.sunoresearch.com.br\/n\/uploads\/2021\/09\/suno-logo.png","width":180,"height":180,"caption":"Suno Not\u00edcias"},"image":{"@id":"https:\/\/www.suno.com.br\/noticias\/#\/schema\/logo\/image\/"},"sameAs":["https:\/\/facebook.com\/sunoresearch","https:\/\/x.com\/sunoresearch","https:\/\/www.instagram.com\/suno","https:\/\/www.linkedin.com\/company\/suno-research\/","https:\/\/www.youtube.com\/c\/sunoresearch"]},{"@type":"Person","@id":"https:\/\/www.suno.com.br\/noticias\/#\/schema\/person\/a5b06fa4e879d8e8e119c6ed3cd630d1","name":"Amanda Gushiken","image":{"@type":"ImageObject","inLanguage":"pt-BR","@id":"https:\/\/www.suno.com.br\/noticias\/#\/schema\/person\/image\/","url":"https:\/\/secure.gravatar.com\/avatar\/ecd84705e6b65e3685ae80d725501fbe?s=96&r=g","contentUrl":"https:\/\/secure.gravatar.com\/avatar\/ecd84705e6b65e3685ae80d725501fbe?s=96&r=g","caption":"Amanda Gushiken"},"description":"Amanda Sayuri Gushiken escreve sobre finan\u00e7as e neg\u00f3cios para o portal Suno Not\u00edcias. Antes, trabalhou selecionando not\u00edcias da imprensa para clientes do mercado financeiro. Tamb\u00e9m desenvolveu pesquisa acad\u00eamica pela Universidade Anhembi Morumbi na \u00e1rea de Teorias da Comunica\u00e7\u00e3o e \u00e9 fot\u00f3grafa nas horas vagas.","url":"https:\/\/www.suno.com.br\/noticias\/author\/amanda\/"}]}},"default_loop_html":"<div class=\"cardsPage__listCard__boxs\"><div class=\"cardsPage__listCard__boxs__img\"><a href=\"https:\/\/www.suno.com.br\/noticias\/parecer-reforma-previdencia-relator\/\"><img class=\"mask\" src=\"https:\/\/www.suno.com.br\/noticias\/wp-content\/themes\/suno\/resources\/images\/spotlight\/spotlight1img\/bg-mask.png\" alt=\"Image Mask\"\/><img src=\"https:\/\/files.sunoresearch.com.br\/n\/uploads\/2019\/04\/8daa98eb-samuel-moreira-400x200.webp\" alt=\"Parecer da reforma da Previd\u00eancia \u00e9 adiado para quinta-feira\"\/><\/a><span class=\"spotlightCategory\"><a href=\"https:\/\/www.suno.com.br\/noticias\/politica\/\">Pol\u00edtica<\/a><\/span><\/div><div class=\"cardsPage__listCard__boxs__content\"><a href=\"https:\/\/www.suno.com.br\/noticias\/parecer-reforma-previdencia-relator\/\"><h2 class=\"content__title\">Parecer da reforma da Previd\u00eancia \u00e9 adiado para quinta-feira<\/h2><\/a><div class=\"newsContent__article__meta\"><div class=\"newsContent__article__meta__authorBox\"><a href=\"https:\/\/www.suno.com.br\/noticias\/author\/amanda\/\" class=\"authorBox__avatar noMobi\"><img src=\"https:\/\/files.sunoresearch.com.br\/n\/uploads\/2018\/11\/c6ad30be-amanda-150x150.webp\" alt=\"Amanda Gushiken\"><\/a><div class=\"authorBox__name\"><span>por\n\t\t\t<a href=\"https:\/\/www.suno.com.br\/noticias\/author\/amanda\/\"><span itemprop=\"author\">Amanda Gushiken<\/span><\/a><\/span><time datetime=\"2019-06-10T16:55:28-03:00\" itemprop=\"datePublished\">10\/06\/2019 16:55<\/time><\/div><\/div><\/div><\/div><\/div>","single_layout":"posts","amp_enabled":true,"_links":{"self":[{"href":"https:\/\/www.suno.com.br\/noticias\/wp-json\/wp\/v2\/posts\/27767"}],"collection":[{"href":"https:\/\/www.suno.com.br\/noticias\/wp-json\/wp\/v2\/posts"}],"about":[{"href":"https:\/\/www.suno.com.br\/noticias\/wp-json\/wp\/v2\/types\/post"}],"author":[{"embeddable":true,"href":"https:\/\/www.suno.com.br\/noticias\/wp-json\/wp\/v2\/users\/12"}],"replies":[{"embeddable":true,"href":"https:\/\/www.suno.com.br\/noticias\/wp-json\/wp\/v2\/comments?post=27767"}],"version-history":[{"count":0,"href":"https:\/\/www.suno.com.br\/noticias\/wp-json\/wp\/v2\/posts\/27767\/revisions"}],"wp:featuredmedia":[{"embeddable":true,"href":"https:\/\/www.suno.com.br\/noticias\/wp-json\/wp\/v2\/media\/22450"}],"wp:attachment":[{"href":"https:\/\/www.suno.com.br\/noticias\/wp-json\/wp\/v2\/media?parent=27767"}],"wp:term":[{"taxonomy":"category","embeddable":true,"href":"https:\/\/www.suno.com.br\/noticias\/wp-json\/wp\/v2\/categories?post=27767"},{"taxonomy":"post_tag","embeddable":true,"href":"https:\/\/www.suno.com.br\/noticias\/wp-json\/wp\/v2\/tags?post=27767"},{"taxonomy":"suno_strategy","embeddable":true,"href":"https:\/\/www.suno.com.br\/noticias\/wp-json\/wp\/v2\/suno_strategy?post=27767"}],"curies":[{"name":"wp","href":"https:\/\/api.w.org\/{rel}","templated":true}]}}