{"id":27766,"date":"2019-06-10T16:42:31","date_gmt":"2019-06-10T19:42:31","guid":{"rendered":"https:\/\/www.suno.com.br\/noticias\/?p=27766"},"modified":"2019-06-10T16:42:31","modified_gmt":"2019-06-10T19:42:31","slug":"anac-areas-brasileiras-prejuizo","status":"publish","type":"post","link":"https:\/\/www.suno.com.br\/noticias\/anac-areas-brasileiras-prejuizo\/","title":{"rendered":"Anac: a\u00e9reas brasileiras registraram preju\u00edzo de R$1,9 bi em 2018"},"content":{"rendered":"<p>As principais <strong>companhias \u00e1reas<\/strong> do Brasil registraram um preju\u00edzo de R$ 1,9 bilh\u00e3o em 2018. A informa\u00e7\u00e3o foi divulgada nesta segunda-feira (10) pela <strong>Ag\u00eancia Nacional de Avia\u00e7\u00e3o Civil <\/strong>(Anac). As quatro companhias \u00e1reas analisadas pelo \u00f3rg\u00e3o de controle a\u00e9reo foram a <strong>Latam,<\/strong> a <strong>Gol,<\/strong> a <strong>Azul<\/strong> e a <strong>Avianca.<\/strong><\/p>\t<div class=\"wrapper-featured-image\">\n\t\t<figure class=\"spotlightImg\">\n\n\t\t\t<picture>\n\t\t\t\t<source media=\"(max-width: 768px)\" srcset=\"https:\/\/files.sunoresearch.com.br\/n\/uploads\/2018\/11\/c13e1461-anac-400x200.webp\">\n\t\t\t\t<img loading=\"lazy\" decoding=\"async\" class=\"newsContent__article__imgCapa lazyloadDisabled newsContent__article__imgCapa--noCaption\" src=\"https:\/\/files.sunoresearch.com.br\/n\/uploads\/2018\/11\/c13e1461-anac-800x450.webp\" width=\"800\" height=\"450\" alt=\"Anac: a\u00e9reas brasileiras registraram preju\u00edzo de R$1,9 bi em 2018\" fetchpriority=high \/>\n\t\t\t<\/picture>\n\n\t\t\t<figcaption class=\"wp-caption-text wp-caption-text--hide\">Anac relata preju\u00edzo de R$1,9 bilh\u00e3o das a\u00e9reas brasileiras <\/figcaption>\n\t\t<\/figure>\n\t<\/div>\n\n\n<p>Segundo o relat\u00f3rio divulgado pela <strong>Anac,<\/strong> o lucro das companhias \u00e1reas no \u00faltimo trimestre de 2018 foi de R$ 107 milh\u00f5es. No mesmo per\u00edodo em 2017, o lucro tinha sido de R$ 492,5 milh\u00f5es. Estes dados mostram uma queda no desempenho das empresas a\u00e9reas nos \u00faltimos tr\u00eas meses de 2018.<\/p>\n<p><a href=\"https:\/\/www.suno.com.br\/noticias\/anac-suspende-operacoes-avianc\/\">Saiba mais: Anac suspende todos os voos e opera\u00e7\u00f5es da Avianca Brasil\u00a0<\/a><\/p>\n<h2>Resultados negativos da companhias a\u00e9reas<\/h2>\n<p>A <strong>Gol<\/strong> registrou um <strong>lucro<\/strong> l\u00edquido de R$ 1,17 bilh\u00e3o no ano passado, em compara\u00e7\u00e3o ao lucro de R$ 41,6 milh\u00f5es registrado em 2017. A <strong>Azul<\/strong> tamb\u00e9m sofreu redu\u00e7\u00e3o no lucro, obtendo R$170,2 milh\u00f5es no ano passado, contra R$29,2 milh\u00f5es do mesmo per\u00edodo de 2017.<\/p>\n\t<p>\n\t\t<a href=\"https:\/\/lp2.suno.com.br\/cl\/black-friday-2025\/?utm_campaign=_SNCDF0E4858_\" target=\"_blank\" data-element=\"shortcode-suno-banner\" title=\"Banner SUNO, clique e saiba mais\">\n\t\t\t<picture>\n\t\t\t\t<source media=\"(max-width: 500px)\" srcset=\"https:\/\/files.sunoresearch.com.br\/n\/uploads\/2025\/10\/Artigos-e-Noticias-Banner-Home-artigos-01-Mobile_-400x300-1-png.webp\">\n\t\t\t\t<img class=\"newsContent__article__imgCapa newsContent__article__imgCapa--banner\"\n\t\t\t\t\tsrc=\"https:\/\/files.sunoresearch.com.br\/n\/uploads\/2025\/10\/Artigos-e-Noticias-Banner-Home-artigos-01-Desktop_-1420x240-1-png.webp\"\n\t\t\t\t\tdata-promo-id=\"311259\"\t\t\t\t\t\t\t\t\t\twidth='1420' height='240'\t\t\t\t\talt=\"https:\/\/files.sunoresearch.com.br\/n\/uploads\/2025\/10\/Artigos-e-Noticias-Banner-Home-artigos-01-Desktop_-1420x240-1-png.webp\"\n\t\t\t\t>\n\t\t\t<\/picture>\n\t\t<\/a>\n\t<\/p>\n\n\n<p>A <strong>Latam<\/strong> apresentou preju\u00edzo de R$ 442,9 milh\u00f5es em 2018, e lucro de R$ 120,5 milh\u00f5es em 2017. J\u00e1 a <strong>Avianca<\/strong> sofreu preju\u00edzo de R$ 491,9 milh\u00f5es no \u00faltimo ano, comparado ao lucro de R$ 41,6 milh\u00f5es obtido em 2017.<\/p>\n<p>Segundo a <strong>Anac,<\/strong> a receita operacional das <strong>companhias \u00e1reas\u00a0<\/strong>registrou um\u00a0crescimento de 15,3%\u00a0em 2018 em compara\u00e7\u00e3o ao ano anterior. O valor atingido foi de R$ 40,7 bilh\u00f5es no ano passado.<\/p>\n<p><a href=\"https:\/\/www.suno.com.br\/noticias\/avianca-leilao-anac\/\">Saiba mais: Anac se posiciona contra venda de slots como ativos da Avianca<\/a><\/p>\n<p>O acr\u00e9scimo de 25,2% nos custos dos servi\u00e7os prestados se refletiu na queda do lucro bruto das empresas. Em 2018, o lucro de R$ 4,7 bilh\u00f5es representou uma queda em rela\u00e7\u00e3o aos R$ 6,5 bilh\u00f5es obtidos em 2017.<\/p>\n\t<p>\n\t\t<a href=\"https:\/\/lp.suno.com.br\/cl\/impacto-tarifas-trump\/?utm_source=sunoresearch&#038;utm_medium=banner.noticias&#038;utm_campaign=_SNC903E88AA_\" target=\"_blank\" data-element=\"shortcode-suno-banner\" title=\"Banner SUNO, clique e saiba mais\">\n\t\t\t<picture>\n\t\t\t\t<source media=\"(max-width: 500px)\" srcset=\"https:\/\/files.sunoresearch.com.br\/n\/uploads\/2025\/07\/trump-mobile.webp\">\n\t\t\t\t<img class=\"newsContent__article__imgCapa newsContent__article__imgCapa--banner\"\n\t\t\t\t\tsrc=\"https:\/\/files.sunoresearch.com.br\/n\/uploads\/2025\/07\/trump-banner-desktop.webp\"\n\t\t\t\t\tdata-promo-id=\"613126\"\t\t\t\t\t\t\t\t\t\twidth='1000' height='325'\t\t\t\t\talt=\"https:\/\/files.sunoresearch.com.br\/n\/uploads\/2025\/07\/trump-banner-desktop.webp\"\n\t\t\t\t>\n\t\t\t<\/picture>\n\t\t<\/a>\n\t<\/p>\n\n\n<h2>D\u00f3lar em alta e querosene mais caro<\/h2>\n<p>O aumento do pre\u00e7o do querosene e a desvaloriza\u00e7\u00e3o do real em refer\u00eancia ao <strong>d\u00f3lar<\/strong> tamb\u00e9m incidiram sobre os custos. A cota\u00e7\u00e3o da moeda norte-americana atingiu diretamente o pre\u00e7o do combust\u00edvel e a manuten\u00e7\u00e3o das <strong>aeronaves.<\/strong><\/p>\n<p><a href=\"https:\/\/www.suno.com.br\/noticias\/air-europa-anac-voos\/\">Saiba mais: Air Europa recebe autoriza\u00e7\u00e3o da Anac para operar voos dom\u00e9sticos\u00a0<\/a><\/p>\n<p>A <strong>Anac<\/strong> ainda divulgou que a tarifa m\u00e9dia dos voos dom\u00e9sticos durante o primeiro trimestre de 2019 sofreu uma redu\u00e7\u00e3o de 1,3% em rela\u00e7\u00e3o ao valor m\u00e9dio registrado em 2018. A <strong>Avianca,<\/strong> entre as quatro maiores companhias \u00e1reas do Pa\u00eds, foi a que registrou maior reajuste no pre\u00e7o m\u00e9dio da tarifa. O valor do aumento nas passagens da companhia a\u00e9rea corresponde a 9,2%.<\/p>\n","protected":false},"excerpt":{"rendered":"<p>As principais companhias \u00e1reas do Brasil registraram um preju\u00edzo de R$ 1,9 bilh\u00e3o em 2018. A informa\u00e7\u00e3o foi divulgada nesta segunda-feira (10) pela Ag\u00eancia Nacional de Avia\u00e7\u00e3o Civil (Anac). As quatro companhias \u00e1reas analisadas pelo \u00f3rg\u00e3o de controle a\u00e9reo foram a Latam, a Gol, a Azul e a Avianca. Anac relata preju\u00edzo de R$1,9 bilh\u00e3o [&hellip;]<\/p>\n","protected":false},"author":18,"featured_media":7211,"comment_status":"closed","ping_status":"closed","sticky":false,"template":"","format":"standard","meta":[],"categories":[64],"tags":[1013,840,106932,489,739],"suno_strategy":[],"class_list":["post-27766","post","type-post","status-publish","format-standard","has-post-thumbnail","hentry","category-negocios","tag-anac","tag-avianca","tag-azul-azul4","tag-gol-linhas-aereas-goll11-goll4","tag-latam"],"yoast_head":"<!-- This site is optimized with the Yoast SEO plugin v24.4 - https:\/\/yoast.com\/wordpress\/plugins\/seo\/ -->\n<title>Anac: a\u00e9reas brasileiras registraram preju\u00edzo de R$1,9 bi em 2018<\/title>\n<meta name=\"description\" content=\"A Anac informou que as principais companhias \u00e1reas do Brasil registraram um preju\u00edzo de R$ 1,9 bilh\u00e3o em 2018. Clique aqui para saber mais.\" \/>\n<meta name=\"robots\" content=\"index, follow, max-snippet:-1, max-image-preview:large, max-video-preview:-1\" \/>\n<link rel=\"canonical\" href=\"https:\/\/www.suno.com.br\/noticias\/anac-areas-brasileiras-prejuizo\/\" \/>\n<meta property=\"og:locale\" content=\"pt_BR\" \/>\n<meta property=\"og:type\" content=\"article\" \/>\n<meta property=\"og:title\" content=\"Anac: a\u00e9reas brasileiras registraram preju\u00edzo de R$1,9 bi em 2018\" \/>\n<meta property=\"og:description\" content=\"A Anac informou que as principais companhias \u00e1reas do Brasil registraram um preju\u00edzo de R$ 1,9 bilh\u00e3o em 2018. Clique aqui para saber mais.\" \/>\n<meta property=\"og:url\" content=\"https:\/\/www.suno.com.br\/noticias\/anac-areas-brasileiras-prejuizo\/\" \/>\n<meta property=\"og:site_name\" content=\"Suno Not\u00edcias\" \/>\n<meta property=\"article:publisher\" content=\"https:\/\/facebook.com\/sunoresearch\" \/>\n<meta property=\"og:image\" content=\"https:\/\/files.sunoresearch.com.br\/n\/uploads\/2018\/11\/c13e1461-anac.jpg\" \/>\n\t<meta property=\"og:image:width\" content=\"1920\" \/>\n\t<meta property=\"og:image:height\" content=\"1317\" \/>\n\t<meta property=\"og:image:type\" content=\"image\/jpeg\" \/>\n<meta name=\"author\" content=\"Giovanna Oliveira\" \/>\n<meta name=\"twitter:card\" content=\"summary_large_image\" \/>\n<meta name=\"twitter:creator\" content=\"@sunoresearch\" \/>\n<meta name=\"twitter:site\" content=\"@sunoresearch\" \/>\n<meta name=\"twitter:label1\" content=\"Escrito por\" \/>\n\t<meta name=\"twitter:data1\" content=\"Giovanna Oliveira\" \/>\n\t<meta name=\"twitter:label2\" content=\"Est. tempo de leitura\" \/>\n\t<meta name=\"twitter:data2\" content=\"2 minutos\" \/>\n<script type=\"application\/ld+json\" class=\"yoast-schema-graph\">{\"@context\":\"https:\/\/schema.org\",\"@graph\":[{\"@type\":\"NewsArticle\",\"@id\":\"https:\/\/www.suno.com.br\/noticias\/anac-areas-brasileiras-prejuizo\/#article\",\"isPartOf\":{\"@id\":\"https:\/\/www.suno.com.br\/noticias\/anac-areas-brasileiras-prejuizo\/\"},\"author\":{\"name\":\"Giovanna Oliveira\",\"@id\":\"https:\/\/www.suno.com.br\/noticias\/#\/schema\/person\/4e19e3d2575736e5283d58eb3199d120\"},\"headline\":\"Anac: a\u00e9reas brasileiras registraram preju\u00edzo de R$1,9 bi em 2018\",\"datePublished\":\"2019-06-10T19:42:31+00:00\",\"mainEntityOfPage\":{\"@id\":\"https:\/\/www.suno.com.br\/noticias\/anac-areas-brasileiras-prejuizo\/\"},\"wordCount\":446,\"publisher\":{\"@id\":\"https:\/\/www.suno.com.br\/noticias\/#organization\"},\"image\":{\"@id\":\"https:\/\/www.suno.com.br\/noticias\/anac-areas-brasileiras-prejuizo\/#primaryimage\"},\"thumbnailUrl\":\"https:\/\/files.sunoresearch.com.br\/n\/uploads\/2018\/11\/c13e1461-anac-jpg.webp\",\"keywords\":[\"Anac\",\"Avianca\",\"Azul (AZUL4)\",\"Gol Linhas A\u00e9reas (GOLL11\/GOLL4)\",\"Latam\"],\"articleSection\":[\"Neg\u00f3cios\"],\"inLanguage\":\"pt-BR\"},{\"@type\":\"WebPage\",\"@id\":\"https:\/\/www.suno.com.br\/noticias\/anac-areas-brasileiras-prejuizo\/\",\"url\":\"https:\/\/www.suno.com.br\/noticias\/anac-areas-brasileiras-prejuizo\/\",\"name\":\"Anac: a\u00e9reas brasileiras registraram preju\u00edzo de R$1,9 bi em 2018\",\"isPartOf\":{\"@id\":\"https:\/\/www.suno.com.br\/noticias\/#website\"},\"primaryImageOfPage\":{\"@id\":\"https:\/\/www.suno.com.br\/noticias\/anac-areas-brasileiras-prejuizo\/#primaryimage\"},\"image\":{\"@id\":\"https:\/\/www.suno.com.br\/noticias\/anac-areas-brasileiras-prejuizo\/#primaryimage\"},\"thumbnailUrl\":\"https:\/\/files.sunoresearch.com.br\/n\/uploads\/2018\/11\/c13e1461-anac-jpg.webp\",\"datePublished\":\"2019-06-10T19:42:31+00:00\",\"description\":\"A Anac informou que as principais companhias \u00e1reas do Brasil registraram um preju\u00edzo de R$ 1,9 bilh\u00e3o em 2018. Clique aqui para saber mais.\",\"breadcrumb\":{\"@id\":\"https:\/\/www.suno.com.br\/noticias\/anac-areas-brasileiras-prejuizo\/#breadcrumb\"},\"inLanguage\":\"pt-BR\",\"potentialAction\":[{\"@type\":\"ReadAction\",\"target\":[\"https:\/\/www.suno.com.br\/noticias\/anac-areas-brasileiras-prejuizo\/\"]}]},{\"@type\":\"ImageObject\",\"inLanguage\":\"pt-BR\",\"@id\":\"https:\/\/www.suno.com.br\/noticias\/anac-areas-brasileiras-prejuizo\/#primaryimage\",\"url\":\"https:\/\/files.sunoresearch.com.br\/n\/uploads\/2018\/11\/c13e1461-anac-jpg.webp\",\"contentUrl\":\"https:\/\/files.sunoresearch.com.br\/n\/uploads\/2018\/11\/c13e1461-anac-jpg.webp\",\"width\":1920,\"height\":1317,\"caption\":\"Anac relata preju\u00edzo de R$1,9 bilh\u00e3o das a\u00e9reas brasileiras\"},{\"@type\":\"BreadcrumbList\",\"@id\":\"https:\/\/www.suno.com.br\/noticias\/anac-areas-brasileiras-prejuizo\/#breadcrumb\",\"itemListElement\":[{\"@type\":\"ListItem\",\"position\":1,\"name\":\"Not\u00edcias\",\"item\":\"https:\/\/www.suno.com.br\/noticias\/\"},{\"@type\":\"ListItem\",\"position\":2,\"name\":\"Neg\u00f3cios\",\"item\":\"https:\/\/www.suno.com.br\/noticias\/negocios\/\"},{\"@type\":\"ListItem\",\"position\":3,\"name\":\"Anac: a\u00e9reas brasileiras registraram preju\u00edzo de R$1,9 bi em 2018\"}]},{\"@type\":\"WebSite\",\"@id\":\"https:\/\/www.suno.com.br\/noticias\/#website\",\"url\":\"https:\/\/www.suno.com.br\/noticias\/\",\"name\":\"Suno Not\u00edcias\",\"description\":\"Seu portal de informa\u00e7\u00e3o sobre o mundo dos investimentos\",\"publisher\":{\"@id\":\"https:\/\/www.suno.com.br\/noticias\/#organization\"},\"potentialAction\":[{\"@type\":\"SearchAction\",\"target\":{\"@type\":\"EntryPoint\",\"urlTemplate\":\"https:\/\/www.suno.com.br\/noticias\/?s={search_term_string}\"},\"query-input\":{\"@type\":\"PropertyValueSpecification\",\"valueRequired\":true,\"valueName\":\"search_term_string\"}}],\"inLanguage\":\"pt-BR\"},{\"@type\":\"Organization\",\"@id\":\"https:\/\/www.suno.com.br\/noticias\/#organization\",\"name\":\"Suno Not\u00edcias\",\"url\":\"https:\/\/www.suno.com.br\/noticias\/\",\"logo\":{\"@type\":\"ImageObject\",\"inLanguage\":\"pt-BR\",\"@id\":\"https:\/\/www.suno.com.br\/noticias\/#\/schema\/logo\/image\/\",\"url\":\"https:\/\/files.sunoresearch.com.br\/n\/uploads\/2021\/09\/suno-logo.png\",\"contentUrl\":\"https:\/\/files.sunoresearch.com.br\/n\/uploads\/2021\/09\/suno-logo.png\",\"width\":180,\"height\":180,\"caption\":\"Suno Not\u00edcias\"},\"image\":{\"@id\":\"https:\/\/www.suno.com.br\/noticias\/#\/schema\/logo\/image\/\"},\"sameAs\":[\"https:\/\/facebook.com\/sunoresearch\",\"https:\/\/x.com\/sunoresearch\",\"https:\/\/www.instagram.com\/suno\",\"https:\/\/www.linkedin.com\/company\/suno-research\/\",\"https:\/\/www.youtube.com\/c\/sunoresearch\"]},{\"@type\":\"Person\",\"@id\":\"https:\/\/www.suno.com.br\/noticias\/#\/schema\/person\/4e19e3d2575736e5283d58eb3199d120\",\"name\":\"Giovanna Oliveira\",\"image\":{\"@type\":\"ImageObject\",\"inLanguage\":\"pt-BR\",\"@id\":\"https:\/\/www.suno.com.br\/noticias\/#\/schema\/person\/image\/\",\"url\":\"https:\/\/secure.gravatar.com\/avatar\/9a37b3ae208962ac568992d0ffdbc2eb?s=96&r=g\",\"contentUrl\":\"https:\/\/secure.gravatar.com\/avatar\/9a37b3ae208962ac568992d0ffdbc2eb?s=96&r=g\",\"caption\":\"Giovanna Oliveira\"},\"description\":\"Giovanna Oliveira escreve sobre economia e pol\u00edtica. Foi rep\u00f3rter do portal de jornalismo da ESPM-SP e produziu conte\u00fado para a Corinthians TV. \u00c9 estudante da ESPM.\",\"url\":\"https:\/\/www.suno.com.br\/noticias\/author\/giovanna\/\"}]}<\/script>\n<!-- \/ Yoast SEO plugin. -->","yoast_head_json":{"title":"Anac: a\u00e9reas brasileiras registraram preju\u00edzo de R$1,9 bi em 2018","description":"A Anac informou que as principais companhias \u00e1reas do Brasil registraram um preju\u00edzo de R$ 1,9 bilh\u00e3o em 2018. Clique aqui para saber mais.","robots":{"index":"index","follow":"follow","max-snippet":"max-snippet:-1","max-image-preview":"max-image-preview:large","max-video-preview":"max-video-preview:-1"},"canonical":"https:\/\/www.suno.com.br\/noticias\/anac-areas-brasileiras-prejuizo\/","og_locale":"pt_BR","og_type":"article","og_title":"Anac: a\u00e9reas brasileiras registraram preju\u00edzo de R$1,9 bi em 2018","og_description":"A Anac informou que as principais companhias \u00e1reas do Brasil registraram um preju\u00edzo de R$ 1,9 bilh\u00e3o em 2018. Clique aqui para saber mais.","og_url":"https:\/\/www.suno.com.br\/noticias\/anac-areas-brasileiras-prejuizo\/","og_site_name":"Suno Not\u00edcias","article_publisher":"https:\/\/facebook.com\/sunoresearch","og_image":[{"width":1920,"height":1317,"url":"https:\/\/files.sunoresearch.com.br\/n\/uploads\/2018\/11\/c13e1461-anac.jpg","type":"image\/jpeg"}],"author":"Giovanna Oliveira","twitter_card":"summary_large_image","twitter_creator":"@sunoresearch","twitter_site":"@sunoresearch","twitter_misc":{"Escrito por":"Giovanna Oliveira","Est. tempo de leitura":"2 minutos"},"schema":{"@context":"https:\/\/schema.org","@graph":[{"@type":"NewsArticle","@id":"https:\/\/www.suno.com.br\/noticias\/anac-areas-brasileiras-prejuizo\/#article","isPartOf":{"@id":"https:\/\/www.suno.com.br\/noticias\/anac-areas-brasileiras-prejuizo\/"},"author":{"name":"Giovanna Oliveira","@id":"https:\/\/www.suno.com.br\/noticias\/#\/schema\/person\/4e19e3d2575736e5283d58eb3199d120"},"headline":"Anac: a\u00e9reas brasileiras registraram preju\u00edzo de R$1,9 bi em 2018","datePublished":"2019-06-10T19:42:31+00:00","mainEntityOfPage":{"@id":"https:\/\/www.suno.com.br\/noticias\/anac-areas-brasileiras-prejuizo\/"},"wordCount":446,"publisher":{"@id":"https:\/\/www.suno.com.br\/noticias\/#organization"},"image":{"@id":"https:\/\/www.suno.com.br\/noticias\/anac-areas-brasileiras-prejuizo\/#primaryimage"},"thumbnailUrl":"https:\/\/files.sunoresearch.com.br\/n\/uploads\/2018\/11\/c13e1461-anac-jpg.webp","keywords":["Anac","Avianca","Azul (AZUL4)","Gol Linhas A\u00e9reas (GOLL11\/GOLL4)","Latam"],"articleSection":["Neg\u00f3cios"],"inLanguage":"pt-BR"},{"@type":"WebPage","@id":"https:\/\/www.suno.com.br\/noticias\/anac-areas-brasileiras-prejuizo\/","url":"https:\/\/www.suno.com.br\/noticias\/anac-areas-brasileiras-prejuizo\/","name":"Anac: a\u00e9reas brasileiras registraram preju\u00edzo de R$1,9 bi em 2018","isPartOf":{"@id":"https:\/\/www.suno.com.br\/noticias\/#website"},"primaryImageOfPage":{"@id":"https:\/\/www.suno.com.br\/noticias\/anac-areas-brasileiras-prejuizo\/#primaryimage"},"image":{"@id":"https:\/\/www.suno.com.br\/noticias\/anac-areas-brasileiras-prejuizo\/#primaryimage"},"thumbnailUrl":"https:\/\/files.sunoresearch.com.br\/n\/uploads\/2018\/11\/c13e1461-anac-jpg.webp","datePublished":"2019-06-10T19:42:31+00:00","description":"A Anac informou que as principais companhias \u00e1reas do Brasil registraram um preju\u00edzo de R$ 1,9 bilh\u00e3o em 2018. Clique aqui para saber mais.","breadcrumb":{"@id":"https:\/\/www.suno.com.br\/noticias\/anac-areas-brasileiras-prejuizo\/#breadcrumb"},"inLanguage":"pt-BR","potentialAction":[{"@type":"ReadAction","target":["https:\/\/www.suno.com.br\/noticias\/anac-areas-brasileiras-prejuizo\/"]}]},{"@type":"ImageObject","inLanguage":"pt-BR","@id":"https:\/\/www.suno.com.br\/noticias\/anac-areas-brasileiras-prejuizo\/#primaryimage","url":"https:\/\/files.sunoresearch.com.br\/n\/uploads\/2018\/11\/c13e1461-anac-jpg.webp","contentUrl":"https:\/\/files.sunoresearch.com.br\/n\/uploads\/2018\/11\/c13e1461-anac-jpg.webp","width":1920,"height":1317,"caption":"Anac relata preju\u00edzo de R$1,9 bilh\u00e3o das a\u00e9reas brasileiras"},{"@type":"BreadcrumbList","@id":"https:\/\/www.suno.com.br\/noticias\/anac-areas-brasileiras-prejuizo\/#breadcrumb","itemListElement":[{"@type":"ListItem","position":1,"name":"Not\u00edcias","item":"https:\/\/www.suno.com.br\/noticias\/"},{"@type":"ListItem","position":2,"name":"Neg\u00f3cios","item":"https:\/\/www.suno.com.br\/noticias\/negocios\/"},{"@type":"ListItem","position":3,"name":"Anac: a\u00e9reas brasileiras registraram preju\u00edzo de R$1,9 bi em 2018"}]},{"@type":"WebSite","@id":"https:\/\/www.suno.com.br\/noticias\/#website","url":"https:\/\/www.suno.com.br\/noticias\/","name":"Suno Not\u00edcias","description":"Seu portal de informa\u00e7\u00e3o sobre o mundo dos investimentos","publisher":{"@id":"https:\/\/www.suno.com.br\/noticias\/#organization"},"potentialAction":[{"@type":"SearchAction","target":{"@type":"EntryPoint","urlTemplate":"https:\/\/www.suno.com.br\/noticias\/?s={search_term_string}"},"query-input":{"@type":"PropertyValueSpecification","valueRequired":true,"valueName":"search_term_string"}}],"inLanguage":"pt-BR"},{"@type":"Organization","@id":"https:\/\/www.suno.com.br\/noticias\/#organization","name":"Suno Not\u00edcias","url":"https:\/\/www.suno.com.br\/noticias\/","logo":{"@type":"ImageObject","inLanguage":"pt-BR","@id":"https:\/\/www.suno.com.br\/noticias\/#\/schema\/logo\/image\/","url":"https:\/\/files.sunoresearch.com.br\/n\/uploads\/2021\/09\/suno-logo.png","contentUrl":"https:\/\/files.sunoresearch.com.br\/n\/uploads\/2021\/09\/suno-logo.png","width":180,"height":180,"caption":"Suno Not\u00edcias"},"image":{"@id":"https:\/\/www.suno.com.br\/noticias\/#\/schema\/logo\/image\/"},"sameAs":["https:\/\/facebook.com\/sunoresearch","https:\/\/x.com\/sunoresearch","https:\/\/www.instagram.com\/suno","https:\/\/www.linkedin.com\/company\/suno-research\/","https:\/\/www.youtube.com\/c\/sunoresearch"]},{"@type":"Person","@id":"https:\/\/www.suno.com.br\/noticias\/#\/schema\/person\/4e19e3d2575736e5283d58eb3199d120","name":"Giovanna Oliveira","image":{"@type":"ImageObject","inLanguage":"pt-BR","@id":"https:\/\/www.suno.com.br\/noticias\/#\/schema\/person\/image\/","url":"https:\/\/secure.gravatar.com\/avatar\/9a37b3ae208962ac568992d0ffdbc2eb?s=96&r=g","contentUrl":"https:\/\/secure.gravatar.com\/avatar\/9a37b3ae208962ac568992d0ffdbc2eb?s=96&r=g","caption":"Giovanna Oliveira"},"description":"Giovanna Oliveira escreve sobre economia e pol\u00edtica. Foi rep\u00f3rter do portal de jornalismo da ESPM-SP e produziu conte\u00fado para a Corinthians TV. \u00c9 estudante da ESPM.","url":"https:\/\/www.suno.com.br\/noticias\/author\/giovanna\/"}]}},"default_loop_html":"<div class=\"cardsPage__listCard__boxs\"><div class=\"cardsPage__listCard__boxs__img\"><a href=\"https:\/\/www.suno.com.br\/noticias\/anac-areas-brasileiras-prejuizo\/\"><img class=\"mask\" src=\"https:\/\/www.suno.com.br\/noticias\/wp-content\/themes\/suno\/resources\/images\/spotlight\/spotlight1img\/bg-mask.png\" alt=\"Image Mask\"\/><img src=\"https:\/\/files.sunoresearch.com.br\/n\/uploads\/2018\/11\/c13e1461-anac-400x200.webp\" alt=\"Anac: a\u00e9reas brasileiras registraram preju\u00edzo de R$1,9 bi em 2018\"\/><\/a><span class=\"spotlightCategory\"><a href=\"https:\/\/www.suno.com.br\/noticias\/negocios\/\">Neg\u00f3cios<\/a><\/span><\/div><div class=\"cardsPage__listCard__boxs__content\"><a href=\"https:\/\/www.suno.com.br\/noticias\/anac-areas-brasileiras-prejuizo\/\"><h2 class=\"content__title\">Anac: a\u00e9reas brasileiras registraram preju\u00edzo de R$1,9 bi em 2018<\/h2><\/a><div class=\"newsContent__article__meta\"><div class=\"newsContent__article__meta__authorBox\"><a href=\"https:\/\/www.suno.com.br\/noticias\/author\/giovanna\/\" class=\"authorBox__avatar noMobi\"><img src=\"https:\/\/files.sunoresearch.com.br\/n\/uploads\/2019\/06\/952a89ca-screenshot_20190608-171507-150x150.webp\" alt=\"Giovanna Oliveira\"><\/a><div class=\"authorBox__name\"><span>por\n\t\t\t<a href=\"https:\/\/www.suno.com.br\/noticias\/author\/giovanna\/\"><span itemprop=\"author\">Giovanna Oliveira<\/span><\/a><\/span><time datetime=\"2019-06-10T16:42:31-03:00\" itemprop=\"datePublished\">10\/06\/2019 16:42<\/time><\/div><\/div><\/div><\/div><\/div>","single_layout":"posts","amp_enabled":true,"_links":{"self":[{"href":"https:\/\/www.suno.com.br\/noticias\/wp-json\/wp\/v2\/posts\/27766"}],"collection":[{"href":"https:\/\/www.suno.com.br\/noticias\/wp-json\/wp\/v2\/posts"}],"about":[{"href":"https:\/\/www.suno.com.br\/noticias\/wp-json\/wp\/v2\/types\/post"}],"author":[{"embeddable":true,"href":"https:\/\/www.suno.com.br\/noticias\/wp-json\/wp\/v2\/users\/18"}],"replies":[{"embeddable":true,"href":"https:\/\/www.suno.com.br\/noticias\/wp-json\/wp\/v2\/comments?post=27766"}],"version-history":[{"count":0,"href":"https:\/\/www.suno.com.br\/noticias\/wp-json\/wp\/v2\/posts\/27766\/revisions"}],"wp:featuredmedia":[{"embeddable":true,"href":"https:\/\/www.suno.com.br\/noticias\/wp-json\/wp\/v2\/media\/7211"}],"wp:attachment":[{"href":"https:\/\/www.suno.com.br\/noticias\/wp-json\/wp\/v2\/media?parent=27766"}],"wp:term":[{"taxonomy":"category","embeddable":true,"href":"https:\/\/www.suno.com.br\/noticias\/wp-json\/wp\/v2\/categories?post=27766"},{"taxonomy":"post_tag","embeddable":true,"href":"https:\/\/www.suno.com.br\/noticias\/wp-json\/wp\/v2\/tags?post=27766"},{"taxonomy":"suno_strategy","embeddable":true,"href":"https:\/\/www.suno.com.br\/noticias\/wp-json\/wp\/v2\/suno_strategy?post=27766"}],"curies":[{"name":"wp","href":"https:\/\/api.w.org\/{rel}","templated":true}]}}