{"id":277501,"date":"2022-07-21T12:37:16","date_gmt":"2022-07-21T15:37:16","guid":{"rendered":"https:\/\/www.suno.com.br\/noticias\/?p=277501"},"modified":"2022-07-21T12:37:16","modified_gmt":"2022-07-21T15:37:16","slug":"mario-draghi-renuncia-premie-italiano","status":"publish","type":"post","link":"https:\/\/www.suno.com.br\/noticias\/mario-draghi-renuncia-premie-italiano\/","title":{"rendered":"Mario Draghi renuncia pela segunda vez ao cargo de premi\u00ea italiano"},"content":{"rendered":"<p>O primeiro-ministro da <strong>It\u00e1lia<\/strong>,<strong> <a class=\"suno-keyword\" href=\"https:\/\/www.suno.com.br\/tudo-sobre\/mario-draghi\/\" target=\"_blank\" rel=\"noopener\" data-force=\"no\" data-priority=\"2\">Mario Draghi<\/a><\/strong>, renunciou ao cargo pela segunda vez, ap\u00f3s a ruptura de sua coaliz\u00e3o de governo. O economista se reuniu com o presidente <strong>Sergio Mattarella<\/strong> nesta quinta-feira (21) para comunicar sua decis\u00e3o.<\/p>\t<div class=\"wrapper-featured-image\">\n\t\t<figure class=\"spotlightImg\">\n\n\t\t\t<picture>\n\t\t\t\t<source media=\"(max-width: 768px)\" srcset=\"https:\/\/files.sunoresearch.com.br\/n\/uploads\/2022\/07\/mario_draghi_italia_primeiro_ministro_flickr-400x200.jpg\">\n\t\t\t\t<img loading=\"lazy\" decoding=\"async\" class=\"newsContent__article__imgCapa lazyloadDisabled \" src=\"https:\/\/files.sunoresearch.com.br\/n\/uploads\/2022\/07\/mario_draghi_italia_primeiro_ministro_flickr-800x450.jpg\" width=\"800\" height=\"450\" alt=\"Mario Draghi renuncia pela segunda vez ao cargo de premi\u00ea italiano\" fetchpriority=high \/>\n\t\t\t<\/picture>\n\n\t\t\t<figcaption class=\"wp-caption-text wp-caption-text--show\">Ex-primeiro-ministro italiano Mario Draghi.  Foto: European Union 2011 PE-EP\/Pietro Naj-Oleari<\/figcaption>\n\t\t<\/figure>\n\t<\/div>\n\n\n\t<p>\n\t\t<a href=\"\" target=\"_blank\" data-element=\"shortcode-suno-banner\" title=\"Banner SUNO, clique e saiba mais\">\n\t\t\t<picture>\n\t\t\t\t<source media=\"(max-width: 500px)\" srcset=\"\">\n\t\t\t\t<img class=\"newsContent__article__imgCapa newsContent__article__imgCapa--banner\"\n\t\t\t\t\tsrc=\"\"\n\t\t\t\t\tdata-promo-id=\"240038\"\t\t\t\t\t\t\t\t\t\t\t\t\t\t\talt=\"\"\n\t\t\t\t>\n\t\t\t<\/picture>\n\t\t<\/a>\n\t<\/p>\n\n\n<p>A ren\u00fancia de <strong>Mario Draghi<\/strong> vem diante da perda de sua base de apoio no <strong>Parlamento<\/strong> italiano. O pol\u00edtico, at\u00e9 ent\u00e3o no poder desde fevereiro de 2021, informou que permanecer\u00e1 no cargo por ora para \u201cdirigir os assuntos atuais\u201d.<\/p>\n<h2>Ren\u00fancia de Mario Draghi j\u00e1 era esperada<\/h2>\n<p>O movimento de <strong>ren\u00fancia<\/strong> do primeiro-ministro italiano era esperado, ap\u00f3s os partidos Forza Italia, Liga e Movimento 5 Estrelas (MSE), tr\u00eas dos principais aliados de Draghi, se recusarem a participar de um voto de confian\u00e7a solicitado ontem, quarta-feira (20).<\/p>\n\t<p>\n\t\t<a href=\"https:\/\/lp.suno.com.br\/ebook-como-analisar-uma-acao\/\" target=\"_blank\" data-element=\"shortcode-suno-banner\" title=\"Banner SUNO, clique e saiba mais\">\n\t\t\t<picture>\n\t\t\t\t<source media=\"(max-width: 500px)\" srcset=\"https:\/\/files.sunoresearch.com.br\/n\/uploads\/2023\/03\/Ebook-Acoes-Mobile-1.jpg\">\n\t\t\t\t<img class=\"newsContent__article__imgCapa newsContent__article__imgCapa--banner\"\n\t\t\t\t\tsrc=\"https:\/\/files.sunoresearch.com.br\/n\/uploads\/2023\/03\/Ebook-Acoes-Desktop-1.jpg\"\n\t\t\t\t\tdata-promo-id=\"171998\"\t\t\t\t\t\t\t\t\t\twidth='1420' height='286'\t\t\t\t\talt=\"https:\/\/files.sunoresearch.com.br\/n\/uploads\/2023\/03\/Ebook-Acoes-Desktop-1.jpg\"\n\t\t\t\t>\n\t\t\t<\/picture>\n\t\t<\/a>\n\t<\/p>\n\n\n<p>O gabinete de Sergio Mattarella disse em um comunicado que o presidente j\u00e1 \u201ctomou nota\u201d da ren\u00fancia e pediu a Draghi que permanecesse como interino na posi\u00e7\u00e3o.<\/p>\n<p>Mario Draghi havia pedido demiss\u00e3o h\u00e1 uma semana, em 14 de julho, com a falta do apoio do partido Movimento 5 Estrelas em um voto de confian\u00e7a sobre medidas para combater o alto <a class=\"suno-keyword\" href=\"https:\/\/www.suno.com.br\/artigos\/custo-vida\/\" target=\"_blank\" rel=\"noopener\" data-force=\"no\" data-priority=\"1\">custo de vida<\/a> no pa\u00eds. Mattarella rejeitou a ren\u00fancia inicial do primeiro-ministro, e ordenou que a <strong>coaliz\u00e3o<\/strong> no parlamento fosse mantida at\u00e9 o in\u00edcio de 2023, o fim planejado.<\/p>\n<p>Espera-se, agora, que as elei\u00e7\u00f5es antecipadas possam ocorrer em setembro ou outubro deste ano.<\/p>\n\t<p>\n\t\t<a href=\"\" target=\"_blank\" data-element=\"shortcode-suno-banner\" title=\"Banner SUNO, clique e saiba mais\">\n\t\t\t<picture>\n\t\t\t\t<source media=\"(max-width: 500px)\" srcset=\"\">\n\t\t\t\t<img class=\"newsContent__article__imgCapa newsContent__article__imgCapa--banner\"\n\t\t\t\t\tsrc=\"\"\n\t\t\t\t\tdata-promo-id=\"274968\"\t\t\t\t\t\t\t\t\t\t\t\t\t\t\talt=\"\"\n\t\t\t\t>\n\t\t\t<\/picture>\n\t\t<\/a>\n\t<\/p>\n\n\n<h2>Mercado italiano reage \u00e0 ren\u00fancia de Mario Draghi<\/h2>\n<p>Ex-presidente do <strong>Banco Central Europeu <\/strong>(BCE), Mario Draghi foi considerado o \u2018salvador da <strong><a class=\"suno-keyword\" href=\"https:\/\/www.suno.com.br\/artigos\/zona-do-euro\/\" target=\"_blank\" rel=\"noopener\" data-force=\"no\" data-priority=\"1\">zona do euro<\/a><\/strong>\u2019 em 2012. Na manh\u00e3 desta quinta-feira (21), a\u00e7\u00f5es e t\u00edtulos italianos recuaram, reagindo \u00e0 not\u00edcia da sa\u00edda do cargo. Ao mesmo tempo, os mercados globais se preparavam para a decis\u00e3o do <strong>BCE <\/strong>sobre a taxa de juros, em expectativa para a primeira eleva\u00e7\u00e3o em 11 anos.<\/p>\n<p>Por volta das 6h55 (hor\u00e1rio de Bras\u00edlia), o <a class=\"suno-keyword\" href=\"https:\/\/www.suno.com.br\/artigos\/ftse-mib\/\" target=\"_blank\" rel=\"noopener\" data-force=\"no\" data-priority=\"1\">FTSE MIB<\/a>, \u00edndice de refer\u00eancia do mercado de a\u00e7\u00f5es da bolsa de valores italiana, recuava -1,97%. \u00c0s 11h35, o \u00edndice acumulava 21.059 pontos, em queda de 1,25%.<\/p>\n\t<p>\n\t\t<a href=\"https:\/\/lp.suno.com.br\/planilha-controle-gastos\/\" target=\"_blank\" data-element=\"shortcode-suno-banner\" title=\"Banner SUNO, clique e saiba mais\">\n\t\t\t<picture>\n\t\t\t\t<source media=\"(max-width: 500px)\" srcset=\"https:\/\/files.sunoresearch.com.br\/n\/uploads\/2023\/03\/400x300-Planilha-controle-de-gastos.png\">\n\t\t\t\t<img class=\"newsContent__article__imgCapa newsContent__article__imgCapa--banner\"\n\t\t\t\t\tsrc=\"https:\/\/files.sunoresearch.com.br\/n\/uploads\/2023\/03\/1420x240-Planilha-controle-de-gastos.png\"\n\t\t\t\t\tdata-promo-id=\"101751\"\t\t\t\t\t\t\t\t\t\twidth='1420' height='240'\t\t\t\t\talt=\"https:\/\/files.sunoresearch.com.br\/n\/uploads\/2023\/03\/1420x240-Planilha-controle-de-gastos.png\"\n\t\t\t\t>\n\t\t\t<\/picture>\n\t\t<\/a>\n\t<\/p>\n\n\n","protected":false},"excerpt":{"rendered":"<p>O primeiro-ministro da It\u00e1lia, Mario Draghi, renunciou ao cargo pela segunda vez, ap\u00f3s a ruptura de sua coaliz\u00e3o de governo. O economista se reuniu com o presidente Sergio Mattarella nesta quinta-feira (21) para comunicar sua decis\u00e3o. Ex-primeiro-ministro italiano Mario Draghi. Foto: European Union 2011 PE-EP\/Pietro Naj-Oleari A ren\u00fancia de Mario Draghi vem diante da perda [&hellip;]<\/p>\n","protected":false},"author":70,"featured_media":277511,"comment_status":"closed","ping_status":"closed","sticky":false,"template":"","format":"standard","meta":[],"categories":[63],"tags":[863,882,990],"suno_strategy":[],"class_list":["post-277501","post","type-post","status-publish","format-standard","has-post-thumbnail","hentry","category-internacional","tag-banco-central-europeu-bce","tag-italia","tag-mario-draghi"],"yoast_head":"<!-- This site is optimized with the Yoast SEO plugin v24.4 - https:\/\/yoast.com\/wordpress\/plugins\/seo\/ -->\n<title>Mario Draghi renuncia pela segunda vez ao cargo de premi\u00ea italiano<\/title>\n<meta name=\"description\" content=\"Mario Draghi ocupava o cargo de primeiro-ministro italiano desde fevereiro de 2021. Saiba mais sobre a instabilidade pol\u00edtica do pa\u00eds.\" \/>\n<meta name=\"robots\" content=\"index, follow, max-snippet:-1, max-image-preview:large, max-video-preview:-1\" \/>\n<link rel=\"canonical\" href=\"https:\/\/www.suno.com.br\/noticias\/mario-draghi-renuncia-premie-italiano\/\" \/>\n<meta property=\"og:locale\" content=\"pt_BR\" \/>\n<meta property=\"og:type\" content=\"article\" \/>\n<meta property=\"og:title\" content=\"Mario Draghi renuncia pela segunda vez ao cargo de premi\u00ea italiano\" \/>\n<meta property=\"og:description\" content=\"Mario Draghi ocupava o cargo de primeiro-ministro italiano desde fevereiro de 2021. Saiba mais sobre a instabilidade pol\u00edtica do pa\u00eds.\" \/>\n<meta property=\"og:url\" content=\"https:\/\/www.suno.com.br\/noticias\/mario-draghi-renuncia-premie-italiano\/\" \/>\n<meta property=\"og:site_name\" content=\"Suno Not\u00edcias\" \/>\n<meta property=\"article:publisher\" content=\"https:\/\/facebook.com\/sunoresearch\" \/>\n<meta property=\"og:image\" content=\"https:\/\/files.sunoresearch.com.br\/n\/uploads\/2022\/07\/mario_draghi_italia_primeiro_ministro_flickr.jpg\" \/>\n\t<meta property=\"og:image:width\" content=\"1200\" \/>\n\t<meta property=\"og:image:height\" content=\"800\" \/>\n\t<meta property=\"og:image:type\" content=\"image\/jpeg\" \/>\n<meta name=\"author\" content=\"Beatriz Boyadjian\" \/>\n<meta name=\"twitter:card\" content=\"summary_large_image\" \/>\n<meta name=\"twitter:creator\" content=\"@sunoresearch\" \/>\n<meta name=\"twitter:site\" content=\"@sunoresearch\" \/>\n<meta name=\"twitter:label1\" content=\"Escrito por\" \/>\n\t<meta name=\"twitter:data1\" content=\"Beatriz Boyadjian\" \/>\n\t<meta name=\"twitter:label2\" content=\"Est. tempo de leitura\" \/>\n\t<meta name=\"twitter:data2\" content=\"2 minutos\" \/>\n<script type=\"application\/ld+json\" class=\"yoast-schema-graph\">{\"@context\":\"https:\/\/schema.org\",\"@graph\":[{\"@type\":\"NewsArticle\",\"@id\":\"https:\/\/www.suno.com.br\/noticias\/mario-draghi-renuncia-premie-italiano\/#article\",\"isPartOf\":{\"@id\":\"https:\/\/www.suno.com.br\/noticias\/mario-draghi-renuncia-premie-italiano\/\"},\"author\":{\"name\":\"Beatriz Boyadjian\",\"@id\":\"https:\/\/www.suno.com.br\/noticias\/#\/schema\/person\/c9d40f227e4ffee8114b1299c28902b0\"},\"headline\":\"Mario Draghi renuncia pela segunda vez ao cargo de premi\u00ea italiano\",\"datePublished\":\"2022-07-21T15:37:16+00:00\",\"mainEntityOfPage\":{\"@id\":\"https:\/\/www.suno.com.br\/noticias\/mario-draghi-renuncia-premie-italiano\/\"},\"wordCount\":370,\"publisher\":{\"@id\":\"https:\/\/www.suno.com.br\/noticias\/#organization\"},\"image\":{\"@id\":\"https:\/\/www.suno.com.br\/noticias\/mario-draghi-renuncia-premie-italiano\/#primaryimage\"},\"thumbnailUrl\":\"https:\/\/files.sunoresearch.com.br\/n\/uploads\/2022\/07\/mario_draghi_italia_primeiro_ministro_flickr.jpg\",\"keywords\":[\"Banco Central Europeu (BCE)\",\"It\u00e1lia\",\"Mario Draghi\"],\"articleSection\":[\"Internacional\"],\"inLanguage\":\"pt-BR\"},{\"@type\":\"WebPage\",\"@id\":\"https:\/\/www.suno.com.br\/noticias\/mario-draghi-renuncia-premie-italiano\/\",\"url\":\"https:\/\/www.suno.com.br\/noticias\/mario-draghi-renuncia-premie-italiano\/\",\"name\":\"Mario Draghi renuncia pela segunda vez ao cargo de premi\u00ea italiano\",\"isPartOf\":{\"@id\":\"https:\/\/www.suno.com.br\/noticias\/#website\"},\"primaryImageOfPage\":{\"@id\":\"https:\/\/www.suno.com.br\/noticias\/mario-draghi-renuncia-premie-italiano\/#primaryimage\"},\"image\":{\"@id\":\"https:\/\/www.suno.com.br\/noticias\/mario-draghi-renuncia-premie-italiano\/#primaryimage\"},\"thumbnailUrl\":\"https:\/\/files.sunoresearch.com.br\/n\/uploads\/2022\/07\/mario_draghi_italia_primeiro_ministro_flickr.jpg\",\"datePublished\":\"2022-07-21T15:37:16+00:00\",\"description\":\"Mario Draghi ocupava o cargo de primeiro-ministro italiano desde fevereiro de 2021. Saiba mais sobre a instabilidade pol\u00edtica do pa\u00eds.\",\"breadcrumb\":{\"@id\":\"https:\/\/www.suno.com.br\/noticias\/mario-draghi-renuncia-premie-italiano\/#breadcrumb\"},\"inLanguage\":\"pt-BR\",\"potentialAction\":[{\"@type\":\"ReadAction\",\"target\":[\"https:\/\/www.suno.com.br\/noticias\/mario-draghi-renuncia-premie-italiano\/\"]}]},{\"@type\":\"ImageObject\",\"inLanguage\":\"pt-BR\",\"@id\":\"https:\/\/www.suno.com.br\/noticias\/mario-draghi-renuncia-premie-italiano\/#primaryimage\",\"url\":\"https:\/\/files.sunoresearch.com.br\/n\/uploads\/2022\/07\/mario_draghi_italia_primeiro_ministro_flickr.jpg\",\"contentUrl\":\"https:\/\/files.sunoresearch.com.br\/n\/uploads\/2022\/07\/mario_draghi_italia_primeiro_ministro_flickr.jpg\",\"width\":1200,\"height\":800,\"caption\":\"Ex-primeiro-ministro italiano Mario Draghi. Foto: European Union 2011 PE-EP\/Pietro Naj-Oleari\"},{\"@type\":\"BreadcrumbList\",\"@id\":\"https:\/\/www.suno.com.br\/noticias\/mario-draghi-renuncia-premie-italiano\/#breadcrumb\",\"itemListElement\":[{\"@type\":\"ListItem\",\"position\":1,\"name\":\"Not\u00edcias\",\"item\":\"https:\/\/www.suno.com.br\/noticias\/\"},{\"@type\":\"ListItem\",\"position\":2,\"name\":\"Internacional\",\"item\":\"https:\/\/www.suno.com.br\/noticias\/internacional\/\"},{\"@type\":\"ListItem\",\"position\":3,\"name\":\"Mario Draghi renuncia pela segunda vez ao cargo de premi\u00ea italiano\"}]},{\"@type\":\"WebSite\",\"@id\":\"https:\/\/www.suno.com.br\/noticias\/#website\",\"url\":\"https:\/\/www.suno.com.br\/noticias\/\",\"name\":\"Suno Not\u00edcias\",\"description\":\"Seu portal de informa\u00e7\u00e3o sobre o mundo dos investimentos\",\"publisher\":{\"@id\":\"https:\/\/www.suno.com.br\/noticias\/#organization\"},\"potentialAction\":[{\"@type\":\"SearchAction\",\"target\":{\"@type\":\"EntryPoint\",\"urlTemplate\":\"https:\/\/www.suno.com.br\/noticias\/?s={search_term_string}\"},\"query-input\":{\"@type\":\"PropertyValueSpecification\",\"valueRequired\":true,\"valueName\":\"search_term_string\"}}],\"inLanguage\":\"pt-BR\"},{\"@type\":\"Organization\",\"@id\":\"https:\/\/www.suno.com.br\/noticias\/#organization\",\"name\":\"Suno Not\u00edcias\",\"url\":\"https:\/\/www.suno.com.br\/noticias\/\",\"logo\":{\"@type\":\"ImageObject\",\"inLanguage\":\"pt-BR\",\"@id\":\"https:\/\/www.suno.com.br\/noticias\/#\/schema\/logo\/image\/\",\"url\":\"https:\/\/files.sunoresearch.com.br\/n\/uploads\/2021\/09\/suno-logo.png\",\"contentUrl\":\"https:\/\/files.sunoresearch.com.br\/n\/uploads\/2021\/09\/suno-logo.png\",\"width\":180,\"height\":180,\"caption\":\"Suno Not\u00edcias\"},\"image\":{\"@id\":\"https:\/\/www.suno.com.br\/noticias\/#\/schema\/logo\/image\/\"},\"sameAs\":[\"https:\/\/facebook.com\/sunoresearch\",\"https:\/\/x.com\/sunoresearch\",\"https:\/\/www.instagram.com\/suno\",\"https:\/\/www.linkedin.com\/company\/suno-research\/\",\"https:\/\/www.youtube.com\/c\/sunoresearch\"]},{\"@type\":\"Person\",\"@id\":\"https:\/\/www.suno.com.br\/noticias\/#\/schema\/person\/c9d40f227e4ffee8114b1299c28902b0\",\"name\":\"Beatriz Boyadjian\",\"image\":{\"@type\":\"ImageObject\",\"inLanguage\":\"pt-BR\",\"@id\":\"https:\/\/www.suno.com.br\/noticias\/#\/schema\/person\/image\/\",\"url\":\"https:\/\/secure.gravatar.com\/avatar\/4c3c59f4030e268f950437c4f36e38b7?s=96&r=g\",\"contentUrl\":\"https:\/\/secure.gravatar.com\/avatar\/4c3c59f4030e268f950437c4f36e38b7?s=96&r=g\",\"caption\":\"Beatriz Boyadjian\"},\"description\":\"Rep\u00f3rter multim\u00eddia no Suno Not\u00edcias. Jornalista formada pela Faculdade C\u00e1sper L\u00edbero, foi rep\u00f3rter da Forbes Brasil e atuou na cobertura de hard news, economia, neg\u00f3cios e lifestyle. Gerenciou as redes sociais da edi\u00e7\u00e3o brasileira da tradicional revista de neg\u00f3cios. Na M\u00e1quina Cohn&amp;Wolfe, atuou como rela\u00e7\u00f5es p\u00fablicas de clientes do N\u00facleo de Sa\u00fade da empresa. Produziu releases, notas, relat\u00f3rios, entre outros, para empresas como Biomm, Hypera, FIDI. Anteriormente, respons\u00e1vel pelas redes sociais do Suno Not\u00edcias.\",\"sameAs\":[\"https:\/\/www.linkedin.com\/in\/beatriz-boyadjian\/\"],\"url\":\"https:\/\/www.suno.com.br\/noticias\/author\/beatriz-boyadjian\/\"}]}<\/script>\n<!-- \/ Yoast SEO plugin. -->","yoast_head_json":{"title":"Mario Draghi renuncia pela segunda vez ao cargo de premi\u00ea italiano","description":"Mario Draghi ocupava o cargo de primeiro-ministro italiano desde fevereiro de 2021. Saiba mais sobre a instabilidade pol\u00edtica do pa\u00eds.","robots":{"index":"index","follow":"follow","max-snippet":"max-snippet:-1","max-image-preview":"max-image-preview:large","max-video-preview":"max-video-preview:-1"},"canonical":"https:\/\/www.suno.com.br\/noticias\/mario-draghi-renuncia-premie-italiano\/","og_locale":"pt_BR","og_type":"article","og_title":"Mario Draghi renuncia pela segunda vez ao cargo de premi\u00ea italiano","og_description":"Mario Draghi ocupava o cargo de primeiro-ministro italiano desde fevereiro de 2021. Saiba mais sobre a instabilidade pol\u00edtica do pa\u00eds.","og_url":"https:\/\/www.suno.com.br\/noticias\/mario-draghi-renuncia-premie-italiano\/","og_site_name":"Suno Not\u00edcias","article_publisher":"https:\/\/facebook.com\/sunoresearch","og_image":[{"width":1200,"height":800,"url":"https:\/\/files.sunoresearch.com.br\/n\/uploads\/2022\/07\/mario_draghi_italia_primeiro_ministro_flickr.jpg","type":"image\/jpeg"}],"author":"Beatriz Boyadjian","twitter_card":"summary_large_image","twitter_creator":"@sunoresearch","twitter_site":"@sunoresearch","twitter_misc":{"Escrito por":"Beatriz Boyadjian","Est. tempo de leitura":"2 minutos"},"schema":{"@context":"https:\/\/schema.org","@graph":[{"@type":"NewsArticle","@id":"https:\/\/www.suno.com.br\/noticias\/mario-draghi-renuncia-premie-italiano\/#article","isPartOf":{"@id":"https:\/\/www.suno.com.br\/noticias\/mario-draghi-renuncia-premie-italiano\/"},"author":{"name":"Beatriz Boyadjian","@id":"https:\/\/www.suno.com.br\/noticias\/#\/schema\/person\/c9d40f227e4ffee8114b1299c28902b0"},"headline":"Mario Draghi renuncia pela segunda vez ao cargo de premi\u00ea italiano","datePublished":"2022-07-21T15:37:16+00:00","mainEntityOfPage":{"@id":"https:\/\/www.suno.com.br\/noticias\/mario-draghi-renuncia-premie-italiano\/"},"wordCount":370,"publisher":{"@id":"https:\/\/www.suno.com.br\/noticias\/#organization"},"image":{"@id":"https:\/\/www.suno.com.br\/noticias\/mario-draghi-renuncia-premie-italiano\/#primaryimage"},"thumbnailUrl":"https:\/\/files.sunoresearch.com.br\/n\/uploads\/2022\/07\/mario_draghi_italia_primeiro_ministro_flickr.jpg","keywords":["Banco Central Europeu (BCE)","It\u00e1lia","Mario Draghi"],"articleSection":["Internacional"],"inLanguage":"pt-BR"},{"@type":"WebPage","@id":"https:\/\/www.suno.com.br\/noticias\/mario-draghi-renuncia-premie-italiano\/","url":"https:\/\/www.suno.com.br\/noticias\/mario-draghi-renuncia-premie-italiano\/","name":"Mario Draghi renuncia pela segunda vez ao cargo de premi\u00ea italiano","isPartOf":{"@id":"https:\/\/www.suno.com.br\/noticias\/#website"},"primaryImageOfPage":{"@id":"https:\/\/www.suno.com.br\/noticias\/mario-draghi-renuncia-premie-italiano\/#primaryimage"},"image":{"@id":"https:\/\/www.suno.com.br\/noticias\/mario-draghi-renuncia-premie-italiano\/#primaryimage"},"thumbnailUrl":"https:\/\/files.sunoresearch.com.br\/n\/uploads\/2022\/07\/mario_draghi_italia_primeiro_ministro_flickr.jpg","datePublished":"2022-07-21T15:37:16+00:00","description":"Mario Draghi ocupava o cargo de primeiro-ministro italiano desde fevereiro de 2021. Saiba mais sobre a instabilidade pol\u00edtica do pa\u00eds.","breadcrumb":{"@id":"https:\/\/www.suno.com.br\/noticias\/mario-draghi-renuncia-premie-italiano\/#breadcrumb"},"inLanguage":"pt-BR","potentialAction":[{"@type":"ReadAction","target":["https:\/\/www.suno.com.br\/noticias\/mario-draghi-renuncia-premie-italiano\/"]}]},{"@type":"ImageObject","inLanguage":"pt-BR","@id":"https:\/\/www.suno.com.br\/noticias\/mario-draghi-renuncia-premie-italiano\/#primaryimage","url":"https:\/\/files.sunoresearch.com.br\/n\/uploads\/2022\/07\/mario_draghi_italia_primeiro_ministro_flickr.jpg","contentUrl":"https:\/\/files.sunoresearch.com.br\/n\/uploads\/2022\/07\/mario_draghi_italia_primeiro_ministro_flickr.jpg","width":1200,"height":800,"caption":"Ex-primeiro-ministro italiano Mario Draghi. Foto: European Union 2011 PE-EP\/Pietro Naj-Oleari"},{"@type":"BreadcrumbList","@id":"https:\/\/www.suno.com.br\/noticias\/mario-draghi-renuncia-premie-italiano\/#breadcrumb","itemListElement":[{"@type":"ListItem","position":1,"name":"Not\u00edcias","item":"https:\/\/www.suno.com.br\/noticias\/"},{"@type":"ListItem","position":2,"name":"Internacional","item":"https:\/\/www.suno.com.br\/noticias\/internacional\/"},{"@type":"ListItem","position":3,"name":"Mario Draghi renuncia pela segunda vez ao cargo de premi\u00ea italiano"}]},{"@type":"WebSite","@id":"https:\/\/www.suno.com.br\/noticias\/#website","url":"https:\/\/www.suno.com.br\/noticias\/","name":"Suno Not\u00edcias","description":"Seu portal de informa\u00e7\u00e3o sobre o mundo dos investimentos","publisher":{"@id":"https:\/\/www.suno.com.br\/noticias\/#organization"},"potentialAction":[{"@type":"SearchAction","target":{"@type":"EntryPoint","urlTemplate":"https:\/\/www.suno.com.br\/noticias\/?s={search_term_string}"},"query-input":{"@type":"PropertyValueSpecification","valueRequired":true,"valueName":"search_term_string"}}],"inLanguage":"pt-BR"},{"@type":"Organization","@id":"https:\/\/www.suno.com.br\/noticias\/#organization","name":"Suno Not\u00edcias","url":"https:\/\/www.suno.com.br\/noticias\/","logo":{"@type":"ImageObject","inLanguage":"pt-BR","@id":"https:\/\/www.suno.com.br\/noticias\/#\/schema\/logo\/image\/","url":"https:\/\/files.sunoresearch.com.br\/n\/uploads\/2021\/09\/suno-logo.png","contentUrl":"https:\/\/files.sunoresearch.com.br\/n\/uploads\/2021\/09\/suno-logo.png","width":180,"height":180,"caption":"Suno Not\u00edcias"},"image":{"@id":"https:\/\/www.suno.com.br\/noticias\/#\/schema\/logo\/image\/"},"sameAs":["https:\/\/facebook.com\/sunoresearch","https:\/\/x.com\/sunoresearch","https:\/\/www.instagram.com\/suno","https:\/\/www.linkedin.com\/company\/suno-research\/","https:\/\/www.youtube.com\/c\/sunoresearch"]},{"@type":"Person","@id":"https:\/\/www.suno.com.br\/noticias\/#\/schema\/person\/c9d40f227e4ffee8114b1299c28902b0","name":"Beatriz Boyadjian","image":{"@type":"ImageObject","inLanguage":"pt-BR","@id":"https:\/\/www.suno.com.br\/noticias\/#\/schema\/person\/image\/","url":"https:\/\/secure.gravatar.com\/avatar\/4c3c59f4030e268f950437c4f36e38b7?s=96&r=g","contentUrl":"https:\/\/secure.gravatar.com\/avatar\/4c3c59f4030e268f950437c4f36e38b7?s=96&r=g","caption":"Beatriz Boyadjian"},"description":"Rep\u00f3rter multim\u00eddia no Suno Not\u00edcias. Jornalista formada pela Faculdade C\u00e1sper L\u00edbero, foi rep\u00f3rter da Forbes Brasil e atuou na cobertura de hard news, economia, neg\u00f3cios e lifestyle. Gerenciou as redes sociais da edi\u00e7\u00e3o brasileira da tradicional revista de neg\u00f3cios. Na M\u00e1quina Cohn&amp;Wolfe, atuou como rela\u00e7\u00f5es p\u00fablicas de clientes do N\u00facleo de Sa\u00fade da empresa. Produziu releases, notas, relat\u00f3rios, entre outros, para empresas como Biomm, Hypera, FIDI. Anteriormente, respons\u00e1vel pelas redes sociais do Suno Not\u00edcias.","sameAs":["https:\/\/www.linkedin.com\/in\/beatriz-boyadjian\/"],"url":"https:\/\/www.suno.com.br\/noticias\/author\/beatriz-boyadjian\/"}]}},"default_loop_html":"<div class=\"cardsPage__listCard__boxs\"><div class=\"cardsPage__listCard__boxs__img\"><a href=\"https:\/\/www.suno.com.br\/noticias\/mario-draghi-renuncia-premie-italiano\/\"><img class=\"mask\" src=\"https:\/\/www.suno.com.br\/noticias\/wp-content\/themes\/suno\/resources\/images\/spotlight\/spotlight1img\/bg-mask.png\" alt=\"Image Mask\"\/><img src=\"https:\/\/files.sunoresearch.com.br\/n\/uploads\/2022\/07\/mario_draghi_italia_primeiro_ministro_flickr-400x200.jpg\" alt=\"Mario Draghi renuncia pela segunda vez ao cargo de premi\u00ea italiano\"\/><\/a><span class=\"spotlightCategory\"><a href=\"https:\/\/www.suno.com.br\/noticias\/internacional\/\">Internacional<\/a><\/span><\/div><div class=\"cardsPage__listCard__boxs__content\"><a href=\"https:\/\/www.suno.com.br\/noticias\/mario-draghi-renuncia-premie-italiano\/\"><h2 class=\"content__title\">Mario Draghi renuncia pela segunda vez ao cargo de premi\u00ea italiano<\/h2><\/a><div class=\"newsContent__article__meta\"><div class=\"newsContent__article__meta__authorBox\"><a href=\"https:\/\/www.suno.com.br\/noticias\/author\/beatriz-boyadjian\/\" class=\"authorBox__avatar noMobi\"><img src=\"https:\/\/secure.gravatar.com\/avatar\/4c3c59f4030e268f950437c4f36e38b7?s=96&#038;r=g\" alt=\"Beatriz Boyadjian\"><\/a><div class=\"authorBox__name\"><span>por\n\t\t\t<a href=\"https:\/\/www.suno.com.br\/noticias\/author\/beatriz-boyadjian\/\"><span itemprop=\"author\">Beatriz Boyadjian<\/span><\/a><\/span><time datetime=\"2022-07-21T12:37:16-03:00\" itemprop=\"datePublished\">21\/07\/2022 12:37<\/time><\/div><\/div><\/div><\/div><\/div>","single_layout":"posts","amp_enabled":true,"_links":{"self":[{"href":"https:\/\/www.suno.com.br\/noticias\/wp-json\/wp\/v2\/posts\/277501"}],"collection":[{"href":"https:\/\/www.suno.com.br\/noticias\/wp-json\/wp\/v2\/posts"}],"about":[{"href":"https:\/\/www.suno.com.br\/noticias\/wp-json\/wp\/v2\/types\/post"}],"author":[{"embeddable":true,"href":"https:\/\/www.suno.com.br\/noticias\/wp-json\/wp\/v2\/users\/70"}],"replies":[{"embeddable":true,"href":"https:\/\/www.suno.com.br\/noticias\/wp-json\/wp\/v2\/comments?post=277501"}],"version-history":[{"count":3,"href":"https:\/\/www.suno.com.br\/noticias\/wp-json\/wp\/v2\/posts\/277501\/revisions"}],"predecessor-version":[{"id":277522,"href":"https:\/\/www.suno.com.br\/noticias\/wp-json\/wp\/v2\/posts\/277501\/revisions\/277522"}],"wp:featuredmedia":[{"embeddable":true,"href":"https:\/\/www.suno.com.br\/noticias\/wp-json\/wp\/v2\/media\/277511"}],"wp:attachment":[{"href":"https:\/\/www.suno.com.br\/noticias\/wp-json\/wp\/v2\/media?parent=277501"}],"wp:term":[{"taxonomy":"category","embeddable":true,"href":"https:\/\/www.suno.com.br\/noticias\/wp-json\/wp\/v2\/categories?post=277501"},{"taxonomy":"post_tag","embeddable":true,"href":"https:\/\/www.suno.com.br\/noticias\/wp-json\/wp\/v2\/tags?post=277501"},{"taxonomy":"suno_strategy","embeddable":true,"href":"https:\/\/www.suno.com.br\/noticias\/wp-json\/wp\/v2\/suno_strategy?post=277501"}],"curies":[{"name":"wp","href":"https:\/\/api.w.org\/{rel}","templated":true}]}}