{"id":277480,"date":"2022-07-21T10:56:11","date_gmt":"2022-07-21T13:56:11","guid":{"rendered":"https:\/\/www.suno.com.br\/noticias\/?p=277480"},"modified":"2022-07-21T12:19:47","modified_gmt":"2022-07-21T15:19:47","slug":"bce-juros-zona-do-euro","status":"publish","type":"post","link":"https:\/\/www.suno.com.br\/noticias\/bce-juros-zona-do-euro\/","title":{"rendered":"BCE eleva juros em 0,50 p.p., em primeiro aumento desde 2011"},"content":{"rendered":"<p>O <a class=\"suno-keyword\" href=\"https:\/\/www.suno.com.br\/artigos\/bce\/\" target=\"_blank\" rel=\"noopener\" data-force=\"no\" data-priority=\"1\">Banco Central Europeu (<strong>BCE<\/strong>)<\/a> decidiu elevar seus juros b\u00e1sicos em 50 pontos-base, no primeiro aumento desde 2011, em uma tentativa de conter a disparada da infla\u00e7\u00e3o na <a class=\"suno-keyword\" href=\"https:\/\/www.suno.com.br\/artigos\/zona-do-euro\/\" target=\"_blank\" rel=\"noopener\" data-force=\"no\" data-priority=\"1\">zona do euro<\/a>, ap\u00f3s concluir reuni\u00e3o de <a class=\"suno-keyword\" href=\"https:\/\/www.suno.com.br\/artigos\/politica-monetaria\/\" target=\"_blank\" rel=\"noopener\" data-force=\"no\" data-priority=\"1\">pol\u00edtica monet\u00e1ria<\/a> na manh\u00e3 desta quinta-feira (21).<\/p>\t<div class=\"wrapper-featured-image\">\n\t\t<figure class=\"spotlightImg\">\n\n\t\t\t<picture>\n\t\t\t\t<source media=\"(max-width: 768px)\" srcset=\"https:\/\/files.sunoresearch.com.br\/n\/uploads\/2021\/04\/07dfe73c-euro-1256252_1280-400x200.webp\">\n\t\t\t\t<img loading=\"lazy\" decoding=\"async\" class=\"newsContent__article__imgCapa lazyloadDisabled \" src=\"https:\/\/files.sunoresearch.com.br\/n\/uploads\/2021\/04\/07dfe73c-euro-1256252_1280-800x450.webp\" width=\"800\" height=\"450\" alt=\"BCE eleva juros em 0,50 p.p., em primeiro aumento desde 2011\" fetchpriority=high \/>\n\t\t\t<\/picture>\n\n\t\t\t<figcaption class=\"wp-caption-text wp-caption-text--show\">BCE. Foto: Pixabay<\/figcaption>\n\t\t<\/figure>\n\t<\/div>\n\n\n\t<p>\n\t\t<a href=\"\" target=\"_blank\" data-element=\"shortcode-suno-banner\" title=\"Banner SUNO, clique e saiba mais\">\n\t\t\t<picture>\n\t\t\t\t<source media=\"(max-width: 500px)\" srcset=\"\">\n\t\t\t\t<img class=\"newsContent__article__imgCapa newsContent__article__imgCapa--banner\"\n\t\t\t\t\tsrc=\"\"\n\t\t\t\t\tdata-promo-id=\"240038\"\t\t\t\t\t\t\t\t\t\t\t\t\t\t\talt=\"\"\n\t\t\t\t>\n\t\t\t<\/picture>\n\t\t<\/a>\n\t<\/p>\n\n\n<p>O <strong>BCE<\/strong> elevou sua taxa de refinanciamento de 0% para 0,50%, a de dep\u00f3sitos de -0,50% para 0%, e a de empr\u00e9stimos de 0,25% a 0,75%. A maior parte dos analistas previa ajuste de 25 pontos-base, mas n\u00e3o descartava possibilidade de uma eleva\u00e7\u00e3o mais agressiva.<\/p>\n<p>Em junho, a taxa anual de <strong>infla\u00e7\u00e3o<\/strong> ao consumidor da <strong>zona do euro<\/strong> atingiu o n\u00edvel recorde de 8,6%, ainda impulsionada pelos efeitos da <strong>guerra<\/strong> da R\u00fassia na Ucr\u00e2nia.<\/p>\n<h2>BCE aponta para novas eleva\u00e7\u00f5es nos pr\u00f3ximos encontros<\/h2>\n<p>No comunicado sobre a decis\u00e3o de subir <strong>juros<\/strong> em 50 pontos-base, o Banco Central Europeu indicou que novos aumentos ocorrer\u00e3o nas pr\u00f3ximas reuni\u00f5es, com objetivo de acelerar o retorno da infla\u00e7\u00e3o na zona do euro \u00e0 meta de 2%.<\/p>\n\t<p>\n\t\t<a href=\"\" target=\"_blank\" data-element=\"shortcode-suno-banner\" title=\"Banner SUNO, clique e saiba mais\">\n\t\t\t<picture>\n\t\t\t\t<source media=\"(max-width: 500px)\" srcset=\"\">\n\t\t\t\t<img class=\"newsContent__article__imgCapa newsContent__article__imgCapa--banner\"\n\t\t\t\t\tsrc=\"\"\n\t\t\t\t\tdata-promo-id=\"274968\"\t\t\t\t\t\t\t\t\t\t\t\t\t\t\talt=\"\"\n\t\t\t\t>\n\t\t\t<\/picture>\n\t\t<\/a>\n\t<\/p>\n\n\n<p>A autoridade monet\u00e1ria havia sinalizado que aumentaria as taxas em 25 pontos-base neste encontro. No entanto, a institui\u00e7\u00e3o disse ter optado por uma eleva\u00e7\u00e3o mais agressiva por conta dos riscos inflacion\u00e1rios e do estabelecimento do Instrumento de Prote\u00e7\u00e3o de Transmiss\u00e3o (TPI, na sigla em ingl\u00eas), para conter a diverg\u00eancia nos custos de empr\u00e9stimos do bloco. Christine Lagarde, presidente do BCE, j\u00e1 havia prometido combater esse tipo de fragmenta\u00e7\u00e3o.<\/p>\n<p>Segundo o BCE, o ajuste mais contundente logo no in\u00edcio do ciclo de aperto permitir\u00e1 que o banco central fa\u00e7a transi\u00e7\u00e3o posterior a um modelo de decis\u00e3o por cada reuni\u00e3o. &#8220;No contexto da normaliza\u00e7\u00e3o da sua pol\u00edtica, o Conselho do BCE avaliar\u00e1 as op\u00e7\u00f5es para remunerar os excessos de liquidez&#8221;, diz.<\/p>\n<p>Para Christine Lagarde as press\u00f5es de pre\u00e7os est\u00e3o se espalhando por cada vez mais setores. &#8220;Prevemos que a infla\u00e7\u00e3o permane\u00e7a indesejavelmente alta por algum tempo&#8221;, diz em entrevista coletiva ap\u00f3s o an\u00fancio da autoridade monet\u00e1ria.<\/p>\n<p class=\"newsProviderSignature\"><em>Com Estad\u00e3o Conte\u00fado<\/em><\/p>\n\t<p>\n\t\t<a href=\"https:\/\/lp.suno.com.br\/planilha-controle-gastos\/\" target=\"_blank\" data-element=\"shortcode-suno-banner\" title=\"Banner SUNO, clique e saiba mais\">\n\t\t\t<picture>\n\t\t\t\t<source media=\"(max-width: 500px)\" srcset=\"https:\/\/files.sunoresearch.com.br\/n\/uploads\/2023\/03\/400x300-Planilha-controle-de-gastos.png\">\n\t\t\t\t<img class=\"newsContent__article__imgCapa newsContent__article__imgCapa--banner\"\n\t\t\t\t\tsrc=\"https:\/\/files.sunoresearch.com.br\/n\/uploads\/2023\/03\/1420x240-Planilha-controle-de-gastos.png\"\n\t\t\t\t\tdata-promo-id=\"101751\"\t\t\t\t\t\t\t\t\t\twidth='1420' height='240'\t\t\t\t\talt=\"https:\/\/files.sunoresearch.com.br\/n\/uploads\/2023\/03\/1420x240-Planilha-controle-de-gastos.png\"\n\t\t\t\t>\n\t\t\t<\/picture>\n\t\t<\/a>\n\t<\/p>\n\n\n","protected":false},"excerpt":{"rendered":"<p>O Banco Central Europeu (BCE) decidiu elevar seus juros b\u00e1sicos em 50 pontos-base, no primeiro aumento desde 2011, em uma tentativa de conter a disparada da infla\u00e7\u00e3o na zona do euro, ap\u00f3s concluir reuni\u00e3o de pol\u00edtica monet\u00e1ria na manh\u00e3 desta quinta-feira (21). BCE. Foto: Pixabay O BCE elevou sua taxa de refinanciamento de 0% para [&hellip;]<\/p>\n","protected":false},"author":70,"featured_media":141527,"comment_status":"closed","ping_status":"closed","sticky":false,"template":"","format":"standard","meta":[],"categories":[63],"tags":[863,1528,740,710],"suno_strategy":[],"class_list":["post-277480","post","type-post","status-publish","format-standard","has-post-thumbnail","hentry","category-internacional","tag-banco-central-europeu-bce","tag-christine-lagarde","tag-economia","tag-europa"],"yoast_head":"<!-- This site is optimized with the Yoast SEO plugin v24.4 - https:\/\/yoast.com\/wordpress\/plugins\/seo\/ -->\n<title>BCE eleva juros em 0,50 p.p., em primeiro aumento desde 2011<\/title>\n<meta name=\"description\" content=\"Decis\u00e3o do BCE sobre juros implica em tentativa de conter a disparada da infla\u00e7\u00e3o na zona do euro. Saiba tudo sobre!\" \/>\n<meta name=\"robots\" content=\"index, follow, max-snippet:-1, max-image-preview:large, max-video-preview:-1\" \/>\n<link rel=\"canonical\" href=\"https:\/\/www.suno.com.br\/noticias\/bce-juros-zona-do-euro\/\" \/>\n<meta property=\"og:locale\" content=\"pt_BR\" \/>\n<meta property=\"og:type\" content=\"article\" \/>\n<meta property=\"og:title\" content=\"BCE eleva juros em 0,50 p.p., em primeiro aumento desde 2011\" \/>\n<meta property=\"og:description\" content=\"Decis\u00e3o do BCE sobre juros implica em tentativa de conter a disparada da infla\u00e7\u00e3o na zona do euro. Saiba tudo sobre!\" \/>\n<meta property=\"og:url\" content=\"https:\/\/www.suno.com.br\/noticias\/bce-juros-zona-do-euro\/\" \/>\n<meta property=\"og:site_name\" content=\"Suno Not\u00edcias\" \/>\n<meta property=\"article:publisher\" content=\"https:\/\/facebook.com\/sunoresearch\" \/>\n<meta property=\"og:image\" content=\"https:\/\/files.sunoresearch.com.br\/n\/uploads\/2021\/04\/07dfe73c-euro-1256252_1280.jpg\" \/>\n\t<meta property=\"og:image:width\" content=\"1280\" \/>\n\t<meta property=\"og:image:height\" content=\"835\" \/>\n\t<meta property=\"og:image:type\" content=\"image\/jpeg\" \/>\n<meta name=\"author\" content=\"Beatriz Boyadjian\" \/>\n<meta name=\"twitter:card\" content=\"summary_large_image\" \/>\n<meta name=\"twitter:creator\" content=\"@sunoresearch\" \/>\n<meta name=\"twitter:site\" content=\"@sunoresearch\" \/>\n<meta name=\"twitter:label1\" content=\"Escrito por\" \/>\n\t<meta name=\"twitter:data1\" content=\"Beatriz Boyadjian\" \/>\n\t<meta name=\"twitter:label2\" content=\"Est. tempo de leitura\" \/>\n\t<meta name=\"twitter:data2\" content=\"2 minutos\" \/>\n<script type=\"application\/ld+json\" class=\"yoast-schema-graph\">{\"@context\":\"https:\/\/schema.org\",\"@graph\":[{\"@type\":\"NewsArticle\",\"@id\":\"https:\/\/www.suno.com.br\/noticias\/bce-juros-zona-do-euro\/#article\",\"isPartOf\":{\"@id\":\"https:\/\/www.suno.com.br\/noticias\/bce-juros-zona-do-euro\/\"},\"author\":{\"name\":\"Beatriz Boyadjian\",\"@id\":\"https:\/\/www.suno.com.br\/noticias\/#\/schema\/person\/c9d40f227e4ffee8114b1299c28902b0\"},\"headline\":\"BCE eleva juros em 0,50 p.p., em primeiro aumento desde 2011\",\"datePublished\":\"2022-07-21T13:56:11+00:00\",\"dateModified\":\"2022-07-21T15:19:47+00:00\",\"mainEntityOfPage\":{\"@id\":\"https:\/\/www.suno.com.br\/noticias\/bce-juros-zona-do-euro\/\"},\"wordCount\":374,\"publisher\":{\"@id\":\"https:\/\/www.suno.com.br\/noticias\/#organization\"},\"image\":{\"@id\":\"https:\/\/www.suno.com.br\/noticias\/bce-juros-zona-do-euro\/#primaryimage\"},\"thumbnailUrl\":\"https:\/\/files.sunoresearch.com.br\/n\/uploads\/2021\/04\/07dfe73c-euro-1256252_1280-jpg.webp\",\"keywords\":[\"Banco Central Europeu (BCE)\",\"Christine Lagarde\",\"Economia\",\"Europa\"],\"articleSection\":[\"Internacional\"],\"inLanguage\":\"pt-BR\"},{\"@type\":\"WebPage\",\"@id\":\"https:\/\/www.suno.com.br\/noticias\/bce-juros-zona-do-euro\/\",\"url\":\"https:\/\/www.suno.com.br\/noticias\/bce-juros-zona-do-euro\/\",\"name\":\"BCE eleva juros em 0,50 p.p., em primeiro aumento desde 2011\",\"isPartOf\":{\"@id\":\"https:\/\/www.suno.com.br\/noticias\/#website\"},\"primaryImageOfPage\":{\"@id\":\"https:\/\/www.suno.com.br\/noticias\/bce-juros-zona-do-euro\/#primaryimage\"},\"image\":{\"@id\":\"https:\/\/www.suno.com.br\/noticias\/bce-juros-zona-do-euro\/#primaryimage\"},\"thumbnailUrl\":\"https:\/\/files.sunoresearch.com.br\/n\/uploads\/2021\/04\/07dfe73c-euro-1256252_1280-jpg.webp\",\"datePublished\":\"2022-07-21T13:56:11+00:00\",\"dateModified\":\"2022-07-21T15:19:47+00:00\",\"description\":\"Decis\u00e3o do BCE sobre juros implica em tentativa de conter a disparada da infla\u00e7\u00e3o na zona do euro. Saiba tudo sobre!\",\"breadcrumb\":{\"@id\":\"https:\/\/www.suno.com.br\/noticias\/bce-juros-zona-do-euro\/#breadcrumb\"},\"inLanguage\":\"pt-BR\",\"potentialAction\":[{\"@type\":\"ReadAction\",\"target\":[\"https:\/\/www.suno.com.br\/noticias\/bce-juros-zona-do-euro\/\"]}]},{\"@type\":\"ImageObject\",\"inLanguage\":\"pt-BR\",\"@id\":\"https:\/\/www.suno.com.br\/noticias\/bce-juros-zona-do-euro\/#primaryimage\",\"url\":\"https:\/\/files.sunoresearch.com.br\/n\/uploads\/2021\/04\/07dfe73c-euro-1256252_1280-jpg.webp\",\"contentUrl\":\"https:\/\/files.sunoresearch.com.br\/n\/uploads\/2021\/04\/07dfe73c-euro-1256252_1280-jpg.webp\",\"width\":1280,\"height\":835,\"caption\":\"BCE. Foto: Pixabay\"},{\"@type\":\"BreadcrumbList\",\"@id\":\"https:\/\/www.suno.com.br\/noticias\/bce-juros-zona-do-euro\/#breadcrumb\",\"itemListElement\":[{\"@type\":\"ListItem\",\"position\":1,\"name\":\"Not\u00edcias\",\"item\":\"https:\/\/www.suno.com.br\/noticias\/\"},{\"@type\":\"ListItem\",\"position\":2,\"name\":\"Internacional\",\"item\":\"https:\/\/www.suno.com.br\/noticias\/internacional\/\"},{\"@type\":\"ListItem\",\"position\":3,\"name\":\"BCE eleva juros em 0,50 p.p., em primeiro aumento desde 2011\"}]},{\"@type\":\"WebSite\",\"@id\":\"https:\/\/www.suno.com.br\/noticias\/#website\",\"url\":\"https:\/\/www.suno.com.br\/noticias\/\",\"name\":\"Suno Not\u00edcias\",\"description\":\"Seu portal de informa\u00e7\u00e3o sobre o mundo dos investimentos\",\"publisher\":{\"@id\":\"https:\/\/www.suno.com.br\/noticias\/#organization\"},\"potentialAction\":[{\"@type\":\"SearchAction\",\"target\":{\"@type\":\"EntryPoint\",\"urlTemplate\":\"https:\/\/www.suno.com.br\/noticias\/?s={search_term_string}\"},\"query-input\":{\"@type\":\"PropertyValueSpecification\",\"valueRequired\":true,\"valueName\":\"search_term_string\"}}],\"inLanguage\":\"pt-BR\"},{\"@type\":\"Organization\",\"@id\":\"https:\/\/www.suno.com.br\/noticias\/#organization\",\"name\":\"Suno Not\u00edcias\",\"url\":\"https:\/\/www.suno.com.br\/noticias\/\",\"logo\":{\"@type\":\"ImageObject\",\"inLanguage\":\"pt-BR\",\"@id\":\"https:\/\/www.suno.com.br\/noticias\/#\/schema\/logo\/image\/\",\"url\":\"https:\/\/files.sunoresearch.com.br\/n\/uploads\/2021\/09\/suno-logo.png\",\"contentUrl\":\"https:\/\/files.sunoresearch.com.br\/n\/uploads\/2021\/09\/suno-logo.png\",\"width\":180,\"height\":180,\"caption\":\"Suno Not\u00edcias\"},\"image\":{\"@id\":\"https:\/\/www.suno.com.br\/noticias\/#\/schema\/logo\/image\/\"},\"sameAs\":[\"https:\/\/facebook.com\/sunoresearch\",\"https:\/\/x.com\/sunoresearch\",\"https:\/\/www.instagram.com\/suno\",\"https:\/\/www.linkedin.com\/company\/suno-research\/\",\"https:\/\/www.youtube.com\/c\/sunoresearch\"]},{\"@type\":\"Person\",\"@id\":\"https:\/\/www.suno.com.br\/noticias\/#\/schema\/person\/c9d40f227e4ffee8114b1299c28902b0\",\"name\":\"Beatriz Boyadjian\",\"image\":{\"@type\":\"ImageObject\",\"inLanguage\":\"pt-BR\",\"@id\":\"https:\/\/www.suno.com.br\/noticias\/#\/schema\/person\/image\/\",\"url\":\"https:\/\/secure.gravatar.com\/avatar\/4c3c59f4030e268f950437c4f36e38b7?s=96&r=g\",\"contentUrl\":\"https:\/\/secure.gravatar.com\/avatar\/4c3c59f4030e268f950437c4f36e38b7?s=96&r=g\",\"caption\":\"Beatriz Boyadjian\"},\"description\":\"Rep\u00f3rter multim\u00eddia no Suno Not\u00edcias. Jornalista formada pela Faculdade C\u00e1sper L\u00edbero, foi rep\u00f3rter da Forbes Brasil e atuou na cobertura de hard news, economia, neg\u00f3cios e lifestyle. Gerenciou as redes sociais da edi\u00e7\u00e3o brasileira da tradicional revista de neg\u00f3cios. Na M\u00e1quina Cohn&amp;Wolfe, atuou como rela\u00e7\u00f5es p\u00fablicas de clientes do N\u00facleo de Sa\u00fade da empresa. Produziu releases, notas, relat\u00f3rios, entre outros, para empresas como Biomm, Hypera, FIDI. Anteriormente, respons\u00e1vel pelas redes sociais do Suno Not\u00edcias.\",\"sameAs\":[\"https:\/\/www.linkedin.com\/in\/beatriz-boyadjian\/\"],\"url\":\"https:\/\/www.suno.com.br\/noticias\/author\/beatriz-boyadjian\/\"}]}<\/script>\n<!-- \/ Yoast SEO plugin. -->","yoast_head_json":{"title":"BCE eleva juros em 0,50 p.p., em primeiro aumento desde 2011","description":"Decis\u00e3o do BCE sobre juros implica em tentativa de conter a disparada da infla\u00e7\u00e3o na zona do euro. Saiba tudo sobre!","robots":{"index":"index","follow":"follow","max-snippet":"max-snippet:-1","max-image-preview":"max-image-preview:large","max-video-preview":"max-video-preview:-1"},"canonical":"https:\/\/www.suno.com.br\/noticias\/bce-juros-zona-do-euro\/","og_locale":"pt_BR","og_type":"article","og_title":"BCE eleva juros em 0,50 p.p., em primeiro aumento desde 2011","og_description":"Decis\u00e3o do BCE sobre juros implica em tentativa de conter a disparada da infla\u00e7\u00e3o na zona do euro. Saiba tudo sobre!","og_url":"https:\/\/www.suno.com.br\/noticias\/bce-juros-zona-do-euro\/","og_site_name":"Suno Not\u00edcias","article_publisher":"https:\/\/facebook.com\/sunoresearch","og_image":[{"width":1280,"height":835,"url":"https:\/\/files.sunoresearch.com.br\/n\/uploads\/2021\/04\/07dfe73c-euro-1256252_1280.jpg","type":"image\/jpeg"}],"author":"Beatriz Boyadjian","twitter_card":"summary_large_image","twitter_creator":"@sunoresearch","twitter_site":"@sunoresearch","twitter_misc":{"Escrito por":"Beatriz Boyadjian","Est. tempo de leitura":"2 minutos"},"schema":{"@context":"https:\/\/schema.org","@graph":[{"@type":"NewsArticle","@id":"https:\/\/www.suno.com.br\/noticias\/bce-juros-zona-do-euro\/#article","isPartOf":{"@id":"https:\/\/www.suno.com.br\/noticias\/bce-juros-zona-do-euro\/"},"author":{"name":"Beatriz Boyadjian","@id":"https:\/\/www.suno.com.br\/noticias\/#\/schema\/person\/c9d40f227e4ffee8114b1299c28902b0"},"headline":"BCE eleva juros em 0,50 p.p., em primeiro aumento desde 2011","datePublished":"2022-07-21T13:56:11+00:00","dateModified":"2022-07-21T15:19:47+00:00","mainEntityOfPage":{"@id":"https:\/\/www.suno.com.br\/noticias\/bce-juros-zona-do-euro\/"},"wordCount":374,"publisher":{"@id":"https:\/\/www.suno.com.br\/noticias\/#organization"},"image":{"@id":"https:\/\/www.suno.com.br\/noticias\/bce-juros-zona-do-euro\/#primaryimage"},"thumbnailUrl":"https:\/\/files.sunoresearch.com.br\/n\/uploads\/2021\/04\/07dfe73c-euro-1256252_1280-jpg.webp","keywords":["Banco Central Europeu (BCE)","Christine Lagarde","Economia","Europa"],"articleSection":["Internacional"],"inLanguage":"pt-BR"},{"@type":"WebPage","@id":"https:\/\/www.suno.com.br\/noticias\/bce-juros-zona-do-euro\/","url":"https:\/\/www.suno.com.br\/noticias\/bce-juros-zona-do-euro\/","name":"BCE eleva juros em 0,50 p.p., em primeiro aumento desde 2011","isPartOf":{"@id":"https:\/\/www.suno.com.br\/noticias\/#website"},"primaryImageOfPage":{"@id":"https:\/\/www.suno.com.br\/noticias\/bce-juros-zona-do-euro\/#primaryimage"},"image":{"@id":"https:\/\/www.suno.com.br\/noticias\/bce-juros-zona-do-euro\/#primaryimage"},"thumbnailUrl":"https:\/\/files.sunoresearch.com.br\/n\/uploads\/2021\/04\/07dfe73c-euro-1256252_1280-jpg.webp","datePublished":"2022-07-21T13:56:11+00:00","dateModified":"2022-07-21T15:19:47+00:00","description":"Decis\u00e3o do BCE sobre juros implica em tentativa de conter a disparada da infla\u00e7\u00e3o na zona do euro. Saiba tudo sobre!","breadcrumb":{"@id":"https:\/\/www.suno.com.br\/noticias\/bce-juros-zona-do-euro\/#breadcrumb"},"inLanguage":"pt-BR","potentialAction":[{"@type":"ReadAction","target":["https:\/\/www.suno.com.br\/noticias\/bce-juros-zona-do-euro\/"]}]},{"@type":"ImageObject","inLanguage":"pt-BR","@id":"https:\/\/www.suno.com.br\/noticias\/bce-juros-zona-do-euro\/#primaryimage","url":"https:\/\/files.sunoresearch.com.br\/n\/uploads\/2021\/04\/07dfe73c-euro-1256252_1280-jpg.webp","contentUrl":"https:\/\/files.sunoresearch.com.br\/n\/uploads\/2021\/04\/07dfe73c-euro-1256252_1280-jpg.webp","width":1280,"height":835,"caption":"BCE. Foto: Pixabay"},{"@type":"BreadcrumbList","@id":"https:\/\/www.suno.com.br\/noticias\/bce-juros-zona-do-euro\/#breadcrumb","itemListElement":[{"@type":"ListItem","position":1,"name":"Not\u00edcias","item":"https:\/\/www.suno.com.br\/noticias\/"},{"@type":"ListItem","position":2,"name":"Internacional","item":"https:\/\/www.suno.com.br\/noticias\/internacional\/"},{"@type":"ListItem","position":3,"name":"BCE eleva juros em 0,50 p.p., em primeiro aumento desde 2011"}]},{"@type":"WebSite","@id":"https:\/\/www.suno.com.br\/noticias\/#website","url":"https:\/\/www.suno.com.br\/noticias\/","name":"Suno Not\u00edcias","description":"Seu portal de informa\u00e7\u00e3o sobre o mundo dos investimentos","publisher":{"@id":"https:\/\/www.suno.com.br\/noticias\/#organization"},"potentialAction":[{"@type":"SearchAction","target":{"@type":"EntryPoint","urlTemplate":"https:\/\/www.suno.com.br\/noticias\/?s={search_term_string}"},"query-input":{"@type":"PropertyValueSpecification","valueRequired":true,"valueName":"search_term_string"}}],"inLanguage":"pt-BR"},{"@type":"Organization","@id":"https:\/\/www.suno.com.br\/noticias\/#organization","name":"Suno Not\u00edcias","url":"https:\/\/www.suno.com.br\/noticias\/","logo":{"@type":"ImageObject","inLanguage":"pt-BR","@id":"https:\/\/www.suno.com.br\/noticias\/#\/schema\/logo\/image\/","url":"https:\/\/files.sunoresearch.com.br\/n\/uploads\/2021\/09\/suno-logo.png","contentUrl":"https:\/\/files.sunoresearch.com.br\/n\/uploads\/2021\/09\/suno-logo.png","width":180,"height":180,"caption":"Suno Not\u00edcias"},"image":{"@id":"https:\/\/www.suno.com.br\/noticias\/#\/schema\/logo\/image\/"},"sameAs":["https:\/\/facebook.com\/sunoresearch","https:\/\/x.com\/sunoresearch","https:\/\/www.instagram.com\/suno","https:\/\/www.linkedin.com\/company\/suno-research\/","https:\/\/www.youtube.com\/c\/sunoresearch"]},{"@type":"Person","@id":"https:\/\/www.suno.com.br\/noticias\/#\/schema\/person\/c9d40f227e4ffee8114b1299c28902b0","name":"Beatriz Boyadjian","image":{"@type":"ImageObject","inLanguage":"pt-BR","@id":"https:\/\/www.suno.com.br\/noticias\/#\/schema\/person\/image\/","url":"https:\/\/secure.gravatar.com\/avatar\/4c3c59f4030e268f950437c4f36e38b7?s=96&r=g","contentUrl":"https:\/\/secure.gravatar.com\/avatar\/4c3c59f4030e268f950437c4f36e38b7?s=96&r=g","caption":"Beatriz Boyadjian"},"description":"Rep\u00f3rter multim\u00eddia no Suno Not\u00edcias. Jornalista formada pela Faculdade C\u00e1sper L\u00edbero, foi rep\u00f3rter da Forbes Brasil e atuou na cobertura de hard news, economia, neg\u00f3cios e lifestyle. Gerenciou as redes sociais da edi\u00e7\u00e3o brasileira da tradicional revista de neg\u00f3cios. Na M\u00e1quina Cohn&amp;Wolfe, atuou como rela\u00e7\u00f5es p\u00fablicas de clientes do N\u00facleo de Sa\u00fade da empresa. Produziu releases, notas, relat\u00f3rios, entre outros, para empresas como Biomm, Hypera, FIDI. Anteriormente, respons\u00e1vel pelas redes sociais do Suno Not\u00edcias.","sameAs":["https:\/\/www.linkedin.com\/in\/beatriz-boyadjian\/"],"url":"https:\/\/www.suno.com.br\/noticias\/author\/beatriz-boyadjian\/"}]}},"default_loop_html":"<div class=\"cardsPage__listCard__boxs\"><div class=\"cardsPage__listCard__boxs__img\"><a href=\"https:\/\/www.suno.com.br\/noticias\/bce-juros-zona-do-euro\/\"><img class=\"mask\" src=\"https:\/\/www.suno.com.br\/noticias\/wp-content\/themes\/suno\/resources\/images\/spotlight\/spotlight1img\/bg-mask.png\" alt=\"Image Mask\"\/><img src=\"https:\/\/files.sunoresearch.com.br\/n\/uploads\/2021\/04\/07dfe73c-euro-1256252_1280-400x200.webp\" alt=\"BCE eleva juros em 0,50 p.p., em primeiro aumento desde 2011\"\/><\/a><span class=\"spotlightCategory\"><a href=\"https:\/\/www.suno.com.br\/noticias\/internacional\/\">Internacional<\/a><\/span><\/div><div class=\"cardsPage__listCard__boxs__content\"><a href=\"https:\/\/www.suno.com.br\/noticias\/bce-juros-zona-do-euro\/\"><h2 class=\"content__title\">BCE eleva juros em 0,50 p.p., em primeiro aumento desde 2011<\/h2><\/a><div class=\"newsContent__article__meta\"><div class=\"newsContent__article__meta__authorBox\"><a href=\"https:\/\/www.suno.com.br\/noticias\/author\/beatriz-boyadjian\/\" class=\"authorBox__avatar noMobi\"><img src=\"https:\/\/secure.gravatar.com\/avatar\/4c3c59f4030e268f950437c4f36e38b7?s=96&#038;r=g\" alt=\"Beatriz Boyadjian\"><\/a><div class=\"authorBox__name\"><span>por\n\t\t\t<a href=\"https:\/\/www.suno.com.br\/noticias\/author\/beatriz-boyadjian\/\"><span itemprop=\"author\">Beatriz Boyadjian<\/span><\/a><\/span><time datetime=\"2022-07-21T10:56:11-03:00\" itemprop=\"datePublished\">21\/07\/2022 10:56<\/time><\/div><\/div><\/div><\/div><\/div>","single_layout":"posts","amp_enabled":true,"_links":{"self":[{"href":"https:\/\/www.suno.com.br\/noticias\/wp-json\/wp\/v2\/posts\/277480"}],"collection":[{"href":"https:\/\/www.suno.com.br\/noticias\/wp-json\/wp\/v2\/posts"}],"about":[{"href":"https:\/\/www.suno.com.br\/noticias\/wp-json\/wp\/v2\/types\/post"}],"author":[{"embeddable":true,"href":"https:\/\/www.suno.com.br\/noticias\/wp-json\/wp\/v2\/users\/70"}],"replies":[{"embeddable":true,"href":"https:\/\/www.suno.com.br\/noticias\/wp-json\/wp\/v2\/comments?post=277480"}],"version-history":[{"count":3,"href":"https:\/\/www.suno.com.br\/noticias\/wp-json\/wp\/v2\/posts\/277480\/revisions"}],"predecessor-version":[{"id":277485,"href":"https:\/\/www.suno.com.br\/noticias\/wp-json\/wp\/v2\/posts\/277480\/revisions\/277485"}],"wp:featuredmedia":[{"embeddable":true,"href":"https:\/\/www.suno.com.br\/noticias\/wp-json\/wp\/v2\/media\/141527"}],"wp:attachment":[{"href":"https:\/\/www.suno.com.br\/noticias\/wp-json\/wp\/v2\/media?parent=277480"}],"wp:term":[{"taxonomy":"category","embeddable":true,"href":"https:\/\/www.suno.com.br\/noticias\/wp-json\/wp\/v2\/categories?post=277480"},{"taxonomy":"post_tag","embeddable":true,"href":"https:\/\/www.suno.com.br\/noticias\/wp-json\/wp\/v2\/tags?post=277480"},{"taxonomy":"suno_strategy","embeddable":true,"href":"https:\/\/www.suno.com.br\/noticias\/wp-json\/wp\/v2\/suno_strategy?post=277480"}],"curies":[{"name":"wp","href":"https:\/\/api.w.org\/{rel}","templated":true}]}}