{"id":277425,"date":"2022-07-21T09:42:16","date_gmt":"2022-07-21T12:42:16","guid":{"rendered":"https:\/\/www.suno.com.br\/noticias\/?p=277425"},"modified":"2022-07-21T09:42:16","modified_gmt":"2022-07-21T12:42:16","slug":"embraer-embr3-memorando-cargueiros","status":"publish","type":"post","link":"https:\/\/www.suno.com.br\/noticias\/embraer-embr3-memorando-cargueiros\/","title":{"rendered":"Embraer (EMBR3) fecha acordo para convers\u00e3o das primeiras aeronaves cargueiras"},"content":{"rendered":"<p>A <a href=\"https:\/\/www.suno.com.br\/acoes\/EMBR3\/\"><strong>Embraer<\/strong> (EMBR3)<\/a> informou que a Nordic Aviation Capital (NAC), maior empresa de leasing de aeronaves regionais do mundo, assinou um memorando de entendimento para a Astral Aviation, com sede em Nairobi, Qu\u00eania, para a convers\u00e3o das duas primeiras aeronaves cargueiras do modelo E190F.<\/p><div class=\"videoFull videoFull--noRadius\">\n\t\t\t<div class=\"videoWrapper yt-lazyload center\"\n\t\t\t\tdata-width=\"960\"\n\t\t\t\tdata-height=\"540\"\n\t\t\t\tdata-id=\"VIHCzdc8sYY\"\n\t\t\t\tdata-alt=\"Veja o Morning Call desta quinta-feira (21\/07)\"\n\t\t\t\tdata-logo=\"3\"\n\t\t\t\tdata-imagequality=\"maxres\">\n\t\t\t<\/div>\n\t\t<\/div><span class=\"videoFull__caption videoFull__caption--show\">Veja o Morning Call desta quinta-feira (21\/07)<p><\/p><\/span><script type=\"application\/ld+json\">{\"@context\":\"https:\/\/schema.org\",\"@type\":\"VideoObject\",\"name\":\"Juros mais altos na Europa | Crise pol\u00edtica na It\u00e1lia | Governo enfrenta Petrobras (PETR4)\",\"description\":\"\u2728\ud83d\udd8b\ufe0f\u2728 \ud835\udde6\ud835\ude02\ud835\uddfb\ud835\uddfc \ud835\udde3\ud835\uddff\ud835\uddf2\ud835\uddfa\ud835\uddf6\ud835\ude02\ud835\uddfa \ud835\uddf0\ud835\uddfc\ud835\uddfa \ud835\udfee\ud835\udfec% \ud835\uddf1\ud835\uddf2 \ud835\uddf1\ud835\uddf2\ud835\ude00\ud835\uddf0\ud835\uddfc\ud835\uddfb\ud835\ude01\ud835\uddfc! \ud835\uddd4\ud835\uddfd\ud835\uddff\ud835\uddfc\ud835\ude03\ud835\uddf2\ud835\uddf6\ud835\ude01\ud835\uddf2!\ud83d\udc49https:\/\/lp.suno.com.br\/pv\/caminhos-para-investir-melhor\/suno-premium\/?utm_source=youtube.noticias&utm_medium=video&utm_campaign=RS.RTP22.ns.20220718 \u2728\ud83d\udd8b\ufe0f\u2728 \ud835\udde6\ud835\ude02\ud835\uddfb\ud835\uddfc \ud835\udde6\ud835\ude01\ud835\uddee\ud835\uddff\ud835\ude01 \ud835\uddf0\ud835\uddfc\ud835\uddfa \ud835\udff0\ud835\udfec% \ud835\uddf1\ud835\uddf2 \ud835\uddf1\ud835\uddf2\ud835\ude00\ud835\uddf0\ud835\uddfc\ud835\uddfb\ud835\ude01\ud835\uddfc! \u00c9 \ud835\uddee \ud835\uddf5\ud835\uddfc\ud835\uddff\ud835\uddee \ud835\uddf1\ud835\uddf2 \ud835\uddf0\ud835\uddfc\ud835\uddfa\ud835\uddf2\u00e7\ud835\uddee\ud835\uddff \ud835\uddee \ud835\uddf6\ud835\uddfb\ud835\ude03\ud835\uddf2\ud835\ude00\ud835\ude01\ud835\uddf6\ud835\uddff!\ud83d\udc49 https:\/\/lp.suno.com.br\/pv\/caminhos-para-investir-melhor\/suno-start\/?utm_source=youtube.noticias&utm_medium=video&utm_campaign=RS.RTP22.ns.20220718 \ud83d\udcca \ud835\udc00\ud835\udc29\ud835\udc2b\ud835\udc1e\ud835\udc27\ud835\udc1d\ud835\udc1a \ud835\udc1c\ud835\udc28\ud835\udc26\ud835\udc28 \ud835\udc1a\ud835\udc27\ud835\udc1a\ud835\udc25\ud835\udc22\ud835\udc2c\ud835\udc1a\ud835\udc2b \ud835\udc2e\ud835\udc26\ud835\udc1a \ud835\udc1a\u00e7\u00e3\ud835\udc28 [\ud835\udc04\ud835\udc01\ud835\udc0e\ud835\udc0e\ud835\udc0a \ud835\udc06\ud835\udc11\ud835\udc00\ud835\udc13\ud835\udc14\ud835\udc08\ud835\udc13\ud835\udc0e] \ud83d\udc49 https:\/\/lp.suno.com.br\/ebook-como-analisar-uma-acao\/?utm_source=youtube.noticias&utm_medium=video&utm_campaign=ebookcomoanalisarumaacao.20220307&utm_content= \ud83d\udcda [\ud835\udc04-\ud835\udc1b\ud835\udc28\ud835\udc28\ud835\udc24 \ud835\udc06\ud835\udc2b\ud835\udc1a\ud835\udc2d\ud835\udc2e\ud835\udc22\ud835\udc2d\ud835\udc28] \ud835\udc06\ud835\udc2e\ud835\udc22\ud835\udc1a \ud835\udc02\ud835\udc28\ud835\udc26\ud835\udc29\ud835\udc25\ud835\udc1e\ud835\udc2d\ud835\udc28: \ud835\udc03\ud835\udc22\ud835\udc2f\ud835\udc22\ud835\udc1d\ud835\udc1e\ud835\udc27\ud835\udc1d\ud835\udc28\ud835\udc2c: https:\/\/lp.suno.com.br\/lm\/ebook\/guia-completo-dividendos\/?utm_source=youtube.noticias&utm_medium=video&utm_campaign=ebook-guiacompleto:dividendos.20220315&utm_content= No in\u00edcio desta quinta-feira (21), os \u00edndices futuros de Nova York e bolsas da Europa\u2026\",\"duration\":\"PT32M7S\",\"embedUrl\":\"https:\/\/www.youtube.com\/embed\/VIHCzdc8sYY\",\"regionsAllowed\":\"pt-BR\",\"interactionStatistic\":{\"@type\":\"InteractionCounter\",\"interactionType\":{\"@type\":\"WatchAction\"},\"userInteractionCount\":2411},\"thumbnailUrl\":\"https:\/\/i.ytimg.com\/vi\/VIHCzdc8sYY\/default.jpg\",\"uploadDate\":\"2022-07-21T12:37:56Z\"}<\/script>\n\n\t<p>\n\t\t<a href=\"\" target=\"_blank\" data-element=\"shortcode-suno-banner\" title=\"Banner SUNO, clique e saiba mais\">\n\t\t\t<picture>\n\t\t\t\t<source media=\"(max-width: 500px)\" srcset=\"\">\n\t\t\t\t<img class=\"newsContent__article__imgCapa newsContent__article__imgCapa--banner\"\n\t\t\t\t\tsrc=\"\"\n\t\t\t\t\tdata-promo-id=\"138420\"\t\t\t\t\t\t\t\t\t\t\t\t\t\t\talt=\"\"\n\t\t\t\t>\n\t\t\t<\/picture>\n\t\t<\/a>\n\t<\/p>\n\n\n<p>A informa\u00e7\u00e3o foi divulgada pela pr\u00f3pria Embraer, nesta quarta-feira (20).<\/p>\n<p>Em maio de 2022, a <strong>NAC e a Embraer<\/strong> chegaram a um acordo para que a empresa de leasing tivesse at\u00e9 10 posi\u00e7\u00f5es de convers\u00e3o para os jatos E190F\/E195F, com as primeiras entregas come\u00e7ando em 2024. As aeronaves ser\u00e3o convertidas da frota j\u00e1 existente de E190 e E195 da NAC.<\/p>\n<p>&#8220;Estamos honrados em ser o cliente de lan\u00e7amento do E190F, que ter\u00e1 como base o hub da Astral em Nairobi, operando uma combina\u00e7\u00e3o de voos regulares e fretados em nossa rede interafricana&#8221;, disse no comunicado o fundador e CEO da <strong>Astral Aviation<\/strong>, Sanjeev Gadhia.<\/p>\n\t<p>\n\t\t<a href=\"https:\/\/lp.suno.com.br\/planilha-controle-gastos\/\" target=\"_blank\" data-element=\"shortcode-suno-banner\" title=\"Banner SUNO, clique e saiba mais\">\n\t\t\t<picture>\n\t\t\t\t<source media=\"(max-width: 500px)\" srcset=\"https:\/\/files.sunoresearch.com.br\/n\/uploads\/2023\/03\/400x300-Planilha-controle-de-gastos.png\">\n\t\t\t\t<img class=\"newsContent__article__imgCapa newsContent__article__imgCapa--banner\"\n\t\t\t\t\tsrc=\"https:\/\/files.sunoresearch.com.br\/n\/uploads\/2023\/03\/1420x240-Planilha-controle-de-gastos.png\"\n\t\t\t\t\tdata-promo-id=\"101751\"\t\t\t\t\t\t\t\t\t\twidth='1420' height='240'\t\t\t\t\talt=\"https:\/\/files.sunoresearch.com.br\/n\/uploads\/2023\/03\/1420x240-Planilha-controle-de-gastos.png\"\n\t\t\t\t>\n\t\t\t<\/picture>\n\t\t<\/a>\n\t<\/p>\n\n\n<p>&#8220;A resposta ao programa (de convers\u00e3o de aeronaves) da Embraer, lan\u00e7ado apenas em mar\u00e7o deste ano, tem sido incr\u00edvel&#8221;, disse o presidente e CEO da Embraer Servi\u00e7os &amp; Suporte, Johann Bordais.<\/p>\n<h2>Embraer diz que demanda de viagens deve crescer 3,2% ao ano<\/h2>\n<p>A <a class=\"suno-keyword\" href=\"https:\/\/statusinvest.com.br\/acoes\/embr3\" target=\"_blank\" rel=\"noopener\" data-force=\"yes\" data-priority=\"2\">Embraer<\/a>\u00a0divulgou na ter\u00e7a-feira (19) um estudo que aponta que o crescimento da demanda global por viagens a\u00e9reas crescer\u00e1 3,2% ao ano, nos pr\u00f3ximos 20 anos.<\/p>\n<p>A taxa atualizada \u00e9 0,1 ponto percentual menor do que a prevista no ano passado pela Embraer, de 3,3%\/ano. \u201cO crescimento mais fraco reflete uma desacelera\u00e7\u00e3o de <a class=\"suno-keyword\" href=\"https:\/\/www.suno.com.br\/artigos\/curto-prazo\/\" target=\"_blank\" rel=\"noopener\" data-force=\"no\" data-priority=\"1\">curto prazo<\/a> da economia global, os efeitos da pandemia e o impacto do conflito R\u00fassia\u2013Ucr\u00e2nia\u201d, mostra o relat\u00f3rio.<\/p>\n\t<p>\n\t\t<a href=\"https:\/\/lp.suno.com.br\/planilha-da-vida-financeira\/\" target=\"_blank\" data-element=\"shortcode-suno-banner\" title=\"Banner SUNO, clique e saiba mais\">\n\t\t\t<picture>\n\t\t\t\t<source media=\"(max-width: 500px)\" srcset=\"https:\/\/files.sunoresearch.com.br\/n\/uploads\/2023\/04\/400x300-Planilha-vida-financeira-true.png\">\n\t\t\t\t<img class=\"newsContent__article__imgCapa newsContent__article__imgCapa--banner\"\n\t\t\t\t\tsrc=\"https:\/\/files.sunoresearch.com.br\/n\/uploads\/2023\/04\/1420x240-Planilha-vida-financeira-true.png\"\n\t\t\t\t\tdata-promo-id=\"106682\"\t\t\t\t\t\t\t\t\t\twidth='1420' height='240'\t\t\t\t\talt=\"https:\/\/files.sunoresearch.com.br\/n\/uploads\/2023\/04\/1420x240-Planilha-vida-financeira-true.png\"\n\t\t\t\t>\n\t\t\t<\/picture>\n\t\t<\/a>\n\t<\/p>\n\n\n<p>A Embraer projeta que a receita por passageiro-quil\u00f4metro (RPK) volte ao patamar pr\u00e9-pandemia at\u00e9 2024, impulsionada pelo crescimento dos n\u00fameros de home office e da regionaliza\u00e7\u00e3o das empresas. A empresa acredita que tais tend\u00eancias v\u00e3o trazer mais demanda por aeronaves de menor capacidade.<\/p>\n<p>Outro ponto da pesquisa \u00e9 que a demanda global por novas aeronaves de at\u00e9 150 assentos vai alcan\u00e7ar 10.950 unidades nas pr\u00f3ximas d\u00e9cadas, sendo 8.670 jatos e 2.280 turbo\u00e9lices. Dentro do per\u00edodo avaliado, o <strong><a class=\"suno-keyword\" href=\"https:\/\/www.suno.com.br\/artigos\/valor-de-mercado\/\" target=\"_blank\" rel=\"noopener\" data-force=\"no\" data-priority=\"1\">valor de mercado<\/a> <\/strong>deve atingir US$ 650 bilh\u00f5es.<\/p>\n<p>Com o fortalecimento do e-commerce, a <strong>Embraer<\/strong> acredita que novos mercados para aeronaves a jato de carga com menor capacidade est\u00e3o se abrindo, o que refor\u00e7a a demanda por convers\u00f5es de passageiros para cargueiros.<\/p>\n<p class=\"newsProviderSignature\">Com Estad\u00e3o Conte\u00fado<\/p>\n\t<p>\n\t\t<a href=\"https:\/\/lp.suno.com.br\/ebook-como-analisar-uma-acao\/\" target=\"_blank\" data-element=\"shortcode-suno-banner\" title=\"Banner SUNO, clique e saiba mais\">\n\t\t\t<picture>\n\t\t\t\t<source media=\"(max-width: 500px)\" srcset=\"https:\/\/files.sunoresearch.com.br\/n\/uploads\/2023\/03\/Ebook-Acoes-Mobile-1.jpg\">\n\t\t\t\t<img class=\"newsContent__article__imgCapa newsContent__article__imgCapa--banner\"\n\t\t\t\t\tsrc=\"https:\/\/files.sunoresearch.com.br\/n\/uploads\/2023\/03\/Ebook-Acoes-Desktop-1.jpg\"\n\t\t\t\t\tdata-promo-id=\"171998\"\t\t\t\t\t\t\t\t\t\twidth='1420' height='286'\t\t\t\t\talt=\"https:\/\/files.sunoresearch.com.br\/n\/uploads\/2023\/03\/Ebook-Acoes-Desktop-1.jpg\"\n\t\t\t\t>\n\t\t\t<\/picture>\n\t\t<\/a>\n\t<\/p>\n\n\n","protected":false},"excerpt":{"rendered":"<p>A Embraer (EMBR3) informou que a Nordic Aviation Capital (NAC), maior empresa de leasing de aeronaves regionais do mundo, assinou um memorando de entendimento para a Astral Aviation, com sede em Nairobi, Qu\u00eania, para a convers\u00e3o das duas primeiras aeronaves cargueiras do modelo E190F. Veja o Morning Call desta quinta-feira (21\/07) A informa\u00e7\u00e3o foi divulgada [&hellip;]<\/p>\n","protected":false},"author":73,"featured_media":204752,"comment_status":"closed","ping_status":"closed","sticky":false,"template":"","format":"standard","meta":[],"categories":[64],"tags":[106444,460],"suno_strategy":[],"class_list":["post-277425","post","type-post","status-publish","format-standard","has-post-thumbnail","hentry","category-negocios","tag-agencias","tag-embraer-embr3"],"yoast_head":"<!-- This site is optimized with the Yoast SEO plugin v24.4 - https:\/\/yoast.com\/wordpress\/plugins\/seo\/ -->\n<title>Embraer (EMBR3) fecha acordo para convers\u00e3o dos primeiros cargueiros<\/title>\n<meta name=\"description\" content=\"A NAC e a Embraer chegaram a um acordo para que a empresa de leasing tivesse at\u00e9 10 posi\u00e7\u00f5es de convers\u00e3o para os jatos E190F\/E195F. Confira!\" \/>\n<meta name=\"robots\" content=\"index, follow, max-snippet:-1, max-image-preview:large, max-video-preview:-1\" \/>\n<link rel=\"canonical\" href=\"https:\/\/www.suno.com.br\/noticias\/embraer-embr3-memorando-cargueiros\/\" \/>\n<meta property=\"og:locale\" content=\"pt_BR\" \/>\n<meta property=\"og:type\" content=\"article\" \/>\n<meta property=\"og:title\" content=\"Embraer (EMBR3) fecha acordo para convers\u00e3o dos primeiros cargueiros\" \/>\n<meta property=\"og:description\" content=\"A NAC e a Embraer chegaram a um acordo para que a empresa de leasing tivesse at\u00e9 10 posi\u00e7\u00f5es de convers\u00e3o para os jatos E190F\/E195F. Confira!\" \/>\n<meta property=\"og:url\" content=\"https:\/\/www.suno.com.br\/noticias\/embraer-embr3-memorando-cargueiros\/\" \/>\n<meta property=\"og:site_name\" content=\"Suno Not\u00edcias\" \/>\n<meta property=\"article:publisher\" content=\"https:\/\/facebook.com\/sunoresearch\" \/>\n<meta property=\"og:image\" content=\"https:\/\/files.sunoresearch.com.br\/n\/uploads\/2021\/11\/embraer-kc-390.jpg\" \/>\n\t<meta property=\"og:image:width\" content=\"1280\" \/>\n\t<meta property=\"og:image:height\" content=\"680\" \/>\n\t<meta property=\"og:image:type\" content=\"image\/jpeg\" \/>\n<meta name=\"author\" content=\"Eduardo Vargas\" \/>\n<meta name=\"twitter:card\" content=\"summary_large_image\" \/>\n<meta name=\"twitter:creator\" content=\"@sunoresearch\" \/>\n<meta name=\"twitter:site\" content=\"@sunoresearch\" \/>\n<meta name=\"twitter:label1\" content=\"Escrito por\" \/>\n\t<meta name=\"twitter:data1\" content=\"Eduardo Vargas\" \/>\n\t<meta name=\"twitter:label2\" content=\"Est. tempo de leitura\" \/>\n\t<meta name=\"twitter:data2\" content=\"3 minutos\" \/>\n<script type=\"application\/ld+json\" class=\"yoast-schema-graph\">{\"@context\":\"https:\/\/schema.org\",\"@graph\":[{\"@type\":\"NewsArticle\",\"@id\":\"https:\/\/www.suno.com.br\/noticias\/embraer-embr3-memorando-cargueiros\/#article\",\"isPartOf\":{\"@id\":\"https:\/\/www.suno.com.br\/noticias\/embraer-embr3-memorando-cargueiros\/\"},\"author\":{\"name\":\"Eduardo Vargas\",\"@id\":\"https:\/\/www.suno.com.br\/noticias\/#\/schema\/person\/7f4d362bf3518e76090143ae77bb49a5\"},\"headline\":\"Embraer (EMBR3) fecha acordo para convers\u00e3o das primeiras aeronaves cargueiras\",\"datePublished\":\"2022-07-21T12:42:16+00:00\",\"mainEntityOfPage\":{\"@id\":\"https:\/\/www.suno.com.br\/noticias\/embraer-embr3-memorando-cargueiros\/\"},\"wordCount\":435,\"publisher\":{\"@id\":\"https:\/\/www.suno.com.br\/noticias\/#organization\"},\"image\":{\"@id\":\"https:\/\/www.suno.com.br\/noticias\/embraer-embr3-memorando-cargueiros\/#primaryimage\"},\"thumbnailUrl\":\"https:\/\/files.sunoresearch.com.br\/n\/uploads\/2021\/11\/embraer-kc-390.jpg\",\"keywords\":[\"Ag\u00eancias\",\"Embraer (EMBR3)\"],\"articleSection\":[\"Neg\u00f3cios\"],\"inLanguage\":\"pt-BR\"},{\"@type\":\"WebPage\",\"@id\":\"https:\/\/www.suno.com.br\/noticias\/embraer-embr3-memorando-cargueiros\/\",\"url\":\"https:\/\/www.suno.com.br\/noticias\/embraer-embr3-memorando-cargueiros\/\",\"name\":\"Embraer (EMBR3) fecha acordo para convers\u00e3o dos primeiros cargueiros\",\"isPartOf\":{\"@id\":\"https:\/\/www.suno.com.br\/noticias\/#website\"},\"primaryImageOfPage\":{\"@id\":\"https:\/\/www.suno.com.br\/noticias\/embraer-embr3-memorando-cargueiros\/#primaryimage\"},\"image\":{\"@id\":\"https:\/\/www.suno.com.br\/noticias\/embraer-embr3-memorando-cargueiros\/#primaryimage\"},\"thumbnailUrl\":\"https:\/\/files.sunoresearch.com.br\/n\/uploads\/2021\/11\/embraer-kc-390.jpg\",\"datePublished\":\"2022-07-21T12:42:16+00:00\",\"description\":\"A NAC e a Embraer chegaram a um acordo para que a empresa de leasing tivesse at\u00e9 10 posi\u00e7\u00f5es de convers\u00e3o para os jatos E190F\/E195F. Confira!\",\"breadcrumb\":{\"@id\":\"https:\/\/www.suno.com.br\/noticias\/embraer-embr3-memorando-cargueiros\/#breadcrumb\"},\"inLanguage\":\"pt-BR\",\"potentialAction\":[{\"@type\":\"ReadAction\",\"target\":[\"https:\/\/www.suno.com.br\/noticias\/embraer-embr3-memorando-cargueiros\/\"]}]},{\"@type\":\"ImageObject\",\"inLanguage\":\"pt-BR\",\"@id\":\"https:\/\/www.suno.com.br\/noticias\/embraer-embr3-memorando-cargueiros\/#primaryimage\",\"url\":\"https:\/\/files.sunoresearch.com.br\/n\/uploads\/2021\/11\/embraer-kc-390.jpg\",\"contentUrl\":\"https:\/\/files.sunoresearch.com.br\/n\/uploads\/2021\/11\/embraer-kc-390.jpg\",\"width\":1280,\"height\":680,\"caption\":\"Embraer - Foto: Reprodu\u00e7\u00e3o\/Site\/Embraer\"},{\"@type\":\"BreadcrumbList\",\"@id\":\"https:\/\/www.suno.com.br\/noticias\/embraer-embr3-memorando-cargueiros\/#breadcrumb\",\"itemListElement\":[{\"@type\":\"ListItem\",\"position\":1,\"name\":\"Not\u00edcias\",\"item\":\"https:\/\/www.suno.com.br\/noticias\/\"},{\"@type\":\"ListItem\",\"position\":2,\"name\":\"Neg\u00f3cios\",\"item\":\"https:\/\/www.suno.com.br\/noticias\/negocios\/\"},{\"@type\":\"ListItem\",\"position\":3,\"name\":\"Embraer (EMBR3) fecha acordo para convers\u00e3o das primeiras aeronaves cargueiras\"}]},{\"@type\":\"WebSite\",\"@id\":\"https:\/\/www.suno.com.br\/noticias\/#website\",\"url\":\"https:\/\/www.suno.com.br\/noticias\/\",\"name\":\"Suno Not\u00edcias\",\"description\":\"Seu portal de informa\u00e7\u00e3o sobre o mundo dos investimentos\",\"publisher\":{\"@id\":\"https:\/\/www.suno.com.br\/noticias\/#organization\"},\"potentialAction\":[{\"@type\":\"SearchAction\",\"target\":{\"@type\":\"EntryPoint\",\"urlTemplate\":\"https:\/\/www.suno.com.br\/noticias\/?s={search_term_string}\"},\"query-input\":{\"@type\":\"PropertyValueSpecification\",\"valueRequired\":true,\"valueName\":\"search_term_string\"}}],\"inLanguage\":\"pt-BR\"},{\"@type\":\"Organization\",\"@id\":\"https:\/\/www.suno.com.br\/noticias\/#organization\",\"name\":\"Suno Not\u00edcias\",\"url\":\"https:\/\/www.suno.com.br\/noticias\/\",\"logo\":{\"@type\":\"ImageObject\",\"inLanguage\":\"pt-BR\",\"@id\":\"https:\/\/www.suno.com.br\/noticias\/#\/schema\/logo\/image\/\",\"url\":\"https:\/\/files.sunoresearch.com.br\/n\/uploads\/2021\/09\/suno-logo.png\",\"contentUrl\":\"https:\/\/files.sunoresearch.com.br\/n\/uploads\/2021\/09\/suno-logo.png\",\"width\":180,\"height\":180,\"caption\":\"Suno Not\u00edcias\"},\"image\":{\"@id\":\"https:\/\/www.suno.com.br\/noticias\/#\/schema\/logo\/image\/\"},\"sameAs\":[\"https:\/\/facebook.com\/sunoresearch\",\"https:\/\/x.com\/sunoresearch\",\"https:\/\/www.instagram.com\/suno\",\"https:\/\/www.linkedin.com\/company\/suno-research\/\",\"https:\/\/www.youtube.com\/c\/sunoresearch\"]},{\"@type\":\"Person\",\"@id\":\"https:\/\/www.suno.com.br\/noticias\/#\/schema\/person\/7f4d362bf3518e76090143ae77bb49a5\",\"name\":\"Eduardo Vargas\",\"image\":{\"@type\":\"ImageObject\",\"inLanguage\":\"pt-BR\",\"@id\":\"https:\/\/www.suno.com.br\/noticias\/#\/schema\/person\/image\/\",\"url\":\"https:\/\/secure.gravatar.com\/avatar\/dac340933427a22924c9f99d1eb2e3f2?s=96&r=g\",\"contentUrl\":\"https:\/\/secure.gravatar.com\/avatar\/dac340933427a22924c9f99d1eb2e3f2?s=96&r=g\",\"caption\":\"Eduardo Vargas\"},\"description\":\"Jornalista formado pela UFSC, cobre macroeconomia, neg\u00f3cios e startups para o Suno Not\u00edcias, escrevendo principalmente not\u00edcias sobre o mercado financeiro e a bolsa de valores. No YouTube e no Instagram, \u00e9 respons\u00e1vel pela produ\u00e7\u00e3o de Reels e Shorts do Suno Not\u00edcias. Anteriormente, trabalhou cobrindo economia e cotidiano no ND+ e para o ND, maior jornal impresso de Santa Catarina. Cursou um semestre letivo de Estudos de M\u00eddia na Universidad de Buenos Aires.\",\"url\":\"https:\/\/www.suno.com.br\/noticias\/author\/eduardo-vargas\/\"}]}<\/script>\n<!-- \/ Yoast SEO plugin. -->","yoast_head_json":{"title":"Embraer (EMBR3) fecha acordo para convers\u00e3o dos primeiros cargueiros","description":"A NAC e a Embraer chegaram a um acordo para que a empresa de leasing tivesse at\u00e9 10 posi\u00e7\u00f5es de convers\u00e3o para os jatos E190F\/E195F. Confira!","robots":{"index":"index","follow":"follow","max-snippet":"max-snippet:-1","max-image-preview":"max-image-preview:large","max-video-preview":"max-video-preview:-1"},"canonical":"https:\/\/www.suno.com.br\/noticias\/embraer-embr3-memorando-cargueiros\/","og_locale":"pt_BR","og_type":"article","og_title":"Embraer (EMBR3) fecha acordo para convers\u00e3o dos primeiros cargueiros","og_description":"A NAC e a Embraer chegaram a um acordo para que a empresa de leasing tivesse at\u00e9 10 posi\u00e7\u00f5es de convers\u00e3o para os jatos E190F\/E195F. Confira!","og_url":"https:\/\/www.suno.com.br\/noticias\/embraer-embr3-memorando-cargueiros\/","og_site_name":"Suno Not\u00edcias","article_publisher":"https:\/\/facebook.com\/sunoresearch","og_image":[{"width":1280,"height":680,"url":"https:\/\/files.sunoresearch.com.br\/n\/uploads\/2021\/11\/embraer-kc-390.jpg","type":"image\/jpeg"}],"author":"Eduardo Vargas","twitter_card":"summary_large_image","twitter_creator":"@sunoresearch","twitter_site":"@sunoresearch","twitter_misc":{"Escrito por":"Eduardo Vargas","Est. tempo de leitura":"3 minutos"},"schema":{"@context":"https:\/\/schema.org","@graph":[{"@type":"NewsArticle","@id":"https:\/\/www.suno.com.br\/noticias\/embraer-embr3-memorando-cargueiros\/#article","isPartOf":{"@id":"https:\/\/www.suno.com.br\/noticias\/embraer-embr3-memorando-cargueiros\/"},"author":{"name":"Eduardo Vargas","@id":"https:\/\/www.suno.com.br\/noticias\/#\/schema\/person\/7f4d362bf3518e76090143ae77bb49a5"},"headline":"Embraer (EMBR3) fecha acordo para convers\u00e3o das primeiras aeronaves cargueiras","datePublished":"2022-07-21T12:42:16+00:00","mainEntityOfPage":{"@id":"https:\/\/www.suno.com.br\/noticias\/embraer-embr3-memorando-cargueiros\/"},"wordCount":435,"publisher":{"@id":"https:\/\/www.suno.com.br\/noticias\/#organization"},"image":{"@id":"https:\/\/www.suno.com.br\/noticias\/embraer-embr3-memorando-cargueiros\/#primaryimage"},"thumbnailUrl":"https:\/\/files.sunoresearch.com.br\/n\/uploads\/2021\/11\/embraer-kc-390.jpg","keywords":["Ag\u00eancias","Embraer (EMBR3)"],"articleSection":["Neg\u00f3cios"],"inLanguage":"pt-BR"},{"@type":"WebPage","@id":"https:\/\/www.suno.com.br\/noticias\/embraer-embr3-memorando-cargueiros\/","url":"https:\/\/www.suno.com.br\/noticias\/embraer-embr3-memorando-cargueiros\/","name":"Embraer (EMBR3) fecha acordo para convers\u00e3o dos primeiros cargueiros","isPartOf":{"@id":"https:\/\/www.suno.com.br\/noticias\/#website"},"primaryImageOfPage":{"@id":"https:\/\/www.suno.com.br\/noticias\/embraer-embr3-memorando-cargueiros\/#primaryimage"},"image":{"@id":"https:\/\/www.suno.com.br\/noticias\/embraer-embr3-memorando-cargueiros\/#primaryimage"},"thumbnailUrl":"https:\/\/files.sunoresearch.com.br\/n\/uploads\/2021\/11\/embraer-kc-390.jpg","datePublished":"2022-07-21T12:42:16+00:00","description":"A NAC e a Embraer chegaram a um acordo para que a empresa de leasing tivesse at\u00e9 10 posi\u00e7\u00f5es de convers\u00e3o para os jatos E190F\/E195F. Confira!","breadcrumb":{"@id":"https:\/\/www.suno.com.br\/noticias\/embraer-embr3-memorando-cargueiros\/#breadcrumb"},"inLanguage":"pt-BR","potentialAction":[{"@type":"ReadAction","target":["https:\/\/www.suno.com.br\/noticias\/embraer-embr3-memorando-cargueiros\/"]}]},{"@type":"ImageObject","inLanguage":"pt-BR","@id":"https:\/\/www.suno.com.br\/noticias\/embraer-embr3-memorando-cargueiros\/#primaryimage","url":"https:\/\/files.sunoresearch.com.br\/n\/uploads\/2021\/11\/embraer-kc-390.jpg","contentUrl":"https:\/\/files.sunoresearch.com.br\/n\/uploads\/2021\/11\/embraer-kc-390.jpg","width":1280,"height":680,"caption":"Embraer - Foto: Reprodu\u00e7\u00e3o\/Site\/Embraer"},{"@type":"BreadcrumbList","@id":"https:\/\/www.suno.com.br\/noticias\/embraer-embr3-memorando-cargueiros\/#breadcrumb","itemListElement":[{"@type":"ListItem","position":1,"name":"Not\u00edcias","item":"https:\/\/www.suno.com.br\/noticias\/"},{"@type":"ListItem","position":2,"name":"Neg\u00f3cios","item":"https:\/\/www.suno.com.br\/noticias\/negocios\/"},{"@type":"ListItem","position":3,"name":"Embraer (EMBR3) fecha acordo para convers\u00e3o das primeiras aeronaves cargueiras"}]},{"@type":"WebSite","@id":"https:\/\/www.suno.com.br\/noticias\/#website","url":"https:\/\/www.suno.com.br\/noticias\/","name":"Suno Not\u00edcias","description":"Seu portal de informa\u00e7\u00e3o sobre o mundo dos investimentos","publisher":{"@id":"https:\/\/www.suno.com.br\/noticias\/#organization"},"potentialAction":[{"@type":"SearchAction","target":{"@type":"EntryPoint","urlTemplate":"https:\/\/www.suno.com.br\/noticias\/?s={search_term_string}"},"query-input":{"@type":"PropertyValueSpecification","valueRequired":true,"valueName":"search_term_string"}}],"inLanguage":"pt-BR"},{"@type":"Organization","@id":"https:\/\/www.suno.com.br\/noticias\/#organization","name":"Suno Not\u00edcias","url":"https:\/\/www.suno.com.br\/noticias\/","logo":{"@type":"ImageObject","inLanguage":"pt-BR","@id":"https:\/\/www.suno.com.br\/noticias\/#\/schema\/logo\/image\/","url":"https:\/\/files.sunoresearch.com.br\/n\/uploads\/2021\/09\/suno-logo.png","contentUrl":"https:\/\/files.sunoresearch.com.br\/n\/uploads\/2021\/09\/suno-logo.png","width":180,"height":180,"caption":"Suno Not\u00edcias"},"image":{"@id":"https:\/\/www.suno.com.br\/noticias\/#\/schema\/logo\/image\/"},"sameAs":["https:\/\/facebook.com\/sunoresearch","https:\/\/x.com\/sunoresearch","https:\/\/www.instagram.com\/suno","https:\/\/www.linkedin.com\/company\/suno-research\/","https:\/\/www.youtube.com\/c\/sunoresearch"]},{"@type":"Person","@id":"https:\/\/www.suno.com.br\/noticias\/#\/schema\/person\/7f4d362bf3518e76090143ae77bb49a5","name":"Eduardo Vargas","image":{"@type":"ImageObject","inLanguage":"pt-BR","@id":"https:\/\/www.suno.com.br\/noticias\/#\/schema\/person\/image\/","url":"https:\/\/secure.gravatar.com\/avatar\/dac340933427a22924c9f99d1eb2e3f2?s=96&r=g","contentUrl":"https:\/\/secure.gravatar.com\/avatar\/dac340933427a22924c9f99d1eb2e3f2?s=96&r=g","caption":"Eduardo Vargas"},"description":"Jornalista formado pela UFSC, cobre macroeconomia, neg\u00f3cios e startups para o Suno Not\u00edcias, escrevendo principalmente not\u00edcias sobre o mercado financeiro e a bolsa de valores. No YouTube e no Instagram, \u00e9 respons\u00e1vel pela produ\u00e7\u00e3o de Reels e Shorts do Suno Not\u00edcias. Anteriormente, trabalhou cobrindo economia e cotidiano no ND+ e para o ND, maior jornal impresso de Santa Catarina. Cursou um semestre letivo de Estudos de M\u00eddia na Universidad de Buenos Aires.","url":"https:\/\/www.suno.com.br\/noticias\/author\/eduardo-vargas\/"}]}},"default_loop_html":"<div class=\"cardsPage__listCard__boxs\"><div class=\"cardsPage__listCard__boxs__img\"><a href=\"https:\/\/www.suno.com.br\/noticias\/embraer-embr3-memorando-cargueiros\/\"><img class=\"mask\" src=\"https:\/\/www.suno.com.br\/noticias\/wp-content\/themes\/suno\/resources\/images\/spotlight\/spotlight1img\/bg-mask.png\" alt=\"Image Mask\"\/><img src=\"https:\/\/files.sunoresearch.com.br\/n\/uploads\/2021\/11\/embraer-kc-390-400x200.jpg\" alt=\"Embraer (EMBR3) fecha acordo para convers\u00e3o das primeiras aeronaves cargueiras\"\/><\/a><span class=\"spotlightCategory\"><a href=\"https:\/\/www.suno.com.br\/noticias\/negocios\/\">Neg\u00f3cios<\/a><\/span><\/div><div class=\"cardsPage__listCard__boxs__content\"><a href=\"https:\/\/www.suno.com.br\/noticias\/embraer-embr3-memorando-cargueiros\/\"><h2 class=\"content__title\">Embraer (EMBR3) fecha acordo para convers\u00e3o das primeiras aeronaves cargueiras<\/h2><\/a><div class=\"newsContent__article__meta\"><div class=\"newsContent__article__meta__authorBox\"><a href=\"https:\/\/www.suno.com.br\/noticias\/author\/eduardo-vargas\/\" class=\"authorBox__avatar noMobi\"><img src=\"https:\/\/secure.gravatar.com\/avatar\/dac340933427a22924c9f99d1eb2e3f2?s=96&#038;r=g\" alt=\"Eduardo Vargas\"><\/a><div class=\"authorBox__name\"><span>por\n\t\t\t<a href=\"https:\/\/www.suno.com.br\/noticias\/author\/eduardo-vargas\/\"><span itemprop=\"author\">Eduardo Vargas<\/span><\/a><\/span><time datetime=\"2022-07-21T09:42:16-03:00\" itemprop=\"datePublished\">21\/07\/2022 09:42<\/time><\/div><\/div><\/div><\/div><\/div>","single_layout":"posts","amp_enabled":true,"_links":{"self":[{"href":"https:\/\/www.suno.com.br\/noticias\/wp-json\/wp\/v2\/posts\/277425"}],"collection":[{"href":"https:\/\/www.suno.com.br\/noticias\/wp-json\/wp\/v2\/posts"}],"about":[{"href":"https:\/\/www.suno.com.br\/noticias\/wp-json\/wp\/v2\/types\/post"}],"author":[{"embeddable":true,"href":"https:\/\/www.suno.com.br\/noticias\/wp-json\/wp\/v2\/users\/73"}],"replies":[{"embeddable":true,"href":"https:\/\/www.suno.com.br\/noticias\/wp-json\/wp\/v2\/comments?post=277425"}],"version-history":[{"count":3,"href":"https:\/\/www.suno.com.br\/noticias\/wp-json\/wp\/v2\/posts\/277425\/revisions"}],"predecessor-version":[{"id":277477,"href":"https:\/\/www.suno.com.br\/noticias\/wp-json\/wp\/v2\/posts\/277425\/revisions\/277477"}],"wp:featuredmedia":[{"embeddable":true,"href":"https:\/\/www.suno.com.br\/noticias\/wp-json\/wp\/v2\/media\/204752"}],"wp:attachment":[{"href":"https:\/\/www.suno.com.br\/noticias\/wp-json\/wp\/v2\/media?parent=277425"}],"wp:term":[{"taxonomy":"category","embeddable":true,"href":"https:\/\/www.suno.com.br\/noticias\/wp-json\/wp\/v2\/categories?post=277425"},{"taxonomy":"post_tag","embeddable":true,"href":"https:\/\/www.suno.com.br\/noticias\/wp-json\/wp\/v2\/tags?post=277425"},{"taxonomy":"suno_strategy","embeddable":true,"href":"https:\/\/www.suno.com.br\/noticias\/wp-json\/wp\/v2\/suno_strategy?post=277425"}],"curies":[{"name":"wp","href":"https:\/\/api.w.org\/{rel}","templated":true}]}}