{"id":277328,"date":"2022-07-20T20:41:52","date_gmt":"2022-07-20T23:41:52","guid":{"rendered":"https:\/\/www.suno.com.br\/noticias\/?p=277328"},"modified":"2022-07-20T20:41:52","modified_gmt":"2022-07-20T23:41:52","slug":"dolar-sobe-fecha-maior-valor-desde-janeiro-2","status":"publish","type":"post","link":"https:\/\/www.suno.com.br\/noticias\/dolar-sobe-fecha-maior-valor-desde-janeiro-2\/","title":{"rendered":"D\u00f3lar fecha na maior cota\u00e7\u00e3o desde 24 de janeiro; valoriza\u00e7\u00e3o \u00e9 de 4,31% em julho"},"content":{"rendered":"<p>Ap\u00f3s uma manh\u00e3 marcada por trocas de sinal, o <strong>d\u00f3lar<\/strong> se firmou em alta ao longo da tarde acompanhando a onda de fortalecimento da moeda americana tanto em rela\u00e7\u00e3o a divisas fortes, em especial o euro, quanto emergentes. Entre m\u00ednima a R$ 5,3911 e m\u00e1xima a R$ 5,4708, o d\u00f3lar encerrou o dia em alta de 0,74%, cotado a R$ 5,4605 &#8211; maior valor de fechamento desde 24 de janeiro (R$ 5,5032). Assim, a divisa passou a acumular valoriza\u00e7\u00e3o de 4,31% em julho, ap\u00f3s ter fechado junho com alta de 10,15%.<\/p>\t<div class=\"wrapper-featured-image\">\n\t\t<figure class=\"spotlightImg\">\n\n\t\t\t<picture>\n\t\t\t\t<source media=\"(max-width: 768px)\" srcset=\"https:\/\/files.sunoresearch.com.br\/n\/uploads\/2022\/06\/dollar-gb41009ea2_1920-400x200.jpg\">\n\t\t\t\t<img loading=\"lazy\" decoding=\"async\" class=\"newsContent__article__imgCapa lazyloadDisabled \" src=\"https:\/\/files.sunoresearch.com.br\/n\/uploads\/2022\/06\/dollar-gb41009ea2_1920-800x450.jpg\" width=\"800\" height=\"450\" alt=\"D\u00f3lar fecha na maior cota\u00e7\u00e3o desde 24 de janeiro; valoriza\u00e7\u00e3o \u00e9 de 4,31% em julho\" fetchpriority=high \/>\n\t\t\t<\/picture>\n\n\t\t\t<figcaption class=\"wp-caption-text wp-caption-text--show\">D\u00f3lar. Foto: Pixabay<\/figcaption>\n\t\t<\/figure>\n\t<\/div>\n\n\n\t<p>\n\t\t<a href=\"\" target=\"_blank\" data-element=\"shortcode-suno-banner\" title=\"Banner SUNO, clique e saiba mais\">\n\t\t\t<picture>\n\t\t\t\t<source media=\"(max-width: 500px)\" srcset=\"\">\n\t\t\t\t<img class=\"newsContent__article__imgCapa newsContent__article__imgCapa--banner\"\n\t\t\t\t\tsrc=\"\"\n\t\t\t\t\tdata-promo-id=\"240038\"\t\t\t\t\t\t\t\t\t\t\t\t\t\t\talt=\"\"\n\t\t\t\t>\n\t\t\t<\/picture>\n\t\t<\/a>\n\t<\/p>\n\n\n<p>L\u00e1 fora, ap\u00f3s o refresco de ontem, o <a class=\"suno-keyword\" href=\"https:\/\/www.suno.com.br\/artigos\/dxy\/\" target=\"_blank\" rel=\"noopener\" data-force=\"no\" data-priority=\"1\">\u00edndice DXY<\/a> &#8211; que mede o <strong>desempenho do d\u00f3lar<\/strong> frente a seis divisas forte &#8211; voltou a subir, trabalhando a maior parte do dia acima da linha dos 107 pontos. O d\u00f3lar tamb\u00e9m avan\u00e7ou em rela\u00e7\u00e3o \u00e0 maioria das divisas emergentes e de pa\u00edses exportadores de commodities, incluindo pares do real como os pesos chileno e mexicano, al\u00e9m do rand sul-africano.<\/p>\n<p>Ironicamente, o euro apanhou na v\u00e9spera da reuni\u00e3o do <a class=\"suno-keyword\" href=\"https:\/\/www.suno.com.br\/artigos\/bce\/\" target=\"_blank\" rel=\"noopener\" data-force=\"no\" data-priority=\"1\">Banco Central Europeu (BCE)<\/a> em que deve ser anunciada a primeira alta de juros na regi\u00e3o em 11 anos. Embora o consenso seja de eleva\u00e7\u00e3o em 25 pontos-base, ontem havia forte especula\u00e7\u00e3o de uma alta de 50 pontos-base. A economia da Europa sofre os efeitos ao mesmo tempo recessivos e inflacion\u00e1rios da escalada dos pre\u00e7os de energia em raz\u00e3o da guerra na Ucr\u00e2nia.<\/p>\n\t<p>\n\t\t<a href=\"https:\/\/lp.suno.com.br\/ebook-como-analisar-uma-acao\/\" target=\"_blank\" data-element=\"shortcode-suno-banner\" title=\"Banner SUNO, clique e saiba mais\">\n\t\t\t<picture>\n\t\t\t\t<source media=\"(max-width: 500px)\" srcset=\"https:\/\/files.sunoresearch.com.br\/n\/uploads\/2023\/03\/Ebook-Acoes-Mobile-1.jpg\">\n\t\t\t\t<img class=\"newsContent__article__imgCapa newsContent__article__imgCapa--banner\"\n\t\t\t\t\tsrc=\"https:\/\/files.sunoresearch.com.br\/n\/uploads\/2023\/03\/Ebook-Acoes-Desktop-1.jpg\"\n\t\t\t\t\tdata-promo-id=\"171998\"\t\t\t\t\t\t\t\t\t\twidth='1420' height='286'\t\t\t\t\talt=\"https:\/\/files.sunoresearch.com.br\/n\/uploads\/2023\/03\/Ebook-Acoes-Desktop-1.jpg\"\n\t\t\t\t>\n\t\t\t<\/picture>\n\t\t<\/a>\n\t<\/p>\n\n\n<p>A Comiss\u00e3o Europeia anunciou hoje plano para reduzir o consumo de g\u00e1s na Uni\u00e3o Europeia em 15% at\u00e9 mar\u00e7o de 2023, dados os riscos de fornecimento pela R\u00fassia. Um eventual corte total do fornecimento da commodity reduziria o Produto Interno Bruto (PIB) da Uni\u00e3o Europeia em at\u00e9 1,5%, segundo estimativas da pr\u00f3pria UE. As cota\u00e7\u00f5es do petr\u00f3leo fecharam em queda, com o contrato do tipo Brent para setembro, refer\u00eancia para a Petrobras, em baixa de 0,40%, a US$ 106,92 o barril.<\/p>\n<p>Segundo a economista-chefe do Banco Ourinvest, Fernanda Consorte, na aus\u00eancia de indicadores dom\u00e9sticos relevantes, o mercado basicamente operou de olho no exterior, sobretudo na Europa, que pode mergulhar em uma recess\u00e3o em meio a um quadro de infla\u00e7\u00e3o global muito forte. &#8220;Todos os olhos hoje est\u00e3o voltados para a Europa, com o risco de racionamento de g\u00e1s e a decis\u00e3o do BCE amanh\u00e3. Existe um movimento de <a class=\"suno-keyword\" href=\"https:\/\/www.suno.com.br\/artigos\/aversao-ao-risco\/\" target=\"_blank\" rel=\"noopener\" data-force=\"no\" data-priority=\"1\">avers\u00e3o ao risco<\/a> que fortalece a moeda americana. Isso fez o d\u00f3lar subir hoje aqui e se aproximar de R$ 5,50&#8243;, afirma Consorte.<\/p>\n<p>Nesse ambiente, a alta de 1,52% no min\u00e9rio de ferro em Qingdao, na China, e promessas do governo chin\u00eas de est\u00edmulo \u00e0 atividade econ\u00f4mica para atingir metas de crescimento n\u00e3o foram suficiente para estimular o apetite pelo real. At\u00e9 porque as a\u00e7\u00f5es da Vale, que apresentou dados fracos no segundo trimestre, reduzirem a atratividade da bolsa brasileira. Como previsto por analistas, o Banco do Povo da China (PBoC) manteve as taxas b\u00e1sica de um ano e de cinco anos est\u00e1veis. O gigante asi\u00e1tico volta a sofrer com problemas no setor imobili\u00e1rio, com incorporadoras endividadas e mutu\u00e1rios boicotando o pagamento de hipotecas de im\u00f3veis cuja constru\u00e7\u00e3o ainda n\u00e3o foi conclu\u00edda.<\/p>\n\t<p>\n\t\t<a href=\"https:\/\/lp.suno.com.br\/planilha-controle-gastos\/\" target=\"_blank\" data-element=\"shortcode-suno-banner\" title=\"Banner SUNO, clique e saiba mais\">\n\t\t\t<picture>\n\t\t\t\t<source media=\"(max-width: 500px)\" srcset=\"https:\/\/files.sunoresearch.com.br\/n\/uploads\/2023\/03\/400x300-Planilha-controle-de-gastos.png\">\n\t\t\t\t<img class=\"newsContent__article__imgCapa newsContent__article__imgCapa--banner\"\n\t\t\t\t\tsrc=\"https:\/\/files.sunoresearch.com.br\/n\/uploads\/2023\/03\/1420x240-Planilha-controle-de-gastos.png\"\n\t\t\t\t\tdata-promo-id=\"101751\"\t\t\t\t\t\t\t\t\t\twidth='1420' height='240'\t\t\t\t\talt=\"https:\/\/files.sunoresearch.com.br\/n\/uploads\/2023\/03\/1420x240-Planilha-controle-de-gastos.png\"\n\t\t\t\t>\n\t\t\t<\/picture>\n\t\t<\/a>\n\t<\/p>\n\n\n<p>Por aqui, o Banco Central informou que, ap\u00f3s encerrar mar\u00e7o com entradas l\u00edquidas de US$ 2,851 bilh\u00f5es, o <a class=\"suno-keyword\" href=\"https:\/\/www.suno.com.br\/artigos\/fluxo-cambial\/\" target=\"_blank\" rel=\"noopener\" data-force=\"no\" data-priority=\"1\">fluxo cambial<\/a> foi positivo em US$ 7,727 bilh\u00f5es &#8211; resultado de sa\u00edda l\u00edquida de US$ 3,683 bilh\u00f5es pelo canal financeiro e entrada de US$ 11,410 bilh\u00f5es do lado comercial. Mesmo com nova atualiza\u00e7\u00e3o, os dados de fluxo cambial ainda est\u00e3o atrasados devido \u00e0 greve dos servidores do BC, encerrada no dia 5 de julho. Hoje, deveriam estar dispon\u00edveis os resultados at\u00e9 o dia 15 deste m\u00eas.<\/p>\n<p>O head da Tesouraria do Travelex Bank, Marcos Weigt, observou hoje, no Twitter, que desde 11 de julho, o real apresenta deprecia\u00e7\u00e3o frente ao d\u00f3lar maior que a de outras divisas. &#8220;Ent\u00e3o, h\u00e1 um componente maior de avers\u00e3o ao risco local&#8221;, afirmou Weigt.<\/p>\n\t<p>\n\t\t<a href=\"https:\/\/lp.suno.com.br\/planilha-da-vida-financeira\/\" target=\"_blank\" data-element=\"shortcode-suno-banner\" title=\"Banner SUNO, clique e saiba mais\">\n\t\t\t<picture>\n\t\t\t\t<source media=\"(max-width: 500px)\" srcset=\"https:\/\/files.sunoresearch.com.br\/n\/uploads\/2023\/04\/400x300-Planilha-vida-financeira-true.png\">\n\t\t\t\t<img class=\"newsContent__article__imgCapa newsContent__article__imgCapa--banner\"\n\t\t\t\t\tsrc=\"https:\/\/files.sunoresearch.com.br\/n\/uploads\/2023\/04\/1420x240-Planilha-vida-financeira-true.png\"\n\t\t\t\t\tdata-promo-id=\"106682\"\t\t\t\t\t\t\t\t\t\twidth='1420' height='240'\t\t\t\t\talt=\"https:\/\/files.sunoresearch.com.br\/n\/uploads\/2023\/04\/1420x240-Planilha-vida-financeira-true.png\"\n\t\t\t\t>\n\t\t\t<\/picture>\n\t\t<\/a>\n\t<\/p>\n\n\n<p>Na outra ponta, o economista-chefe do Instituto Finan\u00e7as internacionais (IIF), Robin Brooks, afirmou, tamb\u00e9m no Twitter, que o tombo do real n\u00e3o diz respeito ao que acontece no Brasil. &#8220;O fato de o <strong>d\u00f3lar<\/strong> ter voltado para R$ 5,40 est\u00e1 ligado ao aumento do risco de recess\u00e3o global, que est\u00e1 pesando sobre os pre\u00e7os globais das commodities&#8221;, escreveu Brooks. &#8220;O Brasil \u00e9 um espectador inocente em tudo isso.&#8221;<\/p>\n<p class=\"newsProviderSignature\"><em>(Com informa\u00e7\u00f5es do Estad\u00e3o Conte\u00fado)<\/em><\/p>\n\t<p>\n\t\t<a href=\"https:\/\/lp.suno.com.br\/planilha-de-controle-de-investimentos\/\" target=\"_blank\" data-element=\"shortcode-suno-banner\" title=\"Banner SUNO, clique e saiba mais\">\n\t\t\t<picture>\n\t\t\t\t<source media=\"(max-width: 500px)\" srcset=\"https:\/\/files.sunoresearch.com.br\/n\/uploads\/2023\/03\/400x300-Controle-de-Investimentos.png\">\n\t\t\t\t<img class=\"newsContent__article__imgCapa newsContent__article__imgCapa--banner\"\n\t\t\t\t\tsrc=\"https:\/\/files.sunoresearch.com.br\/n\/uploads\/2023\/03\/1420x240-Controle-de-Investimentos.png\"\n\t\t\t\t\tdata-promo-id=\"75934\"\t\t\t\t\t\t\t\t\t\twidth='1420' height='240'\t\t\t\t\talt=\"https:\/\/files.sunoresearch.com.br\/n\/uploads\/2023\/03\/1420x240-Controle-de-Investimentos.png\"\n\t\t\t\t>\n\t\t\t<\/picture>\n\t\t<\/a>\n\t<\/p>\n\n\n","protected":false},"excerpt":{"rendered":"<p>Ap\u00f3s uma manh\u00e3 marcada por trocas de sinal, o d\u00f3lar se firmou em alta ao longo da tarde acompanhando a onda de fortalecimento da moeda americana tanto em rela\u00e7\u00e3o a divisas fortes, em especial o euro, quanto emergentes. Entre m\u00ednima a R$ 5,3911 e m\u00e1xima a R$ 5,4708, o d\u00f3lar encerrou o dia em alta [&hellip;]<\/p>\n","protected":false},"author":43,"featured_media":266178,"comment_status":"closed","ping_status":"closed","sticky":false,"template":"","format":"standard","meta":[],"categories":[60],"tags":[326],"suno_strategy":[],"class_list":["post-277328","post","type-post","status-publish","format-standard","has-post-thumbnail","hentry","category-mercado","tag-dolar"],"yoast_head":"<!-- This site is optimized with the Yoast SEO plugin v24.4 - https:\/\/yoast.com\/wordpress\/plugins\/seo\/ -->\n<title>D\u00f3lar sobe e fecha na maior cota\u00e7\u00e3o desde 24 de janeiro<\/title>\n<meta name=\"description\" content=\"O d\u00f3lar encerrou o dia em alta de 0,74%, cotado a R$ 5,4605 - maior valor de fechamento desde 24 de janeiro. Saiba mais\" \/>\n<meta name=\"robots\" content=\"index, follow, max-snippet:-1, max-image-preview:large, max-video-preview:-1\" \/>\n<link rel=\"canonical\" href=\"https:\/\/www.suno.com.br\/noticias\/dolar-sobe-fecha-maior-valor-desde-janeiro-2\/\" \/>\n<meta property=\"og:locale\" content=\"pt_BR\" \/>\n<meta property=\"og:type\" content=\"article\" \/>\n<meta property=\"og:title\" content=\"D\u00f3lar sobe e fecha na maior cota\u00e7\u00e3o desde 24 de janeiro\" \/>\n<meta property=\"og:description\" content=\"O d\u00f3lar encerrou o dia em alta de 0,74%, cotado a R$ 5,4605 - maior valor de fechamento desde 24 de janeiro. Saiba mais\" \/>\n<meta property=\"og:url\" content=\"https:\/\/www.suno.com.br\/noticias\/dolar-sobe-fecha-maior-valor-desde-janeiro-2\/\" \/>\n<meta property=\"og:site_name\" content=\"Suno Not\u00edcias\" \/>\n<meta property=\"article:publisher\" content=\"https:\/\/facebook.com\/sunoresearch\" \/>\n<meta property=\"article:author\" content=\"https:\/\/www.facebook.com\/sunonoticias\/\" \/>\n<meta property=\"og:image\" content=\"https:\/\/files.sunoresearch.com.br\/n\/uploads\/2022\/06\/dollar-gb41009ea2_1920.jpg\" \/>\n\t<meta property=\"og:image:width\" content=\"1920\" \/>\n\t<meta property=\"og:image:height\" content=\"960\" \/>\n\t<meta property=\"og:image:type\" content=\"image\/jpeg\" \/>\n<meta name=\"author\" content=\"Reda\u00e7\u00e3o Suno Not\u00edcias\" \/>\n<meta name=\"twitter:card\" content=\"summary_large_image\" \/>\n<meta name=\"twitter:creator\" content=\"@https:\/\/twitter.com\/sunoresearch\" \/>\n<meta name=\"twitter:site\" content=\"@sunoresearch\" \/>\n<meta name=\"twitter:label1\" content=\"Escrito por\" \/>\n\t<meta name=\"twitter:data1\" content=\"Reda\u00e7\u00e3o Suno Not\u00edcias\" \/>\n\t<meta name=\"twitter:label2\" content=\"Est. tempo de leitura\" \/>\n\t<meta name=\"twitter:data2\" content=\"4 minutos\" \/>\n<script type=\"application\/ld+json\" class=\"yoast-schema-graph\">{\"@context\":\"https:\/\/schema.org\",\"@graph\":[{\"@type\":\"NewsArticle\",\"@id\":\"https:\/\/www.suno.com.br\/noticias\/dolar-sobe-fecha-maior-valor-desde-janeiro-2\/#article\",\"isPartOf\":{\"@id\":\"https:\/\/www.suno.com.br\/noticias\/dolar-sobe-fecha-maior-valor-desde-janeiro-2\/\"},\"author\":{\"name\":\"Reda\u00e7\u00e3o Suno Not\u00edcias\",\"@id\":\"https:\/\/www.suno.com.br\/noticias\/#\/schema\/person\/c1b1bd3727fa852bd045e9dbff3673ea\"},\"headline\":\"D\u00f3lar fecha na maior cota\u00e7\u00e3o desde 24 de janeiro; valoriza\u00e7\u00e3o \u00e9 de 4,31% em julho\",\"datePublished\":\"2022-07-20T23:41:52+00:00\",\"mainEntityOfPage\":{\"@id\":\"https:\/\/www.suno.com.br\/noticias\/dolar-sobe-fecha-maior-valor-desde-janeiro-2\/\"},\"wordCount\":796,\"publisher\":{\"@id\":\"https:\/\/www.suno.com.br\/noticias\/#organization\"},\"image\":{\"@id\":\"https:\/\/www.suno.com.br\/noticias\/dolar-sobe-fecha-maior-valor-desde-janeiro-2\/#primaryimage\"},\"thumbnailUrl\":\"https:\/\/files.sunoresearch.com.br\/n\/uploads\/2022\/06\/dollar-gb41009ea2_1920.jpg\",\"keywords\":[\"d\u00f3lar\"],\"articleSection\":[\"Mercado\"],\"inLanguage\":\"pt-BR\"},{\"@type\":\"WebPage\",\"@id\":\"https:\/\/www.suno.com.br\/noticias\/dolar-sobe-fecha-maior-valor-desde-janeiro-2\/\",\"url\":\"https:\/\/www.suno.com.br\/noticias\/dolar-sobe-fecha-maior-valor-desde-janeiro-2\/\",\"name\":\"D\u00f3lar sobe e fecha na maior cota\u00e7\u00e3o desde 24 de janeiro\",\"isPartOf\":{\"@id\":\"https:\/\/www.suno.com.br\/noticias\/#website\"},\"primaryImageOfPage\":{\"@id\":\"https:\/\/www.suno.com.br\/noticias\/dolar-sobe-fecha-maior-valor-desde-janeiro-2\/#primaryimage\"},\"image\":{\"@id\":\"https:\/\/www.suno.com.br\/noticias\/dolar-sobe-fecha-maior-valor-desde-janeiro-2\/#primaryimage\"},\"thumbnailUrl\":\"https:\/\/files.sunoresearch.com.br\/n\/uploads\/2022\/06\/dollar-gb41009ea2_1920.jpg\",\"datePublished\":\"2022-07-20T23:41:52+00:00\",\"description\":\"O d\u00f3lar encerrou o dia em alta de 0,74%, cotado a R$ 5,4605 - maior valor de fechamento desde 24 de janeiro. Saiba mais\",\"breadcrumb\":{\"@id\":\"https:\/\/www.suno.com.br\/noticias\/dolar-sobe-fecha-maior-valor-desde-janeiro-2\/#breadcrumb\"},\"inLanguage\":\"pt-BR\",\"potentialAction\":[{\"@type\":\"ReadAction\",\"target\":[\"https:\/\/www.suno.com.br\/noticias\/dolar-sobe-fecha-maior-valor-desde-janeiro-2\/\"]}]},{\"@type\":\"ImageObject\",\"inLanguage\":\"pt-BR\",\"@id\":\"https:\/\/www.suno.com.br\/noticias\/dolar-sobe-fecha-maior-valor-desde-janeiro-2\/#primaryimage\",\"url\":\"https:\/\/files.sunoresearch.com.br\/n\/uploads\/2022\/06\/dollar-gb41009ea2_1920.jpg\",\"contentUrl\":\"https:\/\/files.sunoresearch.com.br\/n\/uploads\/2022\/06\/dollar-gb41009ea2_1920.jpg\",\"width\":1920,\"height\":960,\"caption\":\"D\u00f3lar. Foto: Pixabay\"},{\"@type\":\"BreadcrumbList\",\"@id\":\"https:\/\/www.suno.com.br\/noticias\/dolar-sobe-fecha-maior-valor-desde-janeiro-2\/#breadcrumb\",\"itemListElement\":[{\"@type\":\"ListItem\",\"position\":1,\"name\":\"Not\u00edcias\",\"item\":\"https:\/\/www.suno.com.br\/noticias\/\"},{\"@type\":\"ListItem\",\"position\":2,\"name\":\"Mercado\",\"item\":\"https:\/\/www.suno.com.br\/noticias\/mercado\/\"},{\"@type\":\"ListItem\",\"position\":3,\"name\":\"D\u00f3lar fecha na maior cota\u00e7\u00e3o desde 24 de janeiro; valoriza\u00e7\u00e3o \u00e9 de 4,31% em julho\"}]},{\"@type\":\"WebSite\",\"@id\":\"https:\/\/www.suno.com.br\/noticias\/#website\",\"url\":\"https:\/\/www.suno.com.br\/noticias\/\",\"name\":\"Suno Not\u00edcias\",\"description\":\"Seu portal de informa\u00e7\u00e3o sobre o mundo dos investimentos\",\"publisher\":{\"@id\":\"https:\/\/www.suno.com.br\/noticias\/#organization\"},\"potentialAction\":[{\"@type\":\"SearchAction\",\"target\":{\"@type\":\"EntryPoint\",\"urlTemplate\":\"https:\/\/www.suno.com.br\/noticias\/?s={search_term_string}\"},\"query-input\":{\"@type\":\"PropertyValueSpecification\",\"valueRequired\":true,\"valueName\":\"search_term_string\"}}],\"inLanguage\":\"pt-BR\"},{\"@type\":\"Organization\",\"@id\":\"https:\/\/www.suno.com.br\/noticias\/#organization\",\"name\":\"Suno Not\u00edcias\",\"url\":\"https:\/\/www.suno.com.br\/noticias\/\",\"logo\":{\"@type\":\"ImageObject\",\"inLanguage\":\"pt-BR\",\"@id\":\"https:\/\/www.suno.com.br\/noticias\/#\/schema\/logo\/image\/\",\"url\":\"https:\/\/files.sunoresearch.com.br\/n\/uploads\/2021\/09\/suno-logo.png\",\"contentUrl\":\"https:\/\/files.sunoresearch.com.br\/n\/uploads\/2021\/09\/suno-logo.png\",\"width\":180,\"height\":180,\"caption\":\"Suno Not\u00edcias\"},\"image\":{\"@id\":\"https:\/\/www.suno.com.br\/noticias\/#\/schema\/logo\/image\/\"},\"sameAs\":[\"https:\/\/facebook.com\/sunoresearch\",\"https:\/\/x.com\/sunoresearch\",\"https:\/\/www.instagram.com\/suno\",\"https:\/\/www.linkedin.com\/company\/suno-research\/\",\"https:\/\/www.youtube.com\/c\/sunoresearch\"]},{\"@type\":\"Person\",\"@id\":\"https:\/\/www.suno.com.br\/noticias\/#\/schema\/person\/c1b1bd3727fa852bd045e9dbff3673ea\",\"name\":\"Reda\u00e7\u00e3o Suno Not\u00edcias\",\"image\":{\"@type\":\"ImageObject\",\"inLanguage\":\"pt-BR\",\"@id\":\"https:\/\/www.suno.com.br\/noticias\/#\/schema\/person\/image\/\",\"url\":\"https:\/\/secure.gravatar.com\/avatar\/b8104b9b5a71985d5238ee59fbe418af?s=96&r=g\",\"contentUrl\":\"https:\/\/secure.gravatar.com\/avatar\/b8104b9b5a71985d5238ee59fbe418af?s=96&r=g\",\"caption\":\"Reda\u00e7\u00e3o Suno Not\u00edcias\"},\"description\":\"O Suno Not\u00edcias \u00e9 um portal de informa\u00e7\u00f5es sobre Mercado Financeiro, Pol\u00edtica, Neg\u00f3cios, Economia e Finan\u00e7as Pessoais.\",\"sameAs\":[\"https:\/\/www.suno.com.br\/noticias\",\"https:\/\/www.facebook.com\/sunonoticias\/\",\"https:\/\/www.instagram.com\/sunonoticias\/\",\"https:\/\/x.com\/https:\/\/twitter.com\/sunoresearch\",\"https:\/\/www.youtube.com\/sunonoticias\"],\"url\":\"https:\/\/www.suno.com.br\/noticias\/author\/redacao-suno\/\"}]}<\/script>\n<!-- \/ Yoast SEO plugin. -->","yoast_head_json":{"title":"D\u00f3lar sobe e fecha na maior cota\u00e7\u00e3o desde 24 de janeiro","description":"O d\u00f3lar encerrou o dia em alta de 0,74%, cotado a R$ 5,4605 - maior valor de fechamento desde 24 de janeiro. Saiba mais","robots":{"index":"index","follow":"follow","max-snippet":"max-snippet:-1","max-image-preview":"max-image-preview:large","max-video-preview":"max-video-preview:-1"},"canonical":"https:\/\/www.suno.com.br\/noticias\/dolar-sobe-fecha-maior-valor-desde-janeiro-2\/","og_locale":"pt_BR","og_type":"article","og_title":"D\u00f3lar sobe e fecha na maior cota\u00e7\u00e3o desde 24 de janeiro","og_description":"O d\u00f3lar encerrou o dia em alta de 0,74%, cotado a R$ 5,4605 - maior valor de fechamento desde 24 de janeiro. Saiba mais","og_url":"https:\/\/www.suno.com.br\/noticias\/dolar-sobe-fecha-maior-valor-desde-janeiro-2\/","og_site_name":"Suno Not\u00edcias","article_publisher":"https:\/\/facebook.com\/sunoresearch","article_author":"https:\/\/www.facebook.com\/sunonoticias\/","og_image":[{"width":1920,"height":960,"url":"https:\/\/files.sunoresearch.com.br\/n\/uploads\/2022\/06\/dollar-gb41009ea2_1920.jpg","type":"image\/jpeg"}],"author":"Reda\u00e7\u00e3o Suno Not\u00edcias","twitter_card":"summary_large_image","twitter_creator":"@https:\/\/twitter.com\/sunoresearch","twitter_site":"@sunoresearch","twitter_misc":{"Escrito por":"Reda\u00e7\u00e3o Suno Not\u00edcias","Est. tempo de leitura":"4 minutos"},"schema":{"@context":"https:\/\/schema.org","@graph":[{"@type":"NewsArticle","@id":"https:\/\/www.suno.com.br\/noticias\/dolar-sobe-fecha-maior-valor-desde-janeiro-2\/#article","isPartOf":{"@id":"https:\/\/www.suno.com.br\/noticias\/dolar-sobe-fecha-maior-valor-desde-janeiro-2\/"},"author":{"name":"Reda\u00e7\u00e3o Suno Not\u00edcias","@id":"https:\/\/www.suno.com.br\/noticias\/#\/schema\/person\/c1b1bd3727fa852bd045e9dbff3673ea"},"headline":"D\u00f3lar fecha na maior cota\u00e7\u00e3o desde 24 de janeiro; valoriza\u00e7\u00e3o \u00e9 de 4,31% em julho","datePublished":"2022-07-20T23:41:52+00:00","mainEntityOfPage":{"@id":"https:\/\/www.suno.com.br\/noticias\/dolar-sobe-fecha-maior-valor-desde-janeiro-2\/"},"wordCount":796,"publisher":{"@id":"https:\/\/www.suno.com.br\/noticias\/#organization"},"image":{"@id":"https:\/\/www.suno.com.br\/noticias\/dolar-sobe-fecha-maior-valor-desde-janeiro-2\/#primaryimage"},"thumbnailUrl":"https:\/\/files.sunoresearch.com.br\/n\/uploads\/2022\/06\/dollar-gb41009ea2_1920.jpg","keywords":["d\u00f3lar"],"articleSection":["Mercado"],"inLanguage":"pt-BR"},{"@type":"WebPage","@id":"https:\/\/www.suno.com.br\/noticias\/dolar-sobe-fecha-maior-valor-desde-janeiro-2\/","url":"https:\/\/www.suno.com.br\/noticias\/dolar-sobe-fecha-maior-valor-desde-janeiro-2\/","name":"D\u00f3lar sobe e fecha na maior cota\u00e7\u00e3o desde 24 de janeiro","isPartOf":{"@id":"https:\/\/www.suno.com.br\/noticias\/#website"},"primaryImageOfPage":{"@id":"https:\/\/www.suno.com.br\/noticias\/dolar-sobe-fecha-maior-valor-desde-janeiro-2\/#primaryimage"},"image":{"@id":"https:\/\/www.suno.com.br\/noticias\/dolar-sobe-fecha-maior-valor-desde-janeiro-2\/#primaryimage"},"thumbnailUrl":"https:\/\/files.sunoresearch.com.br\/n\/uploads\/2022\/06\/dollar-gb41009ea2_1920.jpg","datePublished":"2022-07-20T23:41:52+00:00","description":"O d\u00f3lar encerrou o dia em alta de 0,74%, cotado a R$ 5,4605 - maior valor de fechamento desde 24 de janeiro. Saiba mais","breadcrumb":{"@id":"https:\/\/www.suno.com.br\/noticias\/dolar-sobe-fecha-maior-valor-desde-janeiro-2\/#breadcrumb"},"inLanguage":"pt-BR","potentialAction":[{"@type":"ReadAction","target":["https:\/\/www.suno.com.br\/noticias\/dolar-sobe-fecha-maior-valor-desde-janeiro-2\/"]}]},{"@type":"ImageObject","inLanguage":"pt-BR","@id":"https:\/\/www.suno.com.br\/noticias\/dolar-sobe-fecha-maior-valor-desde-janeiro-2\/#primaryimage","url":"https:\/\/files.sunoresearch.com.br\/n\/uploads\/2022\/06\/dollar-gb41009ea2_1920.jpg","contentUrl":"https:\/\/files.sunoresearch.com.br\/n\/uploads\/2022\/06\/dollar-gb41009ea2_1920.jpg","width":1920,"height":960,"caption":"D\u00f3lar. Foto: Pixabay"},{"@type":"BreadcrumbList","@id":"https:\/\/www.suno.com.br\/noticias\/dolar-sobe-fecha-maior-valor-desde-janeiro-2\/#breadcrumb","itemListElement":[{"@type":"ListItem","position":1,"name":"Not\u00edcias","item":"https:\/\/www.suno.com.br\/noticias\/"},{"@type":"ListItem","position":2,"name":"Mercado","item":"https:\/\/www.suno.com.br\/noticias\/mercado\/"},{"@type":"ListItem","position":3,"name":"D\u00f3lar fecha na maior cota\u00e7\u00e3o desde 24 de janeiro; valoriza\u00e7\u00e3o \u00e9 de 4,31% em julho"}]},{"@type":"WebSite","@id":"https:\/\/www.suno.com.br\/noticias\/#website","url":"https:\/\/www.suno.com.br\/noticias\/","name":"Suno Not\u00edcias","description":"Seu portal de informa\u00e7\u00e3o sobre o mundo dos investimentos","publisher":{"@id":"https:\/\/www.suno.com.br\/noticias\/#organization"},"potentialAction":[{"@type":"SearchAction","target":{"@type":"EntryPoint","urlTemplate":"https:\/\/www.suno.com.br\/noticias\/?s={search_term_string}"},"query-input":{"@type":"PropertyValueSpecification","valueRequired":true,"valueName":"search_term_string"}}],"inLanguage":"pt-BR"},{"@type":"Organization","@id":"https:\/\/www.suno.com.br\/noticias\/#organization","name":"Suno Not\u00edcias","url":"https:\/\/www.suno.com.br\/noticias\/","logo":{"@type":"ImageObject","inLanguage":"pt-BR","@id":"https:\/\/www.suno.com.br\/noticias\/#\/schema\/logo\/image\/","url":"https:\/\/files.sunoresearch.com.br\/n\/uploads\/2021\/09\/suno-logo.png","contentUrl":"https:\/\/files.sunoresearch.com.br\/n\/uploads\/2021\/09\/suno-logo.png","width":180,"height":180,"caption":"Suno Not\u00edcias"},"image":{"@id":"https:\/\/www.suno.com.br\/noticias\/#\/schema\/logo\/image\/"},"sameAs":["https:\/\/facebook.com\/sunoresearch","https:\/\/x.com\/sunoresearch","https:\/\/www.instagram.com\/suno","https:\/\/www.linkedin.com\/company\/suno-research\/","https:\/\/www.youtube.com\/c\/sunoresearch"]},{"@type":"Person","@id":"https:\/\/www.suno.com.br\/noticias\/#\/schema\/person\/c1b1bd3727fa852bd045e9dbff3673ea","name":"Reda\u00e7\u00e3o Suno Not\u00edcias","image":{"@type":"ImageObject","inLanguage":"pt-BR","@id":"https:\/\/www.suno.com.br\/noticias\/#\/schema\/person\/image\/","url":"https:\/\/secure.gravatar.com\/avatar\/b8104b9b5a71985d5238ee59fbe418af?s=96&r=g","contentUrl":"https:\/\/secure.gravatar.com\/avatar\/b8104b9b5a71985d5238ee59fbe418af?s=96&r=g","caption":"Reda\u00e7\u00e3o Suno Not\u00edcias"},"description":"O Suno Not\u00edcias \u00e9 um portal de informa\u00e7\u00f5es sobre Mercado Financeiro, Pol\u00edtica, Neg\u00f3cios, Economia e Finan\u00e7as Pessoais.","sameAs":["https:\/\/www.suno.com.br\/noticias","https:\/\/www.facebook.com\/sunonoticias\/","https:\/\/www.instagram.com\/sunonoticias\/","https:\/\/x.com\/https:\/\/twitter.com\/sunoresearch","https:\/\/www.youtube.com\/sunonoticias"],"url":"https:\/\/www.suno.com.br\/noticias\/author\/redacao-suno\/"}]}},"default_loop_html":"<div class=\"cardsPage__listCard__boxs\"><div class=\"cardsPage__listCard__boxs__img\"><a href=\"https:\/\/www.suno.com.br\/noticias\/dolar-sobe-fecha-maior-valor-desde-janeiro-2\/\"><img class=\"mask\" src=\"https:\/\/www.suno.com.br\/noticias\/wp-content\/themes\/suno\/resources\/images\/spotlight\/spotlight1img\/bg-mask.png\" alt=\"Image Mask\"\/><img src=\"https:\/\/files.sunoresearch.com.br\/n\/uploads\/2022\/06\/dollar-gb41009ea2_1920-400x200.jpg\" alt=\"D\u00f3lar fecha na maior cota\u00e7\u00e3o desde 24 de janeiro; valoriza\u00e7\u00e3o \u00e9 de 4,31% em julho\"\/><\/a><span class=\"spotlightCategory\"><a href=\"https:\/\/www.suno.com.br\/noticias\/mercado\/\">Mercado<\/a><\/span><\/div><div class=\"cardsPage__listCard__boxs__content\"><a href=\"https:\/\/www.suno.com.br\/noticias\/dolar-sobe-fecha-maior-valor-desde-janeiro-2\/\"><h2 class=\"content__title\">D\u00f3lar fecha na maior cota\u00e7\u00e3o desde 24 de janeiro; valoriza\u00e7\u00e3o \u00e9 de 4,31% em julho<\/h2><\/a><div class=\"newsContent__article__meta\"><div class=\"newsContent__article__meta__authorBox\"><a href=\"https:\/\/www.suno.com.br\/noticias\/author\/redacao-suno\/\" class=\"authorBox__avatar noMobi\"><img src=\"https:\/\/files.sunoresearch.com.br\/n\/uploads\/2020\/08\/0ace682d-redacao-1-150x150.webp\" alt=\"Reda\u00e7\u00e3o Suno Not\u00edcias\"><\/a><div class=\"authorBox__name\"><span>por\n\t\t\t<a href=\"https:\/\/www.suno.com.br\/noticias\/author\/redacao-suno\/\"><span itemprop=\"author\">Reda\u00e7\u00e3o Suno Not\u00edcias<\/span><\/a><\/span><time datetime=\"2022-07-20T20:41:52-03:00\" itemprop=\"datePublished\">20\/07\/2022 20:41<\/time><\/div><\/div><\/div><\/div><\/div>","single_layout":"posts","amp_enabled":true,"_links":{"self":[{"href":"https:\/\/www.suno.com.br\/noticias\/wp-json\/wp\/v2\/posts\/277328"}],"collection":[{"href":"https:\/\/www.suno.com.br\/noticias\/wp-json\/wp\/v2\/posts"}],"about":[{"href":"https:\/\/www.suno.com.br\/noticias\/wp-json\/wp\/v2\/types\/post"}],"author":[{"embeddable":true,"href":"https:\/\/www.suno.com.br\/noticias\/wp-json\/wp\/v2\/users\/43"}],"replies":[{"embeddable":true,"href":"https:\/\/www.suno.com.br\/noticias\/wp-json\/wp\/v2\/comments?post=277328"}],"version-history":[{"count":2,"href":"https:\/\/www.suno.com.br\/noticias\/wp-json\/wp\/v2\/posts\/277328\/revisions"}],"predecessor-version":[{"id":277382,"href":"https:\/\/www.suno.com.br\/noticias\/wp-json\/wp\/v2\/posts\/277328\/revisions\/277382"}],"wp:featuredmedia":[{"embeddable":true,"href":"https:\/\/www.suno.com.br\/noticias\/wp-json\/wp\/v2\/media\/266178"}],"wp:attachment":[{"href":"https:\/\/www.suno.com.br\/noticias\/wp-json\/wp\/v2\/media?parent=277328"}],"wp:term":[{"taxonomy":"category","embeddable":true,"href":"https:\/\/www.suno.com.br\/noticias\/wp-json\/wp\/v2\/categories?post=277328"},{"taxonomy":"post_tag","embeddable":true,"href":"https:\/\/www.suno.com.br\/noticias\/wp-json\/wp\/v2\/tags?post=277328"},{"taxonomy":"suno_strategy","embeddable":true,"href":"https:\/\/www.suno.com.br\/noticias\/wp-json\/wp\/v2\/suno_strategy?post=277328"}],"curies":[{"name":"wp","href":"https:\/\/api.w.org\/{rel}","templated":true}]}}