{"id":27717,"date":"2019-06-10T08:44:33","date_gmt":"2019-06-10T11:44:33","guid":{"rendered":"https:\/\/www.suno.com.br\/noticias\/?p=27717"},"modified":"2021-02-17T20:08:27","modified_gmt":"2021-02-17T23:08:27","slug":"mensagens-colaboracao-dallagnol-moro","status":"publish","type":"post","link":"https:\/\/www.suno.com.br\/noticias\/mensagens-colaboracao-dallagnol-moro\/","title":{"rendered":"Mensagens mostrariam colabora\u00e7\u00e3o entre Dallagnol e Moro, diz site"},"content":{"rendered":"<p>O site &#8220;The Intercept Brasil&#8221; publicou no \u00faltimo domingo (9) uma s\u00e9rie de mensagens atribu\u00eddas ao ex-juiz federal e atual ministro da Justi\u00e7a, S\u00e9rgio Moro, e ao procurador federal <strong>Deltan Dallagnol.<\/strong><\/p>\t<div class=\"wrapper-featured-image\">\n\t\t<figure class=\"spotlightImg\">\n\n\t\t\t<picture>\n\t\t\t\t<source media=\"(max-width: 768px)\" srcset=\"https:\/\/files.sunoresearch.com.br\/n\/uploads\/2019\/01\/0a647d0e-moro-400x200.webp\">\n\t\t\t\t<img loading=\"lazy\" decoding=\"async\" class=\"newsContent__article__imgCapa lazyloadDisabled newsContent__article__imgCapa--noCaption\" src=\"https:\/\/files.sunoresearch.com.br\/n\/uploads\/2019\/01\/0a647d0e-moro-800x450.webp\" width=\"800\" height=\"450\" alt=\"Mensagens mostrariam colabora\u00e7\u00e3o entre Dallagnol e Moro, diz site\" fetchpriority=high \/>\n\t\t\t<\/picture>\n\n\t\t\t<figcaption class=\"wp-caption-text wp-caption-text--hide\">O ministro da Justi\u00e7a, S\u00e9rgio Moro. <\/figcaption>\n\t\t<\/figure>\n\t<\/div>\n\n\n<p>Segundo o site, essas mensagens mostrariam uma colabora\u00e7\u00e3o entre o <strong>Minist\u00e9rio P\u00fablico Federal (MPF)<\/strong> e <strong>S\u00e9rgio Moro<\/strong> durante a opera\u00e7\u00e3o <strong>Lava Jato<\/strong>.<\/p>\n<p>O site teria obtido os di\u00e1logos de uma fonte an\u00f4nima. Segundo o portal, as mensagens foram trocadas por moro e procuradores da<strong> Lava Jato<\/strong> em grupos no aplicativo Telegram entre 2015 e 2018.<\/p>\n\t<p>\n\t\t<a href=\"https:\/\/lp.suno.com.br\/asset\/suno-fundo-infra-estrutura-snid11\/\" target=\"_blank\" data-element=\"shortcode-suno-banner\" title=\"Banner SUNO, clique e saiba mais\">\n\t\t\t<picture>\n\t\t\t\t<source media=\"(max-width: 500px)\" srcset=\"https:\/\/files.sunoresearch.com.br\/n\/uploads\/2024\/01\/400x300-Banner-Home-1-SNID-AO.png\">\n\t\t\t\t<img class=\"newsContent__article__imgCapa newsContent__article__imgCapa--banner\"\n\t\t\t\t\tsrc=\"https:\/\/files.sunoresearch.com.br\/n\/uploads\/2024\/01\/1420x240-Banner-Home-1-SNID-AO.png\"\n\t\t\t\t\tdata-promo-id=\"364419\"\t\t\t\t\t\t\t\t\t\twidth='1420' height='240'\t\t\t\t\talt=\"https:\/\/files.sunoresearch.com.br\/n\/uploads\/2024\/01\/1420x240-Banner-Home-1-SNID-AO.png\"\n\t\t\t\t>\n\t\t\t<\/picture>\n\t\t<\/a>\n\t<\/p>\n\n\n<p><strong>Moro<\/strong> deixou a magistratura em 2018 ap\u00f3s receber o convite para se tornar ministro da Justi\u00e7a e Seguran\u00e7a P\u00fablica pelo presidente <strong>Jair Bolsonaro<\/strong>.<\/p>\n<p><a href=\"https:\/\/www.suno.com.br\/noticias\/coaf-moro-senado-reforma-administrativa\/\">Saiba mais: Senado retira Coaf de Moro com aprova\u00e7\u00e3o da reforma administrativa\u00a0<\/a><\/p>\n<p>Na base do teor das mensagens, os especialistas em direito salientaram que n\u00e3o haveria, a princ\u00edpio, nenhuma ilegalidade. Entretanto, esse comportamento poderia configurar um desvio anti\u00e9tico.<\/p>\n<h2>Coordena\u00e7\u00e3o com o MPF<\/h2>\n<p>Segundo o site, <strong>Moro<\/strong> teria se coordenado com o <strong>MPF<\/strong> na condu\u00e7\u00e3o das investiga\u00e7\u00f5es. O que \u00e9 proibido pelas leis brasileiras que disciplinam a condu\u00e7\u00e3o do processo penal.<\/p>\n<p>O ex-juiz teria sugerido de trocar a ordem de fases da <strong>Lava Jato,<\/strong> cobrado a realiza\u00e7\u00e3o de novas opera\u00e7\u00f5es, e aconselhado ou fornecidos pistas par aos promotores, antecipando ao menos uma decis\u00e3o judicial.<\/p>\n\t<p>\n\t\t<a href=\"https:\/\/lp.suno.com.br\/asset\/fundos\/suno-fic-fia\/\" target=\"_blank\" data-element=\"shortcode-suno-banner\" title=\"Banner SUNO, clique e saiba mais\">\n\t\t\t<picture>\n\t\t\t\t<source media=\"(max-width: 500px)\" srcset=\"https:\/\/files.sunoresearch.com.br\/n\/uploads\/2023\/10\/SUNO-FIC-FIA-400x300-Mobile-Artigos-5-v2.png\">\n\t\t\t\t<img class=\"newsContent__article__imgCapa newsContent__article__imgCapa--banner\"\n\t\t\t\t\tsrc=\"https:\/\/files.sunoresearch.com.br\/n\/uploads\/2023\/10\/SUNO-FIC-FIA-1420x240-Banner-Artigos-1-_-Banner-Materias-4-v2-png.webp\"\n\t\t\t\t\tdata-promo-id=\"478743\"\t\t\t\t\t\t\t\t\t\twidth='2560' height='433'\t\t\t\t\talt=\"https:\/\/files.sunoresearch.com.br\/n\/uploads\/2023\/10\/SUNO-FIC-FIA-1420x240-Banner-Artigos-1-_-Banner-Materias-4-v2-png.webp\"\n\t\t\t\t>\n\t\t\t<\/picture>\n\t\t<\/a>\n\t<\/p>\n\n\n<p>Em fevereiro de 2016, Moro teria escrito para Dallagnol:<\/p>\n<p><em>&#8220;Ol\u00e1 Diante dos \u00faltimos . desdobramentos talvez fosse o caso de inverter a ordem da duas planejada&#8221;<\/em><\/p>\n<p><strong>Dallagnol<\/strong> respondeu que haveria problemas log\u00edsticos para acatar a sugest\u00e3o. Entretanto, no dia seguinte, foi deflagrada a 23\u00aa fase da <strong>Lava Jato<\/strong>, a Opera\u00e7\u00e3o Acaraj\u00e9.<\/p>\n<p>Em outro caso, ocorrido em agosto do mesmo ano, depois de quase um m\u00eas sem novas opera\u00e7\u00f5es da <strong>Lava Jato<\/strong>, <strong>Moro<\/strong> perguntou:<\/p>\n<p><em>&#8220;N\u00e3o \u00e9 muito tempo sem opera\u00e7\u00e3o?&#8221;<\/em><\/p>\n<p>Dallagnol respondeu<\/p>\n<p><em>&#8220;\u00c9 sim&#8221;<\/em><\/p>\n<p>Tr\u00eas semanas depois, ocorreu uma nova opera\u00e7\u00e3o.<\/p>\n\t<p>\n\t\t<a href=\"https:\/\/lp.suno.com.br\/planilha-da-vida-financeira\/\" target=\"_blank\" data-element=\"shortcode-suno-banner\" title=\"Banner SUNO, clique e saiba mais\">\n\t\t\t<picture>\n\t\t\t\t<source media=\"(max-width: 500px)\" srcset=\"https:\/\/files.sunoresearch.com.br\/n\/uploads\/2023\/04\/400x300-Planilha-vida-financeira-true.png\">\n\t\t\t\t<img class=\"newsContent__article__imgCapa newsContent__article__imgCapa--banner\"\n\t\t\t\t\tsrc=\"https:\/\/files.sunoresearch.com.br\/n\/uploads\/2023\/04\/1420x240-Planilha-vida-financeira-true.png\"\n\t\t\t\t\tdata-promo-id=\"383123\"\t\t\t\t\t\t\t\t\t\twidth='1420' height='240'\t\t\t\t\talt=\"https:\/\/files.sunoresearch.com.br\/n\/uploads\/2023\/04\/1420x240-Planilha-vida-financeira-true.png\"\n\t\t\t\t>\n\t\t\t<\/picture>\n\t\t<\/a>\n\t<\/p>\n\n\n<p>Em 2015, ap\u00f3s a decis\u00e3o do<strong> Supremo Tribunal Federal (STF)<\/strong> de soltar o ex-executivo da <strong>Odebrecht<\/strong>\u00a0Alexandrino Alencar, que se tornou delator, membros da <strong>MPF<\/strong> e do Judici\u00e1rio debateram sobre quais passos poderiam levar de volta o delator de volta para a pris\u00e3o.<\/p>\n<p><a href=\"https:\/\/www.suno.com.br\/noticias\/bolsonaro-diz-nao-acordo-moro-stf\/\">Saiba mais: Bolsonaro volta atr\u00e1s e diz que n\u00e3o fez acordo para colocar Moro no STF\u00a0<\/a><\/p>\n<p><strong>Dallagnol<\/strong> escreveu:<\/p>\n<p><em>&#8220;Caro, <strong>STF<\/strong> soltou Alexandrino. Estamos com outra den\u00fancia a ponto de sair, e pediremos pris\u00e3o com base em fundamentos adicionais na cota. [\u2026] Seria poss\u00edvel apreciar hoje?&#8221;<\/em><\/p>\n<p>Moro respondeu:<\/p>\n<p><em>&#8220;N\u00e3o creio que conseguiria ver hj. Mas pensem bem se \u00e9 uma boa ideia&#8221;<\/em><\/p>\n<p>Nove minutos depois, o ex-juiz acrescentou:<\/p>\n<p><em>&#8220;Teriam que ser fatos graves&#8221;<\/em><\/p>\n<p>Em seguida, <strong>Dallagnol<\/strong> repassou a mensagem do juiz para o grupo de colegas de for\u00e7a-tarefa.<\/p>\n<p><em>&#8220;Falei com russo&#8221;<\/em><\/p>\n<p>O promotor fez refer\u00eancia ao apelido pelo qual o ex-juiz era tratado.<\/p>\n<h2>Indigna\u00e7\u00e3o sobre entrevista de Lula<\/h2>\n<p>Em um dos epis\u00f3dios citados pelo site, os procuradores expressaram indigna\u00e7\u00e3o no caso da entrevista com o ex-presidente <strong>Luiz In\u00e1cio Lula da Silva<\/strong>. A entrevista foi solicitada pelo jornal &#8220;Folha de S.Paulo&#8221; pouco antes do primeiro turno das elei\u00e7\u00f5es de 2018, mas foi barrada pela Justi\u00e7a.<\/p>\n\t<p>\n\t\t<a href=\"https:\/\/lp2.suno.com.br\/pv\/curso-zero-ao-primeiro-rendimento\/?utm_source=suno-noticias&#038;utm_medium=banner&#038;utm_campaign=_SNC4CCF8112_\" target=\"_blank\" data-element=\"shortcode-suno-banner\" title=\"Banner SUNO, clique e saiba mais\">\n\t\t\t<picture>\n\t\t\t\t<source media=\"(max-width: 500px)\" srcset=\"https:\/\/files.sunoresearch.com.br\/n\/uploads\/2025\/12\/Artigos-e-Noticias-Banner-Materias-02-Mobile_-400x300-1-png.webp\">\n\t\t\t\t<img class=\"newsContent__article__imgCapa newsContent__article__imgCapa--banner\"\n\t\t\t\t\tsrc=\"https:\/\/files.sunoresearch.com.br\/n\/uploads\/2025\/12\/Artigos-e-Noticias-Banner-Materias-01-Desktop_-1420x240-1-png.webp\"\n\t\t\t\t\tdata-promo-id=\"635313\"\t\t\t\t\t\t\t\t\t\twidth='1420' height='240'\t\t\t\t\talt=\"https:\/\/files.sunoresearch.com.br\/n\/uploads\/2025\/12\/Artigos-e-Noticias-Banner-Materias-01-Desktop_-1420x240-1-png.webp\"\n\t\t\t\t>\n\t\t\t<\/picture>\n\t\t<\/a>\n\t<\/p>\n\n\n<p>O <strong>Supremo Tribunal Federal (STF)<\/strong> autorizou a Folha a realizar a entrevista, mas essa autoriza\u00e7\u00e3o foi derrubada no mesmo dia pela pr\u00f3pria corte. A autoriza\u00e7\u00e3o s\u00f3 voltou a ser concedida pelo Supremo em 2019, e a entrevista foi realizada na superintend\u00eancia da <strong>Pol\u00edcia Federal<\/strong> em abril.<\/p>\n<p><a href=\"https:\/\/www.suno.com.br\/noticias\/sergio-moro-policia-federal-coaf\/\">Saiba mais: Moro nomeia ex-delegada da Pol\u00edcia Federal como conselheira no Coaf\u00a0<\/a><\/p>\n<p>\u200bNo dia em que o <strong>STF<\/strong> autorizou pela primeira vez a entrevista em 2018, procuradora Laura Tessler escreveu no grupo de membros do <strong>MPF:<\/strong><\/p>\n<p><em>&#8220;Que piada!!! Revoltante!!! L\u00e1 vai o cara fazer palanque na cadeia. Um verdadeiro circo. E depois de M\u00f4nica Bergamo, pela isonomia, devem vir tantos outros jornalistas\u2026 e a gente aqui fica s\u00f3 fazendo papel de palha\u00e7o com um Supremo desse\u2026&#8221;.<\/em><\/p>\n<p>A procuradora Isabel Groba respondeu:<\/p>\n<p><em>&#8220;Mafiosos!!!!!!!!!!!!!!!!!!!!!&#8221;<\/em><\/p>\n<p>Tessler continuou:<\/p>\n<p><em>&#8220;Sei l\u00e1\u2026mas uma coletiva antes do segundo turno pode eleger o Haddad&#8221;<\/em><\/p>\n<p>O procurador Athayde Ribeiro Costa, sugeriu que a <strong>Pol\u00edcia Federal<\/strong> adiasse a entrevista para depois da elei\u00e7\u00e3o. O procurador sugeriu uma manobra para n\u00e3o ter que descumprir a decis\u00e3o da Justi\u00e7a:<\/p>\n<p><em>&#8220;N tem data. So a pf agendar pra dps das eleicoes. Estara cumprindo a decisao. E se forcarem antes, desnuda ainda mais o carater eleitoreiro&#8221;<\/em><\/p>\n<p><strong>Lula<\/strong> foi preso em abril de 2018, ap\u00f3s ser condenado em primeira inst\u00e2ncia pelo ent\u00e3o juiz <strong>S\u00e9rgio Moro<\/strong> a nove anos e um m\u00eas de pris\u00e3o. Por causa da condena\u00e7\u00e3o, o l\u00edder do <strong>Partido dos Trabalhadores (PT)<\/strong> foi impedido de concorrer \u00e0 Presid\u00eancia da Rep\u00fablica nas elei\u00e7\u00f5es do mesmo ano.<\/p>\n<p><a href=\"https:\/\/www.suno.com.br\/noticias\/defesa-lula-pena-regime-aberto-stj\/\">Saiba mais: Defesa de Lula pede ao STJ que ex-presidente cumpra pena em casa\u00a0<\/a><\/p>\n<p>A senten\u00e7a de condena\u00e7\u00e3o do ex-presidente foi confirmada em segunda inst\u00e2ncia pelo Tribunal Regional Federal da 4\u00aa Regi\u00e3o. Al\u00e9m disso, a condena\u00e7\u00e3o foi tamb\u00e9m confirmada pelo <strong>Superior Tribunal de Justi\u00e7a (STJ)<\/strong>. Entretanto, os ministros do STJ reduziu a pena para oito anos, 10 meses e 20 dias de pris\u00e3o.<\/p>\n<h2>Defesa de Lula reage<\/h2>\n<p>A defesa de Lula informou em nota que a reportagem do Intercept revela detalhes de uma trama, j\u00e1 denunciada pelos advogados, que envolve &#8220;uma atua\u00e7\u00e3o combinada entre os procuradores e o ex-juiz Sergio Moro, com o objetivo preestabelecido e com clara motiva\u00e7\u00e3o pol\u00edtica, de processar, condenar e retirar a liberdade do ex-presidente&#8221;.<\/p>\n\t<p>\n\t\t<a href=\"https:\/\/lp.suno.com.br\/planilha-da-vida-financeira\/\" target=\"_blank\" data-element=\"shortcode-suno-banner\" title=\"Banner SUNO, clique e saiba mais\">\n\t\t\t<picture>\n\t\t\t\t<source media=\"(max-width: 500px)\" srcset=\"https:\/\/files.sunoresearch.com.br\/n\/uploads\/2023\/04\/400x300-Planilha-vida-financeira-true.png\">\n\t\t\t\t<img class=\"newsContent__article__imgCapa newsContent__article__imgCapa--banner\"\n\t\t\t\t\tsrc=\"https:\/\/files.sunoresearch.com.br\/n\/uploads\/2023\/04\/1420x240-Planilha-vida-financeira-true.png\"\n\t\t\t\t\tdata-promo-id=\"383123\"\t\t\t\t\t\t\t\t\t\twidth='1420' height='240'\t\t\t\t\talt=\"https:\/\/files.sunoresearch.com.br\/n\/uploads\/2023\/04\/1420x240-Planilha-vida-financeira-true.png\"\n\t\t\t\t>\n\t\t\t<\/picture>\n\t\t<\/a>\n\t<\/p>\n\n\n<p>&#8220;A atua\u00e7\u00e3o ajustada dos procuradores e do ex-juiz da causa, com objetivos pol\u00edticos, sujeitou <strong>Lula<\/strong> e sua fam\u00edlia \u00e0s mais diversas arbitrariedades. A esse cen\u00e1rio devem ser somadas diversas outras grosseiras ilegalidades&#8221;, informou a defesa do ex-presidente no documento.<\/p>\n<h2>Ju\u00edzes reagem<\/h2>\n<p>Os procuradores de <strong>Curitiba<\/strong> reagiram a publica\u00e7\u00e3o das reportagens, divulgando uma nota salientando um\u00a0&#8220;ataque criminoso \u00e0 <strong>Lava Jato&#8221;.<\/strong> Segundo os procuradores, o caso\u00a0p\u00f5e em risco a seguran\u00e7a dos integrantes da opera\u00e7\u00e3o.<\/p>\n<p>Segundo a for\u00e7a-tarefa da <strong>Lava Jato,<\/strong> os procuradores \u201cforam v\u00edtimas de a\u00e7\u00e3o criminosa de um hacker que praticou os mais graves ataques \u00e0 atividade do <strong>Minist\u00e9rio P\u00fablico,<\/strong> \u00e0 vida privada e \u00e0 seguran\u00e7a de seus integrantes\u201d.<\/p>\n<p>\u201cA viola\u00e7\u00e3o criminosa das comunica\u00e7\u00f5es de autoridades constitu\u00eddas \u00e9 uma grave e il\u00edcita afronta ao Estado e se coaduna com o objetivo de obstar a continuidade da Opera\u00e7\u00e3o, expondo a vida dos seus membros e fam\u00edlias a riscos pessoais\u201d, informou a nota da for\u00e7a-tarefa da <strong>Lava Jato.<\/strong><\/p>\n<p>A <strong>Procuradoria<\/strong> informou que n\u00e3o sabe a extens\u00e3o da invas\u00e3o e que n\u00e3o recebeu algum pedido de esclarecimento por parte do Intercept antes da publica\u00e7\u00e3o das reportagens.<\/p>\n<p>Os promotores tamb\u00e9m salientaram que os trechos dos di\u00e1logos foram tirados de contexto. Algo que pode gerar uma interpreta\u00e7\u00e3o equivocada.<\/p>\n<p>\u201cV\u00e1rios dos integrantes da for\u00e7a-tarefa de procuradores s\u00e3o amigos pr\u00f3ximos e, nesse ambiente, s\u00e3o comuns desabafos e brincadeiras. Muitas conversas, sem o devido contexto, podem dar margem para interpreta\u00e7\u00f5es equivocadas. A for\u00e7a-tarefa lamenta profundamente pelo desconforto daqueles que eventualmente tenham se sentido atingidos&#8221;, esclarece a nota.<\/p>\n<p>O ministro <strong>Sergio Moro<\/strong> tamb\u00e9m divulgou uma nota negando que haja no material revelado &#8220;qualquer anormalidade ou direcionamento&#8221; da sua atua\u00e7\u00e3o como juiz.<\/p>\n\t<p>\n\t\t<a href=\"https:\/\/lp.suno.com.br\/ao\/sessao-estrategica-consultoria-c\/?utm_source=suno-noticias&#038;utm_medium=banner&#038;utm_campaing=banco-master-cdbs\" target=\"_blank\" data-element=\"shortcode-suno-banner\" title=\"Banner SUNO, clique e saiba mais\">\n\t\t\t<picture>\n\t\t\t\t<source media=\"(max-width: 500px)\" srcset=\"https:\/\/files.sunoresearch.com.br\/n\/uploads\/2025\/09\/300x400.webp\">\n\t\t\t\t<img class=\"newsContent__article__imgCapa newsContent__article__imgCapa--banner\"\n\t\t\t\t\tsrc=\"https:\/\/files.sunoresearch.com.br\/n\/uploads\/2025\/09\/SN-DT-1420x240-1.webp\"\n\t\t\t\t\tdata-promo-id=\"624064\"\t\t\t\t\t\t\t\t\t\twidth='1420' height='240'\t\t\t\t\talt=\"https:\/\/files.sunoresearch.com.br\/n\/uploads\/2025\/09\/SN-DT-1420x240-1.webp\"\n\t\t\t\t>\n\t\t\t<\/picture>\n\t\t<\/a>\n\t<\/p>\n\n\n<p>&#8220;N\u00e3o se vislumbra qualquer anormalidade ou direcionamento da atua\u00e7\u00e3o enquanto magistrado, apesar de terem sido retiradas de contexto e do sensacionalismo das mat\u00e9rias, que ignoram o gigantesco esquema de corrup\u00e7\u00e3o revelado pela Opera\u00e7\u00e3o <strong>Lava Jato\u201d,<\/strong> informou <strong>Moro.<\/strong><\/p>\n","protected":false},"excerpt":{"rendered":"<p>O site &#8220;The Intercept Brasil&#8221; publicou no \u00faltimo domingo (9) uma s\u00e9rie de mensagens atribu\u00eddas ao ex-juiz federal e atual ministro da Justi\u00e7a, S\u00e9rgio Moro, e ao procurador federal Deltan Dallagnol. O ministro da Justi\u00e7a, S\u00e9rgio Moro. Segundo o site, essas mensagens mostrariam uma colabora\u00e7\u00e3o entre o Minist\u00e9rio P\u00fablico Federal (MPF) e S\u00e9rgio Moro durante [&hellip;]<\/p>\n","protected":false},"author":9,"featured_media":11253,"comment_status":"closed","ping_status":"closed","sticky":false,"template":"","format":"standard","meta":[],"categories":[61],"tags":[709,1914,1018],"suno_strategy":[],"class_list":["post-27717","post","type-post","status-publish","format-standard","has-post-thumbnail","hentry","category-politica","tag-lula","tag-operacao-lava-jato","tag-sergio-moro"],"yoast_head":"<!-- This site is optimized with the Yoast SEO plugin v24.4 - https:\/\/yoast.com\/wordpress\/plugins\/seo\/ -->\n<title>Mensagens mostrariam colabora\u00e7\u00e3o entre Dallagnol e Moro, diz site<\/title>\n<meta name=\"description\" content=\"O site &quot;The Intercept Brasil&quot; uma s\u00e9rie de mensagens atribu\u00eddas a S\u00e9rgio Moro e Deltan Dallagnol. Clique aqui para saber mais.\" \/>\n<meta name=\"robots\" content=\"index, follow, max-snippet:-1, max-image-preview:large, max-video-preview:-1\" \/>\n<link rel=\"canonical\" href=\"https:\/\/www.suno.com.br\/noticias\/mensagens-colaboracao-dallagnol-moro\/\" \/>\n<meta property=\"og:locale\" content=\"pt_BR\" \/>\n<meta property=\"og:type\" content=\"article\" \/>\n<meta property=\"og:title\" content=\"Mensagens mostrariam colabora\u00e7\u00e3o entre Dallagnol e Moro, diz site\" \/>\n<meta property=\"og:description\" content=\"O site &quot;The Intercept Brasil&quot; uma s\u00e9rie de mensagens atribu\u00eddas a S\u00e9rgio Moro e Deltan Dallagnol. Clique aqui para saber mais.\" \/>\n<meta property=\"og:url\" content=\"https:\/\/www.suno.com.br\/noticias\/mensagens-colaboracao-dallagnol-moro\/\" \/>\n<meta property=\"og:site_name\" content=\"Suno Not\u00edcias\" \/>\n<meta property=\"article:publisher\" content=\"https:\/\/facebook.com\/sunoresearch\" \/>\n<meta property=\"og:image\" content=\"https:\/\/files.sunoresearch.com.br\/n\/uploads\/2019\/01\/0a647d0e-moro.jpg\" \/>\n\t<meta property=\"og:image:width\" content=\"1140\" \/>\n\t<meta property=\"og:image:height\" content=\"760\" \/>\n\t<meta property=\"og:image:type\" content=\"image\/jpeg\" \/>\n<meta name=\"author\" content=\"Carlo Cauti\" \/>\n<meta name=\"twitter:card\" content=\"summary_large_image\" \/>\n<meta name=\"twitter:creator\" content=\"@sunoresearch\" \/>\n<meta name=\"twitter:site\" content=\"@sunoresearch\" \/>\n<meta name=\"twitter:label1\" content=\"Escrito por\" \/>\n\t<meta name=\"twitter:data1\" content=\"Carlo Cauti\" \/>\n\t<meta name=\"twitter:label2\" content=\"Est. tempo de leitura\" \/>\n\t<meta name=\"twitter:data2\" content=\"7 minutos\" \/>\n<script type=\"application\/ld+json\" class=\"yoast-schema-graph\">{\"@context\":\"https:\/\/schema.org\",\"@graph\":[{\"@type\":\"NewsArticle\",\"@id\":\"https:\/\/www.suno.com.br\/noticias\/mensagens-colaboracao-dallagnol-moro\/#article\",\"isPartOf\":{\"@id\":\"https:\/\/www.suno.com.br\/noticias\/mensagens-colaboracao-dallagnol-moro\/\"},\"author\":{\"name\":\"Carlo Cauti\",\"@id\":\"https:\/\/www.suno.com.br\/noticias\/#\/schema\/person\/e6e0f723cc177805027f4566c1d5e0c8\"},\"headline\":\"Mensagens mostrariam colabora\u00e7\u00e3o entre Dallagnol e Moro, diz site\",\"datePublished\":\"2019-06-10T11:44:33+00:00\",\"dateModified\":\"2021-02-17T23:08:27+00:00\",\"mainEntityOfPage\":{\"@id\":\"https:\/\/www.suno.com.br\/noticias\/mensagens-colaboracao-dallagnol-moro\/\"},\"wordCount\":1312,\"publisher\":{\"@id\":\"https:\/\/www.suno.com.br\/noticias\/#organization\"},\"image\":{\"@id\":\"https:\/\/www.suno.com.br\/noticias\/mensagens-colaboracao-dallagnol-moro\/#primaryimage\"},\"thumbnailUrl\":\"https:\/\/files.sunoresearch.com.br\/n\/uploads\/2019\/01\/0a647d0e-moro-jpg.webp\",\"keywords\":[\"Lula\",\"Opera\u00e7\u00e3o Lava Jato\",\"Sergio Moro\"],\"articleSection\":[\"Pol\u00edtica\"],\"inLanguage\":\"pt-BR\"},{\"@type\":\"WebPage\",\"@id\":\"https:\/\/www.suno.com.br\/noticias\/mensagens-colaboracao-dallagnol-moro\/\",\"url\":\"https:\/\/www.suno.com.br\/noticias\/mensagens-colaboracao-dallagnol-moro\/\",\"name\":\"Mensagens mostrariam colabora\u00e7\u00e3o entre Dallagnol e Moro, diz site\",\"isPartOf\":{\"@id\":\"https:\/\/www.suno.com.br\/noticias\/#website\"},\"primaryImageOfPage\":{\"@id\":\"https:\/\/www.suno.com.br\/noticias\/mensagens-colaboracao-dallagnol-moro\/#primaryimage\"},\"image\":{\"@id\":\"https:\/\/www.suno.com.br\/noticias\/mensagens-colaboracao-dallagnol-moro\/#primaryimage\"},\"thumbnailUrl\":\"https:\/\/files.sunoresearch.com.br\/n\/uploads\/2019\/01\/0a647d0e-moro-jpg.webp\",\"datePublished\":\"2019-06-10T11:44:33+00:00\",\"dateModified\":\"2021-02-17T23:08:27+00:00\",\"description\":\"O site \\\"The Intercept Brasil\\\" uma s\u00e9rie de mensagens atribu\u00eddas a S\u00e9rgio Moro e Deltan Dallagnol. Clique aqui para saber mais.\",\"breadcrumb\":{\"@id\":\"https:\/\/www.suno.com.br\/noticias\/mensagens-colaboracao-dallagnol-moro\/#breadcrumb\"},\"inLanguage\":\"pt-BR\",\"potentialAction\":[{\"@type\":\"ReadAction\",\"target\":[\"https:\/\/www.suno.com.br\/noticias\/mensagens-colaboracao-dallagnol-moro\/\"]}]},{\"@type\":\"ImageObject\",\"inLanguage\":\"pt-BR\",\"@id\":\"https:\/\/www.suno.com.br\/noticias\/mensagens-colaboracao-dallagnol-moro\/#primaryimage\",\"url\":\"https:\/\/files.sunoresearch.com.br\/n\/uploads\/2019\/01\/0a647d0e-moro-jpg.webp\",\"contentUrl\":\"https:\/\/files.sunoresearch.com.br\/n\/uploads\/2019\/01\/0a647d0e-moro-jpg.webp\",\"width\":1140,\"height\":760,\"caption\":\"O ministro da Justi\u00e7a, S\u00e9rgio Moro.\"},{\"@type\":\"BreadcrumbList\",\"@id\":\"https:\/\/www.suno.com.br\/noticias\/mensagens-colaboracao-dallagnol-moro\/#breadcrumb\",\"itemListElement\":[{\"@type\":\"ListItem\",\"position\":1,\"name\":\"Not\u00edcias\",\"item\":\"https:\/\/www.suno.com.br\/noticias\/\"},{\"@type\":\"ListItem\",\"position\":2,\"name\":\"Pol\u00edtica\",\"item\":\"https:\/\/www.suno.com.br\/noticias\/politica\/\"},{\"@type\":\"ListItem\",\"position\":3,\"name\":\"Mensagens mostrariam colabora\u00e7\u00e3o entre Dallagnol e Moro, diz site\"}]},{\"@type\":\"WebSite\",\"@id\":\"https:\/\/www.suno.com.br\/noticias\/#website\",\"url\":\"https:\/\/www.suno.com.br\/noticias\/\",\"name\":\"Suno Not\u00edcias\",\"description\":\"Seu portal de informa\u00e7\u00e3o sobre o mundo dos investimentos\",\"publisher\":{\"@id\":\"https:\/\/www.suno.com.br\/noticias\/#organization\"},\"potentialAction\":[{\"@type\":\"SearchAction\",\"target\":{\"@type\":\"EntryPoint\",\"urlTemplate\":\"https:\/\/www.suno.com.br\/noticias\/?s={search_term_string}\"},\"query-input\":{\"@type\":\"PropertyValueSpecification\",\"valueRequired\":true,\"valueName\":\"search_term_string\"}}],\"inLanguage\":\"pt-BR\"},{\"@type\":\"Organization\",\"@id\":\"https:\/\/www.suno.com.br\/noticias\/#organization\",\"name\":\"Suno Not\u00edcias\",\"url\":\"https:\/\/www.suno.com.br\/noticias\/\",\"logo\":{\"@type\":\"ImageObject\",\"inLanguage\":\"pt-BR\",\"@id\":\"https:\/\/www.suno.com.br\/noticias\/#\/schema\/logo\/image\/\",\"url\":\"https:\/\/files.sunoresearch.com.br\/n\/uploads\/2021\/09\/suno-logo.png\",\"contentUrl\":\"https:\/\/files.sunoresearch.com.br\/n\/uploads\/2021\/09\/suno-logo.png\",\"width\":180,\"height\":180,\"caption\":\"Suno Not\u00edcias\"},\"image\":{\"@id\":\"https:\/\/www.suno.com.br\/noticias\/#\/schema\/logo\/image\/\"},\"sameAs\":[\"https:\/\/facebook.com\/sunoresearch\",\"https:\/\/x.com\/sunoresearch\",\"https:\/\/www.instagram.com\/suno\",\"https:\/\/www.linkedin.com\/company\/suno-research\/\",\"https:\/\/www.youtube.com\/c\/sunoresearch\"]},{\"@type\":\"Person\",\"@id\":\"https:\/\/www.suno.com.br\/noticias\/#\/schema\/person\/e6e0f723cc177805027f4566c1d5e0c8\",\"name\":\"Carlo Cauti\",\"image\":{\"@type\":\"ImageObject\",\"inLanguage\":\"pt-BR\",\"@id\":\"https:\/\/www.suno.com.br\/noticias\/#\/schema\/person\/image\/\",\"url\":\"https:\/\/secure.gravatar.com\/avatar\/3ada9e0bd164c23abd4792a9606d583c?s=96&r=g\",\"contentUrl\":\"https:\/\/secure.gravatar.com\/avatar\/3ada9e0bd164c23abd4792a9606d583c?s=96&r=g\",\"caption\":\"Carlo Cauti\"},\"description\":\"Editor multim\u00eddia do SUNO Not\u00edcias. Italiano, formado em Ci\u00eancias Pol\u00edticas pela universidade LUISS G. Carli de Roma e mestre cum laude em Rela\u00e7\u00f5es Internacionais, Jornalismo Internacional e de Guerra e em Economia Internacional. Concluiu tamb\u00e9m um MBA em Finan\u00e7as na B3. No Brasil, teve passagem por ve\u00edculos como Estad\u00e3o, Globo, Veja e EXAME. e nas ag\u00eancias de not\u00edcias italianas ANSA e NOVA.\",\"url\":\"https:\/\/www.suno.com.br\/noticias\/author\/carlo-cauti\/\"}]}<\/script>\n<!-- \/ Yoast SEO plugin. -->","yoast_head_json":{"title":"Mensagens mostrariam colabora\u00e7\u00e3o entre Dallagnol e Moro, diz site","description":"O site \"The Intercept Brasil\" uma s\u00e9rie de mensagens atribu\u00eddas a S\u00e9rgio Moro e Deltan Dallagnol. Clique aqui para saber mais.","robots":{"index":"index","follow":"follow","max-snippet":"max-snippet:-1","max-image-preview":"max-image-preview:large","max-video-preview":"max-video-preview:-1"},"canonical":"https:\/\/www.suno.com.br\/noticias\/mensagens-colaboracao-dallagnol-moro\/","og_locale":"pt_BR","og_type":"article","og_title":"Mensagens mostrariam colabora\u00e7\u00e3o entre Dallagnol e Moro, diz site","og_description":"O site \"The Intercept Brasil\" uma s\u00e9rie de mensagens atribu\u00eddas a S\u00e9rgio Moro e Deltan Dallagnol. Clique aqui para saber mais.","og_url":"https:\/\/www.suno.com.br\/noticias\/mensagens-colaboracao-dallagnol-moro\/","og_site_name":"Suno Not\u00edcias","article_publisher":"https:\/\/facebook.com\/sunoresearch","og_image":[{"width":1140,"height":760,"url":"https:\/\/files.sunoresearch.com.br\/n\/uploads\/2019\/01\/0a647d0e-moro.jpg","type":"image\/jpeg"}],"author":"Carlo Cauti","twitter_card":"summary_large_image","twitter_creator":"@sunoresearch","twitter_site":"@sunoresearch","twitter_misc":{"Escrito por":"Carlo Cauti","Est. tempo de leitura":"7 minutos"},"schema":{"@context":"https:\/\/schema.org","@graph":[{"@type":"NewsArticle","@id":"https:\/\/www.suno.com.br\/noticias\/mensagens-colaboracao-dallagnol-moro\/#article","isPartOf":{"@id":"https:\/\/www.suno.com.br\/noticias\/mensagens-colaboracao-dallagnol-moro\/"},"author":{"name":"Carlo Cauti","@id":"https:\/\/www.suno.com.br\/noticias\/#\/schema\/person\/e6e0f723cc177805027f4566c1d5e0c8"},"headline":"Mensagens mostrariam colabora\u00e7\u00e3o entre Dallagnol e Moro, diz site","datePublished":"2019-06-10T11:44:33+00:00","dateModified":"2021-02-17T23:08:27+00:00","mainEntityOfPage":{"@id":"https:\/\/www.suno.com.br\/noticias\/mensagens-colaboracao-dallagnol-moro\/"},"wordCount":1312,"publisher":{"@id":"https:\/\/www.suno.com.br\/noticias\/#organization"},"image":{"@id":"https:\/\/www.suno.com.br\/noticias\/mensagens-colaboracao-dallagnol-moro\/#primaryimage"},"thumbnailUrl":"https:\/\/files.sunoresearch.com.br\/n\/uploads\/2019\/01\/0a647d0e-moro-jpg.webp","keywords":["Lula","Opera\u00e7\u00e3o Lava Jato","Sergio Moro"],"articleSection":["Pol\u00edtica"],"inLanguage":"pt-BR"},{"@type":"WebPage","@id":"https:\/\/www.suno.com.br\/noticias\/mensagens-colaboracao-dallagnol-moro\/","url":"https:\/\/www.suno.com.br\/noticias\/mensagens-colaboracao-dallagnol-moro\/","name":"Mensagens mostrariam colabora\u00e7\u00e3o entre Dallagnol e Moro, diz site","isPartOf":{"@id":"https:\/\/www.suno.com.br\/noticias\/#website"},"primaryImageOfPage":{"@id":"https:\/\/www.suno.com.br\/noticias\/mensagens-colaboracao-dallagnol-moro\/#primaryimage"},"image":{"@id":"https:\/\/www.suno.com.br\/noticias\/mensagens-colaboracao-dallagnol-moro\/#primaryimage"},"thumbnailUrl":"https:\/\/files.sunoresearch.com.br\/n\/uploads\/2019\/01\/0a647d0e-moro-jpg.webp","datePublished":"2019-06-10T11:44:33+00:00","dateModified":"2021-02-17T23:08:27+00:00","description":"O site \"The Intercept Brasil\" uma s\u00e9rie de mensagens atribu\u00eddas a S\u00e9rgio Moro e Deltan Dallagnol. Clique aqui para saber mais.","breadcrumb":{"@id":"https:\/\/www.suno.com.br\/noticias\/mensagens-colaboracao-dallagnol-moro\/#breadcrumb"},"inLanguage":"pt-BR","potentialAction":[{"@type":"ReadAction","target":["https:\/\/www.suno.com.br\/noticias\/mensagens-colaboracao-dallagnol-moro\/"]}]},{"@type":"ImageObject","inLanguage":"pt-BR","@id":"https:\/\/www.suno.com.br\/noticias\/mensagens-colaboracao-dallagnol-moro\/#primaryimage","url":"https:\/\/files.sunoresearch.com.br\/n\/uploads\/2019\/01\/0a647d0e-moro-jpg.webp","contentUrl":"https:\/\/files.sunoresearch.com.br\/n\/uploads\/2019\/01\/0a647d0e-moro-jpg.webp","width":1140,"height":760,"caption":"O ministro da Justi\u00e7a, S\u00e9rgio Moro."},{"@type":"BreadcrumbList","@id":"https:\/\/www.suno.com.br\/noticias\/mensagens-colaboracao-dallagnol-moro\/#breadcrumb","itemListElement":[{"@type":"ListItem","position":1,"name":"Not\u00edcias","item":"https:\/\/www.suno.com.br\/noticias\/"},{"@type":"ListItem","position":2,"name":"Pol\u00edtica","item":"https:\/\/www.suno.com.br\/noticias\/politica\/"},{"@type":"ListItem","position":3,"name":"Mensagens mostrariam colabora\u00e7\u00e3o entre Dallagnol e Moro, diz site"}]},{"@type":"WebSite","@id":"https:\/\/www.suno.com.br\/noticias\/#website","url":"https:\/\/www.suno.com.br\/noticias\/","name":"Suno Not\u00edcias","description":"Seu portal de informa\u00e7\u00e3o sobre o mundo dos investimentos","publisher":{"@id":"https:\/\/www.suno.com.br\/noticias\/#organization"},"potentialAction":[{"@type":"SearchAction","target":{"@type":"EntryPoint","urlTemplate":"https:\/\/www.suno.com.br\/noticias\/?s={search_term_string}"},"query-input":{"@type":"PropertyValueSpecification","valueRequired":true,"valueName":"search_term_string"}}],"inLanguage":"pt-BR"},{"@type":"Organization","@id":"https:\/\/www.suno.com.br\/noticias\/#organization","name":"Suno Not\u00edcias","url":"https:\/\/www.suno.com.br\/noticias\/","logo":{"@type":"ImageObject","inLanguage":"pt-BR","@id":"https:\/\/www.suno.com.br\/noticias\/#\/schema\/logo\/image\/","url":"https:\/\/files.sunoresearch.com.br\/n\/uploads\/2021\/09\/suno-logo.png","contentUrl":"https:\/\/files.sunoresearch.com.br\/n\/uploads\/2021\/09\/suno-logo.png","width":180,"height":180,"caption":"Suno Not\u00edcias"},"image":{"@id":"https:\/\/www.suno.com.br\/noticias\/#\/schema\/logo\/image\/"},"sameAs":["https:\/\/facebook.com\/sunoresearch","https:\/\/x.com\/sunoresearch","https:\/\/www.instagram.com\/suno","https:\/\/www.linkedin.com\/company\/suno-research\/","https:\/\/www.youtube.com\/c\/sunoresearch"]},{"@type":"Person","@id":"https:\/\/www.suno.com.br\/noticias\/#\/schema\/person\/e6e0f723cc177805027f4566c1d5e0c8","name":"Carlo Cauti","image":{"@type":"ImageObject","inLanguage":"pt-BR","@id":"https:\/\/www.suno.com.br\/noticias\/#\/schema\/person\/image\/","url":"https:\/\/secure.gravatar.com\/avatar\/3ada9e0bd164c23abd4792a9606d583c?s=96&r=g","contentUrl":"https:\/\/secure.gravatar.com\/avatar\/3ada9e0bd164c23abd4792a9606d583c?s=96&r=g","caption":"Carlo Cauti"},"description":"Editor multim\u00eddia do SUNO Not\u00edcias. Italiano, formado em Ci\u00eancias Pol\u00edticas pela universidade LUISS G. Carli de Roma e mestre cum laude em Rela\u00e7\u00f5es Internacionais, Jornalismo Internacional e de Guerra e em Economia Internacional. Concluiu tamb\u00e9m um MBA em Finan\u00e7as na B3. No Brasil, teve passagem por ve\u00edculos como Estad\u00e3o, Globo, Veja e EXAME. e nas ag\u00eancias de not\u00edcias italianas ANSA e NOVA.","url":"https:\/\/www.suno.com.br\/noticias\/author\/carlo-cauti\/"}]}},"default_loop_html":"<div class=\"cardsPage__listCard__boxs\"><div class=\"cardsPage__listCard__boxs__img\"><a href=\"https:\/\/www.suno.com.br\/noticias\/mensagens-colaboracao-dallagnol-moro\/\"><img class=\"mask\" src=\"https:\/\/www.suno.com.br\/noticias\/wp-content\/themes\/suno\/resources\/images\/spotlight\/spotlight1img\/bg-mask.png\" alt=\"Image Mask\"\/><img src=\"https:\/\/files.sunoresearch.com.br\/n\/uploads\/2019\/01\/0a647d0e-moro-400x200.webp\" alt=\"Mensagens mostrariam colabora\u00e7\u00e3o entre Dallagnol e Moro, diz site\"\/><\/a><span class=\"spotlightCategory\"><a href=\"https:\/\/www.suno.com.br\/noticias\/politica\/\">Pol\u00edtica<\/a><\/span><\/div><div class=\"cardsPage__listCard__boxs__content\"><a href=\"https:\/\/www.suno.com.br\/noticias\/mensagens-colaboracao-dallagnol-moro\/\"><h2 class=\"content__title\">Mensagens mostrariam colabora\u00e7\u00e3o entre Dallagnol e Moro, diz site<\/h2><\/a><div class=\"newsContent__article__meta\"><div class=\"newsContent__article__meta__authorBox\"><a href=\"https:\/\/www.suno.com.br\/noticias\/author\/carlo-cauti\/\" class=\"authorBox__avatar noMobi\"><img src=\"https:\/\/files.sunoresearch.com.br\/n\/uploads\/2020\/08\/e3745f9a-perfil-carlo-cauti-150x150.webp\" alt=\"Carlo Cauti\"><\/a><div class=\"authorBox__name\"><span>por\n\t\t\t<a href=\"https:\/\/www.suno.com.br\/noticias\/author\/carlo-cauti\/\"><span itemprop=\"author\">Carlo Cauti<\/span><\/a><\/span><time datetime=\"2019-06-10T08:44:33-03:00\" itemprop=\"datePublished\">10\/06\/2019 08:44<\/time><\/div><\/div><\/div><\/div><\/div>","single_layout":"posts","amp_enabled":true,"_links":{"self":[{"href":"https:\/\/www.suno.com.br\/noticias\/wp-json\/wp\/v2\/posts\/27717"}],"collection":[{"href":"https:\/\/www.suno.com.br\/noticias\/wp-json\/wp\/v2\/posts"}],"about":[{"href":"https:\/\/www.suno.com.br\/noticias\/wp-json\/wp\/v2\/types\/post"}],"author":[{"embeddable":true,"href":"https:\/\/www.suno.com.br\/noticias\/wp-json\/wp\/v2\/users\/9"}],"replies":[{"embeddable":true,"href":"https:\/\/www.suno.com.br\/noticias\/wp-json\/wp\/v2\/comments?post=27717"}],"version-history":[{"count":0,"href":"https:\/\/www.suno.com.br\/noticias\/wp-json\/wp\/v2\/posts\/27717\/revisions"}],"wp:featuredmedia":[{"embeddable":true,"href":"https:\/\/www.suno.com.br\/noticias\/wp-json\/wp\/v2\/media\/11253"}],"wp:attachment":[{"href":"https:\/\/www.suno.com.br\/noticias\/wp-json\/wp\/v2\/media?parent=27717"}],"wp:term":[{"taxonomy":"category","embeddable":true,"href":"https:\/\/www.suno.com.br\/noticias\/wp-json\/wp\/v2\/categories?post=27717"},{"taxonomy":"post_tag","embeddable":true,"href":"https:\/\/www.suno.com.br\/noticias\/wp-json\/wp\/v2\/tags?post=27717"},{"taxonomy":"suno_strategy","embeddable":true,"href":"https:\/\/www.suno.com.br\/noticias\/wp-json\/wp\/v2\/suno_strategy?post=27717"}],"curies":[{"name":"wp","href":"https:\/\/api.w.org\/{rel}","templated":true}]}}