{"id":27714,"date":"2019-06-10T08:31:19","date_gmt":"2019-06-10T11:31:19","guid":{"rendered":"https:\/\/www.suno.com.br\/noticias\/?p=27714"},"modified":"2019-06-10T08:31:19","modified_gmt":"2019-06-10T11:31:19","slug":"hapvida-compra-grupo-america-com-objetivo-de-ampliar-seus-negocios","status":"publish","type":"post","link":"https:\/\/www.suno.com.br\/noticias\/hapvida-compra-grupo-america-com-objetivo-de-ampliar-seus-negocios\/","title":{"rendered":"Hapvida compra Grupo Am\u00e9rica com objetivo de ampliar seus neg\u00f3cios"},"content":{"rendered":"<p>O plano de sa\u00fade Hapvida comprou por R$ 426 milh\u00f5es o <strong>grupo Am\u00e9rica<\/strong>, localizado em Goi\u00e1s. Conforme o presidente do plano, a aquisi\u00e7\u00e3o teve como objetivo ampliar a \u00e1rea de atua\u00e7\u00e3o da <strong>operadora de sa\u00fade<\/strong>.<\/p>\t<div class=\"wrapper-featured-image\">\n\t\t<figure class=\"spotlightImg\">\n\n\t\t\t<picture>\n\t\t\t\t<source media=\"(max-width: 768px)\" srcset=\"https:\/\/files.sunoresearch.com.br\/n\/uploads\/2019\/06\/88b4afc3-29570692_1770338736321211_6492773938567174737_n-e1560165712553-400x200.webp\">\n\t\t\t\t<img loading=\"lazy\" decoding=\"async\" class=\"newsContent__article__imgCapa lazyloadDisabled newsContent__article__imgCapa--noCaption\" src=\"https:\/\/files.sunoresearch.com.br\/n\/uploads\/2019\/06\/88b4afc3-29570692_1770338736321211_6492773938567174737_n-e1560165712553-png.webp\" width=\"800\" height=\"450\" alt=\"Hapvida compra Grupo Am\u00e9rica com objetivo de ampliar seus neg\u00f3cios\" fetchpriority=high \/>\n\t\t\t<\/picture>\n\n\t\t\t<figcaption class=\"wp-caption-text wp-caption-text--hide\">Hapvida (HAPV3) anuncia aquisi\u00e7\u00e3o<\/figcaption>\n\t\t<\/figure>\n\t<\/div>\n\n\n<p>&#8220;A Am\u00e9rica est\u00e1 concentrada em Goi\u00e2nia e tem atividade tamb\u00e9m em An\u00e1polis e Aparecida. A <strong>Hapvida<\/strong> n\u00e3o tem praticamente nada em Goi\u00e2nia&#8221;, disse o p<strong>residente Jorge Pinheiro<\/strong> ao jornal &#8220;Valor Econ\u00f4mico&#8221;.<\/p>\n<p>Essa \u00e9 a segunda aquisi\u00e7\u00e3o da operadora. Com o principal objetivo de atuar na regi\u00e3o do centro-oeste, em maio deste ano, a empresa adquiriu o grupo S\u00e3o Francisco por R$ 5 bilh\u00f5es. &#8220;A<strong> S\u00e3o Francisco<\/strong> tem opera\u00e7\u00f5es em Goi\u00e1s, mas n\u00e3o na capital&#8221;. O grupo S\u00e3o Francisco tem <strong>carteiras de planos de sa\u00fade<\/strong> com 800 mil vidas.<\/p>\n<p>Por sua vez, a Am\u00e9rica possui 190 mil vidas, por\u00e9m apenas 1% desse valor s\u00e3o <strong>planos odontol\u00f3gicos<\/strong>. Dessa maneira, &#8220;crescer em odonto \u00e9 uma das oportunidades ali, bem como aumento da verticaliza\u00e7\u00e3o e redu\u00e7\u00e3o de despesas administrativas&#8221;, disse <strong>Pinheiro<\/strong>.<\/p>\n\t<p>\n\t\t<a href=\"https:\/\/lp.suno.com.br\/ao\/sessao-estrategica-consultoria-c\/?utm_source=suno-noticias&#038;utm_medium=banner&#038;utm_campaing=banco-master-cdbs\" target=\"_blank\" data-element=\"shortcode-suno-banner\" title=\"Banner SUNO, clique e saiba mais\">\n\t\t\t<picture>\n\t\t\t\t<source media=\"(max-width: 500px)\" srcset=\"https:\/\/files.sunoresearch.com.br\/n\/uploads\/2025\/09\/300x400.webp\">\n\t\t\t\t<img class=\"newsContent__article__imgCapa newsContent__article__imgCapa--banner\"\n\t\t\t\t\tsrc=\"https:\/\/files.sunoresearch.com.br\/n\/uploads\/2025\/09\/SN-DT-1420x240-1.webp\"\n\t\t\t\t\tdata-promo-id=\"624064\"\t\t\t\t\t\t\t\t\t\twidth='1420' height='240'\t\t\t\t\talt=\"https:\/\/files.sunoresearch.com.br\/n\/uploads\/2025\/09\/SN-DT-1420x240-1.webp\"\n\t\t\t\t>\n\t\t\t<\/picture>\n\t\t<\/a>\n\t<\/p>\n\n\n<h2>Aquisi\u00e7\u00e3o<\/h2>\n<p>A compra do<strong> Grupo Am\u00e9rica<\/strong> \u00e9 para complementar a \u00e1rea de atua\u00e7\u00e3o do <strong>Grupo S\u00e3o Francisco<\/strong>.<\/p>\n<p><a href=\"https:\/\/www.suno.com.br\/noticias\/acoes-hapvida-grupo-sao-francisco\/\">Saiba Mais:\u00a0A\u00e7\u00f5es da Hapvida sobem 7% ap\u00f3s aquisi\u00e7\u00e3o do Grupo S\u00e3o Francisco<\/a><\/p>\n<p>&#8220;A aquisi\u00e7\u00e3o trar\u00e1 <strong>sinergias operacionais<\/strong> relevantes que ser\u00e3o aproveitadas pela Companhia, al\u00e9m de expandir geograficamente seu perfil de atua\u00e7\u00e3o, intensificando esfor\u00e7os na <strong>Regi\u00e3o Centro-Oeste do Brasil<\/strong>, em linha com a estrat\u00e9gia de expans\u00e3o e crescimento da Companhia de abrang\u00eancia nacional&#8221;, disse o <strong>diretor superintende da Hapvida<\/strong>, <strong>Bruno Cals<\/strong>, ao jornal &#8220;Di\u00e1rio do Nordeste&#8221;.<\/p>\n<p>Ap\u00f3s a compra das empresas a d\u00edvida da <strong>Hapvida<\/strong> aumentou 1,6. No entanto, conforme o presidente da empresa, at\u00e9 o fechamento das opera\u00e7\u00f5es, a d\u00edvida l\u00edquida ter\u00e1 aumentado apenas R$ 200 milh\u00f5es.<\/p>\n<h2>Expectativa<\/h2>\n<p>O presidente afirmou que est\u00e1 incluso em sua rotina an\u00e1lises e negocia\u00e7\u00f5es de outras <strong>operadoras de sa\u00fade<\/strong>. \u00c9 dedicado por ele e sua equipe um total de 4 horas de estudos.<\/p>\n<p>&#8220;At\u00e9 agora priorizamos aquisi\u00e7\u00f5es de <strong>operadoras verticalizadas<\/strong>. Mas, a partir das empresas que j\u00e1 compramos, o leque de oportunidades se abre muito. N\u00e3o s\u00f3 pelo tamanho das empresas, mas pela possibilidade de comprar operadoras n\u00e3o verticalizadas tamb\u00e9m, carteira de clientes ou unidades de atendimento&#8221;, disse o presidente ao banco BTG Pactual.<\/p>\n<p>Al\u00e9m disso, Cals acrescentou que foi feito um mapa de todas as operadoras do Pa\u00eds e que a <strong>Hapvida<\/strong> j\u00e1 est\u00e1 conversando com algumas empresas. &#8220;Quando voc\u00ea n\u00e3o tem opera\u00e7\u00e3o em uma cidade da regi\u00e3o, n\u00e3o adianta comprar uma carteira pequena. Isso muda quando j\u00e1 temos ativos ali&#8221;.<\/p>\n","protected":false},"excerpt":{"rendered":"<p>O plano de sa\u00fade Hapvida comprou por R$ 426 milh\u00f5es o grupo Am\u00e9rica, localizado em Goi\u00e1s. Conforme o presidente do plano, a aquisi\u00e7\u00e3o teve como objetivo ampliar a \u00e1rea de atua\u00e7\u00e3o da operadora de sa\u00fade. Hapvida (HAPV3) anuncia aquisi\u00e7\u00e3o &#8220;A Am\u00e9rica est\u00e1 concentrada em Goi\u00e2nia e tem atividade tamb\u00e9m em An\u00e1polis e Aparecida. A Hapvida [&hellip;]<\/p>\n","protected":false},"author":15,"featured_media":27719,"comment_status":"closed","ping_status":"closed","sticky":false,"template":"","format":"standard","meta":[],"categories":[64],"tags":[497],"suno_strategy":[],"class_list":["post-27714","post","type-post","status-publish","format-standard","has-post-thumbnail","hentry","category-negocios","tag-hapvida-hapv3"],"yoast_head":"<!-- This site is optimized with the Yoast SEO plugin v24.4 - https:\/\/yoast.com\/wordpress\/plugins\/seo\/ -->\n<title>Hapvida compra Grupo Am\u00e9rica com objetivo de ampliar seus neg\u00f3cios<\/title>\n<meta name=\"robots\" content=\"index, follow, max-snippet:-1, max-image-preview:large, max-video-preview:-1\" \/>\n<link rel=\"canonical\" href=\"https:\/\/www.suno.com.br\/noticias\/hapvida-compra-grupo-america-com-objetivo-de-ampliar-seus-negocios\/\" \/>\n<meta property=\"og:locale\" content=\"pt_BR\" \/>\n<meta property=\"og:type\" content=\"article\" \/>\n<meta property=\"og:title\" content=\"Hapvida compra Grupo Am\u00e9rica com objetivo de ampliar seus neg\u00f3cios\" \/>\n<meta property=\"og:description\" content=\"O plano de sa\u00fade Hapvida comprou por R$ 426 milh\u00f5es o grupo Am\u00e9rica, localizado em Goi\u00e1s. Conforme o presidente do plano, a aquisi\u00e7\u00e3o teve como objetivo ampliar a \u00e1rea de atua\u00e7\u00e3o da operadora de sa\u00fade. Hapvida (HAPV3) anuncia aquisi\u00e7\u00e3o &#8220;A Am\u00e9rica est\u00e1 concentrada em Goi\u00e2nia e tem atividade tamb\u00e9m em An\u00e1polis e Aparecida. A Hapvida [&hellip;]\" \/>\n<meta property=\"og:url\" content=\"https:\/\/www.suno.com.br\/noticias\/hapvida-compra-grupo-america-com-objetivo-de-ampliar-seus-negocios\/\" \/>\n<meta property=\"og:site_name\" content=\"Suno Not\u00edcias\" \/>\n<meta property=\"article:publisher\" content=\"https:\/\/facebook.com\/sunoresearch\" \/>\n<meta property=\"og:image\" content=\"https:\/\/files.sunoresearch.com.br\/n\/uploads\/2019\/06\/88b4afc3-29570692_1770338736321211_6492773938567174737_n-e1560165712553.png\" \/>\n\t<meta property=\"og:image:width\" content=\"583\" \/>\n\t<meta property=\"og:image:height\" content=\"432\" \/>\n\t<meta property=\"og:image:type\" content=\"image\/png\" \/>\n<meta name=\"author\" content=\"Poliana Santos\" \/>\n<meta name=\"twitter:card\" content=\"summary_large_image\" \/>\n<meta name=\"twitter:creator\" content=\"@sunoresearch\" \/>\n<meta name=\"twitter:site\" content=\"@sunoresearch\" \/>\n<meta name=\"twitter:label1\" content=\"Escrito por\" \/>\n\t<meta name=\"twitter:data1\" content=\"Poliana Santos\" \/>\n\t<meta name=\"twitter:label2\" content=\"Est. tempo de leitura\" \/>\n\t<meta name=\"twitter:data2\" content=\"2 minutos\" \/>\n<script type=\"application\/ld+json\" class=\"yoast-schema-graph\">{\"@context\":\"https:\/\/schema.org\",\"@graph\":[{\"@type\":\"NewsArticle\",\"@id\":\"https:\/\/www.suno.com.br\/noticias\/hapvida-compra-grupo-america-com-objetivo-de-ampliar-seus-negocios\/#article\",\"isPartOf\":{\"@id\":\"https:\/\/www.suno.com.br\/noticias\/hapvida-compra-grupo-america-com-objetivo-de-ampliar-seus-negocios\/\"},\"author\":{\"name\":\"Poliana Santos\",\"@id\":\"https:\/\/www.suno.com.br\/noticias\/#\/schema\/person\/02ec1f752758247878a2bf4abee1aeda\"},\"headline\":\"Hapvida compra Grupo Am\u00e9rica com objetivo de ampliar seus neg\u00f3cios\",\"datePublished\":\"2019-06-10T11:31:19+00:00\",\"mainEntityOfPage\":{\"@id\":\"https:\/\/www.suno.com.br\/noticias\/hapvida-compra-grupo-america-com-objetivo-de-ampliar-seus-negocios\/\"},\"wordCount\":477,\"publisher\":{\"@id\":\"https:\/\/www.suno.com.br\/noticias\/#organization\"},\"image\":{\"@id\":\"https:\/\/www.suno.com.br\/noticias\/hapvida-compra-grupo-america-com-objetivo-de-ampliar-seus-negocios\/#primaryimage\"},\"thumbnailUrl\":\"https:\/\/files.sunoresearch.com.br\/n\/uploads\/2019\/06\/88b4afc3-29570692_1770338736321211_6492773938567174737_n-e1560165712553-png.webp\",\"keywords\":[\"Hapvida (HAPV3)\"],\"articleSection\":[\"Neg\u00f3cios\"],\"inLanguage\":\"pt-BR\"},{\"@type\":\"WebPage\",\"@id\":\"https:\/\/www.suno.com.br\/noticias\/hapvida-compra-grupo-america-com-objetivo-de-ampliar-seus-negocios\/\",\"url\":\"https:\/\/www.suno.com.br\/noticias\/hapvida-compra-grupo-america-com-objetivo-de-ampliar-seus-negocios\/\",\"name\":\"Hapvida compra Grupo Am\u00e9rica com objetivo de ampliar seus neg\u00f3cios\",\"isPartOf\":{\"@id\":\"https:\/\/www.suno.com.br\/noticias\/#website\"},\"primaryImageOfPage\":{\"@id\":\"https:\/\/www.suno.com.br\/noticias\/hapvida-compra-grupo-america-com-objetivo-de-ampliar-seus-negocios\/#primaryimage\"},\"image\":{\"@id\":\"https:\/\/www.suno.com.br\/noticias\/hapvida-compra-grupo-america-com-objetivo-de-ampliar-seus-negocios\/#primaryimage\"},\"thumbnailUrl\":\"https:\/\/files.sunoresearch.com.br\/n\/uploads\/2019\/06\/88b4afc3-29570692_1770338736321211_6492773938567174737_n-e1560165712553-png.webp\",\"datePublished\":\"2019-06-10T11:31:19+00:00\",\"breadcrumb\":{\"@id\":\"https:\/\/www.suno.com.br\/noticias\/hapvida-compra-grupo-america-com-objetivo-de-ampliar-seus-negocios\/#breadcrumb\"},\"inLanguage\":\"pt-BR\",\"potentialAction\":[{\"@type\":\"ReadAction\",\"target\":[\"https:\/\/www.suno.com.br\/noticias\/hapvida-compra-grupo-america-com-objetivo-de-ampliar-seus-negocios\/\"]}]},{\"@type\":\"ImageObject\",\"inLanguage\":\"pt-BR\",\"@id\":\"https:\/\/www.suno.com.br\/noticias\/hapvida-compra-grupo-america-com-objetivo-de-ampliar-seus-negocios\/#primaryimage\",\"url\":\"https:\/\/files.sunoresearch.com.br\/n\/uploads\/2019\/06\/88b4afc3-29570692_1770338736321211_6492773938567174737_n-e1560165712553-png.webp\",\"contentUrl\":\"https:\/\/files.sunoresearch.com.br\/n\/uploads\/2019\/06\/88b4afc3-29570692_1770338736321211_6492773938567174737_n-e1560165712553-png.webp\",\"width\":583,\"height\":432,\"caption\":\"Hapvida (HAPV3) anuncia aquisi\u00e7\u00e3o\"},{\"@type\":\"BreadcrumbList\",\"@id\":\"https:\/\/www.suno.com.br\/noticias\/hapvida-compra-grupo-america-com-objetivo-de-ampliar-seus-negocios\/#breadcrumb\",\"itemListElement\":[{\"@type\":\"ListItem\",\"position\":1,\"name\":\"Not\u00edcias\",\"item\":\"https:\/\/www.suno.com.br\/noticias\/\"},{\"@type\":\"ListItem\",\"position\":2,\"name\":\"Neg\u00f3cios\",\"item\":\"https:\/\/www.suno.com.br\/noticias\/negocios\/\"},{\"@type\":\"ListItem\",\"position\":3,\"name\":\"Hapvida compra Grupo Am\u00e9rica com objetivo de ampliar seus neg\u00f3cios\"}]},{\"@type\":\"WebSite\",\"@id\":\"https:\/\/www.suno.com.br\/noticias\/#website\",\"url\":\"https:\/\/www.suno.com.br\/noticias\/\",\"name\":\"Suno Not\u00edcias\",\"description\":\"Seu portal de informa\u00e7\u00e3o sobre o mundo dos investimentos\",\"publisher\":{\"@id\":\"https:\/\/www.suno.com.br\/noticias\/#organization\"},\"potentialAction\":[{\"@type\":\"SearchAction\",\"target\":{\"@type\":\"EntryPoint\",\"urlTemplate\":\"https:\/\/www.suno.com.br\/noticias\/?s={search_term_string}\"},\"query-input\":{\"@type\":\"PropertyValueSpecification\",\"valueRequired\":true,\"valueName\":\"search_term_string\"}}],\"inLanguage\":\"pt-BR\"},{\"@type\":\"Organization\",\"@id\":\"https:\/\/www.suno.com.br\/noticias\/#organization\",\"name\":\"Suno Not\u00edcias\",\"url\":\"https:\/\/www.suno.com.br\/noticias\/\",\"logo\":{\"@type\":\"ImageObject\",\"inLanguage\":\"pt-BR\",\"@id\":\"https:\/\/www.suno.com.br\/noticias\/#\/schema\/logo\/image\/\",\"url\":\"https:\/\/files.sunoresearch.com.br\/n\/uploads\/2021\/09\/suno-logo.png\",\"contentUrl\":\"https:\/\/files.sunoresearch.com.br\/n\/uploads\/2021\/09\/suno-logo.png\",\"width\":180,\"height\":180,\"caption\":\"Suno Not\u00edcias\"},\"image\":{\"@id\":\"https:\/\/www.suno.com.br\/noticias\/#\/schema\/logo\/image\/\"},\"sameAs\":[\"https:\/\/facebook.com\/sunoresearch\",\"https:\/\/x.com\/sunoresearch\",\"https:\/\/www.instagram.com\/suno\",\"https:\/\/www.linkedin.com\/company\/suno-research\/\",\"https:\/\/www.youtube.com\/c\/sunoresearch\"]},{\"@type\":\"Person\",\"@id\":\"https:\/\/www.suno.com.br\/noticias\/#\/schema\/person\/02ec1f752758247878a2bf4abee1aeda\",\"name\":\"Poliana Santos\",\"image\":{\"@type\":\"ImageObject\",\"inLanguage\":\"pt-BR\",\"@id\":\"https:\/\/www.suno.com.br\/noticias\/#\/schema\/person\/image\/\",\"url\":\"https:\/\/secure.gravatar.com\/avatar\/0645bd32f23d87b2130f2b2dff1d3f8d?s=96&r=g\",\"contentUrl\":\"https:\/\/secure.gravatar.com\/avatar\/0645bd32f23d87b2130f2b2dff1d3f8d?s=96&r=g\",\"caption\":\"Poliana Santos\"},\"description\":\"Rep\u00f3rter no Suno Not\u00edcias, com cobertura em mercado financeiro, economia, finan\u00e7as pessoais, renda fixa e varejo. Jornalista formada pela Faculdade C\u00e1sper L\u00edbero e possui passagem na R\u00e1dio Gazeta AM com a produ\u00e7\u00e3o de conte\u00fado sobre economia, pol\u00edtica, sa\u00fade, moda e m\u00fasica. Possui certificado de conclus\u00e3o do curso de An\u00e1lise de Balan\u00e7os pela Funda\u00e7\u00e3o Bradesco, Agenda Brasil pela FAAP, Educa\u00e7\u00e3o Pol\u00edtica por Alexandre Garcia e do Tesouro Direto e Mercado de A\u00e7\u00f5es pela B3.\",\"url\":\"https:\/\/www.suno.com.br\/noticias\/author\/poliana-santos\/\"}]}<\/script>\n<!-- \/ Yoast SEO plugin. -->","yoast_head_json":{"title":"Hapvida compra Grupo Am\u00e9rica com objetivo de ampliar seus neg\u00f3cios","robots":{"index":"index","follow":"follow","max-snippet":"max-snippet:-1","max-image-preview":"max-image-preview:large","max-video-preview":"max-video-preview:-1"},"canonical":"https:\/\/www.suno.com.br\/noticias\/hapvida-compra-grupo-america-com-objetivo-de-ampliar-seus-negocios\/","og_locale":"pt_BR","og_type":"article","og_title":"Hapvida compra Grupo Am\u00e9rica com objetivo de ampliar seus neg\u00f3cios","og_description":"O plano de sa\u00fade Hapvida comprou por R$ 426 milh\u00f5es o grupo Am\u00e9rica, localizado em Goi\u00e1s. Conforme o presidente do plano, a aquisi\u00e7\u00e3o teve como objetivo ampliar a \u00e1rea de atua\u00e7\u00e3o da operadora de sa\u00fade. Hapvida (HAPV3) anuncia aquisi\u00e7\u00e3o &#8220;A Am\u00e9rica est\u00e1 concentrada em Goi\u00e2nia e tem atividade tamb\u00e9m em An\u00e1polis e Aparecida. A Hapvida [&hellip;]","og_url":"https:\/\/www.suno.com.br\/noticias\/hapvida-compra-grupo-america-com-objetivo-de-ampliar-seus-negocios\/","og_site_name":"Suno Not\u00edcias","article_publisher":"https:\/\/facebook.com\/sunoresearch","og_image":[{"width":583,"height":432,"url":"https:\/\/files.sunoresearch.com.br\/n\/uploads\/2019\/06\/88b4afc3-29570692_1770338736321211_6492773938567174737_n-e1560165712553.png","type":"image\/png"}],"author":"Poliana Santos","twitter_card":"summary_large_image","twitter_creator":"@sunoresearch","twitter_site":"@sunoresearch","twitter_misc":{"Escrito por":"Poliana Santos","Est. tempo de leitura":"2 minutos"},"schema":{"@context":"https:\/\/schema.org","@graph":[{"@type":"NewsArticle","@id":"https:\/\/www.suno.com.br\/noticias\/hapvida-compra-grupo-america-com-objetivo-de-ampliar-seus-negocios\/#article","isPartOf":{"@id":"https:\/\/www.suno.com.br\/noticias\/hapvida-compra-grupo-america-com-objetivo-de-ampliar-seus-negocios\/"},"author":{"name":"Poliana Santos","@id":"https:\/\/www.suno.com.br\/noticias\/#\/schema\/person\/02ec1f752758247878a2bf4abee1aeda"},"headline":"Hapvida compra Grupo Am\u00e9rica com objetivo de ampliar seus neg\u00f3cios","datePublished":"2019-06-10T11:31:19+00:00","mainEntityOfPage":{"@id":"https:\/\/www.suno.com.br\/noticias\/hapvida-compra-grupo-america-com-objetivo-de-ampliar-seus-negocios\/"},"wordCount":477,"publisher":{"@id":"https:\/\/www.suno.com.br\/noticias\/#organization"},"image":{"@id":"https:\/\/www.suno.com.br\/noticias\/hapvida-compra-grupo-america-com-objetivo-de-ampliar-seus-negocios\/#primaryimage"},"thumbnailUrl":"https:\/\/files.sunoresearch.com.br\/n\/uploads\/2019\/06\/88b4afc3-29570692_1770338736321211_6492773938567174737_n-e1560165712553-png.webp","keywords":["Hapvida (HAPV3)"],"articleSection":["Neg\u00f3cios"],"inLanguage":"pt-BR"},{"@type":"WebPage","@id":"https:\/\/www.suno.com.br\/noticias\/hapvida-compra-grupo-america-com-objetivo-de-ampliar-seus-negocios\/","url":"https:\/\/www.suno.com.br\/noticias\/hapvida-compra-grupo-america-com-objetivo-de-ampliar-seus-negocios\/","name":"Hapvida compra Grupo Am\u00e9rica com objetivo de ampliar seus neg\u00f3cios","isPartOf":{"@id":"https:\/\/www.suno.com.br\/noticias\/#website"},"primaryImageOfPage":{"@id":"https:\/\/www.suno.com.br\/noticias\/hapvida-compra-grupo-america-com-objetivo-de-ampliar-seus-negocios\/#primaryimage"},"image":{"@id":"https:\/\/www.suno.com.br\/noticias\/hapvida-compra-grupo-america-com-objetivo-de-ampliar-seus-negocios\/#primaryimage"},"thumbnailUrl":"https:\/\/files.sunoresearch.com.br\/n\/uploads\/2019\/06\/88b4afc3-29570692_1770338736321211_6492773938567174737_n-e1560165712553-png.webp","datePublished":"2019-06-10T11:31:19+00:00","breadcrumb":{"@id":"https:\/\/www.suno.com.br\/noticias\/hapvida-compra-grupo-america-com-objetivo-de-ampliar-seus-negocios\/#breadcrumb"},"inLanguage":"pt-BR","potentialAction":[{"@type":"ReadAction","target":["https:\/\/www.suno.com.br\/noticias\/hapvida-compra-grupo-america-com-objetivo-de-ampliar-seus-negocios\/"]}]},{"@type":"ImageObject","inLanguage":"pt-BR","@id":"https:\/\/www.suno.com.br\/noticias\/hapvida-compra-grupo-america-com-objetivo-de-ampliar-seus-negocios\/#primaryimage","url":"https:\/\/files.sunoresearch.com.br\/n\/uploads\/2019\/06\/88b4afc3-29570692_1770338736321211_6492773938567174737_n-e1560165712553-png.webp","contentUrl":"https:\/\/files.sunoresearch.com.br\/n\/uploads\/2019\/06\/88b4afc3-29570692_1770338736321211_6492773938567174737_n-e1560165712553-png.webp","width":583,"height":432,"caption":"Hapvida (HAPV3) anuncia aquisi\u00e7\u00e3o"},{"@type":"BreadcrumbList","@id":"https:\/\/www.suno.com.br\/noticias\/hapvida-compra-grupo-america-com-objetivo-de-ampliar-seus-negocios\/#breadcrumb","itemListElement":[{"@type":"ListItem","position":1,"name":"Not\u00edcias","item":"https:\/\/www.suno.com.br\/noticias\/"},{"@type":"ListItem","position":2,"name":"Neg\u00f3cios","item":"https:\/\/www.suno.com.br\/noticias\/negocios\/"},{"@type":"ListItem","position":3,"name":"Hapvida compra Grupo Am\u00e9rica com objetivo de ampliar seus neg\u00f3cios"}]},{"@type":"WebSite","@id":"https:\/\/www.suno.com.br\/noticias\/#website","url":"https:\/\/www.suno.com.br\/noticias\/","name":"Suno Not\u00edcias","description":"Seu portal de informa\u00e7\u00e3o sobre o mundo dos investimentos","publisher":{"@id":"https:\/\/www.suno.com.br\/noticias\/#organization"},"potentialAction":[{"@type":"SearchAction","target":{"@type":"EntryPoint","urlTemplate":"https:\/\/www.suno.com.br\/noticias\/?s={search_term_string}"},"query-input":{"@type":"PropertyValueSpecification","valueRequired":true,"valueName":"search_term_string"}}],"inLanguage":"pt-BR"},{"@type":"Organization","@id":"https:\/\/www.suno.com.br\/noticias\/#organization","name":"Suno Not\u00edcias","url":"https:\/\/www.suno.com.br\/noticias\/","logo":{"@type":"ImageObject","inLanguage":"pt-BR","@id":"https:\/\/www.suno.com.br\/noticias\/#\/schema\/logo\/image\/","url":"https:\/\/files.sunoresearch.com.br\/n\/uploads\/2021\/09\/suno-logo.png","contentUrl":"https:\/\/files.sunoresearch.com.br\/n\/uploads\/2021\/09\/suno-logo.png","width":180,"height":180,"caption":"Suno Not\u00edcias"},"image":{"@id":"https:\/\/www.suno.com.br\/noticias\/#\/schema\/logo\/image\/"},"sameAs":["https:\/\/facebook.com\/sunoresearch","https:\/\/x.com\/sunoresearch","https:\/\/www.instagram.com\/suno","https:\/\/www.linkedin.com\/company\/suno-research\/","https:\/\/www.youtube.com\/c\/sunoresearch"]},{"@type":"Person","@id":"https:\/\/www.suno.com.br\/noticias\/#\/schema\/person\/02ec1f752758247878a2bf4abee1aeda","name":"Poliana Santos","image":{"@type":"ImageObject","inLanguage":"pt-BR","@id":"https:\/\/www.suno.com.br\/noticias\/#\/schema\/person\/image\/","url":"https:\/\/secure.gravatar.com\/avatar\/0645bd32f23d87b2130f2b2dff1d3f8d?s=96&r=g","contentUrl":"https:\/\/secure.gravatar.com\/avatar\/0645bd32f23d87b2130f2b2dff1d3f8d?s=96&r=g","caption":"Poliana Santos"},"description":"Rep\u00f3rter no Suno Not\u00edcias, com cobertura em mercado financeiro, economia, finan\u00e7as pessoais, renda fixa e varejo. Jornalista formada pela Faculdade C\u00e1sper L\u00edbero e possui passagem na R\u00e1dio Gazeta AM com a produ\u00e7\u00e3o de conte\u00fado sobre economia, pol\u00edtica, sa\u00fade, moda e m\u00fasica. Possui certificado de conclus\u00e3o do curso de An\u00e1lise de Balan\u00e7os pela Funda\u00e7\u00e3o Bradesco, Agenda Brasil pela FAAP, Educa\u00e7\u00e3o Pol\u00edtica por Alexandre Garcia e do Tesouro Direto e Mercado de A\u00e7\u00f5es pela B3.","url":"https:\/\/www.suno.com.br\/noticias\/author\/poliana-santos\/"}]}},"default_loop_html":"<div class=\"cardsPage__listCard__boxs\"><div class=\"cardsPage__listCard__boxs__img\"><a href=\"https:\/\/www.suno.com.br\/noticias\/hapvida-compra-grupo-america-com-objetivo-de-ampliar-seus-negocios\/\"><img class=\"mask\" src=\"https:\/\/www.suno.com.br\/noticias\/wp-content\/themes\/suno\/resources\/images\/spotlight\/spotlight1img\/bg-mask.png\" alt=\"Image Mask\"\/><img src=\"https:\/\/files.sunoresearch.com.br\/n\/uploads\/2019\/06\/88b4afc3-29570692_1770338736321211_6492773938567174737_n-e1560165712553-400x200.webp\" alt=\"Hapvida compra Grupo Am\u00e9rica com objetivo de ampliar seus neg\u00f3cios\"\/><\/a><span class=\"spotlightCategory\"><a href=\"https:\/\/www.suno.com.br\/noticias\/negocios\/\">Neg\u00f3cios<\/a><\/span><\/div><div class=\"cardsPage__listCard__boxs__content\"><a href=\"https:\/\/www.suno.com.br\/noticias\/hapvida-compra-grupo-america-com-objetivo-de-ampliar-seus-negocios\/\"><h2 class=\"content__title\">Hapvida compra Grupo Am\u00e9rica com objetivo de ampliar seus neg\u00f3cios<\/h2><\/a><div class=\"newsContent__article__meta\"><div class=\"newsContent__article__meta__authorBox\"><a href=\"https:\/\/www.suno.com.br\/noticias\/author\/poliana-santos\/\" class=\"authorBox__avatar noMobi\"><img src=\"https:\/\/files.sunoresearch.com.br\/n\/uploads\/2020\/08\/7ef34026-whatsapp-image-2020-08-03-at-12.37.57-150x150.webp\" alt=\"Poliana Santos\"><\/a><div class=\"authorBox__name\"><span>por\n\t\t\t<a href=\"https:\/\/www.suno.com.br\/noticias\/author\/poliana-santos\/\"><span itemprop=\"author\">Poliana Santos<\/span><\/a><\/span><time datetime=\"2019-06-10T08:31:19-03:00\" itemprop=\"datePublished\">10\/06\/2019 08:31<\/time><\/div><\/div><\/div><\/div><\/div>","single_layout":"posts","amp_enabled":true,"_links":{"self":[{"href":"https:\/\/www.suno.com.br\/noticias\/wp-json\/wp\/v2\/posts\/27714"}],"collection":[{"href":"https:\/\/www.suno.com.br\/noticias\/wp-json\/wp\/v2\/posts"}],"about":[{"href":"https:\/\/www.suno.com.br\/noticias\/wp-json\/wp\/v2\/types\/post"}],"author":[{"embeddable":true,"href":"https:\/\/www.suno.com.br\/noticias\/wp-json\/wp\/v2\/users\/15"}],"replies":[{"embeddable":true,"href":"https:\/\/www.suno.com.br\/noticias\/wp-json\/wp\/v2\/comments?post=27714"}],"version-history":[{"count":0,"href":"https:\/\/www.suno.com.br\/noticias\/wp-json\/wp\/v2\/posts\/27714\/revisions"}],"wp:featuredmedia":[{"embeddable":true,"href":"https:\/\/www.suno.com.br\/noticias\/wp-json\/wp\/v2\/media\/27719"}],"wp:attachment":[{"href":"https:\/\/www.suno.com.br\/noticias\/wp-json\/wp\/v2\/media?parent=27714"}],"wp:term":[{"taxonomy":"category","embeddable":true,"href":"https:\/\/www.suno.com.br\/noticias\/wp-json\/wp\/v2\/categories?post=27714"},{"taxonomy":"post_tag","embeddable":true,"href":"https:\/\/www.suno.com.br\/noticias\/wp-json\/wp\/v2\/tags?post=27714"},{"taxonomy":"suno_strategy","embeddable":true,"href":"https:\/\/www.suno.com.br\/noticias\/wp-json\/wp\/v2\/suno_strategy?post=27714"}],"curies":[{"name":"wp","href":"https:\/\/api.w.org\/{rel}","templated":true}]}}