{"id":27711,"date":"2019-06-09T16:18:55","date_gmt":"2019-06-09T19:18:55","guid":{"rendered":"https:\/\/www.suno.com.br\/noticias\/?p=27711"},"modified":"2019-06-09T16:18:55","modified_gmt":"2019-06-09T19:18:55","slug":"american-airlines-nao-boeing-max-737","status":"publish","type":"post","link":"https:\/\/www.suno.com.br\/noticias\/american-airlines-nao-boeing-max-737\/","title":{"rendered":"American Airlines n\u00e3o usar\u00e1 Boeing 737 Max at\u00e9 setembro"},"content":{"rendered":"<p>O Grupo American Airlines afirmou que foi prolongado at\u00e9 3 de setembro o cancelamento de voos de seus avi\u00f5es da Boeing 737 MAX.<\/p>\t<div class=\"wrapper-featured-image\">\n\t\t<figure class=\"spotlightImg\">\n\n\t\t\t<picture>\n\t\t\t\t<source media=\"(max-width: 768px)\" srcset=\"https:\/\/files.sunoresearch.com.br\/n\/uploads\/2019\/06\/7c422455-boeing-737-max-400x200.webp\">\n\t\t\t\t<img loading=\"lazy\" decoding=\"async\" class=\"newsContent__article__imgCapa lazyloadDisabled newsContent__article__imgCapa--noCaption\" src=\"https:\/\/files.sunoresearch.com.br\/n\/uploads\/2019\/06\/7c422455-boeing-737-max-800x450.webp\" width=\"800\" height=\"450\" alt=\"American Airlines n\u00e3o usar\u00e1 Boeing 737 Max at\u00e9 setembro\" fetchpriority=high \/>\n\t\t\t<\/picture>\n\n\t\t\t<figcaption class=\"wp-caption-text wp-caption-text--hide\">Boeing volta a registrar mais cancelamentos de pedidos do 737 Max<\/figcaption>\n\t\t<\/figure>\n\t<\/div>\n\n\n<p>Antes disso, a companhia a\u00e9rea havia cancelado os voos do <strong>Boeing 73 MAX<\/strong> at\u00e9 19 de agosto, porque o modelo foi proibido de operar em todo o mundo, devido aos dois <strong>acidentes<\/strong> que deixaram 346 mortos na <strong>Indon\u00e9sia<\/strong> e <strong>Eti\u00f3pia<\/strong>.<\/p>\n\t<p>\n\t\t<a href=\"https:\/\/www.seculus.com.br\/blackfriday\" target=\"_blank\" data-element=\"shortcode-suno-banner\" title=\"Banner SUNO, clique e saiba mais\">\n\t\t\t<picture>\n\t\t\t\t<source media=\"(max-width: 500px)\" srcset=\"https:\/\/files.sunoresearch.com.br\/n\/uploads\/2023\/11\/seculus_suno_mobile_2.jpg\">\n\t\t\t\t<img class=\"newsContent__article__imgCapa newsContent__article__imgCapa--banner\"\n\t\t\t\t\tsrc=\"https:\/\/files.sunoresearch.com.br\/n\/uploads\/2023\/11\/seculus_suno_desktop_2.jpg\"\n\t\t\t\t\tdata-promo-id=\"474123\"\t\t\t\t\t\t\t\t\t\twidth='1420' height='240'\t\t\t\t\talt=\"https:\/\/files.sunoresearch.com.br\/n\/uploads\/2023\/11\/seculus_suno_desktop_2.jpg\"\n\t\t\t\t>\n\t\t\t<\/picture>\n\t\t<\/a>\n\t<\/p>\n\n\n<p>O modelo foi impedido de decolar, quando um avi\u00e3o da <strong>Ethiopian Airlines<\/strong> caiu matando todos os seus passageiros e tripulantes, meses depois da queda do avi\u00e3o da <strong>Lion Air<\/strong>, na Indon\u00e9sia.<\/p>\n<p>Os voos foram proibidos em mar\u00e7o. Para que eles voltem a ser autorizados, a Boeing dever\u00e1 realizar um voo teste que d\u00e1 a certifica\u00e7\u00e3o de que o software do avi\u00e3o foi atualizado e que houve treinamento de seus pilotos, pela<strong> Federal Aviation Administration<\/strong> (FAA, ag\u00eancia federal de avia\u00e7\u00e3o dos Estados Unidos).<\/p>\n<p>A empresa opera uma m\u00e9dia de 115 <strong>voos<\/strong> <strong>di\u00e1rios<\/strong> em suas aeronaves de modelo Boeing 737 MAX.<\/p>\n<p><a href=\"https:\/\/www.suno.com.br\/noticias\/max-737-boeing-erros-acidente\/\">Saiba mais:\u00a0Diretor da Boeing admite erros em sistema de alerta dos 737 MAX<\/a><\/p>\n<h2>Resposta da Boeing<\/h2>\n<p>De acordo com a <strong>Boeing<\/strong>, a empresa continua &#8220;a trabalhar com reguladores globais para prover a informa\u00e7\u00e3o de que precisam para certificar a atualiza\u00e7\u00e3o do modelo MAX e de seu material de treinamento e assim retornar a frota ao servi\u00e7o com seguran\u00e7a.<\/p>\n<p>A empresa ainda afirmou que est\u00e1 trabalhando junto as companhias a\u00e9reas que s\u00e3o suas clientes para que sigam com os <strong>avi\u00f5es<\/strong>. Al\u00e9m disso, a fabricante de aeronaves garantiu que dar\u00e1 o suporte as empresas quando as opera\u00e7\u00f5es comerciais forem retomadas.<\/p>\n<p><a href=\"https:\/\/www.suno.com.br\/noticias\/boeing-737-max-acidente\/\">Saiba mais:\u00a0Boeing sabia sobre problemas com 737 Max antes do 1\u00b0 acidente<\/a><\/p>\n<p>A <strong>FAA<\/strong> n\u00e3o quis falar sobre o caso. No entanto, no \u00faltimo m\u00eas, o diretor interino da FAA, Dan Elwell, afirmou que n\u00e3 h\u00e1 um cronograma para libera\u00e7\u00e3o das opera\u00e7\u00f5es do <strong>Boeing 737 MAX<\/strong>.<\/p>\n","protected":false},"excerpt":{"rendered":"<p>O Grupo American Airlines afirmou que foi prolongado at\u00e9 3 de setembro o cancelamento de voos de seus avi\u00f5es da Boeing 737 MAX. Boeing volta a registrar mais cancelamentos de pedidos do 737 Max Antes disso, a companhia a\u00e9rea havia cancelado os voos do Boeing 73 MAX at\u00e9 19 de agosto, porque o modelo foi [&hellip;]<\/p>\n","protected":false},"author":11,"featured_media":27712,"comment_status":"closed","ping_status":"closed","sticky":false,"template":"","format":"standard","meta":[],"categories":[63],"tags":[828],"suno_strategy":[],"class_list":["post-27711","post","type-post","status-publish","format-standard","has-post-thumbnail","hentry","category-internacional","tag-boeing-boei34"],"yoast_head":"<!-- This site is optimized with the Yoast SEO plugin v24.4 - https:\/\/yoast.com\/wordpress\/plugins\/seo\/ -->\n<title>American Airlines n\u00e3o usar\u00e1 Boeing 737 Max at\u00e9 setembro<\/title>\n<meta name=\"description\" content=\"Voos da American Airlines com Boeing 737 Max ser\u00e3o cancelados; A empresa opera cerca de 115 voos di\u00e1rios. Clique para saber mais.\" \/>\n<meta name=\"robots\" content=\"index, follow, max-snippet:-1, max-image-preview:large, max-video-preview:-1\" \/>\n<link rel=\"canonical\" href=\"https:\/\/www.suno.com.br\/noticias\/american-airlines-nao-boeing-max-737\/\" \/>\n<meta property=\"og:locale\" content=\"pt_BR\" \/>\n<meta property=\"og:type\" content=\"article\" \/>\n<meta property=\"og:title\" content=\"American Airlines n\u00e3o usar\u00e1 Boeing 737 Max at\u00e9 setembro\" \/>\n<meta property=\"og:description\" content=\"Voos da American Airlines com Boeing 737 Max ser\u00e3o cancelados; A empresa opera cerca de 115 voos di\u00e1rios. Clique para saber mais.\" \/>\n<meta property=\"og:url\" content=\"https:\/\/www.suno.com.br\/noticias\/american-airlines-nao-boeing-max-737\/\" \/>\n<meta property=\"og:site_name\" content=\"Suno Not\u00edcias\" \/>\n<meta property=\"article:publisher\" content=\"https:\/\/facebook.com\/sunoresearch\" \/>\n<meta property=\"og:image\" content=\"https:\/\/files.sunoresearch.com.br\/n\/uploads\/2019\/06\/7c422455-boeing-737-max.jpg\" \/>\n\t<meta property=\"og:image:width\" content=\"1140\" \/>\n\t<meta property=\"og:image:height\" content=\"760\" \/>\n\t<meta property=\"og:image:type\" content=\"image\/jpeg\" \/>\n<meta name=\"author\" content=\"Renan Bandeira\" \/>\n<meta name=\"twitter:card\" content=\"summary_large_image\" \/>\n<meta name=\"twitter:creator\" content=\"@sunoresearch\" \/>\n<meta name=\"twitter:site\" content=\"@sunoresearch\" \/>\n<meta name=\"twitter:label1\" content=\"Escrito por\" \/>\n\t<meta name=\"twitter:data1\" content=\"Renan Bandeira\" \/>\n\t<meta name=\"twitter:label2\" content=\"Est. tempo de leitura\" \/>\n\t<meta name=\"twitter:data2\" content=\"2 minutos\" \/>\n<script type=\"application\/ld+json\" class=\"yoast-schema-graph\">{\"@context\":\"https:\/\/schema.org\",\"@graph\":[{\"@type\":\"NewsArticle\",\"@id\":\"https:\/\/www.suno.com.br\/noticias\/american-airlines-nao-boeing-max-737\/#article\",\"isPartOf\":{\"@id\":\"https:\/\/www.suno.com.br\/noticias\/american-airlines-nao-boeing-max-737\/\"},\"author\":{\"name\":\"Renan Bandeira\",\"@id\":\"https:\/\/www.suno.com.br\/noticias\/#\/schema\/person\/fc144a1c6108bd1dcd43784e88a3c138\"},\"headline\":\"American Airlines n\u00e3o usar\u00e1 Boeing 737 Max at\u00e9 setembro\",\"datePublished\":\"2019-06-09T19:18:55+00:00\",\"mainEntityOfPage\":{\"@id\":\"https:\/\/www.suno.com.br\/noticias\/american-airlines-nao-boeing-max-737\/\"},\"wordCount\":336,\"publisher\":{\"@id\":\"https:\/\/www.suno.com.br\/noticias\/#organization\"},\"image\":{\"@id\":\"https:\/\/www.suno.com.br\/noticias\/american-airlines-nao-boeing-max-737\/#primaryimage\"},\"thumbnailUrl\":\"https:\/\/files.sunoresearch.com.br\/n\/uploads\/2019\/06\/7c422455-boeing-737-max-jpg.webp\",\"keywords\":[\"Boeing (BOEI34)\"],\"articleSection\":[\"Internacional\"],\"inLanguage\":\"pt-BR\"},{\"@type\":\"WebPage\",\"@id\":\"https:\/\/www.suno.com.br\/noticias\/american-airlines-nao-boeing-max-737\/\",\"url\":\"https:\/\/www.suno.com.br\/noticias\/american-airlines-nao-boeing-max-737\/\",\"name\":\"American Airlines n\u00e3o usar\u00e1 Boeing 737 Max at\u00e9 setembro\",\"isPartOf\":{\"@id\":\"https:\/\/www.suno.com.br\/noticias\/#website\"},\"primaryImageOfPage\":{\"@id\":\"https:\/\/www.suno.com.br\/noticias\/american-airlines-nao-boeing-max-737\/#primaryimage\"},\"image\":{\"@id\":\"https:\/\/www.suno.com.br\/noticias\/american-airlines-nao-boeing-max-737\/#primaryimage\"},\"thumbnailUrl\":\"https:\/\/files.sunoresearch.com.br\/n\/uploads\/2019\/06\/7c422455-boeing-737-max-jpg.webp\",\"datePublished\":\"2019-06-09T19:18:55+00:00\",\"description\":\"Voos da American Airlines com Boeing 737 Max ser\u00e3o cancelados; A empresa opera cerca de 115 voos di\u00e1rios. Clique para saber mais.\",\"breadcrumb\":{\"@id\":\"https:\/\/www.suno.com.br\/noticias\/american-airlines-nao-boeing-max-737\/#breadcrumb\"},\"inLanguage\":\"pt-BR\",\"potentialAction\":[{\"@type\":\"ReadAction\",\"target\":[\"https:\/\/www.suno.com.br\/noticias\/american-airlines-nao-boeing-max-737\/\"]}]},{\"@type\":\"ImageObject\",\"inLanguage\":\"pt-BR\",\"@id\":\"https:\/\/www.suno.com.br\/noticias\/american-airlines-nao-boeing-max-737\/#primaryimage\",\"url\":\"https:\/\/files.sunoresearch.com.br\/n\/uploads\/2019\/06\/7c422455-boeing-737-max-jpg.webp\",\"contentUrl\":\"https:\/\/files.sunoresearch.com.br\/n\/uploads\/2019\/06\/7c422455-boeing-737-max-jpg.webp\",\"width\":1140,\"height\":760,\"caption\":\"Boeing volta a registrar mais cancelamentos de pedidos do 737 Max\"},{\"@type\":\"BreadcrumbList\",\"@id\":\"https:\/\/www.suno.com.br\/noticias\/american-airlines-nao-boeing-max-737\/#breadcrumb\",\"itemListElement\":[{\"@type\":\"ListItem\",\"position\":1,\"name\":\"Not\u00edcias\",\"item\":\"https:\/\/www.suno.com.br\/noticias\/\"},{\"@type\":\"ListItem\",\"position\":2,\"name\":\"Internacional\",\"item\":\"https:\/\/www.suno.com.br\/noticias\/internacional\/\"},{\"@type\":\"ListItem\",\"position\":3,\"name\":\"American Airlines n\u00e3o usar\u00e1 Boeing 737 Max at\u00e9 setembro\"}]},{\"@type\":\"WebSite\",\"@id\":\"https:\/\/www.suno.com.br\/noticias\/#website\",\"url\":\"https:\/\/www.suno.com.br\/noticias\/\",\"name\":\"Suno Not\u00edcias\",\"description\":\"Seu portal de informa\u00e7\u00e3o sobre o mundo dos investimentos\",\"publisher\":{\"@id\":\"https:\/\/www.suno.com.br\/noticias\/#organization\"},\"potentialAction\":[{\"@type\":\"SearchAction\",\"target\":{\"@type\":\"EntryPoint\",\"urlTemplate\":\"https:\/\/www.suno.com.br\/noticias\/?s={search_term_string}\"},\"query-input\":{\"@type\":\"PropertyValueSpecification\",\"valueRequired\":true,\"valueName\":\"search_term_string\"}}],\"inLanguage\":\"pt-BR\"},{\"@type\":\"Organization\",\"@id\":\"https:\/\/www.suno.com.br\/noticias\/#organization\",\"name\":\"Suno Not\u00edcias\",\"url\":\"https:\/\/www.suno.com.br\/noticias\/\",\"logo\":{\"@type\":\"ImageObject\",\"inLanguage\":\"pt-BR\",\"@id\":\"https:\/\/www.suno.com.br\/noticias\/#\/schema\/logo\/image\/\",\"url\":\"https:\/\/files.sunoresearch.com.br\/n\/uploads\/2021\/09\/suno-logo.png\",\"contentUrl\":\"https:\/\/files.sunoresearch.com.br\/n\/uploads\/2021\/09\/suno-logo.png\",\"width\":180,\"height\":180,\"caption\":\"Suno Not\u00edcias\"},\"image\":{\"@id\":\"https:\/\/www.suno.com.br\/noticias\/#\/schema\/logo\/image\/\"},\"sameAs\":[\"https:\/\/facebook.com\/sunoresearch\",\"https:\/\/x.com\/sunoresearch\",\"https:\/\/www.instagram.com\/suno\",\"https:\/\/www.linkedin.com\/company\/suno-research\/\",\"https:\/\/www.youtube.com\/c\/sunoresearch\"]},{\"@type\":\"Person\",\"@id\":\"https:\/\/www.suno.com.br\/noticias\/#\/schema\/person\/fc144a1c6108bd1dcd43784e88a3c138\",\"name\":\"Renan Bandeira\",\"image\":{\"@type\":\"ImageObject\",\"inLanguage\":\"pt-BR\",\"@id\":\"https:\/\/www.suno.com.br\/noticias\/#\/schema\/person\/image\/\",\"url\":\"https:\/\/secure.gravatar.com\/avatar\/68359cdb608f14f11bbefcb78f3fc747?s=96&r=g\",\"contentUrl\":\"https:\/\/secure.gravatar.com\/avatar\/68359cdb608f14f11bbefcb78f3fc747?s=96&r=g\",\"caption\":\"Renan Bandeira\"},\"description\":\"Renan Bandeira escreve sobre pol\u00edtica e economia para o portal da Suno Research. Antes da Suno, trabalhou em uma rede de televis\u00e3o, onde fazia reportagens sobre os mesmos temas. Estuda na Universidade Metodista de S\u00e3o Paulo.\",\"url\":\"https:\/\/www.suno.com.br\/noticias\/author\/renan-bandeira\/\"}]}<\/script>\n<!-- \/ Yoast SEO plugin. -->","yoast_head_json":{"title":"American Airlines n\u00e3o usar\u00e1 Boeing 737 Max at\u00e9 setembro","description":"Voos da American Airlines com Boeing 737 Max ser\u00e3o cancelados; A empresa opera cerca de 115 voos di\u00e1rios. Clique para saber mais.","robots":{"index":"index","follow":"follow","max-snippet":"max-snippet:-1","max-image-preview":"max-image-preview:large","max-video-preview":"max-video-preview:-1"},"canonical":"https:\/\/www.suno.com.br\/noticias\/american-airlines-nao-boeing-max-737\/","og_locale":"pt_BR","og_type":"article","og_title":"American Airlines n\u00e3o usar\u00e1 Boeing 737 Max at\u00e9 setembro","og_description":"Voos da American Airlines com Boeing 737 Max ser\u00e3o cancelados; A empresa opera cerca de 115 voos di\u00e1rios. Clique para saber mais.","og_url":"https:\/\/www.suno.com.br\/noticias\/american-airlines-nao-boeing-max-737\/","og_site_name":"Suno Not\u00edcias","article_publisher":"https:\/\/facebook.com\/sunoresearch","og_image":[{"width":1140,"height":760,"url":"https:\/\/files.sunoresearch.com.br\/n\/uploads\/2019\/06\/7c422455-boeing-737-max.jpg","type":"image\/jpeg"}],"author":"Renan Bandeira","twitter_card":"summary_large_image","twitter_creator":"@sunoresearch","twitter_site":"@sunoresearch","twitter_misc":{"Escrito por":"Renan Bandeira","Est. tempo de leitura":"2 minutos"},"schema":{"@context":"https:\/\/schema.org","@graph":[{"@type":"NewsArticle","@id":"https:\/\/www.suno.com.br\/noticias\/american-airlines-nao-boeing-max-737\/#article","isPartOf":{"@id":"https:\/\/www.suno.com.br\/noticias\/american-airlines-nao-boeing-max-737\/"},"author":{"name":"Renan Bandeira","@id":"https:\/\/www.suno.com.br\/noticias\/#\/schema\/person\/fc144a1c6108bd1dcd43784e88a3c138"},"headline":"American Airlines n\u00e3o usar\u00e1 Boeing 737 Max at\u00e9 setembro","datePublished":"2019-06-09T19:18:55+00:00","mainEntityOfPage":{"@id":"https:\/\/www.suno.com.br\/noticias\/american-airlines-nao-boeing-max-737\/"},"wordCount":336,"publisher":{"@id":"https:\/\/www.suno.com.br\/noticias\/#organization"},"image":{"@id":"https:\/\/www.suno.com.br\/noticias\/american-airlines-nao-boeing-max-737\/#primaryimage"},"thumbnailUrl":"https:\/\/files.sunoresearch.com.br\/n\/uploads\/2019\/06\/7c422455-boeing-737-max-jpg.webp","keywords":["Boeing (BOEI34)"],"articleSection":["Internacional"],"inLanguage":"pt-BR"},{"@type":"WebPage","@id":"https:\/\/www.suno.com.br\/noticias\/american-airlines-nao-boeing-max-737\/","url":"https:\/\/www.suno.com.br\/noticias\/american-airlines-nao-boeing-max-737\/","name":"American Airlines n\u00e3o usar\u00e1 Boeing 737 Max at\u00e9 setembro","isPartOf":{"@id":"https:\/\/www.suno.com.br\/noticias\/#website"},"primaryImageOfPage":{"@id":"https:\/\/www.suno.com.br\/noticias\/american-airlines-nao-boeing-max-737\/#primaryimage"},"image":{"@id":"https:\/\/www.suno.com.br\/noticias\/american-airlines-nao-boeing-max-737\/#primaryimage"},"thumbnailUrl":"https:\/\/files.sunoresearch.com.br\/n\/uploads\/2019\/06\/7c422455-boeing-737-max-jpg.webp","datePublished":"2019-06-09T19:18:55+00:00","description":"Voos da American Airlines com Boeing 737 Max ser\u00e3o cancelados; A empresa opera cerca de 115 voos di\u00e1rios. Clique para saber mais.","breadcrumb":{"@id":"https:\/\/www.suno.com.br\/noticias\/american-airlines-nao-boeing-max-737\/#breadcrumb"},"inLanguage":"pt-BR","potentialAction":[{"@type":"ReadAction","target":["https:\/\/www.suno.com.br\/noticias\/american-airlines-nao-boeing-max-737\/"]}]},{"@type":"ImageObject","inLanguage":"pt-BR","@id":"https:\/\/www.suno.com.br\/noticias\/american-airlines-nao-boeing-max-737\/#primaryimage","url":"https:\/\/files.sunoresearch.com.br\/n\/uploads\/2019\/06\/7c422455-boeing-737-max-jpg.webp","contentUrl":"https:\/\/files.sunoresearch.com.br\/n\/uploads\/2019\/06\/7c422455-boeing-737-max-jpg.webp","width":1140,"height":760,"caption":"Boeing volta a registrar mais cancelamentos de pedidos do 737 Max"},{"@type":"BreadcrumbList","@id":"https:\/\/www.suno.com.br\/noticias\/american-airlines-nao-boeing-max-737\/#breadcrumb","itemListElement":[{"@type":"ListItem","position":1,"name":"Not\u00edcias","item":"https:\/\/www.suno.com.br\/noticias\/"},{"@type":"ListItem","position":2,"name":"Internacional","item":"https:\/\/www.suno.com.br\/noticias\/internacional\/"},{"@type":"ListItem","position":3,"name":"American Airlines n\u00e3o usar\u00e1 Boeing 737 Max at\u00e9 setembro"}]},{"@type":"WebSite","@id":"https:\/\/www.suno.com.br\/noticias\/#website","url":"https:\/\/www.suno.com.br\/noticias\/","name":"Suno Not\u00edcias","description":"Seu portal de informa\u00e7\u00e3o sobre o mundo dos investimentos","publisher":{"@id":"https:\/\/www.suno.com.br\/noticias\/#organization"},"potentialAction":[{"@type":"SearchAction","target":{"@type":"EntryPoint","urlTemplate":"https:\/\/www.suno.com.br\/noticias\/?s={search_term_string}"},"query-input":{"@type":"PropertyValueSpecification","valueRequired":true,"valueName":"search_term_string"}}],"inLanguage":"pt-BR"},{"@type":"Organization","@id":"https:\/\/www.suno.com.br\/noticias\/#organization","name":"Suno Not\u00edcias","url":"https:\/\/www.suno.com.br\/noticias\/","logo":{"@type":"ImageObject","inLanguage":"pt-BR","@id":"https:\/\/www.suno.com.br\/noticias\/#\/schema\/logo\/image\/","url":"https:\/\/files.sunoresearch.com.br\/n\/uploads\/2021\/09\/suno-logo.png","contentUrl":"https:\/\/files.sunoresearch.com.br\/n\/uploads\/2021\/09\/suno-logo.png","width":180,"height":180,"caption":"Suno Not\u00edcias"},"image":{"@id":"https:\/\/www.suno.com.br\/noticias\/#\/schema\/logo\/image\/"},"sameAs":["https:\/\/facebook.com\/sunoresearch","https:\/\/x.com\/sunoresearch","https:\/\/www.instagram.com\/suno","https:\/\/www.linkedin.com\/company\/suno-research\/","https:\/\/www.youtube.com\/c\/sunoresearch"]},{"@type":"Person","@id":"https:\/\/www.suno.com.br\/noticias\/#\/schema\/person\/fc144a1c6108bd1dcd43784e88a3c138","name":"Renan Bandeira","image":{"@type":"ImageObject","inLanguage":"pt-BR","@id":"https:\/\/www.suno.com.br\/noticias\/#\/schema\/person\/image\/","url":"https:\/\/secure.gravatar.com\/avatar\/68359cdb608f14f11bbefcb78f3fc747?s=96&r=g","contentUrl":"https:\/\/secure.gravatar.com\/avatar\/68359cdb608f14f11bbefcb78f3fc747?s=96&r=g","caption":"Renan Bandeira"},"description":"Renan Bandeira escreve sobre pol\u00edtica e economia para o portal da Suno Research. Antes da Suno, trabalhou em uma rede de televis\u00e3o, onde fazia reportagens sobre os mesmos temas. Estuda na Universidade Metodista de S\u00e3o Paulo.","url":"https:\/\/www.suno.com.br\/noticias\/author\/renan-bandeira\/"}]}},"default_loop_html":"<div class=\"cardsPage__listCard__boxs\"><div class=\"cardsPage__listCard__boxs__img\"><a href=\"https:\/\/www.suno.com.br\/noticias\/american-airlines-nao-boeing-max-737\/\"><img class=\"mask\" src=\"https:\/\/www.suno.com.br\/noticias\/wp-content\/themes\/suno\/resources\/images\/spotlight\/spotlight1img\/bg-mask.png\" alt=\"Image Mask\"\/><img src=\"https:\/\/files.sunoresearch.com.br\/n\/uploads\/2019\/06\/7c422455-boeing-737-max-400x200.webp\" alt=\"American Airlines n\u00e3o usar\u00e1 Boeing 737 Max at\u00e9 setembro\"\/><\/a><span class=\"spotlightCategory\"><a href=\"https:\/\/www.suno.com.br\/noticias\/internacional\/\">Internacional<\/a><\/span><\/div><div class=\"cardsPage__listCard__boxs__content\"><a href=\"https:\/\/www.suno.com.br\/noticias\/american-airlines-nao-boeing-max-737\/\"><h2 class=\"content__title\">American Airlines n\u00e3o usar\u00e1 Boeing 737 Max at\u00e9 setembro<\/h2><\/a><div class=\"newsContent__article__meta\"><div class=\"newsContent__article__meta__authorBox\"><a href=\"https:\/\/www.suno.com.br\/noticias\/author\/renan-bandeira\/\" class=\"authorBox__avatar noMobi\"><img src=\"https:\/\/secure.gravatar.com\/avatar\/68359cdb608f14f11bbefcb78f3fc747?s=96&#038;r=g\" alt=\"Renan Bandeira\"><\/a><div class=\"authorBox__name\"><span>por\n\t\t\t<a href=\"https:\/\/www.suno.com.br\/noticias\/author\/renan-bandeira\/\"><span itemprop=\"author\">Renan Bandeira<\/span><\/a><\/span><time datetime=\"2019-06-09T16:18:55-03:00\" itemprop=\"datePublished\">09\/06\/2019 16:18<\/time><\/div><\/div><\/div><\/div><\/div>","single_layout":"posts","amp_enabled":true,"_links":{"self":[{"href":"https:\/\/www.suno.com.br\/noticias\/wp-json\/wp\/v2\/posts\/27711"}],"collection":[{"href":"https:\/\/www.suno.com.br\/noticias\/wp-json\/wp\/v2\/posts"}],"about":[{"href":"https:\/\/www.suno.com.br\/noticias\/wp-json\/wp\/v2\/types\/post"}],"author":[{"embeddable":true,"href":"https:\/\/www.suno.com.br\/noticias\/wp-json\/wp\/v2\/users\/11"}],"replies":[{"embeddable":true,"href":"https:\/\/www.suno.com.br\/noticias\/wp-json\/wp\/v2\/comments?post=27711"}],"version-history":[{"count":0,"href":"https:\/\/www.suno.com.br\/noticias\/wp-json\/wp\/v2\/posts\/27711\/revisions"}],"wp:featuredmedia":[{"embeddable":true,"href":"https:\/\/www.suno.com.br\/noticias\/wp-json\/wp\/v2\/media\/27712"}],"wp:attachment":[{"href":"https:\/\/www.suno.com.br\/noticias\/wp-json\/wp\/v2\/media?parent=27711"}],"wp:term":[{"taxonomy":"category","embeddable":true,"href":"https:\/\/www.suno.com.br\/noticias\/wp-json\/wp\/v2\/categories?post=27711"},{"taxonomy":"post_tag","embeddable":true,"href":"https:\/\/www.suno.com.br\/noticias\/wp-json\/wp\/v2\/tags?post=27711"},{"taxonomy":"suno_strategy","embeddable":true,"href":"https:\/\/www.suno.com.br\/noticias\/wp-json\/wp\/v2\/suno_strategy?post=27711"}],"curies":[{"name":"wp","href":"https:\/\/api.w.org\/{rel}","templated":true}]}}