{"id":276855,"date":"2022-07-19T07:25:34","date_gmt":"2022-07-19T10:25:34","guid":{"rendered":"https:\/\/www.suno.com.br\/noticias\/?p=276855"},"modified":"2022-07-19T07:25:34","modified_gmt":"2022-07-19T10:25:34","slug":"selic-projecao-credit-suisse-ciclo","status":"publish","type":"post","link":"https:\/\/www.suno.com.br\/noticias\/selic-projecao-credit-suisse-ciclo\/","title":{"rendered":"Selic deve ir a 14,25% no fim do ciclo, projeta Credit Suisse"},"content":{"rendered":"<p>O Credit Suisse revisou nesta segunda-feira (18), a sua previs\u00e3o da taxa <strong>Selic<\/strong> terminal neste ciclo de alta de 13,75% a 14,25%. Os especialistas do banco projetam uma eleva\u00e7\u00e3o de 50 pontos-base em agosto e mais duas, de 25 pontos cada, em setembro e outubro.<\/p><div class=\"videoFull videoFull--noRadius\">\n\t\t\t<div class=\"videoWrapper yt-lazyload center\"\n\t\t\t\tdata-width=\"960\"\n\t\t\t\tdata-height=\"540\"\n\t\t\t\tdata-id=\"kn3sjwaIJXs\"\n\t\t\t\tdata-alt=\"Confira como foi a \u00faltima alta da Taxa Selic\"\n\t\t\t\tdata-logo=\"3\"\n\t\t\t\tdata-imagequality=\"maxres\">\n\t\t\t<\/div>\n\t\t<\/div><span class=\"videoFull__caption videoFull__caption--show\">Confira como foi a \u00faltima alta da Taxa Selic<p><\/p><\/span><script type=\"application\/ld+json\">{\"@context\":\"https:\/\/schema.org\",\"@type\":\"VideoObject\",\"name\":\"BANCO CENTRAL SOBE JUROS E SELIC VAI A 13,25%  | Fed aumenta juros em 0,75 p.p. \/ D\u00f3lar desaba\",\"description\":\"\u2728\ud83d\udcda\u2728 \ud835\udc0b\ud835\udc22\ud835\udc2f\ud835\udc2b\ud835\udc28 \ud835\udc20\ud835\udc2b\u00e1\ud835\udc2d\ud835\udc22\ud835\udc2c? \u00c9 \ud835\udc2c\u00f3 \ud835\udc1b\ud835\udc1a\ud835\udc22\ud835\udc31\ud835\udc1a\ud835\udc2b! \ud835\udc00\ud835\udc29\ud835\udc2b\ud835\udc1e\ud835\udc27\ud835\udc1d\ud835\udc1a \ud835\udc1a \ud835\udc2f\ud835\udc22\ud835\udc2f\ud835\udc1e\ud835\udc2b \ud835\udc1d\ud835\udc1e \ud835\udc2b\ud835\udc1e\ud835\udc27\ud835\udc1d\ud835\udc1a \ud835\udc1c\ud835\udc28\ud835\udc26 \ud835\udc28 \ud835\udc20\ud835\udc2e\ud835\udc22\ud835\udc1a \ud835\udc08\ud835\udc27\ud835\udc2f\ud835\udc1e\ud835\udc2c\ud835\udc2d\ud835\udc22\ud835\udc27\ud835\udc1d\ud835\udc28 \ud835\udc1e\ud835\udc26 \ud835\udc03\ud835\udc22\ud835\udc2f\ud835\udc22\ud835\udc1d\ud835\udc1e\ud835\udc27\ud835\udc1d\ud835\udc28\ud835\udc2c. \ud835\udc06\ud835\udc2b\u00e1\ud835\udc2d\ud835\udc22\ud835\udc2c, \ud835\udc29\ud835\udc28\ud835\udc2b \ud835\udc2d\ud835\udc1e\ud835\udc26\ud835\udc29\ud835\udc28 \ud835\udc25\ud835\udc22\ud835\udc26\ud835\udc22\ud835\udc2d\ud835\udc1a\ud835\udc1d\ud835\udc28! \ud83d\udc49 https:\/\/lp.suno.com.br\/ebook-investindo-em-dividendos\/?utm_source=youtube.noticias&utm_medium=video&utm_campaign=ebookdividendos.20220613 \ud83d\udcca \ud835\udc00\ud835\udc29\ud835\udc2b\ud835\udc1e\ud835\udc27\ud835\udc1d\ud835\udc1a \ud835\udc1c\ud835\udc28\ud835\udc26\ud835\udc28 \ud835\udc1a\ud835\udc27\ud835\udc1a\ud835\udc25\ud835\udc22\ud835\udc2c\ud835\udc1a\ud835\udc2b \ud835\udc2e\ud835\udc26\ud835\udc1a \ud835\udc1a\u00e7\u00e3\ud835\udc28 [\ud835\udc04\ud835\udc01\ud835\udc0e\ud835\udc0e\ud835\udc0a \ud835\udc06\ud835\udc11\ud835\udc00\ud835\udc13\ud835\udc14\ud835\udc08\ud835\udc13\ud835\udc0e] \ud83d\udc49 https:\/\/lp.suno.com.br\/ebook-como-analisar-uma-acao\/?utm_source=youtube.noticias&utm_medium=video&utm_campaign=ebookcomoanalisarumaacao.20220307&utm_content= \ud83d\udcda [\ud835\udc04-\ud835\udc1b\ud835\udc28\ud835\udc28\ud835\udc24 \ud835\udc06\ud835\udc2b\ud835\udc1a\ud835\udc2d\ud835\udc2e\ud835\udc22\ud835\udc2d\ud835\udc28] \ud835\udde7\ud835\udde8\ud835\uddd7\ud835\udde2 \ud835\udde6\ud835\udde2\ud835\uddd5\ud835\udde5\ud835\uddd8 \ud835\udde5\ud835\uddd8\ud835\udde1\ud835\uddd7\ud835\uddd4 \ud835\uddd9\ud835\udddc\ud835\uddeb\ud835\uddd4 \ud83d\udc49 https:\/\/lp.suno.com.br\/lm\/ebook\/renda-fixa\/?utm_source=youtube.noticias&utm_medium=video&utm_campaign=ebook:rendafixa.20220411 #Selic #BancoCentral #federalreserve #infla\u00e7\u00e3o #d\u00f3lar #Ibovespa #Livedas19h #Suno #SunoNot\u00edcias Suno Not\u00edcias - 15\/06\/2022:\u2026\",\"duration\":\"PT47M54S\",\"embedUrl\":\"https:\/\/www.youtube.com\/embed\/kn3sjwaIJXs\",\"regionsAllowed\":\"pt-BR\",\"interactionStatistic\":{\"@type\":\"InteractionCounter\",\"interactionType\":{\"@type\":\"WatchAction\"},\"userInteractionCount\":4811},\"thumbnailUrl\":\"https:\/\/i.ytimg.com\/vi\/kn3sjwaIJXs\/default.jpg\",\"uploadDate\":\"2022-06-15T22:51:39Z\"}<\/script>\n\n\t<p>\n\t\t<a href=\"\" target=\"_blank\" data-element=\"shortcode-suno-banner\" title=\"Banner SUNO, clique e saiba mais\">\n\t\t\t<picture>\n\t\t\t\t<source media=\"(max-width: 500px)\" srcset=\"\">\n\t\t\t\t<img class=\"newsContent__article__imgCapa newsContent__article__imgCapa--banner\"\n\t\t\t\t\tsrc=\"\"\n\t\t\t\t\tdata-promo-id=\"240038\"\t\t\t\t\t\t\t\t\t\t\t\t\t\t\talt=\"\"\n\t\t\t\t>\n\t\t\t<\/picture>\n\t\t<\/a>\n\t<\/p>\n\n\n<p>Na sua an\u00e1lise sobre a\u00a0<strong><a class=\"suno-keyword\" href=\"https:\/\/www.suno.com.br\/artigos\/taxa-selic\/\" target=\"_blank\" rel=\"noopener\" data-force=\"no\" data-priority=\"3\">taxa Selic<\/a><\/strong>, o Credit Suisse lembra que em suas mais recentes comunica\u00e7\u00f5es, o Banco Central (BC) afirmou prever um novo ajuste &#8220;de igual ou menor magnitude&#8221; em agosto.<\/p>\n<p>&#8220;Embora a autoridade monet\u00e1ria tenha indicado anteriormente a inten\u00e7\u00e3o de interromper o ciclo de alta em suas duas reuni\u00f5es anteriores, foi fortemente surpreendida pelo processo inflacion\u00e1rio e, a nosso ver, continuou corretamente a aumentar a taxa&#8221;, diz o relat\u00f3rio.<\/p>\n<p>&#8220;A nosso ver, o <strong>BC<\/strong> manter vivo o ciclo de aperto, ainda que em ritmo gradual de aumentos, minimiza o risco de que a <a class=\"suno-keyword\" href=\"https:\/\/www.suno.com.br\/artigos\/politica-monetaria\/\" target=\"_blank\" rel=\"noopener\" data-force=\"no\" data-priority=\"1\">pol\u00edtica monet\u00e1ria<\/a> perca credibilidade, pois continuaria a indicar que continua preocupado com a converg\u00eancia da infla\u00e7\u00e3o para a meta, ao mesmo tempo em que permite tempo adicional para avaliar como a din\u00e2mica da infla\u00e7\u00e3o provavelmente evoluir\u00e1&#8221;, acrescenta o relat\u00f3rio, assinado pela economista-chefe para Brasil do banco, Solange Srour, e pelos economistas Lucas Vilela e Rafael Castilho.<\/p>\n\t<p>\n\t\t<a href=\"https:\/\/lp.suno.com.br\/planilha-controle-gastos\/\" target=\"_blank\" data-element=\"shortcode-suno-banner\" title=\"Banner SUNO, clique e saiba mais\">\n\t\t\t<picture>\n\t\t\t\t<source media=\"(max-width: 500px)\" srcset=\"https:\/\/files.sunoresearch.com.br\/n\/uploads\/2023\/03\/400x300-Planilha-controle-de-gastos.png\">\n\t\t\t\t<img class=\"newsContent__article__imgCapa newsContent__article__imgCapa--banner\"\n\t\t\t\t\tsrc=\"https:\/\/files.sunoresearch.com.br\/n\/uploads\/2023\/03\/1420x240-Planilha-controle-de-gastos.png\"\n\t\t\t\t\tdata-promo-id=\"101751\"\t\t\t\t\t\t\t\t\t\twidth='1420' height='240'\t\t\t\t\talt=\"https:\/\/files.sunoresearch.com.br\/n\/uploads\/2023\/03\/1420x240-Planilha-controle-de-gastos.png\"\n\t\t\t\t>\n\t\t\t<\/picture>\n\t\t<\/a>\n\t<\/p>\n\n\n<p>Para 2023, o <strong>Credit Suisse<\/strong> estima redu\u00e7\u00e3o de 300 pontos-base da Selic, que terminaria o ano em 11,25%.<\/p>\n<h2>Mercado espera 1\u00aa queda da Selic em junho de 2023, com corte de 0,75p.p.<\/h2>\n<p>O <a class=\"suno-keyword\" href=\"https:\/\/www.suno.com.br\/guias\/mercado-financeiro\/\" target=\"_blank\" rel=\"noopener\" data-force=\"no\" data-priority=\"2\">mercado financeiro<\/a> espera que a primeira <strong>queda da taxa Selic<\/strong> ocorra no Comit\u00ea de <a class=\"suno-keyword\" href=\"https:\/\/www.suno.com.br\/artigos\/politica-monetaria\/\" target=\"_blank\" rel=\"noopener\" data-force=\"no\" data-priority=\"1\">Pol\u00edtica Monet\u00e1ria<\/a> (<strong>Copom<\/strong>) de junho de 2023 (dias 20 e 21), conforme a mediana das proje\u00e7\u00f5es inclu\u00eddas no Sistema de Expectativas de Mercado, que \u00e9 a base para a publica\u00e7\u00e3o do <a class=\"suno-keyword\" href=\"https:\/\/www.suno.com.br\/artigos\/boletim-focus\/\" target=\"_blank\" rel=\"noopener\" data-force=\"no\" data-priority=\"1\">Relat\u00f3rio Focus<\/a>.<\/p>\n\t<p>\n\t\t<a href=\"https:\/\/lp.suno.com.br\/planilha-da-vida-financeira\/\" target=\"_blank\" data-element=\"shortcode-suno-banner\" title=\"Banner SUNO, clique e saiba mais\">\n\t\t\t<picture>\n\t\t\t\t<source media=\"(max-width: 500px)\" srcset=\"https:\/\/files.sunoresearch.com.br\/n\/uploads\/2023\/04\/400x300-Planilha-vida-financeira-true.png\">\n\t\t\t\t<img class=\"newsContent__article__imgCapa newsContent__article__imgCapa--banner\"\n\t\t\t\t\tsrc=\"https:\/\/files.sunoresearch.com.br\/n\/uploads\/2023\/04\/1420x240-Planilha-vida-financeira-true.png\"\n\t\t\t\t\tdata-promo-id=\"106682\"\t\t\t\t\t\t\t\t\t\twidth='1420' height='240'\t\t\t\t\talt=\"https:\/\/files.sunoresearch.com.br\/n\/uploads\/2023\/04\/1420x240-Planilha-vida-financeira-true.png\"\n\t\t\t\t>\n\t\t\t<\/picture>\n\t\t<\/a>\n\t<\/p>\n\n\n<p>A expectativa \u00e9 de que taxa Selic termine este ano em 13,75% ao ano, ante 13,25% atualmente.<\/p>\n<p>Depois, comece o processo de redu\u00e7\u00e3o no ano que vem, finalizando 2023 em 10,75%. Para o fim de 2024, a taxa esperada \u00e9 de 8,00%.<\/p>\n<p>Conforme a trajet\u00f3ria mostrada pelo Sistema de Expectativas, a primeira queda seria de 0,75 ponto porcentual, de 13,75% para 13,00% ao ano, seguida de uma redu\u00e7\u00e3o de 0,50pp (12,50%), e outra de 0,75pp (11,75%).<\/p>\n<p>Para finalizar os cortes no ano que vem, a mediana aponta mais dois recuos de 0,50pp, para 10,75%.<\/p>\n<p>At\u00e9 meados de 2024 &#8211; o sistema s\u00f3 mostra as expectativas at\u00e9 a quarta reuni\u00e3o do ano em quest\u00e3o &#8211; a redu\u00e7\u00e3o acumulada no ciclo de queda seria de 4,75 pontos porcentuais na <strong>Selic<\/strong>, para 9,00%.<\/p>\n<p class=\"newsProviderSignature\">Com informa\u00e7\u00f5es do Estad\u00e3o Conte\u00fado<\/p>\n\t<p>\n\t\t<a href=\"https:\/\/lp.suno.com.br\/ebook-como-analisar-uma-acao\/\" target=\"_blank\" data-element=\"shortcode-suno-banner\" title=\"Banner SUNO, clique e saiba mais\">\n\t\t\t<picture>\n\t\t\t\t<source media=\"(max-width: 500px)\" srcset=\"https:\/\/files.sunoresearch.com.br\/n\/uploads\/2023\/03\/Ebook-Acoes-Mobile-1.jpg\">\n\t\t\t\t<img class=\"newsContent__article__imgCapa newsContent__article__imgCapa--banner\"\n\t\t\t\t\tsrc=\"https:\/\/files.sunoresearch.com.br\/n\/uploads\/2023\/03\/Ebook-Acoes-Desktop-1.jpg\"\n\t\t\t\t\tdata-promo-id=\"171998\"\t\t\t\t\t\t\t\t\t\twidth='1420' height='286'\t\t\t\t\talt=\"https:\/\/files.sunoresearch.com.br\/n\/uploads\/2023\/03\/Ebook-Acoes-Desktop-1.jpg\"\n\t\t\t\t>\n\t\t\t<\/picture>\n\t\t<\/a>\n\t<\/p>\n\n\n","protected":false},"excerpt":{"rendered":"<p>O Credit Suisse revisou nesta segunda-feira (18), a sua previs\u00e3o da taxa Selic terminal neste ciclo de alta de 13,75% a 14,25%. Os especialistas do banco projetam uma eleva\u00e7\u00e3o de 50 pontos-base em agosto e mais duas, de 25 pontos cada, em setembro e outubro. Confira como foi a \u00faltima alta da Taxa Selic Na [&hellip;]<\/p>\n","protected":false},"author":73,"featured_media":229455,"comment_status":"closed","ping_status":"closed","sticky":false,"template":"","format":"standard","meta":[],"categories":[62],"tags":[106444,1788,290],"suno_strategy":[],"class_list":["post-276855","post","type-post","status-publish","format-standard","has-post-thumbnail","hentry","category-economia","tag-agencias","tag-credit-suisse-c1su34","tag-taxa-selic"],"yoast_head":"<!-- This site is optimized with the Yoast SEO plugin v24.4 - https:\/\/yoast.com\/wordpress\/plugins\/seo\/ -->\n<title>Selic deve ir a 14,25% no fim do ciclo, projeta Credit Suisse<\/title>\n<meta name=\"description\" content=\"Na sua an\u00e1lise sobre a\u00a0taxa Selic, o Credit Suisse o banco lembra que o BC prev\u00ea um novo ajuste &quot;de igual ou menor magnitude&quot;. Confira!\" \/>\n<meta name=\"robots\" content=\"index, follow, max-snippet:-1, max-image-preview:large, max-video-preview:-1\" \/>\n<link rel=\"canonical\" href=\"https:\/\/www.suno.com.br\/noticias\/selic-projecao-credit-suisse-ciclo\/\" \/>\n<meta property=\"og:locale\" content=\"pt_BR\" \/>\n<meta property=\"og:type\" content=\"article\" \/>\n<meta property=\"og:title\" content=\"Selic deve ir a 14,25% no fim do ciclo, projeta Credit Suisse\" \/>\n<meta property=\"og:description\" content=\"Na sua an\u00e1lise sobre a\u00a0taxa Selic, o Credit Suisse o banco lembra que o BC prev\u00ea um novo ajuste &quot;de igual ou menor magnitude&quot;. Confira!\" \/>\n<meta property=\"og:url\" content=\"https:\/\/www.suno.com.br\/noticias\/selic-projecao-credit-suisse-ciclo\/\" \/>\n<meta property=\"og:site_name\" content=\"Suno Not\u00edcias\" \/>\n<meta property=\"article:publisher\" content=\"https:\/\/facebook.com\/sunoresearch\" \/>\n<meta property=\"og:image\" content=\"https:\/\/files.sunoresearch.com.br\/n\/uploads\/2022\/02\/49963778971_0b2b6eb5ef_o-scaled.jpg\" \/>\n\t<meta property=\"og:image:width\" content=\"2560\" \/>\n\t<meta property=\"og:image:height\" content=\"1705\" \/>\n\t<meta property=\"og:image:type\" content=\"image\/jpeg\" \/>\n<meta name=\"author\" content=\"Eduardo Vargas\" \/>\n<meta name=\"twitter:card\" content=\"summary_large_image\" \/>\n<meta name=\"twitter:creator\" content=\"@sunoresearch\" \/>\n<meta name=\"twitter:site\" content=\"@sunoresearch\" \/>\n<meta name=\"twitter:label1\" content=\"Escrito por\" \/>\n\t<meta name=\"twitter:data1\" content=\"Eduardo Vargas\" \/>\n\t<meta name=\"twitter:label2\" content=\"Est. tempo de leitura\" \/>\n\t<meta name=\"twitter:data2\" content=\"3 minutos\" \/>\n<script type=\"application\/ld+json\" class=\"yoast-schema-graph\">{\"@context\":\"https:\/\/schema.org\",\"@graph\":[{\"@type\":\"NewsArticle\",\"@id\":\"https:\/\/www.suno.com.br\/noticias\/selic-projecao-credit-suisse-ciclo\/#article\",\"isPartOf\":{\"@id\":\"https:\/\/www.suno.com.br\/noticias\/selic-projecao-credit-suisse-ciclo\/\"},\"author\":{\"name\":\"Eduardo Vargas\",\"@id\":\"https:\/\/www.suno.com.br\/noticias\/#\/schema\/person\/7f4d362bf3518e76090143ae77bb49a5\"},\"headline\":\"Selic deve ir a 14,25% no fim do ciclo, projeta Credit Suisse\",\"datePublished\":\"2022-07-19T10:25:34+00:00\",\"mainEntityOfPage\":{\"@id\":\"https:\/\/www.suno.com.br\/noticias\/selic-projecao-credit-suisse-ciclo\/\"},\"wordCount\":437,\"publisher\":{\"@id\":\"https:\/\/www.suno.com.br\/noticias\/#organization\"},\"image\":{\"@id\":\"https:\/\/www.suno.com.br\/noticias\/selic-projecao-credit-suisse-ciclo\/#primaryimage\"},\"thumbnailUrl\":\"https:\/\/files.sunoresearch.com.br\/n\/uploads\/2022\/02\/49963778971_0b2b6eb5ef_o-scaled.jpg\",\"keywords\":[\"Ag\u00eancias\",\"Credit Suisse (C1SU34)\",\"Taxa Selic\"],\"articleSection\":[\"Economia\"],\"inLanguage\":\"pt-BR\"},{\"@type\":\"WebPage\",\"@id\":\"https:\/\/www.suno.com.br\/noticias\/selic-projecao-credit-suisse-ciclo\/\",\"url\":\"https:\/\/www.suno.com.br\/noticias\/selic-projecao-credit-suisse-ciclo\/\",\"name\":\"Selic deve ir a 14,25% no fim do ciclo, projeta Credit Suisse\",\"isPartOf\":{\"@id\":\"https:\/\/www.suno.com.br\/noticias\/#website\"},\"primaryImageOfPage\":{\"@id\":\"https:\/\/www.suno.com.br\/noticias\/selic-projecao-credit-suisse-ciclo\/#primaryimage\"},\"image\":{\"@id\":\"https:\/\/www.suno.com.br\/noticias\/selic-projecao-credit-suisse-ciclo\/#primaryimage\"},\"thumbnailUrl\":\"https:\/\/files.sunoresearch.com.br\/n\/uploads\/2022\/02\/49963778971_0b2b6eb5ef_o-scaled.jpg\",\"datePublished\":\"2022-07-19T10:25:34+00:00\",\"description\":\"Na sua an\u00e1lise sobre a\u00a0taxa Selic, o Credit Suisse o banco lembra que o BC prev\u00ea um novo ajuste \\\"de igual ou menor magnitude\\\". Confira!\",\"breadcrumb\":{\"@id\":\"https:\/\/www.suno.com.br\/noticias\/selic-projecao-credit-suisse-ciclo\/#breadcrumb\"},\"inLanguage\":\"pt-BR\",\"potentialAction\":[{\"@type\":\"ReadAction\",\"target\":[\"https:\/\/www.suno.com.br\/noticias\/selic-projecao-credit-suisse-ciclo\/\"]}]},{\"@type\":\"ImageObject\",\"inLanguage\":\"pt-BR\",\"@id\":\"https:\/\/www.suno.com.br\/noticias\/selic-projecao-credit-suisse-ciclo\/#primaryimage\",\"url\":\"https:\/\/files.sunoresearch.com.br\/n\/uploads\/2022\/02\/49963778971_0b2b6eb5ef_o-scaled.jpg\",\"contentUrl\":\"https:\/\/files.sunoresearch.com.br\/n\/uploads\/2022\/02\/49963778971_0b2b6eb5ef_o-scaled.jpg\",\"width\":2560,\"height\":1705,\"caption\":\"IPCA permitiria acelera\u00e7\u00e3o de cortes da Selic, mas fiscal e externo impedem. Foto: Leonardo S\u00e1\/Ag\u00eancia Senado\"},{\"@type\":\"BreadcrumbList\",\"@id\":\"https:\/\/www.suno.com.br\/noticias\/selic-projecao-credit-suisse-ciclo\/#breadcrumb\",\"itemListElement\":[{\"@type\":\"ListItem\",\"position\":1,\"name\":\"Not\u00edcias\",\"item\":\"https:\/\/www.suno.com.br\/noticias\/\"},{\"@type\":\"ListItem\",\"position\":2,\"name\":\"Economia\",\"item\":\"https:\/\/www.suno.com.br\/noticias\/economia\/\"},{\"@type\":\"ListItem\",\"position\":3,\"name\":\"Selic deve ir a 14,25% no fim do ciclo, projeta Credit Suisse\"}]},{\"@type\":\"WebSite\",\"@id\":\"https:\/\/www.suno.com.br\/noticias\/#website\",\"url\":\"https:\/\/www.suno.com.br\/noticias\/\",\"name\":\"Suno Not\u00edcias\",\"description\":\"Seu portal de informa\u00e7\u00e3o sobre o mundo dos investimentos\",\"publisher\":{\"@id\":\"https:\/\/www.suno.com.br\/noticias\/#organization\"},\"potentialAction\":[{\"@type\":\"SearchAction\",\"target\":{\"@type\":\"EntryPoint\",\"urlTemplate\":\"https:\/\/www.suno.com.br\/noticias\/?s={search_term_string}\"},\"query-input\":{\"@type\":\"PropertyValueSpecification\",\"valueRequired\":true,\"valueName\":\"search_term_string\"}}],\"inLanguage\":\"pt-BR\"},{\"@type\":\"Organization\",\"@id\":\"https:\/\/www.suno.com.br\/noticias\/#organization\",\"name\":\"Suno Not\u00edcias\",\"url\":\"https:\/\/www.suno.com.br\/noticias\/\",\"logo\":{\"@type\":\"ImageObject\",\"inLanguage\":\"pt-BR\",\"@id\":\"https:\/\/www.suno.com.br\/noticias\/#\/schema\/logo\/image\/\",\"url\":\"https:\/\/files.sunoresearch.com.br\/n\/uploads\/2021\/09\/suno-logo.png\",\"contentUrl\":\"https:\/\/files.sunoresearch.com.br\/n\/uploads\/2021\/09\/suno-logo.png\",\"width\":180,\"height\":180,\"caption\":\"Suno Not\u00edcias\"},\"image\":{\"@id\":\"https:\/\/www.suno.com.br\/noticias\/#\/schema\/logo\/image\/\"},\"sameAs\":[\"https:\/\/facebook.com\/sunoresearch\",\"https:\/\/x.com\/sunoresearch\",\"https:\/\/www.instagram.com\/suno\",\"https:\/\/www.linkedin.com\/company\/suno-research\/\",\"https:\/\/www.youtube.com\/c\/sunoresearch\"]},{\"@type\":\"Person\",\"@id\":\"https:\/\/www.suno.com.br\/noticias\/#\/schema\/person\/7f4d362bf3518e76090143ae77bb49a5\",\"name\":\"Eduardo Vargas\",\"image\":{\"@type\":\"ImageObject\",\"inLanguage\":\"pt-BR\",\"@id\":\"https:\/\/www.suno.com.br\/noticias\/#\/schema\/person\/image\/\",\"url\":\"https:\/\/secure.gravatar.com\/avatar\/dac340933427a22924c9f99d1eb2e3f2?s=96&r=g\",\"contentUrl\":\"https:\/\/secure.gravatar.com\/avatar\/dac340933427a22924c9f99d1eb2e3f2?s=96&r=g\",\"caption\":\"Eduardo Vargas\"},\"description\":\"Jornalista formado pela UFSC, cobre macroeconomia, neg\u00f3cios e startups para o Suno Not\u00edcias, escrevendo principalmente not\u00edcias sobre o mercado financeiro e a bolsa de valores. No YouTube e no Instagram, \u00e9 respons\u00e1vel pela produ\u00e7\u00e3o de Reels e Shorts do Suno Not\u00edcias. Anteriormente, trabalhou cobrindo economia e cotidiano no ND+ e para o ND, maior jornal impresso de Santa Catarina. Cursou um semestre letivo de Estudos de M\u00eddia na Universidad de Buenos Aires.\",\"url\":\"https:\/\/www.suno.com.br\/noticias\/author\/eduardo-vargas\/\"}]}<\/script>\n<!-- \/ Yoast SEO plugin. -->","yoast_head_json":{"title":"Selic deve ir a 14,25% no fim do ciclo, projeta Credit Suisse","description":"Na sua an\u00e1lise sobre a\u00a0taxa Selic, o Credit Suisse o banco lembra que o BC prev\u00ea um novo ajuste \"de igual ou menor magnitude\". Confira!","robots":{"index":"index","follow":"follow","max-snippet":"max-snippet:-1","max-image-preview":"max-image-preview:large","max-video-preview":"max-video-preview:-1"},"canonical":"https:\/\/www.suno.com.br\/noticias\/selic-projecao-credit-suisse-ciclo\/","og_locale":"pt_BR","og_type":"article","og_title":"Selic deve ir a 14,25% no fim do ciclo, projeta Credit Suisse","og_description":"Na sua an\u00e1lise sobre a\u00a0taxa Selic, o Credit Suisse o banco lembra que o BC prev\u00ea um novo ajuste \"de igual ou menor magnitude\". Confira!","og_url":"https:\/\/www.suno.com.br\/noticias\/selic-projecao-credit-suisse-ciclo\/","og_site_name":"Suno Not\u00edcias","article_publisher":"https:\/\/facebook.com\/sunoresearch","og_image":[{"width":2560,"height":1705,"url":"https:\/\/files.sunoresearch.com.br\/n\/uploads\/2022\/02\/49963778971_0b2b6eb5ef_o-scaled.jpg","type":"image\/jpeg"}],"author":"Eduardo Vargas","twitter_card":"summary_large_image","twitter_creator":"@sunoresearch","twitter_site":"@sunoresearch","twitter_misc":{"Escrito por":"Eduardo Vargas","Est. tempo de leitura":"3 minutos"},"schema":{"@context":"https:\/\/schema.org","@graph":[{"@type":"NewsArticle","@id":"https:\/\/www.suno.com.br\/noticias\/selic-projecao-credit-suisse-ciclo\/#article","isPartOf":{"@id":"https:\/\/www.suno.com.br\/noticias\/selic-projecao-credit-suisse-ciclo\/"},"author":{"name":"Eduardo Vargas","@id":"https:\/\/www.suno.com.br\/noticias\/#\/schema\/person\/7f4d362bf3518e76090143ae77bb49a5"},"headline":"Selic deve ir a 14,25% no fim do ciclo, projeta Credit Suisse","datePublished":"2022-07-19T10:25:34+00:00","mainEntityOfPage":{"@id":"https:\/\/www.suno.com.br\/noticias\/selic-projecao-credit-suisse-ciclo\/"},"wordCount":437,"publisher":{"@id":"https:\/\/www.suno.com.br\/noticias\/#organization"},"image":{"@id":"https:\/\/www.suno.com.br\/noticias\/selic-projecao-credit-suisse-ciclo\/#primaryimage"},"thumbnailUrl":"https:\/\/files.sunoresearch.com.br\/n\/uploads\/2022\/02\/49963778971_0b2b6eb5ef_o-scaled.jpg","keywords":["Ag\u00eancias","Credit Suisse (C1SU34)","Taxa Selic"],"articleSection":["Economia"],"inLanguage":"pt-BR"},{"@type":"WebPage","@id":"https:\/\/www.suno.com.br\/noticias\/selic-projecao-credit-suisse-ciclo\/","url":"https:\/\/www.suno.com.br\/noticias\/selic-projecao-credit-suisse-ciclo\/","name":"Selic deve ir a 14,25% no fim do ciclo, projeta Credit Suisse","isPartOf":{"@id":"https:\/\/www.suno.com.br\/noticias\/#website"},"primaryImageOfPage":{"@id":"https:\/\/www.suno.com.br\/noticias\/selic-projecao-credit-suisse-ciclo\/#primaryimage"},"image":{"@id":"https:\/\/www.suno.com.br\/noticias\/selic-projecao-credit-suisse-ciclo\/#primaryimage"},"thumbnailUrl":"https:\/\/files.sunoresearch.com.br\/n\/uploads\/2022\/02\/49963778971_0b2b6eb5ef_o-scaled.jpg","datePublished":"2022-07-19T10:25:34+00:00","description":"Na sua an\u00e1lise sobre a\u00a0taxa Selic, o Credit Suisse o banco lembra que o BC prev\u00ea um novo ajuste \"de igual ou menor magnitude\". Confira!","breadcrumb":{"@id":"https:\/\/www.suno.com.br\/noticias\/selic-projecao-credit-suisse-ciclo\/#breadcrumb"},"inLanguage":"pt-BR","potentialAction":[{"@type":"ReadAction","target":["https:\/\/www.suno.com.br\/noticias\/selic-projecao-credit-suisse-ciclo\/"]}]},{"@type":"ImageObject","inLanguage":"pt-BR","@id":"https:\/\/www.suno.com.br\/noticias\/selic-projecao-credit-suisse-ciclo\/#primaryimage","url":"https:\/\/files.sunoresearch.com.br\/n\/uploads\/2022\/02\/49963778971_0b2b6eb5ef_o-scaled.jpg","contentUrl":"https:\/\/files.sunoresearch.com.br\/n\/uploads\/2022\/02\/49963778971_0b2b6eb5ef_o-scaled.jpg","width":2560,"height":1705,"caption":"IPCA permitiria acelera\u00e7\u00e3o de cortes da Selic, mas fiscal e externo impedem. Foto: Leonardo S\u00e1\/Ag\u00eancia Senado"},{"@type":"BreadcrumbList","@id":"https:\/\/www.suno.com.br\/noticias\/selic-projecao-credit-suisse-ciclo\/#breadcrumb","itemListElement":[{"@type":"ListItem","position":1,"name":"Not\u00edcias","item":"https:\/\/www.suno.com.br\/noticias\/"},{"@type":"ListItem","position":2,"name":"Economia","item":"https:\/\/www.suno.com.br\/noticias\/economia\/"},{"@type":"ListItem","position":3,"name":"Selic deve ir a 14,25% no fim do ciclo, projeta Credit Suisse"}]},{"@type":"WebSite","@id":"https:\/\/www.suno.com.br\/noticias\/#website","url":"https:\/\/www.suno.com.br\/noticias\/","name":"Suno Not\u00edcias","description":"Seu portal de informa\u00e7\u00e3o sobre o mundo dos investimentos","publisher":{"@id":"https:\/\/www.suno.com.br\/noticias\/#organization"},"potentialAction":[{"@type":"SearchAction","target":{"@type":"EntryPoint","urlTemplate":"https:\/\/www.suno.com.br\/noticias\/?s={search_term_string}"},"query-input":{"@type":"PropertyValueSpecification","valueRequired":true,"valueName":"search_term_string"}}],"inLanguage":"pt-BR"},{"@type":"Organization","@id":"https:\/\/www.suno.com.br\/noticias\/#organization","name":"Suno Not\u00edcias","url":"https:\/\/www.suno.com.br\/noticias\/","logo":{"@type":"ImageObject","inLanguage":"pt-BR","@id":"https:\/\/www.suno.com.br\/noticias\/#\/schema\/logo\/image\/","url":"https:\/\/files.sunoresearch.com.br\/n\/uploads\/2021\/09\/suno-logo.png","contentUrl":"https:\/\/files.sunoresearch.com.br\/n\/uploads\/2021\/09\/suno-logo.png","width":180,"height":180,"caption":"Suno Not\u00edcias"},"image":{"@id":"https:\/\/www.suno.com.br\/noticias\/#\/schema\/logo\/image\/"},"sameAs":["https:\/\/facebook.com\/sunoresearch","https:\/\/x.com\/sunoresearch","https:\/\/www.instagram.com\/suno","https:\/\/www.linkedin.com\/company\/suno-research\/","https:\/\/www.youtube.com\/c\/sunoresearch"]},{"@type":"Person","@id":"https:\/\/www.suno.com.br\/noticias\/#\/schema\/person\/7f4d362bf3518e76090143ae77bb49a5","name":"Eduardo Vargas","image":{"@type":"ImageObject","inLanguage":"pt-BR","@id":"https:\/\/www.suno.com.br\/noticias\/#\/schema\/person\/image\/","url":"https:\/\/secure.gravatar.com\/avatar\/dac340933427a22924c9f99d1eb2e3f2?s=96&r=g","contentUrl":"https:\/\/secure.gravatar.com\/avatar\/dac340933427a22924c9f99d1eb2e3f2?s=96&r=g","caption":"Eduardo Vargas"},"description":"Jornalista formado pela UFSC, cobre macroeconomia, neg\u00f3cios e startups para o Suno Not\u00edcias, escrevendo principalmente not\u00edcias sobre o mercado financeiro e a bolsa de valores. No YouTube e no Instagram, \u00e9 respons\u00e1vel pela produ\u00e7\u00e3o de Reels e Shorts do Suno Not\u00edcias. Anteriormente, trabalhou cobrindo economia e cotidiano no ND+ e para o ND, maior jornal impresso de Santa Catarina. Cursou um semestre letivo de Estudos de M\u00eddia na Universidad de Buenos Aires.","url":"https:\/\/www.suno.com.br\/noticias\/author\/eduardo-vargas\/"}]}},"default_loop_html":"<div class=\"cardsPage__listCard__boxs\"><div class=\"cardsPage__listCard__boxs__img\"><a href=\"https:\/\/www.suno.com.br\/noticias\/selic-projecao-credit-suisse-ciclo\/\"><img class=\"mask\" src=\"https:\/\/www.suno.com.br\/noticias\/wp-content\/themes\/suno\/resources\/images\/spotlight\/spotlight1img\/bg-mask.png\" alt=\"Image Mask\"\/><img src=\"https:\/\/files.sunoresearch.com.br\/n\/uploads\/2022\/02\/49963778971_0b2b6eb5ef_o-400x200.jpg\" alt=\"Selic deve ir a 14,25% no fim do ciclo, projeta Credit Suisse\"\/><\/a><span class=\"spotlightCategory\"><a href=\"https:\/\/www.suno.com.br\/noticias\/economia\/\">Economia<\/a><\/span><\/div><div class=\"cardsPage__listCard__boxs__content\"><a href=\"https:\/\/www.suno.com.br\/noticias\/selic-projecao-credit-suisse-ciclo\/\"><h2 class=\"content__title\">Selic deve ir a 14,25% no fim do ciclo, projeta Credit Suisse<\/h2><\/a><div class=\"newsContent__article__meta\"><div class=\"newsContent__article__meta__authorBox\"><a href=\"https:\/\/www.suno.com.br\/noticias\/author\/eduardo-vargas\/\" class=\"authorBox__avatar noMobi\"><img src=\"https:\/\/secure.gravatar.com\/avatar\/dac340933427a22924c9f99d1eb2e3f2?s=96&#038;r=g\" alt=\"Eduardo Vargas\"><\/a><div class=\"authorBox__name\"><span>por\n\t\t\t<a href=\"https:\/\/www.suno.com.br\/noticias\/author\/eduardo-vargas\/\"><span itemprop=\"author\">Eduardo Vargas<\/span><\/a><\/span><time datetime=\"2022-07-19T07:25:34-03:00\" itemprop=\"datePublished\">19\/07\/2022 07:25<\/time><\/div><\/div><\/div><\/div><\/div>","single_layout":"posts","amp_enabled":true,"_links":{"self":[{"href":"https:\/\/www.suno.com.br\/noticias\/wp-json\/wp\/v2\/posts\/276855"}],"collection":[{"href":"https:\/\/www.suno.com.br\/noticias\/wp-json\/wp\/v2\/posts"}],"about":[{"href":"https:\/\/www.suno.com.br\/noticias\/wp-json\/wp\/v2\/types\/post"}],"author":[{"embeddable":true,"href":"https:\/\/www.suno.com.br\/noticias\/wp-json\/wp\/v2\/users\/73"}],"replies":[{"embeddable":true,"href":"https:\/\/www.suno.com.br\/noticias\/wp-json\/wp\/v2\/comments?post=276855"}],"version-history":[{"count":2,"href":"https:\/\/www.suno.com.br\/noticias\/wp-json\/wp\/v2\/posts\/276855\/revisions"}],"predecessor-version":[{"id":276882,"href":"https:\/\/www.suno.com.br\/noticias\/wp-json\/wp\/v2\/posts\/276855\/revisions\/276882"}],"wp:featuredmedia":[{"embeddable":true,"href":"https:\/\/www.suno.com.br\/noticias\/wp-json\/wp\/v2\/media\/229455"}],"wp:attachment":[{"href":"https:\/\/www.suno.com.br\/noticias\/wp-json\/wp\/v2\/media?parent=276855"}],"wp:term":[{"taxonomy":"category","embeddable":true,"href":"https:\/\/www.suno.com.br\/noticias\/wp-json\/wp\/v2\/categories?post=276855"},{"taxonomy":"post_tag","embeddable":true,"href":"https:\/\/www.suno.com.br\/noticias\/wp-json\/wp\/v2\/tags?post=276855"},{"taxonomy":"suno_strategy","embeddable":true,"href":"https:\/\/www.suno.com.br\/noticias\/wp-json\/wp\/v2\/suno_strategy?post=276855"}],"curies":[{"name":"wp","href":"https:\/\/api.w.org\/{rel}","templated":true}]}}