{"id":27683,"date":"2019-06-08T14:35:12","date_gmt":"2019-06-08T17:35:12","guid":{"rendered":"https:\/\/www.suno.com.br\/noticias\/?p=27683"},"modified":"2021-06-13T23:43:33","modified_gmt":"2021-06-14T02:43:33","slug":"brasil-g20-reforma-previdencia","status":"publish","type":"post","link":"https:\/\/www.suno.com.br\/noticias\/brasil-g20-reforma-previdencia\/","title":{"rendered":"Brasil no G20: reforma da Previd\u00eancia \u00e9 apresentada a parceiros"},"content":{"rendered":"<p>A delega\u00e7\u00e3o do <strong>Brasil<\/strong> que participa da reuni\u00e3o de representantes do governo do G20, em Fukuoka, no Jap\u00e3o, apresentou a meta da <strong>reforma da Previd\u00eancia<\/strong> para parceiros internacionais. Com expectativa de <strong>economia<\/strong> de R$ 1,2 trilh\u00e3o nos pr\u00f3ximos 10 anos, h\u00e1 a tentativa de atrair investimentos estrangeiros com a <strong>principal pauta<\/strong> do governo do presidente da Rep\u00fablica, Jair Bolsonaro (PSL).<\/p>\t<div class=\"wrapper-featured-image\">\n\t\t<figure class=\"spotlightImg\">\n\n\t\t\t<picture>\n\t\t\t\t<source media=\"(max-width: 768px)\" srcset=\"https:\/\/files.sunoresearch.com.br\/n\/uploads\/2019\/06\/f7802518-g20-400x200.webp\">\n\t\t\t\t<img loading=\"lazy\" decoding=\"async\" class=\"newsContent__article__imgCapa lazyloadDisabled newsContent__article__imgCapa--noCaption\" src=\"https:\/\/files.sunoresearch.com.br\/n\/uploads\/2019\/06\/f7802518-g20-800x450.webp\" width=\"800\" height=\"450\" alt=\"Brasil no G20: reforma da Previd\u00eancia \u00e9 apresentada a parceiros\" fetchpriority=high \/>\n\t\t\t<\/picture>\n\n\t\t\t<figcaption class=\"wp-caption-text wp-caption-text--hide\"><\/figcaption>\n\t\t<\/figure>\n\t<\/div>\n\n\n<p>A reuni\u00e3o que ocorre entre a \u00faltima sexta-feira (7) e este s\u00e1bado (8) \u00e9 preliminar \u00e0 c\u00fapula do <strong>G20<\/strong>, que reunir\u00e1 chefes de Estado e governantes nos dias 28 e 29 de junho. As informa\u00e7\u00f5es s\u00e3o do &#8220;Valor Econ\u00f4mico&#8221;.<\/p>\n<p>O endividamento bruto do governo pode subir 25% em cinco anos. Isto sem a aprova\u00e7\u00e3o da <strong>reforma da Previd\u00eancia<\/strong>.<\/p>\n\t<p>\n\t\t<a href=\"https:\/\/lp.suno.com.br\/suno-one\/?utm_campaign=_SNC6964518A_\" target=\"_blank\" data-element=\"shortcode-suno-banner\" title=\"Banner SUNO, clique e saiba mais\">\n\t\t\t<picture>\n\t\t\t\t<source media=\"(max-width: 500px)\" srcset=\"https:\/\/files.sunoresearch.com.br\/n\/uploads\/2025\/09\/400x300-Suno-One-png.webp\">\n\t\t\t\t<img class=\"newsContent__article__imgCapa newsContent__article__imgCapa--banner\"\n\t\t\t\t\tsrc=\"https:\/\/files.sunoresearch.com.br\/n\/uploads\/2025\/09\/1420x240-Suno-One-png.webp\"\n\t\t\t\t\tdata-promo-id=\"383121\"\t\t\t\t\t\t\t\t\t\twidth='1420' height='240'\t\t\t\t\talt=\"https:\/\/files.sunoresearch.com.br\/n\/uploads\/2025\/09\/1420x240-Suno-One-png.webp\"\n\t\t\t\t>\n\t\t\t<\/picture>\n\t\t<\/a>\n\t<\/p>\n\n\n<p>A delega\u00e7\u00e3o brasileira na reuni\u00e3o do <strong>G20<\/strong>, em <strong>Fukuoka<\/strong>, distribuiu tr\u00eas p\u00e1ginas que resumem todos os planos de reformas do <strong>governo Bolsonaro<\/strong>. Dentre os principais recebedores da apresenta\u00e7\u00e3o est\u00e3o:<\/p>\n<ul>\n<li>representantes do <a href=\"https:\/\/www.suno.com.br\/artigos\/fmi\/\">Fundo Monet\u00e1rio Internacional<\/a> (<strong>FMI<\/strong>);<\/li>\n<li>representantes do Global Infrastructure Hub.<\/li>\n<\/ul>\n<p>Al\u00e9m destes, <strong>encontros bilaterais<\/strong> tamb\u00e9m foram oportunidades para a apresenta\u00e7\u00e3o dos planos.<\/p>\n<p>O secret\u00e1rio de Assuntos Econ\u00f4micos Internacionais, Erivaldo Gomes, afirmou que a tramita\u00e7\u00e3o da reforma da Previd\u00eancia no Legislativo permanece dif\u00edcil, t\u00edpica de <strong>sistema democr\u00e1tico<\/strong>. Contudo, disse confiar na aprova\u00e7\u00e3o da <strong>Proposta de Emenda Constitucional<\/strong> (PEC) nos pr\u00f3ximos meses.<\/p>\n<p>Segundo apura\u00e7\u00e3o do jornal, integrantes da delega\u00e7\u00e3o brasileira afirmaram que a &#8220;<strong>rep\u00fablica dos amigos<\/strong>&#8221; deixou de existir. E que as reformas visam a cria\u00e7\u00e3o de ambientes prop\u00edcios para todos.<\/p>\n<p>A reforma tribut\u00e1ria e a fus\u00e3o de taxas federais em um imposto \u00fanico estavam entre as demais principais pautas.<\/p>\n<p><a href=\"https:\/\/www.suno.com.br\/noticias\/reforma-tributaria-cigarros-bebidas\/\">Saiba mais &#8211;\u00a0Reforma tribut\u00e1ria poder\u00e1 alterar pre\u00e7os de cigarros e bebidas alco\u00f3licas<\/a><\/p>\n<h2>Reuni\u00e3o do G20<\/h2>\n<p>A reuni\u00e3o que ocorre em Fukuoka \u00e9 preliminar \u00e0 <strong>c\u00fapula<\/strong> que deve reunir chefes de Estados e governantes entre 28 e 29 junho.<\/p>\n<p>Na c\u00fapula, o presidente dos <strong>Estados Unidos<\/strong> da Am\u00e9rica (EUA), <a href=\"https:\/\/www.suno.com.br\/tudo-sobre\/donald-trump\/\">Donald Trump<\/a>, e o presidente da <strong>China<\/strong>, Xi Jinping, devem se reunir. Ambos s\u00e3o l\u00edderes dos Estados que protagonizam a <a href=\"https:\/\/www.suno.com.br\/artigos\/guerra-comercial\/\">guerra comercial<\/a>.<\/p>\n<p>A reuni\u00e3o preliminar do <strong>G20<\/strong> foi presidida por:<\/p>\n<ul>\n<li>ministro das Finan\u00e7as e vice-primeiro-ministro japon\u00eas,\u00a0Taro Aso;<\/li>\n<li>e o presidente do Banco Central do Jap\u00e3o, Haruhiko Kuroda.<\/li>\n<\/ul>\n<p>Os pa\u00edses que comp\u00f5em o <strong>G20<\/strong> s\u00e3o: Estados Unidos da Am\u00e9rica (EUA); China; Jap\u00e3o; Reino Unido; Fran\u00e7a; It\u00e1lia; Canad\u00e1; Cor\u00e9ia do Sul; Austr\u00e1lia; R\u00fassia; M\u00e9xico; Indon\u00e9sia; Turquia; Ar\u00e1bia Saudita; Argentina; Alemanha; Brasil; \u00cdndia; \u00c1frica do Sul.<\/p>\n","protected":false},"excerpt":{"rendered":"<p>A delega\u00e7\u00e3o do Brasil que participa da reuni\u00e3o de representantes do governo do G20, em Fukuoka, no Jap\u00e3o, apresentou a meta da reforma da Previd\u00eancia para parceiros internacionais. Com expectativa de economia de R$ 1,2 trilh\u00e3o nos pr\u00f3ximos 10 anos, h\u00e1 a tentativa de atrair investimentos estrangeiros com a principal pauta do governo do presidente [&hellip;]<\/p>\n","protected":false},"author":12,"featured_media":27685,"comment_status":"closed","ping_status":"closed","sticky":false,"template":"","format":"standard","meta":[],"categories":[62],"tags":[711,793,801,940,1286],"suno_strategy":[],"class_list":["post-27683","post","type-post","status-publish","format-standard","has-post-thumbnail","hentry","category-economia","tag-china","tag-estados-unidos-eua","tag-g20","tag-reforma-da-previdencia","tag-reforma-tributaria"],"yoast_head":"<!-- This site is optimized with the Yoast SEO plugin v24.4 - https:\/\/yoast.com\/wordpress\/plugins\/seo\/ -->\n<title>Brasil no G20: reforma da Previd\u00eancia \u00e9 apresentada a parceiros<\/title>\n<meta name=\"description\" content=\"A delega\u00e7\u00e3o brasileira na reuni\u00e3o do G20, em Fukuoka, Jap\u00e3o, apresentou a reforma da Previd\u00eancia aos parceiros. Clique para saber mais.\" \/>\n<meta name=\"robots\" content=\"index, follow, max-snippet:-1, max-image-preview:large, max-video-preview:-1\" \/>\n<link rel=\"canonical\" href=\"https:\/\/www.suno.com.br\/noticias\/brasil-g20-reforma-previdencia\/\" \/>\n<meta property=\"og:locale\" content=\"pt_BR\" \/>\n<meta property=\"og:type\" content=\"article\" \/>\n<meta property=\"og:title\" content=\"Brasil no G20: reforma da Previd\u00eancia \u00e9 apresentada a parceiros\" \/>\n<meta property=\"og:description\" content=\"A delega\u00e7\u00e3o brasileira na reuni\u00e3o do G20, em Fukuoka, Jap\u00e3o, apresentou a reforma da Previd\u00eancia aos parceiros. Clique para saber mais.\" \/>\n<meta property=\"og:url\" content=\"https:\/\/www.suno.com.br\/noticias\/brasil-g20-reforma-previdencia\/\" \/>\n<meta property=\"og:site_name\" content=\"Suno Not\u00edcias\" \/>\n<meta property=\"article:publisher\" content=\"https:\/\/facebook.com\/sunoresearch\" \/>\n<meta property=\"og:image\" content=\"https:\/\/files.sunoresearch.com.br\/n\/uploads\/2019\/06\/f7802518-g20-1024x768.jpg\" \/>\n\t<meta property=\"og:image:width\" content=\"1024\" \/>\n\t<meta property=\"og:image:height\" content=\"768\" \/>\n\t<meta property=\"og:image:type\" content=\"image\/jpeg\" \/>\n<meta name=\"author\" content=\"Amanda Gushiken\" \/>\n<meta name=\"twitter:card\" content=\"summary_large_image\" \/>\n<meta name=\"twitter:creator\" content=\"@sunoresearch\" \/>\n<meta name=\"twitter:site\" content=\"@sunoresearch\" \/>\n<meta name=\"twitter:label1\" content=\"Escrito por\" \/>\n\t<meta name=\"twitter:data1\" content=\"Amanda Gushiken\" \/>\n\t<meta name=\"twitter:label2\" content=\"Est. tempo de leitura\" \/>\n\t<meta name=\"twitter:data2\" content=\"2 minutos\" \/>\n<script type=\"application\/ld+json\" class=\"yoast-schema-graph\">{\"@context\":\"https:\/\/schema.org\",\"@graph\":[{\"@type\":\"NewsArticle\",\"@id\":\"https:\/\/www.suno.com.br\/noticias\/brasil-g20-reforma-previdencia\/#article\",\"isPartOf\":{\"@id\":\"https:\/\/www.suno.com.br\/noticias\/brasil-g20-reforma-previdencia\/\"},\"author\":{\"name\":\"Amanda Gushiken\",\"@id\":\"https:\/\/www.suno.com.br\/noticias\/#\/schema\/person\/a5b06fa4e879d8e8e119c6ed3cd630d1\"},\"headline\":\"Brasil no G20: reforma da Previd\u00eancia \u00e9 apresentada a parceiros\",\"datePublished\":\"2019-06-08T17:35:12+00:00\",\"dateModified\":\"2021-06-14T02:43:33+00:00\",\"mainEntityOfPage\":{\"@id\":\"https:\/\/www.suno.com.br\/noticias\/brasil-g20-reforma-previdencia\/\"},\"wordCount\":457,\"publisher\":{\"@id\":\"https:\/\/www.suno.com.br\/noticias\/#organization\"},\"image\":{\"@id\":\"https:\/\/www.suno.com.br\/noticias\/brasil-g20-reforma-previdencia\/#primaryimage\"},\"thumbnailUrl\":\"https:\/\/files.sunoresearch.com.br\/n\/uploads\/2019\/06\/f7802518-g20-scaled.webp\",\"keywords\":[\"China\",\"Estados Unidos (EUA)\",\"G20\",\"Reforma da Previd\u00eancia\",\"reforma tribut\u00e1ria\"],\"articleSection\":[\"Economia\"],\"inLanguage\":\"pt-BR\"},{\"@type\":\"WebPage\",\"@id\":\"https:\/\/www.suno.com.br\/noticias\/brasil-g20-reforma-previdencia\/\",\"url\":\"https:\/\/www.suno.com.br\/noticias\/brasil-g20-reforma-previdencia\/\",\"name\":\"Brasil no G20: reforma da Previd\u00eancia \u00e9 apresentada a parceiros\",\"isPartOf\":{\"@id\":\"https:\/\/www.suno.com.br\/noticias\/#website\"},\"primaryImageOfPage\":{\"@id\":\"https:\/\/www.suno.com.br\/noticias\/brasil-g20-reforma-previdencia\/#primaryimage\"},\"image\":{\"@id\":\"https:\/\/www.suno.com.br\/noticias\/brasil-g20-reforma-previdencia\/#primaryimage\"},\"thumbnailUrl\":\"https:\/\/files.sunoresearch.com.br\/n\/uploads\/2019\/06\/f7802518-g20-scaled.webp\",\"datePublished\":\"2019-06-08T17:35:12+00:00\",\"dateModified\":\"2021-06-14T02:43:33+00:00\",\"description\":\"A delega\u00e7\u00e3o brasileira na reuni\u00e3o do G20, em Fukuoka, Jap\u00e3o, apresentou a reforma da Previd\u00eancia aos parceiros. Clique para saber mais.\",\"breadcrumb\":{\"@id\":\"https:\/\/www.suno.com.br\/noticias\/brasil-g20-reforma-previdencia\/#breadcrumb\"},\"inLanguage\":\"pt-BR\",\"potentialAction\":[{\"@type\":\"ReadAction\",\"target\":[\"https:\/\/www.suno.com.br\/noticias\/brasil-g20-reforma-previdencia\/\"]}]},{\"@type\":\"ImageObject\",\"inLanguage\":\"pt-BR\",\"@id\":\"https:\/\/www.suno.com.br\/noticias\/brasil-g20-reforma-previdencia\/#primaryimage\",\"url\":\"https:\/\/files.sunoresearch.com.br\/n\/uploads\/2019\/06\/f7802518-g20-scaled.webp\",\"contentUrl\":\"https:\/\/files.sunoresearch.com.br\/n\/uploads\/2019\/06\/f7802518-g20-scaled.webp\",\"width\":2560,\"height\":1920,\"caption\":\"g20\"},{\"@type\":\"BreadcrumbList\",\"@id\":\"https:\/\/www.suno.com.br\/noticias\/brasil-g20-reforma-previdencia\/#breadcrumb\",\"itemListElement\":[{\"@type\":\"ListItem\",\"position\":1,\"name\":\"Not\u00edcias\",\"item\":\"https:\/\/www.suno.com.br\/noticias\/\"},{\"@type\":\"ListItem\",\"position\":2,\"name\":\"Economia\",\"item\":\"https:\/\/www.suno.com.br\/noticias\/economia\/\"},{\"@type\":\"ListItem\",\"position\":3,\"name\":\"Brasil no G20: reforma da Previd\u00eancia \u00e9 apresentada a parceiros\"}]},{\"@type\":\"WebSite\",\"@id\":\"https:\/\/www.suno.com.br\/noticias\/#website\",\"url\":\"https:\/\/www.suno.com.br\/noticias\/\",\"name\":\"Suno Not\u00edcias\",\"description\":\"Seu portal de informa\u00e7\u00e3o sobre o mundo dos investimentos\",\"publisher\":{\"@id\":\"https:\/\/www.suno.com.br\/noticias\/#organization\"},\"potentialAction\":[{\"@type\":\"SearchAction\",\"target\":{\"@type\":\"EntryPoint\",\"urlTemplate\":\"https:\/\/www.suno.com.br\/noticias\/?s={search_term_string}\"},\"query-input\":{\"@type\":\"PropertyValueSpecification\",\"valueRequired\":true,\"valueName\":\"search_term_string\"}}],\"inLanguage\":\"pt-BR\"},{\"@type\":\"Organization\",\"@id\":\"https:\/\/www.suno.com.br\/noticias\/#organization\",\"name\":\"Suno Not\u00edcias\",\"url\":\"https:\/\/www.suno.com.br\/noticias\/\",\"logo\":{\"@type\":\"ImageObject\",\"inLanguage\":\"pt-BR\",\"@id\":\"https:\/\/www.suno.com.br\/noticias\/#\/schema\/logo\/image\/\",\"url\":\"https:\/\/files.sunoresearch.com.br\/n\/uploads\/2021\/09\/suno-logo.png\",\"contentUrl\":\"https:\/\/files.sunoresearch.com.br\/n\/uploads\/2021\/09\/suno-logo.png\",\"width\":180,\"height\":180,\"caption\":\"Suno Not\u00edcias\"},\"image\":{\"@id\":\"https:\/\/www.suno.com.br\/noticias\/#\/schema\/logo\/image\/\"},\"sameAs\":[\"https:\/\/facebook.com\/sunoresearch\",\"https:\/\/x.com\/sunoresearch\",\"https:\/\/www.instagram.com\/suno\",\"https:\/\/www.linkedin.com\/company\/suno-research\/\",\"https:\/\/www.youtube.com\/c\/sunoresearch\"]},{\"@type\":\"Person\",\"@id\":\"https:\/\/www.suno.com.br\/noticias\/#\/schema\/person\/a5b06fa4e879d8e8e119c6ed3cd630d1\",\"name\":\"Amanda Gushiken\",\"image\":{\"@type\":\"ImageObject\",\"inLanguage\":\"pt-BR\",\"@id\":\"https:\/\/www.suno.com.br\/noticias\/#\/schema\/person\/image\/\",\"url\":\"https:\/\/secure.gravatar.com\/avatar\/ecd84705e6b65e3685ae80d725501fbe?s=96&r=g\",\"contentUrl\":\"https:\/\/secure.gravatar.com\/avatar\/ecd84705e6b65e3685ae80d725501fbe?s=96&r=g\",\"caption\":\"Amanda Gushiken\"},\"description\":\"Amanda Sayuri Gushiken escreve sobre finan\u00e7as e neg\u00f3cios para o portal Suno Not\u00edcias. Antes, trabalhou selecionando not\u00edcias da imprensa para clientes do mercado financeiro. Tamb\u00e9m desenvolveu pesquisa acad\u00eamica pela Universidade Anhembi Morumbi na \u00e1rea de Teorias da Comunica\u00e7\u00e3o e \u00e9 fot\u00f3grafa nas horas vagas.\",\"url\":\"https:\/\/www.suno.com.br\/noticias\/author\/amanda\/\"}]}<\/script>\n<!-- \/ Yoast SEO plugin. -->","yoast_head_json":{"title":"Brasil no G20: reforma da Previd\u00eancia \u00e9 apresentada a parceiros","description":"A delega\u00e7\u00e3o brasileira na reuni\u00e3o do G20, em Fukuoka, Jap\u00e3o, apresentou a reforma da Previd\u00eancia aos parceiros. Clique para saber mais.","robots":{"index":"index","follow":"follow","max-snippet":"max-snippet:-1","max-image-preview":"max-image-preview:large","max-video-preview":"max-video-preview:-1"},"canonical":"https:\/\/www.suno.com.br\/noticias\/brasil-g20-reforma-previdencia\/","og_locale":"pt_BR","og_type":"article","og_title":"Brasil no G20: reforma da Previd\u00eancia \u00e9 apresentada a parceiros","og_description":"A delega\u00e7\u00e3o brasileira na reuni\u00e3o do G20, em Fukuoka, Jap\u00e3o, apresentou a reforma da Previd\u00eancia aos parceiros. Clique para saber mais.","og_url":"https:\/\/www.suno.com.br\/noticias\/brasil-g20-reforma-previdencia\/","og_site_name":"Suno Not\u00edcias","article_publisher":"https:\/\/facebook.com\/sunoresearch","og_image":[{"width":1024,"height":768,"url":"https:\/\/files.sunoresearch.com.br\/n\/uploads\/2019\/06\/f7802518-g20-1024x768.jpg","type":"image\/jpeg"}],"author":"Amanda Gushiken","twitter_card":"summary_large_image","twitter_creator":"@sunoresearch","twitter_site":"@sunoresearch","twitter_misc":{"Escrito por":"Amanda Gushiken","Est. tempo de leitura":"2 minutos"},"schema":{"@context":"https:\/\/schema.org","@graph":[{"@type":"NewsArticle","@id":"https:\/\/www.suno.com.br\/noticias\/brasil-g20-reforma-previdencia\/#article","isPartOf":{"@id":"https:\/\/www.suno.com.br\/noticias\/brasil-g20-reforma-previdencia\/"},"author":{"name":"Amanda Gushiken","@id":"https:\/\/www.suno.com.br\/noticias\/#\/schema\/person\/a5b06fa4e879d8e8e119c6ed3cd630d1"},"headline":"Brasil no G20: reforma da Previd\u00eancia \u00e9 apresentada a parceiros","datePublished":"2019-06-08T17:35:12+00:00","dateModified":"2021-06-14T02:43:33+00:00","mainEntityOfPage":{"@id":"https:\/\/www.suno.com.br\/noticias\/brasil-g20-reforma-previdencia\/"},"wordCount":457,"publisher":{"@id":"https:\/\/www.suno.com.br\/noticias\/#organization"},"image":{"@id":"https:\/\/www.suno.com.br\/noticias\/brasil-g20-reforma-previdencia\/#primaryimage"},"thumbnailUrl":"https:\/\/files.sunoresearch.com.br\/n\/uploads\/2019\/06\/f7802518-g20-scaled.webp","keywords":["China","Estados Unidos (EUA)","G20","Reforma da Previd\u00eancia","reforma tribut\u00e1ria"],"articleSection":["Economia"],"inLanguage":"pt-BR"},{"@type":"WebPage","@id":"https:\/\/www.suno.com.br\/noticias\/brasil-g20-reforma-previdencia\/","url":"https:\/\/www.suno.com.br\/noticias\/brasil-g20-reforma-previdencia\/","name":"Brasil no G20: reforma da Previd\u00eancia \u00e9 apresentada a parceiros","isPartOf":{"@id":"https:\/\/www.suno.com.br\/noticias\/#website"},"primaryImageOfPage":{"@id":"https:\/\/www.suno.com.br\/noticias\/brasil-g20-reforma-previdencia\/#primaryimage"},"image":{"@id":"https:\/\/www.suno.com.br\/noticias\/brasil-g20-reforma-previdencia\/#primaryimage"},"thumbnailUrl":"https:\/\/files.sunoresearch.com.br\/n\/uploads\/2019\/06\/f7802518-g20-scaled.webp","datePublished":"2019-06-08T17:35:12+00:00","dateModified":"2021-06-14T02:43:33+00:00","description":"A delega\u00e7\u00e3o brasileira na reuni\u00e3o do G20, em Fukuoka, Jap\u00e3o, apresentou a reforma da Previd\u00eancia aos parceiros. Clique para saber mais.","breadcrumb":{"@id":"https:\/\/www.suno.com.br\/noticias\/brasil-g20-reforma-previdencia\/#breadcrumb"},"inLanguage":"pt-BR","potentialAction":[{"@type":"ReadAction","target":["https:\/\/www.suno.com.br\/noticias\/brasil-g20-reforma-previdencia\/"]}]},{"@type":"ImageObject","inLanguage":"pt-BR","@id":"https:\/\/www.suno.com.br\/noticias\/brasil-g20-reforma-previdencia\/#primaryimage","url":"https:\/\/files.sunoresearch.com.br\/n\/uploads\/2019\/06\/f7802518-g20-scaled.webp","contentUrl":"https:\/\/files.sunoresearch.com.br\/n\/uploads\/2019\/06\/f7802518-g20-scaled.webp","width":2560,"height":1920,"caption":"g20"},{"@type":"BreadcrumbList","@id":"https:\/\/www.suno.com.br\/noticias\/brasil-g20-reforma-previdencia\/#breadcrumb","itemListElement":[{"@type":"ListItem","position":1,"name":"Not\u00edcias","item":"https:\/\/www.suno.com.br\/noticias\/"},{"@type":"ListItem","position":2,"name":"Economia","item":"https:\/\/www.suno.com.br\/noticias\/economia\/"},{"@type":"ListItem","position":3,"name":"Brasil no G20: reforma da Previd\u00eancia \u00e9 apresentada a parceiros"}]},{"@type":"WebSite","@id":"https:\/\/www.suno.com.br\/noticias\/#website","url":"https:\/\/www.suno.com.br\/noticias\/","name":"Suno Not\u00edcias","description":"Seu portal de informa\u00e7\u00e3o sobre o mundo dos investimentos","publisher":{"@id":"https:\/\/www.suno.com.br\/noticias\/#organization"},"potentialAction":[{"@type":"SearchAction","target":{"@type":"EntryPoint","urlTemplate":"https:\/\/www.suno.com.br\/noticias\/?s={search_term_string}"},"query-input":{"@type":"PropertyValueSpecification","valueRequired":true,"valueName":"search_term_string"}}],"inLanguage":"pt-BR"},{"@type":"Organization","@id":"https:\/\/www.suno.com.br\/noticias\/#organization","name":"Suno Not\u00edcias","url":"https:\/\/www.suno.com.br\/noticias\/","logo":{"@type":"ImageObject","inLanguage":"pt-BR","@id":"https:\/\/www.suno.com.br\/noticias\/#\/schema\/logo\/image\/","url":"https:\/\/files.sunoresearch.com.br\/n\/uploads\/2021\/09\/suno-logo.png","contentUrl":"https:\/\/files.sunoresearch.com.br\/n\/uploads\/2021\/09\/suno-logo.png","width":180,"height":180,"caption":"Suno Not\u00edcias"},"image":{"@id":"https:\/\/www.suno.com.br\/noticias\/#\/schema\/logo\/image\/"},"sameAs":["https:\/\/facebook.com\/sunoresearch","https:\/\/x.com\/sunoresearch","https:\/\/www.instagram.com\/suno","https:\/\/www.linkedin.com\/company\/suno-research\/","https:\/\/www.youtube.com\/c\/sunoresearch"]},{"@type":"Person","@id":"https:\/\/www.suno.com.br\/noticias\/#\/schema\/person\/a5b06fa4e879d8e8e119c6ed3cd630d1","name":"Amanda Gushiken","image":{"@type":"ImageObject","inLanguage":"pt-BR","@id":"https:\/\/www.suno.com.br\/noticias\/#\/schema\/person\/image\/","url":"https:\/\/secure.gravatar.com\/avatar\/ecd84705e6b65e3685ae80d725501fbe?s=96&r=g","contentUrl":"https:\/\/secure.gravatar.com\/avatar\/ecd84705e6b65e3685ae80d725501fbe?s=96&r=g","caption":"Amanda Gushiken"},"description":"Amanda Sayuri Gushiken escreve sobre finan\u00e7as e neg\u00f3cios para o portal Suno Not\u00edcias. Antes, trabalhou selecionando not\u00edcias da imprensa para clientes do mercado financeiro. Tamb\u00e9m desenvolveu pesquisa acad\u00eamica pela Universidade Anhembi Morumbi na \u00e1rea de Teorias da Comunica\u00e7\u00e3o e \u00e9 fot\u00f3grafa nas horas vagas.","url":"https:\/\/www.suno.com.br\/noticias\/author\/amanda\/"}]}},"default_loop_html":"<div class=\"cardsPage__listCard__boxs\"><div class=\"cardsPage__listCard__boxs__img\"><a href=\"https:\/\/www.suno.com.br\/noticias\/brasil-g20-reforma-previdencia\/\"><img class=\"mask\" src=\"https:\/\/www.suno.com.br\/noticias\/wp-content\/themes\/suno\/resources\/images\/spotlight\/spotlight1img\/bg-mask.png\" alt=\"Image Mask\"\/><img src=\"https:\/\/files.sunoresearch.com.br\/n\/uploads\/2019\/06\/f7802518-g20-400x200.webp\" alt=\"Brasil no G20: reforma da Previd\u00eancia \u00e9 apresentada a parceiros\"\/><\/a><span class=\"spotlightCategory\"><a href=\"https:\/\/www.suno.com.br\/noticias\/economia\/\">Economia<\/a><\/span><\/div><div class=\"cardsPage__listCard__boxs__content\"><a href=\"https:\/\/www.suno.com.br\/noticias\/brasil-g20-reforma-previdencia\/\"><h2 class=\"content__title\">Brasil no G20: reforma da Previd\u00eancia \u00e9 apresentada a parceiros<\/h2><\/a><div class=\"newsContent__article__meta\"><div class=\"newsContent__article__meta__authorBox\"><a href=\"https:\/\/www.suno.com.br\/noticias\/author\/amanda\/\" class=\"authorBox__avatar noMobi\"><img src=\"https:\/\/files.sunoresearch.com.br\/n\/uploads\/2018\/11\/c6ad30be-amanda-150x150.webp\" alt=\"Amanda Gushiken\"><\/a><div class=\"authorBox__name\"><span>por\n\t\t\t<a href=\"https:\/\/www.suno.com.br\/noticias\/author\/amanda\/\"><span itemprop=\"author\">Amanda Gushiken<\/span><\/a><\/span><time datetime=\"2019-06-08T14:35:12-03:00\" itemprop=\"datePublished\">08\/06\/2019 14:35<\/time><\/div><\/div><\/div><\/div><\/div>","single_layout":"posts","amp_enabled":true,"_links":{"self":[{"href":"https:\/\/www.suno.com.br\/noticias\/wp-json\/wp\/v2\/posts\/27683"}],"collection":[{"href":"https:\/\/www.suno.com.br\/noticias\/wp-json\/wp\/v2\/posts"}],"about":[{"href":"https:\/\/www.suno.com.br\/noticias\/wp-json\/wp\/v2\/types\/post"}],"author":[{"embeddable":true,"href":"https:\/\/www.suno.com.br\/noticias\/wp-json\/wp\/v2\/users\/12"}],"replies":[{"embeddable":true,"href":"https:\/\/www.suno.com.br\/noticias\/wp-json\/wp\/v2\/comments?post=27683"}],"version-history":[{"count":1,"href":"https:\/\/www.suno.com.br\/noticias\/wp-json\/wp\/v2\/posts\/27683\/revisions"}],"predecessor-version":[{"id":157330,"href":"https:\/\/www.suno.com.br\/noticias\/wp-json\/wp\/v2\/posts\/27683\/revisions\/157330"}],"wp:featuredmedia":[{"embeddable":true,"href":"https:\/\/www.suno.com.br\/noticias\/wp-json\/wp\/v2\/media\/27685"}],"wp:attachment":[{"href":"https:\/\/www.suno.com.br\/noticias\/wp-json\/wp\/v2\/media?parent=27683"}],"wp:term":[{"taxonomy":"category","embeddable":true,"href":"https:\/\/www.suno.com.br\/noticias\/wp-json\/wp\/v2\/categories?post=27683"},{"taxonomy":"post_tag","embeddable":true,"href":"https:\/\/www.suno.com.br\/noticias\/wp-json\/wp\/v2\/tags?post=27683"},{"taxonomy":"suno_strategy","embeddable":true,"href":"https:\/\/www.suno.com.br\/noticias\/wp-json\/wp\/v2\/suno_strategy?post=27683"}],"curies":[{"name":"wp","href":"https:\/\/api.w.org\/{rel}","templated":true}]}}