{"id":276738,"date":"2022-07-18T18:22:30","date_gmt":"2022-07-18T21:22:30","guid":{"rendered":"https:\/\/www.suno.com.br\/noticias\/?p=276738"},"modified":"2022-07-18T18:22:30","modified_gmt":"2022-07-18T21:22:30","slug":"balanca-comercial-julho-superavit","status":"publish","type":"post","link":"https:\/\/www.suno.com.br\/noticias\/balanca-comercial-julho-superavit\/","title":{"rendered":"Balan\u00e7a comercial tem super\u00e1vit de US$ 1,3 bilh\u00e3o"},"content":{"rendered":"<p>A <strong>balan\u00e7a comercial<\/strong> brasileira registrou super\u00e1vit comercial de US$ 1,386 bilh\u00e3o na terceira semana de julho de 2022.<\/p><div class=\"videoFull videoFull--noRadius\">\n\t\t\t<div class=\"videoWrapper yt-lazyload center\"\n\t\t\t\tdata-width=\"960\"\n\t\t\t\tdata-height=\"540\"\n\t\t\t\tdata-id=\"WfReaYw5FB8\"\n\t\t\t\tdata-alt=\"Veja o Morning Call desta segunda-feira (18)\"\n\t\t\t\tdata-logo=\"3\"\n\t\t\t\tdata-imagequality=\"maxres\">\n\t\t\t<\/div>\n\t\t<\/div><span class=\"videoFull__caption videoFull__caption--show\">Veja o Morning Call desta segunda-feira (18)<p><\/p><\/span><script type=\"application\/ld+json\">{\"@context\":\"https:\/\/schema.org\",\"@type\":\"VideoObject\",\"name\":\"China estimula economia | Expectativa por juros na Europa | Boletim Focus | Balan\u00e7os nos EUA\",\"description\":\"\ud83d\udcca \ud835\udc00\ud835\udc29\ud835\udc2b\ud835\udc1e\ud835\udc27\ud835\udc1d\ud835\udc1a \ud835\udc1c\ud835\udc28\ud835\udc26\ud835\udc28 \ud835\udc1a\ud835\udc27\ud835\udc1a\ud835\udc25\ud835\udc22\ud835\udc2c\ud835\udc1a\ud835\udc2b \ud835\udc2e\ud835\udc26\ud835\udc1a \ud835\udc1a\u00e7\u00e3\ud835\udc28 [\ud835\udc04\ud835\udc01\ud835\udc0e\ud835\udc0e\ud835\udc0a \ud835\udc06\ud835\udc11\ud835\udc00\ud835\udc13\ud835\udc14\ud835\udc08\ud835\udc13\ud835\udc0e] \ud83d\udc49 https:\/\/lp.suno.com.br\/ebook-como-analisar-uma-acao\/?utm_source=youtube.noticias&utm_medium=video&utm_campaign=ebookcomoanalisarumaacao.20220307&utm_content= \ud83d\udcda [\ud835\udc04-\ud835\udc1b\ud835\udc28\ud835\udc28\ud835\udc24 \ud835\udc06\ud835\udc2b\ud835\udc1a\ud835\udc2d\ud835\udc2e\ud835\udc22\ud835\udc2d\ud835\udc28] \ud835\udc06\ud835\udc2e\ud835\udc22\ud835\udc1a \ud835\udc02\ud835\udc28\ud835\udc26\ud835\udc29\ud835\udc25\ud835\udc1e\ud835\udc2d\ud835\udc28: \ud835\udc03\ud835\udc22\ud835\udc2f\ud835\udc22\ud835\udc1d\ud835\udc1e\ud835\udc27\ud835\udc1d\ud835\udc28\ud835\udc2c: https:\/\/lp.suno.com.br\/lm\/ebook\/guia-completo-dividendos\/?utm_source=youtube.noticias&utm_medium=video&utm_campaign=ebook-guiacompleto:dividendos.20220315&utm_content= China estimula economia | Expectativa por juros na Europa | Boletim Focus | Balan\u00e7os nos EUA | MORNING CALL | 18\/07 | Segunda-feira #China #EstadosUnidos #Europa #Focus #Ibovespa #D\u00f3lar #mercados #sunonot\u00edcias #MorningCall Na manh\u00e3 desta segunda-feira (18) os\u2026\",\"duration\":\"PT18M56S\",\"embedUrl\":\"https:\/\/www.youtube.com\/embed\/WfReaYw5FB8\",\"regionsAllowed\":\"pt-BR\",\"interactionStatistic\":{\"@type\":\"InteractionCounter\",\"interactionType\":{\"@type\":\"WatchAction\"},\"userInteractionCount\":2894},\"thumbnailUrl\":\"https:\/\/i.ytimg.com\/vi\/WfReaYw5FB8\/default.jpg\",\"uploadDate\":\"2022-07-18T12:23:35Z\"}<\/script>\n\n\t<p>\n\t\t<a href=\"\" target=\"_blank\" data-element=\"shortcode-suno-banner\" title=\"Banner SUNO, clique e saiba mais\">\n\t\t\t<picture>\n\t\t\t\t<source media=\"(max-width: 500px)\" srcset=\"\">\n\t\t\t\t<img class=\"newsContent__article__imgCapa newsContent__article__imgCapa--banner\"\n\t\t\t\t\tsrc=\"\"\n\t\t\t\t\tdata-promo-id=\"240038\"\t\t\t\t\t\t\t\t\t\t\t\t\t\t\talt=\"\"\n\t\t\t\t>\n\t\t\t<\/picture>\n\t\t<\/a>\n\t<\/p>\n\n\n<p>De acordo com dados da balan\u00e7a comercial, divulgados nesta segunda-feira (18) pela Secretaria de Com\u00e9rcio Exterior (Secex) do <a class=\"suno-keyword\" href=\"https:\/\/www.suno.com.br\/artigos\/ministerio-da-economia\/\" target=\"_blank\" rel=\"noopener\" data-force=\"no\" data-priority=\"3\">Minist\u00e9rio da Economia<\/a>, o valor foi alcan\u00e7ado com exporta\u00e7\u00f5es de US$ 7,285 bilh\u00f5es e importa\u00e7\u00f5es de US$ 5,898 bilh\u00f5es.<\/p>\n<p>Nas tr\u00eas primeiras semanas do m\u00eas, o <strong>super\u00e1vit<\/strong> chega a US$ 3,791 bilh\u00f5es. No ano, o saldo \u00e9 positivo em US$ 38,098 bilh\u00f5es.<\/p>\n<p>A m\u00e9dia di\u00e1ria das exporta\u00e7\u00f5es registrou nas tr\u00eas primeiras semanas de julho aumento de 33,1%, com alta de 66% em agropecu\u00e1ria, crescimento de 38,4% em ind\u00fastria da transforma\u00e7\u00e3o e de 2,6% em produtos da ind\u00fastria extrativa.<\/p>\n<p>J\u00e1 as importa\u00e7\u00f5es subiram 45,5%, com queda de 0,3% em agropecu\u00e1ria e crescimentos de 24,8% em ind\u00fastria extrativa e de 48,6% em produtos da ind\u00fastria da transforma\u00e7\u00e3o, sempre na compara\u00e7\u00e3o pela m\u00e9dia di\u00e1ria.<\/p>\n<h2>Em junho, balan\u00e7a comercial fechou encolheu<\/h2>\n<p>O encarecimento do pre\u00e7o de v\u00e1rios itens importados, especialmente fertilizantes e petr\u00f3leo, fez o super\u00e1vit da <a class=\"suno-keyword\" href=\"https:\/\/www.suno.com.br\/artigos\/balanca-comercial\/\" target=\"_blank\" rel=\"noopener\" data-force=\"no\" data-priority=\"2\">balan\u00e7a comercial<\/a> encolher em junho.<\/p>\n\t<p>\n\t\t<a href=\"https:\/\/lp.suno.com.br\/planilha-controle-gastos\/\" target=\"_blank\" data-element=\"shortcode-suno-banner\" title=\"Banner SUNO, clique e saiba mais\">\n\t\t\t<picture>\n\t\t\t\t<source media=\"(max-width: 500px)\" srcset=\"https:\/\/files.sunoresearch.com.br\/n\/uploads\/2023\/03\/400x300-Planilha-controle-de-gastos.png\">\n\t\t\t\t<img class=\"newsContent__article__imgCapa newsContent__article__imgCapa--banner\"\n\t\t\t\t\tsrc=\"https:\/\/files.sunoresearch.com.br\/n\/uploads\/2023\/03\/1420x240-Planilha-controle-de-gastos.png\"\n\t\t\t\t\tdata-promo-id=\"101751\"\t\t\t\t\t\t\t\t\t\twidth='1420' height='240'\t\t\t\t\talt=\"https:\/\/files.sunoresearch.com.br\/n\/uploads\/2023\/03\/1420x240-Planilha-controle-de-gastos.png\"\n\t\t\t\t>\n\t\t\t<\/picture>\n\t\t<\/a>\n\t<\/p>\n\n\n<p>No m\u00eas passado, o pa\u00eds exportou US$ 8,814 bilh\u00f5es a mais do que importou, queda de 15,4% em rela\u00e7\u00e3o ao registrado em junho do ano passado. Apesar do recuo, esse dado da balan\u00e7a comercial \u00e9 o segundo melhor resultado para o m\u00eas desde o in\u00edcio da s\u00e9rie hist\u00f3rica, em 1989, s\u00f3 perdendo para junho de 2021.<img decoding=\"async\" style=\"width: 1px; height: 1px;\" src=\"https:\/\/agenciabrasil.ebc.com.br\/ebc.png?id=1468799&amp;o=rss\" \/><img decoding=\"async\" style=\"width: 1px; height: 1px;\" src=\"https:\/\/agenciabrasil.ebc.com.br\/ebc.gif?id=1468799&amp;o=rss\" \/><\/p>\n<p>No primeiro semestre, a balan\u00e7a comercial acumula <a href=\"https:\/\/www.suno.com.br\/noticias\/balanca-comercial-registra-superavit-recorde-2021\/\">super\u00e1vit <\/a>de US$ 34,246 bilh\u00f5es.<\/p>\n<p>Isso representa 8,2% a menos que o registrado de janeiro e junho do ano passado. O saldo \u00e9 o segundo melhor da hist\u00f3ria para o per\u00edodo, perdendo apenas para 2021, quando o super\u00e1vit tinha fechado o primeiro semestre em US$ 37 bilh\u00f5es nesse intervalo.<\/p>\n<p>No m\u00eas passado, <strong>o Brasil vendeu US$ 32,675 bilh\u00f5es para o exterior<\/strong> e comprou US$ 23,861 bilh\u00f5es.<\/p>\n\t<p>\n\t\t<a href=\"https:\/\/lp.suno.com.br\/planilha-da-vida-financeira\/\" target=\"_blank\" data-element=\"shortcode-suno-banner\" title=\"Banner SUNO, clique e saiba mais\">\n\t\t\t<picture>\n\t\t\t\t<source media=\"(max-width: 500px)\" srcset=\"https:\/\/files.sunoresearch.com.br\/n\/uploads\/2023\/04\/400x300-Planilha-vida-financeira-true.png\">\n\t\t\t\t<img class=\"newsContent__article__imgCapa newsContent__article__imgCapa--banner\"\n\t\t\t\t\tsrc=\"https:\/\/files.sunoresearch.com.br\/n\/uploads\/2023\/04\/1420x240-Planilha-vida-financeira-true.png\"\n\t\t\t\t\tdata-promo-id=\"106682\"\t\t\t\t\t\t\t\t\t\twidth='1420' height='240'\t\t\t\t\talt=\"https:\/\/files.sunoresearch.com.br\/n\/uploads\/2023\/04\/1420x240-Planilha-vida-financeira-true.png\"\n\t\t\t\t>\n\t\t\t<\/picture>\n\t\t<\/a>\n\t<\/p>\n\n\n<p>Tanto as importa\u00e7\u00f5es como as exporta\u00e7\u00f5es bateram recorde em junho, desde o in\u00edcio da s\u00e9rie hist\u00f3rica, em 1989. As exporta\u00e7\u00f5es subiram 15,6% em rela\u00e7\u00e3o a junho do ano passado, pelo crit\u00e9rio da m\u00e9dia di\u00e1ria. As importa\u00e7\u00f5es aumentaram 33,7% na mesma compara\u00e7\u00e3o.<\/p>\n<p>O recorde das <a href=\"https:\/\/www.suno.com.br\/noticias\/eua-g7-banir-ouro-russia\/\"><strong>importa\u00e7\u00f5es e das exporta\u00e7\u00f5es<\/strong><\/a>, no entanto, deve-se ao aumento dos pre\u00e7os internacionais das mercadorias.<\/p>\n<p>No m\u00eas passado, o <strong>volume de mercadorias<\/strong> exportadas subiu em m\u00e9dia apenas 0,1% na compara\u00e7\u00e3o com junho do ano passado, enquanto os pre\u00e7os aumentaram 14,6%, favorecido pela valoriza\u00e7\u00e3o das <em>commodities, <\/em>que s\u00e3o\u00a0bens prim\u00e1rios com cota\u00e7\u00e3o internacional.<\/p>\n<p>Nas importa\u00e7\u00f5es, a quantidade comprada caiu 1,8%, mas os pre\u00e7os m\u00e9dios subiram 34,6%. A alta dos pre\u00e7os foi puxada principalmente por adubos, fertilizantes, petr\u00f3leo, carv\u00e3o e trigo, itens que ficaram mais caros ap\u00f3s o in\u00edcio da guerra entre R\u00fassia e Ucr\u00e2nia.<\/p>\n<p class=\"newsProviderSignature\">Com Estad\u00e3o Conte\u00fado<\/p>\n\t<p>\n\t\t<a href=\"https:\/\/lp.suno.com.br\/ebook-como-analisar-uma-acao\/\" target=\"_blank\" data-element=\"shortcode-suno-banner\" title=\"Banner SUNO, clique e saiba mais\">\n\t\t\t<picture>\n\t\t\t\t<source media=\"(max-width: 500px)\" srcset=\"https:\/\/files.sunoresearch.com.br\/n\/uploads\/2023\/03\/Ebook-Acoes-Mobile-1.jpg\">\n\t\t\t\t<img class=\"newsContent__article__imgCapa newsContent__article__imgCapa--banner\"\n\t\t\t\t\tsrc=\"https:\/\/files.sunoresearch.com.br\/n\/uploads\/2023\/03\/Ebook-Acoes-Desktop-1.jpg\"\n\t\t\t\t\tdata-promo-id=\"171998\"\t\t\t\t\t\t\t\t\t\twidth='1420' height='286'\t\t\t\t\talt=\"https:\/\/files.sunoresearch.com.br\/n\/uploads\/2023\/03\/Ebook-Acoes-Desktop-1.jpg\"\n\t\t\t\t>\n\t\t\t<\/picture>\n\t\t<\/a>\n\t<\/p>\n\n\n","protected":false},"excerpt":{"rendered":"<p>A balan\u00e7a comercial brasileira registrou super\u00e1vit comercial de US$ 1,386 bilh\u00e3o na terceira semana de julho de 2022. Veja o Morning Call desta segunda-feira (18) De acordo com dados da balan\u00e7a comercial, divulgados nesta segunda-feira (18) pela Secretaria de Com\u00e9rcio Exterior (Secex) do Minist\u00e9rio da Economia, o valor foi alcan\u00e7ado com exporta\u00e7\u00f5es de US$ 7,285 [&hellip;]<\/p>\n","protected":false},"author":73,"featured_media":167072,"comment_status":"closed","ping_status":"closed","sticky":false,"template":"","format":"standard","meta":[],"categories":[62],"tags":[914],"suno_strategy":[],"class_list":["post-276738","post","type-post","status-publish","format-standard","has-post-thumbnail","hentry","category-economia","tag-balanca-comercial"],"yoast_head":"<!-- This site is optimized with the Yoast SEO plugin v24.4 - https:\/\/yoast.com\/wordpress\/plugins\/seo\/ -->\n<title>Balan\u00e7a comercial tem super\u00e1vit de US$ 1,3 bilh\u00e3o<\/title>\n<meta name=\"description\" content=\"De acordo com dados da balan\u00e7a comercial, valor foi alcan\u00e7ado com exporta\u00e7\u00f5es de US$ 7,2 bilh\u00f5es e importa\u00e7\u00f5es de US$ 5,8 bilh\u00f5es. Confira!\" \/>\n<meta name=\"robots\" content=\"index, follow, max-snippet:-1, max-image-preview:large, max-video-preview:-1\" \/>\n<link rel=\"canonical\" href=\"https:\/\/www.suno.com.br\/noticias\/balanca-comercial-julho-superavit\/\" \/>\n<meta property=\"og:locale\" content=\"pt_BR\" \/>\n<meta property=\"og:type\" content=\"article\" \/>\n<meta property=\"og:title\" content=\"Balan\u00e7a comercial tem super\u00e1vit de US$ 1,3 bilh\u00e3o\" \/>\n<meta property=\"og:description\" content=\"De acordo com dados da balan\u00e7a comercial, valor foi alcan\u00e7ado com exporta\u00e7\u00f5es de US$ 7,2 bilh\u00f5es e importa\u00e7\u00f5es de US$ 5,8 bilh\u00f5es. Confira!\" \/>\n<meta property=\"og:url\" content=\"https:\/\/www.suno.com.br\/noticias\/balanca-comercial-julho-superavit\/\" \/>\n<meta property=\"og:site_name\" content=\"Suno Not\u00edcias\" \/>\n<meta property=\"article:publisher\" content=\"https:\/\/facebook.com\/sunoresearch\" \/>\n<meta property=\"og:image\" content=\"https:\/\/files.sunoresearch.com.br\/n\/uploads\/2021\/07\/6e98a641-container-3118783_1280.jpg\" \/>\n\t<meta property=\"og:image:width\" content=\"1280\" \/>\n\t<meta property=\"og:image:height\" content=\"802\" \/>\n\t<meta property=\"og:image:type\" content=\"image\/jpeg\" \/>\n<meta name=\"author\" content=\"Eduardo Vargas\" \/>\n<meta name=\"twitter:card\" content=\"summary_large_image\" \/>\n<meta name=\"twitter:creator\" content=\"@sunoresearch\" \/>\n<meta name=\"twitter:site\" content=\"@sunoresearch\" \/>\n<meta name=\"twitter:label1\" content=\"Escrito por\" \/>\n\t<meta name=\"twitter:data1\" content=\"Eduardo Vargas\" \/>\n\t<meta name=\"twitter:label2\" content=\"Est. tempo de leitura\" \/>\n\t<meta name=\"twitter:data2\" content=\"3 minutos\" \/>\n<script type=\"application\/ld+json\" class=\"yoast-schema-graph\">{\"@context\":\"https:\/\/schema.org\",\"@graph\":[{\"@type\":\"NewsArticle\",\"@id\":\"https:\/\/www.suno.com.br\/noticias\/balanca-comercial-julho-superavit\/#article\",\"isPartOf\":{\"@id\":\"https:\/\/www.suno.com.br\/noticias\/balanca-comercial-julho-superavit\/\"},\"author\":{\"name\":\"Eduardo Vargas\",\"@id\":\"https:\/\/www.suno.com.br\/noticias\/#\/schema\/person\/7f4d362bf3518e76090143ae77bb49a5\"},\"headline\":\"Balan\u00e7a comercial tem super\u00e1vit de US$ 1,3 bilh\u00e3o\",\"datePublished\":\"2022-07-18T21:22:30+00:00\",\"mainEntityOfPage\":{\"@id\":\"https:\/\/www.suno.com.br\/noticias\/balanca-comercial-julho-superavit\/\"},\"wordCount\":521,\"publisher\":{\"@id\":\"https:\/\/www.suno.com.br\/noticias\/#organization\"},\"image\":{\"@id\":\"https:\/\/www.suno.com.br\/noticias\/balanca-comercial-julho-superavit\/#primaryimage\"},\"thumbnailUrl\":\"https:\/\/files.sunoresearch.com.br\/n\/uploads\/2021\/07\/6e98a641-container-3118783_1280.jpg\",\"keywords\":[\"balan\u00e7a comercial\"],\"articleSection\":[\"Economia\"],\"inLanguage\":\"pt-BR\"},{\"@type\":\"WebPage\",\"@id\":\"https:\/\/www.suno.com.br\/noticias\/balanca-comercial-julho-superavit\/\",\"url\":\"https:\/\/www.suno.com.br\/noticias\/balanca-comercial-julho-superavit\/\",\"name\":\"Balan\u00e7a comercial tem super\u00e1vit de US$ 1,3 bilh\u00e3o\",\"isPartOf\":{\"@id\":\"https:\/\/www.suno.com.br\/noticias\/#website\"},\"primaryImageOfPage\":{\"@id\":\"https:\/\/www.suno.com.br\/noticias\/balanca-comercial-julho-superavit\/#primaryimage\"},\"image\":{\"@id\":\"https:\/\/www.suno.com.br\/noticias\/balanca-comercial-julho-superavit\/#primaryimage\"},\"thumbnailUrl\":\"https:\/\/files.sunoresearch.com.br\/n\/uploads\/2021\/07\/6e98a641-container-3118783_1280.jpg\",\"datePublished\":\"2022-07-18T21:22:30+00:00\",\"description\":\"De acordo com dados da balan\u00e7a comercial, valor foi alcan\u00e7ado com exporta\u00e7\u00f5es de US$ 7,2 bilh\u00f5es e importa\u00e7\u00f5es de US$ 5,8 bilh\u00f5es. Confira!\",\"breadcrumb\":{\"@id\":\"https:\/\/www.suno.com.br\/noticias\/balanca-comercial-julho-superavit\/#breadcrumb\"},\"inLanguage\":\"pt-BR\",\"potentialAction\":[{\"@type\":\"ReadAction\",\"target\":[\"https:\/\/www.suno.com.br\/noticias\/balanca-comercial-julho-superavit\/\"]}]},{\"@type\":\"ImageObject\",\"inLanguage\":\"pt-BR\",\"@id\":\"https:\/\/www.suno.com.br\/noticias\/balanca-comercial-julho-superavit\/#primaryimage\",\"url\":\"https:\/\/files.sunoresearch.com.br\/n\/uploads\/2021\/07\/6e98a641-container-3118783_1280.jpg\",\"contentUrl\":\"https:\/\/files.sunoresearch.com.br\/n\/uploads\/2021\/07\/6e98a641-container-3118783_1280.jpg\",\"width\":1280,\"height\":802,\"caption\":\"Balan\u00e7a comercial - Foto: Pixabay\"},{\"@type\":\"BreadcrumbList\",\"@id\":\"https:\/\/www.suno.com.br\/noticias\/balanca-comercial-julho-superavit\/#breadcrumb\",\"itemListElement\":[{\"@type\":\"ListItem\",\"position\":1,\"name\":\"Not\u00edcias\",\"item\":\"https:\/\/www.suno.com.br\/noticias\/\"},{\"@type\":\"ListItem\",\"position\":2,\"name\":\"Economia\",\"item\":\"https:\/\/www.suno.com.br\/noticias\/economia\/\"},{\"@type\":\"ListItem\",\"position\":3,\"name\":\"Balan\u00e7a comercial tem super\u00e1vit de US$ 1,3 bilh\u00e3o\"}]},{\"@type\":\"WebSite\",\"@id\":\"https:\/\/www.suno.com.br\/noticias\/#website\",\"url\":\"https:\/\/www.suno.com.br\/noticias\/\",\"name\":\"Suno Not\u00edcias\",\"description\":\"Seu portal de informa\u00e7\u00e3o sobre o mundo dos investimentos\",\"publisher\":{\"@id\":\"https:\/\/www.suno.com.br\/noticias\/#organization\"},\"potentialAction\":[{\"@type\":\"SearchAction\",\"target\":{\"@type\":\"EntryPoint\",\"urlTemplate\":\"https:\/\/www.suno.com.br\/noticias\/?s={search_term_string}\"},\"query-input\":{\"@type\":\"PropertyValueSpecification\",\"valueRequired\":true,\"valueName\":\"search_term_string\"}}],\"inLanguage\":\"pt-BR\"},{\"@type\":\"Organization\",\"@id\":\"https:\/\/www.suno.com.br\/noticias\/#organization\",\"name\":\"Suno Not\u00edcias\",\"url\":\"https:\/\/www.suno.com.br\/noticias\/\",\"logo\":{\"@type\":\"ImageObject\",\"inLanguage\":\"pt-BR\",\"@id\":\"https:\/\/www.suno.com.br\/noticias\/#\/schema\/logo\/image\/\",\"url\":\"https:\/\/files.sunoresearch.com.br\/n\/uploads\/2021\/09\/suno-logo.png\",\"contentUrl\":\"https:\/\/files.sunoresearch.com.br\/n\/uploads\/2021\/09\/suno-logo.png\",\"width\":180,\"height\":180,\"caption\":\"Suno Not\u00edcias\"},\"image\":{\"@id\":\"https:\/\/www.suno.com.br\/noticias\/#\/schema\/logo\/image\/\"},\"sameAs\":[\"https:\/\/facebook.com\/sunoresearch\",\"https:\/\/x.com\/sunoresearch\",\"https:\/\/www.instagram.com\/suno\",\"https:\/\/www.linkedin.com\/company\/suno-research\/\",\"https:\/\/www.youtube.com\/c\/sunoresearch\"]},{\"@type\":\"Person\",\"@id\":\"https:\/\/www.suno.com.br\/noticias\/#\/schema\/person\/7f4d362bf3518e76090143ae77bb49a5\",\"name\":\"Eduardo Vargas\",\"image\":{\"@type\":\"ImageObject\",\"inLanguage\":\"pt-BR\",\"@id\":\"https:\/\/www.suno.com.br\/noticias\/#\/schema\/person\/image\/\",\"url\":\"https:\/\/secure.gravatar.com\/avatar\/dac340933427a22924c9f99d1eb2e3f2?s=96&r=g\",\"contentUrl\":\"https:\/\/secure.gravatar.com\/avatar\/dac340933427a22924c9f99d1eb2e3f2?s=96&r=g\",\"caption\":\"Eduardo Vargas\"},\"description\":\"Jornalista formado pela UFSC, cobre macroeconomia, neg\u00f3cios e startups para o Suno Not\u00edcias, escrevendo principalmente not\u00edcias sobre o mercado financeiro e a bolsa de valores. No YouTube e no Instagram, \u00e9 respons\u00e1vel pela produ\u00e7\u00e3o de Reels e Shorts do Suno Not\u00edcias. Anteriormente, trabalhou cobrindo economia e cotidiano no ND+ e para o ND, maior jornal impresso de Santa Catarina. Cursou um semestre letivo de Estudos de M\u00eddia na Universidad de Buenos Aires.\",\"url\":\"https:\/\/www.suno.com.br\/noticias\/author\/eduardo-vargas\/\"}]}<\/script>\n<!-- \/ Yoast SEO plugin. -->","yoast_head_json":{"title":"Balan\u00e7a comercial tem super\u00e1vit de US$ 1,3 bilh\u00e3o","description":"De acordo com dados da balan\u00e7a comercial, valor foi alcan\u00e7ado com exporta\u00e7\u00f5es de US$ 7,2 bilh\u00f5es e importa\u00e7\u00f5es de US$ 5,8 bilh\u00f5es. Confira!","robots":{"index":"index","follow":"follow","max-snippet":"max-snippet:-1","max-image-preview":"max-image-preview:large","max-video-preview":"max-video-preview:-1"},"canonical":"https:\/\/www.suno.com.br\/noticias\/balanca-comercial-julho-superavit\/","og_locale":"pt_BR","og_type":"article","og_title":"Balan\u00e7a comercial tem super\u00e1vit de US$ 1,3 bilh\u00e3o","og_description":"De acordo com dados da balan\u00e7a comercial, valor foi alcan\u00e7ado com exporta\u00e7\u00f5es de US$ 7,2 bilh\u00f5es e importa\u00e7\u00f5es de US$ 5,8 bilh\u00f5es. Confira!","og_url":"https:\/\/www.suno.com.br\/noticias\/balanca-comercial-julho-superavit\/","og_site_name":"Suno Not\u00edcias","article_publisher":"https:\/\/facebook.com\/sunoresearch","og_image":[{"width":1280,"height":802,"url":"https:\/\/files.sunoresearch.com.br\/n\/uploads\/2021\/07\/6e98a641-container-3118783_1280.jpg","type":"image\/jpeg"}],"author":"Eduardo Vargas","twitter_card":"summary_large_image","twitter_creator":"@sunoresearch","twitter_site":"@sunoresearch","twitter_misc":{"Escrito por":"Eduardo Vargas","Est. tempo de leitura":"3 minutos"},"schema":{"@context":"https:\/\/schema.org","@graph":[{"@type":"NewsArticle","@id":"https:\/\/www.suno.com.br\/noticias\/balanca-comercial-julho-superavit\/#article","isPartOf":{"@id":"https:\/\/www.suno.com.br\/noticias\/balanca-comercial-julho-superavit\/"},"author":{"name":"Eduardo Vargas","@id":"https:\/\/www.suno.com.br\/noticias\/#\/schema\/person\/7f4d362bf3518e76090143ae77bb49a5"},"headline":"Balan\u00e7a comercial tem super\u00e1vit de US$ 1,3 bilh\u00e3o","datePublished":"2022-07-18T21:22:30+00:00","mainEntityOfPage":{"@id":"https:\/\/www.suno.com.br\/noticias\/balanca-comercial-julho-superavit\/"},"wordCount":521,"publisher":{"@id":"https:\/\/www.suno.com.br\/noticias\/#organization"},"image":{"@id":"https:\/\/www.suno.com.br\/noticias\/balanca-comercial-julho-superavit\/#primaryimage"},"thumbnailUrl":"https:\/\/files.sunoresearch.com.br\/n\/uploads\/2021\/07\/6e98a641-container-3118783_1280.jpg","keywords":["balan\u00e7a comercial"],"articleSection":["Economia"],"inLanguage":"pt-BR"},{"@type":"WebPage","@id":"https:\/\/www.suno.com.br\/noticias\/balanca-comercial-julho-superavit\/","url":"https:\/\/www.suno.com.br\/noticias\/balanca-comercial-julho-superavit\/","name":"Balan\u00e7a comercial tem super\u00e1vit de US$ 1,3 bilh\u00e3o","isPartOf":{"@id":"https:\/\/www.suno.com.br\/noticias\/#website"},"primaryImageOfPage":{"@id":"https:\/\/www.suno.com.br\/noticias\/balanca-comercial-julho-superavit\/#primaryimage"},"image":{"@id":"https:\/\/www.suno.com.br\/noticias\/balanca-comercial-julho-superavit\/#primaryimage"},"thumbnailUrl":"https:\/\/files.sunoresearch.com.br\/n\/uploads\/2021\/07\/6e98a641-container-3118783_1280.jpg","datePublished":"2022-07-18T21:22:30+00:00","description":"De acordo com dados da balan\u00e7a comercial, valor foi alcan\u00e7ado com exporta\u00e7\u00f5es de US$ 7,2 bilh\u00f5es e importa\u00e7\u00f5es de US$ 5,8 bilh\u00f5es. Confira!","breadcrumb":{"@id":"https:\/\/www.suno.com.br\/noticias\/balanca-comercial-julho-superavit\/#breadcrumb"},"inLanguage":"pt-BR","potentialAction":[{"@type":"ReadAction","target":["https:\/\/www.suno.com.br\/noticias\/balanca-comercial-julho-superavit\/"]}]},{"@type":"ImageObject","inLanguage":"pt-BR","@id":"https:\/\/www.suno.com.br\/noticias\/balanca-comercial-julho-superavit\/#primaryimage","url":"https:\/\/files.sunoresearch.com.br\/n\/uploads\/2021\/07\/6e98a641-container-3118783_1280.jpg","contentUrl":"https:\/\/files.sunoresearch.com.br\/n\/uploads\/2021\/07\/6e98a641-container-3118783_1280.jpg","width":1280,"height":802,"caption":"Balan\u00e7a comercial - Foto: Pixabay"},{"@type":"BreadcrumbList","@id":"https:\/\/www.suno.com.br\/noticias\/balanca-comercial-julho-superavit\/#breadcrumb","itemListElement":[{"@type":"ListItem","position":1,"name":"Not\u00edcias","item":"https:\/\/www.suno.com.br\/noticias\/"},{"@type":"ListItem","position":2,"name":"Economia","item":"https:\/\/www.suno.com.br\/noticias\/economia\/"},{"@type":"ListItem","position":3,"name":"Balan\u00e7a comercial tem super\u00e1vit de US$ 1,3 bilh\u00e3o"}]},{"@type":"WebSite","@id":"https:\/\/www.suno.com.br\/noticias\/#website","url":"https:\/\/www.suno.com.br\/noticias\/","name":"Suno Not\u00edcias","description":"Seu portal de informa\u00e7\u00e3o sobre o mundo dos investimentos","publisher":{"@id":"https:\/\/www.suno.com.br\/noticias\/#organization"},"potentialAction":[{"@type":"SearchAction","target":{"@type":"EntryPoint","urlTemplate":"https:\/\/www.suno.com.br\/noticias\/?s={search_term_string}"},"query-input":{"@type":"PropertyValueSpecification","valueRequired":true,"valueName":"search_term_string"}}],"inLanguage":"pt-BR"},{"@type":"Organization","@id":"https:\/\/www.suno.com.br\/noticias\/#organization","name":"Suno Not\u00edcias","url":"https:\/\/www.suno.com.br\/noticias\/","logo":{"@type":"ImageObject","inLanguage":"pt-BR","@id":"https:\/\/www.suno.com.br\/noticias\/#\/schema\/logo\/image\/","url":"https:\/\/files.sunoresearch.com.br\/n\/uploads\/2021\/09\/suno-logo.png","contentUrl":"https:\/\/files.sunoresearch.com.br\/n\/uploads\/2021\/09\/suno-logo.png","width":180,"height":180,"caption":"Suno Not\u00edcias"},"image":{"@id":"https:\/\/www.suno.com.br\/noticias\/#\/schema\/logo\/image\/"},"sameAs":["https:\/\/facebook.com\/sunoresearch","https:\/\/x.com\/sunoresearch","https:\/\/www.instagram.com\/suno","https:\/\/www.linkedin.com\/company\/suno-research\/","https:\/\/www.youtube.com\/c\/sunoresearch"]},{"@type":"Person","@id":"https:\/\/www.suno.com.br\/noticias\/#\/schema\/person\/7f4d362bf3518e76090143ae77bb49a5","name":"Eduardo Vargas","image":{"@type":"ImageObject","inLanguage":"pt-BR","@id":"https:\/\/www.suno.com.br\/noticias\/#\/schema\/person\/image\/","url":"https:\/\/secure.gravatar.com\/avatar\/dac340933427a22924c9f99d1eb2e3f2?s=96&r=g","contentUrl":"https:\/\/secure.gravatar.com\/avatar\/dac340933427a22924c9f99d1eb2e3f2?s=96&r=g","caption":"Eduardo Vargas"},"description":"Jornalista formado pela UFSC, cobre macroeconomia, neg\u00f3cios e startups para o Suno Not\u00edcias, escrevendo principalmente not\u00edcias sobre o mercado financeiro e a bolsa de valores. No YouTube e no Instagram, \u00e9 respons\u00e1vel pela produ\u00e7\u00e3o de Reels e Shorts do Suno Not\u00edcias. Anteriormente, trabalhou cobrindo economia e cotidiano no ND+ e para o ND, maior jornal impresso de Santa Catarina. Cursou um semestre letivo de Estudos de M\u00eddia na Universidad de Buenos Aires.","url":"https:\/\/www.suno.com.br\/noticias\/author\/eduardo-vargas\/"}]}},"default_loop_html":"<div class=\"cardsPage__listCard__boxs\"><div class=\"cardsPage__listCard__boxs__img\"><a href=\"https:\/\/www.suno.com.br\/noticias\/balanca-comercial-julho-superavit\/\"><img class=\"mask\" src=\"https:\/\/www.suno.com.br\/noticias\/wp-content\/themes\/suno\/resources\/images\/spotlight\/spotlight1img\/bg-mask.png\" alt=\"Image Mask\"\/><img src=\"https:\/\/files.sunoresearch.com.br\/n\/uploads\/2021\/07\/6e98a641-container-3118783_1280-400x200.jpg\" alt=\"Balan\u00e7a comercial tem super\u00e1vit de US$ 1,3 bilh\u00e3o\"\/><\/a><span class=\"spotlightCategory\"><a href=\"https:\/\/www.suno.com.br\/noticias\/economia\/\">Economia<\/a><\/span><\/div><div class=\"cardsPage__listCard__boxs__content\"><a href=\"https:\/\/www.suno.com.br\/noticias\/balanca-comercial-julho-superavit\/\"><h2 class=\"content__title\">Balan\u00e7a comercial tem super\u00e1vit de US$ 1,3 bilh\u00e3o<\/h2><\/a><div class=\"newsContent__article__meta\"><div class=\"newsContent__article__meta__authorBox\"><a href=\"https:\/\/www.suno.com.br\/noticias\/author\/eduardo-vargas\/\" class=\"authorBox__avatar noMobi\"><img src=\"https:\/\/secure.gravatar.com\/avatar\/dac340933427a22924c9f99d1eb2e3f2?s=96&#038;r=g\" alt=\"Eduardo Vargas\"><\/a><div class=\"authorBox__name\"><span>por\n\t\t\t<a href=\"https:\/\/www.suno.com.br\/noticias\/author\/eduardo-vargas\/\"><span itemprop=\"author\">Eduardo Vargas<\/span><\/a><\/span><time datetime=\"2022-07-18T18:22:30-03:00\" itemprop=\"datePublished\">18\/07\/2022 18:22<\/time><\/div><\/div><\/div><\/div><\/div>","single_layout":"posts","amp_enabled":true,"_links":{"self":[{"href":"https:\/\/www.suno.com.br\/noticias\/wp-json\/wp\/v2\/posts\/276738"}],"collection":[{"href":"https:\/\/www.suno.com.br\/noticias\/wp-json\/wp\/v2\/posts"}],"about":[{"href":"https:\/\/www.suno.com.br\/noticias\/wp-json\/wp\/v2\/types\/post"}],"author":[{"embeddable":true,"href":"https:\/\/www.suno.com.br\/noticias\/wp-json\/wp\/v2\/users\/73"}],"replies":[{"embeddable":true,"href":"https:\/\/www.suno.com.br\/noticias\/wp-json\/wp\/v2\/comments?post=276738"}],"version-history":[{"count":2,"href":"https:\/\/www.suno.com.br\/noticias\/wp-json\/wp\/v2\/posts\/276738\/revisions"}],"predecessor-version":[{"id":276798,"href":"https:\/\/www.suno.com.br\/noticias\/wp-json\/wp\/v2\/posts\/276738\/revisions\/276798"}],"wp:featuredmedia":[{"embeddable":true,"href":"https:\/\/www.suno.com.br\/noticias\/wp-json\/wp\/v2\/media\/167072"}],"wp:attachment":[{"href":"https:\/\/www.suno.com.br\/noticias\/wp-json\/wp\/v2\/media?parent=276738"}],"wp:term":[{"taxonomy":"category","embeddable":true,"href":"https:\/\/www.suno.com.br\/noticias\/wp-json\/wp\/v2\/categories?post=276738"},{"taxonomy":"post_tag","embeddable":true,"href":"https:\/\/www.suno.com.br\/noticias\/wp-json\/wp\/v2\/tags?post=276738"},{"taxonomy":"suno_strategy","embeddable":true,"href":"https:\/\/www.suno.com.br\/noticias\/wp-json\/wp\/v2\/suno_strategy?post=276738"}],"curies":[{"name":"wp","href":"https:\/\/api.w.org\/{rel}","templated":true}]}}