{"id":276705,"date":"2022-07-18T17:26:23","date_gmt":"2022-07-18T20:26:23","guid":{"rendered":"https:\/\/www.suno.com.br\/noticias\/?p=276705"},"modified":"2022-07-18T17:27:07","modified_gmt":"2022-07-18T20:27:07","slug":"venda-braskem-brkm5-novonor-socios","status":"publish","type":"post","link":"https:\/\/www.suno.com.br\/noticias\/venda-braskem-brkm5-novonor-socios\/","title":{"rendered":"Venda da Braskem (BRKM5) trava em meio \u00e0 queda de 40% e &#8216;pouca movimenta\u00e7\u00e3o dos s\u00f3cios&#8217;"},"content":{"rendered":"<p>O processo de venda da <strong>Braskem<\/strong> (<a href=\"https:\/\/www.suno.com.br\/acoes\/brkm5\/\">BRKM5<\/a>) travou, novamente, em meio a uma baixa de 40% nos pap\u00e9is no acumulado de 2022.<\/p><div class=\"videoFull \">\n\t\t\t<div class=\"videoWrapper yt-lazyload center\"\n\t\t\t\tdata-width=\"960\"\n\t\t\t\tdata-height=\"540\"\n\t\t\t\tdata-id=\"0SyXFw_PEGU\"\n\t\t\t\tdata-alt=\"V\u00eddeo do YouTube - clique para reproduzir\"\n\t\t\t\tdata-logo=\"3\"\n\t\t\t\tdata-imagequality=\"maxres\">\n\t\t\t<\/div>\n\t\t<\/div><script type=\"application\/ld+json\">{\"@context\":\"https:\/\/schema.org\",\"@type\":\"VideoObject\",\"name\":\"Braskem pode sair da bolsa? #Shorts\",\"description\":\"#BRASKEM #BRKM5 #Shorts - Braskem pode sair da bolsa? \ud83d\udc47 \ud835\udc12\ud835\udc22\ud835\udc20\ud835\udc1a \ud835\udc27\ud835\udc28\ud835\udc2c\ud835\udc2c\ud835\udc1a\ud835\udc2c \ud835\udc2b\ud835\udc1e\ud835\udc1d\ud835\udc1e\ud835\udc2c \ud835\udc2c\ud835\udc28\ud835\udc1c\ud835\udc22\ud835\udc1a\ud835\udc22\ud835\udc2c: Portal Suno Not\u00edcias: https:\/\/www.suno.com.br\/noticias\/ Twitter: https:\/\/twitter.com\/sunonoticias Instagram: https:\/\/www.instagram.com\/sunonoticias\/ Telegram: https:\/\/t.me\/sunonoticias\",\"duration\":\"PT34S\",\"embedUrl\":\"https:\/\/www.youtube.com\/embed\/0SyXFw_PEGU\",\"regionsAllowed\":\"pt-BR\",\"interactionStatistic\":{\"@type\":\"InteractionCounter\",\"interactionType\":{\"@type\":\"WatchAction\"},\"userInteractionCount\":6566},\"thumbnailUrl\":\"https:\/\/i.ytimg.com\/vi\/0SyXFw_PEGU\/default.jpg\",\"uploadDate\":\"2022-05-09T21:00:01Z\"}<\/script>\n\n\t<p>\n\t\t<a href=\"\" target=\"_blank\" data-element=\"shortcode-suno-banner\" title=\"Banner SUNO, clique e saiba mais\">\n\t\t\t<picture>\n\t\t\t\t<source media=\"(max-width: 500px)\" srcset=\"\">\n\t\t\t\t<img class=\"newsContent__article__imgCapa newsContent__article__imgCapa--banner\"\n\t\t\t\t\tsrc=\"\"\n\t\t\t\t\tdata-promo-id=\"138420\"\t\t\t\t\t\t\t\t\t\t\t\t\t\t\talt=\"\"\n\t\t\t\t>\n\t\t\t<\/picture>\n\t\t<\/a>\n\t<\/p>\n\n\n<p>Segundo informa\u00e7\u00f5es do jornal Valor Econ\u00f4mico, os s\u00f3cios da companhia &#8211; <a class=\"suno-keyword\" href=\"https:\/\/www.suno.com.br\/acoes\/PETR4\/\" target=\"_blank\" rel=\"noopener\" data-force=\"yes\" data-priority=\"2\">Petrobras (PETR4)<\/a> e Novonor (antiga Oderbrecht) &#8211; t\u00eam feito poucos movimentos para realizar a <strong>venda da Braskem<\/strong>.<\/p>\n<p>Em suma, isso se d\u00e1 por causa do cen\u00e1rio negativo para o mercado de a\u00e7\u00f5es &#8211; nenhuma companhia fez estreia na bolsa em 2022.<\/p>\n<p>Al\u00e9m disso, as <strong>trocas de comando na Petrobras<\/strong> tamb\u00e9m s\u00e3o citadas por fontes an\u00f4nimas ouvidas pelo jornal como um fatores para que a venda esteja empacada.<\/p>\n<p>J\u00e1 na Novonor, que \u00e9 assessorada pelo Morgan Stanley, n\u00e3o houve defini\u00e7\u00e3o de um novo cronograma ap\u00f3s a suspens\u00e3o da <a class=\"suno-keyword\" href=\"https:\/\/www.suno.com.br\/artigos\/oferta-de-acoes\/\" target=\"_blank\" rel=\"noopener\" data-force=\"no\" data-priority=\"1\">oferta de a\u00e7\u00f5es<\/a> preferenciais em meados de janeiro.<\/p>\n<p>O pre\u00e7o de R$ 33 por a\u00e7\u00e3o <a href=\"https:\/\/statusinvest.com.br\/acoes\/brkm5\"><strong>BRKM5<\/strong> <\/a>tamb\u00e9m \u00e9 um dos pontos para que a venda n\u00e3o tenha avan\u00e7ado &#8211; o patamar n\u00e3o geraria quantias relevantes para a quita\u00e7\u00e3o de d\u00edvidas e n\u00e3o \u00e9 atrativo para os s\u00f3cios atuais.<\/p>\n\t<p>\n\t\t<a href=\"https:\/\/lp.suno.com.br\/planilha-controle-gastos\/\" target=\"_blank\" data-element=\"shortcode-suno-banner\" title=\"Banner SUNO, clique e saiba mais\">\n\t\t\t<picture>\n\t\t\t\t<source media=\"(max-width: 500px)\" srcset=\"https:\/\/files.sunoresearch.com.br\/n\/uploads\/2023\/03\/400x300-Planilha-controle-de-gastos.png\">\n\t\t\t\t<img class=\"newsContent__article__imgCapa newsContent__article__imgCapa--banner\"\n\t\t\t\t\tsrc=\"https:\/\/files.sunoresearch.com.br\/n\/uploads\/2023\/03\/1420x240-Planilha-controle-de-gastos.png\"\n\t\t\t\t\tdata-promo-id=\"101751\"\t\t\t\t\t\t\t\t\t\twidth='1420' height='240'\t\t\t\t\talt=\"https:\/\/files.sunoresearch.com.br\/n\/uploads\/2023\/03\/1420x240-Planilha-controle-de-gastos.png\"\n\t\t\t\t>\n\t\t\t<\/picture>\n\t\t<\/a>\n\t<\/p>\n\n\n<p>Vale lembrar que a soma da d\u00edvida dos bancos que t\u00eam a\u00e7\u00f5es em garantia \u00e9 de cerca de R$ 15 bilh\u00f5es, e boa parte dos <strong><a class=\"suno-keyword\" href=\"https:\/\/www.suno.com.br\/guias\/dividendos\/\" target=\"_blank\" rel=\"noopener\" data-force=\"no\" data-priority=\"1\">dividendos<\/a> da Braskem<\/strong> \u00e9 usada para reduzir esse montante.<\/p>\n<p>Para efeito de compara\u00e7\u00e3o, a cifra \u00e9 mais do que a metade do <a class=\"suno-keyword\" href=\"https:\/\/www.suno.com.br\/artigos\/valor-de-mercado\/\" target=\"_blank\" rel=\"noopener\" data-force=\"no\" data-priority=\"1\">valor de mercado<\/a> da Braskem &#8211; cerca de R$ 27 bilh\u00f5es.<\/p>\n<h3>Entre os players que mostraram interesse na Braskem, est\u00e3o:<\/h3>\n<ul>\n<li>O fundo americano Apollo<\/li>\n<li><a class=\"suno-keyword\" href=\"https:\/\/www.suno.com.br\/acoes\/UNIP6\/\" target=\"_blank\" rel=\"noopener\" data-force=\"yes\" data-priority=\"2\">Unipar (UNIP6)<\/a><\/li>\n<li><a href=\"https:\/\/www.suno.com.br\/acoes\/ugpa3\/\">Ultra (UGPA3)<\/a><\/li>\n<li>J&amp;F Investimentos, holding da fam\u00edlia Batista, dona da JBS (JBSS3)<\/li>\n<li><a href=\"https:\/\/www.suno.com.br\/acoes\/BPAC11\/\">BTG Pactual (BPAC11)<\/a><\/li>\n<\/ul>\n\t<p>\n\t\t<a href=\"https:\/\/lp.suno.com.br\/planilha-da-vida-financeira\/\" target=\"_blank\" data-element=\"shortcode-suno-banner\" title=\"Banner SUNO, clique e saiba mais\">\n\t\t\t<picture>\n\t\t\t\t<source media=\"(max-width: 500px)\" srcset=\"https:\/\/files.sunoresearch.com.br\/n\/uploads\/2023\/04\/400x300-Planilha-vida-financeira-true.png\">\n\t\t\t\t<img class=\"newsContent__article__imgCapa newsContent__article__imgCapa--banner\"\n\t\t\t\t\tsrc=\"https:\/\/files.sunoresearch.com.br\/n\/uploads\/2023\/04\/1420x240-Planilha-vida-financeira-true.png\"\n\t\t\t\t\tdata-promo-id=\"106682\"\t\t\t\t\t\t\t\t\t\twidth='1420' height='240'\t\t\t\t\talt=\"https:\/\/files.sunoresearch.com.br\/n\/uploads\/2023\/04\/1420x240-Planilha-vida-financeira-true.png\"\n\t\t\t\t>\n\t\t\t<\/picture>\n\t\t<\/a>\n\t<\/p>\n\n\n<p>Em comunicados anteriores, a companhia destacava a possibilidade de venda, no curto prazo, da venda da fatia da Novonor.<\/p>\n<p>A Novonor det\u00e9m cerca de 38,3% do <strong>capital da Braskem<\/strong>, ante 36% da Petrobras &#8211; das duas, somente a primeira exerce a controladoria da empresa.<\/p>\n<p>Al\u00e9m do rev\u00e9s do cen\u00e1rio de bolsa, com infla\u00e7\u00e3o alta, recess\u00e3o \u00e0 vista nos EUA e alta da Selic, analistas preveem uma retra\u00e7\u00e3o nos spreads petroqu\u00edmicos da companhia. Da mesma forma, esse cen\u00e1rio penaliza a cota\u00e7\u00e3o das a\u00e7\u00f5es da Braskem.<\/p>\n<p>\u201cOs <a href=\"https:\/\/www.suno.com.br\/artigos\/spread\/\">spreads petroqu\u00edmicos<\/a> estiveram sob press\u00e3o nos \u00faltimos meses e devem permanecer mais fracos do que o esperado anteriormente em 2022-2024\u201d, diz o Bank of America.<\/p>\n\t<p>\n\t\t<a href=\"https:\/\/lp.suno.com.br\/ebook-como-analisar-uma-acao\/\" target=\"_blank\" data-element=\"shortcode-suno-banner\" title=\"Banner SUNO, clique e saiba mais\">\n\t\t\t<picture>\n\t\t\t\t<source media=\"(max-width: 500px)\" srcset=\"https:\/\/files.sunoresearch.com.br\/n\/uploads\/2023\/03\/Ebook-Acoes-Mobile-1.jpg\">\n\t\t\t\t<img class=\"newsContent__article__imgCapa newsContent__article__imgCapa--banner\"\n\t\t\t\t\tsrc=\"https:\/\/files.sunoresearch.com.br\/n\/uploads\/2023\/03\/Ebook-Acoes-Desktop-1.jpg\"\n\t\t\t\t\tdata-promo-id=\"171998\"\t\t\t\t\t\t\t\t\t\twidth='1420' height='286'\t\t\t\t\talt=\"https:\/\/files.sunoresearch.com.br\/n\/uploads\/2023\/03\/Ebook-Acoes-Desktop-1.jpg\"\n\t\t\t\t>\n\t\t\t<\/picture>\n\t\t<\/a>\n\t<\/p>\n\n\n<p>A previs\u00e3o \u00e9 de que a Braskem tenha um lucro de R$ 7,7 bilh\u00f5es no acumulado de 2022, ante R$ 11,6 bilh\u00f5es vistos em 2021.<\/p>\n<p>Em 2023, o cen\u00e1rio deve ser ainda pior, com estimados R$ 3,2 bilh\u00f5es de <a class=\"suno-keyword\" href=\"https:\/\/www.suno.com.br\/artigos\/lucro-liquido\/\" target=\"_blank\" rel=\"noopener\" data-force=\"no\" data-priority=\"1\">lucro l\u00edquido<\/a>.\u00a0Em 2024, a proje\u00e7\u00e3o \u00e9 de R$ 1,9 bilh\u00e3o de lucro, totalizando queda de 75% ante 2022 e de 83% ante 2021.<\/p>\n<p>Segundo os analistas Frank McGann e Leonardo Marcondes, ouvidos pelo Valor, em 2022 os spreads de polietileno (PE) no Brasil devem atingir na m\u00e9dia aproximadamente US$ 500 por tonelada. Esse pre\u00e7o significa uma baixa de 53% no comparativo anual.<\/p>\n<p>Ou seja, os spreads menores devem ser o principal trigger para uma folga menor nas altas das a\u00e7\u00f5es da <strong>Braskem<\/strong>. O BofA cita ainda os pre\u00e7os do petr\u00f3leo e do g\u00e1s natural, que elevam os custos das mat\u00e9rias-primas da companhia \u2013 nafta e etano.<\/p>\n\t<p>\n\t\t<a href=\"https:\/\/lp.suno.com.br\/planilha-de-controle-de-investimentos\/\" target=\"_blank\" data-element=\"shortcode-suno-banner\" title=\"Banner SUNO, clique e saiba mais\">\n\t\t\t<picture>\n\t\t\t\t<source media=\"(max-width: 500px)\" srcset=\"https:\/\/files.sunoresearch.com.br\/n\/uploads\/2023\/03\/400x300-Controle-de-Investimentos.png\">\n\t\t\t\t<img class=\"newsContent__article__imgCapa newsContent__article__imgCapa--banner\"\n\t\t\t\t\tsrc=\"https:\/\/files.sunoresearch.com.br\/n\/uploads\/2023\/03\/1420x240-Controle-de-Investimentos.png\"\n\t\t\t\t\tdata-promo-id=\"75934\"\t\t\t\t\t\t\t\t\t\twidth='1420' height='240'\t\t\t\t\talt=\"https:\/\/files.sunoresearch.com.br\/n\/uploads\/2023\/03\/1420x240-Controle-de-Investimentos.png\"\n\t\t\t\t>\n\t\t\t<\/picture>\n\t\t<\/a>\n\t<\/p>\n\n\n","protected":false},"excerpt":{"rendered":"<p>O processo de venda da Braskem (BRKM5) travou, novamente, em meio a uma baixa de 40% nos pap\u00e9is no acumulado de 2022. Segundo informa\u00e7\u00f5es do jornal Valor Econ\u00f4mico, os s\u00f3cios da companhia &#8211; Petrobras (PETR4) e Novonor (antiga Oderbrecht) &#8211; t\u00eam feito poucos movimentos para realizar a venda da Braskem. Em suma, isso se d\u00e1 [&hellip;]<\/p>\n","protected":false},"author":73,"featured_media":118850,"comment_status":"closed","ping_status":"closed","sticky":false,"template":"","format":"standard","meta":[],"categories":[64],"tags":[395,105816],"suno_strategy":[],"class_list":["post-276705","post","type-post","status-publish","format-standard","has-post-thumbnail","hentry","category-negocios","tag-braskem-brkm3-brkm5-brkm6","tag-especialistas"],"yoast_head":"<!-- This site is optimized with the Yoast SEO plugin v24.4 - https:\/\/yoast.com\/wordpress\/plugins\/seo\/ -->\n<title>Venda da Braskem (BRKM5) trava em meio \u00e0 queda de 40%; entenda<\/title>\n<meta name=\"description\" content=\"O pre\u00e7o de R$ 33 por a\u00e7\u00e3o da Braskem e a d\u00edvida bilion\u00e1ria s\u00e3o pontos citados para que a venda n\u00e3o seja realizada. Clique aqui e saiba mais!\" \/>\n<meta name=\"robots\" content=\"index, follow, max-snippet:-1, max-image-preview:large, max-video-preview:-1\" \/>\n<link rel=\"canonical\" href=\"https:\/\/www.suno.com.br\/noticias\/venda-braskem-brkm5-novonor-socios\/\" \/>\n<meta property=\"og:locale\" content=\"pt_BR\" \/>\n<meta property=\"og:type\" content=\"article\" \/>\n<meta property=\"og:title\" content=\"Venda da Braskem (BRKM5) trava em meio \u00e0 queda de 40%; entenda\" \/>\n<meta property=\"og:description\" content=\"O pre\u00e7o de R$ 33 por a\u00e7\u00e3o da Braskem e a d\u00edvida bilion\u00e1ria s\u00e3o pontos citados para que a venda n\u00e3o seja realizada. Clique aqui e saiba mais!\" \/>\n<meta property=\"og:url\" content=\"https:\/\/www.suno.com.br\/noticias\/venda-braskem-brkm5-novonor-socios\/\" \/>\n<meta property=\"og:site_name\" content=\"Suno Not\u00edcias\" \/>\n<meta property=\"article:publisher\" content=\"https:\/\/facebook.com\/sunoresearch\" \/>\n<meta property=\"og:image\" content=\"https:\/\/files.sunoresearch.com.br\/n\/uploads\/2021\/02\/5c2d0d62-braskem.jpg\" \/>\n\t<meta property=\"og:image:width\" content=\"1500\" \/>\n\t<meta property=\"og:image:height\" content=\"1000\" \/>\n\t<meta property=\"og:image:type\" content=\"image\/jpeg\" \/>\n<meta name=\"author\" content=\"Eduardo Vargas\" \/>\n<meta name=\"twitter:card\" content=\"summary_large_image\" \/>\n<meta name=\"twitter:creator\" content=\"@sunoresearch\" \/>\n<meta name=\"twitter:site\" content=\"@sunoresearch\" \/>\n<meta name=\"twitter:label1\" content=\"Escrito por\" \/>\n\t<meta name=\"twitter:data1\" content=\"Eduardo Vargas\" \/>\n\t<meta name=\"twitter:label2\" content=\"Est. tempo de leitura\" \/>\n\t<meta name=\"twitter:data2\" content=\"3 minutos\" \/>\n<script type=\"application\/ld+json\" class=\"yoast-schema-graph\">{\"@context\":\"https:\/\/schema.org\",\"@graph\":[{\"@type\":\"NewsArticle\",\"@id\":\"https:\/\/www.suno.com.br\/noticias\/venda-braskem-brkm5-novonor-socios\/#article\",\"isPartOf\":{\"@id\":\"https:\/\/www.suno.com.br\/noticias\/venda-braskem-brkm5-novonor-socios\/\"},\"author\":{\"name\":\"Eduardo Vargas\",\"@id\":\"https:\/\/www.suno.com.br\/noticias\/#\/schema\/person\/7f4d362bf3518e76090143ae77bb49a5\"},\"headline\":\"Venda da Braskem (BRKM5) trava em meio \u00e0 queda de 40% e &#8216;pouca movimenta\u00e7\u00e3o dos s\u00f3cios&#8217;\",\"datePublished\":\"2022-07-18T20:26:23+00:00\",\"dateModified\":\"2022-07-18T20:27:07+00:00\",\"mainEntityOfPage\":{\"@id\":\"https:\/\/www.suno.com.br\/noticias\/venda-braskem-brkm5-novonor-socios\/\"},\"wordCount\":574,\"publisher\":{\"@id\":\"https:\/\/www.suno.com.br\/noticias\/#organization\"},\"image\":{\"@id\":\"https:\/\/www.suno.com.br\/noticias\/venda-braskem-brkm5-novonor-socios\/#primaryimage\"},\"thumbnailUrl\":\"https:\/\/files.sunoresearch.com.br\/n\/uploads\/2021\/02\/5c2d0d62-braskem-jpg.webp\",\"keywords\":[\"Braskem (BRKM3\/BRKM5\/BRKM6)\",\"Especialistas\"],\"articleSection\":[\"Neg\u00f3cios\"],\"inLanguage\":\"pt-BR\"},{\"@type\":\"WebPage\",\"@id\":\"https:\/\/www.suno.com.br\/noticias\/venda-braskem-brkm5-novonor-socios\/\",\"url\":\"https:\/\/www.suno.com.br\/noticias\/venda-braskem-brkm5-novonor-socios\/\",\"name\":\"Venda da Braskem (BRKM5) trava em meio \u00e0 queda de 40%; entenda\",\"isPartOf\":{\"@id\":\"https:\/\/www.suno.com.br\/noticias\/#website\"},\"primaryImageOfPage\":{\"@id\":\"https:\/\/www.suno.com.br\/noticias\/venda-braskem-brkm5-novonor-socios\/#primaryimage\"},\"image\":{\"@id\":\"https:\/\/www.suno.com.br\/noticias\/venda-braskem-brkm5-novonor-socios\/#primaryimage\"},\"thumbnailUrl\":\"https:\/\/files.sunoresearch.com.br\/n\/uploads\/2021\/02\/5c2d0d62-braskem-jpg.webp\",\"datePublished\":\"2022-07-18T20:26:23+00:00\",\"dateModified\":\"2022-07-18T20:27:07+00:00\",\"description\":\"O pre\u00e7o de R$ 33 por a\u00e7\u00e3o da Braskem e a d\u00edvida bilion\u00e1ria s\u00e3o pontos citados para que a venda n\u00e3o seja realizada. Clique aqui e saiba mais!\",\"breadcrumb\":{\"@id\":\"https:\/\/www.suno.com.br\/noticias\/venda-braskem-brkm5-novonor-socios\/#breadcrumb\"},\"inLanguage\":\"pt-BR\",\"potentialAction\":[{\"@type\":\"ReadAction\",\"target\":[\"https:\/\/www.suno.com.br\/noticias\/venda-braskem-brkm5-novonor-socios\/\"]}]},{\"@type\":\"ImageObject\",\"inLanguage\":\"pt-BR\",\"@id\":\"https:\/\/www.suno.com.br\/noticias\/venda-braskem-brkm5-novonor-socios\/#primaryimage\",\"url\":\"https:\/\/files.sunoresearch.com.br\/n\/uploads\/2021\/02\/5c2d0d62-braskem-jpg.webp\",\"contentUrl\":\"https:\/\/files.sunoresearch.com.br\/n\/uploads\/2021\/02\/5c2d0d62-braskem-jpg.webp\",\"width\":1500,\"height\":1000,\"caption\":\"A Braskem (BRKM5) informou, na manh\u00e3 desta quinta-feira (4), que retomou a produ\u00e7\u00e3o de cloro-soda em Macei\u00f3.\"},{\"@type\":\"BreadcrumbList\",\"@id\":\"https:\/\/www.suno.com.br\/noticias\/venda-braskem-brkm5-novonor-socios\/#breadcrumb\",\"itemListElement\":[{\"@type\":\"ListItem\",\"position\":1,\"name\":\"Not\u00edcias\",\"item\":\"https:\/\/www.suno.com.br\/noticias\/\"},{\"@type\":\"ListItem\",\"position\":2,\"name\":\"Neg\u00f3cios\",\"item\":\"https:\/\/www.suno.com.br\/noticias\/negocios\/\"},{\"@type\":\"ListItem\",\"position\":3,\"name\":\"Venda da Braskem (BRKM5) trava em meio \u00e0 queda de 40% e &#8216;pouca movimenta\u00e7\u00e3o dos s\u00f3cios&#8217;\"}]},{\"@type\":\"WebSite\",\"@id\":\"https:\/\/www.suno.com.br\/noticias\/#website\",\"url\":\"https:\/\/www.suno.com.br\/noticias\/\",\"name\":\"Suno Not\u00edcias\",\"description\":\"Seu portal de informa\u00e7\u00e3o sobre o mundo dos investimentos\",\"publisher\":{\"@id\":\"https:\/\/www.suno.com.br\/noticias\/#organization\"},\"potentialAction\":[{\"@type\":\"SearchAction\",\"target\":{\"@type\":\"EntryPoint\",\"urlTemplate\":\"https:\/\/www.suno.com.br\/noticias\/?s={search_term_string}\"},\"query-input\":{\"@type\":\"PropertyValueSpecification\",\"valueRequired\":true,\"valueName\":\"search_term_string\"}}],\"inLanguage\":\"pt-BR\"},{\"@type\":\"Organization\",\"@id\":\"https:\/\/www.suno.com.br\/noticias\/#organization\",\"name\":\"Suno Not\u00edcias\",\"url\":\"https:\/\/www.suno.com.br\/noticias\/\",\"logo\":{\"@type\":\"ImageObject\",\"inLanguage\":\"pt-BR\",\"@id\":\"https:\/\/www.suno.com.br\/noticias\/#\/schema\/logo\/image\/\",\"url\":\"https:\/\/files.sunoresearch.com.br\/n\/uploads\/2021\/09\/suno-logo.png\",\"contentUrl\":\"https:\/\/files.sunoresearch.com.br\/n\/uploads\/2021\/09\/suno-logo.png\",\"width\":180,\"height\":180,\"caption\":\"Suno Not\u00edcias\"},\"image\":{\"@id\":\"https:\/\/www.suno.com.br\/noticias\/#\/schema\/logo\/image\/\"},\"sameAs\":[\"https:\/\/facebook.com\/sunoresearch\",\"https:\/\/x.com\/sunoresearch\",\"https:\/\/www.instagram.com\/suno\",\"https:\/\/www.linkedin.com\/company\/suno-research\/\",\"https:\/\/www.youtube.com\/c\/sunoresearch\"]},{\"@type\":\"Person\",\"@id\":\"https:\/\/www.suno.com.br\/noticias\/#\/schema\/person\/7f4d362bf3518e76090143ae77bb49a5\",\"name\":\"Eduardo Vargas\",\"image\":{\"@type\":\"ImageObject\",\"inLanguage\":\"pt-BR\",\"@id\":\"https:\/\/www.suno.com.br\/noticias\/#\/schema\/person\/image\/\",\"url\":\"https:\/\/secure.gravatar.com\/avatar\/dac340933427a22924c9f99d1eb2e3f2?s=96&r=g\",\"contentUrl\":\"https:\/\/secure.gravatar.com\/avatar\/dac340933427a22924c9f99d1eb2e3f2?s=96&r=g\",\"caption\":\"Eduardo Vargas\"},\"description\":\"Jornalista formado pela UFSC, cobre macroeconomia, neg\u00f3cios e startups para o Suno Not\u00edcias, escrevendo principalmente not\u00edcias sobre o mercado financeiro e a bolsa de valores. No YouTube e no Instagram, \u00e9 respons\u00e1vel pela produ\u00e7\u00e3o de Reels e Shorts do Suno Not\u00edcias. Anteriormente, trabalhou cobrindo economia e cotidiano no ND+ e para o ND, maior jornal impresso de Santa Catarina. Cursou um semestre letivo de Estudos de M\u00eddia na Universidad de Buenos Aires.\",\"url\":\"https:\/\/www.suno.com.br\/noticias\/author\/eduardo-vargas\/\"}]}<\/script>\n<!-- \/ Yoast SEO plugin. -->","yoast_head_json":{"title":"Venda da Braskem (BRKM5) trava em meio \u00e0 queda de 40%; entenda","description":"O pre\u00e7o de R$ 33 por a\u00e7\u00e3o da Braskem e a d\u00edvida bilion\u00e1ria s\u00e3o pontos citados para que a venda n\u00e3o seja realizada. Clique aqui e saiba mais!","robots":{"index":"index","follow":"follow","max-snippet":"max-snippet:-1","max-image-preview":"max-image-preview:large","max-video-preview":"max-video-preview:-1"},"canonical":"https:\/\/www.suno.com.br\/noticias\/venda-braskem-brkm5-novonor-socios\/","og_locale":"pt_BR","og_type":"article","og_title":"Venda da Braskem (BRKM5) trava em meio \u00e0 queda de 40%; entenda","og_description":"O pre\u00e7o de R$ 33 por a\u00e7\u00e3o da Braskem e a d\u00edvida bilion\u00e1ria s\u00e3o pontos citados para que a venda n\u00e3o seja realizada. Clique aqui e saiba mais!","og_url":"https:\/\/www.suno.com.br\/noticias\/venda-braskem-brkm5-novonor-socios\/","og_site_name":"Suno Not\u00edcias","article_publisher":"https:\/\/facebook.com\/sunoresearch","og_image":[{"width":1500,"height":1000,"url":"https:\/\/files.sunoresearch.com.br\/n\/uploads\/2021\/02\/5c2d0d62-braskem.jpg","type":"image\/jpeg"}],"author":"Eduardo Vargas","twitter_card":"summary_large_image","twitter_creator":"@sunoresearch","twitter_site":"@sunoresearch","twitter_misc":{"Escrito por":"Eduardo Vargas","Est. tempo de leitura":"3 minutos"},"schema":{"@context":"https:\/\/schema.org","@graph":[{"@type":"NewsArticle","@id":"https:\/\/www.suno.com.br\/noticias\/venda-braskem-brkm5-novonor-socios\/#article","isPartOf":{"@id":"https:\/\/www.suno.com.br\/noticias\/venda-braskem-brkm5-novonor-socios\/"},"author":{"name":"Eduardo Vargas","@id":"https:\/\/www.suno.com.br\/noticias\/#\/schema\/person\/7f4d362bf3518e76090143ae77bb49a5"},"headline":"Venda da Braskem (BRKM5) trava em meio \u00e0 queda de 40% e &#8216;pouca movimenta\u00e7\u00e3o dos s\u00f3cios&#8217;","datePublished":"2022-07-18T20:26:23+00:00","dateModified":"2022-07-18T20:27:07+00:00","mainEntityOfPage":{"@id":"https:\/\/www.suno.com.br\/noticias\/venda-braskem-brkm5-novonor-socios\/"},"wordCount":574,"publisher":{"@id":"https:\/\/www.suno.com.br\/noticias\/#organization"},"image":{"@id":"https:\/\/www.suno.com.br\/noticias\/venda-braskem-brkm5-novonor-socios\/#primaryimage"},"thumbnailUrl":"https:\/\/files.sunoresearch.com.br\/n\/uploads\/2021\/02\/5c2d0d62-braskem-jpg.webp","keywords":["Braskem (BRKM3\/BRKM5\/BRKM6)","Especialistas"],"articleSection":["Neg\u00f3cios"],"inLanguage":"pt-BR"},{"@type":"WebPage","@id":"https:\/\/www.suno.com.br\/noticias\/venda-braskem-brkm5-novonor-socios\/","url":"https:\/\/www.suno.com.br\/noticias\/venda-braskem-brkm5-novonor-socios\/","name":"Venda da Braskem (BRKM5) trava em meio \u00e0 queda de 40%; entenda","isPartOf":{"@id":"https:\/\/www.suno.com.br\/noticias\/#website"},"primaryImageOfPage":{"@id":"https:\/\/www.suno.com.br\/noticias\/venda-braskem-brkm5-novonor-socios\/#primaryimage"},"image":{"@id":"https:\/\/www.suno.com.br\/noticias\/venda-braskem-brkm5-novonor-socios\/#primaryimage"},"thumbnailUrl":"https:\/\/files.sunoresearch.com.br\/n\/uploads\/2021\/02\/5c2d0d62-braskem-jpg.webp","datePublished":"2022-07-18T20:26:23+00:00","dateModified":"2022-07-18T20:27:07+00:00","description":"O pre\u00e7o de R$ 33 por a\u00e7\u00e3o da Braskem e a d\u00edvida bilion\u00e1ria s\u00e3o pontos citados para que a venda n\u00e3o seja realizada. Clique aqui e saiba mais!","breadcrumb":{"@id":"https:\/\/www.suno.com.br\/noticias\/venda-braskem-brkm5-novonor-socios\/#breadcrumb"},"inLanguage":"pt-BR","potentialAction":[{"@type":"ReadAction","target":["https:\/\/www.suno.com.br\/noticias\/venda-braskem-brkm5-novonor-socios\/"]}]},{"@type":"ImageObject","inLanguage":"pt-BR","@id":"https:\/\/www.suno.com.br\/noticias\/venda-braskem-brkm5-novonor-socios\/#primaryimage","url":"https:\/\/files.sunoresearch.com.br\/n\/uploads\/2021\/02\/5c2d0d62-braskem-jpg.webp","contentUrl":"https:\/\/files.sunoresearch.com.br\/n\/uploads\/2021\/02\/5c2d0d62-braskem-jpg.webp","width":1500,"height":1000,"caption":"A Braskem (BRKM5) informou, na manh\u00e3 desta quinta-feira (4), que retomou a produ\u00e7\u00e3o de cloro-soda em Macei\u00f3."},{"@type":"BreadcrumbList","@id":"https:\/\/www.suno.com.br\/noticias\/venda-braskem-brkm5-novonor-socios\/#breadcrumb","itemListElement":[{"@type":"ListItem","position":1,"name":"Not\u00edcias","item":"https:\/\/www.suno.com.br\/noticias\/"},{"@type":"ListItem","position":2,"name":"Neg\u00f3cios","item":"https:\/\/www.suno.com.br\/noticias\/negocios\/"},{"@type":"ListItem","position":3,"name":"Venda da Braskem (BRKM5) trava em meio \u00e0 queda de 40% e &#8216;pouca movimenta\u00e7\u00e3o dos s\u00f3cios&#8217;"}]},{"@type":"WebSite","@id":"https:\/\/www.suno.com.br\/noticias\/#website","url":"https:\/\/www.suno.com.br\/noticias\/","name":"Suno Not\u00edcias","description":"Seu portal de informa\u00e7\u00e3o sobre o mundo dos investimentos","publisher":{"@id":"https:\/\/www.suno.com.br\/noticias\/#organization"},"potentialAction":[{"@type":"SearchAction","target":{"@type":"EntryPoint","urlTemplate":"https:\/\/www.suno.com.br\/noticias\/?s={search_term_string}"},"query-input":{"@type":"PropertyValueSpecification","valueRequired":true,"valueName":"search_term_string"}}],"inLanguage":"pt-BR"},{"@type":"Organization","@id":"https:\/\/www.suno.com.br\/noticias\/#organization","name":"Suno Not\u00edcias","url":"https:\/\/www.suno.com.br\/noticias\/","logo":{"@type":"ImageObject","inLanguage":"pt-BR","@id":"https:\/\/www.suno.com.br\/noticias\/#\/schema\/logo\/image\/","url":"https:\/\/files.sunoresearch.com.br\/n\/uploads\/2021\/09\/suno-logo.png","contentUrl":"https:\/\/files.sunoresearch.com.br\/n\/uploads\/2021\/09\/suno-logo.png","width":180,"height":180,"caption":"Suno Not\u00edcias"},"image":{"@id":"https:\/\/www.suno.com.br\/noticias\/#\/schema\/logo\/image\/"},"sameAs":["https:\/\/facebook.com\/sunoresearch","https:\/\/x.com\/sunoresearch","https:\/\/www.instagram.com\/suno","https:\/\/www.linkedin.com\/company\/suno-research\/","https:\/\/www.youtube.com\/c\/sunoresearch"]},{"@type":"Person","@id":"https:\/\/www.suno.com.br\/noticias\/#\/schema\/person\/7f4d362bf3518e76090143ae77bb49a5","name":"Eduardo Vargas","image":{"@type":"ImageObject","inLanguage":"pt-BR","@id":"https:\/\/www.suno.com.br\/noticias\/#\/schema\/person\/image\/","url":"https:\/\/secure.gravatar.com\/avatar\/dac340933427a22924c9f99d1eb2e3f2?s=96&r=g","contentUrl":"https:\/\/secure.gravatar.com\/avatar\/dac340933427a22924c9f99d1eb2e3f2?s=96&r=g","caption":"Eduardo Vargas"},"description":"Jornalista formado pela UFSC, cobre macroeconomia, neg\u00f3cios e startups para o Suno Not\u00edcias, escrevendo principalmente not\u00edcias sobre o mercado financeiro e a bolsa de valores. No YouTube e no Instagram, \u00e9 respons\u00e1vel pela produ\u00e7\u00e3o de Reels e Shorts do Suno Not\u00edcias. Anteriormente, trabalhou cobrindo economia e cotidiano no ND+ e para o ND, maior jornal impresso de Santa Catarina. Cursou um semestre letivo de Estudos de M\u00eddia na Universidad de Buenos Aires.","url":"https:\/\/www.suno.com.br\/noticias\/author\/eduardo-vargas\/"}]}},"default_loop_html":"<div class=\"cardsPage__listCard__boxs\"><div class=\"cardsPage__listCard__boxs__img\"><a href=\"https:\/\/www.suno.com.br\/noticias\/venda-braskem-brkm5-novonor-socios\/\"><img class=\"mask\" src=\"https:\/\/www.suno.com.br\/noticias\/wp-content\/themes\/suno\/resources\/images\/spotlight\/spotlight1img\/bg-mask.png\" alt=\"Image Mask\"\/><img src=\"https:\/\/files.sunoresearch.com.br\/n\/uploads\/2021\/02\/5c2d0d62-braskem-400x200.webp\" alt=\"Venda da Braskem (BRKM5) trava em meio \u00e0 queda de 40% e &#8216;pouca movimenta\u00e7\u00e3o dos s\u00f3cios&#8217;\"\/><\/a><span class=\"spotlightCategory\"><a href=\"https:\/\/www.suno.com.br\/noticias\/negocios\/\">Neg\u00f3cios<\/a><\/span><\/div><div class=\"cardsPage__listCard__boxs__content\"><a href=\"https:\/\/www.suno.com.br\/noticias\/venda-braskem-brkm5-novonor-socios\/\"><h2 class=\"content__title\">Venda da Braskem (BRKM5) trava em meio \u00e0 queda de 40% e &#8216;pouca movimenta\u00e7\u00e3o dos s\u00f3cios&#8217;<\/h2><\/a><div class=\"newsContent__article__meta\"><div class=\"newsContent__article__meta__authorBox\"><a href=\"https:\/\/www.suno.com.br\/noticias\/author\/eduardo-vargas\/\" class=\"authorBox__avatar noMobi\"><img src=\"https:\/\/secure.gravatar.com\/avatar\/dac340933427a22924c9f99d1eb2e3f2?s=96&#038;r=g\" alt=\"Eduardo Vargas\"><\/a><div class=\"authorBox__name\"><span>por\n\t\t\t<a href=\"https:\/\/www.suno.com.br\/noticias\/author\/eduardo-vargas\/\"><span itemprop=\"author\">Eduardo Vargas<\/span><\/a><\/span><time datetime=\"2022-07-18T17:26:23-03:00\" itemprop=\"datePublished\">18\/07\/2022 17:26<\/time><\/div><\/div><\/div><\/div><\/div>","single_layout":"posts","amp_enabled":true,"_links":{"self":[{"href":"https:\/\/www.suno.com.br\/noticias\/wp-json\/wp\/v2\/posts\/276705"}],"collection":[{"href":"https:\/\/www.suno.com.br\/noticias\/wp-json\/wp\/v2\/posts"}],"about":[{"href":"https:\/\/www.suno.com.br\/noticias\/wp-json\/wp\/v2\/types\/post"}],"author":[{"embeddable":true,"href":"https:\/\/www.suno.com.br\/noticias\/wp-json\/wp\/v2\/users\/73"}],"replies":[{"embeddable":true,"href":"https:\/\/www.suno.com.br\/noticias\/wp-json\/wp\/v2\/comments?post=276705"}],"version-history":[{"count":3,"href":"https:\/\/www.suno.com.br\/noticias\/wp-json\/wp\/v2\/posts\/276705\/revisions"}],"predecessor-version":[{"id":276770,"href":"https:\/\/www.suno.com.br\/noticias\/wp-json\/wp\/v2\/posts\/276705\/revisions\/276770"}],"wp:featuredmedia":[{"embeddable":true,"href":"https:\/\/www.suno.com.br\/noticias\/wp-json\/wp\/v2\/media\/118850"}],"wp:attachment":[{"href":"https:\/\/www.suno.com.br\/noticias\/wp-json\/wp\/v2\/media?parent=276705"}],"wp:term":[{"taxonomy":"category","embeddable":true,"href":"https:\/\/www.suno.com.br\/noticias\/wp-json\/wp\/v2\/categories?post=276705"},{"taxonomy":"post_tag","embeddable":true,"href":"https:\/\/www.suno.com.br\/noticias\/wp-json\/wp\/v2\/tags?post=276705"},{"taxonomy":"suno_strategy","embeddable":true,"href":"https:\/\/www.suno.com.br\/noticias\/wp-json\/wp\/v2\/suno_strategy?post=276705"}],"curies":[{"name":"wp","href":"https:\/\/api.w.org\/{rel}","templated":true}]}}