{"id":27662,"date":"2019-06-07T20:41:04","date_gmt":"2019-06-07T23:41:04","guid":{"rendered":"https:\/\/www.suno.com.br\/noticias\/?p=27662"},"modified":"2019-06-07T20:45:21","modified_gmt":"2019-06-07T23:45:21","slug":"br-distribuidora-registro-oferta","status":"publish","type":"post","link":"https:\/\/www.suno.com.br\/noticias\/br-distribuidora-registro-oferta\/","title":{"rendered":"BR Distribuidora solicita registro para realizar oferta secund\u00e1ria"},"content":{"rendered":"<p>A BR Distribuidora apresentou um pedido de registro de oferta secund\u00e1ria de a\u00e7\u00f5es. A subsidi\u00e1ria da <strong>Petrobras<\/strong> publicou o prospecto preliminar na <a href=\"https:\/\/www.suno.com.br\/artigos\/cvm\/\"><strong>Comiss\u00e3o de Valores Mobili\u00e1rios (CVM)<\/strong><\/a>.<\/p>\t<div class=\"wrapper-featured-image\">\n\t\t<figure class=\"spotlightImg\">\n\n\t\t\t<picture>\n\t\t\t\t<source media=\"(max-width: 768px)\" srcset=\"https:\/\/files.sunoresearch.com.br\/n\/uploads\/2019\/05\/182635f1-br-distribuidora-400x200.webp\">\n\t\t\t\t<img loading=\"lazy\" decoding=\"async\" class=\"newsContent__article__imgCapa lazyloadDisabled newsContent__article__imgCapa--noCaption\" src=\"https:\/\/files.sunoresearch.com.br\/n\/uploads\/2019\/05\/182635f1-br-distribuidora-800x450.webp\" width=\"800\" height=\"450\" alt=\"BR Distribuidora solicita registro para realizar oferta secund\u00e1ria\" fetchpriority=high \/>\n\t\t\t<\/picture>\n\n\t\t\t<figcaption class=\"wp-caption-text wp-caption-text--hide\"><\/figcaption>\n\t\t<\/figure>\n\t<\/div>\n\n\n<p>A oferta secund\u00e1ria da <strong>BR Distribuidora<\/strong> ocorrer\u00e1 no Brasil. Todavia, a empresa realizar\u00e1 esfor\u00e7os de coloca\u00e7\u00e3o no exterior. O objetivo \u00e9 atrair <strong>investidores<\/strong> estrangeiros, como \u00e9 de normal nesse tipo de opera\u00e7\u00e3o.<\/p>\n\t<p>\n\t\t<a href=\"https:\/\/lp.suno.com.br\/ao\/servico-especializado-suno-tf\/?utm_source=adwords&#038;utm_medium=search&#038;utm_campaign=search.servico.funilconsultoria&#038;utm_content=1147_responsivo-a&#038;hsa_acc=2326072784&#038;hsa_cam=18022897917&#038;hsa_grp=141470255993&#038;hsa_ad=616145467912&#038;hsa_src=g&#038;hsa_tgt=kwd-303658942458&#038;hsa_kw=gestora+de+investimentos&#038;hsa_mt=b&#038;hsa_net=adwords&#038;hsa_ver=3&#038;gad_source=1&#038;gclid=CjwKCAjw1emzBhB8EiwAHwZZxQMvA3xJVRzLGZ70LmuSzR55X-KvxijSay8c5Hm88Sznnq97j8XbORoC-sMQAvD_BwE\" target=\"_blank\" data-element=\"shortcode-suno-banner\" title=\"Banner SUNO, clique e saiba mais\">\n\t\t\t<picture>\n\t\t\t\t<source media=\"(max-width: 500px)\" srcset=\"https:\/\/files.sunoresearch.com.br\/n\/uploads\/2024\/06\/400x300-Mobile-Artigos-5.png\">\n\t\t\t\t<img class=\"newsContent__article__imgCapa newsContent__article__imgCapa--banner\"\n\t\t\t\t\tsrc=\"https:\/\/files.sunoresearch.com.br\/n\/uploads\/2024\/06\/1420x240-Banner-Artigos-1-_-Banner-Materias-3.png\"\n\t\t\t\t\tdata-promo-id=\"563605\"\t\t\t\t\t\t\t\t\t\twidth='1420' height='240'\t\t\t\t\talt=\"https:\/\/files.sunoresearch.com.br\/n\/uploads\/2024\/06\/1420x240-Banner-Artigos-1-_-Banner-Materias-3.png\"\n\t\t\t\t>\n\t\t\t<\/picture>\n\t\t<\/a>\n\t<\/p>\n\n\n<p>O acionista vendedor \u00e9 a <strong>Petrobras,<\/strong> que dessa forma vai reduzir sua posi\u00e7\u00e3o e n\u00e3o ser\u00e1 mais a controladora da subsidi\u00e1ria.<\/p>\n<p><a href=\"https:\/\/www.suno.com.br\/noticias\/petrobras-inicia-privatizacao-br-distribuidora\/\">Saiba mais: Petrobras inicia privatiza\u00e7\u00e3o da BR Distribuidora, diz site\u00a0<\/a><\/p>\n<p>O pedido de registro da oferta secund\u00e1ria foi apresentando por meio do procedimento simplificado, permitido atrav\u00e9s da <strong>Instru\u00e7\u00e3o CVM 471.<\/strong><\/p>\n<p>Os coordenadores dessa opera\u00e7\u00e3o s\u00e3o os bancos:<\/p>\n<ul>\n<li>J.P. Morgan;<\/li>\n<li>Citi;<\/li>\n<li>Bank of America;<\/li>\n<li>Credit Suisse;<\/li>\n<li>Ita\u00fa BBA;<\/li>\n<li>Santander.<\/li>\n<\/ul>\n<h2>Petrobras deixa o controle<\/h2>\n<p>A Petrobras decidiu reduzir sua participa\u00e7\u00e3o na <strong>BR Distribuidora.<\/strong> Dessa forma, a <a href=\"https:\/\/www.suno.com.br\/artigos\/sociedade-de-economia-mista\/\">estatal<\/a> pretende diminuir de 71% para menos de 40% sua parte na <strong>subsidi\u00e1ria.<\/strong><\/p>\n<p>A opera\u00e7\u00e3o da <strong>Petrobras<\/strong> deve ser <strong>precificada<\/strong> em julho, contudo, caso ocorresse a pre\u00e7os atuais alcan\u00e7aria os R$ 8 bilh\u00f5es.<\/p>\n\t<p>\n\t\t<a href=\"https:\/\/simulador-aposentadoria.suno.com.br\/?utm_source=suno-noticias&#038;utm_medium=banner&#038;utm_content=como-investir-para-aposentadoria-carteira-go&#038;utm_campaign=_SNC36CE4E9F_\" target=\"_blank\" data-element=\"shortcode-suno-banner\" title=\"Banner SUNO, clique e saiba mais\">\n\t\t\t<picture>\n\t\t\t\t<source media=\"(max-width: 500px)\" srcset=\"https:\/\/files.sunoresearch.com.br\/n\/uploads\/2025\/11\/400x300.webp\">\n\t\t\t\t<img class=\"newsContent__article__imgCapa newsContent__article__imgCapa--banner\"\n\t\t\t\t\tsrc=\"https:\/\/files.sunoresearch.com.br\/n\/uploads\/2025\/11\/1420x240.webp\"\n\t\t\t\t\tdata-promo-id=\"631530\"\t\t\t\t\t\t\t\t\t\twidth='1420' height='240'\t\t\t\t\talt=\"https:\/\/files.sunoresearch.com.br\/n\/uploads\/2025\/11\/1420x240.webp\"\n\t\t\t\t>\n\t\t\t<\/picture>\n\t\t<\/a>\n\t<\/p>\n\n\n<p>No momento, os maiores investidores da subsidi\u00e1ria depois da <strong>Petrobras<\/strong> s\u00e3o a <strong>Previ,<\/strong> com 5% de participa\u00e7\u00e3o, e a <strong>Lazard,<\/strong> com a mesma porcentagem.<\/p>\n<p>A opera\u00e7\u00e3o \u00e9 considerada o maior desinvestimento realizado durante o governo do presidente\u00a0<strong>Jair Bolsonaro.<\/strong>\u00a0Essa seria apenas uma das primeiras estatais que o ministro da Economia,\u00a0<strong>Paulo Guedes,<\/strong> pretende privatizar.<\/p>\n<p><a href=\"https:\/\/www.suno.com.br\/noticias\/petrobras-vender-participacao-breitener\/\">Saiba Mais: Petrobras vai vender participa\u00e7\u00e3o na Breitener, que det\u00e9m t\u00e9rmicas no AM<\/a><\/p>\n<p>O valor de mercado da <strong>BR Distribuidora<\/strong> \u00e9 de R$ 27,7 bilh\u00f5es. Em 2018, a margem de <strong>Ebtida<\/strong> da empresa foi de R$ 62 por metro c\u00fabico. No entanto, o intuito \u00e9 alcan\u00e7ar as principais concorrentes, a <strong>Cosan<\/strong> e a <strong>Ultrapar.<\/strong> A primeira teve uma margem de <strong>Ebtida<\/strong> de R$ 107 por metro c\u00fabico, enquanto a da segunda foi de R$ 87 por metro c\u00fabico.<\/p>\n<p>A rea\u00e7\u00e3o do mercado \u00e9 de otimismo quanto \u00e0 <strong>privatiza\u00e7\u00e3o<\/strong> da <strong>BR,<\/strong> contudo, investidores esperam um acionista refer\u00eancia para a empresa.<\/p>\n<h2>Venda de refinarias da Petrobras<\/h2>\n<p>Al\u00e9m da privatiza\u00e7\u00e3o da <strong>BR Distribuidora,<\/strong> outra a\u00e7\u00e3o anunciada pela <strong>Petrobras<\/strong>\u00a0em abril foi a venda de oito <strong>refinarias.<\/strong> Desse modo, a expectativa \u00e9 de arrecadar at\u00e9 R$ 15 bilh\u00f5es com o <strong>desinvestimento.<\/strong><\/p>\n<p><a href=\"https:\/\/www.suno.com.br\/noticias\/petrobras-vende-ativo-da-liquigas\/\">Saiba Mais: Petrobras inicia nova fase de venda das a\u00e7\u00f5es da Liquig\u00e1s<\/a><\/p>\n<p>As refinarias que devem ser vendidas s\u00e3o:<\/p>\n<ul>\n<li>Refinaria Abreu e Lima;<\/li>\n<li>Unidade de Industrializa\u00e7\u00e3o do Xisto;<\/li>\n<li>Refinaria Landulpho Alves (RLAM);<\/li>\n<li>Refinaria Gabriel Passos (REGAP);<\/li>\n<li>Refinaria Presidente Get\u00falio Vargas (REPAR);<\/li>\n<li>Refinaria Alberto Pasqualini (REFAP);<\/li>\n<li>Refinaria Isaac Sabb\u00e1 (REMAN);<\/li>\n<li>Lubrificantes e Derivados de Petr\u00f3leo do Nordeste (LUBNOR).<\/li>\n<\/ul>\n<p>&#8220;Os projetos de <strong>desinvestimento<\/strong> das <strong>refinarias,<\/strong> al\u00e9m do reposicionamento do portf\u00f3lio da companhia em ativos de maior rentabilidade, possibilitar\u00e3o tamb\u00e9m dar maior competitividade e transpar\u00eancia ao segmento de <strong>refino<\/strong> no Brasil&#8221;, informou a <strong>Petrobras<\/strong> em comunicado.<\/p>\n\t<p>\n\t\t<a href=\"https:\/\/lp.suno.com.br\/planilha-controle-gastos\/\" target=\"_blank\" data-element=\"shortcode-suno-banner\" title=\"Banner SUNO, clique e saiba mais\">\n\t\t\t<picture>\n\t\t\t\t<source media=\"(max-width: 500px)\" srcset=\"https:\/\/files.sunoresearch.com.br\/n\/uploads\/2023\/03\/400x300-Planilha-controle-de-gastos.png\">\n\t\t\t\t<img class=\"newsContent__article__imgCapa newsContent__article__imgCapa--banner\"\n\t\t\t\t\tsrc=\"https:\/\/files.sunoresearch.com.br\/n\/uploads\/2023\/03\/1420x240-Planilha-controle-de-gastos.png\"\n\t\t\t\t\tdata-promo-id=\"102417\"\t\t\t\t\t\t\t\t\t\twidth='1420' height='240'\t\t\t\t\talt=\"https:\/\/files.sunoresearch.com.br\/n\/uploads\/2023\/03\/1420x240-Planilha-controle-de-gastos.png\"\n\t\t\t\t>\n\t\t\t<\/picture>\n\t\t<\/a>\n\t<\/p>\n\n\n<p>A opera\u00e7\u00e3o de privatiza\u00e7\u00e3o da <strong>BR Distribuidora<\/strong> deveria se concretizar na segunda metade de 2019.<\/p>\n","protected":false},"excerpt":{"rendered":"<p>A BR Distribuidora apresentou um pedido de registro de oferta secund\u00e1ria de a\u00e7\u00f5es. A subsidi\u00e1ria da Petrobras publicou o prospecto preliminar na Comiss\u00e3o de Valores Mobili\u00e1rios (CVM). A oferta secund\u00e1ria da BR Distribuidora ocorrer\u00e1 no Brasil. Todavia, a empresa realizar\u00e1 esfor\u00e7os de coloca\u00e7\u00e3o no exterior. O objetivo \u00e9 atrair investidores estrangeiros, como \u00e9 de normal [&hellip;]<\/p>\n","protected":false},"author":9,"featured_media":23507,"comment_status":"closed","ping_status":"closed","sticky":false,"template":"","format":"standard","meta":[],"categories":[64],"tags":[595,945,596],"suno_strategy":[],"class_list":["post-27662","post","type-post","status-publish","format-standard","has-post-thumbnail","hentry","category-negocios","tag-petrobras-petr4","tag-privatizacoes","tag-vibra-energia-vbbr3"],"yoast_head":"<!-- This site is optimized with the Yoast SEO plugin v24.4 - https:\/\/yoast.com\/wordpress\/plugins\/seo\/ -->\n<title>BR Distribuidora solicita registro para realizar oferta secund\u00e1ria<\/title>\n<meta name=\"description\" content=\"A BR Distribuidora apresentou um pedido para a CVM de registro de oferta secund\u00e1ria de a\u00e7\u00f5es. Clique aqui para saber mais.\" \/>\n<meta name=\"robots\" content=\"index, follow, max-snippet:-1, max-image-preview:large, max-video-preview:-1\" \/>\n<link rel=\"canonical\" href=\"https:\/\/www.suno.com.br\/noticias\/br-distribuidora-registro-oferta\/\" \/>\n<meta property=\"og:locale\" content=\"pt_BR\" \/>\n<meta property=\"og:type\" content=\"article\" \/>\n<meta property=\"og:title\" content=\"BR Distribuidora solicita registro para realizar oferta secund\u00e1ria\" \/>\n<meta property=\"og:description\" content=\"A BR Distribuidora apresentou um pedido para a CVM de registro de oferta secund\u00e1ria de a\u00e7\u00f5es. Clique aqui para saber mais.\" \/>\n<meta property=\"og:url\" content=\"https:\/\/www.suno.com.br\/noticias\/br-distribuidora-registro-oferta\/\" \/>\n<meta property=\"og:site_name\" content=\"Suno Not\u00edcias\" \/>\n<meta property=\"article:publisher\" content=\"https:\/\/facebook.com\/sunoresearch\" \/>\n<meta property=\"og:image\" content=\"https:\/\/files.sunoresearch.com.br\/n\/uploads\/2019\/05\/182635f1-br-distribuidora.jpg\" \/>\n\t<meta property=\"og:image:width\" content=\"904\" \/>\n\t<meta property=\"og:image:height\" content=\"596\" \/>\n\t<meta property=\"og:image:type\" content=\"image\/jpeg\" \/>\n<meta name=\"author\" content=\"Carlo Cauti\" \/>\n<meta name=\"twitter:card\" content=\"summary_large_image\" \/>\n<meta name=\"twitter:creator\" content=\"@sunoresearch\" \/>\n<meta name=\"twitter:site\" content=\"@sunoresearch\" \/>\n<meta name=\"twitter:label1\" content=\"Escrito por\" \/>\n\t<meta name=\"twitter:data1\" content=\"Carlo Cauti\" \/>\n\t<meta name=\"twitter:label2\" content=\"Est. tempo de leitura\" \/>\n\t<meta name=\"twitter:data2\" content=\"3 minutos\" \/>\n<script type=\"application\/ld+json\" class=\"yoast-schema-graph\">{\"@context\":\"https:\/\/schema.org\",\"@graph\":[{\"@type\":\"NewsArticle\",\"@id\":\"https:\/\/www.suno.com.br\/noticias\/br-distribuidora-registro-oferta\/#article\",\"isPartOf\":{\"@id\":\"https:\/\/www.suno.com.br\/noticias\/br-distribuidora-registro-oferta\/\"},\"author\":{\"name\":\"Carlo Cauti\",\"@id\":\"https:\/\/www.suno.com.br\/noticias\/#\/schema\/person\/e6e0f723cc177805027f4566c1d5e0c8\"},\"headline\":\"BR Distribuidora solicita registro para realizar oferta secund\u00e1ria\",\"datePublished\":\"2019-06-07T23:41:04+00:00\",\"dateModified\":\"2019-06-07T23:45:21+00:00\",\"mainEntityOfPage\":{\"@id\":\"https:\/\/www.suno.com.br\/noticias\/br-distribuidora-registro-oferta\/\"},\"wordCount\":531,\"publisher\":{\"@id\":\"https:\/\/www.suno.com.br\/noticias\/#organization\"},\"image\":{\"@id\":\"https:\/\/www.suno.com.br\/noticias\/br-distribuidora-registro-oferta\/#primaryimage\"},\"thumbnailUrl\":\"https:\/\/files.sunoresearch.com.br\/n\/uploads\/2019\/05\/182635f1-br-distribuidora-jpg.webp\",\"keywords\":[\"Petrobras (PETR4)\",\"privatiza\u00e7\u00f5es\",\"Vibra Energia (VBBR3)\"],\"articleSection\":[\"Neg\u00f3cios\"],\"inLanguage\":\"pt-BR\"},{\"@type\":\"WebPage\",\"@id\":\"https:\/\/www.suno.com.br\/noticias\/br-distribuidora-registro-oferta\/\",\"url\":\"https:\/\/www.suno.com.br\/noticias\/br-distribuidora-registro-oferta\/\",\"name\":\"BR Distribuidora solicita registro para realizar oferta secund\u00e1ria\",\"isPartOf\":{\"@id\":\"https:\/\/www.suno.com.br\/noticias\/#website\"},\"primaryImageOfPage\":{\"@id\":\"https:\/\/www.suno.com.br\/noticias\/br-distribuidora-registro-oferta\/#primaryimage\"},\"image\":{\"@id\":\"https:\/\/www.suno.com.br\/noticias\/br-distribuidora-registro-oferta\/#primaryimage\"},\"thumbnailUrl\":\"https:\/\/files.sunoresearch.com.br\/n\/uploads\/2019\/05\/182635f1-br-distribuidora-jpg.webp\",\"datePublished\":\"2019-06-07T23:41:04+00:00\",\"dateModified\":\"2019-06-07T23:45:21+00:00\",\"description\":\"A BR Distribuidora apresentou um pedido para a CVM de registro de oferta secund\u00e1ria de a\u00e7\u00f5es. Clique aqui para saber mais.\",\"breadcrumb\":{\"@id\":\"https:\/\/www.suno.com.br\/noticias\/br-distribuidora-registro-oferta\/#breadcrumb\"},\"inLanguage\":\"pt-BR\",\"potentialAction\":[{\"@type\":\"ReadAction\",\"target\":[\"https:\/\/www.suno.com.br\/noticias\/br-distribuidora-registro-oferta\/\"]}]},{\"@type\":\"ImageObject\",\"inLanguage\":\"pt-BR\",\"@id\":\"https:\/\/www.suno.com.br\/noticias\/br-distribuidora-registro-oferta\/#primaryimage\",\"url\":\"https:\/\/files.sunoresearch.com.br\/n\/uploads\/2019\/05\/182635f1-br-distribuidora-jpg.webp\",\"contentUrl\":\"https:\/\/files.sunoresearch.com.br\/n\/uploads\/2019\/05\/182635f1-br-distribuidora-jpg.webp\",\"width\":904,\"height\":596,\"caption\":\"BR Distribuidora\"},{\"@type\":\"BreadcrumbList\",\"@id\":\"https:\/\/www.suno.com.br\/noticias\/br-distribuidora-registro-oferta\/#breadcrumb\",\"itemListElement\":[{\"@type\":\"ListItem\",\"position\":1,\"name\":\"Not\u00edcias\",\"item\":\"https:\/\/www.suno.com.br\/noticias\/\"},{\"@type\":\"ListItem\",\"position\":2,\"name\":\"Neg\u00f3cios\",\"item\":\"https:\/\/www.suno.com.br\/noticias\/negocios\/\"},{\"@type\":\"ListItem\",\"position\":3,\"name\":\"BR Distribuidora solicita registro para realizar oferta secund\u00e1ria\"}]},{\"@type\":\"WebSite\",\"@id\":\"https:\/\/www.suno.com.br\/noticias\/#website\",\"url\":\"https:\/\/www.suno.com.br\/noticias\/\",\"name\":\"Suno Not\u00edcias\",\"description\":\"Seu portal de informa\u00e7\u00e3o sobre o mundo dos investimentos\",\"publisher\":{\"@id\":\"https:\/\/www.suno.com.br\/noticias\/#organization\"},\"potentialAction\":[{\"@type\":\"SearchAction\",\"target\":{\"@type\":\"EntryPoint\",\"urlTemplate\":\"https:\/\/www.suno.com.br\/noticias\/?s={search_term_string}\"},\"query-input\":{\"@type\":\"PropertyValueSpecification\",\"valueRequired\":true,\"valueName\":\"search_term_string\"}}],\"inLanguage\":\"pt-BR\"},{\"@type\":\"Organization\",\"@id\":\"https:\/\/www.suno.com.br\/noticias\/#organization\",\"name\":\"Suno Not\u00edcias\",\"url\":\"https:\/\/www.suno.com.br\/noticias\/\",\"logo\":{\"@type\":\"ImageObject\",\"inLanguage\":\"pt-BR\",\"@id\":\"https:\/\/www.suno.com.br\/noticias\/#\/schema\/logo\/image\/\",\"url\":\"https:\/\/files.sunoresearch.com.br\/n\/uploads\/2021\/09\/suno-logo.png\",\"contentUrl\":\"https:\/\/files.sunoresearch.com.br\/n\/uploads\/2021\/09\/suno-logo.png\",\"width\":180,\"height\":180,\"caption\":\"Suno Not\u00edcias\"},\"image\":{\"@id\":\"https:\/\/www.suno.com.br\/noticias\/#\/schema\/logo\/image\/\"},\"sameAs\":[\"https:\/\/facebook.com\/sunoresearch\",\"https:\/\/x.com\/sunoresearch\",\"https:\/\/www.instagram.com\/suno\",\"https:\/\/www.linkedin.com\/company\/suno-research\/\",\"https:\/\/www.youtube.com\/c\/sunoresearch\"]},{\"@type\":\"Person\",\"@id\":\"https:\/\/www.suno.com.br\/noticias\/#\/schema\/person\/e6e0f723cc177805027f4566c1d5e0c8\",\"name\":\"Carlo Cauti\",\"image\":{\"@type\":\"ImageObject\",\"inLanguage\":\"pt-BR\",\"@id\":\"https:\/\/www.suno.com.br\/noticias\/#\/schema\/person\/image\/\",\"url\":\"https:\/\/secure.gravatar.com\/avatar\/3ada9e0bd164c23abd4792a9606d583c?s=96&r=g\",\"contentUrl\":\"https:\/\/secure.gravatar.com\/avatar\/3ada9e0bd164c23abd4792a9606d583c?s=96&r=g\",\"caption\":\"Carlo Cauti\"},\"description\":\"Editor multim\u00eddia do SUNO Not\u00edcias. Italiano, formado em Ci\u00eancias Pol\u00edticas pela universidade LUISS G. Carli de Roma e mestre cum laude em Rela\u00e7\u00f5es Internacionais, Jornalismo Internacional e de Guerra e em Economia Internacional. Concluiu tamb\u00e9m um MBA em Finan\u00e7as na B3. No Brasil, teve passagem por ve\u00edculos como Estad\u00e3o, Globo, Veja e EXAME. e nas ag\u00eancias de not\u00edcias italianas ANSA e NOVA.\",\"url\":\"https:\/\/www.suno.com.br\/noticias\/author\/carlo-cauti\/\"}]}<\/script>\n<!-- \/ Yoast SEO plugin. -->","yoast_head_json":{"title":"BR Distribuidora solicita registro para realizar oferta secund\u00e1ria","description":"A BR Distribuidora apresentou um pedido para a CVM de registro de oferta secund\u00e1ria de a\u00e7\u00f5es. Clique aqui para saber mais.","robots":{"index":"index","follow":"follow","max-snippet":"max-snippet:-1","max-image-preview":"max-image-preview:large","max-video-preview":"max-video-preview:-1"},"canonical":"https:\/\/www.suno.com.br\/noticias\/br-distribuidora-registro-oferta\/","og_locale":"pt_BR","og_type":"article","og_title":"BR Distribuidora solicita registro para realizar oferta secund\u00e1ria","og_description":"A BR Distribuidora apresentou um pedido para a CVM de registro de oferta secund\u00e1ria de a\u00e7\u00f5es. Clique aqui para saber mais.","og_url":"https:\/\/www.suno.com.br\/noticias\/br-distribuidora-registro-oferta\/","og_site_name":"Suno Not\u00edcias","article_publisher":"https:\/\/facebook.com\/sunoresearch","og_image":[{"width":904,"height":596,"url":"https:\/\/files.sunoresearch.com.br\/n\/uploads\/2019\/05\/182635f1-br-distribuidora.jpg","type":"image\/jpeg"}],"author":"Carlo Cauti","twitter_card":"summary_large_image","twitter_creator":"@sunoresearch","twitter_site":"@sunoresearch","twitter_misc":{"Escrito por":"Carlo Cauti","Est. tempo de leitura":"3 minutos"},"schema":{"@context":"https:\/\/schema.org","@graph":[{"@type":"NewsArticle","@id":"https:\/\/www.suno.com.br\/noticias\/br-distribuidora-registro-oferta\/#article","isPartOf":{"@id":"https:\/\/www.suno.com.br\/noticias\/br-distribuidora-registro-oferta\/"},"author":{"name":"Carlo Cauti","@id":"https:\/\/www.suno.com.br\/noticias\/#\/schema\/person\/e6e0f723cc177805027f4566c1d5e0c8"},"headline":"BR Distribuidora solicita registro para realizar oferta secund\u00e1ria","datePublished":"2019-06-07T23:41:04+00:00","dateModified":"2019-06-07T23:45:21+00:00","mainEntityOfPage":{"@id":"https:\/\/www.suno.com.br\/noticias\/br-distribuidora-registro-oferta\/"},"wordCount":531,"publisher":{"@id":"https:\/\/www.suno.com.br\/noticias\/#organization"},"image":{"@id":"https:\/\/www.suno.com.br\/noticias\/br-distribuidora-registro-oferta\/#primaryimage"},"thumbnailUrl":"https:\/\/files.sunoresearch.com.br\/n\/uploads\/2019\/05\/182635f1-br-distribuidora-jpg.webp","keywords":["Petrobras (PETR4)","privatiza\u00e7\u00f5es","Vibra Energia (VBBR3)"],"articleSection":["Neg\u00f3cios"],"inLanguage":"pt-BR"},{"@type":"WebPage","@id":"https:\/\/www.suno.com.br\/noticias\/br-distribuidora-registro-oferta\/","url":"https:\/\/www.suno.com.br\/noticias\/br-distribuidora-registro-oferta\/","name":"BR Distribuidora solicita registro para realizar oferta secund\u00e1ria","isPartOf":{"@id":"https:\/\/www.suno.com.br\/noticias\/#website"},"primaryImageOfPage":{"@id":"https:\/\/www.suno.com.br\/noticias\/br-distribuidora-registro-oferta\/#primaryimage"},"image":{"@id":"https:\/\/www.suno.com.br\/noticias\/br-distribuidora-registro-oferta\/#primaryimage"},"thumbnailUrl":"https:\/\/files.sunoresearch.com.br\/n\/uploads\/2019\/05\/182635f1-br-distribuidora-jpg.webp","datePublished":"2019-06-07T23:41:04+00:00","dateModified":"2019-06-07T23:45:21+00:00","description":"A BR Distribuidora apresentou um pedido para a CVM de registro de oferta secund\u00e1ria de a\u00e7\u00f5es. Clique aqui para saber mais.","breadcrumb":{"@id":"https:\/\/www.suno.com.br\/noticias\/br-distribuidora-registro-oferta\/#breadcrumb"},"inLanguage":"pt-BR","potentialAction":[{"@type":"ReadAction","target":["https:\/\/www.suno.com.br\/noticias\/br-distribuidora-registro-oferta\/"]}]},{"@type":"ImageObject","inLanguage":"pt-BR","@id":"https:\/\/www.suno.com.br\/noticias\/br-distribuidora-registro-oferta\/#primaryimage","url":"https:\/\/files.sunoresearch.com.br\/n\/uploads\/2019\/05\/182635f1-br-distribuidora-jpg.webp","contentUrl":"https:\/\/files.sunoresearch.com.br\/n\/uploads\/2019\/05\/182635f1-br-distribuidora-jpg.webp","width":904,"height":596,"caption":"BR Distribuidora"},{"@type":"BreadcrumbList","@id":"https:\/\/www.suno.com.br\/noticias\/br-distribuidora-registro-oferta\/#breadcrumb","itemListElement":[{"@type":"ListItem","position":1,"name":"Not\u00edcias","item":"https:\/\/www.suno.com.br\/noticias\/"},{"@type":"ListItem","position":2,"name":"Neg\u00f3cios","item":"https:\/\/www.suno.com.br\/noticias\/negocios\/"},{"@type":"ListItem","position":3,"name":"BR Distribuidora solicita registro para realizar oferta secund\u00e1ria"}]},{"@type":"WebSite","@id":"https:\/\/www.suno.com.br\/noticias\/#website","url":"https:\/\/www.suno.com.br\/noticias\/","name":"Suno Not\u00edcias","description":"Seu portal de informa\u00e7\u00e3o sobre o mundo dos investimentos","publisher":{"@id":"https:\/\/www.suno.com.br\/noticias\/#organization"},"potentialAction":[{"@type":"SearchAction","target":{"@type":"EntryPoint","urlTemplate":"https:\/\/www.suno.com.br\/noticias\/?s={search_term_string}"},"query-input":{"@type":"PropertyValueSpecification","valueRequired":true,"valueName":"search_term_string"}}],"inLanguage":"pt-BR"},{"@type":"Organization","@id":"https:\/\/www.suno.com.br\/noticias\/#organization","name":"Suno Not\u00edcias","url":"https:\/\/www.suno.com.br\/noticias\/","logo":{"@type":"ImageObject","inLanguage":"pt-BR","@id":"https:\/\/www.suno.com.br\/noticias\/#\/schema\/logo\/image\/","url":"https:\/\/files.sunoresearch.com.br\/n\/uploads\/2021\/09\/suno-logo.png","contentUrl":"https:\/\/files.sunoresearch.com.br\/n\/uploads\/2021\/09\/suno-logo.png","width":180,"height":180,"caption":"Suno Not\u00edcias"},"image":{"@id":"https:\/\/www.suno.com.br\/noticias\/#\/schema\/logo\/image\/"},"sameAs":["https:\/\/facebook.com\/sunoresearch","https:\/\/x.com\/sunoresearch","https:\/\/www.instagram.com\/suno","https:\/\/www.linkedin.com\/company\/suno-research\/","https:\/\/www.youtube.com\/c\/sunoresearch"]},{"@type":"Person","@id":"https:\/\/www.suno.com.br\/noticias\/#\/schema\/person\/e6e0f723cc177805027f4566c1d5e0c8","name":"Carlo Cauti","image":{"@type":"ImageObject","inLanguage":"pt-BR","@id":"https:\/\/www.suno.com.br\/noticias\/#\/schema\/person\/image\/","url":"https:\/\/secure.gravatar.com\/avatar\/3ada9e0bd164c23abd4792a9606d583c?s=96&r=g","contentUrl":"https:\/\/secure.gravatar.com\/avatar\/3ada9e0bd164c23abd4792a9606d583c?s=96&r=g","caption":"Carlo Cauti"},"description":"Editor multim\u00eddia do SUNO Not\u00edcias. Italiano, formado em Ci\u00eancias Pol\u00edticas pela universidade LUISS G. Carli de Roma e mestre cum laude em Rela\u00e7\u00f5es Internacionais, Jornalismo Internacional e de Guerra e em Economia Internacional. Concluiu tamb\u00e9m um MBA em Finan\u00e7as na B3. No Brasil, teve passagem por ve\u00edculos como Estad\u00e3o, Globo, Veja e EXAME. e nas ag\u00eancias de not\u00edcias italianas ANSA e NOVA.","url":"https:\/\/www.suno.com.br\/noticias\/author\/carlo-cauti\/"}]}},"default_loop_html":"<div class=\"cardsPage__listCard__boxs\"><div class=\"cardsPage__listCard__boxs__img\"><a href=\"https:\/\/www.suno.com.br\/noticias\/br-distribuidora-registro-oferta\/\"><img class=\"mask\" src=\"https:\/\/www.suno.com.br\/noticias\/wp-content\/themes\/suno\/resources\/images\/spotlight\/spotlight1img\/bg-mask.png\" alt=\"Image Mask\"\/><img src=\"https:\/\/files.sunoresearch.com.br\/n\/uploads\/2019\/05\/182635f1-br-distribuidora-400x200.webp\" alt=\"BR Distribuidora solicita registro para realizar oferta secund\u00e1ria\"\/><\/a><span class=\"spotlightCategory\"><a href=\"https:\/\/www.suno.com.br\/noticias\/negocios\/\">Neg\u00f3cios<\/a><\/span><\/div><div class=\"cardsPage__listCard__boxs__content\"><a href=\"https:\/\/www.suno.com.br\/noticias\/br-distribuidora-registro-oferta\/\"><h2 class=\"content__title\">BR Distribuidora solicita registro para realizar oferta secund\u00e1ria<\/h2><\/a><div class=\"newsContent__article__meta\"><div class=\"newsContent__article__meta__authorBox\"><a href=\"https:\/\/www.suno.com.br\/noticias\/author\/carlo-cauti\/\" class=\"authorBox__avatar noMobi\"><img src=\"https:\/\/files.sunoresearch.com.br\/n\/uploads\/2020\/08\/e3745f9a-perfil-carlo-cauti-150x150.webp\" alt=\"Carlo Cauti\"><\/a><div class=\"authorBox__name\"><span>por\n\t\t\t<a href=\"https:\/\/www.suno.com.br\/noticias\/author\/carlo-cauti\/\"><span itemprop=\"author\">Carlo Cauti<\/span><\/a><\/span><time datetime=\"2019-06-07T20:41:04-03:00\" itemprop=\"datePublished\">07\/06\/2019 20:41<\/time><\/div><\/div><\/div><\/div><\/div>","single_layout":"posts","amp_enabled":true,"_links":{"self":[{"href":"https:\/\/www.suno.com.br\/noticias\/wp-json\/wp\/v2\/posts\/27662"}],"collection":[{"href":"https:\/\/www.suno.com.br\/noticias\/wp-json\/wp\/v2\/posts"}],"about":[{"href":"https:\/\/www.suno.com.br\/noticias\/wp-json\/wp\/v2\/types\/post"}],"author":[{"embeddable":true,"href":"https:\/\/www.suno.com.br\/noticias\/wp-json\/wp\/v2\/users\/9"}],"replies":[{"embeddable":true,"href":"https:\/\/www.suno.com.br\/noticias\/wp-json\/wp\/v2\/comments?post=27662"}],"version-history":[{"count":0,"href":"https:\/\/www.suno.com.br\/noticias\/wp-json\/wp\/v2\/posts\/27662\/revisions"}],"wp:featuredmedia":[{"embeddable":true,"href":"https:\/\/www.suno.com.br\/noticias\/wp-json\/wp\/v2\/media\/23507"}],"wp:attachment":[{"href":"https:\/\/www.suno.com.br\/noticias\/wp-json\/wp\/v2\/media?parent=27662"}],"wp:term":[{"taxonomy":"category","embeddable":true,"href":"https:\/\/www.suno.com.br\/noticias\/wp-json\/wp\/v2\/categories?post=27662"},{"taxonomy":"post_tag","embeddable":true,"href":"https:\/\/www.suno.com.br\/noticias\/wp-json\/wp\/v2\/tags?post=27662"},{"taxonomy":"suno_strategy","embeddable":true,"href":"https:\/\/www.suno.com.br\/noticias\/wp-json\/wp\/v2\/suno_strategy?post=27662"}],"curies":[{"name":"wp","href":"https:\/\/api.w.org\/{rel}","templated":true}]}}