{"id":27648,"date":"2019-06-07T17:44:53","date_gmt":"2019-06-07T20:44:53","guid":{"rendered":"https:\/\/www.suno.com.br\/noticias\/?p=27648"},"modified":"2021-06-13T23:43:37","modified_gmt":"2021-06-14T02:43:37","slug":"ibovespa-fechamento-07062019","status":"publish","type":"post","link":"https:\/\/www.suno.com.br\/noticias\/ibovespa-fechamento-07062019\/","title":{"rendered":"Ibovespa encerra em alta com mercado repercutindo vit\u00f3ria do governo"},"content":{"rendered":"<p>O Ibovespa encerra esta sexta-feira (7) com\u00a0<strong>97.821,26 pontos<\/strong>, registrando alta de\u00a00,63%. O \u00edndice acion\u00e1rio da <strong><a href=\"https:\/\/www.suno.com.br\/artigos\/b3\/\">B3<\/a><\/strong> (Brasil, Bolsa, Balc\u00e3o) desfrutou da decis\u00e3o do Supremo Tribunal Federal (<strong>STF<\/strong>), na \u00faltima quinta-feira (6).<\/p>\t<div class=\"wrapper-featured-image\">\n\t\t<figure class=\"spotlightImg\">\n\n\t\t\t<picture>\n\t\t\t\t<source media=\"(max-width: 768px)\" srcset=\"https:\/\/files.sunoresearch.com.br\/n\/uploads\/2018\/12\/f00f723f-ibovespa-400x200.webp\">\n\t\t\t\t<img loading=\"lazy\" decoding=\"async\" class=\"newsContent__article__imgCapa lazyloadDisabled newsContent__article__imgCapa--noCaption\" src=\"https:\/\/files.sunoresearch.com.br\/n\/uploads\/2018\/12\/f00f723f-ibovespa-800x450.webp\" width=\"800\" height=\"450\" alt=\"Ibovespa encerra em alta com mercado repercutindo vit\u00f3ria do governo\" fetchpriority=high \/>\n\t\t\t<\/picture>\n\n\t\t\t<figcaption class=\"wp-caption-text wp-caption-text--hide\">O Ibovespa encerrou em alta, ampliando os ganhos da \u00faltima ter\u00e7a<\/figcaption>\n\t\t<\/figure>\n\t<\/div>\n\n\n<p>O <strong>otimismo<\/strong> no cen\u00e1rio dom\u00e9stico com a vit\u00f3ria do <strong>governo Bolsonaro<\/strong> conteve perdas maiores do <strong>Ibovespa<\/strong>. Isto, pois, a <strong>infla\u00e7\u00e3o<\/strong> de maio mostrou-se baixa, al\u00e9m da baixa cria\u00e7\u00e3o de empregos nos <strong>Estados Unidos<\/strong>. Dado que costuma movimentar o cen\u00e1rio econ\u00f4mico global.<\/p>\n<p>A pontua\u00e7\u00e3o m\u00ednima do Ibovespa foi de 97.204,85 pontos, enquanto a m\u00e1xima foi de 98.325,57 pontos<\/p>\n\t<p>\n\t\t<a href=\"https:\/\/lp.suno.com.br\/asset\/fundos\/suno-fic-fia\/\" target=\"_blank\" data-element=\"shortcode-suno-banner\" title=\"Banner SUNO, clique e saiba mais\">\n\t\t\t<picture>\n\t\t\t\t<source media=\"(max-width: 500px)\" srcset=\"https:\/\/files.sunoresearch.com.br\/n\/uploads\/2023\/10\/SUNO-FIC-FIA-400x300-Mobile-Artigos-5-v3.png\">\n\t\t\t\t<img class=\"newsContent__article__imgCapa newsContent__article__imgCapa--banner\"\n\t\t\t\t\tsrc=\"https:\/\/files.sunoresearch.com.br\/n\/uploads\/2023\/10\/SUNO-FIC-FIA-1420x240-Banner-Artigos-1-_-Banner-Materias-4-v3-png.webp\"\n\t\t\t\t\tdata-promo-id=\"478744\"\t\t\t\t\t\t\t\t\t\twidth='2560' height='433'\t\t\t\t\talt=\"https:\/\/files.sunoresearch.com.br\/n\/uploads\/2023\/10\/SUNO-FIC-FIA-1420x240-Banner-Artigos-1-_-Banner-Materias-4-v3-png.webp\"\n\t\t\t\t>\n\t\t\t<\/picture>\n\t\t<\/a>\n\t<\/p>\n\n\n<h2>STF libera venda de estatais sem aval do Legislativo<\/h2>\n<p>O STF decidiu que o governo pode vender as subsidi\u00e1rias de empresas <strong>estatais<\/strong> sem o aval do <strong>Congresso Nacional.<\/strong> Entretanto, segundo os ministros do Supremo, para a venda da empresa estatal ser\u00e1\u00a0necess\u00e1ria autoriza\u00e7\u00e3o legislativa. Assim como um processo de licita\u00e7\u00e3o.<\/p>\n<p><a href=\"https:\/\/www.suno.com.br\/noticias\/stf-libera-venda-subsidiarias-estatais\/\">Saiba mais &#8211; STF libera venda de subsidi\u00e1rias de empresas estatais <\/a><\/p>\n<h2>Estados Unidos decepcionam com cria\u00e7\u00e3o de empregos<\/h2>\n<p>Os <strong>Estados Unidos<\/strong> criaram 75 mil empregos em maio, de acordo com o Departamento do Trabalho norte-americano. Resultado bem abaixo dos 175 mil postos de trabalho esperados no per\u00edodo, segundo o &#8220;Bloomberg&#8221;.<\/p>\n<p>Al\u00e9m disso, o resultado do m\u00eas de maio foi bem inferior ao n\u00famero de <strong>vagas<\/strong> de <strong>emprego<\/strong> criadas nos meses anteriores:<\/p>\n<ul>\n<li>abril: 224 mil<\/li>\n<li>mar\u00e7o: 153 mil<\/li>\n<\/ul>\n<p><a href=\"https:\/\/www.suno.com.br\/noticias\/empregos-estados-unidos-vagas-maio\/\">Saiba mais &#8211; Empregos: Estados Unidos criaram 75 mil vagas em maio <\/a><\/p>\n<h2>Infla\u00e7\u00e3o de maio \u00e9 de 0,13%<\/h2>\n<p>O <a href=\"https:\/\/www.suno.com.br\/artigos\/ipca\/\">\u00cdndice Nacional de Pre\u00e7os ao Consumidor Amplo<\/a> (<strong>IPCA<\/strong>)\u00a0registrou uma queda de 0,44 ponto percentual comparado com abril. No m\u00eas passado, o IPCA foi de 0,13%, contra 0,57% em abril. Este foi o pior resultado para maio dese 2006.<\/p>\n<p>O IPCA \u00e9 calculado pelo <strong>Instituto Brasileiro de Geografia e Estat\u00edstica<\/strong> (IBGE) e \u00e9 o indicador oficial da <strong>infla\u00e7\u00e3o<\/strong> no Brasil.\u00a0A varia\u00e7\u00e3o acumulada foi de:<\/p>\n<ul>\n<li>no ano: 2,22%<\/li>\n<li>acumulado dos \u00faltimos 12 meses: 4,66%<\/li>\n<\/ul>\n<p>Os principais destaques da composi\u00e7\u00e3o do \u00edndice foram:<\/p>\n<ul>\n<li><strong>Alimenta\u00e7\u00e3o e Bebidas:\u00a0<\/strong><a href=\"https:\/\/www.suno.com.br\/artigos\/deflacao\/\">defla\u00e7\u00e3o<\/a> de\u00a00,56%.<\/li>\n<li><strong>Sa\u00fade e cuidados pessoais:\u00a0<\/strong><a href=\"https:\/\/www.suno.com.br\/artigos\/tag\/inflacao\/\">infla\u00e7\u00e3o<\/a> de 0,82%.<\/li>\n<\/ul>\n<p><a href=\"https:\/\/www.suno.com.br\/noticias\/inflacao-mes-maio\/\">Saiba mais &#8211;\u00a0Infla\u00e7\u00e3o do m\u00eas de maio registra queda e atinge menor patamar desde 2006<\/a><\/p>\n<h2>Est\u00e1cio tem a maior alta do Ibovespa<\/h2>\n<p>A <strong>Est\u00e1cio Participa\u00e7\u00f5es<\/strong> (ESTC3) obteve a maior valoriza\u00e7\u00e3o percentual do <strong>Ibovespa<\/strong> nesta data. Em paralelo, a <strong>Kroton Educacional<\/strong> tamb\u00e9m obteve alta, de\u00a02,74% a R$\u00a010,50.<\/p>\n<p>O otimismo com as empresas do setor educacional \u00e9 resposta ao discurso do ministro da Educa\u00e7\u00e3o, Abraham Waintraub, no\u00a012\u00ba Congresso Brasileiro da Educa\u00e7\u00e3o Superior Particular na \u00faltima quinta-feira (6).<\/p>\n<p>\u201cEsse setor vai crescer muito. E o <strong>Estado<\/strong> brasileiro, atrav\u00e9s dos impostos, que j\u00e1 est\u00e3o pesados, n\u00e3o tem condi\u00e7\u00e3o de atender a <strong><a href=\"https:\/\/www.suno.com.br\/artigos\/oferta-demanda\/\">demanda<\/a><\/strong> gigantesca que vai acontecer nos pr\u00f3ximos anos\u201d, disse o ministro na v\u00e9spera.<\/p>\n<p><a href=\"https:\/\/www.suno.com.br\/noticias\/estacio-kroton-ensino-superior-privado\/\">Saiba mais &#8211;\u00a0Est\u00e1cio e Kroton sobem com otimismo do ministro da Educa\u00e7\u00e3o no setor<\/a><\/p>\n\t<p>\n\t\t<a href=\"https:\/\/lp.suno.com.br\/ao\/sessao-estrategica-consultoria-c\/?utm_source=suno-noticias&#038;utm_medium=banner&#038;utm_campaign=_SNC36CE4E9F_&#038;utm_content=fundos-imobiliarios-ou-imoveis-onde-investir-500-mil-go\" target=\"_blank\" data-element=\"shortcode-suno-banner\" title=\"Banner SUNO, clique e saiba mais\">\n\t\t\t<picture>\n\t\t\t\t<source media=\"(max-width: 500px)\" srcset=\"https:\/\/files.sunoresearch.com.br\/n\/uploads\/2025\/09\/300x400.webp\">\n\t\t\t\t<img class=\"newsContent__article__imgCapa newsContent__article__imgCapa--banner\"\n\t\t\t\t\tsrc=\"https:\/\/files.sunoresearch.com.br\/n\/uploads\/2025\/09\/SN-DT-1420x240-1.webp\"\n\t\t\t\t\tdata-promo-id=\"635171\"\t\t\t\t\t\t\t\t\t\twidth='1420' height='240'\t\t\t\t\talt=\"https:\/\/files.sunoresearch.com.br\/n\/uploads\/2025\/09\/SN-DT-1420x240-1.webp\"\n\t\t\t\t>\n\t\t\t<\/picture>\n\t\t<\/a>\n\t<\/p>\n\n\n<h2>Bolsas internacionais<\/h2>\n<ul>\n<li>Nasdaq (Estados Unidos): alta de 1,66%<\/li>\n<li>FTSE 100 (Reino Unido): alta de 0,99%<\/li>\n<li>Nikkei (Jap\u00e3o): alta de 0,53%<\/li>\n<li>CAC40 (Fran\u00e7a): alta de 1,62%<\/li>\n<\/ul>\n<h2>Maiores altas do Ibovespa<\/h2>\n<ul>\n<li>ESTC3 alta de 7,44% (R$ 29,45)<\/li>\n<li>MGLU3 alta de 4,44% (R$ 198,45)<\/li>\n<li>USIM5 alta de 4,37% (R$ 8,60)<\/li>\n<li>BRML3 alta de 4,29% (R$ 13,38)<\/li>\n<li>CYRE3 alta de 4,04%\u00a0(R$ 18,78)<\/li>\n<\/ul>\n<h2>Maiores quedas do Ibovespa<\/h2>\n<ul>\n<li>BRFS3 queda de 4,56% (R$ 26,16)<\/li>\n<li>HYPE3 queda de 3,18% (R$ 28,05)<\/li>\n<li>CIEL3 queda de 2,9% (R$ 6,70)<\/li>\n<li>SBSP3 queda de 2,08% (R$ 47,65)<\/li>\n<li>BRDT3 queda de 1,98% (R$ 24,81)<\/li>\n<\/ul>\n","protected":false},"excerpt":{"rendered":"<p>O Ibovespa encerra esta sexta-feira (7) com\u00a097.821,26 pontos, registrando alta de\u00a00,63%. O \u00edndice acion\u00e1rio da B3 (Brasil, Bolsa, Balc\u00e3o) desfrutou da decis\u00e3o do Supremo Tribunal Federal (STF), na \u00faltima quinta-feira (6). O Ibovespa encerrou em alta, ampliando os ganhos da \u00faltima ter\u00e7a O otimismo no cen\u00e1rio dom\u00e9stico com a vit\u00f3ria do governo Bolsonaro conteve perdas [&hellip;]<\/p>\n","protected":false},"author":12,"featured_media":7832,"comment_status":"closed","ping_status":"closed","sticky":false,"template":"","format":"standard","meta":[],"categories":[60],"tags":[793,721,850,966,719,530,785,2363],"suno_strategy":[],"class_list":["post-27648","post","type-post","status-publish","format-standard","has-post-thumbnail","hentry","category-mercado","tag-estados-unidos-eua","tag-ibovespa","tag-inflacao","tag-ipca","tag-jair-bolsonaro","tag-kroton","tag-supremo-tribunal-federal-stf","tag-yduqs-yduq3"],"yoast_head":"<!-- This site is optimized with the Yoast SEO plugin v24.4 - https:\/\/yoast.com\/wordpress\/plugins\/seo\/ -->\n<title>Ibovespa encerra em alta com mercado repercutindo vit\u00f3ria do governo<\/title>\n<meta name=\"description\" content=\"O Ibovespa encerrou em alta devido \u00e0 decis\u00e3o do STF na v\u00e9spera, que representou uma vit\u00f3ria para o governo Bolsonaro. Clique para saber mais.\" \/>\n<meta name=\"robots\" content=\"index, follow, max-snippet:-1, max-image-preview:large, max-video-preview:-1\" \/>\n<link rel=\"canonical\" href=\"https:\/\/www.suno.com.br\/noticias\/ibovespa-fechamento-07062019\/\" \/>\n<meta property=\"og:locale\" content=\"pt_BR\" \/>\n<meta property=\"og:type\" content=\"article\" \/>\n<meta property=\"og:title\" content=\"Ibovespa encerra em alta com mercado repercutindo vit\u00f3ria do governo\" \/>\n<meta property=\"og:description\" content=\"O Ibovespa encerrou em alta devido \u00e0 decis\u00e3o do STF na v\u00e9spera, que representou uma vit\u00f3ria para o governo Bolsonaro. Clique para saber mais.\" \/>\n<meta property=\"og:url\" content=\"https:\/\/www.suno.com.br\/noticias\/ibovespa-fechamento-07062019\/\" \/>\n<meta property=\"og:site_name\" content=\"Suno Not\u00edcias\" \/>\n<meta property=\"article:publisher\" content=\"https:\/\/facebook.com\/sunoresearch\" \/>\n<meta property=\"og:image\" content=\"https:\/\/files.sunoresearch.com.br\/n\/uploads\/2018\/12\/f00f723f-ibovespa.jpg\" \/>\n\t<meta property=\"og:image:width\" content=\"960\" \/>\n\t<meta property=\"og:image:height\" content=\"678\" \/>\n\t<meta property=\"og:image:type\" content=\"image\/jpeg\" \/>\n<meta name=\"author\" content=\"Amanda Gushiken\" \/>\n<meta name=\"twitter:card\" content=\"summary_large_image\" \/>\n<meta name=\"twitter:creator\" content=\"@sunoresearch\" \/>\n<meta name=\"twitter:site\" content=\"@sunoresearch\" \/>\n<meta name=\"twitter:label1\" content=\"Escrito por\" \/>\n\t<meta name=\"twitter:data1\" content=\"Amanda Gushiken\" \/>\n\t<meta name=\"twitter:label2\" content=\"Est. tempo de leitura\" \/>\n\t<meta name=\"twitter:data2\" content=\"3 minutos\" \/>\n<script type=\"application\/ld+json\" class=\"yoast-schema-graph\">{\"@context\":\"https:\/\/schema.org\",\"@graph\":[{\"@type\":\"NewsArticle\",\"@id\":\"https:\/\/www.suno.com.br\/noticias\/ibovespa-fechamento-07062019\/#article\",\"isPartOf\":{\"@id\":\"https:\/\/www.suno.com.br\/noticias\/ibovespa-fechamento-07062019\/\"},\"author\":{\"name\":\"Amanda Gushiken\",\"@id\":\"https:\/\/www.suno.com.br\/noticias\/#\/schema\/person\/a5b06fa4e879d8e8e119c6ed3cd630d1\"},\"headline\":\"Ibovespa encerra em alta com mercado repercutindo vit\u00f3ria do governo\",\"datePublished\":\"2019-06-07T20:44:53+00:00\",\"dateModified\":\"2021-06-14T02:43:37+00:00\",\"mainEntityOfPage\":{\"@id\":\"https:\/\/www.suno.com.br\/noticias\/ibovespa-fechamento-07062019\/\"},\"wordCount\":570,\"publisher\":{\"@id\":\"https:\/\/www.suno.com.br\/noticias\/#organization\"},\"image\":{\"@id\":\"https:\/\/www.suno.com.br\/noticias\/ibovespa-fechamento-07062019\/#primaryimage\"},\"thumbnailUrl\":\"https:\/\/files.sunoresearch.com.br\/n\/uploads\/2018\/12\/f00f723f-ibovespa-jpg.webp\",\"keywords\":[\"Estados Unidos (EUA)\",\"Ibovespa\",\"infla\u00e7\u00e3o\",\"IPCA\",\"Jair Bolsonaro\",\"Kroton\",\"Supremo Tribunal Federal (STF)\",\"Yduqs (YDUQ3)\"],\"articleSection\":[\"Mercado\"],\"inLanguage\":\"pt-BR\"},{\"@type\":\"WebPage\",\"@id\":\"https:\/\/www.suno.com.br\/noticias\/ibovespa-fechamento-07062019\/\",\"url\":\"https:\/\/www.suno.com.br\/noticias\/ibovespa-fechamento-07062019\/\",\"name\":\"Ibovespa encerra em alta com mercado repercutindo vit\u00f3ria do governo\",\"isPartOf\":{\"@id\":\"https:\/\/www.suno.com.br\/noticias\/#website\"},\"primaryImageOfPage\":{\"@id\":\"https:\/\/www.suno.com.br\/noticias\/ibovespa-fechamento-07062019\/#primaryimage\"},\"image\":{\"@id\":\"https:\/\/www.suno.com.br\/noticias\/ibovespa-fechamento-07062019\/#primaryimage\"},\"thumbnailUrl\":\"https:\/\/files.sunoresearch.com.br\/n\/uploads\/2018\/12\/f00f723f-ibovespa-jpg.webp\",\"datePublished\":\"2019-06-07T20:44:53+00:00\",\"dateModified\":\"2021-06-14T02:43:37+00:00\",\"description\":\"O Ibovespa encerrou em alta devido \u00e0 decis\u00e3o do STF na v\u00e9spera, que representou uma vit\u00f3ria para o governo Bolsonaro. Clique para saber mais.\",\"breadcrumb\":{\"@id\":\"https:\/\/www.suno.com.br\/noticias\/ibovespa-fechamento-07062019\/#breadcrumb\"},\"inLanguage\":\"pt-BR\",\"potentialAction\":[{\"@type\":\"ReadAction\",\"target\":[\"https:\/\/www.suno.com.br\/noticias\/ibovespa-fechamento-07062019\/\"]}]},{\"@type\":\"ImageObject\",\"inLanguage\":\"pt-BR\",\"@id\":\"https:\/\/www.suno.com.br\/noticias\/ibovespa-fechamento-07062019\/#primaryimage\",\"url\":\"https:\/\/files.sunoresearch.com.br\/n\/uploads\/2018\/12\/f00f723f-ibovespa-jpg.webp\",\"contentUrl\":\"https:\/\/files.sunoresearch.com.br\/n\/uploads\/2018\/12\/f00f723f-ibovespa-jpg.webp\",\"width\":960,\"height\":678,\"caption\":\"O Ibovespa encerrou em alta, ampliando os ganhos da \u00faltima ter\u00e7a\"},{\"@type\":\"BreadcrumbList\",\"@id\":\"https:\/\/www.suno.com.br\/noticias\/ibovespa-fechamento-07062019\/#breadcrumb\",\"itemListElement\":[{\"@type\":\"ListItem\",\"position\":1,\"name\":\"Not\u00edcias\",\"item\":\"https:\/\/www.suno.com.br\/noticias\/\"},{\"@type\":\"ListItem\",\"position\":2,\"name\":\"Mercado\",\"item\":\"https:\/\/www.suno.com.br\/noticias\/mercado\/\"},{\"@type\":\"ListItem\",\"position\":3,\"name\":\"Ibovespa encerra em alta com mercado repercutindo vit\u00f3ria do governo\"}]},{\"@type\":\"WebSite\",\"@id\":\"https:\/\/www.suno.com.br\/noticias\/#website\",\"url\":\"https:\/\/www.suno.com.br\/noticias\/\",\"name\":\"Suno Not\u00edcias\",\"description\":\"Seu portal de informa\u00e7\u00e3o sobre o mundo dos investimentos\",\"publisher\":{\"@id\":\"https:\/\/www.suno.com.br\/noticias\/#organization\"},\"potentialAction\":[{\"@type\":\"SearchAction\",\"target\":{\"@type\":\"EntryPoint\",\"urlTemplate\":\"https:\/\/www.suno.com.br\/noticias\/?s={search_term_string}\"},\"query-input\":{\"@type\":\"PropertyValueSpecification\",\"valueRequired\":true,\"valueName\":\"search_term_string\"}}],\"inLanguage\":\"pt-BR\"},{\"@type\":\"Organization\",\"@id\":\"https:\/\/www.suno.com.br\/noticias\/#organization\",\"name\":\"Suno Not\u00edcias\",\"url\":\"https:\/\/www.suno.com.br\/noticias\/\",\"logo\":{\"@type\":\"ImageObject\",\"inLanguage\":\"pt-BR\",\"@id\":\"https:\/\/www.suno.com.br\/noticias\/#\/schema\/logo\/image\/\",\"url\":\"https:\/\/files.sunoresearch.com.br\/n\/uploads\/2021\/09\/suno-logo.png\",\"contentUrl\":\"https:\/\/files.sunoresearch.com.br\/n\/uploads\/2021\/09\/suno-logo.png\",\"width\":180,\"height\":180,\"caption\":\"Suno Not\u00edcias\"},\"image\":{\"@id\":\"https:\/\/www.suno.com.br\/noticias\/#\/schema\/logo\/image\/\"},\"sameAs\":[\"https:\/\/facebook.com\/sunoresearch\",\"https:\/\/x.com\/sunoresearch\",\"https:\/\/www.instagram.com\/suno\",\"https:\/\/www.linkedin.com\/company\/suno-research\/\",\"https:\/\/www.youtube.com\/c\/sunoresearch\"]},{\"@type\":\"Person\",\"@id\":\"https:\/\/www.suno.com.br\/noticias\/#\/schema\/person\/a5b06fa4e879d8e8e119c6ed3cd630d1\",\"name\":\"Amanda Gushiken\",\"image\":{\"@type\":\"ImageObject\",\"inLanguage\":\"pt-BR\",\"@id\":\"https:\/\/www.suno.com.br\/noticias\/#\/schema\/person\/image\/\",\"url\":\"https:\/\/secure.gravatar.com\/avatar\/ecd84705e6b65e3685ae80d725501fbe?s=96&r=g\",\"contentUrl\":\"https:\/\/secure.gravatar.com\/avatar\/ecd84705e6b65e3685ae80d725501fbe?s=96&r=g\",\"caption\":\"Amanda Gushiken\"},\"description\":\"Amanda Sayuri Gushiken escreve sobre finan\u00e7as e neg\u00f3cios para o portal Suno Not\u00edcias. Antes, trabalhou selecionando not\u00edcias da imprensa para clientes do mercado financeiro. Tamb\u00e9m desenvolveu pesquisa acad\u00eamica pela Universidade Anhembi Morumbi na \u00e1rea de Teorias da Comunica\u00e7\u00e3o e \u00e9 fot\u00f3grafa nas horas vagas.\",\"url\":\"https:\/\/www.suno.com.br\/noticias\/author\/amanda\/\"}]}<\/script>\n<!-- \/ Yoast SEO plugin. -->","yoast_head_json":{"title":"Ibovespa encerra em alta com mercado repercutindo vit\u00f3ria do governo","description":"O Ibovespa encerrou em alta devido \u00e0 decis\u00e3o do STF na v\u00e9spera, que representou uma vit\u00f3ria para o governo Bolsonaro. Clique para saber mais.","robots":{"index":"index","follow":"follow","max-snippet":"max-snippet:-1","max-image-preview":"max-image-preview:large","max-video-preview":"max-video-preview:-1"},"canonical":"https:\/\/www.suno.com.br\/noticias\/ibovespa-fechamento-07062019\/","og_locale":"pt_BR","og_type":"article","og_title":"Ibovespa encerra em alta com mercado repercutindo vit\u00f3ria do governo","og_description":"O Ibovespa encerrou em alta devido \u00e0 decis\u00e3o do STF na v\u00e9spera, que representou uma vit\u00f3ria para o governo Bolsonaro. Clique para saber mais.","og_url":"https:\/\/www.suno.com.br\/noticias\/ibovespa-fechamento-07062019\/","og_site_name":"Suno Not\u00edcias","article_publisher":"https:\/\/facebook.com\/sunoresearch","og_image":[{"width":960,"height":678,"url":"https:\/\/files.sunoresearch.com.br\/n\/uploads\/2018\/12\/f00f723f-ibovespa.jpg","type":"image\/jpeg"}],"author":"Amanda Gushiken","twitter_card":"summary_large_image","twitter_creator":"@sunoresearch","twitter_site":"@sunoresearch","twitter_misc":{"Escrito por":"Amanda Gushiken","Est. tempo de leitura":"3 minutos"},"schema":{"@context":"https:\/\/schema.org","@graph":[{"@type":"NewsArticle","@id":"https:\/\/www.suno.com.br\/noticias\/ibovespa-fechamento-07062019\/#article","isPartOf":{"@id":"https:\/\/www.suno.com.br\/noticias\/ibovespa-fechamento-07062019\/"},"author":{"name":"Amanda Gushiken","@id":"https:\/\/www.suno.com.br\/noticias\/#\/schema\/person\/a5b06fa4e879d8e8e119c6ed3cd630d1"},"headline":"Ibovespa encerra em alta com mercado repercutindo vit\u00f3ria do governo","datePublished":"2019-06-07T20:44:53+00:00","dateModified":"2021-06-14T02:43:37+00:00","mainEntityOfPage":{"@id":"https:\/\/www.suno.com.br\/noticias\/ibovespa-fechamento-07062019\/"},"wordCount":570,"publisher":{"@id":"https:\/\/www.suno.com.br\/noticias\/#organization"},"image":{"@id":"https:\/\/www.suno.com.br\/noticias\/ibovespa-fechamento-07062019\/#primaryimage"},"thumbnailUrl":"https:\/\/files.sunoresearch.com.br\/n\/uploads\/2018\/12\/f00f723f-ibovespa-jpg.webp","keywords":["Estados Unidos (EUA)","Ibovespa","infla\u00e7\u00e3o","IPCA","Jair Bolsonaro","Kroton","Supremo Tribunal Federal (STF)","Yduqs (YDUQ3)"],"articleSection":["Mercado"],"inLanguage":"pt-BR"},{"@type":"WebPage","@id":"https:\/\/www.suno.com.br\/noticias\/ibovespa-fechamento-07062019\/","url":"https:\/\/www.suno.com.br\/noticias\/ibovespa-fechamento-07062019\/","name":"Ibovespa encerra em alta com mercado repercutindo vit\u00f3ria do governo","isPartOf":{"@id":"https:\/\/www.suno.com.br\/noticias\/#website"},"primaryImageOfPage":{"@id":"https:\/\/www.suno.com.br\/noticias\/ibovespa-fechamento-07062019\/#primaryimage"},"image":{"@id":"https:\/\/www.suno.com.br\/noticias\/ibovespa-fechamento-07062019\/#primaryimage"},"thumbnailUrl":"https:\/\/files.sunoresearch.com.br\/n\/uploads\/2018\/12\/f00f723f-ibovespa-jpg.webp","datePublished":"2019-06-07T20:44:53+00:00","dateModified":"2021-06-14T02:43:37+00:00","description":"O Ibovespa encerrou em alta devido \u00e0 decis\u00e3o do STF na v\u00e9spera, que representou uma vit\u00f3ria para o governo Bolsonaro. Clique para saber mais.","breadcrumb":{"@id":"https:\/\/www.suno.com.br\/noticias\/ibovespa-fechamento-07062019\/#breadcrumb"},"inLanguage":"pt-BR","potentialAction":[{"@type":"ReadAction","target":["https:\/\/www.suno.com.br\/noticias\/ibovespa-fechamento-07062019\/"]}]},{"@type":"ImageObject","inLanguage":"pt-BR","@id":"https:\/\/www.suno.com.br\/noticias\/ibovespa-fechamento-07062019\/#primaryimage","url":"https:\/\/files.sunoresearch.com.br\/n\/uploads\/2018\/12\/f00f723f-ibovespa-jpg.webp","contentUrl":"https:\/\/files.sunoresearch.com.br\/n\/uploads\/2018\/12\/f00f723f-ibovespa-jpg.webp","width":960,"height":678,"caption":"O Ibovespa encerrou em alta, ampliando os ganhos da \u00faltima ter\u00e7a"},{"@type":"BreadcrumbList","@id":"https:\/\/www.suno.com.br\/noticias\/ibovespa-fechamento-07062019\/#breadcrumb","itemListElement":[{"@type":"ListItem","position":1,"name":"Not\u00edcias","item":"https:\/\/www.suno.com.br\/noticias\/"},{"@type":"ListItem","position":2,"name":"Mercado","item":"https:\/\/www.suno.com.br\/noticias\/mercado\/"},{"@type":"ListItem","position":3,"name":"Ibovespa encerra em alta com mercado repercutindo vit\u00f3ria do governo"}]},{"@type":"WebSite","@id":"https:\/\/www.suno.com.br\/noticias\/#website","url":"https:\/\/www.suno.com.br\/noticias\/","name":"Suno Not\u00edcias","description":"Seu portal de informa\u00e7\u00e3o sobre o mundo dos investimentos","publisher":{"@id":"https:\/\/www.suno.com.br\/noticias\/#organization"},"potentialAction":[{"@type":"SearchAction","target":{"@type":"EntryPoint","urlTemplate":"https:\/\/www.suno.com.br\/noticias\/?s={search_term_string}"},"query-input":{"@type":"PropertyValueSpecification","valueRequired":true,"valueName":"search_term_string"}}],"inLanguage":"pt-BR"},{"@type":"Organization","@id":"https:\/\/www.suno.com.br\/noticias\/#organization","name":"Suno Not\u00edcias","url":"https:\/\/www.suno.com.br\/noticias\/","logo":{"@type":"ImageObject","inLanguage":"pt-BR","@id":"https:\/\/www.suno.com.br\/noticias\/#\/schema\/logo\/image\/","url":"https:\/\/files.sunoresearch.com.br\/n\/uploads\/2021\/09\/suno-logo.png","contentUrl":"https:\/\/files.sunoresearch.com.br\/n\/uploads\/2021\/09\/suno-logo.png","width":180,"height":180,"caption":"Suno Not\u00edcias"},"image":{"@id":"https:\/\/www.suno.com.br\/noticias\/#\/schema\/logo\/image\/"},"sameAs":["https:\/\/facebook.com\/sunoresearch","https:\/\/x.com\/sunoresearch","https:\/\/www.instagram.com\/suno","https:\/\/www.linkedin.com\/company\/suno-research\/","https:\/\/www.youtube.com\/c\/sunoresearch"]},{"@type":"Person","@id":"https:\/\/www.suno.com.br\/noticias\/#\/schema\/person\/a5b06fa4e879d8e8e119c6ed3cd630d1","name":"Amanda Gushiken","image":{"@type":"ImageObject","inLanguage":"pt-BR","@id":"https:\/\/www.suno.com.br\/noticias\/#\/schema\/person\/image\/","url":"https:\/\/secure.gravatar.com\/avatar\/ecd84705e6b65e3685ae80d725501fbe?s=96&r=g","contentUrl":"https:\/\/secure.gravatar.com\/avatar\/ecd84705e6b65e3685ae80d725501fbe?s=96&r=g","caption":"Amanda Gushiken"},"description":"Amanda Sayuri Gushiken escreve sobre finan\u00e7as e neg\u00f3cios para o portal Suno Not\u00edcias. Antes, trabalhou selecionando not\u00edcias da imprensa para clientes do mercado financeiro. Tamb\u00e9m desenvolveu pesquisa acad\u00eamica pela Universidade Anhembi Morumbi na \u00e1rea de Teorias da Comunica\u00e7\u00e3o e \u00e9 fot\u00f3grafa nas horas vagas.","url":"https:\/\/www.suno.com.br\/noticias\/author\/amanda\/"}]}},"default_loop_html":"<div class=\"cardsPage__listCard__boxs\"><div class=\"cardsPage__listCard__boxs__img\"><a href=\"https:\/\/www.suno.com.br\/noticias\/ibovespa-fechamento-07062019\/\"><img class=\"mask\" src=\"https:\/\/www.suno.com.br\/noticias\/wp-content\/themes\/suno\/resources\/images\/spotlight\/spotlight1img\/bg-mask.png\" alt=\"Image Mask\"\/><img src=\"https:\/\/files.sunoresearch.com.br\/n\/uploads\/2018\/12\/f00f723f-ibovespa-400x200.webp\" alt=\"Ibovespa encerra em alta com mercado repercutindo vit\u00f3ria do governo\"\/><\/a><span class=\"spotlightCategory\"><a href=\"https:\/\/www.suno.com.br\/noticias\/mercado\/\">Mercado<\/a><\/span><\/div><div class=\"cardsPage__listCard__boxs__content\"><a href=\"https:\/\/www.suno.com.br\/noticias\/ibovespa-fechamento-07062019\/\"><h2 class=\"content__title\">Ibovespa encerra em alta com mercado repercutindo vit\u00f3ria do governo<\/h2><\/a><div class=\"newsContent__article__meta\"><div class=\"newsContent__article__meta__authorBox\"><a href=\"https:\/\/www.suno.com.br\/noticias\/author\/amanda\/\" class=\"authorBox__avatar noMobi\"><img src=\"https:\/\/files.sunoresearch.com.br\/n\/uploads\/2018\/11\/c6ad30be-amanda-150x150.webp\" alt=\"Amanda Gushiken\"><\/a><div class=\"authorBox__name\"><span>por\n\t\t\t<a href=\"https:\/\/www.suno.com.br\/noticias\/author\/amanda\/\"><span itemprop=\"author\">Amanda Gushiken<\/span><\/a><\/span><time datetime=\"2019-06-07T17:44:53-03:00\" itemprop=\"datePublished\">07\/06\/2019 17:44<\/time><\/div><\/div><\/div><\/div><\/div>","single_layout":"posts","amp_enabled":true,"_links":{"self":[{"href":"https:\/\/www.suno.com.br\/noticias\/wp-json\/wp\/v2\/posts\/27648"}],"collection":[{"href":"https:\/\/www.suno.com.br\/noticias\/wp-json\/wp\/v2\/posts"}],"about":[{"href":"https:\/\/www.suno.com.br\/noticias\/wp-json\/wp\/v2\/types\/post"}],"author":[{"embeddable":true,"href":"https:\/\/www.suno.com.br\/noticias\/wp-json\/wp\/v2\/users\/12"}],"replies":[{"embeddable":true,"href":"https:\/\/www.suno.com.br\/noticias\/wp-json\/wp\/v2\/comments?post=27648"}],"version-history":[{"count":1,"href":"https:\/\/www.suno.com.br\/noticias\/wp-json\/wp\/v2\/posts\/27648\/revisions"}],"predecessor-version":[{"id":152634,"href":"https:\/\/www.suno.com.br\/noticias\/wp-json\/wp\/v2\/posts\/27648\/revisions\/152634"}],"wp:featuredmedia":[{"embeddable":true,"href":"https:\/\/www.suno.com.br\/noticias\/wp-json\/wp\/v2\/media\/7832"}],"wp:attachment":[{"href":"https:\/\/www.suno.com.br\/noticias\/wp-json\/wp\/v2\/media?parent=27648"}],"wp:term":[{"taxonomy":"category","embeddable":true,"href":"https:\/\/www.suno.com.br\/noticias\/wp-json\/wp\/v2\/categories?post=27648"},{"taxonomy":"post_tag","embeddable":true,"href":"https:\/\/www.suno.com.br\/noticias\/wp-json\/wp\/v2\/tags?post=27648"},{"taxonomy":"suno_strategy","embeddable":true,"href":"https:\/\/www.suno.com.br\/noticias\/wp-json\/wp\/v2\/suno_strategy?post=27648"}],"curies":[{"name":"wp","href":"https:\/\/api.w.org\/{rel}","templated":true}]}}