{"id":276339,"date":"2022-07-15T17:11:14","date_gmt":"2022-07-15T20:11:14","guid":{"rendered":"https:\/\/www.suno.com.br\/noticias\/?p=276339"},"modified":"2022-07-15T17:11:32","modified_gmt":"2022-07-15T20:11:32","slug":"bossanova-curso-analista-venture-capital","status":"publish","type":"post","link":"https:\/\/www.suno.com.br\/noticias\/bossanova-curso-analista-venture-capital\/","title":{"rendered":"Com escassez de analistas, Bossanova abre curso de Venture Capital; veja vagas"},"content":{"rendered":"<p>De olho em um mercado de <a href=\"https:\/\/www.suno.com.br\/artigos\/venture-capital\/\">Venture Capital (VC)<\/a> com muita demanda por <strong>analistas<\/strong> e poucos profissionais capacitados, a <a href=\"https:\/\/www.suno.com.br\/noticias\/bossanova-bossa-summit-startups\/\">Bossanova <\/a>Investimentos &#8211; VC chefiado por Jo\u00e3o Kepler &#8211; abre as portas para o segmento de educa\u00e7\u00e3o.<\/p>\t<div class=\"wrapper-featured-image\">\n\t\t<figure class=\"spotlightImg\">\n\n\t\t\t<picture>\n\t\t\t\t<source media=\"(max-width: 768px)\" srcset=\"https:\/\/files.sunoresearch.com.br\/n\/uploads\/2021\/10\/Joao-Kepler_CEO-Bossanova-400x200.jpg\">\n\t\t\t\t<img loading=\"lazy\" decoding=\"async\" class=\"newsContent__article__imgCapa lazyloadDisabled \" src=\"https:\/\/files.sunoresearch.com.br\/n\/uploads\/2021\/10\/Joao-Kepler_CEO-Bossanova-800x450.jpg\" width=\"800\" height=\"450\" alt=\"Com escassez de analistas, Bossanova abre curso de Venture Capital; veja vagas\" fetchpriority=high \/>\n\t\t\t<\/picture>\n\n\t\t\t<figcaption class=\"wp-caption-text wp-caption-text--show\">Bossanova, Venture Capital de Jo\u00e3o Kepler, v\u00ea poucos analistas capacitados no mercado \nvoltado para startups - Foto: Divulga\u00e7\u00e3o<\/figcaption>\n\t\t<\/figure>\n\t<\/div>\n\n\n\t<p>\n\t\t<a href=\"\" target=\"_blank\" data-element=\"shortcode-suno-banner\" title=\"Banner SUNO, clique e saiba mais\">\n\t\t\t<picture>\n\t\t\t\t<source media=\"(max-width: 500px)\" srcset=\"\">\n\t\t\t\t<img class=\"newsContent__article__imgCapa newsContent__article__imgCapa--banner\"\n\t\t\t\t\tsrc=\"\"\n\t\t\t\t\tdata-promo-id=\"138420\"\t\t\t\t\t\t\t\t\t\t\t\t\t\t\talt=\"\"\n\t\t\t\t>\n\t\t\t<\/picture>\n\t\t<\/a>\n\t<\/p>\n\n\n<p>As oportunidades podem, inclusive, abrir as portas para vagas na pr\u00f3pria <strong>Bossanova<\/strong> ou em <strong>fundos de Venture Capital<\/strong> parceiros.<\/p>\n<p>&#8220;A gente come\u00e7ou desenhando o <strong>Bossa Academy<\/strong> em cima das demandas do mercado. Vemos que venture capital cresce no Brasil a cada ano e principalmente em early stages [fases iniciais]. Os analistas e assessores acabam se formando para trabalhar no mercado mais tradicional, e t\u00eam uma demanda grande de capacitados&#8221;, afirma Rafael Ribeiro, fundador das startups Weblinia e Monster Joy e Diretor de Novos Neg\u00f3cios na Bossanova.<\/p>\n<p>Em entrevista ao Suno Not\u00edcias, Ribeiro relata que &#8220;precisa educar o mercado&#8221;, e que o escopo de analistas deve crescer em breve.<\/p>\n<p>&#8220;Queremos advogados, contadores e outros profissionais, mas teremos um vi\u00e9s de startups e venture capital; focado em inova\u00e7\u00e3o, no futuro e no processo evolutivo desse mercado&#8221;, afirma.<\/p>\n<p>A inciativa conta com parceria da <a class=\"suno-keyword\" href=\"https:\/\/www.suno.com.br\/acoes\/SEER3\/\" target=\"_blank\" rel=\"noopener\" data-force=\"yes\" data-priority=\"2\"><strong>Ser Educacional<\/strong> (SEER3)<\/a>, comandada por <a href=\"https:\/\/www.suno.com.br\/tudo-sobre\/janguie-diniz\/\">Jangui\u00ea Diniz<\/a>. A bagagem em educa\u00e7\u00e3o por parte do CEO deve ser um dos focos para o projeto ganhar escala e, no futuro, se tornar uma faculdade pr\u00f3pria, conforme relata <strong>Jo\u00e3o Kepler<\/strong>, CEO da Bossanova.<\/p>\n\t<p>\n\t\t<a href=\"https:\/\/lp.suno.com.br\/planilha-controle-gastos\/\" target=\"_blank\" data-element=\"shortcode-suno-banner\" title=\"Banner SUNO, clique e saiba mais\">\n\t\t\t<picture>\n\t\t\t\t<source media=\"(max-width: 500px)\" srcset=\"https:\/\/files.sunoresearch.com.br\/n\/uploads\/2023\/03\/400x300-Planilha-controle-de-gastos.png\">\n\t\t\t\t<img class=\"newsContent__article__imgCapa newsContent__article__imgCapa--banner\"\n\t\t\t\t\tsrc=\"https:\/\/files.sunoresearch.com.br\/n\/uploads\/2023\/03\/1420x240-Planilha-controle-de-gastos.png\"\n\t\t\t\t\tdata-promo-id=\"101751\"\t\t\t\t\t\t\t\t\t\twidth='1420' height='240'\t\t\t\t\talt=\"https:\/\/files.sunoresearch.com.br\/n\/uploads\/2023\/03\/1420x240-Planilha-controle-de-gastos.png\"\n\t\t\t\t>\n\t\t\t<\/picture>\n\t\t<\/a>\n\t<\/p>\n\n\n<p>Foram quase 500 inscritos na primeira rodada, que deve contar com somente 50 vagas &#8211; a proje\u00e7\u00e3o inicial teria somente 30, por\u00e9m, com o aumento de candidaturas o VC resolveu ampliar.<\/p>\n<h2>Curso da Bossanova ser\u00e1 presencial e com aulas de Kepler<\/h2>\n<p>A primeira turma ter\u00e1 aulas nos dias 23, 24 e 30 de julho, de forma presencial, em S\u00e3o Paulo (SP). O p\u00fablico-alvo s\u00e3o os que querem entrar no mercado e <a href=\"https:\/\/www.suno.com.br\/artigos\/agente-autonomo-investimentos-aai\/\"><strong>agentes aut\u00f4nomos<\/strong> (AAIs)<\/a> que j\u00e1 trabalham com investimentos.<\/p>\n<p>Estudantes que se destacarem ser\u00e3o recomendados para VCs parceiros, sendo que 15 <strong>vagas de trabalho em Venture Capital<\/strong> j\u00e1 est\u00e3o abertas por 10 empresas parceiras.<\/p>\n\t<p>\n\t\t<a href=\"https:\/\/lp.suno.com.br\/planilha-da-vida-financeira\/\" target=\"_blank\" data-element=\"shortcode-suno-banner\" title=\"Banner SUNO, clique e saiba mais\">\n\t\t\t<picture>\n\t\t\t\t<source media=\"(max-width: 500px)\" srcset=\"https:\/\/files.sunoresearch.com.br\/n\/uploads\/2023\/04\/400x300-Planilha-vida-financeira-true.png\">\n\t\t\t\t<img class=\"newsContent__article__imgCapa newsContent__article__imgCapa--banner\"\n\t\t\t\t\tsrc=\"https:\/\/files.sunoresearch.com.br\/n\/uploads\/2023\/04\/1420x240-Planilha-vida-financeira-true.png\"\n\t\t\t\t\tdata-promo-id=\"106682\"\t\t\t\t\t\t\t\t\t\twidth='1420' height='240'\t\t\t\t\talt=\"https:\/\/files.sunoresearch.com.br\/n\/uploads\/2023\/04\/1420x240-Planilha-vida-financeira-true.png\"\n\t\t\t\t>\n\t\t\t<\/picture>\n\t\t<\/a>\n\t<\/p>\n\n\n<p>Al\u00e9m disso, eventuais vagas na Bossanova poder\u00e3o ser ocupadas.<\/p>\n<p>Os dias 23 e 24 ser\u00e3o de conte\u00fados expositivos, com foco em:<\/p>\n<ul>\n<li>Conceitos Iniciais<\/li>\n<li>Como Encontrar os Melhores Deals<\/li>\n<li>Como Analisar uma Startup na Pr\u00e1tica<\/li>\n<li>Gest\u00e3o de Portf\u00f3lio e Aspectos Jur\u00eddicos<\/li>\n<\/ul>\n<p>No dia 30, os estudantes ir\u00e3o ao escrit\u00f3rio da Bossanova, no Itaim Bibi (SP), em uma imers\u00e3o para aplicar o conte\u00fado em um case pr\u00e1tico, tomando decis\u00f5es de investimento.<\/p>\n<p>Os professores no curso ser\u00e3o Jo\u00e3o Kepler (<a href=\"https:\/\/www.suno.com.br\/artigos\/ceo\">CEO da empresa<\/a> e melhor Investidor-Anjo do Brasil por quatro vezes), al\u00e9m de Rafael Ribeiro e Ant\u00f4nio Patrus (advisor no BMG UpTech e Diretor Administrativo Financeiro da Bossanova).<\/p>\n<p>A segunda turma do curso de <strong>analistas<\/strong> de investimento em venture capital ser\u00e1 lan\u00e7ada na pr\u00f3xima semana, com cursos para forma\u00e7\u00e3o e especializa\u00e7\u00e3o nas \u00e1reas jur\u00eddica, de contabilidade e de vendas voltadas para startups.<\/p>\n\t<p>\n\t\t<a href=\"https:\/\/lp.suno.com.br\/ebook-como-analisar-uma-acao\/\" target=\"_blank\" data-element=\"shortcode-suno-banner\" title=\"Banner SUNO, clique e saiba mais\">\n\t\t\t<picture>\n\t\t\t\t<source media=\"(max-width: 500px)\" srcset=\"https:\/\/files.sunoresearch.com.br\/n\/uploads\/2023\/03\/Ebook-Acoes-Mobile-1.jpg\">\n\t\t\t\t<img class=\"newsContent__article__imgCapa newsContent__article__imgCapa--banner\"\n\t\t\t\t\tsrc=\"https:\/\/files.sunoresearch.com.br\/n\/uploads\/2023\/03\/Ebook-Acoes-Desktop-1.jpg\"\n\t\t\t\t\tdata-promo-id=\"171998\"\t\t\t\t\t\t\t\t\t\twidth='1420' height='286'\t\t\t\t\talt=\"https:\/\/files.sunoresearch.com.br\/n\/uploads\/2023\/03\/Ebook-Acoes-Desktop-1.jpg\"\n\t\t\t\t>\n\t\t\t<\/picture>\n\t\t<\/a>\n\t<\/p>\n\n\n","protected":false},"excerpt":{"rendered":"<p>De olho em um mercado de Venture Capital (VC) com muita demanda por analistas e poucos profissionais capacitados, a Bossanova Investimentos &#8211; VC chefiado por Jo\u00e3o Kepler &#8211; abre as portas para o segmento de educa\u00e7\u00e3o. Bossanova, Venture Capital de Jo\u00e3o Kepler, v\u00ea poucos analistas capacitados no mercado voltado para startups &#8211; Foto: Divulga\u00e7\u00e3o As [&hellip;]<\/p>\n","protected":false},"author":73,"featured_media":194110,"comment_status":"closed","ping_status":"closed","sticky":false,"template":"","format":"standard","meta":[],"categories":[106394],"tags":[708,105839],"suno_strategy":[],"class_list":["post-276339","post","type-post","status-publish","format-standard","has-post-thumbnail","hentry","category-startups","tag-startups","tag-venture-capital"],"yoast_head":"<!-- This site is optimized with the Yoast SEO plugin v24.4 - https:\/\/yoast.com\/wordpress\/plugins\/seo\/ -->\n<title>Com falta de profissionais, Bossanova abre curso de analista de startups<\/title>\n<meta name=\"description\" content=\"Curso de analista de Venture Capital conta com vagas de emprego abertas em fundos parceiros da Bossanova. Clique aqui e confira!\" \/>\n<meta name=\"robots\" content=\"index, follow, max-snippet:-1, max-image-preview:large, max-video-preview:-1\" \/>\n<link rel=\"canonical\" href=\"https:\/\/www.suno.com.br\/noticias\/bossanova-curso-analista-venture-capital\/\" \/>\n<meta property=\"og:locale\" content=\"pt_BR\" \/>\n<meta property=\"og:type\" content=\"article\" \/>\n<meta property=\"og:title\" content=\"Com falta de profissionais, Bossanova abre curso de analista de startups\" \/>\n<meta property=\"og:description\" content=\"Curso de analista de Venture Capital conta com vagas de emprego abertas em fundos parceiros da Bossanova. Clique aqui e confira!\" \/>\n<meta property=\"og:url\" content=\"https:\/\/www.suno.com.br\/noticias\/bossanova-curso-analista-venture-capital\/\" \/>\n<meta property=\"og:site_name\" content=\"Suno Not\u00edcias\" \/>\n<meta property=\"article:publisher\" content=\"https:\/\/facebook.com\/sunoresearch\" \/>\n<meta property=\"og:image\" content=\"https:\/\/files.sunoresearch.com.br\/n\/uploads\/2021\/10\/Joao-Kepler_CEO-Bossanova.jpg\" \/>\n\t<meta property=\"og:image:width\" content=\"1200\" \/>\n\t<meta property=\"og:image:height\" content=\"800\" \/>\n\t<meta property=\"og:image:type\" content=\"image\/jpeg\" \/>\n<meta name=\"author\" content=\"Eduardo Vargas\" \/>\n<meta name=\"twitter:card\" content=\"summary_large_image\" \/>\n<meta name=\"twitter:creator\" content=\"@sunoresearch\" \/>\n<meta name=\"twitter:site\" content=\"@sunoresearch\" \/>\n<meta name=\"twitter:label1\" content=\"Escrito por\" \/>\n\t<meta name=\"twitter:data1\" content=\"Eduardo Vargas\" \/>\n\t<meta name=\"twitter:label2\" content=\"Est. tempo de leitura\" \/>\n\t<meta name=\"twitter:data2\" content=\"3 minutos\" \/>\n<script type=\"application\/ld+json\" class=\"yoast-schema-graph\">{\"@context\":\"https:\/\/schema.org\",\"@graph\":[{\"@type\":\"NewsArticle\",\"@id\":\"https:\/\/www.suno.com.br\/noticias\/bossanova-curso-analista-venture-capital\/#article\",\"isPartOf\":{\"@id\":\"https:\/\/www.suno.com.br\/noticias\/bossanova-curso-analista-venture-capital\/\"},\"author\":{\"name\":\"Eduardo Vargas\",\"@id\":\"https:\/\/www.suno.com.br\/noticias\/#\/schema\/person\/7f4d362bf3518e76090143ae77bb49a5\"},\"headline\":\"Com escassez de analistas, Bossanova abre curso de Venture Capital; veja vagas\",\"datePublished\":\"2022-07-15T20:11:14+00:00\",\"dateModified\":\"2022-07-15T20:11:32+00:00\",\"mainEntityOfPage\":{\"@id\":\"https:\/\/www.suno.com.br\/noticias\/bossanova-curso-analista-venture-capital\/\"},\"wordCount\":515,\"publisher\":{\"@id\":\"https:\/\/www.suno.com.br\/noticias\/#organization\"},\"image\":{\"@id\":\"https:\/\/www.suno.com.br\/noticias\/bossanova-curso-analista-venture-capital\/#primaryimage\"},\"thumbnailUrl\":\"https:\/\/files.sunoresearch.com.br\/n\/uploads\/2021\/10\/Joao-Kepler_CEO-Bossanova.jpg\",\"keywords\":[\"startups\",\"venture capital\"],\"articleSection\":[\"Startups\"],\"inLanguage\":\"pt-BR\"},{\"@type\":\"WebPage\",\"@id\":\"https:\/\/www.suno.com.br\/noticias\/bossanova-curso-analista-venture-capital\/\",\"url\":\"https:\/\/www.suno.com.br\/noticias\/bossanova-curso-analista-venture-capital\/\",\"name\":\"Com falta de profissionais, Bossanova abre curso de analista de startups\",\"isPartOf\":{\"@id\":\"https:\/\/www.suno.com.br\/noticias\/#website\"},\"primaryImageOfPage\":{\"@id\":\"https:\/\/www.suno.com.br\/noticias\/bossanova-curso-analista-venture-capital\/#primaryimage\"},\"image\":{\"@id\":\"https:\/\/www.suno.com.br\/noticias\/bossanova-curso-analista-venture-capital\/#primaryimage\"},\"thumbnailUrl\":\"https:\/\/files.sunoresearch.com.br\/n\/uploads\/2021\/10\/Joao-Kepler_CEO-Bossanova.jpg\",\"datePublished\":\"2022-07-15T20:11:14+00:00\",\"dateModified\":\"2022-07-15T20:11:32+00:00\",\"description\":\"Curso de analista de Venture Capital conta com vagas de emprego abertas em fundos parceiros da Bossanova. Clique aqui e confira!\",\"breadcrumb\":{\"@id\":\"https:\/\/www.suno.com.br\/noticias\/bossanova-curso-analista-venture-capital\/#breadcrumb\"},\"inLanguage\":\"pt-BR\",\"potentialAction\":[{\"@type\":\"ReadAction\",\"target\":[\"https:\/\/www.suno.com.br\/noticias\/bossanova-curso-analista-venture-capital\/\"]}]},{\"@type\":\"ImageObject\",\"inLanguage\":\"pt-BR\",\"@id\":\"https:\/\/www.suno.com.br\/noticias\/bossanova-curso-analista-venture-capital\/#primaryimage\",\"url\":\"https:\/\/files.sunoresearch.com.br\/n\/uploads\/2021\/10\/Joao-Kepler_CEO-Bossanova.jpg\",\"contentUrl\":\"https:\/\/files.sunoresearch.com.br\/n\/uploads\/2021\/10\/Joao-Kepler_CEO-Bossanova.jpg\",\"width\":1200,\"height\":800,\"caption\":\"Bossanova, Venture Capital de Jo\u00e3o Kepler, v\u00ea poucos analistas capacitados no mercado voltado para startups - Foto: Divulga\u00e7\u00e3o\"},{\"@type\":\"BreadcrumbList\",\"@id\":\"https:\/\/www.suno.com.br\/noticias\/bossanova-curso-analista-venture-capital\/#breadcrumb\",\"itemListElement\":[{\"@type\":\"ListItem\",\"position\":1,\"name\":\"Not\u00edcias\",\"item\":\"https:\/\/www.suno.com.br\/noticias\/\"},{\"@type\":\"ListItem\",\"position\":2,\"name\":\"Startups\",\"item\":\"https:\/\/www.suno.com.br\/noticias\/startups\/\"},{\"@type\":\"ListItem\",\"position\":3,\"name\":\"Com escassez de analistas, Bossanova abre curso de Venture Capital; veja vagas\"}]},{\"@type\":\"WebSite\",\"@id\":\"https:\/\/www.suno.com.br\/noticias\/#website\",\"url\":\"https:\/\/www.suno.com.br\/noticias\/\",\"name\":\"Suno Not\u00edcias\",\"description\":\"Seu portal de informa\u00e7\u00e3o sobre o mundo dos investimentos\",\"publisher\":{\"@id\":\"https:\/\/www.suno.com.br\/noticias\/#organization\"},\"potentialAction\":[{\"@type\":\"SearchAction\",\"target\":{\"@type\":\"EntryPoint\",\"urlTemplate\":\"https:\/\/www.suno.com.br\/noticias\/?s={search_term_string}\"},\"query-input\":{\"@type\":\"PropertyValueSpecification\",\"valueRequired\":true,\"valueName\":\"search_term_string\"}}],\"inLanguage\":\"pt-BR\"},{\"@type\":\"Organization\",\"@id\":\"https:\/\/www.suno.com.br\/noticias\/#organization\",\"name\":\"Suno Not\u00edcias\",\"url\":\"https:\/\/www.suno.com.br\/noticias\/\",\"logo\":{\"@type\":\"ImageObject\",\"inLanguage\":\"pt-BR\",\"@id\":\"https:\/\/www.suno.com.br\/noticias\/#\/schema\/logo\/image\/\",\"url\":\"https:\/\/files.sunoresearch.com.br\/n\/uploads\/2021\/09\/suno-logo.png\",\"contentUrl\":\"https:\/\/files.sunoresearch.com.br\/n\/uploads\/2021\/09\/suno-logo.png\",\"width\":180,\"height\":180,\"caption\":\"Suno Not\u00edcias\"},\"image\":{\"@id\":\"https:\/\/www.suno.com.br\/noticias\/#\/schema\/logo\/image\/\"},\"sameAs\":[\"https:\/\/facebook.com\/sunoresearch\",\"https:\/\/x.com\/sunoresearch\",\"https:\/\/www.instagram.com\/suno\",\"https:\/\/www.linkedin.com\/company\/suno-research\/\",\"https:\/\/www.youtube.com\/c\/sunoresearch\"]},{\"@type\":\"Person\",\"@id\":\"https:\/\/www.suno.com.br\/noticias\/#\/schema\/person\/7f4d362bf3518e76090143ae77bb49a5\",\"name\":\"Eduardo Vargas\",\"image\":{\"@type\":\"ImageObject\",\"inLanguage\":\"pt-BR\",\"@id\":\"https:\/\/www.suno.com.br\/noticias\/#\/schema\/person\/image\/\",\"url\":\"https:\/\/secure.gravatar.com\/avatar\/dac340933427a22924c9f99d1eb2e3f2?s=96&r=g\",\"contentUrl\":\"https:\/\/secure.gravatar.com\/avatar\/dac340933427a22924c9f99d1eb2e3f2?s=96&r=g\",\"caption\":\"Eduardo Vargas\"},\"description\":\"Jornalista formado pela UFSC, cobre macroeconomia, neg\u00f3cios e startups para o Suno Not\u00edcias, escrevendo principalmente not\u00edcias sobre o mercado financeiro e a bolsa de valores. No YouTube e no Instagram, \u00e9 respons\u00e1vel pela produ\u00e7\u00e3o de Reels e Shorts do Suno Not\u00edcias. Anteriormente, trabalhou cobrindo economia e cotidiano no ND+ e para o ND, maior jornal impresso de Santa Catarina. Cursou um semestre letivo de Estudos de M\u00eddia na Universidad de Buenos Aires.\",\"url\":\"https:\/\/www.suno.com.br\/noticias\/author\/eduardo-vargas\/\"}]}<\/script>\n<!-- \/ Yoast SEO plugin. -->","yoast_head_json":{"title":"Com falta de profissionais, Bossanova abre curso de analista de startups","description":"Curso de analista de Venture Capital conta com vagas de emprego abertas em fundos parceiros da Bossanova. Clique aqui e confira!","robots":{"index":"index","follow":"follow","max-snippet":"max-snippet:-1","max-image-preview":"max-image-preview:large","max-video-preview":"max-video-preview:-1"},"canonical":"https:\/\/www.suno.com.br\/noticias\/bossanova-curso-analista-venture-capital\/","og_locale":"pt_BR","og_type":"article","og_title":"Com falta de profissionais, Bossanova abre curso de analista de startups","og_description":"Curso de analista de Venture Capital conta com vagas de emprego abertas em fundos parceiros da Bossanova. Clique aqui e confira!","og_url":"https:\/\/www.suno.com.br\/noticias\/bossanova-curso-analista-venture-capital\/","og_site_name":"Suno Not\u00edcias","article_publisher":"https:\/\/facebook.com\/sunoresearch","og_image":[{"width":1200,"height":800,"url":"https:\/\/files.sunoresearch.com.br\/n\/uploads\/2021\/10\/Joao-Kepler_CEO-Bossanova.jpg","type":"image\/jpeg"}],"author":"Eduardo Vargas","twitter_card":"summary_large_image","twitter_creator":"@sunoresearch","twitter_site":"@sunoresearch","twitter_misc":{"Escrito por":"Eduardo Vargas","Est. tempo de leitura":"3 minutos"},"schema":{"@context":"https:\/\/schema.org","@graph":[{"@type":"NewsArticle","@id":"https:\/\/www.suno.com.br\/noticias\/bossanova-curso-analista-venture-capital\/#article","isPartOf":{"@id":"https:\/\/www.suno.com.br\/noticias\/bossanova-curso-analista-venture-capital\/"},"author":{"name":"Eduardo Vargas","@id":"https:\/\/www.suno.com.br\/noticias\/#\/schema\/person\/7f4d362bf3518e76090143ae77bb49a5"},"headline":"Com escassez de analistas, Bossanova abre curso de Venture Capital; veja vagas","datePublished":"2022-07-15T20:11:14+00:00","dateModified":"2022-07-15T20:11:32+00:00","mainEntityOfPage":{"@id":"https:\/\/www.suno.com.br\/noticias\/bossanova-curso-analista-venture-capital\/"},"wordCount":515,"publisher":{"@id":"https:\/\/www.suno.com.br\/noticias\/#organization"},"image":{"@id":"https:\/\/www.suno.com.br\/noticias\/bossanova-curso-analista-venture-capital\/#primaryimage"},"thumbnailUrl":"https:\/\/files.sunoresearch.com.br\/n\/uploads\/2021\/10\/Joao-Kepler_CEO-Bossanova.jpg","keywords":["startups","venture capital"],"articleSection":["Startups"],"inLanguage":"pt-BR"},{"@type":"WebPage","@id":"https:\/\/www.suno.com.br\/noticias\/bossanova-curso-analista-venture-capital\/","url":"https:\/\/www.suno.com.br\/noticias\/bossanova-curso-analista-venture-capital\/","name":"Com falta de profissionais, Bossanova abre curso de analista de startups","isPartOf":{"@id":"https:\/\/www.suno.com.br\/noticias\/#website"},"primaryImageOfPage":{"@id":"https:\/\/www.suno.com.br\/noticias\/bossanova-curso-analista-venture-capital\/#primaryimage"},"image":{"@id":"https:\/\/www.suno.com.br\/noticias\/bossanova-curso-analista-venture-capital\/#primaryimage"},"thumbnailUrl":"https:\/\/files.sunoresearch.com.br\/n\/uploads\/2021\/10\/Joao-Kepler_CEO-Bossanova.jpg","datePublished":"2022-07-15T20:11:14+00:00","dateModified":"2022-07-15T20:11:32+00:00","description":"Curso de analista de Venture Capital conta com vagas de emprego abertas em fundos parceiros da Bossanova. Clique aqui e confira!","breadcrumb":{"@id":"https:\/\/www.suno.com.br\/noticias\/bossanova-curso-analista-venture-capital\/#breadcrumb"},"inLanguage":"pt-BR","potentialAction":[{"@type":"ReadAction","target":["https:\/\/www.suno.com.br\/noticias\/bossanova-curso-analista-venture-capital\/"]}]},{"@type":"ImageObject","inLanguage":"pt-BR","@id":"https:\/\/www.suno.com.br\/noticias\/bossanova-curso-analista-venture-capital\/#primaryimage","url":"https:\/\/files.sunoresearch.com.br\/n\/uploads\/2021\/10\/Joao-Kepler_CEO-Bossanova.jpg","contentUrl":"https:\/\/files.sunoresearch.com.br\/n\/uploads\/2021\/10\/Joao-Kepler_CEO-Bossanova.jpg","width":1200,"height":800,"caption":"Bossanova, Venture Capital de Jo\u00e3o Kepler, v\u00ea poucos analistas capacitados no mercado voltado para startups - Foto: Divulga\u00e7\u00e3o"},{"@type":"BreadcrumbList","@id":"https:\/\/www.suno.com.br\/noticias\/bossanova-curso-analista-venture-capital\/#breadcrumb","itemListElement":[{"@type":"ListItem","position":1,"name":"Not\u00edcias","item":"https:\/\/www.suno.com.br\/noticias\/"},{"@type":"ListItem","position":2,"name":"Startups","item":"https:\/\/www.suno.com.br\/noticias\/startups\/"},{"@type":"ListItem","position":3,"name":"Com escassez de analistas, Bossanova abre curso de Venture Capital; veja vagas"}]},{"@type":"WebSite","@id":"https:\/\/www.suno.com.br\/noticias\/#website","url":"https:\/\/www.suno.com.br\/noticias\/","name":"Suno Not\u00edcias","description":"Seu portal de informa\u00e7\u00e3o sobre o mundo dos investimentos","publisher":{"@id":"https:\/\/www.suno.com.br\/noticias\/#organization"},"potentialAction":[{"@type":"SearchAction","target":{"@type":"EntryPoint","urlTemplate":"https:\/\/www.suno.com.br\/noticias\/?s={search_term_string}"},"query-input":{"@type":"PropertyValueSpecification","valueRequired":true,"valueName":"search_term_string"}}],"inLanguage":"pt-BR"},{"@type":"Organization","@id":"https:\/\/www.suno.com.br\/noticias\/#organization","name":"Suno Not\u00edcias","url":"https:\/\/www.suno.com.br\/noticias\/","logo":{"@type":"ImageObject","inLanguage":"pt-BR","@id":"https:\/\/www.suno.com.br\/noticias\/#\/schema\/logo\/image\/","url":"https:\/\/files.sunoresearch.com.br\/n\/uploads\/2021\/09\/suno-logo.png","contentUrl":"https:\/\/files.sunoresearch.com.br\/n\/uploads\/2021\/09\/suno-logo.png","width":180,"height":180,"caption":"Suno Not\u00edcias"},"image":{"@id":"https:\/\/www.suno.com.br\/noticias\/#\/schema\/logo\/image\/"},"sameAs":["https:\/\/facebook.com\/sunoresearch","https:\/\/x.com\/sunoresearch","https:\/\/www.instagram.com\/suno","https:\/\/www.linkedin.com\/company\/suno-research\/","https:\/\/www.youtube.com\/c\/sunoresearch"]},{"@type":"Person","@id":"https:\/\/www.suno.com.br\/noticias\/#\/schema\/person\/7f4d362bf3518e76090143ae77bb49a5","name":"Eduardo Vargas","image":{"@type":"ImageObject","inLanguage":"pt-BR","@id":"https:\/\/www.suno.com.br\/noticias\/#\/schema\/person\/image\/","url":"https:\/\/secure.gravatar.com\/avatar\/dac340933427a22924c9f99d1eb2e3f2?s=96&r=g","contentUrl":"https:\/\/secure.gravatar.com\/avatar\/dac340933427a22924c9f99d1eb2e3f2?s=96&r=g","caption":"Eduardo Vargas"},"description":"Jornalista formado pela UFSC, cobre macroeconomia, neg\u00f3cios e startups para o Suno Not\u00edcias, escrevendo principalmente not\u00edcias sobre o mercado financeiro e a bolsa de valores. No YouTube e no Instagram, \u00e9 respons\u00e1vel pela produ\u00e7\u00e3o de Reels e Shorts do Suno Not\u00edcias. Anteriormente, trabalhou cobrindo economia e cotidiano no ND+ e para o ND, maior jornal impresso de Santa Catarina. Cursou um semestre letivo de Estudos de M\u00eddia na Universidad de Buenos Aires.","url":"https:\/\/www.suno.com.br\/noticias\/author\/eduardo-vargas\/"}]}},"default_loop_html":"<div class=\"cardsPage__listCard__boxs\"><div class=\"cardsPage__listCard__boxs__img\"><a href=\"https:\/\/www.suno.com.br\/noticias\/bossanova-curso-analista-venture-capital\/\"><img class=\"mask\" src=\"https:\/\/www.suno.com.br\/noticias\/wp-content\/themes\/suno\/resources\/images\/spotlight\/spotlight1img\/bg-mask.png\" alt=\"Image Mask\"\/><img src=\"https:\/\/files.sunoresearch.com.br\/n\/uploads\/2021\/10\/Joao-Kepler_CEO-Bossanova-400x200.jpg\" alt=\"Com escassez de analistas, Bossanova abre curso de Venture Capital; veja vagas\"\/><\/a><span class=\"spotlightCategory\"><a href=\"https:\/\/www.suno.com.br\/noticias\/startups\/\">Startups<\/a><\/span><\/div><div class=\"cardsPage__listCard__boxs__content\"><a href=\"https:\/\/www.suno.com.br\/noticias\/bossanova-curso-analista-venture-capital\/\"><h2 class=\"content__title\">Com escassez de analistas, Bossanova abre curso de Venture Capital; veja vagas<\/h2><\/a><div class=\"newsContent__article__meta\"><div class=\"newsContent__article__meta__authorBox\"><a href=\"https:\/\/www.suno.com.br\/noticias\/author\/eduardo-vargas\/\" class=\"authorBox__avatar noMobi\"><img src=\"https:\/\/secure.gravatar.com\/avatar\/dac340933427a22924c9f99d1eb2e3f2?s=96&#038;r=g\" alt=\"Eduardo Vargas\"><\/a><div class=\"authorBox__name\"><span>por\n\t\t\t<a href=\"https:\/\/www.suno.com.br\/noticias\/author\/eduardo-vargas\/\"><span itemprop=\"author\">Eduardo Vargas<\/span><\/a><\/span><time datetime=\"2022-07-15T17:11:14-03:00\" itemprop=\"datePublished\">15\/07\/2022 17:11<\/time><\/div><\/div><\/div><\/div><\/div>","single_layout":"posts","amp_enabled":true,"_links":{"self":[{"href":"https:\/\/www.suno.com.br\/noticias\/wp-json\/wp\/v2\/posts\/276339"}],"collection":[{"href":"https:\/\/www.suno.com.br\/noticias\/wp-json\/wp\/v2\/posts"}],"about":[{"href":"https:\/\/www.suno.com.br\/noticias\/wp-json\/wp\/v2\/types\/post"}],"author":[{"embeddable":true,"href":"https:\/\/www.suno.com.br\/noticias\/wp-json\/wp\/v2\/users\/73"}],"replies":[{"embeddable":true,"href":"https:\/\/www.suno.com.br\/noticias\/wp-json\/wp\/v2\/comments?post=276339"}],"version-history":[{"count":3,"href":"https:\/\/www.suno.com.br\/noticias\/wp-json\/wp\/v2\/posts\/276339\/revisions"}],"predecessor-version":[{"id":276376,"href":"https:\/\/www.suno.com.br\/noticias\/wp-json\/wp\/v2\/posts\/276339\/revisions\/276376"}],"wp:featuredmedia":[{"embeddable":true,"href":"https:\/\/www.suno.com.br\/noticias\/wp-json\/wp\/v2\/media\/194110"}],"wp:attachment":[{"href":"https:\/\/www.suno.com.br\/noticias\/wp-json\/wp\/v2\/media?parent=276339"}],"wp:term":[{"taxonomy":"category","embeddable":true,"href":"https:\/\/www.suno.com.br\/noticias\/wp-json\/wp\/v2\/categories?post=276339"},{"taxonomy":"post_tag","embeddable":true,"href":"https:\/\/www.suno.com.br\/noticias\/wp-json\/wp\/v2\/tags?post=276339"},{"taxonomy":"suno_strategy","embeddable":true,"href":"https:\/\/www.suno.com.br\/noticias\/wp-json\/wp\/v2\/suno_strategy?post=276339"}],"curies":[{"name":"wp","href":"https:\/\/api.w.org\/{rel}","templated":true}]}}