{"id":275993,"date":"2022-07-14T12:02:21","date_gmt":"2022-07-14T15:02:21","guid":{"rendered":"https:\/\/www.suno.com.br\/noticias\/?p=275993"},"modified":"2022-07-14T12:02:21","modified_gmt":"2022-07-14T15:02:21","slug":"twitter-twtr34-cai-instabilidade","status":"publish","type":"post","link":"https:\/\/www.suno.com.br\/noticias\/twitter-twtr34-cai-instabilidade\/","title":{"rendered":"Twitter (TWTR34) fica 1h fora do ar e sofre com instabilidade global"},"content":{"rendered":"<p>O <strong>Twitter<\/strong> (<a class=\"suno-keyword\" href=\"https:\/\/www.suno.com.br\/bdrs\/twtr34\/\" target=\"_blank\" rel=\"noopener\" data-force=\"yes\" data-priority=\"2\">TWTR34<\/a>) sofreu instabilidade na manh\u00e3 desta quinta-feira (14). A rede social teve uma alta no n\u00famero de reclama\u00e7\u00f5es, segundo o site Downdetector &#8211; que monitora esse tipo de evento &#8211; por volta das 9h.<\/p>\t<div class=\"wrapper-featured-image\">\n\t\t<figure class=\"spotlightImg\">\n\n\t\t\t<picture>\n\t\t\t\t<source media=\"(max-width: 768px)\" srcset=\"https:\/\/files.sunoresearch.com.br\/n\/uploads\/2022\/07\/ttprint-400x200.jpg\">\n\t\t\t\t<img loading=\"lazy\" decoding=\"async\" class=\"newsContent__article__imgCapa lazyloadDisabled \" src=\"https:\/\/files.sunoresearch.com.br\/n\/uploads\/2022\/07\/ttprint-800x450.jpg\" width=\"800\" height=\"450\" alt=\"Twitter (TWTR34) fica 1h fora do ar e sofre com instabilidade global\" fetchpriority=high \/>\n\t\t\t<\/picture>\n\n\t\t\t<figcaption class=\"wp-caption-text wp-caption-text--show\">Instabilidade no Twitter foi reportada por usu\u00e1rios do Brasil, EUA, M\u00e9xico e It\u00e1lia - Foto: Reprodu\u00e7\u00e3o\/Twitter<\/figcaption>\n\t\t<\/figure>\n\t<\/div>\n\n\n\t<p>\n\t\t<a href=\"\" target=\"_blank\" data-element=\"shortcode-suno-banner\" title=\"Banner SUNO, clique e saiba mais\">\n\t\t\t<picture>\n\t\t\t\t<source media=\"(max-width: 500px)\" srcset=\"\">\n\t\t\t\t<img class=\"newsContent__article__imgCapa newsContent__article__imgCapa--banner\"\n\t\t\t\t\tsrc=\"\"\n\t\t\t\t\tdata-promo-id=\"240038\"\t\t\t\t\t\t\t\t\t\t\t\t\t\t\talt=\"\"\n\t\t\t\t>\n\t\t\t<\/picture>\n\t\t<\/a>\n\t<\/p>\n\n\n<p>No pico, foram 54 mil <a href=\"https:\/\/www.suno.com.br\/noticias\/instagram-falha-feed-sumico\/\">reclama\u00e7\u00f5es<\/a> sobre a <strong>instabilidade do Twitter<\/strong>.<\/p>\n<p>O erro exibido na <strong>queda do Twitter<\/strong> mostra uma mensagem de erro com o texto &#8220;Algo deu errado, mas&#8230;&#8230;tudo bem, n\u00e3o foi culpa sua. Vamos tentar novamente&#8221;, similar \u00e0s mensagem de falhas operacionais no site ou quando o usu\u00e1rio tenta acessar a rede social sem conex\u00e3o com a internet.<\/p>\n<p>Segundo as reclama\u00e7\u00f5es de usu\u00e1rios citando que \u00a0o &#8216;<strong>Twitter caiu<\/strong>&#8216;, a <a href=\"https:\/\/www.suno.com.br\/noticias\/instagram-caiu-fora-do-ar-instabilidade-segunda-feira-16-feed-stories-facebook-fbok34\/\">falha ocorreu tanto no aplicativo<\/a> quanto na vers\u00e3o do navegador (desktop).<\/p>\n<p>Al\u00e9m disso, nos Estados Unidos, cerca de 50 mil pessoas relataram instabilidade, tamb\u00e9m segundo dados do Downdetector. Reino Unido, M\u00e9xico e It\u00e1lia tamb\u00e9m tiveram relatos de instabilidade da rede.<\/p>\n\t<p>\n\t\t<a href=\"\" target=\"_blank\" data-element=\"shortcode-suno-banner\" title=\"Banner SUNO, clique e saiba mais\">\n\t\t\t<picture>\n\t\t\t\t<source media=\"(max-width: 500px)\" srcset=\"\">\n\t\t\t\t<img class=\"newsContent__article__imgCapa newsContent__article__imgCapa--banner\"\n\t\t\t\t\tsrc=\"\"\n\t\t\t\t\tdata-promo-id=\"274968\"\t\t\t\t\t\t\t\t\t\t\t\t\t\t\talt=\"\"\n\t\t\t\t>\n\t\t\t<\/picture>\n\t\t<\/a>\n\t<\/p>\n\n\n<p>O retorno da rede social foi reportado pelos usu\u00e1rios ap\u00f3s \u00e0s 10h, ocasionando uma baixa no volume de reclama\u00e7\u00f5es.<\/p>\n<p>Em nota no seu site, o Twitter disse:\u00a0&#8220;N\u00f3s sabemos que o Twitter n\u00e3o est\u00e1 funcionando para algumas pessoas. Estamos trabalhando para que tudo volte ao normal. Obrigado por seguirem conosco&#8221;.<\/p>\n<h2>Veja as informa\u00e7\u00f5es da batalha entre Twitter e Elon Musk<\/h2>\n<p>Ainda nesta ter\u00e7a-feira (12), o Twitter\u00a0abriu um processo judicial contra o bilion\u00e1rio <a href=\"https:\/\/www.suno.com.br\/tudo-sobre\/elon-musk\/\"><strong>Elon Musk<\/strong> <\/a>na corte de Delaware, nos Estados Unidos, alegando que o empres\u00e1rio teria violado o acordo de aquisi\u00e7\u00e3o.<\/p>\n\t<p>\n\t\t<a href=\"https:\/\/lp.suno.com.br\/planilha-controle-gastos\/\" target=\"_blank\" data-element=\"shortcode-suno-banner\" title=\"Banner SUNO, clique e saiba mais\">\n\t\t\t<picture>\n\t\t\t\t<source media=\"(max-width: 500px)\" srcset=\"https:\/\/files.sunoresearch.com.br\/n\/uploads\/2023\/03\/400x300-Planilha-controle-de-gastos.png\">\n\t\t\t\t<img class=\"newsContent__article__imgCapa newsContent__article__imgCapa--banner\"\n\t\t\t\t\tsrc=\"https:\/\/files.sunoresearch.com.br\/n\/uploads\/2023\/03\/1420x240-Planilha-controle-de-gastos.png\"\n\t\t\t\t\tdata-promo-id=\"101751\"\t\t\t\t\t\t\t\t\t\twidth='1420' height='240'\t\t\t\t\talt=\"https:\/\/files.sunoresearch.com.br\/n\/uploads\/2023\/03\/1420x240-Planilha-controle-de-gastos.png\"\n\t\t\t\t>\n\t\t\t<\/picture>\n\t\t<\/a>\n\t<\/p>\n\n\n<p>A <strong>rede social<\/strong> pede agora que Elon Musk cumpra com obriga\u00e7\u00f5es legais ap\u00f3s a desist\u00eancia da compra do Twitter, rede social avaliada em US$ 44 bilh\u00f5es, ou US$ 54,20 por a\u00e7\u00e3o.<\/p>\n<p>O\u00a0presidente do conselho do Twitter, Bret Taylor, comunicou o in\u00edcio da a\u00e7\u00e3o em sua pr\u00f3pria conta.<\/p>\n<p>&#8220;O Twitter entrou com uma a\u00e7\u00e3o legal na Corte de Delaware para que Elon Musk se responsabilize por suas obriga\u00e7\u00f5es legais&#8221;, diz o tweet.<\/p>\n<p>Representando Elon Musk, em carta, o\u00a0escrit\u00f3rio de advocacia Skadden afirmou que o <strong>Twitter<\/strong> \u201cparece ter feito declara\u00e7\u00f5es falsas e enganosas nas quais o Sr. Musk se baseou ao celebrar\u201d o contrato ent\u00e3o negociado. Segundo eles, a empresa que comanda a rede social n\u00e3o cumpriu suas obriga\u00e7\u00f5es contratuais.<\/p>\n\t<p>\n\t\t<a href=\"https:\/\/lp.suno.com.br\/planilha-da-vida-financeira\/\" target=\"_blank\" data-element=\"shortcode-suno-banner\" title=\"Banner SUNO, clique e saiba mais\">\n\t\t\t<picture>\n\t\t\t\t<source media=\"(max-width: 500px)\" srcset=\"https:\/\/files.sunoresearch.com.br\/n\/uploads\/2023\/04\/400x300-Planilha-vida-financeira-true.png\">\n\t\t\t\t<img class=\"newsContent__article__imgCapa newsContent__article__imgCapa--banner\"\n\t\t\t\t\tsrc=\"https:\/\/files.sunoresearch.com.br\/n\/uploads\/2023\/04\/1420x240-Planilha-vida-financeira-true.png\"\n\t\t\t\t\tdata-promo-id=\"106682\"\t\t\t\t\t\t\t\t\t\twidth='1420' height='240'\t\t\t\t\talt=\"https:\/\/files.sunoresearch.com.br\/n\/uploads\/2023\/04\/1420x240-Planilha-vida-financeira-true.png\"\n\t\t\t\t>\n\t\t\t<\/picture>\n\t\t<\/a>\n\t<\/p>\n\n\n","protected":false},"excerpt":{"rendered":"<p>O Twitter (TWTR34) sofreu instabilidade na manh\u00e3 desta quinta-feira (14). A rede social teve uma alta no n\u00famero de reclama\u00e7\u00f5es, segundo o site Downdetector &#8211; que monitora esse tipo de evento &#8211; por volta das 9h. Instabilidade no Twitter foi reportada por usu\u00e1rios do Brasil, EUA, M\u00e9xico e It\u00e1lia &#8211; Foto: Reprodu\u00e7\u00e3o\/Twitter No pico, foram [&hellip;]<\/p>\n","protected":false},"author":73,"featured_media":276011,"comment_status":"closed","ping_status":"closed","sticky":false,"template":"","format":"standard","meta":[],"categories":[63],"tags":[1110],"suno_strategy":[],"class_list":["post-275993","post","type-post","status-publish","format-standard","has-post-thumbnail","hentry","category-internacional","tag-twitter-twtr34"],"yoast_head":"<!-- This site is optimized with the Yoast SEO plugin v24.4 - https:\/\/yoast.com\/wordpress\/plugins\/seo\/ -->\n<title>Twitter (TWTR34) fica 1h fora do ar e sofre com instabilidade global<\/title>\n<meta name=\"description\" content=\"Ap\u00f3s queda por volta das 9h, o Twitter retornou a operacionalidade \u00e0s 10h; volume de reclama\u00e7\u00f5es chegou a 50 mil nos EUA. Confira!\" \/>\n<meta name=\"robots\" content=\"index, follow, max-snippet:-1, max-image-preview:large, max-video-preview:-1\" \/>\n<link rel=\"canonical\" href=\"https:\/\/www.suno.com.br\/noticias\/twitter-twtr34-cai-instabilidade\/\" \/>\n<meta property=\"og:locale\" content=\"pt_BR\" \/>\n<meta property=\"og:type\" content=\"article\" \/>\n<meta property=\"og:title\" content=\"Twitter (TWTR34) fica 1h fora do ar e sofre com instabilidade global\" \/>\n<meta property=\"og:description\" content=\"Ap\u00f3s queda por volta das 9h, o Twitter retornou a operacionalidade \u00e0s 10h; volume de reclama\u00e7\u00f5es chegou a 50 mil nos EUA. Confira!\" \/>\n<meta property=\"og:url\" content=\"https:\/\/www.suno.com.br\/noticias\/twitter-twtr34-cai-instabilidade\/\" \/>\n<meta property=\"og:site_name\" content=\"Suno Not\u00edcias\" \/>\n<meta property=\"article:publisher\" content=\"https:\/\/facebook.com\/sunoresearch\" \/>\n<meta property=\"og:image\" content=\"https:\/\/files.sunoresearch.com.br\/n\/uploads\/2022\/07\/ttprint.jpg\" \/>\n\t<meta property=\"og:image:width\" content=\"1612\" \/>\n\t<meta property=\"og:image:height\" content=\"936\" \/>\n\t<meta property=\"og:image:type\" content=\"image\/jpeg\" \/>\n<meta name=\"author\" content=\"Eduardo Vargas\" \/>\n<meta name=\"twitter:card\" content=\"summary_large_image\" \/>\n<meta name=\"twitter:creator\" content=\"@sunoresearch\" \/>\n<meta name=\"twitter:site\" content=\"@sunoresearch\" \/>\n<meta name=\"twitter:label1\" content=\"Escrito por\" \/>\n\t<meta name=\"twitter:data1\" content=\"Eduardo Vargas\" \/>\n\t<meta name=\"twitter:label2\" content=\"Est. tempo de leitura\" \/>\n\t<meta name=\"twitter:data2\" content=\"3 minutos\" \/>\n<script type=\"application\/ld+json\" class=\"yoast-schema-graph\">{\"@context\":\"https:\/\/schema.org\",\"@graph\":[{\"@type\":\"NewsArticle\",\"@id\":\"https:\/\/www.suno.com.br\/noticias\/twitter-twtr34-cai-instabilidade\/#article\",\"isPartOf\":{\"@id\":\"https:\/\/www.suno.com.br\/noticias\/twitter-twtr34-cai-instabilidade\/\"},\"author\":{\"name\":\"Eduardo Vargas\",\"@id\":\"https:\/\/www.suno.com.br\/noticias\/#\/schema\/person\/7f4d362bf3518e76090143ae77bb49a5\"},\"headline\":\"Twitter (TWTR34) fica 1h fora do ar e sofre com instabilidade global\",\"datePublished\":\"2022-07-14T15:02:21+00:00\",\"mainEntityOfPage\":{\"@id\":\"https:\/\/www.suno.com.br\/noticias\/twitter-twtr34-cai-instabilidade\/\"},\"wordCount\":417,\"publisher\":{\"@id\":\"https:\/\/www.suno.com.br\/noticias\/#organization\"},\"image\":{\"@id\":\"https:\/\/www.suno.com.br\/noticias\/twitter-twtr34-cai-instabilidade\/#primaryimage\"},\"thumbnailUrl\":\"https:\/\/files.sunoresearch.com.br\/n\/uploads\/2022\/07\/ttprint.jpg\",\"keywords\":[\"Twitter (TWTR34)\"],\"articleSection\":[\"Internacional\"],\"inLanguage\":\"pt-BR\"},{\"@type\":\"WebPage\",\"@id\":\"https:\/\/www.suno.com.br\/noticias\/twitter-twtr34-cai-instabilidade\/\",\"url\":\"https:\/\/www.suno.com.br\/noticias\/twitter-twtr34-cai-instabilidade\/\",\"name\":\"Twitter (TWTR34) fica 1h fora do ar e sofre com instabilidade global\",\"isPartOf\":{\"@id\":\"https:\/\/www.suno.com.br\/noticias\/#website\"},\"primaryImageOfPage\":{\"@id\":\"https:\/\/www.suno.com.br\/noticias\/twitter-twtr34-cai-instabilidade\/#primaryimage\"},\"image\":{\"@id\":\"https:\/\/www.suno.com.br\/noticias\/twitter-twtr34-cai-instabilidade\/#primaryimage\"},\"thumbnailUrl\":\"https:\/\/files.sunoresearch.com.br\/n\/uploads\/2022\/07\/ttprint.jpg\",\"datePublished\":\"2022-07-14T15:02:21+00:00\",\"description\":\"Ap\u00f3s queda por volta das 9h, o Twitter retornou a operacionalidade \u00e0s 10h; volume de reclama\u00e7\u00f5es chegou a 50 mil nos EUA. Confira!\",\"breadcrumb\":{\"@id\":\"https:\/\/www.suno.com.br\/noticias\/twitter-twtr34-cai-instabilidade\/#breadcrumb\"},\"inLanguage\":\"pt-BR\",\"potentialAction\":[{\"@type\":\"ReadAction\",\"target\":[\"https:\/\/www.suno.com.br\/noticias\/twitter-twtr34-cai-instabilidade\/\"]}]},{\"@type\":\"ImageObject\",\"inLanguage\":\"pt-BR\",\"@id\":\"https:\/\/www.suno.com.br\/noticias\/twitter-twtr34-cai-instabilidade\/#primaryimage\",\"url\":\"https:\/\/files.sunoresearch.com.br\/n\/uploads\/2022\/07\/ttprint.jpg\",\"contentUrl\":\"https:\/\/files.sunoresearch.com.br\/n\/uploads\/2022\/07\/ttprint.jpg\",\"width\":1612,\"height\":936,\"caption\":\"Instabilidade no Twitter foi reportada por usu\u00e1rios do Brasil, EUA, M\u00e9xico e It\u00e1lia - Foto: Reprodu\u00e7\u00e3o\/Twitter\"},{\"@type\":\"BreadcrumbList\",\"@id\":\"https:\/\/www.suno.com.br\/noticias\/twitter-twtr34-cai-instabilidade\/#breadcrumb\",\"itemListElement\":[{\"@type\":\"ListItem\",\"position\":1,\"name\":\"Not\u00edcias\",\"item\":\"https:\/\/www.suno.com.br\/noticias\/\"},{\"@type\":\"ListItem\",\"position\":2,\"name\":\"Internacional\",\"item\":\"https:\/\/www.suno.com.br\/noticias\/internacional\/\"},{\"@type\":\"ListItem\",\"position\":3,\"name\":\"Twitter (TWTR34) fica 1h fora do ar e sofre com instabilidade global\"}]},{\"@type\":\"WebSite\",\"@id\":\"https:\/\/www.suno.com.br\/noticias\/#website\",\"url\":\"https:\/\/www.suno.com.br\/noticias\/\",\"name\":\"Suno Not\u00edcias\",\"description\":\"Seu portal de informa\u00e7\u00e3o sobre o mundo dos investimentos\",\"publisher\":{\"@id\":\"https:\/\/www.suno.com.br\/noticias\/#organization\"},\"potentialAction\":[{\"@type\":\"SearchAction\",\"target\":{\"@type\":\"EntryPoint\",\"urlTemplate\":\"https:\/\/www.suno.com.br\/noticias\/?s={search_term_string}\"},\"query-input\":{\"@type\":\"PropertyValueSpecification\",\"valueRequired\":true,\"valueName\":\"search_term_string\"}}],\"inLanguage\":\"pt-BR\"},{\"@type\":\"Organization\",\"@id\":\"https:\/\/www.suno.com.br\/noticias\/#organization\",\"name\":\"Suno Not\u00edcias\",\"url\":\"https:\/\/www.suno.com.br\/noticias\/\",\"logo\":{\"@type\":\"ImageObject\",\"inLanguage\":\"pt-BR\",\"@id\":\"https:\/\/www.suno.com.br\/noticias\/#\/schema\/logo\/image\/\",\"url\":\"https:\/\/files.sunoresearch.com.br\/n\/uploads\/2021\/09\/suno-logo.png\",\"contentUrl\":\"https:\/\/files.sunoresearch.com.br\/n\/uploads\/2021\/09\/suno-logo.png\",\"width\":180,\"height\":180,\"caption\":\"Suno Not\u00edcias\"},\"image\":{\"@id\":\"https:\/\/www.suno.com.br\/noticias\/#\/schema\/logo\/image\/\"},\"sameAs\":[\"https:\/\/facebook.com\/sunoresearch\",\"https:\/\/x.com\/sunoresearch\",\"https:\/\/www.instagram.com\/suno\",\"https:\/\/www.linkedin.com\/company\/suno-research\/\",\"https:\/\/www.youtube.com\/c\/sunoresearch\"]},{\"@type\":\"Person\",\"@id\":\"https:\/\/www.suno.com.br\/noticias\/#\/schema\/person\/7f4d362bf3518e76090143ae77bb49a5\",\"name\":\"Eduardo Vargas\",\"image\":{\"@type\":\"ImageObject\",\"inLanguage\":\"pt-BR\",\"@id\":\"https:\/\/www.suno.com.br\/noticias\/#\/schema\/person\/image\/\",\"url\":\"https:\/\/secure.gravatar.com\/avatar\/dac340933427a22924c9f99d1eb2e3f2?s=96&r=g\",\"contentUrl\":\"https:\/\/secure.gravatar.com\/avatar\/dac340933427a22924c9f99d1eb2e3f2?s=96&r=g\",\"caption\":\"Eduardo Vargas\"},\"description\":\"Jornalista formado pela UFSC, cobre macroeconomia, neg\u00f3cios e startups para o Suno Not\u00edcias, escrevendo principalmente not\u00edcias sobre o mercado financeiro e a bolsa de valores. No YouTube e no Instagram, \u00e9 respons\u00e1vel pela produ\u00e7\u00e3o de Reels e Shorts do Suno Not\u00edcias. Anteriormente, trabalhou cobrindo economia e cotidiano no ND+ e para o ND, maior jornal impresso de Santa Catarina. Cursou um semestre letivo de Estudos de M\u00eddia na Universidad de Buenos Aires.\",\"url\":\"https:\/\/www.suno.com.br\/noticias\/author\/eduardo-vargas\/\"}]}<\/script>\n<!-- \/ Yoast SEO plugin. -->","yoast_head_json":{"title":"Twitter (TWTR34) fica 1h fora do ar e sofre com instabilidade global","description":"Ap\u00f3s queda por volta das 9h, o Twitter retornou a operacionalidade \u00e0s 10h; volume de reclama\u00e7\u00f5es chegou a 50 mil nos EUA. Confira!","robots":{"index":"index","follow":"follow","max-snippet":"max-snippet:-1","max-image-preview":"max-image-preview:large","max-video-preview":"max-video-preview:-1"},"canonical":"https:\/\/www.suno.com.br\/noticias\/twitter-twtr34-cai-instabilidade\/","og_locale":"pt_BR","og_type":"article","og_title":"Twitter (TWTR34) fica 1h fora do ar e sofre com instabilidade global","og_description":"Ap\u00f3s queda por volta das 9h, o Twitter retornou a operacionalidade \u00e0s 10h; volume de reclama\u00e7\u00f5es chegou a 50 mil nos EUA. Confira!","og_url":"https:\/\/www.suno.com.br\/noticias\/twitter-twtr34-cai-instabilidade\/","og_site_name":"Suno Not\u00edcias","article_publisher":"https:\/\/facebook.com\/sunoresearch","og_image":[{"width":1612,"height":936,"url":"https:\/\/files.sunoresearch.com.br\/n\/uploads\/2022\/07\/ttprint.jpg","type":"image\/jpeg"}],"author":"Eduardo Vargas","twitter_card":"summary_large_image","twitter_creator":"@sunoresearch","twitter_site":"@sunoresearch","twitter_misc":{"Escrito por":"Eduardo Vargas","Est. tempo de leitura":"3 minutos"},"schema":{"@context":"https:\/\/schema.org","@graph":[{"@type":"NewsArticle","@id":"https:\/\/www.suno.com.br\/noticias\/twitter-twtr34-cai-instabilidade\/#article","isPartOf":{"@id":"https:\/\/www.suno.com.br\/noticias\/twitter-twtr34-cai-instabilidade\/"},"author":{"name":"Eduardo Vargas","@id":"https:\/\/www.suno.com.br\/noticias\/#\/schema\/person\/7f4d362bf3518e76090143ae77bb49a5"},"headline":"Twitter (TWTR34) fica 1h fora do ar e sofre com instabilidade global","datePublished":"2022-07-14T15:02:21+00:00","mainEntityOfPage":{"@id":"https:\/\/www.suno.com.br\/noticias\/twitter-twtr34-cai-instabilidade\/"},"wordCount":417,"publisher":{"@id":"https:\/\/www.suno.com.br\/noticias\/#organization"},"image":{"@id":"https:\/\/www.suno.com.br\/noticias\/twitter-twtr34-cai-instabilidade\/#primaryimage"},"thumbnailUrl":"https:\/\/files.sunoresearch.com.br\/n\/uploads\/2022\/07\/ttprint.jpg","keywords":["Twitter (TWTR34)"],"articleSection":["Internacional"],"inLanguage":"pt-BR"},{"@type":"WebPage","@id":"https:\/\/www.suno.com.br\/noticias\/twitter-twtr34-cai-instabilidade\/","url":"https:\/\/www.suno.com.br\/noticias\/twitter-twtr34-cai-instabilidade\/","name":"Twitter (TWTR34) fica 1h fora do ar e sofre com instabilidade global","isPartOf":{"@id":"https:\/\/www.suno.com.br\/noticias\/#website"},"primaryImageOfPage":{"@id":"https:\/\/www.suno.com.br\/noticias\/twitter-twtr34-cai-instabilidade\/#primaryimage"},"image":{"@id":"https:\/\/www.suno.com.br\/noticias\/twitter-twtr34-cai-instabilidade\/#primaryimage"},"thumbnailUrl":"https:\/\/files.sunoresearch.com.br\/n\/uploads\/2022\/07\/ttprint.jpg","datePublished":"2022-07-14T15:02:21+00:00","description":"Ap\u00f3s queda por volta das 9h, o Twitter retornou a operacionalidade \u00e0s 10h; volume de reclama\u00e7\u00f5es chegou a 50 mil nos EUA. Confira!","breadcrumb":{"@id":"https:\/\/www.suno.com.br\/noticias\/twitter-twtr34-cai-instabilidade\/#breadcrumb"},"inLanguage":"pt-BR","potentialAction":[{"@type":"ReadAction","target":["https:\/\/www.suno.com.br\/noticias\/twitter-twtr34-cai-instabilidade\/"]}]},{"@type":"ImageObject","inLanguage":"pt-BR","@id":"https:\/\/www.suno.com.br\/noticias\/twitter-twtr34-cai-instabilidade\/#primaryimage","url":"https:\/\/files.sunoresearch.com.br\/n\/uploads\/2022\/07\/ttprint.jpg","contentUrl":"https:\/\/files.sunoresearch.com.br\/n\/uploads\/2022\/07\/ttprint.jpg","width":1612,"height":936,"caption":"Instabilidade no Twitter foi reportada por usu\u00e1rios do Brasil, EUA, M\u00e9xico e It\u00e1lia - Foto: Reprodu\u00e7\u00e3o\/Twitter"},{"@type":"BreadcrumbList","@id":"https:\/\/www.suno.com.br\/noticias\/twitter-twtr34-cai-instabilidade\/#breadcrumb","itemListElement":[{"@type":"ListItem","position":1,"name":"Not\u00edcias","item":"https:\/\/www.suno.com.br\/noticias\/"},{"@type":"ListItem","position":2,"name":"Internacional","item":"https:\/\/www.suno.com.br\/noticias\/internacional\/"},{"@type":"ListItem","position":3,"name":"Twitter (TWTR34) fica 1h fora do ar e sofre com instabilidade global"}]},{"@type":"WebSite","@id":"https:\/\/www.suno.com.br\/noticias\/#website","url":"https:\/\/www.suno.com.br\/noticias\/","name":"Suno Not\u00edcias","description":"Seu portal de informa\u00e7\u00e3o sobre o mundo dos investimentos","publisher":{"@id":"https:\/\/www.suno.com.br\/noticias\/#organization"},"potentialAction":[{"@type":"SearchAction","target":{"@type":"EntryPoint","urlTemplate":"https:\/\/www.suno.com.br\/noticias\/?s={search_term_string}"},"query-input":{"@type":"PropertyValueSpecification","valueRequired":true,"valueName":"search_term_string"}}],"inLanguage":"pt-BR"},{"@type":"Organization","@id":"https:\/\/www.suno.com.br\/noticias\/#organization","name":"Suno Not\u00edcias","url":"https:\/\/www.suno.com.br\/noticias\/","logo":{"@type":"ImageObject","inLanguage":"pt-BR","@id":"https:\/\/www.suno.com.br\/noticias\/#\/schema\/logo\/image\/","url":"https:\/\/files.sunoresearch.com.br\/n\/uploads\/2021\/09\/suno-logo.png","contentUrl":"https:\/\/files.sunoresearch.com.br\/n\/uploads\/2021\/09\/suno-logo.png","width":180,"height":180,"caption":"Suno Not\u00edcias"},"image":{"@id":"https:\/\/www.suno.com.br\/noticias\/#\/schema\/logo\/image\/"},"sameAs":["https:\/\/facebook.com\/sunoresearch","https:\/\/x.com\/sunoresearch","https:\/\/www.instagram.com\/suno","https:\/\/www.linkedin.com\/company\/suno-research\/","https:\/\/www.youtube.com\/c\/sunoresearch"]},{"@type":"Person","@id":"https:\/\/www.suno.com.br\/noticias\/#\/schema\/person\/7f4d362bf3518e76090143ae77bb49a5","name":"Eduardo Vargas","image":{"@type":"ImageObject","inLanguage":"pt-BR","@id":"https:\/\/www.suno.com.br\/noticias\/#\/schema\/person\/image\/","url":"https:\/\/secure.gravatar.com\/avatar\/dac340933427a22924c9f99d1eb2e3f2?s=96&r=g","contentUrl":"https:\/\/secure.gravatar.com\/avatar\/dac340933427a22924c9f99d1eb2e3f2?s=96&r=g","caption":"Eduardo Vargas"},"description":"Jornalista formado pela UFSC, cobre macroeconomia, neg\u00f3cios e startups para o Suno Not\u00edcias, escrevendo principalmente not\u00edcias sobre o mercado financeiro e a bolsa de valores. No YouTube e no Instagram, \u00e9 respons\u00e1vel pela produ\u00e7\u00e3o de Reels e Shorts do Suno Not\u00edcias. Anteriormente, trabalhou cobrindo economia e cotidiano no ND+ e para o ND, maior jornal impresso de Santa Catarina. Cursou um semestre letivo de Estudos de M\u00eddia na Universidad de Buenos Aires.","url":"https:\/\/www.suno.com.br\/noticias\/author\/eduardo-vargas\/"}]}},"default_loop_html":"<div class=\"cardsPage__listCard__boxs\"><div class=\"cardsPage__listCard__boxs__img\"><a href=\"https:\/\/www.suno.com.br\/noticias\/twitter-twtr34-cai-instabilidade\/\"><img class=\"mask\" src=\"https:\/\/www.suno.com.br\/noticias\/wp-content\/themes\/suno\/resources\/images\/spotlight\/spotlight1img\/bg-mask.png\" alt=\"Image Mask\"\/><img src=\"https:\/\/files.sunoresearch.com.br\/n\/uploads\/2022\/07\/ttprint-400x200.jpg\" alt=\"Twitter (TWTR34) fica 1h fora do ar e sofre com instabilidade global\"\/><\/a><span class=\"spotlightCategory\"><a href=\"https:\/\/www.suno.com.br\/noticias\/internacional\/\">Internacional<\/a><\/span><\/div><div class=\"cardsPage__listCard__boxs__content\"><a href=\"https:\/\/www.suno.com.br\/noticias\/twitter-twtr34-cai-instabilidade\/\"><h2 class=\"content__title\">Twitter (TWTR34) fica 1h fora do ar e sofre com instabilidade global<\/h2><\/a><div class=\"newsContent__article__meta\"><div class=\"newsContent__article__meta__authorBox\"><a href=\"https:\/\/www.suno.com.br\/noticias\/author\/eduardo-vargas\/\" class=\"authorBox__avatar noMobi\"><img src=\"https:\/\/secure.gravatar.com\/avatar\/dac340933427a22924c9f99d1eb2e3f2?s=96&#038;r=g\" alt=\"Eduardo Vargas\"><\/a><div class=\"authorBox__name\"><span>por\n\t\t\t<a href=\"https:\/\/www.suno.com.br\/noticias\/author\/eduardo-vargas\/\"><span itemprop=\"author\">Eduardo Vargas<\/span><\/a><\/span><time datetime=\"2022-07-14T12:02:21-03:00\" itemprop=\"datePublished\">14\/07\/2022 12:02<\/time><\/div><\/div><\/div><\/div><\/div>","single_layout":"posts","amp_enabled":true,"_links":{"self":[{"href":"https:\/\/www.suno.com.br\/noticias\/wp-json\/wp\/v2\/posts\/275993"}],"collection":[{"href":"https:\/\/www.suno.com.br\/noticias\/wp-json\/wp\/v2\/posts"}],"about":[{"href":"https:\/\/www.suno.com.br\/noticias\/wp-json\/wp\/v2\/types\/post"}],"author":[{"embeddable":true,"href":"https:\/\/www.suno.com.br\/noticias\/wp-json\/wp\/v2\/users\/73"}],"replies":[{"embeddable":true,"href":"https:\/\/www.suno.com.br\/noticias\/wp-json\/wp\/v2\/comments?post=275993"}],"version-history":[{"count":3,"href":"https:\/\/www.suno.com.br\/noticias\/wp-json\/wp\/v2\/posts\/275993\/revisions"}],"predecessor-version":[{"id":276014,"href":"https:\/\/www.suno.com.br\/noticias\/wp-json\/wp\/v2\/posts\/275993\/revisions\/276014"}],"wp:featuredmedia":[{"embeddable":true,"href":"https:\/\/www.suno.com.br\/noticias\/wp-json\/wp\/v2\/media\/276011"}],"wp:attachment":[{"href":"https:\/\/www.suno.com.br\/noticias\/wp-json\/wp\/v2\/media?parent=275993"}],"wp:term":[{"taxonomy":"category","embeddable":true,"href":"https:\/\/www.suno.com.br\/noticias\/wp-json\/wp\/v2\/categories?post=275993"},{"taxonomy":"post_tag","embeddable":true,"href":"https:\/\/www.suno.com.br\/noticias\/wp-json\/wp\/v2\/tags?post=275993"},{"taxonomy":"suno_strategy","embeddable":true,"href":"https:\/\/www.suno.com.br\/noticias\/wp-json\/wp\/v2\/suno_strategy?post=275993"}],"curies":[{"name":"wp","href":"https:\/\/api.w.org\/{rel}","templated":true}]}}