{"id":275946,"date":"2022-07-14T09:43:08","date_gmt":"2022-07-14T12:43:08","guid":{"rendered":"https:\/\/www.suno.com.br\/noticias\/?p=275946"},"modified":"2022-07-14T09:43:08","modified_gmt":"2022-07-14T12:43:08","slug":"exportacao-cafe-cecafe-safra-receita","status":"publish","type":"post","link":"https:\/\/www.suno.com.br\/noticias\/exportacao-cafe-cecafe-safra-receita\/","title":{"rendered":"Exporta\u00e7\u00e3o de caf\u00e9 cai 13% mas receita sobe 74% no ano safra, diz Cecaf\u00e9"},"content":{"rendered":"<p>A receita de exporta\u00e7\u00e3o de <strong>caf\u00e9<\/strong> chegou ao volume recorde de US$ 8,1 bilh\u00f5es no per\u00edodo do ano safra de 2021\/2022, segundo dados do Conselho dos Exportadores de Caf\u00e9 do Brasil (Cecaf\u00e9).<\/p><div class=\"videoFull \">\n\t\t\t<div class=\"videoWrapper yt-lazyload center\"\n\t\t\t\tdata-width=\"960\"\n\t\t\t\tdata-height=\"540\"\n\t\t\t\tdata-id=\"6bP5qVLI8Vw\"\n\t\t\t\tdata-alt=\"V\u00eddeo do YouTube - clique para reproduzir\"\n\t\t\t\tdata-logo=\"3\"\n\t\t\t\tdata-imagequality=\"maxres\">\n\t\t\t<\/div>\n\t\t<\/div><script type=\"application\/ld+json\">{\"@context\":\"https:\/\/schema.org\",\"@type\":\"VideoObject\",\"name\":\"SETOR AGRO: Tudo sobre o Agroneg\u00f3cio\",\"description\":\"\ud83d\udca1 {\ud835\udfd1\ud835\udfd1% \ud835\udc0e\ud835\udc05\ud835\udc05} Invista com intelig\u00eancia e ganhe 1 ano gr\u00e1tis em nossas principais assinaturas! + \ud835\udc0f\ud835\udc11\ud835\udc04\ud835\udc12\ud835\udc04\ud835\udc0d\ud835\udc13\ud835\udc04\ud835\udc12 \ud83c\udf81 \ud835\udc02\ud835\udc1e\ud835\udc25\ud835\udc1e\ud835\udc1b\ud835\udc2b\ud835\udc1e \ud835\udc28 \ud835\udfd3\u00ba \ud835\udc00\ud835\udc27\ud835\udc22\ud835\udc2f\ud835\udc1e\ud835\udc2b\ud835\udc2c\u00e1\ud835\udc2b\ud835\udc22\ud835\udc28 \ud835\udc1d\ud835\udc1a \ud835\udc12\ud835\udc2e\ud835\udc27\ud835\udc28 #SunoAno5 \ud83d\udc49 https:\/\/lp.suno.com.br\/pv\/aniversario-suno\/?utm_source=youtube.suno&utm_medium=video&utm_campaign=RS.ANV22.ns.20220214&utm_content= \ud83d\udcd9 [\ud835\udc1e\ud835\udc01\ud835\udc28\ud835\udc28\ud835\udc24 \ud835\udc06\ud835\udc2b\ud835\udc1a\ud835\udc2d\ud835\udc2e\ud835\udc22\ud835\udc2d\ud835\udc28] \ud835\udc00\ud835\udc27\ud835\udc1a\ud835\udc25\ud835\udc22\ud835\udc2c\ud835\udc1e \ud835\udc2e\ud835\udc26\ud835\udc1a \ud835\udc1a\u00e7\u00e3\ud835\udc28 \ud835\udc1d\ud835\udc1a \ud835\udc1f\ud835\udc28\ud835\udc2b\ud835\udc26\ud835\udc1a \ud835\udc1c\ud835\udc28\ud835\udc2b\ud835\udc2b\ud835\udc1e\ud835\udc2d\ud835\udc1a \u200b\ud83d\udc49 https:\/\/lps.suno.com.br\/ebook-como-analisar-uma-acao?utm_source=youtube.suno&utm_medium=video&utm_campaign=ebookcomoanalisarumaacao.20220202&utm_content= \ud83e\udd11 [\ud835\udc04\ud835\udc1b\ud835\udc28\ud835\udc28\ud835\udc24 \ud835\udc20\ud835\udc2b\ud835\udc1a\ud835\udc2d\ud835\udc2e\ud835\udc22\ud835\udc2d\ud835\udc28] \ud835\udc06\ud835\udc2e\ud835\udc22\ud835\udc1a \ud835\udc02\ud835\udc28\ud835\udc26\ud835\udc29\ud835\udc25\ud835\udc1e\ud835\udc2d\ud835\udc28: \ud835\udc03\ud835\udc22\ud835\udc2f\ud835\udc22\ud835\udc1d\ud835\udc1e\ud835\udc27\ud835\udc1d\ud835\udc28\ud835\udc2c \ud83d\udc49 https:\/\/lp.suno.com.br\/lm\/ebook\/guia-completo-dividendos\/?utm_source=youtube.suno&utm_medium=video&utm_campaign=ebook-guiacompleto:dividendos.20211218&utm_content= SETOR AGRO: Tudo sobre o Agroneg\u00f3cio #ENBR3 #EDP #EnergiasDoBrasil\u2026\",\"duration\":\"PT7M40S\",\"embedUrl\":\"https:\/\/www.youtube.com\/embed\/6bP5qVLI8Vw\",\"regionsAllowed\":\"pt-BR\",\"interactionStatistic\":{\"@type\":\"InteractionCounter\",\"interactionType\":{\"@type\":\"WatchAction\"},\"userInteractionCount\":2594},\"thumbnailUrl\":\"https:\/\/i.ytimg.com\/vi\/6bP5qVLI8Vw\/default.jpg\",\"uploadDate\":\"2022-02-09T16:00:03Z\"}<\/script>\n\n\t<p>\n\t\t<a href=\"\" target=\"_blank\" data-element=\"shortcode-suno-banner\" title=\"Banner SUNO, clique e saiba mais\">\n\t\t\t<picture>\n\t\t\t\t<source media=\"(max-width: 500px)\" srcset=\"\">\n\t\t\t\t<img class=\"newsContent__article__imgCapa newsContent__article__imgCapa--banner\"\n\t\t\t\t\tsrc=\"\"\n\t\t\t\t\tdata-promo-id=\"240038\"\t\t\t\t\t\t\t\t\t\t\t\t\t\t\talt=\"\"\n\t\t\t\t>\n\t\t\t<\/picture>\n\t\t<\/a>\n\t<\/p>\n\n\n<p>Os n\u00fameros foram divulgados nesta quarta-feira (14) pela entidade, e o ano safra contempla o per\u00edodo de julho de 2021 at\u00e9 junho de 2022. Durante o per\u00edodo, problemas com log\u00edstica e quebras de safra acometeram o setor do agroneg\u00f3cio &#8211; e por consequ\u00eancia a <strong>produ\u00e7\u00e3o de caf\u00e9<\/strong>.<\/p>\n<p>Vale lembrar que o volume de produ\u00e7\u00e3o, segundo a Cecaf\u00e9, foi 13,3% menor. A entidade divulgou que o <strong>Ano Safra <\/strong>teve 39,5 milh\u00f5es de sacas.<\/p>\n<p>Contudo, <a href=\"https:\/\/www.suno.com.br\/artigos\/inflacao\/\">a m\u00e9dia da saca vendida subiu 74%, para atuais US$ 233<\/a>. Segundo os produtores, esse cen\u00e1rio n\u00e3o deve mudar muito em breve.<\/p>\n\t<p>\n\t\t<a href=\"https:\/\/lp.suno.com.br\/planilha-controle-gastos\/\" target=\"_blank\" data-element=\"shortcode-suno-banner\" title=\"Banner SUNO, clique e saiba mais\">\n\t\t\t<picture>\n\t\t\t\t<source media=\"(max-width: 500px)\" srcset=\"https:\/\/files.sunoresearch.com.br\/n\/uploads\/2023\/03\/400x300-Planilha-controle-de-gastos.png\">\n\t\t\t\t<img class=\"newsContent__article__imgCapa newsContent__article__imgCapa--banner\"\n\t\t\t\t\tsrc=\"https:\/\/files.sunoresearch.com.br\/n\/uploads\/2023\/03\/1420x240-Planilha-controle-de-gastos.png\"\n\t\t\t\t\tdata-promo-id=\"101751\"\t\t\t\t\t\t\t\t\t\twidth='1420' height='240'\t\t\t\t\talt=\"https:\/\/files.sunoresearch.com.br\/n\/uploads\/2023\/03\/1420x240-Planilha-controle-de-gastos.png\"\n\t\t\t\t>\n\t\t\t<\/picture>\n\t\t<\/a>\n\t<\/p>\n\n\n<p>O presidente da <strong>Cecaf\u00e9<\/strong>, G\u00fcnter H\u00e4usler, afirma que essa descorrela\u00e7\u00e3o entre volume e receita \u00e9 fruto do cen\u00e1rio macroecon\u00f4mico atual.<\/p>\n<p>\u201cJ\u00e1 a receita, que registrou valor hist\u00f3rico, \u00e9 reflexo <a href=\"https:\/\/www.suno.com.br\/artigos\/cambio\/\">da taxa favor\u00e1vel de c\u00e2mbio<\/a>&#8220;, pontua. O executiva destaca que o contexto internacional, no momento, &#8220;permitiu que o Brasil mantivesse sua representatividade no <strong><a href=\"https:\/\/www.suno.com.br\/artigos\/comercio-internacional\/\">com\u00e9rcio global<\/a><\/strong> e aproveitasse os elevados n\u00edveis internacionais dos pre\u00e7os\u201d.<\/p>\n<p>Al\u00e9m disso, comenta o desempenho de junho como &#8220;positivo&#8221;. O m\u00eas, que \u00e9 o \u00faltimo do Ano Safra, teve 3,144 milh\u00f5es de sacas de caf\u00e9 exportadas, alta de 2,1% em rela\u00e7\u00e3o a igual per\u00edodo do ano anterior. <a href=\"https:\/\/www.suno.com.br\/artigos\/o-que-receita-bruta\/\">A receita<\/a>, por sua vez, subiu 69,9% no mesmo comparativo.<\/p>\n\t<p>\n\t\t<a href=\"https:\/\/lp.suno.com.br\/planilha-da-vida-financeira\/\" target=\"_blank\" data-element=\"shortcode-suno-banner\" title=\"Banner SUNO, clique e saiba mais\">\n\t\t\t<picture>\n\t\t\t\t<source media=\"(max-width: 500px)\" srcset=\"https:\/\/files.sunoresearch.com.br\/n\/uploads\/2023\/04\/400x300-Planilha-vida-financeira-true.png\">\n\t\t\t\t<img class=\"newsContent__article__imgCapa newsContent__article__imgCapa--banner\"\n\t\t\t\t\tsrc=\"https:\/\/files.sunoresearch.com.br\/n\/uploads\/2023\/04\/1420x240-Planilha-vida-financeira-true.png\"\n\t\t\t\t\tdata-promo-id=\"106682\"\t\t\t\t\t\t\t\t\t\twidth='1420' height='240'\t\t\t\t\talt=\"https:\/\/files.sunoresearch.com.br\/n\/uploads\/2023\/04\/1420x240-Planilha-vida-financeira-true.png\"\n\t\t\t\t>\n\t\t\t<\/picture>\n\t\t<\/a>\n\t<\/p>\n\n\n<p>Esses dados mostram que o volume que resultou em US$ 733,8 milh\u00f5es faturados na <strong>exporta\u00e7\u00e3o de caf\u00e9<\/strong>.<\/p>\n<p>\u201cEsse desempenho positivo de junho \u00e9 consequ\u00eancia dos esfor\u00e7os das equipes de log\u00edstica dos exportadores e da modesta melhora no transporte mar\u00edtimo global, que, contudo, ainda segue bem aqu\u00e9m da normalidade e com muitos desafios\u201d, analisa H\u00e4usler.<\/p>\n<h2>Quem compra o caf\u00e9?<\/h2>\n<p>No Ano Safra, tr\u00eas na\u00e7\u00f5es tiveram destaque na <strong>importa\u00e7\u00e3o do caf\u00e9 do Brasil<\/strong>:<\/p>\n<ul>\n<li>It\u00e1lia (3,1 milh\u00f5es de sacas importadas)<\/li>\n<li>Espanha (1,09 milh\u00e3o de sacas importadas)<\/li>\n<li>Col\u00f4mbia (1,2 milh\u00e3o de sacas importadas)<\/li>\n<\/ul>\n<p>Vale lembrar que o terceiro pa\u00eds \u00e9 o principal concorrente do Brasil em Caf\u00e9-ar\u00e1bica. Foi reportado um crescimento de 13% nas importa\u00e7\u00f5es de <strong>caf\u00e9<\/strong> da It\u00e1lia, ante 22% da Espanha e 10% da Col\u00f4mbia.<\/p>\n\t<p>\n\t\t<a href=\"https:\/\/lp.suno.com.br\/ebook-como-analisar-uma-acao\/\" target=\"_blank\" data-element=\"shortcode-suno-banner\" title=\"Banner SUNO, clique e saiba mais\">\n\t\t\t<picture>\n\t\t\t\t<source media=\"(max-width: 500px)\" srcset=\"https:\/\/files.sunoresearch.com.br\/n\/uploads\/2023\/03\/Ebook-Acoes-Mobile-1.jpg\">\n\t\t\t\t<img class=\"newsContent__article__imgCapa newsContent__article__imgCapa--banner\"\n\t\t\t\t\tsrc=\"https:\/\/files.sunoresearch.com.br\/n\/uploads\/2023\/03\/Ebook-Acoes-Desktop-1.jpg\"\n\t\t\t\t\tdata-promo-id=\"171998\"\t\t\t\t\t\t\t\t\t\twidth='1420' height='286'\t\t\t\t\talt=\"https:\/\/files.sunoresearch.com.br\/n\/uploads\/2023\/03\/Ebook-Acoes-Desktop-1.jpg\"\n\t\t\t\t>\n\t\t\t<\/picture>\n\t\t<\/a>\n\t<\/p>\n\n\n","protected":false},"excerpt":{"rendered":"<p>A receita de exporta\u00e7\u00e3o de caf\u00e9 chegou ao volume recorde de US$ 8,1 bilh\u00f5es no per\u00edodo do ano safra de 2021\/2022, segundo dados do Conselho dos Exportadores de Caf\u00e9 do Brasil (Cecaf\u00e9). Os n\u00fameros foram divulgados nesta quarta-feira (14) pela entidade, e o ano safra contempla o per\u00edodo de julho de 2021 at\u00e9 junho de [&hellip;]<\/p>\n","protected":false},"author":73,"featured_media":275955,"comment_status":"closed","ping_status":"closed","sticky":false,"template":"","format":"standard","meta":[],"categories":[64],"tags":[1121,1059,105816],"suno_strategy":[],"class_list":["post-275946","post","type-post","status-publish","format-standard","has-post-thumbnail","hentry","category-negocios","tag-agronegocio","tag-cafe","tag-especialistas"],"yoast_head":"<!-- This site is optimized with the Yoast SEO plugin v24.4 - https:\/\/yoast.com\/wordpress\/plugins\/seo\/ -->\n<title>Caf\u00e9 exportado: Volume cai 13% e receita bate recorde de US$ 8 bilh\u00f5es<\/title>\n<meta name=\"description\" content=\"A m\u00e9dia da saca do caf\u00e9 subiu 74%, para US$ 233, ocasionando uma alta na receita mesmo com volume menor de exporta\u00e7\u00e3o. Clique e confira!\" \/>\n<meta name=\"robots\" content=\"index, follow, max-snippet:-1, max-image-preview:large, max-video-preview:-1\" \/>\n<link rel=\"canonical\" href=\"https:\/\/www.suno.com.br\/noticias\/exportacao-cafe-cecafe-safra-receita\/\" \/>\n<meta property=\"og:locale\" content=\"pt_BR\" \/>\n<meta property=\"og:type\" content=\"article\" \/>\n<meta property=\"og:title\" content=\"Caf\u00e9 exportado: Volume cai 13% e receita bate recorde de US$ 8 bilh\u00f5es\" \/>\n<meta property=\"og:description\" content=\"A m\u00e9dia da saca do caf\u00e9 subiu 74%, para US$ 233, ocasionando uma alta na receita mesmo com volume menor de exporta\u00e7\u00e3o. Clique e confira!\" \/>\n<meta property=\"og:url\" content=\"https:\/\/www.suno.com.br\/noticias\/exportacao-cafe-cecafe-safra-receita\/\" \/>\n<meta property=\"og:site_name\" content=\"Suno Not\u00edcias\" \/>\n<meta property=\"article:publisher\" content=\"https:\/\/facebook.com\/sunoresearch\" \/>\n<meta property=\"og:image\" content=\"https:\/\/files.sunoresearch.com.br\/n\/uploads\/2022\/07\/coffee-beans-gde0311726_1920.jpg\" \/>\n\t<meta property=\"og:image:width\" content=\"1920\" \/>\n\t<meta property=\"og:image:height\" content=\"952\" \/>\n\t<meta property=\"og:image:type\" content=\"image\/jpeg\" \/>\n<meta name=\"author\" content=\"Eduardo Vargas\" \/>\n<meta name=\"twitter:card\" content=\"summary_large_image\" \/>\n<meta name=\"twitter:creator\" content=\"@sunoresearch\" \/>\n<meta name=\"twitter:site\" content=\"@sunoresearch\" \/>\n<meta name=\"twitter:label1\" content=\"Escrito por\" \/>\n\t<meta name=\"twitter:data1\" content=\"Eduardo Vargas\" \/>\n\t<meta name=\"twitter:label2\" content=\"Est. tempo de leitura\" \/>\n\t<meta name=\"twitter:data2\" content=\"3 minutos\" \/>\n<script type=\"application\/ld+json\" class=\"yoast-schema-graph\">{\"@context\":\"https:\/\/schema.org\",\"@graph\":[{\"@type\":\"NewsArticle\",\"@id\":\"https:\/\/www.suno.com.br\/noticias\/exportacao-cafe-cecafe-safra-receita\/#article\",\"isPartOf\":{\"@id\":\"https:\/\/www.suno.com.br\/noticias\/exportacao-cafe-cecafe-safra-receita\/\"},\"author\":{\"name\":\"Eduardo Vargas\",\"@id\":\"https:\/\/www.suno.com.br\/noticias\/#\/schema\/person\/7f4d362bf3518e76090143ae77bb49a5\"},\"headline\":\"Exporta\u00e7\u00e3o de caf\u00e9 cai 13% mas receita sobe 74% no ano safra, diz Cecaf\u00e9\",\"datePublished\":\"2022-07-14T12:43:08+00:00\",\"mainEntityOfPage\":{\"@id\":\"https:\/\/www.suno.com.br\/noticias\/exportacao-cafe-cecafe-safra-receita\/\"},\"wordCount\":413,\"publisher\":{\"@id\":\"https:\/\/www.suno.com.br\/noticias\/#organization\"},\"image\":{\"@id\":\"https:\/\/www.suno.com.br\/noticias\/exportacao-cafe-cecafe-safra-receita\/#primaryimage\"},\"thumbnailUrl\":\"https:\/\/files.sunoresearch.com.br\/n\/uploads\/2022\/07\/coffee-beans-gde0311726_1920.jpg\",\"keywords\":[\"Agroneg\u00f3cio\",\"caf\u00e9\",\"Especialistas\"],\"articleSection\":[\"Neg\u00f3cios\"],\"inLanguage\":\"pt-BR\"},{\"@type\":\"WebPage\",\"@id\":\"https:\/\/www.suno.com.br\/noticias\/exportacao-cafe-cecafe-safra-receita\/\",\"url\":\"https:\/\/www.suno.com.br\/noticias\/exportacao-cafe-cecafe-safra-receita\/\",\"name\":\"Caf\u00e9 exportado: Volume cai 13% e receita bate recorde de US$ 8 bilh\u00f5es\",\"isPartOf\":{\"@id\":\"https:\/\/www.suno.com.br\/noticias\/#website\"},\"primaryImageOfPage\":{\"@id\":\"https:\/\/www.suno.com.br\/noticias\/exportacao-cafe-cecafe-safra-receita\/#primaryimage\"},\"image\":{\"@id\":\"https:\/\/www.suno.com.br\/noticias\/exportacao-cafe-cecafe-safra-receita\/#primaryimage\"},\"thumbnailUrl\":\"https:\/\/files.sunoresearch.com.br\/n\/uploads\/2022\/07\/coffee-beans-gde0311726_1920.jpg\",\"datePublished\":\"2022-07-14T12:43:08+00:00\",\"description\":\"A m\u00e9dia da saca do caf\u00e9 subiu 74%, para US$ 233, ocasionando uma alta na receita mesmo com volume menor de exporta\u00e7\u00e3o. Clique e confira!\",\"breadcrumb\":{\"@id\":\"https:\/\/www.suno.com.br\/noticias\/exportacao-cafe-cecafe-safra-receita\/#breadcrumb\"},\"inLanguage\":\"pt-BR\",\"potentialAction\":[{\"@type\":\"ReadAction\",\"target\":[\"https:\/\/www.suno.com.br\/noticias\/exportacao-cafe-cecafe-safra-receita\/\"]}]},{\"@type\":\"ImageObject\",\"inLanguage\":\"pt-BR\",\"@id\":\"https:\/\/www.suno.com.br\/noticias\/exportacao-cafe-cecafe-safra-receita\/#primaryimage\",\"url\":\"https:\/\/files.sunoresearch.com.br\/n\/uploads\/2022\/07\/coffee-beans-gde0311726_1920.jpg\",\"contentUrl\":\"https:\/\/files.sunoresearch.com.br\/n\/uploads\/2022\/07\/coffee-beans-gde0311726_1920.jpg\",\"width\":1920,\"height\":952,\"caption\":\"Entidade aponta escalada do pre\u00e7o m\u00e9dio da saca de caf\u00e9 como motivo para recorde de receita - Foto: Pixabay\"},{\"@type\":\"BreadcrumbList\",\"@id\":\"https:\/\/www.suno.com.br\/noticias\/exportacao-cafe-cecafe-safra-receita\/#breadcrumb\",\"itemListElement\":[{\"@type\":\"ListItem\",\"position\":1,\"name\":\"Not\u00edcias\",\"item\":\"https:\/\/www.suno.com.br\/noticias\/\"},{\"@type\":\"ListItem\",\"position\":2,\"name\":\"Neg\u00f3cios\",\"item\":\"https:\/\/www.suno.com.br\/noticias\/negocios\/\"},{\"@type\":\"ListItem\",\"position\":3,\"name\":\"Exporta\u00e7\u00e3o de caf\u00e9 cai 13% mas receita sobe 74% no ano safra, diz Cecaf\u00e9\"}]},{\"@type\":\"WebSite\",\"@id\":\"https:\/\/www.suno.com.br\/noticias\/#website\",\"url\":\"https:\/\/www.suno.com.br\/noticias\/\",\"name\":\"Suno Not\u00edcias\",\"description\":\"Seu portal de informa\u00e7\u00e3o sobre o mundo dos investimentos\",\"publisher\":{\"@id\":\"https:\/\/www.suno.com.br\/noticias\/#organization\"},\"potentialAction\":[{\"@type\":\"SearchAction\",\"target\":{\"@type\":\"EntryPoint\",\"urlTemplate\":\"https:\/\/www.suno.com.br\/noticias\/?s={search_term_string}\"},\"query-input\":{\"@type\":\"PropertyValueSpecification\",\"valueRequired\":true,\"valueName\":\"search_term_string\"}}],\"inLanguage\":\"pt-BR\"},{\"@type\":\"Organization\",\"@id\":\"https:\/\/www.suno.com.br\/noticias\/#organization\",\"name\":\"Suno Not\u00edcias\",\"url\":\"https:\/\/www.suno.com.br\/noticias\/\",\"logo\":{\"@type\":\"ImageObject\",\"inLanguage\":\"pt-BR\",\"@id\":\"https:\/\/www.suno.com.br\/noticias\/#\/schema\/logo\/image\/\",\"url\":\"https:\/\/files.sunoresearch.com.br\/n\/uploads\/2021\/09\/suno-logo.png\",\"contentUrl\":\"https:\/\/files.sunoresearch.com.br\/n\/uploads\/2021\/09\/suno-logo.png\",\"width\":180,\"height\":180,\"caption\":\"Suno Not\u00edcias\"},\"image\":{\"@id\":\"https:\/\/www.suno.com.br\/noticias\/#\/schema\/logo\/image\/\"},\"sameAs\":[\"https:\/\/facebook.com\/sunoresearch\",\"https:\/\/x.com\/sunoresearch\",\"https:\/\/www.instagram.com\/suno\",\"https:\/\/www.linkedin.com\/company\/suno-research\/\",\"https:\/\/www.youtube.com\/c\/sunoresearch\"]},{\"@type\":\"Person\",\"@id\":\"https:\/\/www.suno.com.br\/noticias\/#\/schema\/person\/7f4d362bf3518e76090143ae77bb49a5\",\"name\":\"Eduardo Vargas\",\"image\":{\"@type\":\"ImageObject\",\"inLanguage\":\"pt-BR\",\"@id\":\"https:\/\/www.suno.com.br\/noticias\/#\/schema\/person\/image\/\",\"url\":\"https:\/\/secure.gravatar.com\/avatar\/dac340933427a22924c9f99d1eb2e3f2?s=96&r=g\",\"contentUrl\":\"https:\/\/secure.gravatar.com\/avatar\/dac340933427a22924c9f99d1eb2e3f2?s=96&r=g\",\"caption\":\"Eduardo Vargas\"},\"description\":\"Jornalista formado pela UFSC, cobre macroeconomia, neg\u00f3cios e startups para o Suno Not\u00edcias, escrevendo principalmente not\u00edcias sobre o mercado financeiro e a bolsa de valores. No YouTube e no Instagram, \u00e9 respons\u00e1vel pela produ\u00e7\u00e3o de Reels e Shorts do Suno Not\u00edcias. Anteriormente, trabalhou cobrindo economia e cotidiano no ND+ e para o ND, maior jornal impresso de Santa Catarina. Cursou um semestre letivo de Estudos de M\u00eddia na Universidad de Buenos Aires.\",\"url\":\"https:\/\/www.suno.com.br\/noticias\/author\/eduardo-vargas\/\"}]}<\/script>\n<!-- \/ Yoast SEO plugin. -->","yoast_head_json":{"title":"Caf\u00e9 exportado: Volume cai 13% e receita bate recorde de US$ 8 bilh\u00f5es","description":"A m\u00e9dia da saca do caf\u00e9 subiu 74%, para US$ 233, ocasionando uma alta na receita mesmo com volume menor de exporta\u00e7\u00e3o. Clique e confira!","robots":{"index":"index","follow":"follow","max-snippet":"max-snippet:-1","max-image-preview":"max-image-preview:large","max-video-preview":"max-video-preview:-1"},"canonical":"https:\/\/www.suno.com.br\/noticias\/exportacao-cafe-cecafe-safra-receita\/","og_locale":"pt_BR","og_type":"article","og_title":"Caf\u00e9 exportado: Volume cai 13% e receita bate recorde de US$ 8 bilh\u00f5es","og_description":"A m\u00e9dia da saca do caf\u00e9 subiu 74%, para US$ 233, ocasionando uma alta na receita mesmo com volume menor de exporta\u00e7\u00e3o. Clique e confira!","og_url":"https:\/\/www.suno.com.br\/noticias\/exportacao-cafe-cecafe-safra-receita\/","og_site_name":"Suno Not\u00edcias","article_publisher":"https:\/\/facebook.com\/sunoresearch","og_image":[{"width":1920,"height":952,"url":"https:\/\/files.sunoresearch.com.br\/n\/uploads\/2022\/07\/coffee-beans-gde0311726_1920.jpg","type":"image\/jpeg"}],"author":"Eduardo Vargas","twitter_card":"summary_large_image","twitter_creator":"@sunoresearch","twitter_site":"@sunoresearch","twitter_misc":{"Escrito por":"Eduardo Vargas","Est. tempo de leitura":"3 minutos"},"schema":{"@context":"https:\/\/schema.org","@graph":[{"@type":"NewsArticle","@id":"https:\/\/www.suno.com.br\/noticias\/exportacao-cafe-cecafe-safra-receita\/#article","isPartOf":{"@id":"https:\/\/www.suno.com.br\/noticias\/exportacao-cafe-cecafe-safra-receita\/"},"author":{"name":"Eduardo Vargas","@id":"https:\/\/www.suno.com.br\/noticias\/#\/schema\/person\/7f4d362bf3518e76090143ae77bb49a5"},"headline":"Exporta\u00e7\u00e3o de caf\u00e9 cai 13% mas receita sobe 74% no ano safra, diz Cecaf\u00e9","datePublished":"2022-07-14T12:43:08+00:00","mainEntityOfPage":{"@id":"https:\/\/www.suno.com.br\/noticias\/exportacao-cafe-cecafe-safra-receita\/"},"wordCount":413,"publisher":{"@id":"https:\/\/www.suno.com.br\/noticias\/#organization"},"image":{"@id":"https:\/\/www.suno.com.br\/noticias\/exportacao-cafe-cecafe-safra-receita\/#primaryimage"},"thumbnailUrl":"https:\/\/files.sunoresearch.com.br\/n\/uploads\/2022\/07\/coffee-beans-gde0311726_1920.jpg","keywords":["Agroneg\u00f3cio","caf\u00e9","Especialistas"],"articleSection":["Neg\u00f3cios"],"inLanguage":"pt-BR"},{"@type":"WebPage","@id":"https:\/\/www.suno.com.br\/noticias\/exportacao-cafe-cecafe-safra-receita\/","url":"https:\/\/www.suno.com.br\/noticias\/exportacao-cafe-cecafe-safra-receita\/","name":"Caf\u00e9 exportado: Volume cai 13% e receita bate recorde de US$ 8 bilh\u00f5es","isPartOf":{"@id":"https:\/\/www.suno.com.br\/noticias\/#website"},"primaryImageOfPage":{"@id":"https:\/\/www.suno.com.br\/noticias\/exportacao-cafe-cecafe-safra-receita\/#primaryimage"},"image":{"@id":"https:\/\/www.suno.com.br\/noticias\/exportacao-cafe-cecafe-safra-receita\/#primaryimage"},"thumbnailUrl":"https:\/\/files.sunoresearch.com.br\/n\/uploads\/2022\/07\/coffee-beans-gde0311726_1920.jpg","datePublished":"2022-07-14T12:43:08+00:00","description":"A m\u00e9dia da saca do caf\u00e9 subiu 74%, para US$ 233, ocasionando uma alta na receita mesmo com volume menor de exporta\u00e7\u00e3o. Clique e confira!","breadcrumb":{"@id":"https:\/\/www.suno.com.br\/noticias\/exportacao-cafe-cecafe-safra-receita\/#breadcrumb"},"inLanguage":"pt-BR","potentialAction":[{"@type":"ReadAction","target":["https:\/\/www.suno.com.br\/noticias\/exportacao-cafe-cecafe-safra-receita\/"]}]},{"@type":"ImageObject","inLanguage":"pt-BR","@id":"https:\/\/www.suno.com.br\/noticias\/exportacao-cafe-cecafe-safra-receita\/#primaryimage","url":"https:\/\/files.sunoresearch.com.br\/n\/uploads\/2022\/07\/coffee-beans-gde0311726_1920.jpg","contentUrl":"https:\/\/files.sunoresearch.com.br\/n\/uploads\/2022\/07\/coffee-beans-gde0311726_1920.jpg","width":1920,"height":952,"caption":"Entidade aponta escalada do pre\u00e7o m\u00e9dio da saca de caf\u00e9 como motivo para recorde de receita - Foto: Pixabay"},{"@type":"BreadcrumbList","@id":"https:\/\/www.suno.com.br\/noticias\/exportacao-cafe-cecafe-safra-receita\/#breadcrumb","itemListElement":[{"@type":"ListItem","position":1,"name":"Not\u00edcias","item":"https:\/\/www.suno.com.br\/noticias\/"},{"@type":"ListItem","position":2,"name":"Neg\u00f3cios","item":"https:\/\/www.suno.com.br\/noticias\/negocios\/"},{"@type":"ListItem","position":3,"name":"Exporta\u00e7\u00e3o de caf\u00e9 cai 13% mas receita sobe 74% no ano safra, diz Cecaf\u00e9"}]},{"@type":"WebSite","@id":"https:\/\/www.suno.com.br\/noticias\/#website","url":"https:\/\/www.suno.com.br\/noticias\/","name":"Suno Not\u00edcias","description":"Seu portal de informa\u00e7\u00e3o sobre o mundo dos investimentos","publisher":{"@id":"https:\/\/www.suno.com.br\/noticias\/#organization"},"potentialAction":[{"@type":"SearchAction","target":{"@type":"EntryPoint","urlTemplate":"https:\/\/www.suno.com.br\/noticias\/?s={search_term_string}"},"query-input":{"@type":"PropertyValueSpecification","valueRequired":true,"valueName":"search_term_string"}}],"inLanguage":"pt-BR"},{"@type":"Organization","@id":"https:\/\/www.suno.com.br\/noticias\/#organization","name":"Suno Not\u00edcias","url":"https:\/\/www.suno.com.br\/noticias\/","logo":{"@type":"ImageObject","inLanguage":"pt-BR","@id":"https:\/\/www.suno.com.br\/noticias\/#\/schema\/logo\/image\/","url":"https:\/\/files.sunoresearch.com.br\/n\/uploads\/2021\/09\/suno-logo.png","contentUrl":"https:\/\/files.sunoresearch.com.br\/n\/uploads\/2021\/09\/suno-logo.png","width":180,"height":180,"caption":"Suno Not\u00edcias"},"image":{"@id":"https:\/\/www.suno.com.br\/noticias\/#\/schema\/logo\/image\/"},"sameAs":["https:\/\/facebook.com\/sunoresearch","https:\/\/x.com\/sunoresearch","https:\/\/www.instagram.com\/suno","https:\/\/www.linkedin.com\/company\/suno-research\/","https:\/\/www.youtube.com\/c\/sunoresearch"]},{"@type":"Person","@id":"https:\/\/www.suno.com.br\/noticias\/#\/schema\/person\/7f4d362bf3518e76090143ae77bb49a5","name":"Eduardo Vargas","image":{"@type":"ImageObject","inLanguage":"pt-BR","@id":"https:\/\/www.suno.com.br\/noticias\/#\/schema\/person\/image\/","url":"https:\/\/secure.gravatar.com\/avatar\/dac340933427a22924c9f99d1eb2e3f2?s=96&r=g","contentUrl":"https:\/\/secure.gravatar.com\/avatar\/dac340933427a22924c9f99d1eb2e3f2?s=96&r=g","caption":"Eduardo Vargas"},"description":"Jornalista formado pela UFSC, cobre macroeconomia, neg\u00f3cios e startups para o Suno Not\u00edcias, escrevendo principalmente not\u00edcias sobre o mercado financeiro e a bolsa de valores. No YouTube e no Instagram, \u00e9 respons\u00e1vel pela produ\u00e7\u00e3o de Reels e Shorts do Suno Not\u00edcias. Anteriormente, trabalhou cobrindo economia e cotidiano no ND+ e para o ND, maior jornal impresso de Santa Catarina. Cursou um semestre letivo de Estudos de M\u00eddia na Universidad de Buenos Aires.","url":"https:\/\/www.suno.com.br\/noticias\/author\/eduardo-vargas\/"}]}},"default_loop_html":"<div class=\"cardsPage__listCard__boxs\"><div class=\"cardsPage__listCard__boxs__img\"><a href=\"https:\/\/www.suno.com.br\/noticias\/exportacao-cafe-cecafe-safra-receita\/\"><img class=\"mask\" src=\"https:\/\/www.suno.com.br\/noticias\/wp-content\/themes\/suno\/resources\/images\/spotlight\/spotlight1img\/bg-mask.png\" alt=\"Image Mask\"\/><img src=\"https:\/\/files.sunoresearch.com.br\/n\/uploads\/2022\/07\/coffee-beans-gde0311726_1920-400x200.jpg\" alt=\"Exporta\u00e7\u00e3o de caf\u00e9 cai 13% mas receita sobe 74% no ano safra, diz Cecaf\u00e9\"\/><\/a><span class=\"spotlightCategory\"><a href=\"https:\/\/www.suno.com.br\/noticias\/negocios\/\">Neg\u00f3cios<\/a><\/span><\/div><div class=\"cardsPage__listCard__boxs__content\"><a href=\"https:\/\/www.suno.com.br\/noticias\/exportacao-cafe-cecafe-safra-receita\/\"><h2 class=\"content__title\">Exporta\u00e7\u00e3o de caf\u00e9 cai 13% mas receita sobe 74% no ano safra, diz Cecaf\u00e9<\/h2><\/a><div class=\"newsContent__article__meta\"><div class=\"newsContent__article__meta__authorBox\"><a href=\"https:\/\/www.suno.com.br\/noticias\/author\/eduardo-vargas\/\" class=\"authorBox__avatar noMobi\"><img src=\"https:\/\/secure.gravatar.com\/avatar\/dac340933427a22924c9f99d1eb2e3f2?s=96&#038;r=g\" alt=\"Eduardo Vargas\"><\/a><div class=\"authorBox__name\"><span>por\n\t\t\t<a href=\"https:\/\/www.suno.com.br\/noticias\/author\/eduardo-vargas\/\"><span itemprop=\"author\">Eduardo Vargas<\/span><\/a><\/span><time datetime=\"2022-07-14T09:43:08-03:00\" itemprop=\"datePublished\">14\/07\/2022 09:43<\/time><\/div><\/div><\/div><\/div><\/div>","single_layout":"posts","amp_enabled":true,"_links":{"self":[{"href":"https:\/\/www.suno.com.br\/noticias\/wp-json\/wp\/v2\/posts\/275946"}],"collection":[{"href":"https:\/\/www.suno.com.br\/noticias\/wp-json\/wp\/v2\/posts"}],"about":[{"href":"https:\/\/www.suno.com.br\/noticias\/wp-json\/wp\/v2\/types\/post"}],"author":[{"embeddable":true,"href":"https:\/\/www.suno.com.br\/noticias\/wp-json\/wp\/v2\/users\/73"}],"replies":[{"embeddable":true,"href":"https:\/\/www.suno.com.br\/noticias\/wp-json\/wp\/v2\/comments?post=275946"}],"version-history":[{"count":3,"href":"https:\/\/www.suno.com.br\/noticias\/wp-json\/wp\/v2\/posts\/275946\/revisions"}],"predecessor-version":[{"id":275961,"href":"https:\/\/www.suno.com.br\/noticias\/wp-json\/wp\/v2\/posts\/275946\/revisions\/275961"}],"wp:featuredmedia":[{"embeddable":true,"href":"https:\/\/www.suno.com.br\/noticias\/wp-json\/wp\/v2\/media\/275955"}],"wp:attachment":[{"href":"https:\/\/www.suno.com.br\/noticias\/wp-json\/wp\/v2\/media?parent=275946"}],"wp:term":[{"taxonomy":"category","embeddable":true,"href":"https:\/\/www.suno.com.br\/noticias\/wp-json\/wp\/v2\/categories?post=275946"},{"taxonomy":"post_tag","embeddable":true,"href":"https:\/\/www.suno.com.br\/noticias\/wp-json\/wp\/v2\/tags?post=275946"},{"taxonomy":"suno_strategy","embeddable":true,"href":"https:\/\/www.suno.com.br\/noticias\/wp-json\/wp\/v2\/suno_strategy?post=275946"}],"curies":[{"name":"wp","href":"https:\/\/api.w.org\/{rel}","templated":true}]}}